{"id":21258,"date":"2026-03-06T12:21:34","date_gmt":"2026-03-06T16:21:34","guid":{"rendered":"https:\/\/www.latitude-15.com\/la-guyana-renforce-sa-capacite-de-fret-aerien-alors-que-les-volumes-ont-presque-double-depuis-2020\/"},"modified":"2026-03-09T03:31:03","modified_gmt":"2026-03-09T07:31:03","slug":"la-guyana-renforce-sa-capacite-de-fret-aerien-alors-que-les-volumes-ont-presque-double-depuis-2020","status":"publish","type":"post","link":"https:\/\/www.latitude-15.com\/fr\/la-guyana-renforce-sa-capacite-de-fret-aerien-alors-que-les-volumes-ont-presque-double-depuis-2020\/","title":{"rendered":"La Guyana renforce sa capacit\u00e9 de fret a\u00e9rien alors que les volumes ont presque doubl\u00e9 depuis 2020"},"content":{"rendered":"\n<p><em>Le nouveau service cargo hebdomadaire d\u2019Avianca vers Miami ajoute 65 tonnes de capacit\u00e9 alors que la Guyana acc\u00e9l\u00e8re sa strat\u00e9gie a\u00e9rienne et logistique.<\/em><\/p>\n\n<h2 class=\"wp-block-heading\">Le fret a\u00e9rien devient une infrastructure strat\u00e9gique dans l\u2019expansion \u00e9conomique de la Guyana<\/h2>\n\n<p>Le fret a\u00e9rien s\u2019impose progressivement comme un \u00e9l\u00e9ment strat\u00e9gique dans la transformation \u00e9conomique de la Guyana. Alors que le pays conna\u00eet une croissance rapide dans plusieurs secteurs, la logistique a\u00e9rienne \u00e9volue d\u2019un simple r\u00f4le de soutien vers un levier essentiel pour le commerce, les exportations et l\u2019int\u00e9gration r\u00e9gionale. <\/p>\n\n<p>Selon une annonce publi\u00e9e par le Ministry of Public Utilities and Aviation, le pays renforce d\u00e9sormais sa capacit\u00e9 internationale de transport de marchandises avec le lancement d\u2019un nouveau service cargo d\u00e9di\u00e9 reliant directement la Guyana \u00e0 Miami. Cette initiative s\u2019inscrit dans une strat\u00e9gie plus large du gouvernement visant \u00e0 aligner les infrastructures a\u00e9ronautiques sur la croissance rapide de l\u2019activit\u00e9 \u00e9conomique nationale. <\/p>\n\n<h2 class=\"wp-block-heading\">Une nouvelle liaison cargo directe entre la Guyana et Miami<\/h2>\n\n<p>Le nouveau service sera op\u00e9r\u00e9 par Avianca et devrait d\u00e9buter le 2 mars 2026. La route reliera la Guyana \u00e0 Miami gr\u00e2ce \u00e0 un vol cargo hebdomadaire utilisant un Airbus A330-243F. <\/p>\n\n<p>Chaque rotation offrira 65 tonnes de capacit\u00e9 de fret d\u00e9di\u00e9e, cr\u00e9ant un corridor logistique direct et fiable entre le march\u00e9 guyanais et l\u2019un des hubs logistiques les plus importants du continent am\u00e9ricain.<\/p>\n\n<p>Selon Deodat Indar, l\u2019introduction de ce service constitue une \u00e9tape importante dans les efforts du pays pour moderniser ses infrastructures a\u00e9riennes et logistiques. Cette capacit\u00e9 suppl\u00e9mentaire vise \u00e0 soutenir \u00e0 la fois les entreprises et les exp\u00e9diteurs individuels, en facilitant le transport des marchandises commerciales, des exportations agricoles et des envois personnels. <\/p>\n\n<h2 class=\"wp-block-heading\">Des volumes de fret qui refl\u00e8tent la transformation \u00e9conomique rapide du pays<\/h2>\n\n<p>Le lancement de cette nouvelle liaison intervient dans un contexte d\u2019expansion significative du secteur a\u00e9rien en Guyana. Les donn\u00e9es gouvernementales indiquent que les volumes de fret international ont presque doubl\u00e9 depuis 2020, illustrant l\u2019ampleur de l\u2019acc\u00e9l\u00e9ration \u00e9conomique du pays et l\u2019importance croissante de la connectivit\u00e9 logistique. <\/p>\n\n<p>Cette augmentation du trafic cargo refl\u00e8te la hausse de la demande provenant de plusieurs secteurs, notamment l\u2019agriculture, le commerce et les cha\u00eenes d\u2019approvisionnement industrielles. \u00c0 mesure que l\u2019\u00e9conomie se d\u00e9veloppe et que la capacit\u00e9 de production augmente, le fret a\u00e9rien devient un \u00e9l\u00e9ment central de l\u2019infrastructure commerciale ext\u00e9rieure de la Guyana. <\/p>\n\n<h2 class=\"wp-block-heading\">Miami renforce son r\u00f4le de porte d\u2019entr\u00e9e commerciale strat\u00e9gique<\/h2>\n\n<p>Le choix de Miami comme destination de ce nouveau service cargo souligne le r\u00f4le de la ville comme hub logistique majeur pour les Am\u00e9riques. L\u2019a\u00e9roport international de Miami fonctionne comme l\u2019un des principaux centres de fret de la r\u00e9gion, reliant l\u2019Am\u00e9rique du Nord, l\u2019Am\u00e9rique latine et les Cara\u00efbes gr\u00e2ce \u00e0 des r\u00e9seaux logistiques \u00e9tendus. <\/p>\n\n<p>Pour les exportateurs guyanais, une connexion directe avec ce hub am\u00e9liore consid\u00e9rablement l\u2019acc\u00e8s aux march\u00e9s internationaux. La nouvelle route permet aux produits fabriqu\u00e9s en Guyana d\u2019atteindre plus rapidement les r\u00e9seaux de distribution mondiaux, renfor\u00e7ant les cha\u00eenes d\u2019approvisionnement et am\u00e9liorant l\u2019efficacit\u00e9 des exportations. <\/p>\n\n<h2 class=\"wp-block-heading\">La connectivit\u00e9 a\u00e9rienne soutient la strat\u00e9gie du \u00ab Food Basket of the Caribbean \u00bb<\/h2>\n\n<p>L\u2019expansion de la capacit\u00e9 de fret a\u00e9rien s\u2019inscrit \u00e9galement dans les ambitions agricoles plus larges du pays. Le gouvernement a \u00e0 plusieurs reprises affirm\u00e9 son objectif de positionner la Guyana comme le \u00ab food basket of the Caribbean \u00bb, en augmentant la production agricole et en renfor\u00e7ant la s\u00e9curit\u00e9 alimentaire r\u00e9gionale. <\/p>\n\n<p>Des infrastructures logistiques a\u00e9riennes fiables jouent un r\u00f4le essentiel dans cette strat\u00e9gie. Les liaisons cargo directes permettent aux producteurs agricoles et aux industriels d\u2019acheminer rapidement leurs produits vers les march\u00e9s internationaux, en particulier pour les marchandises n\u00e9cessitant un transport rapide. Une meilleure connectivit\u00e9 a\u00e9rienne devient ainsi un outil important pour soutenir le d\u00e9veloppement agricole et la comp\u00e9titivit\u00e9 des exportations.  <\/p>\n\n<h3 class=\"wp-block-heading\">L\u2019a\u00e9roport Cheddi Jagan renforce son r\u00f4le logistique<\/h3>\n\n<p>Cette initiative renforce \u00e9galement le positionnement strat\u00e9gique de Cheddi Jagan International Airport, qui s\u2019affirme progressivement comme une plateforme logistique majeure dans le nord de l\u2019Am\u00e9rique du Sud et dans le bassin carib\u00e9en.<\/p>\n\n<p>En attirant des compagnies internationales et en augmentant les capacit\u00e9s de fret, le gouvernement souhaite transformer l\u2019a\u00e9roport en un n\u0153ud central des flux commerciaux et logistiques. Le d\u00e9veloppement de nouvelles routes cargo est consid\u00e9r\u00e9 comme une \u00e9tape cl\u00e9 pour construire un \u00e9cosyst\u00e8me a\u00e9rien plus robuste capable de soutenir le nouveau profil \u00e9conomique du pays. <\/p>\n\n<h2 class=\"wp-block-heading\">Un r\u00e9seau logistique en pleine structuration<\/h2>\n\n<p>Alors que l\u2019\u00e9conomie de la Guyana poursuit son expansion, le fret a\u00e9rien devient un pilier essentiel de sa strat\u00e9gie d\u2019infrastructure. Le lancement du nouveau service cargo d\u2019Avianca illustre comment la connectivit\u00e9 a\u00e9rienne est d\u00e9sormais per\u00e7ue non seulement comme un service de transport, mais comme un levier central du commerce et du d\u00e9veloppement \u00e9conomique. <\/p>\n\n<p>Avec des volumes de fret en hausse et des ambitions d\u2019exportation croissantes, le renforcement des connexions logistiques internationales montre que la Guyana cherche \u00e0 se positionner comme un acteur plus important au sein des cha\u00eenes d\u2019approvisionnement r\u00e9gionales et mondiales.<\/p>\n","protected":false},"excerpt":{"rendered":"<p>Le nouveau service cargo hebdomadaire d\u2019Avianca vers Miami ajoute 65 tonnes de capacit\u00e9 alors que la Guyana acc\u00e9l\u00e8re sa strat\u00e9gie a\u00e9rienne et logistique. Le fret a\u00e9rien devient une infrastructure strat\u00e9gique dans l\u2019expansion \u00e9conomique de la Guyana Le fret a\u00e9rien s\u2019impose progressivement comme un \u00e9l\u00e9ment strat\u00e9gique dans la transformation \u00e9conomique de la Guyana. Alors que le [&hellip;]<\/p>\n","protected":false},"author":5,"featured_media":0,"comment_status":"open","ping_status":"closed","sticky":false,"template":"","format":"standard","meta":{"footnotes":""},"categories":[103,97],"tags":[],"class_list":["post-21258","post","type-post","status-publish","format-standard","hentry","category-aeroports-infrastructures","category-aviation-fr"],"yoast_head":"<!-- This site is optimized with the Yoast SEO plugin v26.9 - https:\/\/yoast.com\/product\/yoast-seo-wordpress\/ -->\n<title>La Guyana renforce sa capacit\u00e9 de fret a\u00e9rien alors que les volumes ont presque doubl\u00e9 depuis 2020 - LATITUDE 15<\/title>\n<meta name=\"robots\" content=\"index, follow, max-snippet:-1, max-image-preview:large, max-video-preview:-1\" \/>\n<link rel=\"canonical\" href=\"https:\/\/www.latitude-15.com\/fr\/la-guyana-renforce-sa-capacite-de-fret-aerien-alors-que-les-volumes-ont-presque-double-depuis-2020\/\" \/>\n<meta property=\"og:locale\" content=\"fr_FR\" \/>\n<meta property=\"og:type\" content=\"article\" \/>\n<meta property=\"og:title\" content=\"La Guyana renforce sa capacit\u00e9 de fret a\u00e9rien alors que les volumes ont presque doubl\u00e9 depuis 2020 - LATITUDE 15\" \/>\n<meta property=\"og:description\" content=\"Le nouveau service cargo hebdomadaire d\u2019Avianca vers Miami ajoute 65 tonnes de capacit\u00e9 alors que la Guyana acc\u00e9l\u00e8re sa strat\u00e9gie a\u00e9rienne et logistique. Le fret a\u00e9rien devient une infrastructure strat\u00e9gique dans l\u2019expansion \u00e9conomique de la Guyana Le fret a\u00e9rien s\u2019impose progressivement comme un \u00e9l\u00e9ment strat\u00e9gique dans la transformation \u00e9conomique de la Guyana. Alors que le [&hellip;]\" \/>\n<meta property=\"og:url\" content=\"https:\/\/www.latitude-15.com\/fr\/la-guyana-renforce-sa-capacite-de-fret-aerien-alors-que-les-volumes-ont-presque-double-depuis-2020\/\" \/>\n<meta property=\"og:site_name\" content=\"LATITUDE 15\" \/>\n<meta property=\"article:published_time\" content=\"2026-03-06T16:21:34+00:00\" \/>\n<meta property=\"article:modified_time\" content=\"2026-03-09T07:31:03+00:00\" \/>\n<meta property=\"og:image\" content=\"https:\/\/www.latitude-15.com\/wp-content\/uploads\/2026\/03\/gallery-nueva-imagen_0002-1.jpg\" \/>\n\t<meta property=\"og:image:width\" content=\"690\" \/>\n\t<meta property=\"og:image:height\" content=\"518\" \/>\n\t<meta property=\"og:image:type\" content=\"image\/jpeg\" \/>\n<meta name=\"author\" content=\"Joda J\" \/>\n<meta name=\"twitter:card\" content=\"summary_large_image\" \/>\n<meta name=\"twitter:label1\" content=\"\u00c9crit par\" \/>\n\t<meta name=\"twitter:data1\" content=\"Joda J\" \/>\n\t<meta name=\"twitter:label2\" content=\"Dur\u00e9e de lecture estim\u00e9e\" \/>\n\t<meta name=\"twitter:data2\" content=\"5 minutes\" \/>\n<script type=\"application\/ld+json\" class=\"yoast-schema-graph\">{\"@context\":\"https:\/\/schema.org\",\"@graph\":[{\"@type\":\"Article\",\"@id\":\"https:\/\/www.latitude-15.com\/fr\/la-guyana-renforce-sa-capacite-de-fret-aerien-alors-que-les-volumes-ont-presque-double-depuis-2020\/#article\",\"isPartOf\":{\"@id\":\"https:\/\/www.latitude-15.com\/fr\/la-guyana-renforce-sa-capacite-de-fret-aerien-alors-que-les-volumes-ont-presque-double-depuis-2020\/\"},\"author\":{\"name\":\"Joda J\",\"@id\":\"https:\/\/www.latitude-15.com\/fr\/#\/schema\/person\/dac52e7ff44c78317f337da112e37252\"},\"headline\":\"La Guyana renforce sa capacit\u00e9 de fret a\u00e9rien alors que les volumes ont presque doubl\u00e9 depuis 2020\",\"datePublished\":\"2026-03-06T16:21:34+00:00\",\"dateModified\":\"2026-03-09T07:31:03+00:00\",\"mainEntityOfPage\":{\"@id\":\"https:\/\/www.latitude-15.com\/fr\/la-guyana-renforce-sa-capacite-de-fret-aerien-alors-que-les-volumes-ont-presque-double-depuis-2020\/\"},\"wordCount\":934,\"commentCount\":0,\"publisher\":{\"@id\":\"https:\/\/www.latitude-15.com\/fr\/#organization\"},\"articleSection\":[\"A\u00e9roports et infrastructures\",\"AVIATION\"],\"inLanguage\":\"fr-FR\",\"potentialAction\":[{\"@type\":\"CommentAction\",\"name\":\"Comment\",\"target\":[\"https:\/\/www.latitude-15.com\/fr\/la-guyana-renforce-sa-capacite-de-fret-aerien-alors-que-les-volumes-ont-presque-double-depuis-2020\/#respond\"]}]},{\"@type\":\"WebPage\",\"@id\":\"https:\/\/www.latitude-15.com\/fr\/la-guyana-renforce-sa-capacite-de-fret-aerien-alors-que-les-volumes-ont-presque-double-depuis-2020\/\",\"url\":\"https:\/\/www.latitude-15.com\/fr\/la-guyana-renforce-sa-capacite-de-fret-aerien-alors-que-les-volumes-ont-presque-double-depuis-2020\/\",\"name\":\"La Guyana renforce sa capacit\u00e9 de fret a\u00e9rien alors que les volumes ont presque doubl\u00e9 depuis 2020 - LATITUDE 15\",\"isPartOf\":{\"@id\":\"https:\/\/www.latitude-15.com\/fr\/#website\"},\"datePublished\":\"2026-03-06T16:21:34+00:00\",\"dateModified\":\"2026-03-09T07:31:03+00:00\",\"breadcrumb\":{\"@id\":\"https:\/\/www.latitude-15.com\/fr\/la-guyana-renforce-sa-capacite-de-fret-aerien-alors-que-les-volumes-ont-presque-double-depuis-2020\/#breadcrumb\"},\"inLanguage\":\"fr-FR\",\"potentialAction\":[{\"@type\":\"ReadAction\",\"target\":[\"https:\/\/www.latitude-15.com\/fr\/la-guyana-renforce-sa-capacite-de-fret-aerien-alors-que-les-volumes-ont-presque-double-depuis-2020\/\"]}]},{\"@type\":\"BreadcrumbList\",\"@id\":\"https:\/\/www.latitude-15.com\/fr\/la-guyana-renforce-sa-capacite-de-fret-aerien-alors-que-les-volumes-ont-presque-double-depuis-2020\/#breadcrumb\",\"itemListElement\":[{\"@type\":\"ListItem\",\"position\":1,\"name\":\"Home\",\"item\":\"https:\/\/www.latitude-15.com\/fr\/accueil\/\"},{\"@type\":\"ListItem\",\"position\":2,\"name\":\"La Guyana renforce sa capacit\u00e9 de fret a\u00e9rien alors que les volumes ont presque doubl\u00e9 depuis 2020\"}]},{\"@type\":\"WebSite\",\"@id\":\"https:\/\/www.latitude-15.com\/fr\/#website\",\"url\":\"https:\/\/www.latitude-15.com\/fr\/\",\"name\":\"LATITUDE 15\",\"description\":\"Aviation and maritime Magazine - Caribbean &amp; Latin America\",\"publisher\":{\"@id\":\"https:\/\/www.latitude-15.com\/fr\/#organization\"},\"potentialAction\":[{\"@type\":\"SearchAction\",\"target\":{\"@type\":\"EntryPoint\",\"urlTemplate\":\"https:\/\/www.latitude-15.com\/fr\/?s={search_term_string}\"},\"query-input\":{\"@type\":\"PropertyValueSpecification\",\"valueRequired\":true,\"valueName\":\"search_term_string\"}}],\"inLanguage\":\"fr-FR\"},{\"@type\":\"Organization\",\"@id\":\"https:\/\/www.latitude-15.com\/fr\/#organization\",\"name\":\"LATITUDE 15\",\"url\":\"https:\/\/www.latitude-15.com\/fr\/\",\"logo\":{\"@type\":\"ImageObject\",\"inLanguage\":\"fr-FR\",\"@id\":\"https:\/\/www.latitude-15.com\/fr\/#\/schema\/logo\/image\/\",\"url\":\"https:\/\/www.latitude-15.com\/wp-content\/uploads\/2026\/01\/cropped-logox500px.png\",\"contentUrl\":\"https:\/\/www.latitude-15.com\/wp-content\/uploads\/2026\/01\/cropped-logox500px.png\",\"width\":62,\"height\":75,\"caption\":\"LATITUDE 15\"},\"image\":{\"@id\":\"https:\/\/www.latitude-15.com\/fr\/#\/schema\/logo\/image\/\"}},{\"@type\":\"Person\",\"@id\":\"https:\/\/www.latitude-15.com\/fr\/#\/schema\/person\/dac52e7ff44c78317f337da112e37252\",\"name\":\"Joda J\",\"image\":{\"@type\":\"ImageObject\",\"inLanguage\":\"fr-FR\",\"@id\":\"https:\/\/www.latitude-15.com\/fr\/#\/schema\/person\/image\/\",\"url\":\"https:\/\/secure.gravatar.com\/avatar\/6b1feae555e15404b76616f92d931d12b25ac58024f14ccb43d9d3c012e4c4cf?s=96&d=mm&r=g\",\"contentUrl\":\"https:\/\/secure.gravatar.com\/avatar\/6b1feae555e15404b76616f92d931d12b25ac58024f14ccb43d9d3c012e4c4cf?s=96&d=mm&r=g\",\"caption\":\"Joda J\"},\"url\":\"https:\/\/www.latitude-15.com\/fr\/author\/joda\/\"}]}<\/script>\n<!-- \/ Yoast SEO plugin. -->","yoast_head_json":{"title":"La Guyana renforce sa capacit\u00e9 de fret a\u00e9rien alors que les volumes ont presque doubl\u00e9 depuis 2020 - LATITUDE 15","robots":{"index":"index","follow":"follow","max-snippet":"max-snippet:-1","max-image-preview":"max-image-preview:large","max-video-preview":"max-video-preview:-1"},"canonical":"https:\/\/www.latitude-15.com\/fr\/la-guyana-renforce-sa-capacite-de-fret-aerien-alors-que-les-volumes-ont-presque-double-depuis-2020\/","og_locale":"fr_FR","og_type":"article","og_title":"La Guyana renforce sa capacit\u00e9 de fret a\u00e9rien alors que les volumes ont presque doubl\u00e9 depuis 2020 - LATITUDE 15","og_description":"Le nouveau service cargo hebdomadaire d\u2019Avianca vers Miami ajoute 65 tonnes de capacit\u00e9 alors que la Guyana acc\u00e9l\u00e8re sa strat\u00e9gie a\u00e9rienne et logistique. Le fret a\u00e9rien devient une infrastructure strat\u00e9gique dans l\u2019expansion \u00e9conomique de la Guyana Le fret a\u00e9rien s\u2019impose progressivement comme un \u00e9l\u00e9ment strat\u00e9gique dans la transformation \u00e9conomique de la Guyana. Alors que le [&hellip;]","og_url":"https:\/\/www.latitude-15.com\/fr\/la-guyana-renforce-sa-capacite-de-fret-aerien-alors-que-les-volumes-ont-presque-double-depuis-2020\/","og_site_name":"LATITUDE 15","article_published_time":"2026-03-06T16:21:34+00:00","article_modified_time":"2026-03-09T07:31:03+00:00","og_image":[{"width":690,"height":518,"url":"https:\/\/www.latitude-15.com\/wp-content\/uploads\/2026\/03\/gallery-nueva-imagen_0002-1.jpg","type":"image\/jpeg"}],"author":"Joda J","twitter_card":"summary_large_image","twitter_misc":{"\u00c9crit par":"Joda J","Dur\u00e9e de lecture estim\u00e9e":"5 minutes"},"schema":{"@context":"https:\/\/schema.org","@graph":[{"@type":"Article","@id":"https:\/\/www.latitude-15.com\/fr\/la-guyana-renforce-sa-capacite-de-fret-aerien-alors-que-les-volumes-ont-presque-double-depuis-2020\/#article","isPartOf":{"@id":"https:\/\/www.latitude-15.com\/fr\/la-guyana-renforce-sa-capacite-de-fret-aerien-alors-que-les-volumes-ont-presque-double-depuis-2020\/"},"author":{"name":"Joda J","@id":"https:\/\/www.latitude-15.com\/fr\/#\/schema\/person\/dac52e7ff44c78317f337da112e37252"},"headline":"La Guyana renforce sa capacit\u00e9 de fret a\u00e9rien alors que les volumes ont presque doubl\u00e9 depuis 2020","datePublished":"2026-03-06T16:21:34+00:00","dateModified":"2026-03-09T07:31:03+00:00","mainEntityOfPage":{"@id":"https:\/\/www.latitude-15.com\/fr\/la-guyana-renforce-sa-capacite-de-fret-aerien-alors-que-les-volumes-ont-presque-double-depuis-2020\/"},"wordCount":934,"commentCount":0,"publisher":{"@id":"https:\/\/www.latitude-15.com\/fr\/#organization"},"articleSection":["A\u00e9roports et infrastructures","AVIATION"],"inLanguage":"fr-FR","potentialAction":[{"@type":"CommentAction","name":"Comment","target":["https:\/\/www.latitude-15.com\/fr\/la-guyana-renforce-sa-capacite-de-fret-aerien-alors-que-les-volumes-ont-presque-double-depuis-2020\/#respond"]}]},{"@type":"WebPage","@id":"https:\/\/www.latitude-15.com\/fr\/la-guyana-renforce-sa-capacite-de-fret-aerien-alors-que-les-volumes-ont-presque-double-depuis-2020\/","url":"https:\/\/www.latitude-15.com\/fr\/la-guyana-renforce-sa-capacite-de-fret-aerien-alors-que-les-volumes-ont-presque-double-depuis-2020\/","name":"La Guyana renforce sa capacit\u00e9 de fret a\u00e9rien alors que les volumes ont presque doubl\u00e9 depuis 2020 - LATITUDE 15","isPartOf":{"@id":"https:\/\/www.latitude-15.com\/fr\/#website"},"datePublished":"2026-03-06T16:21:34+00:00","dateModified":"2026-03-09T07:31:03+00:00","breadcrumb":{"@id":"https:\/\/www.latitude-15.com\/fr\/la-guyana-renforce-sa-capacite-de-fret-aerien-alors-que-les-volumes-ont-presque-double-depuis-2020\/#breadcrumb"},"inLanguage":"fr-FR","potentialAction":[{"@type":"ReadAction","target":["https:\/\/www.latitude-15.com\/fr\/la-guyana-renforce-sa-capacite-de-fret-aerien-alors-que-les-volumes-ont-presque-double-depuis-2020\/"]}]},{"@type":"BreadcrumbList","@id":"https:\/\/www.latitude-15.com\/fr\/la-guyana-renforce-sa-capacite-de-fret-aerien-alors-que-les-volumes-ont-presque-double-depuis-2020\/#breadcrumb","itemListElement":[{"@type":"ListItem","position":1,"name":"Home","item":"https:\/\/www.latitude-15.com\/fr\/accueil\/"},{"@type":"ListItem","position":2,"name":"La Guyana renforce sa capacit\u00e9 de fret a\u00e9rien alors que les volumes ont presque doubl\u00e9 depuis 2020"}]},{"@type":"WebSite","@id":"https:\/\/www.latitude-15.com\/fr\/#website","url":"https:\/\/www.latitude-15.com\/fr\/","name":"LATITUDE 15","description":"Aviation and maritime Magazine - Caribbean &amp; Latin America","publisher":{"@id":"https:\/\/www.latitude-15.com\/fr\/#organization"},"potentialAction":[{"@type":"SearchAction","target":{"@type":"EntryPoint","urlTemplate":"https:\/\/www.latitude-15.com\/fr\/?s={search_term_string}"},"query-input":{"@type":"PropertyValueSpecification","valueRequired":true,"valueName":"search_term_string"}}],"inLanguage":"fr-FR"},{"@type":"Organization","@id":"https:\/\/www.latitude-15.com\/fr\/#organization","name":"LATITUDE 15","url":"https:\/\/www.latitude-15.com\/fr\/","logo":{"@type":"ImageObject","inLanguage":"fr-FR","@id":"https:\/\/www.latitude-15.com\/fr\/#\/schema\/logo\/image\/","url":"https:\/\/www.latitude-15.com\/wp-content\/uploads\/2026\/01\/cropped-logox500px.png","contentUrl":"https:\/\/www.latitude-15.com\/wp-content\/uploads\/2026\/01\/cropped-logox500px.png","width":62,"height":75,"caption":"LATITUDE 15"},"image":{"@id":"https:\/\/www.latitude-15.com\/fr\/#\/schema\/logo\/image\/"}},{"@type":"Person","@id":"https:\/\/www.latitude-15.com\/fr\/#\/schema\/person\/dac52e7ff44c78317f337da112e37252","name":"Joda J","image":{"@type":"ImageObject","inLanguage":"fr-FR","@id":"https:\/\/www.latitude-15.com\/fr\/#\/schema\/person\/image\/","url":"https:\/\/secure.gravatar.com\/avatar\/6b1feae555e15404b76616f92d931d12b25ac58024f14ccb43d9d3c012e4c4cf?s=96&d=mm&r=g","contentUrl":"https:\/\/secure.gravatar.com\/avatar\/6b1feae555e15404b76616f92d931d12b25ac58024f14ccb43d9d3c012e4c4cf?s=96&d=mm&r=g","caption":"Joda J"},"url":"https:\/\/www.latitude-15.com\/fr\/author\/joda\/"}]}},"_links":{"self":[{"href":"https:\/\/www.latitude-15.com\/fr\/wp-json\/wp\/v2\/posts\/21258","targetHints":{"allow":["GET"]}}],"collection":[{"href":"https:\/\/www.latitude-15.com\/fr\/wp-json\/wp\/v2\/posts"}],"about":[{"href":"https:\/\/www.latitude-15.com\/fr\/wp-json\/wp\/v2\/types\/post"}],"author":[{"embeddable":true,"href":"https:\/\/www.latitude-15.com\/fr\/wp-json\/wp\/v2\/users\/5"}],"replies":[{"embeddable":true,"href":"https:\/\/www.latitude-15.com\/fr\/wp-json\/wp\/v2\/comments?post=21258"}],"version-history":[{"count":1,"href":"https:\/\/www.latitude-15.com\/fr\/wp-json\/wp\/v2\/posts\/21258\/revisions"}],"predecessor-version":[{"id":21260,"href":"https:\/\/www.latitude-15.com\/fr\/wp-json\/wp\/v2\/posts\/21258\/revisions\/21260"}],"wp:attachment":[{"href":"https:\/\/www.latitude-15.com\/fr\/wp-json\/wp\/v2\/media?parent=21258"}],"wp:term":[{"taxonomy":"category","embeddable":true,"href":"https:\/\/www.latitude-15.com\/fr\/wp-json\/wp\/v2\/categories?post=21258"},{"taxonomy":"post_tag","embeddable":true,"href":"https:\/\/www.latitude-15.com\/fr\/wp-json\/wp\/v2\/tags?post=21258"}],"curies":[{"name":"wp","href":"https:\/\/api.w.org\/{rel}","templated":true}]}}