{"id":21136,"date":"2026-03-04T12:21:12","date_gmt":"2026-03-04T16:21:12","guid":{"rendered":"https:\/\/www.latitude-15.com\/laeroport-de-cayenne-prepare-sa-prochaine-phase-de-developpement-dans-le-cadre-dun-nouveau-contrat-de-regulation-economique\/"},"modified":"2026-03-04T14:24:34","modified_gmt":"2026-03-04T18:24:34","slug":"laeroport-de-cayenne-prepare-sa-prochaine-phase-de-developpement-dans-le-cadre-dun-nouveau-contrat-de-regulation-economique","status":"publish","type":"post","link":"https:\/\/www.latitude-15.com\/fr\/laeroport-de-cayenne-prepare-sa-prochaine-phase-de-developpement-dans-le-cadre-dun-nouveau-contrat-de-regulation-economique\/","title":{"rendered":"L&rsquo;a\u00e9roport de Cayenne pr\u00e9pare sa prochaine phase de d\u00e9veloppement dans le cadre d&rsquo;un nouveau contrat de r\u00e9gulation \u00e9conomique"},"content":{"rendered":"\n<p>En Guyane fran\u00e7aise, le transport a\u00e9rien n&rsquo;est pas simplement une option de mobilit\u00e9 \u2014 il constitue une composante structurelle de la connectivit\u00e9 territoriale. Situ\u00e9 \u00e0 la limite nord du bassin amazonien et g\u00e9ographiquement isol\u00e9 de la France m\u00e9tropolitaine, le territoire d\u00e9pend fortement de l&rsquo;aviation pour assurer la mobilit\u00e9 des passagers, les \u00e9changes \u00e9conomiques et les liaisons logistiques avec l&rsquo;Europe et les pays voisins d&rsquo;Am\u00e9rique du Sud. Au centre de ce syst\u00e8me se trouve l&rsquo;a\u00e9roport international de Cayenne \u2013 F\u00e9lix \u00c9bou\u00e9, principale porte d&rsquo;entr\u00e9e a\u00e9rienne du territoire.  <\/p>\n\n<p>Alors que le trafic se stabilise progressivement apr\u00e8s le choc de la pand\u00e9mie de COVID-19, l&rsquo;a\u00e9roport entre d\u00e9sormais dans une nouvelle phase de d\u00e9veloppement. La pr\u00e9paration du <strong><em>Contrat de R\u00e9gulation \u00c9conomique<\/em> (CRE) couvrant la p\u00e9riode 2027-2031<\/strong> entre l&rsquo;\u00c9tat fran\u00e7ais et la Soci\u00e9t\u00e9 Concessionnaire de l&rsquo;<em>A\u00e9roport de Cayenne F\u00e9lix \u00c9bou\u00e9<\/em> (SCAC) d\u00e9finit le cadre strat\u00e9gique qui guidera la performance \u00e9conomique de la plateforme, les investissements dans les infrastructures et la qualit\u00e9 de service au cours des cinq prochaines ann\u00e9es.  <\/p>\n\n<p>Au-del\u00e0 de sa nature r\u00e9glementaire, le contrat constitue en r\u00e9alit\u00e9 une feuille de route pour la modernisation de la principale infrastructure a\u00e9rienne du territoire.<\/p>\n\n<h2 class=\"wp-block-heading\">Un nouveau cadre de gouvernance suite \u00e0 la concession a\u00e9roportuaire<\/h2>\n\n<p>La pr\u00e9paration du CRE fait suite \u00e0 la signature d&rsquo;un nouveau contrat de concession entre l&rsquo;\u00c9tat fran\u00e7ais et la SCAC le <strong>23 septembre 2025<\/strong>, la concession entrant en vigueur le <strong>1er octobre 2025<\/strong>. Le contrat de r\u00e9gulation compl\u00e8te cette concession en d\u00e9finissant la trajectoire \u00e9conomique de l&rsquo;a\u00e9roport pour la p\u00e9riode <strong>2027-2031<\/strong>, incluant l&rsquo;\u00e9volution tarifaire, les engagements d&rsquo;investissement, la performance op\u00e9rationnelle et les objectifs environnementaux. <\/p>\n\n<p>Les contrats de r\u00e9gulation \u00e9conomique constituent un instrument de gouvernance standard au sein du syst\u00e8me a\u00e9roportuaire fran\u00e7ais. Ils visent \u00e0 cr\u00e9er un cadre \u00e9quilibr\u00e9 entre les exploitants a\u00e9roportuaires, les compagnies a\u00e9riennes et les autorit\u00e9s publiques en liant l&rsquo;\u00e9volution tarifaire aux investissements dans les infrastructures, \u00e0 l&rsquo;efficacit\u00e9 op\u00e9rationnelle et aux indicateurs de qualit\u00e9 de service. <\/p>\n\n<p>Pour l&rsquo;a\u00e9roport de Cayenne, le contrat introduit \u00e9galement une r\u00e9f\u00e9rence financi\u00e8re \u00e0 travers un <strong>Co\u00fbt Moyen Pond\u00e9r\u00e9 du Capital (CMPC) cible de 6,24 %<\/strong>, refl\u00e9tant le rendement attendu sur le capital investi dans les activit\u00e9s a\u00e9roportuaires r\u00e9gul\u00e9es.<\/p>\n\n<p>Ce m\u00e9canisme vise \u00e0 garantir que la modernisation des infrastructures demeure financi\u00e8rement viable tout en maintenant des redevances a\u00e9roportuaires pr\u00e9visibles pour les compagnies a\u00e9riennes.<\/p>\n\n<h2 class=\"wp-block-heading\">Une reprise du trafic encore marqu\u00e9e par des d\u00e9pendances structurelles<\/h2>\n\n<p>Comme de nombreux a\u00e9roports des Cara\u00efbes et des territoires d&rsquo;outre-mer, la dynamique du trafic de Cayenne a \u00e9t\u00e9 significativement affect\u00e9e par la pand\u00e9mie. Bien que les volumes de passagers se soient progressivement redress\u00e9s depuis 2022, la plateforme n&rsquo;avait pas totalement retrouv\u00e9 ses niveaux d&rsquo;avant-crise en 2024. <\/p>\n\n<p>Le trafic a atteint <strong>89 % de son niveau de 2019 en 2024<\/strong>, s&rsquo;\u00e9levant \u00e0 environ <strong>96 % en 2025<\/strong>. <\/p>\n\n<p>Historiquement, l&rsquo;a\u00e9roport a connu une croissance mod\u00e9r\u00e9e mais stable. Entre <strong>2010 et 2025<\/strong>, le trafic passagers a augment\u00e9 \u00e0 un rythme annuel moyen de <strong>1,8 %<\/strong>, avec une expansion plus forte entre 2010 et 2016 avant de se stabiliser puis de se contracter durant la p\u00e9riode pand\u00e9mique.  <\/p>\n\n<p>La structure du trafic de Cayenne reste fortement concentr\u00e9e autour d&rsquo;un nombre limit\u00e9 de liaisons. Les vols reliant la Guyane fran\u00e7aise \u00e0 la France m\u00e9tropolitaine repr\u00e9sentent la plus grande part des flux de passagers, comptant pour environ <strong>64 % du trafic total<\/strong>. Les connexions avec les Antilles fran\u00e7aises repr\u00e9sentent approximativement <strong>23 %<\/strong>, tandis que les vols int\u00e9rieurs en Guyane fran\u00e7aise comptent pour moins de <strong>10 %<\/strong>, un segment affaibli par l&rsquo;effondrement du transporteur r\u00e9gional Air Guyane.   <\/p>\n\n<p>Les connexions internationales ne repr\u00e9sentent actuellement qu&rsquo;une part marginale du trafic, refl\u00e9tant l&rsquo;orientation historique de l&rsquo;a\u00e9roport vers les liaisons domestiques et m\u00e9tropolitaines.<\/p>\n\n<h2 class=\"wp-block-heading\">Une trajectoire de croissance qui n\u00e9cessite une adaptation des infrastructures<\/h2>\n\n<p>Malgr\u00e9 la reprise post-pand\u00e9mique encore incompl\u00e8te, les projections de trafic sugg\u00e8rent une phase de croissance plus forte dans les ann\u00e9es \u00e0 venir. L&rsquo;exploitant a\u00e9roportuaire pr\u00e9voit un <strong>taux de croissance annuel moyen du trafic de 4,5 % entre 2027 et 2031<\/strong>, ce qui porterait le nombre de passagers \u00e0 environ <strong>710 000 d&rsquo;ici la fin de la d\u00e9cennie<\/strong>.  <\/p>\n\n<p>Cette croissance devrait \u00eatre port\u00e9e non seulement par la demande continue de vols vers la France m\u00e9tropolitaine, mais \u00e9galement par le d\u00e9veloppement progressif des liaisons a\u00e9riennes r\u00e9gionales.<\/p>\n\n<p>De futures liaisons potentielles vers le <strong>Br\u00e9sil, le Suriname et le Guyana<\/strong> pourraient \u00e9largir la connectivit\u00e9 r\u00e9gionale de l&rsquo;a\u00e9roport et r\u00e9duire sa d\u00e9pendance actuelle au trafic m\u00e9tropolitain.<\/p>\n\n<p>Toutefois, l&rsquo;accueil de cette croissance du trafic n\u00e9cessitera des am\u00e9liorations significatives des infrastructures a\u00e9roportuaires, notamment dans le terminal passagers o\u00f9 plusieurs processus op\u00e9rationnels approchent d\u00e9j\u00e0 des limites de capacit\u00e9 durant les heures de pointe.<\/p>\n\n<h2 class=\"wp-block-heading\">Un programme d&rsquo;investissement de 70 millions d&rsquo;euros pour moderniser la plateforme<\/h2>\n\n<p>Pour soutenir cette phase de d\u00e9veloppement, le contrat de r\u00e9gulation inclut un programme d&rsquo;investissement majeur visant \u00e0 am\u00e9liorer \u00e0 la fois les infrastructures op\u00e9rationnelles et les installations passagers.<\/p>\n\n<p>Les engagements d&rsquo;investissement initiaux s&rsquo;\u00e9l\u00e8vent \u00e0 <strong>environ 70,6 millions d&rsquo;euros entre 2027 et 2031<\/strong>, ciblant plusieurs composantes critiques de la plateforme a\u00e9roportuaire. <\/p>\n\n<p>L&rsquo;un des projets centraux porte sur l&rsquo;am\u00e9lioration du terminal passagers. Le programme comprend une reconfiguration du flux de passagers au sein du b\u00e2timent terminal, la cr\u00e9ation de surfaces suppl\u00e9mentaires et la r\u00e9organisation des processus de s\u00e9curit\u00e9 et d&#8217;embarquement. Ces modifications visent \u00e0 rapprocher le terminal des <strong>normes de service \u00ab Optimum \u00bb de l&rsquo;IATA<\/strong>, en traitant les goulets d&rsquo;\u00e9tranglement actuels dans les halls publics, les points de contr\u00f4le de s\u00e9curit\u00e9 et les zones d&#8217;embarquement.   <\/p>\n\n<p>Au-del\u00e0 du terminal lui-m\u00eame, plusieurs am\u00e9liorations des infrastructures c\u00f4t\u00e9 piste sont pr\u00e9vues. Celles-ci incluent la reconstruction des postes de stationnement d&rsquo;a\u00e9ronefs P1 et P2, l&rsquo;\u00e9lectrification des postes de contact et la modernisation de la zone d&rsquo;aviation g\u00e9n\u00e9rale. Des programmes de maintenance des pistes et des voies de circulation sont \u00e9galement pr\u00e9vus pour garantir la fiabilit\u00e9 op\u00e9rationnelle \u00e0 long terme.  <\/p>\n\n<p>Les infrastructures de s\u00e9curit\u00e9 seront \u00e9galement renforc\u00e9es. Le <em>service de sauvetage et de lutte contre l&rsquo;incendie des a\u00e9ronefs<\/em> (SSLIA) fait actuellement face \u00e0 des contraintes op\u00e9rationnelles en raison de limitations d&rsquo;acc\u00e8s \u00e0 travers l&rsquo;a\u00e9rodrome. Une nouvelle voie d&rsquo;acc\u00e8s d\u00e9di\u00e9e \u00e0 la piste sera donc cr\u00e9\u00e9e pour garantir la conformit\u00e9 aux normes europ\u00e9ennes de r\u00e9ponse de s\u00e9curit\u00e9 exigeant une intervention d&rsquo;urgence dans les trois minutes.   <\/p>\n\n<p>Des investissements suppl\u00e9mentaires porteront sur la modernisation des installations techniques, la s\u00e9curit\u00e9 p\u00e9rim\u00e9trique et les syst\u00e8mes \u00e9lectriques de la plateforme.<\/p>\n\n<h2 class=\"wp-block-heading\">Am\u00e9lioration de l&rsquo;exp\u00e9rience passagers et des services a\u00e9roportuaires<\/h2>\n\n<p>Une autre dimension du programme de modernisation concerne l&rsquo;exp\u00e9rience passagers globale.<\/p>\n\n<p>Le r\u00e9am\u00e9nagement du terminal permettra l&rsquo;introduction de zones commerciales \u00e9largies, incluant un nouvel <strong>espace de vente hors taxes de 300 m\u00e8tres carr\u00e9s<\/strong>, ainsi qu&rsquo;une am\u00e9lioration de la circulation des passagers entre le contr\u00f4le de s\u00e9curit\u00e9, l&rsquo;immigration et les zones d&#8217;embarquement. <\/p>\n\n<p>Des installations suppl\u00e9mentaires sont \u00e9galement pr\u00e9vues \u00e0 l&rsquo;ext\u00e9rieur du b\u00e2timent terminal. Une nouvelle structure d\u00e9di\u00e9e aux agences de location de voitures accueillera les onze op\u00e9rateurs actuellement pr\u00e9sents \u00e0 l&rsquo;a\u00e9roport, tandis qu&rsquo;un b\u00e2timent de bureaux distinct abritera les fonctions administratives pr\u00e9c\u00e9demment situ\u00e9es \u00e0 l&rsquo;int\u00e9rieur du terminal. Ces relocalisations visent \u00e0 lib\u00e9rer de l&rsquo;espace au sein du terminal et \u00e0 am\u00e9liorer l&rsquo;efficacit\u00e9 du traitement des passagers.  <\/p>\n\n<p>Ensemble, ces changements visent \u00e0 adapter l&rsquo;a\u00e9roport \u00e0 une augmentation progressive des flux de passagers internationaux et r\u00e9gionaux tout en am\u00e9liorant les normes de qualit\u00e9 de service.<\/p>\n\n<h2 class=\"wp-block-heading\">Une infrastructure strat\u00e9gique pour le d\u00e9veloppement de la Guyane fran\u00e7aise<\/h2>\n\n<p>Au-del\u00e0 des op\u00e9rations a\u00e9riennes, l&rsquo;a\u00e9roport de Cayenne joue un r\u00f4le plus large au sein de l&rsquo;\u00e9cosyst\u00e8me \u00e9conomique de la Guyane fran\u00e7aise. En tant que principale porte d&rsquo;entr\u00e9e a\u00e9rienne du territoire, la plateforme soutient la mobilit\u00e9 des passagers, le tourisme, la logistique et les services gouvernementaux tout en servant \u00e9galement les besoins op\u00e9rationnels du <em>Centre Spatial Guyanais<\/em><strong> (Centre Spatial Guyanais)<\/strong>, l&rsquo;une des installations de lancement spatial les plus importantes d&rsquo;Europe. <\/p>\n\n<p>Le programme de modernisation d\u00e9fini dans le prochain contrat de r\u00e9gulation repr\u00e9sente donc plus qu&rsquo;une simple am\u00e9lioration des infrastructures. Il constitue un effort strat\u00e9gique visant \u00e0 aligner la capacit\u00e9 op\u00e9rationnelle de l&rsquo;a\u00e9roport avec le d\u00e9veloppement \u00e9conomique \u00e0 long terme du territoire. <\/p>\n\n<p>Le transport a\u00e9rien demeurant une composante essentielle de la connectivit\u00e9 dans les r\u00e9gions \u00e9loign\u00e9es et insulaires, la prochaine phase de d\u00e9veloppement de l&rsquo;a\u00e9roport international de Cayenne \u2013 F\u00e9lix \u00c9bou\u00e9 pourrait jouer un r\u00f4le cl\u00e9 dans le renforcement des liens du territoire avec l&rsquo;Europe et ses voisins sud-am\u00e9ricains.<\/p>\n\n<p>\u00c0 travers le cadre du CRE 2027-2031, l&rsquo;a\u00e9roport se positionne pour soutenir ce paysage a\u00e9rien r\u00e9gional en \u00e9volution tout en maintenant son r\u00f4le central dans le syst\u00e8me de transport de la Guyane fran\u00e7aise.<\/p>\n","protected":false},"excerpt":{"rendered":"<p>En Guyane fran\u00e7aise, le transport a\u00e9rien n&rsquo;est pas simplement une option de mobilit\u00e9 \u2014 il constitue une composante structurelle de la connectivit\u00e9 territoriale. Situ\u00e9 \u00e0 la limite nord du bassin amazonien et g\u00e9ographiquement isol\u00e9 de la France m\u00e9tropolitaine, le territoire d\u00e9pend fortement de l&rsquo;aviation pour assurer la mobilit\u00e9 des passagers, les \u00e9changes \u00e9conomiques et les [&hellip;]<\/p>\n","protected":false},"author":5,"featured_media":0,"comment_status":"open","ping_status":"closed","sticky":false,"template":"","format":"standard","meta":{"footnotes":""},"categories":[103,97],"tags":[],"class_list":["post-21136","post","type-post","status-publish","format-standard","hentry","category-aeroports-infrastructures","category-aviation-fr"],"yoast_head":"<!-- This site is optimized with the Yoast SEO plugin v26.9 - https:\/\/yoast.com\/product\/yoast-seo-wordpress\/ -->\n<title>L&#039;a\u00e9roport de Cayenne pr\u00e9pare sa prochaine phase de d\u00e9veloppement dans le cadre d&#039;un nouveau contrat de r\u00e9gulation \u00e9conomique - LATITUDE 15<\/title>\n<meta name=\"robots\" content=\"index, follow, max-snippet:-1, max-image-preview:large, max-video-preview:-1\" \/>\n<link rel=\"canonical\" href=\"https:\/\/www.latitude-15.com\/fr\/laeroport-de-cayenne-prepare-sa-prochaine-phase-de-developpement-dans-le-cadre-dun-nouveau-contrat-de-regulation-economique\/\" \/>\n<meta property=\"og:locale\" content=\"fr_FR\" \/>\n<meta property=\"og:type\" content=\"article\" \/>\n<meta property=\"og:title\" content=\"L&#039;a\u00e9roport de Cayenne pr\u00e9pare sa prochaine phase de d\u00e9veloppement dans le cadre d&#039;un nouveau contrat de r\u00e9gulation \u00e9conomique - LATITUDE 15\" \/>\n<meta property=\"og:description\" content=\"En Guyane fran\u00e7aise, le transport a\u00e9rien n&rsquo;est pas simplement une option de mobilit\u00e9 \u2014 il constitue une composante structurelle de la connectivit\u00e9 territoriale. Situ\u00e9 \u00e0 la limite nord du bassin amazonien et g\u00e9ographiquement isol\u00e9 de la France m\u00e9tropolitaine, le territoire d\u00e9pend fortement de l&rsquo;aviation pour assurer la mobilit\u00e9 des passagers, les \u00e9changes \u00e9conomiques et les [&hellip;]\" \/>\n<meta property=\"og:url\" content=\"https:\/\/www.latitude-15.com\/fr\/laeroport-de-cayenne-prepare-sa-prochaine-phase-de-developpement-dans-le-cadre-dun-nouveau-contrat-de-regulation-economique\/\" \/>\n<meta property=\"og:site_name\" content=\"LATITUDE 15\" \/>\n<meta property=\"article:published_time\" content=\"2026-03-04T16:21:12+00:00\" \/>\n<meta property=\"article:modified_time\" content=\"2026-03-04T18:24:34+00:00\" \/>\n<meta property=\"og:image\" content=\"https:\/\/www.latitude-15.com\/wp-content\/uploads\/2026\/03\/Cayenne_-_Rochambeau_CAY_-_SOCA_AN1559311.jpg\" \/>\n\t<meta property=\"og:image:width\" content=\"1182\" \/>\n\t<meta property=\"og:image:height\" content=\"799\" \/>\n\t<meta property=\"og:image:type\" content=\"image\/jpeg\" \/>\n<meta name=\"author\" content=\"Joda J\" \/>\n<meta name=\"twitter:card\" content=\"summary_large_image\" \/>\n<meta name=\"twitter:label1\" content=\"\u00c9crit par\" \/>\n\t<meta name=\"twitter:data1\" content=\"Joda J\" \/>\n\t<meta name=\"twitter:label2\" content=\"Dur\u00e9e de lecture estim\u00e9e\" \/>\n\t<meta name=\"twitter:data2\" content=\"8 minutes\" \/>\n<script type=\"application\/ld+json\" class=\"yoast-schema-graph\">{\"@context\":\"https:\/\/schema.org\",\"@graph\":[{\"@type\":\"Article\",\"@id\":\"https:\/\/www.latitude-15.com\/fr\/laeroport-de-cayenne-prepare-sa-prochaine-phase-de-developpement-dans-le-cadre-dun-nouveau-contrat-de-regulation-economique\/#article\",\"isPartOf\":{\"@id\":\"https:\/\/www.latitude-15.com\/fr\/laeroport-de-cayenne-prepare-sa-prochaine-phase-de-developpement-dans-le-cadre-dun-nouveau-contrat-de-regulation-economique\/\"},\"author\":{\"name\":\"Joda J\",\"@id\":\"https:\/\/www.latitude-15.com\/fr\/#\/schema\/person\/dac52e7ff44c78317f337da112e37252\"},\"headline\":\"L&rsquo;a\u00e9roport de Cayenne pr\u00e9pare sa prochaine phase de d\u00e9veloppement dans le cadre d&rsquo;un nouveau contrat de r\u00e9gulation \u00e9conomique\",\"datePublished\":\"2026-03-04T16:21:12+00:00\",\"dateModified\":\"2026-03-04T18:24:34+00:00\",\"mainEntityOfPage\":{\"@id\":\"https:\/\/www.latitude-15.com\/fr\/laeroport-de-cayenne-prepare-sa-prochaine-phase-de-developpement-dans-le-cadre-dun-nouveau-contrat-de-regulation-economique\/\"},\"wordCount\":1624,\"commentCount\":0,\"publisher\":{\"@id\":\"https:\/\/www.latitude-15.com\/fr\/#organization\"},\"articleSection\":[\"A\u00e9roports et infrastructures\",\"AVIATION\"],\"inLanguage\":\"fr-FR\",\"potentialAction\":[{\"@type\":\"CommentAction\",\"name\":\"Comment\",\"target\":[\"https:\/\/www.latitude-15.com\/fr\/laeroport-de-cayenne-prepare-sa-prochaine-phase-de-developpement-dans-le-cadre-dun-nouveau-contrat-de-regulation-economique\/#respond\"]}]},{\"@type\":\"WebPage\",\"@id\":\"https:\/\/www.latitude-15.com\/fr\/laeroport-de-cayenne-prepare-sa-prochaine-phase-de-developpement-dans-le-cadre-dun-nouveau-contrat-de-regulation-economique\/\",\"url\":\"https:\/\/www.latitude-15.com\/fr\/laeroport-de-cayenne-prepare-sa-prochaine-phase-de-developpement-dans-le-cadre-dun-nouveau-contrat-de-regulation-economique\/\",\"name\":\"L'a\u00e9roport de Cayenne pr\u00e9pare sa prochaine phase de d\u00e9veloppement dans le cadre d'un nouveau contrat de r\u00e9gulation \u00e9conomique - LATITUDE 15\",\"isPartOf\":{\"@id\":\"https:\/\/www.latitude-15.com\/fr\/#website\"},\"datePublished\":\"2026-03-04T16:21:12+00:00\",\"dateModified\":\"2026-03-04T18:24:34+00:00\",\"breadcrumb\":{\"@id\":\"https:\/\/www.latitude-15.com\/fr\/laeroport-de-cayenne-prepare-sa-prochaine-phase-de-developpement-dans-le-cadre-dun-nouveau-contrat-de-regulation-economique\/#breadcrumb\"},\"inLanguage\":\"fr-FR\",\"potentialAction\":[{\"@type\":\"ReadAction\",\"target\":[\"https:\/\/www.latitude-15.com\/fr\/laeroport-de-cayenne-prepare-sa-prochaine-phase-de-developpement-dans-le-cadre-dun-nouveau-contrat-de-regulation-economique\/\"]}]},{\"@type\":\"BreadcrumbList\",\"@id\":\"https:\/\/www.latitude-15.com\/fr\/laeroport-de-cayenne-prepare-sa-prochaine-phase-de-developpement-dans-le-cadre-dun-nouveau-contrat-de-regulation-economique\/#breadcrumb\",\"itemListElement\":[{\"@type\":\"ListItem\",\"position\":1,\"name\":\"Home\",\"item\":\"https:\/\/www.latitude-15.com\/fr\/accueil\/\"},{\"@type\":\"ListItem\",\"position\":2,\"name\":\"L&rsquo;a\u00e9roport de Cayenne pr\u00e9pare sa prochaine phase de d\u00e9veloppement dans le cadre d&rsquo;un nouveau contrat de r\u00e9gulation \u00e9conomique\"}]},{\"@type\":\"WebSite\",\"@id\":\"https:\/\/www.latitude-15.com\/fr\/#website\",\"url\":\"https:\/\/www.latitude-15.com\/fr\/\",\"name\":\"LATITUDE 15\",\"description\":\"Aviation and maritime Magazine - Caribbean &amp; Latin America\",\"publisher\":{\"@id\":\"https:\/\/www.latitude-15.com\/fr\/#organization\"},\"potentialAction\":[{\"@type\":\"SearchAction\",\"target\":{\"@type\":\"EntryPoint\",\"urlTemplate\":\"https:\/\/www.latitude-15.com\/fr\/?s={search_term_string}\"},\"query-input\":{\"@type\":\"PropertyValueSpecification\",\"valueRequired\":true,\"valueName\":\"search_term_string\"}}],\"inLanguage\":\"fr-FR\"},{\"@type\":\"Organization\",\"@id\":\"https:\/\/www.latitude-15.com\/fr\/#organization\",\"name\":\"LATITUDE 15\",\"url\":\"https:\/\/www.latitude-15.com\/fr\/\",\"logo\":{\"@type\":\"ImageObject\",\"inLanguage\":\"fr-FR\",\"@id\":\"https:\/\/www.latitude-15.com\/fr\/#\/schema\/logo\/image\/\",\"url\":\"https:\/\/www.latitude-15.com\/wp-content\/uploads\/2026\/01\/cropped-logox500px.png\",\"contentUrl\":\"https:\/\/www.latitude-15.com\/wp-content\/uploads\/2026\/01\/cropped-logox500px.png\",\"width\":62,\"height\":75,\"caption\":\"LATITUDE 15\"},\"image\":{\"@id\":\"https:\/\/www.latitude-15.com\/fr\/#\/schema\/logo\/image\/\"}},{\"@type\":\"Person\",\"@id\":\"https:\/\/www.latitude-15.com\/fr\/#\/schema\/person\/dac52e7ff44c78317f337da112e37252\",\"name\":\"Joda J\",\"image\":{\"@type\":\"ImageObject\",\"inLanguage\":\"fr-FR\",\"@id\":\"https:\/\/www.latitude-15.com\/fr\/#\/schema\/person\/image\/\",\"url\":\"https:\/\/secure.gravatar.com\/avatar\/6b1feae555e15404b76616f92d931d12b25ac58024f14ccb43d9d3c012e4c4cf?s=96&d=mm&r=g\",\"contentUrl\":\"https:\/\/secure.gravatar.com\/avatar\/6b1feae555e15404b76616f92d931d12b25ac58024f14ccb43d9d3c012e4c4cf?s=96&d=mm&r=g\",\"caption\":\"Joda J\"},\"url\":\"https:\/\/www.latitude-15.com\/fr\/author\/joda\/\"}]}<\/script>\n<!-- \/ Yoast SEO plugin. -->","yoast_head_json":{"title":"L'a\u00e9roport de Cayenne pr\u00e9pare sa prochaine phase de d\u00e9veloppement dans le cadre d'un nouveau contrat de r\u00e9gulation \u00e9conomique - LATITUDE 15","robots":{"index":"index","follow":"follow","max-snippet":"max-snippet:-1","max-image-preview":"max-image-preview:large","max-video-preview":"max-video-preview:-1"},"canonical":"https:\/\/www.latitude-15.com\/fr\/laeroport-de-cayenne-prepare-sa-prochaine-phase-de-developpement-dans-le-cadre-dun-nouveau-contrat-de-regulation-economique\/","og_locale":"fr_FR","og_type":"article","og_title":"L'a\u00e9roport de Cayenne pr\u00e9pare sa prochaine phase de d\u00e9veloppement dans le cadre d'un nouveau contrat de r\u00e9gulation \u00e9conomique - LATITUDE 15","og_description":"En Guyane fran\u00e7aise, le transport a\u00e9rien n&rsquo;est pas simplement une option de mobilit\u00e9 \u2014 il constitue une composante structurelle de la connectivit\u00e9 territoriale. Situ\u00e9 \u00e0 la limite nord du bassin amazonien et g\u00e9ographiquement isol\u00e9 de la France m\u00e9tropolitaine, le territoire d\u00e9pend fortement de l&rsquo;aviation pour assurer la mobilit\u00e9 des passagers, les \u00e9changes \u00e9conomiques et les [&hellip;]","og_url":"https:\/\/www.latitude-15.com\/fr\/laeroport-de-cayenne-prepare-sa-prochaine-phase-de-developpement-dans-le-cadre-dun-nouveau-contrat-de-regulation-economique\/","og_site_name":"LATITUDE 15","article_published_time":"2026-03-04T16:21:12+00:00","article_modified_time":"2026-03-04T18:24:34+00:00","og_image":[{"width":1182,"height":799,"url":"https:\/\/www.latitude-15.com\/wp-content\/uploads\/2026\/03\/Cayenne_-_Rochambeau_CAY_-_SOCA_AN1559311.jpg","type":"image\/jpeg"}],"author":"Joda J","twitter_card":"summary_large_image","twitter_misc":{"\u00c9crit par":"Joda J","Dur\u00e9e de lecture estim\u00e9e":"8 minutes"},"schema":{"@context":"https:\/\/schema.org","@graph":[{"@type":"Article","@id":"https:\/\/www.latitude-15.com\/fr\/laeroport-de-cayenne-prepare-sa-prochaine-phase-de-developpement-dans-le-cadre-dun-nouveau-contrat-de-regulation-economique\/#article","isPartOf":{"@id":"https:\/\/www.latitude-15.com\/fr\/laeroport-de-cayenne-prepare-sa-prochaine-phase-de-developpement-dans-le-cadre-dun-nouveau-contrat-de-regulation-economique\/"},"author":{"name":"Joda J","@id":"https:\/\/www.latitude-15.com\/fr\/#\/schema\/person\/dac52e7ff44c78317f337da112e37252"},"headline":"L&rsquo;a\u00e9roport de Cayenne pr\u00e9pare sa prochaine phase de d\u00e9veloppement dans le cadre d&rsquo;un nouveau contrat de r\u00e9gulation \u00e9conomique","datePublished":"2026-03-04T16:21:12+00:00","dateModified":"2026-03-04T18:24:34+00:00","mainEntityOfPage":{"@id":"https:\/\/www.latitude-15.com\/fr\/laeroport-de-cayenne-prepare-sa-prochaine-phase-de-developpement-dans-le-cadre-dun-nouveau-contrat-de-regulation-economique\/"},"wordCount":1624,"commentCount":0,"publisher":{"@id":"https:\/\/www.latitude-15.com\/fr\/#organization"},"articleSection":["A\u00e9roports et infrastructures","AVIATION"],"inLanguage":"fr-FR","potentialAction":[{"@type":"CommentAction","name":"Comment","target":["https:\/\/www.latitude-15.com\/fr\/laeroport-de-cayenne-prepare-sa-prochaine-phase-de-developpement-dans-le-cadre-dun-nouveau-contrat-de-regulation-economique\/#respond"]}]},{"@type":"WebPage","@id":"https:\/\/www.latitude-15.com\/fr\/laeroport-de-cayenne-prepare-sa-prochaine-phase-de-developpement-dans-le-cadre-dun-nouveau-contrat-de-regulation-economique\/","url":"https:\/\/www.latitude-15.com\/fr\/laeroport-de-cayenne-prepare-sa-prochaine-phase-de-developpement-dans-le-cadre-dun-nouveau-contrat-de-regulation-economique\/","name":"L'a\u00e9roport de Cayenne pr\u00e9pare sa prochaine phase de d\u00e9veloppement dans le cadre d'un nouveau contrat de r\u00e9gulation \u00e9conomique - LATITUDE 15","isPartOf":{"@id":"https:\/\/www.latitude-15.com\/fr\/#website"},"datePublished":"2026-03-04T16:21:12+00:00","dateModified":"2026-03-04T18:24:34+00:00","breadcrumb":{"@id":"https:\/\/www.latitude-15.com\/fr\/laeroport-de-cayenne-prepare-sa-prochaine-phase-de-developpement-dans-le-cadre-dun-nouveau-contrat-de-regulation-economique\/#breadcrumb"},"inLanguage":"fr-FR","potentialAction":[{"@type":"ReadAction","target":["https:\/\/www.latitude-15.com\/fr\/laeroport-de-cayenne-prepare-sa-prochaine-phase-de-developpement-dans-le-cadre-dun-nouveau-contrat-de-regulation-economique\/"]}]},{"@type":"BreadcrumbList","@id":"https:\/\/www.latitude-15.com\/fr\/laeroport-de-cayenne-prepare-sa-prochaine-phase-de-developpement-dans-le-cadre-dun-nouveau-contrat-de-regulation-economique\/#breadcrumb","itemListElement":[{"@type":"ListItem","position":1,"name":"Home","item":"https:\/\/www.latitude-15.com\/fr\/accueil\/"},{"@type":"ListItem","position":2,"name":"L&rsquo;a\u00e9roport de Cayenne pr\u00e9pare sa prochaine phase de d\u00e9veloppement dans le cadre d&rsquo;un nouveau contrat de r\u00e9gulation \u00e9conomique"}]},{"@type":"WebSite","@id":"https:\/\/www.latitude-15.com\/fr\/#website","url":"https:\/\/www.latitude-15.com\/fr\/","name":"LATITUDE 15","description":"Aviation and maritime Magazine - Caribbean &amp; Latin America","publisher":{"@id":"https:\/\/www.latitude-15.com\/fr\/#organization"},"potentialAction":[{"@type":"SearchAction","target":{"@type":"EntryPoint","urlTemplate":"https:\/\/www.latitude-15.com\/fr\/?s={search_term_string}"},"query-input":{"@type":"PropertyValueSpecification","valueRequired":true,"valueName":"search_term_string"}}],"inLanguage":"fr-FR"},{"@type":"Organization","@id":"https:\/\/www.latitude-15.com\/fr\/#organization","name":"LATITUDE 15","url":"https:\/\/www.latitude-15.com\/fr\/","logo":{"@type":"ImageObject","inLanguage":"fr-FR","@id":"https:\/\/www.latitude-15.com\/fr\/#\/schema\/logo\/image\/","url":"https:\/\/www.latitude-15.com\/wp-content\/uploads\/2026\/01\/cropped-logox500px.png","contentUrl":"https:\/\/www.latitude-15.com\/wp-content\/uploads\/2026\/01\/cropped-logox500px.png","width":62,"height":75,"caption":"LATITUDE 15"},"image":{"@id":"https:\/\/www.latitude-15.com\/fr\/#\/schema\/logo\/image\/"}},{"@type":"Person","@id":"https:\/\/www.latitude-15.com\/fr\/#\/schema\/person\/dac52e7ff44c78317f337da112e37252","name":"Joda J","image":{"@type":"ImageObject","inLanguage":"fr-FR","@id":"https:\/\/www.latitude-15.com\/fr\/#\/schema\/person\/image\/","url":"https:\/\/secure.gravatar.com\/avatar\/6b1feae555e15404b76616f92d931d12b25ac58024f14ccb43d9d3c012e4c4cf?s=96&d=mm&r=g","contentUrl":"https:\/\/secure.gravatar.com\/avatar\/6b1feae555e15404b76616f92d931d12b25ac58024f14ccb43d9d3c012e4c4cf?s=96&d=mm&r=g","caption":"Joda J"},"url":"https:\/\/www.latitude-15.com\/fr\/author\/joda\/"}]}},"_links":{"self":[{"href":"https:\/\/www.latitude-15.com\/fr\/wp-json\/wp\/v2\/posts\/21136","targetHints":{"allow":["GET"]}}],"collection":[{"href":"https:\/\/www.latitude-15.com\/fr\/wp-json\/wp\/v2\/posts"}],"about":[{"href":"https:\/\/www.latitude-15.com\/fr\/wp-json\/wp\/v2\/types\/post"}],"author":[{"embeddable":true,"href":"https:\/\/www.latitude-15.com\/fr\/wp-json\/wp\/v2\/users\/5"}],"replies":[{"embeddable":true,"href":"https:\/\/www.latitude-15.com\/fr\/wp-json\/wp\/v2\/comments?post=21136"}],"version-history":[{"count":1,"href":"https:\/\/www.latitude-15.com\/fr\/wp-json\/wp\/v2\/posts\/21136\/revisions"}],"predecessor-version":[{"id":21137,"href":"https:\/\/www.latitude-15.com\/fr\/wp-json\/wp\/v2\/posts\/21136\/revisions\/21137"}],"wp:attachment":[{"href":"https:\/\/www.latitude-15.com\/fr\/wp-json\/wp\/v2\/media?parent=21136"}],"wp:term":[{"taxonomy":"category","embeddable":true,"href":"https:\/\/www.latitude-15.com\/fr\/wp-json\/wp\/v2\/categories?post=21136"},{"taxonomy":"post_tag","embeddable":true,"href":"https:\/\/www.latitude-15.com\/fr\/wp-json\/wp\/v2\/tags?post=21136"}],"curies":[{"name":"wp","href":"https:\/\/api.w.org\/{rel}","templated":true}]}}