{"id":21116,"date":"2026-03-04T09:47:34","date_gmt":"2026-03-04T13:47:34","guid":{"rendered":"https:\/\/www.latitude-15.com\/les-ports-caribeens-entrent-dans-lere-de-ladaptation-climatique\/"},"modified":"2026-03-04T10:58:03","modified_gmt":"2026-03-04T14:58:03","slug":"les-ports-caribeens-entrent-dans-lere-de-ladaptation-climatique","status":"publish","type":"post","link":"https:\/\/www.latitude-15.com\/fr\/les-ports-caribeens-entrent-dans-lere-de-ladaptation-climatique\/","title":{"rendered":"Les ports carib\u00e9ens entrent dans l\u2019\u00e8re de l\u2019adaptation climatique"},"content":{"rendered":"\n<p>Le risque climatique devient rapidement l\u2019une des variables les plus d\u00e9terminantes pour l\u2019avenir des infrastructures portuaires dans les Cara\u00efbes. Dans toute la r\u00e9gion, les autorit\u00e9s portuaires sont confront\u00e9es \u00e0 une combinaison de facteurs : \u00e9l\u00e9vation du niveau de la mer, intensification des temp\u00eates et multiplication des \u00e9pisodes d\u2019inondations c\u00f4ti\u00e8res. Ce qui \u00e9tait autrefois consid\u00e9r\u00e9 principalement comme une probl\u00e9matique environnementale s\u2019impose d\u00e9sormais comme un enjeu central de gestion op\u00e9rationnelle et d\u2019investissement pour le secteur maritime.  <\/p>\n\n<p>Lors de la 55\u1d49 conf\u00e9rence annuelle de la Caribbean Shipping Association (CSA), organis\u00e9e \u00e0 Paramaribo en octobre 2025, plusieurs pr\u00e9sentations techniques ont mis en \u00e9vidence l\u2019exposition croissante des infrastructures portuaires carib\u00e9ennes aux risques climatiques. Les experts ont soulign\u00e9 que de nombreux ports de la r\u00e9gion avaient \u00e9t\u00e9 con\u00e7us selon des hypoth\u00e8ses environnementales qui ne correspondent plus aux r\u00e9alit\u00e9s climatiques actuelles. Dans ce contexte, la planification de la r\u00e9silience ne rel\u00e8ve plus uniquement d\u2019un objectif environnemental \u00e0 long terme : elle devient une priorit\u00e9 imm\u00e9diate en mati\u00e8re d\u2019infrastructure.  <\/p>\n\n<h2 class=\"wp-block-heading\">Une exposition croissante des infrastructures c\u00f4ti\u00e8res<\/h2>\n\n<p>Les ports carib\u00e9ens figurent parmi les infrastructures maritimes les plus expos\u00e9es au monde. La plupart des installations portuaires majeures de la r\u00e9gion sont situ\u00e9es directement le long de littoraux bas ou dans des environnements estuariens. Ces emplacements offrent des avantages op\u00e9rationnels pour l\u2019acc\u00e8s maritime, mais ils exposent \u00e9galement les infrastructures aux surcotes de temp\u00eate, \u00e0 l\u2019\u00e9rosion c\u00f4ti\u00e8re et \u00e0 la mont\u00e9e du niveau de la mer.  <\/p>\n\n<p>Les analyses scientifiques pr\u00e9sent\u00e9es lors de la conf\u00e9rence ont rappel\u00e9 l\u2019acc\u00e9l\u00e9ration de ces ph\u00e9nom\u00e8nes. Le niveau moyen global de la mer a d\u00e9j\u00e0 augment\u00e9 d\u2019environ 20 centim\u00e8tres depuis le d\u00e9but du XX\u1d49 si\u00e8cle, et les projections indiquent qu\u2019une hausse suppl\u00e9mentaire de 30 \u00e0 80 centim\u00e8tres pourrait se produire d\u2019ici la fin du si\u00e8cle, selon les trajectoires d\u2019\u00e9missions. M\u00eame une \u00e9l\u00e9vation mod\u00e9r\u00e9e du niveau de la mer peut amplifier consid\u00e9rablement l\u2019impact des surcotes lors des temp\u00eates, notamment sur les terminaux portuaires, les parcs \u00e0 conteneurs et les infrastructures \u00e9lectriques.  <\/p>\n\n<p>Dans le bassin carib\u00e9en, o\u00f9 l\u2019activit\u00e9 cyclonique reste une menace op\u00e9rationnelle permanente, un niveau de la mer plus \u00e9lev\u00e9 peut accro\u00eetre fortement les risques d\u2019inondation lors des \u00e9v\u00e9nements m\u00e9t\u00e9orologiques majeurs. Des ports qui ne subissaient autrefois que des inondations limit\u00e9es lors d\u2019\u00e9pisodes extr\u00eames peuvent d\u00e9sormais faire face \u00e0 des perturbations op\u00e9rationnelles r\u00e9guli\u00e8res. <\/p>\n\n<h2 class=\"wp-block-heading\">Des infrastructures con\u00e7ues pour un climat diff\u00e9rent<\/h2>\n\n<p>De nombreuses infrastructures portuaires carib\u00e9ennes ont \u00e9t\u00e9 construites il y a plusieurs d\u00e9cennies, \u00e0 une \u00e9poque o\u00f9 les consid\u00e9rations de r\u00e9silience climatique n\u2019\u00e9taient pas int\u00e9gr\u00e9es \u00e0 la planification des projets.<br\/>Les hauteurs de quai, les syst\u00e8mes de drainage et les structures de protection c\u00f4ti\u00e8re ont g\u00e9n\u00e9ralement \u00e9t\u00e9 dimensionn\u00e9s en fonction des conditions m\u00e9t\u00e9orologiques historiques, et non des projections climatiques futures. <\/p>\n\n<p>Lors de la conf\u00e9rence de la CSA, des sp\u00e9cialistes des infrastructures maritimes ont soulign\u00e9 que cet h\u00e9ritage de conception cr\u00e9e aujourd\u2019hui des vuln\u00e9rabilit\u00e9s structurelles. Les terminaux construits dans les ann\u00e9es 1970 et 1980 disposent souvent de marges d\u2019\u00e9l\u00e9vation insuffisantes pour absorber la combinaison d\u2019une mont\u00e9e du niveau de la mer et des surcotes de temp\u00eate. Les installations \u00e9lectriques, les \u00e9quipements de manutention et les zones de stockage de conteneurs figurent parmi les \u00e9l\u00e9ments les plus expos\u00e9s aux dommages li\u00e9s aux inondations.  <\/p>\n\n<p>Cette probl\u00e9matique est accentu\u00e9e par la longue dur\u00e9e de vie des infrastructures portuaires. Les quais, digues et chenaux d\u2019acc\u00e8s dragu\u00e9s sont g\u00e9n\u00e9ralement exploit\u00e9s pendant plusieurs d\u00e9cennies avant qu\u2019une reconstruction majeure ne devienne envisageable. Les strat\u00e9gies d\u2019adaptation doivent donc souvent \u00eatre int\u00e9gr\u00e9es aux installations existantes plut\u00f4t que mises en \u0153uvre dans le cadre de nouveaux projets portuaires.  <\/p>\n\n<h2 class=\"wp-block-heading\">Vers des infrastructures portuaires r\u00e9silientes<\/h2>\n\n<p>\u00c0 mesure que les risques climatiques deviennent plus visibles, les autorit\u00e9s portuaires et les cabinets d\u2019ing\u00e9nierie commencent \u00e0 int\u00e9grer des crit\u00e8res de r\u00e9silience dans la planification des infrastructures. Plusieurs strat\u00e9gies d\u2019adaptation ont \u00e9t\u00e9 pr\u00e9sent\u00e9es lors de la conf\u00e9rence comme exemples de bonnes pratiques \u00e9mergentes au niveau international. <\/p>\n\n<p>L\u2019une des approches consiste \u00e0 relever la hauteur des quais et \u00e0 renforcer les ouvrages de protection c\u00f4ti\u00e8re afin de tenir compte de l\u2019\u00e9l\u00e9vation pr\u00e9vue du niveau de la mer. Dans certains cas, de nouveaux terminaux sont con\u00e7us avec des plateformes plus \u00e9lev\u00e9es et des structures de protection renforc\u00e9es capables d\u2019absorber l\u2019impact des surcotes. <\/p>\n\n<p>Les syst\u00e8mes de drainage et de gestion des eaux font \u00e9galement l\u2019objet d\u2019une attention accrue. L\u2019augmentation des capacit\u00e9s de pompage, la refonte des r\u00e9seaux d\u2019\u00e9vacuation et l\u2019installation d\u2019\u00e9quipements \u00e9lectriques r\u00e9sistants aux inondations peuvent contribuer \u00e0 r\u00e9duire les perturbations op\u00e9rationnelles lors d\u2019\u00e9v\u00e9nements m\u00e9t\u00e9orologiques extr\u00eames. <\/p>\n\n<p>Une autre dimension de la r\u00e9silience concerne la redondance op\u00e9rationnelle. De plus en plus de ports envisagent la mise en place de syst\u00e8mes d\u2019alimentation \u00e9lectrique de secours, d\u2019infrastructures de communication renforc\u00e9es et de protocoles logistiques d\u2019urgence afin d\u2019assurer la continuit\u00e9 des op\u00e9rations en cas de perturbations climatiques. <\/p>\n\n<h2 class=\"wp-block-heading\">L\u2019exemple de la Guadeloupe<\/h2>\n\n<p>Des exemples concrets d\u2019adaptation commencent \u00e0 \u00e9merger dans la r\u00e9gion. Lors de la conf\u00e9rence de la CSA, l\u2019exp\u00e9rience de la Guadeloupe a \u00e9t\u00e9 pr\u00e9sent\u00e9e comme \u00e9tude de cas illustrant l\u2019int\u00e9gration progressive du risque climatique dans la gestion portuaire. <\/p>\n\n<p>Le port de Guadeloupe a engag\u00e9 plusieurs \u00e9tudes visant \u00e0 \u00e9valuer la vuln\u00e9rabilit\u00e9 de ses installations face \u00e0 la mont\u00e9e du niveau de la mer et aux \u00e9v\u00e9nements m\u00e9t\u00e9orologiques extr\u00eames. Ces analyses ont pour objectif d\u2019identifier les zones les plus expos\u00e9es du syst\u00e8me portuaire et de hi\u00e9rarchiser les investissements d\u2019adaptation. <\/p>\n\n<p>Ce type d\u2019initiative refl\u00e8te une tendance plus large : l\u2019analyse du risque climatique devient progressivement un \u00e9l\u00e9ment standard de la planification portuaire \u00e0 long terme. Plut\u00f4t que de consid\u00e9rer la r\u00e9silience climatique comme un enjeu environnemental secondaire, les autorit\u00e9s portuaires l\u2019int\u00e8grent d\u00e9sormais dans leurs strat\u00e9gies d\u2019investissement et leurs cadres de planification op\u00e9rationnelle. <\/p>\n\n<h2 class=\"wp-block-heading\">La dimension financi\u00e8re de l\u2019adaptation<\/h2>\n\n<p>L\u2019adaptation climatique pose \u00e9galement d\u2019importants d\u00e9fis financiers. Le renforcement des infrastructures portuaires, l\u2019\u00e9l\u00e9vation des quais ou l\u2019am\u00e9lioration des protections c\u00f4ti\u00e8res n\u00e9cessitent des investissements significatifs. Pour de nombreuses autorit\u00e9s portuaires carib\u00e9ennes, qui op\u00e8rent dans des march\u00e9s domestiques relativement limit\u00e9s, le financement de projets de r\u00e9silience de grande ampleur constitue une contrainte majeure.  <\/p>\n\n<p>Cependant, l\u2019absence d\u2019adaptation pourrait s\u2019av\u00e9rer encore plus co\u00fbteuse. Les dommages caus\u00e9s par les inondations aux \u00e9quipements de manutention, aux b\u00e2timents portuaires ou aux installations \u00e9lectriques peuvent interrompre les op\u00e9rations et g\u00e9n\u00e9rer des co\u00fbts de r\u00e9paration importants. Des perturbations r\u00e9p\u00e9t\u00e9es peuvent \u00e9galement affecter la fiabilit\u00e9 des services portuaires et r\u00e9duire l\u2019attractivit\u00e9 d\u2019un port aupr\u00e8s des compagnies maritimes internationales.  <\/p>\n\n<p>Dans ce contexte, la r\u00e9silience climatique est de plus en plus per\u00e7ue non seulement comme une mesure de protection, mais aussi comme un facteur de comp\u00e9titivit\u00e9. Les ports capables de maintenir des op\u00e9rations fiables lors d\u2019\u00e9v\u00e9nements climatiques extr\u00eames peuvent renforcer leur position au sein des r\u00e9seaux maritimes r\u00e9gionaux. <\/p>\n\n<h2 class=\"wp-block-heading\">La r\u00e9silience climatique devient une priorit\u00e9 d\u2019investissement maritime<\/h2>\n\n<p>Les discussions lors de la conf\u00e9rence de la Caribbean Shipping Association ont mis en lumi\u00e8re une transformation plus large du secteur maritime r\u00e9gional. La r\u00e9silience climatique s\u2019impose progressivement au c\u0153ur des strat\u00e9gies d\u2019investissement et de planification des infrastructures. <\/p>\n\n<p>Pendant plusieurs d\u00e9cennies, les strat\u00e9gies de d\u00e9veloppement portuaire dans les Cara\u00efbes ont principalement port\u00e9 sur l\u2019augmentation des capacit\u00e9s, la modernisation des \u00e9quipements et la facilitation du commerce. Aujourd\u2019hui, la r\u00e9silience devient une dimension tout aussi d\u00e9terminante. <\/p>\n\n<p>\u00c0 mesure que les risques climatiques s\u2019intensifient et que les infrastructures portuaires sont con\u00e7ues pour fonctionner sur plusieurs d\u00e9cennies, la capacit\u00e9 des ports carib\u00e9ens \u00e0 anticiper et int\u00e9grer les mesures d\u2019adaptation influencera de plus en plus leur comp\u00e9titivit\u00e9 \u00e0 long terme.<\/p>\n\n<p>Le secteur maritime de la r\u00e9gion entre ainsi dans une nouvelle phase o\u00f9 l\u2019adaptation climatique n\u2019est plus une option. Elle devient une condition structurelle pour maintenir les op\u00e9rations portuaires dans un environnement en mutation. <\/p>\n\n<hr class=\"wp-block-separator has-alpha-channel-opacity\" \/>\n\n<p class=\"has-text-align-right\">Source : Analyse bas\u00e9e sur les pr\u00e9sentations r\u00e9alis\u00e9es lors de la 55\u1d49 conf\u00e9rence annuelle de la CSA, incluant plusieurs interventions consacr\u00e9es aux infrastructures portuaires r\u00e9silientes au climat et aux strat\u00e9gies d\u2019adaptation c\u00f4ti\u00e8re.<\/p>\n","protected":false},"excerpt":{"rendered":"<p>Le risque climatique devient rapidement l\u2019une des variables les plus d\u00e9terminantes pour l\u2019avenir des infrastructures portuaires dans les Cara\u00efbes. Dans toute la r\u00e9gion, les autorit\u00e9s portuaires sont confront\u00e9es \u00e0 une combinaison de facteurs : \u00e9l\u00e9vation du niveau de la mer, intensification des temp\u00eates et multiplication des \u00e9pisodes d\u2019inondations c\u00f4ti\u00e8res. Ce qui \u00e9tait autrefois consid\u00e9r\u00e9 principalement [&hellip;]<\/p>\n","protected":false},"author":5,"featured_media":21115,"comment_status":"open","ping_status":"closed","sticky":false,"template":"","format":"standard","meta":{"footnotes":""},"categories":[121,118],"tags":[],"class_list":["post-21116","post","type-post","status-publish","format-standard","has-post-thumbnail","hentry","category-economie-bleue-et-durabilite","category-maritime-fr"],"yoast_head":"<!-- This site is optimized with the Yoast SEO plugin v26.9 - https:\/\/yoast.com\/product\/yoast-seo-wordpress\/ -->\n<title>Les ports carib\u00e9ens entrent dans l\u2019\u00e8re de l\u2019adaptation climatique - LATITUDE 15<\/title>\n<meta name=\"description\" content=\"Les ports des Cara\u00efbes sont confront\u00e9s \u00e0 des risques climatiques croissants. L&#039;adaptation climatique devient d\u00e9sormais une priorit\u00e9 d&#039;investissement centrale.\" \/>\n<meta name=\"robots\" content=\"index, follow, max-snippet:-1, max-image-preview:large, max-video-preview:-1\" \/>\n<link rel=\"canonical\" href=\"https:\/\/www.latitude-15.com\/fr\/les-ports-caribeens-entrent-dans-lere-de-ladaptation-climatique\/\" \/>\n<meta property=\"og:locale\" content=\"fr_FR\" \/>\n<meta property=\"og:type\" content=\"article\" \/>\n<meta property=\"og:title\" content=\"Les ports carib\u00e9ens entrent dans l\u2019\u00e8re de l\u2019adaptation climatique - LATITUDE 15\" \/>\n<meta property=\"og:description\" content=\"Les ports des Cara\u00efbes sont confront\u00e9s \u00e0 des risques climatiques croissants. L&#039;adaptation climatique devient d\u00e9sormais une priorit\u00e9 d&#039;investissement centrale.\" \/>\n<meta property=\"og:url\" content=\"https:\/\/www.latitude-15.com\/fr\/les-ports-caribeens-entrent-dans-lere-de-ladaptation-climatique\/\" \/>\n<meta property=\"og:site_name\" content=\"LATITUDE 15\" \/>\n<meta property=\"article:published_time\" content=\"2026-03-04T13:47:34+00:00\" \/>\n<meta property=\"article:modified_time\" content=\"2026-03-04T14:58:03+00:00\" \/>\n<meta property=\"og:image\" content=\"https:\/\/www.latitude-15.com\/wp-content\/uploads\/2026\/03\/pexels-xfly-10115711-scaled.jpg\" \/>\n\t<meta property=\"og:image:width\" content=\"2560\" \/>\n\t<meta property=\"og:image:height\" content=\"1707\" \/>\n\t<meta property=\"og:image:type\" content=\"image\/jpeg\" \/>\n<meta name=\"author\" content=\"Joda J\" \/>\n<meta name=\"twitter:card\" content=\"summary_large_image\" \/>\n<meta name=\"twitter:label1\" content=\"\u00c9crit par\" \/>\n\t<meta name=\"twitter:data1\" content=\"Joda J\" \/>\n\t<meta name=\"twitter:label2\" content=\"Dur\u00e9e de lecture estim\u00e9e\" \/>\n\t<meta name=\"twitter:data2\" content=\"8 minutes\" \/>\n<script type=\"application\/ld+json\" class=\"yoast-schema-graph\">{\"@context\":\"https:\/\/schema.org\",\"@graph\":[{\"@type\":\"Article\",\"@id\":\"https:\/\/www.latitude-15.com\/fr\/les-ports-caribeens-entrent-dans-lere-de-ladaptation-climatique\/#article\",\"isPartOf\":{\"@id\":\"https:\/\/www.latitude-15.com\/fr\/les-ports-caribeens-entrent-dans-lere-de-ladaptation-climatique\/\"},\"author\":{\"name\":\"Joda J\",\"@id\":\"https:\/\/www.latitude-15.com\/fr\/#\/schema\/person\/dac52e7ff44c78317f337da112e37252\"},\"headline\":\"Les ports carib\u00e9ens entrent dans l\u2019\u00e8re de l\u2019adaptation climatique\",\"datePublished\":\"2026-03-04T13:47:34+00:00\",\"dateModified\":\"2026-03-04T14:58:03+00:00\",\"mainEntityOfPage\":{\"@id\":\"https:\/\/www.latitude-15.com\/fr\/les-ports-caribeens-entrent-dans-lere-de-ladaptation-climatique\/\"},\"wordCount\":1554,\"commentCount\":0,\"publisher\":{\"@id\":\"https:\/\/www.latitude-15.com\/fr\/#organization\"},\"image\":{\"@id\":\"https:\/\/www.latitude-15.com\/fr\/les-ports-caribeens-entrent-dans-lere-de-ladaptation-climatique\/#primaryimage\"},\"thumbnailUrl\":\"https:\/\/www.latitude-15.com\/wp-content\/uploads\/2026\/03\/pexels-xfly-10115711-scaled.jpg\",\"articleSection\":[\"\u00c9conomie bleue et durabilit\u00e9\",\"MARITIME\"],\"inLanguage\":\"fr-FR\",\"potentialAction\":[{\"@type\":\"CommentAction\",\"name\":\"Comment\",\"target\":[\"https:\/\/www.latitude-15.com\/fr\/les-ports-caribeens-entrent-dans-lere-de-ladaptation-climatique\/#respond\"]}]},{\"@type\":\"WebPage\",\"@id\":\"https:\/\/www.latitude-15.com\/fr\/les-ports-caribeens-entrent-dans-lere-de-ladaptation-climatique\/\",\"url\":\"https:\/\/www.latitude-15.com\/fr\/les-ports-caribeens-entrent-dans-lere-de-ladaptation-climatique\/\",\"name\":\"Les ports carib\u00e9ens entrent dans l\u2019\u00e8re de l\u2019adaptation climatique - LATITUDE 15\",\"isPartOf\":{\"@id\":\"https:\/\/www.latitude-15.com\/fr\/#website\"},\"primaryImageOfPage\":{\"@id\":\"https:\/\/www.latitude-15.com\/fr\/les-ports-caribeens-entrent-dans-lere-de-ladaptation-climatique\/#primaryimage\"},\"image\":{\"@id\":\"https:\/\/www.latitude-15.com\/fr\/les-ports-caribeens-entrent-dans-lere-de-ladaptation-climatique\/#primaryimage\"},\"thumbnailUrl\":\"https:\/\/www.latitude-15.com\/wp-content\/uploads\/2026\/03\/pexels-xfly-10115711-scaled.jpg\",\"datePublished\":\"2026-03-04T13:47:34+00:00\",\"dateModified\":\"2026-03-04T14:58:03+00:00\",\"description\":\"Les ports des Cara\u00efbes sont confront\u00e9s \u00e0 des risques climatiques croissants. L'adaptation climatique devient d\u00e9sormais une priorit\u00e9 d'investissement centrale.\",\"breadcrumb\":{\"@id\":\"https:\/\/www.latitude-15.com\/fr\/les-ports-caribeens-entrent-dans-lere-de-ladaptation-climatique\/#breadcrumb\"},\"inLanguage\":\"fr-FR\",\"potentialAction\":[{\"@type\":\"ReadAction\",\"target\":[\"https:\/\/www.latitude-15.com\/fr\/les-ports-caribeens-entrent-dans-lere-de-ladaptation-climatique\/\"]}]},{\"@type\":\"ImageObject\",\"inLanguage\":\"fr-FR\",\"@id\":\"https:\/\/www.latitude-15.com\/fr\/les-ports-caribeens-entrent-dans-lere-de-ladaptation-climatique\/#primaryimage\",\"url\":\"https:\/\/www.latitude-15.com\/wp-content\/uploads\/2026\/03\/pexels-xfly-10115711-scaled.jpg\",\"contentUrl\":\"https:\/\/www.latitude-15.com\/wp-content\/uploads\/2026\/03\/pexels-xfly-10115711-scaled.jpg\",\"width\":2560,\"height\":1707},{\"@type\":\"BreadcrumbList\",\"@id\":\"https:\/\/www.latitude-15.com\/fr\/les-ports-caribeens-entrent-dans-lere-de-ladaptation-climatique\/#breadcrumb\",\"itemListElement\":[{\"@type\":\"ListItem\",\"position\":1,\"name\":\"Home\",\"item\":\"https:\/\/www.latitude-15.com\/fr\/accueil\/\"},{\"@type\":\"ListItem\",\"position\":2,\"name\":\"Les ports carib\u00e9ens entrent dans l\u2019\u00e8re de l\u2019adaptation climatique\"}]},{\"@type\":\"WebSite\",\"@id\":\"https:\/\/www.latitude-15.com\/fr\/#website\",\"url\":\"https:\/\/www.latitude-15.com\/fr\/\",\"name\":\"LATITUDE 15\",\"description\":\"Aviation and maritime Magazine - Caribbean &amp; Latin America\",\"publisher\":{\"@id\":\"https:\/\/www.latitude-15.com\/fr\/#organization\"},\"potentialAction\":[{\"@type\":\"SearchAction\",\"target\":{\"@type\":\"EntryPoint\",\"urlTemplate\":\"https:\/\/www.latitude-15.com\/fr\/?s={search_term_string}\"},\"query-input\":{\"@type\":\"PropertyValueSpecification\",\"valueRequired\":true,\"valueName\":\"search_term_string\"}}],\"inLanguage\":\"fr-FR\"},{\"@type\":\"Organization\",\"@id\":\"https:\/\/www.latitude-15.com\/fr\/#organization\",\"name\":\"LATITUDE 15\",\"url\":\"https:\/\/www.latitude-15.com\/fr\/\",\"logo\":{\"@type\":\"ImageObject\",\"inLanguage\":\"fr-FR\",\"@id\":\"https:\/\/www.latitude-15.com\/fr\/#\/schema\/logo\/image\/\",\"url\":\"https:\/\/www.latitude-15.com\/wp-content\/uploads\/2026\/01\/cropped-logox500px.png\",\"contentUrl\":\"https:\/\/www.latitude-15.com\/wp-content\/uploads\/2026\/01\/cropped-logox500px.png\",\"width\":62,\"height\":75,\"caption\":\"LATITUDE 15\"},\"image\":{\"@id\":\"https:\/\/www.latitude-15.com\/fr\/#\/schema\/logo\/image\/\"}},{\"@type\":\"Person\",\"@id\":\"https:\/\/www.latitude-15.com\/fr\/#\/schema\/person\/dac52e7ff44c78317f337da112e37252\",\"name\":\"Joda J\",\"image\":{\"@type\":\"ImageObject\",\"inLanguage\":\"fr-FR\",\"@id\":\"https:\/\/www.latitude-15.com\/fr\/#\/schema\/person\/image\/\",\"url\":\"https:\/\/secure.gravatar.com\/avatar\/6b1feae555e15404b76616f92d931d12b25ac58024f14ccb43d9d3c012e4c4cf?s=96&d=mm&r=g\",\"contentUrl\":\"https:\/\/secure.gravatar.com\/avatar\/6b1feae555e15404b76616f92d931d12b25ac58024f14ccb43d9d3c012e4c4cf?s=96&d=mm&r=g\",\"caption\":\"Joda J\"},\"url\":\"https:\/\/www.latitude-15.com\/fr\/author\/joda\/\"}]}<\/script>\n<!-- \/ Yoast SEO plugin. -->","yoast_head_json":{"title":"Les ports carib\u00e9ens entrent dans l\u2019\u00e8re de l\u2019adaptation climatique - LATITUDE 15","description":"Les ports des Cara\u00efbes sont confront\u00e9s \u00e0 des risques climatiques croissants. L'adaptation climatique devient d\u00e9sormais une priorit\u00e9 d'investissement centrale.","robots":{"index":"index","follow":"follow","max-snippet":"max-snippet:-1","max-image-preview":"max-image-preview:large","max-video-preview":"max-video-preview:-1"},"canonical":"https:\/\/www.latitude-15.com\/fr\/les-ports-caribeens-entrent-dans-lere-de-ladaptation-climatique\/","og_locale":"fr_FR","og_type":"article","og_title":"Les ports carib\u00e9ens entrent dans l\u2019\u00e8re de l\u2019adaptation climatique - LATITUDE 15","og_description":"Les ports des Cara\u00efbes sont confront\u00e9s \u00e0 des risques climatiques croissants. L'adaptation climatique devient d\u00e9sormais une priorit\u00e9 d'investissement centrale.","og_url":"https:\/\/www.latitude-15.com\/fr\/les-ports-caribeens-entrent-dans-lere-de-ladaptation-climatique\/","og_site_name":"LATITUDE 15","article_published_time":"2026-03-04T13:47:34+00:00","article_modified_time":"2026-03-04T14:58:03+00:00","og_image":[{"width":2560,"height":1707,"url":"https:\/\/www.latitude-15.com\/wp-content\/uploads\/2026\/03\/pexels-xfly-10115711-scaled.jpg","type":"image\/jpeg"}],"author":"Joda J","twitter_card":"summary_large_image","twitter_misc":{"\u00c9crit par":"Joda J","Dur\u00e9e de lecture estim\u00e9e":"8 minutes"},"schema":{"@context":"https:\/\/schema.org","@graph":[{"@type":"Article","@id":"https:\/\/www.latitude-15.com\/fr\/les-ports-caribeens-entrent-dans-lere-de-ladaptation-climatique\/#article","isPartOf":{"@id":"https:\/\/www.latitude-15.com\/fr\/les-ports-caribeens-entrent-dans-lere-de-ladaptation-climatique\/"},"author":{"name":"Joda J","@id":"https:\/\/www.latitude-15.com\/fr\/#\/schema\/person\/dac52e7ff44c78317f337da112e37252"},"headline":"Les ports carib\u00e9ens entrent dans l\u2019\u00e8re de l\u2019adaptation climatique","datePublished":"2026-03-04T13:47:34+00:00","dateModified":"2026-03-04T14:58:03+00:00","mainEntityOfPage":{"@id":"https:\/\/www.latitude-15.com\/fr\/les-ports-caribeens-entrent-dans-lere-de-ladaptation-climatique\/"},"wordCount":1554,"commentCount":0,"publisher":{"@id":"https:\/\/www.latitude-15.com\/fr\/#organization"},"image":{"@id":"https:\/\/www.latitude-15.com\/fr\/les-ports-caribeens-entrent-dans-lere-de-ladaptation-climatique\/#primaryimage"},"thumbnailUrl":"https:\/\/www.latitude-15.com\/wp-content\/uploads\/2026\/03\/pexels-xfly-10115711-scaled.jpg","articleSection":["\u00c9conomie bleue et durabilit\u00e9","MARITIME"],"inLanguage":"fr-FR","potentialAction":[{"@type":"CommentAction","name":"Comment","target":["https:\/\/www.latitude-15.com\/fr\/les-ports-caribeens-entrent-dans-lere-de-ladaptation-climatique\/#respond"]}]},{"@type":"WebPage","@id":"https:\/\/www.latitude-15.com\/fr\/les-ports-caribeens-entrent-dans-lere-de-ladaptation-climatique\/","url":"https:\/\/www.latitude-15.com\/fr\/les-ports-caribeens-entrent-dans-lere-de-ladaptation-climatique\/","name":"Les ports carib\u00e9ens entrent dans l\u2019\u00e8re de l\u2019adaptation climatique - LATITUDE 15","isPartOf":{"@id":"https:\/\/www.latitude-15.com\/fr\/#website"},"primaryImageOfPage":{"@id":"https:\/\/www.latitude-15.com\/fr\/les-ports-caribeens-entrent-dans-lere-de-ladaptation-climatique\/#primaryimage"},"image":{"@id":"https:\/\/www.latitude-15.com\/fr\/les-ports-caribeens-entrent-dans-lere-de-ladaptation-climatique\/#primaryimage"},"thumbnailUrl":"https:\/\/www.latitude-15.com\/wp-content\/uploads\/2026\/03\/pexels-xfly-10115711-scaled.jpg","datePublished":"2026-03-04T13:47:34+00:00","dateModified":"2026-03-04T14:58:03+00:00","description":"Les ports des Cara\u00efbes sont confront\u00e9s \u00e0 des risques climatiques croissants. L'adaptation climatique devient d\u00e9sormais une priorit\u00e9 d'investissement centrale.","breadcrumb":{"@id":"https:\/\/www.latitude-15.com\/fr\/les-ports-caribeens-entrent-dans-lere-de-ladaptation-climatique\/#breadcrumb"},"inLanguage":"fr-FR","potentialAction":[{"@type":"ReadAction","target":["https:\/\/www.latitude-15.com\/fr\/les-ports-caribeens-entrent-dans-lere-de-ladaptation-climatique\/"]}]},{"@type":"ImageObject","inLanguage":"fr-FR","@id":"https:\/\/www.latitude-15.com\/fr\/les-ports-caribeens-entrent-dans-lere-de-ladaptation-climatique\/#primaryimage","url":"https:\/\/www.latitude-15.com\/wp-content\/uploads\/2026\/03\/pexels-xfly-10115711-scaled.jpg","contentUrl":"https:\/\/www.latitude-15.com\/wp-content\/uploads\/2026\/03\/pexels-xfly-10115711-scaled.jpg","width":2560,"height":1707},{"@type":"BreadcrumbList","@id":"https:\/\/www.latitude-15.com\/fr\/les-ports-caribeens-entrent-dans-lere-de-ladaptation-climatique\/#breadcrumb","itemListElement":[{"@type":"ListItem","position":1,"name":"Home","item":"https:\/\/www.latitude-15.com\/fr\/accueil\/"},{"@type":"ListItem","position":2,"name":"Les ports carib\u00e9ens entrent dans l\u2019\u00e8re de l\u2019adaptation climatique"}]},{"@type":"WebSite","@id":"https:\/\/www.latitude-15.com\/fr\/#website","url":"https:\/\/www.latitude-15.com\/fr\/","name":"LATITUDE 15","description":"Aviation and maritime Magazine - Caribbean &amp; Latin America","publisher":{"@id":"https:\/\/www.latitude-15.com\/fr\/#organization"},"potentialAction":[{"@type":"SearchAction","target":{"@type":"EntryPoint","urlTemplate":"https:\/\/www.latitude-15.com\/fr\/?s={search_term_string}"},"query-input":{"@type":"PropertyValueSpecification","valueRequired":true,"valueName":"search_term_string"}}],"inLanguage":"fr-FR"},{"@type":"Organization","@id":"https:\/\/www.latitude-15.com\/fr\/#organization","name":"LATITUDE 15","url":"https:\/\/www.latitude-15.com\/fr\/","logo":{"@type":"ImageObject","inLanguage":"fr-FR","@id":"https:\/\/www.latitude-15.com\/fr\/#\/schema\/logo\/image\/","url":"https:\/\/www.latitude-15.com\/wp-content\/uploads\/2026\/01\/cropped-logox500px.png","contentUrl":"https:\/\/www.latitude-15.com\/wp-content\/uploads\/2026\/01\/cropped-logox500px.png","width":62,"height":75,"caption":"LATITUDE 15"},"image":{"@id":"https:\/\/www.latitude-15.com\/fr\/#\/schema\/logo\/image\/"}},{"@type":"Person","@id":"https:\/\/www.latitude-15.com\/fr\/#\/schema\/person\/dac52e7ff44c78317f337da112e37252","name":"Joda J","image":{"@type":"ImageObject","inLanguage":"fr-FR","@id":"https:\/\/www.latitude-15.com\/fr\/#\/schema\/person\/image\/","url":"https:\/\/secure.gravatar.com\/avatar\/6b1feae555e15404b76616f92d931d12b25ac58024f14ccb43d9d3c012e4c4cf?s=96&d=mm&r=g","contentUrl":"https:\/\/secure.gravatar.com\/avatar\/6b1feae555e15404b76616f92d931d12b25ac58024f14ccb43d9d3c012e4c4cf?s=96&d=mm&r=g","caption":"Joda J"},"url":"https:\/\/www.latitude-15.com\/fr\/author\/joda\/"}]}},"_links":{"self":[{"href":"https:\/\/www.latitude-15.com\/fr\/wp-json\/wp\/v2\/posts\/21116","targetHints":{"allow":["GET"]}}],"collection":[{"href":"https:\/\/www.latitude-15.com\/fr\/wp-json\/wp\/v2\/posts"}],"about":[{"href":"https:\/\/www.latitude-15.com\/fr\/wp-json\/wp\/v2\/types\/post"}],"author":[{"embeddable":true,"href":"https:\/\/www.latitude-15.com\/fr\/wp-json\/wp\/v2\/users\/5"}],"replies":[{"embeddable":true,"href":"https:\/\/www.latitude-15.com\/fr\/wp-json\/wp\/v2\/comments?post=21116"}],"version-history":[{"count":1,"href":"https:\/\/www.latitude-15.com\/fr\/wp-json\/wp\/v2\/posts\/21116\/revisions"}],"predecessor-version":[{"id":21118,"href":"https:\/\/www.latitude-15.com\/fr\/wp-json\/wp\/v2\/posts\/21116\/revisions\/21118"}],"wp:featuredmedia":[{"embeddable":true,"href":"https:\/\/www.latitude-15.com\/fr\/wp-json\/wp\/v2\/media\/21115"}],"wp:attachment":[{"href":"https:\/\/www.latitude-15.com\/fr\/wp-json\/wp\/v2\/media?parent=21116"}],"wp:term":[{"taxonomy":"category","embeddable":true,"href":"https:\/\/www.latitude-15.com\/fr\/wp-json\/wp\/v2\/categories?post=21116"},{"taxonomy":"post_tag","embeddable":true,"href":"https:\/\/www.latitude-15.com\/fr\/wp-json\/wp\/v2\/tags?post=21116"}],"curies":[{"name":"wp","href":"https:\/\/api.w.org\/{rel}","templated":true}]}}