{"id":21072,"date":"2026-03-02T21:30:00","date_gmt":"2026-03-03T01:30:00","guid":{"rendered":"https:\/\/www.latitude-15.com\/le-corridor-energetique-guyane-suriname-redessine-la-geographie-maritime-des-caraibes\/"},"modified":"2026-03-03T15:18:38","modified_gmt":"2026-03-03T19:18:38","slug":"le-corridor-energetique-guyane-suriname-redessine-la-geographie-maritime-des-caraibes","status":"publish","type":"post","link":"https:\/\/www.latitude-15.com\/fr\/le-corridor-energetique-guyane-suriname-redessine-la-geographie-maritime-des-caraibes\/","title":{"rendered":"Le corridor \u00e9nerg\u00e9tique Guyane-Suriname redessine la g\u00e9ographie maritime des Cara\u00efbes"},"content":{"rendered":"\n<p>L\u2019acc\u00e9l\u00e9ration du d\u00e9veloppement p\u00e9trolier offshore en Guyane et au Suriname n\u2019est plus seulement une question d\u2019\u00e9nergie. Elle devient un enjeu maritime \u2014 et potentiellement structurel pour l\u2019ensemble du bassin des Cara\u00efbes. <\/p>\n\n<p>Lors de la 55e conf\u00e9rence annuelle de la CSA, les projections de fret pr\u00e9sent\u00e9es par les autorit\u00e9s portuaires du Suriname ont r\u00e9v\u00e9l\u00e9 l\u2019ampleur de la mutation en cours. La Guyane a enregistr\u00e9 une augmentation de 77 % des volumes FCL entre 2020 et 2024. Les projections indiquent une croissance cumulative de +159 % entre 2020 et 2028. Sur le m\u00eame horizon 2020-2028, le Suriname devrait conna\u00eetre une expansion de +69 %, avec des estimations de croissance future d\u2019environ 10 % par an entre 2025 et 2028.   <\/p>\n\n<p>Il ne s\u2019agit pas d\u2019ajustements marginaux. Ils refl\u00e8tent une reconfiguration structurelle de la demande logistique dans le nord de l\u2019Am\u00e9rique du Sud. <\/p>\n\n<h2 class=\"wp-block-heading\">L\u2019\u00e9nergie comme multiplicateur logistique<\/h2>\n\n<p>Le d\u00e9veloppement p\u00e9trolier ne g\u00e9n\u00e8re pas simplement des volumes d\u2019exportation. Il cr\u00e9e un \u00e9cosyst\u00e8me logistique. Les plateformes offshore n\u00e9cessitent des cha\u00eenes d\u2019approvisionnement continues pour les \u00e9quipements, les composants de forage, les navires sp\u00e9cialis\u00e9s, les services d\u2019ing\u00e9nierie et la rotation de la main-d\u2019\u0153uvre. Les infrastructures associ\u00e9es \u2014 chantiers de fabrication, installations de stockage, bases de services \u2014 multiplient les mouvements de marchandises.   <\/p>\n\n<p>En Guyane, le boom p\u00e9trolier offshore a d\u00e9j\u00e0 transform\u00e9 les modes d\u2019utilisation des ports, augmentant le fret conteneuris\u00e9 et l\u2019activit\u00e9 de vrac divers li\u00e9e aux op\u00e9rations \u00e9nerg\u00e9tiques. Le Suriname est positionn\u00e9 pour suivre une trajectoire similaire \u00e0 mesure que ses blocs offshore progressent vers le d\u00e9veloppement. <\/p>\n\n<p>L\u2019effet maritime est cumulatif. Les projets \u00e9nerg\u00e9tiques g\u00e9n\u00e8rent des importations en amont bien avant que les exportations ne dominent le bilan. Cela cr\u00e9e des flux de marchandises entrants soutenus qui remod\u00e8lent les profils de la demande portuaire. Les exp\u00e9ditions conteneuris\u00e9es d\u2019\u00e9quipements sp\u00e9cialis\u00e9s, de mat\u00e9riaux industriels et de services de soutien augmentent le d\u00e9bit portuaire avant m\u00eame que la production n\u2019atteigne son apog\u00e9e.   <\/p>\n\n<p>L\u2019axe Guyane-Suriname \u00e9volue donc pour devenir plus qu\u2019une zone de production. Il devient un corridor logistique. <\/p>\n\n<h2 class=\"wp-block-heading\">Pression sur les infrastructures et la capacit\u00e9 portuaire<\/h2>\n\n<p>La croissance rapide introduit une pression structurelle. Les ports qui ont \u00e9t\u00e9 con\u00e7us pour un trafic r\u00e9gional mod\u00e9r\u00e9 font d\u00e9sormais face \u00e0 des courbes de demande acc\u00e9l\u00e9r\u00e9es. <\/p>\n\n<p>La croissance annuelle projet\u00e9e d\u2019environ 10 % entre 2025 et 2028 implique une tension accrue sur la capacit\u00e9 des postes \u00e0 quai, l\u2019espace de stockage, la programmation des navires et la connectivit\u00e9 avec l\u2019arri\u00e8re-pays. M\u00eame si les volumes absolus restent inf\u00e9rieurs \u00e0 ceux des grands hubs d\u2019Am\u00e9rique latine, le rythme de changement est significatif pour les syst\u00e8mes portuaires de petite et moyenne taille. <\/p>\n\n<p>Les volumes de vrac divers devraient \u00e9galement augmenter r\u00e9guli\u00e8rement jusqu\u2019en 2028, refl\u00e9tant la nature industrielle lourde des cha\u00eenes d\u2019approvisionnement \u00e9nerg\u00e9tique offshore. Contrairement au commerce conteneuris\u00e9 standard, les op\u00e9rations de vrac divers n\u00e9cessitent une capacit\u00e9 de manutention sp\u00e9cialis\u00e9e, des surfaces de stockage plus importantes et des \u00e9quipements d\u00e9di\u00e9s. <\/p>\n\n<p>Cette croissance cr\u00e9e \u00e0 la fois des opportunit\u00e9s et des risques. Les ports qui se d\u00e9veloppent strat\u00e9giquement, investissent dans le dragage si n\u00e9cessaire, am\u00e9liorent la gestion des parcs et int\u00e8grent des syst\u00e8mes de coordination num\u00e9rique peuvent consolider leur r\u00f4le de portes d\u2019entr\u00e9e principales pour l\u2019industrie offshore. Les ports qui sous-investissent risquent la congestion, les retards de navires et l\u2019\u00e9rosion de leur r\u00e9putation aupr\u00e8s des transporteurs et des op\u00e9rateurs \u00e9nerg\u00e9tiques.  <\/p>\n\n<p>Les cycles de planification des infrastructures accusent toutefois souvent un retard par rapport aux calendriers d\u2019investissement \u00e9nerg\u00e9tique du secteur priv\u00e9. Le d\u00e9ficit de coordination entre les autorit\u00e9s portuaires publiques et les d\u00e9veloppeurs offshore priv\u00e9s deviendra une variable d\u00e9terminante de la performance du corridor. <\/p>\n\n<h2 class=\"wp-block-heading\">Effets de ricochet r\u00e9gionaux<\/h2>\n\n<p>L\u2019\u00e9mergence du corridor Guyane-Suriname ne se produit pas de mani\u00e8re isol\u00e9e. Elle influence la carte maritime plus large des Cara\u00efbes. <\/p>\n\n<p>Historiquement, Trinit\u00e9-et-Tobago a fonctionn\u00e9 comme un hub logistique et \u00e9nerg\u00e9tique cl\u00e9 dans le sud des Cara\u00efbes. \u00c0 mesure que la Guyane \u00e9tend sa production et que le Suriname progresse dans l\u2019exploration, le centre de gravit\u00e9 \u00e9nerg\u00e9tique r\u00e9gional pourrait se d\u00e9placer vers le nord. Les r\u00e9seaux de cabotage qui se concentraient auparavant autour des hubs \u00e9tablis pourraient se r\u00e9orienter pour desservir de nouveaux p\u00f4les de demande.  <\/p>\n\n<p>Les \u00eeles des Cara\u00efbes orientales, longtemps d\u00e9pendantes du transbordement via un nombre limit\u00e9 de hubs r\u00e9gionaux, pourraient subir des effets secondaires. L\u2019augmentation de l\u2019activit\u00e9 maritime dans le nord de l\u2019Am\u00e9rique du Sud peut cr\u00e9er de nouvelles options d\u2019acheminement, mais elle peut aussi intensifier la concurrence pour la capacit\u00e9 de cabotage. <\/p>\n\n<p>Les transporteurs mondiaux r\u00e9\u00e9valuent continuellement l\u2019optimisation de leur r\u00e9seau en fonction de la concentration des volumes et de l\u2019efficacit\u00e9 des d\u00e9lais d\u2019ex\u00e9cution. Si le corridor Guyane-Suriname maintient la croissance projet\u00e9e, les d\u00e9cisions d\u2019acheminement pourraient de plus en plus privil\u00e9gier des connexions directes ou quasi directes vers ces ports, r\u00e9duisant ainsi la d\u00e9pendance vis-\u00e0-vis de points de transbordement plus \u00e9loign\u00e9s. <\/p>\n\n<p>La g\u00e9ographie maritime est rarement statique. Elle \u00e9volue lorsque la densit\u00e9 du fret change. Les projections actuelles sugg\u00e8rent que le nord de l\u2019Am\u00e9rique du Sud entre dans une phase d\u2019acc\u00e9l\u00e9ration de la densit\u00e9.  <\/p>\n\n<h2 class=\"wp-block-heading\">Gouvernance et int\u00e9gration comme variables strat\u00e9giques<\/h2>\n\n<p>La croissance des volumes ne garantit pas \u00e0 elle seule la consolidation du corridor. La coh\u00e9rence institutionnelle reste d\u00e9cisive. <\/p>\n\n<p>Comme indiqu\u00e9 dans les analyses pr\u00e9c\u00e9dentes de la CSA 2025, les syst\u00e8mes portuaires des Cara\u00efbes sont confront\u00e9s \u00e0 une fragmentation de la gouvernance, \u00e0 une int\u00e9gration num\u00e9rique incompl\u00e8te et \u00e0 une modernisation douani\u00e8re in\u00e9gale. Si le corridor Guyane-Suriname se d\u00e9veloppe sans cadres r\u00e9glementaires harmonis\u00e9s, sans processus douaniers standardis\u00e9s et sans syst\u00e8mes num\u00e9riques interop\u00e9rables, les gains d\u2019efficacit\u00e9 risquent d\u2019\u00eatre dilu\u00e9s. <\/p>\n\n<p>Les flux de marchandises tir\u00e9s par l\u2019\u00e9nergie amplifient \u00e0 la fois les forces et les faiblesses. L\u00e0 o\u00f9 les cadres de gouvernance sont align\u00e9s et o\u00f9 la coordination de la communaut\u00e9 portuaire est forte, la croissance se traduit par un avantage concurrentiel. L\u00e0 o\u00f9 la fragmentation administrative persiste, la croissance amplifie les goulots d\u2019\u00e9tranglement.  <\/p>\n\n<p>La trajectoire du corridor d\u00e9pendra donc non seulement des niveaux de production offshore, mais aussi de l\u2019efficacit\u00e9 avec laquelle les autorit\u00e9s portuaires, les administrations douani\u00e8res et les op\u00e9rateurs priv\u00e9s coordonneront l\u2019expansion.<\/p>\n\n<h2 class=\"wp-block-heading\">Changement structurel ou pouss\u00e9e cyclique ?<\/h2>\n\n<p>La question qui se pose d\u00e9sormais aux d\u00e9cideurs r\u00e9gionaux est de savoir si l\u2019expansion Guyane-Suriname repr\u00e9sente un boom temporaire ou un r\u00e9\u00e9quilibrage structurel de la puissance maritime au sein du bassin des Cara\u00efbes.<\/p>\n\n<p>Les r\u00e9serves de p\u00e9trole en cours de d\u00e9veloppement en Guyane figurent parmi les d\u00e9couvertes r\u00e9centes les plus importantes au monde. Le potentiel offshore du Suriname reste substantiel. Les projets \u00e9nerg\u00e9tiques de cette ampleur s\u2019\u00e9tendent g\u00e9n\u00e9ralement sur des d\u00e9cennies plut\u00f4t que sur des ann\u00e9es.  <\/p>\n\n<p>Si la croissance projet\u00e9e du fret se concr\u00e9tise d\u2019ici 2028 et se poursuit au-del\u00e0, le corridor pourrait s\u2019imposer comme un axe logistique permanent dans le nord de l\u2019Am\u00e9rique du Sud. Cela modifierait les hi\u00e9rarchies de cabotage, les flux d\u2019investissement et \u00e9ventuellement les mod\u00e8les d\u2019assurance et de financement dans toute la r\u00e9gion. <\/p>\n\n<p>La carte maritime des Cara\u00efbes a historiquement \u00e9t\u00e9 fa\u00e7onn\u00e9e par la concentration du commerce dans une poign\u00e9e de hubs dominants. L\u2019essor du corridor \u00e9nerg\u00e9tique Guyane-Suriname sugg\u00e8re qu\u2019un nouveau p\u00f4le d\u2019influence est en train de se former. <\/p>\n\n<p>Le fait qu\u2019il devienne un centre de puissance maritime pleinement int\u00e9gr\u00e9 d\u00e9pendra de l\u2019ex\u00e9cution des infrastructures, de l\u2019alignement de la gouvernance et de la capacit\u00e9 des parties prenantes r\u00e9gionales \u00e0 convertir la dynamique \u00e9nerg\u00e9tique en une architecture logistique \u00e0 long terme.<\/p>\n\n<p>Ce qui est clair, c\u2019est que le paysage maritime des Cara\u00efbes n\u2019est plus statique. L\u2019\u00e9nergie acc\u00e9l\u00e8re sa reconfiguration. <\/p>\n","protected":false},"excerpt":{"rendered":"<p>L\u2019acc\u00e9l\u00e9ration du d\u00e9veloppement p\u00e9trolier offshore en Guyane et au Suriname n\u2019est plus seulement une question d\u2019\u00e9nergie. Elle devient un enjeu maritime \u2014 et potentiellement structurel pour l\u2019ensemble du bassin des Cara\u00efbes. Lors de la 55e conf\u00e9rence annuelle de la CSA, les projections de fret pr\u00e9sent\u00e9es par les autorit\u00e9s portuaires du Suriname ont r\u00e9v\u00e9l\u00e9 l\u2019ampleur de [&hellip;]<\/p>\n","protected":false},"author":5,"featured_media":21071,"comment_status":"open","ping_status":"open","sticky":false,"template":"","format":"standard","meta":{"footnotes":""},"categories":[130,118],"tags":[],"class_list":["post-21072","post","type-post","status-publish","format-standard","has-post-thumbnail","hentry","category-connectivite-maritime-mobilite","category-maritime-fr"],"yoast_head":"<!-- This site is optimized with the Yoast SEO plugin v26.9 - https:\/\/yoast.com\/product\/yoast-seo-wordpress\/ -->\n<title>Le corridor \u00e9nerg\u00e9tique Guyane-Suriname redessine la g\u00e9ographie maritime des Cara\u00efbes - LATITUDE 15<\/title>\n<meta name=\"robots\" content=\"index, follow, max-snippet:-1, max-image-preview:large, max-video-preview:-1\" \/>\n<link rel=\"canonical\" href=\"https:\/\/www.latitude-15.com\/fr\/le-corridor-energetique-guyane-suriname-redessine-la-geographie-maritime-des-caraibes\/\" \/>\n<meta property=\"og:locale\" content=\"fr_FR\" \/>\n<meta property=\"og:type\" content=\"article\" \/>\n<meta property=\"og:title\" content=\"Le corridor \u00e9nerg\u00e9tique Guyane-Suriname redessine la g\u00e9ographie maritime des Cara\u00efbes - LATITUDE 15\" \/>\n<meta property=\"og:description\" content=\"L\u2019acc\u00e9l\u00e9ration du d\u00e9veloppement p\u00e9trolier offshore en Guyane et au Suriname n\u2019est plus seulement une question d\u2019\u00e9nergie. Elle devient un enjeu maritime \u2014 et potentiellement structurel pour l\u2019ensemble du bassin des Cara\u00efbes. Lors de la 55e conf\u00e9rence annuelle de la CSA, les projections de fret pr\u00e9sent\u00e9es par les autorit\u00e9s portuaires du Suriname ont r\u00e9v\u00e9l\u00e9 l\u2019ampleur de [&hellip;]\" \/>\n<meta property=\"og:url\" content=\"https:\/\/www.latitude-15.com\/fr\/le-corridor-energetique-guyane-suriname-redessine-la-geographie-maritime-des-caraibes\/\" \/>\n<meta property=\"og:site_name\" content=\"LATITUDE 15\" \/>\n<meta property=\"article:published_time\" content=\"2026-03-03T01:30:00+00:00\" \/>\n<meta property=\"article:modified_time\" content=\"2026-03-03T19:18:38+00:00\" \/>\n<meta property=\"og:image\" content=\"https:\/\/www.latitude-15.com\/wp-content\/uploads\/2026\/03\/img5698T7R67R-1024x683.png\" \/>\n\t<meta property=\"og:image:width\" content=\"1024\" \/>\n\t<meta property=\"og:image:height\" content=\"683\" \/>\n\t<meta property=\"og:image:type\" content=\"image\/png\" \/>\n<meta name=\"author\" content=\"Joda J\" \/>\n<meta name=\"twitter:card\" content=\"summary_large_image\" \/>\n<meta name=\"twitter:label1\" content=\"\u00c9crit par\" \/>\n\t<meta name=\"twitter:data1\" content=\"Joda J\" \/>\n\t<meta name=\"twitter:label2\" content=\"Dur\u00e9e de lecture estim\u00e9e\" \/>\n\t<meta name=\"twitter:data2\" content=\"7 minutes\" \/>\n<script type=\"application\/ld+json\" class=\"yoast-schema-graph\">{\"@context\":\"https:\/\/schema.org\",\"@graph\":[{\"@type\":\"Article\",\"@id\":\"https:\/\/www.latitude-15.com\/fr\/le-corridor-energetique-guyane-suriname-redessine-la-geographie-maritime-des-caraibes\/#article\",\"isPartOf\":{\"@id\":\"https:\/\/www.latitude-15.com\/fr\/le-corridor-energetique-guyane-suriname-redessine-la-geographie-maritime-des-caraibes\/\"},\"author\":{\"name\":\"Joda J\",\"@id\":\"https:\/\/www.latitude-15.com\/fr\/#\/schema\/person\/dac52e7ff44c78317f337da112e37252\"},\"headline\":\"Le corridor \u00e9nerg\u00e9tique Guyane-Suriname redessine la g\u00e9ographie maritime des Cara\u00efbes\",\"datePublished\":\"2026-03-03T01:30:00+00:00\",\"dateModified\":\"2026-03-03T19:18:38+00:00\",\"mainEntityOfPage\":{\"@id\":\"https:\/\/www.latitude-15.com\/fr\/le-corridor-energetique-guyane-suriname-redessine-la-geographie-maritime-des-caraibes\/\"},\"wordCount\":1446,\"commentCount\":0,\"publisher\":{\"@id\":\"https:\/\/www.latitude-15.com\/fr\/#organization\"},\"image\":{\"@id\":\"https:\/\/www.latitude-15.com\/fr\/le-corridor-energetique-guyane-suriname-redessine-la-geographie-maritime-des-caraibes\/#primaryimage\"},\"thumbnailUrl\":\"https:\/\/www.latitude-15.com\/wp-content\/uploads\/2026\/03\/img5698T7R67R.png\",\"articleSection\":[\"Connectivit\u00e9 maritime &amp; mobilit\u00e9\",\"MARITIME\"],\"inLanguage\":\"fr-FR\",\"potentialAction\":[{\"@type\":\"CommentAction\",\"name\":\"Comment\",\"target\":[\"https:\/\/www.latitude-15.com\/fr\/le-corridor-energetique-guyane-suriname-redessine-la-geographie-maritime-des-caraibes\/#respond\"]}]},{\"@type\":\"WebPage\",\"@id\":\"https:\/\/www.latitude-15.com\/fr\/le-corridor-energetique-guyane-suriname-redessine-la-geographie-maritime-des-caraibes\/\",\"url\":\"https:\/\/www.latitude-15.com\/fr\/le-corridor-energetique-guyane-suriname-redessine-la-geographie-maritime-des-caraibes\/\",\"name\":\"Le corridor \u00e9nerg\u00e9tique Guyane-Suriname redessine la g\u00e9ographie maritime des Cara\u00efbes - LATITUDE 15\",\"isPartOf\":{\"@id\":\"https:\/\/www.latitude-15.com\/fr\/#website\"},\"primaryImageOfPage\":{\"@id\":\"https:\/\/www.latitude-15.com\/fr\/le-corridor-energetique-guyane-suriname-redessine-la-geographie-maritime-des-caraibes\/#primaryimage\"},\"image\":{\"@id\":\"https:\/\/www.latitude-15.com\/fr\/le-corridor-energetique-guyane-suriname-redessine-la-geographie-maritime-des-caraibes\/#primaryimage\"},\"thumbnailUrl\":\"https:\/\/www.latitude-15.com\/wp-content\/uploads\/2026\/03\/img5698T7R67R.png\",\"datePublished\":\"2026-03-03T01:30:00+00:00\",\"dateModified\":\"2026-03-03T19:18:38+00:00\",\"breadcrumb\":{\"@id\":\"https:\/\/www.latitude-15.com\/fr\/le-corridor-energetique-guyane-suriname-redessine-la-geographie-maritime-des-caraibes\/#breadcrumb\"},\"inLanguage\":\"fr-FR\",\"potentialAction\":[{\"@type\":\"ReadAction\",\"target\":[\"https:\/\/www.latitude-15.com\/fr\/le-corridor-energetique-guyane-suriname-redessine-la-geographie-maritime-des-caraibes\/\"]}]},{\"@type\":\"ImageObject\",\"inLanguage\":\"fr-FR\",\"@id\":\"https:\/\/www.latitude-15.com\/fr\/le-corridor-energetique-guyane-suriname-redessine-la-geographie-maritime-des-caraibes\/#primaryimage\",\"url\":\"https:\/\/www.latitude-15.com\/wp-content\/uploads\/2026\/03\/img5698T7R67R.png\",\"contentUrl\":\"https:\/\/www.latitude-15.com\/wp-content\/uploads\/2026\/03\/img5698T7R67R.png\",\"width\":1536,\"height\":1024},{\"@type\":\"BreadcrumbList\",\"@id\":\"https:\/\/www.latitude-15.com\/fr\/le-corridor-energetique-guyane-suriname-redessine-la-geographie-maritime-des-caraibes\/#breadcrumb\",\"itemListElement\":[{\"@type\":\"ListItem\",\"position\":1,\"name\":\"Home\",\"item\":\"https:\/\/www.latitude-15.com\/fr\/accueil\/\"},{\"@type\":\"ListItem\",\"position\":2,\"name\":\"Le corridor \u00e9nerg\u00e9tique Guyane-Suriname redessine la g\u00e9ographie maritime des Cara\u00efbes\"}]},{\"@type\":\"WebSite\",\"@id\":\"https:\/\/www.latitude-15.com\/fr\/#website\",\"url\":\"https:\/\/www.latitude-15.com\/fr\/\",\"name\":\"LATITUDE 15\",\"description\":\"Aviation and maritime Magazine - Caribbean &amp; Latin America\",\"publisher\":{\"@id\":\"https:\/\/www.latitude-15.com\/fr\/#organization\"},\"potentialAction\":[{\"@type\":\"SearchAction\",\"target\":{\"@type\":\"EntryPoint\",\"urlTemplate\":\"https:\/\/www.latitude-15.com\/fr\/?s={search_term_string}\"},\"query-input\":{\"@type\":\"PropertyValueSpecification\",\"valueRequired\":true,\"valueName\":\"search_term_string\"}}],\"inLanguage\":\"fr-FR\"},{\"@type\":\"Organization\",\"@id\":\"https:\/\/www.latitude-15.com\/fr\/#organization\",\"name\":\"LATITUDE 15\",\"url\":\"https:\/\/www.latitude-15.com\/fr\/\",\"logo\":{\"@type\":\"ImageObject\",\"inLanguage\":\"fr-FR\",\"@id\":\"https:\/\/www.latitude-15.com\/fr\/#\/schema\/logo\/image\/\",\"url\":\"https:\/\/www.latitude-15.com\/wp-content\/uploads\/2026\/01\/cropped-logox500px.png\",\"contentUrl\":\"https:\/\/www.latitude-15.com\/wp-content\/uploads\/2026\/01\/cropped-logox500px.png\",\"width\":62,\"height\":75,\"caption\":\"LATITUDE 15\"},\"image\":{\"@id\":\"https:\/\/www.latitude-15.com\/fr\/#\/schema\/logo\/image\/\"}},{\"@type\":\"Person\",\"@id\":\"https:\/\/www.latitude-15.com\/fr\/#\/schema\/person\/dac52e7ff44c78317f337da112e37252\",\"name\":\"Joda J\",\"image\":{\"@type\":\"ImageObject\",\"inLanguage\":\"fr-FR\",\"@id\":\"https:\/\/www.latitude-15.com\/fr\/#\/schema\/person\/image\/\",\"url\":\"https:\/\/secure.gravatar.com\/avatar\/6b1feae555e15404b76616f92d931d12b25ac58024f14ccb43d9d3c012e4c4cf?s=96&d=mm&r=g\",\"contentUrl\":\"https:\/\/secure.gravatar.com\/avatar\/6b1feae555e15404b76616f92d931d12b25ac58024f14ccb43d9d3c012e4c4cf?s=96&d=mm&r=g\",\"caption\":\"Joda J\"},\"url\":\"https:\/\/www.latitude-15.com\/fr\/author\/joda\/\"}]}<\/script>\n<!-- \/ Yoast SEO plugin. -->","yoast_head_json":{"title":"Le corridor \u00e9nerg\u00e9tique Guyane-Suriname redessine la g\u00e9ographie maritime des Cara\u00efbes - LATITUDE 15","robots":{"index":"index","follow":"follow","max-snippet":"max-snippet:-1","max-image-preview":"max-image-preview:large","max-video-preview":"max-video-preview:-1"},"canonical":"https:\/\/www.latitude-15.com\/fr\/le-corridor-energetique-guyane-suriname-redessine-la-geographie-maritime-des-caraibes\/","og_locale":"fr_FR","og_type":"article","og_title":"Le corridor \u00e9nerg\u00e9tique Guyane-Suriname redessine la g\u00e9ographie maritime des Cara\u00efbes - LATITUDE 15","og_description":"L\u2019acc\u00e9l\u00e9ration du d\u00e9veloppement p\u00e9trolier offshore en Guyane et au Suriname n\u2019est plus seulement une question d\u2019\u00e9nergie. Elle devient un enjeu maritime \u2014 et potentiellement structurel pour l\u2019ensemble du bassin des Cara\u00efbes. Lors de la 55e conf\u00e9rence annuelle de la CSA, les projections de fret pr\u00e9sent\u00e9es par les autorit\u00e9s portuaires du Suriname ont r\u00e9v\u00e9l\u00e9 l\u2019ampleur de [&hellip;]","og_url":"https:\/\/www.latitude-15.com\/fr\/le-corridor-energetique-guyane-suriname-redessine-la-geographie-maritime-des-caraibes\/","og_site_name":"LATITUDE 15","article_published_time":"2026-03-03T01:30:00+00:00","article_modified_time":"2026-03-03T19:18:38+00:00","og_image":[{"width":1024,"height":683,"url":"https:\/\/www.latitude-15.com\/wp-content\/uploads\/2026\/03\/img5698T7R67R-1024x683.png","type":"image\/png"}],"author":"Joda J","twitter_card":"summary_large_image","twitter_misc":{"\u00c9crit par":"Joda J","Dur\u00e9e de lecture estim\u00e9e":"7 minutes"},"schema":{"@context":"https:\/\/schema.org","@graph":[{"@type":"Article","@id":"https:\/\/www.latitude-15.com\/fr\/le-corridor-energetique-guyane-suriname-redessine-la-geographie-maritime-des-caraibes\/#article","isPartOf":{"@id":"https:\/\/www.latitude-15.com\/fr\/le-corridor-energetique-guyane-suriname-redessine-la-geographie-maritime-des-caraibes\/"},"author":{"name":"Joda J","@id":"https:\/\/www.latitude-15.com\/fr\/#\/schema\/person\/dac52e7ff44c78317f337da112e37252"},"headline":"Le corridor \u00e9nerg\u00e9tique Guyane-Suriname redessine la g\u00e9ographie maritime des Cara\u00efbes","datePublished":"2026-03-03T01:30:00+00:00","dateModified":"2026-03-03T19:18:38+00:00","mainEntityOfPage":{"@id":"https:\/\/www.latitude-15.com\/fr\/le-corridor-energetique-guyane-suriname-redessine-la-geographie-maritime-des-caraibes\/"},"wordCount":1446,"commentCount":0,"publisher":{"@id":"https:\/\/www.latitude-15.com\/fr\/#organization"},"image":{"@id":"https:\/\/www.latitude-15.com\/fr\/le-corridor-energetique-guyane-suriname-redessine-la-geographie-maritime-des-caraibes\/#primaryimage"},"thumbnailUrl":"https:\/\/www.latitude-15.com\/wp-content\/uploads\/2026\/03\/img5698T7R67R.png","articleSection":["Connectivit\u00e9 maritime &amp; mobilit\u00e9","MARITIME"],"inLanguage":"fr-FR","potentialAction":[{"@type":"CommentAction","name":"Comment","target":["https:\/\/www.latitude-15.com\/fr\/le-corridor-energetique-guyane-suriname-redessine-la-geographie-maritime-des-caraibes\/#respond"]}]},{"@type":"WebPage","@id":"https:\/\/www.latitude-15.com\/fr\/le-corridor-energetique-guyane-suriname-redessine-la-geographie-maritime-des-caraibes\/","url":"https:\/\/www.latitude-15.com\/fr\/le-corridor-energetique-guyane-suriname-redessine-la-geographie-maritime-des-caraibes\/","name":"Le corridor \u00e9nerg\u00e9tique Guyane-Suriname redessine la g\u00e9ographie maritime des Cara\u00efbes - LATITUDE 15","isPartOf":{"@id":"https:\/\/www.latitude-15.com\/fr\/#website"},"primaryImageOfPage":{"@id":"https:\/\/www.latitude-15.com\/fr\/le-corridor-energetique-guyane-suriname-redessine-la-geographie-maritime-des-caraibes\/#primaryimage"},"image":{"@id":"https:\/\/www.latitude-15.com\/fr\/le-corridor-energetique-guyane-suriname-redessine-la-geographie-maritime-des-caraibes\/#primaryimage"},"thumbnailUrl":"https:\/\/www.latitude-15.com\/wp-content\/uploads\/2026\/03\/img5698T7R67R.png","datePublished":"2026-03-03T01:30:00+00:00","dateModified":"2026-03-03T19:18:38+00:00","breadcrumb":{"@id":"https:\/\/www.latitude-15.com\/fr\/le-corridor-energetique-guyane-suriname-redessine-la-geographie-maritime-des-caraibes\/#breadcrumb"},"inLanguage":"fr-FR","potentialAction":[{"@type":"ReadAction","target":["https:\/\/www.latitude-15.com\/fr\/le-corridor-energetique-guyane-suriname-redessine-la-geographie-maritime-des-caraibes\/"]}]},{"@type":"ImageObject","inLanguage":"fr-FR","@id":"https:\/\/www.latitude-15.com\/fr\/le-corridor-energetique-guyane-suriname-redessine-la-geographie-maritime-des-caraibes\/#primaryimage","url":"https:\/\/www.latitude-15.com\/wp-content\/uploads\/2026\/03\/img5698T7R67R.png","contentUrl":"https:\/\/www.latitude-15.com\/wp-content\/uploads\/2026\/03\/img5698T7R67R.png","width":1536,"height":1024},{"@type":"BreadcrumbList","@id":"https:\/\/www.latitude-15.com\/fr\/le-corridor-energetique-guyane-suriname-redessine-la-geographie-maritime-des-caraibes\/#breadcrumb","itemListElement":[{"@type":"ListItem","position":1,"name":"Home","item":"https:\/\/www.latitude-15.com\/fr\/accueil\/"},{"@type":"ListItem","position":2,"name":"Le corridor \u00e9nerg\u00e9tique Guyane-Suriname redessine la g\u00e9ographie maritime des Cara\u00efbes"}]},{"@type":"WebSite","@id":"https:\/\/www.latitude-15.com\/fr\/#website","url":"https:\/\/www.latitude-15.com\/fr\/","name":"LATITUDE 15","description":"Aviation and maritime Magazine - Caribbean &amp; Latin America","publisher":{"@id":"https:\/\/www.latitude-15.com\/fr\/#organization"},"potentialAction":[{"@type":"SearchAction","target":{"@type":"EntryPoint","urlTemplate":"https:\/\/www.latitude-15.com\/fr\/?s={search_term_string}"},"query-input":{"@type":"PropertyValueSpecification","valueRequired":true,"valueName":"search_term_string"}}],"inLanguage":"fr-FR"},{"@type":"Organization","@id":"https:\/\/www.latitude-15.com\/fr\/#organization","name":"LATITUDE 15","url":"https:\/\/www.latitude-15.com\/fr\/","logo":{"@type":"ImageObject","inLanguage":"fr-FR","@id":"https:\/\/www.latitude-15.com\/fr\/#\/schema\/logo\/image\/","url":"https:\/\/www.latitude-15.com\/wp-content\/uploads\/2026\/01\/cropped-logox500px.png","contentUrl":"https:\/\/www.latitude-15.com\/wp-content\/uploads\/2026\/01\/cropped-logox500px.png","width":62,"height":75,"caption":"LATITUDE 15"},"image":{"@id":"https:\/\/www.latitude-15.com\/fr\/#\/schema\/logo\/image\/"}},{"@type":"Person","@id":"https:\/\/www.latitude-15.com\/fr\/#\/schema\/person\/dac52e7ff44c78317f337da112e37252","name":"Joda J","image":{"@type":"ImageObject","inLanguage":"fr-FR","@id":"https:\/\/www.latitude-15.com\/fr\/#\/schema\/person\/image\/","url":"https:\/\/secure.gravatar.com\/avatar\/6b1feae555e15404b76616f92d931d12b25ac58024f14ccb43d9d3c012e4c4cf?s=96&d=mm&r=g","contentUrl":"https:\/\/secure.gravatar.com\/avatar\/6b1feae555e15404b76616f92d931d12b25ac58024f14ccb43d9d3c012e4c4cf?s=96&d=mm&r=g","caption":"Joda J"},"url":"https:\/\/www.latitude-15.com\/fr\/author\/joda\/"}]}},"_links":{"self":[{"href":"https:\/\/www.latitude-15.com\/fr\/wp-json\/wp\/v2\/posts\/21072","targetHints":{"allow":["GET"]}}],"collection":[{"href":"https:\/\/www.latitude-15.com\/fr\/wp-json\/wp\/v2\/posts"}],"about":[{"href":"https:\/\/www.latitude-15.com\/fr\/wp-json\/wp\/v2\/types\/post"}],"author":[{"embeddable":true,"href":"https:\/\/www.latitude-15.com\/fr\/wp-json\/wp\/v2\/users\/5"}],"replies":[{"embeddable":true,"href":"https:\/\/www.latitude-15.com\/fr\/wp-json\/wp\/v2\/comments?post=21072"}],"version-history":[{"count":1,"href":"https:\/\/www.latitude-15.com\/fr\/wp-json\/wp\/v2\/posts\/21072\/revisions"}],"predecessor-version":[{"id":21073,"href":"https:\/\/www.latitude-15.com\/fr\/wp-json\/wp\/v2\/posts\/21072\/revisions\/21073"}],"wp:featuredmedia":[{"embeddable":true,"href":"https:\/\/www.latitude-15.com\/fr\/wp-json\/wp\/v2\/media\/21071"}],"wp:attachment":[{"href":"https:\/\/www.latitude-15.com\/fr\/wp-json\/wp\/v2\/media?parent=21072"}],"wp:term":[{"taxonomy":"category","embeddable":true,"href":"https:\/\/www.latitude-15.com\/fr\/wp-json\/wp\/v2\/categories?post=21072"},{"taxonomy":"post_tag","embeddable":true,"href":"https:\/\/www.latitude-15.com\/fr\/wp-json\/wp\/v2\/tags?post=21072"}],"curies":[{"name":"wp","href":"https:\/\/api.w.org\/{rel}","templated":true}]}}