{"id":21022,"date":"2026-03-02T08:58:00","date_gmt":"2026-03-02T12:58:00","guid":{"rendered":"https:\/\/www.latitude-15.com\/la-gouvernance-definira-la-prochaine-generation-de-ports-caribeens\/"},"modified":"2026-03-04T02:27:25","modified_gmt":"2026-03-04T06:27:25","slug":"la-gouvernance-definira-la-prochaine-generation-de-ports-caribeens","status":"publish","type":"post","link":"https:\/\/www.latitude-15.com\/fr\/la-gouvernance-definira-la-prochaine-generation-de-ports-caribeens\/","title":{"rendered":"La gouvernance d\u00e9finira la prochaine g\u00e9n\u00e9ration de ports carib\u00e9ens"},"content":{"rendered":"\n<p>La comp\u00e9titivit\u00e9 future des ports carib\u00e9ens ne sera pas principalement d\u00e9termin\u00e9e par les grues, les terminaux ou les plateformes num\u00e9riques. Elle sera d\u00e9termin\u00e9e par la gouvernance. <\/p>\n\n<p>Lors de la 55\u1d49 conf\u00e9rence annuelle de la Caribbean Shipping Association (CSA), les discussions sur la digitalisation, les Port Community Systems (PCS), la modernisation douani\u00e8re et l\u2019efficacit\u00e9 des cha\u00eenes logistiques ont converg\u00e9 vers un constat structurel plus profond. La technologie progresse dans la r\u00e9gion. L\u2019alignement institutionnel, lui, demeure insuffisant.  <\/p>\n\n<p>Alors que les volumes de fret s\u2019acc\u00e9l\u00e8rent \u2014 notamment le long du corridor \u00e9nerg\u00e9tique Guyana\u2013Suriname \u2014 et que les pressions r\u00e9glementaires s\u2019intensifient sous l\u2019effet des mandats de d\u00e9carbonation et des exigences d\u2019adaptation climatique, les ports carib\u00e9ens entrent dans une phase de complexit\u00e9 accrue. Dans ce contexte, des cadres de gouvernance fragment\u00e9s, des mandats juridiques incomplets et une int\u00e9gration douani\u00e8re in\u00e9gale constituent des freins plus importants que l\u2019absence d\u2019outils num\u00e9riques. <\/p>\n\n<p>La prochaine g\u00e9n\u00e9ration de ports carib\u00e9ens sera moins d\u00e9finie par la rapidit\u00e9 d\u2019adoption technologique que par la profondeur des r\u00e9formes institutionnelles engag\u00e9es.<\/p>\n\n<h2 class=\"wp-block-heading\">La promesse num\u00e9rique est tangible<\/h2>\n\n<p>L\u2019int\u00e9r\u00eat des Port Community Systems (PCS) en mati\u00e8re d\u2019efficacit\u00e9 est largement document\u00e9. Un PCS constitue une plateforme \u00e9lectronique neutre permettant une soumission unique des donn\u00e9es et un \u00e9change s\u00e9curis\u00e9 d\u2019informations entre acteurs publics et priv\u00e9s au sein de l\u2019\u00e9cosyst\u00e8me portuaire. <\/p>\n\n<p>Les r\u00e9f\u00e9rences internationales pr\u00e9sent\u00e9es lors de la conf\u00e9rence illustrent l\u2019ampleur des gains potentiels. Le syst\u00e8me Portbase aux Pays-Bas g\u00e9n\u00e8re environ 59 millions de dollars d\u2019\u00e9conomies annuelles. En Jama\u00efque, le PCS repr\u00e9sente environ 13 millions de dollars d\u2019\u00e9conomies par an. \u00c0 Singapour, Portnet a g\u00e9n\u00e9r\u00e9 pr\u00e8s de 80 millions de dollars d\u2019\u00e9conomies sur trois ans.   <\/p>\n\n<p>Ces gains ne sont pas marginaux. Ils traduisent des r\u00e9ductions structurelles des co\u00fbts de transaction, des gains de temps et une meilleure pr\u00e9visibilit\u00e9 logistique. <\/p>\n\n<p>Pourtant, la r\u00e9gion carib\u00e9enne n\u2019a pas reproduit ces impacts \u00e0 grande \u00e9chelle.<\/p>\n\n<p>Selon l\u2019analyse r\u00e9gionale pr\u00e9sent\u00e9e par la Banque interam\u00e9ricaine de d\u00e9veloppement (BID), de nombreux ports d\u2019Am\u00e9rique latine et des Cara\u00efbes fonctionnent encore principalement comme des centres de manutention, et non comme des n\u0153uds int\u00e9gr\u00e9s de la cha\u00eene logistique. Des solutions de ports intelligents \u00e9mergent, mais des lacunes d\u2019interop\u00e9rabilit\u00e9 persistent. Les contraintes de financement freinent la modernisation, notamment dans les petites \u00e9conomies insulaires. Les r\u00e9formes de gouvernance restent in\u00e9gales et les d\u00e9ficits de transparence continuent d\u2019affecter la performance. Les syst\u00e8mes num\u00e9riques existent. L\u2019alignement institutionnel, souvent, non.     <\/p>\n\n<h2 class=\"wp-block-heading\"><strong>Les mod\u00e8les de gouvernance conditionnent les r\u00e9sultats<\/strong><\/h2>\n\n<p>L\u2019un des enseignements majeurs issus de la CSA 2025 est que la mise en place d\u2019un Port Community System n\u2019est pas un projet informatique. C\u2019est un projet de gouvernance. <\/p>\n\n<p>Les mod\u00e8les performants \u00e0 l\u2019international reposent sur des structures de propri\u00e9t\u00e9 claires, des m\u00e9canismes de participation obligatoire et une s\u00e9curit\u00e9 juridique concernant la protection des donn\u00e9es, la responsabilit\u00e9 et la cybers\u00e9curit\u00e9. Les sch\u00e9mas varient \u2014 pilotage centralis\u00e9 par l\u2019\u00c9tat, partenariats public-priv\u00e9 ou entit\u00e9s hybrides \u2014 mais la confiance des parties prenantes, l\u2019alignement l\u00e9gislatif et la viabilit\u00e9 financi\u00e8re de long terme constituent des facteurs communs aux syst\u00e8mes les plus efficaces.  <\/p>\n\n<p>Dans le contexte carib\u00e9en, plusieurs obstacles structurels reviennent r\u00e9guli\u00e8rement. La l\u00e9gislation sur la protection des donn\u00e9es est souvent incompl\u00e8te ou obsol\u00e8te. Les m\u00e9canismes rendant la participation obligatoire font d\u00e9faut, entra\u00eenant une adoption partielle des syst\u00e8mes. L\u2019int\u00e9gration douani\u00e8re demeure complexe. Les cadres juridiques relatifs \u00e0 la cybers\u00e9curit\u00e9 et \u00e0 la responsabilit\u00e9 num\u00e9rique ne sont pas harmonis\u00e9s.    <\/p>\n\n<p>Sans s\u00e9curit\u00e9 juridique et coordination institutionnelle, les plateformes num\u00e9riques ne peuvent produire d\u2019efficacit\u00e9 syst\u00e9mique. Elles risquent de devenir des couches administratives suppl\u00e9mentaires plut\u00f4t qu\u2019une infrastructure transformative. La technologie acc\u00e9l\u00e8re les processus. La gouvernance d\u00e9termine leur coh\u00e9rence.   <\/p>\n\n<h2 class=\"wp-block-heading\">La modernisation douani\u00e8re, maillon central<\/h2>\n\n<p>Les autorit\u00e9s douani\u00e8res occupent une position strat\u00e9gique dans l\u2019\u00e9cosyst\u00e8me maritime. Elles per\u00e7oivent les recettes, appliquent les r\u00e8gles commerciales et g\u00e8rent les risques s\u00e9curitaires. Les administrations douani\u00e8res modernes s\u2019appuient d\u00e9sormais sur des syst\u00e8mes de gestion des risques, des guichets uniques \u00e9lectroniques, des dispositifs coordonn\u00e9s de gestion des fronti\u00e8res et une prise de d\u00e9cision fond\u00e9e sur les donn\u00e9es.  <\/p>\n\n<p>Le cadre normatif international \u2014 incluant l\u2019Accord sur la facilitation des \u00e9changes de l\u2019OMC et les instruments de l\u2019Organisation mondiale des douanes (OMD) tels que le SAFE Framework et les programmes d\u2019Op\u00e9rateur \u00c9conomique Agr\u00e9\u00e9 (OEA) \u2014 fournit une feuille de route claire. Toutefois, la mise en \u0153uvre r\u00e9gionale demeure h\u00e9t\u00e9rog\u00e8ne. <\/p>\n\n<p>Lorsque les processus douaniers ne sont pas pleinement int\u00e9gr\u00e9s \u00e0 l\u2019architecture des PCS, les gains num\u00e9riques s\u2019\u00e9rodent. Lorsque les syst\u00e8mes de gestion des risques ne sont pas harmonis\u00e9s entre agences, les d\u00e9lais de d\u00e9douanement restent impr\u00e9visibles. Lorsque les mandats juridiques relatifs \u00e0 la documentation \u00e9lectronique sont incomplets, les redondances papier persistent.  <\/p>\n\n<p>La digitalisation sans r\u00e9forme douani\u00e8re g\u00e9n\u00e8re des frictions. La r\u00e9forme douani\u00e8re sans int\u00e9gration num\u00e9rique limite l\u2019\u00e9chelle des gains. Les deux dynamiques doivent progresser conjointement.  <\/p>\n\n<h2 class=\"wp-block-heading\">Financement, \u00e9chelle et capacit\u00e9 institutionnelle<\/h2>\n\n<p>Un autre enjeu majeur \u00e9voqu\u00e9 concerne le financement et la capacit\u00e9 institutionnelle. Les d\u00e9ficits d\u2019investissement restent significatifs, en particulier pour les petites \u00e9conomies insulaires. Les besoins en adaptation climatique, les travaux de dragage et les mises \u00e0 niveau logistiques multimodales mobilisent des ressources publiques limit\u00e9es.  <\/p>\n\n<p>Dans ce contexte, les investissements num\u00e9riques peuvent \u00eatre fragment\u00e9s ou rel\u00e9gu\u00e9s au second plan. Les partenariats public-priv\u00e9 offrent des solutions potentielles, \u00e0 condition que les cadres r\u00e9glementaires soient stables et que l\u2019alignement des parties prenantes soit assur\u00e9. <\/p>\n\n<p>Les contraintes en capital humain compliquent \u00e9galement la transformation. Les syst\u00e8mes li\u00e9s \u00e0 l\u2019Industrie 4.0 requi\u00e8rent des comp\u00e9tences en cybers\u00e9curit\u00e9, en gouvernance des donn\u00e9es et en ing\u00e9nierie num\u00e9rique qui ne sont pas uniform\u00e9ment disponibles dans la r\u00e9gion. L\u2019acquisition technologique peut \u00eatre rapide. Le renforcement des capacit\u00e9s institutionnelles l\u2019est rarement.   <\/p>\n\n<h2 class=\"wp-block-heading\">Le risque strat\u00e9gique de la modernisation partielle<\/h2>\n\n<p>Le risque pour les ports carib\u00e9ens n\u2019est pas l\u2019absence de modernisation technologique. C\u2019est la modernisation incompl\u00e8te. Un port qui adopte des outils num\u00e9riques sans harmonisation juridique, sans int\u00e9gration douani\u00e8re et sans m\u00e9canisme obligatoire de participation risque de cr\u00e9er des \u00eelots d\u2019efficacit\u00e9 dans un environnement globalement fragment\u00e9. Les armateurs et op\u00e9rateurs logistiques privil\u00e9gieront les hubs offrant pr\u00e9visibilit\u00e9 et coh\u00e9rence institutionnelle.   <\/p>\n\n<p>Dans un contexte d\u2019acc\u00e9l\u00e9ration des volumes \u2014 notamment le long du corridor \u00e9nerg\u00e9tique Guyana\u2013Suriname \u2014 les lacunes institutionnelles deviennent plus visibles. L\u2019augmentation des volumes amplifie les inefficacit\u00e9s. Les pressions li\u00e9es \u00e0 la d\u00e9carbonation et aux \u00e9volutions du commerce mondial renforcent encore la complexit\u00e9.  <\/p>\n\n<p>L\u2019\u00e9cart de comp\u00e9titivit\u00e9 entre les \u00e9cosyst\u00e8mes portuaires int\u00e9gr\u00e9s et les environnements fragment\u00e9s est appel\u00e9 \u00e0 se creuser.<\/p>\n\n<h2 class=\"wp-block-heading\">R\u00e9former avant la technologie, et non l\u2019inverse<\/h2>\n\n<p>La CSA 2025 a mis en \u00e9vidence que le secteur maritime carib\u00e9en entre dans une phase d\u2019acc\u00e9l\u00e9ration structurelle. Expansion \u00e9nerg\u00e9tique, exposition climatique et exigences de d\u00e9carbonation convergent. Les outils num\u00e9riques sont indispensables dans cet environnement. Mais ils ne constituent pas le socle. La gouvernance constitue le socle.    <\/p>\n\n<p>Les ports qui prioriseront l\u2019alignement juridique, la participation obligatoire, la modernisation douani\u00e8re et des structures de gouvernance transparentes pourront tirer pleinement parti des syst\u00e8mes num\u00e9riques. Ceux qui consid\u00e9reront la digitalisation comme une simple mise \u00e0 niveau technique risquent de voir la technologie d\u00e9passer leur capacit\u00e9 institutionnelle. <\/p>\n\n<p>La r\u00e9gion carib\u00e9enne ne manque pas d\u2019ambition num\u00e9rique. Elle doit d\u00e9sormais l\u2019arrimer \u00e0 une r\u00e9forme institutionnelle coh\u00e9rente. <\/p>\n\n<p>La technologie, \u00e0 elle seule, ne transformera pas les ports carib\u00e9ens. La gouvernance d\u00e9terminera si elle devient un multiplicateur de comp\u00e9titivit\u00e9 \u2014 ou une occasion manqu\u00e9e. <\/p>\n\n<p class=\"has-text-align-center\">\u2014<\/p>\n\n<p class=\"has-text-align-right\"><em>En savoir plus sur la<a href=\"https:\/\/www.latitude-15.com\/fr\/csa-2025-marque-un-point-dinflexion-strategique-pour-la-competitivite-maritime-caribeenne\/\"> CSA 2025<\/a> ici<\/em><\/p>\n","protected":false},"excerpt":{"rendered":"<p>La comp\u00e9titivit\u00e9 future des ports carib\u00e9ens ne sera pas principalement d\u00e9termin\u00e9e par les grues, les terminaux ou les plateformes num\u00e9riques. Elle sera d\u00e9termin\u00e9e par la gouvernance. Lors de la 55\u1d49 conf\u00e9rence annuelle de la Caribbean Shipping Association (CSA), les discussions sur la digitalisation, les Port Community Systems (PCS), la modernisation douani\u00e8re et l\u2019efficacit\u00e9 des cha\u00eenes [&hellip;]<\/p>\n","protected":false},"author":5,"featured_media":21021,"comment_status":"open","ping_status":"open","sticky":false,"template":"","format":"standard","meta":{"footnotes":""},"categories":[118,139],"tags":[],"class_list":["post-21022","post","type-post","status-publish","format-standard","has-post-thumbnail","hentry","category-maritime-fr","category-technologies-ports-intelligents"],"yoast_head":"<!-- This site is optimized with the Yoast SEO plugin v26.9 - https:\/\/yoast.com\/product\/yoast-seo-wordpress\/ -->\n<title>La gouvernance d\u00e9finira la prochaine g\u00e9n\u00e9ration de ports carib\u00e9ens - LATITUDE 15<\/title>\n<meta name=\"robots\" content=\"index, follow, max-snippet:-1, max-image-preview:large, max-video-preview:-1\" \/>\n<link rel=\"canonical\" href=\"https:\/\/www.latitude-15.com\/fr\/la-gouvernance-definira-la-prochaine-generation-de-ports-caribeens\/\" \/>\n<meta property=\"og:locale\" content=\"fr_FR\" \/>\n<meta property=\"og:type\" content=\"article\" \/>\n<meta property=\"og:title\" content=\"La gouvernance d\u00e9finira la prochaine g\u00e9n\u00e9ration de ports carib\u00e9ens - LATITUDE 15\" \/>\n<meta property=\"og:description\" content=\"La comp\u00e9titivit\u00e9 future des ports carib\u00e9ens ne sera pas principalement d\u00e9termin\u00e9e par les grues, les terminaux ou les plateformes num\u00e9riques. Elle sera d\u00e9termin\u00e9e par la gouvernance. Lors de la 55\u1d49 conf\u00e9rence annuelle de la Caribbean Shipping Association (CSA), les discussions sur la digitalisation, les Port Community Systems (PCS), la modernisation douani\u00e8re et l\u2019efficacit\u00e9 des cha\u00eenes [&hellip;]\" \/>\n<meta property=\"og:url\" content=\"https:\/\/www.latitude-15.com\/fr\/la-gouvernance-definira-la-prochaine-generation-de-ports-caribeens\/\" \/>\n<meta property=\"og:site_name\" content=\"LATITUDE 15\" \/>\n<meta property=\"article:published_time\" content=\"2026-03-02T12:58:00+00:00\" \/>\n<meta property=\"article:modified_time\" content=\"2026-03-04T06:27:25+00:00\" \/>\n<meta property=\"og:image\" content=\"https:\/\/www.latitude-15.com\/wp-content\/uploads\/2026\/03\/img2749202-1.png\" \/>\n\t<meta property=\"og:image:width\" content=\"1536\" \/>\n\t<meta property=\"og:image:height\" content=\"1024\" \/>\n\t<meta property=\"og:image:type\" content=\"image\/png\" \/>\n<meta name=\"author\" content=\"Joda J\" \/>\n<meta name=\"twitter:card\" content=\"summary_large_image\" \/>\n<meta name=\"twitter:label1\" content=\"\u00c9crit par\" \/>\n\t<meta name=\"twitter:data1\" content=\"Joda J\" \/>\n\t<meta name=\"twitter:label2\" content=\"Dur\u00e9e de lecture estim\u00e9e\" \/>\n\t<meta name=\"twitter:data2\" content=\"7 minutes\" \/>\n<script type=\"application\/ld+json\" class=\"yoast-schema-graph\">{\"@context\":\"https:\/\/schema.org\",\"@graph\":[{\"@type\":\"Article\",\"@id\":\"https:\/\/www.latitude-15.com\/fr\/la-gouvernance-definira-la-prochaine-generation-de-ports-caribeens\/#article\",\"isPartOf\":{\"@id\":\"https:\/\/www.latitude-15.com\/fr\/la-gouvernance-definira-la-prochaine-generation-de-ports-caribeens\/\"},\"author\":{\"name\":\"Joda J\",\"@id\":\"https:\/\/www.latitude-15.com\/fr\/#\/schema\/person\/dac52e7ff44c78317f337da112e37252\"},\"headline\":\"La gouvernance d\u00e9finira la prochaine g\u00e9n\u00e9ration de ports carib\u00e9ens\",\"datePublished\":\"2026-03-02T12:58:00+00:00\",\"dateModified\":\"2026-03-04T06:27:25+00:00\",\"mainEntityOfPage\":{\"@id\":\"https:\/\/www.latitude-15.com\/fr\/la-gouvernance-definira-la-prochaine-generation-de-ports-caribeens\/\"},\"wordCount\":1432,\"commentCount\":0,\"publisher\":{\"@id\":\"https:\/\/www.latitude-15.com\/fr\/#organization\"},\"image\":{\"@id\":\"https:\/\/www.latitude-15.com\/fr\/la-gouvernance-definira-la-prochaine-generation-de-ports-caribeens\/#primaryimage\"},\"thumbnailUrl\":\"https:\/\/www.latitude-15.com\/wp-content\/uploads\/2026\/03\/img2749202-1.png\",\"articleSection\":[\"MARITIME\",\"Technologies &amp; ports intelligents\"],\"inLanguage\":\"fr-FR\",\"potentialAction\":[{\"@type\":\"CommentAction\",\"name\":\"Comment\",\"target\":[\"https:\/\/www.latitude-15.com\/fr\/la-gouvernance-definira-la-prochaine-generation-de-ports-caribeens\/#respond\"]}]},{\"@type\":\"WebPage\",\"@id\":\"https:\/\/www.latitude-15.com\/fr\/la-gouvernance-definira-la-prochaine-generation-de-ports-caribeens\/\",\"url\":\"https:\/\/www.latitude-15.com\/fr\/la-gouvernance-definira-la-prochaine-generation-de-ports-caribeens\/\",\"name\":\"La gouvernance d\u00e9finira la prochaine g\u00e9n\u00e9ration de ports carib\u00e9ens - LATITUDE 15\",\"isPartOf\":{\"@id\":\"https:\/\/www.latitude-15.com\/fr\/#website\"},\"primaryImageOfPage\":{\"@id\":\"https:\/\/www.latitude-15.com\/fr\/la-gouvernance-definira-la-prochaine-generation-de-ports-caribeens\/#primaryimage\"},\"image\":{\"@id\":\"https:\/\/www.latitude-15.com\/fr\/la-gouvernance-definira-la-prochaine-generation-de-ports-caribeens\/#primaryimage\"},\"thumbnailUrl\":\"https:\/\/www.latitude-15.com\/wp-content\/uploads\/2026\/03\/img2749202-1.png\",\"datePublished\":\"2026-03-02T12:58:00+00:00\",\"dateModified\":\"2026-03-04T06:27:25+00:00\",\"breadcrumb\":{\"@id\":\"https:\/\/www.latitude-15.com\/fr\/la-gouvernance-definira-la-prochaine-generation-de-ports-caribeens\/#breadcrumb\"},\"inLanguage\":\"fr-FR\",\"potentialAction\":[{\"@type\":\"ReadAction\",\"target\":[\"https:\/\/www.latitude-15.com\/fr\/la-gouvernance-definira-la-prochaine-generation-de-ports-caribeens\/\"]}]},{\"@type\":\"ImageObject\",\"inLanguage\":\"fr-FR\",\"@id\":\"https:\/\/www.latitude-15.com\/fr\/la-gouvernance-definira-la-prochaine-generation-de-ports-caribeens\/#primaryimage\",\"url\":\"https:\/\/www.latitude-15.com\/wp-content\/uploads\/2026\/03\/img2749202-1.png\",\"contentUrl\":\"https:\/\/www.latitude-15.com\/wp-content\/uploads\/2026\/03\/img2749202-1.png\",\"width\":1536,\"height\":1024,\"caption\":\"CSA 2025\"},{\"@type\":\"BreadcrumbList\",\"@id\":\"https:\/\/www.latitude-15.com\/fr\/la-gouvernance-definira-la-prochaine-generation-de-ports-caribeens\/#breadcrumb\",\"itemListElement\":[{\"@type\":\"ListItem\",\"position\":1,\"name\":\"Home\",\"item\":\"https:\/\/www.latitude-15.com\/fr\/accueil\/\"},{\"@type\":\"ListItem\",\"position\":2,\"name\":\"La gouvernance d\u00e9finira la prochaine g\u00e9n\u00e9ration de ports carib\u00e9ens\"}]},{\"@type\":\"WebSite\",\"@id\":\"https:\/\/www.latitude-15.com\/fr\/#website\",\"url\":\"https:\/\/www.latitude-15.com\/fr\/\",\"name\":\"LATITUDE 15\",\"description\":\"Aviation and maritime Magazine - Caribbean &amp; Latin America\",\"publisher\":{\"@id\":\"https:\/\/www.latitude-15.com\/fr\/#organization\"},\"potentialAction\":[{\"@type\":\"SearchAction\",\"target\":{\"@type\":\"EntryPoint\",\"urlTemplate\":\"https:\/\/www.latitude-15.com\/fr\/?s={search_term_string}\"},\"query-input\":{\"@type\":\"PropertyValueSpecification\",\"valueRequired\":true,\"valueName\":\"search_term_string\"}}],\"inLanguage\":\"fr-FR\"},{\"@type\":\"Organization\",\"@id\":\"https:\/\/www.latitude-15.com\/fr\/#organization\",\"name\":\"LATITUDE 15\",\"url\":\"https:\/\/www.latitude-15.com\/fr\/\",\"logo\":{\"@type\":\"ImageObject\",\"inLanguage\":\"fr-FR\",\"@id\":\"https:\/\/www.latitude-15.com\/fr\/#\/schema\/logo\/image\/\",\"url\":\"https:\/\/www.latitude-15.com\/wp-content\/uploads\/2026\/01\/cropped-logox500px.png\",\"contentUrl\":\"https:\/\/www.latitude-15.com\/wp-content\/uploads\/2026\/01\/cropped-logox500px.png\",\"width\":62,\"height\":75,\"caption\":\"LATITUDE 15\"},\"image\":{\"@id\":\"https:\/\/www.latitude-15.com\/fr\/#\/schema\/logo\/image\/\"}},{\"@type\":\"Person\",\"@id\":\"https:\/\/www.latitude-15.com\/fr\/#\/schema\/person\/dac52e7ff44c78317f337da112e37252\",\"name\":\"Joda J\",\"image\":{\"@type\":\"ImageObject\",\"inLanguage\":\"fr-FR\",\"@id\":\"https:\/\/www.latitude-15.com\/fr\/#\/schema\/person\/image\/\",\"url\":\"https:\/\/secure.gravatar.com\/avatar\/6b1feae555e15404b76616f92d931d12b25ac58024f14ccb43d9d3c012e4c4cf?s=96&d=mm&r=g\",\"contentUrl\":\"https:\/\/secure.gravatar.com\/avatar\/6b1feae555e15404b76616f92d931d12b25ac58024f14ccb43d9d3c012e4c4cf?s=96&d=mm&r=g\",\"caption\":\"Joda J\"},\"url\":\"https:\/\/www.latitude-15.com\/fr\/author\/joda\/\"}]}<\/script>\n<!-- \/ Yoast SEO plugin. -->","yoast_head_json":{"title":"La gouvernance d\u00e9finira la prochaine g\u00e9n\u00e9ration de ports carib\u00e9ens - LATITUDE 15","robots":{"index":"index","follow":"follow","max-snippet":"max-snippet:-1","max-image-preview":"max-image-preview:large","max-video-preview":"max-video-preview:-1"},"canonical":"https:\/\/www.latitude-15.com\/fr\/la-gouvernance-definira-la-prochaine-generation-de-ports-caribeens\/","og_locale":"fr_FR","og_type":"article","og_title":"La gouvernance d\u00e9finira la prochaine g\u00e9n\u00e9ration de ports carib\u00e9ens - LATITUDE 15","og_description":"La comp\u00e9titivit\u00e9 future des ports carib\u00e9ens ne sera pas principalement d\u00e9termin\u00e9e par les grues, les terminaux ou les plateformes num\u00e9riques. Elle sera d\u00e9termin\u00e9e par la gouvernance. Lors de la 55\u1d49 conf\u00e9rence annuelle de la Caribbean Shipping Association (CSA), les discussions sur la digitalisation, les Port Community Systems (PCS), la modernisation douani\u00e8re et l\u2019efficacit\u00e9 des cha\u00eenes [&hellip;]","og_url":"https:\/\/www.latitude-15.com\/fr\/la-gouvernance-definira-la-prochaine-generation-de-ports-caribeens\/","og_site_name":"LATITUDE 15","article_published_time":"2026-03-02T12:58:00+00:00","article_modified_time":"2026-03-04T06:27:25+00:00","og_image":[{"width":1536,"height":1024,"url":"https:\/\/www.latitude-15.com\/wp-content\/uploads\/2026\/03\/img2749202-1.png","type":"image\/png"}],"author":"Joda J","twitter_card":"summary_large_image","twitter_misc":{"\u00c9crit par":"Joda J","Dur\u00e9e de lecture estim\u00e9e":"7 minutes"},"schema":{"@context":"https:\/\/schema.org","@graph":[{"@type":"Article","@id":"https:\/\/www.latitude-15.com\/fr\/la-gouvernance-definira-la-prochaine-generation-de-ports-caribeens\/#article","isPartOf":{"@id":"https:\/\/www.latitude-15.com\/fr\/la-gouvernance-definira-la-prochaine-generation-de-ports-caribeens\/"},"author":{"name":"Joda J","@id":"https:\/\/www.latitude-15.com\/fr\/#\/schema\/person\/dac52e7ff44c78317f337da112e37252"},"headline":"La gouvernance d\u00e9finira la prochaine g\u00e9n\u00e9ration de ports carib\u00e9ens","datePublished":"2026-03-02T12:58:00+00:00","dateModified":"2026-03-04T06:27:25+00:00","mainEntityOfPage":{"@id":"https:\/\/www.latitude-15.com\/fr\/la-gouvernance-definira-la-prochaine-generation-de-ports-caribeens\/"},"wordCount":1432,"commentCount":0,"publisher":{"@id":"https:\/\/www.latitude-15.com\/fr\/#organization"},"image":{"@id":"https:\/\/www.latitude-15.com\/fr\/la-gouvernance-definira-la-prochaine-generation-de-ports-caribeens\/#primaryimage"},"thumbnailUrl":"https:\/\/www.latitude-15.com\/wp-content\/uploads\/2026\/03\/img2749202-1.png","articleSection":["MARITIME","Technologies &amp; ports intelligents"],"inLanguage":"fr-FR","potentialAction":[{"@type":"CommentAction","name":"Comment","target":["https:\/\/www.latitude-15.com\/fr\/la-gouvernance-definira-la-prochaine-generation-de-ports-caribeens\/#respond"]}]},{"@type":"WebPage","@id":"https:\/\/www.latitude-15.com\/fr\/la-gouvernance-definira-la-prochaine-generation-de-ports-caribeens\/","url":"https:\/\/www.latitude-15.com\/fr\/la-gouvernance-definira-la-prochaine-generation-de-ports-caribeens\/","name":"La gouvernance d\u00e9finira la prochaine g\u00e9n\u00e9ration de ports carib\u00e9ens - LATITUDE 15","isPartOf":{"@id":"https:\/\/www.latitude-15.com\/fr\/#website"},"primaryImageOfPage":{"@id":"https:\/\/www.latitude-15.com\/fr\/la-gouvernance-definira-la-prochaine-generation-de-ports-caribeens\/#primaryimage"},"image":{"@id":"https:\/\/www.latitude-15.com\/fr\/la-gouvernance-definira-la-prochaine-generation-de-ports-caribeens\/#primaryimage"},"thumbnailUrl":"https:\/\/www.latitude-15.com\/wp-content\/uploads\/2026\/03\/img2749202-1.png","datePublished":"2026-03-02T12:58:00+00:00","dateModified":"2026-03-04T06:27:25+00:00","breadcrumb":{"@id":"https:\/\/www.latitude-15.com\/fr\/la-gouvernance-definira-la-prochaine-generation-de-ports-caribeens\/#breadcrumb"},"inLanguage":"fr-FR","potentialAction":[{"@type":"ReadAction","target":["https:\/\/www.latitude-15.com\/fr\/la-gouvernance-definira-la-prochaine-generation-de-ports-caribeens\/"]}]},{"@type":"ImageObject","inLanguage":"fr-FR","@id":"https:\/\/www.latitude-15.com\/fr\/la-gouvernance-definira-la-prochaine-generation-de-ports-caribeens\/#primaryimage","url":"https:\/\/www.latitude-15.com\/wp-content\/uploads\/2026\/03\/img2749202-1.png","contentUrl":"https:\/\/www.latitude-15.com\/wp-content\/uploads\/2026\/03\/img2749202-1.png","width":1536,"height":1024,"caption":"CSA 2025"},{"@type":"BreadcrumbList","@id":"https:\/\/www.latitude-15.com\/fr\/la-gouvernance-definira-la-prochaine-generation-de-ports-caribeens\/#breadcrumb","itemListElement":[{"@type":"ListItem","position":1,"name":"Home","item":"https:\/\/www.latitude-15.com\/fr\/accueil\/"},{"@type":"ListItem","position":2,"name":"La gouvernance d\u00e9finira la prochaine g\u00e9n\u00e9ration de ports carib\u00e9ens"}]},{"@type":"WebSite","@id":"https:\/\/www.latitude-15.com\/fr\/#website","url":"https:\/\/www.latitude-15.com\/fr\/","name":"LATITUDE 15","description":"Aviation and maritime Magazine - Caribbean &amp; Latin America","publisher":{"@id":"https:\/\/www.latitude-15.com\/fr\/#organization"},"potentialAction":[{"@type":"SearchAction","target":{"@type":"EntryPoint","urlTemplate":"https:\/\/www.latitude-15.com\/fr\/?s={search_term_string}"},"query-input":{"@type":"PropertyValueSpecification","valueRequired":true,"valueName":"search_term_string"}}],"inLanguage":"fr-FR"},{"@type":"Organization","@id":"https:\/\/www.latitude-15.com\/fr\/#organization","name":"LATITUDE 15","url":"https:\/\/www.latitude-15.com\/fr\/","logo":{"@type":"ImageObject","inLanguage":"fr-FR","@id":"https:\/\/www.latitude-15.com\/fr\/#\/schema\/logo\/image\/","url":"https:\/\/www.latitude-15.com\/wp-content\/uploads\/2026\/01\/cropped-logox500px.png","contentUrl":"https:\/\/www.latitude-15.com\/wp-content\/uploads\/2026\/01\/cropped-logox500px.png","width":62,"height":75,"caption":"LATITUDE 15"},"image":{"@id":"https:\/\/www.latitude-15.com\/fr\/#\/schema\/logo\/image\/"}},{"@type":"Person","@id":"https:\/\/www.latitude-15.com\/fr\/#\/schema\/person\/dac52e7ff44c78317f337da112e37252","name":"Joda J","image":{"@type":"ImageObject","inLanguage":"fr-FR","@id":"https:\/\/www.latitude-15.com\/fr\/#\/schema\/person\/image\/","url":"https:\/\/secure.gravatar.com\/avatar\/6b1feae555e15404b76616f92d931d12b25ac58024f14ccb43d9d3c012e4c4cf?s=96&d=mm&r=g","contentUrl":"https:\/\/secure.gravatar.com\/avatar\/6b1feae555e15404b76616f92d931d12b25ac58024f14ccb43d9d3c012e4c4cf?s=96&d=mm&r=g","caption":"Joda J"},"url":"https:\/\/www.latitude-15.com\/fr\/author\/joda\/"}]}},"_links":{"self":[{"href":"https:\/\/www.latitude-15.com\/fr\/wp-json\/wp\/v2\/posts\/21022","targetHints":{"allow":["GET"]}}],"collection":[{"href":"https:\/\/www.latitude-15.com\/fr\/wp-json\/wp\/v2\/posts"}],"about":[{"href":"https:\/\/www.latitude-15.com\/fr\/wp-json\/wp\/v2\/types\/post"}],"author":[{"embeddable":true,"href":"https:\/\/www.latitude-15.com\/fr\/wp-json\/wp\/v2\/users\/5"}],"replies":[{"embeddable":true,"href":"https:\/\/www.latitude-15.com\/fr\/wp-json\/wp\/v2\/comments?post=21022"}],"version-history":[{"count":2,"href":"https:\/\/www.latitude-15.com\/fr\/wp-json\/wp\/v2\/posts\/21022\/revisions"}],"predecessor-version":[{"id":21082,"href":"https:\/\/www.latitude-15.com\/fr\/wp-json\/wp\/v2\/posts\/21022\/revisions\/21082"}],"wp:featuredmedia":[{"embeddable":true,"href":"https:\/\/www.latitude-15.com\/fr\/wp-json\/wp\/v2\/media\/21021"}],"wp:attachment":[{"href":"https:\/\/www.latitude-15.com\/fr\/wp-json\/wp\/v2\/media?parent=21022"}],"wp:term":[{"taxonomy":"category","embeddable":true,"href":"https:\/\/www.latitude-15.com\/fr\/wp-json\/wp\/v2\/categories?post=21022"},{"taxonomy":"post_tag","embeddable":true,"href":"https:\/\/www.latitude-15.com\/fr\/wp-json\/wp\/v2\/tags?post=21022"}],"curies":[{"name":"wp","href":"https:\/\/api.w.org\/{rel}","templated":true}]}}