{"id":21013,"date":"2026-03-02T09:01:18","date_gmt":"2026-03-02T13:01:18","guid":{"rendered":"https:\/\/www.latitude-15.com\/saf-latam-2026-sao-paulo-au-coeur-de-la-transition-des-carburants-durables-en-amerique-latine\/"},"modified":"2026-03-02T20:36:48","modified_gmt":"2026-03-03T00:36:48","slug":"saf-latam-2026-sao-paulo-au-coeur-de-la-transition-des-carburants-durables-en-amerique-latine","status":"publish","type":"post","link":"https:\/\/www.latitude-15.com\/fr\/saf-latam-2026-sao-paulo-au-coeur-de-la-transition-des-carburants-durables-en-amerique-latine\/","title":{"rendered":"SAF LATAM 2026 : S\u00e3o Paulo au c\u0153ur de la transition des carburants durables en Am\u00e9rique latine"},"content":{"rendered":"\n<p>Du 2 au 4 mars 2026, S\u00e3o Paulo accueillera la deuxi\u00e8me \u00e9dition du Sustainable Aviation Futures LATAM Congress, r\u00e9unissant plus de 400 d\u00e9cideurs et pr\u00e8s de 100 intervenants issus de l\u2019aviation, de l\u2019\u00e9nergie, de la finance et des sph\u00e8res gouvernementales. En apparence, il s\u2019agit d\u2019un rendez-vous sectoriel consacr\u00e9 au Sustainable Aviation Fuel (SAF). En r\u00e9alit\u00e9, l\u2019\u00e9v\u00e9nement illustre une \u00e9volution plus profonde : l\u2019Am\u00e9rique latine passe du stade de l\u2019ambition \u00e0 celui de la structuration du march\u00e9.  <\/p>\n\n<p>Le calendrier n\u2019est pas anodin. Le mandat br\u00e9silien d\u2019incorporation pr\u00e9vu pour 2027 se rapproche, et la clarification du cadre r\u00e9glementaire commence \u00e0 se traduire en positionnement industriel concret. Le programme du congr\u00e8s et la liste des intervenants montrent que le d\u00e9bat ne porte plus sur l\u2019opportunit\u00e9 de d\u00e9velopper le SAF, mais sur les modalit\u00e9s de son d\u00e9ploiement \u2014 et sur les conditions financi\u00e8res, r\u00e9glementaires et logistiques n\u00e9cessaires \u00e0 sa viabilit\u00e9.  <\/p>\n\n<h2 class=\"wp-block-heading\">Le Br\u00e9sil, march\u00e9 pivot \u00e9mergent<\/h2>\n\n<p>La place centrale du Br\u00e9sil dans le programme est manifeste. Des repr\u00e9sentants de l\u2019ANAC, du Minist\u00e9rio de Minas e Energia, du Minist\u00e9rio do Desenvolvimento, Ind\u00fastria, Com\u00e9rcio e Servi\u00e7os, ainsi que du BNDES et de Petrobras, interviendront lors des discussions. Les \u00e9changes porteront notamment sur le projet de loi \u00ab Fuel of the Future \u00bb, le mandat 2027 et la mise en \u0153uvre des m\u00e9canismes ProBioQAV destin\u00e9s \u00e0 r\u00e9duire les \u00e9missions de gaz \u00e0 effet de serre du secteur a\u00e9rien au cours de la prochaine d\u00e9cennie.  <\/p>\n\n<p>Ce niveau d\u2019implication gouvernementale confirme que le SAF ne constitue pas uniquement une initiative environnementale au Br\u00e9sil : il s\u2019inscrit dans une logique de politique industrielle. L\u2019articulation entre fiscalit\u00e9, march\u00e9s carbone et financement via la banque de d\u00e9veloppement traduit une volont\u00e9 structur\u00e9e de b\u00e2tir une base d\u2019approvisionnement nationale capable de servir \u00e0 la fois les compagnies domestiques et les march\u00e9s d\u2019exportation. <\/p>\n\n<p>La question n\u2019est plus de savoir si le Br\u00e9sil souhaite int\u00e9grer le march\u00e9 mondial du SAF, mais s\u2019il parviendra \u00e0 s\u2019imposer comme p\u00f4le de production comp\u00e9titif, en capitalisant sur son h\u00e9ritage en mati\u00e8re de bio\u00e9thanol et sur la puissance de son secteur agricole afin de r\u00e9duire l\u2019\u00e9cart de co\u00fbt avec le k\u00e9ros\u00e8ne conventionnel. <\/p>\n\n<h2 class=\"wp-block-heading\">Du potentiel agricole \u00e0 la maturit\u00e9 commerciale<\/h2>\n\n<p>Au-del\u00e0 des obligations r\u00e9glementaires, le programme met en lumi\u00e8re les fondations techniques et agricoles n\u00e9cessaires \u00e0 la mont\u00e9e en puissance du SAF. Des sessions sp\u00e9cifiques analyseront les fili\u00e8res ethanol-to-jet, les solutions de co-processing et la disponibilit\u00e9 des mati\u00e8res premi\u00e8res \u2014 notamment la canne \u00e0 sucre, le soja, le macauba et d\u2019autres cultures r\u00e9gionales. <\/p>\n\n<p>Cette orientation refl\u00e8te un constat r\u00e9gional plus large : l\u2019Am\u00e9rique latine dispose d\u2019un potentiel significatif en biomasse et en bio\u00e9nergie. Toutefois, la disponibilit\u00e9 des ressources ne suffit pas \u00e0 garantir un d\u00e9ploiement industriel. La certification de l\u2019intensit\u00e9 carbone, la conformit\u00e9 aux standards CORSIA et RED III, ainsi que la gestion des enjeux li\u00e9s \u00e0 l\u2019Indirect Land-Use Change (ILUC) constituent des pr\u00e9requis d\u00e9terminants.  <\/p>\n\n<p>L\u2019ILUC reste particuli\u00e8rement sensible pour les producteurs sud-am\u00e9ricains souhaitant exporter vers l\u2019Europe. Les discussions sur la transparence, la tra\u00e7abilit\u00e9 et l\u2019harmonisation des m\u00e9thodologies de comptabilisation carbone traduisent la conscience que la cr\u00e9dibilit\u00e9 internationale conditionnera l\u2019acc\u00e8s aux march\u00e9s. <\/p>\n\n<p>Autre signal structurant : le passage des projets pilotes aux Final Investment Decisions (FID). Les retours d\u2019exp\u00e9rience attendus porteront sur la maturit\u00e9 technologique, les contraintes d\u2019ing\u00e9nierie et les obstacles financiers rencontr\u00e9s par les premi\u00e8res installations \u2014 preuve que le secteur entre d\u00e9sormais dans une phase commerciale. <\/p>\n\n<h2 class=\"wp-block-heading\">La finance au premier plan<\/h2>\n\n<p>L\u2019un des marqueurs forts de cette \u00e9dition r\u00e9side dans la place accord\u00e9e aux acteurs financiers. Le BNDES, IDB Invest, CAF et BloombergNEF figurent parmi les participants, aux c\u00f4t\u00e9s de panels d\u00e9di\u00e9s \u00e0 la due diligence, \u00e0 l\u2019\u00e9valuation des risques et aux crit\u00e8res d\u2019investissement. <\/p>\n\n<p>Le SAF demeure plus co\u00fbteux que le k\u00e9ros\u00e8ne traditionnel. Sans m\u00e9canismes financiers structur\u00e9s, les march\u00e9s latino-am\u00e9ricains \u2014 souvent sensibles aux variations tarifaires \u2014 pourraient difficilement absorber des surco\u00fbts prolong\u00e9s. La pr\u00e9sence des banques de d\u00e9veloppement t\u00e9moigne de la reconnaissance du r\u00f4le catalytique que devra jouer le capital public, en particulier pour les installations pionni\u00e8res.  <\/p>\n\n<p>Les d\u00e9bats autour des contrats d\u2019achat \u00e0 long terme (offtake agreements), des m\u00e9canismes de prix plancher et des dispositifs de partage des risques seront centraux. Les investisseurs attendent des signaux de stabilit\u00e9 r\u00e9glementaire et de demande cr\u00e9dible avant d\u2019engager des capitaux. Le congr\u00e8s agit ainsi comme plateforme de confiance autant que comme forum technique.  <\/p>\n\n<h2 class=\"wp-block-heading\">Les compagnies a\u00e9riennes sous contrainte<\/h2>\n\n<p>La participation de dirigeants de LATAM Airlines, Azul, GOL et de compagnies internationales telles que JetBlue apporte une dimension op\u00e9rationnelle au d\u00e9bat.<\/p>\n\n<p>Les transporteurs font face \u00e0 des exigences croissantes en mati\u00e8re de durabilit\u00e9, qu\u2019elles proviennent des clients corporate, des r\u00e9gulateurs ou des cadres internationaux. Or, la rentabilit\u00e9 reste fragile dans de nombreux march\u00e9s r\u00e9gionaux. Int\u00e9grer le SAF dans les strat\u00e9gies d\u2019approvisionnement sans fragiliser les marges constitue un exercice d\u2019\u00e9quilibre d\u00e9licat.  <\/p>\n\n<p>Les sessions consacr\u00e9es aux obligations de reporting Scope 3 et aux m\u00e9canismes book-and-claim illustrent les efforts visant \u00e0 concilier d\u00e9carbonation et viabilit\u00e9 \u00e9conomique. La mise en place de registres cr\u00e9dibles et de syst\u00e8mes de tra\u00e7abilit\u00e9 interop\u00e9rables sera d\u00e9terminante pour assurer l\u2019acceptation des cr\u00e9dits SAF \u00e0 grande \u00e9chelle. <\/p>\n\n<h2 class=\"wp-block-heading\">Corridors commerciaux et alignement g\u00e9opolitique<\/h2>\n\n<p>Le congr\u00e8s inscrit \u00e9galement l\u2019Am\u00e9rique latine dans le paysage g\u00e9opolitique plus large de la transition \u00e9nerg\u00e9tique. Les discussions devraient aborder l\u2019impact des incitations fiscales am\u00e9ricaines, des exigences de certification europ\u00e9ennes et de la demande \u00e9mergente en Asie-Pacifique. <\/p>\n\n<p>La position strat\u00e9gique de la r\u00e9gion entre Washington, Bruxelles et les march\u00e9s asiatiques repr\u00e9sente \u00e0 la fois une opportunit\u00e9 et une source de complexit\u00e9. Accords commerciaux, normes d\u2019exportation et mod\u00e8les de conformit\u00e9 carbone influenceront la direction des flux de SAF et les cadres r\u00e9glementaires dominants. <\/p>\n\n<p>Dans un contexte de mandats internationaux en \u00e9volution, la capacit\u00e9 de la r\u00e9gion \u00e0 assurer l\u2019alignement \u2014 ou au minimum la compatibilit\u00e9 \u2014 avec les standards globaux d\u00e9terminera son int\u00e9gration dans les cha\u00eenes d\u2019approvisionnement mondiales. <\/p>\n\n<h2 class=\"wp-block-heading\">Un moment charni\u00e8re<\/h2>\n\n<p>Le Sustainable Aviation Futures LATAM Congress 2026 d\u00e9passe le simple cadre d\u2019un \u00e9v\u00e9nement sectoriel. Il mat\u00e9rialise une convergence : maturation des cadres politiques, clarification des strat\u00e9gies mati\u00e8res premi\u00e8res, engagement des institutions financi\u00e8res et repositionnement des compagnies a\u00e9riennes. <\/p>\n\n<p>Pour l\u2019Am\u00e9rique latine, la transition vers les carburants d\u2019aviation durables n\u2019est plus th\u00e9orique. Elle entre dans une phase op\u00e9rationnelle. Les prochaines ann\u00e9es diront si la r\u00e9gion peut transformer ses atouts en bio\u00e9nergie en avantage comp\u00e9titif durable \u2014 ou si les contraintes de co\u00fbts et la fragmentation r\u00e9glementaire freineront son \u00e9lan.  <\/p>\n\n<p>\u00c0 l\u2019approche du mandat 2027, S\u00e3o Paulo s\u2019impose comme un barom\u00e8tre des ambitions r\u00e9gionales. L\u2019\u00e9preuve d\u00e9cisive ne se jouera pas dans les salles de conf\u00e9rence, mais dans la rapidit\u00e9 avec laquelle les projets passeront du d\u00e9bat \u00e0 la mise en \u0153uvre. <\/p>\n\n<p><a href=\"https:\/\/www.safcongresslatam.com\">EN SAVOIR PLUS SUR L\u2019\u00c9V\u00c9NEMENT<\/a><\/p>\n","protected":false},"excerpt":{"rendered":"<p>Du 2 au 4 mars 2026, S\u00e3o Paulo accueillera la deuxi\u00e8me \u00e9dition du Sustainable Aviation Futures LATAM Congress, r\u00e9unissant plus de 400 d\u00e9cideurs et pr\u00e8s de 100 intervenants issus de l\u2019aviation, de l\u2019\u00e9nergie, de la finance et des sph\u00e8res gouvernementales. En apparence, il s\u2019agit d\u2019un rendez-vous sectoriel consacr\u00e9 au Sustainable Aviation Fuel (SAF). En r\u00e9alit\u00e9, [&hellip;]<\/p>\n","protected":false},"author":5,"featured_media":0,"comment_status":"open","ping_status":"open","sticky":false,"template":"","format":"standard","meta":{"footnotes":""},"categories":[97,112],"tags":[],"class_list":["post-21013","post","type-post","status-publish","format-standard","hentry","category-aviation-fr","category-durabilite-et-transition-energetique"],"yoast_head":"<!-- This site is optimized with the Yoast SEO plugin v26.9 - https:\/\/yoast.com\/product\/yoast-seo-wordpress\/ -->\n<title>SAF LATAM 2026 : S\u00e3o Paulo au c\u0153ur de la transition des carburants durables en Am\u00e9rique latine - LATITUDE 15<\/title>\n<meta name=\"robots\" content=\"index, follow, max-snippet:-1, max-image-preview:large, max-video-preview:-1\" \/>\n<link rel=\"canonical\" href=\"https:\/\/www.latitude-15.com\/fr\/saf-latam-2026-sao-paulo-au-coeur-de-la-transition-des-carburants-durables-en-amerique-latine\/\" \/>\n<meta property=\"og:locale\" content=\"fr_FR\" \/>\n<meta property=\"og:type\" content=\"article\" \/>\n<meta property=\"og:title\" content=\"SAF LATAM 2026 : S\u00e3o Paulo au c\u0153ur de la transition des carburants durables en Am\u00e9rique latine - LATITUDE 15\" \/>\n<meta property=\"og:description\" content=\"Du 2 au 4 mars 2026, S\u00e3o Paulo accueillera la deuxi\u00e8me \u00e9dition du Sustainable Aviation Futures LATAM Congress, r\u00e9unissant plus de 400 d\u00e9cideurs et pr\u00e8s de 100 intervenants issus de l\u2019aviation, de l\u2019\u00e9nergie, de la finance et des sph\u00e8res gouvernementales. En apparence, il s\u2019agit d\u2019un rendez-vous sectoriel consacr\u00e9 au Sustainable Aviation Fuel (SAF). En r\u00e9alit\u00e9, [&hellip;]\" \/>\n<meta property=\"og:url\" content=\"https:\/\/www.latitude-15.com\/fr\/saf-latam-2026-sao-paulo-au-coeur-de-la-transition-des-carburants-durables-en-amerique-latine\/\" \/>\n<meta property=\"og:site_name\" content=\"LATITUDE 15\" \/>\n<meta property=\"article:published_time\" content=\"2026-03-02T13:01:18+00:00\" \/>\n<meta property=\"article:modified_time\" content=\"2026-03-03T00:36:48+00:00\" \/>\n<meta property=\"og:image\" content=\"https:\/\/www.latitude-15.com\/wp-content\/uploads\/2026\/03\/imgARTICLE.jpg\" \/>\n\t<meta property=\"og:image:width\" content=\"1088\" \/>\n\t<meta property=\"og:image:height\" content=\"740\" \/>\n\t<meta property=\"og:image:type\" content=\"image\/jpeg\" \/>\n<meta name=\"author\" content=\"Joda J\" \/>\n<meta name=\"twitter:card\" content=\"summary_large_image\" \/>\n<meta name=\"twitter:label1\" content=\"\u00c9crit par\" \/>\n\t<meta name=\"twitter:data1\" content=\"Joda J\" \/>\n\t<meta name=\"twitter:label2\" content=\"Dur\u00e9e de lecture estim\u00e9e\" \/>\n\t<meta name=\"twitter:data2\" content=\"6 minutes\" \/>\n<script type=\"application\/ld+json\" class=\"yoast-schema-graph\">{\"@context\":\"https:\/\/schema.org\",\"@graph\":[{\"@type\":\"Article\",\"@id\":\"https:\/\/www.latitude-15.com\/fr\/saf-latam-2026-sao-paulo-au-coeur-de-la-transition-des-carburants-durables-en-amerique-latine\/#article\",\"isPartOf\":{\"@id\":\"https:\/\/www.latitude-15.com\/fr\/saf-latam-2026-sao-paulo-au-coeur-de-la-transition-des-carburants-durables-en-amerique-latine\/\"},\"author\":{\"name\":\"Joda J\",\"@id\":\"https:\/\/www.latitude-15.com\/fr\/#\/schema\/person\/dac52e7ff44c78317f337da112e37252\"},\"headline\":\"SAF LATAM 2026 : S\u00e3o Paulo au c\u0153ur de la transition des carburants durables en Am\u00e9rique latine\",\"datePublished\":\"2026-03-02T13:01:18+00:00\",\"dateModified\":\"2026-03-03T00:36:48+00:00\",\"mainEntityOfPage\":{\"@id\":\"https:\/\/www.latitude-15.com\/fr\/saf-latam-2026-sao-paulo-au-coeur-de-la-transition-des-carburants-durables-en-amerique-latine\/\"},\"wordCount\":1282,\"commentCount\":0,\"publisher\":{\"@id\":\"https:\/\/www.latitude-15.com\/fr\/#organization\"},\"articleSection\":[\"AVIATION\",\"Durabilit\u00e9 et transition \u00e9nerg\u00e9tique\"],\"inLanguage\":\"fr-FR\",\"potentialAction\":[{\"@type\":\"CommentAction\",\"name\":\"Comment\",\"target\":[\"https:\/\/www.latitude-15.com\/fr\/saf-latam-2026-sao-paulo-au-coeur-de-la-transition-des-carburants-durables-en-amerique-latine\/#respond\"]}]},{\"@type\":\"WebPage\",\"@id\":\"https:\/\/www.latitude-15.com\/fr\/saf-latam-2026-sao-paulo-au-coeur-de-la-transition-des-carburants-durables-en-amerique-latine\/\",\"url\":\"https:\/\/www.latitude-15.com\/fr\/saf-latam-2026-sao-paulo-au-coeur-de-la-transition-des-carburants-durables-en-amerique-latine\/\",\"name\":\"SAF LATAM 2026 : S\u00e3o Paulo au c\u0153ur de la transition des carburants durables en Am\u00e9rique latine - LATITUDE 15\",\"isPartOf\":{\"@id\":\"https:\/\/www.latitude-15.com\/fr\/#website\"},\"datePublished\":\"2026-03-02T13:01:18+00:00\",\"dateModified\":\"2026-03-03T00:36:48+00:00\",\"breadcrumb\":{\"@id\":\"https:\/\/www.latitude-15.com\/fr\/saf-latam-2026-sao-paulo-au-coeur-de-la-transition-des-carburants-durables-en-amerique-latine\/#breadcrumb\"},\"inLanguage\":\"fr-FR\",\"potentialAction\":[{\"@type\":\"ReadAction\",\"target\":[\"https:\/\/www.latitude-15.com\/fr\/saf-latam-2026-sao-paulo-au-coeur-de-la-transition-des-carburants-durables-en-amerique-latine\/\"]}]},{\"@type\":\"BreadcrumbList\",\"@id\":\"https:\/\/www.latitude-15.com\/fr\/saf-latam-2026-sao-paulo-au-coeur-de-la-transition-des-carburants-durables-en-amerique-latine\/#breadcrumb\",\"itemListElement\":[{\"@type\":\"ListItem\",\"position\":1,\"name\":\"Home\",\"item\":\"https:\/\/www.latitude-15.com\/fr\/accueil\/\"},{\"@type\":\"ListItem\",\"position\":2,\"name\":\"SAF LATAM 2026 : S\u00e3o Paulo au c\u0153ur de la transition des carburants durables en Am\u00e9rique latine\"}]},{\"@type\":\"WebSite\",\"@id\":\"https:\/\/www.latitude-15.com\/fr\/#website\",\"url\":\"https:\/\/www.latitude-15.com\/fr\/\",\"name\":\"LATITUDE 15\",\"description\":\"Aviation and maritime Magazine - Caribbean &amp; Latin America\",\"publisher\":{\"@id\":\"https:\/\/www.latitude-15.com\/fr\/#organization\"},\"potentialAction\":[{\"@type\":\"SearchAction\",\"target\":{\"@type\":\"EntryPoint\",\"urlTemplate\":\"https:\/\/www.latitude-15.com\/fr\/?s={search_term_string}\"},\"query-input\":{\"@type\":\"PropertyValueSpecification\",\"valueRequired\":true,\"valueName\":\"search_term_string\"}}],\"inLanguage\":\"fr-FR\"},{\"@type\":\"Organization\",\"@id\":\"https:\/\/www.latitude-15.com\/fr\/#organization\",\"name\":\"LATITUDE 15\",\"url\":\"https:\/\/www.latitude-15.com\/fr\/\",\"logo\":{\"@type\":\"ImageObject\",\"inLanguage\":\"fr-FR\",\"@id\":\"https:\/\/www.latitude-15.com\/fr\/#\/schema\/logo\/image\/\",\"url\":\"https:\/\/www.latitude-15.com\/wp-content\/uploads\/2026\/01\/cropped-logox500px.png\",\"contentUrl\":\"https:\/\/www.latitude-15.com\/wp-content\/uploads\/2026\/01\/cropped-logox500px.png\",\"width\":62,\"height\":75,\"caption\":\"LATITUDE 15\"},\"image\":{\"@id\":\"https:\/\/www.latitude-15.com\/fr\/#\/schema\/logo\/image\/\"}},{\"@type\":\"Person\",\"@id\":\"https:\/\/www.latitude-15.com\/fr\/#\/schema\/person\/dac52e7ff44c78317f337da112e37252\",\"name\":\"Joda J\",\"image\":{\"@type\":\"ImageObject\",\"inLanguage\":\"fr-FR\",\"@id\":\"https:\/\/www.latitude-15.com\/fr\/#\/schema\/person\/image\/\",\"url\":\"https:\/\/secure.gravatar.com\/avatar\/6b1feae555e15404b76616f92d931d12b25ac58024f14ccb43d9d3c012e4c4cf?s=96&d=mm&r=g\",\"contentUrl\":\"https:\/\/secure.gravatar.com\/avatar\/6b1feae555e15404b76616f92d931d12b25ac58024f14ccb43d9d3c012e4c4cf?s=96&d=mm&r=g\",\"caption\":\"Joda J\"},\"url\":\"https:\/\/www.latitude-15.com\/fr\/author\/joda\/\"}]}<\/script>\n<!-- \/ Yoast SEO plugin. -->","yoast_head_json":{"title":"SAF LATAM 2026 : S\u00e3o Paulo au c\u0153ur de la transition des carburants durables en Am\u00e9rique latine - LATITUDE 15","robots":{"index":"index","follow":"follow","max-snippet":"max-snippet:-1","max-image-preview":"max-image-preview:large","max-video-preview":"max-video-preview:-1"},"canonical":"https:\/\/www.latitude-15.com\/fr\/saf-latam-2026-sao-paulo-au-coeur-de-la-transition-des-carburants-durables-en-amerique-latine\/","og_locale":"fr_FR","og_type":"article","og_title":"SAF LATAM 2026 : S\u00e3o Paulo au c\u0153ur de la transition des carburants durables en Am\u00e9rique latine - LATITUDE 15","og_description":"Du 2 au 4 mars 2026, S\u00e3o Paulo accueillera la deuxi\u00e8me \u00e9dition du Sustainable Aviation Futures LATAM Congress, r\u00e9unissant plus de 400 d\u00e9cideurs et pr\u00e8s de 100 intervenants issus de l\u2019aviation, de l\u2019\u00e9nergie, de la finance et des sph\u00e8res gouvernementales. En apparence, il s\u2019agit d\u2019un rendez-vous sectoriel consacr\u00e9 au Sustainable Aviation Fuel (SAF). En r\u00e9alit\u00e9, [&hellip;]","og_url":"https:\/\/www.latitude-15.com\/fr\/saf-latam-2026-sao-paulo-au-coeur-de-la-transition-des-carburants-durables-en-amerique-latine\/","og_site_name":"LATITUDE 15","article_published_time":"2026-03-02T13:01:18+00:00","article_modified_time":"2026-03-03T00:36:48+00:00","og_image":[{"width":1088,"height":740,"url":"https:\/\/www.latitude-15.com\/wp-content\/uploads\/2026\/03\/imgARTICLE.jpg","type":"image\/jpeg"}],"author":"Joda J","twitter_card":"summary_large_image","twitter_misc":{"\u00c9crit par":"Joda J","Dur\u00e9e de lecture estim\u00e9e":"6 minutes"},"schema":{"@context":"https:\/\/schema.org","@graph":[{"@type":"Article","@id":"https:\/\/www.latitude-15.com\/fr\/saf-latam-2026-sao-paulo-au-coeur-de-la-transition-des-carburants-durables-en-amerique-latine\/#article","isPartOf":{"@id":"https:\/\/www.latitude-15.com\/fr\/saf-latam-2026-sao-paulo-au-coeur-de-la-transition-des-carburants-durables-en-amerique-latine\/"},"author":{"name":"Joda J","@id":"https:\/\/www.latitude-15.com\/fr\/#\/schema\/person\/dac52e7ff44c78317f337da112e37252"},"headline":"SAF LATAM 2026 : S\u00e3o Paulo au c\u0153ur de la transition des carburants durables en Am\u00e9rique latine","datePublished":"2026-03-02T13:01:18+00:00","dateModified":"2026-03-03T00:36:48+00:00","mainEntityOfPage":{"@id":"https:\/\/www.latitude-15.com\/fr\/saf-latam-2026-sao-paulo-au-coeur-de-la-transition-des-carburants-durables-en-amerique-latine\/"},"wordCount":1282,"commentCount":0,"publisher":{"@id":"https:\/\/www.latitude-15.com\/fr\/#organization"},"articleSection":["AVIATION","Durabilit\u00e9 et transition \u00e9nerg\u00e9tique"],"inLanguage":"fr-FR","potentialAction":[{"@type":"CommentAction","name":"Comment","target":["https:\/\/www.latitude-15.com\/fr\/saf-latam-2026-sao-paulo-au-coeur-de-la-transition-des-carburants-durables-en-amerique-latine\/#respond"]}]},{"@type":"WebPage","@id":"https:\/\/www.latitude-15.com\/fr\/saf-latam-2026-sao-paulo-au-coeur-de-la-transition-des-carburants-durables-en-amerique-latine\/","url":"https:\/\/www.latitude-15.com\/fr\/saf-latam-2026-sao-paulo-au-coeur-de-la-transition-des-carburants-durables-en-amerique-latine\/","name":"SAF LATAM 2026 : S\u00e3o Paulo au c\u0153ur de la transition des carburants durables en Am\u00e9rique latine - LATITUDE 15","isPartOf":{"@id":"https:\/\/www.latitude-15.com\/fr\/#website"},"datePublished":"2026-03-02T13:01:18+00:00","dateModified":"2026-03-03T00:36:48+00:00","breadcrumb":{"@id":"https:\/\/www.latitude-15.com\/fr\/saf-latam-2026-sao-paulo-au-coeur-de-la-transition-des-carburants-durables-en-amerique-latine\/#breadcrumb"},"inLanguage":"fr-FR","potentialAction":[{"@type":"ReadAction","target":["https:\/\/www.latitude-15.com\/fr\/saf-latam-2026-sao-paulo-au-coeur-de-la-transition-des-carburants-durables-en-amerique-latine\/"]}]},{"@type":"BreadcrumbList","@id":"https:\/\/www.latitude-15.com\/fr\/saf-latam-2026-sao-paulo-au-coeur-de-la-transition-des-carburants-durables-en-amerique-latine\/#breadcrumb","itemListElement":[{"@type":"ListItem","position":1,"name":"Home","item":"https:\/\/www.latitude-15.com\/fr\/accueil\/"},{"@type":"ListItem","position":2,"name":"SAF LATAM 2026 : S\u00e3o Paulo au c\u0153ur de la transition des carburants durables en Am\u00e9rique latine"}]},{"@type":"WebSite","@id":"https:\/\/www.latitude-15.com\/fr\/#website","url":"https:\/\/www.latitude-15.com\/fr\/","name":"LATITUDE 15","description":"Aviation and maritime Magazine - Caribbean &amp; Latin America","publisher":{"@id":"https:\/\/www.latitude-15.com\/fr\/#organization"},"potentialAction":[{"@type":"SearchAction","target":{"@type":"EntryPoint","urlTemplate":"https:\/\/www.latitude-15.com\/fr\/?s={search_term_string}"},"query-input":{"@type":"PropertyValueSpecification","valueRequired":true,"valueName":"search_term_string"}}],"inLanguage":"fr-FR"},{"@type":"Organization","@id":"https:\/\/www.latitude-15.com\/fr\/#organization","name":"LATITUDE 15","url":"https:\/\/www.latitude-15.com\/fr\/","logo":{"@type":"ImageObject","inLanguage":"fr-FR","@id":"https:\/\/www.latitude-15.com\/fr\/#\/schema\/logo\/image\/","url":"https:\/\/www.latitude-15.com\/wp-content\/uploads\/2026\/01\/cropped-logox500px.png","contentUrl":"https:\/\/www.latitude-15.com\/wp-content\/uploads\/2026\/01\/cropped-logox500px.png","width":62,"height":75,"caption":"LATITUDE 15"},"image":{"@id":"https:\/\/www.latitude-15.com\/fr\/#\/schema\/logo\/image\/"}},{"@type":"Person","@id":"https:\/\/www.latitude-15.com\/fr\/#\/schema\/person\/dac52e7ff44c78317f337da112e37252","name":"Joda J","image":{"@type":"ImageObject","inLanguage":"fr-FR","@id":"https:\/\/www.latitude-15.com\/fr\/#\/schema\/person\/image\/","url":"https:\/\/secure.gravatar.com\/avatar\/6b1feae555e15404b76616f92d931d12b25ac58024f14ccb43d9d3c012e4c4cf?s=96&d=mm&r=g","contentUrl":"https:\/\/secure.gravatar.com\/avatar\/6b1feae555e15404b76616f92d931d12b25ac58024f14ccb43d9d3c012e4c4cf?s=96&d=mm&r=g","caption":"Joda J"},"url":"https:\/\/www.latitude-15.com\/fr\/author\/joda\/"}]}},"_links":{"self":[{"href":"https:\/\/www.latitude-15.com\/fr\/wp-json\/wp\/v2\/posts\/21013","targetHints":{"allow":["GET"]}}],"collection":[{"href":"https:\/\/www.latitude-15.com\/fr\/wp-json\/wp\/v2\/posts"}],"about":[{"href":"https:\/\/www.latitude-15.com\/fr\/wp-json\/wp\/v2\/types\/post"}],"author":[{"embeddable":true,"href":"https:\/\/www.latitude-15.com\/fr\/wp-json\/wp\/v2\/users\/5"}],"replies":[{"embeddable":true,"href":"https:\/\/www.latitude-15.com\/fr\/wp-json\/wp\/v2\/comments?post=21013"}],"version-history":[{"count":1,"href":"https:\/\/www.latitude-15.com\/fr\/wp-json\/wp\/v2\/posts\/21013\/revisions"}],"predecessor-version":[{"id":21014,"href":"https:\/\/www.latitude-15.com\/fr\/wp-json\/wp\/v2\/posts\/21013\/revisions\/21014"}],"wp:attachment":[{"href":"https:\/\/www.latitude-15.com\/fr\/wp-json\/wp\/v2\/media?parent=21013"}],"wp:term":[{"taxonomy":"category","embeddable":true,"href":"https:\/\/www.latitude-15.com\/fr\/wp-json\/wp\/v2\/categories?post=21013"},{"taxonomy":"post_tag","embeddable":true,"href":"https:\/\/www.latitude-15.com\/fr\/wp-json\/wp\/v2\/tags?post=21013"}],"curies":[{"name":"wp","href":"https:\/\/api.w.org\/{rel}","templated":true}]}}