{"id":20941,"date":"2026-03-02T09:54:58","date_gmt":"2026-03-02T13:54:58","guid":{"rendered":"https:\/\/www.latitude-15.com\/les-caraibes-comme-frontiere-maritime-des-etats-unis-signaux-strategiques-du-us-caribbean-ports-forum-2026\/"},"modified":"2026-03-02T11:09:29","modified_gmt":"2026-03-02T15:09:29","slug":"les-caraibes-comme-frontiere-maritime-des-etats-unis-signaux-strategiques-du-us-caribbean-ports-forum-2026","status":"publish","type":"post","link":"https:\/\/www.latitude-15.com\/fr\/les-caraibes-comme-frontiere-maritime-des-etats-unis-signaux-strategiques-du-us-caribbean-ports-forum-2026\/","title":{"rendered":"Les Cara\u00efbes comme fronti\u00e8re maritime des \u00c9tats-Unis : signaux strat\u00e9giques du US\u2013Caribbean Ports Forum 2026"},"content":{"rendered":"\n<p>Le 20 f\u00e9vrier 2026, la Caribbean Initiative de l\u2019Atlantic Council a organis\u00e9 \u00e0 Miami la premi\u00e8re \u00e9dition du US\u2013Caribbean Maritime and Ports Forum. Tenu au Fontainebleau Hotel, l\u2019\u00e9v\u00e9nement a officiellement lanc\u00e9 ce que les organisateurs ont pr\u00e9sent\u00e9 comme une plateforme p\u00e9renne destin\u00e9e \u00e0 renforcer la coop\u00e9ration entre les \u00c9tats-Unis et les nations carib\u00e9ennes dans les domaines portuaire, maritime et logistique. <\/p>\n\n<p>Le forum n\u2019a pas \u00e9t\u00e9 con\u00e7u comme une conf\u00e9rence ponctuelle, mais comme l\u2019ouverture d\u2019un dialogue structur\u00e9 sur les politiques publiques et les investissements. Les \u00e9changes ont port\u00e9 sur les infrastructures portuaires, la s\u00e9curit\u00e9 maritime, le d\u00e9veloppement des comp\u00e9tences, la r\u00e9forme r\u00e9glementaire et le r\u00f4le des technologies dans la croissance du secteur. Cette initiative s\u2019inscrit dans la continuit\u00e9 des discussions engag\u00e9es lors des r\u00e9unions des chefs de gouvernement de la CARICOM en 2025, o\u00f9 la coop\u00e9ration maritime a \u00e9t\u00e9 identifi\u00e9e comme une priorit\u00e9 r\u00e9gionale.  <\/p>\n\n<h2 class=\"wp-block-heading\">Les ports pr\u00e9sent\u00e9s comme des infrastructures vitales<\/h2>\n\n<p>Tout au long du forum, les ports ont \u00e9t\u00e9 d\u00e9crits comme des syst\u00e8mes essentiels soutenant le commerce r\u00e9gional, les flux d\u2019investissement, la s\u00e9curit\u00e9 \u00e9nerg\u00e9tique, la s\u00e9curit\u00e9 publique et les cha\u00eenes d\u2019approvisionnement alimentaires. Cette approche d\u00e9passe la lecture strictement commerciale et positionne l\u2019infrastructure portuaire comme un actif strat\u00e9gique national. <\/p>\n\n<p>Le r\u00f4le central des Cara\u00efbes dans l\u2019industrie mondiale des croisi\u00e8res a \u00e9galement \u00e9t\u00e9 soulign\u00e9. La r\u00e9gion a \u00e9t\u00e9 pr\u00e9sent\u00e9e comme la premi\u00e8re destination mondiale de croisi\u00e8re, Miami \u00e9tant d\u00e9sign\u00e9e comme la capitale mondiale du secteur. Connectivit\u00e9 croisi\u00e8re, trafic de marchandises et fonctions de porte d\u2019entr\u00e9e ont \u00e9t\u00e9 d\u00e9crits comme des composantes interd\u00e9pendantes de la stabilit\u00e9 \u00e9conomique r\u00e9gionale.  <\/p>\n\n<p>Les intervenants ont ainsi qualifi\u00e9 les ports de \u00ab lignes de vie \u00bb pour les \u00e9conomies insulaires \u2014 des infrastructures dont d\u00e9pend directement la continuit\u00e9 \u00e9conomique et la r\u00e9silience.<\/p>\n\n<h2 class=\"wp-block-heading\">Le risque climatique comme d\u00e9fi structurel<\/h2>\n\n<p>L\u2019exposition climatique a \u00e9merg\u00e9 comme une r\u00e9alit\u00e9 op\u00e9rationnelle majeure pour les syst\u00e8mes portuaires carib\u00e9ens. Le repr\u00e9sentant de la Jama\u00efque a pr\u00e9sent\u00e9 des donn\u00e9es illustrant l\u2019intensit\u00e9 des pressions climatiques au cours des cinq derni\u00e8res ann\u00e9es : <\/p>\n\n<ul class=\"wp-block-list\">\n<li>Un ouragan de cat\u00e9gorie 4<\/li>\n\n\n\n<li>Un ouragan de cat\u00e9gorie 5<\/li>\n\n\n\n<li>Deux temp\u00eates tropicales ayant touch\u00e9 directement le territoire<\/li>\n\n\n\n<li>La journ\u00e9e la plus chaude jamais enregistr\u00e9e<\/li>\n\n\n\n<li>Trois des quatre pires s\u00e9cheresses en 120 ans<\/li>\n\n\n\n<li>Trois des dix journ\u00e9es les plus pluvieuses en 120 ans<br\/><\/li>\n<\/ul>\n\n<p>Ces \u00e9l\u00e9ments ont servi \u00e0 souligner la vuln\u00e9rabilit\u00e9 structurelle des infrastructures portuaires dans les petits \u00c9tats insulaires.<\/p>\n\n<p>La Jama\u00efque a mis en place un outil syst\u00e9mique d\u2019\u00e9valuation des risques destin\u00e9 \u00e0 mesurer l\u2019exposition aux ondes de temp\u00eate, aux inondations et aux vents violents. Selon les autorit\u00e9s, cet outil s\u2019est r\u00e9v\u00e9l\u00e9 \u00ab presque 100 % pr\u00e9cis \u00bb lors des deux derniers \u00e9v\u00e9nements cycloniques majeurs. Le pays a \u00e9galement investi dans un supercalculateur afin de renforcer ses capacit\u00e9s de mod\u00e9lisation des risques et d\u2019orienter ses d\u00e9cisions d\u2019investissement public. Des \u00e9tudes de protection c\u00f4ti\u00e8re int\u00e9grant des sc\u00e9narios de submersion allant jusqu\u2019\u00e0 20 pieds ont \u00e9t\u00e9 \u00e9voqu\u00e9es, ainsi qu\u2019une coop\u00e9ration avec le Port of Miami en mati\u00e8re de pr\u00e9paration aux ouragans.   <\/p>\n\n<p>Le message est clair : pour les ports carib\u00e9ens, la r\u00e9silience climatique n\u2019est pas un enjeu secondaire, mais une condition pr\u00e9alable \u00e0 la continuit\u00e9 des op\u00e9rations.<\/p>\n\n<h2 class=\"wp-block-heading\">La notion de \u00ab troisi\u00e8me fronti\u00e8re \u00bb<\/h2>\n\n<p>Une dimension g\u00e9opolitique notable a \u00e9merg\u00e9 lors des discussions. Un intervenant a d\u00e9crit les \u00c9tats-Unis comme disposant de<em> \u00ab trois fronti\u00e8res : le Canada, le Mexique et les Cara\u00efbes \u00bb<\/em>. Cette formulation repositionne la r\u00e9gion non pas comme p\u00e9riph\u00e9rique, mais comme une fronti\u00e8re maritime directement li\u00e9e aux int\u00e9r\u00eats \u00e9conomiques et s\u00e9curitaires am\u00e9ricains. <\/p>\n\n<p>Les \u00e9changes ont soulign\u00e9 la n\u00e9cessit\u00e9 d\u2019une coordination renforc\u00e9e entre gouvernements carib\u00e9ens et institutions am\u00e9ricaines, notamment la Development Finance Corporation (DFC), l\u2019Export-Import Bank (EXIM) et le D\u00e9partement d\u2019\u00c9tat. Il a \u00e9t\u00e9 reconnu que les \u00c9tats-Unis \u00ab avancent souvent trop lentement \u00bb, tandis que certains concurrents \u2014 avec une r\u00e9f\u00e9rence explicite \u00e0 la Chine \u2014 \u00ab avancent tr\u00e8s rapidement \u00bb. <\/p>\n\n<p>Sans entrer dans une confrontation g\u00e9opolitique d\u00e9taill\u00e9e, le forum a laiss\u00e9 entendre que la coop\u00e9ration en mati\u00e8re d\u2019infrastructures maritimes d\u00e9passe largement le cadre du commerce.<\/p>\n\n<p>Les ports ont \u00e9t\u00e9 pr\u00e9sent\u00e9s comme des instruments d\u2019influence, d\u2019alignement \u00e9conomique et d\u2019int\u00e9gration s\u00e9curitaire r\u00e9gionale.<\/p>\n\n<figure class=\"wp-block-image size-large\"><img fetchpriority=\"high\" decoding=\"async\" width=\"1024\" height=\"560\" src=\"https:\/\/www.latitude-15.com\/wp-content\/uploads\/2026\/03\/image-1024x560.png\" alt=\"\" class=\"wp-image-20927\" srcset=\"https:\/\/www.latitude-15.com\/wp-content\/uploads\/2026\/03\/image-1024x560.png 1024w, https:\/\/www.latitude-15.com\/wp-content\/uploads\/2026\/03\/image-300x164.png 300w, https:\/\/www.latitude-15.com\/wp-content\/uploads\/2026\/03\/image-768x420.png 768w, https:\/\/www.latitude-15.com\/wp-content\/uploads\/2026\/03\/image-1320x722.png 1320w, https:\/\/www.latitude-15.com\/wp-content\/uploads\/2026\/03\/image.png 1356w\" sizes=\"(max-width: 1024px) 100vw, 1024px\" \/><\/figure>\n\n<h2 class=\"wp-block-heading\">D\u00e9ficits d\u2019infrastructure et contraintes op\u00e9rationnelles<\/h2>\n\n<p>Au-del\u00e0 des consid\u00e9rations strat\u00e9giques, le forum a mis en lumi\u00e8re plusieurs contraintes op\u00e9rationnelles qui structurent le quotidien des ports carib\u00e9ens.<\/p>\n\n<p>Plusieurs intervenants ont \u00e9voqu\u00e9 la n\u00e9cessit\u00e9 de moderniser les \u00e9quipements de manutention. Dans certaines juridictions, le vieillissement des grues et des infrastructures limite directement la performance op\u00e9rationnelle. Dans un environnement o\u00f9 les compagnies maritimes privil\u00e9gient fiabilit\u00e9 et rapidit\u00e9, m\u00eame des inefficacit\u00e9s marginales peuvent influencer les d\u00e9cisions de desserte.  <\/p>\n\n<p>La digitalisation a \u00e9t\u00e9 identifi\u00e9e comme un levier incontournable. La simplification des proc\u00e9dures douani\u00e8res et une meilleure coordination entre autorit\u00e9s portuaires, services d\u2019inspection et administrations frontali\u00e8res sont apparues essentielles pour am\u00e9liorer la pr\u00e9visibilit\u00e9. Un exemple a soulign\u00e9 que la fermeture des services douaniers le week-end peut prolonger le d\u00e9douanement jusqu\u2019au milieu de la semaine suivante, g\u00e9n\u00e9rant des retards \u00e9vitables tout au long de la cha\u00eene logistique.  <\/p>\n\n<p>Le constat est sans ambigu\u00eft\u00e9 : les investissements physiques ne suffisent pas. La performance portuaire d\u00e9pend \u00e9galement des syst\u00e8mes administratifs et de la coordination institutionnelle. <\/p>\n\n<p>La cybers\u00e9curit\u00e9 a \u00e9galement \u00e9t\u00e9 identifi\u00e9e comme un enjeu croissant. \u00c0 mesure que les ports int\u00e8grent des outils num\u00e9riques et des syst\u00e8mes bas\u00e9s sur les donn\u00e9es, leur exposition aux cybermenaces augmente. Compte tenu de leur r\u00f4le central dans les cha\u00eenes d\u2019approvisionnement nationales, toute interruption op\u00e9rationnelle aurait des cons\u00e9quences \u00e9conomiques \u00e9largies.  <\/p>\n\n<p>Les risques de congestion ont aussi \u00e9t\u00e9 \u00e9voqu\u00e9s, avec Nassau cit\u00e9 comme exemple d\u2019un port soumis \u00e0 des pressions de capacit\u00e9 affectant \u00e0 la fois le trafic croisi\u00e8re et cargo. Pour des infrastructures op\u00e9rant \u00e0 proximit\u00e9 de leurs limites, les fluctuations de volumes peuvent rapidement g\u00e9n\u00e9rer des tensions syst\u00e9miques. <\/p>\n\n<p>Enfin, les limites structurelles li\u00e9es \u00e0 la taille des march\u00e9s ont \u00e9t\u00e9 reconnues. Les ports insulaires fonctionnent avec des volumes restreints, ce qui limite les recettes et complique le financement de projets d\u2019envergure. Sans masse critique de trafic, l\u2019amortissement des investissements devient plus complexe, renfor\u00e7ant la n\u00e9cessit\u00e9 de mod\u00e8les de financement coordonn\u00e9s et de m\u00e9canismes de soutien externes.  <\/p>\n\n<h2 class=\"wp-block-heading\">D\u00e9fis de financement et bancabilit\u00e9<\/h2>\n\n<p>Les cadres d\u2019investissement ont constitu\u00e9 un autre th\u00e8me central. Les partenariats public-priv\u00e9 (PPP) ont \u00e9t\u00e9 identifi\u00e9s comme des outils essentiels de modernisation portuaire, bien que les intervenants aient soulign\u00e9 les sensibilit\u00e9s politiques et les complexit\u00e9s proc\u00e9durales susceptibles de ralentir leur mise en \u0153uvre. L\u2019\u00e9tablissement d\u2019un environnement r\u00e9glementaire stable \u2014 incluant clart\u00e9 juridique et m\u00e9canismes de partage des risques \u2014 a \u00e9t\u00e9 pr\u00e9sent\u00e9 comme d\u00e9terminant pour attirer le capital priv\u00e9.  <\/p>\n\n<p>Les institutions financi\u00e8res multilat\u00e9rales ont \u00e9t\u00e9 mentionn\u00e9es comme acteurs cl\u00e9s pour combler les d\u00e9ficits de financement. Les \u00e9changes dette-climat ont \u00e9galement \u00e9t\u00e9 cit\u00e9s parmi les instruments \u00e9mergents dans l\u2019architecture financi\u00e8re r\u00e9gionale. <\/p>\n\n<p>Du point de vue des investisseurs, la visibilit\u00e9 sur les mod\u00e8les de revenus, la stabilit\u00e9 de la demande et la qualit\u00e9 de la gouvernance op\u00e9rationnelle demeurent des crit\u00e8res centraux dans l\u2019\u00e9valuation de la bancabilit\u00e9.<\/p>\n\n<h2 class=\"wp-block-heading\">L\u2019institutionnalisation d\u2019un dialogue strat\u00e9gique<\/h2>\n\n<p>Ce premier forum n\u2019a pas annonc\u00e9 de projets sp\u00e9cifiques ni d\u2019engagements financiers imm\u00e9diats. Il a toutefois formalis\u00e9 un cadre de dialogue structur\u00e9 \u00e0 l\u2019intersection des infrastructures, de la r\u00e9silience climatique, de la s\u00e9curit\u00e9 maritime et de la coop\u00e9ration r\u00e9gionale. <\/p>\n\n<p>En lan\u00e7ant une plateforme p\u00e9renne consacr\u00e9e \u00e0 la collaboration maritime entre les \u00c9tats-Unis et les Cara\u00efbes, l\u2019initiative a repositionn\u00e9 les ports comme des syst\u00e8mes strat\u00e9giques \u00e0 la crois\u00e9e des enjeux \u00e9conomiques et s\u00e9curitaires.<\/p>\n\n<p>Les th\u00e8mes r\u00e9currents \u2014 exposition climatique, modernisation des infrastructures, contraintes financi\u00e8res, digitalisation et coordination institutionnelle \u2014 illustrent une r\u00e9gion confront\u00e9e \u00e0 ses vuln\u00e9rabilit\u00e9s tout en cherchant \u00e0 renforcer son positionnement strat\u00e9gique.<\/p>\n\n<p>Qu\u2019ils soient per\u00e7us comme des lignes de vie \u00e9conomiques ou comme la fronti\u00e8re maritime de l\u2019Am\u00e9rique, les ports carib\u00e9ens se retrouvent d\u00e9sormais au c\u0153ur d\u2019un dialogue structur\u00e9 reliant commerce, r\u00e9silience et alignement r\u00e9gional. Le forum 2026 en marque le point de d\u00e9part institutionnel. <\/p>\n","protected":false},"excerpt":{"rendered":"<p>Le 20 f\u00e9vrier 2026, la Caribbean Initiative de l\u2019Atlantic Council a organis\u00e9 \u00e0 Miami la premi\u00e8re \u00e9dition du US\u2013Caribbean Maritime and Ports Forum. Tenu au Fontainebleau Hotel, l\u2019\u00e9v\u00e9nement a officiellement lanc\u00e9 ce que les organisateurs ont pr\u00e9sent\u00e9 comme une plateforme p\u00e9renne destin\u00e9e \u00e0 renforcer la coop\u00e9ration entre les \u00c9tats-Unis et les nations carib\u00e9ennes dans les [&hellip;]<\/p>\n","protected":false},"author":5,"featured_media":20940,"comment_status":"open","ping_status":"open","sticky":false,"template":"","format":"standard","meta":{"footnotes":""},"categories":[130,118],"tags":[],"class_list":["post-20941","post","type-post","status-publish","format-standard","has-post-thumbnail","hentry","category-connectivite-maritime-mobilite","category-maritime-fr"],"yoast_head":"<!-- This site is optimized with the Yoast SEO plugin v26.9 - https:\/\/yoast.com\/product\/yoast-seo-wordpress\/ -->\n<title>Signaux strat\u00e9giques du Forum des ports \u00c9tats-Unis\u2013Cara\u00efbes 2026<\/title>\n<meta name=\"robots\" content=\"index, follow, max-snippet:-1, max-image-preview:large, max-video-preview:-1\" \/>\n<link rel=\"canonical\" href=\"https:\/\/www.latitude-15.com\/fr\/les-caraibes-comme-frontiere-maritime-des-etats-unis-signaux-strategiques-du-us-caribbean-ports-forum-2026\/\" \/>\n<meta property=\"og:locale\" content=\"fr_FR\" \/>\n<meta property=\"og:type\" content=\"article\" \/>\n<meta property=\"og:title\" content=\"Signaux strat\u00e9giques du Forum des ports \u00c9tats-Unis\u2013Cara\u00efbes 2026\" \/>\n<meta property=\"og:description\" content=\"Le 20 f\u00e9vrier 2026, la Caribbean Initiative de l\u2019Atlantic Council a organis\u00e9 \u00e0 Miami la premi\u00e8re \u00e9dition du US\u2013Caribbean Maritime and Ports Forum. Tenu au Fontainebleau Hotel, l\u2019\u00e9v\u00e9nement a officiellement lanc\u00e9 ce que les organisateurs ont pr\u00e9sent\u00e9 comme une plateforme p\u00e9renne destin\u00e9e \u00e0 renforcer la coop\u00e9ration entre les \u00c9tats-Unis et les nations carib\u00e9ennes dans les [&hellip;]\" \/>\n<meta property=\"og:url\" content=\"https:\/\/www.latitude-15.com\/fr\/les-caraibes-comme-frontiere-maritime-des-etats-unis-signaux-strategiques-du-us-caribbean-ports-forum-2026\/\" \/>\n<meta property=\"og:site_name\" content=\"LATITUDE 15\" \/>\n<meta property=\"article:published_time\" content=\"2026-03-02T13:54:58+00:00\" \/>\n<meta property=\"article:modified_time\" content=\"2026-03-02T15:09:29+00:00\" \/>\n<meta property=\"og:image\" content=\"https:\/\/www.latitude-15.com\/wp-content\/uploads\/2026\/03\/imgCOUV.png\" \/>\n\t<meta property=\"og:image:width\" content=\"1357\" \/>\n\t<meta property=\"og:image:height\" content=\"731\" \/>\n\t<meta property=\"og:image:type\" content=\"image\/png\" \/>\n<meta name=\"author\" content=\"Joda J\" \/>\n<meta name=\"twitter:card\" content=\"summary_large_image\" \/>\n<meta name=\"twitter:label1\" content=\"\u00c9crit par\" \/>\n\t<meta name=\"twitter:data1\" content=\"Joda J\" \/>\n\t<meta name=\"twitter:label2\" content=\"Dur\u00e9e de lecture estim\u00e9e\" \/>\n\t<meta name=\"twitter:data2\" content=\"8 minutes\" \/>\n<script type=\"application\/ld+json\" class=\"yoast-schema-graph\">{\"@context\":\"https:\/\/schema.org\",\"@graph\":[{\"@type\":\"Article\",\"@id\":\"https:\/\/www.latitude-15.com\/fr\/les-caraibes-comme-frontiere-maritime-des-etats-unis-signaux-strategiques-du-us-caribbean-ports-forum-2026\/#article\",\"isPartOf\":{\"@id\":\"https:\/\/www.latitude-15.com\/fr\/les-caraibes-comme-frontiere-maritime-des-etats-unis-signaux-strategiques-du-us-caribbean-ports-forum-2026\/\"},\"author\":{\"name\":\"Joda J\",\"@id\":\"https:\/\/www.latitude-15.com\/fr\/#\/schema\/person\/dac52e7ff44c78317f337da112e37252\"},\"headline\":\"Les Cara\u00efbes comme fronti\u00e8re maritime des \u00c9tats-Unis : signaux strat\u00e9giques du US\u2013Caribbean Ports Forum 2026\",\"datePublished\":\"2026-03-02T13:54:58+00:00\",\"dateModified\":\"2026-03-02T15:09:29+00:00\",\"mainEntityOfPage\":{\"@id\":\"https:\/\/www.latitude-15.com\/fr\/les-caraibes-comme-frontiere-maritime-des-etats-unis-signaux-strategiques-du-us-caribbean-ports-forum-2026\/\"},\"wordCount\":1525,\"commentCount\":0,\"publisher\":{\"@id\":\"https:\/\/www.latitude-15.com\/fr\/#organization\"},\"image\":{\"@id\":\"https:\/\/www.latitude-15.com\/fr\/les-caraibes-comme-frontiere-maritime-des-etats-unis-signaux-strategiques-du-us-caribbean-ports-forum-2026\/#primaryimage\"},\"thumbnailUrl\":\"https:\/\/www.latitude-15.com\/wp-content\/uploads\/2026\/03\/imgCOUV.png\",\"articleSection\":[\"Connectivit\u00e9 maritime &amp; mobilit\u00e9\",\"MARITIME\"],\"inLanguage\":\"fr-FR\",\"potentialAction\":[{\"@type\":\"CommentAction\",\"name\":\"Comment\",\"target\":[\"https:\/\/www.latitude-15.com\/fr\/les-caraibes-comme-frontiere-maritime-des-etats-unis-signaux-strategiques-du-us-caribbean-ports-forum-2026\/#respond\"]}]},{\"@type\":\"WebPage\",\"@id\":\"https:\/\/www.latitude-15.com\/fr\/les-caraibes-comme-frontiere-maritime-des-etats-unis-signaux-strategiques-du-us-caribbean-ports-forum-2026\/\",\"url\":\"https:\/\/www.latitude-15.com\/fr\/les-caraibes-comme-frontiere-maritime-des-etats-unis-signaux-strategiques-du-us-caribbean-ports-forum-2026\/\",\"name\":\"Signaux strat\u00e9giques du Forum des ports \u00c9tats-Unis\u2013Cara\u00efbes 2026\",\"isPartOf\":{\"@id\":\"https:\/\/www.latitude-15.com\/fr\/#website\"},\"primaryImageOfPage\":{\"@id\":\"https:\/\/www.latitude-15.com\/fr\/les-caraibes-comme-frontiere-maritime-des-etats-unis-signaux-strategiques-du-us-caribbean-ports-forum-2026\/#primaryimage\"},\"image\":{\"@id\":\"https:\/\/www.latitude-15.com\/fr\/les-caraibes-comme-frontiere-maritime-des-etats-unis-signaux-strategiques-du-us-caribbean-ports-forum-2026\/#primaryimage\"},\"thumbnailUrl\":\"https:\/\/www.latitude-15.com\/wp-content\/uploads\/2026\/03\/imgCOUV.png\",\"datePublished\":\"2026-03-02T13:54:58+00:00\",\"dateModified\":\"2026-03-02T15:09:29+00:00\",\"breadcrumb\":{\"@id\":\"https:\/\/www.latitude-15.com\/fr\/les-caraibes-comme-frontiere-maritime-des-etats-unis-signaux-strategiques-du-us-caribbean-ports-forum-2026\/#breadcrumb\"},\"inLanguage\":\"fr-FR\",\"potentialAction\":[{\"@type\":\"ReadAction\",\"target\":[\"https:\/\/www.latitude-15.com\/fr\/les-caraibes-comme-frontiere-maritime-des-etats-unis-signaux-strategiques-du-us-caribbean-ports-forum-2026\/\"]}]},{\"@type\":\"ImageObject\",\"inLanguage\":\"fr-FR\",\"@id\":\"https:\/\/www.latitude-15.com\/fr\/les-caraibes-comme-frontiere-maritime-des-etats-unis-signaux-strategiques-du-us-caribbean-ports-forum-2026\/#primaryimage\",\"url\":\"https:\/\/www.latitude-15.com\/wp-content\/uploads\/2026\/03\/imgCOUV.png\",\"contentUrl\":\"https:\/\/www.latitude-15.com\/wp-content\/uploads\/2026\/03\/imgCOUV.png\",\"width\":1357,\"height\":731},{\"@type\":\"BreadcrumbList\",\"@id\":\"https:\/\/www.latitude-15.com\/fr\/les-caraibes-comme-frontiere-maritime-des-etats-unis-signaux-strategiques-du-us-caribbean-ports-forum-2026\/#breadcrumb\",\"itemListElement\":[{\"@type\":\"ListItem\",\"position\":1,\"name\":\"Home\",\"item\":\"https:\/\/www.latitude-15.com\/fr\/accueil\/\"},{\"@type\":\"ListItem\",\"position\":2,\"name\":\"Les Cara\u00efbes comme fronti\u00e8re maritime des \u00c9tats-Unis : signaux strat\u00e9giques du US\u2013Caribbean Ports Forum 2026\"}]},{\"@type\":\"WebSite\",\"@id\":\"https:\/\/www.latitude-15.com\/fr\/#website\",\"url\":\"https:\/\/www.latitude-15.com\/fr\/\",\"name\":\"LATITUDE 15\",\"description\":\"Aviation and maritime Magazine - Caribbean &amp; Latin America\",\"publisher\":{\"@id\":\"https:\/\/www.latitude-15.com\/fr\/#organization\"},\"potentialAction\":[{\"@type\":\"SearchAction\",\"target\":{\"@type\":\"EntryPoint\",\"urlTemplate\":\"https:\/\/www.latitude-15.com\/fr\/?s={search_term_string}\"},\"query-input\":{\"@type\":\"PropertyValueSpecification\",\"valueRequired\":true,\"valueName\":\"search_term_string\"}}],\"inLanguage\":\"fr-FR\"},{\"@type\":\"Organization\",\"@id\":\"https:\/\/www.latitude-15.com\/fr\/#organization\",\"name\":\"LATITUDE 15\",\"url\":\"https:\/\/www.latitude-15.com\/fr\/\",\"logo\":{\"@type\":\"ImageObject\",\"inLanguage\":\"fr-FR\",\"@id\":\"https:\/\/www.latitude-15.com\/fr\/#\/schema\/logo\/image\/\",\"url\":\"https:\/\/www.latitude-15.com\/wp-content\/uploads\/2026\/01\/cropped-logox500px.png\",\"contentUrl\":\"https:\/\/www.latitude-15.com\/wp-content\/uploads\/2026\/01\/cropped-logox500px.png\",\"width\":62,\"height\":75,\"caption\":\"LATITUDE 15\"},\"image\":{\"@id\":\"https:\/\/www.latitude-15.com\/fr\/#\/schema\/logo\/image\/\"}},{\"@type\":\"Person\",\"@id\":\"https:\/\/www.latitude-15.com\/fr\/#\/schema\/person\/dac52e7ff44c78317f337da112e37252\",\"name\":\"Joda J\",\"image\":{\"@type\":\"ImageObject\",\"inLanguage\":\"fr-FR\",\"@id\":\"https:\/\/www.latitude-15.com\/fr\/#\/schema\/person\/image\/\",\"url\":\"https:\/\/secure.gravatar.com\/avatar\/6b1feae555e15404b76616f92d931d12b25ac58024f14ccb43d9d3c012e4c4cf?s=96&d=mm&r=g\",\"contentUrl\":\"https:\/\/secure.gravatar.com\/avatar\/6b1feae555e15404b76616f92d931d12b25ac58024f14ccb43d9d3c012e4c4cf?s=96&d=mm&r=g\",\"caption\":\"Joda J\"},\"url\":\"https:\/\/www.latitude-15.com\/fr\/author\/joda\/\"}]}<\/script>\n<!-- \/ Yoast SEO plugin. -->","yoast_head_json":{"title":"Signaux strat\u00e9giques du Forum des ports \u00c9tats-Unis\u2013Cara\u00efbes 2026","robots":{"index":"index","follow":"follow","max-snippet":"max-snippet:-1","max-image-preview":"max-image-preview:large","max-video-preview":"max-video-preview:-1"},"canonical":"https:\/\/www.latitude-15.com\/fr\/les-caraibes-comme-frontiere-maritime-des-etats-unis-signaux-strategiques-du-us-caribbean-ports-forum-2026\/","og_locale":"fr_FR","og_type":"article","og_title":"Signaux strat\u00e9giques du Forum des ports \u00c9tats-Unis\u2013Cara\u00efbes 2026","og_description":"Le 20 f\u00e9vrier 2026, la Caribbean Initiative de l\u2019Atlantic Council a organis\u00e9 \u00e0 Miami la premi\u00e8re \u00e9dition du US\u2013Caribbean Maritime and Ports Forum. Tenu au Fontainebleau Hotel, l\u2019\u00e9v\u00e9nement a officiellement lanc\u00e9 ce que les organisateurs ont pr\u00e9sent\u00e9 comme une plateforme p\u00e9renne destin\u00e9e \u00e0 renforcer la coop\u00e9ration entre les \u00c9tats-Unis et les nations carib\u00e9ennes dans les [&hellip;]","og_url":"https:\/\/www.latitude-15.com\/fr\/les-caraibes-comme-frontiere-maritime-des-etats-unis-signaux-strategiques-du-us-caribbean-ports-forum-2026\/","og_site_name":"LATITUDE 15","article_published_time":"2026-03-02T13:54:58+00:00","article_modified_time":"2026-03-02T15:09:29+00:00","og_image":[{"width":1357,"height":731,"url":"https:\/\/www.latitude-15.com\/wp-content\/uploads\/2026\/03\/imgCOUV.png","type":"image\/png"}],"author":"Joda J","twitter_card":"summary_large_image","twitter_misc":{"\u00c9crit par":"Joda J","Dur\u00e9e de lecture estim\u00e9e":"8 minutes"},"schema":{"@context":"https:\/\/schema.org","@graph":[{"@type":"Article","@id":"https:\/\/www.latitude-15.com\/fr\/les-caraibes-comme-frontiere-maritime-des-etats-unis-signaux-strategiques-du-us-caribbean-ports-forum-2026\/#article","isPartOf":{"@id":"https:\/\/www.latitude-15.com\/fr\/les-caraibes-comme-frontiere-maritime-des-etats-unis-signaux-strategiques-du-us-caribbean-ports-forum-2026\/"},"author":{"name":"Joda J","@id":"https:\/\/www.latitude-15.com\/fr\/#\/schema\/person\/dac52e7ff44c78317f337da112e37252"},"headline":"Les Cara\u00efbes comme fronti\u00e8re maritime des \u00c9tats-Unis : signaux strat\u00e9giques du US\u2013Caribbean Ports Forum 2026","datePublished":"2026-03-02T13:54:58+00:00","dateModified":"2026-03-02T15:09:29+00:00","mainEntityOfPage":{"@id":"https:\/\/www.latitude-15.com\/fr\/les-caraibes-comme-frontiere-maritime-des-etats-unis-signaux-strategiques-du-us-caribbean-ports-forum-2026\/"},"wordCount":1525,"commentCount":0,"publisher":{"@id":"https:\/\/www.latitude-15.com\/fr\/#organization"},"image":{"@id":"https:\/\/www.latitude-15.com\/fr\/les-caraibes-comme-frontiere-maritime-des-etats-unis-signaux-strategiques-du-us-caribbean-ports-forum-2026\/#primaryimage"},"thumbnailUrl":"https:\/\/www.latitude-15.com\/wp-content\/uploads\/2026\/03\/imgCOUV.png","articleSection":["Connectivit\u00e9 maritime &amp; mobilit\u00e9","MARITIME"],"inLanguage":"fr-FR","potentialAction":[{"@type":"CommentAction","name":"Comment","target":["https:\/\/www.latitude-15.com\/fr\/les-caraibes-comme-frontiere-maritime-des-etats-unis-signaux-strategiques-du-us-caribbean-ports-forum-2026\/#respond"]}]},{"@type":"WebPage","@id":"https:\/\/www.latitude-15.com\/fr\/les-caraibes-comme-frontiere-maritime-des-etats-unis-signaux-strategiques-du-us-caribbean-ports-forum-2026\/","url":"https:\/\/www.latitude-15.com\/fr\/les-caraibes-comme-frontiere-maritime-des-etats-unis-signaux-strategiques-du-us-caribbean-ports-forum-2026\/","name":"Signaux strat\u00e9giques du Forum des ports \u00c9tats-Unis\u2013Cara\u00efbes 2026","isPartOf":{"@id":"https:\/\/www.latitude-15.com\/fr\/#website"},"primaryImageOfPage":{"@id":"https:\/\/www.latitude-15.com\/fr\/les-caraibes-comme-frontiere-maritime-des-etats-unis-signaux-strategiques-du-us-caribbean-ports-forum-2026\/#primaryimage"},"image":{"@id":"https:\/\/www.latitude-15.com\/fr\/les-caraibes-comme-frontiere-maritime-des-etats-unis-signaux-strategiques-du-us-caribbean-ports-forum-2026\/#primaryimage"},"thumbnailUrl":"https:\/\/www.latitude-15.com\/wp-content\/uploads\/2026\/03\/imgCOUV.png","datePublished":"2026-03-02T13:54:58+00:00","dateModified":"2026-03-02T15:09:29+00:00","breadcrumb":{"@id":"https:\/\/www.latitude-15.com\/fr\/les-caraibes-comme-frontiere-maritime-des-etats-unis-signaux-strategiques-du-us-caribbean-ports-forum-2026\/#breadcrumb"},"inLanguage":"fr-FR","potentialAction":[{"@type":"ReadAction","target":["https:\/\/www.latitude-15.com\/fr\/les-caraibes-comme-frontiere-maritime-des-etats-unis-signaux-strategiques-du-us-caribbean-ports-forum-2026\/"]}]},{"@type":"ImageObject","inLanguage":"fr-FR","@id":"https:\/\/www.latitude-15.com\/fr\/les-caraibes-comme-frontiere-maritime-des-etats-unis-signaux-strategiques-du-us-caribbean-ports-forum-2026\/#primaryimage","url":"https:\/\/www.latitude-15.com\/wp-content\/uploads\/2026\/03\/imgCOUV.png","contentUrl":"https:\/\/www.latitude-15.com\/wp-content\/uploads\/2026\/03\/imgCOUV.png","width":1357,"height":731},{"@type":"BreadcrumbList","@id":"https:\/\/www.latitude-15.com\/fr\/les-caraibes-comme-frontiere-maritime-des-etats-unis-signaux-strategiques-du-us-caribbean-ports-forum-2026\/#breadcrumb","itemListElement":[{"@type":"ListItem","position":1,"name":"Home","item":"https:\/\/www.latitude-15.com\/fr\/accueil\/"},{"@type":"ListItem","position":2,"name":"Les Cara\u00efbes comme fronti\u00e8re maritime des \u00c9tats-Unis : signaux strat\u00e9giques du US\u2013Caribbean Ports Forum 2026"}]},{"@type":"WebSite","@id":"https:\/\/www.latitude-15.com\/fr\/#website","url":"https:\/\/www.latitude-15.com\/fr\/","name":"LATITUDE 15","description":"Aviation and maritime Magazine - Caribbean &amp; Latin America","publisher":{"@id":"https:\/\/www.latitude-15.com\/fr\/#organization"},"potentialAction":[{"@type":"SearchAction","target":{"@type":"EntryPoint","urlTemplate":"https:\/\/www.latitude-15.com\/fr\/?s={search_term_string}"},"query-input":{"@type":"PropertyValueSpecification","valueRequired":true,"valueName":"search_term_string"}}],"inLanguage":"fr-FR"},{"@type":"Organization","@id":"https:\/\/www.latitude-15.com\/fr\/#organization","name":"LATITUDE 15","url":"https:\/\/www.latitude-15.com\/fr\/","logo":{"@type":"ImageObject","inLanguage":"fr-FR","@id":"https:\/\/www.latitude-15.com\/fr\/#\/schema\/logo\/image\/","url":"https:\/\/www.latitude-15.com\/wp-content\/uploads\/2026\/01\/cropped-logox500px.png","contentUrl":"https:\/\/www.latitude-15.com\/wp-content\/uploads\/2026\/01\/cropped-logox500px.png","width":62,"height":75,"caption":"LATITUDE 15"},"image":{"@id":"https:\/\/www.latitude-15.com\/fr\/#\/schema\/logo\/image\/"}},{"@type":"Person","@id":"https:\/\/www.latitude-15.com\/fr\/#\/schema\/person\/dac52e7ff44c78317f337da112e37252","name":"Joda J","image":{"@type":"ImageObject","inLanguage":"fr-FR","@id":"https:\/\/www.latitude-15.com\/fr\/#\/schema\/person\/image\/","url":"https:\/\/secure.gravatar.com\/avatar\/6b1feae555e15404b76616f92d931d12b25ac58024f14ccb43d9d3c012e4c4cf?s=96&d=mm&r=g","contentUrl":"https:\/\/secure.gravatar.com\/avatar\/6b1feae555e15404b76616f92d931d12b25ac58024f14ccb43d9d3c012e4c4cf?s=96&d=mm&r=g","caption":"Joda J"},"url":"https:\/\/www.latitude-15.com\/fr\/author\/joda\/"}]}},"_links":{"self":[{"href":"https:\/\/www.latitude-15.com\/fr\/wp-json\/wp\/v2\/posts\/20941","targetHints":{"allow":["GET"]}}],"collection":[{"href":"https:\/\/www.latitude-15.com\/fr\/wp-json\/wp\/v2\/posts"}],"about":[{"href":"https:\/\/www.latitude-15.com\/fr\/wp-json\/wp\/v2\/types\/post"}],"author":[{"embeddable":true,"href":"https:\/\/www.latitude-15.com\/fr\/wp-json\/wp\/v2\/users\/5"}],"replies":[{"embeddable":true,"href":"https:\/\/www.latitude-15.com\/fr\/wp-json\/wp\/v2\/comments?post=20941"}],"version-history":[{"count":1,"href":"https:\/\/www.latitude-15.com\/fr\/wp-json\/wp\/v2\/posts\/20941\/revisions"}],"predecessor-version":[{"id":20942,"href":"https:\/\/www.latitude-15.com\/fr\/wp-json\/wp\/v2\/posts\/20941\/revisions\/20942"}],"wp:featuredmedia":[{"embeddable":true,"href":"https:\/\/www.latitude-15.com\/fr\/wp-json\/wp\/v2\/media\/20940"}],"wp:attachment":[{"href":"https:\/\/www.latitude-15.com\/fr\/wp-json\/wp\/v2\/media?parent=20941"}],"wp:term":[{"taxonomy":"category","embeddable":true,"href":"https:\/\/www.latitude-15.com\/fr\/wp-json\/wp\/v2\/categories?post=20941"},{"taxonomy":"post_tag","embeddable":true,"href":"https:\/\/www.latitude-15.com\/fr\/wp-json\/wp\/v2\/tags?post=20941"}],"curies":[{"name":"wp","href":"https:\/\/api.w.org\/{rel}","templated":true}]}}