{"id":20910,"date":"2026-02-24T13:02:45","date_gmt":"2026-02-24T17:02:45","guid":{"rendered":"https:\/\/www.latitude-15.com\/les-dirigeants-de-laviation-caribeenne-reunis-aux-bermudes-alors-que-la-connectivite-aerienne-devient-prioritaire\/"},"modified":"2026-02-26T10:59:04","modified_gmt":"2026-02-26T14:59:04","slug":"les-dirigeants-de-laviation-caribeenne-reunis-aux-bermudes-alors-que-la-connectivite-aerienne-devient-prioritaire","status":"publish","type":"post","link":"https:\/\/www.latitude-15.com\/fr\/les-dirigeants-de-laviation-caribeenne-reunis-aux-bermudes-alors-que-la-connectivite-aerienne-devient-prioritaire\/","title":{"rendered":"Les dirigeants de l\u2019aviation carib\u00e9enne r\u00e9unis aux Bermudes alors que la connectivit\u00e9 a\u00e9rienne devient prioritaire"},"content":{"rendered":"\n<p>Bermudes, 24 f\u00e9vrier 2026 \u2014 L\u2019un des rendez-vous les plus strat\u00e9giques de l\u2019ann\u00e9e pour l\u2019aviation carib\u00e9enne est en cours, alors que la Caribbean Tourism Organization (CTO) accueille son Air Connectivity Summit au Hamilton Princess &amp; Beach Club.<\/p>\n\n<p>Ce forum d\u2019une journ\u00e9e r\u00e9unit 16 ministres du tourisme de la r\u00e9gion, des dirigeants de compagnies a\u00e9riennes, des autorit\u00e9s a\u00e9roportuaires, des r\u00e9gulateurs et des responsables d\u2019infrastructures autour du th\u00e8me \u00ab Integrating Aviation and Regional Tourism Development \u00bb. Pr\u00e8s de 175 d\u00e9l\u00e9gu\u00e9s sont inscrits.<\/p>\n\n<p>L\u2019enjeu d\u00e9passe la simple ouverture de nouvelles lignes. Dans une r\u00e9gion structurellement d\u00e9pendante de l\u2019acc\u00e8s a\u00e9rien, la connectivit\u00e9 conditionne la comp\u00e9titivit\u00e9, la r\u00e9silience touristique et l\u2019int\u00e9gration \u00e9conomique. <\/p>\n\n<h2 class=\"wp-block-heading\">Un forum \u00e0 l\u2019intersection de l\u2019\u00e9conomie des r\u00e9seaux et des politiques publiques<\/h2>\n\n<p>Le programme refl\u00e8te cette double dimension. La matin\u00e9e s\u2019ouvre sur la pr\u00e9sentation de l\u2019\u00e9tude Air Connectivity Study de la CTO, r\u00e9alis\u00e9e par ASM, apportant une analyse fond\u00e9e sur les donn\u00e9es des tendances r\u00e9gionales. Pour les planificateurs a\u00e9ronautiques, ce type d\u2019\u00e9tude influence souvent les discussions sur la viabilit\u00e9 des routes, les m\u00e9canismes d\u2019incitation et la planification capacitaire \u00e0 long terme.  <\/p>\n\n<p>Deux sessions d\u00e9di\u00e9es, intitul\u00e9es \u00ab Airside Chat \u00bb, structurent les \u00e9changes entre connectivit\u00e9 internationale et r\u00e9seaux intra-carib\u00e9ens \u2014 une distinction qui renvoie au d\u00e9fi structurel de longue date auquel la r\u00e9gion est confront\u00e9e.<\/p>\n\n<p>L\u2019Airside Chat I porte sur la connexion des Cara\u00efbes aux march\u00e9s internationaux, avec la participation de dirigeants d\u2019American Airlines, JetBlue, Virgin Atlantic, Contour Aviation et BermudAir, qui analysent les dynamiques mondiales du d\u00e9veloppement de routes.<\/p>\n\n<p>L\u2019Airside Chat II recentre le d\u00e9bat sur les r\u00e9seaux r\u00e9gionaux et les r\u00e9alit\u00e9s op\u00e9rationnelles de transporteurs tels qu\u2019interCaribbean Airways, Sunrise Airways et Breeze Travel Solutions, tout en abordant l\u2019articulation entre strat\u00e9gie de homeporting, croisi\u00e8res et planification a\u00e9rienne.<\/p>\n\n<h2 class=\"wp-block-heading\">La dimension minist\u00e9rielle<\/h2>\n\n<p>Le panel minist\u00e9riel de l\u2019apr\u00e8s-midi, intitul\u00e9 \u00ab Regional Skies \u2013 Ministerial Dialogue \u00bb, rassemble des responsables du tourisme de Sainte-Lucie, Sint Maarten, Anguilla, Antigua-et-Barbuda, Barbade et Bermudes.<\/p>\n\n<p>Cet alignement politique rev\u00eat une importance particuli\u00e8re. Historiquement, la connectivit\u00e9 carib\u00e9enne s\u2019est d\u00e9velopp\u00e9e \u00e0 travers des n\u00e9gociations bilat\u00e9rales et des programmes d\u2019incitation nationaux, plut\u00f4t qu\u2019au sein de cadres r\u00e9gionaux coordonn\u00e9s. Reste \u00e0 savoir si ces \u00e9changes \u00e9volueront vers une harmonisation accrue des politiques.  <\/p>\n\n<h2 class=\"wp-block-heading\">Le positionnement strat\u00e9gique des Bermudes<\/h2>\n\n<p>L\u2019accueil du sommet traduit \u00e9galement les ambitions propres des Bermudes en mati\u00e8re de desserte a\u00e9rienne.<\/p>\n\n<p>Les r\u00e9centes discussions avec de grands transporteurs ont conduit \u00e0 des ajustements de capacit\u00e9, notamment le d\u00e9ploiement d\u2019appareils de plus grande taille sur certaines liaisons et le maintien d\u2019une desserte quotidienne vers Miami durant la saison hivernale. La strat\u00e9gie de l\u2019\u00eele est \u00e9troitement li\u00e9e \u00e0 la r\u00e9ouverture pr\u00e9vue en 2026 du Fairmont Southampton, qui devrait accro\u00eetre significativement l\u2019offre h\u00f4teli\u00e8re et la capacit\u00e9 d\u2019accueil touristique. <\/p>\n\n<p>Le lancement de BermudAir renforce par ailleurs le positionnement des Bermudes comme exemple d\u2019une strat\u00e9gie cibl\u00e9e de d\u00e9veloppement a\u00e9rien au service d\u2019objectifs \u00e9conomiques plus larges.<\/p>\n\n<h2 class=\"wp-block-heading\">Points d\u2019attention<\/h2>\n\n<p>Trois \u00e9l\u00e9ments permettront de mesurer l\u2019impact r\u00e9el du sommet :<\/p>\n\n<ul class=\"wp-block-list\">\n<li>Les conclusions et recommandations issues de l\u2019\u00e9tude de connectivit\u00e9 r\u00e9alis\u00e9e par ASM<\/li>\n\n\n\n<li>Les signaux politiques \u00e9manant du dialogue minist\u00e9riel concernant une \u00e9ventuelle coordination r\u00e9gionale<\/li>\n\n\n\n<li>Les discussions bilat\u00e9rales concr\u00e8tes entre gouvernements et planificateurs de compagnies a\u00e9riennes<\/li>\n<\/ul>\n\n<p>La connectivit\u00e9 a\u00e9rienne dans les Cara\u00efbes ne constitue pas seulement une variable touristique. Elle repr\u00e9sente une infrastructure dynamique, qui fa\u00e7onne les flux commerciaux, la mobilit\u00e9 de la main-d\u2019\u0153uvre, les sch\u00e9mas d\u2019investissement et la r\u00e9silience territoriale. <\/p>\n\n<p>\u00c0 mesure que les discussions se poursuivent aux Bermudes le 24 f\u00e9vrier, l\u2019architecture a\u00e9rienne r\u00e9gionale se retrouve une nouvelle fois au centre des r\u00e9flexions strat\u00e9giques.<\/p>\n","protected":false},"excerpt":{"rendered":"<p>Bermudes, 24 f\u00e9vrier 2026 \u2014 L\u2019un des rendez-vous les plus strat\u00e9giques de l\u2019ann\u00e9e pour l\u2019aviation carib\u00e9enne est en cours, alors que la Caribbean Tourism Organization (CTO) accueille son Air Connectivity Summit au Hamilton Princess &amp; Beach Club. Ce forum d\u2019une journ\u00e9e r\u00e9unit 16 ministres du tourisme de la r\u00e9gion, des dirigeants de compagnies a\u00e9riennes, des [&hellip;]<\/p>\n","protected":false},"author":5,"featured_media":0,"comment_status":"open","ping_status":"open","sticky":false,"template":"","format":"standard","meta":{"footnotes":""},"categories":[97,100],"tags":[],"class_list":["post-20910","post","type-post","status-publish","format-standard","hentry","category-aviation-fr","category-connectivite-aerienne-et-attractivite-territoriale"],"yoast_head":"<!-- This site is optimized with the Yoast SEO plugin v26.9 - https:\/\/yoast.com\/product\/yoast-seo-wordpress\/ -->\n<title>Les dirigeants de l\u2019aviation carib\u00e9enne r\u00e9unis aux Bermudes alors que la connectivit\u00e9 a\u00e9rienne devient prioritaire<\/title>\n<meta name=\"robots\" content=\"index, follow, max-snippet:-1, max-image-preview:large, max-video-preview:-1\" \/>\n<link rel=\"canonical\" href=\"https:\/\/www.latitude-15.com\/fr\/les-dirigeants-de-laviation-caribeenne-reunis-aux-bermudes-alors-que-la-connectivite-aerienne-devient-prioritaire\/\" \/>\n<meta property=\"og:locale\" content=\"fr_FR\" \/>\n<meta property=\"og:type\" content=\"article\" \/>\n<meta property=\"og:title\" content=\"Les dirigeants de l\u2019aviation carib\u00e9enne r\u00e9unis aux Bermudes alors que la connectivit\u00e9 a\u00e9rienne devient prioritaire\" \/>\n<meta property=\"og:description\" content=\"Bermudes, 24 f\u00e9vrier 2026 \u2014 L\u2019un des rendez-vous les plus strat\u00e9giques de l\u2019ann\u00e9e pour l\u2019aviation carib\u00e9enne est en cours, alors que la Caribbean Tourism Organization (CTO) accueille son Air Connectivity Summit au Hamilton Princess &amp; Beach Club. Ce forum d\u2019une journ\u00e9e r\u00e9unit 16 ministres du tourisme de la r\u00e9gion, des dirigeants de compagnies a\u00e9riennes, des [&hellip;]\" \/>\n<meta property=\"og:url\" content=\"https:\/\/www.latitude-15.com\/fr\/les-dirigeants-de-laviation-caribeenne-reunis-aux-bermudes-alors-que-la-connectivite-aerienne-devient-prioritaire\/\" \/>\n<meta property=\"og:site_name\" content=\"LATITUDE 15\" \/>\n<meta property=\"article:published_time\" content=\"2026-02-24T17:02:45+00:00\" \/>\n<meta property=\"article:modified_time\" content=\"2026-02-26T14:59:04+00:00\" \/>\n<meta property=\"og:image\" content=\"https:\/\/www.latitude-15.com\/wp-content\/uploads\/2026\/02\/airconnectivityimage.png\" \/>\n\t<meta property=\"og:image:width\" content=\"487\" \/>\n\t<meta property=\"og:image:height\" content=\"517\" \/>\n\t<meta property=\"og:image:type\" content=\"image\/png\" \/>\n<meta name=\"author\" content=\"Joda J\" \/>\n<meta name=\"twitter:card\" content=\"summary_large_image\" \/>\n<meta name=\"twitter:label1\" content=\"\u00c9crit par\" \/>\n\t<meta name=\"twitter:data1\" content=\"Joda J\" \/>\n\t<meta name=\"twitter:label2\" content=\"Dur\u00e9e de lecture estim\u00e9e\" \/>\n\t<meta name=\"twitter:data2\" content=\"3 minutes\" \/>\n<script type=\"application\/ld+json\" class=\"yoast-schema-graph\">{\"@context\":\"https:\/\/schema.org\",\"@graph\":[{\"@type\":\"Article\",\"@id\":\"https:\/\/www.latitude-15.com\/fr\/les-dirigeants-de-laviation-caribeenne-reunis-aux-bermudes-alors-que-la-connectivite-aerienne-devient-prioritaire\/#article\",\"isPartOf\":{\"@id\":\"https:\/\/www.latitude-15.com\/fr\/les-dirigeants-de-laviation-caribeenne-reunis-aux-bermudes-alors-que-la-connectivite-aerienne-devient-prioritaire\/\"},\"author\":{\"name\":\"Joda J\",\"@id\":\"https:\/\/www.latitude-15.com\/fr\/#\/schema\/person\/dac52e7ff44c78317f337da112e37252\"},\"headline\":\"Les dirigeants de l\u2019aviation carib\u00e9enne r\u00e9unis aux Bermudes alors que la connectivit\u00e9 a\u00e9rienne devient prioritaire\",\"datePublished\":\"2026-02-24T17:02:45+00:00\",\"dateModified\":\"2026-02-26T14:59:04+00:00\",\"mainEntityOfPage\":{\"@id\":\"https:\/\/www.latitude-15.com\/fr\/les-dirigeants-de-laviation-caribeenne-reunis-aux-bermudes-alors-que-la-connectivite-aerienne-devient-prioritaire\/\"},\"wordCount\":709,\"commentCount\":0,\"publisher\":{\"@id\":\"https:\/\/www.latitude-15.com\/fr\/#organization\"},\"articleSection\":[\"AVIATION\",\"Connectivit\u00e9 a\u00e9rienne et Attractivit\u00e9 territoriale\"],\"inLanguage\":\"fr-FR\",\"potentialAction\":[{\"@type\":\"CommentAction\",\"name\":\"Comment\",\"target\":[\"https:\/\/www.latitude-15.com\/fr\/les-dirigeants-de-laviation-caribeenne-reunis-aux-bermudes-alors-que-la-connectivite-aerienne-devient-prioritaire\/#respond\"]}]},{\"@type\":\"WebPage\",\"@id\":\"https:\/\/www.latitude-15.com\/fr\/les-dirigeants-de-laviation-caribeenne-reunis-aux-bermudes-alors-que-la-connectivite-aerienne-devient-prioritaire\/\",\"url\":\"https:\/\/www.latitude-15.com\/fr\/les-dirigeants-de-laviation-caribeenne-reunis-aux-bermudes-alors-que-la-connectivite-aerienne-devient-prioritaire\/\",\"name\":\"Les dirigeants de l\u2019aviation carib\u00e9enne r\u00e9unis aux Bermudes alors que la connectivit\u00e9 a\u00e9rienne devient prioritaire\",\"isPartOf\":{\"@id\":\"https:\/\/www.latitude-15.com\/fr\/#website\"},\"datePublished\":\"2026-02-24T17:02:45+00:00\",\"dateModified\":\"2026-02-26T14:59:04+00:00\",\"breadcrumb\":{\"@id\":\"https:\/\/www.latitude-15.com\/fr\/les-dirigeants-de-laviation-caribeenne-reunis-aux-bermudes-alors-que-la-connectivite-aerienne-devient-prioritaire\/#breadcrumb\"},\"inLanguage\":\"fr-FR\",\"potentialAction\":[{\"@type\":\"ReadAction\",\"target\":[\"https:\/\/www.latitude-15.com\/fr\/les-dirigeants-de-laviation-caribeenne-reunis-aux-bermudes-alors-que-la-connectivite-aerienne-devient-prioritaire\/\"]}]},{\"@type\":\"BreadcrumbList\",\"@id\":\"https:\/\/www.latitude-15.com\/fr\/les-dirigeants-de-laviation-caribeenne-reunis-aux-bermudes-alors-que-la-connectivite-aerienne-devient-prioritaire\/#breadcrumb\",\"itemListElement\":[{\"@type\":\"ListItem\",\"position\":1,\"name\":\"Home\",\"item\":\"https:\/\/www.latitude-15.com\/fr\/accueil\/\"},{\"@type\":\"ListItem\",\"position\":2,\"name\":\"Les dirigeants de l\u2019aviation carib\u00e9enne r\u00e9unis aux Bermudes alors que la connectivit\u00e9 a\u00e9rienne devient prioritaire\"}]},{\"@type\":\"WebSite\",\"@id\":\"https:\/\/www.latitude-15.com\/fr\/#website\",\"url\":\"https:\/\/www.latitude-15.com\/fr\/\",\"name\":\"LATITUDE 15\",\"description\":\"Aviation and maritime Magazine - Caribbean &amp; Latin America\",\"publisher\":{\"@id\":\"https:\/\/www.latitude-15.com\/fr\/#organization\"},\"potentialAction\":[{\"@type\":\"SearchAction\",\"target\":{\"@type\":\"EntryPoint\",\"urlTemplate\":\"https:\/\/www.latitude-15.com\/fr\/?s={search_term_string}\"},\"query-input\":{\"@type\":\"PropertyValueSpecification\",\"valueRequired\":true,\"valueName\":\"search_term_string\"}}],\"inLanguage\":\"fr-FR\"},{\"@type\":\"Organization\",\"@id\":\"https:\/\/www.latitude-15.com\/fr\/#organization\",\"name\":\"LATITUDE 15\",\"url\":\"https:\/\/www.latitude-15.com\/fr\/\",\"logo\":{\"@type\":\"ImageObject\",\"inLanguage\":\"fr-FR\",\"@id\":\"https:\/\/www.latitude-15.com\/fr\/#\/schema\/logo\/image\/\",\"url\":\"https:\/\/www.latitude-15.com\/wp-content\/uploads\/2026\/01\/cropped-logox500px.png\",\"contentUrl\":\"https:\/\/www.latitude-15.com\/wp-content\/uploads\/2026\/01\/cropped-logox500px.png\",\"width\":62,\"height\":75,\"caption\":\"LATITUDE 15\"},\"image\":{\"@id\":\"https:\/\/www.latitude-15.com\/fr\/#\/schema\/logo\/image\/\"}},{\"@type\":\"Person\",\"@id\":\"https:\/\/www.latitude-15.com\/fr\/#\/schema\/person\/dac52e7ff44c78317f337da112e37252\",\"name\":\"Joda J\",\"image\":{\"@type\":\"ImageObject\",\"inLanguage\":\"fr-FR\",\"@id\":\"https:\/\/www.latitude-15.com\/fr\/#\/schema\/person\/image\/\",\"url\":\"https:\/\/secure.gravatar.com\/avatar\/6b1feae555e15404b76616f92d931d12b25ac58024f14ccb43d9d3c012e4c4cf?s=96&d=mm&r=g\",\"contentUrl\":\"https:\/\/secure.gravatar.com\/avatar\/6b1feae555e15404b76616f92d931d12b25ac58024f14ccb43d9d3c012e4c4cf?s=96&d=mm&r=g\",\"caption\":\"Joda J\"},\"url\":\"https:\/\/www.latitude-15.com\/fr\/author\/joda\/\"}]}<\/script>\n<!-- \/ Yoast SEO plugin. -->","yoast_head_json":{"title":"Les dirigeants de l\u2019aviation carib\u00e9enne r\u00e9unis aux Bermudes alors que la connectivit\u00e9 a\u00e9rienne devient prioritaire","robots":{"index":"index","follow":"follow","max-snippet":"max-snippet:-1","max-image-preview":"max-image-preview:large","max-video-preview":"max-video-preview:-1"},"canonical":"https:\/\/www.latitude-15.com\/fr\/les-dirigeants-de-laviation-caribeenne-reunis-aux-bermudes-alors-que-la-connectivite-aerienne-devient-prioritaire\/","og_locale":"fr_FR","og_type":"article","og_title":"Les dirigeants de l\u2019aviation carib\u00e9enne r\u00e9unis aux Bermudes alors que la connectivit\u00e9 a\u00e9rienne devient prioritaire","og_description":"Bermudes, 24 f\u00e9vrier 2026 \u2014 L\u2019un des rendez-vous les plus strat\u00e9giques de l\u2019ann\u00e9e pour l\u2019aviation carib\u00e9enne est en cours, alors que la Caribbean Tourism Organization (CTO) accueille son Air Connectivity Summit au Hamilton Princess &amp; Beach Club. Ce forum d\u2019une journ\u00e9e r\u00e9unit 16 ministres du tourisme de la r\u00e9gion, des dirigeants de compagnies a\u00e9riennes, des [&hellip;]","og_url":"https:\/\/www.latitude-15.com\/fr\/les-dirigeants-de-laviation-caribeenne-reunis-aux-bermudes-alors-que-la-connectivite-aerienne-devient-prioritaire\/","og_site_name":"LATITUDE 15","article_published_time":"2026-02-24T17:02:45+00:00","article_modified_time":"2026-02-26T14:59:04+00:00","og_image":[{"width":487,"height":517,"url":"https:\/\/www.latitude-15.com\/wp-content\/uploads\/2026\/02\/airconnectivityimage.png","type":"image\/png"}],"author":"Joda J","twitter_card":"summary_large_image","twitter_misc":{"\u00c9crit par":"Joda J","Dur\u00e9e de lecture estim\u00e9e":"3 minutes"},"schema":{"@context":"https:\/\/schema.org","@graph":[{"@type":"Article","@id":"https:\/\/www.latitude-15.com\/fr\/les-dirigeants-de-laviation-caribeenne-reunis-aux-bermudes-alors-que-la-connectivite-aerienne-devient-prioritaire\/#article","isPartOf":{"@id":"https:\/\/www.latitude-15.com\/fr\/les-dirigeants-de-laviation-caribeenne-reunis-aux-bermudes-alors-que-la-connectivite-aerienne-devient-prioritaire\/"},"author":{"name":"Joda J","@id":"https:\/\/www.latitude-15.com\/fr\/#\/schema\/person\/dac52e7ff44c78317f337da112e37252"},"headline":"Les dirigeants de l\u2019aviation carib\u00e9enne r\u00e9unis aux Bermudes alors que la connectivit\u00e9 a\u00e9rienne devient prioritaire","datePublished":"2026-02-24T17:02:45+00:00","dateModified":"2026-02-26T14:59:04+00:00","mainEntityOfPage":{"@id":"https:\/\/www.latitude-15.com\/fr\/les-dirigeants-de-laviation-caribeenne-reunis-aux-bermudes-alors-que-la-connectivite-aerienne-devient-prioritaire\/"},"wordCount":709,"commentCount":0,"publisher":{"@id":"https:\/\/www.latitude-15.com\/fr\/#organization"},"articleSection":["AVIATION","Connectivit\u00e9 a\u00e9rienne et Attractivit\u00e9 territoriale"],"inLanguage":"fr-FR","potentialAction":[{"@type":"CommentAction","name":"Comment","target":["https:\/\/www.latitude-15.com\/fr\/les-dirigeants-de-laviation-caribeenne-reunis-aux-bermudes-alors-que-la-connectivite-aerienne-devient-prioritaire\/#respond"]}]},{"@type":"WebPage","@id":"https:\/\/www.latitude-15.com\/fr\/les-dirigeants-de-laviation-caribeenne-reunis-aux-bermudes-alors-que-la-connectivite-aerienne-devient-prioritaire\/","url":"https:\/\/www.latitude-15.com\/fr\/les-dirigeants-de-laviation-caribeenne-reunis-aux-bermudes-alors-que-la-connectivite-aerienne-devient-prioritaire\/","name":"Les dirigeants de l\u2019aviation carib\u00e9enne r\u00e9unis aux Bermudes alors que la connectivit\u00e9 a\u00e9rienne devient prioritaire","isPartOf":{"@id":"https:\/\/www.latitude-15.com\/fr\/#website"},"datePublished":"2026-02-24T17:02:45+00:00","dateModified":"2026-02-26T14:59:04+00:00","breadcrumb":{"@id":"https:\/\/www.latitude-15.com\/fr\/les-dirigeants-de-laviation-caribeenne-reunis-aux-bermudes-alors-que-la-connectivite-aerienne-devient-prioritaire\/#breadcrumb"},"inLanguage":"fr-FR","potentialAction":[{"@type":"ReadAction","target":["https:\/\/www.latitude-15.com\/fr\/les-dirigeants-de-laviation-caribeenne-reunis-aux-bermudes-alors-que-la-connectivite-aerienne-devient-prioritaire\/"]}]},{"@type":"BreadcrumbList","@id":"https:\/\/www.latitude-15.com\/fr\/les-dirigeants-de-laviation-caribeenne-reunis-aux-bermudes-alors-que-la-connectivite-aerienne-devient-prioritaire\/#breadcrumb","itemListElement":[{"@type":"ListItem","position":1,"name":"Home","item":"https:\/\/www.latitude-15.com\/fr\/accueil\/"},{"@type":"ListItem","position":2,"name":"Les dirigeants de l\u2019aviation carib\u00e9enne r\u00e9unis aux Bermudes alors que la connectivit\u00e9 a\u00e9rienne devient prioritaire"}]},{"@type":"WebSite","@id":"https:\/\/www.latitude-15.com\/fr\/#website","url":"https:\/\/www.latitude-15.com\/fr\/","name":"LATITUDE 15","description":"Aviation and maritime Magazine - Caribbean &amp; Latin America","publisher":{"@id":"https:\/\/www.latitude-15.com\/fr\/#organization"},"potentialAction":[{"@type":"SearchAction","target":{"@type":"EntryPoint","urlTemplate":"https:\/\/www.latitude-15.com\/fr\/?s={search_term_string}"},"query-input":{"@type":"PropertyValueSpecification","valueRequired":true,"valueName":"search_term_string"}}],"inLanguage":"fr-FR"},{"@type":"Organization","@id":"https:\/\/www.latitude-15.com\/fr\/#organization","name":"LATITUDE 15","url":"https:\/\/www.latitude-15.com\/fr\/","logo":{"@type":"ImageObject","inLanguage":"fr-FR","@id":"https:\/\/www.latitude-15.com\/fr\/#\/schema\/logo\/image\/","url":"https:\/\/www.latitude-15.com\/wp-content\/uploads\/2026\/01\/cropped-logox500px.png","contentUrl":"https:\/\/www.latitude-15.com\/wp-content\/uploads\/2026\/01\/cropped-logox500px.png","width":62,"height":75,"caption":"LATITUDE 15"},"image":{"@id":"https:\/\/www.latitude-15.com\/fr\/#\/schema\/logo\/image\/"}},{"@type":"Person","@id":"https:\/\/www.latitude-15.com\/fr\/#\/schema\/person\/dac52e7ff44c78317f337da112e37252","name":"Joda J","image":{"@type":"ImageObject","inLanguage":"fr-FR","@id":"https:\/\/www.latitude-15.com\/fr\/#\/schema\/person\/image\/","url":"https:\/\/secure.gravatar.com\/avatar\/6b1feae555e15404b76616f92d931d12b25ac58024f14ccb43d9d3c012e4c4cf?s=96&d=mm&r=g","contentUrl":"https:\/\/secure.gravatar.com\/avatar\/6b1feae555e15404b76616f92d931d12b25ac58024f14ccb43d9d3c012e4c4cf?s=96&d=mm&r=g","caption":"Joda J"},"url":"https:\/\/www.latitude-15.com\/fr\/author\/joda\/"}]}},"_links":{"self":[{"href":"https:\/\/www.latitude-15.com\/fr\/wp-json\/wp\/v2\/posts\/20910","targetHints":{"allow":["GET"]}}],"collection":[{"href":"https:\/\/www.latitude-15.com\/fr\/wp-json\/wp\/v2\/posts"}],"about":[{"href":"https:\/\/www.latitude-15.com\/fr\/wp-json\/wp\/v2\/types\/post"}],"author":[{"embeddable":true,"href":"https:\/\/www.latitude-15.com\/fr\/wp-json\/wp\/v2\/users\/5"}],"replies":[{"embeddable":true,"href":"https:\/\/www.latitude-15.com\/fr\/wp-json\/wp\/v2\/comments?post=20910"}],"version-history":[{"count":1,"href":"https:\/\/www.latitude-15.com\/fr\/wp-json\/wp\/v2\/posts\/20910\/revisions"}],"predecessor-version":[{"id":20911,"href":"https:\/\/www.latitude-15.com\/fr\/wp-json\/wp\/v2\/posts\/20910\/revisions\/20911"}],"wp:attachment":[{"href":"https:\/\/www.latitude-15.com\/fr\/wp-json\/wp\/v2\/media?parent=20910"}],"wp:term":[{"taxonomy":"category","embeddable":true,"href":"https:\/\/www.latitude-15.com\/fr\/wp-json\/wp\/v2\/categories?post=20910"},{"taxonomy":"post_tag","embeddable":true,"href":"https:\/\/www.latitude-15.com\/fr\/wp-json\/wp\/v2\/tags?post=20910"}],"curies":[{"name":"wp","href":"https:\/\/api.w.org\/{rel}","templated":true}]}}