{"id":20900,"date":"2026-02-24T14:03:17","date_gmt":"2026-02-24T18:03:17","guid":{"rendered":"https:\/\/www.latitude-15.com\/decarboner-sans-deconnecter-lamerique-latine-peut-elle-se-permettre-une-aviation-neutre-en-carbone\/"},"modified":"2026-02-25T04:48:37","modified_gmt":"2026-02-25T08:48:37","slug":"decarboner-sans-deconnecter-lamerique-latine-peut-elle-se-permettre-une-aviation-neutre-en-carbone","status":"publish","type":"post","link":"https:\/\/www.latitude-15.com\/fr\/decarboner-sans-deconnecter-lamerique-latine-peut-elle-se-permettre-une-aviation-neutre-en-carbone\/","title":{"rendered":"D\u00e9carboner sans d\u00e9connecter : l\u2019Am\u00e9rique latine peut-elle se permettre une aviation neutre en carbone ?"},"content":{"rendered":"\n<p>Alors que l\u2019industrie a\u00e9rienne mondiale acc\u00e9l\u00e8re sa trajectoire vers la neutralit\u00e9 carbone, l\u2019Am\u00e9rique latine et les Cara\u00efbes (LAC) se trouvent face \u00e0 un paradoxe structurel. Dans sa r\u00e9cente feuille de route<a href=\"https:\/\/alta.aero\/sustainability-roadmap\/\"><em> Route to Sustainability in Latin America and the Caribbean<\/em><\/a>, l\u2019Association latino-am\u00e9ricaine et carib\u00e9enne du transport a\u00e9rien (ALTA) souligne clairement que si la r\u00e9gion soutient l\u2019agenda mondial de d\u00e9carbonation, le chemin \u00e9conomique pour y parvenir sera particuli\u00e8rement complexe. <\/p>\n\n<p>Selon l\u2019analyse d\u2019ALTA, l\u2019aviation en LAC repr\u00e9sente environ 4,8 % des \u00e9missions cumul\u00e9es mondiales du secteur entre 2013 et 2023. Pourtant, la r\u00e9gion pourrait supporter des co\u00fbts de transition disproportionn\u00e9s au regard de sa r\u00e9silience \u00e9conomique et de ses besoins en mati\u00e8re de connectivit\u00e9. <\/p>\n\n<p>Contrairement \u00e0 l\u2019Europe ou aux \u00c9tats-Unis \u2014 o\u00f9 la fr\u00e9quence moyenne d\u00e9passe deux voyages par habitant et par an \u2014 l\u2019Am\u00e9rique latine affiche une moyenne de seulement 0,64 voyage par habitant. Le potentiel de croissance demeure important. Mais cette croissance est \u00e9troitement li\u00e9e au d\u00e9veloppement \u00e9conomique, au tourisme, \u00e0 l\u2019int\u00e9gration commerciale et \u00e0 la coh\u00e9sion territoriale.  <\/p>\n\n<p>La question n\u2019est donc plus de savoir si la r\u00e9gion soutient l\u2019objectif de neutralit\u00e9 carbone dans l\u2019aviation. Elle le soutient. La v\u00e9ritable interrogation est de savoir si elle peut d\u00e9carboner sans compromettre sa connectivit\u00e9.  <\/p>\n\n<h2 class=\"wp-block-heading\">L\u2019aviation comme infrastructure \u00e9conomique<\/h2>\n\n<p>Le rapport d\u2019ALTA met en \u00e9vidence le r\u00f4le syst\u00e9mique du secteur : l\u2019aviation soutient environ 8,3 millions d\u2019emplois et contribue \u00e0 hauteur de 240 milliards de dollars \u00e0 l\u2019\u00e9conomie r\u00e9gionale. En Am\u00e9rique latine et dans les Cara\u00efbes, le transport a\u00e9rien ne rel\u00e8ve pas d\u2019une mobilit\u00e9 accessoire ; il constitue une infrastructure \u00e9conomique essentielle. <\/p>\n\n<p>La g\u00e9ographie renforce cette d\u00e9pendance. La cordill\u00e8re des Andes fragmente les territoires. Le bassin amazonien limite les connexions terrestres. Les archipels carib\u00e9ens reposent fortement sur les liaisons a\u00e9riennes. Les alternatives ferroviaires restent limit\u00e9es dans une grande partie de la r\u00e9gion. Les \u00e9conomies d\u00e9pendantes du tourisme sont particuli\u00e8rement sensibles \u00e0 l\u2019accessibilit\u00e9 a\u00e9rienne.     <\/p>\n\n<p>Toute hausse structurelle des tarifs a\u00e9riens comporte donc des implications macro\u00e9conomiques. Dans les march\u00e9s \u00e9mergents, l\u2019\u00e9lasticit\u00e9 de la demande est g\u00e9n\u00e9ralement plus \u00e9lev\u00e9e que dans les \u00e9conomies matures. M\u00eame des ajustements tarifaires mod\u00e9r\u00e9s peuvent freiner la croissance du trafic et r\u00e9duire les retomb\u00e9es \u00e9conomiques indirectes.  <\/p>\n\n<h2 class=\"wp-block-heading\">Le choc \u00e9conomique du SAF<\/h2>\n\n<p>Au c\u0153ur de la feuille de route d\u2019ALTA figure le Sustainable Aviation Fuel (SAF), largement reconnu comme le principal levier de d\u00e9carbonation \u00e0 grande \u00e9chelle avant 2040. Toutefois, l\u2019\u00e9cart de co\u00fbt reste significatif. <\/p>\n\n<p>Le rapport indique que la prime de prix du SAF varie entre 40 % et 350 % par rapport au carburant conventionnel, selon la fili\u00e8re de production et les dynamiques de march\u00e9. Avec un prix moyen du k\u00e9ros\u00e8ne avoisinant 890 dollars par tonne m\u00e9trique sur les douze derniers mois, l\u2019\u00e9cart demeure substantiel. <\/p>\n\n<p>Au-del\u00e0 des co\u00fbts de production, les lacunes en mati\u00e8re d\u2019infrastructure sont notables. Les capacit\u00e9s de m\u00e9lange, de stockage, de distribution et les cadres de certification restent in\u00e9galement d\u00e9velopp\u00e9s dans la r\u00e9gion. Les \u00e9conomies d\u2019\u00e9chelle sont encore limit\u00e9es et les besoins en investissements sont consid\u00e9rables. Cela cr\u00e9e une tension strat\u00e9gique.   <\/p>\n\n<p>Si les compagnies absorbent le surco\u00fbt du SAF, leurs marges \u2014 d\u00e9j\u00e0 \u00e9troites dans une grande partie de l\u2019Am\u00e9rique latine \u2014 se contractent davantage. Si les co\u00fbts sont r\u00e9percut\u00e9s sur les passagers, le risque de contraction de la demande augmente. Si les gouvernements imposent des mandats d\u2019incorporation sans m\u00e9canismes financiers coordonn\u00e9s, certaines liaisons marginales pourraient devenir \u00e9conomiquement fragiles.  <\/p>\n\n<p>Dans un tel sc\u00e9nario, une politique de durabilit\u00e9 mal calibr\u00e9e pourrait acc\u00e9l\u00e9rer la concentration des r\u00e9seaux autour des grands hubs, au d\u00e9triment des routes p\u00e9riph\u00e9riques \u2014 un enjeu particuli\u00e8rement sensible pour les petits \u00c9tats carib\u00e9ens.<\/p>\n\n<h2 class=\"wp-block-heading\">Des gains d\u2019efficacit\u00e9 d\u00e9j\u00e0 r\u00e9alis\u00e9s<\/h2>\n\n<p>La r\u00e9gion a toutefois d\u00e9j\u00e0 enregistr\u00e9 des progr\u00e8s mesurables. ALTA souligne que la consommation de carburant par 100 passagers-kilom\u00e8tres payants a diminu\u00e9 d\u2019environ 28 % entre 2011 et 2023. Le renouvellement des flottes a \u00e9t\u00e9 significatif, les appareils de nouvelle g\u00e9n\u00e9ration permettant des gains d\u2019efficacit\u00e9 de 15 \u00e0 20 % \u00e0 chaque transition technologique.  <\/p>\n\n<p>Autrement dit, une grande partie des gains op\u00e9rationnels \u00ab faciles \u00bb a d\u00e9j\u00e0 \u00e9t\u00e9 capt\u00e9e.<\/p>\n\n<p>La prochaine phase de d\u00e9carbonation n\u00e9cessitera une transformation structurelle des sources d\u2019\u00e9nergie, plut\u00f4t que des am\u00e9liorations incr\u00e9mentales d\u2019exploitation.<\/p>\n\n<h2 class=\"wp-block-heading\">\u00c9quit\u00e9, conception des politiques et trajectoires diff\u00e9renci\u00e9es<\/h2>\n\n<p>La feuille de route d\u2019ALTA soul\u00e8ve implicitement la question de la sym\u00e9trie r\u00e9glementaire.<\/p>\n\n<p>Seules deux \u00e9conomies de la r\u00e9gion \u2014 le Br\u00e9sil et le Mexique \u2014 figurent parmi les principaux \u00e9metteurs mondiaux du secteur sur la derni\u00e8re d\u00e9cennie. La contribution historique du reste de la r\u00e9gion demeure relativement modeste. <\/p>\n\n<p>Ce contexte complique le d\u00e9bat politique. L\u2019Am\u00e9rique latine doit-elle reproduire des architectures r\u00e9glementaires con\u00e7ues pour des march\u00e9s matures, caract\u00e9ris\u00e9s par une mobilit\u00e9 par habitant plus \u00e9lev\u00e9e et des capacit\u00e9s budg\u00e9taires plus importantes ? Ou convient-il d\u2019envisager des trajectoires diff\u00e9renci\u00e9es ?  <\/p>\n\n<p>Parmi les pistes \u00e9voqu\u00e9es :<\/p>\n\n<ul class=\"wp-block-list\">\n<li>D\u00e9ploiement du SAF bas\u00e9 sur des incitations dans les premi\u00e8res phases, plut\u00f4t que sur des obligations rigides<\/li>\n\n\n\n<li>M\u00e9canismes de financement mixte appuy\u00e9s par des banques multilat\u00e9rales de d\u00e9veloppement<\/li>\n\n\n\n<li>Strat\u00e9gies industrielles visant \u00e0 localiser la production de SAF dans les pays disposant d\u2019avantages en mati\u00e8re de mati\u00e8res premi\u00e8res<\/li>\n\n\n\n<li>Dispositifs transitoires prot\u00e9geant les routes essentielles \u00e0 la connectivit\u00e9<\/li>\n<\/ul>\n\n<p>La s\u00e9quence et la coh\u00e9rence des instruments politiques d\u00e9termineront si la durabilit\u00e9 devient une opportunit\u00e9 industrielle comp\u00e9titive \u2014 ou une contrainte structurelle.<\/p>\n\n<h2 class=\"wp-block-heading\">La question des 300 milliards de dollars<\/h2>\n\n<p>ALTA estime que, sur la base d\u2019une part d\u2019environ 6 % du trafic mondial, les co\u00fbts proportionnels de transition pour l\u2019Am\u00e9rique latine et les Cara\u00efbes pourraient se situer entre 240 et 318 milliards de dollars entre 2020 et 2050. L\u2019ampleur des montants reconfigure le d\u00e9bat. <\/p>\n\n<p>Qui financera cette transition ?<\/p>\n\n<p>Les compagnies a\u00e9riennes ne peuvent absorber seules de tels co\u00fbts sans compromettre leur r\u00e9silience. Les passagers des march\u00e9s sensibles aux prix pourraient r\u00e9sister \u00e0 des hausses tarifaires prolong\u00e9es. Les \u00c9tats font face \u00e0 des contraintes budg\u00e9taires. Les institutions de financement du d\u00e9veloppement, les investisseurs \u00e9nerg\u00e9tiques et des partenariats public-priv\u00e9 innovants pourraient donc jouer un r\u00f4le d\u00e9terminant.   <\/p>\n\n<p>L\u2019architecture financi\u00e8re choisie d\u00e9terminera si la transition est expansive \u2014 catalysant des fili\u00e8res r\u00e9gionales de biocarburants \u2014 ou restrictive, en limitant la connectivit\u00e9 et la croissance.<\/p>\n\n<h2 class=\"wp-block-heading\">Vers un r\u00e9\u00e9quilibrage comp\u00e9titif<\/h2>\n\n<p>La transition vers la durabilit\u00e9 pourrait \u00e9galement remodeler la comp\u00e9titivit\u00e9 r\u00e9gionale. Les pays disposant d\u2019avantages en mati\u00e8re de mati\u00e8res premi\u00e8res et d\u2019\u00e9cosyst\u00e8mes industriels \u2014 notamment le Br\u00e9sil, la Colombie et le Chili \u2014 pourraient \u00e9merger comme leaders de la production de SAF. Les hubs capables d\u2019int\u00e9grer efficacement les cha\u00eenes d\u2019approvisionnement en carburant pourraient acqu\u00e9rir un avantage structurel. D\u2019autres, d\u00e9pendants d\u2019importations de SAF, pourraient subir une exposition asym\u00e9trique aux co\u00fbts.   <\/p>\n\n<p>Dans cette perspective, la d\u00e9carbonation ne rel\u00e8ve pas uniquement de la politique environnementale. Elle s\u2019inscrit aussi dans une logique de strat\u00e9gie industrielle et de positionnement g\u00e9o\u00e9conomique. <\/p>\n\n<h2 class=\"wp-block-heading\">\u00c9viter une p\u00e9nalit\u00e9 de connectivit\u00e9<\/h2>\n\n<p>La feuille de route d\u2019ALTA ne remet pas en cause la n\u00e9cessit\u00e9 de la d\u00e9carbonation. Elle insiste plut\u00f4t sur la n\u00e9cessit\u00e9 d\u2019une mise en \u0153uvre calibr\u00e9e, align\u00e9e sur les r\u00e9alit\u00e9s r\u00e9gionales. <\/p>\n\n<p>L\u2019Am\u00e9rique latine et les Cara\u00efbes peuvent d\u00e9carboner leur aviation. La r\u00e9gion a d\u00e9j\u00e0 d\u00e9montr\u00e9 des progr\u00e8s en mati\u00e8re d\u2019efficacit\u00e9 et de modernisation. Le d\u00e9fi strat\u00e9gique consiste \u00e0 s\u2019assurer que la neutralit\u00e9 carbone ne se traduise pas par une d\u00e9connexion.  <\/p>\n\n<p>La prochaine d\u00e9cennie d\u00e9terminera bien plus que les trajectoires d\u2019\u00e9missions. Elle d\u00e9finira si la durabilit\u00e9 renforce \u2014 ou fragilise \u2014 l\u2019architecture de connectivit\u00e9 dont d\u00e9pend le d\u00e9veloppement r\u00e9gional. <\/p>\n","protected":false},"excerpt":{"rendered":"<p>Alors que l\u2019industrie a\u00e9rienne mondiale acc\u00e9l\u00e8re sa trajectoire vers la neutralit\u00e9 carbone, l\u2019Am\u00e9rique latine et les Cara\u00efbes (LAC) se trouvent face \u00e0 un paradoxe structurel. Dans sa r\u00e9cente feuille de route Route to Sustainability in Latin America and the Caribbean, l\u2019Association latino-am\u00e9ricaine et carib\u00e9enne du transport a\u00e9rien (ALTA) souligne clairement que si la r\u00e9gion soutient [&hellip;]<\/p>\n","protected":false},"author":5,"featured_media":0,"comment_status":"open","ping_status":"open","sticky":false,"template":"","format":"standard","meta":{"footnotes":""},"categories":[97,112],"tags":[],"class_list":["post-20900","post","type-post","status-publish","format-standard","hentry","category-aviation-fr","category-durabilite-et-transition-energetique"],"yoast_head":"<!-- This site is optimized with the Yoast SEO plugin v26.9 - https:\/\/yoast.com\/product\/yoast-seo-wordpress\/ -->\n<title>D\u00e9carboner sans d\u00e9connecter : l\u2019Am\u00e9rique latine peut-elle se permettre une aviation neutre en carbone ? - LATITUDE 15<\/title>\n<meta name=\"robots\" content=\"index, follow, max-snippet:-1, max-image-preview:large, max-video-preview:-1\" \/>\n<link rel=\"canonical\" href=\"https:\/\/www.latitude-15.com\/fr\/decarboner-sans-deconnecter-lamerique-latine-peut-elle-se-permettre-une-aviation-neutre-en-carbone\/\" \/>\n<meta property=\"og:locale\" content=\"fr_FR\" \/>\n<meta property=\"og:type\" content=\"article\" \/>\n<meta property=\"og:title\" content=\"D\u00e9carboner sans d\u00e9connecter : l\u2019Am\u00e9rique latine peut-elle se permettre une aviation neutre en carbone ? - LATITUDE 15\" \/>\n<meta property=\"og:description\" content=\"Alors que l\u2019industrie a\u00e9rienne mondiale acc\u00e9l\u00e8re sa trajectoire vers la neutralit\u00e9 carbone, l\u2019Am\u00e9rique latine et les Cara\u00efbes (LAC) se trouvent face \u00e0 un paradoxe structurel. Dans sa r\u00e9cente feuille de route Route to Sustainability in Latin America and the Caribbean, l\u2019Association latino-am\u00e9ricaine et carib\u00e9enne du transport a\u00e9rien (ALTA) souligne clairement que si la r\u00e9gion soutient [&hellip;]\" \/>\n<meta property=\"og:url\" content=\"https:\/\/www.latitude-15.com\/fr\/decarboner-sans-deconnecter-lamerique-latine-peut-elle-se-permettre-une-aviation-neutre-en-carbone\/\" \/>\n<meta property=\"og:site_name\" content=\"LATITUDE 15\" \/>\n<meta property=\"article:published_time\" content=\"2026-02-24T18:03:17+00:00\" \/>\n<meta property=\"article:modified_time\" content=\"2026-02-25T08:48:37+00:00\" \/>\n<meta property=\"og:image\" content=\"https:\/\/www.latitude-15.com\/wp-content\/uploads\/2026\/02\/679.jpg\" \/>\n\t<meta property=\"og:image:width\" content=\"1000\" \/>\n\t<meta property=\"og:image:height\" content=\"668\" \/>\n\t<meta property=\"og:image:type\" content=\"image\/jpeg\" \/>\n<meta name=\"author\" content=\"Joda J\" \/>\n<meta name=\"twitter:card\" content=\"summary_large_image\" \/>\n<meta name=\"twitter:label1\" content=\"\u00c9crit par\" \/>\n\t<meta name=\"twitter:data1\" content=\"Joda J\" \/>\n\t<meta name=\"twitter:label2\" content=\"Dur\u00e9e de lecture estim\u00e9e\" \/>\n\t<meta name=\"twitter:data2\" content=\"7 minutes\" \/>\n<script type=\"application\/ld+json\" class=\"yoast-schema-graph\">{\"@context\":\"https:\/\/schema.org\",\"@graph\":[{\"@type\":\"Article\",\"@id\":\"https:\/\/www.latitude-15.com\/fr\/decarboner-sans-deconnecter-lamerique-latine-peut-elle-se-permettre-une-aviation-neutre-en-carbone\/#article\",\"isPartOf\":{\"@id\":\"https:\/\/www.latitude-15.com\/fr\/decarboner-sans-deconnecter-lamerique-latine-peut-elle-se-permettre-une-aviation-neutre-en-carbone\/\"},\"author\":{\"name\":\"Joda J\",\"@id\":\"https:\/\/www.latitude-15.com\/fr\/#\/schema\/person\/dac52e7ff44c78317f337da112e37252\"},\"headline\":\"D\u00e9carboner sans d\u00e9connecter : l\u2019Am\u00e9rique latine peut-elle se permettre une aviation neutre en carbone ?\",\"datePublished\":\"2026-02-24T18:03:17+00:00\",\"dateModified\":\"2026-02-25T08:48:37+00:00\",\"mainEntityOfPage\":{\"@id\":\"https:\/\/www.latitude-15.com\/fr\/decarboner-sans-deconnecter-lamerique-latine-peut-elle-se-permettre-une-aviation-neutre-en-carbone\/\"},\"wordCount\":1423,\"commentCount\":0,\"publisher\":{\"@id\":\"https:\/\/www.latitude-15.com\/fr\/#organization\"},\"articleSection\":[\"AVIATION\",\"Durabilit\u00e9 et transition \u00e9nerg\u00e9tique\"],\"inLanguage\":\"fr-FR\",\"potentialAction\":[{\"@type\":\"CommentAction\",\"name\":\"Comment\",\"target\":[\"https:\/\/www.latitude-15.com\/fr\/decarboner-sans-deconnecter-lamerique-latine-peut-elle-se-permettre-une-aviation-neutre-en-carbone\/#respond\"]}]},{\"@type\":\"WebPage\",\"@id\":\"https:\/\/www.latitude-15.com\/fr\/decarboner-sans-deconnecter-lamerique-latine-peut-elle-se-permettre-une-aviation-neutre-en-carbone\/\",\"url\":\"https:\/\/www.latitude-15.com\/fr\/decarboner-sans-deconnecter-lamerique-latine-peut-elle-se-permettre-une-aviation-neutre-en-carbone\/\",\"name\":\"D\u00e9carboner sans d\u00e9connecter : l\u2019Am\u00e9rique latine peut-elle se permettre une aviation neutre en carbone ? - LATITUDE 15\",\"isPartOf\":{\"@id\":\"https:\/\/www.latitude-15.com\/fr\/#website\"},\"datePublished\":\"2026-02-24T18:03:17+00:00\",\"dateModified\":\"2026-02-25T08:48:37+00:00\",\"breadcrumb\":{\"@id\":\"https:\/\/www.latitude-15.com\/fr\/decarboner-sans-deconnecter-lamerique-latine-peut-elle-se-permettre-une-aviation-neutre-en-carbone\/#breadcrumb\"},\"inLanguage\":\"fr-FR\",\"potentialAction\":[{\"@type\":\"ReadAction\",\"target\":[\"https:\/\/www.latitude-15.com\/fr\/decarboner-sans-deconnecter-lamerique-latine-peut-elle-se-permettre-une-aviation-neutre-en-carbone\/\"]}]},{\"@type\":\"BreadcrumbList\",\"@id\":\"https:\/\/www.latitude-15.com\/fr\/decarboner-sans-deconnecter-lamerique-latine-peut-elle-se-permettre-une-aviation-neutre-en-carbone\/#breadcrumb\",\"itemListElement\":[{\"@type\":\"ListItem\",\"position\":1,\"name\":\"Home\",\"item\":\"https:\/\/www.latitude-15.com\/fr\/accueil\/\"},{\"@type\":\"ListItem\",\"position\":2,\"name\":\"D\u00e9carboner sans d\u00e9connecter : l\u2019Am\u00e9rique latine peut-elle se permettre une aviation neutre en carbone ?\"}]},{\"@type\":\"WebSite\",\"@id\":\"https:\/\/www.latitude-15.com\/fr\/#website\",\"url\":\"https:\/\/www.latitude-15.com\/fr\/\",\"name\":\"LATITUDE 15\",\"description\":\"Aviation and maritime Magazine - Caribbean &amp; Latin America\",\"publisher\":{\"@id\":\"https:\/\/www.latitude-15.com\/fr\/#organization\"},\"potentialAction\":[{\"@type\":\"SearchAction\",\"target\":{\"@type\":\"EntryPoint\",\"urlTemplate\":\"https:\/\/www.latitude-15.com\/fr\/?s={search_term_string}\"},\"query-input\":{\"@type\":\"PropertyValueSpecification\",\"valueRequired\":true,\"valueName\":\"search_term_string\"}}],\"inLanguage\":\"fr-FR\"},{\"@type\":\"Organization\",\"@id\":\"https:\/\/www.latitude-15.com\/fr\/#organization\",\"name\":\"LATITUDE 15\",\"url\":\"https:\/\/www.latitude-15.com\/fr\/\",\"logo\":{\"@type\":\"ImageObject\",\"inLanguage\":\"fr-FR\",\"@id\":\"https:\/\/www.latitude-15.com\/fr\/#\/schema\/logo\/image\/\",\"url\":\"https:\/\/www.latitude-15.com\/wp-content\/uploads\/2026\/01\/cropped-logox500px.png\",\"contentUrl\":\"https:\/\/www.latitude-15.com\/wp-content\/uploads\/2026\/01\/cropped-logox500px.png\",\"width\":62,\"height\":75,\"caption\":\"LATITUDE 15\"},\"image\":{\"@id\":\"https:\/\/www.latitude-15.com\/fr\/#\/schema\/logo\/image\/\"}},{\"@type\":\"Person\",\"@id\":\"https:\/\/www.latitude-15.com\/fr\/#\/schema\/person\/dac52e7ff44c78317f337da112e37252\",\"name\":\"Joda J\",\"image\":{\"@type\":\"ImageObject\",\"inLanguage\":\"fr-FR\",\"@id\":\"https:\/\/www.latitude-15.com\/fr\/#\/schema\/person\/image\/\",\"url\":\"https:\/\/secure.gravatar.com\/avatar\/6b1feae555e15404b76616f92d931d12b25ac58024f14ccb43d9d3c012e4c4cf?s=96&d=mm&r=g\",\"contentUrl\":\"https:\/\/secure.gravatar.com\/avatar\/6b1feae555e15404b76616f92d931d12b25ac58024f14ccb43d9d3c012e4c4cf?s=96&d=mm&r=g\",\"caption\":\"Joda J\"},\"url\":\"https:\/\/www.latitude-15.com\/fr\/author\/joda\/\"}]}<\/script>\n<!-- \/ Yoast SEO plugin. -->","yoast_head_json":{"title":"D\u00e9carboner sans d\u00e9connecter : l\u2019Am\u00e9rique latine peut-elle se permettre une aviation neutre en carbone ? - LATITUDE 15","robots":{"index":"index","follow":"follow","max-snippet":"max-snippet:-1","max-image-preview":"max-image-preview:large","max-video-preview":"max-video-preview:-1"},"canonical":"https:\/\/www.latitude-15.com\/fr\/decarboner-sans-deconnecter-lamerique-latine-peut-elle-se-permettre-une-aviation-neutre-en-carbone\/","og_locale":"fr_FR","og_type":"article","og_title":"D\u00e9carboner sans d\u00e9connecter : l\u2019Am\u00e9rique latine peut-elle se permettre une aviation neutre en carbone ? - LATITUDE 15","og_description":"Alors que l\u2019industrie a\u00e9rienne mondiale acc\u00e9l\u00e8re sa trajectoire vers la neutralit\u00e9 carbone, l\u2019Am\u00e9rique latine et les Cara\u00efbes (LAC) se trouvent face \u00e0 un paradoxe structurel. Dans sa r\u00e9cente feuille de route Route to Sustainability in Latin America and the Caribbean, l\u2019Association latino-am\u00e9ricaine et carib\u00e9enne du transport a\u00e9rien (ALTA) souligne clairement que si la r\u00e9gion soutient [&hellip;]","og_url":"https:\/\/www.latitude-15.com\/fr\/decarboner-sans-deconnecter-lamerique-latine-peut-elle-se-permettre-une-aviation-neutre-en-carbone\/","og_site_name":"LATITUDE 15","article_published_time":"2026-02-24T18:03:17+00:00","article_modified_time":"2026-02-25T08:48:37+00:00","og_image":[{"width":1000,"height":668,"url":"https:\/\/www.latitude-15.com\/wp-content\/uploads\/2026\/02\/679.jpg","type":"image\/jpeg"}],"author":"Joda J","twitter_card":"summary_large_image","twitter_misc":{"\u00c9crit par":"Joda J","Dur\u00e9e de lecture estim\u00e9e":"7 minutes"},"schema":{"@context":"https:\/\/schema.org","@graph":[{"@type":"Article","@id":"https:\/\/www.latitude-15.com\/fr\/decarboner-sans-deconnecter-lamerique-latine-peut-elle-se-permettre-une-aviation-neutre-en-carbone\/#article","isPartOf":{"@id":"https:\/\/www.latitude-15.com\/fr\/decarboner-sans-deconnecter-lamerique-latine-peut-elle-se-permettre-une-aviation-neutre-en-carbone\/"},"author":{"name":"Joda J","@id":"https:\/\/www.latitude-15.com\/fr\/#\/schema\/person\/dac52e7ff44c78317f337da112e37252"},"headline":"D\u00e9carboner sans d\u00e9connecter : l\u2019Am\u00e9rique latine peut-elle se permettre une aviation neutre en carbone ?","datePublished":"2026-02-24T18:03:17+00:00","dateModified":"2026-02-25T08:48:37+00:00","mainEntityOfPage":{"@id":"https:\/\/www.latitude-15.com\/fr\/decarboner-sans-deconnecter-lamerique-latine-peut-elle-se-permettre-une-aviation-neutre-en-carbone\/"},"wordCount":1423,"commentCount":0,"publisher":{"@id":"https:\/\/www.latitude-15.com\/fr\/#organization"},"articleSection":["AVIATION","Durabilit\u00e9 et transition \u00e9nerg\u00e9tique"],"inLanguage":"fr-FR","potentialAction":[{"@type":"CommentAction","name":"Comment","target":["https:\/\/www.latitude-15.com\/fr\/decarboner-sans-deconnecter-lamerique-latine-peut-elle-se-permettre-une-aviation-neutre-en-carbone\/#respond"]}]},{"@type":"WebPage","@id":"https:\/\/www.latitude-15.com\/fr\/decarboner-sans-deconnecter-lamerique-latine-peut-elle-se-permettre-une-aviation-neutre-en-carbone\/","url":"https:\/\/www.latitude-15.com\/fr\/decarboner-sans-deconnecter-lamerique-latine-peut-elle-se-permettre-une-aviation-neutre-en-carbone\/","name":"D\u00e9carboner sans d\u00e9connecter : l\u2019Am\u00e9rique latine peut-elle se permettre une aviation neutre en carbone ? - LATITUDE 15","isPartOf":{"@id":"https:\/\/www.latitude-15.com\/fr\/#website"},"datePublished":"2026-02-24T18:03:17+00:00","dateModified":"2026-02-25T08:48:37+00:00","breadcrumb":{"@id":"https:\/\/www.latitude-15.com\/fr\/decarboner-sans-deconnecter-lamerique-latine-peut-elle-se-permettre-une-aviation-neutre-en-carbone\/#breadcrumb"},"inLanguage":"fr-FR","potentialAction":[{"@type":"ReadAction","target":["https:\/\/www.latitude-15.com\/fr\/decarboner-sans-deconnecter-lamerique-latine-peut-elle-se-permettre-une-aviation-neutre-en-carbone\/"]}]},{"@type":"BreadcrumbList","@id":"https:\/\/www.latitude-15.com\/fr\/decarboner-sans-deconnecter-lamerique-latine-peut-elle-se-permettre-une-aviation-neutre-en-carbone\/#breadcrumb","itemListElement":[{"@type":"ListItem","position":1,"name":"Home","item":"https:\/\/www.latitude-15.com\/fr\/accueil\/"},{"@type":"ListItem","position":2,"name":"D\u00e9carboner sans d\u00e9connecter : l\u2019Am\u00e9rique latine peut-elle se permettre une aviation neutre en carbone ?"}]},{"@type":"WebSite","@id":"https:\/\/www.latitude-15.com\/fr\/#website","url":"https:\/\/www.latitude-15.com\/fr\/","name":"LATITUDE 15","description":"Aviation and maritime Magazine - Caribbean &amp; Latin America","publisher":{"@id":"https:\/\/www.latitude-15.com\/fr\/#organization"},"potentialAction":[{"@type":"SearchAction","target":{"@type":"EntryPoint","urlTemplate":"https:\/\/www.latitude-15.com\/fr\/?s={search_term_string}"},"query-input":{"@type":"PropertyValueSpecification","valueRequired":true,"valueName":"search_term_string"}}],"inLanguage":"fr-FR"},{"@type":"Organization","@id":"https:\/\/www.latitude-15.com\/fr\/#organization","name":"LATITUDE 15","url":"https:\/\/www.latitude-15.com\/fr\/","logo":{"@type":"ImageObject","inLanguage":"fr-FR","@id":"https:\/\/www.latitude-15.com\/fr\/#\/schema\/logo\/image\/","url":"https:\/\/www.latitude-15.com\/wp-content\/uploads\/2026\/01\/cropped-logox500px.png","contentUrl":"https:\/\/www.latitude-15.com\/wp-content\/uploads\/2026\/01\/cropped-logox500px.png","width":62,"height":75,"caption":"LATITUDE 15"},"image":{"@id":"https:\/\/www.latitude-15.com\/fr\/#\/schema\/logo\/image\/"}},{"@type":"Person","@id":"https:\/\/www.latitude-15.com\/fr\/#\/schema\/person\/dac52e7ff44c78317f337da112e37252","name":"Joda J","image":{"@type":"ImageObject","inLanguage":"fr-FR","@id":"https:\/\/www.latitude-15.com\/fr\/#\/schema\/person\/image\/","url":"https:\/\/secure.gravatar.com\/avatar\/6b1feae555e15404b76616f92d931d12b25ac58024f14ccb43d9d3c012e4c4cf?s=96&d=mm&r=g","contentUrl":"https:\/\/secure.gravatar.com\/avatar\/6b1feae555e15404b76616f92d931d12b25ac58024f14ccb43d9d3c012e4c4cf?s=96&d=mm&r=g","caption":"Joda J"},"url":"https:\/\/www.latitude-15.com\/fr\/author\/joda\/"}]}},"_links":{"self":[{"href":"https:\/\/www.latitude-15.com\/fr\/wp-json\/wp\/v2\/posts\/20900","targetHints":{"allow":["GET"]}}],"collection":[{"href":"https:\/\/www.latitude-15.com\/fr\/wp-json\/wp\/v2\/posts"}],"about":[{"href":"https:\/\/www.latitude-15.com\/fr\/wp-json\/wp\/v2\/types\/post"}],"author":[{"embeddable":true,"href":"https:\/\/www.latitude-15.com\/fr\/wp-json\/wp\/v2\/users\/5"}],"replies":[{"embeddable":true,"href":"https:\/\/www.latitude-15.com\/fr\/wp-json\/wp\/v2\/comments?post=20900"}],"version-history":[{"count":1,"href":"https:\/\/www.latitude-15.com\/fr\/wp-json\/wp\/v2\/posts\/20900\/revisions"}],"predecessor-version":[{"id":20901,"href":"https:\/\/www.latitude-15.com\/fr\/wp-json\/wp\/v2\/posts\/20900\/revisions\/20901"}],"wp:attachment":[{"href":"https:\/\/www.latitude-15.com\/fr\/wp-json\/wp\/v2\/media?parent=20900"}],"wp:term":[{"taxonomy":"category","embeddable":true,"href":"https:\/\/www.latitude-15.com\/fr\/wp-json\/wp\/v2\/categories?post=20900"},{"taxonomy":"post_tag","embeddable":true,"href":"https:\/\/www.latitude-15.com\/fr\/wp-json\/wp\/v2\/tags?post=20900"}],"curies":[{"name":"wp","href":"https:\/\/api.w.org\/{rel}","templated":true}]}}