{"id":20880,"date":"2026-02-23T11:03:33","date_gmt":"2026-02-23T15:03:33","guid":{"rendered":"https:\/\/www.latitude-15.com\/woca-2026-a-santiago-un-moment-dalignement-strategique-pour-laviation-latino-americaine\/"},"modified":"2026-02-24T02:47:18","modified_gmt":"2026-02-24T06:47:18","slug":"woca-2026-a-santiago-un-moment-dalignement-strategique-pour-laviation-latino-americaine","status":"publish","type":"post","link":"https:\/\/www.latitude-15.com\/fr\/woca-2026-a-santiago-un-moment-dalignement-strategique-pour-laviation-latino-americaine\/","title":{"rendered":"WOCA 2026 \u00e0 Santiago : un moment d\u2019alignement strat\u00e9gique pour l\u2019aviation latino-am\u00e9ricaine"},"content":{"rendered":"\n<p>Lorsque les dirigeants du secteur se r\u00e9uniront \u00e0 Santiago du Chili les 8 et 9 avril pour la 16\u1d49 \u00e9dition du Wings of Change Americas (WOCA) organis\u00e9 par IATA, l\u2019\u00e9v\u00e9nement d\u00e9passera le cadre d\u2019une simple conf\u00e9rence r\u00e9gionale r\u00e9currente. Il intervient \u00e0 un moment charni\u00e8re pour l\u2019aviation en Am\u00e9rique latine et dans les Cara\u00efbes \u2014 une phase marqu\u00e9e par des ajustements r\u00e9glementaires, une reconfiguration des cha\u00eenes d\u2019approvisionnement, des dynamiques d\u2019expansion des infrastructures et des pressions croissantes en mati\u00e8re de durabilit\u00e9. <\/p>\n\n<p>Accueilli par LATAM Airlines Group sous le th\u00e8me \u00ab Beyond Borders \u2013 Aviation as a Catalyst for Economic Transformation \u00bb, WOCA 2026 traduit une prise de conscience croissante : la connectivit\u00e9 n\u2019est plus un objectif op\u00e9rationnel isol\u00e9. Elle constitue d\u00e9sormais un levier \u00e9conomique. <\/p>\n\n<h2 class=\"wp-block-heading\">L\u2019aviation comme instrument macro\u00e9conomique<\/h2>\n\n<p>L\u2019empreinte \u00e9conomique du secteur dans la r\u00e9gion illustre l\u2019importance d\u2019un alignement des politiques publiques. Selon IATA, l\u2019aviation soutient plus de 8,3 millions d\u2019emplois en Am\u00e9rique latine et dans les Cara\u00efbes et contribue \u00e0 hauteur d\u2019environ 240 milliards de dollars au PIB (2023). D\u2019ici 2043, ces chiffres pourraient quasiment doubler pour atteindre 15 millions d\u2019emplois soutenus et 500 milliards de dollars de contribution au PIB.  <\/p>\n\n<p>Ces donn\u00e9es positionnent l\u2019aviation non pas uniquement comme un service de transport, mais comme une infrastructure strat\u00e9gique au service du commerce, du tourisme, de l\u2019investissement \u00e9tranger et de la comp\u00e9titivit\u00e9 territoriale. Dans des march\u00e9s \u00e9mergents et g\u00e9ographiquement fragment\u00e9s, la connectivit\u00e9 a\u00e9rienne agit souvent comme un facteur d\u2019int\u00e9gration, reliant des \u00e9conomies p\u00e9riph\u00e9riques aux cha\u00eenes de valeur mondiales. <\/p>\n\n<p>L\u2019accent mis par WOCA sur la coop\u00e9ration strat\u00e9gique entre les acteurs du secteur et les autorit\u00e9s publiques traduit une r\u00e9alit\u00e9 : la croissance d\u00e9pendra moins de la seule expansion des capacit\u00e9s que d\u2019une planification \u00e9conomique coordonn\u00e9e.<\/p>\n\n<h2 class=\"wp-block-heading\">Le dialogue r\u00e9glementaire au c\u0153ur des priorit\u00e9s<\/h2>\n\n<p>WOCA 2026 sera \u00e9galement le premier \u00e9v\u00e9nement majeur du secteur a\u00e9rien au Chili \u00e0 accueillir des repr\u00e9sentants de la nouvelle administration \u00e9lue. Cet \u00e9l\u00e9ment rev\u00eat une port\u00e9e particuli\u00e8re. <\/p>\n\n<p>Dans l\u2019ensemble de la r\u00e9gion, l\u2019aviation fait face \u00e0 une complexit\u00e9 r\u00e9glementaire croissante \u2014 cadres de protection des consommateurs, d\u00e9bats fiscaux, r\u00e8gles d\u2019attribution des cr\u00e9neaux horaires, exigences en mati\u00e8re de durabilit\u00e9. La table ronde r\u00e9glementaire de WOCA, consacr\u00e9e \u00e0 l\u2019\u00e9quilibre entre protection des consommateurs et viabilit\u00e9 du secteur, refl\u00e8te les tensions croissantes entre accessibilit\u00e9 tarifaire, comp\u00e9titivit\u00e9 et soutenabilit\u00e9 op\u00e9rationnelle. <\/p>\n\n<p>Pour les compagnies op\u00e9rant dans des environnements structurellement co\u00fbteux, la coh\u00e9rence r\u00e9glementaire est devenue un facteur d\u00e9terminant de comp\u00e9titivit\u00e9. Le rendez-vous de Santiago offre ainsi un espace de recalibrage strat\u00e9gique entre politiques publiques et objectifs de connectivit\u00e9 \u00e0 long terme. <\/p>\n\n<h2 class=\"wp-block-heading\">Infrastructures : la comp\u00e9tition pour le positionnement r\u00e9gional<\/h2>\n\n<p>La table ronde des dirigeants d\u2019a\u00e9roports, intitul\u00e9e \u00ab Powering the Next Generation of Infrastructure in the Americas \u00bb, souligne une mutation profonde. Les a\u00e9roports d\u2019Am\u00e9rique latine et des Cara\u00efbes ne se limitent plus \u00e0 des plateformes de transit. Ils se positionnent comme des plateformes \u00e9conomiques int\u00e9gr\u00e9es.  <\/p>\n\n<p>L\u2019extension des capacit\u00e9s, la modernisation des terminaux, la digitalisation des parcours passagers et l\u2019int\u00e9gration aux corridors logistiques deviennent des axes centraux des strat\u00e9gies territoriales. \u00c0 mesure que le nearshoring et la diversification des cha\u00eenes d\u2019approvisionnement redessinent les flux commerciaux mondiaux, la r\u00e9silience et la scalabilit\u00e9 des infrastructures d\u00e9termineront quels hubs capteront la croissance marginale. <\/p>\n\n<p>Le choix de Santiago comme ville h\u00f4te n\u2019est pas anodin. Le Chili s\u2019est impos\u00e9 comme l\u2019un des march\u00e9s les plus stables de la r\u00e9gion, avec un cadre r\u00e9glementaire relativement mature et un transporteur national solide, LATAM Airlines. L\u2019\u00e9v\u00e9nement place ainsi le pays au centre du dialogue r\u00e9gional sur la connectivit\u00e9.  <\/p>\n\n<h2 class=\"wp-block-heading\">Le fret au c\u0153ur de la strat\u00e9gie<\/h2>\n\n<p>La place accord\u00e9e au fret a\u00e9rien et \u00e0 la logistique dans l\u2019agenda constitue un signal fort. Longtemps consid\u00e9r\u00e9 comme un segment compl\u00e9mentaire, le fret occupe d\u00e9sormais une position strat\u00e9gique dans les discussions sur le d\u00e9veloppement r\u00e9gional. <\/p>\n\n<p>La fragmentation des cha\u00eenes d\u2019approvisionnement, la mont\u00e9e en puissance du commerce \u00e9lectronique et les dynamiques de nearshoring \u00e0 l\u2019\u00e9chelle des Am\u00e9riques ont renforc\u00e9 l\u2019importance de r\u00e9seaux de fret efficaces. Pour les \u00e9conomies orient\u00e9es vers l\u2019export \u2014 qu\u2019il s\u2019agisse de produits pharmaceutiques ou de denr\u00e9es p\u00e9rissables \u00e0 forte valeur ajout\u00e9e \u2014 la fiabilit\u00e9 du fret conditionne directement la comp\u00e9titivit\u00e9 commerciale. <\/p>\n\n<p>En int\u00e9grant le fret au c\u0153ur du programme, WOCA reconna\u00eet que la connectivit\u00e9 est multidimensionnelle. Les flux passagers \u00e0 eux seuls ne d\u00e9finissent pas l\u2019impact \u00e9conomique de l\u2019aviation. <\/p>\n\n<h2 class=\"wp-block-heading\">Technologie et IA : de l\u2019exp\u00e9rimentation \u00e0 l\u2019int\u00e9gration<\/h2>\n\n<p>La session <em>\u00ab Code, Cloud, Cabin \u2013 AI\u2019s Triple Play in Aviation \u00bb<\/em> illustre un autre point d\u2019inflexion. L\u2019intelligence artificielle ne se limite plus \u00e0 des projets pilotes ou \u00e0 des outils de relation client. Elle transforme d\u00e9sormais la gestion des revenus, la maintenance pr\u00e9dictive, la pr\u00e9vision de la demande, l\u2019efficacit\u00e9 op\u00e9rationnelle et la personnalisation de l\u2019exp\u00e9rience passager.  <\/p>\n\n<p>Dans des march\u00e9s o\u00f9 les marges restent contraintes et la volatilit\u00e9 \u00e9lev\u00e9e, l\u2019adoption technologique peut devenir un facteur d\u2019\u00e9quilibrage structurel. Les infrastructures num\u00e9riques pourraient s\u2019av\u00e9rer aussi d\u00e9terminantes que les pistes physiques pour assurer un avantage concurrentiel durable. <\/p>\n\n<p>La place accord\u00e9e \u00e0 l\u2019IA dans les discussions t\u00e9moigne d\u2019une acc\u00e9l\u00e9ration de la transition digitale de l\u2019aviation latino-am\u00e9ricaine \u2014 non comme une tendance, mais comme une n\u00e9cessit\u00e9 op\u00e9rationnelle.<\/p>\n\n<h2 class=\"wp-block-heading\">Durabilit\u00e9 sous contraintes structurelles<\/h2>\n\n<p>La durabilit\u00e9 demeure l\u2019un des d\u00e9fis les plus complexes pour la r\u00e9gion. Le panel Sustainability &amp; Innovation abordera les obstacles \u00e0 l\u2019atteinte de la neutralit\u00e9 carbone, un enjeu particuli\u00e8rement sensible dans des march\u00e9s \u00e9mergents o\u00f9 les contraintes financi\u00e8res et l\u2019acc\u00e8s in\u00e9gal aux carburants d\u2019aviation durables (SAF) compliquent la d\u00e9carbonation. <\/p>\n\n<p>En Am\u00e9rique latine et dans les Cara\u00efbes, l\u2019ambition environnementale doit s\u2019articuler avec le r\u00e9alisme \u00e9conomique. Investissements d\u2019infrastructure, modernisation des flottes et incitations r\u00e9glementaires doivent progresser de concert. Sans cadre coordonn\u00e9, la durabilit\u00e9 risque d\u2019\u00eatre per\u00e7ue comme un co\u00fbt additionnel plut\u00f4t que comme un levier de comp\u00e9titivit\u00e9.  <\/p>\n\n<h2 class=\"wp-block-heading\">Un point d\u2019inflexion r\u00e9gional<\/h2>\n\n<p>WOCA 2026 r\u00e9unira plus de 400 dirigeants du secteur, dont le vice-pr\u00e9sident r\u00e9gional de IATA, Peter Cerd\u00e1, ainsi que les dirigeants de LATAM Airlines Group, Sky Airline, Abra Group, Avianca Group et JetSMART Airlines. Cette concentration d\u2019acteurs d\u00e9cisionnels souligne l\u2019ampleur des transformations en cours. <\/p>\n\n<p>L\u2019aviation dans les Am\u00e9riques se trouve \u00e0 un carrefour structurel. La connectivit\u00e9 progresse, mais les pressions sur les co\u00fbts persistent. La technologie offre des gains d\u2019efficacit\u00e9, mais les \u00e9carts d\u2019impl\u00e9mentation demeurent. Les gouvernements reconnaissent l\u2019effet multiplicateur \u00e9conomique du secteur, tandis que la fragmentation r\u00e9glementaire continue de g\u00e9n\u00e9rer des frictions.   <\/p>\n\n<p>La rencontre de Santiago ne r\u00e9soudra pas ces tensions en deux jours. Mais elle pourrait constituer un moment d\u2019alignement strat\u00e9gique \u2014 une phase de recalibrage des priorit\u00e9s autour de la comp\u00e9titivit\u00e9, de l\u2019int\u00e9gration et de la r\u00e9silience. <\/p>\n\n<p>WOCA 2026 d\u00e9passe ainsi le cadre \u00e9v\u00e9nementiel. Il s\u2019agit d\u2019une orientation strat\u00e9gique. La question n\u2019est plus de savoir si l\u2019aviation peut \u00eatre un moteur de transformation \u00e9conomique en Am\u00e9rique latine et dans les Cara\u00efbes, mais dans quelle mesure la r\u00e9gion saura aligner infrastructures, r\u00e9gulation, technologie et durabilit\u00e9 pour rendre cette transformation p\u00e9renne.  <\/p>\n\n<p>Dans une r\u00e9gion d\u00e9finie par la distance, la fragmentation et le potentiel, cet alignement pourrait s\u2019av\u00e9rer d\u00e9terminant.<\/p>\n","protected":false},"excerpt":{"rendered":"<p>Lorsque les dirigeants du secteur se r\u00e9uniront \u00e0 Santiago du Chili les 8 et 9 avril pour la 16\u1d49 \u00e9dition du Wings of Change Americas (WOCA) organis\u00e9 par IATA, l\u2019\u00e9v\u00e9nement d\u00e9passera le cadre d\u2019une simple conf\u00e9rence r\u00e9gionale r\u00e9currente. Il intervient \u00e0 un moment charni\u00e8re pour l\u2019aviation en Am\u00e9rique latine et dans les Cara\u00efbes \u2014 une [&hellip;]<\/p>\n","protected":false},"author":5,"featured_media":0,"comment_status":"open","ping_status":"open","sticky":false,"template":"","format":"standard","meta":{"footnotes":""},"categories":[97,100],"tags":[],"class_list":["post-20880","post","type-post","status-publish","format-standard","hentry","category-aviation-fr","category-connectivite-aerienne-et-attractivite-territoriale"],"yoast_head":"<!-- This site is optimized with the Yoast SEO plugin v26.9 - https:\/\/yoast.com\/product\/yoast-seo-wordpress\/ -->\n<title>WOCA 2026 : un moment d\u2019alignement strat\u00e9gique pour l\u2019aviation en Am\u00e9rique latine<\/title>\n<meta name=\"robots\" content=\"index, follow, max-snippet:-1, max-image-preview:large, max-video-preview:-1\" \/>\n<link rel=\"canonical\" href=\"https:\/\/www.latitude-15.com\/fr\/woca-2026-a-santiago-un-moment-dalignement-strategique-pour-laviation-latino-americaine\/\" \/>\n<meta property=\"og:locale\" content=\"fr_FR\" \/>\n<meta property=\"og:type\" content=\"article\" \/>\n<meta property=\"og:title\" content=\"WOCA 2026 : un moment d\u2019alignement strat\u00e9gique pour l\u2019aviation en Am\u00e9rique latine\" \/>\n<meta property=\"og:description\" content=\"Lorsque les dirigeants du secteur se r\u00e9uniront \u00e0 Santiago du Chili les 8 et 9 avril pour la 16\u1d49 \u00e9dition du Wings of Change Americas (WOCA) organis\u00e9 par IATA, l\u2019\u00e9v\u00e9nement d\u00e9passera le cadre d\u2019une simple conf\u00e9rence r\u00e9gionale r\u00e9currente. Il intervient \u00e0 un moment charni\u00e8re pour l\u2019aviation en Am\u00e9rique latine et dans les Cara\u00efbes \u2014 une [&hellip;]\" \/>\n<meta property=\"og:url\" content=\"https:\/\/www.latitude-15.com\/fr\/woca-2026-a-santiago-un-moment-dalignement-strategique-pour-laviation-latino-americaine\/\" \/>\n<meta property=\"og:site_name\" content=\"LATITUDE 15\" \/>\n<meta property=\"article:published_time\" content=\"2026-02-23T15:03:33+00:00\" \/>\n<meta property=\"article:modified_time\" content=\"2026-02-24T06:47:18+00:00\" \/>\n<meta property=\"og:image\" content=\"https:\/\/www.latitude-15.com\/wp-content\/uploads\/2026\/02\/join-me-at-woca-2026.jpg\" \/>\n\t<meta property=\"og:image:width\" content=\"2000\" \/>\n\t<meta property=\"og:image:height\" content=\"1125\" \/>\n\t<meta property=\"og:image:type\" content=\"image\/jpeg\" \/>\n<meta name=\"author\" content=\"Joda J\" \/>\n<meta name=\"twitter:card\" content=\"summary_large_image\" \/>\n<meta name=\"twitter:label1\" content=\"\u00c9crit par\" \/>\n\t<meta name=\"twitter:data1\" content=\"Joda J\" \/>\n\t<meta name=\"twitter:label2\" content=\"Dur\u00e9e de lecture estim\u00e9e\" \/>\n\t<meta name=\"twitter:data2\" content=\"7 minutes\" \/>\n<script type=\"application\/ld+json\" class=\"yoast-schema-graph\">{\"@context\":\"https:\/\/schema.org\",\"@graph\":[{\"@type\":\"Article\",\"@id\":\"https:\/\/www.latitude-15.com\/fr\/woca-2026-a-santiago-un-moment-dalignement-strategique-pour-laviation-latino-americaine\/#article\",\"isPartOf\":{\"@id\":\"https:\/\/www.latitude-15.com\/fr\/woca-2026-a-santiago-un-moment-dalignement-strategique-pour-laviation-latino-americaine\/\"},\"author\":{\"name\":\"Joda J\",\"@id\":\"https:\/\/www.latitude-15.com\/fr\/#\/schema\/person\/dac52e7ff44c78317f337da112e37252\"},\"headline\":\"WOCA 2026 \u00e0 Santiago : un moment d\u2019alignement strat\u00e9gique pour l\u2019aviation latino-am\u00e9ricaine\",\"datePublished\":\"2026-02-23T15:03:33+00:00\",\"dateModified\":\"2026-02-24T06:47:18+00:00\",\"mainEntityOfPage\":{\"@id\":\"https:\/\/www.latitude-15.com\/fr\/woca-2026-a-santiago-un-moment-dalignement-strategique-pour-laviation-latino-americaine\/\"},\"wordCount\":1350,\"commentCount\":0,\"publisher\":{\"@id\":\"https:\/\/www.latitude-15.com\/fr\/#organization\"},\"articleSection\":[\"AVIATION\",\"Connectivit\u00e9 a\u00e9rienne et Attractivit\u00e9 territoriale\"],\"inLanguage\":\"fr-FR\",\"potentialAction\":[{\"@type\":\"CommentAction\",\"name\":\"Comment\",\"target\":[\"https:\/\/www.latitude-15.com\/fr\/woca-2026-a-santiago-un-moment-dalignement-strategique-pour-laviation-latino-americaine\/#respond\"]}]},{\"@type\":\"WebPage\",\"@id\":\"https:\/\/www.latitude-15.com\/fr\/woca-2026-a-santiago-un-moment-dalignement-strategique-pour-laviation-latino-americaine\/\",\"url\":\"https:\/\/www.latitude-15.com\/fr\/woca-2026-a-santiago-un-moment-dalignement-strategique-pour-laviation-latino-americaine\/\",\"name\":\"WOCA 2026 : un moment d\u2019alignement strat\u00e9gique pour l\u2019aviation en Am\u00e9rique latine\",\"isPartOf\":{\"@id\":\"https:\/\/www.latitude-15.com\/fr\/#website\"},\"datePublished\":\"2026-02-23T15:03:33+00:00\",\"dateModified\":\"2026-02-24T06:47:18+00:00\",\"breadcrumb\":{\"@id\":\"https:\/\/www.latitude-15.com\/fr\/woca-2026-a-santiago-un-moment-dalignement-strategique-pour-laviation-latino-americaine\/#breadcrumb\"},\"inLanguage\":\"fr-FR\",\"potentialAction\":[{\"@type\":\"ReadAction\",\"target\":[\"https:\/\/www.latitude-15.com\/fr\/woca-2026-a-santiago-un-moment-dalignement-strategique-pour-laviation-latino-americaine\/\"]}]},{\"@type\":\"BreadcrumbList\",\"@id\":\"https:\/\/www.latitude-15.com\/fr\/woca-2026-a-santiago-un-moment-dalignement-strategique-pour-laviation-latino-americaine\/#breadcrumb\",\"itemListElement\":[{\"@type\":\"ListItem\",\"position\":1,\"name\":\"Home\",\"item\":\"https:\/\/www.latitude-15.com\/fr\/accueil\/\"},{\"@type\":\"ListItem\",\"position\":2,\"name\":\"WOCA 2026 \u00e0 Santiago : un moment d\u2019alignement strat\u00e9gique pour l\u2019aviation latino-am\u00e9ricaine\"}]},{\"@type\":\"WebSite\",\"@id\":\"https:\/\/www.latitude-15.com\/fr\/#website\",\"url\":\"https:\/\/www.latitude-15.com\/fr\/\",\"name\":\"LATITUDE 15\",\"description\":\"Aviation and maritime Magazine - Caribbean &amp; Latin America\",\"publisher\":{\"@id\":\"https:\/\/www.latitude-15.com\/fr\/#organization\"},\"potentialAction\":[{\"@type\":\"SearchAction\",\"target\":{\"@type\":\"EntryPoint\",\"urlTemplate\":\"https:\/\/www.latitude-15.com\/fr\/?s={search_term_string}\"},\"query-input\":{\"@type\":\"PropertyValueSpecification\",\"valueRequired\":true,\"valueName\":\"search_term_string\"}}],\"inLanguage\":\"fr-FR\"},{\"@type\":\"Organization\",\"@id\":\"https:\/\/www.latitude-15.com\/fr\/#organization\",\"name\":\"LATITUDE 15\",\"url\":\"https:\/\/www.latitude-15.com\/fr\/\",\"logo\":{\"@type\":\"ImageObject\",\"inLanguage\":\"fr-FR\",\"@id\":\"https:\/\/www.latitude-15.com\/fr\/#\/schema\/logo\/image\/\",\"url\":\"https:\/\/www.latitude-15.com\/wp-content\/uploads\/2026\/01\/cropped-logox500px.png\",\"contentUrl\":\"https:\/\/www.latitude-15.com\/wp-content\/uploads\/2026\/01\/cropped-logox500px.png\",\"width\":62,\"height\":75,\"caption\":\"LATITUDE 15\"},\"image\":{\"@id\":\"https:\/\/www.latitude-15.com\/fr\/#\/schema\/logo\/image\/\"}},{\"@type\":\"Person\",\"@id\":\"https:\/\/www.latitude-15.com\/fr\/#\/schema\/person\/dac52e7ff44c78317f337da112e37252\",\"name\":\"Joda J\",\"image\":{\"@type\":\"ImageObject\",\"inLanguage\":\"fr-FR\",\"@id\":\"https:\/\/www.latitude-15.com\/fr\/#\/schema\/person\/image\/\",\"url\":\"https:\/\/secure.gravatar.com\/avatar\/6b1feae555e15404b76616f92d931d12b25ac58024f14ccb43d9d3c012e4c4cf?s=96&d=mm&r=g\",\"contentUrl\":\"https:\/\/secure.gravatar.com\/avatar\/6b1feae555e15404b76616f92d931d12b25ac58024f14ccb43d9d3c012e4c4cf?s=96&d=mm&r=g\",\"caption\":\"Joda J\"},\"url\":\"https:\/\/www.latitude-15.com\/fr\/author\/joda\/\"}]}<\/script>\n<!-- \/ Yoast SEO plugin. -->","yoast_head_json":{"title":"WOCA 2026 : un moment d\u2019alignement strat\u00e9gique pour l\u2019aviation en Am\u00e9rique latine","robots":{"index":"index","follow":"follow","max-snippet":"max-snippet:-1","max-image-preview":"max-image-preview:large","max-video-preview":"max-video-preview:-1"},"canonical":"https:\/\/www.latitude-15.com\/fr\/woca-2026-a-santiago-un-moment-dalignement-strategique-pour-laviation-latino-americaine\/","og_locale":"fr_FR","og_type":"article","og_title":"WOCA 2026 : un moment d\u2019alignement strat\u00e9gique pour l\u2019aviation en Am\u00e9rique latine","og_description":"Lorsque les dirigeants du secteur se r\u00e9uniront \u00e0 Santiago du Chili les 8 et 9 avril pour la 16\u1d49 \u00e9dition du Wings of Change Americas (WOCA) organis\u00e9 par IATA, l\u2019\u00e9v\u00e9nement d\u00e9passera le cadre d\u2019une simple conf\u00e9rence r\u00e9gionale r\u00e9currente. Il intervient \u00e0 un moment charni\u00e8re pour l\u2019aviation en Am\u00e9rique latine et dans les Cara\u00efbes \u2014 une [&hellip;]","og_url":"https:\/\/www.latitude-15.com\/fr\/woca-2026-a-santiago-un-moment-dalignement-strategique-pour-laviation-latino-americaine\/","og_site_name":"LATITUDE 15","article_published_time":"2026-02-23T15:03:33+00:00","article_modified_time":"2026-02-24T06:47:18+00:00","og_image":[{"width":2000,"height":1125,"url":"https:\/\/www.latitude-15.com\/wp-content\/uploads\/2026\/02\/join-me-at-woca-2026.jpg","type":"image\/jpeg"}],"author":"Joda J","twitter_card":"summary_large_image","twitter_misc":{"\u00c9crit par":"Joda J","Dur\u00e9e de lecture estim\u00e9e":"7 minutes"},"schema":{"@context":"https:\/\/schema.org","@graph":[{"@type":"Article","@id":"https:\/\/www.latitude-15.com\/fr\/woca-2026-a-santiago-un-moment-dalignement-strategique-pour-laviation-latino-americaine\/#article","isPartOf":{"@id":"https:\/\/www.latitude-15.com\/fr\/woca-2026-a-santiago-un-moment-dalignement-strategique-pour-laviation-latino-americaine\/"},"author":{"name":"Joda J","@id":"https:\/\/www.latitude-15.com\/fr\/#\/schema\/person\/dac52e7ff44c78317f337da112e37252"},"headline":"WOCA 2026 \u00e0 Santiago : un moment d\u2019alignement strat\u00e9gique pour l\u2019aviation latino-am\u00e9ricaine","datePublished":"2026-02-23T15:03:33+00:00","dateModified":"2026-02-24T06:47:18+00:00","mainEntityOfPage":{"@id":"https:\/\/www.latitude-15.com\/fr\/woca-2026-a-santiago-un-moment-dalignement-strategique-pour-laviation-latino-americaine\/"},"wordCount":1350,"commentCount":0,"publisher":{"@id":"https:\/\/www.latitude-15.com\/fr\/#organization"},"articleSection":["AVIATION","Connectivit\u00e9 a\u00e9rienne et Attractivit\u00e9 territoriale"],"inLanguage":"fr-FR","potentialAction":[{"@type":"CommentAction","name":"Comment","target":["https:\/\/www.latitude-15.com\/fr\/woca-2026-a-santiago-un-moment-dalignement-strategique-pour-laviation-latino-americaine\/#respond"]}]},{"@type":"WebPage","@id":"https:\/\/www.latitude-15.com\/fr\/woca-2026-a-santiago-un-moment-dalignement-strategique-pour-laviation-latino-americaine\/","url":"https:\/\/www.latitude-15.com\/fr\/woca-2026-a-santiago-un-moment-dalignement-strategique-pour-laviation-latino-americaine\/","name":"WOCA 2026 : un moment d\u2019alignement strat\u00e9gique pour l\u2019aviation en Am\u00e9rique latine","isPartOf":{"@id":"https:\/\/www.latitude-15.com\/fr\/#website"},"datePublished":"2026-02-23T15:03:33+00:00","dateModified":"2026-02-24T06:47:18+00:00","breadcrumb":{"@id":"https:\/\/www.latitude-15.com\/fr\/woca-2026-a-santiago-un-moment-dalignement-strategique-pour-laviation-latino-americaine\/#breadcrumb"},"inLanguage":"fr-FR","potentialAction":[{"@type":"ReadAction","target":["https:\/\/www.latitude-15.com\/fr\/woca-2026-a-santiago-un-moment-dalignement-strategique-pour-laviation-latino-americaine\/"]}]},{"@type":"BreadcrumbList","@id":"https:\/\/www.latitude-15.com\/fr\/woca-2026-a-santiago-un-moment-dalignement-strategique-pour-laviation-latino-americaine\/#breadcrumb","itemListElement":[{"@type":"ListItem","position":1,"name":"Home","item":"https:\/\/www.latitude-15.com\/fr\/accueil\/"},{"@type":"ListItem","position":2,"name":"WOCA 2026 \u00e0 Santiago : un moment d\u2019alignement strat\u00e9gique pour l\u2019aviation latino-am\u00e9ricaine"}]},{"@type":"WebSite","@id":"https:\/\/www.latitude-15.com\/fr\/#website","url":"https:\/\/www.latitude-15.com\/fr\/","name":"LATITUDE 15","description":"Aviation and maritime Magazine - Caribbean &amp; Latin America","publisher":{"@id":"https:\/\/www.latitude-15.com\/fr\/#organization"},"potentialAction":[{"@type":"SearchAction","target":{"@type":"EntryPoint","urlTemplate":"https:\/\/www.latitude-15.com\/fr\/?s={search_term_string}"},"query-input":{"@type":"PropertyValueSpecification","valueRequired":true,"valueName":"search_term_string"}}],"inLanguage":"fr-FR"},{"@type":"Organization","@id":"https:\/\/www.latitude-15.com\/fr\/#organization","name":"LATITUDE 15","url":"https:\/\/www.latitude-15.com\/fr\/","logo":{"@type":"ImageObject","inLanguage":"fr-FR","@id":"https:\/\/www.latitude-15.com\/fr\/#\/schema\/logo\/image\/","url":"https:\/\/www.latitude-15.com\/wp-content\/uploads\/2026\/01\/cropped-logox500px.png","contentUrl":"https:\/\/www.latitude-15.com\/wp-content\/uploads\/2026\/01\/cropped-logox500px.png","width":62,"height":75,"caption":"LATITUDE 15"},"image":{"@id":"https:\/\/www.latitude-15.com\/fr\/#\/schema\/logo\/image\/"}},{"@type":"Person","@id":"https:\/\/www.latitude-15.com\/fr\/#\/schema\/person\/dac52e7ff44c78317f337da112e37252","name":"Joda J","image":{"@type":"ImageObject","inLanguage":"fr-FR","@id":"https:\/\/www.latitude-15.com\/fr\/#\/schema\/person\/image\/","url":"https:\/\/secure.gravatar.com\/avatar\/6b1feae555e15404b76616f92d931d12b25ac58024f14ccb43d9d3c012e4c4cf?s=96&d=mm&r=g","contentUrl":"https:\/\/secure.gravatar.com\/avatar\/6b1feae555e15404b76616f92d931d12b25ac58024f14ccb43d9d3c012e4c4cf?s=96&d=mm&r=g","caption":"Joda J"},"url":"https:\/\/www.latitude-15.com\/fr\/author\/joda\/"}]}},"_links":{"self":[{"href":"https:\/\/www.latitude-15.com\/fr\/wp-json\/wp\/v2\/posts\/20880","targetHints":{"allow":["GET"]}}],"collection":[{"href":"https:\/\/www.latitude-15.com\/fr\/wp-json\/wp\/v2\/posts"}],"about":[{"href":"https:\/\/www.latitude-15.com\/fr\/wp-json\/wp\/v2\/types\/post"}],"author":[{"embeddable":true,"href":"https:\/\/www.latitude-15.com\/fr\/wp-json\/wp\/v2\/users\/5"}],"replies":[{"embeddable":true,"href":"https:\/\/www.latitude-15.com\/fr\/wp-json\/wp\/v2\/comments?post=20880"}],"version-history":[{"count":1,"href":"https:\/\/www.latitude-15.com\/fr\/wp-json\/wp\/v2\/posts\/20880\/revisions"}],"predecessor-version":[{"id":20881,"href":"https:\/\/www.latitude-15.com\/fr\/wp-json\/wp\/v2\/posts\/20880\/revisions\/20881"}],"wp:attachment":[{"href":"https:\/\/www.latitude-15.com\/fr\/wp-json\/wp\/v2\/media?parent=20880"}],"wp:term":[{"taxonomy":"category","embeddable":true,"href":"https:\/\/www.latitude-15.com\/fr\/wp-json\/wp\/v2\/categories?post=20880"},{"taxonomy":"post_tag","embeddable":true,"href":"https:\/\/www.latitude-15.com\/fr\/wp-json\/wp\/v2\/tags?post=20880"}],"curies":[{"name":"wp","href":"https:\/\/api.w.org\/{rel}","templated":true}]}}