{"id":20847,"date":"2026-02-17T10:50:45","date_gmt":"2026-02-17T14:50:45","guid":{"rendered":"https:\/\/www.latitude-15.com\/aer-lingus-lance-une-liaison-directe-dublin-barbade-renforcant-la-connectivite-transatlantique-vers-la-caraibe\/"},"modified":"2026-02-23T10:01:09","modified_gmt":"2026-02-23T14:01:09","slug":"aer-lingus-lance-une-liaison-directe-dublin-barbade-renforcant-la-connectivite-transatlantique-vers-la-caraibe","status":"publish","type":"post","link":"https:\/\/www.latitude-15.com\/fr\/aer-lingus-lance-une-liaison-directe-dublin-barbade-renforcant-la-connectivite-transatlantique-vers-la-caraibe\/","title":{"rendered":"Aer Lingus lance une liaison directe Dublin\u2013Barbade, renfor\u00e7ant la connectivit\u00e9 transatlantique vers la Cara\u00efbe"},"content":{"rendered":"\n<p>Aer Lingus lancera au printemps 2026 une nouvelle liaison directe entre Dublin et Bridgetown, marquant une \u00e9volution significative de la connectivit\u00e9 a\u00e9rienne entre l\u2019Europe et la Cara\u00efbe. Exploit\u00e9e du 31 mars au 31 mai 2026 \u00e0 raison de trois fr\u00e9quences hebdomadaires, cette route constitue la toute premi\u00e8re liaison sans escale entre l\u2019Irlande et la r\u00e9gion. Elle ouvre un nouveau corridor transatlantique et consolide la position de la Barbade comme porte d\u2019entr\u00e9e strat\u00e9gique vers la Cara\u00efbe orientale. <\/p>\n\n<h2 class=\"wp-block-heading\">Une nouvelle liaison op\u00e9r\u00e9e en Airbus A321XLR<\/h2>\n\n<p>Le service sera assur\u00e9 les mardis, vendredis et dimanches, reliant directement l\u2019a\u00e9roport de Dublin \u00e0 l\u2019a\u00e9roport international Grantley Adams de Bridgetown. Aer Lingus d\u00e9ploiera sur cette route son Airbus A321XLR, le plus r\u00e9cent appareil long-courrier monocouloir de sa flotte. Configur\u00e9 avec 184 si\u00e8ges, dont 16 si\u00e8ges Business Class enti\u00e8rement inclinables et 168 si\u00e8ges en classe \u00c9conomie, l\u2019appareil offre une capacit\u00e9 adapt\u00e9e aux routes long-courriers \u00e0 demande plus cibl\u00e9e, tout en maintenant un niveau de confort conforme aux standards intercontinentaux.  <\/p>\n\n<p>L\u2019introduction de l\u2019A321XLR constitue un levier central de cette expansion. Gr\u00e2ce \u00e0 son rayon d\u2019action \u00e9tendu et \u00e0 son efficacit\u00e9 \u00e9nerg\u00e9tique am\u00e9lior\u00e9e, l\u2019appareil permet d\u2019op\u00e9rer des liaisons long-courriers avec des co\u00fbts d\u2019exploitation r\u00e9duits et un risque financier ma\u00eetris\u00e9. Cette capacit\u00e9 ouvre l\u2019acc\u00e8s \u00e0 des march\u00e9s qui \u00e9taient jusqu\u2019ici difficilement exploitables, voire non viables commercialement pour des avions gros-porteurs de plus grande capacit\u00e9.  <\/p>\n\n<h2 class=\"wp-block-heading\">Une \u00e9volution inscrite dans la restructuration du r\u00e9seau transatlantique d\u2019Aer Lingus<\/h2>\n\n<p>Le lancement de la liaison Dublin\u2013Barbade s\u2019inscrit dans une r\u00e9organisation plus large du r\u00e9seau long-courrier d\u2019Aer Lingus. La compagnie mettra fin \u00e0 ses op\u00e9rations transatlantiques au d\u00e9part de Manchester le 31 mars 2026, lib\u00e9rant ainsi des capacit\u00e9s a\u00e9riennes et des ressources op\u00e9rationnelles. La nouvelle route vers la Barbade vise notamment \u00e0 absorber une partie de la demande existante tout en optimisant l\u2019utilisation de la flotte depuis le hub principal de la compagnie \u00e0 Dublin.  <\/p>\n\n<p>Cette d\u00e9cision refl\u00e8te une tendance sectorielle plus large : les compagnies a\u00e9riennes affinent leurs r\u00e9seaux long-courriers en privil\u00e9giant les routes offrant un meilleur \u00e9quilibre entre efficacit\u00e9 op\u00e9rationnelle et valeur strat\u00e9gique. D\u00e9j\u00e0 positionn\u00e9 comme hub transatlantique cl\u00e9 d\u2019Aer Lingus, Dublin renforce ainsi son r\u00f4le de passerelle reliant l\u2019Europe non seulement \u00e0 l\u2019Am\u00e9rique du Nord, mais de plus en plus \u00e0 la Cara\u00efbe. <\/p>\n\n<h2 class=\"wp-block-heading\">Bridgetown consolide son r\u00f4le de hub r\u00e9gional<\/h2>\n\n<p>Le choix de Bridgetown souligne son importance croissante comme plateforme a\u00e9rienne r\u00e9gionale dans la Cara\u00efbe orientale. L\u2019a\u00e9roport international Grantley Adams constitue un point d\u2019entr\u00e9e majeur avec des correspondances vers Sainte-Lucie, la Grenade, Antigua, Trinit\u00e9-et-Tobago et la Jama\u00efque. Cette connectivit\u00e9 permet \u00e0 la Barbade d\u2019assurer une fonction de redistribution des flux passagers au sein de la r\u00e9gion.  <\/p>\n\n<p>L\u2019ouverture d\u2019une liaison directe depuis l\u2019Irlande renforce cette position en \u00e9largissant le r\u00e9seau d\u2019acc\u00e8s international de la Barbade. Jusqu\u2019\u00e0 pr\u00e9sent, les passagers irlandais \u00e0 destination de la Cara\u00efbe devaient transiter par de grands hubs tels que Londres, Paris, Amsterdam, Miami ou New York. Cette nouvelle route r\u00e9duit la d\u00e9pendance \u00e0 ces plateformes interm\u00e9diaires et diversifie les corridors d\u2019acc\u00e8s vers la r\u00e9gion.  <\/p>\n\n<h2 class=\"wp-block-heading\">Une illustration des mutations structurelles du long-courrier<\/h2>\n\n<p>Au-del\u00e0 de son caract\u00e8re saisonnier, la liaison Dublin\u2013Barbade illustre des \u00e9volutions structurelles plus profondes dans l\u2019aviation long-courrier. Des appareils comme l\u2019Airbus A321XLR permettent d\u00e9sormais aux compagnies de d\u00e9velopper des services point-\u00e0-point \u00e0 travers l\u2019Atlantique, limitant la concentration des flux sur un nombre restreint de grands hubs internationaux. <\/p>\n\n<p>Cette \u00e9volution favorise l\u2019\u00e9mergence de nouvelles connexions directes entre l\u2019Europe et la Cara\u00efbe, renfor\u00e7ant l\u2019accessibilit\u00e9 globale de la r\u00e9gion. Elle offre \u00e9galement \u00e0 des hubs r\u00e9gionaux tels que Bridgetown l\u2019opportunit\u00e9 de consolider leur position dans les r\u00e9seaux a\u00e9riens internationaux. <\/p>\n\n<p>Dans ce contexte, le lancement de la liaison Dublin\u2013Barbade par Aer Lingus illustre la mani\u00e8re dont les avanc\u00e9es technologiques et l\u2019\u00e9volution des strat\u00e9gies de r\u00e9seau des compagnies a\u00e9riennes redessinent progressivement la connectivit\u00e9 transatlantique, avec des implications directes pour l\u2019int\u00e9gration de la Cara\u00efbe dans les flux mondiaux de transport a\u00e9rien.<\/p>\n","protected":false},"excerpt":{"rendered":"<p>Aer Lingus lancera au printemps 2026 une nouvelle liaison directe entre Dublin et Bridgetown, marquant une \u00e9volution significative de la connectivit\u00e9 a\u00e9rienne entre l\u2019Europe et la Cara\u00efbe. Exploit\u00e9e du 31 mars au 31 mai 2026 \u00e0 raison de trois fr\u00e9quences hebdomadaires, cette route constitue la toute premi\u00e8re liaison sans escale entre l\u2019Irlande et la r\u00e9gion. [&hellip;]<\/p>\n","protected":false},"author":5,"featured_media":0,"comment_status":"open","ping_status":"open","sticky":false,"template":"","format":"standard","meta":{"footnotes":""},"categories":[97,100],"tags":[],"class_list":["post-20847","post","type-post","status-publish","format-standard","hentry","category-aviation-fr","category-connectivite-aerienne-et-attractivite-territoriale"],"yoast_head":"<!-- This site is optimized with the Yoast SEO plugin v26.9 - https:\/\/yoast.com\/product\/yoast-seo-wordpress\/ -->\n<title>Aer Lingus lance une liaison directe Dublin\u2013Barbade, renfor\u00e7ant la connectivit\u00e9 transatlantique vers la Cara\u00efbe - LATITUDE 15<\/title>\n<meta name=\"robots\" content=\"index, follow, max-snippet:-1, max-image-preview:large, max-video-preview:-1\" \/>\n<link rel=\"canonical\" href=\"https:\/\/www.latitude-15.com\/fr\/aer-lingus-lance-une-liaison-directe-dublin-barbade-renforcant-la-connectivite-transatlantique-vers-la-caraibe\/\" \/>\n<meta property=\"og:locale\" content=\"fr_FR\" \/>\n<meta property=\"og:type\" content=\"article\" \/>\n<meta property=\"og:title\" content=\"Aer Lingus lance une liaison directe Dublin\u2013Barbade, renfor\u00e7ant la connectivit\u00e9 transatlantique vers la Cara\u00efbe - LATITUDE 15\" \/>\n<meta property=\"og:description\" content=\"Aer Lingus lancera au printemps 2026 une nouvelle liaison directe entre Dublin et Bridgetown, marquant une \u00e9volution significative de la connectivit\u00e9 a\u00e9rienne entre l\u2019Europe et la Cara\u00efbe. Exploit\u00e9e du 31 mars au 31 mai 2026 \u00e0 raison de trois fr\u00e9quences hebdomadaires, cette route constitue la toute premi\u00e8re liaison sans escale entre l\u2019Irlande et la r\u00e9gion. [&hellip;]\" \/>\n<meta property=\"og:url\" content=\"https:\/\/www.latitude-15.com\/fr\/aer-lingus-lance-une-liaison-directe-dublin-barbade-renforcant-la-connectivite-transatlantique-vers-la-caraibe\/\" \/>\n<meta property=\"og:site_name\" content=\"LATITUDE 15\" \/>\n<meta property=\"article:published_time\" content=\"2026-02-17T14:50:45+00:00\" \/>\n<meta property=\"article:modified_time\" content=\"2026-02-23T14:01:09+00:00\" \/>\n<meta property=\"og:image\" content=\"https:\/\/www.latitude-15.com\/wp-content\/uploads\/2026\/02\/aerlingus_065d20213728b_thumb.jpg\" \/>\n\t<meta property=\"og:image:width\" content=\"730\" \/>\n\t<meta property=\"og:image:height\" content=\"486\" \/>\n\t<meta property=\"og:image:type\" content=\"image\/jpeg\" \/>\n<meta name=\"author\" content=\"Joda J\" \/>\n<meta name=\"twitter:card\" content=\"summary_large_image\" \/>\n<meta name=\"twitter:label1\" content=\"\u00c9crit par\" \/>\n\t<meta name=\"twitter:data1\" content=\"Joda J\" \/>\n\t<meta name=\"twitter:label2\" content=\"Dur\u00e9e de lecture estim\u00e9e\" \/>\n\t<meta name=\"twitter:data2\" content=\"4 minutes\" \/>\n<script type=\"application\/ld+json\" class=\"yoast-schema-graph\">{\"@context\":\"https:\/\/schema.org\",\"@graph\":[{\"@type\":\"Article\",\"@id\":\"https:\/\/www.latitude-15.com\/fr\/aer-lingus-lance-une-liaison-directe-dublin-barbade-renforcant-la-connectivite-transatlantique-vers-la-caraibe\/#article\",\"isPartOf\":{\"@id\":\"https:\/\/www.latitude-15.com\/fr\/aer-lingus-lance-une-liaison-directe-dublin-barbade-renforcant-la-connectivite-transatlantique-vers-la-caraibe\/\"},\"author\":{\"name\":\"Joda J\",\"@id\":\"https:\/\/www.latitude-15.com\/fr\/#\/schema\/person\/dac52e7ff44c78317f337da112e37252\"},\"headline\":\"Aer Lingus lance une liaison directe Dublin\u2013Barbade, renfor\u00e7ant la connectivit\u00e9 transatlantique vers la Cara\u00efbe\",\"datePublished\":\"2026-02-17T14:50:45+00:00\",\"dateModified\":\"2026-02-23T14:01:09+00:00\",\"mainEntityOfPage\":{\"@id\":\"https:\/\/www.latitude-15.com\/fr\/aer-lingus-lance-une-liaison-directe-dublin-barbade-renforcant-la-connectivite-transatlantique-vers-la-caraibe\/\"},\"wordCount\":760,\"commentCount\":0,\"publisher\":{\"@id\":\"https:\/\/www.latitude-15.com\/fr\/#organization\"},\"articleSection\":[\"AVIATION\",\"Connectivit\u00e9 a\u00e9rienne et Attractivit\u00e9 territoriale\"],\"inLanguage\":\"fr-FR\",\"potentialAction\":[{\"@type\":\"CommentAction\",\"name\":\"Comment\",\"target\":[\"https:\/\/www.latitude-15.com\/fr\/aer-lingus-lance-une-liaison-directe-dublin-barbade-renforcant-la-connectivite-transatlantique-vers-la-caraibe\/#respond\"]}]},{\"@type\":\"WebPage\",\"@id\":\"https:\/\/www.latitude-15.com\/fr\/aer-lingus-lance-une-liaison-directe-dublin-barbade-renforcant-la-connectivite-transatlantique-vers-la-caraibe\/\",\"url\":\"https:\/\/www.latitude-15.com\/fr\/aer-lingus-lance-une-liaison-directe-dublin-barbade-renforcant-la-connectivite-transatlantique-vers-la-caraibe\/\",\"name\":\"Aer Lingus lance une liaison directe Dublin\u2013Barbade, renfor\u00e7ant la connectivit\u00e9 transatlantique vers la Cara\u00efbe - LATITUDE 15\",\"isPartOf\":{\"@id\":\"https:\/\/www.latitude-15.com\/fr\/#website\"},\"datePublished\":\"2026-02-17T14:50:45+00:00\",\"dateModified\":\"2026-02-23T14:01:09+00:00\",\"breadcrumb\":{\"@id\":\"https:\/\/www.latitude-15.com\/fr\/aer-lingus-lance-une-liaison-directe-dublin-barbade-renforcant-la-connectivite-transatlantique-vers-la-caraibe\/#breadcrumb\"},\"inLanguage\":\"fr-FR\",\"potentialAction\":[{\"@type\":\"ReadAction\",\"target\":[\"https:\/\/www.latitude-15.com\/fr\/aer-lingus-lance-une-liaison-directe-dublin-barbade-renforcant-la-connectivite-transatlantique-vers-la-caraibe\/\"]}]},{\"@type\":\"BreadcrumbList\",\"@id\":\"https:\/\/www.latitude-15.com\/fr\/aer-lingus-lance-une-liaison-directe-dublin-barbade-renforcant-la-connectivite-transatlantique-vers-la-caraibe\/#breadcrumb\",\"itemListElement\":[{\"@type\":\"ListItem\",\"position\":1,\"name\":\"Home\",\"item\":\"https:\/\/www.latitude-15.com\/fr\/accueil\/\"},{\"@type\":\"ListItem\",\"position\":2,\"name\":\"Aer Lingus lance une liaison directe Dublin\u2013Barbade, renfor\u00e7ant la connectivit\u00e9 transatlantique vers la Cara\u00efbe\"}]},{\"@type\":\"WebSite\",\"@id\":\"https:\/\/www.latitude-15.com\/fr\/#website\",\"url\":\"https:\/\/www.latitude-15.com\/fr\/\",\"name\":\"LATITUDE 15\",\"description\":\"Aviation and maritime Magazine - Caribbean &amp; Latin America\",\"publisher\":{\"@id\":\"https:\/\/www.latitude-15.com\/fr\/#organization\"},\"potentialAction\":[{\"@type\":\"SearchAction\",\"target\":{\"@type\":\"EntryPoint\",\"urlTemplate\":\"https:\/\/www.latitude-15.com\/fr\/?s={search_term_string}\"},\"query-input\":{\"@type\":\"PropertyValueSpecification\",\"valueRequired\":true,\"valueName\":\"search_term_string\"}}],\"inLanguage\":\"fr-FR\"},{\"@type\":\"Organization\",\"@id\":\"https:\/\/www.latitude-15.com\/fr\/#organization\",\"name\":\"LATITUDE 15\",\"url\":\"https:\/\/www.latitude-15.com\/fr\/\",\"logo\":{\"@type\":\"ImageObject\",\"inLanguage\":\"fr-FR\",\"@id\":\"https:\/\/www.latitude-15.com\/fr\/#\/schema\/logo\/image\/\",\"url\":\"https:\/\/www.latitude-15.com\/wp-content\/uploads\/2026\/01\/cropped-logox500px.png\",\"contentUrl\":\"https:\/\/www.latitude-15.com\/wp-content\/uploads\/2026\/01\/cropped-logox500px.png\",\"width\":62,\"height\":75,\"caption\":\"LATITUDE 15\"},\"image\":{\"@id\":\"https:\/\/www.latitude-15.com\/fr\/#\/schema\/logo\/image\/\"}},{\"@type\":\"Person\",\"@id\":\"https:\/\/www.latitude-15.com\/fr\/#\/schema\/person\/dac52e7ff44c78317f337da112e37252\",\"name\":\"Joda J\",\"image\":{\"@type\":\"ImageObject\",\"inLanguage\":\"fr-FR\",\"@id\":\"https:\/\/www.latitude-15.com\/fr\/#\/schema\/person\/image\/\",\"url\":\"https:\/\/secure.gravatar.com\/avatar\/6b1feae555e15404b76616f92d931d12b25ac58024f14ccb43d9d3c012e4c4cf?s=96&d=mm&r=g\",\"contentUrl\":\"https:\/\/secure.gravatar.com\/avatar\/6b1feae555e15404b76616f92d931d12b25ac58024f14ccb43d9d3c012e4c4cf?s=96&d=mm&r=g\",\"caption\":\"Joda J\"},\"url\":\"https:\/\/www.latitude-15.com\/fr\/author\/joda\/\"}]}<\/script>\n<!-- \/ Yoast SEO plugin. -->","yoast_head_json":{"title":"Aer Lingus lance une liaison directe Dublin\u2013Barbade, renfor\u00e7ant la connectivit\u00e9 transatlantique vers la Cara\u00efbe - LATITUDE 15","robots":{"index":"index","follow":"follow","max-snippet":"max-snippet:-1","max-image-preview":"max-image-preview:large","max-video-preview":"max-video-preview:-1"},"canonical":"https:\/\/www.latitude-15.com\/fr\/aer-lingus-lance-une-liaison-directe-dublin-barbade-renforcant-la-connectivite-transatlantique-vers-la-caraibe\/","og_locale":"fr_FR","og_type":"article","og_title":"Aer Lingus lance une liaison directe Dublin\u2013Barbade, renfor\u00e7ant la connectivit\u00e9 transatlantique vers la Cara\u00efbe - LATITUDE 15","og_description":"Aer Lingus lancera au printemps 2026 une nouvelle liaison directe entre Dublin et Bridgetown, marquant une \u00e9volution significative de la connectivit\u00e9 a\u00e9rienne entre l\u2019Europe et la Cara\u00efbe. Exploit\u00e9e du 31 mars au 31 mai 2026 \u00e0 raison de trois fr\u00e9quences hebdomadaires, cette route constitue la toute premi\u00e8re liaison sans escale entre l\u2019Irlande et la r\u00e9gion. [&hellip;]","og_url":"https:\/\/www.latitude-15.com\/fr\/aer-lingus-lance-une-liaison-directe-dublin-barbade-renforcant-la-connectivite-transatlantique-vers-la-caraibe\/","og_site_name":"LATITUDE 15","article_published_time":"2026-02-17T14:50:45+00:00","article_modified_time":"2026-02-23T14:01:09+00:00","og_image":[{"width":730,"height":486,"url":"https:\/\/www.latitude-15.com\/wp-content\/uploads\/2026\/02\/aerlingus_065d20213728b_thumb.jpg","type":"image\/jpeg"}],"author":"Joda J","twitter_card":"summary_large_image","twitter_misc":{"\u00c9crit par":"Joda J","Dur\u00e9e de lecture estim\u00e9e":"4 minutes"},"schema":{"@context":"https:\/\/schema.org","@graph":[{"@type":"Article","@id":"https:\/\/www.latitude-15.com\/fr\/aer-lingus-lance-une-liaison-directe-dublin-barbade-renforcant-la-connectivite-transatlantique-vers-la-caraibe\/#article","isPartOf":{"@id":"https:\/\/www.latitude-15.com\/fr\/aer-lingus-lance-une-liaison-directe-dublin-barbade-renforcant-la-connectivite-transatlantique-vers-la-caraibe\/"},"author":{"name":"Joda J","@id":"https:\/\/www.latitude-15.com\/fr\/#\/schema\/person\/dac52e7ff44c78317f337da112e37252"},"headline":"Aer Lingus lance une liaison directe Dublin\u2013Barbade, renfor\u00e7ant la connectivit\u00e9 transatlantique vers la Cara\u00efbe","datePublished":"2026-02-17T14:50:45+00:00","dateModified":"2026-02-23T14:01:09+00:00","mainEntityOfPage":{"@id":"https:\/\/www.latitude-15.com\/fr\/aer-lingus-lance-une-liaison-directe-dublin-barbade-renforcant-la-connectivite-transatlantique-vers-la-caraibe\/"},"wordCount":760,"commentCount":0,"publisher":{"@id":"https:\/\/www.latitude-15.com\/fr\/#organization"},"articleSection":["AVIATION","Connectivit\u00e9 a\u00e9rienne et Attractivit\u00e9 territoriale"],"inLanguage":"fr-FR","potentialAction":[{"@type":"CommentAction","name":"Comment","target":["https:\/\/www.latitude-15.com\/fr\/aer-lingus-lance-une-liaison-directe-dublin-barbade-renforcant-la-connectivite-transatlantique-vers-la-caraibe\/#respond"]}]},{"@type":"WebPage","@id":"https:\/\/www.latitude-15.com\/fr\/aer-lingus-lance-une-liaison-directe-dublin-barbade-renforcant-la-connectivite-transatlantique-vers-la-caraibe\/","url":"https:\/\/www.latitude-15.com\/fr\/aer-lingus-lance-une-liaison-directe-dublin-barbade-renforcant-la-connectivite-transatlantique-vers-la-caraibe\/","name":"Aer Lingus lance une liaison directe Dublin\u2013Barbade, renfor\u00e7ant la connectivit\u00e9 transatlantique vers la Cara\u00efbe - LATITUDE 15","isPartOf":{"@id":"https:\/\/www.latitude-15.com\/fr\/#website"},"datePublished":"2026-02-17T14:50:45+00:00","dateModified":"2026-02-23T14:01:09+00:00","breadcrumb":{"@id":"https:\/\/www.latitude-15.com\/fr\/aer-lingus-lance-une-liaison-directe-dublin-barbade-renforcant-la-connectivite-transatlantique-vers-la-caraibe\/#breadcrumb"},"inLanguage":"fr-FR","potentialAction":[{"@type":"ReadAction","target":["https:\/\/www.latitude-15.com\/fr\/aer-lingus-lance-une-liaison-directe-dublin-barbade-renforcant-la-connectivite-transatlantique-vers-la-caraibe\/"]}]},{"@type":"BreadcrumbList","@id":"https:\/\/www.latitude-15.com\/fr\/aer-lingus-lance-une-liaison-directe-dublin-barbade-renforcant-la-connectivite-transatlantique-vers-la-caraibe\/#breadcrumb","itemListElement":[{"@type":"ListItem","position":1,"name":"Home","item":"https:\/\/www.latitude-15.com\/fr\/accueil\/"},{"@type":"ListItem","position":2,"name":"Aer Lingus lance une liaison directe Dublin\u2013Barbade, renfor\u00e7ant la connectivit\u00e9 transatlantique vers la Cara\u00efbe"}]},{"@type":"WebSite","@id":"https:\/\/www.latitude-15.com\/fr\/#website","url":"https:\/\/www.latitude-15.com\/fr\/","name":"LATITUDE 15","description":"Aviation and maritime Magazine - Caribbean &amp; Latin America","publisher":{"@id":"https:\/\/www.latitude-15.com\/fr\/#organization"},"potentialAction":[{"@type":"SearchAction","target":{"@type":"EntryPoint","urlTemplate":"https:\/\/www.latitude-15.com\/fr\/?s={search_term_string}"},"query-input":{"@type":"PropertyValueSpecification","valueRequired":true,"valueName":"search_term_string"}}],"inLanguage":"fr-FR"},{"@type":"Organization","@id":"https:\/\/www.latitude-15.com\/fr\/#organization","name":"LATITUDE 15","url":"https:\/\/www.latitude-15.com\/fr\/","logo":{"@type":"ImageObject","inLanguage":"fr-FR","@id":"https:\/\/www.latitude-15.com\/fr\/#\/schema\/logo\/image\/","url":"https:\/\/www.latitude-15.com\/wp-content\/uploads\/2026\/01\/cropped-logox500px.png","contentUrl":"https:\/\/www.latitude-15.com\/wp-content\/uploads\/2026\/01\/cropped-logox500px.png","width":62,"height":75,"caption":"LATITUDE 15"},"image":{"@id":"https:\/\/www.latitude-15.com\/fr\/#\/schema\/logo\/image\/"}},{"@type":"Person","@id":"https:\/\/www.latitude-15.com\/fr\/#\/schema\/person\/dac52e7ff44c78317f337da112e37252","name":"Joda J","image":{"@type":"ImageObject","inLanguage":"fr-FR","@id":"https:\/\/www.latitude-15.com\/fr\/#\/schema\/person\/image\/","url":"https:\/\/secure.gravatar.com\/avatar\/6b1feae555e15404b76616f92d931d12b25ac58024f14ccb43d9d3c012e4c4cf?s=96&d=mm&r=g","contentUrl":"https:\/\/secure.gravatar.com\/avatar\/6b1feae555e15404b76616f92d931d12b25ac58024f14ccb43d9d3c012e4c4cf?s=96&d=mm&r=g","caption":"Joda J"},"url":"https:\/\/www.latitude-15.com\/fr\/author\/joda\/"}]}},"_links":{"self":[{"href":"https:\/\/www.latitude-15.com\/fr\/wp-json\/wp\/v2\/posts\/20847","targetHints":{"allow":["GET"]}}],"collection":[{"href":"https:\/\/www.latitude-15.com\/fr\/wp-json\/wp\/v2\/posts"}],"about":[{"href":"https:\/\/www.latitude-15.com\/fr\/wp-json\/wp\/v2\/types\/post"}],"author":[{"embeddable":true,"href":"https:\/\/www.latitude-15.com\/fr\/wp-json\/wp\/v2\/users\/5"}],"replies":[{"embeddable":true,"href":"https:\/\/www.latitude-15.com\/fr\/wp-json\/wp\/v2\/comments?post=20847"}],"version-history":[{"count":1,"href":"https:\/\/www.latitude-15.com\/fr\/wp-json\/wp\/v2\/posts\/20847\/revisions"}],"predecessor-version":[{"id":20848,"href":"https:\/\/www.latitude-15.com\/fr\/wp-json\/wp\/v2\/posts\/20847\/revisions\/20848"}],"wp:attachment":[{"href":"https:\/\/www.latitude-15.com\/fr\/wp-json\/wp\/v2\/media?parent=20847"}],"wp:term":[{"taxonomy":"category","embeddable":true,"href":"https:\/\/www.latitude-15.com\/fr\/wp-json\/wp\/v2\/categories?post=20847"},{"taxonomy":"post_tag","embeddable":true,"href":"https:\/\/www.latitude-15.com\/fr\/wp-json\/wp\/v2\/tags?post=20847"}],"curies":[{"name":"wp","href":"https:\/\/api.w.org\/{rel}","templated":true}]}}