{"id":20811,"date":"2026-02-19T11:45:51","date_gmt":"2026-02-19T15:45:51","guid":{"rendered":"https:\/\/www.latitude-15.com\/le-puerto-quetzal-du-guatemala-renforce-son-echelle-operationnelle-en-2025-malgre-la-baisse-du-trafic-maritime\/"},"modified":"2026-02-19T23:12:12","modified_gmt":"2026-02-20T03:12:12","slug":"le-puerto-quetzal-du-guatemala-renforce-son-echelle-operationnelle-en-2025-malgre-la-baisse-du-trafic-maritime","status":"publish","type":"post","link":"https:\/\/www.latitude-15.com\/fr\/le-puerto-quetzal-du-guatemala-renforce-son-echelle-operationnelle-en-2025-malgre-la-baisse-du-trafic-maritime\/","title":{"rendered":"Le Puerto Quetzal du Guatemala renforce son \u00e9chelle op\u00e9rationnelle en 2025 malgr\u00e9 la baisse du trafic maritime"},"content":{"rendered":"\n<p>Les derni\u00e8res donn\u00e9es publi\u00e9es par Puerto Quetzal ne se limitent pas \u00e0 illustrer une \u00e9volution annuelle. Elles mettent en \u00e9vidence un port en phase de repositionnement progressif \u2014 capable de traiter des volumes plus importants, de renforcer son profil conteneuris\u00e9 et d\u2019am\u00e9liorer son efficacit\u00e9 op\u00e9rationnelle dans un environnement maritime de plus en plus structur\u00e9 par la capacit\u00e9. <\/p>\n\n<p>\u00c0 fin octobre 2025, l\u2019Empresa Portuaria Quetzal (EPQ) enregistre un trafic total de 16,64 millions de tonnes m\u00e9triques, incluant les op\u00e9rations r\u00e9alis\u00e9es sur bou\u00e9es offshore. Hors activit\u00e9 sur bou\u00e9es, le trafic portuaire central s\u2019\u00e9tablit \u00e0 13,97 millions de tonnes, confirmant la solidit\u00e9 du socle op\u00e9rationnel. Les chiffres traduisent une continuit\u00e9 plut\u00f4t qu\u2019une volatilit\u00e9. Ce qui avait d\u00e9but\u00e9 comme une reprise post-pand\u00e9mique s\u2019est transform\u00e9 en consolidation structurelle.   <\/p>\n\n<h2 class=\"wp-block-heading\">Un socle op\u00e9rationnel durable<\/h2>\n\n<p>L\u2019ann\u00e9e 2024 a marqu\u00e9 un sommet historique pour le port, avec 19,15 millions de tonnes trait\u00e9es et un record de 716 640 TEUs manutentionn\u00e9s. Les donn\u00e9es partielles de 2025 indiquent que l\u2019activit\u00e9 ne s\u2019est pas \u00e9loign\u00e9e de ce niveau \u00e9lev\u00e9. <\/p>\n\n<p>\u00c0 fin octobre, le trafic conteneuris\u00e9 atteignait d\u00e9j\u00e0 590 376 TEUs, maintenant une dynamique soutenue sur les corridors commerciaux du Pacifique. Les volumes \u00e0 l\u2019exportation, qui avaient fortement recul\u00e9 en 2023 et \u00e9taient rest\u00e9s mod\u00e9r\u00e9s en 2024, affichent \u00e9galement un regain d\u2019activit\u00e9. Avec 1,93 million de tonnes \u00e0 fin octobre, les exportations se rapprochent du total annuel de l\u2019an pass\u00e9, laissant entrevoir une reprise significative d\u2019ici la cl\u00f4ture de l\u2019exercice.  <\/p>\n\n<p>Que 2025 d\u00e9passe ou non le record de 2024 n\u2019est pas l\u2019\u00e9l\u00e9ment central. L\u2019essentiel r\u00e9side ailleurs : Puerto Quetzal semble d\u00e9sormais \u00e9voluer dans un cycle de volumes structurellement plus \u00e9lev\u00e9.<\/p>\n\n<h2 class=\"wp-block-heading\">Croissance des volumes sans hausse du nombre d\u2019escales<\/h2>\n\n<p>La transformation la plus significative ne se mesure pas uniquement au tonnage global, mais \u00e0 la mani\u00e8re dont ces volumes sont absorb\u00e9s. En 2024, alors m\u00eame que le trafic de marchandises et le volume en TEUs atteignaient des niveaux record, le nombre total d\u2019escales a recul\u00e9 de 7 %, tant en incluant qu\u2019en excluant les op\u00e9rations sur bou\u00e9es. Ce d\u00e9calage est r\u00e9v\u00e9lateur.  <\/p>\n\n<p>Il refl\u00e8te le d\u00e9ploiement de navires de plus grande capacit\u00e9, une densit\u00e9 de cargaison accrue par escale et une am\u00e9lioration de la productivit\u00e9 \u00e0 quai. Plut\u00f4t que de s\u2019appuyer sur une augmentation de la fr\u00e9quence des navires, le port s\u2019int\u00e8gre \u00e0 des rotations maritimes plus consolid\u00e9es \u2014 un sch\u00e9ma coh\u00e9rent avec l\u2019\u00e9volution des lignes sur le Pacifique. Autrement dit, l\u2019\u00e9chelle remplace la fr\u00e9quence comme indicateur d\u00e9terminant de performance.  <\/p>\n\n<h2 class=\"wp-block-heading\">La conteneurisation red\u00e9finit le profil du port<\/h2>\n\n<p>La conteneurisation constitue d\u00e9sormais le c\u0153ur de l\u2019\u00e9volution de Puerto Quetzal. Entre 2019 et 2024, les volumes conteneuris\u00e9s d\u2019EPQ sont pass\u00e9s de 178 917 \u00e0 301 042 unit\u00e9s, soit une progression proche de 70 % en cinq ans. Le terminal sp\u00e9cialis\u00e9 TPEC a \u00e9galement enregistr\u00e9 un niveau record en 2024, avec 415 598 unit\u00e9s trait\u00e9es, consolidant son r\u00f4le d\u2019actif strat\u00e9gique au sein de l\u2019\u00e9cosyst\u00e8me portuaire.  <\/p>\n\n<p>Cette croissance soutenue t\u00e9moigne d\u2019une int\u00e9gration plus profonde dans les cha\u00eenes d\u2019approvisionnement r\u00e9gionales et transpacifiques. Elle marque \u00e9galement une transition progressive depuis un mod\u00e8le principalement fond\u00e9 sur les exportations de vrac traditionnelles. La trajectoire de 2025 confirme que l\u2019activit\u00e9 conteneuris\u00e9e ne rel\u00e8ve plus d\u2019un simple cycle conjoncturel : elle constitue d\u00e9sormais un moteur structurel de croissance.  <\/p>\n\n<h2 class=\"wp-block-heading\">Une recomposition des flux commerciaux<\/h2>\n\n<p>Parall\u00e8lement, la structure des flux \u00e9volue. Le record de tonnage atteint en 2024 ne r\u00e9sultait pas d\u2019une expansion des exportations. Celles-ci avaient fortement chut\u00e9 en 2023 avant de se stabiliser en 2024, alors m\u00eame que le tonnage global progressait. Le rebond observ\u00e9 en 2025 laisse entrevoir un r\u00e9\u00e9quilibrage, mais la croissance r\u00e9cente est clairement port\u00e9e par les importations et les flux conteneuris\u00e9s.   <\/p>\n\n<p>Cette \u00e9volution s\u2019inscrit dans des transformations plus larges de la demande int\u00e9rieure et de la restructuration des cha\u00eenes logistiques. Elle comporte \u00e9galement des implications op\u00e9rationnelles, notamment en mati\u00e8re d\u2019allocation des postes \u00e0 quai, de gestion des parcs \u00e0 conteneurs et de planification infrastructurelle \u00e0 long terme. Les performances de Puerto Quetzal traduisent donc non seulement une hausse des volumes, mais \u00e9galement une recomposition du mix commercial.  <\/p>\n\n<h2 class=\"wp-block-heading\">Un port \u00e0 un nouveau niveau structurel<\/h2>\n\n<p>Pris dans leur ensemble, ces indicateurs dessinent le portrait d\u2019un port qui n\u2019est plus port\u00e9 par une simple dynamique de reprise. Il consolide d\u00e9sormais une nouvelle \u00e9chelle op\u00e9rationnelle. <\/p>\n\n<p>Puerto Quetzal maintient des volumes \u00e9lev\u00e9s tout en approfondissant son profil conteneuris\u00e9 et en renfor\u00e7ant sa productivit\u00e9 \u2014 le tout avec un nombre d\u2019escales inf\u00e9rieur \u00e0 celui des ann\u00e9es pr\u00e9c\u00e9dentes.<\/p>\n\n<p>Pour le Guatemala, cela confirme le r\u00f4le central du port dans le corridor pacifique d\u2019Am\u00e9rique centrale, \u00e0 l\u2019heure o\u00f9 les r\u00e9seaux maritimes privil\u00e9gient la capacit\u00e9 et l\u2019efficacit\u00e9. Si les tendances actuelles se maintiennent jusqu\u2019\u00e0 la fin de 2025, Puerto Quetzal ne sera pas seulement en expansion. Il \u00e9voluera \u00e0 un niveau structurellement sup\u00e9rieur \u2014 d\u00e9fini moins par l\u2019intensit\u00e9 du trafic que par l\u2019\u00e9chelle, la productivit\u00e9 et l\u2019int\u00e9gration logistique.  <\/p>\n","protected":false},"excerpt":{"rendered":"<p>Les derni\u00e8res donn\u00e9es publi\u00e9es par Puerto Quetzal ne se limitent pas \u00e0 illustrer une \u00e9volution annuelle. Elles mettent en \u00e9vidence un port en phase de repositionnement progressif \u2014 capable de traiter des volumes plus importants, de renforcer son profil conteneuris\u00e9 et d\u2019am\u00e9liorer son efficacit\u00e9 op\u00e9rationnelle dans un environnement maritime de plus en plus structur\u00e9 par [&hellip;]<\/p>\n","protected":false},"author":5,"featured_media":20810,"comment_status":"open","ping_status":"open","sticky":false,"template":"","format":"standard","meta":{"footnotes":""},"categories":[118,136],"tags":[],"class_list":["post-20811","post","type-post","status-publish","format-standard","has-post-thumbnail","hentry","category-maritime-fr","category-ports-et-logistique"],"yoast_head":"<!-- This site is optimized with the Yoast SEO plugin v26.9 - https:\/\/yoast.com\/product\/yoast-seo-wordpress\/ -->\n<title>Le Puerto Quetzal du Guatemala renforce son \u00e9chelle op\u00e9rationnelle en 2025 malgr\u00e9 la baisse du trafic maritime - LATITUDE 15<\/title>\n<meta name=\"robots\" content=\"index, follow, max-snippet:-1, max-image-preview:large, max-video-preview:-1\" \/>\n<link rel=\"canonical\" href=\"https:\/\/www.latitude-15.com\/fr\/le-puerto-quetzal-du-guatemala-renforce-son-echelle-operationnelle-en-2025-malgre-la-baisse-du-trafic-maritime\/\" \/>\n<meta property=\"og:locale\" content=\"fr_FR\" \/>\n<meta property=\"og:type\" content=\"article\" \/>\n<meta property=\"og:title\" content=\"Le Puerto Quetzal du Guatemala renforce son \u00e9chelle op\u00e9rationnelle en 2025 malgr\u00e9 la baisse du trafic maritime - LATITUDE 15\" \/>\n<meta property=\"og:description\" content=\"Les derni\u00e8res donn\u00e9es publi\u00e9es par Puerto Quetzal ne se limitent pas \u00e0 illustrer une \u00e9volution annuelle. Elles mettent en \u00e9vidence un port en phase de repositionnement progressif \u2014 capable de traiter des volumes plus importants, de renforcer son profil conteneuris\u00e9 et d\u2019am\u00e9liorer son efficacit\u00e9 op\u00e9rationnelle dans un environnement maritime de plus en plus structur\u00e9 par [&hellip;]\" \/>\n<meta property=\"og:url\" content=\"https:\/\/www.latitude-15.com\/fr\/le-puerto-quetzal-du-guatemala-renforce-son-echelle-operationnelle-en-2025-malgre-la-baisse-du-trafic-maritime\/\" \/>\n<meta property=\"og:site_name\" content=\"LATITUDE 15\" \/>\n<meta property=\"article:published_time\" content=\"2026-02-19T15:45:51+00:00\" \/>\n<meta property=\"article:modified_time\" content=\"2026-02-20T03:12:12+00:00\" \/>\n<meta property=\"og:image\" content=\"https:\/\/www.latitude-15.com\/wp-content\/uploads\/2026\/02\/img6736123.png\" \/>\n\t<meta property=\"og:image:width\" content=\"929\" \/>\n\t<meta property=\"og:image:height\" content=\"421\" \/>\n\t<meta property=\"og:image:type\" content=\"image\/png\" \/>\n<meta name=\"author\" content=\"Joda J\" \/>\n<meta name=\"twitter:card\" content=\"summary_large_image\" \/>\n<meta name=\"twitter:label1\" content=\"\u00c9crit par\" \/>\n\t<meta name=\"twitter:data1\" content=\"Joda J\" \/>\n\t<meta name=\"twitter:label2\" content=\"Dur\u00e9e de lecture estim\u00e9e\" \/>\n\t<meta name=\"twitter:data2\" content=\"4 minutes\" \/>\n<script type=\"application\/ld+json\" class=\"yoast-schema-graph\">{\"@context\":\"https:\/\/schema.org\",\"@graph\":[{\"@type\":\"Article\",\"@id\":\"https:\/\/www.latitude-15.com\/fr\/le-puerto-quetzal-du-guatemala-renforce-son-echelle-operationnelle-en-2025-malgre-la-baisse-du-trafic-maritime\/#article\",\"isPartOf\":{\"@id\":\"https:\/\/www.latitude-15.com\/fr\/le-puerto-quetzal-du-guatemala-renforce-son-echelle-operationnelle-en-2025-malgre-la-baisse-du-trafic-maritime\/\"},\"author\":{\"name\":\"Joda J\",\"@id\":\"https:\/\/www.latitude-15.com\/fr\/#\/schema\/person\/dac52e7ff44c78317f337da112e37252\"},\"headline\":\"Le Puerto Quetzal du Guatemala renforce son \u00e9chelle op\u00e9rationnelle en 2025 malgr\u00e9 la baisse du trafic maritime\",\"datePublished\":\"2026-02-19T15:45:51+00:00\",\"dateModified\":\"2026-02-20T03:12:12+00:00\",\"mainEntityOfPage\":{\"@id\":\"https:\/\/www.latitude-15.com\/fr\/le-puerto-quetzal-du-guatemala-renforce-son-echelle-operationnelle-en-2025-malgre-la-baisse-du-trafic-maritime\/\"},\"wordCount\":896,\"commentCount\":0,\"publisher\":{\"@id\":\"https:\/\/www.latitude-15.com\/fr\/#organization\"},\"image\":{\"@id\":\"https:\/\/www.latitude-15.com\/fr\/le-puerto-quetzal-du-guatemala-renforce-son-echelle-operationnelle-en-2025-malgre-la-baisse-du-trafic-maritime\/#primaryimage\"},\"thumbnailUrl\":\"https:\/\/www.latitude-15.com\/wp-content\/uploads\/2026\/02\/img6736123.png\",\"articleSection\":[\"MARITIME\",\"Ports et logistique\"],\"inLanguage\":\"fr-FR\",\"potentialAction\":[{\"@type\":\"CommentAction\",\"name\":\"Comment\",\"target\":[\"https:\/\/www.latitude-15.com\/fr\/le-puerto-quetzal-du-guatemala-renforce-son-echelle-operationnelle-en-2025-malgre-la-baisse-du-trafic-maritime\/#respond\"]}]},{\"@type\":\"WebPage\",\"@id\":\"https:\/\/www.latitude-15.com\/fr\/le-puerto-quetzal-du-guatemala-renforce-son-echelle-operationnelle-en-2025-malgre-la-baisse-du-trafic-maritime\/\",\"url\":\"https:\/\/www.latitude-15.com\/fr\/le-puerto-quetzal-du-guatemala-renforce-son-echelle-operationnelle-en-2025-malgre-la-baisse-du-trafic-maritime\/\",\"name\":\"Le Puerto Quetzal du Guatemala renforce son \u00e9chelle op\u00e9rationnelle en 2025 malgr\u00e9 la baisse du trafic maritime - LATITUDE 15\",\"isPartOf\":{\"@id\":\"https:\/\/www.latitude-15.com\/fr\/#website\"},\"primaryImageOfPage\":{\"@id\":\"https:\/\/www.latitude-15.com\/fr\/le-puerto-quetzal-du-guatemala-renforce-son-echelle-operationnelle-en-2025-malgre-la-baisse-du-trafic-maritime\/#primaryimage\"},\"image\":{\"@id\":\"https:\/\/www.latitude-15.com\/fr\/le-puerto-quetzal-du-guatemala-renforce-son-echelle-operationnelle-en-2025-malgre-la-baisse-du-trafic-maritime\/#primaryimage\"},\"thumbnailUrl\":\"https:\/\/www.latitude-15.com\/wp-content\/uploads\/2026\/02\/img6736123.png\",\"datePublished\":\"2026-02-19T15:45:51+00:00\",\"dateModified\":\"2026-02-20T03:12:12+00:00\",\"breadcrumb\":{\"@id\":\"https:\/\/www.latitude-15.com\/fr\/le-puerto-quetzal-du-guatemala-renforce-son-echelle-operationnelle-en-2025-malgre-la-baisse-du-trafic-maritime\/#breadcrumb\"},\"inLanguage\":\"fr-FR\",\"potentialAction\":[{\"@type\":\"ReadAction\",\"target\":[\"https:\/\/www.latitude-15.com\/fr\/le-puerto-quetzal-du-guatemala-renforce-son-echelle-operationnelle-en-2025-malgre-la-baisse-du-trafic-maritime\/\"]}]},{\"@type\":\"ImageObject\",\"inLanguage\":\"fr-FR\",\"@id\":\"https:\/\/www.latitude-15.com\/fr\/le-puerto-quetzal-du-guatemala-renforce-son-echelle-operationnelle-en-2025-malgre-la-baisse-du-trafic-maritime\/#primaryimage\",\"url\":\"https:\/\/www.latitude-15.com\/wp-content\/uploads\/2026\/02\/img6736123.png\",\"contentUrl\":\"https:\/\/www.latitude-15.com\/wp-content\/uploads\/2026\/02\/img6736123.png\",\"width\":929,\"height\":421},{\"@type\":\"BreadcrumbList\",\"@id\":\"https:\/\/www.latitude-15.com\/fr\/le-puerto-quetzal-du-guatemala-renforce-son-echelle-operationnelle-en-2025-malgre-la-baisse-du-trafic-maritime\/#breadcrumb\",\"itemListElement\":[{\"@type\":\"ListItem\",\"position\":1,\"name\":\"Home\",\"item\":\"https:\/\/www.latitude-15.com\/fr\/accueil\/\"},{\"@type\":\"ListItem\",\"position\":2,\"name\":\"Le Puerto Quetzal du Guatemala renforce son \u00e9chelle op\u00e9rationnelle en 2025 malgr\u00e9 la baisse du trafic maritime\"}]},{\"@type\":\"WebSite\",\"@id\":\"https:\/\/www.latitude-15.com\/fr\/#website\",\"url\":\"https:\/\/www.latitude-15.com\/fr\/\",\"name\":\"LATITUDE 15\",\"description\":\"Aviation and maritime Magazine - Caribbean &amp; Latin America\",\"publisher\":{\"@id\":\"https:\/\/www.latitude-15.com\/fr\/#organization\"},\"potentialAction\":[{\"@type\":\"SearchAction\",\"target\":{\"@type\":\"EntryPoint\",\"urlTemplate\":\"https:\/\/www.latitude-15.com\/fr\/?s={search_term_string}\"},\"query-input\":{\"@type\":\"PropertyValueSpecification\",\"valueRequired\":true,\"valueName\":\"search_term_string\"}}],\"inLanguage\":\"fr-FR\"},{\"@type\":\"Organization\",\"@id\":\"https:\/\/www.latitude-15.com\/fr\/#organization\",\"name\":\"LATITUDE 15\",\"url\":\"https:\/\/www.latitude-15.com\/fr\/\",\"logo\":{\"@type\":\"ImageObject\",\"inLanguage\":\"fr-FR\",\"@id\":\"https:\/\/www.latitude-15.com\/fr\/#\/schema\/logo\/image\/\",\"url\":\"https:\/\/www.latitude-15.com\/wp-content\/uploads\/2026\/01\/cropped-logox500px.png\",\"contentUrl\":\"https:\/\/www.latitude-15.com\/wp-content\/uploads\/2026\/01\/cropped-logox500px.png\",\"width\":62,\"height\":75,\"caption\":\"LATITUDE 15\"},\"image\":{\"@id\":\"https:\/\/www.latitude-15.com\/fr\/#\/schema\/logo\/image\/\"}},{\"@type\":\"Person\",\"@id\":\"https:\/\/www.latitude-15.com\/fr\/#\/schema\/person\/dac52e7ff44c78317f337da112e37252\",\"name\":\"Joda J\",\"image\":{\"@type\":\"ImageObject\",\"inLanguage\":\"fr-FR\",\"@id\":\"https:\/\/www.latitude-15.com\/fr\/#\/schema\/person\/image\/\",\"url\":\"https:\/\/secure.gravatar.com\/avatar\/6b1feae555e15404b76616f92d931d12b25ac58024f14ccb43d9d3c012e4c4cf?s=96&d=mm&r=g\",\"contentUrl\":\"https:\/\/secure.gravatar.com\/avatar\/6b1feae555e15404b76616f92d931d12b25ac58024f14ccb43d9d3c012e4c4cf?s=96&d=mm&r=g\",\"caption\":\"Joda J\"},\"url\":\"https:\/\/www.latitude-15.com\/fr\/author\/joda\/\"}]}<\/script>\n<!-- \/ Yoast SEO plugin. -->","yoast_head_json":{"title":"Le Puerto Quetzal du Guatemala renforce son \u00e9chelle op\u00e9rationnelle en 2025 malgr\u00e9 la baisse du trafic maritime - LATITUDE 15","robots":{"index":"index","follow":"follow","max-snippet":"max-snippet:-1","max-image-preview":"max-image-preview:large","max-video-preview":"max-video-preview:-1"},"canonical":"https:\/\/www.latitude-15.com\/fr\/le-puerto-quetzal-du-guatemala-renforce-son-echelle-operationnelle-en-2025-malgre-la-baisse-du-trafic-maritime\/","og_locale":"fr_FR","og_type":"article","og_title":"Le Puerto Quetzal du Guatemala renforce son \u00e9chelle op\u00e9rationnelle en 2025 malgr\u00e9 la baisse du trafic maritime - LATITUDE 15","og_description":"Les derni\u00e8res donn\u00e9es publi\u00e9es par Puerto Quetzal ne se limitent pas \u00e0 illustrer une \u00e9volution annuelle. Elles mettent en \u00e9vidence un port en phase de repositionnement progressif \u2014 capable de traiter des volumes plus importants, de renforcer son profil conteneuris\u00e9 et d\u2019am\u00e9liorer son efficacit\u00e9 op\u00e9rationnelle dans un environnement maritime de plus en plus structur\u00e9 par [&hellip;]","og_url":"https:\/\/www.latitude-15.com\/fr\/le-puerto-quetzal-du-guatemala-renforce-son-echelle-operationnelle-en-2025-malgre-la-baisse-du-trafic-maritime\/","og_site_name":"LATITUDE 15","article_published_time":"2026-02-19T15:45:51+00:00","article_modified_time":"2026-02-20T03:12:12+00:00","og_image":[{"width":929,"height":421,"url":"https:\/\/www.latitude-15.com\/wp-content\/uploads\/2026\/02\/img6736123.png","type":"image\/png"}],"author":"Joda J","twitter_card":"summary_large_image","twitter_misc":{"\u00c9crit par":"Joda J","Dur\u00e9e de lecture estim\u00e9e":"4 minutes"},"schema":{"@context":"https:\/\/schema.org","@graph":[{"@type":"Article","@id":"https:\/\/www.latitude-15.com\/fr\/le-puerto-quetzal-du-guatemala-renforce-son-echelle-operationnelle-en-2025-malgre-la-baisse-du-trafic-maritime\/#article","isPartOf":{"@id":"https:\/\/www.latitude-15.com\/fr\/le-puerto-quetzal-du-guatemala-renforce-son-echelle-operationnelle-en-2025-malgre-la-baisse-du-trafic-maritime\/"},"author":{"name":"Joda J","@id":"https:\/\/www.latitude-15.com\/fr\/#\/schema\/person\/dac52e7ff44c78317f337da112e37252"},"headline":"Le Puerto Quetzal du Guatemala renforce son \u00e9chelle op\u00e9rationnelle en 2025 malgr\u00e9 la baisse du trafic maritime","datePublished":"2026-02-19T15:45:51+00:00","dateModified":"2026-02-20T03:12:12+00:00","mainEntityOfPage":{"@id":"https:\/\/www.latitude-15.com\/fr\/le-puerto-quetzal-du-guatemala-renforce-son-echelle-operationnelle-en-2025-malgre-la-baisse-du-trafic-maritime\/"},"wordCount":896,"commentCount":0,"publisher":{"@id":"https:\/\/www.latitude-15.com\/fr\/#organization"},"image":{"@id":"https:\/\/www.latitude-15.com\/fr\/le-puerto-quetzal-du-guatemala-renforce-son-echelle-operationnelle-en-2025-malgre-la-baisse-du-trafic-maritime\/#primaryimage"},"thumbnailUrl":"https:\/\/www.latitude-15.com\/wp-content\/uploads\/2026\/02\/img6736123.png","articleSection":["MARITIME","Ports et logistique"],"inLanguage":"fr-FR","potentialAction":[{"@type":"CommentAction","name":"Comment","target":["https:\/\/www.latitude-15.com\/fr\/le-puerto-quetzal-du-guatemala-renforce-son-echelle-operationnelle-en-2025-malgre-la-baisse-du-trafic-maritime\/#respond"]}]},{"@type":"WebPage","@id":"https:\/\/www.latitude-15.com\/fr\/le-puerto-quetzal-du-guatemala-renforce-son-echelle-operationnelle-en-2025-malgre-la-baisse-du-trafic-maritime\/","url":"https:\/\/www.latitude-15.com\/fr\/le-puerto-quetzal-du-guatemala-renforce-son-echelle-operationnelle-en-2025-malgre-la-baisse-du-trafic-maritime\/","name":"Le Puerto Quetzal du Guatemala renforce son \u00e9chelle op\u00e9rationnelle en 2025 malgr\u00e9 la baisse du trafic maritime - LATITUDE 15","isPartOf":{"@id":"https:\/\/www.latitude-15.com\/fr\/#website"},"primaryImageOfPage":{"@id":"https:\/\/www.latitude-15.com\/fr\/le-puerto-quetzal-du-guatemala-renforce-son-echelle-operationnelle-en-2025-malgre-la-baisse-du-trafic-maritime\/#primaryimage"},"image":{"@id":"https:\/\/www.latitude-15.com\/fr\/le-puerto-quetzal-du-guatemala-renforce-son-echelle-operationnelle-en-2025-malgre-la-baisse-du-trafic-maritime\/#primaryimage"},"thumbnailUrl":"https:\/\/www.latitude-15.com\/wp-content\/uploads\/2026\/02\/img6736123.png","datePublished":"2026-02-19T15:45:51+00:00","dateModified":"2026-02-20T03:12:12+00:00","breadcrumb":{"@id":"https:\/\/www.latitude-15.com\/fr\/le-puerto-quetzal-du-guatemala-renforce-son-echelle-operationnelle-en-2025-malgre-la-baisse-du-trafic-maritime\/#breadcrumb"},"inLanguage":"fr-FR","potentialAction":[{"@type":"ReadAction","target":["https:\/\/www.latitude-15.com\/fr\/le-puerto-quetzal-du-guatemala-renforce-son-echelle-operationnelle-en-2025-malgre-la-baisse-du-trafic-maritime\/"]}]},{"@type":"ImageObject","inLanguage":"fr-FR","@id":"https:\/\/www.latitude-15.com\/fr\/le-puerto-quetzal-du-guatemala-renforce-son-echelle-operationnelle-en-2025-malgre-la-baisse-du-trafic-maritime\/#primaryimage","url":"https:\/\/www.latitude-15.com\/wp-content\/uploads\/2026\/02\/img6736123.png","contentUrl":"https:\/\/www.latitude-15.com\/wp-content\/uploads\/2026\/02\/img6736123.png","width":929,"height":421},{"@type":"BreadcrumbList","@id":"https:\/\/www.latitude-15.com\/fr\/le-puerto-quetzal-du-guatemala-renforce-son-echelle-operationnelle-en-2025-malgre-la-baisse-du-trafic-maritime\/#breadcrumb","itemListElement":[{"@type":"ListItem","position":1,"name":"Home","item":"https:\/\/www.latitude-15.com\/fr\/accueil\/"},{"@type":"ListItem","position":2,"name":"Le Puerto Quetzal du Guatemala renforce son \u00e9chelle op\u00e9rationnelle en 2025 malgr\u00e9 la baisse du trafic maritime"}]},{"@type":"WebSite","@id":"https:\/\/www.latitude-15.com\/fr\/#website","url":"https:\/\/www.latitude-15.com\/fr\/","name":"LATITUDE 15","description":"Aviation and maritime Magazine - Caribbean &amp; Latin America","publisher":{"@id":"https:\/\/www.latitude-15.com\/fr\/#organization"},"potentialAction":[{"@type":"SearchAction","target":{"@type":"EntryPoint","urlTemplate":"https:\/\/www.latitude-15.com\/fr\/?s={search_term_string}"},"query-input":{"@type":"PropertyValueSpecification","valueRequired":true,"valueName":"search_term_string"}}],"inLanguage":"fr-FR"},{"@type":"Organization","@id":"https:\/\/www.latitude-15.com\/fr\/#organization","name":"LATITUDE 15","url":"https:\/\/www.latitude-15.com\/fr\/","logo":{"@type":"ImageObject","inLanguage":"fr-FR","@id":"https:\/\/www.latitude-15.com\/fr\/#\/schema\/logo\/image\/","url":"https:\/\/www.latitude-15.com\/wp-content\/uploads\/2026\/01\/cropped-logox500px.png","contentUrl":"https:\/\/www.latitude-15.com\/wp-content\/uploads\/2026\/01\/cropped-logox500px.png","width":62,"height":75,"caption":"LATITUDE 15"},"image":{"@id":"https:\/\/www.latitude-15.com\/fr\/#\/schema\/logo\/image\/"}},{"@type":"Person","@id":"https:\/\/www.latitude-15.com\/fr\/#\/schema\/person\/dac52e7ff44c78317f337da112e37252","name":"Joda J","image":{"@type":"ImageObject","inLanguage":"fr-FR","@id":"https:\/\/www.latitude-15.com\/fr\/#\/schema\/person\/image\/","url":"https:\/\/secure.gravatar.com\/avatar\/6b1feae555e15404b76616f92d931d12b25ac58024f14ccb43d9d3c012e4c4cf?s=96&d=mm&r=g","contentUrl":"https:\/\/secure.gravatar.com\/avatar\/6b1feae555e15404b76616f92d931d12b25ac58024f14ccb43d9d3c012e4c4cf?s=96&d=mm&r=g","caption":"Joda J"},"url":"https:\/\/www.latitude-15.com\/fr\/author\/joda\/"}]}},"_links":{"self":[{"href":"https:\/\/www.latitude-15.com\/fr\/wp-json\/wp\/v2\/posts\/20811","targetHints":{"allow":["GET"]}}],"collection":[{"href":"https:\/\/www.latitude-15.com\/fr\/wp-json\/wp\/v2\/posts"}],"about":[{"href":"https:\/\/www.latitude-15.com\/fr\/wp-json\/wp\/v2\/types\/post"}],"author":[{"embeddable":true,"href":"https:\/\/www.latitude-15.com\/fr\/wp-json\/wp\/v2\/users\/5"}],"replies":[{"embeddable":true,"href":"https:\/\/www.latitude-15.com\/fr\/wp-json\/wp\/v2\/comments?post=20811"}],"version-history":[{"count":1,"href":"https:\/\/www.latitude-15.com\/fr\/wp-json\/wp\/v2\/posts\/20811\/revisions"}],"predecessor-version":[{"id":20812,"href":"https:\/\/www.latitude-15.com\/fr\/wp-json\/wp\/v2\/posts\/20811\/revisions\/20812"}],"wp:featuredmedia":[{"embeddable":true,"href":"https:\/\/www.latitude-15.com\/fr\/wp-json\/wp\/v2\/media\/20810"}],"wp:attachment":[{"href":"https:\/\/www.latitude-15.com\/fr\/wp-json\/wp\/v2\/media?parent=20811"}],"wp:term":[{"taxonomy":"category","embeddable":true,"href":"https:\/\/www.latitude-15.com\/fr\/wp-json\/wp\/v2\/categories?post=20811"},{"taxonomy":"post_tag","embeddable":true,"href":"https:\/\/www.latitude-15.com\/fr\/wp-json\/wp\/v2\/tags?post=20811"}],"curies":[{"name":"wp","href":"https:\/\/api.w.org\/{rel}","templated":true}]}}