{"id":20802,"date":"2026-02-19T12:29:00","date_gmt":"2026-02-19T16:29:00","guid":{"rendered":"https:\/\/www.latitude-15.com\/ciels-divergents-le-trafic-de-janvier-2026-dasur-revele-une-reprise-fragmentee-de-laviation-en-amerique-latine-et-dans-les-caraibes\/"},"modified":"2026-02-19T15:42:33","modified_gmt":"2026-02-19T19:42:33","slug":"ciels-divergents-le-trafic-de-janvier-2026-dasur-revele-une-reprise-fragmentee-de-laviation-en-amerique-latine-et-dans-les-caraibes","status":"publish","type":"post","link":"https:\/\/www.latitude-15.com\/fr\/ciels-divergents-le-trafic-de-janvier-2026-dasur-revele-une-reprise-fragmentee-de-laviation-en-amerique-latine-et-dans-les-caraibes\/","title":{"rendered":"Ciels divergents : le trafic de janvier 2026 d\u2019ASUR r\u00e9v\u00e8le une reprise fragment\u00e9e de l\u2019aviation en Am\u00e9rique latine et dans les Cara\u00efbes"},"content":{"rendered":"\n<p>La Colombie acc\u00e9l\u00e8re, le Mexique se stabilise et Porto Rico marque le pas \u2014 les premi\u00e8res donn\u00e9es de 2026 mettent en \u00e9vidence des dynamiques de demande contrast\u00e9es au sein de l\u2019un des plus importants portefeuilles a\u00e9roportuaires de la r\u00e9gion.<\/p>\n\n<h2 class=\"wp-block-heading\">Des trajectoires divergentes au sein du portefeuille d\u2019ASUR<\/h2>\n\n<p>Les donn\u00e9es de trafic passagers de janvier 2026 publi\u00e9es par Grupo Aeroportuario del Sureste (ASUR) vont bien au-del\u00e0 d\u2019une simple mise \u00e0 jour mensuelle. Derri\u00e8re la progression globale de 3,6 % en glissement annuel \u2014 atteignant 6,66 millions de passagers \u2014 se dessine une r\u00e9alit\u00e9 plus significative : la demande a\u00e9rienne en Am\u00e9rique latine et dans les Cara\u00efbes n\u2019\u00e9volue plus de mani\u00e8re homog\u00e8ne. <\/p>\n\n<p>Au sein d\u2019un m\u00eame portefeuille couvrant le Mexique, la Colombie et Porto Rico, trois cycles de demande distincts apparaissent d\u00e9sormais. Le contraste est net \u2014 et strat\u00e9giquement d\u00e9terminant. <\/p>\n\n<h2 class=\"wp-block-heading\">La Colombie s\u2019impose comme moteur de croissance<\/h2>\n\n<p>La Colombie affiche la performance la plus marquante du mois, avec une hausse du trafic passagers de 15,0 % en glissement annuel, atteignant 1,72 million de voyageurs. Cette dynamique est principalement port\u00e9e par le segment domestique, en progression de 18,3 %, tandis que le trafic international augmente de 5,2 %. <\/p>\n\n<p>L\u2019a\u00e9roport international Jos\u00e9 Mar\u00eda C\u00f3rdova de Medell\u00edn (MDE \u2013 Rionegro) demeure le pilier de cette expansion. Le trafic total y progresse de 16,3 %, soutenu par une forte croissance de la demande domestique, en hausse de 21,4 %. Les a\u00e9roports secondaires enregistrent \u00e9galement des croissances \u00e0 deux chiffres : Monter\u00eda (+18,1 %), Carepa (+19,9 %) et Quibd\u00f3 (+14,7 %).  <\/p>\n\n<p>Le constat est clair : la mobilit\u00e9 a\u00e9rienne int\u00e9rieure en Colombie se renforce, consolidant le r\u00f4le de Medell\u00edn comme hub secondaire en plein essor dans le syst\u00e8me a\u00e9rien andin. Contrairement aux pics li\u00e9s au tourisme, la croissance domestique traduit g\u00e9n\u00e9ralement une r\u00e9silience \u00e9conomique plus large et une am\u00e9lioration de la connectivit\u00e9 r\u00e9gionale. <\/p>\n\n<p>Pour ASUR, la Colombie n\u2019est plus un actif p\u00e9riph\u00e9rique. Elle devient le principal vecteur de croissance du groupe. <\/p>\n\n<h2 class=\"wp-block-heading\">Mexique : la r\u00e9silience internationale masque un affaiblissement domestique<\/h2>\n\n<p>Le Mexique, qui repr\u00e9sente plus de la moiti\u00e9 du trafic total d\u2019ASUR, affiche une progression mod\u00e9r\u00e9e de 0,9 %, pour atteindre 3,75 millions de passagers.<\/p>\n\n<p>Cependant, la structure sous-jacente r\u00e9v\u00e8le une situation plus nuanc\u00e9e. Le trafic international progresse de 2,5 %, tandis que le trafic domestique recule de 1,2 %. Cette divergence sugg\u00e8re que la stabilit\u00e9 observ\u00e9e en ce d\u00e9but d\u2019ann\u00e9e 2026 repose largement sur le tourisme entrant, notamment en provenance des \u00c9tats-Unis.  <\/p>\n\n<p>L\u2019a\u00e9roport international de Canc\u00fan (CUN), principal actif du portefeuille, enregistre une l\u00e9g\u00e8re contraction globale de 1,0 %. Compte tenu du fait que Canc\u00fan repr\u00e9sente plus de 70 % du trafic mexicain d\u2019ASUR, m\u00eame des variations marginales ont un impact syst\u00e9mique. <\/p>\n\n<p>Parall\u00e8lement, plusieurs a\u00e9roports secondaires affichent une dynamique plus soutenue. M\u00e9rida progresse de 12,9 %, Veracruz de 11,4 % et Villahermosa de 6,8 %, sugg\u00e9rant une redistribution progressive des flux au sein du sud-est du pays. <\/p>\n\n<p>La question centrale est de savoir si le ralentissement domestique mexicain est conjoncturel ou structurel. Si le tourisme international demeure le principal moteur de croissance, le syst\u00e8me a\u00e9roportuaire mexicain pourrait se montrer plus sensible aux \u00e9volutions \u00e9conomiques externes en 2026. <\/p>\n\n<h2 class=\"wp-block-heading\">Porto Rico : un d\u00e9but d\u2019ann\u00e9e prudent<\/h2>\n\n<p>L\u2019a\u00e9roport international Luis Mu\u00f1oz Mar\u00edn (SJU) de San Juan enregistre un recul de 2,1 % en glissement annuel, avec un trafic total de 1,19 million de passagers.<\/p>\n\n<p>Le trafic domestique recule de 2,6 %, tandis que le trafic international progresse de 1,8 %. Comme au Mexique, la demande internationale fait preuve de r\u00e9silience. Toutefois, la contraction globale indique des pressions concurrentielles croissantes au sein du march\u00e9 a\u00e9rien carib\u00e9en.  <\/p>\n\n<p>San Juan \u00e9volue dans un environnement de plus en plus dynamique, confront\u00e9 \u00e0 la mont\u00e9e en puissance de hubs en forte expansion tels que Punta Cana et Panama City. Un mois de janvier plus faible ne d\u00e9termine pas la trajectoire annuelle, mais il confirme que le paysage concurrentiel carib\u00e9en reste mouvant. <\/p>\n\n<h2 class=\"wp-block-heading\">La fragmentation caract\u00e9rise le d\u00e9but de 2026<\/h2>\n\n<p>L\u2019enseignement principal des donn\u00e9es de janvier d\u2019ASUR ne r\u00e9side pas dans la croissance globale de 3,6 %, mais dans l\u2019h\u00e9t\u00e9rog\u00e9n\u00e9it\u00e9 qu\u2019elle masque. <\/p>\n\n<ul class=\"wp-block-list\">\n<li>Colombie : forte expansion domestique et dynamique structurelle<\/li>\n\n\n\n<li>Mexique : stabilit\u00e9, mais forte d\u00e9pendance au tourisme<\/li>\n\n\n\n<li>Porto Rico : l\u00e9g\u00e8re contraction dans un contexte de concurrence r\u00e9gionale<\/li>\n<\/ul>\n\n<p>Au sein d\u2019un m\u00eame portefeuille op\u00e9rateur, la demande a\u00e9rienne \u00e9volue \u00e0 des rythmes distincts selon les march\u00e9s. Pour les investisseurs, autorit\u00e9s a\u00e9roportuaires et planificateurs de r\u00e9seaux, cette divergence est strat\u00e9gique. <\/p>\n\n<p>Elle indique que 2026 ne sera pas marqu\u00e9e par une reprise r\u00e9gionale uniforme. La comp\u00e9titivit\u00e9, la r\u00e9silience \u00e9conomique et la strat\u00e9gie de desserte seront des facteurs de diff\u00e9renciation d\u00e9terminants. <\/p>\n\n<p>Pour l\u2019aviation en Am\u00e9rique latine et dans les Cara\u00efbes, le trafic augmente \u2014 mais de mani\u00e8re in\u00e9gale.<br\/> <br\/> <br\/><\/p>\n","protected":false},"excerpt":{"rendered":"<p>La Colombie acc\u00e9l\u00e8re, le Mexique se stabilise et Porto Rico marque le pas \u2014 les premi\u00e8res donn\u00e9es de 2026 mettent en \u00e9vidence des dynamiques de demande contrast\u00e9es au sein de l\u2019un des plus importants portefeuilles a\u00e9roportuaires de la r\u00e9gion. Des trajectoires divergentes au sein du portefeuille d\u2019ASUR Les donn\u00e9es de trafic passagers de janvier 2026 [&hellip;]<\/p>\n","protected":false},"author":5,"featured_media":20801,"comment_status":"open","ping_status":"open","sticky":false,"template":"","format":"standard","meta":{"footnotes":""},"categories":[103,97],"tags":[],"class_list":["post-20802","post","type-post","status-publish","format-standard","has-post-thumbnail","hentry","category-aeroports-infrastructures","category-aviation-fr"],"yoast_head":"<!-- This site is optimized with the Yoast SEO plugin v26.9 - https:\/\/yoast.com\/product\/yoast-seo-wordpress\/ -->\n<title>Ciels divergents : le trafic de janvier 2026 d\u2019ASUR r\u00e9v\u00e8le une reprise fragment\u00e9e de l\u2019aviation en Am\u00e9rique latine et dans les Cara\u00efbes - LATITUDE 15<\/title>\n<meta name=\"robots\" content=\"index, follow, max-snippet:-1, max-image-preview:large, max-video-preview:-1\" \/>\n<link rel=\"canonical\" href=\"https:\/\/www.latitude-15.com\/fr\/ciels-divergents-le-trafic-de-janvier-2026-dasur-revele-une-reprise-fragmentee-de-laviation-en-amerique-latine-et-dans-les-caraibes\/\" \/>\n<meta property=\"og:locale\" content=\"fr_FR\" \/>\n<meta property=\"og:type\" content=\"article\" \/>\n<meta property=\"og:title\" content=\"Ciels divergents : le trafic de janvier 2026 d\u2019ASUR r\u00e9v\u00e8le une reprise fragment\u00e9e de l\u2019aviation en Am\u00e9rique latine et dans les Cara\u00efbes - LATITUDE 15\" \/>\n<meta property=\"og:description\" content=\"La Colombie acc\u00e9l\u00e8re, le Mexique se stabilise et Porto Rico marque le pas \u2014 les premi\u00e8res donn\u00e9es de 2026 mettent en \u00e9vidence des dynamiques de demande contrast\u00e9es au sein de l\u2019un des plus importants portefeuilles a\u00e9roportuaires de la r\u00e9gion. Des trajectoires divergentes au sein du portefeuille d\u2019ASUR Les donn\u00e9es de trafic passagers de janvier 2026 [&hellip;]\" \/>\n<meta property=\"og:url\" content=\"https:\/\/www.latitude-15.com\/fr\/ciels-divergents-le-trafic-de-janvier-2026-dasur-revele-une-reprise-fragmentee-de-laviation-en-amerique-latine-et-dans-les-caraibes\/\" \/>\n<meta property=\"og:site_name\" content=\"LATITUDE 15\" \/>\n<meta property=\"article:published_time\" content=\"2026-02-19T16:29:00+00:00\" \/>\n<meta property=\"article:modified_time\" content=\"2026-02-19T19:42:33+00:00\" \/>\n<meta property=\"og:image\" content=\"https:\/\/www.latitude-15.com\/wp-content\/uploads\/2026\/02\/349.jpg\" \/>\n\t<meta property=\"og:image:width\" content=\"1000\" \/>\n\t<meta property=\"og:image:height\" content=\"668\" \/>\n\t<meta property=\"og:image:type\" content=\"image\/jpeg\" \/>\n<meta name=\"author\" content=\"Joda J\" \/>\n<meta name=\"twitter:card\" content=\"summary_large_image\" \/>\n<meta name=\"twitter:label1\" content=\"\u00c9crit par\" \/>\n\t<meta name=\"twitter:data1\" content=\"Joda J\" \/>\n\t<meta name=\"twitter:label2\" content=\"Dur\u00e9e de lecture estim\u00e9e\" \/>\n\t<meta name=\"twitter:data2\" content=\"4 minutes\" \/>\n<script type=\"application\/ld+json\" class=\"yoast-schema-graph\">{\"@context\":\"https:\/\/schema.org\",\"@graph\":[{\"@type\":\"Article\",\"@id\":\"https:\/\/www.latitude-15.com\/fr\/ciels-divergents-le-trafic-de-janvier-2026-dasur-revele-une-reprise-fragmentee-de-laviation-en-amerique-latine-et-dans-les-caraibes\/#article\",\"isPartOf\":{\"@id\":\"https:\/\/www.latitude-15.com\/fr\/ciels-divergents-le-trafic-de-janvier-2026-dasur-revele-une-reprise-fragmentee-de-laviation-en-amerique-latine-et-dans-les-caraibes\/\"},\"author\":{\"name\":\"Joda J\",\"@id\":\"https:\/\/www.latitude-15.com\/fr\/#\/schema\/person\/dac52e7ff44c78317f337da112e37252\"},\"headline\":\"Ciels divergents : le trafic de janvier 2026 d\u2019ASUR r\u00e9v\u00e8le une reprise fragment\u00e9e de l\u2019aviation en Am\u00e9rique latine et dans les Cara\u00efbes\",\"datePublished\":\"2026-02-19T16:29:00+00:00\",\"dateModified\":\"2026-02-19T19:42:33+00:00\",\"mainEntityOfPage\":{\"@id\":\"https:\/\/www.latitude-15.com\/fr\/ciels-divergents-le-trafic-de-janvier-2026-dasur-revele-une-reprise-fragmentee-de-laviation-en-amerique-latine-et-dans-les-caraibes\/\"},\"wordCount\":864,\"commentCount\":0,\"publisher\":{\"@id\":\"https:\/\/www.latitude-15.com\/fr\/#organization\"},\"image\":{\"@id\":\"https:\/\/www.latitude-15.com\/fr\/ciels-divergents-le-trafic-de-janvier-2026-dasur-revele-une-reprise-fragmentee-de-laviation-en-amerique-latine-et-dans-les-caraibes\/#primaryimage\"},\"thumbnailUrl\":\"https:\/\/www.latitude-15.com\/wp-content\/uploads\/2026\/02\/349.jpg\",\"articleSection\":[\"A\u00e9roports et infrastructures\",\"AVIATION\"],\"inLanguage\":\"fr-FR\",\"potentialAction\":[{\"@type\":\"CommentAction\",\"name\":\"Comment\",\"target\":[\"https:\/\/www.latitude-15.com\/fr\/ciels-divergents-le-trafic-de-janvier-2026-dasur-revele-une-reprise-fragmentee-de-laviation-en-amerique-latine-et-dans-les-caraibes\/#respond\"]}]},{\"@type\":\"WebPage\",\"@id\":\"https:\/\/www.latitude-15.com\/fr\/ciels-divergents-le-trafic-de-janvier-2026-dasur-revele-une-reprise-fragmentee-de-laviation-en-amerique-latine-et-dans-les-caraibes\/\",\"url\":\"https:\/\/www.latitude-15.com\/fr\/ciels-divergents-le-trafic-de-janvier-2026-dasur-revele-une-reprise-fragmentee-de-laviation-en-amerique-latine-et-dans-les-caraibes\/\",\"name\":\"Ciels divergents : le trafic de janvier 2026 d\u2019ASUR r\u00e9v\u00e8le une reprise fragment\u00e9e de l\u2019aviation en Am\u00e9rique latine et dans les Cara\u00efbes - LATITUDE 15\",\"isPartOf\":{\"@id\":\"https:\/\/www.latitude-15.com\/fr\/#website\"},\"primaryImageOfPage\":{\"@id\":\"https:\/\/www.latitude-15.com\/fr\/ciels-divergents-le-trafic-de-janvier-2026-dasur-revele-une-reprise-fragmentee-de-laviation-en-amerique-latine-et-dans-les-caraibes\/#primaryimage\"},\"image\":{\"@id\":\"https:\/\/www.latitude-15.com\/fr\/ciels-divergents-le-trafic-de-janvier-2026-dasur-revele-une-reprise-fragmentee-de-laviation-en-amerique-latine-et-dans-les-caraibes\/#primaryimage\"},\"thumbnailUrl\":\"https:\/\/www.latitude-15.com\/wp-content\/uploads\/2026\/02\/349.jpg\",\"datePublished\":\"2026-02-19T16:29:00+00:00\",\"dateModified\":\"2026-02-19T19:42:33+00:00\",\"breadcrumb\":{\"@id\":\"https:\/\/www.latitude-15.com\/fr\/ciels-divergents-le-trafic-de-janvier-2026-dasur-revele-une-reprise-fragmentee-de-laviation-en-amerique-latine-et-dans-les-caraibes\/#breadcrumb\"},\"inLanguage\":\"fr-FR\",\"potentialAction\":[{\"@type\":\"ReadAction\",\"target\":[\"https:\/\/www.latitude-15.com\/fr\/ciels-divergents-le-trafic-de-janvier-2026-dasur-revele-une-reprise-fragmentee-de-laviation-en-amerique-latine-et-dans-les-caraibes\/\"]}]},{\"@type\":\"ImageObject\",\"inLanguage\":\"fr-FR\",\"@id\":\"https:\/\/www.latitude-15.com\/fr\/ciels-divergents-le-trafic-de-janvier-2026-dasur-revele-une-reprise-fragmentee-de-laviation-en-amerique-latine-et-dans-les-caraibes\/#primaryimage\",\"url\":\"https:\/\/www.latitude-15.com\/wp-content\/uploads\/2026\/02\/349.jpg\",\"contentUrl\":\"https:\/\/www.latitude-15.com\/wp-content\/uploads\/2026\/02\/349.jpg\",\"width\":1000,\"height\":668,\"caption\":\"ASUR Traffic\"},{\"@type\":\"BreadcrumbList\",\"@id\":\"https:\/\/www.latitude-15.com\/fr\/ciels-divergents-le-trafic-de-janvier-2026-dasur-revele-une-reprise-fragmentee-de-laviation-en-amerique-latine-et-dans-les-caraibes\/#breadcrumb\",\"itemListElement\":[{\"@type\":\"ListItem\",\"position\":1,\"name\":\"Home\",\"item\":\"https:\/\/www.latitude-15.com\/fr\/accueil\/\"},{\"@type\":\"ListItem\",\"position\":2,\"name\":\"Ciels divergents : le trafic de janvier 2026 d\u2019ASUR r\u00e9v\u00e8le une reprise fragment\u00e9e de l\u2019aviation en Am\u00e9rique latine et dans les Cara\u00efbes\"}]},{\"@type\":\"WebSite\",\"@id\":\"https:\/\/www.latitude-15.com\/fr\/#website\",\"url\":\"https:\/\/www.latitude-15.com\/fr\/\",\"name\":\"LATITUDE 15\",\"description\":\"Aviation and maritime Magazine - Caribbean &amp; Latin America\",\"publisher\":{\"@id\":\"https:\/\/www.latitude-15.com\/fr\/#organization\"},\"potentialAction\":[{\"@type\":\"SearchAction\",\"target\":{\"@type\":\"EntryPoint\",\"urlTemplate\":\"https:\/\/www.latitude-15.com\/fr\/?s={search_term_string}\"},\"query-input\":{\"@type\":\"PropertyValueSpecification\",\"valueRequired\":true,\"valueName\":\"search_term_string\"}}],\"inLanguage\":\"fr-FR\"},{\"@type\":\"Organization\",\"@id\":\"https:\/\/www.latitude-15.com\/fr\/#organization\",\"name\":\"LATITUDE 15\",\"url\":\"https:\/\/www.latitude-15.com\/fr\/\",\"logo\":{\"@type\":\"ImageObject\",\"inLanguage\":\"fr-FR\",\"@id\":\"https:\/\/www.latitude-15.com\/fr\/#\/schema\/logo\/image\/\",\"url\":\"https:\/\/www.latitude-15.com\/wp-content\/uploads\/2026\/01\/cropped-logox500px.png\",\"contentUrl\":\"https:\/\/www.latitude-15.com\/wp-content\/uploads\/2026\/01\/cropped-logox500px.png\",\"width\":62,\"height\":75,\"caption\":\"LATITUDE 15\"},\"image\":{\"@id\":\"https:\/\/www.latitude-15.com\/fr\/#\/schema\/logo\/image\/\"}},{\"@type\":\"Person\",\"@id\":\"https:\/\/www.latitude-15.com\/fr\/#\/schema\/person\/dac52e7ff44c78317f337da112e37252\",\"name\":\"Joda J\",\"image\":{\"@type\":\"ImageObject\",\"inLanguage\":\"fr-FR\",\"@id\":\"https:\/\/www.latitude-15.com\/fr\/#\/schema\/person\/image\/\",\"url\":\"https:\/\/secure.gravatar.com\/avatar\/6b1feae555e15404b76616f92d931d12b25ac58024f14ccb43d9d3c012e4c4cf?s=96&d=mm&r=g\",\"contentUrl\":\"https:\/\/secure.gravatar.com\/avatar\/6b1feae555e15404b76616f92d931d12b25ac58024f14ccb43d9d3c012e4c4cf?s=96&d=mm&r=g\",\"caption\":\"Joda J\"},\"url\":\"https:\/\/www.latitude-15.com\/fr\/author\/joda\/\"}]}<\/script>\n<!-- \/ Yoast SEO plugin. -->","yoast_head_json":{"title":"Ciels divergents : le trafic de janvier 2026 d\u2019ASUR r\u00e9v\u00e8le une reprise fragment\u00e9e de l\u2019aviation en Am\u00e9rique latine et dans les Cara\u00efbes - LATITUDE 15","robots":{"index":"index","follow":"follow","max-snippet":"max-snippet:-1","max-image-preview":"max-image-preview:large","max-video-preview":"max-video-preview:-1"},"canonical":"https:\/\/www.latitude-15.com\/fr\/ciels-divergents-le-trafic-de-janvier-2026-dasur-revele-une-reprise-fragmentee-de-laviation-en-amerique-latine-et-dans-les-caraibes\/","og_locale":"fr_FR","og_type":"article","og_title":"Ciels divergents : le trafic de janvier 2026 d\u2019ASUR r\u00e9v\u00e8le une reprise fragment\u00e9e de l\u2019aviation en Am\u00e9rique latine et dans les Cara\u00efbes - LATITUDE 15","og_description":"La Colombie acc\u00e9l\u00e8re, le Mexique se stabilise et Porto Rico marque le pas \u2014 les premi\u00e8res donn\u00e9es de 2026 mettent en \u00e9vidence des dynamiques de demande contrast\u00e9es au sein de l\u2019un des plus importants portefeuilles a\u00e9roportuaires de la r\u00e9gion. Des trajectoires divergentes au sein du portefeuille d\u2019ASUR Les donn\u00e9es de trafic passagers de janvier 2026 [&hellip;]","og_url":"https:\/\/www.latitude-15.com\/fr\/ciels-divergents-le-trafic-de-janvier-2026-dasur-revele-une-reprise-fragmentee-de-laviation-en-amerique-latine-et-dans-les-caraibes\/","og_site_name":"LATITUDE 15","article_published_time":"2026-02-19T16:29:00+00:00","article_modified_time":"2026-02-19T19:42:33+00:00","og_image":[{"width":1000,"height":668,"url":"https:\/\/www.latitude-15.com\/wp-content\/uploads\/2026\/02\/349.jpg","type":"image\/jpeg"}],"author":"Joda J","twitter_card":"summary_large_image","twitter_misc":{"\u00c9crit par":"Joda J","Dur\u00e9e de lecture estim\u00e9e":"4 minutes"},"schema":{"@context":"https:\/\/schema.org","@graph":[{"@type":"Article","@id":"https:\/\/www.latitude-15.com\/fr\/ciels-divergents-le-trafic-de-janvier-2026-dasur-revele-une-reprise-fragmentee-de-laviation-en-amerique-latine-et-dans-les-caraibes\/#article","isPartOf":{"@id":"https:\/\/www.latitude-15.com\/fr\/ciels-divergents-le-trafic-de-janvier-2026-dasur-revele-une-reprise-fragmentee-de-laviation-en-amerique-latine-et-dans-les-caraibes\/"},"author":{"name":"Joda J","@id":"https:\/\/www.latitude-15.com\/fr\/#\/schema\/person\/dac52e7ff44c78317f337da112e37252"},"headline":"Ciels divergents : le trafic de janvier 2026 d\u2019ASUR r\u00e9v\u00e8le une reprise fragment\u00e9e de l\u2019aviation en Am\u00e9rique latine et dans les Cara\u00efbes","datePublished":"2026-02-19T16:29:00+00:00","dateModified":"2026-02-19T19:42:33+00:00","mainEntityOfPage":{"@id":"https:\/\/www.latitude-15.com\/fr\/ciels-divergents-le-trafic-de-janvier-2026-dasur-revele-une-reprise-fragmentee-de-laviation-en-amerique-latine-et-dans-les-caraibes\/"},"wordCount":864,"commentCount":0,"publisher":{"@id":"https:\/\/www.latitude-15.com\/fr\/#organization"},"image":{"@id":"https:\/\/www.latitude-15.com\/fr\/ciels-divergents-le-trafic-de-janvier-2026-dasur-revele-une-reprise-fragmentee-de-laviation-en-amerique-latine-et-dans-les-caraibes\/#primaryimage"},"thumbnailUrl":"https:\/\/www.latitude-15.com\/wp-content\/uploads\/2026\/02\/349.jpg","articleSection":["A\u00e9roports et infrastructures","AVIATION"],"inLanguage":"fr-FR","potentialAction":[{"@type":"CommentAction","name":"Comment","target":["https:\/\/www.latitude-15.com\/fr\/ciels-divergents-le-trafic-de-janvier-2026-dasur-revele-une-reprise-fragmentee-de-laviation-en-amerique-latine-et-dans-les-caraibes\/#respond"]}]},{"@type":"WebPage","@id":"https:\/\/www.latitude-15.com\/fr\/ciels-divergents-le-trafic-de-janvier-2026-dasur-revele-une-reprise-fragmentee-de-laviation-en-amerique-latine-et-dans-les-caraibes\/","url":"https:\/\/www.latitude-15.com\/fr\/ciels-divergents-le-trafic-de-janvier-2026-dasur-revele-une-reprise-fragmentee-de-laviation-en-amerique-latine-et-dans-les-caraibes\/","name":"Ciels divergents : le trafic de janvier 2026 d\u2019ASUR r\u00e9v\u00e8le une reprise fragment\u00e9e de l\u2019aviation en Am\u00e9rique latine et dans les Cara\u00efbes - LATITUDE 15","isPartOf":{"@id":"https:\/\/www.latitude-15.com\/fr\/#website"},"primaryImageOfPage":{"@id":"https:\/\/www.latitude-15.com\/fr\/ciels-divergents-le-trafic-de-janvier-2026-dasur-revele-une-reprise-fragmentee-de-laviation-en-amerique-latine-et-dans-les-caraibes\/#primaryimage"},"image":{"@id":"https:\/\/www.latitude-15.com\/fr\/ciels-divergents-le-trafic-de-janvier-2026-dasur-revele-une-reprise-fragmentee-de-laviation-en-amerique-latine-et-dans-les-caraibes\/#primaryimage"},"thumbnailUrl":"https:\/\/www.latitude-15.com\/wp-content\/uploads\/2026\/02\/349.jpg","datePublished":"2026-02-19T16:29:00+00:00","dateModified":"2026-02-19T19:42:33+00:00","breadcrumb":{"@id":"https:\/\/www.latitude-15.com\/fr\/ciels-divergents-le-trafic-de-janvier-2026-dasur-revele-une-reprise-fragmentee-de-laviation-en-amerique-latine-et-dans-les-caraibes\/#breadcrumb"},"inLanguage":"fr-FR","potentialAction":[{"@type":"ReadAction","target":["https:\/\/www.latitude-15.com\/fr\/ciels-divergents-le-trafic-de-janvier-2026-dasur-revele-une-reprise-fragmentee-de-laviation-en-amerique-latine-et-dans-les-caraibes\/"]}]},{"@type":"ImageObject","inLanguage":"fr-FR","@id":"https:\/\/www.latitude-15.com\/fr\/ciels-divergents-le-trafic-de-janvier-2026-dasur-revele-une-reprise-fragmentee-de-laviation-en-amerique-latine-et-dans-les-caraibes\/#primaryimage","url":"https:\/\/www.latitude-15.com\/wp-content\/uploads\/2026\/02\/349.jpg","contentUrl":"https:\/\/www.latitude-15.com\/wp-content\/uploads\/2026\/02\/349.jpg","width":1000,"height":668,"caption":"ASUR Traffic"},{"@type":"BreadcrumbList","@id":"https:\/\/www.latitude-15.com\/fr\/ciels-divergents-le-trafic-de-janvier-2026-dasur-revele-une-reprise-fragmentee-de-laviation-en-amerique-latine-et-dans-les-caraibes\/#breadcrumb","itemListElement":[{"@type":"ListItem","position":1,"name":"Home","item":"https:\/\/www.latitude-15.com\/fr\/accueil\/"},{"@type":"ListItem","position":2,"name":"Ciels divergents : le trafic de janvier 2026 d\u2019ASUR r\u00e9v\u00e8le une reprise fragment\u00e9e de l\u2019aviation en Am\u00e9rique latine et dans les Cara\u00efbes"}]},{"@type":"WebSite","@id":"https:\/\/www.latitude-15.com\/fr\/#website","url":"https:\/\/www.latitude-15.com\/fr\/","name":"LATITUDE 15","description":"Aviation and maritime Magazine - Caribbean &amp; Latin America","publisher":{"@id":"https:\/\/www.latitude-15.com\/fr\/#organization"},"potentialAction":[{"@type":"SearchAction","target":{"@type":"EntryPoint","urlTemplate":"https:\/\/www.latitude-15.com\/fr\/?s={search_term_string}"},"query-input":{"@type":"PropertyValueSpecification","valueRequired":true,"valueName":"search_term_string"}}],"inLanguage":"fr-FR"},{"@type":"Organization","@id":"https:\/\/www.latitude-15.com\/fr\/#organization","name":"LATITUDE 15","url":"https:\/\/www.latitude-15.com\/fr\/","logo":{"@type":"ImageObject","inLanguage":"fr-FR","@id":"https:\/\/www.latitude-15.com\/fr\/#\/schema\/logo\/image\/","url":"https:\/\/www.latitude-15.com\/wp-content\/uploads\/2026\/01\/cropped-logox500px.png","contentUrl":"https:\/\/www.latitude-15.com\/wp-content\/uploads\/2026\/01\/cropped-logox500px.png","width":62,"height":75,"caption":"LATITUDE 15"},"image":{"@id":"https:\/\/www.latitude-15.com\/fr\/#\/schema\/logo\/image\/"}},{"@type":"Person","@id":"https:\/\/www.latitude-15.com\/fr\/#\/schema\/person\/dac52e7ff44c78317f337da112e37252","name":"Joda J","image":{"@type":"ImageObject","inLanguage":"fr-FR","@id":"https:\/\/www.latitude-15.com\/fr\/#\/schema\/person\/image\/","url":"https:\/\/secure.gravatar.com\/avatar\/6b1feae555e15404b76616f92d931d12b25ac58024f14ccb43d9d3c012e4c4cf?s=96&d=mm&r=g","contentUrl":"https:\/\/secure.gravatar.com\/avatar\/6b1feae555e15404b76616f92d931d12b25ac58024f14ccb43d9d3c012e4c4cf?s=96&d=mm&r=g","caption":"Joda J"},"url":"https:\/\/www.latitude-15.com\/fr\/author\/joda\/"}]}},"_links":{"self":[{"href":"https:\/\/www.latitude-15.com\/fr\/wp-json\/wp\/v2\/posts\/20802","targetHints":{"allow":["GET"]}}],"collection":[{"href":"https:\/\/www.latitude-15.com\/fr\/wp-json\/wp\/v2\/posts"}],"about":[{"href":"https:\/\/www.latitude-15.com\/fr\/wp-json\/wp\/v2\/types\/post"}],"author":[{"embeddable":true,"href":"https:\/\/www.latitude-15.com\/fr\/wp-json\/wp\/v2\/users\/5"}],"replies":[{"embeddable":true,"href":"https:\/\/www.latitude-15.com\/fr\/wp-json\/wp\/v2\/comments?post=20802"}],"version-history":[{"count":1,"href":"https:\/\/www.latitude-15.com\/fr\/wp-json\/wp\/v2\/posts\/20802\/revisions"}],"predecessor-version":[{"id":20803,"href":"https:\/\/www.latitude-15.com\/fr\/wp-json\/wp\/v2\/posts\/20802\/revisions\/20803"}],"wp:featuredmedia":[{"embeddable":true,"href":"https:\/\/www.latitude-15.com\/fr\/wp-json\/wp\/v2\/media\/20801"}],"wp:attachment":[{"href":"https:\/\/www.latitude-15.com\/fr\/wp-json\/wp\/v2\/media?parent=20802"}],"wp:term":[{"taxonomy":"category","embeddable":true,"href":"https:\/\/www.latitude-15.com\/fr\/wp-json\/wp\/v2\/categories?post=20802"},{"taxonomy":"post_tag","embeddable":true,"href":"https:\/\/www.latitude-15.com\/fr\/wp-json\/wp\/v2\/tags?post=20802"}],"curies":[{"name":"wp","href":"https:\/\/api.w.org\/{rel}","templated":true}]}}