{"id":20768,"date":"2026-02-18T10:29:29","date_gmt":"2026-02-18T14:29:29","guid":{"rendered":"https:\/\/www.latitude-15.com\/bresil-argentine-et-panama-le-nouveau-triangle-de-puissance-de-laviation-en-amerique-latine-et-dans-les-caraibes\/"},"modified":"2026-02-19T06:24:29","modified_gmt":"2026-02-19T10:24:29","slug":"bresil-argentine-et-panama-le-nouveau-triangle-de-puissance-de-laviation-en-amerique-latine-et-dans-les-caraibes","status":"publish","type":"post","link":"https:\/\/www.latitude-15.com\/fr\/bresil-argentine-et-panama-le-nouveau-triangle-de-puissance-de-laviation-en-amerique-latine-et-dans-les-caraibes\/","title":{"rendered":"Br\u00e9sil, Argentine et Panama : le nouveau triangle de puissance de l\u2019aviation en Am\u00e9rique latine et dans les Cara\u00efbes"},"content":{"rendered":"\n<p>L\u2019Am\u00e9rique latine et les Cara\u00efbes ont cl\u00f4tur\u00e9 l\u2019ann\u00e9e 2025 avec 477,3 millions de passagers, soit une hausse de 3,8 % sur un an et 17,5 millions de voyageurs suppl\u00e9mentaires par rapport \u00e0 2024. \u00c0 premi\u00e8re vue, ce chiffre traduit une consolidation progressive plut\u00f4t qu\u2019une expansion spectaculaire. Pourtant, les donn\u00e9es publi\u00e9es par l\u2019ALTA (Latin American and Caribbean Air Transport Association) r\u00e9v\u00e8lent une \u00e9volution plus structurelle : un d\u00e9placement des \u00e9quilibres de puissance au sein de l\u2019aviation r\u00e9gionale.  <\/p>\n\n<p>Quatre-vingt-quatre pour cent de la croissance nette provient du trafic domestique et intra-r\u00e9gional. Le centre de gravit\u00e9 ne se situe plus dans la reprise intercontinentale, mais dans la consolidation interne. Et dans ce mouvement, trois pays \u00e9mergent clairement \u2014 le Br\u00e9sil, l\u2019Argentine et le Panama \u2014 formant ce qui ressemble de plus en plus \u00e0 un nouveau triangle strat\u00e9gique de l\u2019aviation r\u00e9gionale.<br\/>   <\/p>\n\n<h2 class=\"wp-block-heading\">Br\u00e9sil : le moteur de la demande<\/h2>\n\n<p>En 2025, le Br\u00e9sil demeure le plus grand march\u00e9 a\u00e9rien d\u2019Am\u00e9rique latine, avec 129,6 millions de passagers, selon le rapport annuel de trafic publi\u00e9 par l\u2019ALTA en f\u00e9vrier 2026. \u00c0 lui seul, le pays a g\u00e9n\u00e9r\u00e9 11,2 millions de passagers suppl\u00e9mentaires sur un an, soit une progression de 9,4 %, la contribution nette la plus importante de la r\u00e9gion. <\/p>\n\n<p>Deux jalons illustrent son poids structurel. Pour la premi\u00e8re fois, le trafic domestique a d\u00e9pass\u00e9 les 100 millions de passagers. Le trafic international a \u00e9galement atteint un niveau record de 28,4 millions de passagers, en hausse de 13,4 % sur un an.  <\/p>\n\n<p>La dimension strat\u00e9gique de la performance br\u00e9silienne r\u00e9side dans l\u2019essor du trafic entrant. Les arriv\u00e9es touristiques internationales par voie a\u00e9rienne ont progress\u00e9 de 33,2 % en 2025, avec une hausse de 77 % des visiteurs argentins, selon les chiffres cit\u00e9s par l\u2019ALTA. Le trafic a\u00e9rien entre le Br\u00e9sil et l\u2019Argentine a augment\u00e9 de 29,7 % sur un an, repr\u00e9sentant environ un tiers de la croissance internationale du Br\u00e9sil.  <\/p>\n\n<p>Le Br\u00e9sil n\u2019est plus seulement un vaste march\u00e9 domestique. Il agit d\u00e9sormais comme un p\u00f4le d\u2019attraction r\u00e9gional de la demande, renfor\u00e7ant les corridors intra-sud-am\u00e9ricains. <\/p>\n\n<h2 class=\"wp-block-heading\">Argentine : le n\u0153ud d\u2019acc\u00e9l\u00e9ration<\/h2>\n\n<p>L\u2019Argentine a enregistr\u00e9 la plus forte croissance en pourcentage de la r\u00e9gion en 2025. Le trafic total a atteint 33,3 millions de passagers, en hausse de 13,2 % sur un an, soit 3,9 millions de passagers suppl\u00e9mentaires. <\/p>\n\n<p>Le trafic domestique a progress\u00e9 de 9,1 %, tandis que le trafic international a bondi de 18,2 %. L\u2019augmentation de l\u2019offre de vols a jou\u00e9 un r\u00f4le d\u00e9terminant. Selon les donn\u00e9es de l\u2019ALTA, le trafic entre l\u2019Argentine et le Br\u00e9sil a progress\u00e9 de 38 %, les liaisons vers la R\u00e9publique dominicaine de 93 % et vers la Colombie de 28 %.<br\/>  <\/p>\n\n<p>Cette dynamique s\u2019inscrit dans un contexte d\u2019ouverture accrue du march\u00e9 et d\u2019expansion de la connectivit\u00e9 internationale. La croissance argentine en 2025 ne rel\u00e8ve pas uniquement d\u2019un rattrapage cyclique : elle repose sur le d\u00e9veloppement de corridors sp\u00e9cifiques. Le pays s\u2019affirme comme un acc\u00e9l\u00e9rateur cl\u00e9 des flux intra-LAC.  <\/p>\n\n<h2 class=\"wp-block-heading\">Panama : le connecteur strat\u00e9gique<\/h2>\n\n<p>Le Panama a enregistr\u00e9 pr\u00e8s de 21 millions de passagers en 2025, en hausse de 9 % sur un an, soit 1,7 million de voyageurs suppl\u00e9mentaires. \u00c0 la diff\u00e9rence du Br\u00e9sil et de l\u2019Argentine, le r\u00f4le strat\u00e9gique du Panama repose moins sur le volume que sur la structure de connectivit\u00e9. <\/p>\n\n<p>Le trafic origine-destination entre le Panama et les \u00c9tats-Unis a atteint 4,63 millions de passagers en 2025, en progression de 8,1 % sur un an. Ce r\u00e9sultat est d\u2019autant plus notable que le trafic total entre l\u2019Am\u00e9rique latine et les \u00c9tats-Unis a recul\u00e9 de 0,3 % sur la m\u00eame p\u00e9riode, selon les donn\u00e9es r\u00e9gionales consolid\u00e9es de l\u2019ALTA. <\/p>\n\n<p>Le hub de Tocumen continue de capter et de redistribuer les flux, m\u00eame lorsque le trafic continental s\u2019essouffle. Il joue un r\u00f4le charni\u00e8re entre l\u2019Am\u00e9rique du Nord et l\u2019Am\u00e9rique du Sud, soutenu par une gestion disciplin\u00e9e des capacit\u00e9s et une optimisation constante du hub. <\/p>\n\n<h2 class=\"wp-block-heading\">Discipline capacitaire et \u00e9quilibre de march\u00e9<\/h2>\n\n<p>Au-del\u00e0 des performances nationales, la solidit\u00e9 structurelle du march\u00e9 r\u00e9gional ressort clairement. L\u2019<a href=\"https:\/\/alta.aero\/en\/news\/trafico-aereo-en-america-latina-y-el-caribe-crecio-38-interanual-en-2025\/\">ALTA<\/a> indique que les ASK (available seat kilometers) ont progress\u00e9 de 4,6 % en 2025, tandis que les RPK (revenue passenger kilometers) ont augment\u00e9 de 4,5 %. Le coefficient de remplissage r\u00e9gional s\u2019est \u00e9tabli en moyenne \u00e0 83,7 % sur l\u2019ann\u00e9e. <\/p>\n\n<p>La croissance des capacit\u00e9s a suivi de pr\u00e8s celle de la demande. Le nombre total de vols a augment\u00e9 de 2 %, la capacit\u00e9 en si\u00e8ges de 3,1 %, avec une moyenne de 160 si\u00e8ges par vol contre 158 en 2024. <\/p>\n\n<p>Cette convergence traduit un environnement \u00e9quilibr\u00e9, ni en surcapacit\u00e9 ni en surchauffe. Pour les compagnies a\u00e9riennes et les a\u00e9roports, elle refl\u00e8te une discipline op\u00e9rationnelle plut\u00f4t qu\u2019une expansion sp\u00e9culative. <\/p>\n\n<figure class=\"wp-block-image size-large\"><img fetchpriority=\"high\" decoding=\"async\" width=\"1024\" height=\"503\" src=\"https:\/\/www.latitude-15.com\/wp-content\/uploads\/2026\/02\/pax-dic-EN-1024x503.png\" alt=\"\" class=\"wp-image-20738\" srcset=\"https:\/\/www.latitude-15.com\/wp-content\/uploads\/2026\/02\/pax-dic-EN-1024x503.png 1024w, https:\/\/www.latitude-15.com\/wp-content\/uploads\/2026\/02\/pax-dic-EN-300x147.png 300w, https:\/\/www.latitude-15.com\/wp-content\/uploads\/2026\/02\/pax-dic-EN-768x377.png 768w, https:\/\/www.latitude-15.com\/wp-content\/uploads\/2026\/02\/pax-dic-EN-1536x754.png 1536w, https:\/\/www.latitude-15.com\/wp-content\/uploads\/2026\/02\/pax-dic-EN-1320x648.png 1320w, https:\/\/www.latitude-15.com\/wp-content\/uploads\/2026\/02\/pax-dic-EN.png 1752w\" sizes=\"(max-width: 1024px) 100vw, 1024px\" \/><\/figure>\n\n<h2 class=\"wp-block-heading\">Une r\u00e9gion qui cro\u00eet de l\u2019int\u00e9rieur<\/h2>\n\n<p>Le fait marquant de 2025 n\u2019est pas la reprise du long-courrier, mais le renforcement r\u00e9gional. <\/p>\n\n<p>Avec 84 % de la croissance nette issue des op\u00e9rations domestiques et intra-r\u00e9gionales, l\u2019Am\u00e9rique latine et les Cara\u00efbes consolident leur connectivit\u00e9 interne. Des corridors comme Br\u00e9sil\u2013Argentine et Panama\u2013\u00c9tats-Unis illustrent une r\u00e9organisation des flux autour d\u2019axes r\u00e9gionaux efficients, plut\u00f4t qu\u2019une d\u00e9pendance exclusive aux march\u00e9s transatlantiques ou transpacifiques. <\/p>\n\n<p>M\u00eame les march\u00e9s aux r\u00e9sultats plus contrast\u00e9s participent \u00e0 cette recomposition. Le Mexique demeure le deuxi\u00e8me march\u00e9 r\u00e9gional avec 122,4 millions de passagers (+2,4 %), tandis que la Colombie atteint 57,5 millions de passagers (+1,7 %), malgr\u00e9 une certaine faiblesse domestique \u00e0 Bogot\u00e1. Le P\u00e9rou enregistre 28,5 millions de passagers (+5,9 %), soutenu par l\u2019expansion des infrastructures a\u00e9roportuaires \u00e0 Lima. Dans les Cara\u00efbes, la R\u00e9publique dominicaine m\u00e8ne la croissance avec 19,6 millions de passagers (+3,1 %), alors que la Jama\u00efque subit un recul de 7,7 %, largement li\u00e9 aux perturbations op\u00e9rationnelles cons\u00e9cutives \u00e0 l\u2019ouragan Melissa au quatri\u00e8me trimestre.   <\/p>\n\n<p>Ces \u00e9carts traduisent une r\u00e9gion en transition \u2014 diversifi\u00e9e, structur\u00e9e autour de corridors et de plus en plus interd\u00e9pendante.<\/p>\n\n<h2 class=\"wp-block-heading\">Enjeux strat\u00e9giques pour 2026<\/h2>\n\n<p>La croissance r\u00e9gionale de 3,8 % confirme une trajectoire stable. Mais l\u2019enjeu central r\u00e9side dans la redistribution structurelle des flux <\/p>\n\n<p>Le Br\u00e9sil consolide son r\u00f4le de moteur de la demande r\u00e9gionale. L\u2019Argentine acc\u00e9l\u00e8re gr\u00e2ce \u00e0 une connectivit\u00e9 lib\u00e9ralis\u00e9e et \u00e0 l\u2019expansion de ses corridors internationaux. Le Panama renforce sa fonction de hub de redistribution nord\u2013sud. Ensemble, ces trois pays forment un axe triangulaire d\u2019influence qui redessine les flux a\u00e9riens en Am\u00e9rique latine et dans les Cara\u00efbes.   <\/p>\n\n<p>Si la modernisation r\u00e9glementaire et les cadres concurrentiels continuent de progresser \u2014 comme l\u2019a soulign\u00e9 le CEO de l\u2019ALTA, Peter Cerd\u00e1, dans sa d\u00e9claration de f\u00e9vrier 2026 \u2014 la croissance port\u00e9e par les dynamiques internes pourrait s\u2019intensifier. Les chiffres racontent une reprise. Les corridors r\u00e9v\u00e8lent une reconfiguration. Et en 2025, cette reconfiguration a plac\u00e9 le Br\u00e9sil, l\u2019Argentine et le Panama au c\u0153ur de la nouvelle cartographie de puissance de l\u2019aviation latino-carib\u00e9enne.   <\/p>\n","protected":false},"excerpt":{"rendered":"<p>L\u2019Am\u00e9rique latine et les Cara\u00efbes ont cl\u00f4tur\u00e9 l\u2019ann\u00e9e 2025 avec 477,3 millions de passagers, soit une hausse de 3,8 % sur un an et 17,5 millions de voyageurs suppl\u00e9mentaires par rapport \u00e0 2024. \u00c0 premi\u00e8re vue, ce chiffre traduit une consolidation progressive plut\u00f4t qu\u2019une expansion spectaculaire. Pourtant, les donn\u00e9es publi\u00e9es par l\u2019ALTA (Latin American and [&hellip;]<\/p>\n","protected":false},"author":5,"featured_media":0,"comment_status":"open","ping_status":"open","sticky":false,"template":"","format":"standard","meta":{"footnotes":""},"categories":[97,100],"tags":[],"class_list":["post-20768","post","type-post","status-publish","format-standard","hentry","category-aviation-fr","category-connectivite-aerienne-et-attractivite-territoriale"],"yoast_head":"<!-- This site is optimized with the Yoast SEO plugin v26.9 - https:\/\/yoast.com\/product\/yoast-seo-wordpress\/ -->\n<title>Br\u00e9sil, Argentine et Panama : le nouveau triangle de puissance de l\u2019aviation en Am\u00e9rique latine et dans les Cara\u00efbes - LATITUDE 15<\/title>\n<meta name=\"robots\" content=\"index, follow, max-snippet:-1, max-image-preview:large, max-video-preview:-1\" \/>\n<link rel=\"canonical\" href=\"https:\/\/www.latitude-15.com\/fr\/bresil-argentine-et-panama-le-nouveau-triangle-de-puissance-de-laviation-en-amerique-latine-et-dans-les-caraibes\/\" \/>\n<meta property=\"og:locale\" content=\"fr_FR\" \/>\n<meta property=\"og:type\" content=\"article\" \/>\n<meta property=\"og:title\" content=\"Br\u00e9sil, Argentine et Panama : le nouveau triangle de puissance de l\u2019aviation en Am\u00e9rique latine et dans les Cara\u00efbes - LATITUDE 15\" \/>\n<meta property=\"og:description\" content=\"L\u2019Am\u00e9rique latine et les Cara\u00efbes ont cl\u00f4tur\u00e9 l\u2019ann\u00e9e 2025 avec 477,3 millions de passagers, soit une hausse de 3,8 % sur un an et 17,5 millions de voyageurs suppl\u00e9mentaires par rapport \u00e0 2024. \u00c0 premi\u00e8re vue, ce chiffre traduit une consolidation progressive plut\u00f4t qu\u2019une expansion spectaculaire. Pourtant, les donn\u00e9es publi\u00e9es par l\u2019ALTA (Latin American and [&hellip;]\" \/>\n<meta property=\"og:url\" content=\"https:\/\/www.latitude-15.com\/fr\/bresil-argentine-et-panama-le-nouveau-triangle-de-puissance-de-laviation-en-amerique-latine-et-dans-les-caraibes\/\" \/>\n<meta property=\"og:site_name\" content=\"LATITUDE 15\" \/>\n<meta property=\"article:published_time\" content=\"2026-02-18T14:29:29+00:00\" \/>\n<meta property=\"article:modified_time\" content=\"2026-02-19T10:24:29+00:00\" \/>\n<meta property=\"og:image\" content=\"https:\/\/www.latitude-15.com\/wp-content\/uploads\/2026\/02\/41728.jpg\" \/>\n\t<meta property=\"og:image:width\" content=\"1000\" \/>\n\t<meta property=\"og:image:height\" content=\"663\" \/>\n\t<meta property=\"og:image:type\" content=\"image\/jpeg\" \/>\n<meta name=\"author\" content=\"Joda J\" \/>\n<meta name=\"twitter:card\" content=\"summary_large_image\" \/>\n<meta name=\"twitter:label1\" content=\"\u00c9crit par\" \/>\n\t<meta name=\"twitter:data1\" content=\"Joda J\" \/>\n\t<meta name=\"twitter:label2\" content=\"Dur\u00e9e de lecture estim\u00e9e\" \/>\n\t<meta name=\"twitter:data2\" content=\"6 minutes\" \/>\n<script type=\"application\/ld+json\" class=\"yoast-schema-graph\">{\"@context\":\"https:\/\/schema.org\",\"@graph\":[{\"@type\":\"Article\",\"@id\":\"https:\/\/www.latitude-15.com\/fr\/bresil-argentine-et-panama-le-nouveau-triangle-de-puissance-de-laviation-en-amerique-latine-et-dans-les-caraibes\/#article\",\"isPartOf\":{\"@id\":\"https:\/\/www.latitude-15.com\/fr\/bresil-argentine-et-panama-le-nouveau-triangle-de-puissance-de-laviation-en-amerique-latine-et-dans-les-caraibes\/\"},\"author\":{\"name\":\"Joda J\",\"@id\":\"https:\/\/www.latitude-15.com\/fr\/#\/schema\/person\/dac52e7ff44c78317f337da112e37252\"},\"headline\":\"Br\u00e9sil, Argentine et Panama : le nouveau triangle de puissance de l\u2019aviation en Am\u00e9rique latine et dans les Cara\u00efbes\",\"datePublished\":\"2026-02-18T14:29:29+00:00\",\"dateModified\":\"2026-02-19T10:24:29+00:00\",\"mainEntityOfPage\":{\"@id\":\"https:\/\/www.latitude-15.com\/fr\/bresil-argentine-et-panama-le-nouveau-triangle-de-puissance-de-laviation-en-amerique-latine-et-dans-les-caraibes\/\"},\"wordCount\":1225,\"commentCount\":0,\"publisher\":{\"@id\":\"https:\/\/www.latitude-15.com\/fr\/#organization\"},\"image\":{\"@id\":\"https:\/\/www.latitude-15.com\/fr\/bresil-argentine-et-panama-le-nouveau-triangle-de-puissance-de-laviation-en-amerique-latine-et-dans-les-caraibes\/#primaryimage\"},\"thumbnailUrl\":\"https:\/\/www.latitude-15.com\/wp-content\/uploads\/2026\/02\/pax-dic-EN-1024x503.png\",\"articleSection\":[\"AVIATION\",\"Connectivit\u00e9 a\u00e9rienne et Attractivit\u00e9 territoriale\"],\"inLanguage\":\"fr-FR\",\"potentialAction\":[{\"@type\":\"CommentAction\",\"name\":\"Comment\",\"target\":[\"https:\/\/www.latitude-15.com\/fr\/bresil-argentine-et-panama-le-nouveau-triangle-de-puissance-de-laviation-en-amerique-latine-et-dans-les-caraibes\/#respond\"]}]},{\"@type\":\"WebPage\",\"@id\":\"https:\/\/www.latitude-15.com\/fr\/bresil-argentine-et-panama-le-nouveau-triangle-de-puissance-de-laviation-en-amerique-latine-et-dans-les-caraibes\/\",\"url\":\"https:\/\/www.latitude-15.com\/fr\/bresil-argentine-et-panama-le-nouveau-triangle-de-puissance-de-laviation-en-amerique-latine-et-dans-les-caraibes\/\",\"name\":\"Br\u00e9sil, Argentine et Panama : le nouveau triangle de puissance de l\u2019aviation en Am\u00e9rique latine et dans les Cara\u00efbes - LATITUDE 15\",\"isPartOf\":{\"@id\":\"https:\/\/www.latitude-15.com\/fr\/#website\"},\"primaryImageOfPage\":{\"@id\":\"https:\/\/www.latitude-15.com\/fr\/bresil-argentine-et-panama-le-nouveau-triangle-de-puissance-de-laviation-en-amerique-latine-et-dans-les-caraibes\/#primaryimage\"},\"image\":{\"@id\":\"https:\/\/www.latitude-15.com\/fr\/bresil-argentine-et-panama-le-nouveau-triangle-de-puissance-de-laviation-en-amerique-latine-et-dans-les-caraibes\/#primaryimage\"},\"thumbnailUrl\":\"https:\/\/www.latitude-15.com\/wp-content\/uploads\/2026\/02\/pax-dic-EN-1024x503.png\",\"datePublished\":\"2026-02-18T14:29:29+00:00\",\"dateModified\":\"2026-02-19T10:24:29+00:00\",\"breadcrumb\":{\"@id\":\"https:\/\/www.latitude-15.com\/fr\/bresil-argentine-et-panama-le-nouveau-triangle-de-puissance-de-laviation-en-amerique-latine-et-dans-les-caraibes\/#breadcrumb\"},\"inLanguage\":\"fr-FR\",\"potentialAction\":[{\"@type\":\"ReadAction\",\"target\":[\"https:\/\/www.latitude-15.com\/fr\/bresil-argentine-et-panama-le-nouveau-triangle-de-puissance-de-laviation-en-amerique-latine-et-dans-les-caraibes\/\"]}]},{\"@type\":\"ImageObject\",\"inLanguage\":\"fr-FR\",\"@id\":\"https:\/\/www.latitude-15.com\/fr\/bresil-argentine-et-panama-le-nouveau-triangle-de-puissance-de-laviation-en-amerique-latine-et-dans-les-caraibes\/#primaryimage\",\"url\":\"https:\/\/www.latitude-15.com\/wp-content\/uploads\/2026\/02\/pax-dic-EN-1024x503.png\",\"contentUrl\":\"https:\/\/www.latitude-15.com\/wp-content\/uploads\/2026\/02\/pax-dic-EN-1024x503.png\"},{\"@type\":\"BreadcrumbList\",\"@id\":\"https:\/\/www.latitude-15.com\/fr\/bresil-argentine-et-panama-le-nouveau-triangle-de-puissance-de-laviation-en-amerique-latine-et-dans-les-caraibes\/#breadcrumb\",\"itemListElement\":[{\"@type\":\"ListItem\",\"position\":1,\"name\":\"Home\",\"item\":\"https:\/\/www.latitude-15.com\/fr\/accueil\/\"},{\"@type\":\"ListItem\",\"position\":2,\"name\":\"Br\u00e9sil, Argentine et Panama : le nouveau triangle de puissance de l\u2019aviation en Am\u00e9rique latine et dans les Cara\u00efbes\"}]},{\"@type\":\"WebSite\",\"@id\":\"https:\/\/www.latitude-15.com\/fr\/#website\",\"url\":\"https:\/\/www.latitude-15.com\/fr\/\",\"name\":\"LATITUDE 15\",\"description\":\"Aviation and maritime Magazine - Caribbean &amp; Latin America\",\"publisher\":{\"@id\":\"https:\/\/www.latitude-15.com\/fr\/#organization\"},\"potentialAction\":[{\"@type\":\"SearchAction\",\"target\":{\"@type\":\"EntryPoint\",\"urlTemplate\":\"https:\/\/www.latitude-15.com\/fr\/?s={search_term_string}\"},\"query-input\":{\"@type\":\"PropertyValueSpecification\",\"valueRequired\":true,\"valueName\":\"search_term_string\"}}],\"inLanguage\":\"fr-FR\"},{\"@type\":\"Organization\",\"@id\":\"https:\/\/www.latitude-15.com\/fr\/#organization\",\"name\":\"LATITUDE 15\",\"url\":\"https:\/\/www.latitude-15.com\/fr\/\",\"logo\":{\"@type\":\"ImageObject\",\"inLanguage\":\"fr-FR\",\"@id\":\"https:\/\/www.latitude-15.com\/fr\/#\/schema\/logo\/image\/\",\"url\":\"https:\/\/www.latitude-15.com\/wp-content\/uploads\/2026\/01\/cropped-logox500px.png\",\"contentUrl\":\"https:\/\/www.latitude-15.com\/wp-content\/uploads\/2026\/01\/cropped-logox500px.png\",\"width\":62,\"height\":75,\"caption\":\"LATITUDE 15\"},\"image\":{\"@id\":\"https:\/\/www.latitude-15.com\/fr\/#\/schema\/logo\/image\/\"}},{\"@type\":\"Person\",\"@id\":\"https:\/\/www.latitude-15.com\/fr\/#\/schema\/person\/dac52e7ff44c78317f337da112e37252\",\"name\":\"Joda J\",\"image\":{\"@type\":\"ImageObject\",\"inLanguage\":\"fr-FR\",\"@id\":\"https:\/\/www.latitude-15.com\/fr\/#\/schema\/person\/image\/\",\"url\":\"https:\/\/secure.gravatar.com\/avatar\/6b1feae555e15404b76616f92d931d12b25ac58024f14ccb43d9d3c012e4c4cf?s=96&d=mm&r=g\",\"contentUrl\":\"https:\/\/secure.gravatar.com\/avatar\/6b1feae555e15404b76616f92d931d12b25ac58024f14ccb43d9d3c012e4c4cf?s=96&d=mm&r=g\",\"caption\":\"Joda J\"},\"url\":\"https:\/\/www.latitude-15.com\/fr\/author\/joda\/\"}]}<\/script>\n<!-- \/ Yoast SEO plugin. -->","yoast_head_json":{"title":"Br\u00e9sil, Argentine et Panama : le nouveau triangle de puissance de l\u2019aviation en Am\u00e9rique latine et dans les Cara\u00efbes - LATITUDE 15","robots":{"index":"index","follow":"follow","max-snippet":"max-snippet:-1","max-image-preview":"max-image-preview:large","max-video-preview":"max-video-preview:-1"},"canonical":"https:\/\/www.latitude-15.com\/fr\/bresil-argentine-et-panama-le-nouveau-triangle-de-puissance-de-laviation-en-amerique-latine-et-dans-les-caraibes\/","og_locale":"fr_FR","og_type":"article","og_title":"Br\u00e9sil, Argentine et Panama : le nouveau triangle de puissance de l\u2019aviation en Am\u00e9rique latine et dans les Cara\u00efbes - LATITUDE 15","og_description":"L\u2019Am\u00e9rique latine et les Cara\u00efbes ont cl\u00f4tur\u00e9 l\u2019ann\u00e9e 2025 avec 477,3 millions de passagers, soit une hausse de 3,8 % sur un an et 17,5 millions de voyageurs suppl\u00e9mentaires par rapport \u00e0 2024. \u00c0 premi\u00e8re vue, ce chiffre traduit une consolidation progressive plut\u00f4t qu\u2019une expansion spectaculaire. Pourtant, les donn\u00e9es publi\u00e9es par l\u2019ALTA (Latin American and [&hellip;]","og_url":"https:\/\/www.latitude-15.com\/fr\/bresil-argentine-et-panama-le-nouveau-triangle-de-puissance-de-laviation-en-amerique-latine-et-dans-les-caraibes\/","og_site_name":"LATITUDE 15","article_published_time":"2026-02-18T14:29:29+00:00","article_modified_time":"2026-02-19T10:24:29+00:00","og_image":[{"width":1000,"height":663,"url":"https:\/\/www.latitude-15.com\/wp-content\/uploads\/2026\/02\/41728.jpg","type":"image\/jpeg"}],"author":"Joda J","twitter_card":"summary_large_image","twitter_misc":{"\u00c9crit par":"Joda J","Dur\u00e9e de lecture estim\u00e9e":"6 minutes"},"schema":{"@context":"https:\/\/schema.org","@graph":[{"@type":"Article","@id":"https:\/\/www.latitude-15.com\/fr\/bresil-argentine-et-panama-le-nouveau-triangle-de-puissance-de-laviation-en-amerique-latine-et-dans-les-caraibes\/#article","isPartOf":{"@id":"https:\/\/www.latitude-15.com\/fr\/bresil-argentine-et-panama-le-nouveau-triangle-de-puissance-de-laviation-en-amerique-latine-et-dans-les-caraibes\/"},"author":{"name":"Joda J","@id":"https:\/\/www.latitude-15.com\/fr\/#\/schema\/person\/dac52e7ff44c78317f337da112e37252"},"headline":"Br\u00e9sil, Argentine et Panama : le nouveau triangle de puissance de l\u2019aviation en Am\u00e9rique latine et dans les Cara\u00efbes","datePublished":"2026-02-18T14:29:29+00:00","dateModified":"2026-02-19T10:24:29+00:00","mainEntityOfPage":{"@id":"https:\/\/www.latitude-15.com\/fr\/bresil-argentine-et-panama-le-nouveau-triangle-de-puissance-de-laviation-en-amerique-latine-et-dans-les-caraibes\/"},"wordCount":1225,"commentCount":0,"publisher":{"@id":"https:\/\/www.latitude-15.com\/fr\/#organization"},"image":{"@id":"https:\/\/www.latitude-15.com\/fr\/bresil-argentine-et-panama-le-nouveau-triangle-de-puissance-de-laviation-en-amerique-latine-et-dans-les-caraibes\/#primaryimage"},"thumbnailUrl":"https:\/\/www.latitude-15.com\/wp-content\/uploads\/2026\/02\/pax-dic-EN-1024x503.png","articleSection":["AVIATION","Connectivit\u00e9 a\u00e9rienne et Attractivit\u00e9 territoriale"],"inLanguage":"fr-FR","potentialAction":[{"@type":"CommentAction","name":"Comment","target":["https:\/\/www.latitude-15.com\/fr\/bresil-argentine-et-panama-le-nouveau-triangle-de-puissance-de-laviation-en-amerique-latine-et-dans-les-caraibes\/#respond"]}]},{"@type":"WebPage","@id":"https:\/\/www.latitude-15.com\/fr\/bresil-argentine-et-panama-le-nouveau-triangle-de-puissance-de-laviation-en-amerique-latine-et-dans-les-caraibes\/","url":"https:\/\/www.latitude-15.com\/fr\/bresil-argentine-et-panama-le-nouveau-triangle-de-puissance-de-laviation-en-amerique-latine-et-dans-les-caraibes\/","name":"Br\u00e9sil, Argentine et Panama : le nouveau triangle de puissance de l\u2019aviation en Am\u00e9rique latine et dans les Cara\u00efbes - LATITUDE 15","isPartOf":{"@id":"https:\/\/www.latitude-15.com\/fr\/#website"},"primaryImageOfPage":{"@id":"https:\/\/www.latitude-15.com\/fr\/bresil-argentine-et-panama-le-nouveau-triangle-de-puissance-de-laviation-en-amerique-latine-et-dans-les-caraibes\/#primaryimage"},"image":{"@id":"https:\/\/www.latitude-15.com\/fr\/bresil-argentine-et-panama-le-nouveau-triangle-de-puissance-de-laviation-en-amerique-latine-et-dans-les-caraibes\/#primaryimage"},"thumbnailUrl":"https:\/\/www.latitude-15.com\/wp-content\/uploads\/2026\/02\/pax-dic-EN-1024x503.png","datePublished":"2026-02-18T14:29:29+00:00","dateModified":"2026-02-19T10:24:29+00:00","breadcrumb":{"@id":"https:\/\/www.latitude-15.com\/fr\/bresil-argentine-et-panama-le-nouveau-triangle-de-puissance-de-laviation-en-amerique-latine-et-dans-les-caraibes\/#breadcrumb"},"inLanguage":"fr-FR","potentialAction":[{"@type":"ReadAction","target":["https:\/\/www.latitude-15.com\/fr\/bresil-argentine-et-panama-le-nouveau-triangle-de-puissance-de-laviation-en-amerique-latine-et-dans-les-caraibes\/"]}]},{"@type":"ImageObject","inLanguage":"fr-FR","@id":"https:\/\/www.latitude-15.com\/fr\/bresil-argentine-et-panama-le-nouveau-triangle-de-puissance-de-laviation-en-amerique-latine-et-dans-les-caraibes\/#primaryimage","url":"https:\/\/www.latitude-15.com\/wp-content\/uploads\/2026\/02\/pax-dic-EN-1024x503.png","contentUrl":"https:\/\/www.latitude-15.com\/wp-content\/uploads\/2026\/02\/pax-dic-EN-1024x503.png"},{"@type":"BreadcrumbList","@id":"https:\/\/www.latitude-15.com\/fr\/bresil-argentine-et-panama-le-nouveau-triangle-de-puissance-de-laviation-en-amerique-latine-et-dans-les-caraibes\/#breadcrumb","itemListElement":[{"@type":"ListItem","position":1,"name":"Home","item":"https:\/\/www.latitude-15.com\/fr\/accueil\/"},{"@type":"ListItem","position":2,"name":"Br\u00e9sil, Argentine et Panama : le nouveau triangle de puissance de l\u2019aviation en Am\u00e9rique latine et dans les Cara\u00efbes"}]},{"@type":"WebSite","@id":"https:\/\/www.latitude-15.com\/fr\/#website","url":"https:\/\/www.latitude-15.com\/fr\/","name":"LATITUDE 15","description":"Aviation and maritime Magazine - Caribbean &amp; Latin America","publisher":{"@id":"https:\/\/www.latitude-15.com\/fr\/#organization"},"potentialAction":[{"@type":"SearchAction","target":{"@type":"EntryPoint","urlTemplate":"https:\/\/www.latitude-15.com\/fr\/?s={search_term_string}"},"query-input":{"@type":"PropertyValueSpecification","valueRequired":true,"valueName":"search_term_string"}}],"inLanguage":"fr-FR"},{"@type":"Organization","@id":"https:\/\/www.latitude-15.com\/fr\/#organization","name":"LATITUDE 15","url":"https:\/\/www.latitude-15.com\/fr\/","logo":{"@type":"ImageObject","inLanguage":"fr-FR","@id":"https:\/\/www.latitude-15.com\/fr\/#\/schema\/logo\/image\/","url":"https:\/\/www.latitude-15.com\/wp-content\/uploads\/2026\/01\/cropped-logox500px.png","contentUrl":"https:\/\/www.latitude-15.com\/wp-content\/uploads\/2026\/01\/cropped-logox500px.png","width":62,"height":75,"caption":"LATITUDE 15"},"image":{"@id":"https:\/\/www.latitude-15.com\/fr\/#\/schema\/logo\/image\/"}},{"@type":"Person","@id":"https:\/\/www.latitude-15.com\/fr\/#\/schema\/person\/dac52e7ff44c78317f337da112e37252","name":"Joda J","image":{"@type":"ImageObject","inLanguage":"fr-FR","@id":"https:\/\/www.latitude-15.com\/fr\/#\/schema\/person\/image\/","url":"https:\/\/secure.gravatar.com\/avatar\/6b1feae555e15404b76616f92d931d12b25ac58024f14ccb43d9d3c012e4c4cf?s=96&d=mm&r=g","contentUrl":"https:\/\/secure.gravatar.com\/avatar\/6b1feae555e15404b76616f92d931d12b25ac58024f14ccb43d9d3c012e4c4cf?s=96&d=mm&r=g","caption":"Joda J"},"url":"https:\/\/www.latitude-15.com\/fr\/author\/joda\/"}]}},"_links":{"self":[{"href":"https:\/\/www.latitude-15.com\/fr\/wp-json\/wp\/v2\/posts\/20768","targetHints":{"allow":["GET"]}}],"collection":[{"href":"https:\/\/www.latitude-15.com\/fr\/wp-json\/wp\/v2\/posts"}],"about":[{"href":"https:\/\/www.latitude-15.com\/fr\/wp-json\/wp\/v2\/types\/post"}],"author":[{"embeddable":true,"href":"https:\/\/www.latitude-15.com\/fr\/wp-json\/wp\/v2\/users\/5"}],"replies":[{"embeddable":true,"href":"https:\/\/www.latitude-15.com\/fr\/wp-json\/wp\/v2\/comments?post=20768"}],"version-history":[{"count":1,"href":"https:\/\/www.latitude-15.com\/fr\/wp-json\/wp\/v2\/posts\/20768\/revisions"}],"predecessor-version":[{"id":20769,"href":"https:\/\/www.latitude-15.com\/fr\/wp-json\/wp\/v2\/posts\/20768\/revisions\/20769"}],"wp:attachment":[{"href":"https:\/\/www.latitude-15.com\/fr\/wp-json\/wp\/v2\/media?parent=20768"}],"wp:term":[{"taxonomy":"category","embeddable":true,"href":"https:\/\/www.latitude-15.com\/fr\/wp-json\/wp\/v2\/categories?post=20768"},{"taxonomy":"post_tag","embeddable":true,"href":"https:\/\/www.latitude-15.com\/fr\/wp-json\/wp\/v2\/tags?post=20768"}],"curies":[{"name":"wp","href":"https:\/\/api.w.org\/{rel}","templated":true}]}}