{"id":20758,"date":"2026-02-18T12:25:42","date_gmt":"2026-02-18T16:25:42","guid":{"rendered":"https:\/\/www.latitude-15.com\/recalibrage-strategique-la-martinique-engage-1688-me-pour-son-cap-portuaire-a-lhorizon-2029strategic-recalibration-martinique-sets-e168-8m-port-course-through-2029\/"},"modified":"2026-02-19T09:28:26","modified_gmt":"2026-02-19T13:28:26","slug":"recalibrage-strategique-la-martinique-engage-1688-me-pour-son-cap-portuaire-a-lhorizon-2029strategic-recalibration-martinique-sets-e168-8m-port-course-through-2029","status":"publish","type":"post","link":"https:\/\/www.latitude-15.com\/fr\/recalibrage-strategique-la-martinique-engage-1688-me-pour-son-cap-portuaire-a-lhorizon-2029strategic-recalibration-martinique-sets-e168-8m-port-course-through-2029\/","title":{"rendered":"Recalibrage strat\u00e9gique : la Martinique engage 168,8 M\u20ac pour son cap portuaire \u00e0 l\u2019horizon 2029Strategic recalibration: Martinique sets \u20ac168.8m port course through 2029"},"content":{"rendered":"\n<p>Le Grand Port Maritime de la Martinique (GPMLM) a ouvert la consultation publique relative \u00e0 son Projet Strat\u00e9gique 2025\u20132029, qui d\u00e9finit un cadre d\u2019investissement sur cinq ans destin\u00e9 \u00e0 consolider la position de l\u2019\u00eele au sein du corridor maritime Antilles\u2013Guyane.<\/p>\n\n<p>La feuille de route confirme une enveloppe pr\u00e9visionnelle de 168,8 millions d\u2019euros sur la p\u00e9riode, dont 100 millions d\u2019euros sp\u00e9cifiquement consacr\u00e9s \u00e0 la consolidation de l\u2019Antilles Hub.<\/p>\n\n<p>Au-del\u00e0 des exigences r\u00e9glementaires, ce document traduit un repositionnement structurel : la Martinique entend s\u00e9curiser et moderniser son syst\u00e8me portuaire tout en renfor\u00e7ant son empreinte logistique dans la Cara\u00efbe orientale.<\/p>\n\n<h2 class=\"wp-block-heading\">Consolider l\u2019Antilles\u2013Guyane Hub<\/h2>\n\n<p>Au c\u0153ur de la strat\u00e9gie figure la consolidation de la fonction hub de la Martinique. L\u2019allocation de 100 millions d\u2019euros d\u00e9di\u00e9e \u00e0 l\u2019Antilles Hub refl\u00e8te la volont\u00e9 de pr\u00e9server la comp\u00e9titivit\u00e9 op\u00e9rationnelle et la connectivit\u00e9 r\u00e9gionale. <\/p>\n\n<p>Le plan met en avant une architecture logistique territoriale souvent qualifi\u00e9e de \u00ab triangle de croissance \u00bb, articul\u00e9e autour de Fort-de-France, de la zone d\u2019am\u00e9nagement du Pays Noy\u00e9 (70 hectares) et du port du Robert. Plut\u00f4t que de concentrer les flux exclusivement dans la capitale, le mod\u00e8le vise \u00e0 r\u00e9partir les capacit\u00e9s et les fonctions entre des sites compl\u00e9mentaires. <\/p>\n\n<p>Le Robert est pr\u00e9sent\u00e9 comme une future plateforme multimodale capable d\u2019accueillir des navires jusqu\u2019\u00e0 110 m\u00e8tres de long, avec un tirant d\u2019eau de 5 m\u00e8tres et des capacit\u00e9s de traitement comprises entre 3 000 et 4 000 tonnes. Cette orientation sugg\u00e8re une mont\u00e9e en puissance calibr\u00e9e, davantage tourn\u00e9e vers le cabotage r\u00e9gional et la diversification des flux que vers le transbordement de grande \u00e9chelle. <\/p>\n\n<p>La logique structurelle est claire : renforcer la r\u00e9silience op\u00e9rationnelle en \u00e9vitant une d\u00e9pendance \u00e0 un site unique, favoriser la sp\u00e9cialisation des terminaux et consolider l\u2019int\u00e9gration de la Martinique dans les r\u00e9seaux maritimes intra-carib\u00e9ens.<\/p>\n\n<h2 class=\"wp-block-heading\">R\u00e9ing\u00e9nierie logistique et optimisation du dernier kilom\u00e8tre<\/h2>\n\n<p>La feuille de route 2025\u20132029 d\u00e9passe le seul p\u00e9rim\u00e8tre des infrastructures de quai. Elle traduit un repositionnement plus global vers l\u2019optimisation des cha\u00eenes logistiques. <\/p>\n\n<p>La strat\u00e9gie introduit la notion de <em><strong>\u00ab ports secs \u00bb<\/strong><\/em>, plateformes logistiques int\u00e9rieures destin\u00e9es \u00e0 fluidifier la distribution des marchandises et \u00e0 r\u00e9duire la congestion dans les zones portuaires centrales. Ces plateformes faciliteraient les op\u00e9rations douani\u00e8res, la consolidation et la redistribution des flux, afin de r\u00e9pondre \u00e0 la fragmentation actuelle de l\u2019\u00e9cosyst\u00e8me logistique local. <\/p>\n\n<p>L\u2019optimisation du dernier kilom\u00e8tre fait \u00e9galement partie des axes de r\u00e9flexion. Le document \u00e9voque des strat\u00e9gies de co-chargement et explore des solutions innovantes telles que l\u2019usage de drones pour les transports de courte distance. Si ces pistes restent prospectives, elles traduisent une \u00e9volution du r\u00f4le du GPMLM : au-del\u00e0 de la gestion d\u2019infrastructures, l\u2019autorit\u00e9 portuaire se positionne comme orchestrateur logistique.  <\/p>\n\n<p>Dans un territoire marqu\u00e9 par une forte densit\u00e9 c\u00f4ti\u00e8re et une concentration des trafics autour de Fort-de-France, la rationalisation des flux terrestres pourrait s\u2019av\u00e9rer aussi d\u00e9terminante que l\u2019augmentation des capacit\u00e9s maritimes.<\/p>\n\n<h2 class=\"wp-block-heading\">Adaptation climatique et int\u00e9gration environnementale comme axes structurants<\/h2>\n\n<p>La r\u00e9silience environnementale est int\u00e9gr\u00e9e \u00e0 l\u2019architecture financi\u00e8re du projet. Le plan pr\u00e9voit 8,544 millions d\u2019euros pour un programme d\u00e9di\u00e9 \u00e0 l\u2019adaptation climatique, ciblant les risques de submersion, les \u00e9v\u00e9nements m\u00e9t\u00e9orologiques extr\u00eames et les pressions li\u00e9es \u00e0 l\u2019\u00e9l\u00e9vation des temp\u00e9ratures. <\/p>\n\n<p>Au-del\u00e0 du renforcement des infrastructures, la protection de la biodiversit\u00e9 fait l\u2019objet de lignes budg\u00e9taires sp\u00e9cifiques. Des cr\u00e9dits pluriannuels sont consacr\u00e9s au suivi des c\u00e9tac\u00e9s, aux initiatives en faveur des r\u00e9cifs coralliens et \u00e0 la gestion des \u00e9cosyst\u00e8mes. Ces engagements traduisent une approche mesurable et op\u00e9rationnelle des ambitions environnementales.  <\/p>\n\n<p>Les donn\u00e9es relatives \u00e0 la gestion des d\u00e9chets illustrent \u00e9galement cette \u00e9volution structurelle. Le port g\u00e9n\u00e8re actuellement environ deux tonnes de d\u00e9chets par semaine, majoritairement trait\u00e9es via un dispositif de tri s\u00e9lectif structur\u00e9 mis en place en 2024. La strat\u00e9gie pr\u00e9voit, \u00e0 partir de 2025, un renforcement des dispositifs de formation et de tra\u00e7abilit\u00e9.  <\/p>\n\n<p>L\u2019ensemble refl\u00e8te un mod\u00e8le de gouvernance de plus en plus pilot\u00e9 par des indicateurs et des m\u00e9canismes de suivi, en phase avec les exigences croissantes en mati\u00e8re d\u2019ESG dans le financement des infrastructures maritimes.<\/p>\n\n<h2 class=\"wp-block-heading\">Encadrement environnemental et contr\u00f4le institutionnel<\/h2>\n\n<p>Le projet strat\u00e9gique s\u2019accompagne d\u2019une \u00e9valuation environnementale formelle et d\u2019un avis de l\u2019Autorit\u00e9 environnementale r\u00e9gionale de Martinique.<\/p>\n\n<p>Cette derni\u00e8re identifie des enjeux majeurs li\u00e9s \u00e0 la pr\u00e9servation de la biodiversit\u00e9, \u00e0 la gestion des ressources naturelles, \u00e0 la sant\u00e9 publique et au changement climatique. Sans remettre en cause l\u2019orientation strat\u00e9gique globale, elle recommande un renforcement des \u00e9tats initiaux environnementaux, des dispositifs de suivi et de la d\u00e9finition des indicateurs de performance. <\/p>\n\n<p>Ce niveau d\u2019examen institutionnel conf\u00e8re une cr\u00e9dibilit\u00e9 suppl\u00e9mentaire au projet et souligne que l\u2019int\u00e9gration environnementale dans la planification portuaire est d\u00e9sormais pleinement encadr\u00e9e. <\/p>\n\n<h2 class=\"wp-block-heading\">Implications strat\u00e9giques pour la Cara\u00efbe orientale<\/h2>\n\n<p>Dans son ensemble, la feuille de route 2025\u20132029 traduit une ambition double : consolider le r\u00f4le de hub de la Martinique dans le corridor Antilles\u2013Guyane tout en int\u00e9grant la r\u00e9silience et la gouvernance environnementale dans l\u2019expansion portuaire.<\/p>\n\n<p>Si l\u2019enveloppe d\u2019investissement demeure mod\u00e9r\u00e9e \u00e0 l\u2019\u00e9chelle mondiale, elle est significative dans le contexte de la Cara\u00efbe orientale. La diversification des sites, le d\u00e9veloppement d\u2019interfaces multimodales et l\u2019optimisation logistique terrestre t\u00e9moignent d\u2019une volont\u00e9 de recalibrage strat\u00e9gique. <\/p>\n\n<p>\u00c0 mesure que les flux maritimes carib\u00e9ens \u00e9voluent sous l\u2019effet des transformations commerciales, des transitions \u00e9nerg\u00e9tiques et des contraintes climatiques, la strat\u00e9gie martiniquaise ne vise pas seulement \u00e0 maintenir les capacit\u00e9s existantes, mais \u00e0 red\u00e9finir l\u2019architecture op\u00e9rationnelle.<\/p>\n\n<p>Les cinq prochaines ann\u00e9es permettront de mesurer si cette approche int\u00e9gr\u00e9e se traduit par un renforcement tangible de la comp\u00e9titivit\u00e9 de la Martinique au sein du paysage maritime de la Cara\u00efbe orientale.<\/p>\n","protected":false},"excerpt":{"rendered":"<p>Le Grand Port Maritime de la Martinique (GPMLM) a ouvert la consultation publique relative \u00e0 son Projet Strat\u00e9gique 2025\u20132029, qui d\u00e9finit un cadre d\u2019investissement sur cinq ans destin\u00e9 \u00e0 consolider la position de l\u2019\u00eele au sein du corridor maritime Antilles\u2013Guyane. La feuille de route confirme une enveloppe pr\u00e9visionnelle de 168,8 millions d\u2019euros sur la p\u00e9riode, [&hellip;]<\/p>\n","protected":false},"author":5,"featured_media":20757,"comment_status":"open","ping_status":"open","sticky":false,"template":"","format":"standard","meta":{"footnotes":""},"categories":[118,136],"tags":[],"class_list":["post-20758","post","type-post","status-publish","format-standard","has-post-thumbnail","hentry","category-maritime-fr","category-ports-et-logistique"],"yoast_head":"<!-- This site is optimized with the Yoast SEO plugin v26.9 - https:\/\/yoast.com\/product\/yoast-seo-wordpress\/ -->\n<title>Strat\u00e9gie portuaire de la Martinique 2025\u20132029 : un plan Hub de 168,8 M\u20ac<\/title>\n<meta name=\"description\" content=\"La Martinique d\u00e9voile une strat\u00e9gie portuaire de 168,8 M\u20ac \u00e0 l\u2019horizon 2029 afin de consolider son hub Antilles\u2013Guyane, d\u00e9velopper la logistique multimodale et renforcer sa r\u00e9silience climatique.\" \/>\n<meta name=\"robots\" content=\"index, follow, max-snippet:-1, max-image-preview:large, max-video-preview:-1\" \/>\n<link rel=\"canonical\" href=\"https:\/\/www.latitude-15.com\/fr\/recalibrage-strategique-la-martinique-engage-1688-me-pour-son-cap-portuaire-a-lhorizon-2029strategic-recalibration-martinique-sets-e168-8m-port-course-through-2029\/\" \/>\n<meta property=\"og:locale\" content=\"fr_FR\" \/>\n<meta property=\"og:type\" content=\"article\" \/>\n<meta property=\"og:title\" content=\"Strat\u00e9gie portuaire de la Martinique 2025\u20132029 : un plan Hub de 168,8 M\u20ac\" \/>\n<meta property=\"og:description\" content=\"La Martinique d\u00e9voile une strat\u00e9gie portuaire de 168,8 M\u20ac \u00e0 l\u2019horizon 2029 afin de consolider son hub Antilles\u2013Guyane, d\u00e9velopper la logistique multimodale et renforcer sa r\u00e9silience climatique.\" \/>\n<meta property=\"og:url\" content=\"https:\/\/www.latitude-15.com\/fr\/recalibrage-strategique-la-martinique-engage-1688-me-pour-son-cap-portuaire-a-lhorizon-2029strategic-recalibration-martinique-sets-e168-8m-port-course-through-2029\/\" \/>\n<meta property=\"og:site_name\" content=\"LATITUDE 15\" \/>\n<meta property=\"article:published_time\" content=\"2026-02-18T16:25:42+00:00\" \/>\n<meta property=\"article:modified_time\" content=\"2026-02-19T13:28:26+00:00\" \/>\n<meta property=\"og:image\" content=\"https:\/\/www.latitude-15.com\/wp-content\/uploads\/2026\/02\/hydrobase-scaled.jpg\" \/>\n\t<meta property=\"og:image:width\" content=\"2560\" \/>\n\t<meta property=\"og:image:height\" content=\"1316\" \/>\n\t<meta property=\"og:image:type\" content=\"image\/jpeg\" \/>\n<meta name=\"author\" content=\"Joda J\" \/>\n<meta name=\"twitter:card\" content=\"summary_large_image\" \/>\n<meta name=\"twitter:label1\" content=\"\u00c9crit par\" \/>\n\t<meta name=\"twitter:data1\" content=\"Joda J\" \/>\n\t<meta name=\"twitter:label2\" content=\"Dur\u00e9e de lecture estim\u00e9e\" \/>\n\t<meta name=\"twitter:data2\" content=\"5 minutes\" \/>\n<script type=\"application\/ld+json\" class=\"yoast-schema-graph\">{\"@context\":\"https:\/\/schema.org\",\"@graph\":[{\"@type\":\"Article\",\"@id\":\"https:\/\/www.latitude-15.com\/fr\/recalibrage-strategique-la-martinique-engage-1688-me-pour-son-cap-portuaire-a-lhorizon-2029strategic-recalibration-martinique-sets-e168-8m-port-course-through-2029\/#article\",\"isPartOf\":{\"@id\":\"https:\/\/www.latitude-15.com\/fr\/recalibrage-strategique-la-martinique-engage-1688-me-pour-son-cap-portuaire-a-lhorizon-2029strategic-recalibration-martinique-sets-e168-8m-port-course-through-2029\/\"},\"author\":{\"name\":\"Joda J\",\"@id\":\"https:\/\/www.latitude-15.com\/fr\/#\/schema\/person\/dac52e7ff44c78317f337da112e37252\"},\"headline\":\"Recalibrage strat\u00e9gique : la Martinique engage 168,8 M\u20ac pour son cap portuaire \u00e0 l\u2019horizon 2029Strategic recalibration: Martinique sets \u20ac168.8m port course through 2029\",\"datePublished\":\"2026-02-18T16:25:42+00:00\",\"dateModified\":\"2026-02-19T13:28:26+00:00\",\"mainEntityOfPage\":{\"@id\":\"https:\/\/www.latitude-15.com\/fr\/recalibrage-strategique-la-martinique-engage-1688-me-pour-son-cap-portuaire-a-lhorizon-2029strategic-recalibration-martinique-sets-e168-8m-port-course-through-2029\/\"},\"wordCount\":1064,\"commentCount\":0,\"publisher\":{\"@id\":\"https:\/\/www.latitude-15.com\/fr\/#organization\"},\"image\":{\"@id\":\"https:\/\/www.latitude-15.com\/fr\/recalibrage-strategique-la-martinique-engage-1688-me-pour-son-cap-portuaire-a-lhorizon-2029strategic-recalibration-martinique-sets-e168-8m-port-course-through-2029\/#primaryimage\"},\"thumbnailUrl\":\"https:\/\/www.latitude-15.com\/wp-content\/uploads\/2026\/02\/hydrobase-scaled.jpg\",\"articleSection\":[\"MARITIME\",\"Ports et logistique\"],\"inLanguage\":\"fr-FR\",\"potentialAction\":[{\"@type\":\"CommentAction\",\"name\":\"Comment\",\"target\":[\"https:\/\/www.latitude-15.com\/fr\/recalibrage-strategique-la-martinique-engage-1688-me-pour-son-cap-portuaire-a-lhorizon-2029strategic-recalibration-martinique-sets-e168-8m-port-course-through-2029\/#respond\"]}]},{\"@type\":\"WebPage\",\"@id\":\"https:\/\/www.latitude-15.com\/fr\/recalibrage-strategique-la-martinique-engage-1688-me-pour-son-cap-portuaire-a-lhorizon-2029strategic-recalibration-martinique-sets-e168-8m-port-course-through-2029\/\",\"url\":\"https:\/\/www.latitude-15.com\/fr\/recalibrage-strategique-la-martinique-engage-1688-me-pour-son-cap-portuaire-a-lhorizon-2029strategic-recalibration-martinique-sets-e168-8m-port-course-through-2029\/\",\"name\":\"Strat\u00e9gie portuaire de la Martinique 2025\u20132029 : un plan Hub de 168,8 M\u20ac\",\"isPartOf\":{\"@id\":\"https:\/\/www.latitude-15.com\/fr\/#website\"},\"primaryImageOfPage\":{\"@id\":\"https:\/\/www.latitude-15.com\/fr\/recalibrage-strategique-la-martinique-engage-1688-me-pour-son-cap-portuaire-a-lhorizon-2029strategic-recalibration-martinique-sets-e168-8m-port-course-through-2029\/#primaryimage\"},\"image\":{\"@id\":\"https:\/\/www.latitude-15.com\/fr\/recalibrage-strategique-la-martinique-engage-1688-me-pour-son-cap-portuaire-a-lhorizon-2029strategic-recalibration-martinique-sets-e168-8m-port-course-through-2029\/#primaryimage\"},\"thumbnailUrl\":\"https:\/\/www.latitude-15.com\/wp-content\/uploads\/2026\/02\/hydrobase-scaled.jpg\",\"datePublished\":\"2026-02-18T16:25:42+00:00\",\"dateModified\":\"2026-02-19T13:28:26+00:00\",\"description\":\"La Martinique d\u00e9voile une strat\u00e9gie portuaire de 168,8 M\u20ac \u00e0 l\u2019horizon 2029 afin de consolider son hub Antilles\u2013Guyane, d\u00e9velopper la logistique multimodale et renforcer sa r\u00e9silience climatique.\",\"breadcrumb\":{\"@id\":\"https:\/\/www.latitude-15.com\/fr\/recalibrage-strategique-la-martinique-engage-1688-me-pour-son-cap-portuaire-a-lhorizon-2029strategic-recalibration-martinique-sets-e168-8m-port-course-through-2029\/#breadcrumb\"},\"inLanguage\":\"fr-FR\",\"potentialAction\":[{\"@type\":\"ReadAction\",\"target\":[\"https:\/\/www.latitude-15.com\/fr\/recalibrage-strategique-la-martinique-engage-1688-me-pour-son-cap-portuaire-a-lhorizon-2029strategic-recalibration-martinique-sets-e168-8m-port-course-through-2029\/\"]}]},{\"@type\":\"ImageObject\",\"inLanguage\":\"fr-FR\",\"@id\":\"https:\/\/www.latitude-15.com\/fr\/recalibrage-strategique-la-martinique-engage-1688-me-pour-son-cap-portuaire-a-lhorizon-2029strategic-recalibration-martinique-sets-e168-8m-port-course-through-2029\/#primaryimage\",\"url\":\"https:\/\/www.latitude-15.com\/wp-content\/uploads\/2026\/02\/hydrobase-scaled.jpg\",\"contentUrl\":\"https:\/\/www.latitude-15.com\/wp-content\/uploads\/2026\/02\/hydrobase-scaled.jpg\",\"width\":2560,\"height\":1316,\"caption\":\"L\u2019Hydrobase, Eastern Section - (c)Grand Port Maritime de la Martinique\"},{\"@type\":\"BreadcrumbList\",\"@id\":\"https:\/\/www.latitude-15.com\/fr\/recalibrage-strategique-la-martinique-engage-1688-me-pour-son-cap-portuaire-a-lhorizon-2029strategic-recalibration-martinique-sets-e168-8m-port-course-through-2029\/#breadcrumb\",\"itemListElement\":[{\"@type\":\"ListItem\",\"position\":1,\"name\":\"Home\",\"item\":\"https:\/\/www.latitude-15.com\/fr\/accueil\/\"},{\"@type\":\"ListItem\",\"position\":2,\"name\":\"Recalibrage strat\u00e9gique : la Martinique engage 168,8 M\u20ac pour son cap portuaire \u00e0 l\u2019horizon 2029Strategic recalibration: Martinique sets \u20ac168.8m port course through 2029\"}]},{\"@type\":\"WebSite\",\"@id\":\"https:\/\/www.latitude-15.com\/fr\/#website\",\"url\":\"https:\/\/www.latitude-15.com\/fr\/\",\"name\":\"LATITUDE 15\",\"description\":\"Aviation and maritime Magazine - Caribbean &amp; Latin America\",\"publisher\":{\"@id\":\"https:\/\/www.latitude-15.com\/fr\/#organization\"},\"potentialAction\":[{\"@type\":\"SearchAction\",\"target\":{\"@type\":\"EntryPoint\",\"urlTemplate\":\"https:\/\/www.latitude-15.com\/fr\/?s={search_term_string}\"},\"query-input\":{\"@type\":\"PropertyValueSpecification\",\"valueRequired\":true,\"valueName\":\"search_term_string\"}}],\"inLanguage\":\"fr-FR\"},{\"@type\":\"Organization\",\"@id\":\"https:\/\/www.latitude-15.com\/fr\/#organization\",\"name\":\"LATITUDE 15\",\"url\":\"https:\/\/www.latitude-15.com\/fr\/\",\"logo\":{\"@type\":\"ImageObject\",\"inLanguage\":\"fr-FR\",\"@id\":\"https:\/\/www.latitude-15.com\/fr\/#\/schema\/logo\/image\/\",\"url\":\"https:\/\/www.latitude-15.com\/wp-content\/uploads\/2026\/01\/cropped-logox500px.png\",\"contentUrl\":\"https:\/\/www.latitude-15.com\/wp-content\/uploads\/2026\/01\/cropped-logox500px.png\",\"width\":62,\"height\":75,\"caption\":\"LATITUDE 15\"},\"image\":{\"@id\":\"https:\/\/www.latitude-15.com\/fr\/#\/schema\/logo\/image\/\"}},{\"@type\":\"Person\",\"@id\":\"https:\/\/www.latitude-15.com\/fr\/#\/schema\/person\/dac52e7ff44c78317f337da112e37252\",\"name\":\"Joda J\",\"image\":{\"@type\":\"ImageObject\",\"inLanguage\":\"fr-FR\",\"@id\":\"https:\/\/www.latitude-15.com\/fr\/#\/schema\/person\/image\/\",\"url\":\"https:\/\/secure.gravatar.com\/avatar\/6b1feae555e15404b76616f92d931d12b25ac58024f14ccb43d9d3c012e4c4cf?s=96&d=mm&r=g\",\"contentUrl\":\"https:\/\/secure.gravatar.com\/avatar\/6b1feae555e15404b76616f92d931d12b25ac58024f14ccb43d9d3c012e4c4cf?s=96&d=mm&r=g\",\"caption\":\"Joda J\"},\"url\":\"https:\/\/www.latitude-15.com\/fr\/author\/joda\/\"}]}<\/script>\n<!-- \/ Yoast SEO plugin. -->","yoast_head_json":{"title":"Strat\u00e9gie portuaire de la Martinique 2025\u20132029 : un plan Hub de 168,8 M\u20ac","description":"La Martinique d\u00e9voile une strat\u00e9gie portuaire de 168,8 M\u20ac \u00e0 l\u2019horizon 2029 afin de consolider son hub Antilles\u2013Guyane, d\u00e9velopper la logistique multimodale et renforcer sa r\u00e9silience climatique.","robots":{"index":"index","follow":"follow","max-snippet":"max-snippet:-1","max-image-preview":"max-image-preview:large","max-video-preview":"max-video-preview:-1"},"canonical":"https:\/\/www.latitude-15.com\/fr\/recalibrage-strategique-la-martinique-engage-1688-me-pour-son-cap-portuaire-a-lhorizon-2029strategic-recalibration-martinique-sets-e168-8m-port-course-through-2029\/","og_locale":"fr_FR","og_type":"article","og_title":"Strat\u00e9gie portuaire de la Martinique 2025\u20132029 : un plan Hub de 168,8 M\u20ac","og_description":"La Martinique d\u00e9voile une strat\u00e9gie portuaire de 168,8 M\u20ac \u00e0 l\u2019horizon 2029 afin de consolider son hub Antilles\u2013Guyane, d\u00e9velopper la logistique multimodale et renforcer sa r\u00e9silience climatique.","og_url":"https:\/\/www.latitude-15.com\/fr\/recalibrage-strategique-la-martinique-engage-1688-me-pour-son-cap-portuaire-a-lhorizon-2029strategic-recalibration-martinique-sets-e168-8m-port-course-through-2029\/","og_site_name":"LATITUDE 15","article_published_time":"2026-02-18T16:25:42+00:00","article_modified_time":"2026-02-19T13:28:26+00:00","og_image":[{"width":2560,"height":1316,"url":"https:\/\/www.latitude-15.com\/wp-content\/uploads\/2026\/02\/hydrobase-scaled.jpg","type":"image\/jpeg"}],"author":"Joda J","twitter_card":"summary_large_image","twitter_misc":{"\u00c9crit par":"Joda J","Dur\u00e9e de lecture estim\u00e9e":"5 minutes"},"schema":{"@context":"https:\/\/schema.org","@graph":[{"@type":"Article","@id":"https:\/\/www.latitude-15.com\/fr\/recalibrage-strategique-la-martinique-engage-1688-me-pour-son-cap-portuaire-a-lhorizon-2029strategic-recalibration-martinique-sets-e168-8m-port-course-through-2029\/#article","isPartOf":{"@id":"https:\/\/www.latitude-15.com\/fr\/recalibrage-strategique-la-martinique-engage-1688-me-pour-son-cap-portuaire-a-lhorizon-2029strategic-recalibration-martinique-sets-e168-8m-port-course-through-2029\/"},"author":{"name":"Joda J","@id":"https:\/\/www.latitude-15.com\/fr\/#\/schema\/person\/dac52e7ff44c78317f337da112e37252"},"headline":"Recalibrage strat\u00e9gique : la Martinique engage 168,8 M\u20ac pour son cap portuaire \u00e0 l\u2019horizon 2029Strategic recalibration: Martinique sets \u20ac168.8m port course through 2029","datePublished":"2026-02-18T16:25:42+00:00","dateModified":"2026-02-19T13:28:26+00:00","mainEntityOfPage":{"@id":"https:\/\/www.latitude-15.com\/fr\/recalibrage-strategique-la-martinique-engage-1688-me-pour-son-cap-portuaire-a-lhorizon-2029strategic-recalibration-martinique-sets-e168-8m-port-course-through-2029\/"},"wordCount":1064,"commentCount":0,"publisher":{"@id":"https:\/\/www.latitude-15.com\/fr\/#organization"},"image":{"@id":"https:\/\/www.latitude-15.com\/fr\/recalibrage-strategique-la-martinique-engage-1688-me-pour-son-cap-portuaire-a-lhorizon-2029strategic-recalibration-martinique-sets-e168-8m-port-course-through-2029\/#primaryimage"},"thumbnailUrl":"https:\/\/www.latitude-15.com\/wp-content\/uploads\/2026\/02\/hydrobase-scaled.jpg","articleSection":["MARITIME","Ports et logistique"],"inLanguage":"fr-FR","potentialAction":[{"@type":"CommentAction","name":"Comment","target":["https:\/\/www.latitude-15.com\/fr\/recalibrage-strategique-la-martinique-engage-1688-me-pour-son-cap-portuaire-a-lhorizon-2029strategic-recalibration-martinique-sets-e168-8m-port-course-through-2029\/#respond"]}]},{"@type":"WebPage","@id":"https:\/\/www.latitude-15.com\/fr\/recalibrage-strategique-la-martinique-engage-1688-me-pour-son-cap-portuaire-a-lhorizon-2029strategic-recalibration-martinique-sets-e168-8m-port-course-through-2029\/","url":"https:\/\/www.latitude-15.com\/fr\/recalibrage-strategique-la-martinique-engage-1688-me-pour-son-cap-portuaire-a-lhorizon-2029strategic-recalibration-martinique-sets-e168-8m-port-course-through-2029\/","name":"Strat\u00e9gie portuaire de la Martinique 2025\u20132029 : un plan Hub de 168,8 M\u20ac","isPartOf":{"@id":"https:\/\/www.latitude-15.com\/fr\/#website"},"primaryImageOfPage":{"@id":"https:\/\/www.latitude-15.com\/fr\/recalibrage-strategique-la-martinique-engage-1688-me-pour-son-cap-portuaire-a-lhorizon-2029strategic-recalibration-martinique-sets-e168-8m-port-course-through-2029\/#primaryimage"},"image":{"@id":"https:\/\/www.latitude-15.com\/fr\/recalibrage-strategique-la-martinique-engage-1688-me-pour-son-cap-portuaire-a-lhorizon-2029strategic-recalibration-martinique-sets-e168-8m-port-course-through-2029\/#primaryimage"},"thumbnailUrl":"https:\/\/www.latitude-15.com\/wp-content\/uploads\/2026\/02\/hydrobase-scaled.jpg","datePublished":"2026-02-18T16:25:42+00:00","dateModified":"2026-02-19T13:28:26+00:00","description":"La Martinique d\u00e9voile une strat\u00e9gie portuaire de 168,8 M\u20ac \u00e0 l\u2019horizon 2029 afin de consolider son hub Antilles\u2013Guyane, d\u00e9velopper la logistique multimodale et renforcer sa r\u00e9silience climatique.","breadcrumb":{"@id":"https:\/\/www.latitude-15.com\/fr\/recalibrage-strategique-la-martinique-engage-1688-me-pour-son-cap-portuaire-a-lhorizon-2029strategic-recalibration-martinique-sets-e168-8m-port-course-through-2029\/#breadcrumb"},"inLanguage":"fr-FR","potentialAction":[{"@type":"ReadAction","target":["https:\/\/www.latitude-15.com\/fr\/recalibrage-strategique-la-martinique-engage-1688-me-pour-son-cap-portuaire-a-lhorizon-2029strategic-recalibration-martinique-sets-e168-8m-port-course-through-2029\/"]}]},{"@type":"ImageObject","inLanguage":"fr-FR","@id":"https:\/\/www.latitude-15.com\/fr\/recalibrage-strategique-la-martinique-engage-1688-me-pour-son-cap-portuaire-a-lhorizon-2029strategic-recalibration-martinique-sets-e168-8m-port-course-through-2029\/#primaryimage","url":"https:\/\/www.latitude-15.com\/wp-content\/uploads\/2026\/02\/hydrobase-scaled.jpg","contentUrl":"https:\/\/www.latitude-15.com\/wp-content\/uploads\/2026\/02\/hydrobase-scaled.jpg","width":2560,"height":1316,"caption":"L\u2019Hydrobase, Eastern Section - (c)Grand Port Maritime de la Martinique"},{"@type":"BreadcrumbList","@id":"https:\/\/www.latitude-15.com\/fr\/recalibrage-strategique-la-martinique-engage-1688-me-pour-son-cap-portuaire-a-lhorizon-2029strategic-recalibration-martinique-sets-e168-8m-port-course-through-2029\/#breadcrumb","itemListElement":[{"@type":"ListItem","position":1,"name":"Home","item":"https:\/\/www.latitude-15.com\/fr\/accueil\/"},{"@type":"ListItem","position":2,"name":"Recalibrage strat\u00e9gique : la Martinique engage 168,8 M\u20ac pour son cap portuaire \u00e0 l\u2019horizon 2029Strategic recalibration: Martinique sets \u20ac168.8m port course through 2029"}]},{"@type":"WebSite","@id":"https:\/\/www.latitude-15.com\/fr\/#website","url":"https:\/\/www.latitude-15.com\/fr\/","name":"LATITUDE 15","description":"Aviation and maritime Magazine - Caribbean &amp; Latin America","publisher":{"@id":"https:\/\/www.latitude-15.com\/fr\/#organization"},"potentialAction":[{"@type":"SearchAction","target":{"@type":"EntryPoint","urlTemplate":"https:\/\/www.latitude-15.com\/fr\/?s={search_term_string}"},"query-input":{"@type":"PropertyValueSpecification","valueRequired":true,"valueName":"search_term_string"}}],"inLanguage":"fr-FR"},{"@type":"Organization","@id":"https:\/\/www.latitude-15.com\/fr\/#organization","name":"LATITUDE 15","url":"https:\/\/www.latitude-15.com\/fr\/","logo":{"@type":"ImageObject","inLanguage":"fr-FR","@id":"https:\/\/www.latitude-15.com\/fr\/#\/schema\/logo\/image\/","url":"https:\/\/www.latitude-15.com\/wp-content\/uploads\/2026\/01\/cropped-logox500px.png","contentUrl":"https:\/\/www.latitude-15.com\/wp-content\/uploads\/2026\/01\/cropped-logox500px.png","width":62,"height":75,"caption":"LATITUDE 15"},"image":{"@id":"https:\/\/www.latitude-15.com\/fr\/#\/schema\/logo\/image\/"}},{"@type":"Person","@id":"https:\/\/www.latitude-15.com\/fr\/#\/schema\/person\/dac52e7ff44c78317f337da112e37252","name":"Joda J","image":{"@type":"ImageObject","inLanguage":"fr-FR","@id":"https:\/\/www.latitude-15.com\/fr\/#\/schema\/person\/image\/","url":"https:\/\/secure.gravatar.com\/avatar\/6b1feae555e15404b76616f92d931d12b25ac58024f14ccb43d9d3c012e4c4cf?s=96&d=mm&r=g","contentUrl":"https:\/\/secure.gravatar.com\/avatar\/6b1feae555e15404b76616f92d931d12b25ac58024f14ccb43d9d3c012e4c4cf?s=96&d=mm&r=g","caption":"Joda J"},"url":"https:\/\/www.latitude-15.com\/fr\/author\/joda\/"}]}},"_links":{"self":[{"href":"https:\/\/www.latitude-15.com\/fr\/wp-json\/wp\/v2\/posts\/20758","targetHints":{"allow":["GET"]}}],"collection":[{"href":"https:\/\/www.latitude-15.com\/fr\/wp-json\/wp\/v2\/posts"}],"about":[{"href":"https:\/\/www.latitude-15.com\/fr\/wp-json\/wp\/v2\/types\/post"}],"author":[{"embeddable":true,"href":"https:\/\/www.latitude-15.com\/fr\/wp-json\/wp\/v2\/users\/5"}],"replies":[{"embeddable":true,"href":"https:\/\/www.latitude-15.com\/fr\/wp-json\/wp\/v2\/comments?post=20758"}],"version-history":[{"count":3,"href":"https:\/\/www.latitude-15.com\/fr\/wp-json\/wp\/v2\/posts\/20758\/revisions"}],"predecessor-version":[{"id":20784,"href":"https:\/\/www.latitude-15.com\/fr\/wp-json\/wp\/v2\/posts\/20758\/revisions\/20784"}],"wp:featuredmedia":[{"embeddable":true,"href":"https:\/\/www.latitude-15.com\/fr\/wp-json\/wp\/v2\/media\/20757"}],"wp:attachment":[{"href":"https:\/\/www.latitude-15.com\/fr\/wp-json\/wp\/v2\/media?parent=20758"}],"wp:term":[{"taxonomy":"category","embeddable":true,"href":"https:\/\/www.latitude-15.com\/fr\/wp-json\/wp\/v2\/categories?post=20758"},{"taxonomy":"post_tag","embeddable":true,"href":"https:\/\/www.latitude-15.com\/fr\/wp-json\/wp\/v2\/tags?post=20758"}],"curies":[{"name":"wp","href":"https:\/\/api.w.org\/{rel}","templated":true}]}}