{"id":20718,"date":"2026-02-17T12:57:01","date_gmt":"2026-02-17T16:57:01","guid":{"rendered":"https:\/\/www.latitude-15.com\/la-guadeloupe-prepare-une-extension-de-150-millions-deuros-pour-renforcer-son-hub-aerien-regional\/"},"modified":"2026-02-17T22:13:48","modified_gmt":"2026-02-18T02:13:48","slug":"la-guadeloupe-prepare-une-extension-de-150-millions-deuros-pour-renforcer-son-hub-aerien-regional","status":"publish","type":"post","link":"https:\/\/www.latitude-15.com\/fr\/la-guadeloupe-prepare-une-extension-de-150-millions-deuros-pour-renforcer-son-hub-aerien-regional\/","title":{"rendered":"La Guadeloupe pr\u00e9pare une extension de 150 millions d\u2019euros pour renforcer son hub a\u00e9rien r\u00e9gional"},"content":{"rendered":"\n<p>L\u2019a\u00e9roport Guadeloupe Maryse Cond\u00e9 International Airport entre dans une nouvelle phase de d\u00e9veloppement infrastructurel avec le lancement d\u2019un vaste projet d\u2019extension de son terminal principal passagers. Baptis\u00e9 MADAPTE T1, ce programme repr\u00e9sente un investissement de 150 millions d\u2019euros destin\u00e9 \u00e0 accro\u00eetre la capacit\u00e9 d\u2019accueil, moderniser les op\u00e9rations et consolider le r\u00f4le strat\u00e9gique de la plateforme dans la connectivit\u00e9 a\u00e9rienne carib\u00e9enne et transatlantique. <\/p>\n\n<p>Cette extension intervient \u00e0 un moment charni\u00e8re. Le trafic passagers a renou\u00e9 avec la croissance, atteignant pr\u00e8s de 2,2 millions de voyageurs en 2025, confirmant la n\u00e9cessit\u00e9 d\u2019adapter les infrastructures afin d\u2019absorber la demande future. <\/p>\n\n<h2 class=\"wp-block-heading\">Des infrastructures proches de leurs limites structurelles<br\/><\/h2>\n\n<p>Mis en service en 1996, le terminal T1 avait \u00e9t\u00e9 con\u00e7u pour des volumes de trafic nettement inf\u00e9rieurs \u00e0 ceux aujourd\u2019hui anticip\u00e9s. La capacit\u00e9 cumul\u00e9e des terminaux T1 et T2 s\u2019\u00e9tablit actuellement \u00e0 environ 2,5 millions de passagers par an, un seuil qui constitue d\u00e9sormais un plafond op\u00e9rationnel pour la plateforme. <\/p>\n\n<p>Selon le <a href=\"https:\/\/www.calameo.com\/read\/00571391773b2b92c04d4\">press kit 2026 de Guadeloupe Maryse Cond\u00e9 International Airport,<\/a> cette contrainte commence \u00e0 g\u00e9n\u00e9rer des tensions op\u00e9rationnelles, notamment lors des p\u00e9riodes de forte affluence. Parmi les points de friction identifi\u00e9s figurent la saturation des postes d\u2019inspection filtrage, des capacit\u00e9s limit\u00e9es en traitement des bagages et une pression accrue sur les zones de circulation des passagers. Sans extension des infrastructures, ces contraintes pourraient freiner le d\u00e9veloppement futur du trafic et des r\u00e9seaux a\u00e9riens.  <\/p>\n\n<h2 class=\"wp-block-heading\">Une extension de 60 % pour accompagner la croissance<\/h2>\n\n<p>Le projet MADAPTE T1 pr\u00e9voit l\u2019augmentation de la surface op\u00e9rationnelle du terminal d\u2019environ 17 000 m\u00e8tres carr\u00e9s, soit une extension de 60 % des infrastructures existantes. \u00c0 l\u2019issue des travaux, la capacit\u00e9 annuelle de traitement passagers passera de 2,5 millions \u00e0 3 millions de voyageurs. <\/p>\n\n<p>Cette mont\u00e9e en capacit\u00e9 est essentielle pour accompagner la croissance attendue et garantir une flexibilit\u00e9 op\u00e9rationnelle accrue pour les compagnies a\u00e9riennes. Les autorit\u00e9s a\u00e9roportuaires indiquent que l\u2019extension permettra d\u2019am\u00e9liorer significativement la fluidit\u00e9 des parcours passagers, la qualit\u00e9 de service et la performance globale des op\u00e9rations. <\/p>\n\n<p>Le projet int\u00e8gre une modernisation compl\u00e8te des zones de traitement passagers, avec des postes d\u2019inspection filtrage modernis\u00e9s, des installations de tri bagages \u00e9tendues et l\u2019int\u00e9gration de nouvelles technologies automatis\u00e9es. Ces \u00e9volutions visent \u00e0 r\u00e9duire les ph\u00e9nom\u00e8nes de congestion, renforcer la fiabilit\u00e9 op\u00e9rationnelle et aligner la plateforme sur les standards internationaux en constante \u00e9volution. <\/p>\n\n<figure class=\"wp-block-image size-large\"><img fetchpriority=\"high\" decoding=\"async\" width=\"1024\" height=\"496\" src=\"https:\/\/www.latitude-15.com\/wp-content\/uploads\/2026\/02\/img6736-1024x496.png\" alt=\"\" class=\"wp-image-20712\" srcset=\"https:\/\/www.latitude-15.com\/wp-content\/uploads\/2026\/02\/img6736-1024x496.png 1024w, https:\/\/www.latitude-15.com\/wp-content\/uploads\/2026\/02\/img6736-300x145.png 300w, https:\/\/www.latitude-15.com\/wp-content\/uploads\/2026\/02\/img6736-768x372.png 768w, https:\/\/www.latitude-15.com\/wp-content\/uploads\/2026\/02\/img6736.png 1281w\" sizes=\"(max-width: 1024px) 100vw, 1024px\" \/><\/figure>\n\n<h2 class=\"wp-block-heading\">Consolider le r\u00f4le strat\u00e9gique de la Guadeloupe dans la connectivit\u00e9 carib\u00e9enne<\/h2>\n\n<p>Au-del\u00e0 des am\u00e9liorations techniques, l\u2019extension r\u00e9pond \u00e0 un objectif strat\u00e9gique plus large : conforter la position de la Guadeloupe comme porte d\u2019entr\u00e9e a\u00e9rienne majeure dans la Cara\u00efbe. L\u2019a\u00e9roport joue un r\u00f4le central dans la connexion des Antilles fran\u00e7aises avec l\u2019Hexagone, l\u2019Am\u00e9rique du Nord et les territoires carib\u00e9ens voisins. <\/p>\n\n<p>Des infrastructures modernes et dimensionn\u00e9es constituent un levier d\u00e9terminant pour attirer les investissements des compagnies a\u00e9riennes et soutenir l\u2019ouverture de nouvelles lignes. En agrandissant et modernisant son terminal principal, l\u2019a\u00e9roport se donne les moyens d\u2019accompagner la croissance des transporteurs, de renforcer sa connectivit\u00e9 internationale et de pr\u00e9server sa comp\u00e9titivit\u00e9 au sein du r\u00e9seau a\u00e9rien r\u00e9gional. <\/p>\n\n<p>La modernisation contribuera \u00e9galement \u00e0 accro\u00eetre la r\u00e9silience op\u00e9rationnelle de la plateforme, en lui permettant de mieux absorber les pics de trafic et d\u2019offrir aux compagnies les capacit\u00e9s n\u00e9cessaires \u00e0 l\u2019expansion de leurs r\u00e9seaux.<\/p>\n\n<h2 class=\"wp-block-heading\">Un impact \u00e9conomique significatif pour le territoire<\/h2>\n\n<p>Le projet devrait g\u00e9n\u00e9rer des retomb\u00e9es \u00e9conomiques substantielles pour la Guadeloupe. Les projections de l\u2019a\u00e9roport indiquent qu\u2019une capacit\u00e9 port\u00e9e \u00e0 3 millions de passagers par an pourrait soutenir la cr\u00e9ation d\u2019environ 6 300 emplois suppl\u00e9mentaires et g\u00e9n\u00e9rer pr\u00e8s de <em>1,2 milliard d\u2019euros<\/em> pour l\u2019\u00e9conomie locale. <\/p>\n\n<p>Ces retomb\u00e9es concerneront plusieurs secteurs, notamment le tourisme, la logistique, les services de transport et l\u2019h\u00f4tellerie. L\u2019am\u00e9lioration des infrastructures a\u00e9roportuaires constitue un facteur structurant du d\u00e9veloppement \u00e9conomique r\u00e9gional, en facilitant la mobilit\u00e9, les \u00e9changes commerciaux et les flux touristiques. <\/p>\n\n<h2 class=\"wp-block-heading\">Une strat\u00e9gie de d\u00e9veloppement inscrite jusqu\u2019en 2031<\/h2>\n\n<p>Selon les autorit\u00e9s a\u00e9roportuaires, le projet se trouve actuellement en phase avanc\u00e9e de planification, avec des \u00e9tudes techniques et des proc\u00e9dures r\u00e9glementaires en cours. Le lancement des travaux est envisag\u00e9 pour la fin de l\u2019ann\u00e9e 2027, avec une mise en service de la premi\u00e8re phase \u00e0 l\u2019horizon fin 2029. L\u2019ach\u00e8vement complet est <em>pr\u00e9vu entre 2030 et 2031.<\/em>  <\/p>\n\n<p>Cette approche progressive s\u2019inscrit dans une strat\u00e9gie d\u2019infrastructure \u00e0 long terme, visant \u00e0 adapter les capacit\u00e9s de l\u2019a\u00e9roport \u00e0 la croissance projet\u00e9e tout en garantissant la continuit\u00e9 des op\u00e9rations durant les travaux.<\/p>\n\n<h2 class=\"wp-block-heading\">Pr\u00e9parer la porte d\u2019entr\u00e9e a\u00e9rienne de la Guadeloupe aux exigences futures<br\/><\/h2>\n\n<p>Le projet MADAPTE T1 constitue une \u00e9tape structurante dans le d\u00e9veloppement de Guadeloupe Maryse Cond\u00e9 International Airport. En augmentant sa capacit\u00e9, en modernisant ses installations et en am\u00e9liorant son efficacit\u00e9 op\u00e9rationnelle, la plateforme se pr\u00e9pare \u00e0 r\u00e9pondre aux attentes \u00e9volutives des compagnies a\u00e9riennes et des passagers. <\/p>\n\n<p>Alors que le trafic a\u00e9rien r\u00e9gional et international poursuit sa reprise et son expansion, l\u2019anticipation infrastructurelle devient un facteur d\u00e9terminant de comp\u00e9titivit\u00e9. \u00c0 travers cet investissement, la Guadeloupe consolide sa porte d\u2019entr\u00e9e a\u00e9rienne et se positionne pour soutenir durablement sa connectivit\u00e9 future. <\/p>\n","protected":false},"excerpt":{"rendered":"<p>L\u2019a\u00e9roport Guadeloupe Maryse Cond\u00e9 International Airport entre dans une nouvelle phase de d\u00e9veloppement infrastructurel avec le lancement d\u2019un vaste projet d\u2019extension de son terminal principal passagers. Baptis\u00e9 MADAPTE T1, ce programme repr\u00e9sente un investissement de 150 millions d\u2019euros destin\u00e9 \u00e0 accro\u00eetre la capacit\u00e9 d\u2019accueil, moderniser les op\u00e9rations et consolider le r\u00f4le strat\u00e9gique de la plateforme [&hellip;]<\/p>\n","protected":false},"author":5,"featured_media":20717,"comment_status":"open","ping_status":"open","sticky":false,"template":"","format":"standard","meta":{"footnotes":""},"categories":[103,97],"tags":[],"class_list":["post-20718","post","type-post","status-publish","format-standard","has-post-thumbnail","hentry","category-aeroports-infrastructures","category-aviation-fr"],"yoast_head":"<!-- This site is optimized with the Yoast SEO plugin v26.9 - https:\/\/yoast.com\/product\/yoast-seo-wordpress\/ -->\n<title>La Guadeloupe pr\u00e9pare une extension de 150 millions d\u2019euros pour renforcer son hub a\u00e9rien r\u00e9gional - LATITUDE 15<\/title>\n<meta name=\"robots\" content=\"index, follow, max-snippet:-1, max-image-preview:large, max-video-preview:-1\" \/>\n<link rel=\"canonical\" href=\"https:\/\/www.latitude-15.com\/fr\/la-guadeloupe-prepare-une-extension-de-150-millions-deuros-pour-renforcer-son-hub-aerien-regional\/\" \/>\n<meta property=\"og:locale\" content=\"fr_FR\" \/>\n<meta property=\"og:type\" content=\"article\" \/>\n<meta property=\"og:title\" content=\"La Guadeloupe pr\u00e9pare une extension de 150 millions d\u2019euros pour renforcer son hub a\u00e9rien r\u00e9gional - LATITUDE 15\" \/>\n<meta property=\"og:description\" content=\"L\u2019a\u00e9roport Guadeloupe Maryse Cond\u00e9 International Airport entre dans une nouvelle phase de d\u00e9veloppement infrastructurel avec le lancement d\u2019un vaste projet d\u2019extension de son terminal principal passagers. Baptis\u00e9 MADAPTE T1, ce programme repr\u00e9sente un investissement de 150 millions d\u2019euros destin\u00e9 \u00e0 accro\u00eetre la capacit\u00e9 d\u2019accueil, moderniser les op\u00e9rations et consolider le r\u00f4le strat\u00e9gique de la plateforme [&hellip;]\" \/>\n<meta property=\"og:url\" content=\"https:\/\/www.latitude-15.com\/fr\/la-guadeloupe-prepare-une-extension-de-150-millions-deuros-pour-renforcer-son-hub-aerien-regional\/\" \/>\n<meta property=\"og:site_name\" content=\"LATITUDE 15\" \/>\n<meta property=\"article:published_time\" content=\"2026-02-17T16:57:01+00:00\" \/>\n<meta property=\"article:modified_time\" content=\"2026-02-18T02:13:48+00:00\" \/>\n<meta property=\"og:image\" content=\"https:\/\/www.latitude-15.com\/wp-content\/uploads\/2026\/02\/img724628-1.png\" \/>\n\t<meta property=\"og:image:width\" content=\"1001\" \/>\n\t<meta property=\"og:image:height\" content=\"787\" \/>\n\t<meta property=\"og:image:type\" content=\"image\/png\" \/>\n<meta name=\"author\" content=\"Joda J\" \/>\n<meta name=\"twitter:card\" content=\"summary_large_image\" \/>\n<meta name=\"twitter:label1\" content=\"\u00c9crit par\" \/>\n\t<meta name=\"twitter:data1\" content=\"Joda J\" \/>\n\t<meta name=\"twitter:label2\" content=\"Dur\u00e9e de lecture estim\u00e9e\" \/>\n\t<meta name=\"twitter:data2\" content=\"5 minutes\" \/>\n<script type=\"application\/ld+json\" class=\"yoast-schema-graph\">{\"@context\":\"https:\/\/schema.org\",\"@graph\":[{\"@type\":\"Article\",\"@id\":\"https:\/\/www.latitude-15.com\/fr\/la-guadeloupe-prepare-une-extension-de-150-millions-deuros-pour-renforcer-son-hub-aerien-regional\/#article\",\"isPartOf\":{\"@id\":\"https:\/\/www.latitude-15.com\/fr\/la-guadeloupe-prepare-une-extension-de-150-millions-deuros-pour-renforcer-son-hub-aerien-regional\/\"},\"author\":{\"name\":\"Joda J\",\"@id\":\"https:\/\/www.latitude-15.com\/fr\/#\/schema\/person\/dac52e7ff44c78317f337da112e37252\"},\"headline\":\"La Guadeloupe pr\u00e9pare une extension de 150 millions d\u2019euros pour renforcer son hub a\u00e9rien r\u00e9gional\",\"datePublished\":\"2026-02-17T16:57:01+00:00\",\"dateModified\":\"2026-02-18T02:13:48+00:00\",\"mainEntityOfPage\":{\"@id\":\"https:\/\/www.latitude-15.com\/fr\/la-guadeloupe-prepare-une-extension-de-150-millions-deuros-pour-renforcer-son-hub-aerien-regional\/\"},\"wordCount\":959,\"commentCount\":0,\"publisher\":{\"@id\":\"https:\/\/www.latitude-15.com\/fr\/#organization\"},\"image\":{\"@id\":\"https:\/\/www.latitude-15.com\/fr\/la-guadeloupe-prepare-une-extension-de-150-millions-deuros-pour-renforcer-son-hub-aerien-regional\/#primaryimage\"},\"thumbnailUrl\":\"https:\/\/www.latitude-15.com\/wp-content\/uploads\/2026\/02\/img724628-1.png\",\"articleSection\":[\"A\u00e9roports et infrastructures\",\"AVIATION\"],\"inLanguage\":\"fr-FR\",\"potentialAction\":[{\"@type\":\"CommentAction\",\"name\":\"Comment\",\"target\":[\"https:\/\/www.latitude-15.com\/fr\/la-guadeloupe-prepare-une-extension-de-150-millions-deuros-pour-renforcer-son-hub-aerien-regional\/#respond\"]}]},{\"@type\":\"WebPage\",\"@id\":\"https:\/\/www.latitude-15.com\/fr\/la-guadeloupe-prepare-une-extension-de-150-millions-deuros-pour-renforcer-son-hub-aerien-regional\/\",\"url\":\"https:\/\/www.latitude-15.com\/fr\/la-guadeloupe-prepare-une-extension-de-150-millions-deuros-pour-renforcer-son-hub-aerien-regional\/\",\"name\":\"La Guadeloupe pr\u00e9pare une extension de 150 millions d\u2019euros pour renforcer son hub a\u00e9rien r\u00e9gional - LATITUDE 15\",\"isPartOf\":{\"@id\":\"https:\/\/www.latitude-15.com\/fr\/#website\"},\"primaryImageOfPage\":{\"@id\":\"https:\/\/www.latitude-15.com\/fr\/la-guadeloupe-prepare-une-extension-de-150-millions-deuros-pour-renforcer-son-hub-aerien-regional\/#primaryimage\"},\"image\":{\"@id\":\"https:\/\/www.latitude-15.com\/fr\/la-guadeloupe-prepare-une-extension-de-150-millions-deuros-pour-renforcer-son-hub-aerien-regional\/#primaryimage\"},\"thumbnailUrl\":\"https:\/\/www.latitude-15.com\/wp-content\/uploads\/2026\/02\/img724628-1.png\",\"datePublished\":\"2026-02-17T16:57:01+00:00\",\"dateModified\":\"2026-02-18T02:13:48+00:00\",\"breadcrumb\":{\"@id\":\"https:\/\/www.latitude-15.com\/fr\/la-guadeloupe-prepare-une-extension-de-150-millions-deuros-pour-renforcer-son-hub-aerien-regional\/#breadcrumb\"},\"inLanguage\":\"fr-FR\",\"potentialAction\":[{\"@type\":\"ReadAction\",\"target\":[\"https:\/\/www.latitude-15.com\/fr\/la-guadeloupe-prepare-une-extension-de-150-millions-deuros-pour-renforcer-son-hub-aerien-regional\/\"]}]},{\"@type\":\"ImageObject\",\"inLanguage\":\"fr-FR\",\"@id\":\"https:\/\/www.latitude-15.com\/fr\/la-guadeloupe-prepare-une-extension-de-150-millions-deuros-pour-renforcer-son-hub-aerien-regional\/#primaryimage\",\"url\":\"https:\/\/www.latitude-15.com\/wp-content\/uploads\/2026\/02\/img724628-1.png\",\"contentUrl\":\"https:\/\/www.latitude-15.com\/wp-content\/uploads\/2026\/02\/img724628-1.png\",\"width\":1001,\"height\":787,\"caption\":\"(c)Guadeloupe Maryse Cond\u00e9 International Airport\"},{\"@type\":\"BreadcrumbList\",\"@id\":\"https:\/\/www.latitude-15.com\/fr\/la-guadeloupe-prepare-une-extension-de-150-millions-deuros-pour-renforcer-son-hub-aerien-regional\/#breadcrumb\",\"itemListElement\":[{\"@type\":\"ListItem\",\"position\":1,\"name\":\"Home\",\"item\":\"https:\/\/www.latitude-15.com\/fr\/accueil\/\"},{\"@type\":\"ListItem\",\"position\":2,\"name\":\"La Guadeloupe pr\u00e9pare une extension de 150 millions d\u2019euros pour renforcer son hub a\u00e9rien r\u00e9gional\"}]},{\"@type\":\"WebSite\",\"@id\":\"https:\/\/www.latitude-15.com\/fr\/#website\",\"url\":\"https:\/\/www.latitude-15.com\/fr\/\",\"name\":\"LATITUDE 15\",\"description\":\"Aviation and maritime Magazine - Caribbean &amp; Latin America\",\"publisher\":{\"@id\":\"https:\/\/www.latitude-15.com\/fr\/#organization\"},\"potentialAction\":[{\"@type\":\"SearchAction\",\"target\":{\"@type\":\"EntryPoint\",\"urlTemplate\":\"https:\/\/www.latitude-15.com\/fr\/?s={search_term_string}\"},\"query-input\":{\"@type\":\"PropertyValueSpecification\",\"valueRequired\":true,\"valueName\":\"search_term_string\"}}],\"inLanguage\":\"fr-FR\"},{\"@type\":\"Organization\",\"@id\":\"https:\/\/www.latitude-15.com\/fr\/#organization\",\"name\":\"LATITUDE 15\",\"url\":\"https:\/\/www.latitude-15.com\/fr\/\",\"logo\":{\"@type\":\"ImageObject\",\"inLanguage\":\"fr-FR\",\"@id\":\"https:\/\/www.latitude-15.com\/fr\/#\/schema\/logo\/image\/\",\"url\":\"https:\/\/www.latitude-15.com\/wp-content\/uploads\/2026\/01\/cropped-logox500px.png\",\"contentUrl\":\"https:\/\/www.latitude-15.com\/wp-content\/uploads\/2026\/01\/cropped-logox500px.png\",\"width\":62,\"height\":75,\"caption\":\"LATITUDE 15\"},\"image\":{\"@id\":\"https:\/\/www.latitude-15.com\/fr\/#\/schema\/logo\/image\/\"}},{\"@type\":\"Person\",\"@id\":\"https:\/\/www.latitude-15.com\/fr\/#\/schema\/person\/dac52e7ff44c78317f337da112e37252\",\"name\":\"Joda J\",\"image\":{\"@type\":\"ImageObject\",\"inLanguage\":\"fr-FR\",\"@id\":\"https:\/\/www.latitude-15.com\/fr\/#\/schema\/person\/image\/\",\"url\":\"https:\/\/secure.gravatar.com\/avatar\/6b1feae555e15404b76616f92d931d12b25ac58024f14ccb43d9d3c012e4c4cf?s=96&d=mm&r=g\",\"contentUrl\":\"https:\/\/secure.gravatar.com\/avatar\/6b1feae555e15404b76616f92d931d12b25ac58024f14ccb43d9d3c012e4c4cf?s=96&d=mm&r=g\",\"caption\":\"Joda J\"},\"url\":\"https:\/\/www.latitude-15.com\/fr\/author\/joda\/\"}]}<\/script>\n<!-- \/ Yoast SEO plugin. -->","yoast_head_json":{"title":"La Guadeloupe pr\u00e9pare une extension de 150 millions d\u2019euros pour renforcer son hub a\u00e9rien r\u00e9gional - LATITUDE 15","robots":{"index":"index","follow":"follow","max-snippet":"max-snippet:-1","max-image-preview":"max-image-preview:large","max-video-preview":"max-video-preview:-1"},"canonical":"https:\/\/www.latitude-15.com\/fr\/la-guadeloupe-prepare-une-extension-de-150-millions-deuros-pour-renforcer-son-hub-aerien-regional\/","og_locale":"fr_FR","og_type":"article","og_title":"La Guadeloupe pr\u00e9pare une extension de 150 millions d\u2019euros pour renforcer son hub a\u00e9rien r\u00e9gional - LATITUDE 15","og_description":"L\u2019a\u00e9roport Guadeloupe Maryse Cond\u00e9 International Airport entre dans une nouvelle phase de d\u00e9veloppement infrastructurel avec le lancement d\u2019un vaste projet d\u2019extension de son terminal principal passagers. Baptis\u00e9 MADAPTE T1, ce programme repr\u00e9sente un investissement de 150 millions d\u2019euros destin\u00e9 \u00e0 accro\u00eetre la capacit\u00e9 d\u2019accueil, moderniser les op\u00e9rations et consolider le r\u00f4le strat\u00e9gique de la plateforme [&hellip;]","og_url":"https:\/\/www.latitude-15.com\/fr\/la-guadeloupe-prepare-une-extension-de-150-millions-deuros-pour-renforcer-son-hub-aerien-regional\/","og_site_name":"LATITUDE 15","article_published_time":"2026-02-17T16:57:01+00:00","article_modified_time":"2026-02-18T02:13:48+00:00","og_image":[{"width":1001,"height":787,"url":"https:\/\/www.latitude-15.com\/wp-content\/uploads\/2026\/02\/img724628-1.png","type":"image\/png"}],"author":"Joda J","twitter_card":"summary_large_image","twitter_misc":{"\u00c9crit par":"Joda J","Dur\u00e9e de lecture estim\u00e9e":"5 minutes"},"schema":{"@context":"https:\/\/schema.org","@graph":[{"@type":"Article","@id":"https:\/\/www.latitude-15.com\/fr\/la-guadeloupe-prepare-une-extension-de-150-millions-deuros-pour-renforcer-son-hub-aerien-regional\/#article","isPartOf":{"@id":"https:\/\/www.latitude-15.com\/fr\/la-guadeloupe-prepare-une-extension-de-150-millions-deuros-pour-renforcer-son-hub-aerien-regional\/"},"author":{"name":"Joda J","@id":"https:\/\/www.latitude-15.com\/fr\/#\/schema\/person\/dac52e7ff44c78317f337da112e37252"},"headline":"La Guadeloupe pr\u00e9pare une extension de 150 millions d\u2019euros pour renforcer son hub a\u00e9rien r\u00e9gional","datePublished":"2026-02-17T16:57:01+00:00","dateModified":"2026-02-18T02:13:48+00:00","mainEntityOfPage":{"@id":"https:\/\/www.latitude-15.com\/fr\/la-guadeloupe-prepare-une-extension-de-150-millions-deuros-pour-renforcer-son-hub-aerien-regional\/"},"wordCount":959,"commentCount":0,"publisher":{"@id":"https:\/\/www.latitude-15.com\/fr\/#organization"},"image":{"@id":"https:\/\/www.latitude-15.com\/fr\/la-guadeloupe-prepare-une-extension-de-150-millions-deuros-pour-renforcer-son-hub-aerien-regional\/#primaryimage"},"thumbnailUrl":"https:\/\/www.latitude-15.com\/wp-content\/uploads\/2026\/02\/img724628-1.png","articleSection":["A\u00e9roports et infrastructures","AVIATION"],"inLanguage":"fr-FR","potentialAction":[{"@type":"CommentAction","name":"Comment","target":["https:\/\/www.latitude-15.com\/fr\/la-guadeloupe-prepare-une-extension-de-150-millions-deuros-pour-renforcer-son-hub-aerien-regional\/#respond"]}]},{"@type":"WebPage","@id":"https:\/\/www.latitude-15.com\/fr\/la-guadeloupe-prepare-une-extension-de-150-millions-deuros-pour-renforcer-son-hub-aerien-regional\/","url":"https:\/\/www.latitude-15.com\/fr\/la-guadeloupe-prepare-une-extension-de-150-millions-deuros-pour-renforcer-son-hub-aerien-regional\/","name":"La Guadeloupe pr\u00e9pare une extension de 150 millions d\u2019euros pour renforcer son hub a\u00e9rien r\u00e9gional - LATITUDE 15","isPartOf":{"@id":"https:\/\/www.latitude-15.com\/fr\/#website"},"primaryImageOfPage":{"@id":"https:\/\/www.latitude-15.com\/fr\/la-guadeloupe-prepare-une-extension-de-150-millions-deuros-pour-renforcer-son-hub-aerien-regional\/#primaryimage"},"image":{"@id":"https:\/\/www.latitude-15.com\/fr\/la-guadeloupe-prepare-une-extension-de-150-millions-deuros-pour-renforcer-son-hub-aerien-regional\/#primaryimage"},"thumbnailUrl":"https:\/\/www.latitude-15.com\/wp-content\/uploads\/2026\/02\/img724628-1.png","datePublished":"2026-02-17T16:57:01+00:00","dateModified":"2026-02-18T02:13:48+00:00","breadcrumb":{"@id":"https:\/\/www.latitude-15.com\/fr\/la-guadeloupe-prepare-une-extension-de-150-millions-deuros-pour-renforcer-son-hub-aerien-regional\/#breadcrumb"},"inLanguage":"fr-FR","potentialAction":[{"@type":"ReadAction","target":["https:\/\/www.latitude-15.com\/fr\/la-guadeloupe-prepare-une-extension-de-150-millions-deuros-pour-renforcer-son-hub-aerien-regional\/"]}]},{"@type":"ImageObject","inLanguage":"fr-FR","@id":"https:\/\/www.latitude-15.com\/fr\/la-guadeloupe-prepare-une-extension-de-150-millions-deuros-pour-renforcer-son-hub-aerien-regional\/#primaryimage","url":"https:\/\/www.latitude-15.com\/wp-content\/uploads\/2026\/02\/img724628-1.png","contentUrl":"https:\/\/www.latitude-15.com\/wp-content\/uploads\/2026\/02\/img724628-1.png","width":1001,"height":787,"caption":"(c)Guadeloupe Maryse Cond\u00e9 International Airport"},{"@type":"BreadcrumbList","@id":"https:\/\/www.latitude-15.com\/fr\/la-guadeloupe-prepare-une-extension-de-150-millions-deuros-pour-renforcer-son-hub-aerien-regional\/#breadcrumb","itemListElement":[{"@type":"ListItem","position":1,"name":"Home","item":"https:\/\/www.latitude-15.com\/fr\/accueil\/"},{"@type":"ListItem","position":2,"name":"La Guadeloupe pr\u00e9pare une extension de 150 millions d\u2019euros pour renforcer son hub a\u00e9rien r\u00e9gional"}]},{"@type":"WebSite","@id":"https:\/\/www.latitude-15.com\/fr\/#website","url":"https:\/\/www.latitude-15.com\/fr\/","name":"LATITUDE 15","description":"Aviation and maritime Magazine - Caribbean &amp; Latin America","publisher":{"@id":"https:\/\/www.latitude-15.com\/fr\/#organization"},"potentialAction":[{"@type":"SearchAction","target":{"@type":"EntryPoint","urlTemplate":"https:\/\/www.latitude-15.com\/fr\/?s={search_term_string}"},"query-input":{"@type":"PropertyValueSpecification","valueRequired":true,"valueName":"search_term_string"}}],"inLanguage":"fr-FR"},{"@type":"Organization","@id":"https:\/\/www.latitude-15.com\/fr\/#organization","name":"LATITUDE 15","url":"https:\/\/www.latitude-15.com\/fr\/","logo":{"@type":"ImageObject","inLanguage":"fr-FR","@id":"https:\/\/www.latitude-15.com\/fr\/#\/schema\/logo\/image\/","url":"https:\/\/www.latitude-15.com\/wp-content\/uploads\/2026\/01\/cropped-logox500px.png","contentUrl":"https:\/\/www.latitude-15.com\/wp-content\/uploads\/2026\/01\/cropped-logox500px.png","width":62,"height":75,"caption":"LATITUDE 15"},"image":{"@id":"https:\/\/www.latitude-15.com\/fr\/#\/schema\/logo\/image\/"}},{"@type":"Person","@id":"https:\/\/www.latitude-15.com\/fr\/#\/schema\/person\/dac52e7ff44c78317f337da112e37252","name":"Joda J","image":{"@type":"ImageObject","inLanguage":"fr-FR","@id":"https:\/\/www.latitude-15.com\/fr\/#\/schema\/person\/image\/","url":"https:\/\/secure.gravatar.com\/avatar\/6b1feae555e15404b76616f92d931d12b25ac58024f14ccb43d9d3c012e4c4cf?s=96&d=mm&r=g","contentUrl":"https:\/\/secure.gravatar.com\/avatar\/6b1feae555e15404b76616f92d931d12b25ac58024f14ccb43d9d3c012e4c4cf?s=96&d=mm&r=g","caption":"Joda J"},"url":"https:\/\/www.latitude-15.com\/fr\/author\/joda\/"}]}},"_links":{"self":[{"href":"https:\/\/www.latitude-15.com\/fr\/wp-json\/wp\/v2\/posts\/20718","targetHints":{"allow":["GET"]}}],"collection":[{"href":"https:\/\/www.latitude-15.com\/fr\/wp-json\/wp\/v2\/posts"}],"about":[{"href":"https:\/\/www.latitude-15.com\/fr\/wp-json\/wp\/v2\/types\/post"}],"author":[{"embeddable":true,"href":"https:\/\/www.latitude-15.com\/fr\/wp-json\/wp\/v2\/users\/5"}],"replies":[{"embeddable":true,"href":"https:\/\/www.latitude-15.com\/fr\/wp-json\/wp\/v2\/comments?post=20718"}],"version-history":[{"count":1,"href":"https:\/\/www.latitude-15.com\/fr\/wp-json\/wp\/v2\/posts\/20718\/revisions"}],"predecessor-version":[{"id":20719,"href":"https:\/\/www.latitude-15.com\/fr\/wp-json\/wp\/v2\/posts\/20718\/revisions\/20719"}],"wp:featuredmedia":[{"embeddable":true,"href":"https:\/\/www.latitude-15.com\/fr\/wp-json\/wp\/v2\/media\/20717"}],"wp:attachment":[{"href":"https:\/\/www.latitude-15.com\/fr\/wp-json\/wp\/v2\/media?parent=20718"}],"wp:term":[{"taxonomy":"category","embeddable":true,"href":"https:\/\/www.latitude-15.com\/fr\/wp-json\/wp\/v2\/categories?post=20718"},{"taxonomy":"post_tag","embeddable":true,"href":"https:\/\/www.latitude-15.com\/fr\/wp-json\/wp\/v2\/tags?post=20718"}],"curies":[{"name":"wp","href":"https:\/\/api.w.org\/{rel}","templated":true}]}}