{"id":20680,"date":"2026-02-05T12:00:00","date_gmt":"2026-02-05T16:00:00","guid":{"rendered":"https:\/\/www.latitude-15.com\/caucedo-monte-en-puissance-ce-que-lexpansion-annoncee-par-dp-world-signifie-pour-la-logistique-caribeenne\/"},"modified":"2026-02-17T03:53:46","modified_gmt":"2026-02-17T07:53:46","slug":"caucedo-monte-en-puissance-ce-que-lexpansion-annoncee-par-dp-world-signifie-pour-la-logistique-caribeenne","status":"publish","type":"post","link":"https:\/\/www.latitude-15.com\/fr\/caucedo-monte-en-puissance-ce-que-lexpansion-annoncee-par-dp-world-signifie-pour-la-logistique-caribeenne\/","title":{"rendered":"Caucedo monte en puissance : ce que l\u2019expansion annonc\u00e9e par DP World signifie pour la logistique carib\u00e9enne"},"content":{"rendered":"\n<p>Le 11 d\u00e9cembre 2025, DP World a annonc\u00e9 une nouvelle phase d\u2019expansion du port de Caucedo, en R\u00e9publique dominicaine. Si la communication officielle met en avant une augmentation des capacit\u00e9s et l\u2019introduction de nouveaux \u00e9quipements, les implications vont bien au-del\u00e0 pour les acteurs du maritime et de la logistique. Cette initiative traduit une volont\u00e9 claire de positionner Caucedo comme une plateforme r\u00e9gionale capable non seulement d\u2019absorber la croissance du trafic, mais aussi de garantir une plus grande fiabilit\u00e9 op\u00e9rationnelle \u00e0 l\u2019\u00e9chelle du bassin carib\u00e9en.  <\/p>\n\n<p>Selon les informations communiqu\u00e9es par l\u2019op\u00e9rateur, la capacit\u00e9 cible du terminal atteindra 2,25 millions de TEU. En 2024, le volume trait\u00e9 s\u2019\u00e9levait \u00e0 environ 1,7 million de TEU. Cet \u00e9cart entre les volumes actuels et la capacit\u00e9 projet\u00e9e est significatif. Pour les compagnies maritimes et les chargeurs, il indique une marge op\u00e9rationnelle disponible \u00e0 un moment o\u00f9 la congestion, la reconstitution des rotations et les pics saisonniers restent des facteurs d\u00e9terminants dans la planification des r\u00e9seaux.   <\/p>\n\n<h2 class=\"wp-block-heading\">La capacit\u00e9 comme levier strat\u00e9gique : cr\u00e9er de la flexibilit\u00e9 et anticiper la croissance<\/h2>\n\n<p>D\u2019un point de vue op\u00e9rationnel, cette capacit\u00e9 suppl\u00e9mentaire apporte une flexibilit\u00e9 accrue. Les ports qui ne fonctionnent pas \u00e0 saturation sont mieux en mesure d\u2019absorber les variations de trafic, de r\u00e9duire les temps d\u2019attente et d\u2019offrir des d\u00e9lais de traitement plus pr\u00e9visibles. Dans un environnement marqu\u00e9 par une forte volatilit\u00e9, ces param\u00e8tres peuvent peser autant que les tarifs ou la localisation g\u00e9ographique dans les d\u00e9cisions de s\u00e9lection portuaire.  <\/p>\n\n<p>Au-del\u00e0 de la capacit\u00e9, DP World met l\u2019accent sur la modernisation des \u00e9quipements, avec un objectif de productivit\u00e9 et de transition \u00e9nerg\u00e9tique. L\u2019annonce confirme notamment le d\u00e9ploiement de 11 portiques ship-to-shore \u00e9lectriques, ainsi que la modernisation des \u00e9quipements de parc. Pour les acteurs du secteur, ces investissements r\u00e9pondent simultan\u00e9ment \u00e0 plusieurs enjeux concrets : am\u00e9lioration de la productivit\u00e9, r\u00e9duction potentielle des co\u00fbts \u00e9nerg\u00e9tiques et de maintenance \u00e0 long terme, et alignement renforc\u00e9 avec les exigences environnementales d\u00e9sormais int\u00e9gr\u00e9es dans les strat\u00e9gies d\u2019approvisionnement de nombreux chargeurs. Les crit\u00e8res ESG, longtemps consid\u00e9r\u00e9s comme secondaires, deviennent progressivement un facteur op\u00e9rationnel de comp\u00e9titivit\u00e9 portuaire.   <\/p>\n\n<h2 class=\"wp-block-heading\">Productivit\u00e9 et transition \u00e9nerg\u00e9tique comme facteurs de diff\u00e9renciation<\/h2>\n\n<p>Un autre aspect structurant de cette expansion r\u00e9side dans le positionnement strat\u00e9gique du site. DP World pr\u00e9sente Caucedo non plus seulement comme un terminal \u00e0 conteneurs, mais comme une plateforme logistique int\u00e9gr\u00e9e, combinant infrastructures portuaires et services logistiques \u00e0 valeur ajout\u00e9e. Cette approche vise \u00e0 capter davantage de valeur au-del\u00e0 des seules op\u00e9rations de manutention maritime, en proposant des services tels que l\u2019entreposage, le traitement des marchandises et la facilitation des proc\u00e9dures douani\u00e8res. Pour les transitaires et les chargeurs, cette int\u00e9gration peut se traduire par une meilleure visibilit\u00e9 sur les flux, une r\u00e9duction des ruptures de charge et une plus grande r\u00e9silience des cha\u00eenes logistiques.   <\/p>\n\n<h2 class=\"wp-block-heading\">Au-del\u00e0 du terminal : Caucedo comme plateforme logistique r\u00e9gionale<\/h2>\n\n<p>Dans le contexte carib\u00e9en, cette expansion intervient dans un environnement fortement concurrentiel. Plusieurs ports de la r\u00e9gion jouent d\u00e9j\u00e0 un r\u00f4le central dans les op\u00e9rations de transbordement et de redistribution entre l\u2019Am\u00e9rique du Nord, l\u2019Am\u00e9rique latine et les Cara\u00efbes. L\u2019enjeu ne se limite donc pas \u00e0 l\u2019attraction des volumes, mais repose \u00e9galement sur des crit\u00e8res de plus en plus exigeants : fiabilit\u00e9 des escales, rapidit\u00e9 des rotations, qualit\u00e9 de la connectivit\u00e9 maritime et efficacit\u00e9 des op\u00e9rations terrestres. Les travaux de r\u00e9f\u00e9rence men\u00e9s par la Banque mondiale, notamment \u00e0 travers le Container Port Performance Index, confirment que la performance op\u00e9rationnelle est d\u00e9sormais un facteur aussi d\u00e9terminant que la taille dans l\u2019attractivit\u00e9 des ports.   <\/p>\n\n<p>L\u2019expansion de Caucedo s\u2019inscrit \u00e9galement dans une dynamique plus large de transformation des cha\u00eenes logistiques entre les Am\u00e9riques et les Cara\u00efbes. La recherche de solutions de nearshoring et de hubs r\u00e9gionaux capables de soutenir des cha\u00eenes d\u2019approvisionnement plus courtes et plus r\u00e9silientes renforce l\u2019attractivit\u00e9 des ports disposant de capacit\u00e9s disponibles et d\u2019une connectivit\u00e9 solide. Dans ce contexte, la R\u00e9publique dominicaine b\u00e9n\u00e9ficie d\u2019atouts g\u00e9ographiques et logistiques que cette nouvelle phase d\u2019investissement vise \u00e0 consolider.  <\/p>\n\n<p>En se limitant strictement aux \u00e9l\u00e9ments annonc\u00e9s officiellement le 11 d\u00e9cembre 2025, cette expansion ne red\u00e9finit pas, \u00e0 elle seule, les parts de march\u00e9 r\u00e9gionales. Elle envoie n\u00e9anmoins un signal clair aux acteurs du secteur maritime et logistique : Caucedo entend renforcer sa position au sein de l\u2019architecture logistique carib\u00e9enne, en combinant augmentation de capacit\u00e9, am\u00e9lioration de la qualit\u00e9 de service et fiabilit\u00e9 op\u00e9rationnelle accrue. Pour les professionnels du secteur, cette \u00e9volution constitue un \u00e9l\u00e9ment strat\u00e9gique \u00e0 suivre de pr\u00e8s dans l\u2019\u00e9valuation des futurs choix portuaires et des strat\u00e9gies r\u00e9gionales.  <\/p>\n","protected":false},"excerpt":{"rendered":"<p>Le 11 d\u00e9cembre 2025, DP World a annonc\u00e9 une nouvelle phase d\u2019expansion du port de Caucedo, en R\u00e9publique dominicaine. Si la communication officielle met en avant une augmentation des capacit\u00e9s et l\u2019introduction de nouveaux \u00e9quipements, les implications vont bien au-del\u00e0 pour les acteurs du maritime et de la logistique. Cette initiative traduit une volont\u00e9 claire [&hellip;]<\/p>\n","protected":false},"author":5,"featured_media":20679,"comment_status":"open","ping_status":"open","sticky":false,"template":"","format":"standard","meta":{"footnotes":""},"categories":[118],"tags":[],"class_list":["post-20680","post","type-post","status-publish","format-standard","has-post-thumbnail","hentry","category-maritime-fr"],"yoast_head":"<!-- This site is optimized with the Yoast SEO plugin v26.9 - https:\/\/yoast.com\/product\/yoast-seo-wordpress\/ -->\n<title>Caucedo monte en puissance : ce que l\u2019expansion annonc\u00e9e par DP World signifie pour la logistique carib\u00e9enne - LATITUDE 15<\/title>\n<meta name=\"robots\" content=\"index, follow, max-snippet:-1, max-image-preview:large, max-video-preview:-1\" \/>\n<link rel=\"canonical\" href=\"https:\/\/www.latitude-15.com\/fr\/caucedo-monte-en-puissance-ce-que-lexpansion-annoncee-par-dp-world-signifie-pour-la-logistique-caribeenne\/\" \/>\n<meta property=\"og:locale\" content=\"fr_FR\" \/>\n<meta property=\"og:type\" content=\"article\" \/>\n<meta property=\"og:title\" content=\"Caucedo monte en puissance : ce que l\u2019expansion annonc\u00e9e par DP World signifie pour la logistique carib\u00e9enne - LATITUDE 15\" \/>\n<meta property=\"og:description\" content=\"Le 11 d\u00e9cembre 2025, DP World a annonc\u00e9 une nouvelle phase d\u2019expansion du port de Caucedo, en R\u00e9publique dominicaine. Si la communication officielle met en avant une augmentation des capacit\u00e9s et l\u2019introduction de nouveaux \u00e9quipements, les implications vont bien au-del\u00e0 pour les acteurs du maritime et de la logistique. Cette initiative traduit une volont\u00e9 claire [&hellip;]\" \/>\n<meta property=\"og:url\" content=\"https:\/\/www.latitude-15.com\/fr\/caucedo-monte-en-puissance-ce-que-lexpansion-annoncee-par-dp-world-signifie-pour-la-logistique-caribeenne\/\" \/>\n<meta property=\"og:site_name\" content=\"LATITUDE 15\" \/>\n<meta property=\"article:published_time\" content=\"2026-02-05T16:00:00+00:00\" \/>\n<meta property=\"article:modified_time\" content=\"2026-02-17T07:53:46+00:00\" \/>\n<meta property=\"og:image\" content=\"https:\/\/www.latitude-15.com\/wp-content\/uploads\/2026\/02\/2-1.jpg\" \/>\n\t<meta property=\"og:image:width\" content=\"1744\" \/>\n\t<meta property=\"og:image:height\" content=\"1156\" \/>\n\t<meta property=\"og:image:type\" content=\"image\/jpeg\" \/>\n<meta name=\"author\" content=\"Joda J\" \/>\n<meta name=\"twitter:card\" content=\"summary_large_image\" \/>\n<meta name=\"twitter:label1\" content=\"\u00c9crit par\" \/>\n\t<meta name=\"twitter:data1\" content=\"Joda J\" \/>\n\t<meta name=\"twitter:label2\" content=\"Dur\u00e9e de lecture estim\u00e9e\" \/>\n\t<meta name=\"twitter:data2\" content=\"4 minutes\" \/>\n<script type=\"application\/ld+json\" class=\"yoast-schema-graph\">{\"@context\":\"https:\/\/schema.org\",\"@graph\":[{\"@type\":\"Article\",\"@id\":\"https:\/\/www.latitude-15.com\/fr\/caucedo-monte-en-puissance-ce-que-lexpansion-annoncee-par-dp-world-signifie-pour-la-logistique-caribeenne\/#article\",\"isPartOf\":{\"@id\":\"https:\/\/www.latitude-15.com\/fr\/caucedo-monte-en-puissance-ce-que-lexpansion-annoncee-par-dp-world-signifie-pour-la-logistique-caribeenne\/\"},\"author\":{\"name\":\"Joda J\",\"@id\":\"https:\/\/www.latitude-15.com\/fr\/#\/schema\/person\/dac52e7ff44c78317f337da112e37252\"},\"headline\":\"Caucedo monte en puissance : ce que l\u2019expansion annonc\u00e9e par DP World signifie pour la logistique carib\u00e9enne\",\"datePublished\":\"2026-02-05T16:00:00+00:00\",\"dateModified\":\"2026-02-17T07:53:46+00:00\",\"mainEntityOfPage\":{\"@id\":\"https:\/\/www.latitude-15.com\/fr\/caucedo-monte-en-puissance-ce-que-lexpansion-annoncee-par-dp-world-signifie-pour-la-logistique-caribeenne\/\"},\"wordCount\":856,\"commentCount\":0,\"publisher\":{\"@id\":\"https:\/\/www.latitude-15.com\/fr\/#organization\"},\"image\":{\"@id\":\"https:\/\/www.latitude-15.com\/fr\/caucedo-monte-en-puissance-ce-que-lexpansion-annoncee-par-dp-world-signifie-pour-la-logistique-caribeenne\/#primaryimage\"},\"thumbnailUrl\":\"https:\/\/www.latitude-15.com\/wp-content\/uploads\/2026\/02\/2-1.jpg\",\"articleSection\":[\"MARITIME\"],\"inLanguage\":\"fr-FR\",\"potentialAction\":[{\"@type\":\"CommentAction\",\"name\":\"Comment\",\"target\":[\"https:\/\/www.latitude-15.com\/fr\/caucedo-monte-en-puissance-ce-que-lexpansion-annoncee-par-dp-world-signifie-pour-la-logistique-caribeenne\/#respond\"]}]},{\"@type\":\"WebPage\",\"@id\":\"https:\/\/www.latitude-15.com\/fr\/caucedo-monte-en-puissance-ce-que-lexpansion-annoncee-par-dp-world-signifie-pour-la-logistique-caribeenne\/\",\"url\":\"https:\/\/www.latitude-15.com\/fr\/caucedo-monte-en-puissance-ce-que-lexpansion-annoncee-par-dp-world-signifie-pour-la-logistique-caribeenne\/\",\"name\":\"Caucedo monte en puissance : ce que l\u2019expansion annonc\u00e9e par DP World signifie pour la logistique carib\u00e9enne - LATITUDE 15\",\"isPartOf\":{\"@id\":\"https:\/\/www.latitude-15.com\/fr\/#website\"},\"primaryImageOfPage\":{\"@id\":\"https:\/\/www.latitude-15.com\/fr\/caucedo-monte-en-puissance-ce-que-lexpansion-annoncee-par-dp-world-signifie-pour-la-logistique-caribeenne\/#primaryimage\"},\"image\":{\"@id\":\"https:\/\/www.latitude-15.com\/fr\/caucedo-monte-en-puissance-ce-que-lexpansion-annoncee-par-dp-world-signifie-pour-la-logistique-caribeenne\/#primaryimage\"},\"thumbnailUrl\":\"https:\/\/www.latitude-15.com\/wp-content\/uploads\/2026\/02\/2-1.jpg\",\"datePublished\":\"2026-02-05T16:00:00+00:00\",\"dateModified\":\"2026-02-17T07:53:46+00:00\",\"breadcrumb\":{\"@id\":\"https:\/\/www.latitude-15.com\/fr\/caucedo-monte-en-puissance-ce-que-lexpansion-annoncee-par-dp-world-signifie-pour-la-logistique-caribeenne\/#breadcrumb\"},\"inLanguage\":\"fr-FR\",\"potentialAction\":[{\"@type\":\"ReadAction\",\"target\":[\"https:\/\/www.latitude-15.com\/fr\/caucedo-monte-en-puissance-ce-que-lexpansion-annoncee-par-dp-world-signifie-pour-la-logistique-caribeenne\/\"]}]},{\"@type\":\"ImageObject\",\"inLanguage\":\"fr-FR\",\"@id\":\"https:\/\/www.latitude-15.com\/fr\/caucedo-monte-en-puissance-ce-que-lexpansion-annoncee-par-dp-world-signifie-pour-la-logistique-caribeenne\/#primaryimage\",\"url\":\"https:\/\/www.latitude-15.com\/wp-content\/uploads\/2026\/02\/2-1.jpg\",\"contentUrl\":\"https:\/\/www.latitude-15.com\/wp-content\/uploads\/2026\/02\/2-1.jpg\",\"width\":1744,\"height\":1156,\"caption\":\"Caucedo port\"},{\"@type\":\"BreadcrumbList\",\"@id\":\"https:\/\/www.latitude-15.com\/fr\/caucedo-monte-en-puissance-ce-que-lexpansion-annoncee-par-dp-world-signifie-pour-la-logistique-caribeenne\/#breadcrumb\",\"itemListElement\":[{\"@type\":\"ListItem\",\"position\":1,\"name\":\"Home\",\"item\":\"https:\/\/www.latitude-15.com\/fr\/accueil\/\"},{\"@type\":\"ListItem\",\"position\":2,\"name\":\"Caucedo monte en puissance : ce que l\u2019expansion annonc\u00e9e par DP World signifie pour la logistique carib\u00e9enne\"}]},{\"@type\":\"WebSite\",\"@id\":\"https:\/\/www.latitude-15.com\/fr\/#website\",\"url\":\"https:\/\/www.latitude-15.com\/fr\/\",\"name\":\"LATITUDE 15\",\"description\":\"Aviation and maritime Magazine - Caribbean &amp; Latin America\",\"publisher\":{\"@id\":\"https:\/\/www.latitude-15.com\/fr\/#organization\"},\"potentialAction\":[{\"@type\":\"SearchAction\",\"target\":{\"@type\":\"EntryPoint\",\"urlTemplate\":\"https:\/\/www.latitude-15.com\/fr\/?s={search_term_string}\"},\"query-input\":{\"@type\":\"PropertyValueSpecification\",\"valueRequired\":true,\"valueName\":\"search_term_string\"}}],\"inLanguage\":\"fr-FR\"},{\"@type\":\"Organization\",\"@id\":\"https:\/\/www.latitude-15.com\/fr\/#organization\",\"name\":\"LATITUDE 15\",\"url\":\"https:\/\/www.latitude-15.com\/fr\/\",\"logo\":{\"@type\":\"ImageObject\",\"inLanguage\":\"fr-FR\",\"@id\":\"https:\/\/www.latitude-15.com\/fr\/#\/schema\/logo\/image\/\",\"url\":\"https:\/\/www.latitude-15.com\/wp-content\/uploads\/2026\/01\/cropped-logox500px.png\",\"contentUrl\":\"https:\/\/www.latitude-15.com\/wp-content\/uploads\/2026\/01\/cropped-logox500px.png\",\"width\":62,\"height\":75,\"caption\":\"LATITUDE 15\"},\"image\":{\"@id\":\"https:\/\/www.latitude-15.com\/fr\/#\/schema\/logo\/image\/\"}},{\"@type\":\"Person\",\"@id\":\"https:\/\/www.latitude-15.com\/fr\/#\/schema\/person\/dac52e7ff44c78317f337da112e37252\",\"name\":\"Joda J\",\"image\":{\"@type\":\"ImageObject\",\"inLanguage\":\"fr-FR\",\"@id\":\"https:\/\/www.latitude-15.com\/fr\/#\/schema\/person\/image\/\",\"url\":\"https:\/\/secure.gravatar.com\/avatar\/6b1feae555e15404b76616f92d931d12b25ac58024f14ccb43d9d3c012e4c4cf?s=96&d=mm&r=g\",\"contentUrl\":\"https:\/\/secure.gravatar.com\/avatar\/6b1feae555e15404b76616f92d931d12b25ac58024f14ccb43d9d3c012e4c4cf?s=96&d=mm&r=g\",\"caption\":\"Joda J\"},\"url\":\"https:\/\/www.latitude-15.com\/fr\/author\/joda\/\"}]}<\/script>\n<!-- \/ Yoast SEO plugin. -->","yoast_head_json":{"title":"Caucedo monte en puissance : ce que l\u2019expansion annonc\u00e9e par DP World signifie pour la logistique carib\u00e9enne - LATITUDE 15","robots":{"index":"index","follow":"follow","max-snippet":"max-snippet:-1","max-image-preview":"max-image-preview:large","max-video-preview":"max-video-preview:-1"},"canonical":"https:\/\/www.latitude-15.com\/fr\/caucedo-monte-en-puissance-ce-que-lexpansion-annoncee-par-dp-world-signifie-pour-la-logistique-caribeenne\/","og_locale":"fr_FR","og_type":"article","og_title":"Caucedo monte en puissance : ce que l\u2019expansion annonc\u00e9e par DP World signifie pour la logistique carib\u00e9enne - LATITUDE 15","og_description":"Le 11 d\u00e9cembre 2025, DP World a annonc\u00e9 une nouvelle phase d\u2019expansion du port de Caucedo, en R\u00e9publique dominicaine. Si la communication officielle met en avant une augmentation des capacit\u00e9s et l\u2019introduction de nouveaux \u00e9quipements, les implications vont bien au-del\u00e0 pour les acteurs du maritime et de la logistique. Cette initiative traduit une volont\u00e9 claire [&hellip;]","og_url":"https:\/\/www.latitude-15.com\/fr\/caucedo-monte-en-puissance-ce-que-lexpansion-annoncee-par-dp-world-signifie-pour-la-logistique-caribeenne\/","og_site_name":"LATITUDE 15","article_published_time":"2026-02-05T16:00:00+00:00","article_modified_time":"2026-02-17T07:53:46+00:00","og_image":[{"width":1744,"height":1156,"url":"https:\/\/www.latitude-15.com\/wp-content\/uploads\/2026\/02\/2-1.jpg","type":"image\/jpeg"}],"author":"Joda J","twitter_card":"summary_large_image","twitter_misc":{"\u00c9crit par":"Joda J","Dur\u00e9e de lecture estim\u00e9e":"4 minutes"},"schema":{"@context":"https:\/\/schema.org","@graph":[{"@type":"Article","@id":"https:\/\/www.latitude-15.com\/fr\/caucedo-monte-en-puissance-ce-que-lexpansion-annoncee-par-dp-world-signifie-pour-la-logistique-caribeenne\/#article","isPartOf":{"@id":"https:\/\/www.latitude-15.com\/fr\/caucedo-monte-en-puissance-ce-que-lexpansion-annoncee-par-dp-world-signifie-pour-la-logistique-caribeenne\/"},"author":{"name":"Joda J","@id":"https:\/\/www.latitude-15.com\/fr\/#\/schema\/person\/dac52e7ff44c78317f337da112e37252"},"headline":"Caucedo monte en puissance : ce que l\u2019expansion annonc\u00e9e par DP World signifie pour la logistique carib\u00e9enne","datePublished":"2026-02-05T16:00:00+00:00","dateModified":"2026-02-17T07:53:46+00:00","mainEntityOfPage":{"@id":"https:\/\/www.latitude-15.com\/fr\/caucedo-monte-en-puissance-ce-que-lexpansion-annoncee-par-dp-world-signifie-pour-la-logistique-caribeenne\/"},"wordCount":856,"commentCount":0,"publisher":{"@id":"https:\/\/www.latitude-15.com\/fr\/#organization"},"image":{"@id":"https:\/\/www.latitude-15.com\/fr\/caucedo-monte-en-puissance-ce-que-lexpansion-annoncee-par-dp-world-signifie-pour-la-logistique-caribeenne\/#primaryimage"},"thumbnailUrl":"https:\/\/www.latitude-15.com\/wp-content\/uploads\/2026\/02\/2-1.jpg","articleSection":["MARITIME"],"inLanguage":"fr-FR","potentialAction":[{"@type":"CommentAction","name":"Comment","target":["https:\/\/www.latitude-15.com\/fr\/caucedo-monte-en-puissance-ce-que-lexpansion-annoncee-par-dp-world-signifie-pour-la-logistique-caribeenne\/#respond"]}]},{"@type":"WebPage","@id":"https:\/\/www.latitude-15.com\/fr\/caucedo-monte-en-puissance-ce-que-lexpansion-annoncee-par-dp-world-signifie-pour-la-logistique-caribeenne\/","url":"https:\/\/www.latitude-15.com\/fr\/caucedo-monte-en-puissance-ce-que-lexpansion-annoncee-par-dp-world-signifie-pour-la-logistique-caribeenne\/","name":"Caucedo monte en puissance : ce que l\u2019expansion annonc\u00e9e par DP World signifie pour la logistique carib\u00e9enne - LATITUDE 15","isPartOf":{"@id":"https:\/\/www.latitude-15.com\/fr\/#website"},"primaryImageOfPage":{"@id":"https:\/\/www.latitude-15.com\/fr\/caucedo-monte-en-puissance-ce-que-lexpansion-annoncee-par-dp-world-signifie-pour-la-logistique-caribeenne\/#primaryimage"},"image":{"@id":"https:\/\/www.latitude-15.com\/fr\/caucedo-monte-en-puissance-ce-que-lexpansion-annoncee-par-dp-world-signifie-pour-la-logistique-caribeenne\/#primaryimage"},"thumbnailUrl":"https:\/\/www.latitude-15.com\/wp-content\/uploads\/2026\/02\/2-1.jpg","datePublished":"2026-02-05T16:00:00+00:00","dateModified":"2026-02-17T07:53:46+00:00","breadcrumb":{"@id":"https:\/\/www.latitude-15.com\/fr\/caucedo-monte-en-puissance-ce-que-lexpansion-annoncee-par-dp-world-signifie-pour-la-logistique-caribeenne\/#breadcrumb"},"inLanguage":"fr-FR","potentialAction":[{"@type":"ReadAction","target":["https:\/\/www.latitude-15.com\/fr\/caucedo-monte-en-puissance-ce-que-lexpansion-annoncee-par-dp-world-signifie-pour-la-logistique-caribeenne\/"]}]},{"@type":"ImageObject","inLanguage":"fr-FR","@id":"https:\/\/www.latitude-15.com\/fr\/caucedo-monte-en-puissance-ce-que-lexpansion-annoncee-par-dp-world-signifie-pour-la-logistique-caribeenne\/#primaryimage","url":"https:\/\/www.latitude-15.com\/wp-content\/uploads\/2026\/02\/2-1.jpg","contentUrl":"https:\/\/www.latitude-15.com\/wp-content\/uploads\/2026\/02\/2-1.jpg","width":1744,"height":1156,"caption":"Caucedo port"},{"@type":"BreadcrumbList","@id":"https:\/\/www.latitude-15.com\/fr\/caucedo-monte-en-puissance-ce-que-lexpansion-annoncee-par-dp-world-signifie-pour-la-logistique-caribeenne\/#breadcrumb","itemListElement":[{"@type":"ListItem","position":1,"name":"Home","item":"https:\/\/www.latitude-15.com\/fr\/accueil\/"},{"@type":"ListItem","position":2,"name":"Caucedo monte en puissance : ce que l\u2019expansion annonc\u00e9e par DP World signifie pour la logistique carib\u00e9enne"}]},{"@type":"WebSite","@id":"https:\/\/www.latitude-15.com\/fr\/#website","url":"https:\/\/www.latitude-15.com\/fr\/","name":"LATITUDE 15","description":"Aviation and maritime Magazine - Caribbean &amp; Latin America","publisher":{"@id":"https:\/\/www.latitude-15.com\/fr\/#organization"},"potentialAction":[{"@type":"SearchAction","target":{"@type":"EntryPoint","urlTemplate":"https:\/\/www.latitude-15.com\/fr\/?s={search_term_string}"},"query-input":{"@type":"PropertyValueSpecification","valueRequired":true,"valueName":"search_term_string"}}],"inLanguage":"fr-FR"},{"@type":"Organization","@id":"https:\/\/www.latitude-15.com\/fr\/#organization","name":"LATITUDE 15","url":"https:\/\/www.latitude-15.com\/fr\/","logo":{"@type":"ImageObject","inLanguage":"fr-FR","@id":"https:\/\/www.latitude-15.com\/fr\/#\/schema\/logo\/image\/","url":"https:\/\/www.latitude-15.com\/wp-content\/uploads\/2026\/01\/cropped-logox500px.png","contentUrl":"https:\/\/www.latitude-15.com\/wp-content\/uploads\/2026\/01\/cropped-logox500px.png","width":62,"height":75,"caption":"LATITUDE 15"},"image":{"@id":"https:\/\/www.latitude-15.com\/fr\/#\/schema\/logo\/image\/"}},{"@type":"Person","@id":"https:\/\/www.latitude-15.com\/fr\/#\/schema\/person\/dac52e7ff44c78317f337da112e37252","name":"Joda J","image":{"@type":"ImageObject","inLanguage":"fr-FR","@id":"https:\/\/www.latitude-15.com\/fr\/#\/schema\/person\/image\/","url":"https:\/\/secure.gravatar.com\/avatar\/6b1feae555e15404b76616f92d931d12b25ac58024f14ccb43d9d3c012e4c4cf?s=96&d=mm&r=g","contentUrl":"https:\/\/secure.gravatar.com\/avatar\/6b1feae555e15404b76616f92d931d12b25ac58024f14ccb43d9d3c012e4c4cf?s=96&d=mm&r=g","caption":"Joda J"},"url":"https:\/\/www.latitude-15.com\/fr\/author\/joda\/"}]}},"_links":{"self":[{"href":"https:\/\/www.latitude-15.com\/fr\/wp-json\/wp\/v2\/posts\/20680","targetHints":{"allow":["GET"]}}],"collection":[{"href":"https:\/\/www.latitude-15.com\/fr\/wp-json\/wp\/v2\/posts"}],"about":[{"href":"https:\/\/www.latitude-15.com\/fr\/wp-json\/wp\/v2\/types\/post"}],"author":[{"embeddable":true,"href":"https:\/\/www.latitude-15.com\/fr\/wp-json\/wp\/v2\/users\/5"}],"replies":[{"embeddable":true,"href":"https:\/\/www.latitude-15.com\/fr\/wp-json\/wp\/v2\/comments?post=20680"}],"version-history":[{"count":3,"href":"https:\/\/www.latitude-15.com\/fr\/wp-json\/wp\/v2\/posts\/20680\/revisions"}],"predecessor-version":[{"id":20684,"href":"https:\/\/www.latitude-15.com\/fr\/wp-json\/wp\/v2\/posts\/20680\/revisions\/20684"}],"wp:featuredmedia":[{"embeddable":true,"href":"https:\/\/www.latitude-15.com\/fr\/wp-json\/wp\/v2\/media\/20679"}],"wp:attachment":[{"href":"https:\/\/www.latitude-15.com\/fr\/wp-json\/wp\/v2\/media?parent=20680"}],"wp:term":[{"taxonomy":"category","embeddable":true,"href":"https:\/\/www.latitude-15.com\/fr\/wp-json\/wp\/v2\/categories?post=20680"},{"taxonomy":"post_tag","embeddable":true,"href":"https:\/\/www.latitude-15.com\/fr\/wp-json\/wp\/v2\/tags?post=20680"}],"curies":[{"name":"wp","href":"https:\/\/api.w.org\/{rel}","templated":true}]}}