{"id":20671,"date":"2026-02-13T15:11:45","date_gmt":"2026-02-13T19:11:45","guid":{"rendered":"https:\/\/www.latitude-15.com\/trafic-aerien-en-amerique-latine-et-dans-les-caraibes-5-en-2025-simple-consolidation-ou-veritable-inflexion-structurelle\/"},"modified":"2026-02-17T02:49:00","modified_gmt":"2026-02-17T06:49:00","slug":"trafic-aerien-en-amerique-latine-et-dans-les-caraibes-5-en-2025-simple-consolidation-ou-veritable-inflexion-structurelle","status":"publish","type":"post","link":"https:\/\/www.latitude-15.com\/fr\/trafic-aerien-en-amerique-latine-et-dans-les-caraibes-5-en-2025-simple-consolidation-ou-veritable-inflexion-structurelle\/","title":{"rendered":"Trafic a\u00e9rien en Am\u00e9rique latine et dans les Cara\u00efbes : +5 % en 2025, simple consolidation ou v\u00e9ritable inflexion structurelle ?"},"content":{"rendered":"\n<p>Les donn\u00e9es pr\u00e9liminaires publi\u00e9es pour 2025 par Airports Council International Latin America and the Caribbean (ACI-LAC) confirment une hausse d\u2019environ 5 % du trafic passagers en Am\u00e9rique latine et dans les Cara\u00efbes par rapport \u00e0 2024. Ce chiffre s\u2019inscrit dans une dynamique de continuit\u00e9. Toutefois, pour les gestionnaires d\u2019a\u00e9roports, les r\u00e9gulateurs et les investisseurs en infrastructures, l\u2019enjeu ne r\u00e9side pas tant dans le pourcentage lui-m\u00eame que dans ce qu\u2019il r\u00e9v\u00e8le sur l\u2019\u00e9volution structurelle du secteur dans la r\u00e9gion.  <\/p>\n\n<p>Le choc provoqu\u00e9 par la pand\u00e9mie entre 2020 et 2022 a profond\u00e9ment transform\u00e9 les fondamentaux de l\u2019aviation sur le continent. Les march\u00e9s domestiques du Br\u00e9sil, du Mexique et de la Colombie ont rebondi plus rapidement, att\u00e9nuant le recul global du trafic. \u00c0 l\u2019inverse, plusieurs \u00e9conomies carib\u00e9ennes \u2014 structurellement d\u00e9pendantes du tourisme international \u2014 sont rest\u00e9es plus longtemps expos\u00e9es aux fluctuations externes. En 2024, la plupart des principaux march\u00e9s avaient retrouv\u00e9, voire l\u00e9g\u00e8rement d\u00e9pass\u00e9, leurs niveaux de 2019. La progression observ\u00e9e en 2025 ne correspond donc pas \u00e0 un simple rebond post-crise, mais \u00e0 une phase de consolidation dans un environnement d\u00e9sormais stabilis\u00e9.     <\/p>\n\n<h2 class=\"wp-block-heading\">Du rebond \u00e0 la stabilisation<\/h2>\n\n<p>Ce qui distingue 2025 des ann\u00e9es pr\u00e9c\u00e9dentes, c\u2019est la normalisation des dynamiques de trafic. Les compagnies a\u00e9riennes ne se contentent plus de r\u00e9tablir massivement des routes suspendues ; elles optimisent d\u00e9sormais leurs r\u00e9seaux. Le d\u00e9ploiement de capacit\u00e9 s\u2019effectue de mani\u00e8re plus disciplin\u00e9e. Les coefficients de remplissage se stabilisent. Le secteur est pass\u00e9 d\u2019une phase de reconstruction d\u2019urgence \u00e0 une logique d\u2019expansion ma\u00eetris\u00e9e.    <\/p>\n\n<p>Toutefois, cette moyenne r\u00e9gionale masque des disparit\u00e9s importantes.<\/p>\n\n<p>La croissance n\u2019a pas \u00e9t\u00e9 uniforme. Dans les principales \u00e9conomies d\u2019Am\u00e9rique du Sud, les r\u00e9seaux domestiques continuent de constituer le socle du trafic a\u00e9roportuaire. Dans les Cara\u00efbes, les flux internationaux restent dominants, avec des performances \u00e9troitement corr\u00e9l\u00e9es \u00e0 la demande sortante nord-am\u00e9ricaine. La solidit\u00e9 du march\u00e9 touristique am\u00e9ricain a soutenu plusieurs destinations insulaires, renfor\u00e7ant leur d\u00e9pendance structurelle aux corridors touristiques internationaux.   <\/p>\n\n<p>Parall\u00e8lement, les grands hubs ont consolid\u00e9 leur r\u00f4le strat\u00e9gique. Panama City, Bogot\u00e1, S\u00e3o Paulo et Canc\u00fan concentrent une part disproportionn\u00e9e du trafic, b\u00e9n\u00e9ficiant \u00e0 la fois de la rationalisation des r\u00e9seaux et de leur position g\u00e9ographique avantageuse. Les compagnies a\u00e9riennes ont progressivement concentr\u00e9 leurs capacit\u00e9s sur des plateformes de correspondance performantes, renfor\u00e7ant la connectivit\u00e9 tout en r\u00e9duisant la fragmentation op\u00e9rationnelle.  <\/p>\n\n<p>Les compagnies low-cost ont \u00e9galement jou\u00e9 un r\u00f4le d\u00e9terminant. Leur expansion transfrontali\u00e8re en Am\u00e9rique du Sud et leur pr\u00e9sence croissante dans certaines zones des Cara\u00efbes ont stimul\u00e9 la demande au-del\u00e0 des structures traditionnelles. Une partie de la croissance enregistr\u00e9e en 2025 refl\u00e8te ainsi un effet de stimulation du march\u00e9, et non uniquement un cycle de reprise.  <\/p>\n\n<h2 class=\"wp-block-heading\">Des infrastructures sous pression<\/h2>\n\n<p>Une croissance durable du trafic exerce in\u00e9vitablement une pression sur les infrastructures existantes. Plusieurs hubs majeurs approchent de leurs limites op\u00e9rationnelles, notamment aux heures de pointe. Des programmes d\u2019expansion sont en cours dans plusieurs pays, souvent dans le cadre de concessions, qui ont contribu\u00e9 \u00e0 maintenir une relative stabilit\u00e9 financi\u00e8re malgr\u00e9 les fluctuations mon\u00e9taires.  <\/p>\n\n<p>Toutefois, une croissance non accompagn\u00e9e d\u2019investissements synchronis\u00e9s dans les infrastructures risque d\u2019entra\u00eener une d\u00e9gradation de la qualit\u00e9 de service. Saturation des terminaux, congestion c\u00f4t\u00e9 piste et limitations des acc\u00e8s terrestres pourraient rapidement freiner l\u2019expansion si les investissements ne suivent pas la dynamique de la demande. <\/p>\n\n<p>Dans les Cara\u00efbes, les vuln\u00e9rabilit\u00e9s d\u00e9passent la seule capacit\u00e9 physique. La r\u00e9silience \u00e9nerg\u00e9tique, l\u2019exposition aux \u00e9v\u00e9nements climatiques extr\u00eames et l\u2019adaptation \u00e0 long terme au changement climatique deviennent des \u00e9l\u00e9ments structurants de la planification a\u00e9roportuaire. Dans ce contexte, la croissance du trafic ne peut \u00eatre analys\u00e9e ind\u00e9pendamment des enjeux de gestion des risques.  <\/p>\n\n<h2 class=\"wp-block-heading\">Des fragilit\u00e9s structurelles persistantes<\/h2>\n\n<p>Les performances du secteur a\u00e9rien restent \u00e9troitement li\u00e9es aux variables macro\u00e9conomiques r\u00e9gionales. Les fluctuations mon\u00e9taires affectent directement la rentabilit\u00e9 des compagnies a\u00e9riennes et la viabilit\u00e9 financi\u00e8re des concessions. Les transitions politiques dans certains pays peuvent influencer la continuit\u00e9 r\u00e9glementaire. La stabilit\u00e9 de l\u2019approvisionnement en carburant, bien que globalement assur\u00e9e \u00e0 l\u2019\u00e9chelle r\u00e9gionale, demeure un facteur critique dans certains march\u00e9s insulaires.   <\/p>\n\n<p>Ces \u00e9l\u00e9ments ne remettent pas en cause la progression de 5 %, mais en conditionnent la durabilit\u00e9.<\/p>\n\n<h2 class=\"wp-block-heading\">Vers une transformation structurelle ou un plateau conjoncturel ?<\/h2>\n\n<p>L\u2019interpr\u00e9tation strat\u00e9gique des donn\u00e9es de 2025 d\u00e9pend du prisme d\u2019analyse. Cette progression peut marquer la derni\u00e8re phase de normalisation statistique post-pand\u00e9mie, avant un retour \u00e0 une croissance align\u00e9e sur les fondamentaux \u00e9conomiques r\u00e9gionaux. Elle peut \u00e9galement refl\u00e9ter la consolidation d\u2019un march\u00e9 a\u00e9rien plus int\u00e9gr\u00e9, caract\u00e9ris\u00e9 par la concentration des hubs et l\u2019expansion des compagnies low-cost. \u00c0 l\u2019inverse, elle pourrait pr\u00e9c\u00e9der une phase de ralentissement si les conditions macro\u00e9conomiques se d\u00e9t\u00e9riorent.   <\/p>\n\n<p>Les indicateurs actuels sugg\u00e8rent que l\u2019Am\u00e9rique latine et les Cara\u00efbes entrent dans une phase de stabilisation apr\u00e8s la p\u00e9riode de reprise. L\u2019absence de croissance \u00e0 deux chiffres ne doit pas \u00eatre interpr\u00e9t\u00e9e comme un signe de stagnation. Une hausse de 5 % dans un environnement normalis\u00e9 traduit davantage une maturation du march\u00e9 qu\u2019une phase d\u2019expansion exceptionnelle.  <\/p>\n\n<p>\u00c0 l\u2019horizon 2026\u20132027, le facteur d\u00e9terminant sera le niveau d\u2019investissement. Les financements consacr\u00e9s \u00e0 l\u2019expansion des infrastructures, \u00e0 la digitalisation, \u00e0 l\u2019am\u00e9lioration de l\u2019efficacit\u00e9 op\u00e9rationnelle et aux exigences de durabilit\u00e9 conditionneront la capacit\u00e9 du secteur \u00e0 maintenir une trajectoire de croissance durable. Le mod\u00e8le de financement bas\u00e9 sur les concessions jouera un r\u00f4le central dans cette \u00e9volution.  <\/p>\n\n<p>Les donn\u00e9es publi\u00e9es par ACI-LAC pour 2025 ne constituent peut-\u00eatre pas un tournant spectaculaire. Elles indiquent n\u00e9anmoins que l\u2019aviation r\u00e9gionale entre dans une phase d\u2019expansion ma\u00eetris\u00e9e, caract\u00e9ris\u00e9e moins par la volatilit\u00e9 que par une consolidation structurelle. Pour les acteurs du secteur, cette transition est plus significative que le chiffre de croissance lui-m\u00eame.  <\/p>\n","protected":false},"excerpt":{"rendered":"<p>Les donn\u00e9es pr\u00e9liminaires publi\u00e9es pour 2025 par Airports Council International Latin America and the Caribbean (ACI-LAC) confirment une hausse d\u2019environ 5 % du trafic passagers en Am\u00e9rique latine et dans les Cara\u00efbes par rapport \u00e0 2024. Ce chiffre s\u2019inscrit dans une dynamique de continuit\u00e9. Toutefois, pour les gestionnaires d\u2019a\u00e9roports, les r\u00e9gulateurs et les investisseurs en [&hellip;]<\/p>\n","protected":false},"author":5,"featured_media":20670,"comment_status":"open","ping_status":"open","sticky":false,"template":"","format":"standard","meta":{"footnotes":""},"categories":[103,97],"tags":[],"class_list":["post-20671","post","type-post","status-publish","format-standard","has-post-thumbnail","hentry","category-aeroports-infrastructures","category-aviation-fr"],"yoast_head":"<!-- This site is optimized with the Yoast SEO plugin v26.9 - https:\/\/yoast.com\/product\/yoast-seo-wordpress\/ -->\n<title>Trafic a\u00e9rien en Am\u00e9rique latine et dans les Cara\u00efbes : +5 % en 2025, simple consolidation ou v\u00e9ritable inflexion structurelle ? - LATITUDE 15<\/title>\n<meta name=\"robots\" content=\"index, follow, max-snippet:-1, max-image-preview:large, max-video-preview:-1\" \/>\n<link rel=\"canonical\" href=\"https:\/\/www.latitude-15.com\/fr\/trafic-aerien-en-amerique-latine-et-dans-les-caraibes-5-en-2025-simple-consolidation-ou-veritable-inflexion-structurelle\/\" \/>\n<meta property=\"og:locale\" content=\"fr_FR\" \/>\n<meta property=\"og:type\" content=\"article\" \/>\n<meta property=\"og:title\" content=\"Trafic a\u00e9rien en Am\u00e9rique latine et dans les Cara\u00efbes : +5 % en 2025, simple consolidation ou v\u00e9ritable inflexion structurelle ? - LATITUDE 15\" \/>\n<meta property=\"og:description\" content=\"Les donn\u00e9es pr\u00e9liminaires publi\u00e9es pour 2025 par Airports Council International Latin America and the Caribbean (ACI-LAC) confirment une hausse d\u2019environ 5 % du trafic passagers en Am\u00e9rique latine et dans les Cara\u00efbes par rapport \u00e0 2024. Ce chiffre s\u2019inscrit dans une dynamique de continuit\u00e9. Toutefois, pour les gestionnaires d\u2019a\u00e9roports, les r\u00e9gulateurs et les investisseurs en [&hellip;]\" \/>\n<meta property=\"og:url\" content=\"https:\/\/www.latitude-15.com\/fr\/trafic-aerien-en-amerique-latine-et-dans-les-caraibes-5-en-2025-simple-consolidation-ou-veritable-inflexion-structurelle\/\" \/>\n<meta property=\"og:site_name\" content=\"LATITUDE 15\" \/>\n<meta property=\"article:published_time\" content=\"2026-02-13T19:11:45+00:00\" \/>\n<meta property=\"article:modified_time\" content=\"2026-02-17T06:49:00+00:00\" \/>\n<meta property=\"og:image\" content=\"https:\/\/www.latitude-15.com\/wp-content\/uploads\/2026\/02\/409.jpg\" \/>\n\t<meta property=\"og:image:width\" content=\"1000\" \/>\n\t<meta property=\"og:image:height\" content=\"667\" \/>\n\t<meta property=\"og:image:type\" content=\"image\/jpeg\" \/>\n<meta name=\"author\" content=\"Joda J\" \/>\n<meta name=\"twitter:card\" content=\"summary_large_image\" \/>\n<meta name=\"twitter:label1\" content=\"\u00c9crit par\" \/>\n\t<meta name=\"twitter:data1\" content=\"Joda J\" \/>\n\t<meta name=\"twitter:label2\" content=\"Dur\u00e9e de lecture estim\u00e9e\" \/>\n\t<meta name=\"twitter:data2\" content=\"5 minutes\" \/>\n<script type=\"application\/ld+json\" class=\"yoast-schema-graph\">{\"@context\":\"https:\/\/schema.org\",\"@graph\":[{\"@type\":\"Article\",\"@id\":\"https:\/\/www.latitude-15.com\/fr\/trafic-aerien-en-amerique-latine-et-dans-les-caraibes-5-en-2025-simple-consolidation-ou-veritable-inflexion-structurelle\/#article\",\"isPartOf\":{\"@id\":\"https:\/\/www.latitude-15.com\/fr\/trafic-aerien-en-amerique-latine-et-dans-les-caraibes-5-en-2025-simple-consolidation-ou-veritable-inflexion-structurelle\/\"},\"author\":{\"name\":\"Joda J\",\"@id\":\"https:\/\/www.latitude-15.com\/fr\/#\/schema\/person\/dac52e7ff44c78317f337da112e37252\"},\"headline\":\"Trafic a\u00e9rien en Am\u00e9rique latine et dans les Cara\u00efbes : +5 % en 2025, simple consolidation ou v\u00e9ritable inflexion structurelle ?\",\"datePublished\":\"2026-02-13T19:11:45+00:00\",\"dateModified\":\"2026-02-17T06:49:00+00:00\",\"mainEntityOfPage\":{\"@id\":\"https:\/\/www.latitude-15.com\/fr\/trafic-aerien-en-amerique-latine-et-dans-les-caraibes-5-en-2025-simple-consolidation-ou-veritable-inflexion-structurelle\/\"},\"wordCount\":1079,\"commentCount\":0,\"publisher\":{\"@id\":\"https:\/\/www.latitude-15.com\/fr\/#organization\"},\"image\":{\"@id\":\"https:\/\/www.latitude-15.com\/fr\/trafic-aerien-en-amerique-latine-et-dans-les-caraibes-5-en-2025-simple-consolidation-ou-veritable-inflexion-structurelle\/#primaryimage\"},\"thumbnailUrl\":\"https:\/\/www.latitude-15.com\/wp-content\/uploads\/2026\/02\/409.jpg\",\"articleSection\":[\"A\u00e9roports et infrastructures\",\"AVIATION\"],\"inLanguage\":\"fr-FR\",\"potentialAction\":[{\"@type\":\"CommentAction\",\"name\":\"Comment\",\"target\":[\"https:\/\/www.latitude-15.com\/fr\/trafic-aerien-en-amerique-latine-et-dans-les-caraibes-5-en-2025-simple-consolidation-ou-veritable-inflexion-structurelle\/#respond\"]}]},{\"@type\":\"WebPage\",\"@id\":\"https:\/\/www.latitude-15.com\/fr\/trafic-aerien-en-amerique-latine-et-dans-les-caraibes-5-en-2025-simple-consolidation-ou-veritable-inflexion-structurelle\/\",\"url\":\"https:\/\/www.latitude-15.com\/fr\/trafic-aerien-en-amerique-latine-et-dans-les-caraibes-5-en-2025-simple-consolidation-ou-veritable-inflexion-structurelle\/\",\"name\":\"Trafic a\u00e9rien en Am\u00e9rique latine et dans les Cara\u00efbes : +5 % en 2025, simple consolidation ou v\u00e9ritable inflexion structurelle ? - LATITUDE 15\",\"isPartOf\":{\"@id\":\"https:\/\/www.latitude-15.com\/fr\/#website\"},\"primaryImageOfPage\":{\"@id\":\"https:\/\/www.latitude-15.com\/fr\/trafic-aerien-en-amerique-latine-et-dans-les-caraibes-5-en-2025-simple-consolidation-ou-veritable-inflexion-structurelle\/#primaryimage\"},\"image\":{\"@id\":\"https:\/\/www.latitude-15.com\/fr\/trafic-aerien-en-amerique-latine-et-dans-les-caraibes-5-en-2025-simple-consolidation-ou-veritable-inflexion-structurelle\/#primaryimage\"},\"thumbnailUrl\":\"https:\/\/www.latitude-15.com\/wp-content\/uploads\/2026\/02\/409.jpg\",\"datePublished\":\"2026-02-13T19:11:45+00:00\",\"dateModified\":\"2026-02-17T06:49:00+00:00\",\"breadcrumb\":{\"@id\":\"https:\/\/www.latitude-15.com\/fr\/trafic-aerien-en-amerique-latine-et-dans-les-caraibes-5-en-2025-simple-consolidation-ou-veritable-inflexion-structurelle\/#breadcrumb\"},\"inLanguage\":\"fr-FR\",\"potentialAction\":[{\"@type\":\"ReadAction\",\"target\":[\"https:\/\/www.latitude-15.com\/fr\/trafic-aerien-en-amerique-latine-et-dans-les-caraibes-5-en-2025-simple-consolidation-ou-veritable-inflexion-structurelle\/\"]}]},{\"@type\":\"ImageObject\",\"inLanguage\":\"fr-FR\",\"@id\":\"https:\/\/www.latitude-15.com\/fr\/trafic-aerien-en-amerique-latine-et-dans-les-caraibes-5-en-2025-simple-consolidation-ou-veritable-inflexion-structurelle\/#primaryimage\",\"url\":\"https:\/\/www.latitude-15.com\/wp-content\/uploads\/2026\/02\/409.jpg\",\"contentUrl\":\"https:\/\/www.latitude-15.com\/wp-content\/uploads\/2026\/02\/409.jpg\",\"width\":1000,\"height\":667},{\"@type\":\"BreadcrumbList\",\"@id\":\"https:\/\/www.latitude-15.com\/fr\/trafic-aerien-en-amerique-latine-et-dans-les-caraibes-5-en-2025-simple-consolidation-ou-veritable-inflexion-structurelle\/#breadcrumb\",\"itemListElement\":[{\"@type\":\"ListItem\",\"position\":1,\"name\":\"Home\",\"item\":\"https:\/\/www.latitude-15.com\/fr\/accueil\/\"},{\"@type\":\"ListItem\",\"position\":2,\"name\":\"Trafic a\u00e9rien en Am\u00e9rique latine et dans les Cara\u00efbes : +5 % en 2025, simple consolidation ou v\u00e9ritable inflexion structurelle ?\"}]},{\"@type\":\"WebSite\",\"@id\":\"https:\/\/www.latitude-15.com\/fr\/#website\",\"url\":\"https:\/\/www.latitude-15.com\/fr\/\",\"name\":\"LATITUDE 15\",\"description\":\"Aviation and maritime Magazine - Caribbean &amp; Latin America\",\"publisher\":{\"@id\":\"https:\/\/www.latitude-15.com\/fr\/#organization\"},\"potentialAction\":[{\"@type\":\"SearchAction\",\"target\":{\"@type\":\"EntryPoint\",\"urlTemplate\":\"https:\/\/www.latitude-15.com\/fr\/?s={search_term_string}\"},\"query-input\":{\"@type\":\"PropertyValueSpecification\",\"valueRequired\":true,\"valueName\":\"search_term_string\"}}],\"inLanguage\":\"fr-FR\"},{\"@type\":\"Organization\",\"@id\":\"https:\/\/www.latitude-15.com\/fr\/#organization\",\"name\":\"LATITUDE 15\",\"url\":\"https:\/\/www.latitude-15.com\/fr\/\",\"logo\":{\"@type\":\"ImageObject\",\"inLanguage\":\"fr-FR\",\"@id\":\"https:\/\/www.latitude-15.com\/fr\/#\/schema\/logo\/image\/\",\"url\":\"https:\/\/www.latitude-15.com\/wp-content\/uploads\/2026\/01\/cropped-logox500px.png\",\"contentUrl\":\"https:\/\/www.latitude-15.com\/wp-content\/uploads\/2026\/01\/cropped-logox500px.png\",\"width\":62,\"height\":75,\"caption\":\"LATITUDE 15\"},\"image\":{\"@id\":\"https:\/\/www.latitude-15.com\/fr\/#\/schema\/logo\/image\/\"}},{\"@type\":\"Person\",\"@id\":\"https:\/\/www.latitude-15.com\/fr\/#\/schema\/person\/dac52e7ff44c78317f337da112e37252\",\"name\":\"Joda J\",\"image\":{\"@type\":\"ImageObject\",\"inLanguage\":\"fr-FR\",\"@id\":\"https:\/\/www.latitude-15.com\/fr\/#\/schema\/person\/image\/\",\"url\":\"https:\/\/secure.gravatar.com\/avatar\/6b1feae555e15404b76616f92d931d12b25ac58024f14ccb43d9d3c012e4c4cf?s=96&d=mm&r=g\",\"contentUrl\":\"https:\/\/secure.gravatar.com\/avatar\/6b1feae555e15404b76616f92d931d12b25ac58024f14ccb43d9d3c012e4c4cf?s=96&d=mm&r=g\",\"caption\":\"Joda J\"},\"url\":\"https:\/\/www.latitude-15.com\/fr\/author\/joda\/\"}]}<\/script>\n<!-- \/ Yoast SEO plugin. -->","yoast_head_json":{"title":"Trafic a\u00e9rien en Am\u00e9rique latine et dans les Cara\u00efbes : +5 % en 2025, simple consolidation ou v\u00e9ritable inflexion structurelle ? - LATITUDE 15","robots":{"index":"index","follow":"follow","max-snippet":"max-snippet:-1","max-image-preview":"max-image-preview:large","max-video-preview":"max-video-preview:-1"},"canonical":"https:\/\/www.latitude-15.com\/fr\/trafic-aerien-en-amerique-latine-et-dans-les-caraibes-5-en-2025-simple-consolidation-ou-veritable-inflexion-structurelle\/","og_locale":"fr_FR","og_type":"article","og_title":"Trafic a\u00e9rien en Am\u00e9rique latine et dans les Cara\u00efbes : +5 % en 2025, simple consolidation ou v\u00e9ritable inflexion structurelle ? - LATITUDE 15","og_description":"Les donn\u00e9es pr\u00e9liminaires publi\u00e9es pour 2025 par Airports Council International Latin America and the Caribbean (ACI-LAC) confirment une hausse d\u2019environ 5 % du trafic passagers en Am\u00e9rique latine et dans les Cara\u00efbes par rapport \u00e0 2024. Ce chiffre s\u2019inscrit dans une dynamique de continuit\u00e9. Toutefois, pour les gestionnaires d\u2019a\u00e9roports, les r\u00e9gulateurs et les investisseurs en [&hellip;]","og_url":"https:\/\/www.latitude-15.com\/fr\/trafic-aerien-en-amerique-latine-et-dans-les-caraibes-5-en-2025-simple-consolidation-ou-veritable-inflexion-structurelle\/","og_site_name":"LATITUDE 15","article_published_time":"2026-02-13T19:11:45+00:00","article_modified_time":"2026-02-17T06:49:00+00:00","og_image":[{"width":1000,"height":667,"url":"https:\/\/www.latitude-15.com\/wp-content\/uploads\/2026\/02\/409.jpg","type":"image\/jpeg"}],"author":"Joda J","twitter_card":"summary_large_image","twitter_misc":{"\u00c9crit par":"Joda J","Dur\u00e9e de lecture estim\u00e9e":"5 minutes"},"schema":{"@context":"https:\/\/schema.org","@graph":[{"@type":"Article","@id":"https:\/\/www.latitude-15.com\/fr\/trafic-aerien-en-amerique-latine-et-dans-les-caraibes-5-en-2025-simple-consolidation-ou-veritable-inflexion-structurelle\/#article","isPartOf":{"@id":"https:\/\/www.latitude-15.com\/fr\/trafic-aerien-en-amerique-latine-et-dans-les-caraibes-5-en-2025-simple-consolidation-ou-veritable-inflexion-structurelle\/"},"author":{"name":"Joda J","@id":"https:\/\/www.latitude-15.com\/fr\/#\/schema\/person\/dac52e7ff44c78317f337da112e37252"},"headline":"Trafic a\u00e9rien en Am\u00e9rique latine et dans les Cara\u00efbes : +5 % en 2025, simple consolidation ou v\u00e9ritable inflexion structurelle ?","datePublished":"2026-02-13T19:11:45+00:00","dateModified":"2026-02-17T06:49:00+00:00","mainEntityOfPage":{"@id":"https:\/\/www.latitude-15.com\/fr\/trafic-aerien-en-amerique-latine-et-dans-les-caraibes-5-en-2025-simple-consolidation-ou-veritable-inflexion-structurelle\/"},"wordCount":1079,"commentCount":0,"publisher":{"@id":"https:\/\/www.latitude-15.com\/fr\/#organization"},"image":{"@id":"https:\/\/www.latitude-15.com\/fr\/trafic-aerien-en-amerique-latine-et-dans-les-caraibes-5-en-2025-simple-consolidation-ou-veritable-inflexion-structurelle\/#primaryimage"},"thumbnailUrl":"https:\/\/www.latitude-15.com\/wp-content\/uploads\/2026\/02\/409.jpg","articleSection":["A\u00e9roports et infrastructures","AVIATION"],"inLanguage":"fr-FR","potentialAction":[{"@type":"CommentAction","name":"Comment","target":["https:\/\/www.latitude-15.com\/fr\/trafic-aerien-en-amerique-latine-et-dans-les-caraibes-5-en-2025-simple-consolidation-ou-veritable-inflexion-structurelle\/#respond"]}]},{"@type":"WebPage","@id":"https:\/\/www.latitude-15.com\/fr\/trafic-aerien-en-amerique-latine-et-dans-les-caraibes-5-en-2025-simple-consolidation-ou-veritable-inflexion-structurelle\/","url":"https:\/\/www.latitude-15.com\/fr\/trafic-aerien-en-amerique-latine-et-dans-les-caraibes-5-en-2025-simple-consolidation-ou-veritable-inflexion-structurelle\/","name":"Trafic a\u00e9rien en Am\u00e9rique latine et dans les Cara\u00efbes : +5 % en 2025, simple consolidation ou v\u00e9ritable inflexion structurelle ? - LATITUDE 15","isPartOf":{"@id":"https:\/\/www.latitude-15.com\/fr\/#website"},"primaryImageOfPage":{"@id":"https:\/\/www.latitude-15.com\/fr\/trafic-aerien-en-amerique-latine-et-dans-les-caraibes-5-en-2025-simple-consolidation-ou-veritable-inflexion-structurelle\/#primaryimage"},"image":{"@id":"https:\/\/www.latitude-15.com\/fr\/trafic-aerien-en-amerique-latine-et-dans-les-caraibes-5-en-2025-simple-consolidation-ou-veritable-inflexion-structurelle\/#primaryimage"},"thumbnailUrl":"https:\/\/www.latitude-15.com\/wp-content\/uploads\/2026\/02\/409.jpg","datePublished":"2026-02-13T19:11:45+00:00","dateModified":"2026-02-17T06:49:00+00:00","breadcrumb":{"@id":"https:\/\/www.latitude-15.com\/fr\/trafic-aerien-en-amerique-latine-et-dans-les-caraibes-5-en-2025-simple-consolidation-ou-veritable-inflexion-structurelle\/#breadcrumb"},"inLanguage":"fr-FR","potentialAction":[{"@type":"ReadAction","target":["https:\/\/www.latitude-15.com\/fr\/trafic-aerien-en-amerique-latine-et-dans-les-caraibes-5-en-2025-simple-consolidation-ou-veritable-inflexion-structurelle\/"]}]},{"@type":"ImageObject","inLanguage":"fr-FR","@id":"https:\/\/www.latitude-15.com\/fr\/trafic-aerien-en-amerique-latine-et-dans-les-caraibes-5-en-2025-simple-consolidation-ou-veritable-inflexion-structurelle\/#primaryimage","url":"https:\/\/www.latitude-15.com\/wp-content\/uploads\/2026\/02\/409.jpg","contentUrl":"https:\/\/www.latitude-15.com\/wp-content\/uploads\/2026\/02\/409.jpg","width":1000,"height":667},{"@type":"BreadcrumbList","@id":"https:\/\/www.latitude-15.com\/fr\/trafic-aerien-en-amerique-latine-et-dans-les-caraibes-5-en-2025-simple-consolidation-ou-veritable-inflexion-structurelle\/#breadcrumb","itemListElement":[{"@type":"ListItem","position":1,"name":"Home","item":"https:\/\/www.latitude-15.com\/fr\/accueil\/"},{"@type":"ListItem","position":2,"name":"Trafic a\u00e9rien en Am\u00e9rique latine et dans les Cara\u00efbes : +5 % en 2025, simple consolidation ou v\u00e9ritable inflexion structurelle ?"}]},{"@type":"WebSite","@id":"https:\/\/www.latitude-15.com\/fr\/#website","url":"https:\/\/www.latitude-15.com\/fr\/","name":"LATITUDE 15","description":"Aviation and maritime Magazine - Caribbean &amp; Latin America","publisher":{"@id":"https:\/\/www.latitude-15.com\/fr\/#organization"},"potentialAction":[{"@type":"SearchAction","target":{"@type":"EntryPoint","urlTemplate":"https:\/\/www.latitude-15.com\/fr\/?s={search_term_string}"},"query-input":{"@type":"PropertyValueSpecification","valueRequired":true,"valueName":"search_term_string"}}],"inLanguage":"fr-FR"},{"@type":"Organization","@id":"https:\/\/www.latitude-15.com\/fr\/#organization","name":"LATITUDE 15","url":"https:\/\/www.latitude-15.com\/fr\/","logo":{"@type":"ImageObject","inLanguage":"fr-FR","@id":"https:\/\/www.latitude-15.com\/fr\/#\/schema\/logo\/image\/","url":"https:\/\/www.latitude-15.com\/wp-content\/uploads\/2026\/01\/cropped-logox500px.png","contentUrl":"https:\/\/www.latitude-15.com\/wp-content\/uploads\/2026\/01\/cropped-logox500px.png","width":62,"height":75,"caption":"LATITUDE 15"},"image":{"@id":"https:\/\/www.latitude-15.com\/fr\/#\/schema\/logo\/image\/"}},{"@type":"Person","@id":"https:\/\/www.latitude-15.com\/fr\/#\/schema\/person\/dac52e7ff44c78317f337da112e37252","name":"Joda J","image":{"@type":"ImageObject","inLanguage":"fr-FR","@id":"https:\/\/www.latitude-15.com\/fr\/#\/schema\/person\/image\/","url":"https:\/\/secure.gravatar.com\/avatar\/6b1feae555e15404b76616f92d931d12b25ac58024f14ccb43d9d3c012e4c4cf?s=96&d=mm&r=g","contentUrl":"https:\/\/secure.gravatar.com\/avatar\/6b1feae555e15404b76616f92d931d12b25ac58024f14ccb43d9d3c012e4c4cf?s=96&d=mm&r=g","caption":"Joda J"},"url":"https:\/\/www.latitude-15.com\/fr\/author\/joda\/"}]}},"_links":{"self":[{"href":"https:\/\/www.latitude-15.com\/fr\/wp-json\/wp\/v2\/posts\/20671","targetHints":{"allow":["GET"]}}],"collection":[{"href":"https:\/\/www.latitude-15.com\/fr\/wp-json\/wp\/v2\/posts"}],"about":[{"href":"https:\/\/www.latitude-15.com\/fr\/wp-json\/wp\/v2\/types\/post"}],"author":[{"embeddable":true,"href":"https:\/\/www.latitude-15.com\/fr\/wp-json\/wp\/v2\/users\/5"}],"replies":[{"embeddable":true,"href":"https:\/\/www.latitude-15.com\/fr\/wp-json\/wp\/v2\/comments?post=20671"}],"version-history":[{"count":1,"href":"https:\/\/www.latitude-15.com\/fr\/wp-json\/wp\/v2\/posts\/20671\/revisions"}],"predecessor-version":[{"id":20672,"href":"https:\/\/www.latitude-15.com\/fr\/wp-json\/wp\/v2\/posts\/20671\/revisions\/20672"}],"wp:featuredmedia":[{"embeddable":true,"href":"https:\/\/www.latitude-15.com\/fr\/wp-json\/wp\/v2\/media\/20670"}],"wp:attachment":[{"href":"https:\/\/www.latitude-15.com\/fr\/wp-json\/wp\/v2\/media?parent=20671"}],"wp:term":[{"taxonomy":"category","embeddable":true,"href":"https:\/\/www.latitude-15.com\/fr\/wp-json\/wp\/v2\/categories?post=20671"},{"taxonomy":"post_tag","embeddable":true,"href":"https:\/\/www.latitude-15.com\/fr\/wp-json\/wp\/v2\/tags?post=20671"}],"curies":[{"name":"wp","href":"https:\/\/api.w.org\/{rel}","templated":true}]}}