{"id":20625,"date":"2026-02-13T15:26:17","date_gmt":"2026-02-13T19:26:17","guid":{"rendered":"https:\/\/www.latitude-15.com\/veracruz-se-developpe-la-phase-ii-de-hutchison-et-le-repositionnement-strategique-de-la-principale-porte-dentree-atlantique-du-mexique\/"},"modified":"2026-02-16T08:47:14","modified_gmt":"2026-02-16T12:47:14","slug":"veracruz-se-developpe-la-phase-ii-de-hutchison-et-le-repositionnement-strategique-de-la-principale-porte-dentree-atlantique-du-mexique","status":"publish","type":"post","link":"https:\/\/www.latitude-15.com\/fr\/veracruz-se-developpe-la-phase-ii-de-hutchison-et-le-repositionnement-strategique-de-la-principale-porte-dentree-atlantique-du-mexique\/","title":{"rendered":"Veracruz se d\u00e9veloppe : la phase II de Hutchison et le repositionnement strat\u00e9gique de la porte d\u2019entr\u00e9e atlantique du Mexique"},"content":{"rendered":"\n<p>En f\u00e9vrier 2026, Hutchison Ports a officiellement lanc\u00e9 la phase II de l\u2019extension de son Specialized Container Terminal (TEC) au Port de Veracruz, \u00e0 la suite d\u2019un accord avec l\u2019autorit\u00e9 portuaire mexicaine ASIPONA Veracruz. Cet investissement, estim\u00e9 \u00e0 plus de 24 millions USD, ajoute 350 m\u00e8tres lin\u00e9aires de quai, \u00e9tend la surface op\u00e9rationnelle de 31 hectares et porte l\u2019infrastructure totale du terminal \u00e0 environ 1 050 m\u00e8tres de poste \u00e0 quai et 72,4 hectares de capacit\u00e9 de parc, avec une capacit\u00e9 de traitement projet\u00e9e atteignant 2,4 millions de TEU par an. <\/p>\n\n<p>Sur le plan technique, le projet correspond \u00e0 une augmentation de capacit\u00e9. Sur le plan strat\u00e9gique, il traduit un repositionnement plus profond : le renforcement de Veracruz comme porte d\u2019entr\u00e9e atlantique comp\u00e9titive, \u00e0 un moment o\u00f9 les recompositions commerciales, les dynamiques de nearshoring et la diversification des corridors redessinent les flux maritimes dans l\u2019ensemble des Am\u00e9riques. <\/p>\n\n<h2 class=\"wp-block-heading\">Un saut d\u2019infrastructure ma\u00eetris\u00e9<\/h2>\n\n<p>La phase II modifie concr\u00e8tement le profil op\u00e9rationnel du terminal. L\u2019allongement du quai permet d\u00e9sormais d\u2019accueillir jusqu\u2019\u00e0 trois navires \u00e0 fort tirant d\u2019eau simultan\u00e9ment, r\u00e9duisant les temps d\u2019attente \u00e0 quai et am\u00e9liorant la flexibilit\u00e9 de planification. L\u2019extension du parc augmente la capacit\u00e9 d\u2019empilement des conteneurs et renforce la r\u00e9silience du d\u00e9bit op\u00e9rationnel, un facteur critique alors que les rotations se densifient et que les alliances maritimes optimisent leurs escales.  <\/p>\n\n<p>La modernisation des \u00e9quipements constitue un \u00e9l\u00e9ment central de cette mont\u00e9e en puissance. L\u2019ajout de portiques ship-to-shore et de 11 portiques RTG \u00e9lectriques renforce l\u2019int\u00e9gration op\u00e9rationnelle entre quai et parc, tout en r\u00e9duisant la d\u00e9pendance aux \u00e9quipements diesel plus anciens. L\u2019introduction de RTG \u00e9lectriques aligne le terminal avec les objectifs progressifs de d\u00e9carbonation d\u00e9sormais int\u00e9gr\u00e9s dans les mod\u00e8les de concession portuaire en Am\u00e9rique latine.  <\/p>\n\n<p>Le projet inclut \u00e9galement la cr\u00e9ation d\u2019un Container Freight Station (CFS), le renforcement des syst\u00e8mes de s\u00fbret\u00e9 et l\u2019am\u00e9nagement de zones d\u2019inspection d\u00e9di\u00e9es aux autorit\u00e9s r\u00e9glementaires. Ces \u00e9l\u00e9ments ont une importance op\u00e9rationnelle directe. Les gains d\u2019efficacit\u00e9 ne reposent plus uniquement sur la longueur des quais, mais sur la synchronisation des op\u00e9rations de manutention, la rapidit\u00e9 des proc\u00e9dures de contr\u00f4le et la supervision num\u00e9rique des flux.  <\/p>\n\n<p>Pris dans leur ensemble, ces d\u00e9veloppements transforment le terminal : d\u2019un actif r\u00e9gional \u00e0 fort volume, il \u00e9volue vers une plateforme capable d\u2019accueillir des navires de plus grande taille et des sch\u00e9mas de service plus complexes. Veracruz ne se positionne plus seulement comme un n\u0153ud logistique domestique, mais comme un acteur comp\u00e9titif \u00e0 l\u2019\u00e9chelle du bassin atlantique. <\/p>\n\n<h2 class=\"wp-block-heading\">Veracruz dans l\u2019\u00e9quilibre concurrentiel atlantique<\/h2>\n\n<p>L\u2019espace maritime du golfe du Mexique et des Cara\u00efbes est structurellement concurrentiel. Des ports tels que Houston, Cartagena, Kingston, Freeport ou Panama occupent chacun des niches strat\u00e9giques distinctes \u2014 exportations \u00e9nerg\u00e9tiques, hubs de transbordement, ports passerelles ou plateformes logistiques int\u00e9gr\u00e9es. Veracruz a historiquement jou\u00e9 le r\u00f4le de principale porte d\u2019entr\u00e9e atlantique du Mexique pour les flux import-export desservant les corridors industriels centraux et orientaux du pays.  <\/p>\n\n<p>L\u2019extension de la phase II renforce sa capacit\u00e9 \u00e0 absorber des volumes plus importants sans risque imm\u00e9diat de congestion. Bien que Veracruz ne soit pas positionn\u00e9 comme un hub de transbordement pur au sens carib\u00e9en, l\u2019am\u00e9lioration de ses capacit\u00e9s d\u2019accueil et l\u2019augmentation de la surface de parc lui permettent d\u2019attirer des services de plus grande envergure et de s\u2019int\u00e9grer plus efficacement dans les rotations long-courrier. <\/p>\n\n<p>\u00c0 mesure que les compagnies maritimes rationalisent leurs r\u00e9seaux sous l\u2019effet des contraintes de co\u00fbts et des \u00e9volutions g\u00e9opolitiques, les ports qui combinent capacit\u00e9, fiabilit\u00e9 et connectivit\u00e9 avec leur hinterland deviennent prioritaires dans la planification des routes. La modernisation de Veracruz renforce sa comp\u00e9titivit\u00e9 face aux autres ports du golfe et des Cara\u00efbes positionn\u00e9s sur des services similaires. <\/p>\n\n<p>Cette \u00e9volution ne remet pas en cause le r\u00f4le des hubs r\u00e9gionaux \u00e9tablis, mais elle renforce le pouvoir de n\u00e9gociation du Mexique dans les discussions avec les alliances maritimes concernant la planification des escales et l\u2019allocation des services.<\/p>\n\n<h2 class=\"wp-block-heading\">Corridors commerciaux et effet nearshoring<\/h2>\n\n<p>Le calendrier de cette expansion n\u2019est pas anodin. Le Mexique s\u2019est impos\u00e9 comme l\u2019un des principaux b\u00e9n\u00e9ficiaires du nearshoring, \u00e0 mesure que les industriels relocalisent ou \u00e9tendent leurs capacit\u00e9s pour mieux desservir le march\u00e9 nord-am\u00e9ricain. La croissance industrielle dans l\u2019automobile, l\u2019\u00e9lectronique et les biens de consommation a fortement accru les besoins logistiques.  <\/p>\n\n<p>Veracruz occupe une position strat\u00e9gique dans ces cha\u00eenes d\u2019approvisionnement. Son acc\u00e8s atlantique compl\u00e8te les ports du Pacifique et offre une alternative pour les flux transatlantiques ainsi que certaines routes reliant l\u2019Asie, les \u00c9tats-Unis et le Mexique. L\u2019augmentation de la capacit\u00e9 conteneur apporte une flexibilit\u00e9 accrue aux exportateurs et importateurs op\u00e9rant dans des syst\u00e8mes de production en flux tendus.  <\/p>\n\n<p>La connectivit\u00e9 terrestre du port, notamment via les corridors ferroviaires et routiers reliant Veracruz \u00e0 Mexico et aux p\u00f4les industriels du Baj\u00edo, renforce encore sa pertinence strat\u00e9gique. Les investissements dans les infrastructures portuaires ne produisent pleinement leurs effets que lorsqu\u2019ils s\u2019inscrivent dans un syst\u00e8me logistique hinterland performant. Dans cette perspective, la phase II constitue un \u00e9l\u00e9ment d\u2019une architecture plus large de facilitation du commerce.  <\/p>\n\n<p>Si le nearshoring se poursuit au rythme actuel, la capacit\u00e9 suppl\u00e9mentaire de Veracruz pourrait \u00e9voluer d\u2019une fonction de marge de s\u00e9curit\u00e9 vers un \u00e9l\u00e9ment structurel de l\u2019\u00e9cosyst\u00e8me exportateur mexicain.<\/p>\n\n<h2 class=\"wp-block-heading\">Mod\u00e8le de concession et signal institutionnel<\/h2>\n\n<p>L\u2019expansion refl\u00e8te \u00e9galement la continuit\u00e9 du mod\u00e8le de gouvernance portuaire mexicain. ASIPONA, en tant qu\u2019autorit\u00e9 portuaire f\u00e9d\u00e9rale, conserve la supervision strat\u00e9gique tout en permettant \u00e0 des op\u00e9rateurs priv\u00e9s comme Hutchison Ports d\u2019apporter capital et expertise op\u00e9rationnelle. <\/p>\n\n<p>Dans un contexte international o\u00f9 la stabilit\u00e9 des concessions et la pr\u00e9visibilit\u00e9 r\u00e9glementaire sont d\u00e9terminantes pour les investisseurs, ce projet constitue un signal important. Il confirme que le d\u00e9veloppement portuaire reste un domaine d\u2019investissement structur\u00e9 et soutenu au Mexique, encadr\u00e9 par des accords institutionnels solides et une vision de long terme. <\/p>\n\n<p>Bien que l\u2019investissement de 24 millions USD reste modeste par rapport aux projets de m\u00e9ga-terminaux ailleurs dans le monde, il s\u2019inscrit dans une logique d\u2019augmentation progressive des capacit\u00e9s plut\u00f4t que dans une approche sp\u00e9culative. Cette strat\u00e9gie refl\u00e8te une tendance plus large observ\u00e9e en Am\u00e9rique latine au cours de la derni\u00e8re d\u00e9cennie, o\u00f9 les expansions phas\u00e9es remplacent les projets massifs fortement financ\u00e9s par la dette. <\/p>\n\n<p>Pour les investisseurs suivant les infrastructures maritimes dans le bassin carib\u00e9en, l\u2019expansion de Veracruz indique clairement que le Mexique cherche \u00e0 consolider \u2014 et non simplement maintenir \u2014 sa capacit\u00e9 portuaire atlantique.<\/p>\n\n<h2 class=\"wp-block-heading\">Technologie, \u00e9nergie et comp\u00e9titivit\u00e9 \u00e0 long terme<\/h2>\n\n<p>La comp\u00e9titivit\u00e9 portuaire ne repose plus uniquement sur la profondeur des quais ou la superficie des parcs. La conformit\u00e9 environnementale, l\u2019automatisation et l\u2019efficacit\u00e9 \u00e9nerg\u00e9tique influencent d\u00e9sormais les d\u00e9cisions d\u2019allocation des services et les conditions de financement. <\/p>\n\n<p>L\u2019introduction de portiques RTG \u00e9lectriques r\u00e9duit les \u00e9missions locales et les co\u00fbts d\u2019exploitation \u00e0 long terme. Le renforcement des syst\u00e8mes de surveillance et l\u2019automatisation des processus am\u00e9liorent la tra\u00e7abilit\u00e9 des marchandises et la conformit\u00e9 aux exigences de s\u00fbret\u00e9, deux \u00e9l\u00e9ments devenus centraux dans le commerce international. <\/p>\n\n<p>Bien que Veracruz ne se positionne pas comme un \u00ab port intelligent \u00bb au sens enti\u00e8rement num\u00e9ris\u00e9 que l\u2019on observe dans certains terminaux asiatiques, les \u00e9l\u00e9ments de la phase II refl\u00e8tent une prise de conscience que la modernisation doit accompagner l\u2019\u00e9chelle. Les m\u00e9triques ESG, l\u2019intensit\u00e9 carbone et la transparence op\u00e9rationnelle ne sont plus des consid\u00e9rations p\u00e9riph\u00e9riques ; elles influencent les partenariats avec les transporteurs et les conditions de financement institutionnel. <\/p>\n\n<p>La combinaison d\u2019une croissance progressive des capacit\u00e9s et d\u2019une int\u00e9gration technologique graduelle renforce la r\u00e9silience du port face \u00e0 de futures contraintes r\u00e9glementaires.<\/p>\n\n<h2 class=\"wp-block-heading\">Implications pour le bassin carib\u00e9en<\/h2>\n\n<p>\u00c0 l\u2019\u00e9chelle du bassin carib\u00e9en et du golfe du Mexique, l\u2019expansion de Veracruz contribue \u00e0 un r\u00e9\u00e9quilibrage progressif des dynamiques concurrentielles. \u00c0 mesure que le Mexique renforce sa capacit\u00e9 de porte d\u2019entr\u00e9e atlantique, certains flux pourraient privil\u00e9gier des services plus directs, contournant certains points de transbordement r\u00e9gionaux de moindre taille. <\/p>\n\n<p>Cependant, la relation n\u2019est pas exclusivement concurrentielle. L\u2019augmentation des volumes trait\u00e9s au Mexique peut \u00e9galement g\u00e9n\u00e9rer une demande compl\u00e9mentaire pour des services feeder vers les march\u00e9s carib\u00e9ens. La redistribution des escales mainline ne supprime pas les services secondaires, elle les reconfigure.  <\/p>\n\n<p>Les alliances maritimes continueront d\u2019ajuster leurs rotations en fonction des co\u00fbts, du tirant d\u2019eau, de la densit\u00e9 de fret et de l\u2019\u00e9quilibre global des r\u00e9seaux. L\u2019expansion de Veracruz garantit que le port reste int\u00e9gr\u00e9 dans ces arbitrages strat\u00e9giques. <\/p>\n\n<h2 class=\"wp-block-heading\">De l\u2019expansion \u00e0 la consolidation<\/h2>\n\n<p>La question strat\u00e9gique se d\u00e9place d\u00e9sormais de la construction vers l\u2019utilisation effective des nouvelles capacit\u00e9s. L\u2019augmentation des infrastructures doit se traduire par une croissance durable des volumes trait\u00e9s. La volatilit\u00e9 du commerce mondial, la normalisation des taux de fret et les \u00e9volutions g\u00e9opolitiques influenceront cette trajectoire dans les prochaines ann\u00e9es.  <\/p>\n\n<p>Si le nearshoring s\u2019acc\u00e9l\u00e8re et que la demande nord-am\u00e9ricaine reste solide, Veracruz est bien positionn\u00e9 pour absorber des volumes suppl\u00e9mentaires sans congestion imm\u00e9diate. \u00c0 l\u2019inverse, en cas de ralentissement \u00e9conomique, la nature progressive de l\u2019expansion limite les risques financiers. <\/p>\n\n<p>La phase II ne red\u00e9finit pas imm\u00e9diatement les routes maritimes mondiales. Sa port\u00e9e r\u00e9side dans le renforcement structurel de l\u2019infrastructure atlantique du Mexique, dans un contexte de recomposition des \u00e9changes. Elle refl\u00e8te une strat\u00e9gie fond\u00e9e sur l\u2019augmentation ma\u00eetris\u00e9e des capacit\u00e9s, l\u2019adaptation technologique et la continuit\u00e9 institutionnelle.  <\/p>\n\n<p>Dans un environnement o\u00f9 les ports sont en concurrence non seulement par leur position g\u00e9ographique, mais aussi par leur fiabilit\u00e9 et leur capacit\u00e9 d\u2019anticipation strat\u00e9gique, l\u2019expansion de Veracruz consolide son r\u00f4le de porte d\u2019entr\u00e9e stable, \u00e9volutive et comp\u00e9titive au sein du syst\u00e8me maritime atlantique.<\/p>\n","protected":false},"excerpt":{"rendered":"<p>En f\u00e9vrier 2026, Hutchison Ports a officiellement lanc\u00e9 la phase II de l\u2019extension de son Specialized Container Terminal (TEC) au Port de Veracruz, \u00e0 la suite d\u2019un accord avec l\u2019autorit\u00e9 portuaire mexicaine ASIPONA Veracruz. Cet investissement, estim\u00e9 \u00e0 plus de 24 millions USD, ajoute 350 m\u00e8tres lin\u00e9aires de quai, \u00e9tend la surface op\u00e9rationnelle de 31 [&hellip;]<\/p>\n","protected":false},"author":5,"featured_media":20622,"comment_status":"open","ping_status":"open","sticky":false,"template":"","format":"standard","meta":{"footnotes":""},"categories":[118,136],"tags":[],"class_list":["post-20625","post","type-post","status-publish","format-standard","has-post-thumbnail","hentry","category-maritime-fr","category-ports-et-logistique"],"yoast_head":"<!-- This site is optimized with the Yoast SEO plugin v26.9 - https:\/\/yoast.com\/product\/yoast-seo-wordpress\/ -->\n<title>Veracruz se d\u00e9veloppe : la phase II de Hutchison et le repositionnement strat\u00e9gique de la porte d\u2019entr\u00e9e atlantique du Mexique - LATITUDE 15<\/title>\n<meta name=\"robots\" content=\"index, follow, max-snippet:-1, max-image-preview:large, max-video-preview:-1\" \/>\n<link rel=\"canonical\" href=\"https:\/\/www.latitude-15.com\/fr\/veracruz-se-developpe-la-phase-ii-de-hutchison-et-le-repositionnement-strategique-de-la-principale-porte-dentree-atlantique-du-mexique\/\" \/>\n<meta property=\"og:locale\" content=\"fr_FR\" \/>\n<meta property=\"og:type\" content=\"article\" \/>\n<meta property=\"og:title\" content=\"Veracruz se d\u00e9veloppe : la phase II de Hutchison et le repositionnement strat\u00e9gique de la porte d\u2019entr\u00e9e atlantique du Mexique - LATITUDE 15\" \/>\n<meta property=\"og:description\" content=\"En f\u00e9vrier 2026, Hutchison Ports a officiellement lanc\u00e9 la phase II de l\u2019extension de son Specialized Container Terminal (TEC) au Port de Veracruz, \u00e0 la suite d\u2019un accord avec l\u2019autorit\u00e9 portuaire mexicaine ASIPONA Veracruz. Cet investissement, estim\u00e9 \u00e0 plus de 24 millions USD, ajoute 350 m\u00e8tres lin\u00e9aires de quai, \u00e9tend la surface op\u00e9rationnelle de 31 [&hellip;]\" \/>\n<meta property=\"og:url\" content=\"https:\/\/www.latitude-15.com\/fr\/veracruz-se-developpe-la-phase-ii-de-hutchison-et-le-repositionnement-strategique-de-la-principale-porte-dentree-atlantique-du-mexique\/\" \/>\n<meta property=\"og:site_name\" content=\"LATITUDE 15\" \/>\n<meta property=\"article:published_time\" content=\"2026-02-13T19:26:17+00:00\" \/>\n<meta property=\"article:modified_time\" content=\"2026-02-16T12:47:14+00:00\" \/>\n<meta property=\"og:image\" content=\"https:\/\/www.latitude-15.com\/wp-content\/uploads\/2026\/02\/rsjryjy-1.png\" \/>\n\t<meta property=\"og:image:width\" content=\"1536\" \/>\n\t<meta property=\"og:image:height\" content=\"1024\" \/>\n\t<meta property=\"og:image:type\" content=\"image\/png\" \/>\n<meta name=\"author\" content=\"Joda J\" \/>\n<meta name=\"twitter:card\" content=\"summary_large_image\" \/>\n<meta name=\"twitter:label1\" content=\"\u00c9crit par\" \/>\n\t<meta name=\"twitter:data1\" content=\"Joda J\" \/>\n\t<meta name=\"twitter:label2\" content=\"Dur\u00e9e de lecture estim\u00e9e\" \/>\n\t<meta name=\"twitter:data2\" content=\"9 minutes\" \/>\n<script type=\"application\/ld+json\" class=\"yoast-schema-graph\">{\"@context\":\"https:\/\/schema.org\",\"@graph\":[{\"@type\":\"Article\",\"@id\":\"https:\/\/www.latitude-15.com\/fr\/veracruz-se-developpe-la-phase-ii-de-hutchison-et-le-repositionnement-strategique-de-la-principale-porte-dentree-atlantique-du-mexique\/#article\",\"isPartOf\":{\"@id\":\"https:\/\/www.latitude-15.com\/fr\/veracruz-se-developpe-la-phase-ii-de-hutchison-et-le-repositionnement-strategique-de-la-principale-porte-dentree-atlantique-du-mexique\/\"},\"author\":{\"name\":\"Joda J\",\"@id\":\"https:\/\/www.latitude-15.com\/fr\/#\/schema\/person\/dac52e7ff44c78317f337da112e37252\"},\"headline\":\"Veracruz se d\u00e9veloppe : la phase II de Hutchison et le repositionnement strat\u00e9gique de la porte d\u2019entr\u00e9e atlantique du Mexique\",\"datePublished\":\"2026-02-13T19:26:17+00:00\",\"dateModified\":\"2026-02-16T12:47:14+00:00\",\"mainEntityOfPage\":{\"@id\":\"https:\/\/www.latitude-15.com\/fr\/veracruz-se-developpe-la-phase-ii-de-hutchison-et-le-repositionnement-strategique-de-la-principale-porte-dentree-atlantique-du-mexique\/\"},\"wordCount\":1789,\"commentCount\":0,\"publisher\":{\"@id\":\"https:\/\/www.latitude-15.com\/fr\/#organization\"},\"image\":{\"@id\":\"https:\/\/www.latitude-15.com\/fr\/veracruz-se-developpe-la-phase-ii-de-hutchison-et-le-repositionnement-strategique-de-la-principale-porte-dentree-atlantique-du-mexique\/#primaryimage\"},\"thumbnailUrl\":\"https:\/\/www.latitude-15.com\/wp-content\/uploads\/2026\/02\/rsjryjy-1.png\",\"articleSection\":[\"MARITIME\",\"Ports et logistique\"],\"inLanguage\":\"fr-FR\",\"potentialAction\":[{\"@type\":\"CommentAction\",\"name\":\"Comment\",\"target\":[\"https:\/\/www.latitude-15.com\/fr\/veracruz-se-developpe-la-phase-ii-de-hutchison-et-le-repositionnement-strategique-de-la-principale-porte-dentree-atlantique-du-mexique\/#respond\"]}]},{\"@type\":\"WebPage\",\"@id\":\"https:\/\/www.latitude-15.com\/fr\/veracruz-se-developpe-la-phase-ii-de-hutchison-et-le-repositionnement-strategique-de-la-principale-porte-dentree-atlantique-du-mexique\/\",\"url\":\"https:\/\/www.latitude-15.com\/fr\/veracruz-se-developpe-la-phase-ii-de-hutchison-et-le-repositionnement-strategique-de-la-principale-porte-dentree-atlantique-du-mexique\/\",\"name\":\"Veracruz se d\u00e9veloppe : la phase II de Hutchison et le repositionnement strat\u00e9gique de la porte d\u2019entr\u00e9e atlantique du Mexique - LATITUDE 15\",\"isPartOf\":{\"@id\":\"https:\/\/www.latitude-15.com\/fr\/#website\"},\"primaryImageOfPage\":{\"@id\":\"https:\/\/www.latitude-15.com\/fr\/veracruz-se-developpe-la-phase-ii-de-hutchison-et-le-repositionnement-strategique-de-la-principale-porte-dentree-atlantique-du-mexique\/#primaryimage\"},\"image\":{\"@id\":\"https:\/\/www.latitude-15.com\/fr\/veracruz-se-developpe-la-phase-ii-de-hutchison-et-le-repositionnement-strategique-de-la-principale-porte-dentree-atlantique-du-mexique\/#primaryimage\"},\"thumbnailUrl\":\"https:\/\/www.latitude-15.com\/wp-content\/uploads\/2026\/02\/rsjryjy-1.png\",\"datePublished\":\"2026-02-13T19:26:17+00:00\",\"dateModified\":\"2026-02-16T12:47:14+00:00\",\"breadcrumb\":{\"@id\":\"https:\/\/www.latitude-15.com\/fr\/veracruz-se-developpe-la-phase-ii-de-hutchison-et-le-repositionnement-strategique-de-la-principale-porte-dentree-atlantique-du-mexique\/#breadcrumb\"},\"inLanguage\":\"fr-FR\",\"potentialAction\":[{\"@type\":\"ReadAction\",\"target\":[\"https:\/\/www.latitude-15.com\/fr\/veracruz-se-developpe-la-phase-ii-de-hutchison-et-le-repositionnement-strategique-de-la-principale-porte-dentree-atlantique-du-mexique\/\"]}]},{\"@type\":\"ImageObject\",\"inLanguage\":\"fr-FR\",\"@id\":\"https:\/\/www.latitude-15.com\/fr\/veracruz-se-developpe-la-phase-ii-de-hutchison-et-le-repositionnement-strategique-de-la-principale-porte-dentree-atlantique-du-mexique\/#primaryimage\",\"url\":\"https:\/\/www.latitude-15.com\/wp-content\/uploads\/2026\/02\/rsjryjy-1.png\",\"contentUrl\":\"https:\/\/www.latitude-15.com\/wp-content\/uploads\/2026\/02\/rsjryjy-1.png\",\"width\":1536,\"height\":1024,\"caption\":\"(c) Hutchison Port ICAVE\"},{\"@type\":\"BreadcrumbList\",\"@id\":\"https:\/\/www.latitude-15.com\/fr\/veracruz-se-developpe-la-phase-ii-de-hutchison-et-le-repositionnement-strategique-de-la-principale-porte-dentree-atlantique-du-mexique\/#breadcrumb\",\"itemListElement\":[{\"@type\":\"ListItem\",\"position\":1,\"name\":\"Home\",\"item\":\"https:\/\/www.latitude-15.com\/fr\/accueil\/\"},{\"@type\":\"ListItem\",\"position\":2,\"name\":\"Veracruz se d\u00e9veloppe : la phase II de Hutchison et le repositionnement strat\u00e9gique de la porte d\u2019entr\u00e9e atlantique du Mexique\"}]},{\"@type\":\"WebSite\",\"@id\":\"https:\/\/www.latitude-15.com\/fr\/#website\",\"url\":\"https:\/\/www.latitude-15.com\/fr\/\",\"name\":\"LATITUDE 15\",\"description\":\"Aviation and maritime Magazine - Caribbean &amp; Latin America\",\"publisher\":{\"@id\":\"https:\/\/www.latitude-15.com\/fr\/#organization\"},\"potentialAction\":[{\"@type\":\"SearchAction\",\"target\":{\"@type\":\"EntryPoint\",\"urlTemplate\":\"https:\/\/www.latitude-15.com\/fr\/?s={search_term_string}\"},\"query-input\":{\"@type\":\"PropertyValueSpecification\",\"valueRequired\":true,\"valueName\":\"search_term_string\"}}],\"inLanguage\":\"fr-FR\"},{\"@type\":\"Organization\",\"@id\":\"https:\/\/www.latitude-15.com\/fr\/#organization\",\"name\":\"LATITUDE 15\",\"url\":\"https:\/\/www.latitude-15.com\/fr\/\",\"logo\":{\"@type\":\"ImageObject\",\"inLanguage\":\"fr-FR\",\"@id\":\"https:\/\/www.latitude-15.com\/fr\/#\/schema\/logo\/image\/\",\"url\":\"https:\/\/www.latitude-15.com\/wp-content\/uploads\/2026\/01\/cropped-logox500px.png\",\"contentUrl\":\"https:\/\/www.latitude-15.com\/wp-content\/uploads\/2026\/01\/cropped-logox500px.png\",\"width\":62,\"height\":75,\"caption\":\"LATITUDE 15\"},\"image\":{\"@id\":\"https:\/\/www.latitude-15.com\/fr\/#\/schema\/logo\/image\/\"}},{\"@type\":\"Person\",\"@id\":\"https:\/\/www.latitude-15.com\/fr\/#\/schema\/person\/dac52e7ff44c78317f337da112e37252\",\"name\":\"Joda J\",\"image\":{\"@type\":\"ImageObject\",\"inLanguage\":\"fr-FR\",\"@id\":\"https:\/\/www.latitude-15.com\/fr\/#\/schema\/person\/image\/\",\"url\":\"https:\/\/secure.gravatar.com\/avatar\/6b1feae555e15404b76616f92d931d12b25ac58024f14ccb43d9d3c012e4c4cf?s=96&d=mm&r=g\",\"contentUrl\":\"https:\/\/secure.gravatar.com\/avatar\/6b1feae555e15404b76616f92d931d12b25ac58024f14ccb43d9d3c012e4c4cf?s=96&d=mm&r=g\",\"caption\":\"Joda J\"},\"url\":\"https:\/\/www.latitude-15.com\/fr\/author\/joda\/\"}]}<\/script>\n<!-- \/ Yoast SEO plugin. -->","yoast_head_json":{"title":"Veracruz se d\u00e9veloppe : la phase II de Hutchison et le repositionnement strat\u00e9gique de la porte d\u2019entr\u00e9e atlantique du Mexique - LATITUDE 15","robots":{"index":"index","follow":"follow","max-snippet":"max-snippet:-1","max-image-preview":"max-image-preview:large","max-video-preview":"max-video-preview:-1"},"canonical":"https:\/\/www.latitude-15.com\/fr\/veracruz-se-developpe-la-phase-ii-de-hutchison-et-le-repositionnement-strategique-de-la-principale-porte-dentree-atlantique-du-mexique\/","og_locale":"fr_FR","og_type":"article","og_title":"Veracruz se d\u00e9veloppe : la phase II de Hutchison et le repositionnement strat\u00e9gique de la porte d\u2019entr\u00e9e atlantique du Mexique - LATITUDE 15","og_description":"En f\u00e9vrier 2026, Hutchison Ports a officiellement lanc\u00e9 la phase II de l\u2019extension de son Specialized Container Terminal (TEC) au Port de Veracruz, \u00e0 la suite d\u2019un accord avec l\u2019autorit\u00e9 portuaire mexicaine ASIPONA Veracruz. Cet investissement, estim\u00e9 \u00e0 plus de 24 millions USD, ajoute 350 m\u00e8tres lin\u00e9aires de quai, \u00e9tend la surface op\u00e9rationnelle de 31 [&hellip;]","og_url":"https:\/\/www.latitude-15.com\/fr\/veracruz-se-developpe-la-phase-ii-de-hutchison-et-le-repositionnement-strategique-de-la-principale-porte-dentree-atlantique-du-mexique\/","og_site_name":"LATITUDE 15","article_published_time":"2026-02-13T19:26:17+00:00","article_modified_time":"2026-02-16T12:47:14+00:00","og_image":[{"width":1536,"height":1024,"url":"https:\/\/www.latitude-15.com\/wp-content\/uploads\/2026\/02\/rsjryjy-1.png","type":"image\/png"}],"author":"Joda J","twitter_card":"summary_large_image","twitter_misc":{"\u00c9crit par":"Joda J","Dur\u00e9e de lecture estim\u00e9e":"9 minutes"},"schema":{"@context":"https:\/\/schema.org","@graph":[{"@type":"Article","@id":"https:\/\/www.latitude-15.com\/fr\/veracruz-se-developpe-la-phase-ii-de-hutchison-et-le-repositionnement-strategique-de-la-principale-porte-dentree-atlantique-du-mexique\/#article","isPartOf":{"@id":"https:\/\/www.latitude-15.com\/fr\/veracruz-se-developpe-la-phase-ii-de-hutchison-et-le-repositionnement-strategique-de-la-principale-porte-dentree-atlantique-du-mexique\/"},"author":{"name":"Joda J","@id":"https:\/\/www.latitude-15.com\/fr\/#\/schema\/person\/dac52e7ff44c78317f337da112e37252"},"headline":"Veracruz se d\u00e9veloppe : la phase II de Hutchison et le repositionnement strat\u00e9gique de la porte d\u2019entr\u00e9e atlantique du Mexique","datePublished":"2026-02-13T19:26:17+00:00","dateModified":"2026-02-16T12:47:14+00:00","mainEntityOfPage":{"@id":"https:\/\/www.latitude-15.com\/fr\/veracruz-se-developpe-la-phase-ii-de-hutchison-et-le-repositionnement-strategique-de-la-principale-porte-dentree-atlantique-du-mexique\/"},"wordCount":1789,"commentCount":0,"publisher":{"@id":"https:\/\/www.latitude-15.com\/fr\/#organization"},"image":{"@id":"https:\/\/www.latitude-15.com\/fr\/veracruz-se-developpe-la-phase-ii-de-hutchison-et-le-repositionnement-strategique-de-la-principale-porte-dentree-atlantique-du-mexique\/#primaryimage"},"thumbnailUrl":"https:\/\/www.latitude-15.com\/wp-content\/uploads\/2026\/02\/rsjryjy-1.png","articleSection":["MARITIME","Ports et logistique"],"inLanguage":"fr-FR","potentialAction":[{"@type":"CommentAction","name":"Comment","target":["https:\/\/www.latitude-15.com\/fr\/veracruz-se-developpe-la-phase-ii-de-hutchison-et-le-repositionnement-strategique-de-la-principale-porte-dentree-atlantique-du-mexique\/#respond"]}]},{"@type":"WebPage","@id":"https:\/\/www.latitude-15.com\/fr\/veracruz-se-developpe-la-phase-ii-de-hutchison-et-le-repositionnement-strategique-de-la-principale-porte-dentree-atlantique-du-mexique\/","url":"https:\/\/www.latitude-15.com\/fr\/veracruz-se-developpe-la-phase-ii-de-hutchison-et-le-repositionnement-strategique-de-la-principale-porte-dentree-atlantique-du-mexique\/","name":"Veracruz se d\u00e9veloppe : la phase II de Hutchison et le repositionnement strat\u00e9gique de la porte d\u2019entr\u00e9e atlantique du Mexique - LATITUDE 15","isPartOf":{"@id":"https:\/\/www.latitude-15.com\/fr\/#website"},"primaryImageOfPage":{"@id":"https:\/\/www.latitude-15.com\/fr\/veracruz-se-developpe-la-phase-ii-de-hutchison-et-le-repositionnement-strategique-de-la-principale-porte-dentree-atlantique-du-mexique\/#primaryimage"},"image":{"@id":"https:\/\/www.latitude-15.com\/fr\/veracruz-se-developpe-la-phase-ii-de-hutchison-et-le-repositionnement-strategique-de-la-principale-porte-dentree-atlantique-du-mexique\/#primaryimage"},"thumbnailUrl":"https:\/\/www.latitude-15.com\/wp-content\/uploads\/2026\/02\/rsjryjy-1.png","datePublished":"2026-02-13T19:26:17+00:00","dateModified":"2026-02-16T12:47:14+00:00","breadcrumb":{"@id":"https:\/\/www.latitude-15.com\/fr\/veracruz-se-developpe-la-phase-ii-de-hutchison-et-le-repositionnement-strategique-de-la-principale-porte-dentree-atlantique-du-mexique\/#breadcrumb"},"inLanguage":"fr-FR","potentialAction":[{"@type":"ReadAction","target":["https:\/\/www.latitude-15.com\/fr\/veracruz-se-developpe-la-phase-ii-de-hutchison-et-le-repositionnement-strategique-de-la-principale-porte-dentree-atlantique-du-mexique\/"]}]},{"@type":"ImageObject","inLanguage":"fr-FR","@id":"https:\/\/www.latitude-15.com\/fr\/veracruz-se-developpe-la-phase-ii-de-hutchison-et-le-repositionnement-strategique-de-la-principale-porte-dentree-atlantique-du-mexique\/#primaryimage","url":"https:\/\/www.latitude-15.com\/wp-content\/uploads\/2026\/02\/rsjryjy-1.png","contentUrl":"https:\/\/www.latitude-15.com\/wp-content\/uploads\/2026\/02\/rsjryjy-1.png","width":1536,"height":1024,"caption":"(c) Hutchison Port ICAVE"},{"@type":"BreadcrumbList","@id":"https:\/\/www.latitude-15.com\/fr\/veracruz-se-developpe-la-phase-ii-de-hutchison-et-le-repositionnement-strategique-de-la-principale-porte-dentree-atlantique-du-mexique\/#breadcrumb","itemListElement":[{"@type":"ListItem","position":1,"name":"Home","item":"https:\/\/www.latitude-15.com\/fr\/accueil\/"},{"@type":"ListItem","position":2,"name":"Veracruz se d\u00e9veloppe : la phase II de Hutchison et le repositionnement strat\u00e9gique de la porte d\u2019entr\u00e9e atlantique du Mexique"}]},{"@type":"WebSite","@id":"https:\/\/www.latitude-15.com\/fr\/#website","url":"https:\/\/www.latitude-15.com\/fr\/","name":"LATITUDE 15","description":"Aviation and maritime Magazine - Caribbean &amp; Latin America","publisher":{"@id":"https:\/\/www.latitude-15.com\/fr\/#organization"},"potentialAction":[{"@type":"SearchAction","target":{"@type":"EntryPoint","urlTemplate":"https:\/\/www.latitude-15.com\/fr\/?s={search_term_string}"},"query-input":{"@type":"PropertyValueSpecification","valueRequired":true,"valueName":"search_term_string"}}],"inLanguage":"fr-FR"},{"@type":"Organization","@id":"https:\/\/www.latitude-15.com\/fr\/#organization","name":"LATITUDE 15","url":"https:\/\/www.latitude-15.com\/fr\/","logo":{"@type":"ImageObject","inLanguage":"fr-FR","@id":"https:\/\/www.latitude-15.com\/fr\/#\/schema\/logo\/image\/","url":"https:\/\/www.latitude-15.com\/wp-content\/uploads\/2026\/01\/cropped-logox500px.png","contentUrl":"https:\/\/www.latitude-15.com\/wp-content\/uploads\/2026\/01\/cropped-logox500px.png","width":62,"height":75,"caption":"LATITUDE 15"},"image":{"@id":"https:\/\/www.latitude-15.com\/fr\/#\/schema\/logo\/image\/"}},{"@type":"Person","@id":"https:\/\/www.latitude-15.com\/fr\/#\/schema\/person\/dac52e7ff44c78317f337da112e37252","name":"Joda J","image":{"@type":"ImageObject","inLanguage":"fr-FR","@id":"https:\/\/www.latitude-15.com\/fr\/#\/schema\/person\/image\/","url":"https:\/\/secure.gravatar.com\/avatar\/6b1feae555e15404b76616f92d931d12b25ac58024f14ccb43d9d3c012e4c4cf?s=96&d=mm&r=g","contentUrl":"https:\/\/secure.gravatar.com\/avatar\/6b1feae555e15404b76616f92d931d12b25ac58024f14ccb43d9d3c012e4c4cf?s=96&d=mm&r=g","caption":"Joda J"},"url":"https:\/\/www.latitude-15.com\/fr\/author\/joda\/"}]}},"_links":{"self":[{"href":"https:\/\/www.latitude-15.com\/fr\/wp-json\/wp\/v2\/posts\/20625","targetHints":{"allow":["GET"]}}],"collection":[{"href":"https:\/\/www.latitude-15.com\/fr\/wp-json\/wp\/v2\/posts"}],"about":[{"href":"https:\/\/www.latitude-15.com\/fr\/wp-json\/wp\/v2\/types\/post"}],"author":[{"embeddable":true,"href":"https:\/\/www.latitude-15.com\/fr\/wp-json\/wp\/v2\/users\/5"}],"replies":[{"embeddable":true,"href":"https:\/\/www.latitude-15.com\/fr\/wp-json\/wp\/v2\/comments?post=20625"}],"version-history":[{"count":3,"href":"https:\/\/www.latitude-15.com\/fr\/wp-json\/wp\/v2\/posts\/20625\/revisions"}],"predecessor-version":[{"id":20628,"href":"https:\/\/www.latitude-15.com\/fr\/wp-json\/wp\/v2\/posts\/20625\/revisions\/20628"}],"wp:featuredmedia":[{"embeddable":true,"href":"https:\/\/www.latitude-15.com\/fr\/wp-json\/wp\/v2\/media\/20622"}],"wp:attachment":[{"href":"https:\/\/www.latitude-15.com\/fr\/wp-json\/wp\/v2\/media?parent=20625"}],"wp:term":[{"taxonomy":"category","embeddable":true,"href":"https:\/\/www.latitude-15.com\/fr\/wp-json\/wp\/v2\/categories?post=20625"},{"taxonomy":"post_tag","embeddable":true,"href":"https:\/\/www.latitude-15.com\/fr\/wp-json\/wp\/v2\/tags?post=20625"}],"curies":[{"name":"wp","href":"https:\/\/api.w.org\/{rel}","templated":true}]}}