{"id":20601,"date":"2026-02-10T12:36:15","date_gmt":"2026-02-10T16:36:15","guid":{"rendered":"https:\/\/www.latitude-15.com\/la-penurie-de-carburant-aviation-a-cuba-provoque-des-perturbations-majeures-dans-les-operations-aeriennes-caribeennes\/"},"modified":"2026-02-13T08:49:21","modified_gmt":"2026-02-13T12:49:21","slug":"la-penurie-de-carburant-aviation-a-cuba-provoque-des-perturbations-majeures-dans-les-operations-aeriennes-caribeennes","status":"publish","type":"post","link":"https:\/\/www.latitude-15.com\/fr\/la-penurie-de-carburant-aviation-a-cuba-provoque-des-perturbations-majeures-dans-les-operations-aeriennes-caribeennes\/","title":{"rendered":"La p\u00e9nurie de carburant aviation \u00e0 Cuba provoque des perturbations majeures dans les op\u00e9rations a\u00e9riennes carib\u00e9ennes"},"content":{"rendered":"\n<p>D\u00e9but f\u00e9vrier 2026, plusieurs a\u00e9roports cubains, dont l\u2019a\u00e9roport international Jos\u00e9 Mart\u00ed de La Havane, se sont retrouv\u00e9s sans carburant aviation disponible. La situation a \u00e9t\u00e9 formalis\u00e9e par un NOTAM couvrant la p\u00e9riode du 10 f\u00e9vrier au 11 mars 2026. En pratique, l\u2019absence de Jet-A1 rend impossible l\u2019exploitation commerciale normale vers l\u2019\u00eele, d\u00e9clenchant une r\u00e9action op\u00e9rationnelle imm\u00e9diate des compagnies desservant la Cara\u00efbe.  <\/p>\n\n<h2 class=\"wp-block-heading\"><strong>Une rupture d\u2019approvisionnement aux cons\u00e9quences imm\u00e9diates<\/strong><\/h2>\n\n<p>Cette p\u00e9nurie s\u2019inscrit dans une crise \u00e9nerg\u00e9tique plus large qui affecte Cuba depuis plusieurs mois. L\u2019\u00eele d\u00e9pend quasi exclusivement des importations de produits p\u00e9troliers et fait face \u00e0 une combinaison de contraintes logistiques, financi\u00e8res et g\u00e9opolitiques qui limitent fortement l\u2019approvisionnement. Le secteur a\u00e9rien, qui repose sur un acc\u00e8s continu au Jet-A1, figure parmi les plus expos\u00e9s.  <\/p>\n\n<p>Contrairement \u00e0 des restrictions de cr\u00e9neaux ou \u00e0 des limitations d\u2019espace a\u00e9rien, l\u2019absence de carburant local constitue une contrainte technique absolue. Sans possibilit\u00e9 de ravitaillement \u00e0 l\u2019arriv\u00e9e, les rotations standard ne peuvent \u00eatre assur\u00e9es. Les compagnies n\u2019ont alors que deux options : suspendre leurs vols ou repenser leurs op\u00e9rations en embarquant du carburant suppl\u00e9mentaire au d\u00e9part, voire en int\u00e9grant des escales techniques hors du territoire cubain. Dans les deux cas, les p\u00e9nalit\u00e9s op\u00e9rationnelles sont significatives.   <\/p>\n\n<h2 class=\"wp-block-heading\"><strong>Des d\u00e9cisions rapides et co\u00fbteuses pour les compagnies<\/strong><\/h2>\n\n<p>Les transporteurs ont r\u00e9agi sans d\u00e9lai. Air Canada a annonc\u00e9 la suspension imm\u00e9diate de ses vols vers Cuba, une d\u00e9cision affectant des milliers de passagers en pleine haute saison hivernale. Pour rapatrier les clients d\u00e9j\u00e0 pr\u00e9sents sur l\u2019\u00eele, la compagnie a op\u00e9r\u00e9 des vols de repositionnement sans passagers \u00e0 l\u2019aller, une mesure co\u00fbteuse mais incontournable. D\u2019autres compagnies canadiennes, dont WestJet, Air Transat et Sunwing, ont \u00e9galement suspendu leurs services, parfois jusqu\u2019\u00e0 la fin de la saison hivernale, fin mars ou d\u00e9but avril. Pour ces op\u00e9rateurs, Cuba repr\u00e9sente habituellement une part substantielle du trafic hivernal, avec des dizaines de milliers de passagers transport\u00e9s chaque mois.    <\/p>\n\n<p>Les compagnies europ\u00e9ennes ont adopt\u00e9 une approche plus prudente. Des transporteurs tels qu\u2019Air Europa et Iberia ont \u00e9tudi\u00e9 des sc\u00e9narios permettant de maintenir des op\u00e9rations limit\u00e9es, notamment via des escales techniques carburant en dehors de Cuba. Si cette solution pr\u00e9serve une pr\u00e9sence commerciale, elle entra\u00eene un allongement des temps de vol, une consommation accrue de carburant et une hausse sensible des co\u00fbts d\u2019exploitation.  <\/p>\n\n<p>Sur le plan op\u00e9rationnel, l\u2019absence de carburant local bouleverse la planification des vols. Les appareils doivent embarquer davantage de carburant au d\u00e9part, ce qui r\u00e9duit la charge utile disponible pour les passagers et le fret. Les escales techniques ajoutent une complexit\u00e9 suppl\u00e9mentaire, affectant la gestion des \u00e9quipages, la coordination des cr\u00e9neaux et la fiabilit\u00e9 des horaires. Dans une r\u00e9gion o\u00f9 les r\u00e9seaux reposent sur des rotations serr\u00e9es et une forte saisonnalit\u00e9, ces ajustements d\u00e9gradent rapidement l\u2019efficacit\u00e9 op\u00e9rationnelle.   <\/p>\n\n<h2 class=\"wp-block-heading\"><strong>Un risque \u00e9nerg\u00e9tique structurel pour les r\u00e9seaux carib\u00e9ens<\/strong><\/h2>\n\n<p>L\u2019impact \u00e9conomique d\u00e9passe largement les annulations de vols. Les compagnies supportent des co\u00fbts carburant plus \u00e9lev\u00e9s, des redevances d\u2019atterrissage et d\u2019assistance suppl\u00e9mentaires dans les a\u00e9roports interm\u00e9diaires, ainsi que des perturbations dans la rotation des flottes. Les pertes de revenus li\u00e9es aux annulations passagers et fret accentuent la pression, \u00e0 un moment strat\u00e9gique pour l\u2019activit\u00e9 carib\u00e9enne. Selon les estimations du secteur, plusieurs centaines de vols sont directement concern\u00e9s par la p\u00e9nurie annonc\u00e9e, avec des dizaines de milliers de passagers impact\u00e9s sur la dur\u00e9e du NOTAM.   <\/p>\n\n<p>Au-del\u00e0 de la perturbation imm\u00e9diate, la situation met en lumi\u00e8re des vuln\u00e9rabilit\u00e9s structurelles plus profondes. Cuba dispose de capacit\u00e9s limit\u00e9es de stockage et de raffinage, rendant son secteur a\u00e9rien fortement d\u00e9pendant de flux d\u2019importation r\u00e9guliers. Dans un contexte de tensions g\u00e9opolitiques persistantes et de restrictions d\u2019approvisionnement, la r\u00e9silience des op\u00e9rations a\u00e9riennes demeure fragile. Cette vuln\u00e9rabilit\u00e9 ne se limite pas \u00e0 Cuba et refl\u00e8te des d\u00e9fis plus larges auxquels sont confront\u00e9s plusieurs march\u00e9s insulaires de la r\u00e9gion.   <\/p>\n\n<p>Les effets r\u00e9gionaux sont d\u00e9j\u00e0 visibles. Les flux de passagers se redirigent vers d\u2019autres destinations carib\u00e9ennes, notamment la R\u00e9publique dominicaine et le Mexique, accentuant la pression sur des hubs d\u00e9j\u00e0 fortement sollicit\u00e9s en saison hivernale. Pour les compagnies, la p\u00e9nurie de carburant \u00e0 Cuba constitue un test grandeur nature, illustrant comment une perturbation \u00e9nerg\u00e9tique localis\u00e9e peut se propager \u00e0 l\u2019ensemble d\u2019un r\u00e9seau.  <\/p>\n\n<hr class=\"wp-block-separator has-alpha-channel-opacity\" \/>\n\n<p>En d\u00e9finitive, cette crise rappelle un risque souvent sous-estim\u00e9 dans la planification des r\u00e9seaux : la disponibilit\u00e9 du carburant ne peut \u00eatre consid\u00e9r\u00e9e comme acquise. \u00c0 court terme, les op\u00e9rateurs doivent absorber la perturbation et limiter les pertes. \u00c0 moyen terme, le cas cubain souligne la n\u00e9cessit\u00e9 d\u2019int\u00e9grer pleinement le risque d\u2019approvisionnement \u00e9nerg\u00e9tique dans la strat\u00e9gie r\u00e9seau, au m\u00eame titre que les contraintes d\u2019infrastructure, les enjeux de s\u00e9curit\u00e9 et la performance \u00e9conomique.  <\/p>\n","protected":false},"excerpt":{"rendered":"<p>D\u00e9but f\u00e9vrier 2026, plusieurs a\u00e9roports cubains, dont l\u2019a\u00e9roport international Jos\u00e9 Mart\u00ed de La Havane, se sont retrouv\u00e9s sans carburant aviation disponible. La situation a \u00e9t\u00e9 formalis\u00e9e par un NOTAM couvrant la p\u00e9riode du 10 f\u00e9vrier au 11 mars 2026. En pratique, l\u2019absence de Jet-A1 rend impossible l\u2019exploitation commerciale normale vers l\u2019\u00eele, d\u00e9clenchant une r\u00e9action op\u00e9rationnelle [&hellip;]<\/p>\n","protected":false},"author":5,"featured_media":20600,"comment_status":"open","ping_status":"open","sticky":false,"template":"","format":"standard","meta":{"footnotes":""},"categories":[97],"tags":[],"class_list":["post-20601","post","type-post","status-publish","format-standard","has-post-thumbnail","hentry","category-aviation-fr"],"yoast_head":"<!-- This site is optimized with the Yoast SEO plugin v26.9 - https:\/\/yoast.com\/product\/yoast-seo-wordpress\/ -->\n<title>La p\u00e9nurie de carburant aviation \u00e0 Cuba provoque des perturbations majeures dans les op\u00e9rations a\u00e9riennes carib\u00e9ennes - LATITUDE 15<\/title>\n<meta name=\"robots\" content=\"index, follow, max-snippet:-1, max-image-preview:large, max-video-preview:-1\" \/>\n<link rel=\"canonical\" href=\"https:\/\/www.latitude-15.com\/fr\/la-penurie-de-carburant-aviation-a-cuba-provoque-des-perturbations-majeures-dans-les-operations-aeriennes-caribeennes\/\" \/>\n<meta property=\"og:locale\" content=\"fr_FR\" \/>\n<meta property=\"og:type\" content=\"article\" \/>\n<meta property=\"og:title\" content=\"La p\u00e9nurie de carburant aviation \u00e0 Cuba provoque des perturbations majeures dans les op\u00e9rations a\u00e9riennes carib\u00e9ennes - LATITUDE 15\" \/>\n<meta property=\"og:description\" content=\"D\u00e9but f\u00e9vrier 2026, plusieurs a\u00e9roports cubains, dont l\u2019a\u00e9roport international Jos\u00e9 Mart\u00ed de La Havane, se sont retrouv\u00e9s sans carburant aviation disponible. La situation a \u00e9t\u00e9 formalis\u00e9e par un NOTAM couvrant la p\u00e9riode du 10 f\u00e9vrier au 11 mars 2026. En pratique, l\u2019absence de Jet-A1 rend impossible l\u2019exploitation commerciale normale vers l\u2019\u00eele, d\u00e9clenchant une r\u00e9action op\u00e9rationnelle [&hellip;]\" \/>\n<meta property=\"og:url\" content=\"https:\/\/www.latitude-15.com\/fr\/la-penurie-de-carburant-aviation-a-cuba-provoque-des-perturbations-majeures-dans-les-operations-aeriennes-caribeennes\/\" \/>\n<meta property=\"og:site_name\" content=\"LATITUDE 15\" \/>\n<meta property=\"article:published_time\" content=\"2026-02-10T16:36:15+00:00\" \/>\n<meta property=\"article:modified_time\" content=\"2026-02-13T12:49:21+00:00\" \/>\n<meta property=\"og:image\" content=\"https:\/\/www.latitude-15.com\/wp-content\/uploads\/2026\/02\/istockphoto-1302106358-1024x1024-1.jpg\" \/>\n\t<meta property=\"og:image:width\" content=\"1024\" \/>\n\t<meta property=\"og:image:height\" content=\"576\" \/>\n\t<meta property=\"og:image:type\" content=\"image\/jpeg\" \/>\n<meta name=\"author\" content=\"Joda J\" \/>\n<meta name=\"twitter:card\" content=\"summary_large_image\" \/>\n<meta name=\"twitter:label1\" content=\"\u00c9crit par\" \/>\n\t<meta name=\"twitter:data1\" content=\"Joda J\" \/>\n\t<meta name=\"twitter:label2\" content=\"Dur\u00e9e de lecture estim\u00e9e\" \/>\n\t<meta name=\"twitter:data2\" content=\"4 minutes\" \/>\n<script type=\"application\/ld+json\" class=\"yoast-schema-graph\">{\"@context\":\"https:\/\/schema.org\",\"@graph\":[{\"@type\":\"Article\",\"@id\":\"https:\/\/www.latitude-15.com\/fr\/la-penurie-de-carburant-aviation-a-cuba-provoque-des-perturbations-majeures-dans-les-operations-aeriennes-caribeennes\/#article\",\"isPartOf\":{\"@id\":\"https:\/\/www.latitude-15.com\/fr\/la-penurie-de-carburant-aviation-a-cuba-provoque-des-perturbations-majeures-dans-les-operations-aeriennes-caribeennes\/\"},\"author\":{\"name\":\"Joda J\",\"@id\":\"https:\/\/www.latitude-15.com\/fr\/#\/schema\/person\/dac52e7ff44c78317f337da112e37252\"},\"headline\":\"La p\u00e9nurie de carburant aviation \u00e0 Cuba provoque des perturbations majeures dans les op\u00e9rations a\u00e9riennes carib\u00e9ennes\",\"datePublished\":\"2026-02-10T16:36:15+00:00\",\"dateModified\":\"2026-02-13T12:49:21+00:00\",\"mainEntityOfPage\":{\"@id\":\"https:\/\/www.latitude-15.com\/fr\/la-penurie-de-carburant-aviation-a-cuba-provoque-des-perturbations-majeures-dans-les-operations-aeriennes-caribeennes\/\"},\"wordCount\":910,\"commentCount\":0,\"publisher\":{\"@id\":\"https:\/\/www.latitude-15.com\/fr\/#organization\"},\"image\":{\"@id\":\"https:\/\/www.latitude-15.com\/fr\/la-penurie-de-carburant-aviation-a-cuba-provoque-des-perturbations-majeures-dans-les-operations-aeriennes-caribeennes\/#primaryimage\"},\"thumbnailUrl\":\"https:\/\/www.latitude-15.com\/wp-content\/uploads\/2026\/02\/istockphoto-1302106358-1024x1024-1.jpg\",\"articleSection\":[\"AVIATION\"],\"inLanguage\":\"fr-FR\",\"potentialAction\":[{\"@type\":\"CommentAction\",\"name\":\"Comment\",\"target\":[\"https:\/\/www.latitude-15.com\/fr\/la-penurie-de-carburant-aviation-a-cuba-provoque-des-perturbations-majeures-dans-les-operations-aeriennes-caribeennes\/#respond\"]}]},{\"@type\":\"WebPage\",\"@id\":\"https:\/\/www.latitude-15.com\/fr\/la-penurie-de-carburant-aviation-a-cuba-provoque-des-perturbations-majeures-dans-les-operations-aeriennes-caribeennes\/\",\"url\":\"https:\/\/www.latitude-15.com\/fr\/la-penurie-de-carburant-aviation-a-cuba-provoque-des-perturbations-majeures-dans-les-operations-aeriennes-caribeennes\/\",\"name\":\"La p\u00e9nurie de carburant aviation \u00e0 Cuba provoque des perturbations majeures dans les op\u00e9rations a\u00e9riennes carib\u00e9ennes - LATITUDE 15\",\"isPartOf\":{\"@id\":\"https:\/\/www.latitude-15.com\/fr\/#website\"},\"primaryImageOfPage\":{\"@id\":\"https:\/\/www.latitude-15.com\/fr\/la-penurie-de-carburant-aviation-a-cuba-provoque-des-perturbations-majeures-dans-les-operations-aeriennes-caribeennes\/#primaryimage\"},\"image\":{\"@id\":\"https:\/\/www.latitude-15.com\/fr\/la-penurie-de-carburant-aviation-a-cuba-provoque-des-perturbations-majeures-dans-les-operations-aeriennes-caribeennes\/#primaryimage\"},\"thumbnailUrl\":\"https:\/\/www.latitude-15.com\/wp-content\/uploads\/2026\/02\/istockphoto-1302106358-1024x1024-1.jpg\",\"datePublished\":\"2026-02-10T16:36:15+00:00\",\"dateModified\":\"2026-02-13T12:49:21+00:00\",\"breadcrumb\":{\"@id\":\"https:\/\/www.latitude-15.com\/fr\/la-penurie-de-carburant-aviation-a-cuba-provoque-des-perturbations-majeures-dans-les-operations-aeriennes-caribeennes\/#breadcrumb\"},\"inLanguage\":\"fr-FR\",\"potentialAction\":[{\"@type\":\"ReadAction\",\"target\":[\"https:\/\/www.latitude-15.com\/fr\/la-penurie-de-carburant-aviation-a-cuba-provoque-des-perturbations-majeures-dans-les-operations-aeriennes-caribeennes\/\"]}]},{\"@type\":\"ImageObject\",\"inLanguage\":\"fr-FR\",\"@id\":\"https:\/\/www.latitude-15.com\/fr\/la-penurie-de-carburant-aviation-a-cuba-provoque-des-perturbations-majeures-dans-les-operations-aeriennes-caribeennes\/#primaryimage\",\"url\":\"https:\/\/www.latitude-15.com\/wp-content\/uploads\/2026\/02\/istockphoto-1302106358-1024x1024-1.jpg\",\"contentUrl\":\"https:\/\/www.latitude-15.com\/wp-content\/uploads\/2026\/02\/istockphoto-1302106358-1024x1024-1.jpg\",\"width\":1024,\"height\":576,\"caption\":\"Avion \u00e0 r\u00e9action atterrissant \u00e0 La Havane, Cuba, illustration 3D. Arriv\u00e9e en ville avec le terminal vitr\u00e9 de l\u2019a\u00e9roport et le reflet de l\u2019avion. Concept de voyage, affaires, tourisme et transport.\"},{\"@type\":\"BreadcrumbList\",\"@id\":\"https:\/\/www.latitude-15.com\/fr\/la-penurie-de-carburant-aviation-a-cuba-provoque-des-perturbations-majeures-dans-les-operations-aeriennes-caribeennes\/#breadcrumb\",\"itemListElement\":[{\"@type\":\"ListItem\",\"position\":1,\"name\":\"Home\",\"item\":\"https:\/\/www.latitude-15.com\/fr\/accueil\/\"},{\"@type\":\"ListItem\",\"position\":2,\"name\":\"La p\u00e9nurie de carburant aviation \u00e0 Cuba provoque des perturbations majeures dans les op\u00e9rations a\u00e9riennes carib\u00e9ennes\"}]},{\"@type\":\"WebSite\",\"@id\":\"https:\/\/www.latitude-15.com\/fr\/#website\",\"url\":\"https:\/\/www.latitude-15.com\/fr\/\",\"name\":\"LATITUDE 15\",\"description\":\"Aviation and maritime Magazine - Caribbean &amp; Latin America\",\"publisher\":{\"@id\":\"https:\/\/www.latitude-15.com\/fr\/#organization\"},\"potentialAction\":[{\"@type\":\"SearchAction\",\"target\":{\"@type\":\"EntryPoint\",\"urlTemplate\":\"https:\/\/www.latitude-15.com\/fr\/?s={search_term_string}\"},\"query-input\":{\"@type\":\"PropertyValueSpecification\",\"valueRequired\":true,\"valueName\":\"search_term_string\"}}],\"inLanguage\":\"fr-FR\"},{\"@type\":\"Organization\",\"@id\":\"https:\/\/www.latitude-15.com\/fr\/#organization\",\"name\":\"LATITUDE 15\",\"url\":\"https:\/\/www.latitude-15.com\/fr\/\",\"logo\":{\"@type\":\"ImageObject\",\"inLanguage\":\"fr-FR\",\"@id\":\"https:\/\/www.latitude-15.com\/fr\/#\/schema\/logo\/image\/\",\"url\":\"https:\/\/www.latitude-15.com\/wp-content\/uploads\/2026\/01\/cropped-logox500px.png\",\"contentUrl\":\"https:\/\/www.latitude-15.com\/wp-content\/uploads\/2026\/01\/cropped-logox500px.png\",\"width\":62,\"height\":75,\"caption\":\"LATITUDE 15\"},\"image\":{\"@id\":\"https:\/\/www.latitude-15.com\/fr\/#\/schema\/logo\/image\/\"}},{\"@type\":\"Person\",\"@id\":\"https:\/\/www.latitude-15.com\/fr\/#\/schema\/person\/dac52e7ff44c78317f337da112e37252\",\"name\":\"Joda J\",\"image\":{\"@type\":\"ImageObject\",\"inLanguage\":\"fr-FR\",\"@id\":\"https:\/\/www.latitude-15.com\/fr\/#\/schema\/person\/image\/\",\"url\":\"https:\/\/secure.gravatar.com\/avatar\/6b1feae555e15404b76616f92d931d12b25ac58024f14ccb43d9d3c012e4c4cf?s=96&d=mm&r=g\",\"contentUrl\":\"https:\/\/secure.gravatar.com\/avatar\/6b1feae555e15404b76616f92d931d12b25ac58024f14ccb43d9d3c012e4c4cf?s=96&d=mm&r=g\",\"caption\":\"Joda J\"},\"url\":\"https:\/\/www.latitude-15.com\/fr\/author\/joda\/\"}]}<\/script>\n<!-- \/ Yoast SEO plugin. -->","yoast_head_json":{"title":"La p\u00e9nurie de carburant aviation \u00e0 Cuba provoque des perturbations majeures dans les op\u00e9rations a\u00e9riennes carib\u00e9ennes - LATITUDE 15","robots":{"index":"index","follow":"follow","max-snippet":"max-snippet:-1","max-image-preview":"max-image-preview:large","max-video-preview":"max-video-preview:-1"},"canonical":"https:\/\/www.latitude-15.com\/fr\/la-penurie-de-carburant-aviation-a-cuba-provoque-des-perturbations-majeures-dans-les-operations-aeriennes-caribeennes\/","og_locale":"fr_FR","og_type":"article","og_title":"La p\u00e9nurie de carburant aviation \u00e0 Cuba provoque des perturbations majeures dans les op\u00e9rations a\u00e9riennes carib\u00e9ennes - LATITUDE 15","og_description":"D\u00e9but f\u00e9vrier 2026, plusieurs a\u00e9roports cubains, dont l\u2019a\u00e9roport international Jos\u00e9 Mart\u00ed de La Havane, se sont retrouv\u00e9s sans carburant aviation disponible. La situation a \u00e9t\u00e9 formalis\u00e9e par un NOTAM couvrant la p\u00e9riode du 10 f\u00e9vrier au 11 mars 2026. En pratique, l\u2019absence de Jet-A1 rend impossible l\u2019exploitation commerciale normale vers l\u2019\u00eele, d\u00e9clenchant une r\u00e9action op\u00e9rationnelle [&hellip;]","og_url":"https:\/\/www.latitude-15.com\/fr\/la-penurie-de-carburant-aviation-a-cuba-provoque-des-perturbations-majeures-dans-les-operations-aeriennes-caribeennes\/","og_site_name":"LATITUDE 15","article_published_time":"2026-02-10T16:36:15+00:00","article_modified_time":"2026-02-13T12:49:21+00:00","og_image":[{"width":1024,"height":576,"url":"https:\/\/www.latitude-15.com\/wp-content\/uploads\/2026\/02\/istockphoto-1302106358-1024x1024-1.jpg","type":"image\/jpeg"}],"author":"Joda J","twitter_card":"summary_large_image","twitter_misc":{"\u00c9crit par":"Joda J","Dur\u00e9e de lecture estim\u00e9e":"4 minutes"},"schema":{"@context":"https:\/\/schema.org","@graph":[{"@type":"Article","@id":"https:\/\/www.latitude-15.com\/fr\/la-penurie-de-carburant-aviation-a-cuba-provoque-des-perturbations-majeures-dans-les-operations-aeriennes-caribeennes\/#article","isPartOf":{"@id":"https:\/\/www.latitude-15.com\/fr\/la-penurie-de-carburant-aviation-a-cuba-provoque-des-perturbations-majeures-dans-les-operations-aeriennes-caribeennes\/"},"author":{"name":"Joda J","@id":"https:\/\/www.latitude-15.com\/fr\/#\/schema\/person\/dac52e7ff44c78317f337da112e37252"},"headline":"La p\u00e9nurie de carburant aviation \u00e0 Cuba provoque des perturbations majeures dans les op\u00e9rations a\u00e9riennes carib\u00e9ennes","datePublished":"2026-02-10T16:36:15+00:00","dateModified":"2026-02-13T12:49:21+00:00","mainEntityOfPage":{"@id":"https:\/\/www.latitude-15.com\/fr\/la-penurie-de-carburant-aviation-a-cuba-provoque-des-perturbations-majeures-dans-les-operations-aeriennes-caribeennes\/"},"wordCount":910,"commentCount":0,"publisher":{"@id":"https:\/\/www.latitude-15.com\/fr\/#organization"},"image":{"@id":"https:\/\/www.latitude-15.com\/fr\/la-penurie-de-carburant-aviation-a-cuba-provoque-des-perturbations-majeures-dans-les-operations-aeriennes-caribeennes\/#primaryimage"},"thumbnailUrl":"https:\/\/www.latitude-15.com\/wp-content\/uploads\/2026\/02\/istockphoto-1302106358-1024x1024-1.jpg","articleSection":["AVIATION"],"inLanguage":"fr-FR","potentialAction":[{"@type":"CommentAction","name":"Comment","target":["https:\/\/www.latitude-15.com\/fr\/la-penurie-de-carburant-aviation-a-cuba-provoque-des-perturbations-majeures-dans-les-operations-aeriennes-caribeennes\/#respond"]}]},{"@type":"WebPage","@id":"https:\/\/www.latitude-15.com\/fr\/la-penurie-de-carburant-aviation-a-cuba-provoque-des-perturbations-majeures-dans-les-operations-aeriennes-caribeennes\/","url":"https:\/\/www.latitude-15.com\/fr\/la-penurie-de-carburant-aviation-a-cuba-provoque-des-perturbations-majeures-dans-les-operations-aeriennes-caribeennes\/","name":"La p\u00e9nurie de carburant aviation \u00e0 Cuba provoque des perturbations majeures dans les op\u00e9rations a\u00e9riennes carib\u00e9ennes - LATITUDE 15","isPartOf":{"@id":"https:\/\/www.latitude-15.com\/fr\/#website"},"primaryImageOfPage":{"@id":"https:\/\/www.latitude-15.com\/fr\/la-penurie-de-carburant-aviation-a-cuba-provoque-des-perturbations-majeures-dans-les-operations-aeriennes-caribeennes\/#primaryimage"},"image":{"@id":"https:\/\/www.latitude-15.com\/fr\/la-penurie-de-carburant-aviation-a-cuba-provoque-des-perturbations-majeures-dans-les-operations-aeriennes-caribeennes\/#primaryimage"},"thumbnailUrl":"https:\/\/www.latitude-15.com\/wp-content\/uploads\/2026\/02\/istockphoto-1302106358-1024x1024-1.jpg","datePublished":"2026-02-10T16:36:15+00:00","dateModified":"2026-02-13T12:49:21+00:00","breadcrumb":{"@id":"https:\/\/www.latitude-15.com\/fr\/la-penurie-de-carburant-aviation-a-cuba-provoque-des-perturbations-majeures-dans-les-operations-aeriennes-caribeennes\/#breadcrumb"},"inLanguage":"fr-FR","potentialAction":[{"@type":"ReadAction","target":["https:\/\/www.latitude-15.com\/fr\/la-penurie-de-carburant-aviation-a-cuba-provoque-des-perturbations-majeures-dans-les-operations-aeriennes-caribeennes\/"]}]},{"@type":"ImageObject","inLanguage":"fr-FR","@id":"https:\/\/www.latitude-15.com\/fr\/la-penurie-de-carburant-aviation-a-cuba-provoque-des-perturbations-majeures-dans-les-operations-aeriennes-caribeennes\/#primaryimage","url":"https:\/\/www.latitude-15.com\/wp-content\/uploads\/2026\/02\/istockphoto-1302106358-1024x1024-1.jpg","contentUrl":"https:\/\/www.latitude-15.com\/wp-content\/uploads\/2026\/02\/istockphoto-1302106358-1024x1024-1.jpg","width":1024,"height":576,"caption":"Avion \u00e0 r\u00e9action atterrissant \u00e0 La Havane, Cuba, illustration 3D. Arriv\u00e9e en ville avec le terminal vitr\u00e9 de l\u2019a\u00e9roport et le reflet de l\u2019avion. Concept de voyage, affaires, tourisme et transport."},{"@type":"BreadcrumbList","@id":"https:\/\/www.latitude-15.com\/fr\/la-penurie-de-carburant-aviation-a-cuba-provoque-des-perturbations-majeures-dans-les-operations-aeriennes-caribeennes\/#breadcrumb","itemListElement":[{"@type":"ListItem","position":1,"name":"Home","item":"https:\/\/www.latitude-15.com\/fr\/accueil\/"},{"@type":"ListItem","position":2,"name":"La p\u00e9nurie de carburant aviation \u00e0 Cuba provoque des perturbations majeures dans les op\u00e9rations a\u00e9riennes carib\u00e9ennes"}]},{"@type":"WebSite","@id":"https:\/\/www.latitude-15.com\/fr\/#website","url":"https:\/\/www.latitude-15.com\/fr\/","name":"LATITUDE 15","description":"Aviation and maritime Magazine - Caribbean &amp; Latin America","publisher":{"@id":"https:\/\/www.latitude-15.com\/fr\/#organization"},"potentialAction":[{"@type":"SearchAction","target":{"@type":"EntryPoint","urlTemplate":"https:\/\/www.latitude-15.com\/fr\/?s={search_term_string}"},"query-input":{"@type":"PropertyValueSpecification","valueRequired":true,"valueName":"search_term_string"}}],"inLanguage":"fr-FR"},{"@type":"Organization","@id":"https:\/\/www.latitude-15.com\/fr\/#organization","name":"LATITUDE 15","url":"https:\/\/www.latitude-15.com\/fr\/","logo":{"@type":"ImageObject","inLanguage":"fr-FR","@id":"https:\/\/www.latitude-15.com\/fr\/#\/schema\/logo\/image\/","url":"https:\/\/www.latitude-15.com\/wp-content\/uploads\/2026\/01\/cropped-logox500px.png","contentUrl":"https:\/\/www.latitude-15.com\/wp-content\/uploads\/2026\/01\/cropped-logox500px.png","width":62,"height":75,"caption":"LATITUDE 15"},"image":{"@id":"https:\/\/www.latitude-15.com\/fr\/#\/schema\/logo\/image\/"}},{"@type":"Person","@id":"https:\/\/www.latitude-15.com\/fr\/#\/schema\/person\/dac52e7ff44c78317f337da112e37252","name":"Joda J","image":{"@type":"ImageObject","inLanguage":"fr-FR","@id":"https:\/\/www.latitude-15.com\/fr\/#\/schema\/person\/image\/","url":"https:\/\/secure.gravatar.com\/avatar\/6b1feae555e15404b76616f92d931d12b25ac58024f14ccb43d9d3c012e4c4cf?s=96&d=mm&r=g","contentUrl":"https:\/\/secure.gravatar.com\/avatar\/6b1feae555e15404b76616f92d931d12b25ac58024f14ccb43d9d3c012e4c4cf?s=96&d=mm&r=g","caption":"Joda J"},"url":"https:\/\/www.latitude-15.com\/fr\/author\/joda\/"}]}},"_links":{"self":[{"href":"https:\/\/www.latitude-15.com\/fr\/wp-json\/wp\/v2\/posts\/20601","targetHints":{"allow":["GET"]}}],"collection":[{"href":"https:\/\/www.latitude-15.com\/fr\/wp-json\/wp\/v2\/posts"}],"about":[{"href":"https:\/\/www.latitude-15.com\/fr\/wp-json\/wp\/v2\/types\/post"}],"author":[{"embeddable":true,"href":"https:\/\/www.latitude-15.com\/fr\/wp-json\/wp\/v2\/users\/5"}],"replies":[{"embeddable":true,"href":"https:\/\/www.latitude-15.com\/fr\/wp-json\/wp\/v2\/comments?post=20601"}],"version-history":[{"count":1,"href":"https:\/\/www.latitude-15.com\/fr\/wp-json\/wp\/v2\/posts\/20601\/revisions"}],"predecessor-version":[{"id":20602,"href":"https:\/\/www.latitude-15.com\/fr\/wp-json\/wp\/v2\/posts\/20601\/revisions\/20602"}],"wp:featuredmedia":[{"embeddable":true,"href":"https:\/\/www.latitude-15.com\/fr\/wp-json\/wp\/v2\/media\/20600"}],"wp:attachment":[{"href":"https:\/\/www.latitude-15.com\/fr\/wp-json\/wp\/v2\/media?parent=20601"}],"wp:term":[{"taxonomy":"category","embeddable":true,"href":"https:\/\/www.latitude-15.com\/fr\/wp-json\/wp\/v2\/categories?post=20601"},{"taxonomy":"post_tag","embeddable":true,"href":"https:\/\/www.latitude-15.com\/fr\/wp-json\/wp\/v2\/tags?post=20601"}],"curies":[{"name":"wp","href":"https:\/\/api.w.org\/{rel}","templated":true}]}}