{"id":20558,"date":"2026-02-12T22:11:56","date_gmt":"2026-02-13T02:11:56","guid":{"rendered":"https:\/\/www.latitude-15.com\/?p=20558"},"modified":"2026-02-16T10:22:34","modified_gmt":"2026-02-16T14:22:34","slug":"martinique-aeroport-aime-cesaire-bilan-2025-cap-2026-connectivite-transition-verte","status":"publish","type":"post","link":"https:\/\/www.latitude-15.com\/fr\/martinique-aeroport-aime-cesaire-bilan-2025-cap-2026-connectivite-transition-verte\/","title":{"rendered":"A\u00e9roport Martinique : Bilan 2025 et Cap 2026, entre Connectivit\u00e9 Internationale et Transition Verte"},"content":{"rendered":"\n<p>L&rsquo;a\u00e9roport Martinique-Aim\u00e9-C\u00e9saire affiche une croissance de 2,8% en 2025, port\u00e9e par l&rsquo;explosion du trafic international (+15% \u00e0 +37% selon les zones). Mais 2026 marque un tournant : au-del\u00e0 des chiffres, c&rsquo;est toute l&rsquo;exp\u00e9rience passager qui se transforme, tandis que 15 000 panneaux solaires pr\u00e9parent la transition verte. Nathalie S\u00e9bastien et Jean-Michel Lucenay ont d\u00e9voil\u00e9 ce 12 f\u00e9vrier une feuille de route ambitieuse. Une intervention compl\u00e9t\u00e9e par Sylvain Le Foyer, directeur de la S\u00e9curit\u00e9 de l&rsquo;Aviation civile Antilles-Guyane, venu pr\u00e9ciser les \u00e9volutions pr\u00e9vues en mati\u00e8re de s\u00fbret\u00e9.<\/p>\n\n\n\n<p><\/p>\n\n\n\n<figure class=\"wp-block-image size-large\"><img fetchpriority=\"high\" decoding=\"async\" width=\"1024\" height=\"720\" src=\"https:\/\/www.latitude-15.com\/wp-content\/uploads\/2026\/02\/WhatsApp-Image-2026-02-12-at-22.06.11-1024x720.jpeg\" alt=\"\" class=\"wp-image-20560\" srcset=\"https:\/\/www.latitude-15.com\/wp-content\/uploads\/2026\/02\/WhatsApp-Image-2026-02-12-at-22.06.11-1024x720.jpeg 1024w, https:\/\/www.latitude-15.com\/wp-content\/uploads\/2026\/02\/WhatsApp-Image-2026-02-12-at-22.06.11-300x211.jpeg 300w, https:\/\/www.latitude-15.com\/wp-content\/uploads\/2026\/02\/WhatsApp-Image-2026-02-12-at-22.06.11-768x540.jpeg 768w, https:\/\/www.latitude-15.com\/wp-content\/uploads\/2026\/02\/WhatsApp-Image-2026-02-12-at-22.06.11.jpeg 1280w\" sizes=\"(max-width: 1024px) 100vw, 1024px\" \/><\/figure>\n\n\n\n<p class=\"has-text-align-center\"><em>Jean-Michel Lucenay (Vice-pr\u00e9sident Conseil de surveillance), Nathalie S\u00e9bastien (Pr\u00e9sidente du Directoire) et Sylvain Le Foyer (Directeur S\u00e9curit\u00e9 Aviation civile)<\/em><\/p>\n\n\n\n<h2 class=\"wp-block-heading\">2025 : une croissance port\u00e9e par l\u2019international<\/h2>\n\n\n\n<p>En 2025, la plateforme confirme sa dynamique de reprise avec une croissance globale du trafic (+2,8 % hors transit). Mais derri\u00e8re cette moyenne, le contraste est net : le segment national reste relativement stable, tandis que l\u2019international enregistre une progression marqu\u00e9e, y compris par rapport \u00e0 2019.<\/p>\n\n\n\n<p>La France hexagonale repr\u00e9sente toujours 65 % du trafic, mais ce sont l\u2019Am\u00e9rique du Nord \u2014 notamment le Canada \u2014 et la Cara\u00efbe qui tirent la croissance.<\/p>\n\n\n\n<p>Cinq nouvelles dessertes ont \u00e9t\u00e9 ouvertes en 2025 : Qu\u00e9bec (\u00e0 l&rsquo;ann\u00e9e), Sainte-Lucie, Fortaleza (via la Guyane), Saint-Martin et Bordeaux. Cette diversification t\u00e9moigne d&rsquo;une strat\u00e9gie assum\u00e9e d&rsquo;ouverture internationale.<\/p>\n\n\n\n<figure class=\"wp-block-image size-large\"><img decoding=\"async\" width=\"918\" height=\"1024\" data-src=\"https:\/\/www.latitude-15.com\/wp-content\/uploads\/2026\/02\/WhatsApp-Image-2026-02-12-at-21.59.01-918x1024.jpeg\" alt=\"\" class=\"wp-image-20561 lazyload\" data-srcset=\"https:\/\/www.latitude-15.com\/wp-content\/uploads\/2026\/02\/WhatsApp-Image-2026-02-12-at-21.59.01-918x1024.jpeg 918w, https:\/\/www.latitude-15.com\/wp-content\/uploads\/2026\/02\/WhatsApp-Image-2026-02-12-at-21.59.01-269x300.jpeg 269w, https:\/\/www.latitude-15.com\/wp-content\/uploads\/2026\/02\/WhatsApp-Image-2026-02-12-at-21.59.01-768x856.jpeg 768w, https:\/\/www.latitude-15.com\/wp-content\/uploads\/2026\/02\/WhatsApp-Image-2026-02-12-at-21.59.01.jpeg 1148w\" data-sizes=\"(max-width: 918px) 100vw, 918px\" src=\"data:image\/svg+xml;base64,PHN2ZyB3aWR0aD0iMSIgaGVpZ2h0PSIxIiB4bWxucz0iaHR0cDovL3d3dy53My5vcmcvMjAwMC9zdmciPjwvc3ZnPg==\" style=\"--smush-placeholder-width: 918px; --smush-placeholder-aspect-ratio: 918\/1024;\" \/><\/figure>\n\n\n\n<p>Pour Nathalie S\u00e9bastien, cette \u00e9volution confirme un basculement strat\u00e9gique :<\/p>\n\n\n\n<blockquote class=\"wp-block-quote is-layout-flow wp-block-quote-is-layout-flow\">\n<p>\u00ab La croissance viendra davantage de l\u2019international que du national. Notre r\u00f4le est d\u2019ouvrir le ciel de la Martinique au monde, tout en consolidant les flux existants. \u00bb<\/p>\n<\/blockquote>\n\n\n\n<p>Le Canada s\u2019impose comme un axe fort, avec Montr\u00e9al, Toronto (saisonnier) et d\u00e9sormais Qu\u00e9bec, annonc\u00e9 \u00e0 l\u2019ann\u00e9e. La connectivit\u00e9 r\u00e9gionale progresse \u00e9galement avec le retour de Sainte-Lucie et le renforcement des liaisons carib\u00e9ennes.<\/p>\n\n\n\n<p>Le fret affiche \u00e9galement une progression significative, avec pr\u00e8s de 13 000 tonnes transport\u00e9es en 2025 (+27,2 %).<\/p>\n\n\n\n<h2 class=\"wp-block-heading\">Lutter contre la saisonnalit\u00e9 : un enjeu territorial<\/h2>\n\n\n\n<p>Au-del\u00e0 des chiffres, la question de la saisonnalit\u00e9 reste centrale. L\u2019a\u00e9roport reconna\u00eet que l\u2019activit\u00e9 demeure concentr\u00e9e sur certaines p\u00e9riodes, ce qui fragilise l\u2019\u00e9cosyst\u00e8me \u00e9conomique local.<\/p>\n\n\n\n<figure class=\"wp-block-image size-large\"><img decoding=\"async\" width=\"918\" height=\"1024\" data-src=\"https:\/\/www.latitude-15.com\/wp-content\/uploads\/2026\/02\/WhatsApp-Image-2026-02-12-at-21.58.03-918x1024.jpeg\" alt=\"\" class=\"wp-image-20562 lazyload\" data-srcset=\"https:\/\/www.latitude-15.com\/wp-content\/uploads\/2026\/02\/WhatsApp-Image-2026-02-12-at-21.58.03-918x1024.jpeg 918w, https:\/\/www.latitude-15.com\/wp-content\/uploads\/2026\/02\/WhatsApp-Image-2026-02-12-at-21.58.03-269x300.jpeg 269w, https:\/\/www.latitude-15.com\/wp-content\/uploads\/2026\/02\/WhatsApp-Image-2026-02-12-at-21.58.03-768x856.jpeg 768w, https:\/\/www.latitude-15.com\/wp-content\/uploads\/2026\/02\/WhatsApp-Image-2026-02-12-at-21.58.03.jpeg 1148w\" data-sizes=\"(max-width: 918px) 100vw, 918px\" src=\"data:image\/svg+xml;base64,PHN2ZyB3aWR0aD0iMSIgaGVpZ2h0PSIxIiB4bWxucz0iaHR0cDovL3d3dy53My5vcmcvMjAwMC9zdmciPjwvc3ZnPg==\" style=\"--smush-placeholder-width: 918px; --smush-placeholder-aspect-ratio: 918\/1024;\" \/><\/figure>\n\n\n\n<p>Jean-Michel Lucenay insiste sur cette responsabilit\u00e9 collective :<\/p>\n\n\n\n<blockquote class=\"wp-block-quote is-layout-flow wp-block-quote-is-layout-flow\">\n<p>\u00ab Nous devons travailler \u00e0 lisser l\u2019activit\u00e9 sur l\u2019ann\u00e9e. La connectivit\u00e9 a\u00e9rienne est un levier direct pour l\u2019\u00e9conomie, pour les h\u00f4tels, pour l\u2019ensemble du tissu touristique. \u00bb<\/p>\n<\/blockquote>\n\n\n\n<p>L\u2019objectif 2026 n\u2019est pas uniquement de cro\u00eetre, mais de \u00ab grandir sans grossir \u00bb, en optimisant les infrastructures existantes et en attirant de nouveaux profils de client\u00e8le.<\/p>\n\n\n\n<h2 class=\"wp-block-heading\">2026 : transformer l\u2019exp\u00e9rience passager<\/h2>\n\n\n\n<p>Le fil rouge 2026 est clair : am\u00e9liorer l\u2019exp\u00e9rience client.<\/p>\n\n\n\n<p>L\u2019a\u00e9roport entend agir sur trois leviers :<\/p>\n\n\n\n<ul class=\"wp-block-list\">\n<li>l\u2019image, avec des marqueurs plus affirm\u00e9s de l\u2019identit\u00e9 martiniquaise,<\/li>\n\n\n\n<li>la fluidit\u00e9, gr\u00e2ce \u00e0 la digitalisation,<\/li>\n\n\n\n<li>le confort, avec une mont\u00e9e en gamme de la restauration et des salons.<\/li>\n<\/ul>\n\n\n\n<p>De nouvelles bornes libre-service et des d\u00e9pose-bagages automatiques seront install\u00e9s pour simplifier le parcours. Deux nouveaux salons sont \u00e9galement pr\u00e9vus : un salon multi-compagnies et un salon VIP, notamment pour les accueils diplomatiques.<\/p>\n\n\n\n<p>L\u2019objectif : transformer un temps per\u00e7u comme contraint en moment valoris\u00e9.<\/p>\n\n\n\n<h2 class=\"wp-block-heading\">D\u00e9carbonation et r\u00e9silience : un a\u00e9roport c\u00f4tier face au changement climatique<\/h2>\n\n\n\n<p>La transition \u00e9nerg\u00e9tique constitue l\u2019autre pilier majeur.<\/p>\n\n\n\n<p>Deuxi\u00e8me plus gros consommateur d&rsquo;\u00e9lectricit\u00e9 de l&rsquo;\u00eele, l&rsquo;a\u00e9roport s&rsquo;attaque de front \u00e0 son empreinte carbone. Deux projets photovolta\u00efques vont d\u00e9ployer plus de 15 000 panneaux \u2014 sur les parkings en ombri\u00e8res, sur les toitures des b\u00e2timents \u2014 pour une production annuelle de 11,5 GWh. 85% sera autoconsomm\u00e9e, le reste inject\u00e9 dans le r\u00e9seau martiniquais. Investissement : 14 millions d&rsquo;euros.<\/p>\n\n\n\n<p>Mais l\u2019enjeu d\u00e9passe la seule \u00e9nergie. Situ\u00e9 en zone c\u00f4ti\u00e8re, entour\u00e9 de mangroves, l\u2019a\u00e9roport engage des \u00e9tudes d\u2019adaptation au changement climatique, notamment face \u00e0 la mont\u00e9e des eaux.<\/p>\n\n\n\n<p>La plateforme entend conjuguer d\u00e9veloppement et respect de son \u00e9cosyst\u00e8me.<\/p>\n\n\n\n<h2 class=\"wp-block-heading\">S\u00fbret\u00e9 et facilitation : vers plus de fluidit\u00e9 et de contr\u00f4le<\/h2>\n\n\n\n<p>La s\u00fbret\u00e9 reste un axe prioritaire.<\/p>\n\n\n\n<p>Apr\u00e8s le d\u00e9ploiement de plus d\u2019une centaine de cam\u00e9ras en 2025, deux scanners millim\u00e9triques seront install\u00e9s entre avril et juin 2026 afin de renforcer les contr\u00f4les.<\/p>\n\n\n\n<p>Sylvain Lefoyer, directeur de la S\u00e9curit\u00e9 de l\u2019Aviation civile Antilles-Guyane, a d\u00e9taill\u00e9 le fonctionnement de ces \u00e9quipements ainsi que l\u2019arriv\u00e9e de terminaux PARAFE destin\u00e9s \u00e0 fluidifier les contr\u00f4les aux fronti\u00e8res, \u00e0 l\u2019arriv\u00e9e comme au d\u00e9part.<\/p>\n\n\n\n<h2 class=\"wp-block-heading\">Une plateforme au c\u0153ur de la strat\u00e9gie territoriale<\/h2>\n\n\n\n<p>Plus qu&rsquo;une infrastructure de transport, l&rsquo;a\u00e9roport Martinique-Aim\u00e9-C\u00e9saire se positionne comme catalyseur de l&rsquo;attractivit\u00e9 territoriale. Connectivit\u00e9 internationale renforc\u00e9e, exp\u00e9rience passager transform\u00e9e, d\u00e9carbonation acc\u00e9l\u00e9r\u00e9e : la feuille de route 2026 dessine un a\u00e9roport qui ne se contente plus d&rsquo;accueillir des flux, mais structure durablement le rayonnement de la Martinique.<\/p>\n\n\n\n<figure class=\"wp-block-image size-large\"><img decoding=\"async\" width=\"1024\" height=\"588\" data-src=\"https:\/\/www.latitude-15.com\/wp-content\/uploads\/2026\/02\/WhatsApp-Image-2026-02-12-at-21.59.46-1024x588.jpeg\" alt=\"\" class=\"wp-image-20563 lazyload\" data-srcset=\"https:\/\/www.latitude-15.com\/wp-content\/uploads\/2026\/02\/WhatsApp-Image-2026-02-12-at-21.59.46-1024x588.jpeg 1024w, https:\/\/www.latitude-15.com\/wp-content\/uploads\/2026\/02\/WhatsApp-Image-2026-02-12-at-21.59.46-300x172.jpeg 300w, https:\/\/www.latitude-15.com\/wp-content\/uploads\/2026\/02\/WhatsApp-Image-2026-02-12-at-21.59.46-768x441.jpeg 768w, https:\/\/www.latitude-15.com\/wp-content\/uploads\/2026\/02\/WhatsApp-Image-2026-02-12-at-21.59.46.jpeg 1280w\" data-sizes=\"(max-width: 1024px) 100vw, 1024px\" src=\"data:image\/svg+xml;base64,PHN2ZyB3aWR0aD0iMSIgaGVpZ2h0PSIxIiB4bWxucz0iaHR0cDovL3d3dy53My5vcmcvMjAwMC9zdmciPjwvc3ZnPg==\" style=\"--smush-placeholder-width: 1024px; --smush-placeholder-aspect-ratio: 1024\/588;\" \/><\/figure>\n","protected":false},"excerpt":{"rendered":"<p>L&rsquo;a\u00e9roport Martinique-Aim\u00e9-C\u00e9saire affiche une croissance de 2,8% en 2025, port\u00e9e par l&rsquo;explosion du trafic international (+15% \u00e0 +37% selon les zones). Mais 2026 marque un tournant : au-del\u00e0 des chiffres, c&rsquo;est toute l&rsquo;exp\u00e9rience passager qui se transforme, tandis que 15 000 panneaux solaires pr\u00e9parent la transition verte. Nathalie S\u00e9bastien et Jean-Michel Lucenay ont d\u00e9voil\u00e9 ce [&hellip;]<\/p>\n","protected":false},"author":4,"featured_media":20565,"comment_status":"open","ping_status":"open","sticky":false,"template":"","format":"standard","meta":{"footnotes":""},"categories":[103,97],"tags":[],"class_list":["post-20558","post","type-post","status-publish","format-standard","has-post-thumbnail","hentry","category-aeroports-infrastructures","category-aviation-fr"],"yoast_head":"<!-- This site is optimized with the Yoast SEO plugin v26.9 - https:\/\/yoast.com\/product\/yoast-seo-wordpress\/ -->\n<title>A\u00e9roport Martinique : Bilan 2025 et Cap 2026, entre Connectivit\u00e9 Internationale et Transition Verte - LATITUDE 15<\/title>\n<meta name=\"robots\" content=\"index, follow, max-snippet:-1, max-image-preview:large, max-video-preview:-1\" \/>\n<link rel=\"canonical\" href=\"https:\/\/www.latitude-15.com\/fr\/martinique-aeroport-aime-cesaire-bilan-2025-cap-2026-connectivite-transition-verte\/\" \/>\n<meta property=\"og:locale\" content=\"fr_FR\" \/>\n<meta property=\"og:type\" content=\"article\" \/>\n<meta property=\"og:title\" content=\"A\u00e9roport Martinique : Bilan 2025 et Cap 2026, entre Connectivit\u00e9 Internationale et Transition Verte - LATITUDE 15\" \/>\n<meta property=\"og:description\" content=\"L&rsquo;a\u00e9roport Martinique-Aim\u00e9-C\u00e9saire affiche une croissance de 2,8% en 2025, port\u00e9e par l&rsquo;explosion du trafic international (+15% \u00e0 +37% selon les zones). Mais 2026 marque un tournant : au-del\u00e0 des chiffres, c&rsquo;est toute l&rsquo;exp\u00e9rience passager qui se transforme, tandis que 15 000 panneaux solaires pr\u00e9parent la transition verte. Nathalie S\u00e9bastien et Jean-Michel Lucenay ont d\u00e9voil\u00e9 ce [&hellip;]\" \/>\n<meta property=\"og:url\" content=\"https:\/\/www.latitude-15.com\/fr\/martinique-aeroport-aime-cesaire-bilan-2025-cap-2026-connectivite-transition-verte\/\" \/>\n<meta property=\"og:site_name\" content=\"LATITUDE 15\" \/>\n<meta property=\"article:published_time\" content=\"2026-02-13T02:11:56+00:00\" \/>\n<meta property=\"article:modified_time\" content=\"2026-02-16T14:22:34+00:00\" \/>\n<meta property=\"og:image\" content=\"https:\/\/www.latitude-15.com\/wp-content\/uploads\/2026\/02\/WhatsApp-Image-2026-02-12-at-22.00.15.jpeg\" \/>\n\t<meta property=\"og:image:width\" content=\"1065\" \/>\n\t<meta property=\"og:image:height\" content=\"574\" \/>\n\t<meta property=\"og:image:type\" content=\"image\/jpeg\" \/>\n<meta name=\"author\" content=\"Sabrina AJ\" \/>\n<meta name=\"twitter:card\" content=\"summary_large_image\" \/>\n<meta name=\"twitter:label1\" content=\"\u00c9crit par\" \/>\n\t<meta name=\"twitter:data1\" content=\"Sabrina AJ\" \/>\n\t<meta name=\"twitter:label2\" content=\"Dur\u00e9e de lecture estim\u00e9e\" \/>\n\t<meta name=\"twitter:data2\" content=\"4 minutes\" \/>\n<script type=\"application\/ld+json\" class=\"yoast-schema-graph\">{\"@context\":\"https:\/\/schema.org\",\"@graph\":[{\"@type\":\"Article\",\"@id\":\"https:\/\/www.latitude-15.com\/fr\/martinique-aeroport-aime-cesaire-bilan-2025-cap-2026-connectivite-transition-verte\/#article\",\"isPartOf\":{\"@id\":\"https:\/\/www.latitude-15.com\/fr\/martinique-aeroport-aime-cesaire-bilan-2025-cap-2026-connectivite-transition-verte\/\"},\"author\":{\"name\":\"Sabrina AJ\",\"@id\":\"https:\/\/www.latitude-15.com\/fr\/#\/schema\/person\/91c01ae4c368ed9f103739b76d543e81\"},\"headline\":\"A\u00e9roport Martinique : Bilan 2025 et Cap 2026, entre Connectivit\u00e9 Internationale et Transition Verte\",\"datePublished\":\"2026-02-13T02:11:56+00:00\",\"dateModified\":\"2026-02-16T14:22:34+00:00\",\"mainEntityOfPage\":{\"@id\":\"https:\/\/www.latitude-15.com\/fr\/martinique-aeroport-aime-cesaire-bilan-2025-cap-2026-connectivite-transition-verte\/\"},\"wordCount\":844,\"commentCount\":0,\"publisher\":{\"@id\":\"https:\/\/www.latitude-15.com\/fr\/#organization\"},\"image\":{\"@id\":\"https:\/\/www.latitude-15.com\/fr\/martinique-aeroport-aime-cesaire-bilan-2025-cap-2026-connectivite-transition-verte\/#primaryimage\"},\"thumbnailUrl\":\"https:\/\/www.latitude-15.com\/wp-content\/uploads\/2026\/02\/WhatsApp-Image-2026-02-12-at-22.00.15.jpeg\",\"articleSection\":[\"A\u00e9roports et infrastructures\",\"AVIATION\"],\"inLanguage\":\"fr-FR\",\"potentialAction\":[{\"@type\":\"CommentAction\",\"name\":\"Comment\",\"target\":[\"https:\/\/www.latitude-15.com\/fr\/martinique-aeroport-aime-cesaire-bilan-2025-cap-2026-connectivite-transition-verte\/#respond\"]}]},{\"@type\":\"WebPage\",\"@id\":\"https:\/\/www.latitude-15.com\/fr\/martinique-aeroport-aime-cesaire-bilan-2025-cap-2026-connectivite-transition-verte\/\",\"url\":\"https:\/\/www.latitude-15.com\/fr\/martinique-aeroport-aime-cesaire-bilan-2025-cap-2026-connectivite-transition-verte\/\",\"name\":\"A\u00e9roport Martinique : Bilan 2025 et Cap 2026, entre Connectivit\u00e9 Internationale et Transition Verte - LATITUDE 15\",\"isPartOf\":{\"@id\":\"https:\/\/www.latitude-15.com\/fr\/#website\"},\"primaryImageOfPage\":{\"@id\":\"https:\/\/www.latitude-15.com\/fr\/martinique-aeroport-aime-cesaire-bilan-2025-cap-2026-connectivite-transition-verte\/#primaryimage\"},\"image\":{\"@id\":\"https:\/\/www.latitude-15.com\/fr\/martinique-aeroport-aime-cesaire-bilan-2025-cap-2026-connectivite-transition-verte\/#primaryimage\"},\"thumbnailUrl\":\"https:\/\/www.latitude-15.com\/wp-content\/uploads\/2026\/02\/WhatsApp-Image-2026-02-12-at-22.00.15.jpeg\",\"datePublished\":\"2026-02-13T02:11:56+00:00\",\"dateModified\":\"2026-02-16T14:22:34+00:00\",\"breadcrumb\":{\"@id\":\"https:\/\/www.latitude-15.com\/fr\/martinique-aeroport-aime-cesaire-bilan-2025-cap-2026-connectivite-transition-verte\/#breadcrumb\"},\"inLanguage\":\"fr-FR\",\"potentialAction\":[{\"@type\":\"ReadAction\",\"target\":[\"https:\/\/www.latitude-15.com\/fr\/martinique-aeroport-aime-cesaire-bilan-2025-cap-2026-connectivite-transition-verte\/\"]}]},{\"@type\":\"ImageObject\",\"inLanguage\":\"fr-FR\",\"@id\":\"https:\/\/www.latitude-15.com\/fr\/martinique-aeroport-aime-cesaire-bilan-2025-cap-2026-connectivite-transition-verte\/#primaryimage\",\"url\":\"https:\/\/www.latitude-15.com\/wp-content\/uploads\/2026\/02\/WhatsApp-Image-2026-02-12-at-22.00.15.jpeg\",\"contentUrl\":\"https:\/\/www.latitude-15.com\/wp-content\/uploads\/2026\/02\/WhatsApp-Image-2026-02-12-at-22.00.15.jpeg\",\"width\":1065,\"height\":574},{\"@type\":\"BreadcrumbList\",\"@id\":\"https:\/\/www.latitude-15.com\/fr\/martinique-aeroport-aime-cesaire-bilan-2025-cap-2026-connectivite-transition-verte\/#breadcrumb\",\"itemListElement\":[{\"@type\":\"ListItem\",\"position\":1,\"name\":\"Home\",\"item\":\"https:\/\/www.latitude-15.com\/fr\/accueil\/\"},{\"@type\":\"ListItem\",\"position\":2,\"name\":\"A\u00e9roport Martinique : Bilan 2025 et Cap 2026, entre Connectivit\u00e9 Internationale et Transition Verte\"}]},{\"@type\":\"WebSite\",\"@id\":\"https:\/\/www.latitude-15.com\/fr\/#website\",\"url\":\"https:\/\/www.latitude-15.com\/fr\/\",\"name\":\"LATITUDE 15\",\"description\":\"Aviation and maritime Magazine - Caribbean &amp; Latin America\",\"publisher\":{\"@id\":\"https:\/\/www.latitude-15.com\/fr\/#organization\"},\"potentialAction\":[{\"@type\":\"SearchAction\",\"target\":{\"@type\":\"EntryPoint\",\"urlTemplate\":\"https:\/\/www.latitude-15.com\/fr\/?s={search_term_string}\"},\"query-input\":{\"@type\":\"PropertyValueSpecification\",\"valueRequired\":true,\"valueName\":\"search_term_string\"}}],\"inLanguage\":\"fr-FR\"},{\"@type\":\"Organization\",\"@id\":\"https:\/\/www.latitude-15.com\/fr\/#organization\",\"name\":\"LATITUDE 15\",\"url\":\"https:\/\/www.latitude-15.com\/fr\/\",\"logo\":{\"@type\":\"ImageObject\",\"inLanguage\":\"fr-FR\",\"@id\":\"https:\/\/www.latitude-15.com\/fr\/#\/schema\/logo\/image\/\",\"url\":\"https:\/\/www.latitude-15.com\/wp-content\/uploads\/2026\/01\/cropped-logox500px.png\",\"contentUrl\":\"https:\/\/www.latitude-15.com\/wp-content\/uploads\/2026\/01\/cropped-logox500px.png\",\"width\":62,\"height\":75,\"caption\":\"LATITUDE 15\"},\"image\":{\"@id\":\"https:\/\/www.latitude-15.com\/fr\/#\/schema\/logo\/image\/\"}},{\"@type\":\"Person\",\"@id\":\"https:\/\/www.latitude-15.com\/fr\/#\/schema\/person\/91c01ae4c368ed9f103739b76d543e81\",\"name\":\"Sabrina AJ\",\"image\":{\"@type\":\"ImageObject\",\"inLanguage\":\"fr-FR\",\"@id\":\"https:\/\/www.latitude-15.com\/fr\/#\/schema\/person\/image\/\",\"url\":\"https:\/\/secure.gravatar.com\/avatar\/dda9448c6244bb57751d852e57ef360ef337e5fed6f7146091bc3c71fa25c72b?s=96&d=mm&r=g\",\"contentUrl\":\"https:\/\/secure.gravatar.com\/avatar\/dda9448c6244bb57751d852e57ef360ef337e5fed6f7146091bc3c71fa25c72b?s=96&d=mm&r=g\",\"caption\":\"Sabrina AJ\"},\"url\":\"https:\/\/www.latitude-15.com\/fr\/author\/sajax\/\"}]}<\/script>\n<!-- \/ Yoast SEO plugin. -->","yoast_head_json":{"title":"A\u00e9roport Martinique : Bilan 2025 et Cap 2026, entre Connectivit\u00e9 Internationale et Transition Verte - LATITUDE 15","robots":{"index":"index","follow":"follow","max-snippet":"max-snippet:-1","max-image-preview":"max-image-preview:large","max-video-preview":"max-video-preview:-1"},"canonical":"https:\/\/www.latitude-15.com\/fr\/martinique-aeroport-aime-cesaire-bilan-2025-cap-2026-connectivite-transition-verte\/","og_locale":"fr_FR","og_type":"article","og_title":"A\u00e9roport Martinique : Bilan 2025 et Cap 2026, entre Connectivit\u00e9 Internationale et Transition Verte - LATITUDE 15","og_description":"L&rsquo;a\u00e9roport Martinique-Aim\u00e9-C\u00e9saire affiche une croissance de 2,8% en 2025, port\u00e9e par l&rsquo;explosion du trafic international (+15% \u00e0 +37% selon les zones). Mais 2026 marque un tournant : au-del\u00e0 des chiffres, c&rsquo;est toute l&rsquo;exp\u00e9rience passager qui se transforme, tandis que 15 000 panneaux solaires pr\u00e9parent la transition verte. Nathalie S\u00e9bastien et Jean-Michel Lucenay ont d\u00e9voil\u00e9 ce [&hellip;]","og_url":"https:\/\/www.latitude-15.com\/fr\/martinique-aeroport-aime-cesaire-bilan-2025-cap-2026-connectivite-transition-verte\/","og_site_name":"LATITUDE 15","article_published_time":"2026-02-13T02:11:56+00:00","article_modified_time":"2026-02-16T14:22:34+00:00","og_image":[{"width":1065,"height":574,"url":"https:\/\/www.latitude-15.com\/wp-content\/uploads\/2026\/02\/WhatsApp-Image-2026-02-12-at-22.00.15.jpeg","type":"image\/jpeg"}],"author":"Sabrina AJ","twitter_card":"summary_large_image","twitter_misc":{"\u00c9crit par":"Sabrina AJ","Dur\u00e9e de lecture estim\u00e9e":"4 minutes"},"schema":{"@context":"https:\/\/schema.org","@graph":[{"@type":"Article","@id":"https:\/\/www.latitude-15.com\/fr\/martinique-aeroport-aime-cesaire-bilan-2025-cap-2026-connectivite-transition-verte\/#article","isPartOf":{"@id":"https:\/\/www.latitude-15.com\/fr\/martinique-aeroport-aime-cesaire-bilan-2025-cap-2026-connectivite-transition-verte\/"},"author":{"name":"Sabrina AJ","@id":"https:\/\/www.latitude-15.com\/fr\/#\/schema\/person\/91c01ae4c368ed9f103739b76d543e81"},"headline":"A\u00e9roport Martinique : Bilan 2025 et Cap 2026, entre Connectivit\u00e9 Internationale et Transition Verte","datePublished":"2026-02-13T02:11:56+00:00","dateModified":"2026-02-16T14:22:34+00:00","mainEntityOfPage":{"@id":"https:\/\/www.latitude-15.com\/fr\/martinique-aeroport-aime-cesaire-bilan-2025-cap-2026-connectivite-transition-verte\/"},"wordCount":844,"commentCount":0,"publisher":{"@id":"https:\/\/www.latitude-15.com\/fr\/#organization"},"image":{"@id":"https:\/\/www.latitude-15.com\/fr\/martinique-aeroport-aime-cesaire-bilan-2025-cap-2026-connectivite-transition-verte\/#primaryimage"},"thumbnailUrl":"https:\/\/www.latitude-15.com\/wp-content\/uploads\/2026\/02\/WhatsApp-Image-2026-02-12-at-22.00.15.jpeg","articleSection":["A\u00e9roports et infrastructures","AVIATION"],"inLanguage":"fr-FR","potentialAction":[{"@type":"CommentAction","name":"Comment","target":["https:\/\/www.latitude-15.com\/fr\/martinique-aeroport-aime-cesaire-bilan-2025-cap-2026-connectivite-transition-verte\/#respond"]}]},{"@type":"WebPage","@id":"https:\/\/www.latitude-15.com\/fr\/martinique-aeroport-aime-cesaire-bilan-2025-cap-2026-connectivite-transition-verte\/","url":"https:\/\/www.latitude-15.com\/fr\/martinique-aeroport-aime-cesaire-bilan-2025-cap-2026-connectivite-transition-verte\/","name":"A\u00e9roport Martinique : Bilan 2025 et Cap 2026, entre Connectivit\u00e9 Internationale et Transition Verte - LATITUDE 15","isPartOf":{"@id":"https:\/\/www.latitude-15.com\/fr\/#website"},"primaryImageOfPage":{"@id":"https:\/\/www.latitude-15.com\/fr\/martinique-aeroport-aime-cesaire-bilan-2025-cap-2026-connectivite-transition-verte\/#primaryimage"},"image":{"@id":"https:\/\/www.latitude-15.com\/fr\/martinique-aeroport-aime-cesaire-bilan-2025-cap-2026-connectivite-transition-verte\/#primaryimage"},"thumbnailUrl":"https:\/\/www.latitude-15.com\/wp-content\/uploads\/2026\/02\/WhatsApp-Image-2026-02-12-at-22.00.15.jpeg","datePublished":"2026-02-13T02:11:56+00:00","dateModified":"2026-02-16T14:22:34+00:00","breadcrumb":{"@id":"https:\/\/www.latitude-15.com\/fr\/martinique-aeroport-aime-cesaire-bilan-2025-cap-2026-connectivite-transition-verte\/#breadcrumb"},"inLanguage":"fr-FR","potentialAction":[{"@type":"ReadAction","target":["https:\/\/www.latitude-15.com\/fr\/martinique-aeroport-aime-cesaire-bilan-2025-cap-2026-connectivite-transition-verte\/"]}]},{"@type":"ImageObject","inLanguage":"fr-FR","@id":"https:\/\/www.latitude-15.com\/fr\/martinique-aeroport-aime-cesaire-bilan-2025-cap-2026-connectivite-transition-verte\/#primaryimage","url":"https:\/\/www.latitude-15.com\/wp-content\/uploads\/2026\/02\/WhatsApp-Image-2026-02-12-at-22.00.15.jpeg","contentUrl":"https:\/\/www.latitude-15.com\/wp-content\/uploads\/2026\/02\/WhatsApp-Image-2026-02-12-at-22.00.15.jpeg","width":1065,"height":574},{"@type":"BreadcrumbList","@id":"https:\/\/www.latitude-15.com\/fr\/martinique-aeroport-aime-cesaire-bilan-2025-cap-2026-connectivite-transition-verte\/#breadcrumb","itemListElement":[{"@type":"ListItem","position":1,"name":"Home","item":"https:\/\/www.latitude-15.com\/fr\/accueil\/"},{"@type":"ListItem","position":2,"name":"A\u00e9roport Martinique : Bilan 2025 et Cap 2026, entre Connectivit\u00e9 Internationale et Transition Verte"}]},{"@type":"WebSite","@id":"https:\/\/www.latitude-15.com\/fr\/#website","url":"https:\/\/www.latitude-15.com\/fr\/","name":"LATITUDE 15","description":"Aviation and maritime Magazine - Caribbean &amp; Latin America","publisher":{"@id":"https:\/\/www.latitude-15.com\/fr\/#organization"},"potentialAction":[{"@type":"SearchAction","target":{"@type":"EntryPoint","urlTemplate":"https:\/\/www.latitude-15.com\/fr\/?s={search_term_string}"},"query-input":{"@type":"PropertyValueSpecification","valueRequired":true,"valueName":"search_term_string"}}],"inLanguage":"fr-FR"},{"@type":"Organization","@id":"https:\/\/www.latitude-15.com\/fr\/#organization","name":"LATITUDE 15","url":"https:\/\/www.latitude-15.com\/fr\/","logo":{"@type":"ImageObject","inLanguage":"fr-FR","@id":"https:\/\/www.latitude-15.com\/fr\/#\/schema\/logo\/image\/","url":"https:\/\/www.latitude-15.com\/wp-content\/uploads\/2026\/01\/cropped-logox500px.png","contentUrl":"https:\/\/www.latitude-15.com\/wp-content\/uploads\/2026\/01\/cropped-logox500px.png","width":62,"height":75,"caption":"LATITUDE 15"},"image":{"@id":"https:\/\/www.latitude-15.com\/fr\/#\/schema\/logo\/image\/"}},{"@type":"Person","@id":"https:\/\/www.latitude-15.com\/fr\/#\/schema\/person\/91c01ae4c368ed9f103739b76d543e81","name":"Sabrina AJ","image":{"@type":"ImageObject","inLanguage":"fr-FR","@id":"https:\/\/www.latitude-15.com\/fr\/#\/schema\/person\/image\/","url":"https:\/\/secure.gravatar.com\/avatar\/dda9448c6244bb57751d852e57ef360ef337e5fed6f7146091bc3c71fa25c72b?s=96&d=mm&r=g","contentUrl":"https:\/\/secure.gravatar.com\/avatar\/dda9448c6244bb57751d852e57ef360ef337e5fed6f7146091bc3c71fa25c72b?s=96&d=mm&r=g","caption":"Sabrina AJ"},"url":"https:\/\/www.latitude-15.com\/fr\/author\/sajax\/"}]}},"_links":{"self":[{"href":"https:\/\/www.latitude-15.com\/fr\/wp-json\/wp\/v2\/posts\/20558","targetHints":{"allow":["GET"]}}],"collection":[{"href":"https:\/\/www.latitude-15.com\/fr\/wp-json\/wp\/v2\/posts"}],"about":[{"href":"https:\/\/www.latitude-15.com\/fr\/wp-json\/wp\/v2\/types\/post"}],"author":[{"embeddable":true,"href":"https:\/\/www.latitude-15.com\/fr\/wp-json\/wp\/v2\/users\/4"}],"replies":[{"embeddable":true,"href":"https:\/\/www.latitude-15.com\/fr\/wp-json\/wp\/v2\/comments?post=20558"}],"version-history":[{"count":3,"href":"https:\/\/www.latitude-15.com\/fr\/wp-json\/wp\/v2\/posts\/20558\/revisions"}],"predecessor-version":[{"id":20593,"href":"https:\/\/www.latitude-15.com\/fr\/wp-json\/wp\/v2\/posts\/20558\/revisions\/20593"}],"wp:featuredmedia":[{"embeddable":true,"href":"https:\/\/www.latitude-15.com\/fr\/wp-json\/wp\/v2\/media\/20565"}],"wp:attachment":[{"href":"https:\/\/www.latitude-15.com\/fr\/wp-json\/wp\/v2\/media?parent=20558"}],"wp:term":[{"taxonomy":"category","embeddable":true,"href":"https:\/\/www.latitude-15.com\/fr\/wp-json\/wp\/v2\/categories?post=20558"},{"taxonomy":"post_tag","embeddable":true,"href":"https:\/\/www.latitude-15.com\/fr\/wp-json\/wp\/v2\/tags?post=20558"}],"curies":[{"name":"wp","href":"https:\/\/api.w.org\/{rel}","templated":true}]}}