{"id":20321,"date":"2026-02-05T12:30:44","date_gmt":"2026-02-05T16:30:44","guid":{"rendered":"https:\/\/www.latitude-15.com\/panama-la-decision-de-la-cour-supreme-sur-les-concessions-portuaires-redessine-le-cadre-operationnel-aux-portes-du-canal-de-panama\/"},"modified":"2026-02-10T09:46:13","modified_gmt":"2026-02-10T13:46:13","slug":"panama-la-decision-de-la-cour-supreme-sur-les-concessions-portuaires-redessine-le-cadre-operationnel-aux-portes-du-canal-de-panama","status":"publish","type":"post","link":"https:\/\/www.latitude-15.com\/fr\/panama-la-decision-de-la-cour-supreme-sur-les-concessions-portuaires-redessine-le-cadre-operationnel-aux-portes-du-canal-de-panama\/","title":{"rendered":"Panama : la d\u00e9cision de la Cour supr\u00eame sur les concessions portuaires redessine le cadre op\u00e9rationnel aux portes du canal de Panama"},"content":{"rendered":"\n<p>La Cour supr\u00eame du Panama a jug\u00e9 inconstitutionnels les contrats de concession portuaire ayant permis \u00e0 Panama Ports Company, filiale de CK Hutchison, d\u2019exploiter les ports de Balboa et de Crist\u00f3bal. Rendue fin janvier 2026, la d\u00e9cision n\u2019affecte pas l\u2019exploitation du Canal de Panama en tant que telle, mais elle modifie en profondeur le cadre institutionnel et contractuel r\u00e9gissant deux des terminaux \u00e0 conteneurs les plus strat\u00e9giques du pays. <\/p>\n\n<h2 class=\"wp-block-heading\">Une d\u00e9cision aux implications juridiques et financi\u00e8res imm\u00e9diates<\/h2>\n\n<p>Le jugement repose sur l\u2019analyse de la structure juridique et financi\u00e8re de la concession. Selon des informations relay\u00e9es par les m\u00e9dias internationaux, la Cour a estim\u00e9 que la concession ne respectait pas les exigences constitutionnelles, notamment en mati\u00e8re de conditions contractuelles et fiscales. Un audit public a mis en \u00e9vidence une perte de recettes estim\u00e9e entre 1,2 et 1,3 milliard de dollars pour l\u2019\u00c9tat panam\u00e9en, li\u00e9e aux exon\u00e9rations fiscales et avantages accord\u00e9s lors de la prolongation de la concession. Panama Ports Company exploitait les terminaux depuis 1997 et indique avoir investi environ 1,8 milliard de dollars dans les infrastructures et les \u00e9quipements portuaires sur cette p\u00e9riode.   <\/p>\n\n<p>Balboa, sur la c\u00f4te Pacifique, et Crist\u00f3bal, sur la c\u00f4te Atlantique, constituent des actifs cl\u00e9s des r\u00e9seaux r\u00e9gionaux de transbordement. En 2024, les deux terminaux ont trait\u00e9 environ 3,8 millions d\u2019EVP. Balboa dispose \u00e0 lui seul d\u2019une capacit\u00e9 install\u00e9e d\u2019environ 5 millions d\u2019EVP, le pla\u00e7ant parmi les principaux hubs de transbordement d\u2019Am\u00e9rique latine et de la Cara\u00efbe. Ces installations jouent un r\u00f4le central dans les flux de redistribution reliant l\u2019Asie, la c\u00f4te Est des \u00c9tats-Unis, l\u2019Am\u00e9rique centrale, la Cara\u00efbe et l\u2019Am\u00e9rique du Sud, en compl\u00e9ment direct des transits par le canal de Panama.   <\/p>\n\n<h2 class=\"wp-block-heading\">Continuit\u00e9 op\u00e9rationnelle sous surveillance \u00e0 l\u2019ouverture de l\u2019arbitrage<\/h2>\n\n<p>\u00c0 la suite de la d\u00e9cision, les autorit\u00e9s panam\u00e9ennes ont confirm\u00e9 que les op\u00e9rations portuaires se poursuivraient sans interruption. Un dispositif de gestion transitoire a \u00e9t\u00e9 mis en place dans l\u2019attente de la clarification du futur mod\u00e8le de concession. Pour les compagnies maritimes, les op\u00e9rateurs logistiques et les chargeurs, cette phase int\u00e9rimaire appelle toutefois \u00e0 une vigilance accrue. M\u00eame en l\u2019absence d\u2019arr\u00eat d\u2019activit\u00e9, des \u00e9volutions de gouvernance peuvent influencer les priorit\u00e9s d\u2019investissement, les sch\u00e9mas de sous-traitance, les syst\u00e8mes informatiques et la visibilit\u00e9 contractuelle \u00e0 moyen terme.   <\/p>\n\n<p>Parall\u00e8lement, CK Hutchison a engag\u00e9 une proc\u00e9dure d\u2019arbitrage international contre l\u2019\u00c9tat panam\u00e9en. Cette d\u00e9marche ouvre un calendrier potentiellement long, susceptible de s\u2019\u00e9tendre sur plusieurs ann\u00e9es. Pour les acteurs du march\u00e9, la coexistence d\u2019op\u00e9rations quotidiennes avec un contentieux juridique non r\u00e9solu soul\u00e8ve des interrogations sur la stabilit\u00e9 contractuelle et les d\u00e9cisions d\u2019investissement futures.  <\/p>\n\n<p>Au-del\u00e0 du Panama, la d\u00e9cision est suivie de pr\u00e8s par les op\u00e9rateurs de terminaux, les investisseurs et les autorit\u00e9s portuaires en Am\u00e9rique latine et dans la Cara\u00efbe. Elle met en lumi\u00e8re l\u2019importance croissante du respect constitutionnel, de la transparence contractuelle et de l\u2019\u00e9quilibre fiscal dans les mod\u00e8les de concessions portuaires, \u00e0 un moment o\u00f9 le secteur conna\u00eet une phase de consolidation et de transactions de grande ampleur \u00e0 l\u2019\u00e9chelle mondiale. <\/p>\n\n<p>Dans les prochains mois, plusieurs param\u00e8tres seront d\u00e9terminants pour les professionnels du maritime et de la logistique : les modalit\u00e9s concr\u00e8tes de la gestion transitoire des ports, les annonces relatives \u00e0 un nouveau cadre de concession, l\u2019\u00e9volution de la proc\u00e9dure d\u2019arbitrage, ainsi que les indicateurs de performance op\u00e9rationnelle, tels que la productivit\u00e9 des terminaux et les temps d\u2019escale des navires. Si le canal de Panama demeure pleinement op\u00e9rationnel, la recomposition institutionnelle touchant ses principales portes d\u2019entr\u00e9e portuaires introduit un nouveau facteur de risque que les acteurs du transport maritime et de la logistique devront int\u00e9grer dans leurs strat\u00e9gies de r\u00e9seau et d\u2019exploitation. <\/p>\n","protected":false},"excerpt":{"rendered":"<p>La Cour supr\u00eame du Panama a jug\u00e9 inconstitutionnels les contrats de concession portuaire ayant permis \u00e0 Panama Ports Company, filiale de CK Hutchison, d\u2019exploiter les ports de Balboa et de Crist\u00f3bal. Rendue fin janvier 2026, la d\u00e9cision n\u2019affecte pas l\u2019exploitation du Canal de Panama en tant que telle, mais elle modifie en profondeur le cadre [&hellip;]<\/p>\n","protected":false},"author":5,"featured_media":20320,"comment_status":"open","ping_status":"open","sticky":false,"template":"","format":"standard","meta":{"footnotes":""},"categories":[118,136],"tags":[],"class_list":["post-20321","post","type-post","status-publish","format-standard","has-post-thumbnail","hentry","category-maritime-fr","category-ports-et-logistique"],"yoast_head":"<!-- This site is optimized with the Yoast SEO plugin v26.9 - https:\/\/yoast.com\/product\/yoast-seo-wordpress\/ -->\n<title>Panama : la d\u00e9cision de la Cour supr\u00eame sur les concessions portuaires redessine le cadre op\u00e9rationnel aux portes du canal de Panama - LATITUDE 15<\/title>\n<meta name=\"robots\" content=\"index, follow, max-snippet:-1, max-image-preview:large, max-video-preview:-1\" \/>\n<link rel=\"canonical\" href=\"https:\/\/www.latitude-15.com\/fr\/panama-la-decision-de-la-cour-supreme-sur-les-concessions-portuaires-redessine-le-cadre-operationnel-aux-portes-du-canal-de-panama\/\" \/>\n<meta property=\"og:locale\" content=\"fr_FR\" \/>\n<meta property=\"og:type\" content=\"article\" \/>\n<meta property=\"og:title\" content=\"Panama : la d\u00e9cision de la Cour supr\u00eame sur les concessions portuaires redessine le cadre op\u00e9rationnel aux portes du canal de Panama - LATITUDE 15\" \/>\n<meta property=\"og:description\" content=\"La Cour supr\u00eame du Panama a jug\u00e9 inconstitutionnels les contrats de concession portuaire ayant permis \u00e0 Panama Ports Company, filiale de CK Hutchison, d\u2019exploiter les ports de Balboa et de Crist\u00f3bal. Rendue fin janvier 2026, la d\u00e9cision n\u2019affecte pas l\u2019exploitation du Canal de Panama en tant que telle, mais elle modifie en profondeur le cadre [&hellip;]\" \/>\n<meta property=\"og:url\" content=\"https:\/\/www.latitude-15.com\/fr\/panama-la-decision-de-la-cour-supreme-sur-les-concessions-portuaires-redessine-le-cadre-operationnel-aux-portes-du-canal-de-panama\/\" \/>\n<meta property=\"og:site_name\" content=\"LATITUDE 15\" \/>\n<meta property=\"article:published_time\" content=\"2026-02-05T16:30:44+00:00\" \/>\n<meta property=\"article:modified_time\" content=\"2026-02-10T13:46:13+00:00\" \/>\n<meta property=\"og:image\" content=\"https:\/\/www.latitude-15.com\/wp-content\/uploads\/2026\/02\/img562718-1024x637.png\" \/>\n\t<meta property=\"og:image:width\" content=\"1024\" \/>\n\t<meta property=\"og:image:height\" content=\"637\" \/>\n\t<meta property=\"og:image:type\" content=\"image\/png\" \/>\n<meta name=\"author\" content=\"Joda J\" \/>\n<meta name=\"twitter:card\" content=\"summary_large_image\" \/>\n<meta name=\"twitter:label1\" content=\"\u00c9crit par\" \/>\n\t<meta name=\"twitter:data1\" content=\"Joda J\" \/>\n\t<meta name=\"twitter:label2\" content=\"Dur\u00e9e de lecture estim\u00e9e\" \/>\n\t<meta name=\"twitter:data2\" content=\"3 minutes\" \/>\n<script type=\"application\/ld+json\" class=\"yoast-schema-graph\">{\"@context\":\"https:\/\/schema.org\",\"@graph\":[{\"@type\":\"Article\",\"@id\":\"https:\/\/www.latitude-15.com\/fr\/panama-la-decision-de-la-cour-supreme-sur-les-concessions-portuaires-redessine-le-cadre-operationnel-aux-portes-du-canal-de-panama\/#article\",\"isPartOf\":{\"@id\":\"https:\/\/www.latitude-15.com\/fr\/panama-la-decision-de-la-cour-supreme-sur-les-concessions-portuaires-redessine-le-cadre-operationnel-aux-portes-du-canal-de-panama\/\"},\"author\":{\"name\":\"Joda J\",\"@id\":\"https:\/\/www.latitude-15.com\/fr\/#\/schema\/person\/dac52e7ff44c78317f337da112e37252\"},\"headline\":\"Panama : la d\u00e9cision de la Cour supr\u00eame sur les concessions portuaires redessine le cadre op\u00e9rationnel aux portes du canal de Panama\",\"datePublished\":\"2026-02-05T16:30:44+00:00\",\"dateModified\":\"2026-02-10T13:46:13+00:00\",\"mainEntityOfPage\":{\"@id\":\"https:\/\/www.latitude-15.com\/fr\/panama-la-decision-de-la-cour-supreme-sur-les-concessions-portuaires-redessine-le-cadre-operationnel-aux-portes-du-canal-de-panama\/\"},\"wordCount\":708,\"commentCount\":0,\"publisher\":{\"@id\":\"https:\/\/www.latitude-15.com\/fr\/#organization\"},\"image\":{\"@id\":\"https:\/\/www.latitude-15.com\/fr\/panama-la-decision-de-la-cour-supreme-sur-les-concessions-portuaires-redessine-le-cadre-operationnel-aux-portes-du-canal-de-panama\/#primaryimage\"},\"thumbnailUrl\":\"https:\/\/www.latitude-15.com\/wp-content\/uploads\/2026\/02\/img562718.png\",\"articleSection\":[\"MARITIME\",\"Ports et logistique\"],\"inLanguage\":\"fr-FR\",\"potentialAction\":[{\"@type\":\"CommentAction\",\"name\":\"Comment\",\"target\":[\"https:\/\/www.latitude-15.com\/fr\/panama-la-decision-de-la-cour-supreme-sur-les-concessions-portuaires-redessine-le-cadre-operationnel-aux-portes-du-canal-de-panama\/#respond\"]}]},{\"@type\":\"WebPage\",\"@id\":\"https:\/\/www.latitude-15.com\/fr\/panama-la-decision-de-la-cour-supreme-sur-les-concessions-portuaires-redessine-le-cadre-operationnel-aux-portes-du-canal-de-panama\/\",\"url\":\"https:\/\/www.latitude-15.com\/fr\/panama-la-decision-de-la-cour-supreme-sur-les-concessions-portuaires-redessine-le-cadre-operationnel-aux-portes-du-canal-de-panama\/\",\"name\":\"Panama : la d\u00e9cision de la Cour supr\u00eame sur les concessions portuaires redessine le cadre op\u00e9rationnel aux portes du canal de Panama - LATITUDE 15\",\"isPartOf\":{\"@id\":\"https:\/\/www.latitude-15.com\/fr\/#website\"},\"primaryImageOfPage\":{\"@id\":\"https:\/\/www.latitude-15.com\/fr\/panama-la-decision-de-la-cour-supreme-sur-les-concessions-portuaires-redessine-le-cadre-operationnel-aux-portes-du-canal-de-panama\/#primaryimage\"},\"image\":{\"@id\":\"https:\/\/www.latitude-15.com\/fr\/panama-la-decision-de-la-cour-supreme-sur-les-concessions-portuaires-redessine-le-cadre-operationnel-aux-portes-du-canal-de-panama\/#primaryimage\"},\"thumbnailUrl\":\"https:\/\/www.latitude-15.com\/wp-content\/uploads\/2026\/02\/img562718.png\",\"datePublished\":\"2026-02-05T16:30:44+00:00\",\"dateModified\":\"2026-02-10T13:46:13+00:00\",\"breadcrumb\":{\"@id\":\"https:\/\/www.latitude-15.com\/fr\/panama-la-decision-de-la-cour-supreme-sur-les-concessions-portuaires-redessine-le-cadre-operationnel-aux-portes-du-canal-de-panama\/#breadcrumb\"},\"inLanguage\":\"fr-FR\",\"potentialAction\":[{\"@type\":\"ReadAction\",\"target\":[\"https:\/\/www.latitude-15.com\/fr\/panama-la-decision-de-la-cour-supreme-sur-les-concessions-portuaires-redessine-le-cadre-operationnel-aux-portes-du-canal-de-panama\/\"]}]},{\"@type\":\"ImageObject\",\"inLanguage\":\"fr-FR\",\"@id\":\"https:\/\/www.latitude-15.com\/fr\/panama-la-decision-de-la-cour-supreme-sur-les-concessions-portuaires-redessine-le-cadre-operationnel-aux-portes-du-canal-de-panama\/#primaryimage\",\"url\":\"https:\/\/www.latitude-15.com\/wp-content\/uploads\/2026\/02\/img562718.png\",\"contentUrl\":\"https:\/\/www.latitude-15.com\/wp-content\/uploads\/2026\/02\/img562718.png\",\"width\":1491,\"height\":928,\"caption\":\"Vue a\u00e9rienne du port de Crist\u00f3bal, un terminal \u00e0 conteneurs cl\u00e9 \u00e0 l\u2019entr\u00e9e atlantique du canal de Panama. (c)Portal Logistico de Panam\u00e0\"},{\"@type\":\"BreadcrumbList\",\"@id\":\"https:\/\/www.latitude-15.com\/fr\/panama-la-decision-de-la-cour-supreme-sur-les-concessions-portuaires-redessine-le-cadre-operationnel-aux-portes-du-canal-de-panama\/#breadcrumb\",\"itemListElement\":[{\"@type\":\"ListItem\",\"position\":1,\"name\":\"Home\",\"item\":\"https:\/\/www.latitude-15.com\/fr\/accueil\/\"},{\"@type\":\"ListItem\",\"position\":2,\"name\":\"Panama : la d\u00e9cision de la Cour supr\u00eame sur les concessions portuaires redessine le cadre op\u00e9rationnel aux portes du canal de Panama\"}]},{\"@type\":\"WebSite\",\"@id\":\"https:\/\/www.latitude-15.com\/fr\/#website\",\"url\":\"https:\/\/www.latitude-15.com\/fr\/\",\"name\":\"LATITUDE 15\",\"description\":\"Aviation and maritime Magazine - Caribbean &amp; Latin America\",\"publisher\":{\"@id\":\"https:\/\/www.latitude-15.com\/fr\/#organization\"},\"potentialAction\":[{\"@type\":\"SearchAction\",\"target\":{\"@type\":\"EntryPoint\",\"urlTemplate\":\"https:\/\/www.latitude-15.com\/fr\/?s={search_term_string}\"},\"query-input\":{\"@type\":\"PropertyValueSpecification\",\"valueRequired\":true,\"valueName\":\"search_term_string\"}}],\"inLanguage\":\"fr-FR\"},{\"@type\":\"Organization\",\"@id\":\"https:\/\/www.latitude-15.com\/fr\/#organization\",\"name\":\"LATITUDE 15\",\"url\":\"https:\/\/www.latitude-15.com\/fr\/\",\"logo\":{\"@type\":\"ImageObject\",\"inLanguage\":\"fr-FR\",\"@id\":\"https:\/\/www.latitude-15.com\/fr\/#\/schema\/logo\/image\/\",\"url\":\"https:\/\/www.latitude-15.com\/wp-content\/uploads\/2026\/01\/cropped-logox500px.png\",\"contentUrl\":\"https:\/\/www.latitude-15.com\/wp-content\/uploads\/2026\/01\/cropped-logox500px.png\",\"width\":62,\"height\":75,\"caption\":\"LATITUDE 15\"},\"image\":{\"@id\":\"https:\/\/www.latitude-15.com\/fr\/#\/schema\/logo\/image\/\"}},{\"@type\":\"Person\",\"@id\":\"https:\/\/www.latitude-15.com\/fr\/#\/schema\/person\/dac52e7ff44c78317f337da112e37252\",\"name\":\"Joda J\",\"image\":{\"@type\":\"ImageObject\",\"inLanguage\":\"fr-FR\",\"@id\":\"https:\/\/www.latitude-15.com\/fr\/#\/schema\/person\/image\/\",\"url\":\"https:\/\/secure.gravatar.com\/avatar\/6b1feae555e15404b76616f92d931d12b25ac58024f14ccb43d9d3c012e4c4cf?s=96&d=mm&r=g\",\"contentUrl\":\"https:\/\/secure.gravatar.com\/avatar\/6b1feae555e15404b76616f92d931d12b25ac58024f14ccb43d9d3c012e4c4cf?s=96&d=mm&r=g\",\"caption\":\"Joda J\"},\"url\":\"https:\/\/www.latitude-15.com\/fr\/author\/joda\/\"}]}<\/script>\n<!-- \/ Yoast SEO plugin. -->","yoast_head_json":{"title":"Panama : la d\u00e9cision de la Cour supr\u00eame sur les concessions portuaires redessine le cadre op\u00e9rationnel aux portes du canal de Panama - LATITUDE 15","robots":{"index":"index","follow":"follow","max-snippet":"max-snippet:-1","max-image-preview":"max-image-preview:large","max-video-preview":"max-video-preview:-1"},"canonical":"https:\/\/www.latitude-15.com\/fr\/panama-la-decision-de-la-cour-supreme-sur-les-concessions-portuaires-redessine-le-cadre-operationnel-aux-portes-du-canal-de-panama\/","og_locale":"fr_FR","og_type":"article","og_title":"Panama : la d\u00e9cision de la Cour supr\u00eame sur les concessions portuaires redessine le cadre op\u00e9rationnel aux portes du canal de Panama - LATITUDE 15","og_description":"La Cour supr\u00eame du Panama a jug\u00e9 inconstitutionnels les contrats de concession portuaire ayant permis \u00e0 Panama Ports Company, filiale de CK Hutchison, d\u2019exploiter les ports de Balboa et de Crist\u00f3bal. Rendue fin janvier 2026, la d\u00e9cision n\u2019affecte pas l\u2019exploitation du Canal de Panama en tant que telle, mais elle modifie en profondeur le cadre [&hellip;]","og_url":"https:\/\/www.latitude-15.com\/fr\/panama-la-decision-de-la-cour-supreme-sur-les-concessions-portuaires-redessine-le-cadre-operationnel-aux-portes-du-canal-de-panama\/","og_site_name":"LATITUDE 15","article_published_time":"2026-02-05T16:30:44+00:00","article_modified_time":"2026-02-10T13:46:13+00:00","og_image":[{"width":1024,"height":637,"url":"https:\/\/www.latitude-15.com\/wp-content\/uploads\/2026\/02\/img562718-1024x637.png","type":"image\/png"}],"author":"Joda J","twitter_card":"summary_large_image","twitter_misc":{"\u00c9crit par":"Joda J","Dur\u00e9e de lecture estim\u00e9e":"3 minutes"},"schema":{"@context":"https:\/\/schema.org","@graph":[{"@type":"Article","@id":"https:\/\/www.latitude-15.com\/fr\/panama-la-decision-de-la-cour-supreme-sur-les-concessions-portuaires-redessine-le-cadre-operationnel-aux-portes-du-canal-de-panama\/#article","isPartOf":{"@id":"https:\/\/www.latitude-15.com\/fr\/panama-la-decision-de-la-cour-supreme-sur-les-concessions-portuaires-redessine-le-cadre-operationnel-aux-portes-du-canal-de-panama\/"},"author":{"name":"Joda J","@id":"https:\/\/www.latitude-15.com\/fr\/#\/schema\/person\/dac52e7ff44c78317f337da112e37252"},"headline":"Panama : la d\u00e9cision de la Cour supr\u00eame sur les concessions portuaires redessine le cadre op\u00e9rationnel aux portes du canal de Panama","datePublished":"2026-02-05T16:30:44+00:00","dateModified":"2026-02-10T13:46:13+00:00","mainEntityOfPage":{"@id":"https:\/\/www.latitude-15.com\/fr\/panama-la-decision-de-la-cour-supreme-sur-les-concessions-portuaires-redessine-le-cadre-operationnel-aux-portes-du-canal-de-panama\/"},"wordCount":708,"commentCount":0,"publisher":{"@id":"https:\/\/www.latitude-15.com\/fr\/#organization"},"image":{"@id":"https:\/\/www.latitude-15.com\/fr\/panama-la-decision-de-la-cour-supreme-sur-les-concessions-portuaires-redessine-le-cadre-operationnel-aux-portes-du-canal-de-panama\/#primaryimage"},"thumbnailUrl":"https:\/\/www.latitude-15.com\/wp-content\/uploads\/2026\/02\/img562718.png","articleSection":["MARITIME","Ports et logistique"],"inLanguage":"fr-FR","potentialAction":[{"@type":"CommentAction","name":"Comment","target":["https:\/\/www.latitude-15.com\/fr\/panama-la-decision-de-la-cour-supreme-sur-les-concessions-portuaires-redessine-le-cadre-operationnel-aux-portes-du-canal-de-panama\/#respond"]}]},{"@type":"WebPage","@id":"https:\/\/www.latitude-15.com\/fr\/panama-la-decision-de-la-cour-supreme-sur-les-concessions-portuaires-redessine-le-cadre-operationnel-aux-portes-du-canal-de-panama\/","url":"https:\/\/www.latitude-15.com\/fr\/panama-la-decision-de-la-cour-supreme-sur-les-concessions-portuaires-redessine-le-cadre-operationnel-aux-portes-du-canal-de-panama\/","name":"Panama : la d\u00e9cision de la Cour supr\u00eame sur les concessions portuaires redessine le cadre op\u00e9rationnel aux portes du canal de Panama - LATITUDE 15","isPartOf":{"@id":"https:\/\/www.latitude-15.com\/fr\/#website"},"primaryImageOfPage":{"@id":"https:\/\/www.latitude-15.com\/fr\/panama-la-decision-de-la-cour-supreme-sur-les-concessions-portuaires-redessine-le-cadre-operationnel-aux-portes-du-canal-de-panama\/#primaryimage"},"image":{"@id":"https:\/\/www.latitude-15.com\/fr\/panama-la-decision-de-la-cour-supreme-sur-les-concessions-portuaires-redessine-le-cadre-operationnel-aux-portes-du-canal-de-panama\/#primaryimage"},"thumbnailUrl":"https:\/\/www.latitude-15.com\/wp-content\/uploads\/2026\/02\/img562718.png","datePublished":"2026-02-05T16:30:44+00:00","dateModified":"2026-02-10T13:46:13+00:00","breadcrumb":{"@id":"https:\/\/www.latitude-15.com\/fr\/panama-la-decision-de-la-cour-supreme-sur-les-concessions-portuaires-redessine-le-cadre-operationnel-aux-portes-du-canal-de-panama\/#breadcrumb"},"inLanguage":"fr-FR","potentialAction":[{"@type":"ReadAction","target":["https:\/\/www.latitude-15.com\/fr\/panama-la-decision-de-la-cour-supreme-sur-les-concessions-portuaires-redessine-le-cadre-operationnel-aux-portes-du-canal-de-panama\/"]}]},{"@type":"ImageObject","inLanguage":"fr-FR","@id":"https:\/\/www.latitude-15.com\/fr\/panama-la-decision-de-la-cour-supreme-sur-les-concessions-portuaires-redessine-le-cadre-operationnel-aux-portes-du-canal-de-panama\/#primaryimage","url":"https:\/\/www.latitude-15.com\/wp-content\/uploads\/2026\/02\/img562718.png","contentUrl":"https:\/\/www.latitude-15.com\/wp-content\/uploads\/2026\/02\/img562718.png","width":1491,"height":928,"caption":"Vue a\u00e9rienne du port de Crist\u00f3bal, un terminal \u00e0 conteneurs cl\u00e9 \u00e0 l\u2019entr\u00e9e atlantique du canal de Panama. (c)Portal Logistico de Panam\u00e0"},{"@type":"BreadcrumbList","@id":"https:\/\/www.latitude-15.com\/fr\/panama-la-decision-de-la-cour-supreme-sur-les-concessions-portuaires-redessine-le-cadre-operationnel-aux-portes-du-canal-de-panama\/#breadcrumb","itemListElement":[{"@type":"ListItem","position":1,"name":"Home","item":"https:\/\/www.latitude-15.com\/fr\/accueil\/"},{"@type":"ListItem","position":2,"name":"Panama : la d\u00e9cision de la Cour supr\u00eame sur les concessions portuaires redessine le cadre op\u00e9rationnel aux portes du canal de Panama"}]},{"@type":"WebSite","@id":"https:\/\/www.latitude-15.com\/fr\/#website","url":"https:\/\/www.latitude-15.com\/fr\/","name":"LATITUDE 15","description":"Aviation and maritime Magazine - Caribbean &amp; Latin America","publisher":{"@id":"https:\/\/www.latitude-15.com\/fr\/#organization"},"potentialAction":[{"@type":"SearchAction","target":{"@type":"EntryPoint","urlTemplate":"https:\/\/www.latitude-15.com\/fr\/?s={search_term_string}"},"query-input":{"@type":"PropertyValueSpecification","valueRequired":true,"valueName":"search_term_string"}}],"inLanguage":"fr-FR"},{"@type":"Organization","@id":"https:\/\/www.latitude-15.com\/fr\/#organization","name":"LATITUDE 15","url":"https:\/\/www.latitude-15.com\/fr\/","logo":{"@type":"ImageObject","inLanguage":"fr-FR","@id":"https:\/\/www.latitude-15.com\/fr\/#\/schema\/logo\/image\/","url":"https:\/\/www.latitude-15.com\/wp-content\/uploads\/2026\/01\/cropped-logox500px.png","contentUrl":"https:\/\/www.latitude-15.com\/wp-content\/uploads\/2026\/01\/cropped-logox500px.png","width":62,"height":75,"caption":"LATITUDE 15"},"image":{"@id":"https:\/\/www.latitude-15.com\/fr\/#\/schema\/logo\/image\/"}},{"@type":"Person","@id":"https:\/\/www.latitude-15.com\/fr\/#\/schema\/person\/dac52e7ff44c78317f337da112e37252","name":"Joda J","image":{"@type":"ImageObject","inLanguage":"fr-FR","@id":"https:\/\/www.latitude-15.com\/fr\/#\/schema\/person\/image\/","url":"https:\/\/secure.gravatar.com\/avatar\/6b1feae555e15404b76616f92d931d12b25ac58024f14ccb43d9d3c012e4c4cf?s=96&d=mm&r=g","contentUrl":"https:\/\/secure.gravatar.com\/avatar\/6b1feae555e15404b76616f92d931d12b25ac58024f14ccb43d9d3c012e4c4cf?s=96&d=mm&r=g","caption":"Joda J"},"url":"https:\/\/www.latitude-15.com\/fr\/author\/joda\/"}]}},"_links":{"self":[{"href":"https:\/\/www.latitude-15.com\/fr\/wp-json\/wp\/v2\/posts\/20321","targetHints":{"allow":["GET"]}}],"collection":[{"href":"https:\/\/www.latitude-15.com\/fr\/wp-json\/wp\/v2\/posts"}],"about":[{"href":"https:\/\/www.latitude-15.com\/fr\/wp-json\/wp\/v2\/types\/post"}],"author":[{"embeddable":true,"href":"https:\/\/www.latitude-15.com\/fr\/wp-json\/wp\/v2\/users\/5"}],"replies":[{"embeddable":true,"href":"https:\/\/www.latitude-15.com\/fr\/wp-json\/wp\/v2\/comments?post=20321"}],"version-history":[{"count":1,"href":"https:\/\/www.latitude-15.com\/fr\/wp-json\/wp\/v2\/posts\/20321\/revisions"}],"predecessor-version":[{"id":20322,"href":"https:\/\/www.latitude-15.com\/fr\/wp-json\/wp\/v2\/posts\/20321\/revisions\/20322"}],"wp:featuredmedia":[{"embeddable":true,"href":"https:\/\/www.latitude-15.com\/fr\/wp-json\/wp\/v2\/media\/20320"}],"wp:attachment":[{"href":"https:\/\/www.latitude-15.com\/fr\/wp-json\/wp\/v2\/media?parent=20321"}],"wp:term":[{"taxonomy":"category","embeddable":true,"href":"https:\/\/www.latitude-15.com\/fr\/wp-json\/wp\/v2\/categories?post=20321"},{"taxonomy":"post_tag","embeddable":true,"href":"https:\/\/www.latitude-15.com\/fr\/wp-json\/wp\/v2\/tags?post=20321"}],"curies":[{"name":"wp","href":"https:\/\/api.w.org\/{rel}","templated":true}]}}