{"id":20237,"date":"2026-02-06T11:22:42","date_gmt":"2026-02-06T15:22:42","guid":{"rendered":"https:\/\/www.latitude-15.com\/us-caribbean-maritime-and-ports-forum-2026-un-focus-regional-sur-les-enjeux-portuaires-et-maritimes\/"},"modified":"2026-02-09T16:29:35","modified_gmt":"2026-02-09T20:29:35","slug":"us-caribbean-maritime-and-ports-forum-2026-un-focus-regional-sur-les-enjeux-portuaires-et-maritimes","status":"publish","type":"post","link":"https:\/\/www.latitude-15.com\/fr\/us-caribbean-maritime-and-ports-forum-2026-un-focus-regional-sur-les-enjeux-portuaires-et-maritimes\/","title":{"rendered":"US\u2013Caribbean Maritime and Ports Forum 2026 : un focus r\u00e9gional sur les enjeux portuaires et maritimes"},"content":{"rendered":"\n<p>Le 20 f\u00e9vrier 2026, Miami accueillera le US\u2013Caribbean Maritime and Ports Forum, un \u00e9v\u00e9nement consacr\u00e9 aux enjeux maritimes et portuaires entre les \u00c9tats-Unis et la Cara\u00efbe. Organis\u00e9 par le Atlantic Council \u00e0 travers son Adrienne Arsht Latin America Center, le forum r\u00e9unira des repr\u00e9sentants institutionnels, des autorit\u00e9s portuaires, des op\u00e9rateurs maritimes et des acteurs \u00e9conomiques de l\u2019ensemble de la r\u00e9gion. <\/p>\n\n<p>L\u2019objectif affich\u00e9 est de favoriser le dialogue autour des d\u00e9fis communs auxquels font face les ports et les cha\u00eenes d\u2019approvisionnement r\u00e9gionales, dans un contexte d\u2019\u00e9volution des flux commerciaux, des besoins en infrastructures et des cadres r\u00e9glementaires.<\/p>\n\n<h2 class=\"wp-block-heading\">Une plateforme de dialogue \u00c9tats-Unis\u2013Cara\u00efbe<\/h2>\n\n<p>Selon les organisateurs, le forum vise \u00e0 renforcer les \u00e9changes entre les parties prenantes maritimes am\u00e9ricaines et carib\u00e9ennes, avec un accent particulier sur la connectivit\u00e9 maritime, le d\u00e9veloppement portuaire et la coop\u00e9ration r\u00e9gionale.<\/p>\n\n<p>La Cara\u00efbe occupe une position strat\u00e9gique au sein des routes maritimes reliant l\u2019Am\u00e9rique du Nord, l\u2019Am\u00e9rique latine et les grandes lignes du commerce mondial. Les ports de la r\u00e9gion jouent un r\u00f4le cl\u00e9 dans le transit de marchandises, les activit\u00e9s de transbordement et l\u2019approvisionnement des march\u00e9s insulaires, tout en \u00e9tant confront\u00e9s \u00e0 des contraintes structurelles li\u00e9es aux capacit\u00e9s, \u00e0 la modernisation des infrastructures et \u00e0 la r\u00e9silience climatique. <\/p>\n\n<figure class=\"wp-block-image size-large\"><img fetchpriority=\"high\" decoding=\"async\" width=\"1024\" height=\"502\" src=\"https:\/\/www.latitude-15.com\/wp-content\/uploads\/2026\/02\/img67329-1024x502.png\" alt=\"\" class=\"wp-image-20158\" srcset=\"https:\/\/www.latitude-15.com\/wp-content\/uploads\/2026\/02\/img67329-1024x502.png 1024w, https:\/\/www.latitude-15.com\/wp-content\/uploads\/2026\/02\/img67329-300x147.png 300w, https:\/\/www.latitude-15.com\/wp-content\/uploads\/2026\/02\/img67329-768x376.png 768w, https:\/\/www.latitude-15.com\/wp-content\/uploads\/2026\/02\/img67329.png 1221w\" sizes=\"(max-width: 1024px) 100vw, 1024px\" \/><\/figure>\n\n<h2 class=\"wp-block-heading\">Th\u00e9matiques cl\u00e9s \u00e0 l\u2019ordre du jour<\/h2>\n\n<p>Le programme annonc\u00e9 du US\u2013Caribbean Maritime and Ports Forum pr\u00e9voit des \u00e9changes autour de plusieurs enjeux structurants pour le secteur maritime et portuaire :<\/p>\n\n<ul class=\"wp-block-list\">\n<li>les besoins en infrastructures portuaires et en modernisation,<\/li>\n\n\n\n<li>la logistique maritime et portuaire \u00e0 l\u2019\u00e9chelle de la Cara\u00efbe,<\/li>\n\n\n\n<li>les questions de s\u00fbret\u00e9 et de s\u00e9curit\u00e9 portuaires,<\/li>\n\n\n\n<li>la coop\u00e9ration public-priv\u00e9 et les cadres institutionnels,<\/li>\n\n\n\n<li>la r\u00e9silience des ports face aux risques climatiques et op\u00e9rationnels.<\/li>\n<\/ul>\n\n<p>Ces th\u00e9matiques s\u2019inscrivent dans un contexte r\u00e9gional marqu\u00e9 par d\u2019importants besoins d\u2019investissement dans les infrastructures de transport et de logistique, r\u00e9guli\u00e8rement soulign\u00e9s par les institutions internationales.<\/p>\n\n<h2 class=\"wp-block-heading\">Un rendez-vous destin\u00e9 aux professionnels du secteur<\/h2>\n\n<p>Le forum s\u2019adresse en priorit\u00e9 aux professionnels du maritime, aux autorit\u00e9s portuaires, aux op\u00e9rateurs de terminaux, aux compagnies maritimes, ainsi qu\u2019aux acteurs institutionnels et financiers impliqu\u00e9s dans le d\u00e9veloppement portuaire en Cara\u00efbe et en Am\u00e9rique latine.<\/p>\n\n<p>Sans se positionner comme une instance d\u00e9cisionnelle, le US\u2013Caribbean Maritime and Ports Forum se pr\u00e9sente avant tout comme un espace d\u2019\u00e9changes et de mise en r\u00e9seau, offrant aux participants l\u2019opportunit\u00e9 de partager analyses, priorit\u00e9s et retours d\u2019exp\u00e9rience sur les enjeux portuaires et maritimes r\u00e9gionaux.<\/p>\n\n<hr class=\"wp-block-separator has-alpha-channel-opacity\" \/>\n\n<h3 class=\"wp-block-heading\"><em>Informations cl\u00e9s<\/em><\/h3>\n\n<ul class=\"wp-block-list\">\n<li>\u00c9v\u00e9nement : US\u2013Caribbean Maritime and Ports Forum<\/li>\n\n\n\n<li>Date : 20 f\u00e9vrier 2026<\/li>\n\n\n\n<li>Lieu : Miami, \u00c9tats-Unis<\/li>\n\n\n\n<li>Organisateur : Atlantic Council \u2013 Adrienne Arsht Latin America Center<\/li>\n<\/ul>\n","protected":false},"excerpt":{"rendered":"<p>Le 20 f\u00e9vrier 2026, Miami accueillera le US\u2013Caribbean Maritime and Ports Forum, un \u00e9v\u00e9nement consacr\u00e9 aux enjeux maritimes et portuaires entre les \u00c9tats-Unis et la Cara\u00efbe. Organis\u00e9 par le Atlantic Council \u00e0 travers son Adrienne Arsht Latin America Center, le forum r\u00e9unira des repr\u00e9sentants institutionnels, des autorit\u00e9s portuaires, des op\u00e9rateurs maritimes et des acteurs \u00e9conomiques [&hellip;]<\/p>\n","protected":false},"author":5,"featured_media":20200,"comment_status":"open","ping_status":"open","sticky":false,"template":"","format":"standard","meta":{"footnotes":""},"categories":[118,136],"tags":[],"class_list":["post-20237","post","type-post","status-publish","format-standard","has-post-thumbnail","hentry","category-maritime-fr","category-ports-et-logistique"],"yoast_head":"<!-- This site is optimized with the Yoast SEO plugin v26.9 - https:\/\/yoast.com\/product\/yoast-seo-wordpress\/ -->\n<title>US\u2013Caribbean Maritime and Ports Forum 2026 : un focus r\u00e9gional sur les enjeux portuaires et maritimes - LATITUDE 15<\/title>\n<meta name=\"robots\" content=\"index, follow, max-snippet:-1, max-image-preview:large, max-video-preview:-1\" \/>\n<link rel=\"canonical\" href=\"https:\/\/www.latitude-15.com\/fr\/us-caribbean-maritime-and-ports-forum-2026-un-focus-regional-sur-les-enjeux-portuaires-et-maritimes\/\" \/>\n<meta property=\"og:locale\" content=\"fr_FR\" \/>\n<meta property=\"og:type\" content=\"article\" \/>\n<meta property=\"og:title\" content=\"US\u2013Caribbean Maritime and Ports Forum 2026 : un focus r\u00e9gional sur les enjeux portuaires et maritimes - LATITUDE 15\" \/>\n<meta property=\"og:description\" content=\"Le 20 f\u00e9vrier 2026, Miami accueillera le US\u2013Caribbean Maritime and Ports Forum, un \u00e9v\u00e9nement consacr\u00e9 aux enjeux maritimes et portuaires entre les \u00c9tats-Unis et la Cara\u00efbe. Organis\u00e9 par le Atlantic Council \u00e0 travers son Adrienne Arsht Latin America Center, le forum r\u00e9unira des repr\u00e9sentants institutionnels, des autorit\u00e9s portuaires, des op\u00e9rateurs maritimes et des acteurs \u00e9conomiques [&hellip;]\" \/>\n<meta property=\"og:url\" content=\"https:\/\/www.latitude-15.com\/fr\/us-caribbean-maritime-and-ports-forum-2026-un-focus-regional-sur-les-enjeux-portuaires-et-maritimes\/\" \/>\n<meta property=\"og:site_name\" content=\"LATITUDE 15\" \/>\n<meta property=\"article:published_time\" content=\"2026-02-06T15:22:42+00:00\" \/>\n<meta property=\"article:modified_time\" content=\"2026-02-09T20:29:35+00:00\" \/>\n<meta property=\"og:image\" content=\"https:\/\/www.latitude-15.com\/wp-content\/uploads\/2026\/02\/ESETJ.jpg\" \/>\n\t<meta property=\"og:image:width\" content=\"1109\" \/>\n\t<meta property=\"og:image:height\" content=\"758\" \/>\n\t<meta property=\"og:image:type\" content=\"image\/jpeg\" \/>\n<meta name=\"author\" content=\"Joda J\" \/>\n<meta name=\"twitter:card\" content=\"summary_large_image\" \/>\n<meta name=\"twitter:label1\" content=\"\u00c9crit par\" \/>\n\t<meta name=\"twitter:data1\" content=\"Joda J\" \/>\n\t<meta name=\"twitter:label2\" content=\"Dur\u00e9e de lecture estim\u00e9e\" \/>\n\t<meta name=\"twitter:data2\" content=\"2 minutes\" \/>\n<script type=\"application\/ld+json\" class=\"yoast-schema-graph\">{\"@context\":\"https:\/\/schema.org\",\"@graph\":[{\"@type\":\"Article\",\"@id\":\"https:\/\/www.latitude-15.com\/fr\/us-caribbean-maritime-and-ports-forum-2026-un-focus-regional-sur-les-enjeux-portuaires-et-maritimes\/#article\",\"isPartOf\":{\"@id\":\"https:\/\/www.latitude-15.com\/fr\/us-caribbean-maritime-and-ports-forum-2026-un-focus-regional-sur-les-enjeux-portuaires-et-maritimes\/\"},\"author\":{\"name\":\"Joda J\",\"@id\":\"https:\/\/www.latitude-15.com\/fr\/#\/schema\/person\/dac52e7ff44c78317f337da112e37252\"},\"headline\":\"US\u2013Caribbean Maritime and Ports Forum 2026 : un focus r\u00e9gional sur les enjeux portuaires et maritimes\",\"datePublished\":\"2026-02-06T15:22:42+00:00\",\"dateModified\":\"2026-02-09T20:29:35+00:00\",\"mainEntityOfPage\":{\"@id\":\"https:\/\/www.latitude-15.com\/fr\/us-caribbean-maritime-and-ports-forum-2026-un-focus-regional-sur-les-enjeux-portuaires-et-maritimes\/\"},\"wordCount\":496,\"commentCount\":0,\"publisher\":{\"@id\":\"https:\/\/www.latitude-15.com\/fr\/#organization\"},\"image\":{\"@id\":\"https:\/\/www.latitude-15.com\/fr\/us-caribbean-maritime-and-ports-forum-2026-un-focus-regional-sur-les-enjeux-portuaires-et-maritimes\/#primaryimage\"},\"thumbnailUrl\":\"https:\/\/www.latitude-15.com\/wp-content\/uploads\/2026\/02\/ESETJ.jpg\",\"articleSection\":[\"MARITIME\",\"Ports et logistique\"],\"inLanguage\":\"fr-FR\",\"potentialAction\":[{\"@type\":\"CommentAction\",\"name\":\"Comment\",\"target\":[\"https:\/\/www.latitude-15.com\/fr\/us-caribbean-maritime-and-ports-forum-2026-un-focus-regional-sur-les-enjeux-portuaires-et-maritimes\/#respond\"]}]},{\"@type\":\"WebPage\",\"@id\":\"https:\/\/www.latitude-15.com\/fr\/us-caribbean-maritime-and-ports-forum-2026-un-focus-regional-sur-les-enjeux-portuaires-et-maritimes\/\",\"url\":\"https:\/\/www.latitude-15.com\/fr\/us-caribbean-maritime-and-ports-forum-2026-un-focus-regional-sur-les-enjeux-portuaires-et-maritimes\/\",\"name\":\"US\u2013Caribbean Maritime and Ports Forum 2026 : un focus r\u00e9gional sur les enjeux portuaires et maritimes - LATITUDE 15\",\"isPartOf\":{\"@id\":\"https:\/\/www.latitude-15.com\/fr\/#website\"},\"primaryImageOfPage\":{\"@id\":\"https:\/\/www.latitude-15.com\/fr\/us-caribbean-maritime-and-ports-forum-2026-un-focus-regional-sur-les-enjeux-portuaires-et-maritimes\/#primaryimage\"},\"image\":{\"@id\":\"https:\/\/www.latitude-15.com\/fr\/us-caribbean-maritime-and-ports-forum-2026-un-focus-regional-sur-les-enjeux-portuaires-et-maritimes\/#primaryimage\"},\"thumbnailUrl\":\"https:\/\/www.latitude-15.com\/wp-content\/uploads\/2026\/02\/ESETJ.jpg\",\"datePublished\":\"2026-02-06T15:22:42+00:00\",\"dateModified\":\"2026-02-09T20:29:35+00:00\",\"breadcrumb\":{\"@id\":\"https:\/\/www.latitude-15.com\/fr\/us-caribbean-maritime-and-ports-forum-2026-un-focus-regional-sur-les-enjeux-portuaires-et-maritimes\/#breadcrumb\"},\"inLanguage\":\"fr-FR\",\"potentialAction\":[{\"@type\":\"ReadAction\",\"target\":[\"https:\/\/www.latitude-15.com\/fr\/us-caribbean-maritime-and-ports-forum-2026-un-focus-regional-sur-les-enjeux-portuaires-et-maritimes\/\"]}]},{\"@type\":\"ImageObject\",\"inLanguage\":\"fr-FR\",\"@id\":\"https:\/\/www.latitude-15.com\/fr\/us-caribbean-maritime-and-ports-forum-2026-un-focus-regional-sur-les-enjeux-portuaires-et-maritimes\/#primaryimage\",\"url\":\"https:\/\/www.latitude-15.com\/wp-content\/uploads\/2026\/02\/ESETJ.jpg\",\"contentUrl\":\"https:\/\/www.latitude-15.com\/wp-content\/uploads\/2026\/02\/ESETJ.jpg\",\"width\":1109,\"height\":758,\"caption\":\"US Caribbean Maritime\"},{\"@type\":\"BreadcrumbList\",\"@id\":\"https:\/\/www.latitude-15.com\/fr\/us-caribbean-maritime-and-ports-forum-2026-un-focus-regional-sur-les-enjeux-portuaires-et-maritimes\/#breadcrumb\",\"itemListElement\":[{\"@type\":\"ListItem\",\"position\":1,\"name\":\"Home\",\"item\":\"https:\/\/www.latitude-15.com\/fr\/accueil\/\"},{\"@type\":\"ListItem\",\"position\":2,\"name\":\"US\u2013Caribbean Maritime and Ports Forum 2026 : un focus r\u00e9gional sur les enjeux portuaires et maritimes\"}]},{\"@type\":\"WebSite\",\"@id\":\"https:\/\/www.latitude-15.com\/fr\/#website\",\"url\":\"https:\/\/www.latitude-15.com\/fr\/\",\"name\":\"LATITUDE 15\",\"description\":\"Aviation and maritime Magazine - Caribbean &amp; Latin America\",\"publisher\":{\"@id\":\"https:\/\/www.latitude-15.com\/fr\/#organization\"},\"potentialAction\":[{\"@type\":\"SearchAction\",\"target\":{\"@type\":\"EntryPoint\",\"urlTemplate\":\"https:\/\/www.latitude-15.com\/fr\/?s={search_term_string}\"},\"query-input\":{\"@type\":\"PropertyValueSpecification\",\"valueRequired\":true,\"valueName\":\"search_term_string\"}}],\"inLanguage\":\"fr-FR\"},{\"@type\":\"Organization\",\"@id\":\"https:\/\/www.latitude-15.com\/fr\/#organization\",\"name\":\"LATITUDE 15\",\"url\":\"https:\/\/www.latitude-15.com\/fr\/\",\"logo\":{\"@type\":\"ImageObject\",\"inLanguage\":\"fr-FR\",\"@id\":\"https:\/\/www.latitude-15.com\/fr\/#\/schema\/logo\/image\/\",\"url\":\"https:\/\/www.latitude-15.com\/wp-content\/uploads\/2026\/01\/cropped-logox500px.png\",\"contentUrl\":\"https:\/\/www.latitude-15.com\/wp-content\/uploads\/2026\/01\/cropped-logox500px.png\",\"width\":62,\"height\":75,\"caption\":\"LATITUDE 15\"},\"image\":{\"@id\":\"https:\/\/www.latitude-15.com\/fr\/#\/schema\/logo\/image\/\"}},{\"@type\":\"Person\",\"@id\":\"https:\/\/www.latitude-15.com\/fr\/#\/schema\/person\/dac52e7ff44c78317f337da112e37252\",\"name\":\"Joda J\",\"image\":{\"@type\":\"ImageObject\",\"inLanguage\":\"fr-FR\",\"@id\":\"https:\/\/www.latitude-15.com\/fr\/#\/schema\/person\/image\/\",\"url\":\"https:\/\/secure.gravatar.com\/avatar\/6b1feae555e15404b76616f92d931d12b25ac58024f14ccb43d9d3c012e4c4cf?s=96&d=mm&r=g\",\"contentUrl\":\"https:\/\/secure.gravatar.com\/avatar\/6b1feae555e15404b76616f92d931d12b25ac58024f14ccb43d9d3c012e4c4cf?s=96&d=mm&r=g\",\"caption\":\"Joda J\"},\"url\":\"https:\/\/www.latitude-15.com\/fr\/author\/joda\/\"}]}<\/script>\n<!-- \/ Yoast SEO plugin. -->","yoast_head_json":{"title":"US\u2013Caribbean Maritime and Ports Forum 2026 : un focus r\u00e9gional sur les enjeux portuaires et maritimes - LATITUDE 15","robots":{"index":"index","follow":"follow","max-snippet":"max-snippet:-1","max-image-preview":"max-image-preview:large","max-video-preview":"max-video-preview:-1"},"canonical":"https:\/\/www.latitude-15.com\/fr\/us-caribbean-maritime-and-ports-forum-2026-un-focus-regional-sur-les-enjeux-portuaires-et-maritimes\/","og_locale":"fr_FR","og_type":"article","og_title":"US\u2013Caribbean Maritime and Ports Forum 2026 : un focus r\u00e9gional sur les enjeux portuaires et maritimes - LATITUDE 15","og_description":"Le 20 f\u00e9vrier 2026, Miami accueillera le US\u2013Caribbean Maritime and Ports Forum, un \u00e9v\u00e9nement consacr\u00e9 aux enjeux maritimes et portuaires entre les \u00c9tats-Unis et la Cara\u00efbe. Organis\u00e9 par le Atlantic Council \u00e0 travers son Adrienne Arsht Latin America Center, le forum r\u00e9unira des repr\u00e9sentants institutionnels, des autorit\u00e9s portuaires, des op\u00e9rateurs maritimes et des acteurs \u00e9conomiques [&hellip;]","og_url":"https:\/\/www.latitude-15.com\/fr\/us-caribbean-maritime-and-ports-forum-2026-un-focus-regional-sur-les-enjeux-portuaires-et-maritimes\/","og_site_name":"LATITUDE 15","article_published_time":"2026-02-06T15:22:42+00:00","article_modified_time":"2026-02-09T20:29:35+00:00","og_image":[{"width":1109,"height":758,"url":"https:\/\/www.latitude-15.com\/wp-content\/uploads\/2026\/02\/ESETJ.jpg","type":"image\/jpeg"}],"author":"Joda J","twitter_card":"summary_large_image","twitter_misc":{"\u00c9crit par":"Joda J","Dur\u00e9e de lecture estim\u00e9e":"2 minutes"},"schema":{"@context":"https:\/\/schema.org","@graph":[{"@type":"Article","@id":"https:\/\/www.latitude-15.com\/fr\/us-caribbean-maritime-and-ports-forum-2026-un-focus-regional-sur-les-enjeux-portuaires-et-maritimes\/#article","isPartOf":{"@id":"https:\/\/www.latitude-15.com\/fr\/us-caribbean-maritime-and-ports-forum-2026-un-focus-regional-sur-les-enjeux-portuaires-et-maritimes\/"},"author":{"name":"Joda J","@id":"https:\/\/www.latitude-15.com\/fr\/#\/schema\/person\/dac52e7ff44c78317f337da112e37252"},"headline":"US\u2013Caribbean Maritime and Ports Forum 2026 : un focus r\u00e9gional sur les enjeux portuaires et maritimes","datePublished":"2026-02-06T15:22:42+00:00","dateModified":"2026-02-09T20:29:35+00:00","mainEntityOfPage":{"@id":"https:\/\/www.latitude-15.com\/fr\/us-caribbean-maritime-and-ports-forum-2026-un-focus-regional-sur-les-enjeux-portuaires-et-maritimes\/"},"wordCount":496,"commentCount":0,"publisher":{"@id":"https:\/\/www.latitude-15.com\/fr\/#organization"},"image":{"@id":"https:\/\/www.latitude-15.com\/fr\/us-caribbean-maritime-and-ports-forum-2026-un-focus-regional-sur-les-enjeux-portuaires-et-maritimes\/#primaryimage"},"thumbnailUrl":"https:\/\/www.latitude-15.com\/wp-content\/uploads\/2026\/02\/ESETJ.jpg","articleSection":["MARITIME","Ports et logistique"],"inLanguage":"fr-FR","potentialAction":[{"@type":"CommentAction","name":"Comment","target":["https:\/\/www.latitude-15.com\/fr\/us-caribbean-maritime-and-ports-forum-2026-un-focus-regional-sur-les-enjeux-portuaires-et-maritimes\/#respond"]}]},{"@type":"WebPage","@id":"https:\/\/www.latitude-15.com\/fr\/us-caribbean-maritime-and-ports-forum-2026-un-focus-regional-sur-les-enjeux-portuaires-et-maritimes\/","url":"https:\/\/www.latitude-15.com\/fr\/us-caribbean-maritime-and-ports-forum-2026-un-focus-regional-sur-les-enjeux-portuaires-et-maritimes\/","name":"US\u2013Caribbean Maritime and Ports Forum 2026 : un focus r\u00e9gional sur les enjeux portuaires et maritimes - LATITUDE 15","isPartOf":{"@id":"https:\/\/www.latitude-15.com\/fr\/#website"},"primaryImageOfPage":{"@id":"https:\/\/www.latitude-15.com\/fr\/us-caribbean-maritime-and-ports-forum-2026-un-focus-regional-sur-les-enjeux-portuaires-et-maritimes\/#primaryimage"},"image":{"@id":"https:\/\/www.latitude-15.com\/fr\/us-caribbean-maritime-and-ports-forum-2026-un-focus-regional-sur-les-enjeux-portuaires-et-maritimes\/#primaryimage"},"thumbnailUrl":"https:\/\/www.latitude-15.com\/wp-content\/uploads\/2026\/02\/ESETJ.jpg","datePublished":"2026-02-06T15:22:42+00:00","dateModified":"2026-02-09T20:29:35+00:00","breadcrumb":{"@id":"https:\/\/www.latitude-15.com\/fr\/us-caribbean-maritime-and-ports-forum-2026-un-focus-regional-sur-les-enjeux-portuaires-et-maritimes\/#breadcrumb"},"inLanguage":"fr-FR","potentialAction":[{"@type":"ReadAction","target":["https:\/\/www.latitude-15.com\/fr\/us-caribbean-maritime-and-ports-forum-2026-un-focus-regional-sur-les-enjeux-portuaires-et-maritimes\/"]}]},{"@type":"ImageObject","inLanguage":"fr-FR","@id":"https:\/\/www.latitude-15.com\/fr\/us-caribbean-maritime-and-ports-forum-2026-un-focus-regional-sur-les-enjeux-portuaires-et-maritimes\/#primaryimage","url":"https:\/\/www.latitude-15.com\/wp-content\/uploads\/2026\/02\/ESETJ.jpg","contentUrl":"https:\/\/www.latitude-15.com\/wp-content\/uploads\/2026\/02\/ESETJ.jpg","width":1109,"height":758,"caption":"US Caribbean Maritime"},{"@type":"BreadcrumbList","@id":"https:\/\/www.latitude-15.com\/fr\/us-caribbean-maritime-and-ports-forum-2026-un-focus-regional-sur-les-enjeux-portuaires-et-maritimes\/#breadcrumb","itemListElement":[{"@type":"ListItem","position":1,"name":"Home","item":"https:\/\/www.latitude-15.com\/fr\/accueil\/"},{"@type":"ListItem","position":2,"name":"US\u2013Caribbean Maritime and Ports Forum 2026 : un focus r\u00e9gional sur les enjeux portuaires et maritimes"}]},{"@type":"WebSite","@id":"https:\/\/www.latitude-15.com\/fr\/#website","url":"https:\/\/www.latitude-15.com\/fr\/","name":"LATITUDE 15","description":"Aviation and maritime Magazine - Caribbean &amp; Latin America","publisher":{"@id":"https:\/\/www.latitude-15.com\/fr\/#organization"},"potentialAction":[{"@type":"SearchAction","target":{"@type":"EntryPoint","urlTemplate":"https:\/\/www.latitude-15.com\/fr\/?s={search_term_string}"},"query-input":{"@type":"PropertyValueSpecification","valueRequired":true,"valueName":"search_term_string"}}],"inLanguage":"fr-FR"},{"@type":"Organization","@id":"https:\/\/www.latitude-15.com\/fr\/#organization","name":"LATITUDE 15","url":"https:\/\/www.latitude-15.com\/fr\/","logo":{"@type":"ImageObject","inLanguage":"fr-FR","@id":"https:\/\/www.latitude-15.com\/fr\/#\/schema\/logo\/image\/","url":"https:\/\/www.latitude-15.com\/wp-content\/uploads\/2026\/01\/cropped-logox500px.png","contentUrl":"https:\/\/www.latitude-15.com\/wp-content\/uploads\/2026\/01\/cropped-logox500px.png","width":62,"height":75,"caption":"LATITUDE 15"},"image":{"@id":"https:\/\/www.latitude-15.com\/fr\/#\/schema\/logo\/image\/"}},{"@type":"Person","@id":"https:\/\/www.latitude-15.com\/fr\/#\/schema\/person\/dac52e7ff44c78317f337da112e37252","name":"Joda J","image":{"@type":"ImageObject","inLanguage":"fr-FR","@id":"https:\/\/www.latitude-15.com\/fr\/#\/schema\/person\/image\/","url":"https:\/\/secure.gravatar.com\/avatar\/6b1feae555e15404b76616f92d931d12b25ac58024f14ccb43d9d3c012e4c4cf?s=96&d=mm&r=g","contentUrl":"https:\/\/secure.gravatar.com\/avatar\/6b1feae555e15404b76616f92d931d12b25ac58024f14ccb43d9d3c012e4c4cf?s=96&d=mm&r=g","caption":"Joda J"},"url":"https:\/\/www.latitude-15.com\/fr\/author\/joda\/"}]}},"_links":{"self":[{"href":"https:\/\/www.latitude-15.com\/fr\/wp-json\/wp\/v2\/posts\/20237","targetHints":{"allow":["GET"]}}],"collection":[{"href":"https:\/\/www.latitude-15.com\/fr\/wp-json\/wp\/v2\/posts"}],"about":[{"href":"https:\/\/www.latitude-15.com\/fr\/wp-json\/wp\/v2\/types\/post"}],"author":[{"embeddable":true,"href":"https:\/\/www.latitude-15.com\/fr\/wp-json\/wp\/v2\/users\/5"}],"replies":[{"embeddable":true,"href":"https:\/\/www.latitude-15.com\/fr\/wp-json\/wp\/v2\/comments?post=20237"}],"version-history":[{"count":1,"href":"https:\/\/www.latitude-15.com\/fr\/wp-json\/wp\/v2\/posts\/20237\/revisions"}],"predecessor-version":[{"id":20238,"href":"https:\/\/www.latitude-15.com\/fr\/wp-json\/wp\/v2\/posts\/20237\/revisions\/20238"}],"wp:featuredmedia":[{"embeddable":true,"href":"https:\/\/www.latitude-15.com\/fr\/wp-json\/wp\/v2\/media\/20200"}],"wp:attachment":[{"href":"https:\/\/www.latitude-15.com\/fr\/wp-json\/wp\/v2\/media?parent=20237"}],"wp:term":[{"taxonomy":"category","embeddable":true,"href":"https:\/\/www.latitude-15.com\/fr\/wp-json\/wp\/v2\/categories?post=20237"},{"taxonomy":"post_tag","embeddable":true,"href":"https:\/\/www.latitude-15.com\/fr\/wp-json\/wp\/v2\/tags?post=20237"}],"curies":[{"name":"wp","href":"https:\/\/api.w.org\/{rel}","templated":true}]}}