{"id":20029,"date":"2026-02-05T10:13:18","date_gmt":"2026-02-05T14:13:18","guid":{"rendered":"https:\/\/www.latitude-15.com\/?p=20029"},"modified":"2026-02-05T10:25:19","modified_gmt":"2026-02-05T14:25:19","slug":"trafic-en-hausse-avions-en-retard-pourquoi-les-compagnies-reevaluent-le-120-150-sieges","status":"publish","type":"post","link":"https:\/\/www.latitude-15.com\/fr\/trafic-en-hausse-avions-en-retard-pourquoi-les-compagnies-reevaluent-le-120-150-sieges\/","title":{"rendered":"Trafic en hausse, avions en retard : pourquoi les compagnies r\u00e9\u00e9valuent le 120\u2013150 si\u00e8ges ?"},"content":{"rendered":"\n<p>Apr\u00e8s la phase de rattrapage post-pand\u00e9mie, le march\u00e9 a\u00e9rien entre dans une s\u00e9quence plus contrainte, o\u00f9 la demande continue de progresser mais \u00e0 un rythme d\u00e9sormais plus pr\u00e9visible. En parall\u00e8le, les tensions industrielles persistent et limitent les marges d\u2019ajustement des compagnies. Dans ce contexte, le segment interm\u00e9diaire des avions de ligne \u00e0 r\u00e9action de 120 \u00e0 150 si\u00e8ges (souvent qualifi\u00e9s de \u201cregional jets\u201d \u00e9tendus ou de small narrowbodies) s\u2019impose \u00e0 nouveau comme un outil de pilotage fin des r\u00e9seaux, particuli\u00e8rement dans des espaces fragment\u00e9s et multi-march\u00e9s comme la Cara\u00efbe et l\u2019Am\u00e9rique latine.<\/p>\n\n\n\n<figure class=\"wp-block-image size-full\"><img fetchpriority=\"high\" decoding=\"async\" width=\"1000\" height=\"624\" src=\"https:\/\/www.latitude-15.com\/wp-content\/uploads\/2026\/02\/image.jpeg\" alt=\"\" class=\"wp-image-20037\" srcset=\"https:\/\/www.latitude-15.com\/wp-content\/uploads\/2026\/02\/image.jpeg 1000w, https:\/\/www.latitude-15.com\/wp-content\/uploads\/2026\/02\/image-300x187.jpeg 300w, https:\/\/www.latitude-15.com\/wp-content\/uploads\/2026\/02\/image-768x479.jpeg 768w\" sizes=\"(max-width: 1000px) 100vw, 1000px\" \/><\/figure>\n\n\n\n<p class=\"has-text-align-left\">En 2025, le trafic passagers mondial a progress\u00e9 de 5,3 % en termes de kilom\u00e8tres-passagers payants, une hausse plus mod\u00e9r\u00e9e que l\u2019ann\u00e9e pr\u00e9c\u00e9dente, selon l\u2019analyse du march\u00e9 du transport a\u00e9rien de passagers publi\u00e9e par l\u2019IATA\u00a0 en d\u00e9cembre 2025. Cette normalisation ne traduit pas un affaiblissement de la demande, mais plut\u00f4t un retour \u00e0 des rythmes historiques apr\u00e8s le choc de 2022-2024. Le signal est clair : la demande est l\u00e0, mais l\u2019offre reste contrainte.<\/p>\n\n\n\n<p>Dans la r\u00e9gion Am\u00e9rique latine et Cara\u00efbe, la dynamique demeure sup\u00e9rieure \u00e0 la moyenne mondiale. Le trafic y a progress\u00e9 de pr\u00e8s de 7 % en 2025, port\u00e9 \u00e0 la fois par le redressement des flux internationaux et par des march\u00e9s domestiques solides, au premier rang desquels le Br\u00e9sil, o\u00f9 le trafic int\u00e9rieur a bondi de plus de 11 % sur l\u2019ann\u00e9e, selon les m\u00eames donn\u00e9es IATA. Cette croissance soutenue exerce une pression directe sur les flottes et sur les choix de capacit\u00e9.<\/p>\n\n\n\n<h2 class=\"wp-block-heading\">Une demande r\u00e9elle, mais des avions toujours en retard<\/h2>\n\n\n\n<p>Si les passagers sont au rendez-vous, les avions, eux, arrivent plus lentement. En 2025, la capacit\u00e9 mondiale (ASK) n\u2019a progress\u00e9 que de 5,2 %, l\u00e9g\u00e8rement en dessous de la demande, ce qui a pouss\u00e9 le coefficient de remplissage \u00e0 un niveau record de 83,6 %, le plus \u00e9lev\u00e9 jamais enregistr\u00e9 sur une ann\u00e9e compl\u00e8te. Pour les compagnies, ce chiffre est \u00e0 double tranchant : il t\u00e9moigne d\u2019une bonne discipline de capacit\u00e9, mais aussi d\u2019un manque persistant de marge de man\u0153uvre.<\/p>\n\n\n\n<p>Willie Walsh, directeur g\u00e9n\u00e9ral de l\u2019IATA, l\u2019a r\u00e9sum\u00e9 sans d\u00e9tour en janvier 2026 : les difficult\u00e9s de la cha\u00eene d\u2019approvisionnement a\u00e9ronautique ont \u00e9t\u00e9 \u00ab le principal casse-t\u00eate des compagnies en 2025 \u00bb, entre retards de livraison, indisponibilit\u00e9 moteurs et tensions sur la maintenance, avec un surco\u00fbt estim\u00e9 \u00e0 plus de 11 milliards de dollars pour le secteur. Faute de mieux, les op\u00e9rateurs ont prolong\u00e9 la dur\u00e9e de vie des appareils existants et maximis\u00e9 les taux de remplissage, une solution efficace \u00e0 court terme, mais difficilement soutenable.<\/p>\n\n\n\n<p>C\u2019est dans ce contexte que la mont\u00e9e en cadence annonc\u00e9e par Embraer prend tout son sens pour les march\u00e9s r\u00e9gionaux.<\/p>\n\n\n\n<p>Cette tension entre la progression du trafic et une capacit\u00e9 qui peine \u00e0 suivre appara\u00eet clairement dans les donn\u00e9es r\u00e9gionales publi\u00e9es par l\u2019IATA pour l\u2019ann\u00e9e 2025.<\/p>\n\n\n\n<figure class=\"wp-block-image size-full\"><img decoding=\"async\" width=\"564\" height=\"341\" data-src=\"https:\/\/www.latitude-15.com\/wp-content\/uploads\/2026\/02\/image-7.png\" alt=\"\" class=\"wp-image-20038 lazyload\" data-srcset=\"https:\/\/www.latitude-15.com\/wp-content\/uploads\/2026\/02\/image-7.png 564w, https:\/\/www.latitude-15.com\/wp-content\/uploads\/2026\/02\/image-7-300x181.png 300w\" data-sizes=\"(max-width: 564px) 100vw, 564px\" src=\"data:image\/svg+xml;base64,PHN2ZyB3aWR0aD0iMSIgaGVpZ2h0PSIxIiB4bWxucz0iaHR0cDovL3d3dy53My5vcmcvMjAwMC9zdmciPjwvc3ZnPg==\" style=\"--smush-placeholder-width: 564px; --smush-placeholder-aspect-ratio: 564\/341;\" \/><\/figure>\n\n\n\n<p>\u00c9volution RPK vs ASK par r\u00e9gion (2025) &#8211; Source: IATA Sustainability and Economics, IATA Information and Data &#8211; Monthly Statistics<\/p>\n\n\n\n<h2 class=\"wp-block-heading\">Embraer : visibilit\u00e9 industrielle et retour du segment interm\u00e9diaire<\/h2>\n\n\n\n<p>D\u00e9but 2026, le constructeur br\u00e9silien a confirm\u00e9 son intention d\u2019augmenter progressivement sa production de jets commerciaux, port\u00e9 par un carnet de commandes E2 en hausse et par une am\u00e9lioration graduelle, mais encore incompl\u00e8te, de la supply chain. Les d\u00e9clarations relay\u00e9es par Reuters insistent sur un point cl\u00e9 pour les compagnies : la stabilisation industrielle ne serait pleinement atteinte qu\u2019\u00e0 l\u2019horizon 2026, mais la visibilit\u00e9 s\u2019am\u00e9liore d\u00e8s \u00e0 pr\u00e9sent.<\/p>\n\n\n\n<p>Cette prudence se retrouve dans les documents financiers officiels du groupe. Dans son rapport annuel (Form 20-F), Embraer reconna\u00eet rester fortement d\u00e9pendant d\u2019un nombre limit\u00e9 de fournisseurs critiques, les achats de composants repr\u00e9sentant plus de 77 % de ses co\u00fbts de production en aviation commerciale en 2024. Le constructeur souligne \u00e9galement que les retards ou d\u00e9faillances de la cha\u00eene d\u2019approvisionnement pourraient encore affecter les cadences et les calendriers de livraison, un point que les compagnies doivent int\u00e9grer dans leurs d\u00e9cisions de flotte.<\/p>\n\n\n\n<p>Mais malgr\u00e9 ces contraintes, le message est clair : le segment jusqu\u2019\u00e0 150 si\u00e8ges, c\u0153ur de la famille E-Jets E2, fait partie des priorit\u00e9s industrielles du groupe, pr\u00e9cis\u00e9ment parce qu\u2019il r\u00e9pond \u00e0 une demande structurelle sur les march\u00e9s r\u00e9gionaux.<\/p>\n\n\n\n<h2 class=\"wp-block-heading\">Pourquoi le 120\u2013150 si\u00e8ges colle particuli\u00e8rement \u00e0 la Cara\u00efbe et \u00e0 l\u2019Am\u00e9rique latine<\/h2>\n\n\n\n<p>Dans la Cara\u00efbe et en Am\u00e9rique latine, le d\u00e9fi n\u2019est pas tant de cr\u00e9er de la demande que de la servir correctement. De nombreuses liaisons inter-\u00eeles ou entre villes secondaires et hubs r\u00e9gionaux affichent des volumes suffisants pour \u00eatre viables, mais insuffisants pour absorber des monocouloirs de 180 \u00e0 220 si\u00e8ges sans d\u00e9grader les taux de remplissage.<\/p>\n\n\n\n<p>Dans la Cara\u00efbe, o\u00f9 la majorit\u00e9 des liaisons restent de faible densit\u00e9, le 120 si\u00e8ges constitue moins un standard qu\u2019un plafond op\u00e9rationnel, pertinent uniquement sur des axes bien identifi\u00e9s et \u00e0 forte saisonnalit\u00e9.<\/p>\n\n\n\n<p>L&rsquo;avion de 120 \u00e0 150 si\u00e8ges devient alors un outil de pr\u00e9cision. Il permet d\u2019augmenter les fr\u00e9quences, de lisser la saisonnalit\u00e9 touristique et d\u2019ouvrir des routes dites \u00ab thin \u00bb, avec un risque financier plus ma\u00eetris\u00e9. Cette logique est d\u2019autant plus pertinente que la croissance du trafic dans la r\u00e9gion est tir\u00e9e en grande partie par l\u2019international, qui a progress\u00e9 de plus de 7 % en 2025, selon l\u2019analyse de l\u2019IATA, alors que les march\u00e9s domestiques restent tr\u00e8s contrast\u00e9s d\u2019un pays \u00e0 l\u2019autre.<\/p>\n\n\n\n<p>Pour les compagnies, l\u2019enjeu n\u2019est pas uniquement le co\u00fbt par si\u00e8ge, mais la capacit\u00e9 \u00e0 adapter finement l\u2019offre \u00e0 des flux irr\u00e9guliers, souvent d\u00e9pendants du tourisme, des diasporas et des correspondances r\u00e9gionales. Dans ce sch\u00e9ma, le segment interm\u00e9diaire joue un r\u00f4le de liant entre hubs majeurs et destinations secondaires.<\/p>\n\n\n\n<h2 class=\"wp-block-heading\">Des limites bien identifi\u00e9es par les op\u00e9rateurs<\/h2>\n\n\n\n<p>Pour autant, la mont\u00e9e en puissance des jets r\u00e9gionaux ne constitue pas une solution miracle. Les documents financiers d\u2019Embraer rappellent que les calendriers de livraison restent expos\u00e9s aux al\u00e9as industriels, tandis que l\u2019acc\u00e8s au financement demeure un facteur cl\u00e9, en particulier dans certains march\u00e9s carib\u00e9ens o\u00f9 les capacit\u00e9s de cr\u00e9dit restent limit\u00e9es.<\/p>\n\n\n\n<p>S\u2019y ajoutent des contraintes op\u00e9rationnelles bien connues : disponibilit\u00e9 des cr\u00e9neaux de maintenance, tensions sur les moteurs, p\u00e9nurie de personnel qualifi\u00e9 et capacit\u00e9s parfois limit\u00e9es des a\u00e9roports secondaires \u00e0 absorber une hausse des fr\u00e9quences. Autant de param\u00e8tres qui imposent une approche coordonn\u00e9e entre compagnies, autorit\u00e9s a\u00e9roportuaires et r\u00e9gulateurs.<\/p>\n\n\n\n<h2 class=\"wp-block-heading\">Un levier de connectivit\u00e9, plus qu\u2019un pari industriel<\/h2>\n\n\n\n<p>Au final, la mont\u00e9e en cadence d\u2019Embraer ne doit pas \u00eatre lue comme un simple signal industriel, mais comme un indicateur de r\u00e9\u00e9quilibrage du march\u00e9. Dans une phase o\u00f9 la croissance du trafic se normalise et o\u00f9 la capacit\u00e9 reste contrainte, le jet r\u00e9gional de 120 \u00e0 150 si\u00e8ges redevient un outil strat\u00e9gique pour optimiser les r\u00e9seaux, plut\u00f4t qu\u2019un compromis par d\u00e9faut.<\/p>\n\n\n\n<p>Pour la Cara\u00efbe et l\u2019Am\u00e9rique latine, o\u00f9 la connectivit\u00e9 r\u00e9gionale conditionne directement le d\u00e9veloppement \u00e9conomique et touristique, ce segment offre une r\u00e9ponse pragmatique, \u00e0 condition d\u2019en ma\u00eetriser les limites. L\u2019enjeu, pour les acteurs de la r\u00e9gion, sera moins de suivre une tendance que de l\u2019int\u00e9grer intelligemment dans des strat\u00e9gies de flotte, d\u2019infrastructures et de financement adapt\u00e9es aux r\u00e9alit\u00e9s locales.<\/p>\n","protected":false},"excerpt":{"rendered":"<p>Apr\u00e8s la phase de rattrapage post-pand\u00e9mie, le march\u00e9 a\u00e9rien entre dans une s\u00e9quence plus contrainte, o\u00f9 la demande continue de progresser mais \u00e0 un rythme d\u00e9sormais plus pr\u00e9visible. En parall\u00e8le, les tensions industrielles persistent et limitent les marges d\u2019ajustement des compagnies. Dans ce contexte, le segment interm\u00e9diaire des avions de ligne \u00e0 r\u00e9action de 120 [&hellip;]<\/p>\n","protected":false},"author":4,"featured_media":20031,"comment_status":"open","ping_status":"open","sticky":false,"template":"","format":"standard","meta":{"footnotes":""},"categories":[97,100],"tags":[],"class_list":["post-20029","post","type-post","status-publish","format-standard","has-post-thumbnail","hentry","category-aviation-fr","category-connectivite-aerienne-et-attractivite-territoriale"],"yoast_head":"<!-- This site is optimized with the Yoast SEO plugin v26.9 - https:\/\/yoast.com\/product\/yoast-seo-wordpress\/ -->\n<title>Trafic en hausse, avions en retard : pourquoi les compagnies r\u00e9\u00e9valuent le 120\u2013150 si\u00e8ges ? - LATITUDE 15<\/title>\n<meta name=\"robots\" content=\"index, follow, max-snippet:-1, max-image-preview:large, max-video-preview:-1\" \/>\n<link rel=\"canonical\" href=\"https:\/\/www.latitude-15.com\/fr\/trafic-en-hausse-avions-en-retard-pourquoi-les-compagnies-reevaluent-le-120-150-sieges\/\" \/>\n<meta property=\"og:locale\" content=\"fr_FR\" \/>\n<meta property=\"og:type\" content=\"article\" \/>\n<meta property=\"og:title\" content=\"Trafic en hausse, avions en retard : pourquoi les compagnies r\u00e9\u00e9valuent le 120\u2013150 si\u00e8ges ? - LATITUDE 15\" \/>\n<meta property=\"og:description\" content=\"Apr\u00e8s la phase de rattrapage post-pand\u00e9mie, le march\u00e9 a\u00e9rien entre dans une s\u00e9quence plus contrainte, o\u00f9 la demande continue de progresser mais \u00e0 un rythme d\u00e9sormais plus pr\u00e9visible. En parall\u00e8le, les tensions industrielles persistent et limitent les marges d\u2019ajustement des compagnies. Dans ce contexte, le segment interm\u00e9diaire des avions de ligne \u00e0 r\u00e9action de 120 [&hellip;]\" \/>\n<meta property=\"og:url\" content=\"https:\/\/www.latitude-15.com\/fr\/trafic-en-hausse-avions-en-retard-pourquoi-les-compagnies-reevaluent-le-120-150-sieges\/\" \/>\n<meta property=\"og:site_name\" content=\"LATITUDE 15\" \/>\n<meta property=\"article:published_time\" content=\"2026-02-05T14:13:18+00:00\" \/>\n<meta property=\"article:modified_time\" content=\"2026-02-05T14:25:19+00:00\" \/>\n<meta property=\"og:image\" content=\"https:\/\/www.latitude-15.com\/wp-content\/uploads\/2026\/02\/united-CRJ550-first-class-2.jpg\" \/>\n\t<meta property=\"og:image:width\" content=\"800\" \/>\n\t<meta property=\"og:image:height\" content=\"600\" \/>\n\t<meta property=\"og:image:type\" content=\"image\/jpeg\" \/>\n<meta name=\"author\" content=\"Sabrina AJ\" \/>\n<meta name=\"twitter:card\" content=\"summary_large_image\" \/>\n<meta name=\"twitter:label1\" content=\"\u00c9crit par\" \/>\n\t<meta name=\"twitter:data1\" content=\"Sabrina AJ\" \/>\n\t<meta name=\"twitter:label2\" content=\"Dur\u00e9e de lecture estim\u00e9e\" \/>\n\t<meta name=\"twitter:data2\" content=\"6 minutes\" \/>\n<script type=\"application\/ld+json\" class=\"yoast-schema-graph\">{\"@context\":\"https:\/\/schema.org\",\"@graph\":[{\"@type\":\"Article\",\"@id\":\"https:\/\/www.latitude-15.com\/fr\/trafic-en-hausse-avions-en-retard-pourquoi-les-compagnies-reevaluent-le-120-150-sieges\/#article\",\"isPartOf\":{\"@id\":\"https:\/\/www.latitude-15.com\/fr\/trafic-en-hausse-avions-en-retard-pourquoi-les-compagnies-reevaluent-le-120-150-sieges\/\"},\"author\":{\"name\":\"Sabrina AJ\",\"@id\":\"https:\/\/www.latitude-15.com\/fr\/#\/schema\/person\/91c01ae4c368ed9f103739b76d543e81\"},\"headline\":\"Trafic en hausse, avions en retard : pourquoi les compagnies r\u00e9\u00e9valuent le 120\u2013150 si\u00e8ges ?\",\"datePublished\":\"2026-02-05T14:13:18+00:00\",\"dateModified\":\"2026-02-05T14:25:19+00:00\",\"mainEntityOfPage\":{\"@id\":\"https:\/\/www.latitude-15.com\/fr\/trafic-en-hausse-avions-en-retard-pourquoi-les-compagnies-reevaluent-le-120-150-sieges\/\"},\"wordCount\":1318,\"commentCount\":0,\"publisher\":{\"@id\":\"https:\/\/www.latitude-15.com\/fr\/#organization\"},\"image\":{\"@id\":\"https:\/\/www.latitude-15.com\/fr\/trafic-en-hausse-avions-en-retard-pourquoi-les-compagnies-reevaluent-le-120-150-sieges\/#primaryimage\"},\"thumbnailUrl\":\"https:\/\/www.latitude-15.com\/wp-content\/uploads\/2026\/02\/united-CRJ550-first-class-2.jpg\",\"articleSection\":[\"AVIATION\",\"Connectivit\u00e9 a\u00e9rienne et Attractivit\u00e9 territoriale\"],\"inLanguage\":\"fr-FR\",\"potentialAction\":[{\"@type\":\"CommentAction\",\"name\":\"Comment\",\"target\":[\"https:\/\/www.latitude-15.com\/fr\/trafic-en-hausse-avions-en-retard-pourquoi-les-compagnies-reevaluent-le-120-150-sieges\/#respond\"]}]},{\"@type\":\"WebPage\",\"@id\":\"https:\/\/www.latitude-15.com\/fr\/trafic-en-hausse-avions-en-retard-pourquoi-les-compagnies-reevaluent-le-120-150-sieges\/\",\"url\":\"https:\/\/www.latitude-15.com\/fr\/trafic-en-hausse-avions-en-retard-pourquoi-les-compagnies-reevaluent-le-120-150-sieges\/\",\"name\":\"Trafic en hausse, avions en retard : pourquoi les compagnies r\u00e9\u00e9valuent le 120\u2013150 si\u00e8ges ? - LATITUDE 15\",\"isPartOf\":{\"@id\":\"https:\/\/www.latitude-15.com\/fr\/#website\"},\"primaryImageOfPage\":{\"@id\":\"https:\/\/www.latitude-15.com\/fr\/trafic-en-hausse-avions-en-retard-pourquoi-les-compagnies-reevaluent-le-120-150-sieges\/#primaryimage\"},\"image\":{\"@id\":\"https:\/\/www.latitude-15.com\/fr\/trafic-en-hausse-avions-en-retard-pourquoi-les-compagnies-reevaluent-le-120-150-sieges\/#primaryimage\"},\"thumbnailUrl\":\"https:\/\/www.latitude-15.com\/wp-content\/uploads\/2026\/02\/united-CRJ550-first-class-2.jpg\",\"datePublished\":\"2026-02-05T14:13:18+00:00\",\"dateModified\":\"2026-02-05T14:25:19+00:00\",\"breadcrumb\":{\"@id\":\"https:\/\/www.latitude-15.com\/fr\/trafic-en-hausse-avions-en-retard-pourquoi-les-compagnies-reevaluent-le-120-150-sieges\/#breadcrumb\"},\"inLanguage\":\"fr-FR\",\"potentialAction\":[{\"@type\":\"ReadAction\",\"target\":[\"https:\/\/www.latitude-15.com\/fr\/trafic-en-hausse-avions-en-retard-pourquoi-les-compagnies-reevaluent-le-120-150-sieges\/\"]}]},{\"@type\":\"ImageObject\",\"inLanguage\":\"fr-FR\",\"@id\":\"https:\/\/www.latitude-15.com\/fr\/trafic-en-hausse-avions-en-retard-pourquoi-les-compagnies-reevaluent-le-120-150-sieges\/#primaryimage\",\"url\":\"https:\/\/www.latitude-15.com\/wp-content\/uploads\/2026\/02\/united-CRJ550-first-class-2.jpg\",\"contentUrl\":\"https:\/\/www.latitude-15.com\/wp-content\/uploads\/2026\/02\/united-CRJ550-first-class-2.jpg\",\"width\":800,\"height\":600},{\"@type\":\"BreadcrumbList\",\"@id\":\"https:\/\/www.latitude-15.com\/fr\/trafic-en-hausse-avions-en-retard-pourquoi-les-compagnies-reevaluent-le-120-150-sieges\/#breadcrumb\",\"itemListElement\":[{\"@type\":\"ListItem\",\"position\":1,\"name\":\"Home\",\"item\":\"https:\/\/www.latitude-15.com\/fr\/accueil\/\"},{\"@type\":\"ListItem\",\"position\":2,\"name\":\"Trafic en hausse, avions en retard : pourquoi les compagnies r\u00e9\u00e9valuent le 120\u2013150 si\u00e8ges ?\"}]},{\"@type\":\"WebSite\",\"@id\":\"https:\/\/www.latitude-15.com\/fr\/#website\",\"url\":\"https:\/\/www.latitude-15.com\/fr\/\",\"name\":\"LATITUDE 15\",\"description\":\"Aviation and maritime Magazine - Caribbean &amp; Latin America\",\"publisher\":{\"@id\":\"https:\/\/www.latitude-15.com\/fr\/#organization\"},\"potentialAction\":[{\"@type\":\"SearchAction\",\"target\":{\"@type\":\"EntryPoint\",\"urlTemplate\":\"https:\/\/www.latitude-15.com\/fr\/?s={search_term_string}\"},\"query-input\":{\"@type\":\"PropertyValueSpecification\",\"valueRequired\":true,\"valueName\":\"search_term_string\"}}],\"inLanguage\":\"fr-FR\"},{\"@type\":\"Organization\",\"@id\":\"https:\/\/www.latitude-15.com\/fr\/#organization\",\"name\":\"LATITUDE 15\",\"url\":\"https:\/\/www.latitude-15.com\/fr\/\",\"logo\":{\"@type\":\"ImageObject\",\"inLanguage\":\"fr-FR\",\"@id\":\"https:\/\/www.latitude-15.com\/fr\/#\/schema\/logo\/image\/\",\"url\":\"https:\/\/www.latitude-15.com\/wp-content\/uploads\/2026\/01\/cropped-logox500px.png\",\"contentUrl\":\"https:\/\/www.latitude-15.com\/wp-content\/uploads\/2026\/01\/cropped-logox500px.png\",\"width\":62,\"height\":75,\"caption\":\"LATITUDE 15\"},\"image\":{\"@id\":\"https:\/\/www.latitude-15.com\/fr\/#\/schema\/logo\/image\/\"}},{\"@type\":\"Person\",\"@id\":\"https:\/\/www.latitude-15.com\/fr\/#\/schema\/person\/91c01ae4c368ed9f103739b76d543e81\",\"name\":\"Sabrina AJ\",\"image\":{\"@type\":\"ImageObject\",\"inLanguage\":\"fr-FR\",\"@id\":\"https:\/\/www.latitude-15.com\/fr\/#\/schema\/person\/image\/\",\"url\":\"https:\/\/secure.gravatar.com\/avatar\/dda9448c6244bb57751d852e57ef360ef337e5fed6f7146091bc3c71fa25c72b?s=96&d=mm&r=g\",\"contentUrl\":\"https:\/\/secure.gravatar.com\/avatar\/dda9448c6244bb57751d852e57ef360ef337e5fed6f7146091bc3c71fa25c72b?s=96&d=mm&r=g\",\"caption\":\"Sabrina AJ\"},\"url\":\"https:\/\/www.latitude-15.com\/fr\/author\/sajax\/\"}]}<\/script>\n<!-- \/ Yoast SEO plugin. -->","yoast_head_json":{"title":"Trafic en hausse, avions en retard : pourquoi les compagnies r\u00e9\u00e9valuent le 120\u2013150 si\u00e8ges ? - LATITUDE 15","robots":{"index":"index","follow":"follow","max-snippet":"max-snippet:-1","max-image-preview":"max-image-preview:large","max-video-preview":"max-video-preview:-1"},"canonical":"https:\/\/www.latitude-15.com\/fr\/trafic-en-hausse-avions-en-retard-pourquoi-les-compagnies-reevaluent-le-120-150-sieges\/","og_locale":"fr_FR","og_type":"article","og_title":"Trafic en hausse, avions en retard : pourquoi les compagnies r\u00e9\u00e9valuent le 120\u2013150 si\u00e8ges ? - LATITUDE 15","og_description":"Apr\u00e8s la phase de rattrapage post-pand\u00e9mie, le march\u00e9 a\u00e9rien entre dans une s\u00e9quence plus contrainte, o\u00f9 la demande continue de progresser mais \u00e0 un rythme d\u00e9sormais plus pr\u00e9visible. En parall\u00e8le, les tensions industrielles persistent et limitent les marges d\u2019ajustement des compagnies. Dans ce contexte, le segment interm\u00e9diaire des avions de ligne \u00e0 r\u00e9action de 120 [&hellip;]","og_url":"https:\/\/www.latitude-15.com\/fr\/trafic-en-hausse-avions-en-retard-pourquoi-les-compagnies-reevaluent-le-120-150-sieges\/","og_site_name":"LATITUDE 15","article_published_time":"2026-02-05T14:13:18+00:00","article_modified_time":"2026-02-05T14:25:19+00:00","og_image":[{"width":800,"height":600,"url":"https:\/\/www.latitude-15.com\/wp-content\/uploads\/2026\/02\/united-CRJ550-first-class-2.jpg","type":"image\/jpeg"}],"author":"Sabrina AJ","twitter_card":"summary_large_image","twitter_misc":{"\u00c9crit par":"Sabrina AJ","Dur\u00e9e de lecture estim\u00e9e":"6 minutes"},"schema":{"@context":"https:\/\/schema.org","@graph":[{"@type":"Article","@id":"https:\/\/www.latitude-15.com\/fr\/trafic-en-hausse-avions-en-retard-pourquoi-les-compagnies-reevaluent-le-120-150-sieges\/#article","isPartOf":{"@id":"https:\/\/www.latitude-15.com\/fr\/trafic-en-hausse-avions-en-retard-pourquoi-les-compagnies-reevaluent-le-120-150-sieges\/"},"author":{"name":"Sabrina AJ","@id":"https:\/\/www.latitude-15.com\/fr\/#\/schema\/person\/91c01ae4c368ed9f103739b76d543e81"},"headline":"Trafic en hausse, avions en retard : pourquoi les compagnies r\u00e9\u00e9valuent le 120\u2013150 si\u00e8ges ?","datePublished":"2026-02-05T14:13:18+00:00","dateModified":"2026-02-05T14:25:19+00:00","mainEntityOfPage":{"@id":"https:\/\/www.latitude-15.com\/fr\/trafic-en-hausse-avions-en-retard-pourquoi-les-compagnies-reevaluent-le-120-150-sieges\/"},"wordCount":1318,"commentCount":0,"publisher":{"@id":"https:\/\/www.latitude-15.com\/fr\/#organization"},"image":{"@id":"https:\/\/www.latitude-15.com\/fr\/trafic-en-hausse-avions-en-retard-pourquoi-les-compagnies-reevaluent-le-120-150-sieges\/#primaryimage"},"thumbnailUrl":"https:\/\/www.latitude-15.com\/wp-content\/uploads\/2026\/02\/united-CRJ550-first-class-2.jpg","articleSection":["AVIATION","Connectivit\u00e9 a\u00e9rienne et Attractivit\u00e9 territoriale"],"inLanguage":"fr-FR","potentialAction":[{"@type":"CommentAction","name":"Comment","target":["https:\/\/www.latitude-15.com\/fr\/trafic-en-hausse-avions-en-retard-pourquoi-les-compagnies-reevaluent-le-120-150-sieges\/#respond"]}]},{"@type":"WebPage","@id":"https:\/\/www.latitude-15.com\/fr\/trafic-en-hausse-avions-en-retard-pourquoi-les-compagnies-reevaluent-le-120-150-sieges\/","url":"https:\/\/www.latitude-15.com\/fr\/trafic-en-hausse-avions-en-retard-pourquoi-les-compagnies-reevaluent-le-120-150-sieges\/","name":"Trafic en hausse, avions en retard : pourquoi les compagnies r\u00e9\u00e9valuent le 120\u2013150 si\u00e8ges ? - LATITUDE 15","isPartOf":{"@id":"https:\/\/www.latitude-15.com\/fr\/#website"},"primaryImageOfPage":{"@id":"https:\/\/www.latitude-15.com\/fr\/trafic-en-hausse-avions-en-retard-pourquoi-les-compagnies-reevaluent-le-120-150-sieges\/#primaryimage"},"image":{"@id":"https:\/\/www.latitude-15.com\/fr\/trafic-en-hausse-avions-en-retard-pourquoi-les-compagnies-reevaluent-le-120-150-sieges\/#primaryimage"},"thumbnailUrl":"https:\/\/www.latitude-15.com\/wp-content\/uploads\/2026\/02\/united-CRJ550-first-class-2.jpg","datePublished":"2026-02-05T14:13:18+00:00","dateModified":"2026-02-05T14:25:19+00:00","breadcrumb":{"@id":"https:\/\/www.latitude-15.com\/fr\/trafic-en-hausse-avions-en-retard-pourquoi-les-compagnies-reevaluent-le-120-150-sieges\/#breadcrumb"},"inLanguage":"fr-FR","potentialAction":[{"@type":"ReadAction","target":["https:\/\/www.latitude-15.com\/fr\/trafic-en-hausse-avions-en-retard-pourquoi-les-compagnies-reevaluent-le-120-150-sieges\/"]}]},{"@type":"ImageObject","inLanguage":"fr-FR","@id":"https:\/\/www.latitude-15.com\/fr\/trafic-en-hausse-avions-en-retard-pourquoi-les-compagnies-reevaluent-le-120-150-sieges\/#primaryimage","url":"https:\/\/www.latitude-15.com\/wp-content\/uploads\/2026\/02\/united-CRJ550-first-class-2.jpg","contentUrl":"https:\/\/www.latitude-15.com\/wp-content\/uploads\/2026\/02\/united-CRJ550-first-class-2.jpg","width":800,"height":600},{"@type":"BreadcrumbList","@id":"https:\/\/www.latitude-15.com\/fr\/trafic-en-hausse-avions-en-retard-pourquoi-les-compagnies-reevaluent-le-120-150-sieges\/#breadcrumb","itemListElement":[{"@type":"ListItem","position":1,"name":"Home","item":"https:\/\/www.latitude-15.com\/fr\/accueil\/"},{"@type":"ListItem","position":2,"name":"Trafic en hausse, avions en retard : pourquoi les compagnies r\u00e9\u00e9valuent le 120\u2013150 si\u00e8ges ?"}]},{"@type":"WebSite","@id":"https:\/\/www.latitude-15.com\/fr\/#website","url":"https:\/\/www.latitude-15.com\/fr\/","name":"LATITUDE 15","description":"Aviation and maritime Magazine - Caribbean &amp; Latin America","publisher":{"@id":"https:\/\/www.latitude-15.com\/fr\/#organization"},"potentialAction":[{"@type":"SearchAction","target":{"@type":"EntryPoint","urlTemplate":"https:\/\/www.latitude-15.com\/fr\/?s={search_term_string}"},"query-input":{"@type":"PropertyValueSpecification","valueRequired":true,"valueName":"search_term_string"}}],"inLanguage":"fr-FR"},{"@type":"Organization","@id":"https:\/\/www.latitude-15.com\/fr\/#organization","name":"LATITUDE 15","url":"https:\/\/www.latitude-15.com\/fr\/","logo":{"@type":"ImageObject","inLanguage":"fr-FR","@id":"https:\/\/www.latitude-15.com\/fr\/#\/schema\/logo\/image\/","url":"https:\/\/www.latitude-15.com\/wp-content\/uploads\/2026\/01\/cropped-logox500px.png","contentUrl":"https:\/\/www.latitude-15.com\/wp-content\/uploads\/2026\/01\/cropped-logox500px.png","width":62,"height":75,"caption":"LATITUDE 15"},"image":{"@id":"https:\/\/www.latitude-15.com\/fr\/#\/schema\/logo\/image\/"}},{"@type":"Person","@id":"https:\/\/www.latitude-15.com\/fr\/#\/schema\/person\/91c01ae4c368ed9f103739b76d543e81","name":"Sabrina AJ","image":{"@type":"ImageObject","inLanguage":"fr-FR","@id":"https:\/\/www.latitude-15.com\/fr\/#\/schema\/person\/image\/","url":"https:\/\/secure.gravatar.com\/avatar\/dda9448c6244bb57751d852e57ef360ef337e5fed6f7146091bc3c71fa25c72b?s=96&d=mm&r=g","contentUrl":"https:\/\/secure.gravatar.com\/avatar\/dda9448c6244bb57751d852e57ef360ef337e5fed6f7146091bc3c71fa25c72b?s=96&d=mm&r=g","caption":"Sabrina AJ"},"url":"https:\/\/www.latitude-15.com\/fr\/author\/sajax\/"}]}},"_links":{"self":[{"href":"https:\/\/www.latitude-15.com\/fr\/wp-json\/wp\/v2\/posts\/20029","targetHints":{"allow":["GET"]}}],"collection":[{"href":"https:\/\/www.latitude-15.com\/fr\/wp-json\/wp\/v2\/posts"}],"about":[{"href":"https:\/\/www.latitude-15.com\/fr\/wp-json\/wp\/v2\/types\/post"}],"author":[{"embeddable":true,"href":"https:\/\/www.latitude-15.com\/fr\/wp-json\/wp\/v2\/users\/4"}],"replies":[{"embeddable":true,"href":"https:\/\/www.latitude-15.com\/fr\/wp-json\/wp\/v2\/comments?post=20029"}],"version-history":[{"count":2,"href":"https:\/\/www.latitude-15.com\/fr\/wp-json\/wp\/v2\/posts\/20029\/revisions"}],"predecessor-version":[{"id":20039,"href":"https:\/\/www.latitude-15.com\/fr\/wp-json\/wp\/v2\/posts\/20029\/revisions\/20039"}],"wp:featuredmedia":[{"embeddable":true,"href":"https:\/\/www.latitude-15.com\/fr\/wp-json\/wp\/v2\/media\/20031"}],"wp:attachment":[{"href":"https:\/\/www.latitude-15.com\/fr\/wp-json\/wp\/v2\/media?parent=20029"}],"wp:term":[{"taxonomy":"category","embeddable":true,"href":"https:\/\/www.latitude-15.com\/fr\/wp-json\/wp\/v2\/categories?post=20029"},{"taxonomy":"post_tag","embeddable":true,"href":"https:\/\/www.latitude-15.com\/fr\/wp-json\/wp\/v2\/tags?post=20029"}],"curies":[{"name":"wp","href":"https:\/\/api.w.org\/{rel}","templated":true}]}}