{"id":19918,"date":"2026-01-30T16:16:51","date_gmt":"2026-01-30T20:16:51","guid":{"rendered":"https:\/\/www.latitude-15.com\/?p=19918"},"modified":"2026-02-04T16:47:28","modified_gmt":"2026-02-04T20:47:28","slug":"fret-aerien-un-marche-mondial-en-equilibre-une-equation-plus-tendue-pour-lamerique-latine","status":"publish","type":"post","link":"https:\/\/www.latitude-15.com\/fr\/fret-aerien-un-marche-mondial-en-equilibre-une-equation-plus-tendue-pour-lamerique-latine\/","title":{"rendered":"Fret a\u00e9rien : un march\u00e9 mondial en \u00e9quilibre, une \u00e9quation plus tendue pour l\u2019Am\u00e9rique latine"},"content":{"rendered":"\n<p>En 2025, le fret a\u00e9rien mondial a confirm\u00e9 sa capacit\u00e9 d\u2019adaptation dans un environnement \u00e9conomique et commercial encore instable. Les volumes atteignent un niveau record, port\u00e9s par la solidit\u00e9 de l\u2019e-commerce, la r\u00e9organisation des cha\u00eenes logistiques et la n\u00e9cessit\u00e9 croissante de solutions de transport rapides pour les marchandises \u00e0 forte valeur ajout\u00e9e. Mais derri\u00e8re cette performance globale, les dynamiques r\u00e9gionales divergent nettement. En Am\u00e9rique latine et dans la Cara\u00efbe, la croissance existe, mais elle s\u2019accompagne de tensions structurelles qui interrogent les choix op\u00e9rationnels des acteurs du secteur.<\/p>\n\n\n\n<p>\u2014<\/p>\n\n\n\n<p>En bref :&nbsp;<\/p>\n\n\n\n<ul class=\"wp-block-list\">\n<li>En 2025, le fret a\u00e9rien mondial atteint un volume record, port\u00e9 par l\u2019e-commerce et la r\u00e9organisation des cha\u00eenes logistiques, mais dans un contexte de normalisation des march\u00e9s.<\/li>\n\n\n\n<li>En Am\u00e9rique latine et dans la Cara\u00efbe, la demande progresse sur l\u2019ann\u00e9e, tout en montrant des signes de fragilit\u00e9 en fin d\u2019exercice, avec une capacit\u00e9 qui augmente plus vite que les volumes transport\u00e9s.<\/li>\n\n\n\n<li>Dans un environnement de recomposition des corridors mondiaux, la performance des acteurs r\u00e9gionaux repose d\u00e9sormais sur des arbitrages fins en mati\u00e8re de capacit\u00e9, de r\u00e9seaux et de sp\u00e9cialisation cargo.<\/li>\n<\/ul>\n\n\n\n<p>\u2014<\/p>\n\n\n\n<figure class=\"wp-block-image size-full\"><img fetchpriority=\"high\" decoding=\"async\" width=\"1000\" height=\"668\" src=\"https:\/\/www.latitude-15.com\/wp-content\/uploads\/2026\/02\/image-1.png\" alt=\"\" class=\"wp-image-19922\" srcset=\"https:\/\/www.latitude-15.com\/wp-content\/uploads\/2026\/02\/image-1.png 1000w, https:\/\/www.latitude-15.com\/wp-content\/uploads\/2026\/02\/image-1-300x200.png 300w, https:\/\/www.latitude-15.com\/wp-content\/uploads\/2026\/02\/image-1-768x513.png 768w\" sizes=\"(max-width: 1000px) 100vw, 1000px\" \/><\/figure>\n\n\n\n<h2 class=\"wp-block-heading\">Un march\u00e9 mondial solide, mais entr\u00e9 dans une phase de normalisation<\/h2>\n\n\n\n<p>Les chiffres de l\u2019ann\u00e9e 2025 traduisent avant tout un retour \u00e0 l\u2019\u00e9quilibre. La demande mondiale de fret a\u00e9rien progresse de 3,4 % sur l\u2019ensemble de l\u2019ann\u00e9e, tandis que la capacit\u00e9 augmente de 3,7 %. L\u2019\u00e9cart reste faible, signe que le march\u00e9 absorbe encore l\u2019offre suppl\u00e9mentaire sans recr\u00e9er les d\u00e9s\u00e9quilibres extr\u00eames observ\u00e9s durant la p\u00e9riode post-Covid.<\/p>\n\n\n\n<p>Cette dynamique marque une rupture avec les ann\u00e9es de rattrapage exceptionnel. Le fret a\u00e9rien n\u2019est plus port\u00e9 par un choc exog\u00e8ne, mais par des facteurs structurels plus classiques : \u00e9changes internationaux, e-commerce transfrontalier, besoins logistiques li\u00e9s \u00e0 la fragmentation des cha\u00eenes de production.&nbsp;<\/p>\n\n\n\n<p>Les rendements poursuivent leur ajustement \u00e0 la baisse, avec un recul annuel limit\u00e9 \u00e0 1,5 %. Cette correction reste contenue et surtout tr\u00e8s relative, puisque les yields demeurent largement sup\u00e9rieurs aux niveaux de 2019.&nbsp;<\/p>\n\n\n\n<p>Pour les op\u00e9rateurs, le signal est clair : le march\u00e9 ne s\u2019effondre pas, mais il exige d\u00e9sormais une gestion plus fine des capacit\u00e9s et des r\u00e9seaux.<\/p>\n\n\n\n<h2 class=\"wp-block-heading\">Am\u00e9rique latine et Cara\u00efbe : une croissance annuelle r\u00e9elle, mais fragilis\u00e9e<\/h2>\n\n\n\n<p>Dans ce contexte globalement stable, l\u2019Am\u00e9rique latine et la Cara\u00efbe affichent une progression annuelle de la demande de 2,3 % en 2025. Ce chiffre, pris isol\u00e9ment, confirme que la r\u00e9gion reste int\u00e9gr\u00e9e aux flux mondiaux et b\u00e9n\u00e9ficie encore de certains moteurs structurels, notamment l\u2019exportation de produits agricoles, pharmaceutiques ou \u00e0 forte contrainte de temps.<\/p>\n\n\n\n<p>Cependant, la trajectoire intra-annuelle est plus contrast\u00e9e. Apr\u00e8s un premier semestre relativement dynamique, la seconde moiti\u00e9 de l\u2019ann\u00e9e se r\u00e9v\u00e8le nettement plus difficile. En d\u00e9cembre, la r\u00e9gion enregistre un recul marqu\u00e9 de la demande, alors m\u00eame que la plupart des autres zones poursuivent leur progression. Cette contre-performance de fin d\u2019ann\u00e9e n\u2019est pas anecdotique : elle met en lumi\u00e8re une vuln\u00e9rabilit\u00e9 accrue face aux recompositions des flux internationaux.<\/p>\n\n\n\n<p>Dans le m\u00eame temps, la capacit\u00e9 continue de progresser \u00e0 un rythme sup\u00e9rieur \u00e0 celui de la demande. R\u00e9sultat : les taux de remplissage reculent, tombant \u00e0 des niveaux sensiblement inf\u00e9rieurs \u00e0 la moyenne mondiale. Pour les compagnies et les op\u00e9rateurs cargo de la r\u00e9gion, la question n\u2019est donc pas celle de la croissance brute, mais bien celle de la soutenabilit\u00e9 \u00e9conomique des op\u00e9rations.<\/p>\n\n\n\n<figure class=\"wp-block-image size-large\"><img decoding=\"async\" width=\"1024\" height=\"576\" data-src=\"https:\/\/www.latitude-15.com\/wp-content\/uploads\/2026\/02\/image-1024x576.png\" alt=\"\" class=\"wp-image-19920 lazyload\" data-srcset=\"https:\/\/www.latitude-15.com\/wp-content\/uploads\/2026\/02\/image-1024x576.png 1024w, https:\/\/www.latitude-15.com\/wp-content\/uploads\/2026\/02\/image-300x169.png 300w, https:\/\/www.latitude-15.com\/wp-content\/uploads\/2026\/02\/image-768x432.png 768w, https:\/\/www.latitude-15.com\/wp-content\/uploads\/2026\/02\/image-1536x864.png 1536w, https:\/\/www.latitude-15.com\/wp-content\/uploads\/2026\/02\/image-2048x1152.png 2048w, https:\/\/www.latitude-15.com\/wp-content\/uploads\/2026\/02\/image-1320x743.png 1320w\" data-sizes=\"(max-width: 1024px) 100vw, 1024px\" src=\"data:image\/svg+xml;base64,PHN2ZyB3aWR0aD0iMSIgaGVpZ2h0PSIxIiB4bWxucz0iaHR0cDovL3d3dy53My5vcmcvMjAwMC9zdmciPjwvc3ZnPg==\" style=\"--smush-placeholder-width: 1024px; --smush-placeholder-aspect-ratio: 1024\/576;\" \/><\/figure>\n\n\n\n<h2 class=\"wp-block-heading\">Capacit\u00e9 et rentabilit\u00e9 : le c\u0153ur des arbitrages pour les op\u00e9rateurs<\/h2>\n\n\n\n<p>Cette divergence entre l\u2019\u00e9volution de l\u2019offre et celle de la demande place les acteurs latino-carib\u00e9ens face \u00e0 une \u00e9quation plus complexe. Dans un march\u00e9 mondial d\u00e9sormais normalis\u00e9, la simple augmentation de capacit\u00e9 ne garantit plus la cr\u00e9ation de valeur. Au contraire, elle peut accentuer la pression sur les marges lorsque les volumes ne suivent pas.<\/p>\n\n\n\n<p>Le d\u00e9bat se d\u00e9place ainsi vers l\u2019allocation optimale des ressources. Le retour progressif des capacit\u00e9s passagers redonne de l\u2019importance au belly cargo, qui capte une part croissante de la demande marginale. Les freighters, toujours centraux dans le fret international, voient leur d\u00e9ploiement devenir plus s\u00e9lectif, en fonction des corridors et des perspectives de rendement.<\/p>\n\n\n\n<p>Pour les compagnies de la r\u00e9gion, ces \u00e9volutions impliquent des choix structurants : ajuster les fr\u00e9quences, cibler les flux les plus r\u00e9silients, renforcer les partenariats interr\u00e9gionaux, voire se repositionner sur des segments de niche o\u00f9 la contrainte de temps prime sur le co\u00fbt. Le fret a\u00e9rien cesse d\u2019\u00eatre un simple volume d\u2019appoint ; il devient un levier strat\u00e9gique \u00e0 part enti\u00e8re.<\/p>\n\n\n\n<h2 class=\"wp-block-heading\">Recomposition des corridors mondiaux : un environnement moins favorable<\/h2>\n\n\n\n<p>Cette pression s\u2019explique aussi par la transformation rapide des grands axes du commerce a\u00e9rien. En 2025, les flux mondiaux se d\u00e9placent progressivement vers des corridors jug\u00e9s plus r\u00e9silients, notamment entre l\u2019Europe et l\u2019Asie, ou \u00e0 l\u2019int\u00e9rieur m\u00eame du continent asiatique. \u00c0 l\u2019inverse, certains axes historiquement dominants perdent du terrain sous l\u2019effet combin\u00e9 des tensions commerciales, des politiques tarifaires et de la red\u00e9finition des cha\u00eenes d\u2019approvisionnement.<\/p>\n\n\n\n<p>Pour l\u2019Am\u00e9rique latine et la Cara\u00efbe, cette recomposition signifie une perte relative de centralit\u00e9 dans les grands flux intercontinentaux. La r\u00e9gion n\u2019est pas marginalis\u00e9e, mais elle doit composer avec un environnement o\u00f9 la concurrence entre corridors est plus forte et o\u00f9 la d\u00e9pendance \u00e0 quelques routes cl\u00e9s devient un facteur de risque.<\/p>\n\n\n\n<p>Dans ce contexte, la sp\u00e9cialisation prend une importance croissante. Produits p\u00e9rissables, fret pharmaceutique, express r\u00e9gional, e-commerce cibl\u00e9 : autant de segments o\u00f9 le fret a\u00e9rien conserve un avantage comparatif fort et o\u00f9 la valeur ne repose pas uniquement sur les volumes.<\/p>\n\n\n\n<h2 class=\"wp-block-heading\">2026 : une ann\u00e9e de discipline plus que d\u2019expansion<\/h2>\n\n\n\n<p>Les perspectives pour 2026 confirment cette lecture. La croissance mondiale du fret a\u00e9rien devrait ralentir l\u00e9g\u00e8rement, en ligne avec les tendances historiques de long terme. Les incertitudes g\u00e9opolitiques et commerciales continueront de peser sur les \u00e9changes, renfor\u00e7ant l\u2019importance de la flexibilit\u00e9 et de la r\u00e9activit\u00e9 des r\u00e9seaux.<\/p>\n\n\n\n<p>Pour les acteurs de ces r\u00e9gions, l\u2019enjeu n\u2019est pas de suivre m\u00e9caniquement la croissance mondiale, mais de faire des choix clairs. Discipline capacitaire, ciblage des corridors, adaptation du mix cargo, partenariats logistiques : c\u2019est \u00e0 ce niveau que se joue la performance.<\/p>\n\n\n\n<p>Le fret a\u00e9rien demeure un pilier indispensable des cha\u00eenes logistiques mondiales. Mais dans un march\u00e9 d\u00e9sormais \u00e9quilibr\u00e9, la cr\u00e9ation de valeur repose moins sur l\u2019expansion que sur la qualit\u00e9 des arbitrages. Pour les op\u00e9rateurs de la r\u00e9gion, 2025 marque sans doute la fin d\u2019une phase d\u2019ajustement et le d\u00e9but d\u2019un cycle o\u00f9 la strat\u00e9gie primera sur le volume.<\/p>\n\n\n\n<p>\u2014<\/p>\n\n\n\n<p>Source donn\u00e9e : <a href=\"https:\/\/www.iata.org\/en\/pressroom\/2026-releases\/2026-01-29-01\">IATA.org \/ <strong>Press Release No:<\/strong> 4 Date: 29 January 2026<\/a><\/p>\n","protected":false},"excerpt":{"rendered":"<p>En 2025, le fret a\u00e9rien mondial a confirm\u00e9 sa capacit\u00e9 d\u2019adaptation dans un environnement \u00e9conomique et commercial encore instable. Les volumes atteignent un niveau record, port\u00e9s par la solidit\u00e9 de l\u2019e-commerce, la r\u00e9organisation des cha\u00eenes logistiques et la n\u00e9cessit\u00e9 croissante de solutions de transport rapides pour les marchandises \u00e0 forte valeur ajout\u00e9e. Mais derri\u00e8re cette [&hellip;]<\/p>\n","protected":false},"author":4,"featured_media":19921,"comment_status":"open","ping_status":"open","sticky":false,"template":"","format":"standard","meta":{"footnotes":""},"categories":[97,100],"tags":[],"class_list":["post-19918","post","type-post","status-publish","format-standard","has-post-thumbnail","hentry","category-aviation-fr","category-connectivite-aerienne-et-attractivite-territoriale"],"yoast_head":"<!-- This site is optimized with the Yoast SEO plugin v26.9 - https:\/\/yoast.com\/product\/yoast-seo-wordpress\/ -->\n<title>Fret a\u00e9rien : un march\u00e9 mondial en \u00e9quilibre, une \u00e9quation plus tendue pour l\u2019Am\u00e9rique latine - LATITUDE 15<\/title>\n<meta name=\"robots\" content=\"index, follow, max-snippet:-1, max-image-preview:large, max-video-preview:-1\" \/>\n<link rel=\"canonical\" href=\"https:\/\/www.latitude-15.com\/fr\/fret-aerien-un-marche-mondial-en-equilibre-une-equation-plus-tendue-pour-lamerique-latine\/\" \/>\n<meta property=\"og:locale\" content=\"fr_FR\" \/>\n<meta property=\"og:type\" content=\"article\" \/>\n<meta property=\"og:title\" content=\"Fret a\u00e9rien : un march\u00e9 mondial en \u00e9quilibre, une \u00e9quation plus tendue pour l\u2019Am\u00e9rique latine - LATITUDE 15\" \/>\n<meta property=\"og:description\" content=\"En 2025, le fret a\u00e9rien mondial a confirm\u00e9 sa capacit\u00e9 d\u2019adaptation dans un environnement \u00e9conomique et commercial encore instable. Les volumes atteignent un niveau record, port\u00e9s par la solidit\u00e9 de l\u2019e-commerce, la r\u00e9organisation des cha\u00eenes logistiques et la n\u00e9cessit\u00e9 croissante de solutions de transport rapides pour les marchandises \u00e0 forte valeur ajout\u00e9e. Mais derri\u00e8re cette [&hellip;]\" \/>\n<meta property=\"og:url\" content=\"https:\/\/www.latitude-15.com\/fr\/fret-aerien-un-marche-mondial-en-equilibre-une-equation-plus-tendue-pour-lamerique-latine\/\" \/>\n<meta property=\"og:site_name\" content=\"LATITUDE 15\" \/>\n<meta property=\"article:published_time\" content=\"2026-01-30T20:16:51+00:00\" \/>\n<meta property=\"article:modified_time\" content=\"2026-02-04T20:47:28+00:00\" \/>\n<meta property=\"og:image\" content=\"https:\/\/www.latitude-15.com\/wp-content\/uploads\/2026\/02\/ChatGPT-Image-4-fevr.-2026-16_11_57-1024x683.png\" \/>\n\t<meta property=\"og:image:width\" content=\"1024\" \/>\n\t<meta property=\"og:image:height\" content=\"683\" \/>\n\t<meta property=\"og:image:type\" content=\"image\/png\" \/>\n<meta name=\"author\" content=\"Sabrina AJ\" \/>\n<meta name=\"twitter:card\" content=\"summary_large_image\" \/>\n<meta name=\"twitter:label1\" content=\"\u00c9crit par\" \/>\n\t<meta name=\"twitter:data1\" content=\"Sabrina AJ\" \/>\n\t<meta name=\"twitter:label2\" content=\"Dur\u00e9e de lecture estim\u00e9e\" \/>\n\t<meta name=\"twitter:data2\" content=\"6 minutes\" \/>\n<script type=\"application\/ld+json\" class=\"yoast-schema-graph\">{\"@context\":\"https:\/\/schema.org\",\"@graph\":[{\"@type\":\"Article\",\"@id\":\"https:\/\/www.latitude-15.com\/fr\/fret-aerien-un-marche-mondial-en-equilibre-une-equation-plus-tendue-pour-lamerique-latine\/#article\",\"isPartOf\":{\"@id\":\"https:\/\/www.latitude-15.com\/fr\/fret-aerien-un-marche-mondial-en-equilibre-une-equation-plus-tendue-pour-lamerique-latine\/\"},\"author\":{\"name\":\"Sabrina AJ\",\"@id\":\"https:\/\/www.latitude-15.com\/fr\/#\/schema\/person\/91c01ae4c368ed9f103739b76d543e81\"},\"headline\":\"Fret a\u00e9rien : un march\u00e9 mondial en \u00e9quilibre, une \u00e9quation plus tendue pour l\u2019Am\u00e9rique latine\",\"datePublished\":\"2026-01-30T20:16:51+00:00\",\"dateModified\":\"2026-02-04T20:47:28+00:00\",\"mainEntityOfPage\":{\"@id\":\"https:\/\/www.latitude-15.com\/fr\/fret-aerien-un-marche-mondial-en-equilibre-une-equation-plus-tendue-pour-lamerique-latine\/\"},\"wordCount\":1205,\"commentCount\":0,\"publisher\":{\"@id\":\"https:\/\/www.latitude-15.com\/fr\/#organization\"},\"image\":{\"@id\":\"https:\/\/www.latitude-15.com\/fr\/fret-aerien-un-marche-mondial-en-equilibre-une-equation-plus-tendue-pour-lamerique-latine\/#primaryimage\"},\"thumbnailUrl\":\"https:\/\/www.latitude-15.com\/wp-content\/uploads\/2026\/02\/ChatGPT-Image-4-fevr.-2026-16_11_57.png\",\"articleSection\":[\"AVIATION\",\"Connectivit\u00e9 a\u00e9rienne et Attractivit\u00e9 territoriale\"],\"inLanguage\":\"fr-FR\",\"potentialAction\":[{\"@type\":\"CommentAction\",\"name\":\"Comment\",\"target\":[\"https:\/\/www.latitude-15.com\/fr\/fret-aerien-un-marche-mondial-en-equilibre-une-equation-plus-tendue-pour-lamerique-latine\/#respond\"]}]},{\"@type\":\"WebPage\",\"@id\":\"https:\/\/www.latitude-15.com\/fr\/fret-aerien-un-marche-mondial-en-equilibre-une-equation-plus-tendue-pour-lamerique-latine\/\",\"url\":\"https:\/\/www.latitude-15.com\/fr\/fret-aerien-un-marche-mondial-en-equilibre-une-equation-plus-tendue-pour-lamerique-latine\/\",\"name\":\"Fret a\u00e9rien : un march\u00e9 mondial en \u00e9quilibre, une \u00e9quation plus tendue pour l\u2019Am\u00e9rique latine - LATITUDE 15\",\"isPartOf\":{\"@id\":\"https:\/\/www.latitude-15.com\/fr\/#website\"},\"primaryImageOfPage\":{\"@id\":\"https:\/\/www.latitude-15.com\/fr\/fret-aerien-un-marche-mondial-en-equilibre-une-equation-plus-tendue-pour-lamerique-latine\/#primaryimage\"},\"image\":{\"@id\":\"https:\/\/www.latitude-15.com\/fr\/fret-aerien-un-marche-mondial-en-equilibre-une-equation-plus-tendue-pour-lamerique-latine\/#primaryimage\"},\"thumbnailUrl\":\"https:\/\/www.latitude-15.com\/wp-content\/uploads\/2026\/02\/ChatGPT-Image-4-fevr.-2026-16_11_57.png\",\"datePublished\":\"2026-01-30T20:16:51+00:00\",\"dateModified\":\"2026-02-04T20:47:28+00:00\",\"breadcrumb\":{\"@id\":\"https:\/\/www.latitude-15.com\/fr\/fret-aerien-un-marche-mondial-en-equilibre-une-equation-plus-tendue-pour-lamerique-latine\/#breadcrumb\"},\"inLanguage\":\"fr-FR\",\"potentialAction\":[{\"@type\":\"ReadAction\",\"target\":[\"https:\/\/www.latitude-15.com\/fr\/fret-aerien-un-marche-mondial-en-equilibre-une-equation-plus-tendue-pour-lamerique-latine\/\"]}]},{\"@type\":\"ImageObject\",\"inLanguage\":\"fr-FR\",\"@id\":\"https:\/\/www.latitude-15.com\/fr\/fret-aerien-un-marche-mondial-en-equilibre-une-equation-plus-tendue-pour-lamerique-latine\/#primaryimage\",\"url\":\"https:\/\/www.latitude-15.com\/wp-content\/uploads\/2026\/02\/ChatGPT-Image-4-fevr.-2026-16_11_57.png\",\"contentUrl\":\"https:\/\/www.latitude-15.com\/wp-content\/uploads\/2026\/02\/ChatGPT-Image-4-fevr.-2026-16_11_57.png\",\"width\":1536,\"height\":1024},{\"@type\":\"BreadcrumbList\",\"@id\":\"https:\/\/www.latitude-15.com\/fr\/fret-aerien-un-marche-mondial-en-equilibre-une-equation-plus-tendue-pour-lamerique-latine\/#breadcrumb\",\"itemListElement\":[{\"@type\":\"ListItem\",\"position\":1,\"name\":\"Home\",\"item\":\"https:\/\/www.latitude-15.com\/fr\/accueil\/\"},{\"@type\":\"ListItem\",\"position\":2,\"name\":\"Fret a\u00e9rien : un march\u00e9 mondial en \u00e9quilibre, une \u00e9quation plus tendue pour l\u2019Am\u00e9rique latine\"}]},{\"@type\":\"WebSite\",\"@id\":\"https:\/\/www.latitude-15.com\/fr\/#website\",\"url\":\"https:\/\/www.latitude-15.com\/fr\/\",\"name\":\"LATITUDE 15\",\"description\":\"Aviation and maritime Magazine - Caribbean &amp; Latin America\",\"publisher\":{\"@id\":\"https:\/\/www.latitude-15.com\/fr\/#organization\"},\"potentialAction\":[{\"@type\":\"SearchAction\",\"target\":{\"@type\":\"EntryPoint\",\"urlTemplate\":\"https:\/\/www.latitude-15.com\/fr\/?s={search_term_string}\"},\"query-input\":{\"@type\":\"PropertyValueSpecification\",\"valueRequired\":true,\"valueName\":\"search_term_string\"}}],\"inLanguage\":\"fr-FR\"},{\"@type\":\"Organization\",\"@id\":\"https:\/\/www.latitude-15.com\/fr\/#organization\",\"name\":\"LATITUDE 15\",\"url\":\"https:\/\/www.latitude-15.com\/fr\/\",\"logo\":{\"@type\":\"ImageObject\",\"inLanguage\":\"fr-FR\",\"@id\":\"https:\/\/www.latitude-15.com\/fr\/#\/schema\/logo\/image\/\",\"url\":\"https:\/\/www.latitude-15.com\/wp-content\/uploads\/2026\/01\/cropped-logox500px.png\",\"contentUrl\":\"https:\/\/www.latitude-15.com\/wp-content\/uploads\/2026\/01\/cropped-logox500px.png\",\"width\":62,\"height\":75,\"caption\":\"LATITUDE 15\"},\"image\":{\"@id\":\"https:\/\/www.latitude-15.com\/fr\/#\/schema\/logo\/image\/\"}},{\"@type\":\"Person\",\"@id\":\"https:\/\/www.latitude-15.com\/fr\/#\/schema\/person\/91c01ae4c368ed9f103739b76d543e81\",\"name\":\"Sabrina AJ\",\"image\":{\"@type\":\"ImageObject\",\"inLanguage\":\"fr-FR\",\"@id\":\"https:\/\/www.latitude-15.com\/fr\/#\/schema\/person\/image\/\",\"url\":\"https:\/\/secure.gravatar.com\/avatar\/dda9448c6244bb57751d852e57ef360ef337e5fed6f7146091bc3c71fa25c72b?s=96&d=mm&r=g\",\"contentUrl\":\"https:\/\/secure.gravatar.com\/avatar\/dda9448c6244bb57751d852e57ef360ef337e5fed6f7146091bc3c71fa25c72b?s=96&d=mm&r=g\",\"caption\":\"Sabrina AJ\"},\"url\":\"https:\/\/www.latitude-15.com\/fr\/author\/sajax\/\"}]}<\/script>\n<!-- \/ Yoast SEO plugin. -->","yoast_head_json":{"title":"Fret a\u00e9rien : un march\u00e9 mondial en \u00e9quilibre, une \u00e9quation plus tendue pour l\u2019Am\u00e9rique latine - LATITUDE 15","robots":{"index":"index","follow":"follow","max-snippet":"max-snippet:-1","max-image-preview":"max-image-preview:large","max-video-preview":"max-video-preview:-1"},"canonical":"https:\/\/www.latitude-15.com\/fr\/fret-aerien-un-marche-mondial-en-equilibre-une-equation-plus-tendue-pour-lamerique-latine\/","og_locale":"fr_FR","og_type":"article","og_title":"Fret a\u00e9rien : un march\u00e9 mondial en \u00e9quilibre, une \u00e9quation plus tendue pour l\u2019Am\u00e9rique latine - LATITUDE 15","og_description":"En 2025, le fret a\u00e9rien mondial a confirm\u00e9 sa capacit\u00e9 d\u2019adaptation dans un environnement \u00e9conomique et commercial encore instable. Les volumes atteignent un niveau record, port\u00e9s par la solidit\u00e9 de l\u2019e-commerce, la r\u00e9organisation des cha\u00eenes logistiques et la n\u00e9cessit\u00e9 croissante de solutions de transport rapides pour les marchandises \u00e0 forte valeur ajout\u00e9e. Mais derri\u00e8re cette [&hellip;]","og_url":"https:\/\/www.latitude-15.com\/fr\/fret-aerien-un-marche-mondial-en-equilibre-une-equation-plus-tendue-pour-lamerique-latine\/","og_site_name":"LATITUDE 15","article_published_time":"2026-01-30T20:16:51+00:00","article_modified_time":"2026-02-04T20:47:28+00:00","og_image":[{"width":1024,"height":683,"url":"https:\/\/www.latitude-15.com\/wp-content\/uploads\/2026\/02\/ChatGPT-Image-4-fevr.-2026-16_11_57-1024x683.png","type":"image\/png"}],"author":"Sabrina AJ","twitter_card":"summary_large_image","twitter_misc":{"\u00c9crit par":"Sabrina AJ","Dur\u00e9e de lecture estim\u00e9e":"6 minutes"},"schema":{"@context":"https:\/\/schema.org","@graph":[{"@type":"Article","@id":"https:\/\/www.latitude-15.com\/fr\/fret-aerien-un-marche-mondial-en-equilibre-une-equation-plus-tendue-pour-lamerique-latine\/#article","isPartOf":{"@id":"https:\/\/www.latitude-15.com\/fr\/fret-aerien-un-marche-mondial-en-equilibre-une-equation-plus-tendue-pour-lamerique-latine\/"},"author":{"name":"Sabrina AJ","@id":"https:\/\/www.latitude-15.com\/fr\/#\/schema\/person\/91c01ae4c368ed9f103739b76d543e81"},"headline":"Fret a\u00e9rien : un march\u00e9 mondial en \u00e9quilibre, une \u00e9quation plus tendue pour l\u2019Am\u00e9rique latine","datePublished":"2026-01-30T20:16:51+00:00","dateModified":"2026-02-04T20:47:28+00:00","mainEntityOfPage":{"@id":"https:\/\/www.latitude-15.com\/fr\/fret-aerien-un-marche-mondial-en-equilibre-une-equation-plus-tendue-pour-lamerique-latine\/"},"wordCount":1205,"commentCount":0,"publisher":{"@id":"https:\/\/www.latitude-15.com\/fr\/#organization"},"image":{"@id":"https:\/\/www.latitude-15.com\/fr\/fret-aerien-un-marche-mondial-en-equilibre-une-equation-plus-tendue-pour-lamerique-latine\/#primaryimage"},"thumbnailUrl":"https:\/\/www.latitude-15.com\/wp-content\/uploads\/2026\/02\/ChatGPT-Image-4-fevr.-2026-16_11_57.png","articleSection":["AVIATION","Connectivit\u00e9 a\u00e9rienne et Attractivit\u00e9 territoriale"],"inLanguage":"fr-FR","potentialAction":[{"@type":"CommentAction","name":"Comment","target":["https:\/\/www.latitude-15.com\/fr\/fret-aerien-un-marche-mondial-en-equilibre-une-equation-plus-tendue-pour-lamerique-latine\/#respond"]}]},{"@type":"WebPage","@id":"https:\/\/www.latitude-15.com\/fr\/fret-aerien-un-marche-mondial-en-equilibre-une-equation-plus-tendue-pour-lamerique-latine\/","url":"https:\/\/www.latitude-15.com\/fr\/fret-aerien-un-marche-mondial-en-equilibre-une-equation-plus-tendue-pour-lamerique-latine\/","name":"Fret a\u00e9rien : un march\u00e9 mondial en \u00e9quilibre, une \u00e9quation plus tendue pour l\u2019Am\u00e9rique latine - LATITUDE 15","isPartOf":{"@id":"https:\/\/www.latitude-15.com\/fr\/#website"},"primaryImageOfPage":{"@id":"https:\/\/www.latitude-15.com\/fr\/fret-aerien-un-marche-mondial-en-equilibre-une-equation-plus-tendue-pour-lamerique-latine\/#primaryimage"},"image":{"@id":"https:\/\/www.latitude-15.com\/fr\/fret-aerien-un-marche-mondial-en-equilibre-une-equation-plus-tendue-pour-lamerique-latine\/#primaryimage"},"thumbnailUrl":"https:\/\/www.latitude-15.com\/wp-content\/uploads\/2026\/02\/ChatGPT-Image-4-fevr.-2026-16_11_57.png","datePublished":"2026-01-30T20:16:51+00:00","dateModified":"2026-02-04T20:47:28+00:00","breadcrumb":{"@id":"https:\/\/www.latitude-15.com\/fr\/fret-aerien-un-marche-mondial-en-equilibre-une-equation-plus-tendue-pour-lamerique-latine\/#breadcrumb"},"inLanguage":"fr-FR","potentialAction":[{"@type":"ReadAction","target":["https:\/\/www.latitude-15.com\/fr\/fret-aerien-un-marche-mondial-en-equilibre-une-equation-plus-tendue-pour-lamerique-latine\/"]}]},{"@type":"ImageObject","inLanguage":"fr-FR","@id":"https:\/\/www.latitude-15.com\/fr\/fret-aerien-un-marche-mondial-en-equilibre-une-equation-plus-tendue-pour-lamerique-latine\/#primaryimage","url":"https:\/\/www.latitude-15.com\/wp-content\/uploads\/2026\/02\/ChatGPT-Image-4-fevr.-2026-16_11_57.png","contentUrl":"https:\/\/www.latitude-15.com\/wp-content\/uploads\/2026\/02\/ChatGPT-Image-4-fevr.-2026-16_11_57.png","width":1536,"height":1024},{"@type":"BreadcrumbList","@id":"https:\/\/www.latitude-15.com\/fr\/fret-aerien-un-marche-mondial-en-equilibre-une-equation-plus-tendue-pour-lamerique-latine\/#breadcrumb","itemListElement":[{"@type":"ListItem","position":1,"name":"Home","item":"https:\/\/www.latitude-15.com\/fr\/accueil\/"},{"@type":"ListItem","position":2,"name":"Fret a\u00e9rien : un march\u00e9 mondial en \u00e9quilibre, une \u00e9quation plus tendue pour l\u2019Am\u00e9rique latine"}]},{"@type":"WebSite","@id":"https:\/\/www.latitude-15.com\/fr\/#website","url":"https:\/\/www.latitude-15.com\/fr\/","name":"LATITUDE 15","description":"Aviation and maritime Magazine - Caribbean &amp; Latin America","publisher":{"@id":"https:\/\/www.latitude-15.com\/fr\/#organization"},"potentialAction":[{"@type":"SearchAction","target":{"@type":"EntryPoint","urlTemplate":"https:\/\/www.latitude-15.com\/fr\/?s={search_term_string}"},"query-input":{"@type":"PropertyValueSpecification","valueRequired":true,"valueName":"search_term_string"}}],"inLanguage":"fr-FR"},{"@type":"Organization","@id":"https:\/\/www.latitude-15.com\/fr\/#organization","name":"LATITUDE 15","url":"https:\/\/www.latitude-15.com\/fr\/","logo":{"@type":"ImageObject","inLanguage":"fr-FR","@id":"https:\/\/www.latitude-15.com\/fr\/#\/schema\/logo\/image\/","url":"https:\/\/www.latitude-15.com\/wp-content\/uploads\/2026\/01\/cropped-logox500px.png","contentUrl":"https:\/\/www.latitude-15.com\/wp-content\/uploads\/2026\/01\/cropped-logox500px.png","width":62,"height":75,"caption":"LATITUDE 15"},"image":{"@id":"https:\/\/www.latitude-15.com\/fr\/#\/schema\/logo\/image\/"}},{"@type":"Person","@id":"https:\/\/www.latitude-15.com\/fr\/#\/schema\/person\/91c01ae4c368ed9f103739b76d543e81","name":"Sabrina AJ","image":{"@type":"ImageObject","inLanguage":"fr-FR","@id":"https:\/\/www.latitude-15.com\/fr\/#\/schema\/person\/image\/","url":"https:\/\/secure.gravatar.com\/avatar\/dda9448c6244bb57751d852e57ef360ef337e5fed6f7146091bc3c71fa25c72b?s=96&d=mm&r=g","contentUrl":"https:\/\/secure.gravatar.com\/avatar\/dda9448c6244bb57751d852e57ef360ef337e5fed6f7146091bc3c71fa25c72b?s=96&d=mm&r=g","caption":"Sabrina AJ"},"url":"https:\/\/www.latitude-15.com\/fr\/author\/sajax\/"}]}},"_links":{"self":[{"href":"https:\/\/www.latitude-15.com\/fr\/wp-json\/wp\/v2\/posts\/19918","targetHints":{"allow":["GET"]}}],"collection":[{"href":"https:\/\/www.latitude-15.com\/fr\/wp-json\/wp\/v2\/posts"}],"about":[{"href":"https:\/\/www.latitude-15.com\/fr\/wp-json\/wp\/v2\/types\/post"}],"author":[{"embeddable":true,"href":"https:\/\/www.latitude-15.com\/fr\/wp-json\/wp\/v2\/users\/4"}],"replies":[{"embeddable":true,"href":"https:\/\/www.latitude-15.com\/fr\/wp-json\/wp\/v2\/comments?post=19918"}],"version-history":[{"count":1,"href":"https:\/\/www.latitude-15.com\/fr\/wp-json\/wp\/v2\/posts\/19918\/revisions"}],"predecessor-version":[{"id":19923,"href":"https:\/\/www.latitude-15.com\/fr\/wp-json\/wp\/v2\/posts\/19918\/revisions\/19923"}],"wp:featuredmedia":[{"embeddable":true,"href":"https:\/\/www.latitude-15.com\/fr\/wp-json\/wp\/v2\/media\/19921"}],"wp:attachment":[{"href":"https:\/\/www.latitude-15.com\/fr\/wp-json\/wp\/v2\/media?parent=19918"}],"wp:term":[{"taxonomy":"category","embeddable":true,"href":"https:\/\/www.latitude-15.com\/fr\/wp-json\/wp\/v2\/categories?post=19918"},{"taxonomy":"post_tag","embeddable":true,"href":"https:\/\/www.latitude-15.com\/fr\/wp-json\/wp\/v2\/tags?post=19918"}],"curies":[{"name":"wp","href":"https:\/\/api.w.org\/{rel}","templated":true}]}}