{"id":19766,"date":"2025-04-12T01:31:00","date_gmt":"2025-04-12T05:31:00","guid":{"rendered":"https:\/\/www.latitude-15.com\/2025\/04\/12\/caraibes-maghic-2-propulse-la-transition-energetique-maritime-avec-farwind-energy\/"},"modified":"2026-02-04T01:44:40","modified_gmt":"2026-02-04T05:44:40","slug":"caraibes-maghic-2-propulse-la-transition-energetique-maritime-avec-farwind-energy","status":"publish","type":"post","link":"https:\/\/www.latitude-15.com\/fr\/caraibes-maghic-2-propulse-la-transition-energetique-maritime-avec-farwind-energy\/","title":{"rendered":"Cara\u00efbes \u2013 MAGHIC 2 propulse la transition \u00e9nerg\u00e9tique maritime avec FARWIND Energy"},"content":{"rendered":"\n<p><strong>Le projet <a href=\"https:\/\/guadeloupe-portcaraibes.com\/projet-maghic-2\/\" target=\"_blank\" rel=\"noreferrer noopener\">MAGHIC 2<\/a>, lanc\u00e9 en mars \u00e0 Pointe-\u00e0-Pitre avec le soutien du programme <a href=\"https:\/\/interreg-caraibes.eu\/\" target=\"_blank\" rel=\"noreferrer noopener\">INTERREG Cara\u00efbes<\/a>, marque une \u00e9tape d\u00e9cisive dans le d\u00e9veloppement d&rsquo;un secteur maritime \u00e0 faible \u00e9mission de carbone adapt\u00e9 aux r\u00e9alit\u00e9s des Cara\u00efbes.<\/strong><\/p>\n\n<p>\u00c0 l&rsquo;heure o\u00f9 les enjeux climatiques appellent \u00e0 des changements profonds, les Cara\u00efbes affirment leur d\u00e9termination \u00e0 devenir une r\u00e9gion pilote pour un transport maritime durable. C&rsquo;est dans ce contexte que <strong>FARWIND Energy<\/strong>, une start-up engag\u00e9e dans la d\u00e9carbonisation du transport maritime, coordonne le projet <strong>MAGHIC 2<\/strong>, dans le but de structurer une v\u00e9ritable fili\u00e8re industrielle et scientifique autour de la propulsion v\u00e9lique et de l&rsquo;hydrog\u00e8ne dans la r\u00e9gion.<\/p>\n\n<p>Financ\u00e9 <strong>\u00e0 hauteur de 2,2 millions d&rsquo;euros de fonds FEDER<\/strong> via INTERREG Cara\u00efbes, MAGHIC 2 incarne une alliance entre innovation technologique, recherche acad\u00e9mique et ambition r\u00e9gionale.<\/p>\n\n<figure class=\"wp-block-image\"><img decoding=\"async\" data-src=\"https:\/\/richeskarayib.com\/wp-content\/uploads\/2025\/04\/th.jpeg\" alt=\"\" class=\"wp-image-48745 lazyload\" src=\"data:image\/svg+xml;base64,PHN2ZyB3aWR0aD0iMSIgaGVpZ2h0PSIxIiB4bWxucz0iaHR0cDovL3d3dy53My5vcmcvMjAwMC9zdmciPjwvc3ZnPg==\" \/><\/figure>\n\n<h2 class=\"wp-block-heading\">Une propulsion marine innovante test\u00e9e en conditions r\u00e9elles<\/h2>\n\n<p>Au c\u0153ur du projet MAGHIC 2, le rotor sail d\u00e9velopp\u00e9 par <a href=\"https:\/\/farwind-energy.com\/fr\/\" target=\"_blank\" rel=\"noreferrer noopener\">FARWIND Energy<\/a> promet une r\u00e9duction significative des \u00e9missions de CO\u2082, allant jusqu&rsquo;\u00e0 <strong>40 % de carburant en moins<\/strong> pour les navires. Cette technologie, \u00e9prouv\u00e9e dans des environnements maritimes difficiles, ouvre des perspectives concr\u00e8tes pour un transport maritime plus responsable, en accord avec les objectifs climatiques europ\u00e9ens et ceux de l&rsquo;OMI.<\/p>\n\n<p>Mais MAGHIC 2 va plus loin : le projet explore \u00e9galement <strong>des solutions innovantes de stockage d&rsquo;hydrog\u00e8ne<\/strong>, tant \u00e0 terre qu&rsquo;en mer, capables de contenir entre 10 et 100 tonnes, avec un impact foncier r\u00e9duit. Une r\u00e9ponse aux d\u00e9fis logistiques et \u00e9nerg\u00e9tiques sp\u00e9cifiques \u00e0 la g\u00e9ographie insulaire.<\/p>\n\n<h2 class=\"wp-block-heading\">Un r\u00e9seau carib\u00e9en de recherche et d&rsquo;industrie pour soutenir la transition<\/h2>\n\n<p>L&rsquo;une des forces du projet r\u00e9side dans sa capacit\u00e9 \u00e0 cr\u00e9er une dynamique r\u00e9gionale autour des comp\u00e9tences et des connaissances. FARWIND Energy rassemble un <strong>r\u00e9seau d&rsquo;<\/strong> <strong>\u00e9tablissements universitaires<\/strong> de premier plan :<\/p>\n\n<ul class=\"wp-block-list\">\n<li><strong>Caribbean Maritime University (Jama\u00efque)<\/strong><\/li>\n\n\n\n<li><strong>University of Trinidad and Tobago<\/strong><\/li>\n\n\n\n<li><strong>Centro Nacional de Investigaciones Cientificas (Cuba)<\/strong><\/li>\n\n\n\n<li><strong>Universidad Autonoma de Campeche (Mexique)<\/strong><\/li>\n<\/ul>\n\n<p>Ces \u00e9tablissements concentreront leurs travaux sur la dur\u00e9e de vie des mat\u00e9riaux et l&rsquo;adaptation des solutions aux conditions climatiques et maritimes sp\u00e9cifiques des Cara\u00efbes.<\/p>\n\n<p>Du c\u00f4t\u00e9 industriel, <strong>SARA (Soci\u00e9t\u00e9 Anonyme de la Raffinerie des Antilles)<\/strong> rejoint le projet pour favoriser le transfert de technologies et renforcer les comp\u00e9tences locales. L&rsquo;ambition est claire : <strong>structurer un<\/strong> <strong>\u00e9cosyst\u00e8me r\u00e9gional<\/strong> <strong>durable<\/strong> autour de la propulsion marine \u00e0 faible \u00e9mission de carbone et de la fili\u00e8re hydrog\u00e8ne.<\/p>\n\n<figure class=\"wp-block-image\"><img decoding=\"async\" data-src=\"https:\/\/richeskarayib.com\/wp-content\/uploads\/2025\/04\/OIP.jpeg\" alt=\"MAGHIC 2\" class=\"wp-image-48749 lazyload\" src=\"data:image\/svg+xml;base64,PHN2ZyB3aWR0aD0iMSIgaGVpZ2h0PSIxIiB4bWxucz0iaHR0cDovL3d3dy53My5vcmcvMjAwMC9zdmciPjwvc3ZnPg==\" \/><\/figure>\n\n<figure class=\"wp-block-image\"><img decoding=\"async\" data-src=\"https:\/\/richeskarayib.com\/wp-content\/uploads\/2025\/04\/th-1.jpeg\" alt=\"MAGHIC 2\" src=\"data:image\/svg+xml;base64,PHN2ZyB3aWR0aD0iMSIgaGVpZ2h0PSIxIiB4bWxucz0iaHR0cDovL3d3dy53My5vcmcvMjAwMC9zdmciPjwvc3ZnPg==\" class=\"lazyload\" \/><\/figure>\n\n<h2 class=\"wp-block-heading\">Une vision strat\u00e9gique pour la souverainet\u00e9 \u00e9nerg\u00e9tique des Cara\u00efbes<\/h2>\n\n<p>En consolidant un socle de comp\u00e9tences r\u00e9gionales et en misant sur des technologies appropri\u00e9es, <strong>MAGHIC 2 engage les <a href=\"https:\/\/richeskarayib.com\/reinventing-caribbean-culture-challenges-blog\/\" target=\"_blank\" rel=\"noreferrer noopener\">Cara\u00efbes<\/a> sur la voie d&rsquo;une transition \u00e9nerg\u00e9tique maritime<\/strong> ambitieuse et coh\u00e9rente <strong>.<\/strong> Le projet contribue \u00e0 b\u00e2tir une <strong>souverainet\u00e9 \u00e9nerg\u00e9tique<\/strong> pour renforcer la comp\u00e9titivit\u00e9 et la r\u00e9silience des territoires carib\u00e9ens.<\/p>\n\n<p>\u00ab Ce projet illustre une approche int\u00e9gr\u00e9e combinant innovation, industrialisation et coop\u00e9ration scientifique, et repr\u00e9sente une avanc\u00e9e majeure pour un transport maritime plus durable \u00bb, d\u00e9clare <strong>Arnaud Poitou<\/strong>, Pr\u00e9sident de FARWIND Energy.<\/p>\n\n<p>Lanc\u00e9 en Guadeloupe, <strong>MAGHIC 2 contribue \u00e0 faire \u00e9merger des <a href=\"https:\/\/richeskarayib.com\/ocean-governance-in-the-greater-caribbean-post\/\" target=\"_blank\" rel=\"noreferrer noopener\">Cara\u00efbes<\/a> plus intelligentes et audacieuses<\/strong>, capables d&rsquo;inventer leurs propres r\u00e9ponses aux d\u00e9fis \u00e9nerg\u00e9tiques mondiaux tout en valorisant leurs ressources naturelles, leur savoir-faire et leur position strat\u00e9gique.<\/p>\n","protected":false},"excerpt":{"rendered":"<p>Le projet MAGHIC 2, lanc\u00e9 en mars \u00e0 Pointe-\u00e0-Pitre avec le soutien du programme INTERREG Cara\u00efbes, marque une \u00e9tape d\u00e9cisive dans le d\u00e9veloppement d&rsquo;un secteur maritime \u00e0 faible \u00e9mission de carbone adapt\u00e9 aux r\u00e9alit\u00e9s des Cara\u00efbes. \u00c0 l&rsquo;heure o\u00f9 les enjeux climatiques appellent \u00e0 des changements profonds, les Cara\u00efbes affirment leur d\u00e9termination \u00e0 devenir une [&hellip;]<\/p>\n","protected":false},"author":1,"featured_media":19765,"comment_status":"open","ping_status":"open","sticky":false,"template":"","format":"standard","meta":{"footnotes":""},"categories":[118,139],"tags":[],"class_list":["post-19766","post","type-post","status-publish","format-standard","has-post-thumbnail","hentry","category-maritime-fr","category-technologies-ports-intelligents"],"yoast_head":"<!-- This site is optimized with the Yoast SEO plugin v26.9 - https:\/\/yoast.com\/product\/yoast-seo-wordpress\/ -->\n<title>Cara\u00efbes \u2013 MAGHIC 2 propulse la transition \u00e9nerg\u00e9tique maritime avec FARWIND Energy - LATITUDE 15<\/title>\n<meta name=\"robots\" content=\"index, follow, max-snippet:-1, max-image-preview:large, max-video-preview:-1\" \/>\n<link rel=\"canonical\" href=\"https:\/\/www.latitude-15.com\/fr\/caraibes-maghic-2-propulse-la-transition-energetique-maritime-avec-farwind-energy\/\" \/>\n<meta property=\"og:locale\" content=\"fr_FR\" \/>\n<meta property=\"og:type\" content=\"article\" \/>\n<meta property=\"og:title\" content=\"Cara\u00efbes \u2013 MAGHIC 2 propulse la transition \u00e9nerg\u00e9tique maritime avec FARWIND Energy - LATITUDE 15\" \/>\n<meta property=\"og:description\" content=\"Le projet MAGHIC 2, lanc\u00e9 en mars \u00e0 Pointe-\u00e0-Pitre avec le soutien du programme INTERREG Cara\u00efbes, marque une \u00e9tape d\u00e9cisive dans le d\u00e9veloppement d&rsquo;un secteur maritime \u00e0 faible \u00e9mission de carbone adapt\u00e9 aux r\u00e9alit\u00e9s des Cara\u00efbes. \u00c0 l&rsquo;heure o\u00f9 les enjeux climatiques appellent \u00e0 des changements profonds, les Cara\u00efbes affirment leur d\u00e9termination \u00e0 devenir une [&hellip;]\" \/>\n<meta property=\"og:url\" content=\"https:\/\/www.latitude-15.com\/fr\/caraibes-maghic-2-propulse-la-transition-energetique-maritime-avec-farwind-energy\/\" \/>\n<meta property=\"og:site_name\" content=\"LATITUDE 15\" \/>\n<meta property=\"article:published_time\" content=\"2025-04-12T05:31:00+00:00\" \/>\n<meta property=\"article:modified_time\" content=\"2026-02-04T05:44:40+00:00\" \/>\n<meta property=\"og:image\" content=\"https:\/\/www.latitude-15.com\/wp-content\/uploads\/2026\/01\/Design-sans-titre-1-2.png.webp\" \/>\n\t<meta property=\"og:image:width\" content=\"1080\" \/>\n\t<meta property=\"og:image:height\" content=\"1080\" \/>\n\t<meta property=\"og:image:type\" content=\"image\/webp\" \/>\n<meta name=\"author\" content=\"sabrinalat15\" \/>\n<meta name=\"twitter:card\" content=\"summary_large_image\" \/>\n<meta name=\"twitter:label1\" content=\"\u00c9crit par\" \/>\n\t<meta name=\"twitter:data1\" content=\"sabrinalat15\" \/>\n\t<meta name=\"twitter:label2\" content=\"Dur\u00e9e de lecture estim\u00e9e\" \/>\n\t<meta name=\"twitter:data2\" content=\"3 minutes\" \/>\n<script type=\"application\/ld+json\" class=\"yoast-schema-graph\">{\"@context\":\"https:\/\/schema.org\",\"@graph\":[{\"@type\":\"Article\",\"@id\":\"https:\/\/www.latitude-15.com\/fr\/caraibes-maghic-2-propulse-la-transition-energetique-maritime-avec-farwind-energy\/#article\",\"isPartOf\":{\"@id\":\"https:\/\/www.latitude-15.com\/fr\/caraibes-maghic-2-propulse-la-transition-energetique-maritime-avec-farwind-energy\/\"},\"author\":{\"name\":\"sabrinalat15\",\"@id\":\"https:\/\/www.latitude-15.com\/fr\/#\/schema\/person\/2a70943507771992ce3316849aa93bdd\"},\"headline\":\"Cara\u00efbes \u2013 MAGHIC 2 propulse la transition \u00e9nerg\u00e9tique maritime avec FARWIND Energy\",\"datePublished\":\"2025-04-12T05:31:00+00:00\",\"dateModified\":\"2026-02-04T05:44:40+00:00\",\"mainEntityOfPage\":{\"@id\":\"https:\/\/www.latitude-15.com\/fr\/caraibes-maghic-2-propulse-la-transition-energetique-maritime-avec-farwind-energy\/\"},\"wordCount\":584,\"commentCount\":0,\"publisher\":{\"@id\":\"https:\/\/www.latitude-15.com\/fr\/#organization\"},\"image\":{\"@id\":\"https:\/\/www.latitude-15.com\/fr\/caraibes-maghic-2-propulse-la-transition-energetique-maritime-avec-farwind-energy\/#primaryimage\"},\"thumbnailUrl\":\"https:\/\/www.latitude-15.com\/wp-content\/uploads\/2026\/01\/Design-sans-titre-1-2.png.webp\",\"articleSection\":[\"MARITIME\",\"Technologies &amp; ports intelligents\"],\"inLanguage\":\"fr-FR\",\"potentialAction\":[{\"@type\":\"CommentAction\",\"name\":\"Comment\",\"target\":[\"https:\/\/www.latitude-15.com\/fr\/caraibes-maghic-2-propulse-la-transition-energetique-maritime-avec-farwind-energy\/#respond\"]}]},{\"@type\":\"WebPage\",\"@id\":\"https:\/\/www.latitude-15.com\/fr\/caraibes-maghic-2-propulse-la-transition-energetique-maritime-avec-farwind-energy\/\",\"url\":\"https:\/\/www.latitude-15.com\/fr\/caraibes-maghic-2-propulse-la-transition-energetique-maritime-avec-farwind-energy\/\",\"name\":\"Cara\u00efbes \u2013 MAGHIC 2 propulse la transition \u00e9nerg\u00e9tique maritime avec FARWIND Energy - LATITUDE 15\",\"isPartOf\":{\"@id\":\"https:\/\/www.latitude-15.com\/fr\/#website\"},\"primaryImageOfPage\":{\"@id\":\"https:\/\/www.latitude-15.com\/fr\/caraibes-maghic-2-propulse-la-transition-energetique-maritime-avec-farwind-energy\/#primaryimage\"},\"image\":{\"@id\":\"https:\/\/www.latitude-15.com\/fr\/caraibes-maghic-2-propulse-la-transition-energetique-maritime-avec-farwind-energy\/#primaryimage\"},\"thumbnailUrl\":\"https:\/\/www.latitude-15.com\/wp-content\/uploads\/2026\/01\/Design-sans-titre-1-2.png.webp\",\"datePublished\":\"2025-04-12T05:31:00+00:00\",\"dateModified\":\"2026-02-04T05:44:40+00:00\",\"breadcrumb\":{\"@id\":\"https:\/\/www.latitude-15.com\/fr\/caraibes-maghic-2-propulse-la-transition-energetique-maritime-avec-farwind-energy\/#breadcrumb\"},\"inLanguage\":\"fr-FR\",\"potentialAction\":[{\"@type\":\"ReadAction\",\"target\":[\"https:\/\/www.latitude-15.com\/fr\/caraibes-maghic-2-propulse-la-transition-energetique-maritime-avec-farwind-energy\/\"]}]},{\"@type\":\"ImageObject\",\"inLanguage\":\"fr-FR\",\"@id\":\"https:\/\/www.latitude-15.com\/fr\/caraibes-maghic-2-propulse-la-transition-energetique-maritime-avec-farwind-energy\/#primaryimage\",\"url\":\"https:\/\/www.latitude-15.com\/wp-content\/uploads\/2026\/01\/Design-sans-titre-1-2.png.webp\",\"contentUrl\":\"https:\/\/www.latitude-15.com\/wp-content\/uploads\/2026\/01\/Design-sans-titre-1-2.png.webp\",\"width\":1080,\"height\":1080},{\"@type\":\"BreadcrumbList\",\"@id\":\"https:\/\/www.latitude-15.com\/fr\/caraibes-maghic-2-propulse-la-transition-energetique-maritime-avec-farwind-energy\/#breadcrumb\",\"itemListElement\":[{\"@type\":\"ListItem\",\"position\":1,\"name\":\"Home\",\"item\":\"https:\/\/www.latitude-15.com\/fr\/accueil\/\"},{\"@type\":\"ListItem\",\"position\":2,\"name\":\"Cara\u00efbes \u2013 MAGHIC 2 propulse la transition \u00e9nerg\u00e9tique maritime avec FARWIND Energy\"}]},{\"@type\":\"WebSite\",\"@id\":\"https:\/\/www.latitude-15.com\/fr\/#website\",\"url\":\"https:\/\/www.latitude-15.com\/fr\/\",\"name\":\"LATITUDE 15\",\"description\":\"Aviation and maritime Magazine - Caribbean &amp; Latin America\",\"publisher\":{\"@id\":\"https:\/\/www.latitude-15.com\/fr\/#organization\"},\"potentialAction\":[{\"@type\":\"SearchAction\",\"target\":{\"@type\":\"EntryPoint\",\"urlTemplate\":\"https:\/\/www.latitude-15.com\/fr\/?s={search_term_string}\"},\"query-input\":{\"@type\":\"PropertyValueSpecification\",\"valueRequired\":true,\"valueName\":\"search_term_string\"}}],\"inLanguage\":\"fr-FR\"},{\"@type\":\"Organization\",\"@id\":\"https:\/\/www.latitude-15.com\/fr\/#organization\",\"name\":\"LATITUDE 15\",\"url\":\"https:\/\/www.latitude-15.com\/fr\/\",\"logo\":{\"@type\":\"ImageObject\",\"inLanguage\":\"fr-FR\",\"@id\":\"https:\/\/www.latitude-15.com\/fr\/#\/schema\/logo\/image\/\",\"url\":\"https:\/\/www.latitude-15.com\/wp-content\/uploads\/2026\/01\/cropped-logox500px.png\",\"contentUrl\":\"https:\/\/www.latitude-15.com\/wp-content\/uploads\/2026\/01\/cropped-logox500px.png\",\"width\":62,\"height\":75,\"caption\":\"LATITUDE 15\"},\"image\":{\"@id\":\"https:\/\/www.latitude-15.com\/fr\/#\/schema\/logo\/image\/\"}},{\"@type\":\"Person\",\"@id\":\"https:\/\/www.latitude-15.com\/fr\/#\/schema\/person\/2a70943507771992ce3316849aa93bdd\",\"name\":\"sabrinalat15\",\"image\":{\"@type\":\"ImageObject\",\"inLanguage\":\"fr-FR\",\"@id\":\"https:\/\/www.latitude-15.com\/fr\/#\/schema\/person\/image\/\",\"url\":\"https:\/\/secure.gravatar.com\/avatar\/91f5e11872ca6128d75f7bbde22cc384ad142a113b81c554ed87d6d9762f8813?s=96&d=mm&r=g\",\"contentUrl\":\"https:\/\/secure.gravatar.com\/avatar\/91f5e11872ca6128d75f7bbde22cc384ad142a113b81c554ed87d6d9762f8813?s=96&d=mm&r=g\",\"caption\":\"sabrinalat15\"},\"sameAs\":[\"https:\/\/www.latitude-15.com\"],\"url\":\"https:\/\/www.latitude-15.com\/fr\/author\/sabrinalat15\/\"}]}<\/script>\n<!-- \/ Yoast SEO plugin. -->","yoast_head_json":{"title":"Cara\u00efbes \u2013 MAGHIC 2 propulse la transition \u00e9nerg\u00e9tique maritime avec FARWIND Energy - LATITUDE 15","robots":{"index":"index","follow":"follow","max-snippet":"max-snippet:-1","max-image-preview":"max-image-preview:large","max-video-preview":"max-video-preview:-1"},"canonical":"https:\/\/www.latitude-15.com\/fr\/caraibes-maghic-2-propulse-la-transition-energetique-maritime-avec-farwind-energy\/","og_locale":"fr_FR","og_type":"article","og_title":"Cara\u00efbes \u2013 MAGHIC 2 propulse la transition \u00e9nerg\u00e9tique maritime avec FARWIND Energy - LATITUDE 15","og_description":"Le projet MAGHIC 2, lanc\u00e9 en mars \u00e0 Pointe-\u00e0-Pitre avec le soutien du programme INTERREG Cara\u00efbes, marque une \u00e9tape d\u00e9cisive dans le d\u00e9veloppement d&rsquo;un secteur maritime \u00e0 faible \u00e9mission de carbone adapt\u00e9 aux r\u00e9alit\u00e9s des Cara\u00efbes. \u00c0 l&rsquo;heure o\u00f9 les enjeux climatiques appellent \u00e0 des changements profonds, les Cara\u00efbes affirment leur d\u00e9termination \u00e0 devenir une [&hellip;]","og_url":"https:\/\/www.latitude-15.com\/fr\/caraibes-maghic-2-propulse-la-transition-energetique-maritime-avec-farwind-energy\/","og_site_name":"LATITUDE 15","article_published_time":"2025-04-12T05:31:00+00:00","article_modified_time":"2026-02-04T05:44:40+00:00","og_image":[{"width":1080,"height":1080,"url":"https:\/\/www.latitude-15.com\/wp-content\/uploads\/2026\/01\/Design-sans-titre-1-2.png.webp","type":"image\/webp"}],"author":"sabrinalat15","twitter_card":"summary_large_image","twitter_misc":{"\u00c9crit par":"sabrinalat15","Dur\u00e9e de lecture estim\u00e9e":"3 minutes"},"schema":{"@context":"https:\/\/schema.org","@graph":[{"@type":"Article","@id":"https:\/\/www.latitude-15.com\/fr\/caraibes-maghic-2-propulse-la-transition-energetique-maritime-avec-farwind-energy\/#article","isPartOf":{"@id":"https:\/\/www.latitude-15.com\/fr\/caraibes-maghic-2-propulse-la-transition-energetique-maritime-avec-farwind-energy\/"},"author":{"name":"sabrinalat15","@id":"https:\/\/www.latitude-15.com\/fr\/#\/schema\/person\/2a70943507771992ce3316849aa93bdd"},"headline":"Cara\u00efbes \u2013 MAGHIC 2 propulse la transition \u00e9nerg\u00e9tique maritime avec FARWIND Energy","datePublished":"2025-04-12T05:31:00+00:00","dateModified":"2026-02-04T05:44:40+00:00","mainEntityOfPage":{"@id":"https:\/\/www.latitude-15.com\/fr\/caraibes-maghic-2-propulse-la-transition-energetique-maritime-avec-farwind-energy\/"},"wordCount":584,"commentCount":0,"publisher":{"@id":"https:\/\/www.latitude-15.com\/fr\/#organization"},"image":{"@id":"https:\/\/www.latitude-15.com\/fr\/caraibes-maghic-2-propulse-la-transition-energetique-maritime-avec-farwind-energy\/#primaryimage"},"thumbnailUrl":"https:\/\/www.latitude-15.com\/wp-content\/uploads\/2026\/01\/Design-sans-titre-1-2.png.webp","articleSection":["MARITIME","Technologies &amp; ports intelligents"],"inLanguage":"fr-FR","potentialAction":[{"@type":"CommentAction","name":"Comment","target":["https:\/\/www.latitude-15.com\/fr\/caraibes-maghic-2-propulse-la-transition-energetique-maritime-avec-farwind-energy\/#respond"]}]},{"@type":"WebPage","@id":"https:\/\/www.latitude-15.com\/fr\/caraibes-maghic-2-propulse-la-transition-energetique-maritime-avec-farwind-energy\/","url":"https:\/\/www.latitude-15.com\/fr\/caraibes-maghic-2-propulse-la-transition-energetique-maritime-avec-farwind-energy\/","name":"Cara\u00efbes \u2013 MAGHIC 2 propulse la transition \u00e9nerg\u00e9tique maritime avec FARWIND Energy - LATITUDE 15","isPartOf":{"@id":"https:\/\/www.latitude-15.com\/fr\/#website"},"primaryImageOfPage":{"@id":"https:\/\/www.latitude-15.com\/fr\/caraibes-maghic-2-propulse-la-transition-energetique-maritime-avec-farwind-energy\/#primaryimage"},"image":{"@id":"https:\/\/www.latitude-15.com\/fr\/caraibes-maghic-2-propulse-la-transition-energetique-maritime-avec-farwind-energy\/#primaryimage"},"thumbnailUrl":"https:\/\/www.latitude-15.com\/wp-content\/uploads\/2026\/01\/Design-sans-titre-1-2.png.webp","datePublished":"2025-04-12T05:31:00+00:00","dateModified":"2026-02-04T05:44:40+00:00","breadcrumb":{"@id":"https:\/\/www.latitude-15.com\/fr\/caraibes-maghic-2-propulse-la-transition-energetique-maritime-avec-farwind-energy\/#breadcrumb"},"inLanguage":"fr-FR","potentialAction":[{"@type":"ReadAction","target":["https:\/\/www.latitude-15.com\/fr\/caraibes-maghic-2-propulse-la-transition-energetique-maritime-avec-farwind-energy\/"]}]},{"@type":"ImageObject","inLanguage":"fr-FR","@id":"https:\/\/www.latitude-15.com\/fr\/caraibes-maghic-2-propulse-la-transition-energetique-maritime-avec-farwind-energy\/#primaryimage","url":"https:\/\/www.latitude-15.com\/wp-content\/uploads\/2026\/01\/Design-sans-titre-1-2.png.webp","contentUrl":"https:\/\/www.latitude-15.com\/wp-content\/uploads\/2026\/01\/Design-sans-titre-1-2.png.webp","width":1080,"height":1080},{"@type":"BreadcrumbList","@id":"https:\/\/www.latitude-15.com\/fr\/caraibes-maghic-2-propulse-la-transition-energetique-maritime-avec-farwind-energy\/#breadcrumb","itemListElement":[{"@type":"ListItem","position":1,"name":"Home","item":"https:\/\/www.latitude-15.com\/fr\/accueil\/"},{"@type":"ListItem","position":2,"name":"Cara\u00efbes \u2013 MAGHIC 2 propulse la transition \u00e9nerg\u00e9tique maritime avec FARWIND Energy"}]},{"@type":"WebSite","@id":"https:\/\/www.latitude-15.com\/fr\/#website","url":"https:\/\/www.latitude-15.com\/fr\/","name":"LATITUDE 15","description":"Aviation and maritime Magazine - Caribbean &amp; Latin America","publisher":{"@id":"https:\/\/www.latitude-15.com\/fr\/#organization"},"potentialAction":[{"@type":"SearchAction","target":{"@type":"EntryPoint","urlTemplate":"https:\/\/www.latitude-15.com\/fr\/?s={search_term_string}"},"query-input":{"@type":"PropertyValueSpecification","valueRequired":true,"valueName":"search_term_string"}}],"inLanguage":"fr-FR"},{"@type":"Organization","@id":"https:\/\/www.latitude-15.com\/fr\/#organization","name":"LATITUDE 15","url":"https:\/\/www.latitude-15.com\/fr\/","logo":{"@type":"ImageObject","inLanguage":"fr-FR","@id":"https:\/\/www.latitude-15.com\/fr\/#\/schema\/logo\/image\/","url":"https:\/\/www.latitude-15.com\/wp-content\/uploads\/2026\/01\/cropped-logox500px.png","contentUrl":"https:\/\/www.latitude-15.com\/wp-content\/uploads\/2026\/01\/cropped-logox500px.png","width":62,"height":75,"caption":"LATITUDE 15"},"image":{"@id":"https:\/\/www.latitude-15.com\/fr\/#\/schema\/logo\/image\/"}},{"@type":"Person","@id":"https:\/\/www.latitude-15.com\/fr\/#\/schema\/person\/2a70943507771992ce3316849aa93bdd","name":"sabrinalat15","image":{"@type":"ImageObject","inLanguage":"fr-FR","@id":"https:\/\/www.latitude-15.com\/fr\/#\/schema\/person\/image\/","url":"https:\/\/secure.gravatar.com\/avatar\/91f5e11872ca6128d75f7bbde22cc384ad142a113b81c554ed87d6d9762f8813?s=96&d=mm&r=g","contentUrl":"https:\/\/secure.gravatar.com\/avatar\/91f5e11872ca6128d75f7bbde22cc384ad142a113b81c554ed87d6d9762f8813?s=96&d=mm&r=g","caption":"sabrinalat15"},"sameAs":["https:\/\/www.latitude-15.com"],"url":"https:\/\/www.latitude-15.com\/fr\/author\/sabrinalat15\/"}]}},"_links":{"self":[{"href":"https:\/\/www.latitude-15.com\/fr\/wp-json\/wp\/v2\/posts\/19766","targetHints":{"allow":["GET"]}}],"collection":[{"href":"https:\/\/www.latitude-15.com\/fr\/wp-json\/wp\/v2\/posts"}],"about":[{"href":"https:\/\/www.latitude-15.com\/fr\/wp-json\/wp\/v2\/types\/post"}],"author":[{"embeddable":true,"href":"https:\/\/www.latitude-15.com\/fr\/wp-json\/wp\/v2\/users\/1"}],"replies":[{"embeddable":true,"href":"https:\/\/www.latitude-15.com\/fr\/wp-json\/wp\/v2\/comments?post=19766"}],"version-history":[{"count":1,"href":"https:\/\/www.latitude-15.com\/fr\/wp-json\/wp\/v2\/posts\/19766\/revisions"}],"predecessor-version":[{"id":19767,"href":"https:\/\/www.latitude-15.com\/fr\/wp-json\/wp\/v2\/posts\/19766\/revisions\/19767"}],"wp:featuredmedia":[{"embeddable":true,"href":"https:\/\/www.latitude-15.com\/fr\/wp-json\/wp\/v2\/media\/19765"}],"wp:attachment":[{"href":"https:\/\/www.latitude-15.com\/fr\/wp-json\/wp\/v2\/media?parent=19766"}],"wp:term":[{"taxonomy":"category","embeddable":true,"href":"https:\/\/www.latitude-15.com\/fr\/wp-json\/wp\/v2\/categories?post=19766"},{"taxonomy":"post_tag","embeddable":true,"href":"https:\/\/www.latitude-15.com\/fr\/wp-json\/wp\/v2\/tags?post=19766"}],"curies":[{"name":"wp","href":"https:\/\/api.w.org\/{rel}","templated":true}]}}