{"id":19747,"date":"2025-04-30T00:54:37","date_gmt":"2025-04-30T04:54:37","guid":{"rendered":"https:\/\/www.latitude-15.com\/2025\/04\/30\/martinique-quality-of-service-innovation-connectivity-key-takeaways-from-aci-airport-day-2025\/"},"modified":"2026-02-04T01:36:13","modified_gmt":"2026-02-04T05:36:13","slug":"martinique-quality-of-service-innovation-connectivity-key-takeaways-from-aci-airport-day-2025","status":"publish","type":"post","link":"https:\/\/www.latitude-15.com\/fr\/martinique-quality-of-service-innovation-connectivity-key-takeaways-from-aci-airport-day-2025\/","title":{"rendered":"Martinique \u2013 Quality of service, innovation, connectivity: key takeaways from ACI Airport Day 2025"},"content":{"rendered":"\n<p>R\u00e9uni pour la premi\u00e8re fois en <a href=\"https:\/\/richeskarayib.com\/regional-cooperation-fund-seminar-the-caribbean\/\" target=\"_blank\" rel=\"noreferrer noopener\">Martinique<\/a>, l\u2019ACI Airport Day a rassembl\u00e9 des d\u00e9cideurs carib\u00e9ens et internationaux autour des grands d\u00e9fis du transport a\u00e9rien. Gr\u00e2ce \u00e0 la mobilisation conjointe des \u00e9quipes de l\u2019<a href=\"https:\/\/aci-lac.aero\/\" target=\"_blank\" rel=\"noreferrer noopener\">ACI-LAC<\/a> et de la <a href=\"https:\/\/www.martinique.aeroport.fr\/informations-generales\/la-societe-aeroport-martinique-aime-cesaire\/\" target=\"_blank\" rel=\"noreferrer noopener\">SAMAC<\/a>, cet \u00e9v\u00e9nement a su proposer un programme pertinent et enrichissant, pens\u00e9 pour tous les acteurs de l\u2019\u00e9cosyst\u00e8me a\u00e9roportuaire. L\u2019\u00e9v\u00e9nement, marqu\u00e9 par la volont\u00e9 d\u2019am\u00e9liorer l\u2019exp\u00e9rience passager et de renforcer la connectivit\u00e9 r\u00e9gionale, affirme la Martinique comme un acteur strat\u00e9gique de la grande Cara\u00efbe<a href=\"https:\/\/rci.fm\/martinique\/infos\/Economie\/Laeroport-Aime-Cesaire-accueilli-son-premier-Airport-Day\" target=\"_blank\" rel=\"noreferrer noopener\">.<\/a>  <\/p>\n\n<h2 class=\"wp-block-heading\">Une ouverture port\u00e9e par l\u2019ambition collective<\/h2>\n\n<p>L\u2019ACI Airport Day 2025 en Martinique a \u00e9t\u00e9 bien plus qu\u2019une simple rencontre professionnelle : il a offert un instantan\u00e9 strat\u00e9gique des ambitions a\u00e9roportuaires de la Cara\u00efbe. Sous la conduite de Val\u00e9rie C\u00e9sarine, Directrice commerciale et Marketing de la SAMAC et ma\u00eetresse de c\u00e9r\u00e9monie de l\u2019\u00e9v\u00e9nement, et \u00e0 travers les prises de parole de Nathalie S\u00e9bastien, Pr\u00e9sidente du Directoire chez SOCIETE AEROPORT MARTINIQUE AIME CESAIRE (SAMAC) et de Rafael Echevarne, Directeur g\u00e9n\u00e9ral du Conseil international des a\u00e9roports \u2013 Am\u00e9rique latine et Cara\u00efbes (ACI-LAC), ce rendez-vous a pos\u00e9 les bases d\u2019une r\u00e9flexion collective sur le r\u00f4le des a\u00e9roports dans l\u2019attractivit\u00e9, le d\u00e9veloppement \u00e9conomique et la connectivit\u00e9 de nos territoires. Organis\u00e9 \u00e0 Fort-de-France, l\u2019ACI Airport Day a r\u00e9uni des acteurs cl\u00e9s venus de toute la r\u00e9gion et d\u2019Europe.  <\/p>\n\n<figure class=\"wp-block-image\"><img decoding=\"async\" data-src=\"https:\/\/richeskarayib.com\/wp-content\/uploads\/2025\/04\/4745ed6e-b625-44bb-ad08-d3f4ff8d997a.png\" alt=\"ACI Airport Day\" src=\"data:image\/svg+xml;base64,PHN2ZyB3aWR0aD0iMSIgaGVpZ2h0PSIxIiB4bWxucz0iaHR0cDovL3d3dy53My5vcmcvMjAwMC9zdmciPjwvc3ZnPg==\" class=\"lazyload\" \/><figcaption class=\"wp-element-caption\">Val\u00e9rie CESARINE, Directrice commerciale et Marketing de la SAMAC et ma\u00eetresse de c\u00e9r\u00e9monie de l\u2019\u00e9v\u00e9nement<\/figcaption><\/figure>\n\n<h2 class=\"wp-block-heading\">Faire de l\u2019a\u00e9roport un levier d\u2019exp\u00e9rience et de d\u00e9veloppement<\/h2>\n\n<p>D\u00e8s l\u2019ouverture de l\u2019ACI Airport Day, Nathalie S\u00e9bastien, repr\u00e9sentante de la Soci\u00e9t\u00e9 A\u00e9roportuaire de Martinique (SAMAC), a donn\u00e9 le ton. Dans un discours ponctu\u00e9 de citations inspirantes \u2014 dont celle de Maya Angelou rappelant que l\u2019on n\u2019oublie jamais ce que l\u2019on ressent \u2014 elle a exprim\u00e9 une vision ambitieuse : faire de l\u2019a\u00e9roport Aim\u00e9 C\u00e9saire un lieu d\u2019accueil exemplaire et un moteur de d\u00e9veloppement \u00e9conomique pour toute l\u2019\u00eele. <\/p>\n\n<p>Elle a insist\u00e9 sur la n\u00e9cessit\u00e9 d\u2019analyser les attentes des passagers et d\u2019agir pour am\u00e9liorer continuellement les services. L\u2019a\u00e9roport est ainsi appel\u00e9 \u00e0 devenir un espace \u00e0 haute valeur ajout\u00e9e, o\u00f9 l\u2019exp\u00e9rience client, les partenariats commerciaux et l\u2019innovation vont de pair. \u00ab Le futur se construira dans une relation \u00e9troite avec nos \u00e9cosyst\u00e8mes \u00e9conomiques, touristiques, institutionnels et r\u00e9glementaires \u00bb, a-t-elle affirm\u00e9, soulignant l\u2019importance de la coop\u00e9ration pour transformer l\u2019a\u00e9rien en v\u00e9ritable locomotive territoriale.  <\/p>\n\n<figure class=\"wp-block-image\"><img decoding=\"async\" data-src=\"https:\/\/richeskarayib.com\/wp-content\/uploads\/2025\/04\/Nathalie-Sebastien-representante-de-la-Societe-Aeroportuaire-de-Martinique-SAMAC-1024x576.jpeg\" alt=\"ACI Airport Day\" src=\"data:image\/svg+xml;base64,PHN2ZyB3aWR0aD0iMSIgaGVpZ2h0PSIxIiB4bWxucz0iaHR0cDovL3d3dy53My5vcmcvMjAwMC9zdmciPjwvc3ZnPg==\" class=\"lazyload\" style=\"--smush-placeholder-width: 1024px; --smush-placeholder-aspect-ratio: 1024\/576;\" \/><figcaption class=\"wp-element-caption\">Nathalie S\u00e9bastien, Pr\u00e9sidente du Directoire chez SOCIETE AEROPORT MARTINIQUE AIME CESAIRE (SAMAC)<\/figcaption><\/figure>\n\n<h2 class=\"wp-block-heading\">Am\u00e9liorer la connectivit\u00e9 pour lib\u00e9rer le potentiel carib\u00e9en<\/h2>\n\n<p>De son c\u00f4t\u00e9, Rafael Echevarne, directeur g\u00e9n\u00e9ral d\u2019ACI-LAC, a rappel\u00e9 le r\u00f4le central de son organisation : f\u00e9d\u00e9rer plus de 2 500 a\u00e9roports dans le monde, dont 350 dans la r\u00e9gion Am\u00e9rique latine \u2013 Cara\u00efbes. \u00c0 travers ce r\u00e9seau, l\u2019objectif est clair : r\u00e9pondre aux d\u00e9fis communs, renforcer la coop\u00e9ration, et partager les expertises. <\/p>\n\n<p>L\u2019une des priorit\u00e9s expos\u00e9es lors de l\u2019ACI Airport Day a \u00e9t\u00e9 celle de la connectivit\u00e9 a\u00e9rienne, identifi\u00e9e comme un levier essentiel du d\u00e9veloppement socio-\u00e9conomique des \u00eeles carib\u00e9ennes. Une \u00e9tude sp\u00e9cifique, command\u00e9e par l\u2019ACI-LAC, doit d\u2019ailleurs analyser en profondeur les freins politiques et administratifs \u00e0 cette connectivit\u00e9, afin de proposer des solutions concr\u00e8tes. \u00ab L\u2019exp\u00e9rience du passager \u00bb et \u00ab la connectivit\u00e9 a\u00e9rienne \u00bb ont ainsi \u00e9t\u00e9 pr\u00e9sent\u00e9es comme deux piliers indissociables de la transformation a\u00e9roportuaire \u00e0 venir.  <\/p>\n\n<figure class=\"wp-block-image\"><img decoding=\"async\" data-src=\"https:\/\/richeskarayib.com\/wp-content\/uploads\/2025\/04\/Rafael-Echevarne-directeur-general-dACI-LAC-1024x576.jpeg\" alt=\"ACI Airport Day\" src=\"data:image\/svg+xml;base64,PHN2ZyB3aWR0aD0iMSIgaGVpZ2h0PSIxIiB4bWxucz0iaHR0cDovL3d3dy53My5vcmcvMjAwMC9zdmciPjwvc3ZnPg==\" class=\"lazyload\" style=\"--smush-placeholder-width: 1024px; --smush-placeholder-aspect-ratio: 1024\/576;\" \/><figcaption class=\"wp-element-caption\">Rafael Echevarne, directeur g\u00e9n\u00e9ral d\u2019ACI-LAC<\/figcaption><\/figure>\n\n<h2 class=\"wp-block-heading\">Une journ\u00e9e dense autour des enjeux strat\u00e9giques de l\u2019a\u00e9rien carib\u00e9en<\/h2>\n\n<p>Tout au long de la journ\u00e9e de l\u2019ACI Airport Day, les interventions se sont articul\u00e9es autour de th\u00e9matiques cl\u00e9s pour l\u2019avenir du transport a\u00e9rien dans la r\u00e9gion : am\u00e9lioration de l\u2019exp\u00e9rience passager, optimisation des revenus non a\u00e9ronautiques, connectivit\u00e9 inter-\u00eeles, offres commerciales en a\u00e9roport, positionnement touristique des destinations et int\u00e9gration des technologies innovantes dans les services a\u00e9roportuaires.<\/p>\n\n<figure class=\"wp-block-image\"><img decoding=\"async\" data-src=\"https:\/\/richeskarayib.com\/wp-content\/uploads\/2025\/04\/WhatsApp-Image-2025-04-30-a-16.27.42_da9b9a87-1024x795.jpg\" alt=\"\" src=\"data:image\/svg+xml;base64,PHN2ZyB3aWR0aD0iMSIgaGVpZ2h0PSIxIiB4bWxucz0iaHR0cDovL3d3dy53My5vcmcvMjAwMC9zdmciPjwvc3ZnPg==\" class=\"lazyload\" style=\"--smush-placeholder-width: 1024px; --smush-placeholder-aspect-ratio: 1024\/795;\" \/><\/figure>\n\n<figure class=\"wp-block-image\"><img decoding=\"async\" data-src=\"https:\/\/richeskarayib.com\/wp-content\/uploads\/2025\/04\/WhatsApp-Image-2025-04-30-a-16.07.15_2b1669c6-798x1024.jpg\" alt=\"\" src=\"data:image\/svg+xml;base64,PHN2ZyB3aWR0aD0iMSIgaGVpZ2h0PSIxIiB4bWxucz0iaHR0cDovL3d3dy53My5vcmcvMjAwMC9zdmciPjwvc3ZnPg==\" class=\"lazyload\" style=\"--smush-placeholder-width: 798px; --smush-placeholder-aspect-ratio: 798\/1024;\" \/><\/figure>\n\n<figure class=\"wp-block-image\"><img decoding=\"async\" data-src=\"https:\/\/richeskarayib.com\/wp-content\/uploads\/2025\/04\/WhatsApp-Image-2025-04-30-a-16.11.34_183927b0-731x1024.jpg\" alt=\"\" src=\"data:image\/svg+xml;base64,PHN2ZyB3aWR0aD0iMSIgaGVpZ2h0PSIxIiB4bWxucz0iaHR0cDovL3d3dy53My5vcmcvMjAwMC9zdmciPjwvc3ZnPg==\" class=\"lazyload\" style=\"--smush-placeholder-width: 731px; --smush-placeholder-aspect-ratio: 731\/1024;\" \/><\/figure>\n\n<p>Des panels rassemblant des experts internationaux, des responsables d\u2019a\u00e9roports, des consultants, des op\u00e9rateurs h\u00f4teliers et des fournisseurs de solutions technologiques ont permis d\u2019\u00e9clairer ces enjeux sous des angles vari\u00e9s, m\u00ealant perspectives globales et r\u00e9alit\u00e9s locales.<\/p>\n\n<figure class=\"wp-block-image\"><img decoding=\"async\" data-src=\"https:\/\/richeskarayib.com\/wp-content\/uploads\/2025\/04\/Pourquoi-pas-cover-1-1-1024x636.jpeg\" alt=\"ACI Airport Day\" src=\"data:image\/svg+xml;base64,PHN2ZyB3aWR0aD0iMSIgaGVpZ2h0PSIxIiB4bWxucz0iaHR0cDovL3d3dy53My5vcmcvMjAwMC9zdmciPjwvc3ZnPg==\" class=\"lazyload\" style=\"--smush-placeholder-width: 1024px; --smush-placeholder-aspect-ratio: 1024\/636;\" \/><\/figure>\n\n<figure class=\"wp-block-image\"><img decoding=\"async\" data-src=\"https:\/\/richeskarayib.com\/wp-content\/uploads\/2025\/04\/1-2-1024x576.jpeg\" alt=\"ACI Airport Day\" src=\"data:image\/svg+xml;base64,PHN2ZyB3aWR0aD0iMSIgaGVpZ2h0PSIxIiB4bWxucz0iaHR0cDovL3d3dy53My5vcmcvMjAwMC9zdmciPjwvc3ZnPg==\" class=\"lazyload\" style=\"--smush-placeholder-width: 1024px; --smush-placeholder-aspect-ratio: 1024\/576;\" \/><\/figure>\n\n<figure class=\"wp-block-image\"><img decoding=\"async\" data-src=\"https:\/\/richeskarayib.com\/wp-content\/uploads\/2025\/04\/WhatsApp-Image-2025-04-30-a-16.01.48_de69b04c-1024x576.jpg\" alt=\"\" src=\"data:image\/svg+xml;base64,PHN2ZyB3aWR0aD0iMSIgaGVpZ2h0PSIxIiB4bWxucz0iaHR0cDovL3d3dy53My5vcmcvMjAwMC9zdmciPjwvc3ZnPg==\" class=\"lazyload\" style=\"--smush-placeholder-width: 1024px; --smush-placeholder-aspect-ratio: 1024\/576;\" \/><\/figure>\n\n<p>Le programme de l\u2019ACI Airport Day a \u00e9galement mis en lumi\u00e8re des initiatives concr\u00e8tes port\u00e9es par des acteurs majeurs de la r\u00e9gion, illustrant la volont\u00e9 partag\u00e9e d\u2019inscrire les plateformes a\u00e9roportuaires dans une dynamique de transformation durable, au service des territoires. Des invit\u00e9s venus de plusieurs \u00eeles de la Cara\u00efbe, ainsi que d\u2019Europe et d\u2019Am\u00e9rique latine, ont contribu\u00e9 \u00e0 enrichir les \u00e9changes et \u00e0 poser les bases de collaborations futures.<\/p>\n\n<figure class=\"wp-block-image\"><img decoding=\"async\" data-src=\"https:\/\/richeskarayib.com\/wp-content\/uploads\/2025\/04\/WhatsApp-Image-2025-04-30-a-16.16.12_43dbfc77-1024x961.jpg\" alt=\"\" src=\"data:image\/svg+xml;base64,PHN2ZyB3aWR0aD0iMSIgaGVpZ2h0PSIxIiB4bWxucz0iaHR0cDovL3d3dy53My5vcmcvMjAwMC9zdmciPjwvc3ZnPg==\" class=\"lazyload\" style=\"--smush-placeholder-width: 1024px; --smush-placeholder-aspect-ratio: 1024\/961;\" \/><\/figure>\n\n<figure class=\"wp-block-image\"><img decoding=\"async\" data-src=\"https:\/\/richeskarayib.com\/wp-content\/uploads\/2025\/04\/WhatsApp-Image-2025-04-30-a-16.16.07_2ad00c8f-1024x839.jpg\" alt=\"\" src=\"data:image\/svg+xml;base64,PHN2ZyB3aWR0aD0iMSIgaGVpZ2h0PSIxIiB4bWxucz0iaHR0cDovL3d3dy53My5vcmcvMjAwMC9zdmciPjwvc3ZnPg==\" class=\"lazyload\" style=\"--smush-placeholder-width: 1024px; --smush-placeholder-aspect-ratio: 1024\/839;\" \/><\/figure>\n\n<figure class=\"wp-block-image\"><img decoding=\"async\" data-src=\"https:\/\/richeskarayib.com\/wp-content\/uploads\/2025\/04\/WhatsApp-Image-2025-04-30-a-16.18.37_7d9241f3-1024x672.jpg\" alt=\"\" src=\"data:image\/svg+xml;base64,PHN2ZyB3aWR0aD0iMSIgaGVpZ2h0PSIxIiB4bWxucz0iaHR0cDovL3d3dy53My5vcmcvMjAwMC9zdmciPjwvc3ZnPg==\" class=\"lazyload\" style=\"--smush-placeholder-width: 1024px; --smush-placeholder-aspect-ratio: 1024\/672;\" \/><\/figure>\n\n<figure class=\"wp-block-image\"><img decoding=\"async\" data-src=\"https:\/\/richeskarayib.com\/wp-content\/uploads\/2025\/04\/WhatsApp-Image-2025-04-30-a-16.03.35_c3e8482c-1024x576.jpg\" alt=\"\" src=\"data:image\/svg+xml;base64,PHN2ZyB3aWR0aD0iMSIgaGVpZ2h0PSIxIiB4bWxucz0iaHR0cDovL3d3dy53My5vcmcvMjAwMC9zdmciPjwvc3ZnPg==\" class=\"lazyload\" style=\"--smush-placeholder-width: 1024px; --smush-placeholder-aspect-ratio: 1024\/576;\" \/><\/figure>\n\n<figure class=\"wp-block-image\"><img decoding=\"async\" data-src=\"https:\/\/richeskarayib.com\/wp-content\/uploads\/2025\/04\/8-1-1024x576.jpeg\" alt=\"ACI Airport Day\" src=\"data:image\/svg+xml;base64,PHN2ZyB3aWR0aD0iMSIgaGVpZ2h0PSIxIiB4bWxucz0iaHR0cDovL3d3dy53My5vcmcvMjAwMC9zdmciPjwvc3ZnPg==\" class=\"lazyload\" style=\"--smush-placeholder-width: 1024px; --smush-placeholder-aspect-ratio: 1024\/576;\" \/><\/figure>\n\n<h2 class=\"wp-block-heading\">Un savoir-faire local \u00e0 l\u2019honneur<\/h2>\n\n<p>Au-del\u00e0 des interventions techniques et des panels strat\u00e9giques, l\u2019ACI Airport Day Martinique a \u00e9galement \u00e9t\u00e9 l\u2019occasion de mettre en lumi\u00e8re le dynamisme entrepreneurial local. Plusieurs entreprises martiniquaises ont \u00e9t\u00e9 invit\u00e9es \u00e0 pr\u00e9senter leur savoir-faire, t\u00e9moignant de la richesse des talents du territoire. <\/p>\n\n<p>Le public a ainsi pu d\u00e9couvrir les cr\u00e9ations glac\u00e9es d\u2019<a href=\"https:\/\/www.glaces-martinique.fr\/\" target=\"_blank\" rel=\"noreferrer noopener\">Excellence Glaces,<\/a> les douceurs chocolat\u00e9es de <a href=\"https:\/\/frereslauzea.fr\/\" target=\"_blank\" rel=\"noreferrer noopener\">Lauz\u00e9a,<\/a> les ar\u00f4mes raffin\u00e9s de <a href=\"https:\/\/parfums-des-iles.com\/\" target=\"_blank\" rel=\"noreferrer noopener\">Parfums des \u00celes<\/a>, ainsi que les embl\u00e9matiques Rhums de Martinique, r\u00e9unis autour du Coderum. Une mani\u00e8re concr\u00e8te d\u2019associer l\u2019univers a\u00e9roportuaire \u00e0 l\u2019art de vivre martiniquais<a href=\"https:\/\/richeskarayib.com\/rhum-fest-2025-west-indian-distilleries-in-paris\/\" target=\"_blank\" rel=\"noreferrer noopener\">,<\/a> et de rappeler que l\u2019attractivit\u00e9 passe aussi par l\u2019identit\u00e9 et l\u2019authenticit\u00e9 des produits locaux<a href=\"https:\/\/richeskarayib.com\/ten-to-one-rum-fast-growing-rum-brand-caribbean\/\" target=\"_blank\" rel=\"noreferrer noopener\">.<\/a> <\/p>\n\n<figure class=\"wp-block-image\"><img decoding=\"async\" data-src=\"https:\/\/richeskarayib.com\/wp-content\/uploads\/2025\/04\/Excellence-Glaces-1024x576.jpeg\" alt=\"ACI Airport Day\" src=\"data:image\/svg+xml;base64,PHN2ZyB3aWR0aD0iMSIgaGVpZ2h0PSIxIiB4bWxucz0iaHR0cDovL3d3dy53My5vcmcvMjAwMC9zdmciPjwvc3ZnPg==\" class=\"lazyload\" style=\"--smush-placeholder-width: 1024px; --smush-placeholder-aspect-ratio: 1024\/576;\" \/><figcaption class=\"wp-element-caption\">Excellence Glaces<\/figcaption><\/figure>\n\n<figure class=\"wp-block-image\"><img decoding=\"async\" data-src=\"https:\/\/richeskarayib.com\/wp-content\/uploads\/2025\/04\/WhatsApp-Image-2025-04-30-a-15.17.28_e5f312ed-1024x576.jpg\" alt=\"\" src=\"data:image\/svg+xml;base64,PHN2ZyB3aWR0aD0iMSIgaGVpZ2h0PSIxIiB4bWxucz0iaHR0cDovL3d3dy53My5vcmcvMjAwMC9zdmciPjwvc3ZnPg==\" class=\"lazyload\" style=\"--smush-placeholder-width: 1024px; --smush-placeholder-aspect-ratio: 1024\/576;\" \/><figcaption class=\"wp-element-caption\">L&rsquo;\u00e9quipe Lauz\u00e9a<\/figcaption><\/figure>\n\n<figure class=\"wp-block-image\"><img decoding=\"async\" data-src=\"https:\/\/richeskarayib.com\/wp-content\/uploads\/2025\/04\/Capture-decran-2025-04-30-163851.png\" alt=\"\" src=\"data:image\/svg+xml;base64,PHN2ZyB3aWR0aD0iMSIgaGVpZ2h0PSIxIiB4bWxucz0iaHR0cDovL3d3dy53My5vcmcvMjAwMC9zdmciPjwvc3ZnPg==\" class=\"lazyload\" \/><\/figure>\n\n<figure class=\"wp-block-image\"><img decoding=\"async\" data-src=\"https:\/\/richeskarayib.com\/wp-content\/uploads\/2025\/04\/WhatsApp-Image-2025-04-30-a-15.22.07_d4edbee9-1024x598.jpg\" alt=\"\" src=\"data:image\/svg+xml;base64,PHN2ZyB3aWR0aD0iMSIgaGVpZ2h0PSIxIiB4bWxucz0iaHR0cDovL3d3dy53My5vcmcvMjAwMC9zdmciPjwvc3ZnPg==\" class=\"lazyload\" style=\"--smush-placeholder-width: 1024px; --smush-placeholder-aspect-ratio: 1024\/598;\" \/><figcaption class=\"wp-element-caption\">Le Coderum<\/figcaption><\/figure>\n\n<figure class=\"wp-block-image\"><img decoding=\"async\" data-src=\"https:\/\/richeskarayib.com\/wp-content\/uploads\/2025\/04\/Capture-decran-2025-04-30-163513.png\" alt=\"\" src=\"data:image\/svg+xml;base64,PHN2ZyB3aWR0aD0iMSIgaGVpZ2h0PSIxIiB4bWxucz0iaHR0cDovL3d3dy53My5vcmcvMjAwMC9zdmciPjwvc3ZnPg==\" class=\"lazyload\" \/><\/figure>\n\n<figure class=\"wp-block-image\"><img decoding=\"async\" data-src=\"https:\/\/richeskarayib.com\/wp-content\/uploads\/2025\/04\/Lauzea-1024x576.jpeg\" alt=\"ACI Airport Day\" src=\"data:image\/svg+xml;base64,PHN2ZyB3aWR0aD0iMSIgaGVpZ2h0PSIxIiB4bWxucz0iaHR0cDovL3d3dy53My5vcmcvMjAwMC9zdmciPjwvc3ZnPg==\" class=\"lazyload\" style=\"--smush-placeholder-width: 1024px; --smush-placeholder-aspect-ratio: 1024\/576;\" \/><figcaption class=\"wp-element-caption\">Lauz\u00e9a<\/figcaption><\/figure>\n\n<figure class=\"wp-block-image\"><img decoding=\"async\" data-src=\"https:\/\/richeskarayib.com\/wp-content\/uploads\/2025\/04\/WhatsApp-Image-2025-04-30-a-15.33.58_884ac38a-713x1024.jpg\" alt=\"\" src=\"data:image\/svg+xml;base64,PHN2ZyB3aWR0aD0iMSIgaGVpZ2h0PSIxIiB4bWxucz0iaHR0cDovL3d3dy53My5vcmcvMjAwMC9zdmciPjwvc3ZnPg==\" class=\"lazyload\" style=\"--smush-placeholder-width: 713px; --smush-placeholder-aspect-ratio: 713\/1024;\" \/><\/figure>\n\n<figure class=\"wp-block-image\"><img decoding=\"async\" data-src=\"https:\/\/richeskarayib.com\/wp-content\/uploads\/2025\/04\/WhatsApp-Image-2025-04-30-a-16.40.52_71a121df.jpg\" alt=\"\" title=\"\" src=\"data:image\/svg+xml;base64,PHN2ZyB3aWR0aD0iMSIgaGVpZ2h0PSIxIiB4bWxucz0iaHR0cDovL3d3dy53My5vcmcvMjAwMC9zdmciPjwvc3ZnPg==\" class=\"lazyload\" \/><\/figure>\n\n<h2 class=\"wp-block-heading\">Une invitation \u00e0 agir ensemble pour tisser l\u2019avenir<\/h2>\n\n<p>L\u2019ACI Airport Day en Martinique a \u00e9t\u00e9 con\u00e7u comme un moment de convergence, de dialogue et d\u2019impulsion. Les remerciements adress\u00e9s aux participants, venus des Cara\u00efbes, d\u2019Am\u00e9rique latine et d\u2019Europe, ont soulign\u00e9 l\u2019importance de cette dynamique r\u00e9gionale. <\/p>\n\n<figure class=\"wp-block-image\"><img decoding=\"async\" data-src=\"https:\/\/richeskarayib.com\/wp-content\/uploads\/2025\/04\/Foule-1024x576.jpeg\" alt=\"ACI Airport Day\" src=\"data:image\/svg+xml;base64,PHN2ZyB3aWR0aD0iMSIgaGVpZ2h0PSIxIiB4bWxucz0iaHR0cDovL3d3dy53My5vcmcvMjAwMC9zdmciPjwvc3ZnPg==\" class=\"lazyload\" style=\"--smush-placeholder-width: 1024px; --smush-placeholder-aspect-ratio: 1024\/576;\" \/><\/figure>\n\n<figure class=\"wp-block-image\"><img decoding=\"async\" data-src=\"https:\/\/richeskarayib.com\/wp-content\/uploads\/2025\/04\/7-1024x576.jpeg\" alt=\"ACI Airport Day\" src=\"data:image\/svg+xml;base64,PHN2ZyB3aWR0aD0iMSIgaGVpZ2h0PSIxIiB4bWxucz0iaHR0cDovL3d3dy53My5vcmcvMjAwMC9zdmciPjwvc3ZnPg==\" class=\"lazyload\" style=\"--smush-placeholder-width: 1024px; --smush-placeholder-aspect-ratio: 1024\/576;\" \/><\/figure>\n\n<p>\u00c0 travers l\u2019appel de Nathalie S\u00e9bastien \u00e0 \u00ab g\u00e9n\u00e9rer de nouvelles id\u00e9es ensemble \u00bb et celui du Dr Echevarne \u00e0 \u00ab \u00e9liminer les obstacles pour r\u00e9aliser le plein potentiel des r\u00e9seaux carib\u00e9ens \u00bb, c\u2019est une vision partag\u00e9e de l\u2019avenir qui se dessine.<\/p>\n\n<p>La Martinique, par cet \u00e9v\u00e9nement, affirme sa volont\u00e9 de devenir un hub strat\u00e9gique de la Cara\u00efbe, tout en misant sur une approche int\u00e9gr\u00e9e : innovation, qualit\u00e9 de service, durabilit\u00e9, et surtout coop\u00e9ration interterritoriale.<\/p>\n\n<figure class=\"wp-block-image\"><img decoding=\"async\" data-src=\"https:\/\/richeskarayib.com\/wp-content\/uploads\/2025\/04\/WhatsApp-Image-2025-04-30-a-16.30.07_65929b0d-1024x576.jpg\" alt=\"\" src=\"data:image\/svg+xml;base64,PHN2ZyB3aWR0aD0iMSIgaGVpZ2h0PSIxIiB4bWxucz0iaHR0cDovL3d3dy53My5vcmcvMjAwMC9zdmciPjwvc3ZnPg==\" class=\"lazyload\" style=\"--smush-placeholder-width: 1024px; --smush-placeholder-aspect-ratio: 1024\/576;\" \/><\/figure>\n\n<figure class=\"wp-block-image\"><img decoding=\"async\" data-src=\"https:\/\/richeskarayib.com\/wp-content\/uploads\/2025\/04\/WhatsApp-Image-2025-04-30-a-16.30.06_239948a5-1024x576.jpg\" alt=\"\" src=\"data:image\/svg+xml;base64,PHN2ZyB3aWR0aD0iMSIgaGVpZ2h0PSIxIiB4bWxucz0iaHR0cDovL3d3dy53My5vcmcvMjAwMC9zdmciPjwvc3ZnPg==\" class=\"lazyload\" style=\"--smush-placeholder-width: 1024px; --smush-placeholder-aspect-ratio: 1024\/576;\" \/><\/figure>\n\n<figure class=\"wp-block-image\"><img decoding=\"async\" data-src=\"https:\/\/richeskarayib.com\/wp-content\/uploads\/2025\/04\/WhatsApp-Image-2025-04-30-a-16.30.06_f038adfd-1024x576.jpg\" alt=\"\" src=\"data:image\/svg+xml;base64,PHN2ZyB3aWR0aD0iMSIgaGVpZ2h0PSIxIiB4bWxucz0iaHR0cDovL3d3dy53My5vcmcvMjAwMC9zdmciPjwvc3ZnPg==\" class=\"lazyload\" style=\"--smush-placeholder-width: 1024px; --smush-placeholder-aspect-ratio: 1024\/576;\" \/><\/figure>\n","protected":false},"excerpt":{"rendered":"<p>R\u00e9uni pour la premi\u00e8re fois en Martinique, l\u2019ACI Airport Day a rassembl\u00e9 des d\u00e9cideurs carib\u00e9ens et internationaux autour des grands d\u00e9fis du transport a\u00e9rien. Gr\u00e2ce \u00e0 la mobilisation conjointe des \u00e9quipes de l\u2019ACI-LAC et de la SAMAC, cet \u00e9v\u00e9nement a su proposer un programme pertinent et enrichissant, pens\u00e9 pour tous les acteurs de l\u2019\u00e9cosyst\u00e8me a\u00e9roportuaire. [&hellip;]<\/p>\n","protected":false},"author":1,"featured_media":19746,"comment_status":"open","ping_status":"open","sticky":false,"template":"","format":"standard","meta":{"footnotes":""},"categories":[97,100,109],"tags":[],"class_list":["post-19747","post","type-post","status-publish","format-standard","has-post-thumbnail","hentry","category-aviation-fr","category-connectivite-aerienne-et-attractivite-territoriale","category-experience-passagers-services"],"yoast_head":"<!-- This site is optimized with the Yoast SEO plugin v26.9 - https:\/\/yoast.com\/product\/yoast-seo-wordpress\/ -->\n<title>Martinique \u2013 Quality of service, innovation, connectivity: key takeaways from ACI Airport Day 2025 - LATITUDE 15<\/title>\n<meta name=\"robots\" content=\"index, follow, max-snippet:-1, max-image-preview:large, max-video-preview:-1\" \/>\n<link rel=\"canonical\" href=\"https:\/\/www.latitude-15.com\/fr\/martinique-quality-of-service-innovation-connectivity-key-takeaways-from-aci-airport-day-2025\/\" \/>\n<meta property=\"og:locale\" content=\"fr_FR\" \/>\n<meta property=\"og:type\" content=\"article\" \/>\n<meta property=\"og:title\" content=\"Martinique \u2013 Quality of service, innovation, connectivity: key takeaways from ACI Airport Day 2025 - LATITUDE 15\" \/>\n<meta property=\"og:description\" content=\"R\u00e9uni pour la premi\u00e8re fois en Martinique, l\u2019ACI Airport Day a rassembl\u00e9 des d\u00e9cideurs carib\u00e9ens et internationaux autour des grands d\u00e9fis du transport a\u00e9rien. Gr\u00e2ce \u00e0 la mobilisation conjointe des \u00e9quipes de l\u2019ACI-LAC et de la SAMAC, cet \u00e9v\u00e9nement a su proposer un programme pertinent et enrichissant, pens\u00e9 pour tous les acteurs de l\u2019\u00e9cosyst\u00e8me a\u00e9roportuaire. [&hellip;]\" \/>\n<meta property=\"og:url\" content=\"https:\/\/www.latitude-15.com\/fr\/martinique-quality-of-service-innovation-connectivity-key-takeaways-from-aci-airport-day-2025\/\" \/>\n<meta property=\"og:site_name\" content=\"LATITUDE 15\" \/>\n<meta property=\"article:published_time\" content=\"2025-04-30T04:54:37+00:00\" \/>\n<meta property=\"article:modified_time\" content=\"2026-02-04T05:36:13+00:00\" \/>\n<meta property=\"og:image\" content=\"https:\/\/www.latitude-15.com\/wp-content\/uploads\/2026\/01\/WhatsApp-Image-2025-04-30-a-17.02.32_fde42e10.jpg.webp\" \/>\n\t<meta property=\"og:image:width\" content=\"1594\" \/>\n\t<meta property=\"og:image:height\" content=\"831\" \/>\n\t<meta property=\"og:image:type\" content=\"image\/webp\" \/>\n<meta name=\"author\" content=\"sabrinalat15\" \/>\n<meta name=\"twitter:card\" content=\"summary_large_image\" \/>\n<meta name=\"twitter:label1\" content=\"\u00c9crit par\" \/>\n\t<meta name=\"twitter:data1\" content=\"sabrinalat15\" \/>\n\t<meta name=\"twitter:label2\" content=\"Dur\u00e9e de lecture estim\u00e9e\" \/>\n\t<meta name=\"twitter:data2\" content=\"6 minutes\" \/>\n<script type=\"application\/ld+json\" class=\"yoast-schema-graph\">{\"@context\":\"https:\/\/schema.org\",\"@graph\":[{\"@type\":\"Article\",\"@id\":\"https:\/\/www.latitude-15.com\/fr\/martinique-quality-of-service-innovation-connectivity-key-takeaways-from-aci-airport-day-2025\/#article\",\"isPartOf\":{\"@id\":\"https:\/\/www.latitude-15.com\/fr\/martinique-quality-of-service-innovation-connectivity-key-takeaways-from-aci-airport-day-2025\/\"},\"author\":{\"name\":\"sabrinalat15\",\"@id\":\"https:\/\/www.latitude-15.com\/fr\/#\/schema\/person\/2a70943507771992ce3316849aa93bdd\"},\"headline\":\"Martinique \u2013 Quality of service, innovation, connectivity: key takeaways from ACI Airport Day 2025\",\"datePublished\":\"2025-04-30T04:54:37+00:00\",\"dateModified\":\"2026-02-04T05:36:13+00:00\",\"mainEntityOfPage\":{\"@id\":\"https:\/\/www.latitude-15.com\/fr\/martinique-quality-of-service-innovation-connectivity-key-takeaways-from-aci-airport-day-2025\/\"},\"wordCount\":1149,\"commentCount\":0,\"publisher\":{\"@id\":\"https:\/\/www.latitude-15.com\/fr\/#organization\"},\"image\":{\"@id\":\"https:\/\/www.latitude-15.com\/fr\/martinique-quality-of-service-innovation-connectivity-key-takeaways-from-aci-airport-day-2025\/#primaryimage\"},\"thumbnailUrl\":\"https:\/\/www.latitude-15.com\/wp-content\/uploads\/2026\/01\/WhatsApp-Image-2025-04-30-a-17.02.32_fde42e10.jpg.webp\",\"articleSection\":[\"AVIATION\",\"Connectivit\u00e9 a\u00e9rienne et Attractivit\u00e9 territoriale\",\"Exp\u00e9rience passagers et services\"],\"inLanguage\":\"fr-FR\",\"potentialAction\":[{\"@type\":\"CommentAction\",\"name\":\"Comment\",\"target\":[\"https:\/\/www.latitude-15.com\/fr\/martinique-quality-of-service-innovation-connectivity-key-takeaways-from-aci-airport-day-2025\/#respond\"]}]},{\"@type\":\"WebPage\",\"@id\":\"https:\/\/www.latitude-15.com\/fr\/martinique-quality-of-service-innovation-connectivity-key-takeaways-from-aci-airport-day-2025\/\",\"url\":\"https:\/\/www.latitude-15.com\/fr\/martinique-quality-of-service-innovation-connectivity-key-takeaways-from-aci-airport-day-2025\/\",\"name\":\"Martinique \u2013 Quality of service, innovation, connectivity: key takeaways from ACI Airport Day 2025 - LATITUDE 15\",\"isPartOf\":{\"@id\":\"https:\/\/www.latitude-15.com\/fr\/#website\"},\"primaryImageOfPage\":{\"@id\":\"https:\/\/www.latitude-15.com\/fr\/martinique-quality-of-service-innovation-connectivity-key-takeaways-from-aci-airport-day-2025\/#primaryimage\"},\"image\":{\"@id\":\"https:\/\/www.latitude-15.com\/fr\/martinique-quality-of-service-innovation-connectivity-key-takeaways-from-aci-airport-day-2025\/#primaryimage\"},\"thumbnailUrl\":\"https:\/\/www.latitude-15.com\/wp-content\/uploads\/2026\/01\/WhatsApp-Image-2025-04-30-a-17.02.32_fde42e10.jpg.webp\",\"datePublished\":\"2025-04-30T04:54:37+00:00\",\"dateModified\":\"2026-02-04T05:36:13+00:00\",\"breadcrumb\":{\"@id\":\"https:\/\/www.latitude-15.com\/fr\/martinique-quality-of-service-innovation-connectivity-key-takeaways-from-aci-airport-day-2025\/#breadcrumb\"},\"inLanguage\":\"fr-FR\",\"potentialAction\":[{\"@type\":\"ReadAction\",\"target\":[\"https:\/\/www.latitude-15.com\/fr\/martinique-quality-of-service-innovation-connectivity-key-takeaways-from-aci-airport-day-2025\/\"]}]},{\"@type\":\"ImageObject\",\"inLanguage\":\"fr-FR\",\"@id\":\"https:\/\/www.latitude-15.com\/fr\/martinique-quality-of-service-innovation-connectivity-key-takeaways-from-aci-airport-day-2025\/#primaryimage\",\"url\":\"https:\/\/www.latitude-15.com\/wp-content\/uploads\/2026\/01\/WhatsApp-Image-2025-04-30-a-17.02.32_fde42e10.jpg.webp\",\"contentUrl\":\"https:\/\/www.latitude-15.com\/wp-content\/uploads\/2026\/01\/WhatsApp-Image-2025-04-30-a-17.02.32_fde42e10.jpg.webp\",\"width\":1594,\"height\":831},{\"@type\":\"BreadcrumbList\",\"@id\":\"https:\/\/www.latitude-15.com\/fr\/martinique-quality-of-service-innovation-connectivity-key-takeaways-from-aci-airport-day-2025\/#breadcrumb\",\"itemListElement\":[{\"@type\":\"ListItem\",\"position\":1,\"name\":\"Home\",\"item\":\"https:\/\/www.latitude-15.com\/fr\/accueil\/\"},{\"@type\":\"ListItem\",\"position\":2,\"name\":\"Martinique \u2013 Quality of service, innovation, connectivity: key takeaways from ACI Airport Day 2025\"}]},{\"@type\":\"WebSite\",\"@id\":\"https:\/\/www.latitude-15.com\/fr\/#website\",\"url\":\"https:\/\/www.latitude-15.com\/fr\/\",\"name\":\"LATITUDE 15\",\"description\":\"Aviation and maritime Magazine - Caribbean &amp; Latin America\",\"publisher\":{\"@id\":\"https:\/\/www.latitude-15.com\/fr\/#organization\"},\"potentialAction\":[{\"@type\":\"SearchAction\",\"target\":{\"@type\":\"EntryPoint\",\"urlTemplate\":\"https:\/\/www.latitude-15.com\/fr\/?s={search_term_string}\"},\"query-input\":{\"@type\":\"PropertyValueSpecification\",\"valueRequired\":true,\"valueName\":\"search_term_string\"}}],\"inLanguage\":\"fr-FR\"},{\"@type\":\"Organization\",\"@id\":\"https:\/\/www.latitude-15.com\/fr\/#organization\",\"name\":\"LATITUDE 15\",\"url\":\"https:\/\/www.latitude-15.com\/fr\/\",\"logo\":{\"@type\":\"ImageObject\",\"inLanguage\":\"fr-FR\",\"@id\":\"https:\/\/www.latitude-15.com\/fr\/#\/schema\/logo\/image\/\",\"url\":\"https:\/\/www.latitude-15.com\/wp-content\/uploads\/2026\/01\/cropped-logox500px.png\",\"contentUrl\":\"https:\/\/www.latitude-15.com\/wp-content\/uploads\/2026\/01\/cropped-logox500px.png\",\"width\":62,\"height\":75,\"caption\":\"LATITUDE 15\"},\"image\":{\"@id\":\"https:\/\/www.latitude-15.com\/fr\/#\/schema\/logo\/image\/\"}},{\"@type\":\"Person\",\"@id\":\"https:\/\/www.latitude-15.com\/fr\/#\/schema\/person\/2a70943507771992ce3316849aa93bdd\",\"name\":\"sabrinalat15\",\"image\":{\"@type\":\"ImageObject\",\"inLanguage\":\"fr-FR\",\"@id\":\"https:\/\/www.latitude-15.com\/fr\/#\/schema\/person\/image\/\",\"url\":\"https:\/\/secure.gravatar.com\/avatar\/91f5e11872ca6128d75f7bbde22cc384ad142a113b81c554ed87d6d9762f8813?s=96&d=mm&r=g\",\"contentUrl\":\"https:\/\/secure.gravatar.com\/avatar\/91f5e11872ca6128d75f7bbde22cc384ad142a113b81c554ed87d6d9762f8813?s=96&d=mm&r=g\",\"caption\":\"sabrinalat15\"},\"sameAs\":[\"https:\/\/www.latitude-15.com\"],\"url\":\"https:\/\/www.latitude-15.com\/fr\/author\/sabrinalat15\/\"}]}<\/script>\n<!-- \/ Yoast SEO plugin. -->","yoast_head_json":{"title":"Martinique \u2013 Quality of service, innovation, connectivity: key takeaways from ACI Airport Day 2025 - LATITUDE 15","robots":{"index":"index","follow":"follow","max-snippet":"max-snippet:-1","max-image-preview":"max-image-preview:large","max-video-preview":"max-video-preview:-1"},"canonical":"https:\/\/www.latitude-15.com\/fr\/martinique-quality-of-service-innovation-connectivity-key-takeaways-from-aci-airport-day-2025\/","og_locale":"fr_FR","og_type":"article","og_title":"Martinique \u2013 Quality of service, innovation, connectivity: key takeaways from ACI Airport Day 2025 - LATITUDE 15","og_description":"R\u00e9uni pour la premi\u00e8re fois en Martinique, l\u2019ACI Airport Day a rassembl\u00e9 des d\u00e9cideurs carib\u00e9ens et internationaux autour des grands d\u00e9fis du transport a\u00e9rien. Gr\u00e2ce \u00e0 la mobilisation conjointe des \u00e9quipes de l\u2019ACI-LAC et de la SAMAC, cet \u00e9v\u00e9nement a su proposer un programme pertinent et enrichissant, pens\u00e9 pour tous les acteurs de l\u2019\u00e9cosyst\u00e8me a\u00e9roportuaire. [&hellip;]","og_url":"https:\/\/www.latitude-15.com\/fr\/martinique-quality-of-service-innovation-connectivity-key-takeaways-from-aci-airport-day-2025\/","og_site_name":"LATITUDE 15","article_published_time":"2025-04-30T04:54:37+00:00","article_modified_time":"2026-02-04T05:36:13+00:00","og_image":[{"width":1594,"height":831,"url":"https:\/\/www.latitude-15.com\/wp-content\/uploads\/2026\/01\/WhatsApp-Image-2025-04-30-a-17.02.32_fde42e10.jpg.webp","type":"image\/webp"}],"author":"sabrinalat15","twitter_card":"summary_large_image","twitter_misc":{"\u00c9crit par":"sabrinalat15","Dur\u00e9e de lecture estim\u00e9e":"6 minutes"},"schema":{"@context":"https:\/\/schema.org","@graph":[{"@type":"Article","@id":"https:\/\/www.latitude-15.com\/fr\/martinique-quality-of-service-innovation-connectivity-key-takeaways-from-aci-airport-day-2025\/#article","isPartOf":{"@id":"https:\/\/www.latitude-15.com\/fr\/martinique-quality-of-service-innovation-connectivity-key-takeaways-from-aci-airport-day-2025\/"},"author":{"name":"sabrinalat15","@id":"https:\/\/www.latitude-15.com\/fr\/#\/schema\/person\/2a70943507771992ce3316849aa93bdd"},"headline":"Martinique \u2013 Quality of service, innovation, connectivity: key takeaways from ACI Airport Day 2025","datePublished":"2025-04-30T04:54:37+00:00","dateModified":"2026-02-04T05:36:13+00:00","mainEntityOfPage":{"@id":"https:\/\/www.latitude-15.com\/fr\/martinique-quality-of-service-innovation-connectivity-key-takeaways-from-aci-airport-day-2025\/"},"wordCount":1149,"commentCount":0,"publisher":{"@id":"https:\/\/www.latitude-15.com\/fr\/#organization"},"image":{"@id":"https:\/\/www.latitude-15.com\/fr\/martinique-quality-of-service-innovation-connectivity-key-takeaways-from-aci-airport-day-2025\/#primaryimage"},"thumbnailUrl":"https:\/\/www.latitude-15.com\/wp-content\/uploads\/2026\/01\/WhatsApp-Image-2025-04-30-a-17.02.32_fde42e10.jpg.webp","articleSection":["AVIATION","Connectivit\u00e9 a\u00e9rienne et Attractivit\u00e9 territoriale","Exp\u00e9rience passagers et services"],"inLanguage":"fr-FR","potentialAction":[{"@type":"CommentAction","name":"Comment","target":["https:\/\/www.latitude-15.com\/fr\/martinique-quality-of-service-innovation-connectivity-key-takeaways-from-aci-airport-day-2025\/#respond"]}]},{"@type":"WebPage","@id":"https:\/\/www.latitude-15.com\/fr\/martinique-quality-of-service-innovation-connectivity-key-takeaways-from-aci-airport-day-2025\/","url":"https:\/\/www.latitude-15.com\/fr\/martinique-quality-of-service-innovation-connectivity-key-takeaways-from-aci-airport-day-2025\/","name":"Martinique \u2013 Quality of service, innovation, connectivity: key takeaways from ACI Airport Day 2025 - LATITUDE 15","isPartOf":{"@id":"https:\/\/www.latitude-15.com\/fr\/#website"},"primaryImageOfPage":{"@id":"https:\/\/www.latitude-15.com\/fr\/martinique-quality-of-service-innovation-connectivity-key-takeaways-from-aci-airport-day-2025\/#primaryimage"},"image":{"@id":"https:\/\/www.latitude-15.com\/fr\/martinique-quality-of-service-innovation-connectivity-key-takeaways-from-aci-airport-day-2025\/#primaryimage"},"thumbnailUrl":"https:\/\/www.latitude-15.com\/wp-content\/uploads\/2026\/01\/WhatsApp-Image-2025-04-30-a-17.02.32_fde42e10.jpg.webp","datePublished":"2025-04-30T04:54:37+00:00","dateModified":"2026-02-04T05:36:13+00:00","breadcrumb":{"@id":"https:\/\/www.latitude-15.com\/fr\/martinique-quality-of-service-innovation-connectivity-key-takeaways-from-aci-airport-day-2025\/#breadcrumb"},"inLanguage":"fr-FR","potentialAction":[{"@type":"ReadAction","target":["https:\/\/www.latitude-15.com\/fr\/martinique-quality-of-service-innovation-connectivity-key-takeaways-from-aci-airport-day-2025\/"]}]},{"@type":"ImageObject","inLanguage":"fr-FR","@id":"https:\/\/www.latitude-15.com\/fr\/martinique-quality-of-service-innovation-connectivity-key-takeaways-from-aci-airport-day-2025\/#primaryimage","url":"https:\/\/www.latitude-15.com\/wp-content\/uploads\/2026\/01\/WhatsApp-Image-2025-04-30-a-17.02.32_fde42e10.jpg.webp","contentUrl":"https:\/\/www.latitude-15.com\/wp-content\/uploads\/2026\/01\/WhatsApp-Image-2025-04-30-a-17.02.32_fde42e10.jpg.webp","width":1594,"height":831},{"@type":"BreadcrumbList","@id":"https:\/\/www.latitude-15.com\/fr\/martinique-quality-of-service-innovation-connectivity-key-takeaways-from-aci-airport-day-2025\/#breadcrumb","itemListElement":[{"@type":"ListItem","position":1,"name":"Home","item":"https:\/\/www.latitude-15.com\/fr\/accueil\/"},{"@type":"ListItem","position":2,"name":"Martinique \u2013 Quality of service, innovation, connectivity: key takeaways from ACI Airport Day 2025"}]},{"@type":"WebSite","@id":"https:\/\/www.latitude-15.com\/fr\/#website","url":"https:\/\/www.latitude-15.com\/fr\/","name":"LATITUDE 15","description":"Aviation and maritime Magazine - Caribbean &amp; Latin America","publisher":{"@id":"https:\/\/www.latitude-15.com\/fr\/#organization"},"potentialAction":[{"@type":"SearchAction","target":{"@type":"EntryPoint","urlTemplate":"https:\/\/www.latitude-15.com\/fr\/?s={search_term_string}"},"query-input":{"@type":"PropertyValueSpecification","valueRequired":true,"valueName":"search_term_string"}}],"inLanguage":"fr-FR"},{"@type":"Organization","@id":"https:\/\/www.latitude-15.com\/fr\/#organization","name":"LATITUDE 15","url":"https:\/\/www.latitude-15.com\/fr\/","logo":{"@type":"ImageObject","inLanguage":"fr-FR","@id":"https:\/\/www.latitude-15.com\/fr\/#\/schema\/logo\/image\/","url":"https:\/\/www.latitude-15.com\/wp-content\/uploads\/2026\/01\/cropped-logox500px.png","contentUrl":"https:\/\/www.latitude-15.com\/wp-content\/uploads\/2026\/01\/cropped-logox500px.png","width":62,"height":75,"caption":"LATITUDE 15"},"image":{"@id":"https:\/\/www.latitude-15.com\/fr\/#\/schema\/logo\/image\/"}},{"@type":"Person","@id":"https:\/\/www.latitude-15.com\/fr\/#\/schema\/person\/2a70943507771992ce3316849aa93bdd","name":"sabrinalat15","image":{"@type":"ImageObject","inLanguage":"fr-FR","@id":"https:\/\/www.latitude-15.com\/fr\/#\/schema\/person\/image\/","url":"https:\/\/secure.gravatar.com\/avatar\/91f5e11872ca6128d75f7bbde22cc384ad142a113b81c554ed87d6d9762f8813?s=96&d=mm&r=g","contentUrl":"https:\/\/secure.gravatar.com\/avatar\/91f5e11872ca6128d75f7bbde22cc384ad142a113b81c554ed87d6d9762f8813?s=96&d=mm&r=g","caption":"sabrinalat15"},"sameAs":["https:\/\/www.latitude-15.com"],"url":"https:\/\/www.latitude-15.com\/fr\/author\/sabrinalat15\/"}]}},"_links":{"self":[{"href":"https:\/\/www.latitude-15.com\/fr\/wp-json\/wp\/v2\/posts\/19747","targetHints":{"allow":["GET"]}}],"collection":[{"href":"https:\/\/www.latitude-15.com\/fr\/wp-json\/wp\/v2\/posts"}],"about":[{"href":"https:\/\/www.latitude-15.com\/fr\/wp-json\/wp\/v2\/types\/post"}],"author":[{"embeddable":true,"href":"https:\/\/www.latitude-15.com\/fr\/wp-json\/wp\/v2\/users\/1"}],"replies":[{"embeddable":true,"href":"https:\/\/www.latitude-15.com\/fr\/wp-json\/wp\/v2\/comments?post=19747"}],"version-history":[{"count":1,"href":"https:\/\/www.latitude-15.com\/fr\/wp-json\/wp\/v2\/posts\/19747\/revisions"}],"predecessor-version":[{"id":19748,"href":"https:\/\/www.latitude-15.com\/fr\/wp-json\/wp\/v2\/posts\/19747\/revisions\/19748"}],"wp:featuredmedia":[{"embeddable":true,"href":"https:\/\/www.latitude-15.com\/fr\/wp-json\/wp\/v2\/media\/19746"}],"wp:attachment":[{"href":"https:\/\/www.latitude-15.com\/fr\/wp-json\/wp\/v2\/media?parent=19747"}],"wp:term":[{"taxonomy":"category","embeddable":true,"href":"https:\/\/www.latitude-15.com\/fr\/wp-json\/wp\/v2\/categories?post=19747"},{"taxonomy":"post_tag","embeddable":true,"href":"https:\/\/www.latitude-15.com\/fr\/wp-json\/wp\/v2\/tags?post=19747"}],"curies":[{"name":"wp","href":"https:\/\/api.w.org\/{rel}","templated":true}]}}