{"id":19711,"date":"2025-05-20T01:37:00","date_gmt":"2025-05-20T05:37:00","guid":{"rendered":"https:\/\/www.latitude-15.com\/2025\/05\/20\/seatrade-2025-saint-vincent-et-les-grenadines-une-ile-une-histoire-un-avenir-responsable\/"},"modified":"2026-02-04T01:07:05","modified_gmt":"2026-02-04T05:07:05","slug":"seatrade-2025-saint-vincent-et-les-grenadines-une-ile-une-histoire-un-avenir-responsable","status":"publish","type":"post","link":"https:\/\/www.latitude-15.com\/fr\/seatrade-2025-saint-vincent-et-les-grenadines-une-ile-une-histoire-un-avenir-responsable\/","title":{"rendered":"[SEATRADE 2025] Saint-Vincent-et-les-Grenadines \u2013 Une \u00eele, une histoire, un avenir responsable"},"content":{"rendered":"\n<h2 class=\"wp-block-heading\">Saint-Vincent-et-les-Grenadines affirme son engagement envers l&rsquo;innovation et l&rsquo;authenticit\u00e9<\/h2>\n\n<p>Du 8 au 11 avril 2025, <a href=\"https:\/\/www.tripadvisor.fr\/Tourism-g147379-St_Vincent_and_the_Grenadines-Vacations.html\" target=\"_blank\" rel=\"noreferrer noopener\"><strong>Saint-Vincent-et-les-Grenadines<\/strong><\/a> \u00e9tait l&rsquo;un des territoires carib\u00e9ens pr\u00e9sents au <a href=\"https:\/\/www.seatradecruiseevents.com\/global\/en\/home.html\" target=\"_blank\" rel=\"noreferrer noopener\"><strong>Seatrade Cruise Global<\/strong><\/a> \u00e0 Miami, le plus grand salon professionnel au monde d\u00e9di\u00e9 \u00e0 l&rsquo;industrie des croisi\u00e8res.<br\/>\u00c0 travers les t\u00e9moignages du <strong>Comit\u00e9 du Tourisme<\/strong>, de la <strong>Port Authority<\/strong> et de l&rsquo;<strong>Association des Chauffeurs de Taxi<\/strong>, le pays a affich\u00e9 ses ambitions : affirmer son identit\u00e9, renforcer ses infrastructures et se positionner comme une destination authentique, durable et r\u00e9solument tourn\u00e9e vers l&rsquo;avenir dans le monde des croisi\u00e8res carib\u00e9ennes.<\/p>\n\n<h2 class=\"wp-block-heading\">D\u00e9velopper un tourisme authentique et diversifi\u00e9 &#8211; La vision du Comit\u00e9 du Tourisme<\/h2>\n\n<p>Pour <strong>Annette Mark<\/strong>, directrice g\u00e9n\u00e9rale de l&rsquo;<a href=\"https:\/\/richeskarayib.com\/escoot-rentals-the-new-face-of-eco-friendly\/\" target=\"_blank\" rel=\"noreferrer noopener\">Office de Tourisme de Saint-Vincent-et-les-Grenadines<\/a>, Seatrade est \u00ab <strong>un \u00e9v\u00e9nement essentiel, riche en rencontres et en opportunit\u00e9s pour l&rsquo;avenir<\/strong> \u00bb.<br\/>Elle souligne l&rsquo;importance des prochaines saisons (2026-2028) pour consolider l&rsquo;image du pays sur la sc\u00e8ne internationale.<\/p>\n\n<p>Aujourd&rsquo;hui, l&rsquo;\u00eele conna\u00eet un v\u00e9ritable essor gr\u00e2ce \u00e0 :<\/p>\n\n<ul class=\"wp-block-list\">\n<li><strong>L&rsquo;ouverture de l&rsquo;a\u00e9roport international en 2017<\/strong>,<\/li>\n\n\n\n<li><strong>L&rsquo;implantation de grandes marques h\u00f4teli\u00e8res<\/strong> telles que <strong>Sandals<\/strong>, <strong>Mandarin Oriental<\/strong> et <strong>Soho House<\/strong>.<\/li>\n<\/ul>\n\n<p>Ces investissements transforment l&rsquo;exp\u00e9rience touristique, en particulier sur l&rsquo;\u00eele principale.<\/p>\n\n<p>Cependant, la situation g\u00e9ographique de Saint-Vincent repr\u00e9sente un d\u00e9fi pour les croisi\u00e8res classiques de 7 jours au d\u00e9part de Miami.<br\/>\u00ab <strong>Nous devons cr\u00e9er une demande pour encourager les compagnies \u00e0 prolonger leurs itin\u00e9raires et \u00e0 venir plus au sud<\/strong> \u00bb, explique Annette Mark.<\/p>\n\n<figure class=\"wp-block-image\"><img decoding=\"async\" data-src=\"https:\/\/richeskarayib.com\/wp-content\/uploads\/2025\/05\/2025-05-20_21h22_06.png\" alt=\"Saint-Vincent-et-les-Grenadines\" src=\"data:image\/svg+xml;base64,PHN2ZyB3aWR0aD0iMSIgaGVpZ2h0PSIxIiB4bWxucz0iaHR0cDovL3d3dy53My5vcmcvMjAwMC9zdmciPjwvc3ZnPg==\" class=\"lazyload\" \/><figcaption class=\"wp-element-caption\">Annette Mark<\/figcaption><\/figure>\n\n<h2 class=\"wp-block-heading\">Qu&rsquo;est-ce qui rend Saint-Vincent-et-les-Grenadines unique ?<\/h2>\n\n<ul class=\"wp-block-list\">\n<li><strong>Une biodiversit\u00e9 exceptionnelle<\/strong> entre plages de sable noir, cascades et volcans,<\/li>\n\n\n\n<li><strong>Des \u00eeles coralliennes aux plages de sable blanc<\/strong>,<\/li>\n\n\n\n<li><strong>Une authenticit\u00e9 pr\u00e9serv\u00e9e<\/strong>, loin du tourisme de masse.<\/li>\n<\/ul>\n\n<p>\ud83c\udfaf <strong>Annette Mark souhaite<\/strong><strong> que Saint-Vincent-et-les-Grenadines<\/strong> <strong>continue de<\/strong><strong> se positionner comme une destination boutique, authentique et inoubliable<\/strong>.<\/p>\n\n<figure class=\"wp-block-image\"><img decoding=\"async\" data-src=\"https:\/\/richeskarayib.com\/wp-content\/uploads\/2025\/05\/st-vincent-and-the-grenadines-1-1024x768.jpg\" alt=\"Saint-Vincent-et-les-Grenadines\" src=\"data:image\/svg+xml;base64,PHN2ZyB3aWR0aD0iMSIgaGVpZ2h0PSIxIiB4bWxucz0iaHR0cDovL3d3dy53My5vcmcvMjAwMC9zdmciPjwvc3ZnPg==\" class=\"lazyload\" style=\"--smush-placeholder-width: 1024px; --smush-placeholder-aspect-ratio: 1024\/768;\" \/><\/figure>\n\n<figure class=\"wp-block-image\"><img decoding=\"async\" data-src=\"https:\/\/richeskarayib.com\/wp-content\/uploads\/2025\/05\/une-des-5-iles-desertes-1024x576.jpg\" alt=\"Saint-Vincent-et-les-Grenadines\" src=\"data:image\/svg+xml;base64,PHN2ZyB3aWR0aD0iMSIgaGVpZ2h0PSIxIiB4bWxucz0iaHR0cDovL3d3dy53My5vcmcvMjAwMC9zdmciPjwvc3ZnPg==\" class=\"lazyload\" style=\"--smush-placeholder-width: 1024px; --smush-placeholder-aspect-ratio: 1024\/576;\" \/><\/figure>\n\n<figure class=\"wp-block-image\"><img decoding=\"async\" data-src=\"https:\/\/richeskarayib.com\/wp-content\/uploads\/2025\/05\/caribbean-paradise-1024x683.jpg\" alt=\"Saint-Vincent-et-les-Grenadines\" src=\"data:image\/svg+xml;base64,PHN2ZyB3aWR0aD0iMSIgaGVpZ2h0PSIxIiB4bWxucz0iaHR0cDovL3d3dy53My5vcmcvMjAwMC9zdmciPjwvc3ZnPg==\" class=\"lazyload\" style=\"--smush-placeholder-width: 1024px; --smush-placeholder-aspect-ratio: 1024\/683;\" \/><\/figure>\n\n<h2 class=\"wp-block-heading\">Mettre l&rsquo;accent sur les infrastructures durables &#8211; La strat\u00e9gie de l&rsquo;Autorit\u00e9 Portuaire<\/h2>\n\n<figure class=\"wp-block-image\"><img decoding=\"async\" data-src=\"https:\/\/richeskarayib.com\/wp-content\/uploads\/2025\/05\/2025-05-20_21h23_24.png\" alt=\"Saint-Vincent-et-les-Grenadines\" src=\"data:image\/svg+xml;base64,PHN2ZyB3aWR0aD0iMSIgaGVpZ2h0PSIxIiB4bWxucz0iaHR0cDovL3d3dy53My5vcmcvMjAwMC9zdmciPjwvc3ZnPg==\" class=\"lazyload\" \/><figcaption class=\"wp-element-caption\">Carl James<\/figcaption><\/figure>\n\n<p>Pour <strong>Carl James<\/strong>, directeur g\u00e9n\u00e9ral de l&rsquo;Autorit\u00e9 Portuaire de Saint-Vincent-et-les-Grenadines, Seatrade est l&rsquo;occasion de \u00ab <strong>renforcer les liens avec les compagnies de croisi\u00e8re et d&rsquo;am\u00e9liorer l&rsquo;exp\u00e9rience client<\/strong> \u00bb.<\/p>\n\n<p>Deux axes strat\u00e9giques guident son action :<\/p>\n\n<ol class=\"wp-block-list\">\n<li><strong>Diversifier les offres<\/strong> pour inviter les passagers \u00e0 explorer au-del\u00e0 de la ville.<\/li>\n\n\n\n<li><strong>Renforcer la durabilit\u00e9<\/strong> des infrastructures portuaires.<\/li>\n<\/ol>\n\n<p>Les principaux projets comprennent<\/p>\n\n<ul class=\"wp-block-list\">\n<li><strong>Un nouveau port de fret<\/strong>, dont l&rsquo;ach\u00e8vement est pr\u00e9vu en ao\u00fbt 2025,<\/li>\n\n\n\n<li><strong>La transformation de l&rsquo;ancien port<\/strong> en un v\u00e9ritable espace de vie : marina, boutiques, h\u00f4tels, espaces culturels et une gare maritime modernis\u00e9e.<\/li>\n<\/ul>\n\n<p>Carl James insiste \u00e9galement sur <strong>la promotion du <a href=\"https:\/\/richeskarayib.com\/garifunas-of-honduras-heritage-of-the-sea\/\" target=\"_blank\" rel=\"noreferrer noopener\">patrimoine Garifuna<\/a><\/strong>, avec des projets visant \u00e0 faire d\u00e9couvrir aux visiteurs leur culture, leur architecture traditionnelle et leur cuisine.<br\/>\u00ab <strong>Ce qui nous distingue, c&rsquo;est notre histoire vivante, celle des Garifunas, et nous devons la partager avec le monde<\/strong> \u00bb, affirme-t-il.<\/p>\n\n<p>\ud83c\udfaf <strong>L&rsquo;ambition de Carl James est<\/strong> de construire <strong>un port \u00e9co-responsable, aliment\u00e9 par l&rsquo;\u00e9nergie g\u00e9othermique, capable de fournir de l&rsquo;\u00e9lectricit\u00e9 verte aux navires amarr\u00e9s au port<\/strong>.<\/p>\n\n<figure class=\"wp-block-image\"><img decoding=\"async\" data-src=\"https:\/\/richeskarayib.com\/wp-content\/uploads\/2025\/05\/hanging-out-in-batcaves-1024x1024.jpg\" alt=\"Saint-Vincent-et-les-Grenadines\" src=\"data:image\/svg+xml;base64,PHN2ZyB3aWR0aD0iMSIgaGVpZ2h0PSIxIiB4bWxucz0iaHR0cDovL3d3dy53My5vcmcvMjAwMC9zdmciPjwvc3ZnPg==\" class=\"lazyload\" style=\"--smush-placeholder-width: 1024px; --smush-placeholder-aspect-ratio: 1024\/1024;\" \/><\/figure>\n\n<figure class=\"wp-block-image\"><img decoding=\"async\" data-src=\"https:\/\/richeskarayib.com\/wp-content\/uploads\/2025\/05\/salt-pond-1024x684.jpg\" alt=\"Saint-Vincent-et-les-Grenadines\" src=\"data:image\/svg+xml;base64,PHN2ZyB3aWR0aD0iMSIgaGVpZ2h0PSIxIiB4bWxucz0iaHR0cDovL3d3dy53My5vcmcvMjAwMC9zdmciPjwvc3ZnPg==\" class=\"lazyload\" style=\"--smush-placeholder-width: 1024px; --smush-placeholder-aspect-ratio: 1024\/684;\" \/><\/figure>\n\n<figure class=\"wp-block-image\"><img decoding=\"async\" data-src=\"https:\/\/richeskarayib.com\/wp-content\/uploads\/2025\/05\/kiss-me-waterfall-1024x1024.jpg\" alt=\"Saint-Vincent-et-les-Grenadines\" src=\"data:image\/svg+xml;base64,PHN2ZyB3aWR0aD0iMSIgaGVpZ2h0PSIxIiB4bWxucz0iaHR0cDovL3d3dy53My5vcmcvMjAwMC9zdmciPjwvc3ZnPg==\" class=\"lazyload\" style=\"--smush-placeholder-width: 1024px; --smush-placeholder-aspect-ratio: 1024\/1024;\" \/><\/figure>\n\n<figure class=\"wp-block-image\"><img decoding=\"async\" data-src=\"https:\/\/richeskarayib.com\/wp-content\/uploads\/2025\/05\/st-vincent-and-the-grenadines-2-1024x640.jpg\" alt=\"Saint-Vincent-et-les-Grenadines\" src=\"data:image\/svg+xml;base64,PHN2ZyB3aWR0aD0iMSIgaGVpZ2h0PSIxIiB4bWxucz0iaHR0cDovL3d3dy53My5vcmcvMjAwMC9zdmciPjwvc3ZnPg==\" class=\"lazyload\" style=\"--smush-placeholder-width: 1024px; --smush-placeholder-aspect-ratio: 1024\/640;\" \/><\/figure>\n\n<h2 class=\"wp-block-heading\">Offrir un accueil chaleureux &#8211; L&rsquo;engagement de l&rsquo;Association des Chauffeurs de Taxi<\/h2>\n\n<figure class=\"wp-block-image\"><img decoding=\"async\" data-src=\"https:\/\/richeskarayib.com\/wp-content\/uploads\/2025\/05\/2025-05-20_21h25_00.png\" alt=\"Saint-Vincent-et-les-Grenadines\" src=\"data:image\/svg+xml;base64,PHN2ZyB3aWR0aD0iMSIgaGVpZ2h0PSIxIiB4bWxucz0iaHR0cDovL3d3dy53My5vcmcvMjAwMC9zdmciPjwvc3ZnPg==\" class=\"lazyload\" \/><figcaption class=\"wp-element-caption\">Nigel Antrobus<\/figcaption><\/figure>\n\n<p>Membre de la <strong>SVG Taxi Drivers Association<\/strong>, <strong>Nigel Antrobus<\/strong> d\u00e9fend une autre facette essentielle de l&rsquo;exp\u00e9rience touristique : l&rsquo;hospitalit\u00e9 personnalis\u00e9e.<\/p>\n\n<p>Depuis plus de <strong>40 ans<\/strong>, l&rsquo;association s&rsquo;efforce de garantir aux visiteurs <strong>s\u00e9curit\u00e9, confort et immersion locale<\/strong>.<br\/>\u00ab <strong>Avec nous, les touristes d\u00e9couvrent des endroits que les grands bus ne peuvent pas atteindre, vivent des exp\u00e9riences authentiques et tissent un lien humain avec notre \u00eele<\/strong> \u00bb, explique-t-il.<\/p>\n\n<p>La coop\u00e9ration entre les chauffeurs, les minist\u00e8res et les op\u00e9rateurs touristiques contribue d\u00e9sormais \u00e0 \u00e9quilibrer le flux entre les excursions organis\u00e9es et les d\u00e9couvertes priv\u00e9es.<\/p>\n\n<p>Outre le transport, l&rsquo;Association assure <strong>un haut niveau de fiabilit\u00e9<\/strong> :<br\/>\u00ab <strong>Si un visiteur oublie quelque chose, il est assur\u00e9 de le r\u00e9cup\u00e9rer rapidement. C&rsquo;est une question de confiance.<\/strong> \u00bb<\/p>\n\n<p>\ud83c\udfaf <strong>Nigel Antrobus souhaite<\/strong> vivement <strong>renforcer davantage la coop\u00e9ration entre tous les acteurs impliqu\u00e9s, afin d&rsquo;offrir une hospitalit\u00e9 in\u00e9gal\u00e9e \u00e0 chaque visiteur<\/strong>.<\/p>\n\n<h2 class=\"wp-block-heading\">Saint-Vincent-et-les-Grenadines, une destination boutique authentique<\/h2>\n\n<p>Au Seatrade Cruise Global 2025, <strong>Saint-Vincent-et-les-Grenadines<\/strong> a montr\u00e9 que l&rsquo;authenticit\u00e9, la durabilit\u00e9 et la valorisation du patrimoine sont de puissants leviers pour construire l&rsquo;avenir des croisi\u00e8res carib\u00e9ennes.<br\/>Gr\u00e2ce \u00e0 des projets d&rsquo;infrastructure, une strat\u00e9gie culturelle forte et l&rsquo;engagement de ses professionnels du tourisme, le pays trace sa voie, fid\u00e8le \u00e0 son identit\u00e9 tout en s&rsquo;ouvrant \u00e0 de nouvelles opportunit\u00e9s.<\/p>\n\n<p><strong>Plus qu&rsquo;une destination, Saint-Vincent-et-les-Grenadines offre une exp\u00e9rience de vie o\u00f9 la nature, l&rsquo;histoire et l&rsquo;hospitalit\u00e9 se conjuguent pour cr\u00e9er des souvenirs uniques.<\/strong><\/p>\n\n<figure class=\"wp-block-image\"><img decoding=\"async\" data-src=\"https:\/\/richeskarayib.com\/wp-content\/uploads\/2025\/05\/port-kingstown-young-1024x1024.jpg\" alt=\"Saint-Vincent-et-les-Grenadines\" src=\"data:image\/svg+xml;base64,PHN2ZyB3aWR0aD0iMSIgaGVpZ2h0PSIxIiB4bWxucz0iaHR0cDovL3d3dy53My5vcmcvMjAwMC9zdmciPjwvc3ZnPg==\" class=\"lazyload\" style=\"--smush-placeholder-width: 1024px; --smush-placeholder-aspect-ratio: 1024\/1024;\" \/><\/figure>\n","protected":false},"excerpt":{"rendered":"<p>Saint-Vincent-et-les-Grenadines affirme son engagement envers l&rsquo;innovation et l&rsquo;authenticit\u00e9 Du 8 au 11 avril 2025, Saint-Vincent-et-les-Grenadines \u00e9tait l&rsquo;un des territoires carib\u00e9ens pr\u00e9sents au Seatrade Cruise Global \u00e0 Miami, le plus grand salon professionnel au monde d\u00e9di\u00e9 \u00e0 l&rsquo;industrie des croisi\u00e8res.\u00c0 travers les t\u00e9moignages du Comit\u00e9 du Tourisme, de la Port Authority et de l&rsquo;Association des Chauffeurs [&hellip;]<\/p>\n","protected":false},"author":1,"featured_media":19710,"comment_status":"open","ping_status":"open","sticky":false,"template":"","format":"standard","meta":{"footnotes":""},"categories":[127,118],"tags":[],"class_list":["post-19711","post","type-post","status-publish","format-standard","has-post-thumbnail","hentry","category-croisiere-gestion-des-destinations","category-maritime-fr"],"yoast_head":"<!-- This site is optimized with the Yoast SEO plugin v26.9 - https:\/\/yoast.com\/product\/yoast-seo-wordpress\/ -->\n<title>[SEATRADE 2025] Saint-Vincent-et-les-Grenadines \u2013 Une \u00eele, une histoire, un avenir responsable - LATITUDE 15<\/title>\n<meta name=\"robots\" content=\"index, follow, max-snippet:-1, max-image-preview:large, max-video-preview:-1\" \/>\n<link rel=\"canonical\" href=\"https:\/\/www.latitude-15.com\/fr\/seatrade-2025-saint-vincent-et-les-grenadines-une-ile-une-histoire-un-avenir-responsable\/\" \/>\n<meta property=\"og:locale\" content=\"fr_FR\" \/>\n<meta property=\"og:type\" content=\"article\" \/>\n<meta property=\"og:title\" content=\"[SEATRADE 2025] Saint-Vincent-et-les-Grenadines \u2013 Une \u00eele, une histoire, un avenir responsable - LATITUDE 15\" \/>\n<meta property=\"og:description\" content=\"Saint-Vincent-et-les-Grenadines affirme son engagement envers l&rsquo;innovation et l&rsquo;authenticit\u00e9 Du 8 au 11 avril 2025, Saint-Vincent-et-les-Grenadines \u00e9tait l&rsquo;un des territoires carib\u00e9ens pr\u00e9sents au Seatrade Cruise Global \u00e0 Miami, le plus grand salon professionnel au monde d\u00e9di\u00e9 \u00e0 l&rsquo;industrie des croisi\u00e8res.\u00c0 travers les t\u00e9moignages du Comit\u00e9 du Tourisme, de la Port Authority et de l&rsquo;Association des Chauffeurs [&hellip;]\" \/>\n<meta property=\"og:url\" content=\"https:\/\/www.latitude-15.com\/fr\/seatrade-2025-saint-vincent-et-les-grenadines-une-ile-une-histoire-un-avenir-responsable\/\" \/>\n<meta property=\"og:site_name\" content=\"LATITUDE 15\" \/>\n<meta property=\"article:published_time\" content=\"2025-05-20T05:37:00+00:00\" \/>\n<meta property=\"article:modified_time\" content=\"2026-02-04T05:07:05+00:00\" \/>\n<meta property=\"og:image\" content=\"https:\/\/www.latitude-15.com\/wp-content\/uploads\/2026\/01\/490756840_122227114772230773_1824298446440038340_n.jpg.webp\" \/>\n\t<meta property=\"og:image:width\" content=\"1440\" \/>\n\t<meta property=\"og:image:height\" content=\"960\" \/>\n\t<meta property=\"og:image:type\" content=\"image\/webp\" \/>\n<meta name=\"author\" content=\"sabrinalat15\" \/>\n<meta name=\"twitter:card\" content=\"summary_large_image\" \/>\n<meta name=\"twitter:label1\" content=\"\u00c9crit par\" \/>\n\t<meta name=\"twitter:data1\" content=\"sabrinalat15\" \/>\n\t<meta name=\"twitter:label2\" content=\"Dur\u00e9e de lecture estim\u00e9e\" \/>\n\t<meta name=\"twitter:data2\" content=\"4 minutes\" \/>\n<script type=\"application\/ld+json\" class=\"yoast-schema-graph\">{\"@context\":\"https:\/\/schema.org\",\"@graph\":[{\"@type\":\"Article\",\"@id\":\"https:\/\/www.latitude-15.com\/fr\/seatrade-2025-saint-vincent-et-les-grenadines-une-ile-une-histoire-un-avenir-responsable\/#article\",\"isPartOf\":{\"@id\":\"https:\/\/www.latitude-15.com\/fr\/seatrade-2025-saint-vincent-et-les-grenadines-une-ile-une-histoire-un-avenir-responsable\/\"},\"author\":{\"name\":\"sabrinalat15\",\"@id\":\"https:\/\/www.latitude-15.com\/fr\/#\/schema\/person\/2a70943507771992ce3316849aa93bdd\"},\"headline\":\"[SEATRADE 2025] Saint-Vincent-et-les-Grenadines \u2013 Une \u00eele, une histoire, un avenir responsable\",\"datePublished\":\"2025-05-20T05:37:00+00:00\",\"dateModified\":\"2026-02-04T05:07:05+00:00\",\"mainEntityOfPage\":{\"@id\":\"https:\/\/www.latitude-15.com\/fr\/seatrade-2025-saint-vincent-et-les-grenadines-une-ile-une-histoire-un-avenir-responsable\/\"},\"wordCount\":791,\"commentCount\":0,\"publisher\":{\"@id\":\"https:\/\/www.latitude-15.com\/fr\/#organization\"},\"image\":{\"@id\":\"https:\/\/www.latitude-15.com\/fr\/seatrade-2025-saint-vincent-et-les-grenadines-une-ile-une-histoire-un-avenir-responsable\/#primaryimage\"},\"thumbnailUrl\":\"https:\/\/www.latitude-15.com\/wp-content\/uploads\/2026\/01\/490756840_122227114772230773_1824298446440038340_n.jpg.webp\",\"articleSection\":[\"Exploitation croisi\u00e8re &amp; gestion de l\u2019interface ville-port\",\"MARITIME\"],\"inLanguage\":\"fr-FR\",\"potentialAction\":[{\"@type\":\"CommentAction\",\"name\":\"Comment\",\"target\":[\"https:\/\/www.latitude-15.com\/fr\/seatrade-2025-saint-vincent-et-les-grenadines-une-ile-une-histoire-un-avenir-responsable\/#respond\"]}]},{\"@type\":\"WebPage\",\"@id\":\"https:\/\/www.latitude-15.com\/fr\/seatrade-2025-saint-vincent-et-les-grenadines-une-ile-une-histoire-un-avenir-responsable\/\",\"url\":\"https:\/\/www.latitude-15.com\/fr\/seatrade-2025-saint-vincent-et-les-grenadines-une-ile-une-histoire-un-avenir-responsable\/\",\"name\":\"[SEATRADE 2025] Saint-Vincent-et-les-Grenadines \u2013 Une \u00eele, une histoire, un avenir responsable - LATITUDE 15\",\"isPartOf\":{\"@id\":\"https:\/\/www.latitude-15.com\/fr\/#website\"},\"primaryImageOfPage\":{\"@id\":\"https:\/\/www.latitude-15.com\/fr\/seatrade-2025-saint-vincent-et-les-grenadines-une-ile-une-histoire-un-avenir-responsable\/#primaryimage\"},\"image\":{\"@id\":\"https:\/\/www.latitude-15.com\/fr\/seatrade-2025-saint-vincent-et-les-grenadines-une-ile-une-histoire-un-avenir-responsable\/#primaryimage\"},\"thumbnailUrl\":\"https:\/\/www.latitude-15.com\/wp-content\/uploads\/2026\/01\/490756840_122227114772230773_1824298446440038340_n.jpg.webp\",\"datePublished\":\"2025-05-20T05:37:00+00:00\",\"dateModified\":\"2026-02-04T05:07:05+00:00\",\"breadcrumb\":{\"@id\":\"https:\/\/www.latitude-15.com\/fr\/seatrade-2025-saint-vincent-et-les-grenadines-une-ile-une-histoire-un-avenir-responsable\/#breadcrumb\"},\"inLanguage\":\"fr-FR\",\"potentialAction\":[{\"@type\":\"ReadAction\",\"target\":[\"https:\/\/www.latitude-15.com\/fr\/seatrade-2025-saint-vincent-et-les-grenadines-une-ile-une-histoire-un-avenir-responsable\/\"]}]},{\"@type\":\"ImageObject\",\"inLanguage\":\"fr-FR\",\"@id\":\"https:\/\/www.latitude-15.com\/fr\/seatrade-2025-saint-vincent-et-les-grenadines-une-ile-une-histoire-un-avenir-responsable\/#primaryimage\",\"url\":\"https:\/\/www.latitude-15.com\/wp-content\/uploads\/2026\/01\/490756840_122227114772230773_1824298446440038340_n.jpg.webp\",\"contentUrl\":\"https:\/\/www.latitude-15.com\/wp-content\/uploads\/2026\/01\/490756840_122227114772230773_1824298446440038340_n.jpg.webp\",\"width\":1440,\"height\":960},{\"@type\":\"BreadcrumbList\",\"@id\":\"https:\/\/www.latitude-15.com\/fr\/seatrade-2025-saint-vincent-et-les-grenadines-une-ile-une-histoire-un-avenir-responsable\/#breadcrumb\",\"itemListElement\":[{\"@type\":\"ListItem\",\"position\":1,\"name\":\"Home\",\"item\":\"https:\/\/www.latitude-15.com\/fr\/accueil\/\"},{\"@type\":\"ListItem\",\"position\":2,\"name\":\"[SEATRADE 2025] Saint-Vincent-et-les-Grenadines \u2013 Une \u00eele, une histoire, un avenir responsable\"}]},{\"@type\":\"WebSite\",\"@id\":\"https:\/\/www.latitude-15.com\/fr\/#website\",\"url\":\"https:\/\/www.latitude-15.com\/fr\/\",\"name\":\"LATITUDE 15\",\"description\":\"Aviation and maritime Magazine - Caribbean &amp; Latin America\",\"publisher\":{\"@id\":\"https:\/\/www.latitude-15.com\/fr\/#organization\"},\"potentialAction\":[{\"@type\":\"SearchAction\",\"target\":{\"@type\":\"EntryPoint\",\"urlTemplate\":\"https:\/\/www.latitude-15.com\/fr\/?s={search_term_string}\"},\"query-input\":{\"@type\":\"PropertyValueSpecification\",\"valueRequired\":true,\"valueName\":\"search_term_string\"}}],\"inLanguage\":\"fr-FR\"},{\"@type\":\"Organization\",\"@id\":\"https:\/\/www.latitude-15.com\/fr\/#organization\",\"name\":\"LATITUDE 15\",\"url\":\"https:\/\/www.latitude-15.com\/fr\/\",\"logo\":{\"@type\":\"ImageObject\",\"inLanguage\":\"fr-FR\",\"@id\":\"https:\/\/www.latitude-15.com\/fr\/#\/schema\/logo\/image\/\",\"url\":\"https:\/\/www.latitude-15.com\/wp-content\/uploads\/2026\/01\/cropped-logox500px.png\",\"contentUrl\":\"https:\/\/www.latitude-15.com\/wp-content\/uploads\/2026\/01\/cropped-logox500px.png\",\"width\":62,\"height\":75,\"caption\":\"LATITUDE 15\"},\"image\":{\"@id\":\"https:\/\/www.latitude-15.com\/fr\/#\/schema\/logo\/image\/\"}},{\"@type\":\"Person\",\"@id\":\"https:\/\/www.latitude-15.com\/fr\/#\/schema\/person\/2a70943507771992ce3316849aa93bdd\",\"name\":\"sabrinalat15\",\"image\":{\"@type\":\"ImageObject\",\"inLanguage\":\"fr-FR\",\"@id\":\"https:\/\/www.latitude-15.com\/fr\/#\/schema\/person\/image\/\",\"url\":\"https:\/\/secure.gravatar.com\/avatar\/91f5e11872ca6128d75f7bbde22cc384ad142a113b81c554ed87d6d9762f8813?s=96&d=mm&r=g\",\"contentUrl\":\"https:\/\/secure.gravatar.com\/avatar\/91f5e11872ca6128d75f7bbde22cc384ad142a113b81c554ed87d6d9762f8813?s=96&d=mm&r=g\",\"caption\":\"sabrinalat15\"},\"sameAs\":[\"https:\/\/www.latitude-15.com\"],\"url\":\"https:\/\/www.latitude-15.com\/fr\/author\/sabrinalat15\/\"}]}<\/script>\n<!-- \/ Yoast SEO plugin. -->","yoast_head_json":{"title":"[SEATRADE 2025] Saint-Vincent-et-les-Grenadines \u2013 Une \u00eele, une histoire, un avenir responsable - LATITUDE 15","robots":{"index":"index","follow":"follow","max-snippet":"max-snippet:-1","max-image-preview":"max-image-preview:large","max-video-preview":"max-video-preview:-1"},"canonical":"https:\/\/www.latitude-15.com\/fr\/seatrade-2025-saint-vincent-et-les-grenadines-une-ile-une-histoire-un-avenir-responsable\/","og_locale":"fr_FR","og_type":"article","og_title":"[SEATRADE 2025] Saint-Vincent-et-les-Grenadines \u2013 Une \u00eele, une histoire, un avenir responsable - LATITUDE 15","og_description":"Saint-Vincent-et-les-Grenadines affirme son engagement envers l&rsquo;innovation et l&rsquo;authenticit\u00e9 Du 8 au 11 avril 2025, Saint-Vincent-et-les-Grenadines \u00e9tait l&rsquo;un des territoires carib\u00e9ens pr\u00e9sents au Seatrade Cruise Global \u00e0 Miami, le plus grand salon professionnel au monde d\u00e9di\u00e9 \u00e0 l&rsquo;industrie des croisi\u00e8res.\u00c0 travers les t\u00e9moignages du Comit\u00e9 du Tourisme, de la Port Authority et de l&rsquo;Association des Chauffeurs [&hellip;]","og_url":"https:\/\/www.latitude-15.com\/fr\/seatrade-2025-saint-vincent-et-les-grenadines-une-ile-une-histoire-un-avenir-responsable\/","og_site_name":"LATITUDE 15","article_published_time":"2025-05-20T05:37:00+00:00","article_modified_time":"2026-02-04T05:07:05+00:00","og_image":[{"width":1440,"height":960,"url":"https:\/\/www.latitude-15.com\/wp-content\/uploads\/2026\/01\/490756840_122227114772230773_1824298446440038340_n.jpg.webp","type":"image\/webp"}],"author":"sabrinalat15","twitter_card":"summary_large_image","twitter_misc":{"\u00c9crit par":"sabrinalat15","Dur\u00e9e de lecture estim\u00e9e":"4 minutes"},"schema":{"@context":"https:\/\/schema.org","@graph":[{"@type":"Article","@id":"https:\/\/www.latitude-15.com\/fr\/seatrade-2025-saint-vincent-et-les-grenadines-une-ile-une-histoire-un-avenir-responsable\/#article","isPartOf":{"@id":"https:\/\/www.latitude-15.com\/fr\/seatrade-2025-saint-vincent-et-les-grenadines-une-ile-une-histoire-un-avenir-responsable\/"},"author":{"name":"sabrinalat15","@id":"https:\/\/www.latitude-15.com\/fr\/#\/schema\/person\/2a70943507771992ce3316849aa93bdd"},"headline":"[SEATRADE 2025] Saint-Vincent-et-les-Grenadines \u2013 Une \u00eele, une histoire, un avenir responsable","datePublished":"2025-05-20T05:37:00+00:00","dateModified":"2026-02-04T05:07:05+00:00","mainEntityOfPage":{"@id":"https:\/\/www.latitude-15.com\/fr\/seatrade-2025-saint-vincent-et-les-grenadines-une-ile-une-histoire-un-avenir-responsable\/"},"wordCount":791,"commentCount":0,"publisher":{"@id":"https:\/\/www.latitude-15.com\/fr\/#organization"},"image":{"@id":"https:\/\/www.latitude-15.com\/fr\/seatrade-2025-saint-vincent-et-les-grenadines-une-ile-une-histoire-un-avenir-responsable\/#primaryimage"},"thumbnailUrl":"https:\/\/www.latitude-15.com\/wp-content\/uploads\/2026\/01\/490756840_122227114772230773_1824298446440038340_n.jpg.webp","articleSection":["Exploitation croisi\u00e8re &amp; gestion de l\u2019interface ville-port","MARITIME"],"inLanguage":"fr-FR","potentialAction":[{"@type":"CommentAction","name":"Comment","target":["https:\/\/www.latitude-15.com\/fr\/seatrade-2025-saint-vincent-et-les-grenadines-une-ile-une-histoire-un-avenir-responsable\/#respond"]}]},{"@type":"WebPage","@id":"https:\/\/www.latitude-15.com\/fr\/seatrade-2025-saint-vincent-et-les-grenadines-une-ile-une-histoire-un-avenir-responsable\/","url":"https:\/\/www.latitude-15.com\/fr\/seatrade-2025-saint-vincent-et-les-grenadines-une-ile-une-histoire-un-avenir-responsable\/","name":"[SEATRADE 2025] Saint-Vincent-et-les-Grenadines \u2013 Une \u00eele, une histoire, un avenir responsable - LATITUDE 15","isPartOf":{"@id":"https:\/\/www.latitude-15.com\/fr\/#website"},"primaryImageOfPage":{"@id":"https:\/\/www.latitude-15.com\/fr\/seatrade-2025-saint-vincent-et-les-grenadines-une-ile-une-histoire-un-avenir-responsable\/#primaryimage"},"image":{"@id":"https:\/\/www.latitude-15.com\/fr\/seatrade-2025-saint-vincent-et-les-grenadines-une-ile-une-histoire-un-avenir-responsable\/#primaryimage"},"thumbnailUrl":"https:\/\/www.latitude-15.com\/wp-content\/uploads\/2026\/01\/490756840_122227114772230773_1824298446440038340_n.jpg.webp","datePublished":"2025-05-20T05:37:00+00:00","dateModified":"2026-02-04T05:07:05+00:00","breadcrumb":{"@id":"https:\/\/www.latitude-15.com\/fr\/seatrade-2025-saint-vincent-et-les-grenadines-une-ile-une-histoire-un-avenir-responsable\/#breadcrumb"},"inLanguage":"fr-FR","potentialAction":[{"@type":"ReadAction","target":["https:\/\/www.latitude-15.com\/fr\/seatrade-2025-saint-vincent-et-les-grenadines-une-ile-une-histoire-un-avenir-responsable\/"]}]},{"@type":"ImageObject","inLanguage":"fr-FR","@id":"https:\/\/www.latitude-15.com\/fr\/seatrade-2025-saint-vincent-et-les-grenadines-une-ile-une-histoire-un-avenir-responsable\/#primaryimage","url":"https:\/\/www.latitude-15.com\/wp-content\/uploads\/2026\/01\/490756840_122227114772230773_1824298446440038340_n.jpg.webp","contentUrl":"https:\/\/www.latitude-15.com\/wp-content\/uploads\/2026\/01\/490756840_122227114772230773_1824298446440038340_n.jpg.webp","width":1440,"height":960},{"@type":"BreadcrumbList","@id":"https:\/\/www.latitude-15.com\/fr\/seatrade-2025-saint-vincent-et-les-grenadines-une-ile-une-histoire-un-avenir-responsable\/#breadcrumb","itemListElement":[{"@type":"ListItem","position":1,"name":"Home","item":"https:\/\/www.latitude-15.com\/fr\/accueil\/"},{"@type":"ListItem","position":2,"name":"[SEATRADE 2025] Saint-Vincent-et-les-Grenadines \u2013 Une \u00eele, une histoire, un avenir responsable"}]},{"@type":"WebSite","@id":"https:\/\/www.latitude-15.com\/fr\/#website","url":"https:\/\/www.latitude-15.com\/fr\/","name":"LATITUDE 15","description":"Aviation and maritime Magazine - Caribbean &amp; Latin America","publisher":{"@id":"https:\/\/www.latitude-15.com\/fr\/#organization"},"potentialAction":[{"@type":"SearchAction","target":{"@type":"EntryPoint","urlTemplate":"https:\/\/www.latitude-15.com\/fr\/?s={search_term_string}"},"query-input":{"@type":"PropertyValueSpecification","valueRequired":true,"valueName":"search_term_string"}}],"inLanguage":"fr-FR"},{"@type":"Organization","@id":"https:\/\/www.latitude-15.com\/fr\/#organization","name":"LATITUDE 15","url":"https:\/\/www.latitude-15.com\/fr\/","logo":{"@type":"ImageObject","inLanguage":"fr-FR","@id":"https:\/\/www.latitude-15.com\/fr\/#\/schema\/logo\/image\/","url":"https:\/\/www.latitude-15.com\/wp-content\/uploads\/2026\/01\/cropped-logox500px.png","contentUrl":"https:\/\/www.latitude-15.com\/wp-content\/uploads\/2026\/01\/cropped-logox500px.png","width":62,"height":75,"caption":"LATITUDE 15"},"image":{"@id":"https:\/\/www.latitude-15.com\/fr\/#\/schema\/logo\/image\/"}},{"@type":"Person","@id":"https:\/\/www.latitude-15.com\/fr\/#\/schema\/person\/2a70943507771992ce3316849aa93bdd","name":"sabrinalat15","image":{"@type":"ImageObject","inLanguage":"fr-FR","@id":"https:\/\/www.latitude-15.com\/fr\/#\/schema\/person\/image\/","url":"https:\/\/secure.gravatar.com\/avatar\/91f5e11872ca6128d75f7bbde22cc384ad142a113b81c554ed87d6d9762f8813?s=96&d=mm&r=g","contentUrl":"https:\/\/secure.gravatar.com\/avatar\/91f5e11872ca6128d75f7bbde22cc384ad142a113b81c554ed87d6d9762f8813?s=96&d=mm&r=g","caption":"sabrinalat15"},"sameAs":["https:\/\/www.latitude-15.com"],"url":"https:\/\/www.latitude-15.com\/fr\/author\/sabrinalat15\/"}]}},"_links":{"self":[{"href":"https:\/\/www.latitude-15.com\/fr\/wp-json\/wp\/v2\/posts\/19711","targetHints":{"allow":["GET"]}}],"collection":[{"href":"https:\/\/www.latitude-15.com\/fr\/wp-json\/wp\/v2\/posts"}],"about":[{"href":"https:\/\/www.latitude-15.com\/fr\/wp-json\/wp\/v2\/types\/post"}],"author":[{"embeddable":true,"href":"https:\/\/www.latitude-15.com\/fr\/wp-json\/wp\/v2\/users\/1"}],"replies":[{"embeddable":true,"href":"https:\/\/www.latitude-15.com\/fr\/wp-json\/wp\/v2\/comments?post=19711"}],"version-history":[{"count":1,"href":"https:\/\/www.latitude-15.com\/fr\/wp-json\/wp\/v2\/posts\/19711\/revisions"}],"predecessor-version":[{"id":19712,"href":"https:\/\/www.latitude-15.com\/fr\/wp-json\/wp\/v2\/posts\/19711\/revisions\/19712"}],"wp:featuredmedia":[{"embeddable":true,"href":"https:\/\/www.latitude-15.com\/fr\/wp-json\/wp\/v2\/media\/19710"}],"wp:attachment":[{"href":"https:\/\/www.latitude-15.com\/fr\/wp-json\/wp\/v2\/media?parent=19711"}],"wp:term":[{"taxonomy":"category","embeddable":true,"href":"https:\/\/www.latitude-15.com\/fr\/wp-json\/wp\/v2\/categories?post=19711"},{"taxonomy":"post_tag","embeddable":true,"href":"https:\/\/www.latitude-15.com\/fr\/wp-json\/wp\/v2\/tags?post=19711"}],"curies":[{"name":"wp","href":"https:\/\/api.w.org\/{rel}","templated":true}]}}