{"id":19691,"date":"2025-06-16T01:21:00","date_gmt":"2025-06-16T05:21:00","guid":{"rendered":"https:\/\/www.latitude-15.com\/2025\/06\/16\/connectivite-aerienne-inter-iles-un-defi-pour-un-tourisme-intra-caribeen-durable\/"},"modified":"2026-02-04T00:53:20","modified_gmt":"2026-02-04T04:53:20","slug":"connectivite-aerienne-inter-iles-un-defi-pour-un-tourisme-intra-caribeen-durable","status":"publish","type":"post","link":"https:\/\/www.latitude-15.com\/fr\/connectivite-aerienne-inter-iles-un-defi-pour-un-tourisme-intra-caribeen-durable\/","title":{"rendered":"Connectivit\u00e9 a\u00e9rienne inter-\u00eeles : un d\u00e9fi pour un tourisme intra-carib\u00e9en durable"},"content":{"rendered":"\n<p><a href=\"https:\/\/www.autoritedelaconcurrence.fr\/fr\/communiques-de-presse\/transport-aerien-inter-iles-dans-les-caraibes-lautorite-de-la-concurrence\" target=\"_blank\" rel=\"noreferrer noopener\">La connectivit\u00e9 a\u00e9rienne inter-\u00eeles<\/a> repr\u00e9sente aujourd&rsquo;hui l&rsquo;un des plus grands d\u00e9fis au d\u00e9veloppement d&rsquo;un tourisme durable dans la r\u00e9gion des Cara\u00efbes. Se d\u00e9placer entre les \u00eeles des <a href=\"https:\/\/richeskarayib.com\/key-figures-for-the-caribbean-climate-resilience\/\" target=\"_blank\" rel=\"noreferrer noopener\">Cara\u00efbes<\/a> reste une t\u00e2che complexe, malgr\u00e9 le potentiel touristique consid\u00e9rable de la r\u00e9gion. Cela est aussi vrai pour les voyageurs internationaux que pour les r\u00e9sidents locaux, pour qui se rendre d&rsquo;une \u00eele \u00e0 l&rsquo;autre peut \u00eatre un parcours d&rsquo;obstacles.  <\/p>\n\n<h2 class=\"wp-block-heading\">L&rsquo;\u00e9tat actuel de la connectivit\u00e9 a\u00e9rienne dans les Cara\u00efbes<\/h2>\n\n<p>L&rsquo;industrie du transport a\u00e9rien carib\u00e9en a connu de profonds bouleversements ces derni\u00e8res ann\u00e9es. Des acteurs historiques tels qu&rsquo;Air Antilles et <a href=\"https:\/\/richeskarayib.com\/liat-airlines-revolutionizes-connectivity-blog\/\" target=\"_blank\" rel=\"noreferrer noopener\">LIAT<\/a> ont travers\u00e9 des crises majeures, cette derni\u00e8re ayant m\u00eame \u00e9t\u00e9 liquid\u00e9e en juin 2020. Cette situation a cr\u00e9\u00e9 un vide consid\u00e9rable dans les services inter-\u00eeles, particuli\u00e8rement ressenti entre les territoires francophones, anglophones et hispanophones de la r\u00e9gion.  <\/p>\n\n<p><a href=\"https:\/\/richeskarayib.com\/air-caraibes-to-relaunch-paris-orly-saint-martin\/\" target=\"_blank\" rel=\"noreferrer noopener\">Air Cara\u00efbes<\/a> exploite d\u00e9sormais un certain nombre de liaisons, notamment entre la Guadeloupe, la Martinique et Saint-Martin, mais l&rsquo;offre globale reste insuffisante pour r\u00e9pondre \u00e0 la demande. De nouvelles initiatives \u00e9mergent cependant, comme Air Adelphi, qui a r\u00e9cemment inaugur\u00e9 une liaison r\u00e9guli\u00e8re reliant la Martinique \u00e0 Sainte-Lucie et \u00e0 Saint-Vincent-et-les-Grenadines, comblant ainsi un vide laiss\u00e9 depuis 2019. <\/p>\n\n<figure class=\"wp-block-image\"><img decoding=\"async\" data-src=\"https:\/\/richeskarayib.com\/wp-content\/uploads\/2025\/06\/Photo-de-lavion-LIAT-20-1024x1024.jpg\" alt=\"Connectivit&#xE9; a&#xE9;rienne inter-&#xEE;les\" src=\"data:image\/svg+xml;base64,PHN2ZyB3aWR0aD0iMSIgaGVpZ2h0PSIxIiB4bWxucz0iaHR0cDovL3d3dy53My5vcmcvMjAwMC9zdmciPjwvc3ZnPg==\" class=\"lazyload\" style=\"--smush-placeholder-width: 1024px; --smush-placeholder-aspect-ratio: 1024\/1024;\" \/><\/figure>\n\n<figure class=\"wp-block-image\"><img decoding=\"async\" data-src=\"https:\/\/richeskarayib.com\/wp-content\/uploads\/2025\/06\/491608436_1083950993772400_6064021638188564504_n.jpg\" alt=\"Connectivit&#xE9; a&#xE9;rienne inter-&#xEE;les\" src=\"data:image\/svg+xml;base64,PHN2ZyB3aWR0aD0iMSIgaGVpZ2h0PSIxIiB4bWxucz0iaHR0cDovL3d3dy53My5vcmcvMjAwMC9zdmciPjwvc3ZnPg==\" class=\"lazyload\" \/><\/figure>\n\n<figure class=\"wp-block-image\"><img decoding=\"async\" data-src=\"https:\/\/richeskarayib.com\/wp-content\/uploads\/2025\/06\/481087357_8812912912145892_4651711194491956989_n-1024x576.jpg\" alt=\"Connectivit&#xE9; a&#xE9;rienne inter-&#xEE;les\" src=\"data:image\/svg+xml;base64,PHN2ZyB3aWR0aD0iMSIgaGVpZ2h0PSIxIiB4bWxucz0iaHR0cDovL3d3dy53My5vcmcvMjAwMC9zdmciPjwvc3ZnPg==\" class=\"lazyload\" style=\"--smush-placeholder-width: 1024px; --smush-placeholder-aspect-ratio: 1024\/576;\" \/><\/figure>\n\n<figure class=\"wp-block-image\"><img decoding=\"async\" data-src=\"https:\/\/richeskarayib.com\/wp-content\/uploads\/2025\/06\/469121732_122203730972224615_4099195562668015926_n.jpg\" alt=\"Connectivit&#xE9; a&#xE9;rienne inter-&#xEE;les\" src=\"data:image\/svg+xml;base64,PHN2ZyB3aWR0aD0iMSIgaGVpZ2h0PSIxIiB4bWxucz0iaHR0cDovL3d3dy53My5vcmcvMjAwMC9zdmciPjwvc3ZnPg==\" class=\"lazyload\" \/><\/figure>\n\n<h2 class=\"wp-block-heading\">Obstacles structurels \u00e0 la connectivit\u00e9 inter-\u00eeles<\/h2>\n\n<p>Plusieurs facteurs expliquent la difficult\u00e9 d&rsquo;\u00e9tablir un r\u00e9seau a\u00e9rien coh\u00e9rent dans les Cara\u00efbes. Tout d&rsquo;abord, la fragmentation politique et linguistique de la r\u00e9gion, avec des territoires sous diff\u00e9rentes juridictions (d\u00e9partements fran\u00e7ais, territoires britanniques, \u00c9tats ind\u00e9pendants), complique l&rsquo;harmonisation des r\u00e9glementations a\u00e9riennes. <\/p>\n\n<p>Deuxi\u00e8mement, la taille modeste des march\u00e9s insulaires rend difficile la rentabilisation des liaisons a\u00e9riennes. Cette r\u00e9alit\u00e9 \u00e9conomique fragile, bas\u00e9e essentiellement sur le tourisme et tourn\u00e9e vers l&rsquo;ext\u00e9rieur plut\u00f4t que vers le commerce intra-r\u00e9gional, est un obstacle majeur \u00e0 une connectivit\u00e9 a\u00e9rienne inter-\u00eeles efficace. <\/p>\n\n<h2 class=\"wp-block-heading\">Les d\u00e9fis \u00e9conomiques de la connectivit\u00e9 a\u00e9rienne inter-\u00eeles<\/h2>\n\n<p><a href=\"https:\/\/www.transports-express-caraibes.fr\/blog\/intercaribbean-connectivite-caraibes\/\" target=\"_blank\" rel=\"noreferrer noopener\">La connectivit\u00e9 a\u00e9rienne inter-\u00eeles<\/a> joue un r\u00f4le crucial dans le d\u00e9veloppement \u00e9conomique des Cara\u00efbes. Chaque vol direct entre deux \u00eeles repr\u00e9sente une porte ouverte \u00e0 de nouvelles opportunit\u00e9s touristiques et commerciales. Une connectivit\u00e9 am\u00e9lior\u00e9e permettrait de capitaliser sur les sp\u00e9cificit\u00e9s de chaque territoire et de promouvoir les richesses gastronomiques et culturelles propres \u00e0 chaque \u00eele.  <\/p>\n\n<p>L&rsquo;impact \u00e9conomique potentiel est consid\u00e9rable : le secteur a\u00e9rien repr\u00e9sente actuellement 3,6 % du PIB r\u00e9gional, soutient 8,3 millions d&#8217;emplois directs et indirects et g\u00e9n\u00e8re 240 milliards de dollars. L&rsquo;am\u00e9lioration de la connectivit\u00e9 a\u00e9rienne inter-\u00eeles pourrait consid\u00e9rablement augmenter ces chiffres en facilitant la circulation des touristes et des professionnels dans toute la r\u00e9gion. <\/p>\n\n<figure class=\"wp-block-image\"><img decoding=\"async\" data-src=\"https:\/\/richeskarayib.com\/wp-content\/uploads\/2025\/06\/intercaribbean-ATR-72.jpg\" alt=\"Connectivit&#xE9; a&#xE9;rienne inter-&#xEE;les\" src=\"data:image\/svg+xml;base64,PHN2ZyB3aWR0aD0iMSIgaGVpZ2h0PSIxIiB4bWxucz0iaHR0cDovL3d3dy53My5vcmcvMjAwMC9zdmciPjwvc3ZnPg==\" class=\"lazyload\" \/><\/figure>\n\n<h2 class=\"wp-block-heading\">Le potentiel inexploit\u00e9 du tourisme multi-destination<\/h2>\n\n<p>L&rsquo;un des grands potentiels inexploit\u00e9s des Cara\u00efbes r\u00e9side dans le tourisme multi-destination. \u00c0 l&rsquo;heure actuelle, la plupart des visiteurs limitent leur s\u00e9jour \u00e0 une seule \u00eele, en raison du manque de liaisons a\u00e9riennes pratiques et abordables entre les territoires. Pourtant, la diversit\u00e9 culturelle, naturelle et historique de l&rsquo;archipel est un atout majeur qui pourrait \u00eatre mieux exploit\u00e9 gr\u00e2ce \u00e0 des circuits multi-\u00eeles.  <\/p>\n\n<p>Des initiatives telles que l&rsquo;alliance CARIBSKY, regroupant autrefois Air Antilles, Winair et LIAT, visaient \u00e0 faciliter ce type de tourisme en offrant un \u00ab billet aller simple vers les Cara\u00efbes \u00bb. Bien que ce projet sp\u00e9cifique ait \u00e9t\u00e9 compromis par les difficult\u00e9s des compagnies a\u00e9riennes participantes, l&rsquo;id\u00e9e reste pertinente. <\/p>\n\n<h2 class=\"wp-block-heading\">Vers une aviation durable dans les Cara\u00efbes<\/h2>\n\n<p>Face aux d\u00e9fis environnementaux, l&rsquo;aviation carib\u00e9enne op\u00e8re progressivement sa transition vers des pratiques plus durables. Les compagnies a\u00e9riennes de la r\u00e9gion ont r\u00e9duit leur consommation de carburant par passager-kilom\u00e8tre de 28 % depuis 2011, gr\u00e2ce au renouvellement de leur flotte et \u00e0 l&rsquo;am\u00e9lioration de leur efficacit\u00e9 op\u00e9rationnelle. <\/p>\n\n<p>Des initiatives telles que la certification Green Pilot\u00ae reconnaissent les efforts des compagnies a\u00e9riennes qui d\u00e9veloppent des programmes robustes de r\u00e9duction des \u00e9missions de carbone dans leurs op\u00e9rations. Cette transition vers une aviation plus verte est essentielle pour garantir que l&rsquo;am\u00e9lioration de la connectivit\u00e9 a\u00e9rienne inter-\u00eeles ne se fasse pas au d\u00e9triment de l&rsquo;environnement fragile des \u00eeles des Cara\u00efbes. <\/p>\n\n<figure class=\"wp-block-image\"><img decoding=\"async\" data-src=\"https:\/\/richeskarayib.com\/wp-content\/uploads\/2025\/06\/481157851_18374389963184649_9061784651255151818_n-819x1024.jpg\" alt=\"connectivit&#xE9; a&#xE9;rienne inter-&#xEE;les\" src=\"data:image\/svg+xml;base64,PHN2ZyB3aWR0aD0iMSIgaGVpZ2h0PSIxIiB4bWxucz0iaHR0cDovL3d3dy53My5vcmcvMjAwMC9zdmciPjwvc3ZnPg==\" class=\"lazyload\" style=\"--smush-placeholder-width: 819px; --smush-placeholder-aspect-ratio: 819\/1024;\" \/><\/figure>\n\n<h3 class=\"wp-block-heading\"><strong>Le d\u00e9fi des co\u00fbts d&rsquo;exploitation et de la rentabilit\u00e9<\/strong><\/h3>\n\n<p>L&rsquo;un des principaux obstacles \u00e0 la connectivit\u00e9 a\u00e9rienne inter-\u00eeles reste la faiblesse du mod\u00e8le \u00e9conomique. Les compagnies a\u00e9riennes r\u00e9gionales sont confront\u00e9es \u00e0 des co\u00fbts fixes \u00e9lev\u00e9s (salaires, maintenance, taxes a\u00e9roportuaires), qui ne sont pas sensibles au volume de passagers. Les tarifs des vols varient de 50 \u00e0 150 euros l&rsquo;aller simple, ce qui repr\u00e9sente un v\u00e9ritable obstacle pour les r\u00e9sidents, notamment dans les zones \u00e0 faible pouvoir d&rsquo;achat.  <\/p>\n\n<p>Un aller-retour entre deux \u00eeles peut \u00e9quivaloir \u00e0 plusieurs jours de salaire pour un travailleur local. Inversement, certaines travers\u00e9es maritimes tr\u00e8s courtes restent abordables, co\u00fbtant environ 8 \u00e0 15 euros. Mais ces liaisons sont limit\u00e9es. Cette situation rend la mobilit\u00e9 intra-r\u00e9gionale difficile et entrave le d\u00e9veloppement d&rsquo;un tourisme multi-destination durable dans les Cara\u00efbes.   <\/p>\n\n<h2 class=\"wp-block-heading\">Initiatives et partenariats pour am\u00e9liorer la connectivit\u00e9 r\u00e9gionale<\/h2>\n\n<p>Face aux d\u00e9fis \u00e9conomiques et logistiques, les alliances de compagnies a\u00e9riennes apparaissent comme une solution prometteuse. De nouvelles collaborations \u00e9mergent, telles que le partenariat entre Winair et Air Cara\u00efbes, ou l&rsquo;expansion de r\u00e9seaux comme InterCaribbean Airways. Ces initiatives visent \u00e0 am\u00e9liorer la connectivit\u00e9 a\u00e9rienne inter-\u00eeles en mettant en commun les ressources.  <\/p>\n\n<p>Les gouvernements et les organisations r\u00e9gionales ont un r\u00f4le crucial \u00e0 jouer. La Banque mondiale contribue \u00e0 cet effort avec des projets tels que le \u00ab Projet de connectivit\u00e9 du transport a\u00e9rien r\u00e9gional des Cara\u00efbes \u00bb, qui a accord\u00e9 159 millions de dollars \u00e0 plusieurs pays pour am\u00e9liorer la s\u00e9curit\u00e9 du transport a\u00e9rien et la r\u00e9silience des infrastructures a\u00e9roportuaires. <\/p>\n\n<h2 class=\"wp-block-heading\">Perspectives d&rsquo;avenir pour la connectivit\u00e9 a\u00e9rienne inter-\u00eeles<\/h2>\n\n<p>L&rsquo;avenir de la connectivit\u00e9 a\u00e9rienne inter-\u00eeles dans les Cara\u00efbes passera n\u00e9cessairement par des solutions innovantes. Des entreprises comme Air Inter \u00celes d\u00e9veloppent de nouveaux services de navette premium avec des avions adapt\u00e9s aux courtes distances, tels que le <a href=\"https:\/\/www.aerovfr.com\/2024\/08\/p2012-stol-a-saint-barth\/\" target=\"_blank\" rel=\"noreferrer noopener\">TECNAM P2012 STOL<\/a>. <\/p>\n\n<p>Les technologies num\u00e9riques offrent \u00e9galement des perspectives int\u00e9ressantes, avec des plateformes de r\u00e9servation int\u00e9gr\u00e9es facilitant la combinaison de diff\u00e9rents segments de vol entre les compagnies a\u00e9riennes partenaires.<\/p>\n\n<figure class=\"wp-block-image\"><img decoding=\"async\" data-src=\"https:\/\/richeskarayib.com\/wp-content\/uploads\/2025\/06\/Barth2.webp\" alt=\"Connectivit&#xE9; a&#xE9;rienne inter-&#xEE;les\" class=\"wp-image-54571 lazyload\" src=\"data:image\/svg+xml;base64,PHN2ZyB3aWR0aD0iMSIgaGVpZ2h0PSIxIiB4bWxucz0iaHR0cDovL3d3dy53My5vcmcvMjAwMC9zdmciPjwvc3ZnPg==\" \/><figcaption class=\"wp-element-caption\">TECNAM P2012 STOL<\/figcaption><\/figure>\n\n<p>La connectivit\u00e9 a\u00e9rienne inter-\u00eeles repr\u00e9sente \u00e0 la fois un d\u00e9fi majeur et une formidable opportunit\u00e9 pour le d\u00e9veloppement d&rsquo;un tourisme durable dans les Cara\u00efbes. Les obstacles sont nombreux : fragmentation politique, difficult\u00e9s \u00e9conomiques pour les compagnies a\u00e9riennes, co\u00fbts d&rsquo;exploitation \u00e9lev\u00e9s et d\u00e9fis environnementaux. <\/p>\n\n<p>Les enjeux sont de taille : il s&rsquo;agit non seulement de faciliter les d\u00e9placements des touristes et des r\u00e9sidents locaux, mais aussi de cr\u00e9er les conditions d&rsquo;un d\u00e9veloppement \u00e9conomique plus \u00e9quilibr\u00e9 et respectueux de l&rsquo;environnement dans toute la r\u00e9gion. En renfor\u00e7ant les liaisons a\u00e9riennes entre les \u00eeles, un mod\u00e8le de tourisme plus inclusif et durable peut \u00e9merger, valorisant la richesse et la diversit\u00e9 de chaque territoire tout en favorisant une plus grande coh\u00e9sion r\u00e9gionale. <\/p>\n","protected":false},"excerpt":{"rendered":"<p>La connectivit\u00e9 a\u00e9rienne inter-\u00eeles repr\u00e9sente aujourd&rsquo;hui l&rsquo;un des plus grands d\u00e9fis au d\u00e9veloppement d&rsquo;un tourisme durable dans la r\u00e9gion des Cara\u00efbes. Se d\u00e9placer entre les \u00eeles des Cara\u00efbes reste une t\u00e2che complexe, malgr\u00e9 le potentiel touristique consid\u00e9rable de la r\u00e9gion. Cela est aussi vrai pour les voyageurs internationaux que pour les r\u00e9sidents locaux, pour qui [&hellip;]<\/p>\n","protected":false},"author":1,"featured_media":0,"comment_status":"open","ping_status":"open","sticky":false,"template":"","format":"standard","meta":{"footnotes":""},"categories":[103,100,112,106],"tags":[],"class_list":["post-19691","post","type-post","status-publish","format-standard","hentry","category-aeroports-infrastructures","category-connectivite-aerienne-et-attractivite-territoriale","category-durabilite-et-transition-energetique","category-revenus-commerciaux-extra-aeronautiques"],"yoast_head":"<!-- This site is optimized with the Yoast SEO plugin v26.9 - https:\/\/yoast.com\/product\/yoast-seo-wordpress\/ -->\n<title>Connectivit\u00e9 a\u00e9rienne inter-\u00eeles : un d\u00e9fi pour un tourisme intra-carib\u00e9en durable - LATITUDE 15<\/title>\n<meta name=\"robots\" content=\"index, follow, max-snippet:-1, max-image-preview:large, max-video-preview:-1\" \/>\n<link rel=\"canonical\" href=\"https:\/\/www.latitude-15.com\/fr\/connectivite-aerienne-inter-iles-un-defi-pour-un-tourisme-intra-caribeen-durable\/\" \/>\n<meta property=\"og:locale\" content=\"fr_FR\" \/>\n<meta property=\"og:type\" content=\"article\" \/>\n<meta property=\"og:title\" content=\"Connectivit\u00e9 a\u00e9rienne inter-\u00eeles : un d\u00e9fi pour un tourisme intra-carib\u00e9en durable - LATITUDE 15\" \/>\n<meta property=\"og:description\" content=\"La connectivit\u00e9 a\u00e9rienne inter-\u00eeles repr\u00e9sente aujourd&rsquo;hui l&rsquo;un des plus grands d\u00e9fis au d\u00e9veloppement d&rsquo;un tourisme durable dans la r\u00e9gion des Cara\u00efbes. Se d\u00e9placer entre les \u00eeles des Cara\u00efbes reste une t\u00e2che complexe, malgr\u00e9 le potentiel touristique consid\u00e9rable de la r\u00e9gion. Cela est aussi vrai pour les voyageurs internationaux que pour les r\u00e9sidents locaux, pour qui [&hellip;]\" \/>\n<meta property=\"og:url\" content=\"https:\/\/www.latitude-15.com\/fr\/connectivite-aerienne-inter-iles-un-defi-pour-un-tourisme-intra-caribeen-durable\/\" \/>\n<meta property=\"og:site_name\" content=\"LATITUDE 15\" \/>\n<meta property=\"article:published_time\" content=\"2025-06-16T05:21:00+00:00\" \/>\n<meta property=\"article:modified_time\" content=\"2026-02-04T04:53:20+00:00\" \/>\n<meta property=\"og:image\" content=\"https:\/\/www.latitude-15.com\/wp-content\/uploads\/2026\/01\/wmremove-transformed.jpeg.webp\" \/>\n\t<meta property=\"og:image:width\" content=\"1920\" \/>\n\t<meta property=\"og:image:height\" content=\"823\" \/>\n\t<meta property=\"og:image:type\" content=\"image\/webp\" \/>\n<meta name=\"author\" content=\"sabrinalat15\" \/>\n<meta name=\"twitter:card\" content=\"summary_large_image\" \/>\n<meta name=\"twitter:label1\" content=\"\u00c9crit par\" \/>\n\t<meta name=\"twitter:data1\" content=\"sabrinalat15\" \/>\n\t<meta name=\"twitter:label2\" content=\"Dur\u00e9e de lecture estim\u00e9e\" \/>\n\t<meta name=\"twitter:data2\" content=\"6 minutes\" \/>\n<script type=\"application\/ld+json\" class=\"yoast-schema-graph\">{\"@context\":\"https:\/\/schema.org\",\"@graph\":[{\"@type\":\"Article\",\"@id\":\"https:\/\/www.latitude-15.com\/fr\/connectivite-aerienne-inter-iles-un-defi-pour-un-tourisme-intra-caribeen-durable\/#article\",\"isPartOf\":{\"@id\":\"https:\/\/www.latitude-15.com\/fr\/connectivite-aerienne-inter-iles-un-defi-pour-un-tourisme-intra-caribeen-durable\/\"},\"author\":{\"name\":\"sabrinalat15\",\"@id\":\"https:\/\/www.latitude-15.com\/fr\/#\/schema\/person\/2a70943507771992ce3316849aa93bdd\"},\"headline\":\"Connectivit\u00e9 a\u00e9rienne inter-\u00eeles : un d\u00e9fi pour un tourisme intra-carib\u00e9en durable\",\"datePublished\":\"2025-06-16T05:21:00+00:00\",\"dateModified\":\"2026-02-04T04:53:20+00:00\",\"mainEntityOfPage\":{\"@id\":\"https:\/\/www.latitude-15.com\/fr\/connectivite-aerienne-inter-iles-un-defi-pour-un-tourisme-intra-caribeen-durable\/\"},\"wordCount\":1264,\"commentCount\":0,\"publisher\":{\"@id\":\"https:\/\/www.latitude-15.com\/fr\/#organization\"},\"image\":{\"@id\":\"https:\/\/www.latitude-15.com\/fr\/connectivite-aerienne-inter-iles-un-defi-pour-un-tourisme-intra-caribeen-durable\/#primaryimage\"},\"thumbnailUrl\":\"https:\/\/richeskarayib.com\/wp-content\/uploads\/2025\/06\/Photo-de-lavion-LIAT-20-1024x1024.jpg\",\"articleSection\":[\"A\u00e9roports et infrastructures\",\"Connectivit\u00e9 a\u00e9rienne et Attractivit\u00e9 territoriale\",\"Durabilit\u00e9 et transition \u00e9nerg\u00e9tique\",\"Revenus commerciaux et extra-a\u00e9ronautiques\"],\"inLanguage\":\"fr-FR\",\"potentialAction\":[{\"@type\":\"CommentAction\",\"name\":\"Comment\",\"target\":[\"https:\/\/www.latitude-15.com\/fr\/connectivite-aerienne-inter-iles-un-defi-pour-un-tourisme-intra-caribeen-durable\/#respond\"]}]},{\"@type\":\"WebPage\",\"@id\":\"https:\/\/www.latitude-15.com\/fr\/connectivite-aerienne-inter-iles-un-defi-pour-un-tourisme-intra-caribeen-durable\/\",\"url\":\"https:\/\/www.latitude-15.com\/fr\/connectivite-aerienne-inter-iles-un-defi-pour-un-tourisme-intra-caribeen-durable\/\",\"name\":\"Connectivit\u00e9 a\u00e9rienne inter-\u00eeles : un d\u00e9fi pour un tourisme intra-carib\u00e9en durable - LATITUDE 15\",\"isPartOf\":{\"@id\":\"https:\/\/www.latitude-15.com\/fr\/#website\"},\"primaryImageOfPage\":{\"@id\":\"https:\/\/www.latitude-15.com\/fr\/connectivite-aerienne-inter-iles-un-defi-pour-un-tourisme-intra-caribeen-durable\/#primaryimage\"},\"image\":{\"@id\":\"https:\/\/www.latitude-15.com\/fr\/connectivite-aerienne-inter-iles-un-defi-pour-un-tourisme-intra-caribeen-durable\/#primaryimage\"},\"thumbnailUrl\":\"https:\/\/richeskarayib.com\/wp-content\/uploads\/2025\/06\/Photo-de-lavion-LIAT-20-1024x1024.jpg\",\"datePublished\":\"2025-06-16T05:21:00+00:00\",\"dateModified\":\"2026-02-04T04:53:20+00:00\",\"breadcrumb\":{\"@id\":\"https:\/\/www.latitude-15.com\/fr\/connectivite-aerienne-inter-iles-un-defi-pour-un-tourisme-intra-caribeen-durable\/#breadcrumb\"},\"inLanguage\":\"fr-FR\",\"potentialAction\":[{\"@type\":\"ReadAction\",\"target\":[\"https:\/\/www.latitude-15.com\/fr\/connectivite-aerienne-inter-iles-un-defi-pour-un-tourisme-intra-caribeen-durable\/\"]}]},{\"@type\":\"ImageObject\",\"inLanguage\":\"fr-FR\",\"@id\":\"https:\/\/www.latitude-15.com\/fr\/connectivite-aerienne-inter-iles-un-defi-pour-un-tourisme-intra-caribeen-durable\/#primaryimage\",\"url\":\"https:\/\/richeskarayib.com\/wp-content\/uploads\/2025\/06\/Photo-de-lavion-LIAT-20-1024x1024.jpg\",\"contentUrl\":\"https:\/\/richeskarayib.com\/wp-content\/uploads\/2025\/06\/Photo-de-lavion-LIAT-20-1024x1024.jpg\"},{\"@type\":\"BreadcrumbList\",\"@id\":\"https:\/\/www.latitude-15.com\/fr\/connectivite-aerienne-inter-iles-un-defi-pour-un-tourisme-intra-caribeen-durable\/#breadcrumb\",\"itemListElement\":[{\"@type\":\"ListItem\",\"position\":1,\"name\":\"Home\",\"item\":\"https:\/\/www.latitude-15.com\/fr\/accueil\/\"},{\"@type\":\"ListItem\",\"position\":2,\"name\":\"Connectivit\u00e9 a\u00e9rienne inter-\u00eeles : un d\u00e9fi pour un tourisme intra-carib\u00e9en durable\"}]},{\"@type\":\"WebSite\",\"@id\":\"https:\/\/www.latitude-15.com\/fr\/#website\",\"url\":\"https:\/\/www.latitude-15.com\/fr\/\",\"name\":\"LATITUDE 15\",\"description\":\"Aviation and maritime Magazine - Caribbean &amp; Latin America\",\"publisher\":{\"@id\":\"https:\/\/www.latitude-15.com\/fr\/#organization\"},\"potentialAction\":[{\"@type\":\"SearchAction\",\"target\":{\"@type\":\"EntryPoint\",\"urlTemplate\":\"https:\/\/www.latitude-15.com\/fr\/?s={search_term_string}\"},\"query-input\":{\"@type\":\"PropertyValueSpecification\",\"valueRequired\":true,\"valueName\":\"search_term_string\"}}],\"inLanguage\":\"fr-FR\"},{\"@type\":\"Organization\",\"@id\":\"https:\/\/www.latitude-15.com\/fr\/#organization\",\"name\":\"LATITUDE 15\",\"url\":\"https:\/\/www.latitude-15.com\/fr\/\",\"logo\":{\"@type\":\"ImageObject\",\"inLanguage\":\"fr-FR\",\"@id\":\"https:\/\/www.latitude-15.com\/fr\/#\/schema\/logo\/image\/\",\"url\":\"https:\/\/www.latitude-15.com\/wp-content\/uploads\/2026\/01\/cropped-logox500px.png\",\"contentUrl\":\"https:\/\/www.latitude-15.com\/wp-content\/uploads\/2026\/01\/cropped-logox500px.png\",\"width\":62,\"height\":75,\"caption\":\"LATITUDE 15\"},\"image\":{\"@id\":\"https:\/\/www.latitude-15.com\/fr\/#\/schema\/logo\/image\/\"}},{\"@type\":\"Person\",\"@id\":\"https:\/\/www.latitude-15.com\/fr\/#\/schema\/person\/2a70943507771992ce3316849aa93bdd\",\"name\":\"sabrinalat15\",\"image\":{\"@type\":\"ImageObject\",\"inLanguage\":\"fr-FR\",\"@id\":\"https:\/\/www.latitude-15.com\/fr\/#\/schema\/person\/image\/\",\"url\":\"https:\/\/secure.gravatar.com\/avatar\/91f5e11872ca6128d75f7bbde22cc384ad142a113b81c554ed87d6d9762f8813?s=96&d=mm&r=g\",\"contentUrl\":\"https:\/\/secure.gravatar.com\/avatar\/91f5e11872ca6128d75f7bbde22cc384ad142a113b81c554ed87d6d9762f8813?s=96&d=mm&r=g\",\"caption\":\"sabrinalat15\"},\"sameAs\":[\"https:\/\/www.latitude-15.com\"],\"url\":\"https:\/\/www.latitude-15.com\/fr\/author\/sabrinalat15\/\"}]}<\/script>\n<!-- \/ Yoast SEO plugin. -->","yoast_head_json":{"title":"Connectivit\u00e9 a\u00e9rienne inter-\u00eeles : un d\u00e9fi pour un tourisme intra-carib\u00e9en durable - LATITUDE 15","robots":{"index":"index","follow":"follow","max-snippet":"max-snippet:-1","max-image-preview":"max-image-preview:large","max-video-preview":"max-video-preview:-1"},"canonical":"https:\/\/www.latitude-15.com\/fr\/connectivite-aerienne-inter-iles-un-defi-pour-un-tourisme-intra-caribeen-durable\/","og_locale":"fr_FR","og_type":"article","og_title":"Connectivit\u00e9 a\u00e9rienne inter-\u00eeles : un d\u00e9fi pour un tourisme intra-carib\u00e9en durable - LATITUDE 15","og_description":"La connectivit\u00e9 a\u00e9rienne inter-\u00eeles repr\u00e9sente aujourd&rsquo;hui l&rsquo;un des plus grands d\u00e9fis au d\u00e9veloppement d&rsquo;un tourisme durable dans la r\u00e9gion des Cara\u00efbes. Se d\u00e9placer entre les \u00eeles des Cara\u00efbes reste une t\u00e2che complexe, malgr\u00e9 le potentiel touristique consid\u00e9rable de la r\u00e9gion. Cela est aussi vrai pour les voyageurs internationaux que pour les r\u00e9sidents locaux, pour qui [&hellip;]","og_url":"https:\/\/www.latitude-15.com\/fr\/connectivite-aerienne-inter-iles-un-defi-pour-un-tourisme-intra-caribeen-durable\/","og_site_name":"LATITUDE 15","article_published_time":"2025-06-16T05:21:00+00:00","article_modified_time":"2026-02-04T04:53:20+00:00","og_image":[{"width":1920,"height":823,"url":"https:\/\/www.latitude-15.com\/wp-content\/uploads\/2026\/01\/wmremove-transformed.jpeg.webp","type":"image\/webp"}],"author":"sabrinalat15","twitter_card":"summary_large_image","twitter_misc":{"\u00c9crit par":"sabrinalat15","Dur\u00e9e de lecture estim\u00e9e":"6 minutes"},"schema":{"@context":"https:\/\/schema.org","@graph":[{"@type":"Article","@id":"https:\/\/www.latitude-15.com\/fr\/connectivite-aerienne-inter-iles-un-defi-pour-un-tourisme-intra-caribeen-durable\/#article","isPartOf":{"@id":"https:\/\/www.latitude-15.com\/fr\/connectivite-aerienne-inter-iles-un-defi-pour-un-tourisme-intra-caribeen-durable\/"},"author":{"name":"sabrinalat15","@id":"https:\/\/www.latitude-15.com\/fr\/#\/schema\/person\/2a70943507771992ce3316849aa93bdd"},"headline":"Connectivit\u00e9 a\u00e9rienne inter-\u00eeles : un d\u00e9fi pour un tourisme intra-carib\u00e9en durable","datePublished":"2025-06-16T05:21:00+00:00","dateModified":"2026-02-04T04:53:20+00:00","mainEntityOfPage":{"@id":"https:\/\/www.latitude-15.com\/fr\/connectivite-aerienne-inter-iles-un-defi-pour-un-tourisme-intra-caribeen-durable\/"},"wordCount":1264,"commentCount":0,"publisher":{"@id":"https:\/\/www.latitude-15.com\/fr\/#organization"},"image":{"@id":"https:\/\/www.latitude-15.com\/fr\/connectivite-aerienne-inter-iles-un-defi-pour-un-tourisme-intra-caribeen-durable\/#primaryimage"},"thumbnailUrl":"https:\/\/richeskarayib.com\/wp-content\/uploads\/2025\/06\/Photo-de-lavion-LIAT-20-1024x1024.jpg","articleSection":["A\u00e9roports et infrastructures","Connectivit\u00e9 a\u00e9rienne et Attractivit\u00e9 territoriale","Durabilit\u00e9 et transition \u00e9nerg\u00e9tique","Revenus commerciaux et extra-a\u00e9ronautiques"],"inLanguage":"fr-FR","potentialAction":[{"@type":"CommentAction","name":"Comment","target":["https:\/\/www.latitude-15.com\/fr\/connectivite-aerienne-inter-iles-un-defi-pour-un-tourisme-intra-caribeen-durable\/#respond"]}]},{"@type":"WebPage","@id":"https:\/\/www.latitude-15.com\/fr\/connectivite-aerienne-inter-iles-un-defi-pour-un-tourisme-intra-caribeen-durable\/","url":"https:\/\/www.latitude-15.com\/fr\/connectivite-aerienne-inter-iles-un-defi-pour-un-tourisme-intra-caribeen-durable\/","name":"Connectivit\u00e9 a\u00e9rienne inter-\u00eeles : un d\u00e9fi pour un tourisme intra-carib\u00e9en durable - LATITUDE 15","isPartOf":{"@id":"https:\/\/www.latitude-15.com\/fr\/#website"},"primaryImageOfPage":{"@id":"https:\/\/www.latitude-15.com\/fr\/connectivite-aerienne-inter-iles-un-defi-pour-un-tourisme-intra-caribeen-durable\/#primaryimage"},"image":{"@id":"https:\/\/www.latitude-15.com\/fr\/connectivite-aerienne-inter-iles-un-defi-pour-un-tourisme-intra-caribeen-durable\/#primaryimage"},"thumbnailUrl":"https:\/\/richeskarayib.com\/wp-content\/uploads\/2025\/06\/Photo-de-lavion-LIAT-20-1024x1024.jpg","datePublished":"2025-06-16T05:21:00+00:00","dateModified":"2026-02-04T04:53:20+00:00","breadcrumb":{"@id":"https:\/\/www.latitude-15.com\/fr\/connectivite-aerienne-inter-iles-un-defi-pour-un-tourisme-intra-caribeen-durable\/#breadcrumb"},"inLanguage":"fr-FR","potentialAction":[{"@type":"ReadAction","target":["https:\/\/www.latitude-15.com\/fr\/connectivite-aerienne-inter-iles-un-defi-pour-un-tourisme-intra-caribeen-durable\/"]}]},{"@type":"ImageObject","inLanguage":"fr-FR","@id":"https:\/\/www.latitude-15.com\/fr\/connectivite-aerienne-inter-iles-un-defi-pour-un-tourisme-intra-caribeen-durable\/#primaryimage","url":"https:\/\/richeskarayib.com\/wp-content\/uploads\/2025\/06\/Photo-de-lavion-LIAT-20-1024x1024.jpg","contentUrl":"https:\/\/richeskarayib.com\/wp-content\/uploads\/2025\/06\/Photo-de-lavion-LIAT-20-1024x1024.jpg"},{"@type":"BreadcrumbList","@id":"https:\/\/www.latitude-15.com\/fr\/connectivite-aerienne-inter-iles-un-defi-pour-un-tourisme-intra-caribeen-durable\/#breadcrumb","itemListElement":[{"@type":"ListItem","position":1,"name":"Home","item":"https:\/\/www.latitude-15.com\/fr\/accueil\/"},{"@type":"ListItem","position":2,"name":"Connectivit\u00e9 a\u00e9rienne inter-\u00eeles : un d\u00e9fi pour un tourisme intra-carib\u00e9en durable"}]},{"@type":"WebSite","@id":"https:\/\/www.latitude-15.com\/fr\/#website","url":"https:\/\/www.latitude-15.com\/fr\/","name":"LATITUDE 15","description":"Aviation and maritime Magazine - Caribbean &amp; Latin America","publisher":{"@id":"https:\/\/www.latitude-15.com\/fr\/#organization"},"potentialAction":[{"@type":"SearchAction","target":{"@type":"EntryPoint","urlTemplate":"https:\/\/www.latitude-15.com\/fr\/?s={search_term_string}"},"query-input":{"@type":"PropertyValueSpecification","valueRequired":true,"valueName":"search_term_string"}}],"inLanguage":"fr-FR"},{"@type":"Organization","@id":"https:\/\/www.latitude-15.com\/fr\/#organization","name":"LATITUDE 15","url":"https:\/\/www.latitude-15.com\/fr\/","logo":{"@type":"ImageObject","inLanguage":"fr-FR","@id":"https:\/\/www.latitude-15.com\/fr\/#\/schema\/logo\/image\/","url":"https:\/\/www.latitude-15.com\/wp-content\/uploads\/2026\/01\/cropped-logox500px.png","contentUrl":"https:\/\/www.latitude-15.com\/wp-content\/uploads\/2026\/01\/cropped-logox500px.png","width":62,"height":75,"caption":"LATITUDE 15"},"image":{"@id":"https:\/\/www.latitude-15.com\/fr\/#\/schema\/logo\/image\/"}},{"@type":"Person","@id":"https:\/\/www.latitude-15.com\/fr\/#\/schema\/person\/2a70943507771992ce3316849aa93bdd","name":"sabrinalat15","image":{"@type":"ImageObject","inLanguage":"fr-FR","@id":"https:\/\/www.latitude-15.com\/fr\/#\/schema\/person\/image\/","url":"https:\/\/secure.gravatar.com\/avatar\/91f5e11872ca6128d75f7bbde22cc384ad142a113b81c554ed87d6d9762f8813?s=96&d=mm&r=g","contentUrl":"https:\/\/secure.gravatar.com\/avatar\/91f5e11872ca6128d75f7bbde22cc384ad142a113b81c554ed87d6d9762f8813?s=96&d=mm&r=g","caption":"sabrinalat15"},"sameAs":["https:\/\/www.latitude-15.com"],"url":"https:\/\/www.latitude-15.com\/fr\/author\/sabrinalat15\/"}]}},"_links":{"self":[{"href":"https:\/\/www.latitude-15.com\/fr\/wp-json\/wp\/v2\/posts\/19691","targetHints":{"allow":["GET"]}}],"collection":[{"href":"https:\/\/www.latitude-15.com\/fr\/wp-json\/wp\/v2\/posts"}],"about":[{"href":"https:\/\/www.latitude-15.com\/fr\/wp-json\/wp\/v2\/types\/post"}],"author":[{"embeddable":true,"href":"https:\/\/www.latitude-15.com\/fr\/wp-json\/wp\/v2\/users\/1"}],"replies":[{"embeddable":true,"href":"https:\/\/www.latitude-15.com\/fr\/wp-json\/wp\/v2\/comments?post=19691"}],"version-history":[{"count":2,"href":"https:\/\/www.latitude-15.com\/fr\/wp-json\/wp\/v2\/posts\/19691\/revisions"}],"predecessor-version":[{"id":19693,"href":"https:\/\/www.latitude-15.com\/fr\/wp-json\/wp\/v2\/posts\/19691\/revisions\/19693"}],"wp:attachment":[{"href":"https:\/\/www.latitude-15.com\/fr\/wp-json\/wp\/v2\/media?parent=19691"}],"wp:term":[{"taxonomy":"category","embeddable":true,"href":"https:\/\/www.latitude-15.com\/fr\/wp-json\/wp\/v2\/categories?post=19691"},{"taxonomy":"post_tag","embeddable":true,"href":"https:\/\/www.latitude-15.com\/fr\/wp-json\/wp\/v2\/tags?post=19691"}],"curies":[{"name":"wp","href":"https:\/\/api.w.org\/{rel}","templated":true}]}}