{"id":19661,"date":"2025-09-22T00:48:22","date_gmt":"2025-09-22T04:48:22","guid":{"rendered":"https:\/\/www.latitude-15.com\/2025\/09\/22\/conference-de-laerien-2025-la-guyane-accueille-la-deuxieme-edition-les-23-et-24-octobre\/"},"modified":"2026-02-04T00:37:51","modified_gmt":"2026-02-04T04:37:51","slug":"conference-de-laerien-2025-la-guyane-accueille-la-deuxieme-edition-les-23-et-24-octobre","status":"publish","type":"post","link":"https:\/\/www.latitude-15.com\/fr\/conference-de-laerien-2025-la-guyane-accueille-la-deuxieme-edition-les-23-et-24-octobre\/","title":{"rendered":"Conf\u00e9rence de l\u2019A\u00e9rien 2025 : la Guyane accueille la deuxi\u00e8me \u00e9dition les 23 et 24 octobre"},"content":{"rendered":"\n<p><a href=\"https:\/\/www.ctguyane.fr\/renforcer-la-connectivite-aerienne-pour-le-developpement-regional\/\" target=\"_blank\" rel=\"noreferrer noopener\">La Conf\u00e9rence de l\u2019A\u00e9rien 2025<\/a> se d\u00e9roulera \u00e0 Cayenne, en <a href=\"https:\/\/richeskarayib.com\/felix-eboue-made-history-on-august-26-1940\/\" target=\"_blank\" rel=\"noreferrer noopener\">Guyane<\/a>, les 23 et 24 octobre prochains. Cet \u00e9v\u00e9nement confirme l\u2019engagement pris lors de la premi\u00e8re \u00e9dition en 2024 en Martinique : donner \u00e0 la Guyane la responsabilit\u00e9 d\u2019accueillir la suite.<br \/>Cette deuxi\u00e8me \u00e9dition intervient dans un contexte marqu\u00e9 par la n\u00e9cessit\u00e9 de renforcer la connectivit\u00e9 r\u00e9gionale, d\u2019acc\u00e9l\u00e9rer la transition \u00e9cologique et de pr\u00e9parer l\u2019avenir spatial. La Conf\u00e9rence de l\u2019A\u00e9rien 2025 s\u2019annonce comme un rendez-vous strat\u00e9gique pour toute la r\u00e9gion Antilles-Guyane.  <\/p>\n\n<h2 class=\"wp-block-heading\">Six ateliers pr\u00e9paratoires pour poser les bases de la conf\u00e9rence<\/h2>\n\n<p>En septembre, six ateliers pr\u00e9paratoires ont rassembl\u00e9 a\u00e9roports, compagnies a\u00e9riennes, autorit\u00e9s de l\u2019aviation, collectivit\u00e9s, experts du spatial et acteurs \u00e9conomiques. Ces s\u00e9ances de travail ont permis de dresser un diagnostic et de tracer les grandes lignes qui structureront la Conf\u00e9rence de l\u2019A\u00e9rien 2025. <\/p>\n\n<h3 class=\"wp-block-heading\"><strong>1. Connectivit\u00e9s multi-\u00e9chelles et compagnies \u00e9mergentes<\/strong><\/h3>\n\n<p>L\u2019arriv\u00e9e de nouveaux op\u00e9rateurs comme Caribbean Airlines, l\u2019essor de St-Barth Executive et l\u2019ouverture de liaisons sp\u00e9cifiques (vers Cap-Ha\u00eftien, par Sunrise) ont marqu\u00e9 les discussions. Les participants ont cependant soulign\u00e9 le poids du cadre r\u00e9glementaire europ\u00e9en, plus strict que celui d\u2019autres pays de la Cara\u00efbe, et rappel\u00e9 que les compagnies exigent d\u00e9sormais un partage du risque avec les territoires. <\/p>\n\n<h3 class=\"wp-block-heading\"><strong>2. Gouvernance et performance a\u00e9roportuaire<\/strong><\/h3>\n\n<p>Un panorama comparatif a mis en lumi\u00e8re la diversit\u00e9 des mod\u00e8les de gestion : concessions en Martinique, Guadeloupe et Guyane, gestion par les collectivit\u00e9s \u00e0 Saint-Barth\u00e9lemy et Saint-Martin, mod\u00e8le de soci\u00e9t\u00e9 d\u2019\u00c9tat \u00e0 la Barbade avec un projet de PPP. Les \u00e9changes ont converg\u00e9 sur la n\u00e9cessit\u00e9 de cr\u00e9er une instance r\u00e9gionale plus technique que politique pour renforcer la coop\u00e9ration entre plateformes. <\/p>\n\n<h3 class=\"wp-block-heading\"><strong>3. Comp\u00e9tences et synergies a\u00e9rospatiales<\/strong><\/h3>\n\n<p>La pr\u00e9paration de la Conf\u00e9rence de l\u2019A\u00e9rien Antilles-Guyane a aussi mis en avant l\u2019urgence de structurer un r\u00e9f\u00e9rentiel commun des m\u00e9tiers a\u00e9ronautiques et spatiaux. Maintenance, t\u00e9l\u00e9pilotage de drones, ing\u00e9nierie spatiale : les besoins sont nombreux et strat\u00e9giques. La cr\u00e9ation d\u2019un cluster a\u00e9rospatial carib\u00e9en a \u00e9t\u00e9 retenue comme outil prioritaire pour f\u00e9d\u00e9rer rectorats, universit\u00e9s, CNES et ENAC.  <\/p>\n\n<h3 class=\"wp-block-heading\"><strong>4. Transition \u00e9cologique et a\u00e9rien durable<\/strong><\/h3>\n\n<p>La perspective de la COP30 au Br\u00e9sil a donn\u00e9 le ton des \u00e9changes : la r\u00e9duction de l\u2019empreinte carbone est devenue centrale. Air France-KLM a d\u00e9taill\u00e9 sa strat\u00e9gie (modernisation de la flotte, 10 % de carburants durables d\u2019ici 2030), tandis que la SARA a pr\u00e9sent\u00e9 ses projets de production locale de biocarburants. Les a\u00e9roports de la r\u00e9gion ont insist\u00e9 sur leurs actions en mati\u00e8re de r\u00e9silience climatique et d\u2019\u00e9nergies renouvelables.<br \/>La cr\u00e9ation d\u2019une plateforme d\u2019achats group\u00e9s de SAF et un plaidoyer commun aupr\u00e8s de l\u2019Union europ\u00e9enne pour adapter le syst\u00e8me ETS ont \u00e9t\u00e9 identifi\u00e9s comme priorit\u00e9s.  <\/p>\n\n<h3 class=\"wp-block-heading\"><strong>5. Fret, logistique et int\u00e9gration r\u00e9gionale<\/strong><\/h3>\n\n<p>Les constats sont clairs : le fret accuse un retard structurel, particuli\u00e8rement \u00e0 Cayenne. Le projet EFTI4All a \u00e9t\u00e9 mis en avant comme levier de digitalisation et de simplification des proc\u00e9dures douani\u00e8res. Les participants ont soulign\u00e9 l\u2019importance d\u2019accompagner les PME\/TPE pour \u00e9viter une fracture num\u00e9rique et d\u2019exploiter le potentiel des zones franches afin de stimuler les exportations.  <\/p>\n\n<h3 class=\"wp-block-heading\"><strong>6. Financement et innovation<\/strong><\/h3>\n\n<p>L\u2019atelier a mis en lumi\u00e8re les difficult\u00e9s de financement de projets strat\u00e9giques comme Flying Whales en Guyane, tout en proposant la cr\u00e9ation d\u2019un fonds d\u2019investissement r\u00e9gional. Les institutions financi\u00e8res (AFD, BPI, SEM patrimoniale, banques carib\u00e9ennes) ont \u00e9t\u00e9 identifi\u00e9es comme partenaires incontournables. Tous les acteurs se sont accord\u00e9s sur la priorit\u00e9 d\u2019officialiser le cluster a\u00e9rien et spatial lors de la Conf\u00e9rence de l\u2019A\u00e9rien 2025.  <\/p>\n\n<figure class=\"wp-block-image\"><img decoding=\"async\" data-src=\"https:\/\/richeskarayib.com\/wp-content\/uploads\/2025\/09\/DeWatermark.ai_1758554412164.jpeg\" alt=\"Airline Conference\" src=\"data:image\/svg+xml;base64,PHN2ZyB3aWR0aD0iMSIgaGVpZ2h0PSIxIiB4bWxucz0iaHR0cDovL3d3dy53My5vcmcvMjAwMC9zdmciPjwvc3ZnPg==\" class=\"lazyload\" \/><\/figure>\n\n<h2 class=\"wp-block-heading\">Le programme officiel des 23 et 24 octobre 2025<\/h2>\n\n<p>Les tables rondes et pl\u00e9ni\u00e8res annonc\u00e9es viendront donner un cadre concret aux priorit\u00e9s issues des ateliers pr\u00e9paratoires. Le d\u00e9roul\u00e9 des deux jours permettra \u00e0 la Conf\u00e9rence de l\u2019A\u00e9rien 2025 de passer de la r\u00e9flexion strat\u00e9gique \u00e0 des engagements op\u00e9rationnels. <\/p>\n\n<h3 class=\"wp-block-heading\"><strong>Jour 1 \u2013 Jeudi 23 octobre 2025, Cayenne<\/strong><\/h3>\n\n<ul class=\"wp-block-list\">\n<li>\ud83d\udd50 12h30 \u2013 14h00 : D\u00e9jeuner inaugural.<\/li>\n\n\n\n<li>\ud83d\udd50 14h00 \u2013 16h00 : Pl\u00e9ni\u00e8re d\u2019ouverture \u2013 Connecter le bassin : des liaisons inter-\u00eeles aux passerelles internationales \u2013 vers un espace a\u00e9rien int\u00e9gr\u00e9 Antilles-Guyane \u2013 Plateau des Guyanes.<\/li>\n\n\n\n<li>\ud83d\udd50 16h00 \u2013 18h00 : Table Ronde n\u00b01 \u2013 De l\u2019a\u00e9rien au spatial : forger les comp\u00e9tences et les innovations pour un avenir durable et partag\u00e9.<\/li>\n\n\n\n<li>\ud83d\udd50 19h00 : Cocktail de bienvenue.<\/li>\n<\/ul>\n\n<h3 class=\"wp-block-heading\"><strong>Jour 2 \u2013 Vendredi 24 octobre 2025<\/strong><\/h3>\n\n<ul class=\"wp-block-list\">\n<li>\ud83d\udd50 09h00 \u2013 09h45 : Pl\u00e9ni\u00e8re d\u2019ouverture.<\/li>\n\n\n\n<li>\ud83d\udd50 10h00 \u2013 12h00 : Table Ronde n\u00b02 \u2013 Plateformes a\u00e9roportuaires : moteurs de comp\u00e9titivit\u00e9 et de coop\u00e9ration r\u00e9gionale.<\/li>\n\n\n\n<li>\ud83d\udd50 12h00 \u2013 13h30 : D\u00e9jeuner.<\/li>\n\n\n\n<li>\ud83d\udd50 13h30 \u2013 15h00 : Table Ronde n\u00b03 \u2013 Fret et logistique : construire les cha\u00eenes de valeur de demain du Plateau des Guyanes et de la Grande Cara\u00efbe.<\/li>\n\n\n\n<li>\ud83d\udd50 15h30 \u2013 17h30 : Table Ronde n\u00b04 \u2013 Investir dans l\u2019a\u00e9rien : financements et partenariats pour une croissance soutenue.<\/li>\n\n\n\n<li>\ud83d\udd50 17h30 \u2013 18h00 : Pl\u00e9ni\u00e8re de cl\u00f4ture.<\/li>\n<\/ul>\n\n<figure class=\"wp-block-image\"><img decoding=\"async\" data-src=\"https:\/\/richeskarayib.com\/wp-content\/uploads\/2025\/09\/CTG-Invitat_CONF_AERIEN_BASSIN-AG_23-24-OCT-2025_page-0001-1024x1024.jpg\" alt=\"Airline Conference\" src=\"data:image\/svg+xml;base64,PHN2ZyB3aWR0aD0iMSIgaGVpZ2h0PSIxIiB4bWxucz0iaHR0cDovL3d3dy53My5vcmcvMjAwMC9zdmciPjwvc3ZnPg==\" class=\"lazyload\" style=\"--smush-placeholder-width: 1024px; --smush-placeholder-aspect-ratio: 1024\/1024;\" \/><\/figure>\n\n<figure class=\"wp-block-image\"><img decoding=\"async\" data-src=\"https:\/\/richeskarayib.com\/wp-content\/uploads\/2025\/09\/CTG-Invitat_CONF_AERIEN_BASSIN-AG_23-24-OCT-2025_page-0002-1024x1024.jpg\" alt=\"Airline Conference\" src=\"data:image\/svg+xml;base64,PHN2ZyB3aWR0aD0iMSIgaGVpZ2h0PSIxIiB4bWxucz0iaHR0cDovL3d3dy53My5vcmcvMjAwMC9zdmciPjwvc3ZnPg==\" class=\"lazyload\" style=\"--smush-placeholder-width: 1024px; --smush-placeholder-aspect-ratio: 1024\/1024;\" \/><\/figure>\n\n<h2 class=\"wp-block-heading\">Des enjeux strat\u00e9giques pour la r\u00e9gion<\/h2>\n\n<p>L\u2019\u00e9dition 2025 de la <a href=\"https:\/\/www.karibinfo.com\/news\/bassin-antilles-guyane-conference-de-laerien-augmenter-la-connectivite\/\" target=\"_blank\" rel=\"noreferrer noopener\">Conf\u00e9rence de l\u2019A\u00e9rien<\/a> 2025 ambitionne d\u2019apporter des r\u00e9ponses claires \u00e0 plusieurs d\u00e9fis majeurs. La Conf\u00e9rence de l\u2019A\u00e9rien 2025 vise \u00e0 assurer la continuit\u00e9 des liaisons inter-\u00eeles, \u00e0 renforcer la formation, \u00e0 acc\u00e9l\u00e9rer la transition \u00e9cologique et \u00e0 moderniser le fret. Elle doit aussi poser les bases d\u2019un fonds r\u00e9gional, en officialisant des partenariats public-priv\u00e9.  <\/p>\n\n<figure class=\"wp-block-image\"><img decoding=\"async\" data-src=\"https:\/\/richeskarayib.com\/wp-content\/uploads\/2025\/09\/wmremove-transformed-2-2.jpeg\" alt=\"Airline Conference\" src=\"data:image\/svg+xml;base64,PHN2ZyB3aWR0aD0iMSIgaGVpZ2h0PSIxIiB4bWxucz0iaHR0cDovL3d3dy53My5vcmcvMjAwMC9zdmciPjwvc3ZnPg==\" class=\"lazyload\" \/><\/figure>\n\n<h2 class=\"wp-block-heading\">Une dimension politique affirm\u00e9e<\/h2>\n\n<p>La Conf\u00e9rence de l\u2019A\u00e9rien 2025 d\u00e9passe le cadre technique : elle symbolise une volont\u00e9 politique forte. Apr\u00e8s la Martinique en 2024, la Guyane tient sa promesse d\u2019organiser cette deuxi\u00e8me \u00e9dition et affirme sa place strat\u00e9gique dans la coop\u00e9ration carib\u00e9enne. <\/p>\n\n<p>Les 23 et 24 octobre, Cayenne deviendra le point de convergence des ambitions a\u00e9riennes et spatiales r\u00e9gionales. Avec la Conf\u00e9rence de l\u2019A\u00e9rien 2025, la r\u00e9gion franchira une nouvelle \u00e9tape dans sa coop\u00e9ration. <\/p>\n","protected":false},"excerpt":{"rendered":"<p>La Conf\u00e9rence de l\u2019A\u00e9rien 2025 se d\u00e9roulera \u00e0 Cayenne, en Guyane, les 23 et 24 octobre prochains. Cet \u00e9v\u00e9nement confirme l\u2019engagement pris lors de la premi\u00e8re \u00e9dition en 2024 en Martinique : donner \u00e0 la Guyane la responsabilit\u00e9 d\u2019accueillir la suite.Cette deuxi\u00e8me \u00e9dition intervient dans un contexte marqu\u00e9 par la n\u00e9cessit\u00e9 de renforcer la connectivit\u00e9 [&hellip;]<\/p>\n","protected":false},"author":1,"featured_media":0,"comment_status":"open","ping_status":"open","sticky":false,"template":"","format":"standard","meta":{"footnotes":""},"categories":[112,109],"tags":[],"class_list":["post-19661","post","type-post","status-publish","format-standard","hentry","category-durabilite-et-transition-energetique","category-experience-passagers-services"],"yoast_head":"<!-- This site is optimized with the Yoast SEO plugin v26.9 - https:\/\/yoast.com\/product\/yoast-seo-wordpress\/ -->\n<title>Conf\u00e9rence de l\u2019A\u00e9rien 2025 : la Guyane accueille la deuxi\u00e8me \u00e9dition les 23 et 24 octobre - LATITUDE 15<\/title>\n<meta name=\"robots\" content=\"index, follow, max-snippet:-1, max-image-preview:large, max-video-preview:-1\" \/>\n<link rel=\"canonical\" href=\"https:\/\/www.latitude-15.com\/fr\/conference-de-laerien-2025-la-guyane-accueille-la-deuxieme-edition-les-23-et-24-octobre\/\" \/>\n<meta property=\"og:locale\" content=\"fr_FR\" \/>\n<meta property=\"og:type\" content=\"article\" \/>\n<meta property=\"og:title\" content=\"Conf\u00e9rence de l\u2019A\u00e9rien 2025 : la Guyane accueille la deuxi\u00e8me \u00e9dition les 23 et 24 octobre - LATITUDE 15\" \/>\n<meta property=\"og:description\" content=\"La Conf\u00e9rence de l\u2019A\u00e9rien 2025 se d\u00e9roulera \u00e0 Cayenne, en Guyane, les 23 et 24 octobre prochains. Cet \u00e9v\u00e9nement confirme l\u2019engagement pris lors de la premi\u00e8re \u00e9dition en 2024 en Martinique : donner \u00e0 la Guyane la responsabilit\u00e9 d\u2019accueillir la suite.Cette deuxi\u00e8me \u00e9dition intervient dans un contexte marqu\u00e9 par la n\u00e9cessit\u00e9 de renforcer la connectivit\u00e9 [&hellip;]\" \/>\n<meta property=\"og:url\" content=\"https:\/\/www.latitude-15.com\/fr\/conference-de-laerien-2025-la-guyane-accueille-la-deuxieme-edition-les-23-et-24-octobre\/\" \/>\n<meta property=\"og:site_name\" content=\"LATITUDE 15\" \/>\n<meta property=\"article:published_time\" content=\"2025-09-22T04:48:22+00:00\" \/>\n<meta property=\"article:modified_time\" content=\"2026-02-04T04:37:51+00:00\" \/>\n<meta property=\"og:image\" content=\"https:\/\/www.latitude-15.com\/wp-content\/uploads\/2026\/01\/DeWatermark.ai_1758554378445.jpeg.webp\" \/>\n\t<meta property=\"og:image:width\" content=\"1280\" \/>\n\t<meta property=\"og:image:height\" content=\"846\" \/>\n\t<meta property=\"og:image:type\" content=\"image\/webp\" \/>\n<meta name=\"author\" content=\"sabrinalat15\" \/>\n<meta name=\"twitter:card\" content=\"summary_large_image\" \/>\n<meta name=\"twitter:label1\" content=\"\u00c9crit par\" \/>\n\t<meta name=\"twitter:data1\" content=\"sabrinalat15\" \/>\n\t<meta name=\"twitter:label2\" content=\"Dur\u00e9e de lecture estim\u00e9e\" \/>\n\t<meta name=\"twitter:data2\" content=\"5 minutes\" \/>\n<script type=\"application\/ld+json\" class=\"yoast-schema-graph\">{\"@context\":\"https:\/\/schema.org\",\"@graph\":[{\"@type\":\"Article\",\"@id\":\"https:\/\/www.latitude-15.com\/fr\/conference-de-laerien-2025-la-guyane-accueille-la-deuxieme-edition-les-23-et-24-octobre\/#article\",\"isPartOf\":{\"@id\":\"https:\/\/www.latitude-15.com\/fr\/conference-de-laerien-2025-la-guyane-accueille-la-deuxieme-edition-les-23-et-24-octobre\/\"},\"author\":{\"name\":\"sabrinalat15\",\"@id\":\"https:\/\/www.latitude-15.com\/fr\/#\/schema\/person\/2a70943507771992ce3316849aa93bdd\"},\"headline\":\"Conf\u00e9rence de l\u2019A\u00e9rien 2025 : la Guyane accueille la deuxi\u00e8me \u00e9dition les 23 et 24 octobre\",\"datePublished\":\"2025-09-22T04:48:22+00:00\",\"dateModified\":\"2026-02-04T04:37:51+00:00\",\"mainEntityOfPage\":{\"@id\":\"https:\/\/www.latitude-15.com\/fr\/conference-de-laerien-2025-la-guyane-accueille-la-deuxieme-edition-les-23-et-24-octobre\/\"},\"wordCount\":1043,\"commentCount\":0,\"publisher\":{\"@id\":\"https:\/\/www.latitude-15.com\/fr\/#organization\"},\"image\":{\"@id\":\"https:\/\/www.latitude-15.com\/fr\/conference-de-laerien-2025-la-guyane-accueille-la-deuxieme-edition-les-23-et-24-octobre\/#primaryimage\"},\"thumbnailUrl\":\"https:\/\/richeskarayib.com\/wp-content\/uploads\/2025\/09\/DeWatermark.ai_1758554412164.jpeg\",\"articleSection\":[\"Durabilit\u00e9 et transition \u00e9nerg\u00e9tique\",\"Exp\u00e9rience passagers et services\"],\"inLanguage\":\"fr-FR\",\"potentialAction\":[{\"@type\":\"CommentAction\",\"name\":\"Comment\",\"target\":[\"https:\/\/www.latitude-15.com\/fr\/conference-de-laerien-2025-la-guyane-accueille-la-deuxieme-edition-les-23-et-24-octobre\/#respond\"]}]},{\"@type\":\"WebPage\",\"@id\":\"https:\/\/www.latitude-15.com\/fr\/conference-de-laerien-2025-la-guyane-accueille-la-deuxieme-edition-les-23-et-24-octobre\/\",\"url\":\"https:\/\/www.latitude-15.com\/fr\/conference-de-laerien-2025-la-guyane-accueille-la-deuxieme-edition-les-23-et-24-octobre\/\",\"name\":\"Conf\u00e9rence de l\u2019A\u00e9rien 2025 : la Guyane accueille la deuxi\u00e8me \u00e9dition les 23 et 24 octobre - LATITUDE 15\",\"isPartOf\":{\"@id\":\"https:\/\/www.latitude-15.com\/fr\/#website\"},\"primaryImageOfPage\":{\"@id\":\"https:\/\/www.latitude-15.com\/fr\/conference-de-laerien-2025-la-guyane-accueille-la-deuxieme-edition-les-23-et-24-octobre\/#primaryimage\"},\"image\":{\"@id\":\"https:\/\/www.latitude-15.com\/fr\/conference-de-laerien-2025-la-guyane-accueille-la-deuxieme-edition-les-23-et-24-octobre\/#primaryimage\"},\"thumbnailUrl\":\"https:\/\/richeskarayib.com\/wp-content\/uploads\/2025\/09\/DeWatermark.ai_1758554412164.jpeg\",\"datePublished\":\"2025-09-22T04:48:22+00:00\",\"dateModified\":\"2026-02-04T04:37:51+00:00\",\"breadcrumb\":{\"@id\":\"https:\/\/www.latitude-15.com\/fr\/conference-de-laerien-2025-la-guyane-accueille-la-deuxieme-edition-les-23-et-24-octobre\/#breadcrumb\"},\"inLanguage\":\"fr-FR\",\"potentialAction\":[{\"@type\":\"ReadAction\",\"target\":[\"https:\/\/www.latitude-15.com\/fr\/conference-de-laerien-2025-la-guyane-accueille-la-deuxieme-edition-les-23-et-24-octobre\/\"]}]},{\"@type\":\"ImageObject\",\"inLanguage\":\"fr-FR\",\"@id\":\"https:\/\/www.latitude-15.com\/fr\/conference-de-laerien-2025-la-guyane-accueille-la-deuxieme-edition-les-23-et-24-octobre\/#primaryimage\",\"url\":\"https:\/\/richeskarayib.com\/wp-content\/uploads\/2025\/09\/DeWatermark.ai_1758554412164.jpeg\",\"contentUrl\":\"https:\/\/richeskarayib.com\/wp-content\/uploads\/2025\/09\/DeWatermark.ai_1758554412164.jpeg\"},{\"@type\":\"BreadcrumbList\",\"@id\":\"https:\/\/www.latitude-15.com\/fr\/conference-de-laerien-2025-la-guyane-accueille-la-deuxieme-edition-les-23-et-24-octobre\/#breadcrumb\",\"itemListElement\":[{\"@type\":\"ListItem\",\"position\":1,\"name\":\"Home\",\"item\":\"https:\/\/www.latitude-15.com\/fr\/accueil\/\"},{\"@type\":\"ListItem\",\"position\":2,\"name\":\"Conf\u00e9rence de l\u2019A\u00e9rien 2025 : la Guyane accueille la deuxi\u00e8me \u00e9dition les 23 et 24 octobre\"}]},{\"@type\":\"WebSite\",\"@id\":\"https:\/\/www.latitude-15.com\/fr\/#website\",\"url\":\"https:\/\/www.latitude-15.com\/fr\/\",\"name\":\"LATITUDE 15\",\"description\":\"Aviation and maritime Magazine - Caribbean &amp; Latin America\",\"publisher\":{\"@id\":\"https:\/\/www.latitude-15.com\/fr\/#organization\"},\"potentialAction\":[{\"@type\":\"SearchAction\",\"target\":{\"@type\":\"EntryPoint\",\"urlTemplate\":\"https:\/\/www.latitude-15.com\/fr\/?s={search_term_string}\"},\"query-input\":{\"@type\":\"PropertyValueSpecification\",\"valueRequired\":true,\"valueName\":\"search_term_string\"}}],\"inLanguage\":\"fr-FR\"},{\"@type\":\"Organization\",\"@id\":\"https:\/\/www.latitude-15.com\/fr\/#organization\",\"name\":\"LATITUDE 15\",\"url\":\"https:\/\/www.latitude-15.com\/fr\/\",\"logo\":{\"@type\":\"ImageObject\",\"inLanguage\":\"fr-FR\",\"@id\":\"https:\/\/www.latitude-15.com\/fr\/#\/schema\/logo\/image\/\",\"url\":\"https:\/\/www.latitude-15.com\/wp-content\/uploads\/2026\/01\/cropped-logox500px.png\",\"contentUrl\":\"https:\/\/www.latitude-15.com\/wp-content\/uploads\/2026\/01\/cropped-logox500px.png\",\"width\":62,\"height\":75,\"caption\":\"LATITUDE 15\"},\"image\":{\"@id\":\"https:\/\/www.latitude-15.com\/fr\/#\/schema\/logo\/image\/\"}},{\"@type\":\"Person\",\"@id\":\"https:\/\/www.latitude-15.com\/fr\/#\/schema\/person\/2a70943507771992ce3316849aa93bdd\",\"name\":\"sabrinalat15\",\"image\":{\"@type\":\"ImageObject\",\"inLanguage\":\"fr-FR\",\"@id\":\"https:\/\/www.latitude-15.com\/fr\/#\/schema\/person\/image\/\",\"url\":\"https:\/\/secure.gravatar.com\/avatar\/91f5e11872ca6128d75f7bbde22cc384ad142a113b81c554ed87d6d9762f8813?s=96&d=mm&r=g\",\"contentUrl\":\"https:\/\/secure.gravatar.com\/avatar\/91f5e11872ca6128d75f7bbde22cc384ad142a113b81c554ed87d6d9762f8813?s=96&d=mm&r=g\",\"caption\":\"sabrinalat15\"},\"sameAs\":[\"https:\/\/www.latitude-15.com\"],\"url\":\"https:\/\/www.latitude-15.com\/fr\/author\/sabrinalat15\/\"}]}<\/script>\n<!-- \/ Yoast SEO plugin. -->","yoast_head_json":{"title":"Conf\u00e9rence de l\u2019A\u00e9rien 2025 : la Guyane accueille la deuxi\u00e8me \u00e9dition les 23 et 24 octobre - LATITUDE 15","robots":{"index":"index","follow":"follow","max-snippet":"max-snippet:-1","max-image-preview":"max-image-preview:large","max-video-preview":"max-video-preview:-1"},"canonical":"https:\/\/www.latitude-15.com\/fr\/conference-de-laerien-2025-la-guyane-accueille-la-deuxieme-edition-les-23-et-24-octobre\/","og_locale":"fr_FR","og_type":"article","og_title":"Conf\u00e9rence de l\u2019A\u00e9rien 2025 : la Guyane accueille la deuxi\u00e8me \u00e9dition les 23 et 24 octobre - LATITUDE 15","og_description":"La Conf\u00e9rence de l\u2019A\u00e9rien 2025 se d\u00e9roulera \u00e0 Cayenne, en Guyane, les 23 et 24 octobre prochains. Cet \u00e9v\u00e9nement confirme l\u2019engagement pris lors de la premi\u00e8re \u00e9dition en 2024 en Martinique : donner \u00e0 la Guyane la responsabilit\u00e9 d\u2019accueillir la suite.Cette deuxi\u00e8me \u00e9dition intervient dans un contexte marqu\u00e9 par la n\u00e9cessit\u00e9 de renforcer la connectivit\u00e9 [&hellip;]","og_url":"https:\/\/www.latitude-15.com\/fr\/conference-de-laerien-2025-la-guyane-accueille-la-deuxieme-edition-les-23-et-24-octobre\/","og_site_name":"LATITUDE 15","article_published_time":"2025-09-22T04:48:22+00:00","article_modified_time":"2026-02-04T04:37:51+00:00","og_image":[{"width":1280,"height":846,"url":"https:\/\/www.latitude-15.com\/wp-content\/uploads\/2026\/01\/DeWatermark.ai_1758554378445.jpeg.webp","type":"image\/webp"}],"author":"sabrinalat15","twitter_card":"summary_large_image","twitter_misc":{"\u00c9crit par":"sabrinalat15","Dur\u00e9e de lecture estim\u00e9e":"5 minutes"},"schema":{"@context":"https:\/\/schema.org","@graph":[{"@type":"Article","@id":"https:\/\/www.latitude-15.com\/fr\/conference-de-laerien-2025-la-guyane-accueille-la-deuxieme-edition-les-23-et-24-octobre\/#article","isPartOf":{"@id":"https:\/\/www.latitude-15.com\/fr\/conference-de-laerien-2025-la-guyane-accueille-la-deuxieme-edition-les-23-et-24-octobre\/"},"author":{"name":"sabrinalat15","@id":"https:\/\/www.latitude-15.com\/fr\/#\/schema\/person\/2a70943507771992ce3316849aa93bdd"},"headline":"Conf\u00e9rence de l\u2019A\u00e9rien 2025 : la Guyane accueille la deuxi\u00e8me \u00e9dition les 23 et 24 octobre","datePublished":"2025-09-22T04:48:22+00:00","dateModified":"2026-02-04T04:37:51+00:00","mainEntityOfPage":{"@id":"https:\/\/www.latitude-15.com\/fr\/conference-de-laerien-2025-la-guyane-accueille-la-deuxieme-edition-les-23-et-24-octobre\/"},"wordCount":1043,"commentCount":0,"publisher":{"@id":"https:\/\/www.latitude-15.com\/fr\/#organization"},"image":{"@id":"https:\/\/www.latitude-15.com\/fr\/conference-de-laerien-2025-la-guyane-accueille-la-deuxieme-edition-les-23-et-24-octobre\/#primaryimage"},"thumbnailUrl":"https:\/\/richeskarayib.com\/wp-content\/uploads\/2025\/09\/DeWatermark.ai_1758554412164.jpeg","articleSection":["Durabilit\u00e9 et transition \u00e9nerg\u00e9tique","Exp\u00e9rience passagers et services"],"inLanguage":"fr-FR","potentialAction":[{"@type":"CommentAction","name":"Comment","target":["https:\/\/www.latitude-15.com\/fr\/conference-de-laerien-2025-la-guyane-accueille-la-deuxieme-edition-les-23-et-24-octobre\/#respond"]}]},{"@type":"WebPage","@id":"https:\/\/www.latitude-15.com\/fr\/conference-de-laerien-2025-la-guyane-accueille-la-deuxieme-edition-les-23-et-24-octobre\/","url":"https:\/\/www.latitude-15.com\/fr\/conference-de-laerien-2025-la-guyane-accueille-la-deuxieme-edition-les-23-et-24-octobre\/","name":"Conf\u00e9rence de l\u2019A\u00e9rien 2025 : la Guyane accueille la deuxi\u00e8me \u00e9dition les 23 et 24 octobre - LATITUDE 15","isPartOf":{"@id":"https:\/\/www.latitude-15.com\/fr\/#website"},"primaryImageOfPage":{"@id":"https:\/\/www.latitude-15.com\/fr\/conference-de-laerien-2025-la-guyane-accueille-la-deuxieme-edition-les-23-et-24-octobre\/#primaryimage"},"image":{"@id":"https:\/\/www.latitude-15.com\/fr\/conference-de-laerien-2025-la-guyane-accueille-la-deuxieme-edition-les-23-et-24-octobre\/#primaryimage"},"thumbnailUrl":"https:\/\/richeskarayib.com\/wp-content\/uploads\/2025\/09\/DeWatermark.ai_1758554412164.jpeg","datePublished":"2025-09-22T04:48:22+00:00","dateModified":"2026-02-04T04:37:51+00:00","breadcrumb":{"@id":"https:\/\/www.latitude-15.com\/fr\/conference-de-laerien-2025-la-guyane-accueille-la-deuxieme-edition-les-23-et-24-octobre\/#breadcrumb"},"inLanguage":"fr-FR","potentialAction":[{"@type":"ReadAction","target":["https:\/\/www.latitude-15.com\/fr\/conference-de-laerien-2025-la-guyane-accueille-la-deuxieme-edition-les-23-et-24-octobre\/"]}]},{"@type":"ImageObject","inLanguage":"fr-FR","@id":"https:\/\/www.latitude-15.com\/fr\/conference-de-laerien-2025-la-guyane-accueille-la-deuxieme-edition-les-23-et-24-octobre\/#primaryimage","url":"https:\/\/richeskarayib.com\/wp-content\/uploads\/2025\/09\/DeWatermark.ai_1758554412164.jpeg","contentUrl":"https:\/\/richeskarayib.com\/wp-content\/uploads\/2025\/09\/DeWatermark.ai_1758554412164.jpeg"},{"@type":"BreadcrumbList","@id":"https:\/\/www.latitude-15.com\/fr\/conference-de-laerien-2025-la-guyane-accueille-la-deuxieme-edition-les-23-et-24-octobre\/#breadcrumb","itemListElement":[{"@type":"ListItem","position":1,"name":"Home","item":"https:\/\/www.latitude-15.com\/fr\/accueil\/"},{"@type":"ListItem","position":2,"name":"Conf\u00e9rence de l\u2019A\u00e9rien 2025 : la Guyane accueille la deuxi\u00e8me \u00e9dition les 23 et 24 octobre"}]},{"@type":"WebSite","@id":"https:\/\/www.latitude-15.com\/fr\/#website","url":"https:\/\/www.latitude-15.com\/fr\/","name":"LATITUDE 15","description":"Aviation and maritime Magazine - Caribbean &amp; Latin America","publisher":{"@id":"https:\/\/www.latitude-15.com\/fr\/#organization"},"potentialAction":[{"@type":"SearchAction","target":{"@type":"EntryPoint","urlTemplate":"https:\/\/www.latitude-15.com\/fr\/?s={search_term_string}"},"query-input":{"@type":"PropertyValueSpecification","valueRequired":true,"valueName":"search_term_string"}}],"inLanguage":"fr-FR"},{"@type":"Organization","@id":"https:\/\/www.latitude-15.com\/fr\/#organization","name":"LATITUDE 15","url":"https:\/\/www.latitude-15.com\/fr\/","logo":{"@type":"ImageObject","inLanguage":"fr-FR","@id":"https:\/\/www.latitude-15.com\/fr\/#\/schema\/logo\/image\/","url":"https:\/\/www.latitude-15.com\/wp-content\/uploads\/2026\/01\/cropped-logox500px.png","contentUrl":"https:\/\/www.latitude-15.com\/wp-content\/uploads\/2026\/01\/cropped-logox500px.png","width":62,"height":75,"caption":"LATITUDE 15"},"image":{"@id":"https:\/\/www.latitude-15.com\/fr\/#\/schema\/logo\/image\/"}},{"@type":"Person","@id":"https:\/\/www.latitude-15.com\/fr\/#\/schema\/person\/2a70943507771992ce3316849aa93bdd","name":"sabrinalat15","image":{"@type":"ImageObject","inLanguage":"fr-FR","@id":"https:\/\/www.latitude-15.com\/fr\/#\/schema\/person\/image\/","url":"https:\/\/secure.gravatar.com\/avatar\/91f5e11872ca6128d75f7bbde22cc384ad142a113b81c554ed87d6d9762f8813?s=96&d=mm&r=g","contentUrl":"https:\/\/secure.gravatar.com\/avatar\/91f5e11872ca6128d75f7bbde22cc384ad142a113b81c554ed87d6d9762f8813?s=96&d=mm&r=g","caption":"sabrinalat15"},"sameAs":["https:\/\/www.latitude-15.com"],"url":"https:\/\/www.latitude-15.com\/fr\/author\/sabrinalat15\/"}]}},"_links":{"self":[{"href":"https:\/\/www.latitude-15.com\/fr\/wp-json\/wp\/v2\/posts\/19661","targetHints":{"allow":["GET"]}}],"collection":[{"href":"https:\/\/www.latitude-15.com\/fr\/wp-json\/wp\/v2\/posts"}],"about":[{"href":"https:\/\/www.latitude-15.com\/fr\/wp-json\/wp\/v2\/types\/post"}],"author":[{"embeddable":true,"href":"https:\/\/www.latitude-15.com\/fr\/wp-json\/wp\/v2\/users\/1"}],"replies":[{"embeddable":true,"href":"https:\/\/www.latitude-15.com\/fr\/wp-json\/wp\/v2\/comments?post=19661"}],"version-history":[{"count":2,"href":"https:\/\/www.latitude-15.com\/fr\/wp-json\/wp\/v2\/posts\/19661\/revisions"}],"predecessor-version":[{"id":19663,"href":"https:\/\/www.latitude-15.com\/fr\/wp-json\/wp\/v2\/posts\/19661\/revisions\/19663"}],"wp:attachment":[{"href":"https:\/\/www.latitude-15.com\/fr\/wp-json\/wp\/v2\/media?parent=19661"}],"wp:term":[{"taxonomy":"category","embeddable":true,"href":"https:\/\/www.latitude-15.com\/fr\/wp-json\/wp\/v2\/categories?post=19661"},{"taxonomy":"post_tag","embeddable":true,"href":"https:\/\/www.latitude-15.com\/fr\/wp-json\/wp\/v2\/tags?post=19661"}],"curies":[{"name":"wp","href":"https:\/\/api.w.org\/{rel}","templated":true}]}}