{"id":19650,"date":"2025-10-08T00:44:01","date_gmt":"2025-10-08T04:44:01","guid":{"rendered":"https:\/\/www.latitude-15.com\/2025\/10\/08\/trinidad-tobago-aci-lac-2025-la-caraibe-au-coeur-des-enjeux-de-connectivite-de-durabilite-et-dinnovation-aeroportuaire\/"},"modified":"2026-02-04T00:25:23","modified_gmt":"2026-02-04T04:25:23","slug":"trinidad-tobago-aci-lac-2025-la-caraibe-au-coeur-des-enjeux-de-connectivite-de-durabilite-et-dinnovation-aeroportuaire","status":"publish","type":"post","link":"https:\/\/www.latitude-15.com\/fr\/trinidad-tobago-aci-lac-2025-la-caraibe-au-coeur-des-enjeux-de-connectivite-de-durabilite-et-dinnovation-aeroportuaire\/","title":{"rendered":"Trinidad &amp; Tobago \u2013 ACI-LAC 2025 : la Cara\u00efbe au c\u0153ur des enjeux de connectivit\u00e9, de durabilit\u00e9 et d\u2019innovation a\u00e9roportuaire"},"content":{"rendered":"\n<h2 class=\"wp-block-heading\">Une conf\u00e9rence strat\u00e9gique \u00e0 Trinidad et Tobago<\/h2>\n\n<p>La conf\u00e9rence de presse organis\u00e9e \u00e0 Trinidad et Tobago le 6 octobre 2025, dans le cadre de l\u2019ASSEMBL\u00c9E ANNUELLE DE L\u2019 <a href=\"https:\/\/aci-lac.aero\/conference2025\/\" target=\"_blank\" rel=\"noreferrer noopener\">ACI-LAC 2025<\/a> \u2013 CONF\u00c9RENCE ET EXHIBITION, a r\u00e9uni les principaux dirigeants de l\u2019industrie a\u00e9roportuaire r\u00e9gionale. Autour de M\u00f3nica Infante (Pr\u00e9sidente d\u2019ACI-LAC et Directrice G\u00e9n\u00e9rale d\u2019Aerodom), du Dr. Rafael Echevarne (Directeur G\u00e9n\u00e9ral d\u2019ACI-LAC) et de Hayden Newton (Directeur G\u00e9n\u00e9ral de l\u2019Airports Authority of Trinidad and Tobago) , les \u00e9changes ont port\u00e9 sur la croissance du trafic, la durabilit\u00e9 et les investissements n\u00e9cessaires pour accompagner l\u2019essor du transport a\u00e9rien dans la Cara\u00efbe et l\u2019Am\u00e9rique latine.<\/p>\n\n<p>ACI-LAC, sigle d\u2019Airports Council International \u2013 Latin America &amp; Caribbean, est la branche r\u00e9gionale de l\u2019organisation mondiale des a\u00e9roports. Elle repr\u00e9sente les int\u00e9r\u00eats de 91 membres op\u00e9rant plus de 360 a\u00e9roports dans 42 pays et territoires de la r\u00e9gion.<\/p>\n\n<figure class=\"wp-block-image\"><img decoding=\"async\" data-src=\"https:\/\/richeskarayib.com\/wp-content\/uploads\/2025\/10\/lieu-des-levent-des-acilac-1024x473.jpg\" alt=\"\" src=\"data:image\/svg+xml;base64,PHN2ZyB3aWR0aD0iMSIgaGVpZ2h0PSIxIiB4bWxucz0iaHR0cDovL3d3dy53My5vcmcvMjAwMC9zdmciPjwvc3ZnPg==\" class=\"lazyload\" style=\"--smush-placeholder-width: 1024px; --smush-placeholder-aspect-ratio: 1024\/473;\" \/><\/figure>\n\n<h2 class=\"wp-block-heading\">Des chiffres records confirm\u00e9s par ACI World<\/h2>\n\n<p>Les donn\u00e9es publi\u00e9es pendant l\u2019Assembl\u00e9e annuelle de l\u2019ACI-LAC 2025 indiquent que le trafic passagers en Am\u00e9rique latine et dans <a href=\"https:\/\/richeskarayib.com\/biospace-the-caribbeans-maritime-attractiveness\/\" target=\"_blank\" rel=\"noreferrer noopener\">la Cara\u00efbe<\/a> atteindra<strong> 789 millions de passagers<\/strong> d\u2019ici la fin de 2025.<br\/>Les pays les plus performants seront :<\/p>\n\n<ul class=\"wp-block-list\">\n<li>\u2013 <strong>Colombie <\/strong>: 105 millions (+5,6 %)<\/li>\n\n\n\n<li>\u2013 <strong>Mexique <\/strong>: 191 millions (+4,5 %)<\/li>\n\n\n\n<li>\u2013 <strong>Br\u00e9sil : 221 millions (+2,1 %)<\/strong><\/li>\n<\/ul>\n\n<p>La r\u00e9gion (Am\u00e9rique latine et Cara\u00efbe) pr\u00e9voit pr\u00e8s de 821 millions de passagers en 2026, selon les projections officielles d\u2019ACI World. Ces chiffres refl\u00e8tent la vigueur de la reprise post-pand\u00e9mie et la place croissante de la Cara\u00efbe dans la connectivit\u00e9 internationale.<\/p>\n\n<figure class=\"wp-block-image\"><img decoding=\"async\" data-src=\"https:\/\/richeskarayib.com\/wp-content\/uploads\/2025\/10\/WhatsApp-Image-2025-10-08-a-00.44.32_1370b8ce-1024x473.jpg\" alt=\"ACI-LAC\" src=\"data:image\/svg+xml;base64,PHN2ZyB3aWR0aD0iMSIgaGVpZ2h0PSIxIiB4bWxucz0iaHR0cDovL3d3dy53My5vcmcvMjAwMC9zdmciPjwvc3ZnPg==\" class=\"lazyload\" style=\"--smush-placeholder-width: 1024px; --smush-placeholder-aspect-ratio: 1024\/473;\" \/><\/figure>\n\n<h2 class=\"wp-block-heading\">Des pr\u00e9visions de long terme et un rythme mondial<\/h2>\n\n<p>Le trafic a\u00e9rien r\u00e9gional devrait atteindre 1,725 milliard de passagers d\u2019ici 2053, avec un taux de croissance annuel moyen (CAGR \u2013 Compound Annual Growth Rate) de 2,9 % sur les trente prochaines ann\u00e9es, un rythme similaire \u00e0 la moyenne mondiale.<br\/>Le rapport d\u2019ACI World pr\u00e9cise \u00e9galement que le trafic doublera entre 2024 et 2047, passant de 758 millions \u00e0 1,482 milliard de passagers.<br\/>Les projections de croissance annuelle par sous-r\u00e9gion confirment :<\/p>\n\n<ul class=\"wp-block-list\">\n<li>\u2013 Mexique : +3,4 %, port\u00e9 par l\u2019expansion de ses hubs internationaux ;<\/li>\n\n\n\n<li>\u2013 Br\u00e9sil : +2,4 %, soutenu par le d\u00e9veloppement du trafic domestique ;<\/li>\n\n\n\n<li>\u2013 Cara\u00efbe : +2 %, une progression plus mesur\u00e9e li\u00e9e \u00e0 la taille r\u00e9duite des march\u00e9s insulaires, \u00e0 la d\u00e9pendance au tourisme et aux limites actuelles de connectivit\u00e9 inter-\u00eeles ;<\/li>\n\n\n\n<li>\u2013 Autres pays de l\u2019Am\u00e9rique latine (hors Mexique et Br\u00e9sil) : +3 %, gr\u00e2ce \u00e0 la diversification \u00e9conomique et aux nouveaux corridors a\u00e9riens r\u00e9gionaux.<\/li>\n<\/ul>\n\n<figure class=\"wp-block-image\"><img decoding=\"async\" data-src=\"https:\/\/richeskarayib.com\/wp-content\/uploads\/2025\/10\/WhatsApp-Image-2025-10-08-a-00.45.15_9b819ef4-1024x473.jpg\" alt=\"ACI-LAC\" src=\"data:image\/svg+xml;base64,PHN2ZyB3aWR0aD0iMSIgaGVpZ2h0PSIxIiB4bWxucz0iaHR0cDovL3d3dy53My5vcmcvMjAwMC9zdmciPjwvc3ZnPg==\" class=\"lazyload\" style=\"--smush-placeholder-width: 1024px; --smush-placeholder-aspect-ratio: 1024\/473;\" \/><\/figure>\n\n<h2 class=\"wp-block-heading\">Des investissements colossaux pour une croissance durable<\/h2>\n\n<p>Les besoins en investissements (CAPEX \u2013 Capital Expenditures) pour la p\u00e9riode 2026\u20132040 s\u2019\u00e9l\u00e8vent \u00e0 82,6 milliards de dollars am\u00e9ricains, dont plus de 30 milliards seront consacr\u00e9s \u00e0 la construction de nouveaux a\u00e9roports \u00ab greenfield \u00bb.<br\/>Selon les donn\u00e9es de l\u2019Assembl\u00e9e annuelle de l\u2019ACI-LAC 2025, chaque million de passagers suppl\u00e9mentaires g\u00e9n\u00e8re 9 500 emplois et 25 millions de dollars de PIB, d\u00e9montrant l\u2019impact \u00e9conomique direct du transport a\u00e9rien sur la r\u00e9gion.<\/p>\n\n<figure class=\"wp-block-image\"><img decoding=\"async\" data-src=\"https:\/\/richeskarayib.com\/wp-content\/uploads\/2025\/10\/WhatsApp-Image-2025-10-08-a-00.45.49_890dbab9-1024x473.jpg\" alt=\"\" src=\"data:image\/svg+xml;base64,PHN2ZyB3aWR0aD0iMSIgaGVpZ2h0PSIxIiB4bWxucz0iaHR0cDovL3d3dy53My5vcmcvMjAwMC9zdmciPjwvc3ZnPg==\" class=\"lazyload\" style=\"--smush-placeholder-width: 1024px; --smush-placeholder-aspect-ratio: 1024\/473;\" \/><\/figure>\n\n<h2 class=\"wp-block-heading\">Neutralit\u00e9 carbone et accessibilit\u00e9 : un leadership r\u00e9gional<\/h2>\n\n<p>Sur le plan environnemental, les intervenants ont mis en avant les r\u00e9sultats du programme Airport Carbon Accreditation (ACA) lores de L\u2019ASSEMBL\u00c9E ANNUELLE DE L\u2019ACI-LAC 2025 .<br\/>En septembre 2025, 621 a\u00e9roports dans le monde \u00e9taient certifi\u00e9s, dont 104 en Am\u00e9rique latine et dans la Cara\u00efbe. La r\u00e9gion se classe ainsi deuxi\u00e8me au monde pour le nombre d\u2019a\u00e9roports engag\u00e9s dans cette d\u00e9marche.<br\/>Ce programme, reconnu \u00e0 l\u2019\u00e9chelle mondiale, \u00e9value et r\u00e9compense les efforts des a\u00e9roports pour r\u00e9duire leurs \u00e9missions carbone dans le cadre de l\u2019objectif Net Zero 2050 d\u00e9fini par ACI World.<\/p>\n\n<p>L\u2019autre indicateur de progr\u00e8s concerne l\u2019Accessibility Enhancement Accreditation (AEA) : parmi les 47 a\u00e9roports certifi\u00e9s dans le monde, 17 se trouvent dans la r\u00e9gion LAC. Cette distinction confirme le r\u00f4le de la Cara\u00efbe et de l\u2019Am\u00e9rique latine comme leaders mondiaux de l\u2019accessibilit\u00e9 a\u00e9rienne pour les passagers en situation de handicap.<\/p>\n\n<figure class=\"wp-block-image\"><img decoding=\"async\" data-src=\"https:\/\/richeskarayib.com\/wp-content\/uploads\/2025\/10\/WhatsApp-Image-2025-10-08-a-00.41.53_03e4f170-1024x604.jpg\" alt=\"\" src=\"data:image\/svg+xml;base64,PHN2ZyB3aWR0aD0iMSIgaGVpZ2h0PSIxIiB4bWxucz0iaHR0cDovL3d3dy53My5vcmcvMjAwMC9zdmciPjwvc3ZnPg==\" class=\"lazyload\" style=\"--smush-placeholder-width: 1024px; --smush-placeholder-aspect-ratio: 1024\/604;\" \/><\/figure>\n\n<h2 class=\"wp-block-heading\">Connectivit\u00e9 et lib\u00e9ralisation : les piliers du futur<\/h2>\n\n<p>Au-del\u00e0 des chiffres, M\u00f3nica Infante et Rafael Echevarne ont insist\u00e9 sur l\u2019urgence de renforcer la connectivit\u00e9 intra-carib\u00e9enne.<br\/>Pour M\u00f3nica Infante, la priorit\u00e9 est d\u2019abattre les barri\u00e8res r\u00e9glementaires et de cr\u00e9er un cadre permettant \u00e0 de nouvelles compagnies r\u00e9gionales d\u2019op\u00e9rer librement.<br\/>De son c\u00f4t\u00e9, Rafael Echevarne a rappel\u00e9 que la lib\u00e9ralisation du transport a\u00e9rien est indispensable pour dynamiser la concurrence et r\u00e9duire les co\u00fbts pour les passagers.<\/p>\n\n<p>\u00ab L\u2019aviation n\u2019est pas seulement un secteur \u00e9conomique, c\u2019est une infrastructure vitale pour l\u2019int\u00e9gration et le d\u00e9veloppement durable de nos territoires \u00bb, a-t-il d\u00e9clar\u00e9.<\/p>\n\n<p>Enfin, Hayden Newton a soulign\u00e9 l\u2019engagement de la Airports Authority of Trinidad and Tobago \u00e0 moderniser les infrastructures gr\u00e2ce \u00e0 la biom\u00e9trie, aux syst\u00e8mes automatis\u00e9s et aux innovations num\u00e9riques.<\/p>\n\n<p>L\u2019ASSEMBL\u00c9E ANNUELLE DE L\u2019ACI-LAC 2025 a confirm\u00e9 la dynamique de croissance, d\u2019innovation et de durabilit\u00e9 du secteur a\u00e9roportuaire en Am\u00e9rique latine et dans la Cara\u00efbe.<br\/>Avec des pr\u00e9visions solides, des investissements massifs et une vision tourn\u00e9e vers la neutralit\u00e9 carbone, la r\u00e9gion s\u2019impose comme un mod\u00e8le de r\u00e9silience et de transformation dans le transport a\u00e9rien mondial.<\/p>\n","protected":false},"excerpt":{"rendered":"<p>Une conf\u00e9rence strat\u00e9gique \u00e0 Trinidad et Tobago La conf\u00e9rence de presse organis\u00e9e \u00e0 Trinidad et Tobago le 6 octobre 2025, dans le cadre de l\u2019ASSEMBL\u00c9E ANNUELLE DE L\u2019 ACI-LAC 2025 \u2013 CONF\u00c9RENCE ET EXHIBITION, a r\u00e9uni les principaux dirigeants de l\u2019industrie a\u00e9roportuaire r\u00e9gionale. Autour de M\u00f3nica Infante (Pr\u00e9sidente d\u2019ACI-LAC et Directrice G\u00e9n\u00e9rale d\u2019Aerodom), du Dr. [&hellip;]<\/p>\n","protected":false},"author":1,"featured_media":0,"comment_status":"open","ping_status":"open","sticky":false,"template":"","format":"standard","meta":{"footnotes":""},"categories":[103,97,100,109,115],"tags":[],"class_list":["post-19650","post","type-post","status-publish","format-standard","hentry","category-aeroports-infrastructures","category-aviation-fr","category-connectivite-aerienne-et-attractivite-territoriale","category-experience-passagers-services","category-technologie-et-innovation"],"yoast_head":"<!-- This site is optimized with the Yoast SEO plugin v26.9 - https:\/\/yoast.com\/product\/yoast-seo-wordpress\/ -->\n<title>Trinidad &amp; Tobago \u2013 ACI-LAC 2025 : la Cara\u00efbe au c\u0153ur des enjeux de connectivit\u00e9, de durabilit\u00e9 et d\u2019innovation a\u00e9roportuaire - LATITUDE 15<\/title>\n<meta name=\"robots\" content=\"index, follow, max-snippet:-1, max-image-preview:large, max-video-preview:-1\" \/>\n<link rel=\"canonical\" href=\"https:\/\/www.latitude-15.com\/fr\/trinidad-tobago-aci-lac-2025-la-caraibe-au-coeur-des-enjeux-de-connectivite-de-durabilite-et-dinnovation-aeroportuaire\/\" \/>\n<meta property=\"og:locale\" content=\"fr_FR\" \/>\n<meta property=\"og:type\" content=\"article\" \/>\n<meta property=\"og:title\" content=\"Trinidad &amp; Tobago \u2013 ACI-LAC 2025 : la Cara\u00efbe au c\u0153ur des enjeux de connectivit\u00e9, de durabilit\u00e9 et d\u2019innovation a\u00e9roportuaire - LATITUDE 15\" \/>\n<meta property=\"og:description\" content=\"Une conf\u00e9rence strat\u00e9gique \u00e0 Trinidad et Tobago La conf\u00e9rence de presse organis\u00e9e \u00e0 Trinidad et Tobago le 6 octobre 2025, dans le cadre de l\u2019ASSEMBL\u00c9E ANNUELLE DE L\u2019 ACI-LAC 2025 \u2013 CONF\u00c9RENCE ET EXHIBITION, a r\u00e9uni les principaux dirigeants de l\u2019industrie a\u00e9roportuaire r\u00e9gionale. Autour de M\u00f3nica Infante (Pr\u00e9sidente d\u2019ACI-LAC et Directrice G\u00e9n\u00e9rale d\u2019Aerodom), du Dr. [&hellip;]\" \/>\n<meta property=\"og:url\" content=\"https:\/\/www.latitude-15.com\/fr\/trinidad-tobago-aci-lac-2025-la-caraibe-au-coeur-des-enjeux-de-connectivite-de-durabilite-et-dinnovation-aeroportuaire\/\" \/>\n<meta property=\"og:site_name\" content=\"LATITUDE 15\" \/>\n<meta property=\"article:published_time\" content=\"2025-10-08T04:44:01+00:00\" \/>\n<meta property=\"article:modified_time\" content=\"2026-02-04T04:25:23+00:00\" \/>\n<meta property=\"og:image\" content=\"https:\/\/www.latitude-15.com\/wp-content\/uploads\/2026\/01\/Design-sans-titre.png.webp\" \/>\n\t<meta property=\"og:image:width\" content=\"1600\" \/>\n\t<meta property=\"og:image:height\" content=\"600\" \/>\n\t<meta property=\"og:image:type\" content=\"image\/webp\" \/>\n<meta name=\"author\" content=\"sabrinalat15\" \/>\n<meta name=\"twitter:card\" content=\"summary_large_image\" \/>\n<meta name=\"twitter:label1\" content=\"\u00c9crit par\" \/>\n\t<meta name=\"twitter:data1\" content=\"sabrinalat15\" \/>\n\t<meta name=\"twitter:label2\" content=\"Dur\u00e9e de lecture estim\u00e9e\" \/>\n\t<meta name=\"twitter:data2\" content=\"4 minutes\" \/>\n<script type=\"application\/ld+json\" class=\"yoast-schema-graph\">{\"@context\":\"https:\/\/schema.org\",\"@graph\":[{\"@type\":\"Article\",\"@id\":\"https:\/\/www.latitude-15.com\/fr\/trinidad-tobago-aci-lac-2025-la-caraibe-au-coeur-des-enjeux-de-connectivite-de-durabilite-et-dinnovation-aeroportuaire\/#article\",\"isPartOf\":{\"@id\":\"https:\/\/www.latitude-15.com\/fr\/trinidad-tobago-aci-lac-2025-la-caraibe-au-coeur-des-enjeux-de-connectivite-de-durabilite-et-dinnovation-aeroportuaire\/\"},\"author\":{\"name\":\"sabrinalat15\",\"@id\":\"https:\/\/www.latitude-15.com\/fr\/#\/schema\/person\/2a70943507771992ce3316849aa93bdd\"},\"headline\":\"Trinidad &amp; Tobago \u2013 ACI-LAC 2025 : la Cara\u00efbe au c\u0153ur des enjeux de connectivit\u00e9, de durabilit\u00e9 et d\u2019innovation a\u00e9roportuaire\",\"datePublished\":\"2025-10-08T04:44:01+00:00\",\"dateModified\":\"2026-02-04T04:25:23+00:00\",\"mainEntityOfPage\":{\"@id\":\"https:\/\/www.latitude-15.com\/fr\/trinidad-tobago-aci-lac-2025-la-caraibe-au-coeur-des-enjeux-de-connectivite-de-durabilite-et-dinnovation-aeroportuaire\/\"},\"wordCount\":918,\"commentCount\":0,\"publisher\":{\"@id\":\"https:\/\/www.latitude-15.com\/fr\/#organization\"},\"image\":{\"@id\":\"https:\/\/www.latitude-15.com\/fr\/trinidad-tobago-aci-lac-2025-la-caraibe-au-coeur-des-enjeux-de-connectivite-de-durabilite-et-dinnovation-aeroportuaire\/#primaryimage\"},\"thumbnailUrl\":\"https:\/\/richeskarayib.com\/wp-content\/uploads\/2025\/10\/lieu-des-levent-des-acilac-1024x473.jpg\",\"articleSection\":[\"A\u00e9roports et infrastructures\",\"AVIATION\",\"Connectivit\u00e9 a\u00e9rienne et Attractivit\u00e9 territoriale\",\"Exp\u00e9rience passagers et services\",\"Technologie et innovation\"],\"inLanguage\":\"fr-FR\",\"potentialAction\":[{\"@type\":\"CommentAction\",\"name\":\"Comment\",\"target\":[\"https:\/\/www.latitude-15.com\/fr\/trinidad-tobago-aci-lac-2025-la-caraibe-au-coeur-des-enjeux-de-connectivite-de-durabilite-et-dinnovation-aeroportuaire\/#respond\"]}]},{\"@type\":\"WebPage\",\"@id\":\"https:\/\/www.latitude-15.com\/fr\/trinidad-tobago-aci-lac-2025-la-caraibe-au-coeur-des-enjeux-de-connectivite-de-durabilite-et-dinnovation-aeroportuaire\/\",\"url\":\"https:\/\/www.latitude-15.com\/fr\/trinidad-tobago-aci-lac-2025-la-caraibe-au-coeur-des-enjeux-de-connectivite-de-durabilite-et-dinnovation-aeroportuaire\/\",\"name\":\"Trinidad &amp; Tobago \u2013 ACI-LAC 2025 : la Cara\u00efbe au c\u0153ur des enjeux de connectivit\u00e9, de durabilit\u00e9 et d\u2019innovation a\u00e9roportuaire - LATITUDE 15\",\"isPartOf\":{\"@id\":\"https:\/\/www.latitude-15.com\/fr\/#website\"},\"primaryImageOfPage\":{\"@id\":\"https:\/\/www.latitude-15.com\/fr\/trinidad-tobago-aci-lac-2025-la-caraibe-au-coeur-des-enjeux-de-connectivite-de-durabilite-et-dinnovation-aeroportuaire\/#primaryimage\"},\"image\":{\"@id\":\"https:\/\/www.latitude-15.com\/fr\/trinidad-tobago-aci-lac-2025-la-caraibe-au-coeur-des-enjeux-de-connectivite-de-durabilite-et-dinnovation-aeroportuaire\/#primaryimage\"},\"thumbnailUrl\":\"https:\/\/richeskarayib.com\/wp-content\/uploads\/2025\/10\/lieu-des-levent-des-acilac-1024x473.jpg\",\"datePublished\":\"2025-10-08T04:44:01+00:00\",\"dateModified\":\"2026-02-04T04:25:23+00:00\",\"breadcrumb\":{\"@id\":\"https:\/\/www.latitude-15.com\/fr\/trinidad-tobago-aci-lac-2025-la-caraibe-au-coeur-des-enjeux-de-connectivite-de-durabilite-et-dinnovation-aeroportuaire\/#breadcrumb\"},\"inLanguage\":\"fr-FR\",\"potentialAction\":[{\"@type\":\"ReadAction\",\"target\":[\"https:\/\/www.latitude-15.com\/fr\/trinidad-tobago-aci-lac-2025-la-caraibe-au-coeur-des-enjeux-de-connectivite-de-durabilite-et-dinnovation-aeroportuaire\/\"]}]},{\"@type\":\"ImageObject\",\"inLanguage\":\"fr-FR\",\"@id\":\"https:\/\/www.latitude-15.com\/fr\/trinidad-tobago-aci-lac-2025-la-caraibe-au-coeur-des-enjeux-de-connectivite-de-durabilite-et-dinnovation-aeroportuaire\/#primaryimage\",\"url\":\"https:\/\/richeskarayib.com\/wp-content\/uploads\/2025\/10\/lieu-des-levent-des-acilac-1024x473.jpg\",\"contentUrl\":\"https:\/\/richeskarayib.com\/wp-content\/uploads\/2025\/10\/lieu-des-levent-des-acilac-1024x473.jpg\"},{\"@type\":\"BreadcrumbList\",\"@id\":\"https:\/\/www.latitude-15.com\/fr\/trinidad-tobago-aci-lac-2025-la-caraibe-au-coeur-des-enjeux-de-connectivite-de-durabilite-et-dinnovation-aeroportuaire\/#breadcrumb\",\"itemListElement\":[{\"@type\":\"ListItem\",\"position\":1,\"name\":\"Home\",\"item\":\"https:\/\/www.latitude-15.com\/fr\/accueil\/\"},{\"@type\":\"ListItem\",\"position\":2,\"name\":\"Trinidad &amp; Tobago \u2013 ACI-LAC 2025 : la Cara\u00efbe au c\u0153ur des enjeux de connectivit\u00e9, de durabilit\u00e9 et d\u2019innovation a\u00e9roportuaire\"}]},{\"@type\":\"WebSite\",\"@id\":\"https:\/\/www.latitude-15.com\/fr\/#website\",\"url\":\"https:\/\/www.latitude-15.com\/fr\/\",\"name\":\"LATITUDE 15\",\"description\":\"Aviation and maritime Magazine - Caribbean &amp; Latin America\",\"publisher\":{\"@id\":\"https:\/\/www.latitude-15.com\/fr\/#organization\"},\"potentialAction\":[{\"@type\":\"SearchAction\",\"target\":{\"@type\":\"EntryPoint\",\"urlTemplate\":\"https:\/\/www.latitude-15.com\/fr\/?s={search_term_string}\"},\"query-input\":{\"@type\":\"PropertyValueSpecification\",\"valueRequired\":true,\"valueName\":\"search_term_string\"}}],\"inLanguage\":\"fr-FR\"},{\"@type\":\"Organization\",\"@id\":\"https:\/\/www.latitude-15.com\/fr\/#organization\",\"name\":\"LATITUDE 15\",\"url\":\"https:\/\/www.latitude-15.com\/fr\/\",\"logo\":{\"@type\":\"ImageObject\",\"inLanguage\":\"fr-FR\",\"@id\":\"https:\/\/www.latitude-15.com\/fr\/#\/schema\/logo\/image\/\",\"url\":\"https:\/\/www.latitude-15.com\/wp-content\/uploads\/2026\/01\/cropped-logox500px.png\",\"contentUrl\":\"https:\/\/www.latitude-15.com\/wp-content\/uploads\/2026\/01\/cropped-logox500px.png\",\"width\":62,\"height\":75,\"caption\":\"LATITUDE 15\"},\"image\":{\"@id\":\"https:\/\/www.latitude-15.com\/fr\/#\/schema\/logo\/image\/\"}},{\"@type\":\"Person\",\"@id\":\"https:\/\/www.latitude-15.com\/fr\/#\/schema\/person\/2a70943507771992ce3316849aa93bdd\",\"name\":\"sabrinalat15\",\"image\":{\"@type\":\"ImageObject\",\"inLanguage\":\"fr-FR\",\"@id\":\"https:\/\/www.latitude-15.com\/fr\/#\/schema\/person\/image\/\",\"url\":\"https:\/\/secure.gravatar.com\/avatar\/91f5e11872ca6128d75f7bbde22cc384ad142a113b81c554ed87d6d9762f8813?s=96&d=mm&r=g\",\"contentUrl\":\"https:\/\/secure.gravatar.com\/avatar\/91f5e11872ca6128d75f7bbde22cc384ad142a113b81c554ed87d6d9762f8813?s=96&d=mm&r=g\",\"caption\":\"sabrinalat15\"},\"sameAs\":[\"https:\/\/www.latitude-15.com\"],\"url\":\"https:\/\/www.latitude-15.com\/fr\/author\/sabrinalat15\/\"}]}<\/script>\n<!-- \/ Yoast SEO plugin. -->","yoast_head_json":{"title":"Trinidad &amp; Tobago \u2013 ACI-LAC 2025 : la Cara\u00efbe au c\u0153ur des enjeux de connectivit\u00e9, de durabilit\u00e9 et d\u2019innovation a\u00e9roportuaire - LATITUDE 15","robots":{"index":"index","follow":"follow","max-snippet":"max-snippet:-1","max-image-preview":"max-image-preview:large","max-video-preview":"max-video-preview:-1"},"canonical":"https:\/\/www.latitude-15.com\/fr\/trinidad-tobago-aci-lac-2025-la-caraibe-au-coeur-des-enjeux-de-connectivite-de-durabilite-et-dinnovation-aeroportuaire\/","og_locale":"fr_FR","og_type":"article","og_title":"Trinidad &amp; Tobago \u2013 ACI-LAC 2025 : la Cara\u00efbe au c\u0153ur des enjeux de connectivit\u00e9, de durabilit\u00e9 et d\u2019innovation a\u00e9roportuaire - LATITUDE 15","og_description":"Une conf\u00e9rence strat\u00e9gique \u00e0 Trinidad et Tobago La conf\u00e9rence de presse organis\u00e9e \u00e0 Trinidad et Tobago le 6 octobre 2025, dans le cadre de l\u2019ASSEMBL\u00c9E ANNUELLE DE L\u2019 ACI-LAC 2025 \u2013 CONF\u00c9RENCE ET EXHIBITION, a r\u00e9uni les principaux dirigeants de l\u2019industrie a\u00e9roportuaire r\u00e9gionale. Autour de M\u00f3nica Infante (Pr\u00e9sidente d\u2019ACI-LAC et Directrice G\u00e9n\u00e9rale d\u2019Aerodom), du Dr. [&hellip;]","og_url":"https:\/\/www.latitude-15.com\/fr\/trinidad-tobago-aci-lac-2025-la-caraibe-au-coeur-des-enjeux-de-connectivite-de-durabilite-et-dinnovation-aeroportuaire\/","og_site_name":"LATITUDE 15","article_published_time":"2025-10-08T04:44:01+00:00","article_modified_time":"2026-02-04T04:25:23+00:00","og_image":[{"width":1600,"height":600,"url":"https:\/\/www.latitude-15.com\/wp-content\/uploads\/2026\/01\/Design-sans-titre.png.webp","type":"image\/webp"}],"author":"sabrinalat15","twitter_card":"summary_large_image","twitter_misc":{"\u00c9crit par":"sabrinalat15","Dur\u00e9e de lecture estim\u00e9e":"4 minutes"},"schema":{"@context":"https:\/\/schema.org","@graph":[{"@type":"Article","@id":"https:\/\/www.latitude-15.com\/fr\/trinidad-tobago-aci-lac-2025-la-caraibe-au-coeur-des-enjeux-de-connectivite-de-durabilite-et-dinnovation-aeroportuaire\/#article","isPartOf":{"@id":"https:\/\/www.latitude-15.com\/fr\/trinidad-tobago-aci-lac-2025-la-caraibe-au-coeur-des-enjeux-de-connectivite-de-durabilite-et-dinnovation-aeroportuaire\/"},"author":{"name":"sabrinalat15","@id":"https:\/\/www.latitude-15.com\/fr\/#\/schema\/person\/2a70943507771992ce3316849aa93bdd"},"headline":"Trinidad &amp; Tobago \u2013 ACI-LAC 2025 : la Cara\u00efbe au c\u0153ur des enjeux de connectivit\u00e9, de durabilit\u00e9 et d\u2019innovation a\u00e9roportuaire","datePublished":"2025-10-08T04:44:01+00:00","dateModified":"2026-02-04T04:25:23+00:00","mainEntityOfPage":{"@id":"https:\/\/www.latitude-15.com\/fr\/trinidad-tobago-aci-lac-2025-la-caraibe-au-coeur-des-enjeux-de-connectivite-de-durabilite-et-dinnovation-aeroportuaire\/"},"wordCount":918,"commentCount":0,"publisher":{"@id":"https:\/\/www.latitude-15.com\/fr\/#organization"},"image":{"@id":"https:\/\/www.latitude-15.com\/fr\/trinidad-tobago-aci-lac-2025-la-caraibe-au-coeur-des-enjeux-de-connectivite-de-durabilite-et-dinnovation-aeroportuaire\/#primaryimage"},"thumbnailUrl":"https:\/\/richeskarayib.com\/wp-content\/uploads\/2025\/10\/lieu-des-levent-des-acilac-1024x473.jpg","articleSection":["A\u00e9roports et infrastructures","AVIATION","Connectivit\u00e9 a\u00e9rienne et Attractivit\u00e9 territoriale","Exp\u00e9rience passagers et services","Technologie et innovation"],"inLanguage":"fr-FR","potentialAction":[{"@type":"CommentAction","name":"Comment","target":["https:\/\/www.latitude-15.com\/fr\/trinidad-tobago-aci-lac-2025-la-caraibe-au-coeur-des-enjeux-de-connectivite-de-durabilite-et-dinnovation-aeroportuaire\/#respond"]}]},{"@type":"WebPage","@id":"https:\/\/www.latitude-15.com\/fr\/trinidad-tobago-aci-lac-2025-la-caraibe-au-coeur-des-enjeux-de-connectivite-de-durabilite-et-dinnovation-aeroportuaire\/","url":"https:\/\/www.latitude-15.com\/fr\/trinidad-tobago-aci-lac-2025-la-caraibe-au-coeur-des-enjeux-de-connectivite-de-durabilite-et-dinnovation-aeroportuaire\/","name":"Trinidad &amp; Tobago \u2013 ACI-LAC 2025 : la Cara\u00efbe au c\u0153ur des enjeux de connectivit\u00e9, de durabilit\u00e9 et d\u2019innovation a\u00e9roportuaire - LATITUDE 15","isPartOf":{"@id":"https:\/\/www.latitude-15.com\/fr\/#website"},"primaryImageOfPage":{"@id":"https:\/\/www.latitude-15.com\/fr\/trinidad-tobago-aci-lac-2025-la-caraibe-au-coeur-des-enjeux-de-connectivite-de-durabilite-et-dinnovation-aeroportuaire\/#primaryimage"},"image":{"@id":"https:\/\/www.latitude-15.com\/fr\/trinidad-tobago-aci-lac-2025-la-caraibe-au-coeur-des-enjeux-de-connectivite-de-durabilite-et-dinnovation-aeroportuaire\/#primaryimage"},"thumbnailUrl":"https:\/\/richeskarayib.com\/wp-content\/uploads\/2025\/10\/lieu-des-levent-des-acilac-1024x473.jpg","datePublished":"2025-10-08T04:44:01+00:00","dateModified":"2026-02-04T04:25:23+00:00","breadcrumb":{"@id":"https:\/\/www.latitude-15.com\/fr\/trinidad-tobago-aci-lac-2025-la-caraibe-au-coeur-des-enjeux-de-connectivite-de-durabilite-et-dinnovation-aeroportuaire\/#breadcrumb"},"inLanguage":"fr-FR","potentialAction":[{"@type":"ReadAction","target":["https:\/\/www.latitude-15.com\/fr\/trinidad-tobago-aci-lac-2025-la-caraibe-au-coeur-des-enjeux-de-connectivite-de-durabilite-et-dinnovation-aeroportuaire\/"]}]},{"@type":"ImageObject","inLanguage":"fr-FR","@id":"https:\/\/www.latitude-15.com\/fr\/trinidad-tobago-aci-lac-2025-la-caraibe-au-coeur-des-enjeux-de-connectivite-de-durabilite-et-dinnovation-aeroportuaire\/#primaryimage","url":"https:\/\/richeskarayib.com\/wp-content\/uploads\/2025\/10\/lieu-des-levent-des-acilac-1024x473.jpg","contentUrl":"https:\/\/richeskarayib.com\/wp-content\/uploads\/2025\/10\/lieu-des-levent-des-acilac-1024x473.jpg"},{"@type":"BreadcrumbList","@id":"https:\/\/www.latitude-15.com\/fr\/trinidad-tobago-aci-lac-2025-la-caraibe-au-coeur-des-enjeux-de-connectivite-de-durabilite-et-dinnovation-aeroportuaire\/#breadcrumb","itemListElement":[{"@type":"ListItem","position":1,"name":"Home","item":"https:\/\/www.latitude-15.com\/fr\/accueil\/"},{"@type":"ListItem","position":2,"name":"Trinidad &amp; Tobago \u2013 ACI-LAC 2025 : la Cara\u00efbe au c\u0153ur des enjeux de connectivit\u00e9, de durabilit\u00e9 et d\u2019innovation a\u00e9roportuaire"}]},{"@type":"WebSite","@id":"https:\/\/www.latitude-15.com\/fr\/#website","url":"https:\/\/www.latitude-15.com\/fr\/","name":"LATITUDE 15","description":"Aviation and maritime Magazine - Caribbean &amp; Latin America","publisher":{"@id":"https:\/\/www.latitude-15.com\/fr\/#organization"},"potentialAction":[{"@type":"SearchAction","target":{"@type":"EntryPoint","urlTemplate":"https:\/\/www.latitude-15.com\/fr\/?s={search_term_string}"},"query-input":{"@type":"PropertyValueSpecification","valueRequired":true,"valueName":"search_term_string"}}],"inLanguage":"fr-FR"},{"@type":"Organization","@id":"https:\/\/www.latitude-15.com\/fr\/#organization","name":"LATITUDE 15","url":"https:\/\/www.latitude-15.com\/fr\/","logo":{"@type":"ImageObject","inLanguage":"fr-FR","@id":"https:\/\/www.latitude-15.com\/fr\/#\/schema\/logo\/image\/","url":"https:\/\/www.latitude-15.com\/wp-content\/uploads\/2026\/01\/cropped-logox500px.png","contentUrl":"https:\/\/www.latitude-15.com\/wp-content\/uploads\/2026\/01\/cropped-logox500px.png","width":62,"height":75,"caption":"LATITUDE 15"},"image":{"@id":"https:\/\/www.latitude-15.com\/fr\/#\/schema\/logo\/image\/"}},{"@type":"Person","@id":"https:\/\/www.latitude-15.com\/fr\/#\/schema\/person\/2a70943507771992ce3316849aa93bdd","name":"sabrinalat15","image":{"@type":"ImageObject","inLanguage":"fr-FR","@id":"https:\/\/www.latitude-15.com\/fr\/#\/schema\/person\/image\/","url":"https:\/\/secure.gravatar.com\/avatar\/91f5e11872ca6128d75f7bbde22cc384ad142a113b81c554ed87d6d9762f8813?s=96&d=mm&r=g","contentUrl":"https:\/\/secure.gravatar.com\/avatar\/91f5e11872ca6128d75f7bbde22cc384ad142a113b81c554ed87d6d9762f8813?s=96&d=mm&r=g","caption":"sabrinalat15"},"sameAs":["https:\/\/www.latitude-15.com"],"url":"https:\/\/www.latitude-15.com\/fr\/author\/sabrinalat15\/"}]}},"_links":{"self":[{"href":"https:\/\/www.latitude-15.com\/fr\/wp-json\/wp\/v2\/posts\/19650","targetHints":{"allow":["GET"]}}],"collection":[{"href":"https:\/\/www.latitude-15.com\/fr\/wp-json\/wp\/v2\/posts"}],"about":[{"href":"https:\/\/www.latitude-15.com\/fr\/wp-json\/wp\/v2\/types\/post"}],"author":[{"embeddable":true,"href":"https:\/\/www.latitude-15.com\/fr\/wp-json\/wp\/v2\/users\/1"}],"replies":[{"embeddable":true,"href":"https:\/\/www.latitude-15.com\/fr\/wp-json\/wp\/v2\/comments?post=19650"}],"version-history":[{"count":4,"href":"https:\/\/www.latitude-15.com\/fr\/wp-json\/wp\/v2\/posts\/19650\/revisions"}],"predecessor-version":[{"id":19654,"href":"https:\/\/www.latitude-15.com\/fr\/wp-json\/wp\/v2\/posts\/19650\/revisions\/19654"}],"wp:attachment":[{"href":"https:\/\/www.latitude-15.com\/fr\/wp-json\/wp\/v2\/media?parent=19650"}],"wp:term":[{"taxonomy":"category","embeddable":true,"href":"https:\/\/www.latitude-15.com\/fr\/wp-json\/wp\/v2\/categories?post=19650"},{"taxonomy":"post_tag","embeddable":true,"href":"https:\/\/www.latitude-15.com\/fr\/wp-json\/wp\/v2\/tags?post=19650"}],"curies":[{"name":"wp","href":"https:\/\/api.w.org\/{rel}","templated":true}]}}