{"id":19641,"date":"2025-10-14T01:11:00","date_gmt":"2025-10-14T05:11:00","guid":{"rendered":"https:\/\/www.latitude-15.com\/2025\/10\/14\/caribbean-airlines-garvin-medera-quitte-son-poste-de-pdg-la-continuite-est-assuree-par-nirmala-ramai\/"},"modified":"2026-02-04T00:13:15","modified_gmt":"2026-02-04T04:13:15","slug":"caribbean-airlines-garvin-medera-quitte-son-poste-de-pdg-la-continuite-est-assuree-par-nirmala-ramai","status":"publish","type":"post","link":"https:\/\/www.latitude-15.com\/fr\/caribbean-airlines-garvin-medera-quitte-son-poste-de-pdg-la-continuite-est-assuree-par-nirmala-ramai\/","title":{"rendered":"Caribbean Airlines&nbsp;: Garvin Medera quitte son poste de PDG, la continuit\u00e9 est assur\u00e9e par Nirmala Ramai"},"content":{"rendered":"\n<h2 class=\"wp-block-heading\">Succession interne pour assurer la stabilit\u00e9<\/h2>\n\n<p>Le conseil d\u2019administration de <a href=\"https:\/\/sflcn.com\/garvin-medera-resigns-as-caribbean-airlines-ceo\/\" target=\"_blank\" rel=\"noreferrer noopener\">Caribbean Airlines<\/a> a annonc\u00e9 la d\u00e9mission imm\u00e9diate de son pr\u00e9sident-directeur g\u00e9n\u00e9ral, Garvin Medera, et la nomination de Nirmala Ramai, actuelle directrice de l\u2019exploitation, au poste de PDG par int\u00e9rim. La compagnie a confirm\u00e9 que l\u2019ensemble du programme de vols se poursuivra sans interruption, rassurant ainsi les passagers et les partenaires quant \u00e0 la continuit\u00e9 de ses activit\u00e9s.<\/p>\n\n<p>Dans une d\u00e9claration officielle, le conseil d\u2019administration a remerci\u00e9 Garvin Medera pour ses ann\u00e9es de service et de leadership, soulignant le travail solide accompli depuis sa prise de fonction. La compagnie souligne que cette transition s\u2019inscrit dans une d\u00e9marche ax\u00e9e sur la continuit\u00e9, la stabilit\u00e9 et la responsabilit\u00e9.<\/p>\n\n<h2 class=\"wp-block-heading\">Le message de Garvin Medera<\/h2>\n\n<p>Avant son d\u00e9part, Garvin Medera a adress\u00e9 un message \u00e0 l\u2019ensemble du personnel\u00a0:<\/p>\n\n<p>\u00ab\u00a0Je tiens \u00e0 remercier tous les employ\u00e9s de <a href=\"https:\/\/richeskarayib.com\/caribbean-airlines-new-era-dominica-puerto-rico\/\" target=\"_blank\" rel=\"noreferrer noopener\">Caribbean Airlines<\/a> qui ont accompli un travail remarquable ces derni\u00e8res ann\u00e9es, souvent dans des conditions difficiles, en donnant le meilleur d\u2019eux-m\u00eames pour leurs coll\u00e8gues et nos passagers. Merci \u00e9galement \u00e0 nos partenaires pour leur engagement et \u00e0 nos clients pour leur confiance et leur fid\u00e9lit\u00e9.\u00a0\u00bb<\/p>\n\n<p>Ses mots t\u00e9moignent de la gratitude d\u2019un dirigeant qui a accompagn\u00e9 la compagnie \u00e0 travers des p\u00e9riodes complexes, notamment la reprise post-pand\u00e9mique et la reprise du trafic a\u00e9rien r\u00e9gional.<\/p>\n\n<figure class=\"wp-block-image\"><img decoding=\"async\" data-src=\"https:\/\/richeskarayib.com\/wp-content\/uploads\/2025\/10\/489831205_1066356962195911_2877130269033330039_n-1024x684.jpg\" alt=\"Caribbean Airlines\" src=\"data:image\/svg+xml;base64,PHN2ZyB3aWR0aD0iMSIgaGVpZ2h0PSIxIiB4bWxucz0iaHR0cDovL3d3dy53My5vcmcvMjAwMC9zdmciPjwvc3ZnPg==\" class=\"lazyload\" style=\"--smush-placeholder-width: 1024px; --smush-placeholder-aspect-ratio: 1024\/684;\" \/><figcaption class=\"wp-element-caption\">Caribbean Airlines<\/figcaption><\/figure>\n\n<h2 class=\"wp-block-heading\">Gestion int\u00e9rimaire pour une transition en douceur<\/h2>\n\n<p>Sous la supervision du conseil d\u2019administration, Nirmala Ramai travaillera en \u00e9troite collaboration avec l\u2019\u00e9quipe de direction pour assurer le bon fonctionnement de l\u2019entreprise. Cette nomination interne t\u00e9moigne d\u2019un engagement clair en faveur de la continuit\u00e9, sans perturbation ni d\u00e9sorganisation.<\/p>\n\n<p>Le choix d\u2019un gestionnaire issu de l\u2019entreprise t\u00e9moigne \u00e9galement de la confiance du conseil d\u2019administration dans la comp\u00e9tence et les connaissances op\u00e9rationnelles de Ramai. Dans un secteur aussi sensible que le transport a\u00e9rien, cette d\u00e9cision vise \u00e0 assurer une transition ordonn\u00e9e et transparente, sans impact sur les passagers.<\/p>\n\n<h2 class=\"wp-block-heading\">Cinq priorit\u00e9s officielles pour guider la transition<\/h2>\n\n<p>Le conseil d\u2019administration a d\u00e9taill\u00e9 une feuille de route claire bas\u00e9e sur cinq priorit\u00e9s\u00a0:<\/p>\n\n<ol class=\"wp-block-list\">\n<li><strong>Soutenir les employ\u00e9s et les parties prenantes<\/strong> par une communication ouverte et constante.<\/li>\n\n\n\n<li><strong>Revoir les op\u00e9rations internes<\/strong> afin de stimuler l\u2019efficacit\u00e9 et de moderniser les processus.<\/li>\n\n\n\n<li><strong>Am\u00e9liorer l\u2019exp\u00e9rience client<\/strong> en pla\u00e7ant la qualit\u00e9 du service au c\u0153ur de nos actions.<\/li>\n\n\n\n<li><strong>\u00c9laborer un plan de croissance durable et financi\u00e8rement<\/strong> responsable.<\/li>\n\n\n\n<li><strong>R\u00e9aliser des audits complets<\/strong> dans tous les services afin d\u2019optimiser la gouvernance et la s\u00e9curit\u00e9.<\/li>\n<\/ol>\n\n<p>Ces priorit\u00e9s constituent la base d\u2019un plan de transition pragmatique ax\u00e9 sur la performance et la rigueur. Caribbean Airlines confirme que la mise en \u0153uvre de ces mesures vise \u00e0 consolider les fondations internes plut\u00f4t qu\u2019\u00e0 apporter des changements brusques.<\/p>\n\n<figure class=\"wp-block-image\"><img decoding=\"async\" data-src=\"https:\/\/richeskarayib.com\/wp-content\/uploads\/2025\/10\/485670814_1050366210461653_2065041321740531842_n-1024x650.jpg\" alt=\"\" src=\"data:image\/svg+xml;base64,PHN2ZyB3aWR0aD0iMSIgaGVpZ2h0PSIxIiB4bWxucz0iaHR0cDovL3d3dy53My5vcmcvMjAwMC9zdmciPjwvc3ZnPg==\" class=\"lazyload\" style=\"--smush-placeholder-width: 1024px; --smush-placeholder-aspect-ratio: 1024\/650;\" \/><\/figure>\n\n<h2 class=\"wp-block-heading\">Promotion interne et communication transparente<\/h2>\n\n<p>La compagnie a \u00e9galement r\u00e9affirm\u00e9 son engagement en faveur de la promotion interne avant le recrutement externe. Ce principe de gestion du capital humain reste au c\u0153ur de la strat\u00e9gie de Caribbean Airlines, qui vise \u00e0 d\u00e9velopper les talents d\u00e9j\u00e0 pr\u00e9sents dans ses \u00e9quipes et \u00e0 offrir aux employ\u00e9s des perspectives d\u2019avancement.<\/p>\n\n<p>Parall\u00e8lement, le conseil d\u2019administration a soulign\u00e9 l\u2019importance d\u2019une communication claire et r\u00e9guli\u00e8re avec les employ\u00e9s, les clients et les partenaires. Ce dialogue permanent devrait garantir que la transition s\u2019accompagne d\u2019un climat de confiance et de stabilit\u00e9.<\/p>\n\n<h2 class=\"wp-block-heading\">Un pilier de la connectivit\u00e9 carib\u00e9enne<\/h2>\n\n<p>Plus qu\u2019un transporteur national, <a href=\"https:\/\/www.jamaicaobserver.com\/2025\/10\/13\/caribbean-airlines-appoints-acting-successor-ceo-steps\/\" target=\"_blank\" rel=\"noreferrer noopener\">Caribbean Airlines<\/a> joue un r\u00f4le essentiel dans la connectivit\u00e9 r\u00e9gionale. Bas\u00e9e \u00e0 Trinit\u00e9-et-Tobago, la compagnie a\u00e9rienne dessert plusieurs destinations cl\u00e9s dans les Cara\u00efbes et en Am\u00e9rique du Nord, reliant les \u00eeles et facilitant les \u00e9changes \u00e9conomiques, culturels et touristiques.<\/p>\n\n<p>Le maintien int\u00e9gral du programme de vols est donc un signal fort que, malgr\u00e9 le changement de direction, la compagnie reste fid\u00e8le \u00e0 sa mission r\u00e9gionale de service public et \u00e0 sa promesse de fiabilit\u00e9.<\/p>\n\n<figure class=\"wp-block-image\"><img decoding=\"async\" data-src=\"https:\/\/richeskarayib.com\/wp-content\/uploads\/2025\/10\/485179614_1049196350578639_8212922680918237559_n-1024x537.jpg\" alt=\"Caribbean Airlines\" src=\"data:image\/svg+xml;base64,PHN2ZyB3aWR0aD0iMSIgaGVpZ2h0PSIxIiB4bWxucz0iaHR0cDovL3d3dy53My5vcmcvMjAwMC9zdmciPjwvc3ZnPg==\" class=\"lazyload\" style=\"--smush-placeholder-width: 1024px; --smush-placeholder-aspect-ratio: 1024\/537;\" \/><figcaption class=\"wp-element-caption\">\u00a9Caribbean Airlines<\/figcaption><\/figure>\n\n<h2 class=\"wp-block-heading\">Un message de confiance et de transparence<\/h2>\n\n<p>Cette transition est pr\u00e9sent\u00e9e comme une phase de renouvellement contr\u00f4l\u00e9e, sans perturbation pour les passagers. Le conseil d\u2019administration r\u00e9affirme son engagement \u00e0 maintenir des normes \u00e9lev\u00e9es de s\u00e9curit\u00e9, d\u2019efficacit\u00e9 et de responsabilit\u00e9.<\/p>\n\n<p>En pla\u00e7ant la communication ouverte et l\u2019am\u00e9lioration continue au c\u0153ur de ses priorit\u00e9s, Caribbean Airlines entend aborder cette nouvelle phase avec clart\u00e9 et m\u00e9thode, tout en pr\u00e9servant la confiance de ses partenaires et de ses passagers.<\/p>\n\n<p>La d\u00e9mission de Garvin Medera et la nomination de Nirmala Ramai marquent un tournant important, mais n\u2019ont aucun impact sur les activit\u00e9s de la compagnie. En favorisant la promotion interne, en fixant cinq priorit\u00e9s claires et en assurant la continuit\u00e9 du service, Caribbean Airlines fait preuve d\u2019une approche responsable et structur\u00e9e de la gouvernance.<\/p>\n\n<p>Cette transition illustre la capacit\u00e9 de l\u2019entreprise \u00e0 \u00e9voluer sans compromettre sa stabilit\u00e9, une qualit\u00e9 rare et pr\u00e9cieuse dans le secteur r\u00e9gional du transport a\u00e9rien.<\/p>\n","protected":false},"excerpt":{"rendered":"<p>Succession interne pour assurer la stabilit\u00e9 Le conseil d\u2019administration de Caribbean Airlines a annonc\u00e9 la d\u00e9mission imm\u00e9diate de son pr\u00e9sident-directeur g\u00e9n\u00e9ral, Garvin Medera, et la nomination de Nirmala Ramai, actuelle directrice de l\u2019exploitation, au poste de PDG par int\u00e9rim. La compagnie a confirm\u00e9 que l\u2019ensemble du programme de vols se poursuivra sans interruption, rassurant ainsi [&hellip;]<\/p>\n","protected":false},"author":1,"featured_media":0,"comment_status":"open","ping_status":"open","sticky":false,"template":"","format":"standard","meta":{"footnotes":""},"categories":[103,97],"tags":[],"class_list":["post-19641","post","type-post","status-publish","format-standard","hentry","category-aeroports-infrastructures","category-aviation-fr"],"yoast_head":"<!-- This site is optimized with the Yoast SEO plugin v26.9 - https:\/\/yoast.com\/product\/yoast-seo-wordpress\/ -->\n<title>Caribbean Airlines&nbsp;: Garvin Medera quitte son poste de PDG, la continuit\u00e9 est assur\u00e9e par Nirmala Ramai - LATITUDE 15<\/title>\n<meta name=\"robots\" content=\"index, follow, max-snippet:-1, max-image-preview:large, max-video-preview:-1\" \/>\n<link rel=\"canonical\" href=\"https:\/\/www.latitude-15.com\/fr\/caribbean-airlines-garvin-medera-quitte-son-poste-de-pdg-la-continuite-est-assuree-par-nirmala-ramai\/\" \/>\n<meta property=\"og:locale\" content=\"fr_FR\" \/>\n<meta property=\"og:type\" content=\"article\" \/>\n<meta property=\"og:title\" content=\"Caribbean Airlines&nbsp;: Garvin Medera quitte son poste de PDG, la continuit\u00e9 est assur\u00e9e par Nirmala Ramai - LATITUDE 15\" \/>\n<meta property=\"og:description\" content=\"Succession interne pour assurer la stabilit\u00e9 Le conseil d\u2019administration de Caribbean Airlines a annonc\u00e9 la d\u00e9mission imm\u00e9diate de son pr\u00e9sident-directeur g\u00e9n\u00e9ral, Garvin Medera, et la nomination de Nirmala Ramai, actuelle directrice de l\u2019exploitation, au poste de PDG par int\u00e9rim. La compagnie a confirm\u00e9 que l\u2019ensemble du programme de vols se poursuivra sans interruption, rassurant ainsi [&hellip;]\" \/>\n<meta property=\"og:url\" content=\"https:\/\/www.latitude-15.com\/fr\/caribbean-airlines-garvin-medera-quitte-son-poste-de-pdg-la-continuite-est-assuree-par-nirmala-ramai\/\" \/>\n<meta property=\"og:site_name\" content=\"LATITUDE 15\" \/>\n<meta property=\"article:published_time\" content=\"2025-10-14T05:11:00+00:00\" \/>\n<meta property=\"article:modified_time\" content=\"2026-02-04T04:13:15+00:00\" \/>\n<meta property=\"og:image\" content=\"https:\/\/www.latitude-15.com\/wp-content\/uploads\/2025\/10\/463266598_18468868243057382_7353285329683624623_n.jpg.webp\" \/>\n\t<meta property=\"og:image:width\" content=\"1440\" \/>\n\t<meta property=\"og:image:height\" content=\"960\" \/>\n\t<meta property=\"og:image:type\" content=\"image\/webp\" \/>\n<meta name=\"author\" content=\"sabrinalat15\" \/>\n<meta name=\"twitter:card\" content=\"summary_large_image\" \/>\n<meta name=\"twitter:label1\" content=\"\u00c9crit par\" \/>\n\t<meta name=\"twitter:data1\" content=\"sabrinalat15\" \/>\n\t<meta name=\"twitter:label2\" content=\"Dur\u00e9e de lecture estim\u00e9e\" \/>\n\t<meta name=\"twitter:data2\" content=\"4 minutes\" \/>\n<script type=\"application\/ld+json\" class=\"yoast-schema-graph\">{\"@context\":\"https:\/\/schema.org\",\"@graph\":[{\"@type\":\"Article\",\"@id\":\"https:\/\/www.latitude-15.com\/fr\/caribbean-airlines-garvin-medera-quitte-son-poste-de-pdg-la-continuite-est-assuree-par-nirmala-ramai\/#article\",\"isPartOf\":{\"@id\":\"https:\/\/www.latitude-15.com\/fr\/caribbean-airlines-garvin-medera-quitte-son-poste-de-pdg-la-continuite-est-assuree-par-nirmala-ramai\/\"},\"author\":{\"name\":\"sabrinalat15\",\"@id\":\"https:\/\/www.latitude-15.com\/fr\/#\/schema\/person\/2a70943507771992ce3316849aa93bdd\"},\"headline\":\"Caribbean Airlines&nbsp;: Garvin Medera quitte son poste de PDG, la continuit\u00e9 est assur\u00e9e par Nirmala Ramai\",\"datePublished\":\"2025-10-14T05:11:00+00:00\",\"dateModified\":\"2026-02-04T04:13:15+00:00\",\"mainEntityOfPage\":{\"@id\":\"https:\/\/www.latitude-15.com\/fr\/caribbean-airlines-garvin-medera-quitte-son-poste-de-pdg-la-continuite-est-assuree-par-nirmala-ramai\/\"},\"wordCount\":895,\"commentCount\":0,\"publisher\":{\"@id\":\"https:\/\/www.latitude-15.com\/fr\/#organization\"},\"image\":{\"@id\":\"https:\/\/www.latitude-15.com\/fr\/caribbean-airlines-garvin-medera-quitte-son-poste-de-pdg-la-continuite-est-assuree-par-nirmala-ramai\/#primaryimage\"},\"thumbnailUrl\":\"https:\/\/richeskarayib.com\/wp-content\/uploads\/2025\/10\/489831205_1066356962195911_2877130269033330039_n-1024x684.jpg\",\"articleSection\":[\"A\u00e9roports et infrastructures\",\"AVIATION\"],\"inLanguage\":\"fr-FR\",\"potentialAction\":[{\"@type\":\"CommentAction\",\"name\":\"Comment\",\"target\":[\"https:\/\/www.latitude-15.com\/fr\/caribbean-airlines-garvin-medera-quitte-son-poste-de-pdg-la-continuite-est-assuree-par-nirmala-ramai\/#respond\"]}]},{\"@type\":\"WebPage\",\"@id\":\"https:\/\/www.latitude-15.com\/fr\/caribbean-airlines-garvin-medera-quitte-son-poste-de-pdg-la-continuite-est-assuree-par-nirmala-ramai\/\",\"url\":\"https:\/\/www.latitude-15.com\/fr\/caribbean-airlines-garvin-medera-quitte-son-poste-de-pdg-la-continuite-est-assuree-par-nirmala-ramai\/\",\"name\":\"Caribbean Airlines&nbsp;: Garvin Medera quitte son poste de PDG, la continuit\u00e9 est assur\u00e9e par Nirmala Ramai - LATITUDE 15\",\"isPartOf\":{\"@id\":\"https:\/\/www.latitude-15.com\/fr\/#website\"},\"primaryImageOfPage\":{\"@id\":\"https:\/\/www.latitude-15.com\/fr\/caribbean-airlines-garvin-medera-quitte-son-poste-de-pdg-la-continuite-est-assuree-par-nirmala-ramai\/#primaryimage\"},\"image\":{\"@id\":\"https:\/\/www.latitude-15.com\/fr\/caribbean-airlines-garvin-medera-quitte-son-poste-de-pdg-la-continuite-est-assuree-par-nirmala-ramai\/#primaryimage\"},\"thumbnailUrl\":\"https:\/\/richeskarayib.com\/wp-content\/uploads\/2025\/10\/489831205_1066356962195911_2877130269033330039_n-1024x684.jpg\",\"datePublished\":\"2025-10-14T05:11:00+00:00\",\"dateModified\":\"2026-02-04T04:13:15+00:00\",\"breadcrumb\":{\"@id\":\"https:\/\/www.latitude-15.com\/fr\/caribbean-airlines-garvin-medera-quitte-son-poste-de-pdg-la-continuite-est-assuree-par-nirmala-ramai\/#breadcrumb\"},\"inLanguage\":\"fr-FR\",\"potentialAction\":[{\"@type\":\"ReadAction\",\"target\":[\"https:\/\/www.latitude-15.com\/fr\/caribbean-airlines-garvin-medera-quitte-son-poste-de-pdg-la-continuite-est-assuree-par-nirmala-ramai\/\"]}]},{\"@type\":\"ImageObject\",\"inLanguage\":\"fr-FR\",\"@id\":\"https:\/\/www.latitude-15.com\/fr\/caribbean-airlines-garvin-medera-quitte-son-poste-de-pdg-la-continuite-est-assuree-par-nirmala-ramai\/#primaryimage\",\"url\":\"https:\/\/richeskarayib.com\/wp-content\/uploads\/2025\/10\/489831205_1066356962195911_2877130269033330039_n-1024x684.jpg\",\"contentUrl\":\"https:\/\/richeskarayib.com\/wp-content\/uploads\/2025\/10\/489831205_1066356962195911_2877130269033330039_n-1024x684.jpg\"},{\"@type\":\"BreadcrumbList\",\"@id\":\"https:\/\/www.latitude-15.com\/fr\/caribbean-airlines-garvin-medera-quitte-son-poste-de-pdg-la-continuite-est-assuree-par-nirmala-ramai\/#breadcrumb\",\"itemListElement\":[{\"@type\":\"ListItem\",\"position\":1,\"name\":\"Home\",\"item\":\"https:\/\/www.latitude-15.com\/fr\/accueil\/\"},{\"@type\":\"ListItem\",\"position\":2,\"name\":\"Caribbean Airlines&nbsp;: Garvin Medera quitte son poste de PDG, la continuit\u00e9 est assur\u00e9e par Nirmala Ramai\"}]},{\"@type\":\"WebSite\",\"@id\":\"https:\/\/www.latitude-15.com\/fr\/#website\",\"url\":\"https:\/\/www.latitude-15.com\/fr\/\",\"name\":\"LATITUDE 15\",\"description\":\"Aviation and maritime Magazine - Caribbean &amp; Latin America\",\"publisher\":{\"@id\":\"https:\/\/www.latitude-15.com\/fr\/#organization\"},\"potentialAction\":[{\"@type\":\"SearchAction\",\"target\":{\"@type\":\"EntryPoint\",\"urlTemplate\":\"https:\/\/www.latitude-15.com\/fr\/?s={search_term_string}\"},\"query-input\":{\"@type\":\"PropertyValueSpecification\",\"valueRequired\":true,\"valueName\":\"search_term_string\"}}],\"inLanguage\":\"fr-FR\"},{\"@type\":\"Organization\",\"@id\":\"https:\/\/www.latitude-15.com\/fr\/#organization\",\"name\":\"LATITUDE 15\",\"url\":\"https:\/\/www.latitude-15.com\/fr\/\",\"logo\":{\"@type\":\"ImageObject\",\"inLanguage\":\"fr-FR\",\"@id\":\"https:\/\/www.latitude-15.com\/fr\/#\/schema\/logo\/image\/\",\"url\":\"https:\/\/www.latitude-15.com\/wp-content\/uploads\/2026\/01\/cropped-logox500px.png\",\"contentUrl\":\"https:\/\/www.latitude-15.com\/wp-content\/uploads\/2026\/01\/cropped-logox500px.png\",\"width\":62,\"height\":75,\"caption\":\"LATITUDE 15\"},\"image\":{\"@id\":\"https:\/\/www.latitude-15.com\/fr\/#\/schema\/logo\/image\/\"}},{\"@type\":\"Person\",\"@id\":\"https:\/\/www.latitude-15.com\/fr\/#\/schema\/person\/2a70943507771992ce3316849aa93bdd\",\"name\":\"sabrinalat15\",\"image\":{\"@type\":\"ImageObject\",\"inLanguage\":\"fr-FR\",\"@id\":\"https:\/\/www.latitude-15.com\/fr\/#\/schema\/person\/image\/\",\"url\":\"https:\/\/secure.gravatar.com\/avatar\/91f5e11872ca6128d75f7bbde22cc384ad142a113b81c554ed87d6d9762f8813?s=96&d=mm&r=g\",\"contentUrl\":\"https:\/\/secure.gravatar.com\/avatar\/91f5e11872ca6128d75f7bbde22cc384ad142a113b81c554ed87d6d9762f8813?s=96&d=mm&r=g\",\"caption\":\"sabrinalat15\"},\"sameAs\":[\"https:\/\/www.latitude-15.com\"],\"url\":\"https:\/\/www.latitude-15.com\/fr\/author\/sabrinalat15\/\"}]}<\/script>\n<!-- \/ Yoast SEO plugin. -->","yoast_head_json":{"title":"Caribbean Airlines&nbsp;: Garvin Medera quitte son poste de PDG, la continuit\u00e9 est assur\u00e9e par Nirmala Ramai - LATITUDE 15","robots":{"index":"index","follow":"follow","max-snippet":"max-snippet:-1","max-image-preview":"max-image-preview:large","max-video-preview":"max-video-preview:-1"},"canonical":"https:\/\/www.latitude-15.com\/fr\/caribbean-airlines-garvin-medera-quitte-son-poste-de-pdg-la-continuite-est-assuree-par-nirmala-ramai\/","og_locale":"fr_FR","og_type":"article","og_title":"Caribbean Airlines&nbsp;: Garvin Medera quitte son poste de PDG, la continuit\u00e9 est assur\u00e9e par Nirmala Ramai - LATITUDE 15","og_description":"Succession interne pour assurer la stabilit\u00e9 Le conseil d\u2019administration de Caribbean Airlines a annonc\u00e9 la d\u00e9mission imm\u00e9diate de son pr\u00e9sident-directeur g\u00e9n\u00e9ral, Garvin Medera, et la nomination de Nirmala Ramai, actuelle directrice de l\u2019exploitation, au poste de PDG par int\u00e9rim. La compagnie a confirm\u00e9 que l\u2019ensemble du programme de vols se poursuivra sans interruption, rassurant ainsi [&hellip;]","og_url":"https:\/\/www.latitude-15.com\/fr\/caribbean-airlines-garvin-medera-quitte-son-poste-de-pdg-la-continuite-est-assuree-par-nirmala-ramai\/","og_site_name":"LATITUDE 15","article_published_time":"2025-10-14T05:11:00+00:00","article_modified_time":"2026-02-04T04:13:15+00:00","og_image":[{"width":1440,"height":960,"url":"https:\/\/www.latitude-15.com\/wp-content\/uploads\/2025\/10\/463266598_18468868243057382_7353285329683624623_n.jpg.webp","type":"image\/webp"}],"author":"sabrinalat15","twitter_card":"summary_large_image","twitter_misc":{"\u00c9crit par":"sabrinalat15","Dur\u00e9e de lecture estim\u00e9e":"4 minutes"},"schema":{"@context":"https:\/\/schema.org","@graph":[{"@type":"Article","@id":"https:\/\/www.latitude-15.com\/fr\/caribbean-airlines-garvin-medera-quitte-son-poste-de-pdg-la-continuite-est-assuree-par-nirmala-ramai\/#article","isPartOf":{"@id":"https:\/\/www.latitude-15.com\/fr\/caribbean-airlines-garvin-medera-quitte-son-poste-de-pdg-la-continuite-est-assuree-par-nirmala-ramai\/"},"author":{"name":"sabrinalat15","@id":"https:\/\/www.latitude-15.com\/fr\/#\/schema\/person\/2a70943507771992ce3316849aa93bdd"},"headline":"Caribbean Airlines&nbsp;: Garvin Medera quitte son poste de PDG, la continuit\u00e9 est assur\u00e9e par Nirmala Ramai","datePublished":"2025-10-14T05:11:00+00:00","dateModified":"2026-02-04T04:13:15+00:00","mainEntityOfPage":{"@id":"https:\/\/www.latitude-15.com\/fr\/caribbean-airlines-garvin-medera-quitte-son-poste-de-pdg-la-continuite-est-assuree-par-nirmala-ramai\/"},"wordCount":895,"commentCount":0,"publisher":{"@id":"https:\/\/www.latitude-15.com\/fr\/#organization"},"image":{"@id":"https:\/\/www.latitude-15.com\/fr\/caribbean-airlines-garvin-medera-quitte-son-poste-de-pdg-la-continuite-est-assuree-par-nirmala-ramai\/#primaryimage"},"thumbnailUrl":"https:\/\/richeskarayib.com\/wp-content\/uploads\/2025\/10\/489831205_1066356962195911_2877130269033330039_n-1024x684.jpg","articleSection":["A\u00e9roports et infrastructures","AVIATION"],"inLanguage":"fr-FR","potentialAction":[{"@type":"CommentAction","name":"Comment","target":["https:\/\/www.latitude-15.com\/fr\/caribbean-airlines-garvin-medera-quitte-son-poste-de-pdg-la-continuite-est-assuree-par-nirmala-ramai\/#respond"]}]},{"@type":"WebPage","@id":"https:\/\/www.latitude-15.com\/fr\/caribbean-airlines-garvin-medera-quitte-son-poste-de-pdg-la-continuite-est-assuree-par-nirmala-ramai\/","url":"https:\/\/www.latitude-15.com\/fr\/caribbean-airlines-garvin-medera-quitte-son-poste-de-pdg-la-continuite-est-assuree-par-nirmala-ramai\/","name":"Caribbean Airlines&nbsp;: Garvin Medera quitte son poste de PDG, la continuit\u00e9 est assur\u00e9e par Nirmala Ramai - LATITUDE 15","isPartOf":{"@id":"https:\/\/www.latitude-15.com\/fr\/#website"},"primaryImageOfPage":{"@id":"https:\/\/www.latitude-15.com\/fr\/caribbean-airlines-garvin-medera-quitte-son-poste-de-pdg-la-continuite-est-assuree-par-nirmala-ramai\/#primaryimage"},"image":{"@id":"https:\/\/www.latitude-15.com\/fr\/caribbean-airlines-garvin-medera-quitte-son-poste-de-pdg-la-continuite-est-assuree-par-nirmala-ramai\/#primaryimage"},"thumbnailUrl":"https:\/\/richeskarayib.com\/wp-content\/uploads\/2025\/10\/489831205_1066356962195911_2877130269033330039_n-1024x684.jpg","datePublished":"2025-10-14T05:11:00+00:00","dateModified":"2026-02-04T04:13:15+00:00","breadcrumb":{"@id":"https:\/\/www.latitude-15.com\/fr\/caribbean-airlines-garvin-medera-quitte-son-poste-de-pdg-la-continuite-est-assuree-par-nirmala-ramai\/#breadcrumb"},"inLanguage":"fr-FR","potentialAction":[{"@type":"ReadAction","target":["https:\/\/www.latitude-15.com\/fr\/caribbean-airlines-garvin-medera-quitte-son-poste-de-pdg-la-continuite-est-assuree-par-nirmala-ramai\/"]}]},{"@type":"ImageObject","inLanguage":"fr-FR","@id":"https:\/\/www.latitude-15.com\/fr\/caribbean-airlines-garvin-medera-quitte-son-poste-de-pdg-la-continuite-est-assuree-par-nirmala-ramai\/#primaryimage","url":"https:\/\/richeskarayib.com\/wp-content\/uploads\/2025\/10\/489831205_1066356962195911_2877130269033330039_n-1024x684.jpg","contentUrl":"https:\/\/richeskarayib.com\/wp-content\/uploads\/2025\/10\/489831205_1066356962195911_2877130269033330039_n-1024x684.jpg"},{"@type":"BreadcrumbList","@id":"https:\/\/www.latitude-15.com\/fr\/caribbean-airlines-garvin-medera-quitte-son-poste-de-pdg-la-continuite-est-assuree-par-nirmala-ramai\/#breadcrumb","itemListElement":[{"@type":"ListItem","position":1,"name":"Home","item":"https:\/\/www.latitude-15.com\/fr\/accueil\/"},{"@type":"ListItem","position":2,"name":"Caribbean Airlines&nbsp;: Garvin Medera quitte son poste de PDG, la continuit\u00e9 est assur\u00e9e par Nirmala Ramai"}]},{"@type":"WebSite","@id":"https:\/\/www.latitude-15.com\/fr\/#website","url":"https:\/\/www.latitude-15.com\/fr\/","name":"LATITUDE 15","description":"Aviation and maritime Magazine - Caribbean &amp; Latin America","publisher":{"@id":"https:\/\/www.latitude-15.com\/fr\/#organization"},"potentialAction":[{"@type":"SearchAction","target":{"@type":"EntryPoint","urlTemplate":"https:\/\/www.latitude-15.com\/fr\/?s={search_term_string}"},"query-input":{"@type":"PropertyValueSpecification","valueRequired":true,"valueName":"search_term_string"}}],"inLanguage":"fr-FR"},{"@type":"Organization","@id":"https:\/\/www.latitude-15.com\/fr\/#organization","name":"LATITUDE 15","url":"https:\/\/www.latitude-15.com\/fr\/","logo":{"@type":"ImageObject","inLanguage":"fr-FR","@id":"https:\/\/www.latitude-15.com\/fr\/#\/schema\/logo\/image\/","url":"https:\/\/www.latitude-15.com\/wp-content\/uploads\/2026\/01\/cropped-logox500px.png","contentUrl":"https:\/\/www.latitude-15.com\/wp-content\/uploads\/2026\/01\/cropped-logox500px.png","width":62,"height":75,"caption":"LATITUDE 15"},"image":{"@id":"https:\/\/www.latitude-15.com\/fr\/#\/schema\/logo\/image\/"}},{"@type":"Person","@id":"https:\/\/www.latitude-15.com\/fr\/#\/schema\/person\/2a70943507771992ce3316849aa93bdd","name":"sabrinalat15","image":{"@type":"ImageObject","inLanguage":"fr-FR","@id":"https:\/\/www.latitude-15.com\/fr\/#\/schema\/person\/image\/","url":"https:\/\/secure.gravatar.com\/avatar\/91f5e11872ca6128d75f7bbde22cc384ad142a113b81c554ed87d6d9762f8813?s=96&d=mm&r=g","contentUrl":"https:\/\/secure.gravatar.com\/avatar\/91f5e11872ca6128d75f7bbde22cc384ad142a113b81c554ed87d6d9762f8813?s=96&d=mm&r=g","caption":"sabrinalat15"},"sameAs":["https:\/\/www.latitude-15.com"],"url":"https:\/\/www.latitude-15.com\/fr\/author\/sabrinalat15\/"}]}},"_links":{"self":[{"href":"https:\/\/www.latitude-15.com\/fr\/wp-json\/wp\/v2\/posts\/19641","targetHints":{"allow":["GET"]}}],"collection":[{"href":"https:\/\/www.latitude-15.com\/fr\/wp-json\/wp\/v2\/posts"}],"about":[{"href":"https:\/\/www.latitude-15.com\/fr\/wp-json\/wp\/v2\/types\/post"}],"author":[{"embeddable":true,"href":"https:\/\/www.latitude-15.com\/fr\/wp-json\/wp\/v2\/users\/1"}],"replies":[{"embeddable":true,"href":"https:\/\/www.latitude-15.com\/fr\/wp-json\/wp\/v2\/comments?post=19641"}],"version-history":[{"count":2,"href":"https:\/\/www.latitude-15.com\/fr\/wp-json\/wp\/v2\/posts\/19641\/revisions"}],"predecessor-version":[{"id":19643,"href":"https:\/\/www.latitude-15.com\/fr\/wp-json\/wp\/v2\/posts\/19641\/revisions\/19643"}],"wp:attachment":[{"href":"https:\/\/www.latitude-15.com\/fr\/wp-json\/wp\/v2\/media?parent=19641"}],"wp:term":[{"taxonomy":"category","embeddable":true,"href":"https:\/\/www.latitude-15.com\/fr\/wp-json\/wp\/v2\/categories?post=19641"},{"taxonomy":"post_tag","embeddable":true,"href":"https:\/\/www.latitude-15.com\/fr\/wp-json\/wp\/v2\/tags?post=19641"}],"curies":[{"name":"wp","href":"https:\/\/api.w.org\/{rel}","templated":true}]}}