{"id":19631,"date":"2025-12-15T01:46:27","date_gmt":"2025-12-15T05:46:27","guid":{"rendered":"https:\/\/www.latitude-15.com\/2025\/12\/15\/antilles-guyane-cciag-cooperer-pour-une-logistique-regionale-integree\/"},"modified":"2026-02-04T00:06:34","modified_gmt":"2026-02-04T04:06:34","slug":"antilles-guyane-cciag-cooperer-pour-une-logistique-regionale-integree","status":"publish","type":"post","link":"https:\/\/www.latitude-15.com\/fr\/antilles-guyane-cciag-cooperer-pour-une-logistique-regionale-integree\/","title":{"rendered":"Antilles-Guyane \u2013 CCIAG : coop\u00e9rer pour une logistique r\u00e9gionale int\u00e9gr\u00e9e"},"content":{"rendered":"\n<p>Le <a href=\"https:\/\/www.martinique.port.fr\/detail-actualites.aspx?card=10257#:~:text=Dans%20le%20cadre%20du%20renforcement,Guyane%20et%20de%20la%20Martinique.\" target=\"_blank\" rel=\"noreferrer noopener\">Conseil de Coordination Interportuaire Antilles-Guyane (CCIAG)<\/a> s\u2019est r\u00e9uni le 12 d\u00e9cembre 2025 \u00e0 l\u2019Habitation Le PALM en Martinique. Ce rendez-vous annuel, pr\u00e9vu par le Code des transports, est devenu un levier majeur de gouvernance interterritoriale entre la Guadeloupe, la Martinique et la Guyane.<\/p>\n\n<p>Port\u00e9 par l\u2019\u00c9tat et les trois Grands Ports Maritimes, le CCIAG vise \u00e0 renforcer la coh\u00e9rence des politiques portuaires, soutenir la r\u00e9silience \u00e9conomique des territoires et inscrire durablement l\u2019axe Sud-Cara\u00efbe dans une dynamique de coop\u00e9ration r\u00e9gionale.<\/p>\n\n<h2 class=\"wp-block-heading\">Une gouvernance coll\u00e9giale au service des territoires<\/h2>\n\n<p>\u00ab Le CCIAG est plus qu\u2019une instance technique : c\u2019est un espace de dialogue strat\u00e9gique avec les repr\u00e9sentants de l\u2019\u00c9tat, des collectivit\u00e9s et des ports \u00bb, souligne <a href=\"https:\/\/richeskarayib.com\/msc-cruises-strengthens-presence-caribbean\/\" target=\"_blank\" rel=\"noreferrer noopener\">Bruno Menc\u00e9<\/a>, pr\u00e9sident du Directoire du <a href=\"https:\/\/www.martinique.port.fr\/\" target=\"_blank\" rel=\"noreferrer noopener\">Grand Port Maritime de la Martinique.<\/a><\/p>\n\n<p>Le CCIAG permet un alignement r\u00e9gulier des politiques portuaires avec les orientations nationales et les besoins des territoires. Chaque ann\u00e9e, les trois ports mettent en commun leurs retours d\u2019exp\u00e9rience et d\u00e9finissent ensemble des priorit\u00e9s : s\u00e9curit\u00e9, connectivit\u00e9, transition \u00e9cologique, et comp\u00e9titivit\u00e9 logistique.<\/p>\n\n<figure class=\"wp-block-image\"><img decoding=\"async\" data-src=\"https:\/\/richeskarayib.com\/wp-content\/uploads\/2025\/12\/Bruno-Mence-1024x1024.png\" alt=\"CCIAG\" src=\"data:image\/svg+xml;base64,PHN2ZyB3aWR0aD0iMSIgaGVpZ2h0PSIxIiB4bWxucz0iaHR0cDovL3d3dy53My5vcmcvMjAwMC9zdmciPjwvc3ZnPg==\" class=\"lazyload\" style=\"--smush-placeholder-width: 1024px; --smush-placeholder-aspect-ratio: 1024\/1024;\" \/><figcaption class=\"wp-element-caption\">Bruno Menc\u00e9<\/figcaption><\/figure>\n\n<p>Jean-Pierre Chalus, pr\u00e9sident du Directoire du <a href=\"https:\/\/guadeloupe-portcaraibes.com\/\" target=\"_blank\" rel=\"noreferrer noopener\">Port de Guadeloupe<\/a>, insiste sur le fait que cette gouvernance partag\u00e9e permet de suivre concr\u00e8tement les avanc\u00e9es et les difficult\u00e9s :<\/p>\n\n<blockquote class=\"wp-block-quote is-layout-flow wp-block-quote-is-layout-flow\">\n<p>\u00ab Nous avons chaque ann\u00e9e un point sur les orientations vot\u00e9es collectivement, ce qui permet de pointer nos avanc\u00e9es, nos difficult\u00e9s, et de poursuivre notre route. \u00bb<br\/>Il insiste aussi sur la mobilisation croissante des \u00e9quipes autour des enjeux environnementaux :<br\/>\u00ab Il y a beaucoup d\u2019enthousiasme de l\u2019ensemble des ports pour s\u2019investir dans les transitions \u00e9nerg\u00e9tiques, \u00e9cologiques et autres, au service du d\u00e9veloppement durable de nos territoires. \u00bb<\/p>\n<\/blockquote>\n\n<figure class=\"wp-block-image\"><img decoding=\"async\" data-src=\"https:\/\/richeskarayib.com\/wp-content\/uploads\/2025\/12\/Jean-Pierre-Chalus-1024x1024.png\" alt=\"CCIAG\" src=\"data:image\/svg+xml;base64,PHN2ZyB3aWR0aD0iMSIgaGVpZ2h0PSIxIiB4bWxucz0iaHR0cDovL3d3dy53My5vcmcvMjAwMC9zdmciPjwvc3ZnPg==\" class=\"lazyload\" style=\"--smush-placeholder-width: 1024px; --smush-placeholder-aspect-ratio: 1024\/1024;\" \/><figcaption class=\"wp-element-caption\">Jean-Pierre Chalus<\/figcaption><\/figure>\n\n<p>St\u00e9phane Tant, pr\u00e9sident du Directoire du <a href=\"https:\/\/portdeguyane.fr\/\" target=\"_blank\" rel=\"noreferrer noopener\">Grand Port Maritime de la Guyane<\/a>, insiste sur l\u2019int\u00e9r\u00eat de cette rencontre annuelle :<\/p>\n\n<blockquote class=\"wp-block-quote is-layout-flow wp-block-quote-is-layout-flow\">\n<p>\u00ab C\u2019est un rendez-vous qui nous permet d\u2019\u00e9changer non seulement entre les ports, mais aussi avec les \u00e9lus, la DGOM (Direction g\u00e9n\u00e9rale des Outre-mer), la DGITM (Direction g\u00e9n\u00e9rale des Infrastructures, des Transports et de la Mer), sur nos enjeux communs, nos besoins de d\u00e9veloppement et notre feuille de route. \u00bb<\/p>\n\n\n\n<p>Il souligne que le CCIAG d\u00e9passe les seuls enjeux portuaires pour s\u2019inscrire dans une dynamique de d\u00e9veloppement \u00e9conomique et de connectivit\u00e9 r\u00e9gionale.<\/p>\n<\/blockquote>\n\n<figure class=\"wp-block-image\"><img decoding=\"async\" data-src=\"https:\/\/richeskarayib.com\/wp-content\/uploads\/2025\/12\/Stephane-Tant-1-1024x1024.png\" alt=\"CCIAG\" src=\"data:image\/svg+xml;base64,PHN2ZyB3aWR0aD0iMSIgaGVpZ2h0PSIxIiB4bWxucz0iaHR0cDovL3d3dy53My5vcmcvMjAwMC9zdmciPjwvc3ZnPg==\" class=\"lazyload\" style=\"--smush-placeholder-width: 1024px; --smush-placeholder-aspect-ratio: 1024\/1024;\" \/><figcaption class=\"wp-element-caption\">St\u00e9phane Tant<\/figcaption><\/figure>\n\n<h2 class=\"wp-block-heading\">Une feuille de route commune et des actions concr\u00e8tes<\/h2>\n\n<p>La feuille de route 2025-2029, d\u00e9finie collectivement par l\u2019ensemble des acteurs pr\u00e9sents au sein du CCIAG, s\u2019articule autour d\u2019axes majeurs tels que la d\u00e9carbonation, la s\u00e9curit\u00e9 portuaire, l\u2019innovation et l\u2019adaptation au changement climatique. Bruno Menc\u00e9 pr\u00e9cise :<\/p>\n\n<p>\u00ab Nous devons garantir un niveau de s\u00fbret\u00e9 et de s\u00e9curit\u00e9 identique dans nos trois ports, correspondant aux besoins de nos clients et des territoires. \u00bb<\/p>\n\n<p>Il souligne \u00e9galement l\u2019importance de la coop\u00e9ration r\u00e9gionale avec la <strong>PMAC <\/strong>(Port Management Association of the Caribbean) pour cr\u00e9er un observatoire \u00e9conomique carib\u00e9en :<\/p>\n\n<p>\u00ab C\u2019est un dossier vraiment carib\u00e9en que nous portons avec la PMAC, donc avec l\u2019ensemble des ports de la Cara\u00efbe \u00bb, explique Bruno Menc\u00e9.<\/p>\n\n<p>L\u2019objectif : mieux comprendre le fonctionnement des lignes maritimes et identifier les leviers pour d\u00e9velopper les \u00e9changes avec les \u00eeles avoisinantes. \u00bb<\/p>\n\n<p>Jean-Pierre Chalus rappelle que cette feuille de route permet de traiter des sujets strat\u00e9giques comme la desserte interterritoriale :<\/p>\n\n<p>\u00ab La r\u00e9gularit\u00e9 de la desserte de la Guyane, de la Guadeloupe et de la Martinique est un \u00e9l\u00e9ment important pour nos territoires, tant pour les acteurs \u00e9conomiques que pour les acteurs politiques. \u00bb<\/p>\n\n<p>Il souligne \u00e9galement le r\u00f4le des r\u00e9unions techniques men\u00e9es tout au long de l\u2019ann\u00e9e entre les directions portuaires pour faire avancer les dossiers en continu.<\/p>\n\n<p>Il cite enfin, parmi les actions concr\u00e8tes d\u00e9j\u00e0 engag\u00e9es, <strong>la signature commune d\u2019un engagement avec l\u2019UICN (Union Internationale pour la Conservation de la Nature) <\/strong>sur la gestion des esp\u00e8ces exotiques envahissantes, traduisant l\u2019implication des ports dans des enjeux environnementaux partag\u00e9s.<\/p>\n\n<p>St\u00e9phane Tant, met en avant les perspectives de coop\u00e9ration renforc\u00e9e avec le <strong>plateau des Guyanes<\/strong>, dans le cadre d\u2019une conf\u00e9rence biannuelle entre la Guyane, le Guyana, le Suriname et deux \u00c9tats br\u00e9siliens (Amap\u00e1 et Par\u00e1) :<br\/>\u00ab Nous sommes chefs de file d\u2019une conf\u00e9rence de coop\u00e9ration des ports du plateau des Guyanes. \u00bb<br\/>Cette initiative vient compl\u00e9ter les axes de travail du CCIAG en \u00e9largissant les connexions r\u00e9gionales vers l\u2019Am\u00e9rique du Sud.<\/p>\n\n<figure class=\"wp-block-image\"><img decoding=\"async\" data-src=\"https:\/\/richeskarayib.com\/wp-content\/uploads\/2025\/12\/WhatsApp-Image-2025-12-13-at-08.51.16-1024x473.jpeg\" alt=\"CCIAG\" src=\"data:image\/svg+xml;base64,PHN2ZyB3aWR0aD0iMSIgaGVpZ2h0PSIxIiB4bWxucz0iaHR0cDovL3d3dy53My5vcmcvMjAwMC9zdmciPjwvc3ZnPg==\" class=\"lazyload\" style=\"--smush-placeholder-width: 1024px; --smush-placeholder-aspect-ratio: 1024\/473;\" \/><\/figure>\n\n<h2 class=\"wp-block-heading\">Une vision commune : d\u00e9passer l&rsquo;insularit\u00e9<\/h2>\n\n<p>Le CCIAG porte une ambition partag\u00e9e qui d\u00e9passe la simple coordination entre ports. En r\u00e9unissant les directeurs des ports, les repr\u00e9sentants de l\u2019\u00c9tat, les collectivit\u00e9s et les pr\u00e9sidents des conseils de surveillance, cette instance favorise une approche globale du d\u00e9veloppement logistique et territorial.<\/p>\n\n<p>Tous les participants s\u2019accordent sur un m\u00eame constat : la performance portuaire ne peut plus \u00eatre pens\u00e9e isol\u00e9ment. Elle d\u00e9pend d\u2019une gouvernance \u00e9largie, capable de connecter les politiques publiques, les enjeux \u00e9conomiques et les imp\u00e9ratifs environnementaux. Ce cadre commun permet de poser les bases d\u2019une logistique plus r\u00e9siliente, mieux int\u00e9gr\u00e9e, et tourn\u00e9e vers l\u2019ensemble de la Grande Cara\u00efbe.<\/p>\n\n<p>En 2026, c\u2019est en Guyane que cette dynamique se poursuivra, \u00e0 l\u2019occasion de la prochaine pl\u00e9ni\u00e8re. Un rendez-vous attendu pour approfondir cette coop\u00e9ration multi-acteurs et consolider les fondations d\u2019une souverainet\u00e9 logistique r\u00e9gionale.<\/p>\n\n<figure class=\"wp-block-image\"><img decoding=\"async\" data-src=\"https:\/\/richeskarayib.com\/wp-content\/uploads\/2025\/12\/20251212_121616-1024x473.jpg\" alt=\"CCIAG\" src=\"data:image\/svg+xml;base64,PHN2ZyB3aWR0aD0iMSIgaGVpZ2h0PSIxIiB4bWxucz0iaHR0cDovL3d3dy53My5vcmcvMjAwMC9zdmciPjwvc3ZnPg==\" class=\"lazyload\" style=\"--smush-placeholder-width: 1024px; --smush-placeholder-aspect-ratio: 1024\/473;\" \/><\/figure>\n","protected":false},"excerpt":{"rendered":"<p>Le Conseil de Coordination Interportuaire Antilles-Guyane (CCIAG) s\u2019est r\u00e9uni le 12 d\u00e9cembre 2025 \u00e0 l\u2019Habitation Le PALM en Martinique. Ce rendez-vous annuel, pr\u00e9vu par le Code des transports, est devenu un levier majeur de gouvernance interterritoriale entre la Guadeloupe, la Martinique et la Guyane. Port\u00e9 par l\u2019\u00c9tat et les trois Grands Ports Maritimes, le CCIAG [&hellip;]<\/p>\n","protected":false},"author":1,"featured_media":19629,"comment_status":"open","ping_status":"open","sticky":false,"template":"","format":"standard","meta":{"footnotes":""},"categories":[130,121,118],"tags":[],"class_list":["post-19631","post","type-post","status-publish","format-standard","has-post-thumbnail","hentry","category-connectivite-maritime-mobilite","category-economie-bleue-et-durabilite","category-maritime-fr"],"yoast_head":"<!-- This site is optimized with the Yoast SEO plugin v26.9 - https:\/\/yoast.com\/product\/yoast-seo-wordpress\/ -->\n<title>Antilles-Guyane \u2013 CCIAG : coop\u00e9rer pour une logistique r\u00e9gionale int\u00e9gr\u00e9e - LATITUDE 15<\/title>\n<meta name=\"robots\" content=\"index, follow, max-snippet:-1, max-image-preview:large, max-video-preview:-1\" \/>\n<link rel=\"canonical\" href=\"https:\/\/www.latitude-15.com\/fr\/antilles-guyane-cciag-cooperer-pour-une-logistique-regionale-integree\/\" \/>\n<meta property=\"og:locale\" content=\"fr_FR\" \/>\n<meta property=\"og:type\" content=\"article\" \/>\n<meta property=\"og:title\" content=\"Antilles-Guyane \u2013 CCIAG : coop\u00e9rer pour une logistique r\u00e9gionale int\u00e9gr\u00e9e - LATITUDE 15\" \/>\n<meta property=\"og:description\" content=\"Le Conseil de Coordination Interportuaire Antilles-Guyane (CCIAG) s\u2019est r\u00e9uni le 12 d\u00e9cembre 2025 \u00e0 l\u2019Habitation Le PALM en Martinique. Ce rendez-vous annuel, pr\u00e9vu par le Code des transports, est devenu un levier majeur de gouvernance interterritoriale entre la Guadeloupe, la Martinique et la Guyane. Port\u00e9 par l\u2019\u00c9tat et les trois Grands Ports Maritimes, le CCIAG [&hellip;]\" \/>\n<meta property=\"og:url\" content=\"https:\/\/www.latitude-15.com\/fr\/antilles-guyane-cciag-cooperer-pour-une-logistique-regionale-integree\/\" \/>\n<meta property=\"og:site_name\" content=\"LATITUDE 15\" \/>\n<meta property=\"article:published_time\" content=\"2025-12-15T05:46:27+00:00\" \/>\n<meta property=\"article:modified_time\" content=\"2026-02-04T04:06:34+00:00\" \/>\n<meta property=\"og:image\" content=\"https:\/\/www.latitude-15.com\/wp-content\/uploads\/2026\/01\/WhatsApp-Image-2025-12-13-at-08.51.16.jpeg.webp\" \/>\n\t<meta property=\"og:image:width\" content=\"1600\" \/>\n\t<meta property=\"og:image:height\" content=\"739\" \/>\n\t<meta property=\"og:image:type\" content=\"image\/webp\" \/>\n<meta name=\"author\" content=\"sabrinalat15\" \/>\n<meta name=\"twitter:card\" content=\"summary_large_image\" \/>\n<meta name=\"twitter:label1\" content=\"\u00c9crit par\" \/>\n\t<meta name=\"twitter:data1\" content=\"sabrinalat15\" \/>\n\t<meta name=\"twitter:label2\" content=\"Dur\u00e9e de lecture estim\u00e9e\" \/>\n\t<meta name=\"twitter:data2\" content=\"5 minutes\" \/>\n<script type=\"application\/ld+json\" class=\"yoast-schema-graph\">{\"@context\":\"https:\/\/schema.org\",\"@graph\":[{\"@type\":\"Article\",\"@id\":\"https:\/\/www.latitude-15.com\/fr\/antilles-guyane-cciag-cooperer-pour-une-logistique-regionale-integree\/#article\",\"isPartOf\":{\"@id\":\"https:\/\/www.latitude-15.com\/fr\/antilles-guyane-cciag-cooperer-pour-une-logistique-regionale-integree\/\"},\"author\":{\"name\":\"sabrinalat15\",\"@id\":\"https:\/\/www.latitude-15.com\/fr\/#\/schema\/person\/2a70943507771992ce3316849aa93bdd\"},\"headline\":\"Antilles-Guyane \u2013 CCIAG : coop\u00e9rer pour une logistique r\u00e9gionale int\u00e9gr\u00e9e\",\"datePublished\":\"2025-12-15T05:46:27+00:00\",\"dateModified\":\"2026-02-04T04:06:34+00:00\",\"mainEntityOfPage\":{\"@id\":\"https:\/\/www.latitude-15.com\/fr\/antilles-guyane-cciag-cooperer-pour-une-logistique-regionale-integree\/\"},\"wordCount\":953,\"commentCount\":0,\"publisher\":{\"@id\":\"https:\/\/www.latitude-15.com\/fr\/#organization\"},\"image\":{\"@id\":\"https:\/\/www.latitude-15.com\/fr\/antilles-guyane-cciag-cooperer-pour-une-logistique-regionale-integree\/#primaryimage\"},\"thumbnailUrl\":\"https:\/\/www.latitude-15.com\/wp-content\/uploads\/2026\/01\/WhatsApp-Image-2025-12-13-at-08.51.16.jpeg.webp\",\"articleSection\":[\"Connectivit\u00e9 maritime &amp; mobilit\u00e9\",\"\u00c9conomie bleue et durabilit\u00e9\",\"MARITIME\"],\"inLanguage\":\"fr-FR\",\"potentialAction\":[{\"@type\":\"CommentAction\",\"name\":\"Comment\",\"target\":[\"https:\/\/www.latitude-15.com\/fr\/antilles-guyane-cciag-cooperer-pour-une-logistique-regionale-integree\/#respond\"]}]},{\"@type\":\"WebPage\",\"@id\":\"https:\/\/www.latitude-15.com\/fr\/antilles-guyane-cciag-cooperer-pour-une-logistique-regionale-integree\/\",\"url\":\"https:\/\/www.latitude-15.com\/fr\/antilles-guyane-cciag-cooperer-pour-une-logistique-regionale-integree\/\",\"name\":\"Antilles-Guyane \u2013 CCIAG : coop\u00e9rer pour une logistique r\u00e9gionale int\u00e9gr\u00e9e - LATITUDE 15\",\"isPartOf\":{\"@id\":\"https:\/\/www.latitude-15.com\/fr\/#website\"},\"primaryImageOfPage\":{\"@id\":\"https:\/\/www.latitude-15.com\/fr\/antilles-guyane-cciag-cooperer-pour-une-logistique-regionale-integree\/#primaryimage\"},\"image\":{\"@id\":\"https:\/\/www.latitude-15.com\/fr\/antilles-guyane-cciag-cooperer-pour-une-logistique-regionale-integree\/#primaryimage\"},\"thumbnailUrl\":\"https:\/\/www.latitude-15.com\/wp-content\/uploads\/2026\/01\/WhatsApp-Image-2025-12-13-at-08.51.16.jpeg.webp\",\"datePublished\":\"2025-12-15T05:46:27+00:00\",\"dateModified\":\"2026-02-04T04:06:34+00:00\",\"breadcrumb\":{\"@id\":\"https:\/\/www.latitude-15.com\/fr\/antilles-guyane-cciag-cooperer-pour-une-logistique-regionale-integree\/#breadcrumb\"},\"inLanguage\":\"fr-FR\",\"potentialAction\":[{\"@type\":\"ReadAction\",\"target\":[\"https:\/\/www.latitude-15.com\/fr\/antilles-guyane-cciag-cooperer-pour-une-logistique-regionale-integree\/\"]}]},{\"@type\":\"ImageObject\",\"inLanguage\":\"fr-FR\",\"@id\":\"https:\/\/www.latitude-15.com\/fr\/antilles-guyane-cciag-cooperer-pour-une-logistique-regionale-integree\/#primaryimage\",\"url\":\"https:\/\/www.latitude-15.com\/wp-content\/uploads\/2026\/01\/WhatsApp-Image-2025-12-13-at-08.51.16.jpeg.webp\",\"contentUrl\":\"https:\/\/www.latitude-15.com\/wp-content\/uploads\/2026\/01\/WhatsApp-Image-2025-12-13-at-08.51.16.jpeg.webp\",\"width\":1600,\"height\":739},{\"@type\":\"BreadcrumbList\",\"@id\":\"https:\/\/www.latitude-15.com\/fr\/antilles-guyane-cciag-cooperer-pour-une-logistique-regionale-integree\/#breadcrumb\",\"itemListElement\":[{\"@type\":\"ListItem\",\"position\":1,\"name\":\"Home\",\"item\":\"https:\/\/www.latitude-15.com\/fr\/accueil\/\"},{\"@type\":\"ListItem\",\"position\":2,\"name\":\"Antilles-Guyane \u2013 CCIAG : coop\u00e9rer pour une logistique r\u00e9gionale int\u00e9gr\u00e9e\"}]},{\"@type\":\"WebSite\",\"@id\":\"https:\/\/www.latitude-15.com\/fr\/#website\",\"url\":\"https:\/\/www.latitude-15.com\/fr\/\",\"name\":\"LATITUDE 15\",\"description\":\"Aviation and maritime Magazine - Caribbean &amp; Latin America\",\"publisher\":{\"@id\":\"https:\/\/www.latitude-15.com\/fr\/#organization\"},\"potentialAction\":[{\"@type\":\"SearchAction\",\"target\":{\"@type\":\"EntryPoint\",\"urlTemplate\":\"https:\/\/www.latitude-15.com\/fr\/?s={search_term_string}\"},\"query-input\":{\"@type\":\"PropertyValueSpecification\",\"valueRequired\":true,\"valueName\":\"search_term_string\"}}],\"inLanguage\":\"fr-FR\"},{\"@type\":\"Organization\",\"@id\":\"https:\/\/www.latitude-15.com\/fr\/#organization\",\"name\":\"LATITUDE 15\",\"url\":\"https:\/\/www.latitude-15.com\/fr\/\",\"logo\":{\"@type\":\"ImageObject\",\"inLanguage\":\"fr-FR\",\"@id\":\"https:\/\/www.latitude-15.com\/fr\/#\/schema\/logo\/image\/\",\"url\":\"https:\/\/www.latitude-15.com\/wp-content\/uploads\/2026\/01\/cropped-logox500px.png\",\"contentUrl\":\"https:\/\/www.latitude-15.com\/wp-content\/uploads\/2026\/01\/cropped-logox500px.png\",\"width\":62,\"height\":75,\"caption\":\"LATITUDE 15\"},\"image\":{\"@id\":\"https:\/\/www.latitude-15.com\/fr\/#\/schema\/logo\/image\/\"}},{\"@type\":\"Person\",\"@id\":\"https:\/\/www.latitude-15.com\/fr\/#\/schema\/person\/2a70943507771992ce3316849aa93bdd\",\"name\":\"sabrinalat15\",\"image\":{\"@type\":\"ImageObject\",\"inLanguage\":\"fr-FR\",\"@id\":\"https:\/\/www.latitude-15.com\/fr\/#\/schema\/person\/image\/\",\"url\":\"https:\/\/secure.gravatar.com\/avatar\/91f5e11872ca6128d75f7bbde22cc384ad142a113b81c554ed87d6d9762f8813?s=96&d=mm&r=g\",\"contentUrl\":\"https:\/\/secure.gravatar.com\/avatar\/91f5e11872ca6128d75f7bbde22cc384ad142a113b81c554ed87d6d9762f8813?s=96&d=mm&r=g\",\"caption\":\"sabrinalat15\"},\"sameAs\":[\"https:\/\/www.latitude-15.com\"],\"url\":\"https:\/\/www.latitude-15.com\/fr\/author\/sabrinalat15\/\"}]}<\/script>\n<!-- \/ Yoast SEO plugin. -->","yoast_head_json":{"title":"Antilles-Guyane \u2013 CCIAG : coop\u00e9rer pour une logistique r\u00e9gionale int\u00e9gr\u00e9e - LATITUDE 15","robots":{"index":"index","follow":"follow","max-snippet":"max-snippet:-1","max-image-preview":"max-image-preview:large","max-video-preview":"max-video-preview:-1"},"canonical":"https:\/\/www.latitude-15.com\/fr\/antilles-guyane-cciag-cooperer-pour-une-logistique-regionale-integree\/","og_locale":"fr_FR","og_type":"article","og_title":"Antilles-Guyane \u2013 CCIAG : coop\u00e9rer pour une logistique r\u00e9gionale int\u00e9gr\u00e9e - LATITUDE 15","og_description":"Le Conseil de Coordination Interportuaire Antilles-Guyane (CCIAG) s\u2019est r\u00e9uni le 12 d\u00e9cembre 2025 \u00e0 l\u2019Habitation Le PALM en Martinique. Ce rendez-vous annuel, pr\u00e9vu par le Code des transports, est devenu un levier majeur de gouvernance interterritoriale entre la Guadeloupe, la Martinique et la Guyane. Port\u00e9 par l\u2019\u00c9tat et les trois Grands Ports Maritimes, le CCIAG [&hellip;]","og_url":"https:\/\/www.latitude-15.com\/fr\/antilles-guyane-cciag-cooperer-pour-une-logistique-regionale-integree\/","og_site_name":"LATITUDE 15","article_published_time":"2025-12-15T05:46:27+00:00","article_modified_time":"2026-02-04T04:06:34+00:00","og_image":[{"width":1600,"height":739,"url":"https:\/\/www.latitude-15.com\/wp-content\/uploads\/2026\/01\/WhatsApp-Image-2025-12-13-at-08.51.16.jpeg.webp","type":"image\/webp"}],"author":"sabrinalat15","twitter_card":"summary_large_image","twitter_misc":{"\u00c9crit par":"sabrinalat15","Dur\u00e9e de lecture estim\u00e9e":"5 minutes"},"schema":{"@context":"https:\/\/schema.org","@graph":[{"@type":"Article","@id":"https:\/\/www.latitude-15.com\/fr\/antilles-guyane-cciag-cooperer-pour-une-logistique-regionale-integree\/#article","isPartOf":{"@id":"https:\/\/www.latitude-15.com\/fr\/antilles-guyane-cciag-cooperer-pour-une-logistique-regionale-integree\/"},"author":{"name":"sabrinalat15","@id":"https:\/\/www.latitude-15.com\/fr\/#\/schema\/person\/2a70943507771992ce3316849aa93bdd"},"headline":"Antilles-Guyane \u2013 CCIAG : coop\u00e9rer pour une logistique r\u00e9gionale int\u00e9gr\u00e9e","datePublished":"2025-12-15T05:46:27+00:00","dateModified":"2026-02-04T04:06:34+00:00","mainEntityOfPage":{"@id":"https:\/\/www.latitude-15.com\/fr\/antilles-guyane-cciag-cooperer-pour-une-logistique-regionale-integree\/"},"wordCount":953,"commentCount":0,"publisher":{"@id":"https:\/\/www.latitude-15.com\/fr\/#organization"},"image":{"@id":"https:\/\/www.latitude-15.com\/fr\/antilles-guyane-cciag-cooperer-pour-une-logistique-regionale-integree\/#primaryimage"},"thumbnailUrl":"https:\/\/www.latitude-15.com\/wp-content\/uploads\/2026\/01\/WhatsApp-Image-2025-12-13-at-08.51.16.jpeg.webp","articleSection":["Connectivit\u00e9 maritime &amp; mobilit\u00e9","\u00c9conomie bleue et durabilit\u00e9","MARITIME"],"inLanguage":"fr-FR","potentialAction":[{"@type":"CommentAction","name":"Comment","target":["https:\/\/www.latitude-15.com\/fr\/antilles-guyane-cciag-cooperer-pour-une-logistique-regionale-integree\/#respond"]}]},{"@type":"WebPage","@id":"https:\/\/www.latitude-15.com\/fr\/antilles-guyane-cciag-cooperer-pour-une-logistique-regionale-integree\/","url":"https:\/\/www.latitude-15.com\/fr\/antilles-guyane-cciag-cooperer-pour-une-logistique-regionale-integree\/","name":"Antilles-Guyane \u2013 CCIAG : coop\u00e9rer pour une logistique r\u00e9gionale int\u00e9gr\u00e9e - LATITUDE 15","isPartOf":{"@id":"https:\/\/www.latitude-15.com\/fr\/#website"},"primaryImageOfPage":{"@id":"https:\/\/www.latitude-15.com\/fr\/antilles-guyane-cciag-cooperer-pour-une-logistique-regionale-integree\/#primaryimage"},"image":{"@id":"https:\/\/www.latitude-15.com\/fr\/antilles-guyane-cciag-cooperer-pour-une-logistique-regionale-integree\/#primaryimage"},"thumbnailUrl":"https:\/\/www.latitude-15.com\/wp-content\/uploads\/2026\/01\/WhatsApp-Image-2025-12-13-at-08.51.16.jpeg.webp","datePublished":"2025-12-15T05:46:27+00:00","dateModified":"2026-02-04T04:06:34+00:00","breadcrumb":{"@id":"https:\/\/www.latitude-15.com\/fr\/antilles-guyane-cciag-cooperer-pour-une-logistique-regionale-integree\/#breadcrumb"},"inLanguage":"fr-FR","potentialAction":[{"@type":"ReadAction","target":["https:\/\/www.latitude-15.com\/fr\/antilles-guyane-cciag-cooperer-pour-une-logistique-regionale-integree\/"]}]},{"@type":"ImageObject","inLanguage":"fr-FR","@id":"https:\/\/www.latitude-15.com\/fr\/antilles-guyane-cciag-cooperer-pour-une-logistique-regionale-integree\/#primaryimage","url":"https:\/\/www.latitude-15.com\/wp-content\/uploads\/2026\/01\/WhatsApp-Image-2025-12-13-at-08.51.16.jpeg.webp","contentUrl":"https:\/\/www.latitude-15.com\/wp-content\/uploads\/2026\/01\/WhatsApp-Image-2025-12-13-at-08.51.16.jpeg.webp","width":1600,"height":739},{"@type":"BreadcrumbList","@id":"https:\/\/www.latitude-15.com\/fr\/antilles-guyane-cciag-cooperer-pour-une-logistique-regionale-integree\/#breadcrumb","itemListElement":[{"@type":"ListItem","position":1,"name":"Home","item":"https:\/\/www.latitude-15.com\/fr\/accueil\/"},{"@type":"ListItem","position":2,"name":"Antilles-Guyane \u2013 CCIAG : coop\u00e9rer pour une logistique r\u00e9gionale int\u00e9gr\u00e9e"}]},{"@type":"WebSite","@id":"https:\/\/www.latitude-15.com\/fr\/#website","url":"https:\/\/www.latitude-15.com\/fr\/","name":"LATITUDE 15","description":"Aviation and maritime Magazine - Caribbean &amp; Latin America","publisher":{"@id":"https:\/\/www.latitude-15.com\/fr\/#organization"},"potentialAction":[{"@type":"SearchAction","target":{"@type":"EntryPoint","urlTemplate":"https:\/\/www.latitude-15.com\/fr\/?s={search_term_string}"},"query-input":{"@type":"PropertyValueSpecification","valueRequired":true,"valueName":"search_term_string"}}],"inLanguage":"fr-FR"},{"@type":"Organization","@id":"https:\/\/www.latitude-15.com\/fr\/#organization","name":"LATITUDE 15","url":"https:\/\/www.latitude-15.com\/fr\/","logo":{"@type":"ImageObject","inLanguage":"fr-FR","@id":"https:\/\/www.latitude-15.com\/fr\/#\/schema\/logo\/image\/","url":"https:\/\/www.latitude-15.com\/wp-content\/uploads\/2026\/01\/cropped-logox500px.png","contentUrl":"https:\/\/www.latitude-15.com\/wp-content\/uploads\/2026\/01\/cropped-logox500px.png","width":62,"height":75,"caption":"LATITUDE 15"},"image":{"@id":"https:\/\/www.latitude-15.com\/fr\/#\/schema\/logo\/image\/"}},{"@type":"Person","@id":"https:\/\/www.latitude-15.com\/fr\/#\/schema\/person\/2a70943507771992ce3316849aa93bdd","name":"sabrinalat15","image":{"@type":"ImageObject","inLanguage":"fr-FR","@id":"https:\/\/www.latitude-15.com\/fr\/#\/schema\/person\/image\/","url":"https:\/\/secure.gravatar.com\/avatar\/91f5e11872ca6128d75f7bbde22cc384ad142a113b81c554ed87d6d9762f8813?s=96&d=mm&r=g","contentUrl":"https:\/\/secure.gravatar.com\/avatar\/91f5e11872ca6128d75f7bbde22cc384ad142a113b81c554ed87d6d9762f8813?s=96&d=mm&r=g","caption":"sabrinalat15"},"sameAs":["https:\/\/www.latitude-15.com"],"url":"https:\/\/www.latitude-15.com\/fr\/author\/sabrinalat15\/"}]}},"_links":{"self":[{"href":"https:\/\/www.latitude-15.com\/fr\/wp-json\/wp\/v2\/posts\/19631","targetHints":{"allow":["GET"]}}],"collection":[{"href":"https:\/\/www.latitude-15.com\/fr\/wp-json\/wp\/v2\/posts"}],"about":[{"href":"https:\/\/www.latitude-15.com\/fr\/wp-json\/wp\/v2\/types\/post"}],"author":[{"embeddable":true,"href":"https:\/\/www.latitude-15.com\/fr\/wp-json\/wp\/v2\/users\/1"}],"replies":[{"embeddable":true,"href":"https:\/\/www.latitude-15.com\/fr\/wp-json\/wp\/v2\/comments?post=19631"}],"version-history":[{"count":3,"href":"https:\/\/www.latitude-15.com\/fr\/wp-json\/wp\/v2\/posts\/19631\/revisions"}],"predecessor-version":[{"id":19634,"href":"https:\/\/www.latitude-15.com\/fr\/wp-json\/wp\/v2\/posts\/19631\/revisions\/19634"}],"wp:featuredmedia":[{"embeddable":true,"href":"https:\/\/www.latitude-15.com\/fr\/wp-json\/wp\/v2\/media\/19629"}],"wp:attachment":[{"href":"https:\/\/www.latitude-15.com\/fr\/wp-json\/wp\/v2\/media?parent=19631"}],"wp:term":[{"taxonomy":"category","embeddable":true,"href":"https:\/\/www.latitude-15.com\/fr\/wp-json\/wp\/v2\/categories?post=19631"},{"taxonomy":"post_tag","embeddable":true,"href":"https:\/\/www.latitude-15.com\/fr\/wp-json\/wp\/v2\/tags?post=19631"}],"curies":[{"name":"wp","href":"https:\/\/api.w.org\/{rel}","templated":true}]}}