{"id":19614,"date":"2025-12-16T00:39:35","date_gmt":"2025-12-16T04:39:35","guid":{"rendered":"https:\/\/www.latitude-15.com\/2025\/12\/16\/martinique-bordeaux-et-fort-de-france-relies-par-un-pont-aerien-direct-avec-corsair\/"},"modified":"2026-02-03T23:51:36","modified_gmt":"2026-02-04T03:51:36","slug":"martinique-bordeaux-et-fort-de-france-relies-par-un-pont-aerien-direct-avec-corsair","status":"publish","type":"post","link":"https:\/\/www.latitude-15.com\/fr\/martinique-bordeaux-et-fort-de-france-relies-par-un-pont-aerien-direct-avec-corsair\/","title":{"rendered":"Martinique : Bordeaux et Fort-de-France reli\u00e9s par un pont a\u00e9rien direct avec CORSAIR"},"content":{"rendered":"\t\t<div data-elementor-type=\"wp-post\" data-elementor-id=\"19614\" class=\"elementor elementor-19614 elementor-343\" data-elementor-post-type=\"post\">\n\t\t\t\t<div class=\"elementor-element elementor-element-ef47272 e-flex e-con-boxed e-con e-parent\" data-id=\"ef47272\" data-element_type=\"container\">\n\t\t\t\t\t<div class=\"e-con-inner\">\n\t\t\t\t<div class=\"elementor-element elementor-element-c73c348 elementor-widget elementor-widget-text-editor\" data-id=\"c73c348\" data-element_type=\"widget\" data-widget_type=\"text-editor.default\">\n\t\t\t\t\t\t\t\t\t<section class=\"elementor-section elementor-top-section elementor-element elementor-element-ee72354 elementor-section-boxed elementor-section-height-default elementor-section-height-default\" data-id=\"ee72354\" data-element_type=\"section\"><div class=\"elementor-container elementor-column-gap-default\"><div class=\"elementor-column elementor-col-100 elementor-top-column elementor-element elementor-element-c59d6fe\" data-id=\"c59d6fe\" data-element_type=\"column\"><div class=\"elementor-widget-wrap elementor-element-populated\"><div class=\"elementor-element elementor-element-c6d4f26 elementor-widget elementor-widget-text-editor\" data-id=\"c6d4f26\" data-element_type=\"widget\" data-widget_type=\"text-editor.default\"><div class=\"elementor-widget-container\"><p><b>Le 15 d\u00e9cembre 2025, l\u2019a\u00e9roport Aim\u00e9-C\u00e9saire a accueilli le premier vol direct Bordeaux \u2013 Fort-de-France, op\u00e9r\u00e9 par CORSAIR. Cette nouvelle liaison marque un tournant strat\u00e9gique pour la connectivit\u00e9 de la Martinique et l\u2019accessibilit\u00e9 de la Cara\u00efbe depuis le Sud-Ouest fran\u00e7ais. <\/b><\/p><\/div><\/div><\/div><\/div><\/div><\/section><section class=\"elementor-section elementor-top-section elementor-element elementor-element-82cd8f9 elementor-section-boxed elementor-section-height-default elementor-section-height-default\" data-id=\"82cd8f9\" data-element_type=\"section\"><div class=\"elementor-container elementor-column-gap-default\"><div class=\"elementor-column elementor-col-100 elementor-top-column elementor-element elementor-element-0bfdc38\" data-id=\"0bfdc38\" data-element_type=\"column\"><div class=\"elementor-widget-wrap elementor-element-populated\"><div class=\"elementor-element elementor-element-7d292fe elementor-widget elementor-widget-heading\" data-id=\"7d292fe\" data-element_type=\"widget\" data-widget_type=\"heading.default\"><div class=\"elementor-widget-container\"><h2 class=\"elementor-heading-title elementor-size-default\">Un partenariat tripartite au service de l&rsquo;attractivit\u00e9 territoriale<\/h2><\/div><\/div><section class=\"elementor-section elementor-inner-section elementor-element elementor-element-14e03c4 elementor-section-boxed elementor-section-height-default elementor-section-height-default\" data-id=\"14e03c4\" data-element_type=\"section\"><div class=\"elementor-container elementor-column-gap-default\"><div class=\"elementor-column elementor-col-100 elementor-inner-column elementor-element elementor-element-2909308\" data-id=\"2909308\" data-element_type=\"column\"><div class=\"elementor-widget-wrap elementor-element-populated\"><div class=\"elementor-element elementor-element-8e337bf elementor-widget elementor-widget-text-editor\" data-id=\"8e337bf\" data-element_type=\"widget\" data-widget_type=\"text-editor.default\"><div class=\"elementor-widget-container\"><p>L\u2019arriv\u00e9e de ce vol inaugural \u00e0 17h47 n\u2019est pas le fruit du hasard. Elle r\u00e9sulte d\u2019un travail collaboratif men\u00e9 pendant plusieurs mois entre trois acteurs cl\u00e9s : <a href=\"https:\/\/www.martinique.aeroport.fr\/informations-generales\/la-societe-aeroport-martinique-aime-cesaire\/\" target=\"_blank\" rel=\"noopener nofollow\">la Soci\u00e9t\u00e9 A\u00e9roport Martinique Aim\u00e9 C\u00e9saire (SAMAC),<\/a> la compagnie <a href=\"https:\/\/www.flycorsair.com\/fr\" target=\"_blank\" rel=\"noopener nofollow\">CORSAIR<\/a> et le <a href=\"https:\/\/www.martinique.org\/fr\/liens-utiles\/comite-martiniquais-du-tourisme\" target=\"_blank\" rel=\"noopener nofollow\">Comit\u00e9 Martiniquais du Tourisme (CMT).<\/a> <\/p><p>Nathalie S\u00e9bastien, pr\u00e9sidente du Directoire de la SAMAC, salue cette dynamique collective : \u201cIl s\u2019agit de vendre un territoire, de vendre une destination. Et \u00e7a, ce n\u2019est possible qu\u2019avec le partenariat d\u2019une compagnie a\u00e9rienne et du Comit\u00e9 du Tourisme.\u201d Pour elle, cette liaison incarne une vision claire : ouvrir le ciel de la Martinique \u00e0 la province fran\u00e7aise, au-del\u00e0 des traditionnelles portes d\u2019entr\u00e9e parisiennes que sont Orly et Charles de Gaulle. <\/p><\/div><\/div><div class=\"elementor-element elementor-element-5396e07 elementor-widget elementor-widget-image\" data-id=\"5396e07\" data-element_type=\"widget\" data-widget_type=\"image.default\"><div class=\"elementor-widget-container\"><figure class=\"wp-caption\"><picture class=\"attachment-large size-large wp-image-66782\"><source srcset=\"https:\/\/richeskarayib.com\/wp-content\/uploads\/2025\/12\/Nathalie-Sebastien-1024x1024.png.webp 1024w, https:\/\/richeskarayib.com\/wp-content\/uploads\/2025\/12\/Nathalie-Sebastien-300x300.png.webp 300w, https:\/\/richeskarayib.com\/wp-content\/uploads\/2025\/12\/Nathalie-Sebastien-150x150.png.webp 150w, https:\/\/richeskarayib.com\/wp-content\/uploads\/2025\/12\/Nathalie-Sebastien-768x768.png.webp 768w, https:\/\/richeskarayib.com\/wp-content\/uploads\/2025\/12\/Nathalie-Sebastien.png.webp 1080w\" type=\"image\/webp\" sizes=\"(max-width: 800px) 100vw, 800px\"><\/source><img fetchpriority=\"high\" decoding=\"async\" src=\"https:\/\/richeskarayib.com\/wp-content\/uploads\/2025\/12\/Nathalie-Sebastien-1024x1024.png\" sizes=\"(max-width: 800px) 100vw, 800px\" srcset=\"https:\/\/richeskarayib.com\/wp-content\/uploads\/2025\/12\/Nathalie-Sebastien-1024x1024.png 1024w, https:\/\/richeskarayib.com\/wp-content\/uploads\/2025\/12\/Nathalie-Sebastien-300x300.png 300w, https:\/\/richeskarayib.com\/wp-content\/uploads\/2025\/12\/Nathalie-Sebastien-150x150.png 150w, https:\/\/richeskarayib.com\/wp-content\/uploads\/2025\/12\/Nathalie-Sebastien-768x768.png 768w, https:\/\/richeskarayib.com\/wp-content\/uploads\/2025\/12\/Nathalie-Sebastien.png 1080w\" alt=\"CORSAIR\" width=\"800\" height=\"800\"><\/picture><figcaption class=\"widget-image-caption wp-caption-text\">Nathalie Se\u0301bastien<\/figcaption><\/figure><\/div><\/div><\/div><\/div><\/div><\/section><section class=\"elementor-section elementor-inner-section elementor-element elementor-element-a782075 elementor-section-boxed elementor-section-height-default elementor-section-height-default\" data-id=\"a782075\" data-element_type=\"section\"><div class=\"elementor-container elementor-column-gap-default\"><div class=\"elementor-column elementor-col-100 elementor-inner-column elementor-element elementor-element-ccbce37\" data-id=\"ccbce37\" data-element_type=\"column\"><div class=\"elementor-widget-wrap elementor-element-populated\"><div class=\"elementor-element elementor-element-deb7adb elementor-widget elementor-widget-text-editor\" data-id=\"deb7adb\" data-element_type=\"widget\" data-widget_type=\"text-editor.default\"><div class=\"elementor-widget-container\"><p>La pr\u00e9sidente souligne les liens historiques, \u00e9conomiques et universitaires qui unissent Bordeaux et la Martinique. \u201cC\u2019est la possibilit\u00e9 pour cette communaut\u00e9 martiniquaise install\u00e9e \u00e0 Bordeaux de revenir plus souvent et plus ais\u00e9ment en Martinique, et vice versa\u201d, explique-t-elle. Mais au-del\u00e0 de la diaspora, c\u2019est toute la r\u00e9gion Sud-Ouest qui peut d\u00e9sormais acc\u00e9der \u00e0 la Martinique sans rupture de charge, sans obligatoirement transiter par Paris.  <\/p><p>Marie-Ange Ravin, administratrice du CMT et repr\u00e9sentante de la pr\u00e9sidente B\u00e9n\u00e9dicte Di Geronimo, insiste sur la dimension strat\u00e9gique de cette ouverture : \u201cLe d\u00e9veloppement des flux en provenance de la province constitue un axe strat\u00e9gique majeur pour le Comit\u00e9 Martiniquais du Tourisme. Longtemps concentr\u00e9e sur la desserte parisienne, l\u2019accessibilit\u00e9 de la Martinique s\u2019\u00e9largit aujourd\u2019hui vers des bassins \u00e9metteurs \u00e0 fort potentiel.\u201d<\/p><\/div><\/div><\/div><\/div><\/div><\/section><section class=\"elementor-section elementor-inner-section elementor-element elementor-element-16c1775 elementor-section-boxed elementor-section-height-default elementor-section-height-default\" data-id=\"16c1775\" data-element_type=\"section\"><div class=\"elementor-container elementor-column-gap-default\"><div class=\"elementor-column elementor-col-100 elementor-inner-column elementor-element elementor-element-84a3cd9\" data-id=\"84a3cd9\" data-element_type=\"column\"><div class=\"elementor-widget-wrap elementor-element-populated\"><div class=\"elementor-element elementor-element-faa333c elementor-widget elementor-widget-image\" data-id=\"faa333c\" data-element_type=\"widget\" data-widget_type=\"image.default\"><div class=\"elementor-widget-container\"><figure class=\"wp-caption\"><picture class=\"attachment-large size-large wp-image-66786\"><source data-srcset=\"https:\/\/richeskarayib.com\/wp-content\/uploads\/2025\/12\/Marie-Ange-Ravin-1024x1024.png.webp 1024w, https:\/\/richeskarayib.com\/wp-content\/uploads\/2025\/12\/Marie-Ange-Ravin-300x300.png.webp 300w, https:\/\/richeskarayib.com\/wp-content\/uploads\/2025\/12\/Marie-Ange-Ravin-150x150.png.webp 150w, https:\/\/richeskarayib.com\/wp-content\/uploads\/2025\/12\/Marie-Ange-Ravin-768x768.png.webp 768w, https:\/\/richeskarayib.com\/wp-content\/uploads\/2025\/12\/Marie-Ange-Ravin.png.webp 1080w\" type=\"image\/webp\" data-sizes=\"(max-width: 800px) 100vw, 800px\"><\/source><img decoding=\"async\" data-src=\"https:\/\/richeskarayib.com\/wp-content\/uploads\/2025\/12\/Marie-Ange-Ravin-1024x1024.png\" data-sizes=\"(max-width: 800px) 100vw, 800px\" data-srcset=\"https:\/\/richeskarayib.com\/wp-content\/uploads\/2025\/12\/Marie-Ange-Ravin-1024x1024.png 1024w, https:\/\/richeskarayib.com\/wp-content\/uploads\/2025\/12\/Marie-Ange-Ravin-300x300.png 300w, https:\/\/richeskarayib.com\/wp-content\/uploads\/2025\/12\/Marie-Ange-Ravin-150x150.png 150w, https:\/\/richeskarayib.com\/wp-content\/uploads\/2025\/12\/Marie-Ange-Ravin-768x768.png 768w, https:\/\/richeskarayib.com\/wp-content\/uploads\/2025\/12\/Marie-Ange-Ravin.png 1080w\" alt=\"CORSAIR\" width=\"800\" height=\"800\" src=\"data:image\/svg+xml;base64,PHN2ZyB3aWR0aD0iMSIgaGVpZ2h0PSIxIiB4bWxucz0iaHR0cDovL3d3dy53My5vcmcvMjAwMC9zdmciPjwvc3ZnPg==\" class=\"lazyload\" style=\"--smush-placeholder-width: 800px; --smush-placeholder-aspect-ratio: 800\/800;\"><\/picture><figcaption class=\"widget-image-caption wp-caption-text\">Marie-Ange Ravin<\/figcaption><\/figure><\/div><\/div><\/div><\/div><\/div><\/section><section class=\"elementor-section elementor-inner-section elementor-element elementor-element-c582330 elementor-section-boxed elementor-section-height-default elementor-section-height-default\" data-id=\"c582330\" data-element_type=\"section\"><div class=\"elementor-container elementor-column-gap-default\"> <\/div><\/section><section class=\"elementor-section elementor-inner-section elementor-element elementor-element-296603a elementor-section-boxed elementor-section-height-default elementor-section-height-default\" data-id=\"296603a\" data-element_type=\"section\"><div class=\"elementor-container elementor-column-gap-default\"> <\/div><\/section><\/div><\/div><\/div><\/section><section class=\"elementor-section elementor-top-section elementor-element elementor-element-5a7397d elementor-section-boxed elementor-section-height-default elementor-section-height-default\" data-id=\"5a7397d\" data-element_type=\"section\"><div class=\"elementor-container elementor-column-gap-default\"><div class=\"elementor-column elementor-col-100 elementor-top-column elementor-element elementor-element-8b33b4b\" data-id=\"8b33b4b\" data-element_type=\"column\"><div class=\"elementor-widget-wrap elementor-element-populated\"><div class=\"elementor-element elementor-element-89dac4b elementor-widget elementor-widget-heading\" data-id=\"89dac4b\" data-element_type=\"widget\" data-widget_type=\"heading.default\"><div class=\"elementor-widget-container\"><h2 class=\"elementor-heading-title elementor-size-default\">Une ligne pens\u00e9e pour la mobilit\u00e9 et le d\u00e9senclavement<\/h2><\/div><\/div><section class=\"elementor-section elementor-inner-section elementor-element elementor-element-bca788d elementor-section-boxed elementor-section-height-default elementor-section-height-default\" data-id=\"bca788d\" data-element_type=\"section\"><div class=\"elementor-container elementor-column-gap-default\"><div class=\"elementor-column elementor-col-50 elementor-inner-column elementor-element elementor-element-562cd2b\" data-id=\"562cd2b\" data-element_type=\"column\"><div class=\"elementor-widget-wrap elementor-element-populated\"><div class=\"elementor-element elementor-element-43a45ac elementor-widget elementor-widget-text-editor\" data-id=\"43a45ac\" data-element_type=\"widget\" data-widget_type=\"text-editor.default\"><div class=\"elementor-widget-container\"><p>Chaque lundi, du 15 d\u00e9cembre 2025 au 20 avril 2026, <a href=\"https:\/\/richeskarayib.com\/corsair-connects-pointe-a-pitre-to-nantes-post\/\" target=\"_blank\" rel=\"noopener\">CORSAIR<\/a> op\u00e9rera cette liaison saisonni\u00e8re en p\u00e9riode de haute saison. Le choix du jour et des cr\u00e9neaux horaires n\u2019a rien d\u2019anodin. Comme le pr\u00e9cise Nathalie S\u00e9bastien, \u201cs\u2019accorder sur le choix du jour et sur les cr\u00e9neaux horaires, c\u2019est important, car \u00e7a va avoir un impact sur l\u2019exp\u00e9rience v\u00e9cue par les voyageurs.\u201d L\u2019objectif : faciliter les d\u00e9placements d\u2019une semaine compl\u00e8te, dans un cr\u00e9neau o\u00f9 l\u2019a\u00e9roport martiniquais est fortement sollicit\u00e9.   <\/p><\/div><\/div><div class=\"elementor-element elementor-element-ff8c81b elementor-widget elementor-widget-text-editor\" data-id=\"ff8c81b\" data-element_type=\"widget\" data-widget_type=\"text-editor.default\"><div class=\"elementor-widget-container\"><p>Eddy Luce, directeur r\u00e9gional Antilles de CORSAIR, confirme cette approche strat\u00e9gique : \u201cPour nous, c\u2019est un signal fort adress\u00e9 aux Martiniquais. CORSAIR continue d\u2019investir dans les territoires ultramarins pour renforcer l\u2019accessibilit\u00e9 de l\u2019\u00eele et la connecter durablement aux grandes r\u00e9gions fran\u00e7aises.\u201d La compagnie est aujourd\u2019hui la seule \u00e0 proposer des vols directs de province vers la Martinique, avec Bordeaux et Nantes au d\u00e9part de Pointe-\u00e0-Pitre. <\/p><p>Cette liaison r\u00e9pond \u00e0 une demande forte. Les taux de remplissage sont excellents depuis l\u2019ouverture de la vente en mars 2025. \u201cSi vous souhaitez vous rendre sur Bordeaux, je vous invite \u00e0 prendre tout de suite votre billet d\u2019avion, car les places vont \u00eatre un peu contraintes\u201d, pr\u00e9vient Eddy Luce avec le sourire.  <\/p><\/div><\/div><\/div><\/div><div class=\"elementor-column elementor-col-50 elementor-inner-column elementor-element elementor-element-aace581\" data-id=\"aace581\" data-element_type=\"column\"><div class=\"elementor-widget-wrap elementor-element-populated\"><div class=\"elementor-element elementor-element-f94de4d elementor-widget elementor-widget-image\" data-id=\"f94de4d\" data-element_type=\"widget\" data-widget_type=\"image.default\"><div class=\"elementor-widget-container\"><figure class=\"wp-caption\"><picture class=\"attachment-large size-large wp-image-66790\"><source data-srcset=\"https:\/\/richeskarayib.com\/wp-content\/uploads\/2025\/12\/Eddy-Luce--1024x1024.png.webp 1024w, https:\/\/richeskarayib.com\/wp-content\/uploads\/2025\/12\/Eddy-Luce--300x300.png.webp 300w, https:\/\/richeskarayib.com\/wp-content\/uploads\/2025\/12\/Eddy-Luce--150x150.png.webp 150w, https:\/\/richeskarayib.com\/wp-content\/uploads\/2025\/12\/Eddy-Luce--768x768.png.webp 768w, https:\/\/richeskarayib.com\/wp-content\/uploads\/2025\/12\/Eddy-Luce-.png.webp 1080w\" type=\"image\/webp\" data-sizes=\"(max-width: 800px) 100vw, 800px\"><\/source><img decoding=\"async\" data-src=\"https:\/\/richeskarayib.com\/wp-content\/uploads\/2025\/12\/Eddy-Luce--1024x1024.png\" data-sizes=\"(max-width: 800px) 100vw, 800px\" data-srcset=\"https:\/\/richeskarayib.com\/wp-content\/uploads\/2025\/12\/Eddy-Luce--1024x1024.png 1024w, https:\/\/richeskarayib.com\/wp-content\/uploads\/2025\/12\/Eddy-Luce--300x300.png 300w, https:\/\/richeskarayib.com\/wp-content\/uploads\/2025\/12\/Eddy-Luce--150x150.png 150w, https:\/\/richeskarayib.com\/wp-content\/uploads\/2025\/12\/Eddy-Luce--768x768.png 768w, https:\/\/richeskarayib.com\/wp-content\/uploads\/2025\/12\/Eddy-Luce-.png 1080w\" alt=\"CORSAIR\" width=\"800\" height=\"800\" src=\"data:image\/svg+xml;base64,PHN2ZyB3aWR0aD0iMSIgaGVpZ2h0PSIxIiB4bWxucz0iaHR0cDovL3d3dy53My5vcmcvMjAwMC9zdmciPjwvc3ZnPg==\" class=\"lazyload\" style=\"--smush-placeholder-width: 800px; --smush-placeholder-aspect-ratio: 800\/800;\"><\/picture><figcaption class=\"widget-image-caption wp-caption-text\">Eddy Luce<\/figcaption><\/figure><\/div><\/div><\/div><\/div><\/div><\/section><\/div><\/div><\/div><\/section><section class=\"elementor-section elementor-top-section elementor-element elementor-element-ceca32c elementor-section-boxed elementor-section-height-default elementor-section-height-default\" data-id=\"ceca32c\" data-element_type=\"section\"><div class=\"elementor-container elementor-column-gap-default\"><div class=\"elementor-column elementor-col-100 elementor-top-column elementor-element elementor-element-5a2e383\" data-id=\"5a2e383\" data-element_type=\"column\"><div class=\"elementor-widget-wrap elementor-element-populated\"><div class=\"elementor-element elementor-element-6cedf5f elementor-widget elementor-widget-heading\" data-id=\"6cedf5f\" data-element_type=\"widget\" data-widget_type=\"heading.default\"><div class=\"elementor-widget-container\"><h2 class=\"elementor-heading-title elementor-size-default\">Une flotte moderne au service d&rsquo;un tourisme durable<\/h2><\/div><\/div><section class=\"elementor-section elementor-inner-section elementor-element elementor-element-bc0026a elementor-section-boxed elementor-section-height-default elementor-section-height-default\" data-id=\"bc0026a\" data-element_type=\"section\"><div class=\"elementor-container elementor-column-gap-default\"><div class=\"elementor-column elementor-col-100 elementor-inner-column elementor-element elementor-element-420059a\" data-id=\"420059a\" data-element_type=\"column\"><div class=\"elementor-widget-wrap elementor-element-populated\"><div class=\"elementor-element elementor-element-99bfa51 elementor-widget elementor-widget-text-editor\" data-id=\"99bfa51\" data-element_type=\"widget\" data-widget_type=\"text-editor.default\"><div class=\"elementor-widget-container\"><p>CORSAIR a fait le choix d\u2019op\u00e9rer cette ligne avec sa flotte la plus moderne : les Airbus A330 Neo, qui repr\u00e9sentent d\u00e9sormais 100% de ses op\u00e9rations long-courrier. Ces appareils de derni\u00e8re g\u00e9n\u00e9ration offrent un double avantage : un confort accru pour les passagers et une empreinte environnementale r\u00e9duite. <\/p><p>\u201cLeur technologie permet de r\u00e9duire de 25% les \u00e9missions de CO\u2082 par si\u00e8ge et de 60% l\u2019empreinte sonore\u201d, d\u00e9taille Eddy Luce. Pour la compagnie, c\u2019est une mani\u00e8re concr\u00e8te de contribuer \u00e0 un transport a\u00e9rien plus durable tout en maintenant des liaisons essentielles. Avec une flotte dont l\u2019\u00e2ge moyen est de deux ans, CORSAIR dispose de la flotte la plus jeune du march\u00e9 dans sa cat\u00e9gorie.  <\/p><\/div><\/div><\/div><\/div><\/div><\/section><section class=\"elementor-section elementor-inner-section elementor-element elementor-element-d698f4e elementor-section-boxed elementor-section-height-default elementor-section-height-default\" data-id=\"d698f4e\" data-element_type=\"section\"><div class=\"elementor-container elementor-column-gap-default\"><div class=\"elementor-column elementor-col-100 elementor-inner-column elementor-element elementor-element-e22c4f6\" data-id=\"e22c4f6\" data-element_type=\"column\"><div class=\"elementor-widget-wrap elementor-element-populated\"><div class=\"elementor-element elementor-element-aa24be8 elementor-widget elementor-widget-text-editor\" data-id=\"aa24be8\" data-element_type=\"widget\" data-widget_type=\"text-editor.default\"><div class=\"elementor-widget-container\"><p>Cette mont\u00e9e en gamme se traduit \u00e9galement par une exp\u00e9rience passager premium. La compagnie a \u00e9t\u00e9 r\u00e9compens\u00e9e deux ann\u00e9es cons\u00e9cutives par Skytrax en tant que meilleure compagnie a\u00e9rienne loisir, en 2024 et 2025. \u201cNotre ambition est claire : proposer \u00e0 tous nos clients, quelles que soient leurs classes de voyage, une exp\u00e9rience de vol moderne et de qualit\u00e9\u201d, affirme le directeur r\u00e9gional.  <\/p><\/div><\/div><\/div><\/div><\/div><\/section><section class=\"elementor-section elementor-inner-section elementor-element elementor-element-e684dcf elementor-section-boxed elementor-section-height-default elementor-section-height-default\" data-id=\"e684dcf\" data-element_type=\"section\"><div class=\"elementor-container elementor-column-gap-default\"><div class=\"elementor-column elementor-col-50 elementor-inner-column elementor-element elementor-element-44c5bd3\" data-id=\"44c5bd3\" data-element_type=\"column\"><div class=\"elementor-widget-wrap elementor-element-populated\"><div class=\"elementor-element elementor-element-6b1b231 elementor-widget elementor-widget-image\" data-id=\"6b1b231\" data-element_type=\"widget\" data-widget_type=\"image.default\"><div class=\"elementor-widget-container\"><figure class=\"wp-caption\"><picture class=\"attachment-large size-large wp-image-66778\"><source data-srcset=\"https:\/\/richeskarayib.com\/wp-content\/uploads\/2025\/12\/\u00a9CORSAIR-1024x691.jpg.webp 1024w, https:\/\/richeskarayib.com\/wp-content\/uploads\/2025\/12\/\u00a9CORSAIR-300x203.jpg.webp 300w, https:\/\/richeskarayib.com\/wp-content\/uploads\/2025\/12\/\u00a9CORSAIR-768x518.jpg.webp 768w, https:\/\/richeskarayib.com\/wp-content\/uploads\/2025\/12\/\u00a9CORSAIR.jpg.webp 1080w\" type=\"image\/webp\" data-sizes=\"(max-width: 800px) 100vw, 800px\"><\/source><img decoding=\"async\" data-src=\"https:\/\/richeskarayib.com\/wp-content\/uploads\/2025\/12\/%C2%A9CORSAIR-1024x691.jpg\" data-sizes=\"(max-width: 800px) 100vw, 800px\" data-srcset=\"https:\/\/richeskarayib.com\/wp-content\/uploads\/2025\/12\/\u00a9CORSAIR-1024x691.jpg 1024w, https:\/\/richeskarayib.com\/wp-content\/uploads\/2025\/12\/\u00a9CORSAIR-300x203.jpg 300w, https:\/\/richeskarayib.com\/wp-content\/uploads\/2025\/12\/\u00a9CORSAIR-768x518.jpg 768w, https:\/\/richeskarayib.com\/wp-content\/uploads\/2025\/12\/\u00a9CORSAIR.jpg 1080w\" alt=\"CORSAIR\" width=\"800\" height=\"540\" src=\"data:image\/svg+xml;base64,PHN2ZyB3aWR0aD0iMSIgaGVpZ2h0PSIxIiB4bWxucz0iaHR0cDovL3d3dy53My5vcmcvMjAwMC9zdmciPjwvc3ZnPg==\" class=\"lazyload\" style=\"--smush-placeholder-width: 800px; --smush-placeholder-aspect-ratio: 800\/540;\"><\/picture><figcaption class=\"widget-image-caption wp-caption-text\">Airbus A330 Neo \u00a9CORSAIR<\/figcaption><\/figure><\/div><\/div><\/div><\/div><div class=\"elementor-column elementor-col-50 elementor-inner-column elementor-element elementor-element-3a5c41b\" data-id=\"3a5c41b\" data-element_type=\"column\"><div class=\"elementor-widget-wrap elementor-element-populated\"><div class=\"elementor-element elementor-element-9728b83 elementor-widget elementor-widget-image\" data-id=\"9728b83\" data-element_type=\"widget\" data-widget_type=\"image.default\"><div class=\"elementor-widget-container\"><picture class=\"attachment-large size-large wp-image-66883\"><source data-srcset=\"https:\/\/richeskarayib.com\/wp-content\/uploads\/2025\/12\/Coupe-du-ruban-Fort-de-France-1024x683.jpg.webp 1024w, https:\/\/richeskarayib.com\/wp-content\/uploads\/2025\/12\/Coupe-du-ruban-Fort-de-France-300x200.jpg.webp 300w, https:\/\/richeskarayib.com\/wp-content\/uploads\/2025\/12\/Coupe-du-ruban-Fort-de-France-768x512.jpg.webp 768w, https:\/\/richeskarayib.com\/wp-content\/uploads\/2025\/12\/Coupe-du-ruban-Fort-de-France-1536x1024.jpg.webp 1536w, https:\/\/richeskarayib.com\/wp-content\/uploads\/2025\/12\/Coupe-du-ruban-Fort-de-France-1320x880.jpg.webp 1320w, https:\/\/richeskarayib.com\/wp-content\/uploads\/2025\/12\/Coupe-du-ruban-Fort-de-France.jpg.webp 1920w\" type=\"image\/webp\" data-sizes=\"(max-width: 800px) 100vw, 800px\"><\/source><img decoding=\"async\" data-src=\"https:\/\/richeskarayib.com\/wp-content\/uploads\/2025\/12\/Coupe-du-ruban-Fort-de-France-1024x683.jpg\" data-sizes=\"(max-width: 800px) 100vw, 800px\" data-srcset=\"https:\/\/richeskarayib.com\/wp-content\/uploads\/2025\/12\/Coupe-du-ruban-Fort-de-France-1024x683.jpg 1024w, https:\/\/richeskarayib.com\/wp-content\/uploads\/2025\/12\/Coupe-du-ruban-Fort-de-France-300x200.jpg 300w, https:\/\/richeskarayib.com\/wp-content\/uploads\/2025\/12\/Coupe-du-ruban-Fort-de-France-768x512.jpg 768w, https:\/\/richeskarayib.com\/wp-content\/uploads\/2025\/12\/Coupe-du-ruban-Fort-de-France-1536x1024.jpg 1536w, https:\/\/richeskarayib.com\/wp-content\/uploads\/2025\/12\/Coupe-du-ruban-Fort-de-France-1320x880.jpg 1320w, https:\/\/richeskarayib.com\/wp-content\/uploads\/2025\/12\/Coupe-du-ruban-Fort-de-France.jpg 1920w\" alt=\"CORSAIR\" width=\"800\" height=\"534\" src=\"data:image\/svg+xml;base64,PHN2ZyB3aWR0aD0iMSIgaGVpZ2h0PSIxIiB4bWxucz0iaHR0cDovL3d3dy53My5vcmcvMjAwMC9zdmciPjwvc3ZnPg==\" class=\"lazyload\" style=\"--smush-placeholder-width: 800px; --smush-placeholder-aspect-ratio: 800\/534;\"><\/picture><\/div><\/div><\/div><\/div><\/div><\/section><\/div><\/div><\/div><\/section><section class=\"elementor-section elementor-top-section elementor-element elementor-element-9c88a89 elementor-section-boxed elementor-section-height-default elementor-section-height-default\" data-id=\"9c88a89\" data-element_type=\"section\"><div class=\"elementor-container elementor-column-gap-default\"><div class=\"elementor-column elementor-col-100 elementor-top-column elementor-element elementor-element-78cf5d1\" data-id=\"78cf5d1\" data-element_type=\"column\"><div class=\"elementor-widget-wrap elementor-element-populated\"><div class=\"elementor-element elementor-element-ea2a5c1 elementor-widget elementor-widget-heading\" data-id=\"ea2a5c1\" data-element_type=\"widget\" data-widget_type=\"heading.default\"><div class=\"elementor-widget-container\"><h2 class=\"elementor-heading-title elementor-size-default\">Un accompagnement financier et marketing pour p\u00e9renniser la ligne<\/h2><\/div><\/div><section class=\"elementor-section elementor-inner-section elementor-element elementor-element-275a1e8 elementor-section-boxed elementor-section-height-default elementor-section-height-default\" data-id=\"275a1e8\" data-element_type=\"section\"><div class=\"elementor-container elementor-column-gap-default\"><div class=\"elementor-column elementor-col-100 elementor-inner-column elementor-element elementor-element-4f5d9ea\" data-id=\"4f5d9ea\" data-element_type=\"column\"><div class=\"elementor-widget-wrap elementor-element-populated\"><div class=\"elementor-element elementor-element-e305eee elementor-widget elementor-widget-text-editor\" data-id=\"e305eee\" data-element_type=\"widget\" data-widget_type=\"text-editor.default\"><div class=\"elementor-widget-container\"><p>Consciente que lancer une ligne ne suffit pas, la SAMAC a mis en place un dispositif d\u2019accompagnement sur mesure. \u201cNotre objectif, c\u2019est aussi que les Martiniquais puissent partir \u00e0 la d\u00e9couverte de Bordeaux\u201d, explique Nathalie S\u00e9bastien. L\u2019a\u00e9roport a engag\u00e9 un soutien \u00e0 la fois en termes de redevances a\u00e9roportuaires et de marketing, via les r\u00e9seaux sociaux et des actions de promotion cibl\u00e9es.  <\/p><\/div><\/div><\/div><\/div><\/div><\/section><div class=\"elementor-element elementor-element-b7a8070 elementor-widget elementor-widget-text-editor\" data-id=\"b7a8070\" data-element_type=\"widget\" data-widget_type=\"text-editor.default\"><div class=\"elementor-widget-container\"><p>Du c\u00f4t\u00e9 du CMT, le travail sur les march\u00e9s \u00e9metteurs a d\u00e9but\u00e9 d\u00e8s septembre 2025 avec une op\u00e9ration d\u2019envergure \u00e0 Bordeaux. \u201cNous avons organis\u00e9 une rencontre avec pr\u00e8s d\u2019une centaine d\u2019agents de voyage de la r\u00e9gion bordelaise et Nouvelle-Aquitaine, en partenariat avec CORSAIR et l\u2019a\u00e9roport de Bordeaux, pour que les agences puissent programmer et donner plus de visibilit\u00e9 aux packages entre Bordeaux et Fort-de-France\u201d, pr\u00e9cise Ga\u00ebtan Paderna. <\/p><p>Ce dispositif se poursuit avec des campagnes digitales, des caravanes promotionnelles et des packages facilit\u00e9s pour encourager la r\u00e9servation. Le message est clair : cette ligne doit s\u2019inscrire dans la dur\u00e9e. <\/p><\/div><\/div><section class=\"elementor-section elementor-inner-section elementor-element elementor-element-280d5fa elementor-section-boxed elementor-section-height-default elementor-section-height-default\" data-id=\"280d5fa\" data-element_type=\"section\"><div class=\"elementor-container elementor-column-gap-default\"><div class=\"elementor-column elementor-col-50 elementor-inner-column elementor-element elementor-element-72c1697\" data-id=\"72c1697\" data-element_type=\"column\"><div class=\"elementor-widget-wrap elementor-element-populated\"><div class=\"elementor-element elementor-element-433cef3 elementor-widget elementor-widget-image\" data-id=\"433cef3\" data-element_type=\"widget\" data-widget_type=\"image.default\"><div class=\"elementor-widget-container\"><figure class=\"wp-caption\"><picture class=\"attachment-large size-large wp-image-66794\"><source data-srcset=\"https:\/\/richeskarayib.com\/wp-content\/uploads\/2025\/12\/Eddy-Luce-et-Nathalie-Sebastien-1024x473.jpg.webp 1024w, https:\/\/richeskarayib.com\/wp-content\/uploads\/2025\/12\/Eddy-Luce-et-Nathalie-Sebastien-300x139.jpg.webp 300w, https:\/\/richeskarayib.com\/wp-content\/uploads\/2025\/12\/Eddy-Luce-et-Nathalie-Sebastien-768x355.jpg.webp 768w, https:\/\/richeskarayib.com\/wp-content\/uploads\/2025\/12\/Eddy-Luce-et-Nathalie-Sebastien-1536x710.jpg.webp 1536w, https:\/\/richeskarayib.com\/wp-content\/uploads\/2025\/12\/Eddy-Luce-et-Nathalie-Sebastien-1320x610.jpg.webp 1320w, https:\/\/richeskarayib.com\/wp-content\/uploads\/2025\/12\/Eddy-Luce-et-Nathalie-Sebastien.jpg.webp 1920w\" type=\"image\/webp\" data-sizes=\"(max-width: 800px) 100vw, 800px\"><\/source><img decoding=\"async\" data-src=\"https:\/\/richeskarayib.com\/wp-content\/uploads\/2025\/12\/Eddy-Luce-et-Nathalie-Sebastien-1024x473.jpg\" data-sizes=\"(max-width: 800px) 100vw, 800px\" data-srcset=\"https:\/\/richeskarayib.com\/wp-content\/uploads\/2025\/12\/Eddy-Luce-et-Nathalie-Sebastien-1024x473.jpg 1024w, https:\/\/richeskarayib.com\/wp-content\/uploads\/2025\/12\/Eddy-Luce-et-Nathalie-Sebastien-300x139.jpg 300w, https:\/\/richeskarayib.com\/wp-content\/uploads\/2025\/12\/Eddy-Luce-et-Nathalie-Sebastien-768x355.jpg 768w, https:\/\/richeskarayib.com\/wp-content\/uploads\/2025\/12\/Eddy-Luce-et-Nathalie-Sebastien-1536x710.jpg 1536w, https:\/\/richeskarayib.com\/wp-content\/uploads\/2025\/12\/Eddy-Luce-et-Nathalie-Sebastien-1320x610.jpg 1320w, https:\/\/richeskarayib.com\/wp-content\/uploads\/2025\/12\/Eddy-Luce-et-Nathalie-Sebastien.jpg 1920w\" alt=\"CORSAIR\" width=\"800\" height=\"370\" src=\"data:image\/svg+xml;base64,PHN2ZyB3aWR0aD0iMSIgaGVpZ2h0PSIxIiB4bWxucz0iaHR0cDovL3d3dy53My5vcmcvMjAwMC9zdmciPjwvc3ZnPg==\" class=\"lazyload\" style=\"--smush-placeholder-width: 800px; --smush-placeholder-aspect-ratio: 800\/370;\"><\/picture><figcaption class=\"widget-image-caption wp-caption-text\">Eddy Luce et Nathalie Se\u0301bastien<\/figcaption><\/figure><\/div><\/div><\/div><\/div><div class=\"elementor-column elementor-col-50 elementor-inner-column elementor-element elementor-element-ac54616\" data-id=\"ac54616\" data-element_type=\"column\"><div class=\"elementor-widget-wrap elementor-element-populated\"><div class=\"elementor-element elementor-element-0df4c86 elementor-widget elementor-widget-image\" data-id=\"0df4c86\" data-element_type=\"widget\" data-widget_type=\"image.default\"><div class=\"elementor-widget-container\"><figure class=\"wp-caption\"><picture class=\"attachment-large size-large wp-image-66798\"><source data-srcset=\"https:\/\/richeskarayib.com\/wp-content\/uploads\/2025\/12\/Eddy-Luce-et-Marie-Ange-Ravin-1024x473.jpg.webp 1024w, https:\/\/richeskarayib.com\/wp-content\/uploads\/2025\/12\/Eddy-Luce-et-Marie-Ange-Ravin-300x139.jpg.webp 300w, https:\/\/richeskarayib.com\/wp-content\/uploads\/2025\/12\/Eddy-Luce-et-Marie-Ange-Ravin-768x355.jpg.webp 768w, https:\/\/richeskarayib.com\/wp-content\/uploads\/2025\/12\/Eddy-Luce-et-Marie-Ange-Ravin-1536x710.jpg.webp 1536w, https:\/\/richeskarayib.com\/wp-content\/uploads\/2025\/12\/Eddy-Luce-et-Marie-Ange-Ravin-1320x610.jpg.webp 1320w, https:\/\/richeskarayib.com\/wp-content\/uploads\/2025\/12\/Eddy-Luce-et-Marie-Ange-Ravin.jpg.webp 1920w\" type=\"image\/webp\" data-sizes=\"(max-width: 800px) 100vw, 800px\"><\/source><img decoding=\"async\" data-src=\"https:\/\/richeskarayib.com\/wp-content\/uploads\/2025\/12\/Eddy-Luce-et-Marie-Ange-Ravin-1024x473.jpg\" data-sizes=\"(max-width: 800px) 100vw, 800px\" data-srcset=\"https:\/\/richeskarayib.com\/wp-content\/uploads\/2025\/12\/Eddy-Luce-et-Marie-Ange-Ravin-1024x473.jpg 1024w, https:\/\/richeskarayib.com\/wp-content\/uploads\/2025\/12\/Eddy-Luce-et-Marie-Ange-Ravin-300x139.jpg 300w, https:\/\/richeskarayib.com\/wp-content\/uploads\/2025\/12\/Eddy-Luce-et-Marie-Ange-Ravin-768x355.jpg 768w, https:\/\/richeskarayib.com\/wp-content\/uploads\/2025\/12\/Eddy-Luce-et-Marie-Ange-Ravin-1536x710.jpg 1536w, https:\/\/richeskarayib.com\/wp-content\/uploads\/2025\/12\/Eddy-Luce-et-Marie-Ange-Ravin-1320x610.jpg 1320w, https:\/\/richeskarayib.com\/wp-content\/uploads\/2025\/12\/Eddy-Luce-et-Marie-Ange-Ravin.jpg 1920w\" alt=\"CORSAIR\" width=\"800\" height=\"370\" src=\"data:image\/svg+xml;base64,PHN2ZyB3aWR0aD0iMSIgaGVpZ2h0PSIxIiB4bWxucz0iaHR0cDovL3d3dy53My5vcmcvMjAwMC9zdmciPjwvc3ZnPg==\" class=\"lazyload\" style=\"--smush-placeholder-width: 800px; --smush-placeholder-aspect-ratio: 800\/370;\"><\/picture><figcaption class=\"widget-image-caption wp-caption-text\">Eddy Luce et Marie-Ange Ravin<\/figcaption><\/figure><\/div><\/div><\/div><\/div><\/div><\/section><\/div><\/div><\/div><\/section><section class=\"elementor-section elementor-top-section elementor-element elementor-element-103aced elementor-section-boxed elementor-section-height-default elementor-section-height-default\" data-id=\"103aced\" data-element_type=\"section\"><div class=\"elementor-container elementor-column-gap-default\"><div class=\"elementor-column elementor-col-100 elementor-top-column elementor-element elementor-element-e34f9f4\" data-id=\"e34f9f4\" data-element_type=\"column\"><div class=\"elementor-widget-wrap elementor-element-populated\"><div class=\"elementor-element elementor-element-c643e86 elementor-widget elementor-widget-heading\" data-id=\"c643e86\" data-element_type=\"widget\" data-widget_type=\"heading.default\"><div class=\"elementor-widget-container\"><h2 class=\"elementor-heading-title elementor-size-default\">Plus qu&rsquo;une liaison a\u00e9rienne, une passerelle humaine<\/h2><\/div><\/div><section class=\"elementor-section elementor-inner-section elementor-element elementor-element-9035ca3 elementor-section-boxed elementor-section-height-default elementor-section-height-default\" data-id=\"9035ca3\" data-element_type=\"section\"><div class=\"elementor-container elementor-column-gap-default\"><div class=\"elementor-column elementor-col-50 elementor-inner-column elementor-element elementor-element-984d4b5\" data-id=\"984d4b5\" data-element_type=\"column\"><div class=\"elementor-widget-wrap elementor-element-populated\"><div class=\"elementor-element elementor-element-f783f1a elementor-widget elementor-widget-text-editor\" data-id=\"f783f1a\" data-element_type=\"widget\" data-widget_type=\"text-editor.default\"><div class=\"elementor-widget-container\"><p>Au-del\u00e0 des enjeux touristiques et \u00e9conomiques, cette nouvelle liaison porte une dimension profond\u00e9ment humaine. Elle r\u00e9pond notamment aux besoins de mobilit\u00e9 des jeunes Martiniquais qui \u00e9tudient \u00e0 Bordeaux, l\u2019une des grandes villes universitaires fran\u00e7aises. \u201cCette ligne directe leur permettra de maintenir plus facilement le lien avec leur territoire d\u2019origine, avec leur famille et avec la Martinique\u201d, souligne Marie-Ange Ravin.  <\/p><p>Pour les familles de la diaspora, c\u2019est aussi une facilit\u00e9 retrouv\u00e9e. Les d\u00e9placements entre les deux territoires deviennent plus fluides, plus accessibles, avec un impact carbone r\u00e9duit gr\u00e2ce \u00e0 l\u2019absence d\u2019escale parisienne. <\/p><\/div><\/div><div class=\"elementor-element elementor-element-c2e57c0 elementor-widget elementor-widget-text-editor\" data-id=\"c2e57c0\" data-element_type=\"widget\" data-widget_type=\"text-editor.default\"><div class=\"elementor-widget-container\"><p>Nathalie S\u00e9bastien conclut avec une invitation chaleureuse : \u201cV\u00e9ritablement, n\u2019ayez pas peur de partir \u00e0 la d\u00e9couverte et de d\u00e9couvrir ce que peuvent offrir ces deux territoires. Une liaison directe, c\u2019est plus de possibilit\u00e9s de voyager, plus de possibilit\u00e9s d\u2019aller \u00e0 la d\u00e9couverte de l\u2019autre, m\u00eame si c\u2019est un autre que l\u2019on pense conna\u00eetre. Osez le voyage, osez partir \u00e0 la d\u00e9couverte.\u201d<\/p><p>Ce vol inaugural Bordeaux \u2013 Fort-de-France est bien plus qu\u2019une nouvelle route a\u00e9rienne. C\u2019est une passerelle entre deux territoires, une opportunit\u00e9 pour le tourisme, l\u2019\u00e9conomie, la jeunesse et l\u2019avenir de la Martinique. <\/p><\/div><\/div><\/div><\/div><div class=\"elementor-column elementor-col-50 elementor-inner-column elementor-element elementor-element-b6bf3d5\" data-id=\"b6bf3d5\" data-element_type=\"column\"><div class=\"elementor-widget-wrap elementor-element-populated\"><div class=\"elementor-element elementor-element-86805e8 elementor-widget elementor-widget-image\" data-id=\"86805e8\" data-element_type=\"widget\" data-widget_type=\"image.default\"><div class=\"elementor-widget-container\"><picture class=\"attachment-large size-large wp-image-66802\"><source data-srcset=\"https:\/\/richeskarayib.com\/wp-content\/uploads\/2025\/12\/2-3-1024x1024.png.webp 1024w, https:\/\/richeskarayib.com\/wp-content\/uploads\/2025\/12\/2-3-300x300.png.webp 300w, https:\/\/richeskarayib.com\/wp-content\/uploads\/2025\/12\/2-3-150x150.png.webp 150w, https:\/\/richeskarayib.com\/wp-content\/uploads\/2025\/12\/2-3-768x768.png.webp 768w, https:\/\/richeskarayib.com\/wp-content\/uploads\/2025\/12\/2-3.png.webp 1080w\" type=\"image\/webp\" data-sizes=\"(max-width: 800px) 100vw, 800px\"><\/source><img decoding=\"async\" data-src=\"https:\/\/richeskarayib.com\/wp-content\/uploads\/2025\/12\/2-3-1024x1024.png\" data-sizes=\"(max-width: 800px) 100vw, 800px\" data-srcset=\"https:\/\/richeskarayib.com\/wp-content\/uploads\/2025\/12\/2-3-1024x1024.png 1024w, https:\/\/richeskarayib.com\/wp-content\/uploads\/2025\/12\/2-3-300x300.png 300w, https:\/\/richeskarayib.com\/wp-content\/uploads\/2025\/12\/2-3-150x150.png 150w, https:\/\/richeskarayib.com\/wp-content\/uploads\/2025\/12\/2-3-768x768.png 768w, https:\/\/richeskarayib.com\/wp-content\/uploads\/2025\/12\/2-3.png 1080w\" alt=\"CORSAIR\" width=\"800\" height=\"800\" src=\"data:image\/svg+xml;base64,PHN2ZyB3aWR0aD0iMSIgaGVpZ2h0PSIxIiB4bWxucz0iaHR0cDovL3d3dy53My5vcmcvMjAwMC9zdmciPjwvc3ZnPg==\" class=\"lazyload\" style=\"--smush-placeholder-width: 800px; --smush-placeholder-aspect-ratio: 800\/800;\"><\/picture><\/div><\/div><\/div><\/div><\/div><\/section><\/div><\/div><\/div><\/section><section class=\"elementor-section elementor-top-section elementor-element elementor-element-23ed11f elementor-section-boxed elementor-section-height-default elementor-section-height-default\" data-id=\"23ed11f\" data-element_type=\"section\"><div class=\"elementor-container elementor-column-gap-default\"><div class=\"elementor-column elementor-col-100 elementor-top-column elementor-element elementor-element-9e160dd\" data-id=\"9e160dd\" data-element_type=\"column\"><div class=\"elementor-widget-wrap elementor-element-populated\"><div class=\"elementor-element elementor-element-0bbe05d elementor-widget elementor-widget-text-editor\" data-id=\"0bbe05d\" data-element_type=\"widget\" data-widget_type=\"text-editor.default\"><div class=\"elementor-widget-container\"><p><b>\u00c0 propos de CORSAIR<\/b> : Compagnie a\u00e9rienne fran\u00e7aise sp\u00e9cialis\u00e9e dans les liaisons long-courrier vers les Outre-mer et les destinations loisirs, CORSAIR op\u00e8re une flotte 100% Airbus A330 Neo et a \u00e9t\u00e9 \u00e9lue meilleure compagnie a\u00e9rienne loisir par Skytrax en 2024 et 2025. <\/p><\/div><\/div><div class=\"elementor-element elementor-element-4d8516a elementor-widget elementor-widget-text-editor\" data-id=\"4d8516a\" data-element_type=\"widget\" data-widget_type=\"text-editor.default\"><div class=\"elementor-widget-container\"><p><b>\u00c0 propos de la SAMAC<\/b> : La Soci\u00e9t\u00e9 A\u00e9roport Martinique Aim\u00e9 C\u00e9saire g\u00e8re l\u2019a\u00e9roport international de la Martinique, qui a b\u00e9n\u00e9fici\u00e9 de plus de 120 millions d\u2019euros de travaux de modernisation et peut accueillir plus de 3 millions de passagers par an.<\/p><\/div><\/div><div class=\"elementor-element elementor-element-30e5bee elementor-widget elementor-widget-text-editor\" data-id=\"30e5bee\" data-element_type=\"widget\" data-widget_type=\"text-editor.default\"><div class=\"elementor-widget-container\"><p><b>\u00c0 propos du CMT <\/b>: Le Comit\u00e9 Martiniquais du Tourisme est l\u2019organisme en charge de la promotion de la destination Martinique aupr\u00e8s des march\u00e9s \u00e9metteurs nationaux et internationaux.<\/p><\/div><\/div><\/div><\/div><\/div><\/section>\t\t\t\t\t\t\t\t<\/div>\n\t\t\t\t\t<\/div>\n\t\t\t\t<\/div>\n\t\t\t\t<\/div>\n\t\t","protected":false},"excerpt":{"rendered":"<p>Le 15 d\u00e9cembre 2025, l\u2019a\u00e9roport Aim\u00e9-C\u00e9saire a accueilli le premier vol direct Bordeaux \u2013 Fort-de-France, op\u00e9r\u00e9 par CORSAIR. Cette nouvelle liaison marque un tournant strat\u00e9gique pour la connectivit\u00e9 de la Martinique et l\u2019accessibilit\u00e9 de la Cara\u00efbe depuis le Sud-Ouest fran\u00e7ais. Un partenariat tripartite au service de l&rsquo;attractivit\u00e9 territoriale L\u2019arriv\u00e9e de ce vol inaugural \u00e0 17h47 [&hellip;]<\/p>\n","protected":false},"author":1,"featured_media":0,"comment_status":"open","ping_status":"open","sticky":false,"template":"","format":"standard","meta":{"footnotes":""},"categories":[97,100],"tags":[],"class_list":["post-19614","post","type-post","status-publish","format-standard","hentry","category-aviation-fr","category-connectivite-aerienne-et-attractivite-territoriale"],"yoast_head":"<!-- This site is optimized with the Yoast SEO plugin v26.9 - https:\/\/yoast.com\/product\/yoast-seo-wordpress\/ -->\n<title>Martinique : Bordeaux et Fort-de-France reli\u00e9s par un pont a\u00e9rien direct avec CORSAIR - LATITUDE 15<\/title>\n<meta name=\"robots\" content=\"index, follow, max-snippet:-1, max-image-preview:large, max-video-preview:-1\" \/>\n<link rel=\"canonical\" href=\"https:\/\/www.latitude-15.com\/fr\/martinique-bordeaux-et-fort-de-france-relies-par-un-pont-aerien-direct-avec-corsair\/\" \/>\n<meta property=\"og:locale\" content=\"fr_FR\" \/>\n<meta property=\"og:type\" content=\"article\" \/>\n<meta property=\"og:title\" content=\"Martinique : Bordeaux et Fort-de-France reli\u00e9s par un pont a\u00e9rien direct avec CORSAIR - LATITUDE 15\" \/>\n<meta property=\"og:description\" content=\"Le 15 d\u00e9cembre 2025, l\u2019a\u00e9roport Aim\u00e9-C\u00e9saire a accueilli le premier vol direct Bordeaux \u2013 Fort-de-France, op\u00e9r\u00e9 par CORSAIR. Cette nouvelle liaison marque un tournant strat\u00e9gique pour la connectivit\u00e9 de la Martinique et l\u2019accessibilit\u00e9 de la Cara\u00efbe depuis le Sud-Ouest fran\u00e7ais. Un partenariat tripartite au service de l&rsquo;attractivit\u00e9 territoriale L\u2019arriv\u00e9e de ce vol inaugural \u00e0 17h47 [&hellip;]\" \/>\n<meta property=\"og:url\" content=\"https:\/\/www.latitude-15.com\/fr\/martinique-bordeaux-et-fort-de-france-relies-par-un-pont-aerien-direct-avec-corsair\/\" \/>\n<meta property=\"og:site_name\" content=\"LATITUDE 15\" \/>\n<meta property=\"article:published_time\" content=\"2025-12-16T04:39:35+00:00\" \/>\n<meta property=\"article:modified_time\" content=\"2026-02-04T03:51:36+00:00\" \/>\n<meta property=\"og:image\" content=\"https:\/\/www.latitude-15.com\/wp-content\/uploads\/2026\/01\/cover-article.jpg.webp\" \/>\n\t<meta property=\"og:image:width\" content=\"1920\" \/>\n\t<meta property=\"og:image:height\" content=\"1107\" \/>\n\t<meta property=\"og:image:type\" content=\"image\/webp\" \/>\n<meta name=\"author\" content=\"sabrinalat15\" \/>\n<meta name=\"twitter:card\" content=\"summary_large_image\" \/>\n<meta name=\"twitter:label1\" content=\"\u00c9crit par\" \/>\n\t<meta name=\"twitter:data1\" content=\"sabrinalat15\" \/>\n\t<meta name=\"twitter:label2\" content=\"Dur\u00e9e de lecture estim\u00e9e\" \/>\n\t<meta name=\"twitter:data2\" content=\"7 minutes\" \/>\n<script type=\"application\/ld+json\" class=\"yoast-schema-graph\">{\"@context\":\"https:\/\/schema.org\",\"@graph\":[{\"@type\":\"Article\",\"@id\":\"https:\/\/www.latitude-15.com\/fr\/martinique-bordeaux-et-fort-de-france-relies-par-un-pont-aerien-direct-avec-corsair\/#article\",\"isPartOf\":{\"@id\":\"https:\/\/www.latitude-15.com\/fr\/martinique-bordeaux-et-fort-de-france-relies-par-un-pont-aerien-direct-avec-corsair\/\"},\"author\":{\"name\":\"sabrinalat15\",\"@id\":\"https:\/\/www.latitude-15.com\/fr\/#\/schema\/person\/2a70943507771992ce3316849aa93bdd\"},\"headline\":\"Martinique : Bordeaux et Fort-de-France reli\u00e9s par un pont a\u00e9rien direct avec CORSAIR\",\"datePublished\":\"2025-12-16T04:39:35+00:00\",\"dateModified\":\"2026-02-04T03:51:36+00:00\",\"mainEntityOfPage\":{\"@id\":\"https:\/\/www.latitude-15.com\/fr\/martinique-bordeaux-et-fort-de-france-relies-par-un-pont-aerien-direct-avec-corsair\/\"},\"wordCount\":1328,\"commentCount\":0,\"publisher\":{\"@id\":\"https:\/\/www.latitude-15.com\/fr\/#organization\"},\"image\":{\"@id\":\"https:\/\/www.latitude-15.com\/fr\/martinique-bordeaux-et-fort-de-france-relies-par-un-pont-aerien-direct-avec-corsair\/#primaryimage\"},\"thumbnailUrl\":\"https:\/\/richeskarayib.com\/wp-content\/uploads\/2025\/12\/Nathalie-Sebastien-1024x1024.png\",\"articleSection\":[\"AVIATION\",\"Connectivit\u00e9 a\u00e9rienne et Attractivit\u00e9 territoriale\"],\"inLanguage\":\"fr-FR\",\"potentialAction\":[{\"@type\":\"CommentAction\",\"name\":\"Comment\",\"target\":[\"https:\/\/www.latitude-15.com\/fr\/martinique-bordeaux-et-fort-de-france-relies-par-un-pont-aerien-direct-avec-corsair\/#respond\"]}]},{\"@type\":\"WebPage\",\"@id\":\"https:\/\/www.latitude-15.com\/fr\/martinique-bordeaux-et-fort-de-france-relies-par-un-pont-aerien-direct-avec-corsair\/\",\"url\":\"https:\/\/www.latitude-15.com\/fr\/martinique-bordeaux-et-fort-de-france-relies-par-un-pont-aerien-direct-avec-corsair\/\",\"name\":\"Martinique : Bordeaux et Fort-de-France reli\u00e9s par un pont a\u00e9rien direct avec CORSAIR - LATITUDE 15\",\"isPartOf\":{\"@id\":\"https:\/\/www.latitude-15.com\/fr\/#website\"},\"primaryImageOfPage\":{\"@id\":\"https:\/\/www.latitude-15.com\/fr\/martinique-bordeaux-et-fort-de-france-relies-par-un-pont-aerien-direct-avec-corsair\/#primaryimage\"},\"image\":{\"@id\":\"https:\/\/www.latitude-15.com\/fr\/martinique-bordeaux-et-fort-de-france-relies-par-un-pont-aerien-direct-avec-corsair\/#primaryimage\"},\"thumbnailUrl\":\"https:\/\/richeskarayib.com\/wp-content\/uploads\/2025\/12\/Nathalie-Sebastien-1024x1024.png\",\"datePublished\":\"2025-12-16T04:39:35+00:00\",\"dateModified\":\"2026-02-04T03:51:36+00:00\",\"breadcrumb\":{\"@id\":\"https:\/\/www.latitude-15.com\/fr\/martinique-bordeaux-et-fort-de-france-relies-par-un-pont-aerien-direct-avec-corsair\/#breadcrumb\"},\"inLanguage\":\"fr-FR\",\"potentialAction\":[{\"@type\":\"ReadAction\",\"target\":[\"https:\/\/www.latitude-15.com\/fr\/martinique-bordeaux-et-fort-de-france-relies-par-un-pont-aerien-direct-avec-corsair\/\"]}]},{\"@type\":\"ImageObject\",\"inLanguage\":\"fr-FR\",\"@id\":\"https:\/\/www.latitude-15.com\/fr\/martinique-bordeaux-et-fort-de-france-relies-par-un-pont-aerien-direct-avec-corsair\/#primaryimage\",\"url\":\"https:\/\/richeskarayib.com\/wp-content\/uploads\/2025\/12\/Nathalie-Sebastien-1024x1024.png\",\"contentUrl\":\"https:\/\/richeskarayib.com\/wp-content\/uploads\/2025\/12\/Nathalie-Sebastien-1024x1024.png\"},{\"@type\":\"BreadcrumbList\",\"@id\":\"https:\/\/www.latitude-15.com\/fr\/martinique-bordeaux-et-fort-de-france-relies-par-un-pont-aerien-direct-avec-corsair\/#breadcrumb\",\"itemListElement\":[{\"@type\":\"ListItem\",\"position\":1,\"name\":\"Home\",\"item\":\"https:\/\/www.latitude-15.com\/fr\/accueil\/\"},{\"@type\":\"ListItem\",\"position\":2,\"name\":\"Martinique : Bordeaux et Fort-de-France reli\u00e9s par un pont a\u00e9rien direct avec CORSAIR\"}]},{\"@type\":\"WebSite\",\"@id\":\"https:\/\/www.latitude-15.com\/fr\/#website\",\"url\":\"https:\/\/www.latitude-15.com\/fr\/\",\"name\":\"LATITUDE 15\",\"description\":\"Aviation and maritime Magazine - Caribbean &amp; Latin America\",\"publisher\":{\"@id\":\"https:\/\/www.latitude-15.com\/fr\/#organization\"},\"potentialAction\":[{\"@type\":\"SearchAction\",\"target\":{\"@type\":\"EntryPoint\",\"urlTemplate\":\"https:\/\/www.latitude-15.com\/fr\/?s={search_term_string}\"},\"query-input\":{\"@type\":\"PropertyValueSpecification\",\"valueRequired\":true,\"valueName\":\"search_term_string\"}}],\"inLanguage\":\"fr-FR\"},{\"@type\":\"Organization\",\"@id\":\"https:\/\/www.latitude-15.com\/fr\/#organization\",\"name\":\"LATITUDE 15\",\"url\":\"https:\/\/www.latitude-15.com\/fr\/\",\"logo\":{\"@type\":\"ImageObject\",\"inLanguage\":\"fr-FR\",\"@id\":\"https:\/\/www.latitude-15.com\/fr\/#\/schema\/logo\/image\/\",\"url\":\"https:\/\/www.latitude-15.com\/wp-content\/uploads\/2026\/01\/cropped-logox500px.png\",\"contentUrl\":\"https:\/\/www.latitude-15.com\/wp-content\/uploads\/2026\/01\/cropped-logox500px.png\",\"width\":62,\"height\":75,\"caption\":\"LATITUDE 15\"},\"image\":{\"@id\":\"https:\/\/www.latitude-15.com\/fr\/#\/schema\/logo\/image\/\"}},{\"@type\":\"Person\",\"@id\":\"https:\/\/www.latitude-15.com\/fr\/#\/schema\/person\/2a70943507771992ce3316849aa93bdd\",\"name\":\"sabrinalat15\",\"image\":{\"@type\":\"ImageObject\",\"inLanguage\":\"fr-FR\",\"@id\":\"https:\/\/www.latitude-15.com\/fr\/#\/schema\/person\/image\/\",\"url\":\"https:\/\/secure.gravatar.com\/avatar\/91f5e11872ca6128d75f7bbde22cc384ad142a113b81c554ed87d6d9762f8813?s=96&d=mm&r=g\",\"contentUrl\":\"https:\/\/secure.gravatar.com\/avatar\/91f5e11872ca6128d75f7bbde22cc384ad142a113b81c554ed87d6d9762f8813?s=96&d=mm&r=g\",\"caption\":\"sabrinalat15\"},\"sameAs\":[\"https:\/\/www.latitude-15.com\"],\"url\":\"https:\/\/www.latitude-15.com\/fr\/author\/sabrinalat15\/\"}]}<\/script>\n<!-- \/ Yoast SEO plugin. -->","yoast_head_json":{"title":"Martinique : Bordeaux et Fort-de-France reli\u00e9s par un pont a\u00e9rien direct avec CORSAIR - LATITUDE 15","robots":{"index":"index","follow":"follow","max-snippet":"max-snippet:-1","max-image-preview":"max-image-preview:large","max-video-preview":"max-video-preview:-1"},"canonical":"https:\/\/www.latitude-15.com\/fr\/martinique-bordeaux-et-fort-de-france-relies-par-un-pont-aerien-direct-avec-corsair\/","og_locale":"fr_FR","og_type":"article","og_title":"Martinique : Bordeaux et Fort-de-France reli\u00e9s par un pont a\u00e9rien direct avec CORSAIR - LATITUDE 15","og_description":"Le 15 d\u00e9cembre 2025, l\u2019a\u00e9roport Aim\u00e9-C\u00e9saire a accueilli le premier vol direct Bordeaux \u2013 Fort-de-France, op\u00e9r\u00e9 par CORSAIR. Cette nouvelle liaison marque un tournant strat\u00e9gique pour la connectivit\u00e9 de la Martinique et l\u2019accessibilit\u00e9 de la Cara\u00efbe depuis le Sud-Ouest fran\u00e7ais. Un partenariat tripartite au service de l&rsquo;attractivit\u00e9 territoriale L\u2019arriv\u00e9e de ce vol inaugural \u00e0 17h47 [&hellip;]","og_url":"https:\/\/www.latitude-15.com\/fr\/martinique-bordeaux-et-fort-de-france-relies-par-un-pont-aerien-direct-avec-corsair\/","og_site_name":"LATITUDE 15","article_published_time":"2025-12-16T04:39:35+00:00","article_modified_time":"2026-02-04T03:51:36+00:00","og_image":[{"width":1920,"height":1107,"url":"https:\/\/www.latitude-15.com\/wp-content\/uploads\/2026\/01\/cover-article.jpg.webp","type":"image\/webp"}],"author":"sabrinalat15","twitter_card":"summary_large_image","twitter_misc":{"\u00c9crit par":"sabrinalat15","Dur\u00e9e de lecture estim\u00e9e":"7 minutes"},"schema":{"@context":"https:\/\/schema.org","@graph":[{"@type":"Article","@id":"https:\/\/www.latitude-15.com\/fr\/martinique-bordeaux-et-fort-de-france-relies-par-un-pont-aerien-direct-avec-corsair\/#article","isPartOf":{"@id":"https:\/\/www.latitude-15.com\/fr\/martinique-bordeaux-et-fort-de-france-relies-par-un-pont-aerien-direct-avec-corsair\/"},"author":{"name":"sabrinalat15","@id":"https:\/\/www.latitude-15.com\/fr\/#\/schema\/person\/2a70943507771992ce3316849aa93bdd"},"headline":"Martinique : Bordeaux et Fort-de-France reli\u00e9s par un pont a\u00e9rien direct avec CORSAIR","datePublished":"2025-12-16T04:39:35+00:00","dateModified":"2026-02-04T03:51:36+00:00","mainEntityOfPage":{"@id":"https:\/\/www.latitude-15.com\/fr\/martinique-bordeaux-et-fort-de-france-relies-par-un-pont-aerien-direct-avec-corsair\/"},"wordCount":1328,"commentCount":0,"publisher":{"@id":"https:\/\/www.latitude-15.com\/fr\/#organization"},"image":{"@id":"https:\/\/www.latitude-15.com\/fr\/martinique-bordeaux-et-fort-de-france-relies-par-un-pont-aerien-direct-avec-corsair\/#primaryimage"},"thumbnailUrl":"https:\/\/richeskarayib.com\/wp-content\/uploads\/2025\/12\/Nathalie-Sebastien-1024x1024.png","articleSection":["AVIATION","Connectivit\u00e9 a\u00e9rienne et Attractivit\u00e9 territoriale"],"inLanguage":"fr-FR","potentialAction":[{"@type":"CommentAction","name":"Comment","target":["https:\/\/www.latitude-15.com\/fr\/martinique-bordeaux-et-fort-de-france-relies-par-un-pont-aerien-direct-avec-corsair\/#respond"]}]},{"@type":"WebPage","@id":"https:\/\/www.latitude-15.com\/fr\/martinique-bordeaux-et-fort-de-france-relies-par-un-pont-aerien-direct-avec-corsair\/","url":"https:\/\/www.latitude-15.com\/fr\/martinique-bordeaux-et-fort-de-france-relies-par-un-pont-aerien-direct-avec-corsair\/","name":"Martinique : Bordeaux et Fort-de-France reli\u00e9s par un pont a\u00e9rien direct avec CORSAIR - LATITUDE 15","isPartOf":{"@id":"https:\/\/www.latitude-15.com\/fr\/#website"},"primaryImageOfPage":{"@id":"https:\/\/www.latitude-15.com\/fr\/martinique-bordeaux-et-fort-de-france-relies-par-un-pont-aerien-direct-avec-corsair\/#primaryimage"},"image":{"@id":"https:\/\/www.latitude-15.com\/fr\/martinique-bordeaux-et-fort-de-france-relies-par-un-pont-aerien-direct-avec-corsair\/#primaryimage"},"thumbnailUrl":"https:\/\/richeskarayib.com\/wp-content\/uploads\/2025\/12\/Nathalie-Sebastien-1024x1024.png","datePublished":"2025-12-16T04:39:35+00:00","dateModified":"2026-02-04T03:51:36+00:00","breadcrumb":{"@id":"https:\/\/www.latitude-15.com\/fr\/martinique-bordeaux-et-fort-de-france-relies-par-un-pont-aerien-direct-avec-corsair\/#breadcrumb"},"inLanguage":"fr-FR","potentialAction":[{"@type":"ReadAction","target":["https:\/\/www.latitude-15.com\/fr\/martinique-bordeaux-et-fort-de-france-relies-par-un-pont-aerien-direct-avec-corsair\/"]}]},{"@type":"ImageObject","inLanguage":"fr-FR","@id":"https:\/\/www.latitude-15.com\/fr\/martinique-bordeaux-et-fort-de-france-relies-par-un-pont-aerien-direct-avec-corsair\/#primaryimage","url":"https:\/\/richeskarayib.com\/wp-content\/uploads\/2025\/12\/Nathalie-Sebastien-1024x1024.png","contentUrl":"https:\/\/richeskarayib.com\/wp-content\/uploads\/2025\/12\/Nathalie-Sebastien-1024x1024.png"},{"@type":"BreadcrumbList","@id":"https:\/\/www.latitude-15.com\/fr\/martinique-bordeaux-et-fort-de-france-relies-par-un-pont-aerien-direct-avec-corsair\/#breadcrumb","itemListElement":[{"@type":"ListItem","position":1,"name":"Home","item":"https:\/\/www.latitude-15.com\/fr\/accueil\/"},{"@type":"ListItem","position":2,"name":"Martinique : Bordeaux et Fort-de-France reli\u00e9s par un pont a\u00e9rien direct avec CORSAIR"}]},{"@type":"WebSite","@id":"https:\/\/www.latitude-15.com\/fr\/#website","url":"https:\/\/www.latitude-15.com\/fr\/","name":"LATITUDE 15","description":"Aviation and maritime Magazine - Caribbean &amp; Latin America","publisher":{"@id":"https:\/\/www.latitude-15.com\/fr\/#organization"},"potentialAction":[{"@type":"SearchAction","target":{"@type":"EntryPoint","urlTemplate":"https:\/\/www.latitude-15.com\/fr\/?s={search_term_string}"},"query-input":{"@type":"PropertyValueSpecification","valueRequired":true,"valueName":"search_term_string"}}],"inLanguage":"fr-FR"},{"@type":"Organization","@id":"https:\/\/www.latitude-15.com\/fr\/#organization","name":"LATITUDE 15","url":"https:\/\/www.latitude-15.com\/fr\/","logo":{"@type":"ImageObject","inLanguage":"fr-FR","@id":"https:\/\/www.latitude-15.com\/fr\/#\/schema\/logo\/image\/","url":"https:\/\/www.latitude-15.com\/wp-content\/uploads\/2026\/01\/cropped-logox500px.png","contentUrl":"https:\/\/www.latitude-15.com\/wp-content\/uploads\/2026\/01\/cropped-logox500px.png","width":62,"height":75,"caption":"LATITUDE 15"},"image":{"@id":"https:\/\/www.latitude-15.com\/fr\/#\/schema\/logo\/image\/"}},{"@type":"Person","@id":"https:\/\/www.latitude-15.com\/fr\/#\/schema\/person\/2a70943507771992ce3316849aa93bdd","name":"sabrinalat15","image":{"@type":"ImageObject","inLanguage":"fr-FR","@id":"https:\/\/www.latitude-15.com\/fr\/#\/schema\/person\/image\/","url":"https:\/\/secure.gravatar.com\/avatar\/91f5e11872ca6128d75f7bbde22cc384ad142a113b81c554ed87d6d9762f8813?s=96&d=mm&r=g","contentUrl":"https:\/\/secure.gravatar.com\/avatar\/91f5e11872ca6128d75f7bbde22cc384ad142a113b81c554ed87d6d9762f8813?s=96&d=mm&r=g","caption":"sabrinalat15"},"sameAs":["https:\/\/www.latitude-15.com"],"url":"https:\/\/www.latitude-15.com\/fr\/author\/sabrinalat15\/"}]}},"_links":{"self":[{"href":"https:\/\/www.latitude-15.com\/fr\/wp-json\/wp\/v2\/posts\/19614","targetHints":{"allow":["GET"]}}],"collection":[{"href":"https:\/\/www.latitude-15.com\/fr\/wp-json\/wp\/v2\/posts"}],"about":[{"href":"https:\/\/www.latitude-15.com\/fr\/wp-json\/wp\/v2\/types\/post"}],"author":[{"embeddable":true,"href":"https:\/\/www.latitude-15.com\/fr\/wp-json\/wp\/v2\/users\/1"}],"replies":[{"embeddable":true,"href":"https:\/\/www.latitude-15.com\/fr\/wp-json\/wp\/v2\/comments?post=19614"}],"version-history":[{"count":3,"href":"https:\/\/www.latitude-15.com\/fr\/wp-json\/wp\/v2\/posts\/19614\/revisions"}],"predecessor-version":[{"id":19621,"href":"https:\/\/www.latitude-15.com\/fr\/wp-json\/wp\/v2\/posts\/19614\/revisions\/19621"}],"wp:attachment":[{"href":"https:\/\/www.latitude-15.com\/fr\/wp-json\/wp\/v2\/media?parent=19614"}],"wp:term":[{"taxonomy":"category","embeddable":true,"href":"https:\/\/www.latitude-15.com\/fr\/wp-json\/wp\/v2\/categories?post=19614"},{"taxonomy":"post_tag","embeddable":true,"href":"https:\/\/www.latitude-15.com\/fr\/wp-json\/wp\/v2\/tags?post=19614"}],"curies":[{"name":"wp","href":"https:\/\/api.w.org\/{rel}","templated":true}]}}