{"id":23289,"date":"2026-04-29T14:44:04","date_gmt":"2026-04-29T18:44:04","guid":{"rendered":"https:\/\/www.latitude-15.com\/el-menor-crecimiento-y-el-aumento-de-los-costes-estan-reconfigurando-la-dinamica-del-transporte-en-america-latina-y-el-caribe\/"},"modified":"2026-04-29T14:54:50","modified_gmt":"2026-04-29T18:54:50","slug":"el-menor-crecimiento-y-el-aumento-de-los-costes-estan-reconfigurando-la-dinamica-del-transporte-en-america-latina-y-el-caribe","status":"publish","type":"post","link":"https:\/\/www.latitude-15.com\/es\/el-menor-crecimiento-y-el-aumento-de-los-costes-estan-reconfigurando-la-dinamica-del-transporte-en-america-latina-y-el-caribe\/","title":{"rendered":"El menor crecimiento y el aumento de los costes est\u00e1n reconfigurando la din\u00e1mica del transporte en Am\u00e9rica Latina y el Caribe"},"content":{"rendered":"\n<p>Se est\u00e1 configurando un ciclo econ\u00f3mico m\u00e1s restringido en toda Am\u00e9rica Latina y el Caribe. En su \u00faltimo informe de perspectivas, publicado el 27 de abril, la Comisi\u00f3n Econ\u00f3mica para Am\u00e9rica Latina y el Caribe (CEPAL) prev\u00e9 ahora que el PIB regional crezca un 2,2% en 2026, ligeramente por debajo de su estimaci\u00f3n anterior. M\u00e1s all\u00e1 de la revisi\u00f3n en s\u00ed, la se\u00f1al es clara: la regi\u00f3n sigue atrapada en un patr\u00f3n de bajo crecimiento, con cuatro a\u00f1os consecutivos en torno al 2,3%.  <\/p>\n\n<p>Esta desaceleraci\u00f3n no se produce de forma aislada. Un entorno global m\u00e1s vol\u00e1til \u2014<em>marcado por tensiones geopol\u00edticas, condiciones financieras m\u00e1s restrictivas y renovadas presiones inflacionistas<\/em>\u2014 est\u00e1 reconfigurando el contexto operativo de las industrias del transporte. Los efectos ya son visibles, tanto en el lado de los costes como en los fundamentos de la demanda.  <\/p>\n\n<p>Los precios de la energ\u00eda est\u00e1n emergiendo como un factor central de tensi\u00f3n. A principios de abril, <strong>los precios del petr\u00f3leo se situaban aproximadamente un 74% por encima de sus niveles de diciembre de 2025<\/strong>, seg\u00fan la CEPAL. Tanto para las aerol\u00edneas como para las navieras, esto se traduce en una presi\u00f3n inmediata sobre los m\u00e1rgenes operativos. El combustible sigue siendo el mayor componente de coste para los transportistas, mientras que los operadores mar\u00edtimos afrontan una exposici\u00f3n similar a trav\u00e9s del fuel\u00f3leo marino. En este contexto, incluso una volatilidad moderada de los precios puede alterar r\u00e1pidamente la econom\u00eda de las redes y las estrategias de precios.    <\/p>\n\n<p>Al mismo tiempo, el motor del comercio mundial est\u00e1 perdiendo impulso. <strong>Se espera que los vol\u00famenes comerciales aumenten un 2,7% en 2026<\/strong>, una desaceleraci\u00f3n marcada frente al 4,7% registrado el a\u00f1o anterior, seg\u00fan las proyecciones de la <em>Organizaci\u00f3n Mundial del Comercio<\/em> <em>(OMC)<\/em>. Para el transporte mar\u00edtimo, este cambio dista mucho de ser marginal: un menor crecimiento del comercio suele traducirse directamente en menores vol\u00famenes de carga, una competencia m\u00e1s intensa en las rutas y una actividad portuaria m\u00e1s cautelosa. <\/p>\n\n<p>El segmento de carga a\u00e9rea ofrece una ilustraci\u00f3n concreta de esta tendencia. Aunque la demanda mundial sigue creciendo a un ritmo s\u00f3lido, Am\u00e9rica Latina se est\u00e1 quedando atr\u00e1s. Cifras recientes publicadas por la <em>Asociaci\u00f3n Internacional de Transporte A\u00e9reo<\/em> <em>(IATA)<\/em> muestran que <strong>la demanda de carga en la regi\u00f3n aumenta apenas un 0,7%<\/strong>, frente a un crecimiento de dos d\u00edgitos a nivel mundial. Esta brecha apunta a restricciones estructurales m\u00e1s profundas, incluida una integraci\u00f3n limitada en las cadenas log\u00edsticas globales.   <\/p>\n\n<p>Estas presiones a corto plazo se suman a desaf\u00edos estructurales de larga data. Los costes log\u00edsticos en toda Am\u00e9rica Latina siguen siendo elevados seg\u00fan los est\u00e1ndares internacionales, tal como se destaca en an\u00e1lisis de la <em>CAF \u2013 Banco de Desarrollo de Am\u00e9rica Latina<\/em>. Las brechas de infraestructura, la complejidad regulatoria y las cadenas de suministro fragmentadas contin\u00faan lastrando la eficiencia, reduciendo la competitividad y amplificando el impacto de los shocks externos.  <\/p>\n\n<p>El panorama regional se complica a\u00fan m\u00e1s por fuertes disparidades. Las cifras generales de crecimiento pueden resultar enga\u00f1osas, especialmente en el Caribe. Aunque se espera que la subregi\u00f3n registre una expansi\u00f3n s\u00f3lida en 2026, gran parte de ese desempe\u00f1o est\u00e1 impulsado por Guyana. Al excluir este caso at\u00edpico, se revela una realidad mucho m\u00e1s moderada, con niveles de crecimiento que caen con fuerza, una indicaci\u00f3n de lo desigual que sigue siendo la recuperaci\u00f3n.   <\/p>\n\n<p>La din\u00e1mica de la demanda tambi\u00e9n se est\u00e1 volviendo m\u00e1s fr\u00e1gil. El consumo privado, identificado por la CEPAL como un motor clave del crecimiento, est\u00e1 perdiendo impulso, mientras que se espera que la expansi\u00f3n del empleo se desacelere. Combinadas con una inflaci\u00f3n que supera ligeramente el 3%, estas tendencias sugieren un entorno m\u00e1s restringido tanto para el tr\u00e1fico de pasajeros como para la demanda de carga en los pr\u00f3ximos meses.  <\/p>\n\n<p>En conjunto, estas se\u00f1ales apuntan a un cambio en el panorama del transporte de la regi\u00f3n. El crecimiento ya no est\u00e1 sustentado por fuertes vientos de cola macroecon\u00f3micos, sino que cada vez est\u00e1 m\u00e1s condicionado por la volatilidad de los costes, las ineficiencias estructurales y la debilidad de los flujos comerciales. <\/p>\n\n<p>En este entorno, la adaptaci\u00f3n se convierte en un imperativo estrat\u00e9gico. Ya sea en la aviaci\u00f3n o en el transporte mar\u00edtimo, los operadores deber\u00e1n gestionar una ecuaci\u00f3n m\u00e1s compleja: equilibrar las presiones de costes, la incertidumbre de la demanda y las prioridades de inversi\u00f3n. Como subraya la CEPAL, reforzar la productividad y mejorar la resiliencia ser\u00e1 clave para sostener la competitividad en un periodo definido menos por la expansi\u00f3n que por el ajuste.  <\/p>\n","protected":false},"excerpt":{"rendered":"<p>Se est\u00e1 configurando un ciclo econ\u00f3mico m\u00e1s restringido en toda Am\u00e9rica Latina y el Caribe. En su \u00faltimo informe de perspectivas, publicado el 27 de abril, la Comisi\u00f3n Econ\u00f3mica para Am\u00e9rica Latina y el Caribe (CEPAL) prev\u00e9 ahora que el PIB regional crezca un 2,2% en 2026, ligeramente por debajo de su estimaci\u00f3n anterior. M\u00e1s [&hellip;]<\/p>\n","protected":false},"author":5,"featured_media":23288,"comment_status":"open","ping_status":"closed","sticky":false,"template":"","format":"standard","meta":{"footnotes":""},"categories":[99,120],"tags":[],"class_list":["post-23289","post","type-post","status-publish","format-standard","has-post-thumbnail","hentry","category-aviacion","category-maritimo"],"yoast_head":"<!-- This site is optimized with the Yoast SEO plugin v26.9 - https:\/\/yoast.com\/product\/yoast-seo-wordpress\/ -->\n<title>El d\u00e9bil crecimiento y el aumento de los costes desaf\u00edan a los sectores del transporte en ALC<\/title>\n<meta name=\"description\" content=\"El menor crecimiento, el aumento de los costes del combustible y la debilidad de los flujos comerciales est\u00e1n reconfigurando la din\u00e1mica del transporte a\u00e9reo y mar\u00edtimo en toda ALC en 2026.\" \/>\n<meta name=\"robots\" content=\"index, follow, max-snippet:-1, max-image-preview:large, max-video-preview:-1\" \/>\n<link rel=\"canonical\" href=\"https:\/\/www.latitude-15.com\/es\/el-menor-crecimiento-y-el-aumento-de-los-costes-estan-reconfigurando-la-dinamica-del-transporte-en-america-latina-y-el-caribe\/\" \/>\n<meta property=\"og:locale\" content=\"es_ES\" \/>\n<meta property=\"og:type\" content=\"article\" \/>\n<meta property=\"og:title\" content=\"El d\u00e9bil crecimiento y el aumento de los costes desaf\u00edan a los sectores del transporte en ALC\" \/>\n<meta property=\"og:description\" content=\"El menor crecimiento, el aumento de los costes del combustible y la debilidad de los flujos comerciales est\u00e1n reconfigurando la din\u00e1mica del transporte a\u00e9reo y mar\u00edtimo en toda ALC en 2026.\" \/>\n<meta property=\"og:url\" content=\"https:\/\/www.latitude-15.com\/es\/el-menor-crecimiento-y-el-aumento-de-los-costes-estan-reconfigurando-la-dinamica-del-transporte-en-america-latina-y-el-caribe\/\" \/>\n<meta property=\"og:site_name\" content=\"LATITUDE 15\" \/>\n<meta property=\"article:published_time\" content=\"2026-04-29T18:44:04+00:00\" \/>\n<meta property=\"article:modified_time\" content=\"2026-04-29T18:54:50+00:00\" \/>\n<meta property=\"og:image\" content=\"https:\/\/www.latitude-15.com\/wp-content\/uploads\/2026\/04\/qethsrtjsrtj-1.png\" \/>\n\t<meta property=\"og:image:width\" content=\"1536\" \/>\n\t<meta property=\"og:image:height\" content=\"1024\" \/>\n\t<meta property=\"og:image:type\" content=\"image\/png\" \/>\n<meta name=\"author\" content=\"Joda J\" \/>\n<meta name=\"twitter:card\" content=\"summary_large_image\" \/>\n<meta name=\"twitter:label1\" content=\"Escrito por\" \/>\n\t<meta name=\"twitter:data1\" content=\"Joda J\" \/>\n\t<meta name=\"twitter:label2\" content=\"Tiempo de lectura\" \/>\n\t<meta name=\"twitter:data2\" content=\"4 minutos\" \/>\n<script type=\"application\/ld+json\" class=\"yoast-schema-graph\">{\"@context\":\"https:\/\/schema.org\",\"@graph\":[{\"@type\":\"Article\",\"@id\":\"https:\/\/www.latitude-15.com\/es\/el-menor-crecimiento-y-el-aumento-de-los-costes-estan-reconfigurando-la-dinamica-del-transporte-en-america-latina-y-el-caribe\/#article\",\"isPartOf\":{\"@id\":\"https:\/\/www.latitude-15.com\/es\/el-menor-crecimiento-y-el-aumento-de-los-costes-estan-reconfigurando-la-dinamica-del-transporte-en-america-latina-y-el-caribe\/\"},\"author\":{\"name\":\"Joda J\",\"@id\":\"https:\/\/www.latitude-15.com\/es\/#\/schema\/person\/dac52e7ff44c78317f337da112e37252\"},\"headline\":\"El menor crecimiento y el aumento de los costes est\u00e1n reconfigurando la din\u00e1mica del transporte en Am\u00e9rica Latina y el Caribe\",\"datePublished\":\"2026-04-29T18:44:04+00:00\",\"dateModified\":\"2026-04-29T18:54:50+00:00\",\"mainEntityOfPage\":{\"@id\":\"https:\/\/www.latitude-15.com\/es\/el-menor-crecimiento-y-el-aumento-de-los-costes-estan-reconfigurando-la-dinamica-del-transporte-en-america-latina-y-el-caribe\/\"},\"wordCount\":844,\"commentCount\":0,\"publisher\":{\"@id\":\"https:\/\/www.latitude-15.com\/es\/#organization\"},\"image\":{\"@id\":\"https:\/\/www.latitude-15.com\/es\/el-menor-crecimiento-y-el-aumento-de-los-costes-estan-reconfigurando-la-dinamica-del-transporte-en-america-latina-y-el-caribe\/#primaryimage\"},\"thumbnailUrl\":\"https:\/\/www.latitude-15.com\/wp-content\/uploads\/2026\/04\/qethsrtjsrtj-1.png\",\"articleSection\":[\"AVIACI\u00d3N\",\"MAR\u00cdTIMO\"],\"inLanguage\":\"es\",\"potentialAction\":[{\"@type\":\"CommentAction\",\"name\":\"Comment\",\"target\":[\"https:\/\/www.latitude-15.com\/es\/el-menor-crecimiento-y-el-aumento-de-los-costes-estan-reconfigurando-la-dinamica-del-transporte-en-america-latina-y-el-caribe\/#respond\"]}]},{\"@type\":\"WebPage\",\"@id\":\"https:\/\/www.latitude-15.com\/es\/el-menor-crecimiento-y-el-aumento-de-los-costes-estan-reconfigurando-la-dinamica-del-transporte-en-america-latina-y-el-caribe\/\",\"url\":\"https:\/\/www.latitude-15.com\/es\/el-menor-crecimiento-y-el-aumento-de-los-costes-estan-reconfigurando-la-dinamica-del-transporte-en-america-latina-y-el-caribe\/\",\"name\":\"El d\u00e9bil crecimiento y el aumento de los costes desaf\u00edan a los sectores del transporte en ALC\",\"isPartOf\":{\"@id\":\"https:\/\/www.latitude-15.com\/es\/#website\"},\"primaryImageOfPage\":{\"@id\":\"https:\/\/www.latitude-15.com\/es\/el-menor-crecimiento-y-el-aumento-de-los-costes-estan-reconfigurando-la-dinamica-del-transporte-en-america-latina-y-el-caribe\/#primaryimage\"},\"image\":{\"@id\":\"https:\/\/www.latitude-15.com\/es\/el-menor-crecimiento-y-el-aumento-de-los-costes-estan-reconfigurando-la-dinamica-del-transporte-en-america-latina-y-el-caribe\/#primaryimage\"},\"thumbnailUrl\":\"https:\/\/www.latitude-15.com\/wp-content\/uploads\/2026\/04\/qethsrtjsrtj-1.png\",\"datePublished\":\"2026-04-29T18:44:04+00:00\",\"dateModified\":\"2026-04-29T18:54:50+00:00\",\"description\":\"El menor crecimiento, el aumento de los costes del combustible y la debilidad de los flujos comerciales est\u00e1n reconfigurando la din\u00e1mica del transporte a\u00e9reo y mar\u00edtimo en toda ALC en 2026.\",\"breadcrumb\":{\"@id\":\"https:\/\/www.latitude-15.com\/es\/el-menor-crecimiento-y-el-aumento-de-los-costes-estan-reconfigurando-la-dinamica-del-transporte-en-america-latina-y-el-caribe\/#breadcrumb\"},\"inLanguage\":\"es\",\"potentialAction\":[{\"@type\":\"ReadAction\",\"target\":[\"https:\/\/www.latitude-15.com\/es\/el-menor-crecimiento-y-el-aumento-de-los-costes-estan-reconfigurando-la-dinamica-del-transporte-en-america-latina-y-el-caribe\/\"]}]},{\"@type\":\"ImageObject\",\"inLanguage\":\"es\",\"@id\":\"https:\/\/www.latitude-15.com\/es\/el-menor-crecimiento-y-el-aumento-de-los-costes-estan-reconfigurando-la-dinamica-del-transporte-en-america-latina-y-el-caribe\/#primaryimage\",\"url\":\"https:\/\/www.latitude-15.com\/wp-content\/uploads\/2026\/04\/qethsrtjsrtj-1.png\",\"contentUrl\":\"https:\/\/www.latitude-15.com\/wp-content\/uploads\/2026\/04\/qethsrtjsrtj-1.png\",\"width\":1536,\"height\":1024,\"caption\":\"transporte\"},{\"@type\":\"BreadcrumbList\",\"@id\":\"https:\/\/www.latitude-15.com\/es\/el-menor-crecimiento-y-el-aumento-de-los-costes-estan-reconfigurando-la-dinamica-del-transporte-en-america-latina-y-el-caribe\/#breadcrumb\",\"itemListElement\":[{\"@type\":\"ListItem\",\"position\":1,\"name\":\"Home\",\"item\":\"https:\/\/www.latitude-15.com\/es\/inicio\/\"},{\"@type\":\"ListItem\",\"position\":2,\"name\":\"El menor crecimiento y el aumento de los costes est\u00e1n reconfigurando la din\u00e1mica del transporte en Am\u00e9rica Latina y el Caribe\"}]},{\"@type\":\"WebSite\",\"@id\":\"https:\/\/www.latitude-15.com\/es\/#website\",\"url\":\"https:\/\/www.latitude-15.com\/es\/\",\"name\":\"LATITUDE 15\",\"description\":\"Aviation and maritime Magazine - Caribbean &amp; Latin America\",\"publisher\":{\"@id\":\"https:\/\/www.latitude-15.com\/es\/#organization\"},\"potentialAction\":[{\"@type\":\"SearchAction\",\"target\":{\"@type\":\"EntryPoint\",\"urlTemplate\":\"https:\/\/www.latitude-15.com\/es\/?s={search_term_string}\"},\"query-input\":{\"@type\":\"PropertyValueSpecification\",\"valueRequired\":true,\"valueName\":\"search_term_string\"}}],\"inLanguage\":\"es\"},{\"@type\":\"Organization\",\"@id\":\"https:\/\/www.latitude-15.com\/es\/#organization\",\"name\":\"LATITUDE 15\",\"url\":\"https:\/\/www.latitude-15.com\/es\/\",\"logo\":{\"@type\":\"ImageObject\",\"inLanguage\":\"es\",\"@id\":\"https:\/\/www.latitude-15.com\/es\/#\/schema\/logo\/image\/\",\"url\":\"https:\/\/www.latitude-15.com\/wp-content\/uploads\/2026\/01\/cropped-logox500px.png\",\"contentUrl\":\"https:\/\/www.latitude-15.com\/wp-content\/uploads\/2026\/01\/cropped-logox500px.png\",\"width\":62,\"height\":75,\"caption\":\"LATITUDE 15\"},\"image\":{\"@id\":\"https:\/\/www.latitude-15.com\/es\/#\/schema\/logo\/image\/\"}},{\"@type\":\"Person\",\"@id\":\"https:\/\/www.latitude-15.com\/es\/#\/schema\/person\/dac52e7ff44c78317f337da112e37252\",\"name\":\"Joda J\",\"image\":{\"@type\":\"ImageObject\",\"inLanguage\":\"es\",\"@id\":\"https:\/\/www.latitude-15.com\/es\/#\/schema\/person\/image\/\",\"url\":\"https:\/\/secure.gravatar.com\/avatar\/6b1feae555e15404b76616f92d931d12b25ac58024f14ccb43d9d3c012e4c4cf?s=96&d=mm&r=g\",\"contentUrl\":\"https:\/\/secure.gravatar.com\/avatar\/6b1feae555e15404b76616f92d931d12b25ac58024f14ccb43d9d3c012e4c4cf?s=96&d=mm&r=g\",\"caption\":\"Joda J\"},\"url\":\"https:\/\/www.latitude-15.com\/es\/author\/joda\/\"}]}<\/script>\n<!-- \/ Yoast SEO plugin. -->","yoast_head_json":{"title":"El d\u00e9bil crecimiento y el aumento de los costes desaf\u00edan a los sectores del transporte en ALC","description":"El menor crecimiento, el aumento de los costes del combustible y la debilidad de los flujos comerciales est\u00e1n reconfigurando la din\u00e1mica del transporte a\u00e9reo y mar\u00edtimo en toda ALC en 2026.","robots":{"index":"index","follow":"follow","max-snippet":"max-snippet:-1","max-image-preview":"max-image-preview:large","max-video-preview":"max-video-preview:-1"},"canonical":"https:\/\/www.latitude-15.com\/es\/el-menor-crecimiento-y-el-aumento-de-los-costes-estan-reconfigurando-la-dinamica-del-transporte-en-america-latina-y-el-caribe\/","og_locale":"es_ES","og_type":"article","og_title":"El d\u00e9bil crecimiento y el aumento de los costes desaf\u00edan a los sectores del transporte en ALC","og_description":"El menor crecimiento, el aumento de los costes del combustible y la debilidad de los flujos comerciales est\u00e1n reconfigurando la din\u00e1mica del transporte a\u00e9reo y mar\u00edtimo en toda ALC en 2026.","og_url":"https:\/\/www.latitude-15.com\/es\/el-menor-crecimiento-y-el-aumento-de-los-costes-estan-reconfigurando-la-dinamica-del-transporte-en-america-latina-y-el-caribe\/","og_site_name":"LATITUDE 15","article_published_time":"2026-04-29T18:44:04+00:00","article_modified_time":"2026-04-29T18:54:50+00:00","og_image":[{"width":1536,"height":1024,"url":"https:\/\/www.latitude-15.com\/wp-content\/uploads\/2026\/04\/qethsrtjsrtj-1.png","type":"image\/png"}],"author":"Joda J","twitter_card":"summary_large_image","twitter_misc":{"Escrito por":"Joda J","Tiempo de lectura":"4 minutos"},"schema":{"@context":"https:\/\/schema.org","@graph":[{"@type":"Article","@id":"https:\/\/www.latitude-15.com\/es\/el-menor-crecimiento-y-el-aumento-de-los-costes-estan-reconfigurando-la-dinamica-del-transporte-en-america-latina-y-el-caribe\/#article","isPartOf":{"@id":"https:\/\/www.latitude-15.com\/es\/el-menor-crecimiento-y-el-aumento-de-los-costes-estan-reconfigurando-la-dinamica-del-transporte-en-america-latina-y-el-caribe\/"},"author":{"name":"Joda J","@id":"https:\/\/www.latitude-15.com\/es\/#\/schema\/person\/dac52e7ff44c78317f337da112e37252"},"headline":"El menor crecimiento y el aumento de los costes est\u00e1n reconfigurando la din\u00e1mica del transporte en Am\u00e9rica Latina y el Caribe","datePublished":"2026-04-29T18:44:04+00:00","dateModified":"2026-04-29T18:54:50+00:00","mainEntityOfPage":{"@id":"https:\/\/www.latitude-15.com\/es\/el-menor-crecimiento-y-el-aumento-de-los-costes-estan-reconfigurando-la-dinamica-del-transporte-en-america-latina-y-el-caribe\/"},"wordCount":844,"commentCount":0,"publisher":{"@id":"https:\/\/www.latitude-15.com\/es\/#organization"},"image":{"@id":"https:\/\/www.latitude-15.com\/es\/el-menor-crecimiento-y-el-aumento-de-los-costes-estan-reconfigurando-la-dinamica-del-transporte-en-america-latina-y-el-caribe\/#primaryimage"},"thumbnailUrl":"https:\/\/www.latitude-15.com\/wp-content\/uploads\/2026\/04\/qethsrtjsrtj-1.png","articleSection":["AVIACI\u00d3N","MAR\u00cdTIMO"],"inLanguage":"es","potentialAction":[{"@type":"CommentAction","name":"Comment","target":["https:\/\/www.latitude-15.com\/es\/el-menor-crecimiento-y-el-aumento-de-los-costes-estan-reconfigurando-la-dinamica-del-transporte-en-america-latina-y-el-caribe\/#respond"]}]},{"@type":"WebPage","@id":"https:\/\/www.latitude-15.com\/es\/el-menor-crecimiento-y-el-aumento-de-los-costes-estan-reconfigurando-la-dinamica-del-transporte-en-america-latina-y-el-caribe\/","url":"https:\/\/www.latitude-15.com\/es\/el-menor-crecimiento-y-el-aumento-de-los-costes-estan-reconfigurando-la-dinamica-del-transporte-en-america-latina-y-el-caribe\/","name":"El d\u00e9bil crecimiento y el aumento de los costes desaf\u00edan a los sectores del transporte en ALC","isPartOf":{"@id":"https:\/\/www.latitude-15.com\/es\/#website"},"primaryImageOfPage":{"@id":"https:\/\/www.latitude-15.com\/es\/el-menor-crecimiento-y-el-aumento-de-los-costes-estan-reconfigurando-la-dinamica-del-transporte-en-america-latina-y-el-caribe\/#primaryimage"},"image":{"@id":"https:\/\/www.latitude-15.com\/es\/el-menor-crecimiento-y-el-aumento-de-los-costes-estan-reconfigurando-la-dinamica-del-transporte-en-america-latina-y-el-caribe\/#primaryimage"},"thumbnailUrl":"https:\/\/www.latitude-15.com\/wp-content\/uploads\/2026\/04\/qethsrtjsrtj-1.png","datePublished":"2026-04-29T18:44:04+00:00","dateModified":"2026-04-29T18:54:50+00:00","description":"El menor crecimiento, el aumento de los costes del combustible y la debilidad de los flujos comerciales est\u00e1n reconfigurando la din\u00e1mica del transporte a\u00e9reo y mar\u00edtimo en toda ALC en 2026.","breadcrumb":{"@id":"https:\/\/www.latitude-15.com\/es\/el-menor-crecimiento-y-el-aumento-de-los-costes-estan-reconfigurando-la-dinamica-del-transporte-en-america-latina-y-el-caribe\/#breadcrumb"},"inLanguage":"es","potentialAction":[{"@type":"ReadAction","target":["https:\/\/www.latitude-15.com\/es\/el-menor-crecimiento-y-el-aumento-de-los-costes-estan-reconfigurando-la-dinamica-del-transporte-en-america-latina-y-el-caribe\/"]}]},{"@type":"ImageObject","inLanguage":"es","@id":"https:\/\/www.latitude-15.com\/es\/el-menor-crecimiento-y-el-aumento-de-los-costes-estan-reconfigurando-la-dinamica-del-transporte-en-america-latina-y-el-caribe\/#primaryimage","url":"https:\/\/www.latitude-15.com\/wp-content\/uploads\/2026\/04\/qethsrtjsrtj-1.png","contentUrl":"https:\/\/www.latitude-15.com\/wp-content\/uploads\/2026\/04\/qethsrtjsrtj-1.png","width":1536,"height":1024,"caption":"transporte"},{"@type":"BreadcrumbList","@id":"https:\/\/www.latitude-15.com\/es\/el-menor-crecimiento-y-el-aumento-de-los-costes-estan-reconfigurando-la-dinamica-del-transporte-en-america-latina-y-el-caribe\/#breadcrumb","itemListElement":[{"@type":"ListItem","position":1,"name":"Home","item":"https:\/\/www.latitude-15.com\/es\/inicio\/"},{"@type":"ListItem","position":2,"name":"El menor crecimiento y el aumento de los costes est\u00e1n reconfigurando la din\u00e1mica del transporte en Am\u00e9rica Latina y el Caribe"}]},{"@type":"WebSite","@id":"https:\/\/www.latitude-15.com\/es\/#website","url":"https:\/\/www.latitude-15.com\/es\/","name":"LATITUDE 15","description":"Aviation and maritime Magazine - Caribbean &amp; Latin America","publisher":{"@id":"https:\/\/www.latitude-15.com\/es\/#organization"},"potentialAction":[{"@type":"SearchAction","target":{"@type":"EntryPoint","urlTemplate":"https:\/\/www.latitude-15.com\/es\/?s={search_term_string}"},"query-input":{"@type":"PropertyValueSpecification","valueRequired":true,"valueName":"search_term_string"}}],"inLanguage":"es"},{"@type":"Organization","@id":"https:\/\/www.latitude-15.com\/es\/#organization","name":"LATITUDE 15","url":"https:\/\/www.latitude-15.com\/es\/","logo":{"@type":"ImageObject","inLanguage":"es","@id":"https:\/\/www.latitude-15.com\/es\/#\/schema\/logo\/image\/","url":"https:\/\/www.latitude-15.com\/wp-content\/uploads\/2026\/01\/cropped-logox500px.png","contentUrl":"https:\/\/www.latitude-15.com\/wp-content\/uploads\/2026\/01\/cropped-logox500px.png","width":62,"height":75,"caption":"LATITUDE 15"},"image":{"@id":"https:\/\/www.latitude-15.com\/es\/#\/schema\/logo\/image\/"}},{"@type":"Person","@id":"https:\/\/www.latitude-15.com\/es\/#\/schema\/person\/dac52e7ff44c78317f337da112e37252","name":"Joda J","image":{"@type":"ImageObject","inLanguage":"es","@id":"https:\/\/www.latitude-15.com\/es\/#\/schema\/person\/image\/","url":"https:\/\/secure.gravatar.com\/avatar\/6b1feae555e15404b76616f92d931d12b25ac58024f14ccb43d9d3c012e4c4cf?s=96&d=mm&r=g","contentUrl":"https:\/\/secure.gravatar.com\/avatar\/6b1feae555e15404b76616f92d931d12b25ac58024f14ccb43d9d3c012e4c4cf?s=96&d=mm&r=g","caption":"Joda J"},"url":"https:\/\/www.latitude-15.com\/es\/author\/joda\/"}]}},"_links":{"self":[{"href":"https:\/\/www.latitude-15.com\/es\/wp-json\/wp\/v2\/posts\/23289","targetHints":{"allow":["GET"]}}],"collection":[{"href":"https:\/\/www.latitude-15.com\/es\/wp-json\/wp\/v2\/posts"}],"about":[{"href":"https:\/\/www.latitude-15.com\/es\/wp-json\/wp\/v2\/types\/post"}],"author":[{"embeddable":true,"href":"https:\/\/www.latitude-15.com\/es\/wp-json\/wp\/v2\/users\/5"}],"replies":[{"embeddable":true,"href":"https:\/\/www.latitude-15.com\/es\/wp-json\/wp\/v2\/comments?post=23289"}],"version-history":[{"count":1,"href":"https:\/\/www.latitude-15.com\/es\/wp-json\/wp\/v2\/posts\/23289\/revisions"}],"predecessor-version":[{"id":23290,"href":"https:\/\/www.latitude-15.com\/es\/wp-json\/wp\/v2\/posts\/23289\/revisions\/23290"}],"wp:featuredmedia":[{"embeddable":true,"href":"https:\/\/www.latitude-15.com\/es\/wp-json\/wp\/v2\/media\/23288"}],"wp:attachment":[{"href":"https:\/\/www.latitude-15.com\/es\/wp-json\/wp\/v2\/media?parent=23289"}],"wp:term":[{"taxonomy":"category","embeddable":true,"href":"https:\/\/www.latitude-15.com\/es\/wp-json\/wp\/v2\/categories?post=23289"},{"taxonomy":"post_tag","embeddable":true,"href":"https:\/\/www.latitude-15.com\/es\/wp-json\/wp\/v2\/tags?post=23289"}],"curies":[{"name":"wp","href":"https:\/\/api.w.org\/{rel}","templated":true}]}}