{"id":23235,"date":"2026-04-28T09:40:00","date_gmt":"2026-04-28T13:40:00","guid":{"rendered":"https:\/\/www.latitude-15.com\/net-zero-vs-conectividad-el-trade-off-clave-de-la-aviacion-en-america-latina\/"},"modified":"2026-04-28T13:37:35","modified_gmt":"2026-04-28T17:37:35","slug":"net-zero-vs-conectividad-el-trade-off-clave-de-la-aviacion-en-america-latina","status":"publish","type":"post","link":"https:\/\/www.latitude-15.com\/es\/net-zero-vs-conectividad-el-trade-off-clave-de-la-aviacion-en-america-latina\/","title":{"rendered":"Net Zero vs Conectividad: el trade-off clave de la aviaci\u00f3n en Am\u00e9rica Latina"},"content":{"rendered":"\n<p>La industria de la aviaci\u00f3n en Am\u00e9rica Latina y el Caribe est\u00e1 entrando en una fase decisiva. A medida que se aceleran los compromisos globales para alcanzar emisiones netas cero para 2050, la regi\u00f3n enfrenta un dilema estructural: c\u00f3mo descarbonizar sin comprometer la conectividad en un mercado donde la aviaci\u00f3n sigue siendo un motor fundamental de inclusi\u00f3n econ\u00f3mica. <\/p>\n\n<p>Un <em><a href=\"https:\/\/alta.aero\/sustainability-roadmap\/\">estudio reciente de la Latin American and Caribbean Air Transport Association (ALTA)<\/a><\/em>, desarrollado junto con ICF, presenta este desaf\u00edo con especial claridad. La cuesti\u00f3n no es \u00fanicamente tecnol\u00f3gica \u2014 es econ\u00f3mica, sist\u00e9mica y profundamente vinculada a la trayectoria de desarrollo de la regi\u00f3n. <\/p>\n\n<h2 class=\"wp-block-heading\">Un mercado en crecimiento marcado por una dependencia estructural<\/h2>\n\n<p>La aviaci\u00f3n en Am\u00e9rica Latina y el Caribe no es un mercado maduro ajust\u00e1ndose en los m\u00e1rgenes \u2014 es un sistema en desarrollo que contin\u00faa expandiendo su funci\u00f3n central. El sector aporta el 3,6% del PIB regional y sostiene cerca del 3% del empleo, mientras sigue estando significativamente subpenetrado en comparaci\u00f3n con los est\u00e1ndares globales. <\/p>\n\n<p>La intensidad del transporte a\u00e9reo ilustra esta brecha. Mientras que los pasajeros en Am\u00e9rica del Norte realizan en promedio alrededor de 2,5 viajes por a\u00f1o, la cifra se mantiene por debajo de uno en la mayor\u00eda de los mercados latinoamericanos. Esto no refleja saturaci\u00f3n, sino demanda latente. La conectividad no es opcional \u2014 es esencial, especialmente en una regi\u00f3n caracterizada por la fragmentaci\u00f3n geogr\u00e1fica, una infraestructura terrestre limitada y centros econ\u00f3micos dispersos.   <\/p>\n\n<p>En este contexto, el crecimiento proyectado del tr\u00e1fico \u2014 impulsado por la demograf\u00eda, la urbanizaci\u00f3n y la integraci\u00f3n regional \u2014 est\u00e1 estructuralmente integrado. La expansi\u00f3n de la aviaci\u00f3n no es una opci\u00f3n; es un requisito para la inclusi\u00f3n econ\u00f3mica y la cohesi\u00f3n territorial. <\/p>\n\n<h2 class=\"wp-block-heading\">Un objetivo global frente a asimetr\u00edas regionales<\/h2>\n\n<p>El compromiso de la industria de alcanzar emisiones netas cero para 2050, formalizado a trav\u00e9s del Long-Term Aspirational Goal (LTAG) de la ICAO, establece una direcci\u00f3n com\u00fan. Sin embargo, el estudio de ALTA subraya un punto cr\u00edtico: el camino no puede ser uniforme. <\/p>\n\n<p>Am\u00e9rica Latina opera bajo condiciones econ\u00f3micas significativamente diferentes. El PIB per c\u00e1pita sigue siendo mucho m\u00e1s bajo que en Europa o Am\u00e9rica del Norte, lo que limita tanto la capacidad de financiaci\u00f3n p\u00fablica como la capacidad de los pasajeros para absorber aumentos de costos. Al mismo tiempo, la aviaci\u00f3n desempe\u00f1a un papel m\u00e1s esencial en el acceso a la salud, la educaci\u00f3n, el turismo y el comercio.  <\/p>\n\n<p>Aplicar modelos de descarbonizaci\u00f3n desarrollados para mercados maduros \u2014 donde la demanda es m\u00e1s resiliente y existen alternativas \u2014 podr\u00eda generar consecuencias no deseadas. En Am\u00e9rica Latina, el margen de ajuste es m\u00e1s reducido y el costo de una mala alineaci\u00f3n es considerablemente mayor. <\/p>\n\n<h2 class=\"wp-block-heading\">Ganancias de eficiencia ya en marcha<\/h2>\n\n<p>A diferencia de algunas percepciones, la regi\u00f3n no parte de una situaci\u00f3n de retraso. Las aerol\u00edneas de Am\u00e9rica Latina y el Caribe ya operan una de las flotas m\u00e1s eficientes del mundo, con un 38% de la capacidad operada por aeronaves de nueva generaci\u00f3n, una proporci\u00f3n superior a la de Europa o Am\u00e9rica del Norte. <\/p>\n\n<p>Esta modernizaci\u00f3n \u2014 respaldada por inversiones de decenas de miles de millones de d\u00f3lares \u2014 ha generado mejoras en la eficiencia del combustible de entre 15% y 20% por aeronave. Al mismo tiempo, las mejoras operativas en rutas, operaciones en tierra y digitalizaci\u00f3n ofrecen un potencial de reducci\u00f3n de emisiones de hasta 11% para 2050. <\/p>\n\n<p>Estas medidas representan las palancas m\u00e1s inmediatas y rentables disponibles. Sin embargo, su implementaci\u00f3n completa depende de la coordinaci\u00f3n a nivel de todo el sistema \u2014 aeropuertos, proveedores de servicios de navegaci\u00f3n a\u00e9rea y reguladores \u2014 lo que demuestra que la eficiencia ya no depende \u00fanicamente de las aerol\u00edneas, sino del alineamiento del ecosistema. <\/p>\n\n<h2 class=\"wp-block-heading\">SAF: la piedra angular \u2014 y un riesgo sist\u00e9mico<\/h2>\n\n<p>El Sustainable Aviation Fuel (SAF) es ampliamente reconocido como la piedra angular de la descarbonizaci\u00f3n a largo plazo. Su compatibilidad con aeronaves e infraestructuras existentes lo convierte en una soluci\u00f3n potencialmente escalable. En la pr\u00e1ctica, sin embargo, introduce la mayor tensi\u00f3n econ\u00f3mica.  <\/p>\n\n<p>El estudio de ALTA cuantifica esta brecha: el SAF es actualmente entre tres y doce veces m\u00e1s caro que el combustible de aviaci\u00f3n convencional. Si se implementa a gran escala sin mecanismos de apoyo, podr\u00eda a\u00f1adir aproximadamente 43 d\u00f3lares por asiento para 2050, lo que llevar\u00eda a una posible reducci\u00f3n del 30% en el tr\u00e1fico a\u00e9reo. <\/p>\n\n<p>Las implicaciones van m\u00e1s all\u00e1 de las aerol\u00edneas. Una contracci\u00f3n de esta magnitud supondr\u00eda una p\u00e9rdida estimada de 156.000 millones de d\u00f3lares en valor econ\u00f3mico, afectando al turismo, el comercio y la integraci\u00f3n regional. <\/p>\n\n<p>Adem\u00e1s del precio, el despliegue del SAF en la regi\u00f3n est\u00e1 limitado por restricciones estructurales del lado de la oferta. La disponibilidad de materias primas sigue siendo fragmentada, las tecnolog\u00edas de producci\u00f3n a\u00fan no est\u00e1n plenamente escaladas y la demanda competidora del transporte terrestre contin\u00faa desviando inversiones. Como resultado, el SAF no solo es caro \u2014 tambi\u00e9n es escaso, y su calendario de expansi\u00f3n industrial sigue siendo incierto.  <\/p>\n\n<p>En una regi\u00f3n con alta sensibilidad al precio y una conectividad desigual, la transferencia de costos no es un factor neutro. Afecta directamente al acceso, convirtiendo al SAF no solo en una soluci\u00f3n ambiental, sino en un riesgo estructural si se despliega sin coordinaci\u00f3n. <\/p>\n\n<h2 class=\"wp-block-heading\">Mercados de carbono: una palanca estrat\u00e9gica<\/h2>\n\n<p>Si el SAF representa el principal desaf\u00edo, los mercados de carbono pueden representar la mayor ventaja estrat\u00e9gica de la regi\u00f3n.<\/p>\n\n<p>Am\u00e9rica Latina y el Caribe generan el 23% de los cr\u00e9ditos de carbono globales, mientras contribuyen solo con el 6,7% de las emisiones. Esto refleja el capital natural de la regi\u00f3n \u2014 sus bosques, biodiversidad y capacidad para desarrollar soluciones basadas en la naturaleza. <\/p>\n\n<p>Esta din\u00e1mica posiciona a la regi\u00f3n no solo como participante en la transici\u00f3n, sino como un potencial exportador de capacidad de descarbonizaci\u00f3n. A medida que crece la demanda global de cr\u00e9ditos de carbono de alta calidad, la regi\u00f3n podr\u00eda desempe\u00f1ar un doble papel: apoyar su propia transici\u00f3n y suministrar mecanismos de compensaci\u00f3n a otros mercados. <\/p>\n\n<p>Sin embargo, materializar este potencial requiere m\u00e1s que recursos naturales. Ser\u00e1 esencial garantizar la alineaci\u00f3n regulatoria, sistemas s\u00f3lidos de monitoreo y verificaci\u00f3n, e integraci\u00f3n con marcos internacionales como CORSIA. <\/p>\n\n<h2 class=\"wp-block-heading\">La ecuaci\u00f3n real: gestionar trade-offs bajo restricci\u00f3n<\/h2>\n\n<p>En esencia, la transici\u00f3n hacia emisiones netas cero en la aviaci\u00f3n latinoamericana no consiste en elegir la \u201cmejor\u201d soluci\u00f3n, sino en gestionar trade-offs bajo restricciones.<\/p>\n\n<p>El estudio lo muestra claramente mediante escenarios. Una mezcla de 20% de SAF para 2050 podr\u00eda reducir la demanda de tr\u00e1fico en casi un 20%, con efectos mayores a niveles m\u00e1s altos. Por otro lado, una dependencia excesiva de los mercados de carbono introduce incertidumbres relacionadas con la disponibilidad, los precios y la integridad.  <\/p>\n\n<p>Para los responsables pol\u00edticos y los l\u00edderes del sector, cada punto porcentual adicional de adopci\u00f3n de SAF tiene un impacto medible en la demanda, mientras que un progreso insuficiente en la descarbonizaci\u00f3n puede generar presi\u00f3n regulatoria y de mercado a nivel global.<\/p>\n\n<p>No se trata \u00fanicamente de una ecuaci\u00f3n ambiental \u2014 es un equilibrio estrat\u00e9gico entre costos, acceso y objetivos clim\u00e1ticos.<\/p>\n\n<h2 class=\"wp-block-heading\">Pol\u00edtica p\u00fablica, capital y coordinaci\u00f3n como habilitadores<\/h2>\n\n<p>Alcanzar este equilibrio depender\u00e1 de acciones coordinadas en todo el ecosistema de la aviaci\u00f3n. Los gobiernos desempe\u00f1an un papel central al definir incentivos fiscales, marcos regulatorios e inversiones en infraestructura. <\/p>\n\n<p>Medidas espec\u00edficas \u2014 como subsidios al SAF, tarifas aeroportuarias diferenciadas y apoyo al desarrollo de mercados de carbono \u2014 pueden mitigar impactos de costos y acelerar la adopci\u00f3n. Al mismo tiempo, la financiaci\u00f3n internacional y la transferencia de tecnolog\u00eda ser\u00e1n clave para cerrar la brecha de inversi\u00f3n. <\/p>\n\n<p>En un entorno global donde el capital se orienta cada vez m\u00e1s hacia proyectos de transici\u00f3n energ\u00e9tica, la aviaci\u00f3n latinoamericana debe competir con mercados m\u00e1s maduros y fuertemente subsidiados. Esto refuerza la necesidad de marcos pol\u00edticos coherentes y coordinados para atraer inversi\u00f3n y reducir riesgos. <\/p>\n\n<p>El alineamiento regional tambi\u00e9n ser\u00e1 fundamental. Regulaciones armonizadas, est\u00e1ndares compartidos y cadenas de suministro integradas pueden reducir la fragmentaci\u00f3n y permitir econom\u00edas de escala, especialmente en \u00e1reas emergentes como el SAF. <\/p>\n\n<h2 class=\"wp-block-heading\">Una trayectoria diferenciada hacia el net zero<\/h2>\n\n<p>La aviaci\u00f3n en Am\u00e9rica Latina y el Caribe no est\u00e1 resistiendo la transici\u00f3n \u2014 est\u00e1 redefiniendo c\u00f3mo debe llevarse a cabo.<\/p>\n\n<p>En una regi\u00f3n donde la aviaci\u00f3n sostiene la inclusi\u00f3n econ\u00f3mica y la cohesi\u00f3n territorial, la descarbonizaci\u00f3n no puede darse a costa de la conectividad. El desaf\u00edo consiste en dise\u00f1ar una trayectoria que preserve el crecimiento mientras reduce progresivamente las emisiones. <\/p>\n\n<p>Esto implica una estrategia diferenciada \u2014 que refleje las restricciones locales, aproveche las fortalezas regionales e integre los objetivos clim\u00e1ticos con las prioridades de desarrollo.<\/p>\n\n<p>En este sentido, la regi\u00f3n no solo se adapta a una agenda global. Est\u00e1 contribuyendo a definir lo que significa una transici\u00f3n de la aviaci\u00f3n realista, escalable e inclusiva. <\/p>\n","protected":false},"excerpt":{"rendered":"<p>La industria de la aviaci\u00f3n en Am\u00e9rica Latina y el Caribe est\u00e1 entrando en una fase decisiva. A medida que se aceleran los compromisos globales para alcanzar emisiones netas cero para 2050, la regi\u00f3n enfrenta un dilema estructural: c\u00f3mo descarbonizar sin comprometer la conectividad en un mercado donde la aviaci\u00f3n sigue siendo un motor fundamental [&hellip;]<\/p>\n","protected":false},"author":5,"featured_media":23234,"comment_status":"open","ping_status":"closed","sticky":false,"template":"","format":"standard","meta":{"footnotes":""},"categories":[99,114],"tags":[],"class_list":["post-23235","post","type-post","status-publish","format-standard","has-post-thumbnail","hentry","category-aviacion","category-sostenibilidad-y-transicion-energetica"],"yoast_head":"<!-- This site is optimized with the Yoast SEO plugin v26.9 - https:\/\/yoast.com\/product\/yoast-seo-wordpress\/ -->\n<title>Net Zero vs Conectividad: el trade-off clave de la aviaci\u00f3n en Am\u00e9rica Latina - LATITUDE 15<\/title>\n<meta name=\"description\" content=\"La aviaci\u00f3n latinoamericana se enfrenta a un dilema de cero neto: descarbonizar sin reducir la conectividad. Un estudio de ALTA traza una v\u00eda singular.\" \/>\n<meta name=\"robots\" content=\"index, follow, max-snippet:-1, max-image-preview:large, max-video-preview:-1\" \/>\n<link rel=\"canonical\" href=\"https:\/\/www.latitude-15.com\/es\/net-zero-vs-conectividad-el-trade-off-clave-de-la-aviacion-en-america-latina\/\" \/>\n<meta property=\"og:locale\" content=\"es_ES\" \/>\n<meta property=\"og:type\" content=\"article\" \/>\n<meta property=\"og:title\" content=\"Net Zero vs Conectividad: el trade-off clave de la aviaci\u00f3n en Am\u00e9rica Latina - LATITUDE 15\" \/>\n<meta property=\"og:description\" content=\"La aviaci\u00f3n latinoamericana se enfrenta a un dilema de cero neto: descarbonizar sin reducir la conectividad. Un estudio de ALTA traza una v\u00eda singular.\" \/>\n<meta property=\"og:url\" content=\"https:\/\/www.latitude-15.com\/es\/net-zero-vs-conectividad-el-trade-off-clave-de-la-aviacion-en-america-latina\/\" \/>\n<meta property=\"og:site_name\" content=\"LATITUDE 15\" \/>\n<meta property=\"article:published_time\" content=\"2026-04-28T13:40:00+00:00\" \/>\n<meta property=\"article:modified_time\" content=\"2026-04-28T17:37:35+00:00\" \/>\n<meta property=\"og:image\" content=\"https:\/\/www.latitude-15.com\/wp-content\/uploads\/2026\/04\/img6351017-1024x683.png\" \/>\n\t<meta property=\"og:image:width\" content=\"1024\" \/>\n\t<meta property=\"og:image:height\" content=\"683\" \/>\n\t<meta property=\"og:image:type\" content=\"image\/png\" \/>\n<meta name=\"author\" content=\"Joda J\" \/>\n<meta name=\"twitter:card\" content=\"summary_large_image\" \/>\n<meta name=\"twitter:label1\" content=\"Escrito por\" \/>\n\t<meta name=\"twitter:data1\" content=\"Joda J\" \/>\n\t<meta name=\"twitter:label2\" content=\"Tiempo de lectura\" \/>\n\t<meta name=\"twitter:data2\" content=\"8 minutos\" \/>\n<script type=\"application\/ld+json\" class=\"yoast-schema-graph\">{\"@context\":\"https:\/\/schema.org\",\"@graph\":[{\"@type\":\"Article\",\"@id\":\"https:\/\/www.latitude-15.com\/es\/net-zero-vs-conectividad-el-trade-off-clave-de-la-aviacion-en-america-latina\/#article\",\"isPartOf\":{\"@id\":\"https:\/\/www.latitude-15.com\/es\/net-zero-vs-conectividad-el-trade-off-clave-de-la-aviacion-en-america-latina\/\"},\"author\":{\"name\":\"Joda J\",\"@id\":\"https:\/\/www.latitude-15.com\/es\/#\/schema\/person\/dac52e7ff44c78317f337da112e37252\"},\"headline\":\"Net Zero vs Conectividad: el trade-off clave de la aviaci\u00f3n en Am\u00e9rica Latina\",\"datePublished\":\"2026-04-28T13:40:00+00:00\",\"dateModified\":\"2026-04-28T17:37:35+00:00\",\"mainEntityOfPage\":{\"@id\":\"https:\/\/www.latitude-15.com\/es\/net-zero-vs-conectividad-el-trade-off-clave-de-la-aviacion-en-america-latina\/\"},\"wordCount\":1616,\"commentCount\":0,\"publisher\":{\"@id\":\"https:\/\/www.latitude-15.com\/es\/#organization\"},\"image\":{\"@id\":\"https:\/\/www.latitude-15.com\/es\/net-zero-vs-conectividad-el-trade-off-clave-de-la-aviacion-en-america-latina\/#primaryimage\"},\"thumbnailUrl\":\"https:\/\/www.latitude-15.com\/wp-content\/uploads\/2026\/04\/img6351017.png\",\"articleSection\":[\"AVIACI\u00d3N\",\"Sostenibilidad y transici\u00f3n energ\u00e9tica\"],\"inLanguage\":\"es\",\"potentialAction\":[{\"@type\":\"CommentAction\",\"name\":\"Comment\",\"target\":[\"https:\/\/www.latitude-15.com\/es\/net-zero-vs-conectividad-el-trade-off-clave-de-la-aviacion-en-america-latina\/#respond\"]}]},{\"@type\":\"WebPage\",\"@id\":\"https:\/\/www.latitude-15.com\/es\/net-zero-vs-conectividad-el-trade-off-clave-de-la-aviacion-en-america-latina\/\",\"url\":\"https:\/\/www.latitude-15.com\/es\/net-zero-vs-conectividad-el-trade-off-clave-de-la-aviacion-en-america-latina\/\",\"name\":\"Net Zero vs Conectividad: el trade-off clave de la aviaci\u00f3n en Am\u00e9rica Latina - LATITUDE 15\",\"isPartOf\":{\"@id\":\"https:\/\/www.latitude-15.com\/es\/#website\"},\"primaryImageOfPage\":{\"@id\":\"https:\/\/www.latitude-15.com\/es\/net-zero-vs-conectividad-el-trade-off-clave-de-la-aviacion-en-america-latina\/#primaryimage\"},\"image\":{\"@id\":\"https:\/\/www.latitude-15.com\/es\/net-zero-vs-conectividad-el-trade-off-clave-de-la-aviacion-en-america-latina\/#primaryimage\"},\"thumbnailUrl\":\"https:\/\/www.latitude-15.com\/wp-content\/uploads\/2026\/04\/img6351017.png\",\"datePublished\":\"2026-04-28T13:40:00+00:00\",\"dateModified\":\"2026-04-28T17:37:35+00:00\",\"description\":\"La aviaci\u00f3n latinoamericana se enfrenta a un dilema de cero neto: descarbonizar sin reducir la conectividad. Un estudio de ALTA traza una v\u00eda singular.\",\"breadcrumb\":{\"@id\":\"https:\/\/www.latitude-15.com\/es\/net-zero-vs-conectividad-el-trade-off-clave-de-la-aviacion-en-america-latina\/#breadcrumb\"},\"inLanguage\":\"es\",\"potentialAction\":[{\"@type\":\"ReadAction\",\"target\":[\"https:\/\/www.latitude-15.com\/es\/net-zero-vs-conectividad-el-trade-off-clave-de-la-aviacion-en-america-latina\/\"]}]},{\"@type\":\"ImageObject\",\"inLanguage\":\"es\",\"@id\":\"https:\/\/www.latitude-15.com\/es\/net-zero-vs-conectividad-el-trade-off-clave-de-la-aviacion-en-america-latina\/#primaryimage\",\"url\":\"https:\/\/www.latitude-15.com\/wp-content\/uploads\/2026\/04\/img6351017.png\",\"contentUrl\":\"https:\/\/www.latitude-15.com\/wp-content\/uploads\/2026\/04\/img6351017.png\",\"width\":1536,\"height\":1024},{\"@type\":\"BreadcrumbList\",\"@id\":\"https:\/\/www.latitude-15.com\/es\/net-zero-vs-conectividad-el-trade-off-clave-de-la-aviacion-en-america-latina\/#breadcrumb\",\"itemListElement\":[{\"@type\":\"ListItem\",\"position\":1,\"name\":\"Home\",\"item\":\"https:\/\/www.latitude-15.com\/es\/inicio\/\"},{\"@type\":\"ListItem\",\"position\":2,\"name\":\"Net Zero vs Conectividad: el trade-off clave de la aviaci\u00f3n en Am\u00e9rica Latina\"}]},{\"@type\":\"WebSite\",\"@id\":\"https:\/\/www.latitude-15.com\/es\/#website\",\"url\":\"https:\/\/www.latitude-15.com\/es\/\",\"name\":\"LATITUDE 15\",\"description\":\"Aviation and maritime Magazine - Caribbean &amp; Latin America\",\"publisher\":{\"@id\":\"https:\/\/www.latitude-15.com\/es\/#organization\"},\"potentialAction\":[{\"@type\":\"SearchAction\",\"target\":{\"@type\":\"EntryPoint\",\"urlTemplate\":\"https:\/\/www.latitude-15.com\/es\/?s={search_term_string}\"},\"query-input\":{\"@type\":\"PropertyValueSpecification\",\"valueRequired\":true,\"valueName\":\"search_term_string\"}}],\"inLanguage\":\"es\"},{\"@type\":\"Organization\",\"@id\":\"https:\/\/www.latitude-15.com\/es\/#organization\",\"name\":\"LATITUDE 15\",\"url\":\"https:\/\/www.latitude-15.com\/es\/\",\"logo\":{\"@type\":\"ImageObject\",\"inLanguage\":\"es\",\"@id\":\"https:\/\/www.latitude-15.com\/es\/#\/schema\/logo\/image\/\",\"url\":\"https:\/\/www.latitude-15.com\/wp-content\/uploads\/2026\/01\/cropped-logox500px.png\",\"contentUrl\":\"https:\/\/www.latitude-15.com\/wp-content\/uploads\/2026\/01\/cropped-logox500px.png\",\"width\":62,\"height\":75,\"caption\":\"LATITUDE 15\"},\"image\":{\"@id\":\"https:\/\/www.latitude-15.com\/es\/#\/schema\/logo\/image\/\"}},{\"@type\":\"Person\",\"@id\":\"https:\/\/www.latitude-15.com\/es\/#\/schema\/person\/dac52e7ff44c78317f337da112e37252\",\"name\":\"Joda J\",\"image\":{\"@type\":\"ImageObject\",\"inLanguage\":\"es\",\"@id\":\"https:\/\/www.latitude-15.com\/es\/#\/schema\/person\/image\/\",\"url\":\"https:\/\/secure.gravatar.com\/avatar\/6b1feae555e15404b76616f92d931d12b25ac58024f14ccb43d9d3c012e4c4cf?s=96&d=mm&r=g\",\"contentUrl\":\"https:\/\/secure.gravatar.com\/avatar\/6b1feae555e15404b76616f92d931d12b25ac58024f14ccb43d9d3c012e4c4cf?s=96&d=mm&r=g\",\"caption\":\"Joda J\"},\"url\":\"https:\/\/www.latitude-15.com\/es\/author\/joda\/\"}]}<\/script>\n<!-- \/ Yoast SEO plugin. -->","yoast_head_json":{"title":"Net Zero vs Conectividad: el trade-off clave de la aviaci\u00f3n en Am\u00e9rica Latina - LATITUDE 15","description":"La aviaci\u00f3n latinoamericana se enfrenta a un dilema de cero neto: descarbonizar sin reducir la conectividad. Un estudio de ALTA traza una v\u00eda singular.","robots":{"index":"index","follow":"follow","max-snippet":"max-snippet:-1","max-image-preview":"max-image-preview:large","max-video-preview":"max-video-preview:-1"},"canonical":"https:\/\/www.latitude-15.com\/es\/net-zero-vs-conectividad-el-trade-off-clave-de-la-aviacion-en-america-latina\/","og_locale":"es_ES","og_type":"article","og_title":"Net Zero vs Conectividad: el trade-off clave de la aviaci\u00f3n en Am\u00e9rica Latina - LATITUDE 15","og_description":"La aviaci\u00f3n latinoamericana se enfrenta a un dilema de cero neto: descarbonizar sin reducir la conectividad. Un estudio de ALTA traza una v\u00eda singular.","og_url":"https:\/\/www.latitude-15.com\/es\/net-zero-vs-conectividad-el-trade-off-clave-de-la-aviacion-en-america-latina\/","og_site_name":"LATITUDE 15","article_published_time":"2026-04-28T13:40:00+00:00","article_modified_time":"2026-04-28T17:37:35+00:00","og_image":[{"width":1024,"height":683,"url":"https:\/\/www.latitude-15.com\/wp-content\/uploads\/2026\/04\/img6351017-1024x683.png","type":"image\/png"}],"author":"Joda J","twitter_card":"summary_large_image","twitter_misc":{"Escrito por":"Joda J","Tiempo de lectura":"8 minutos"},"schema":{"@context":"https:\/\/schema.org","@graph":[{"@type":"Article","@id":"https:\/\/www.latitude-15.com\/es\/net-zero-vs-conectividad-el-trade-off-clave-de-la-aviacion-en-america-latina\/#article","isPartOf":{"@id":"https:\/\/www.latitude-15.com\/es\/net-zero-vs-conectividad-el-trade-off-clave-de-la-aviacion-en-america-latina\/"},"author":{"name":"Joda J","@id":"https:\/\/www.latitude-15.com\/es\/#\/schema\/person\/dac52e7ff44c78317f337da112e37252"},"headline":"Net Zero vs Conectividad: el trade-off clave de la aviaci\u00f3n en Am\u00e9rica Latina","datePublished":"2026-04-28T13:40:00+00:00","dateModified":"2026-04-28T17:37:35+00:00","mainEntityOfPage":{"@id":"https:\/\/www.latitude-15.com\/es\/net-zero-vs-conectividad-el-trade-off-clave-de-la-aviacion-en-america-latina\/"},"wordCount":1616,"commentCount":0,"publisher":{"@id":"https:\/\/www.latitude-15.com\/es\/#organization"},"image":{"@id":"https:\/\/www.latitude-15.com\/es\/net-zero-vs-conectividad-el-trade-off-clave-de-la-aviacion-en-america-latina\/#primaryimage"},"thumbnailUrl":"https:\/\/www.latitude-15.com\/wp-content\/uploads\/2026\/04\/img6351017.png","articleSection":["AVIACI\u00d3N","Sostenibilidad y transici\u00f3n energ\u00e9tica"],"inLanguage":"es","potentialAction":[{"@type":"CommentAction","name":"Comment","target":["https:\/\/www.latitude-15.com\/es\/net-zero-vs-conectividad-el-trade-off-clave-de-la-aviacion-en-america-latina\/#respond"]}]},{"@type":"WebPage","@id":"https:\/\/www.latitude-15.com\/es\/net-zero-vs-conectividad-el-trade-off-clave-de-la-aviacion-en-america-latina\/","url":"https:\/\/www.latitude-15.com\/es\/net-zero-vs-conectividad-el-trade-off-clave-de-la-aviacion-en-america-latina\/","name":"Net Zero vs Conectividad: el trade-off clave de la aviaci\u00f3n en Am\u00e9rica Latina - LATITUDE 15","isPartOf":{"@id":"https:\/\/www.latitude-15.com\/es\/#website"},"primaryImageOfPage":{"@id":"https:\/\/www.latitude-15.com\/es\/net-zero-vs-conectividad-el-trade-off-clave-de-la-aviacion-en-america-latina\/#primaryimage"},"image":{"@id":"https:\/\/www.latitude-15.com\/es\/net-zero-vs-conectividad-el-trade-off-clave-de-la-aviacion-en-america-latina\/#primaryimage"},"thumbnailUrl":"https:\/\/www.latitude-15.com\/wp-content\/uploads\/2026\/04\/img6351017.png","datePublished":"2026-04-28T13:40:00+00:00","dateModified":"2026-04-28T17:37:35+00:00","description":"La aviaci\u00f3n latinoamericana se enfrenta a un dilema de cero neto: descarbonizar sin reducir la conectividad. Un estudio de ALTA traza una v\u00eda singular.","breadcrumb":{"@id":"https:\/\/www.latitude-15.com\/es\/net-zero-vs-conectividad-el-trade-off-clave-de-la-aviacion-en-america-latina\/#breadcrumb"},"inLanguage":"es","potentialAction":[{"@type":"ReadAction","target":["https:\/\/www.latitude-15.com\/es\/net-zero-vs-conectividad-el-trade-off-clave-de-la-aviacion-en-america-latina\/"]}]},{"@type":"ImageObject","inLanguage":"es","@id":"https:\/\/www.latitude-15.com\/es\/net-zero-vs-conectividad-el-trade-off-clave-de-la-aviacion-en-america-latina\/#primaryimage","url":"https:\/\/www.latitude-15.com\/wp-content\/uploads\/2026\/04\/img6351017.png","contentUrl":"https:\/\/www.latitude-15.com\/wp-content\/uploads\/2026\/04\/img6351017.png","width":1536,"height":1024},{"@type":"BreadcrumbList","@id":"https:\/\/www.latitude-15.com\/es\/net-zero-vs-conectividad-el-trade-off-clave-de-la-aviacion-en-america-latina\/#breadcrumb","itemListElement":[{"@type":"ListItem","position":1,"name":"Home","item":"https:\/\/www.latitude-15.com\/es\/inicio\/"},{"@type":"ListItem","position":2,"name":"Net Zero vs Conectividad: el trade-off clave de la aviaci\u00f3n en Am\u00e9rica Latina"}]},{"@type":"WebSite","@id":"https:\/\/www.latitude-15.com\/es\/#website","url":"https:\/\/www.latitude-15.com\/es\/","name":"LATITUDE 15","description":"Aviation and maritime Magazine - Caribbean &amp; Latin America","publisher":{"@id":"https:\/\/www.latitude-15.com\/es\/#organization"},"potentialAction":[{"@type":"SearchAction","target":{"@type":"EntryPoint","urlTemplate":"https:\/\/www.latitude-15.com\/es\/?s={search_term_string}"},"query-input":{"@type":"PropertyValueSpecification","valueRequired":true,"valueName":"search_term_string"}}],"inLanguage":"es"},{"@type":"Organization","@id":"https:\/\/www.latitude-15.com\/es\/#organization","name":"LATITUDE 15","url":"https:\/\/www.latitude-15.com\/es\/","logo":{"@type":"ImageObject","inLanguage":"es","@id":"https:\/\/www.latitude-15.com\/es\/#\/schema\/logo\/image\/","url":"https:\/\/www.latitude-15.com\/wp-content\/uploads\/2026\/01\/cropped-logox500px.png","contentUrl":"https:\/\/www.latitude-15.com\/wp-content\/uploads\/2026\/01\/cropped-logox500px.png","width":62,"height":75,"caption":"LATITUDE 15"},"image":{"@id":"https:\/\/www.latitude-15.com\/es\/#\/schema\/logo\/image\/"}},{"@type":"Person","@id":"https:\/\/www.latitude-15.com\/es\/#\/schema\/person\/dac52e7ff44c78317f337da112e37252","name":"Joda J","image":{"@type":"ImageObject","inLanguage":"es","@id":"https:\/\/www.latitude-15.com\/es\/#\/schema\/person\/image\/","url":"https:\/\/secure.gravatar.com\/avatar\/6b1feae555e15404b76616f92d931d12b25ac58024f14ccb43d9d3c012e4c4cf?s=96&d=mm&r=g","contentUrl":"https:\/\/secure.gravatar.com\/avatar\/6b1feae555e15404b76616f92d931d12b25ac58024f14ccb43d9d3c012e4c4cf?s=96&d=mm&r=g","caption":"Joda J"},"url":"https:\/\/www.latitude-15.com\/es\/author\/joda\/"}]}},"_links":{"self":[{"href":"https:\/\/www.latitude-15.com\/es\/wp-json\/wp\/v2\/posts\/23235","targetHints":{"allow":["GET"]}}],"collection":[{"href":"https:\/\/www.latitude-15.com\/es\/wp-json\/wp\/v2\/posts"}],"about":[{"href":"https:\/\/www.latitude-15.com\/es\/wp-json\/wp\/v2\/types\/post"}],"author":[{"embeddable":true,"href":"https:\/\/www.latitude-15.com\/es\/wp-json\/wp\/v2\/users\/5"}],"replies":[{"embeddable":true,"href":"https:\/\/www.latitude-15.com\/es\/wp-json\/wp\/v2\/comments?post=23235"}],"version-history":[{"count":1,"href":"https:\/\/www.latitude-15.com\/es\/wp-json\/wp\/v2\/posts\/23235\/revisions"}],"predecessor-version":[{"id":23236,"href":"https:\/\/www.latitude-15.com\/es\/wp-json\/wp\/v2\/posts\/23235\/revisions\/23236"}],"wp:featuredmedia":[{"embeddable":true,"href":"https:\/\/www.latitude-15.com\/es\/wp-json\/wp\/v2\/media\/23234"}],"wp:attachment":[{"href":"https:\/\/www.latitude-15.com\/es\/wp-json\/wp\/v2\/media?parent=23235"}],"wp:term":[{"taxonomy":"category","embeddable":true,"href":"https:\/\/www.latitude-15.com\/es\/wp-json\/wp\/v2\/categories?post=23235"},{"taxonomy":"post_tag","embeddable":true,"href":"https:\/\/www.latitude-15.com\/es\/wp-json\/wp\/v2\/tags?post=23235"}],"curies":[{"name":"wp","href":"https:\/\/api.w.org\/{rel}","templated":true}]}}