{"id":23205,"date":"2026-04-27T11:16:29","date_gmt":"2026-04-27T15:16:29","guid":{"rendered":"https:\/\/www.latitude-15.com\/seminario-web-efti4all-para-alc-como-las-ineficiencias-logisticas-estan-condicionando-la-competitividad-industrial-en-la-region\/"},"modified":"2026-04-27T15:01:22","modified_gmt":"2026-04-27T19:01:22","slug":"seminario-web-efti4all-para-alc-como-las-ineficiencias-logisticas-estan-condicionando-la-competitividad-industrial-en-la-region","status":"publish","type":"post","link":"https:\/\/www.latitude-15.com\/es\/seminario-web-efti4all-para-alc-como-las-ineficiencias-logisticas-estan-condicionando-la-competitividad-industrial-en-la-region\/","title":{"rendered":"Seminario web eFTI4ALL para ALC: C\u00f3mo las ineficiencias log\u00edsticas est\u00e1n condicionando la competitividad industrial en la regi\u00f3n"},"content":{"rendered":"\n<p>En toda Am\u00e9rica Latina y el Caribe (ALC), la actividad industrial sigue estrechamente ligada al rendimiento de los sistemas log\u00edsticos. Para muchas empresas, las cadenas de suministro dependen en gran medida de las importaciones, lo que expone las operaciones a retrasos, incertidumbre y costes fluctuantes. <\/p>\n\n<p><a href=\"https:\/\/www.latitude-15.com\/es\/flete-digital-e-integracion-regional-lo-que-sugiere-el-webinar-lac-efti4all-para-el-panorama-logistico-regional\/\">Los debates durante el seminario web eFTI4ALL para ALC<\/a> destacaron c\u00f3mo estas limitaciones van m\u00e1s all\u00e1 de los retos operativos. Apuntan a un problema m\u00e1s amplio: la capacidad de los sistemas log\u00edsticos para respaldar \u2014o limitar\u2014 la competitividad industrial en la regi\u00f3n. En este contexto, mejorar el movimiento de las mercanc\u00edas no es solo una cuesti\u00f3n de eficiencia, sino tambi\u00e9n de rendimiento econ\u00f3mico.  <\/p>\n\n<p>Esto plantea una pregunta clave: \u00bfc\u00f3mo influyen los sistemas log\u00edsticos en la competitividad de las industrias de la regi\u00f3n?<\/p>\n\n<h2 class=\"wp-block-heading\">Cadenas de suministro bajo presi\u00f3n<\/h2>\n\n<p>Uno de los temas recurrentes en los debates es el nivel de presi\u00f3n al que se enfrentan las cadenas de suministro en la regi\u00f3n.<\/p>\n\n<p><strong>Serge Letchimy<\/strong> se\u00f1al\u00f3 una dependencia estructural de los mercados externos, observando que los territorios del Caribe <strong>\u00abimportan mucho\u00bb<\/strong>, mientras que los flujos de exportaci\u00f3n siguen siendo limitados. Este desequilibrio crea cadenas de suministro muy expuestas a interrupciones y limitaciones externas. <\/p>\n\n<p>Para las empresas que operan en este entorno, la log\u00edstica se convierte en una fuente de incertidumbre. Los plazos de entrega pueden variar, los flujos de suministro no siempre son previsibles y la coordinaci\u00f3n entre los distintos actores sigue siendo compleja. Como resultado, las empresas suelen operar con un control limitado sobre sus propias cadenas de suministro, lo que afecta tanto a la planificaci\u00f3n como a la capacidad de respuesta.  <\/p>\n\n<p>Estas limitaciones sugieren que el rendimiento log\u00edstico no es solo una cuesti\u00f3n operativa, sino un componente estructural de la actividad industrial.<\/p>\n\n<h2 class=\"wp-block-heading\">El coste de la ineficiencia<\/h2>\n\n<p>M\u00e1s all\u00e1 de la incertidumbre, las ineficiencias log\u00edsticas se traducen directamente en costes para las empresas.<\/p>\n\n<p><strong>Charles Larcher<\/strong> subray\u00f3 que la visibilidad limitada en las cadenas de suministro obliga a las empresas a adaptarse aumentando los niveles de existencias. Sin informaci\u00f3n fiable sobre el movimiento de las mercanc\u00edas, las empresas tienden a mantener inventarios de reserva para asegurar la producci\u00f3n y la distribuci\u00f3n. <\/p>\n\n<p>Aunque este enfoque reduce el riesgo, tambi\u00e9n inmoviliza capital y reduce la flexibilidad operativa. El aumento de los costes de almacenamiento, los plazos de entrega m\u00e1s largos y la asignaci\u00f3n ineficiente de los recursos pueden afectar a la rentabilidad. <\/p>\n\n<p>En este contexto, las ineficiencias log\u00edsticas act\u00faan como un coste oculto dentro de las operaciones industriales. Puede que no siempre sean visibles de forma aislada, pero su impacto acumulativo puede influir significativamente en la competitividad. <\/p>\n\n<h2 class=\"wp-block-heading\">La visibilidad como factor competitivo<\/h2>\n\n<p>Por el contrario, la mejora de la visibilidad en las cadenas de suministro se presenta como una palanca clave para potenciar el rendimiento.<\/p>\n\n<p>Larcher subray\u00f3 la importancia del seguimiento en tiempo real, afirmando que las empresas necesitan una <strong>\u00abvisibilidad total sobre el flujo de mercanc\u00edas en tiempo real\u00bb<\/strong> para gestionar las operaciones de manera eficaz. El acceso a informaci\u00f3n puntual y fiable permite a las empresas anticiparse a las interrupciones, ajustar los programas de producci\u00f3n y optimizar los niveles de inventario. <\/p>\n\n<p><strong>Sandra Casanova<\/strong> tambi\u00e9n destac\u00f3 el papel de los datos para permitir una mejor coordinaci\u00f3n, se\u00f1alando que los sistemas actuales todav\u00eda tienen dificultades con la circulaci\u00f3n de la informaci\u00f3n. En entornos fragmentados, la visibilidad limitada restringe la capacidad de las empresas para tomar decisiones informadas. <\/p>\n\n<p>Estas observaciones sugerir\u00edan que la visibilidad no es solo una mejora t\u00e9cnica: puede convertirse en una ventaja competitiva en s\u00ed misma.<\/p>\n\n<figure class=\"wp-block-image aligncenter size-full\"><img fetchpriority=\"high\" decoding=\"async\" width=\"629\" height=\"358\" src=\"https:\/\/www.latitude-15.com\/wp-content\/uploads\/2026\/04\/img30.jpg\" alt=\"\" class=\"wp-image-23076\" srcset=\"https:\/\/www.latitude-15.com\/wp-content\/uploads\/2026\/04\/img30.jpg 629w, https:\/\/www.latitude-15.com\/wp-content\/uploads\/2026\/04\/img30-300x171.jpg 300w\" sizes=\"(max-width: 629px) 100vw, 629px\" \/><\/figure>\n\n<h2 class=\"wp-block-heading\">El transporte digital como palanca operativa<\/h2>\n\n<p>En este marco, se debatieron iniciativas de transporte digital como el eFTI como herramientas potenciales para mejorar el rendimiento operativo.<\/p>\n\n<p>Al facilitar el intercambio de datos estandarizados, estos sistemas pretenden simplificar los procesos administrativos y mejorar el acceso a la informaci\u00f3n. <em>Sandra Casanova<\/em> describi\u00f3 el eFTI como un facilitador de <strong>\u00abintercambios seguros entre operadores y autoridades p\u00fablicas\u00bb<\/strong>, lo que podr\u00eda ayudar a agilizar las interacciones en toda la cadena de suministro.<\/p>\n\n<p>Desde una perspectiva operativa, esto podr\u00eda reducir la necesidad de una manipulaci\u00f3n documental repetitiva y limitar los errores asociados a la introducci\u00f3n manual de datos. <strong>Victor Dolcemascolo<\/strong> tambi\u00e9n se\u00f1al\u00f3 la posibilidad de acceder a los datos de transporte en tiempo real durante los controles, lo que sugiere procedimientos m\u00e1s eficientes.<\/p>\n\n<p>Aunque estas mejoras puedan parecer graduales, podr\u00edan contribuir a que las cadenas de suministro sean m\u00e1s previsibles y est\u00e9n mejor coordinadas con el tiempo.<\/p>\n\n<h2 class=\"wp-block-heading\">Del rendimiento log\u00edstico al atractivo econ\u00f3mico<\/h2>\n\n<p>M\u00e1s all\u00e1 de las empresas individuales, el rendimiento log\u00edstico tambi\u00e9n desempe\u00f1a un papel en la configuraci\u00f3n del atractivo econ\u00f3mico de la regi\u00f3n.<\/p>\n\n<p><strong>Serge Letchimy<\/strong> sugiri\u00f3 que las estructuras log\u00edsticas actuales limitan la capacidad de los territorios para generar y retener valor localmente. Cuando las cadenas de suministro son ineficientes o est\u00e1n mal integradas, las industrias pueden enfrentarse a costes m\u00e1s elevados y a una menor competitividad en comparaci\u00f3n con otras regiones. <\/p>\n\n<p>Por el contrario, la mejora de los sistemas log\u00edsticos podr\u00eda apoyar el desarrollo de las industrias locales al reducir las limitaciones y permitir un acceso al mercado m\u00e1s eficiente. En este sentido, la log\u00edstica no es solo una funci\u00f3n operativa: se convierte en parte de un posicionamiento econ\u00f3mico m\u00e1s amplio. <\/p>\n\n<p>Estas din\u00e1micas indican un estrecho v\u00ednculo entre el rendimiento log\u00edstico y la capacidad de los territorios para atraer y mantener la actividad industrial.<\/p>\n\n<h2 class=\"wp-block-heading\">Condiciones para un impacto real<\/h2>\n\n<p>Al mismo tiempo, los beneficios potenciales de los marcos de transporte digital siguen estando condicionados.<\/p>\n\n<p>Su eficacia depende de la adopci\u00f3n de estos sistemas por parte de una amplia gama de partes interesadas, as\u00ed como de la capacidad para garantizar la interoperabilidad entre plataformas. Sin coordinaci\u00f3n ni est\u00e1ndares compartidos, las soluciones digitales pueden coexistir con los procesos existentes en lugar de transformarlos por completo. <\/p>\n\n<p>Los debates tambi\u00e9n sugieren que la alineaci\u00f3n de los actores p\u00fablicos y privados ser\u00e1 esencial para desbloquear estos beneficios. Al igual que ocurre con otras transformaciones a gran escala, es probable que el progreso sea gradual y desigual en toda la regi\u00f3n. <\/p>\n\n<figure class=\"wp-block-image aligncenter size-large\"><img decoding=\"async\" width=\"1024\" height=\"580\" data-src=\"https:\/\/www.latitude-15.com\/wp-content\/uploads\/2026\/04\/img13-1024x580.jpg\" alt=\"\" class=\"wp-image-23061 lazyload\" data-srcset=\"https:\/\/www.latitude-15.com\/wp-content\/uploads\/2026\/04\/img13-1024x580.jpg 1024w, https:\/\/www.latitude-15.com\/wp-content\/uploads\/2026\/04\/img13-300x170.jpg 300w, https:\/\/www.latitude-15.com\/wp-content\/uploads\/2026\/04\/img13-768x435.jpg 768w, https:\/\/www.latitude-15.com\/wp-content\/uploads\/2026\/04\/img13.jpg 1203w\" data-sizes=\"(max-width: 1024px) 100vw, 1024px\" src=\"data:image\/svg+xml;base64,PHN2ZyB3aWR0aD0iMSIgaGVpZ2h0PSIxIiB4bWxucz0iaHR0cDovL3d3dy53My5vcmcvMjAwMC9zdmciPjwvc3ZnPg==\" style=\"--smush-placeholder-width: 1024px; --smush-placeholder-aspect-ratio: 1024\/580;\" \/><\/figure>\n\n<h2 class=\"wp-block-heading\">Conclusi\u00f3n: la competitividad sigue estrechamente ligada al rendimiento log\u00edstico<\/h2>\n\n<p>Los debates del seminario web eFTI4ALL para ALC sugieren un fuerte v\u00ednculo entre el rendimiento log\u00edstico y la competitividad industrial en toda la regi\u00f3n.<\/p>\n\n<p>Aunque las ineficiencias siguen generando costes y limitaciones para las empresas, las mejoras en el intercambio de datos y la coordinaci\u00f3n podr\u00edan ayudar a potenciar el rendimiento de la cadena de suministro. Al mismo tiempo, estos cambios parecen depender de condiciones m\u00e1s amplias relacionadas con la adopci\u00f3n, la estandarizaci\u00f3n y la colaboraci\u00f3n. <\/p>\n\n<p>En este contexto, la log\u00edstica no se limita a apoyar la actividad industrial, sino que ayuda a configurar su competitividad. La medida en que las iniciativas de transporte digital puedan influir en esta din\u00e1mica depender\u00e1 probablemente de la eficacia con que se implementen en todo el ecosistema log\u00edstico. <\/p>\n","protected":false},"excerpt":{"rendered":"<p>En toda Am\u00e9rica Latina y el Caribe (ALC), la actividad industrial sigue estrechamente ligada al rendimiento de los sistemas log\u00edsticos. Para muchas empresas, las cadenas de suministro dependen en gran medida de las importaciones, lo que expone las operaciones a retrasos, incertidumbre y costes fluctuantes. Los debates durante el seminario web eFTI4ALL para ALC destacaron [&hellip;]<\/p>\n","protected":false},"author":5,"featured_media":23204,"comment_status":"open","ping_status":"closed","sticky":false,"template":"","format":"standard","meta":{"footnotes":""},"categories":[120,138],"tags":[],"class_list":["post-23205","post","type-post","status-publish","format-standard","has-post-thumbnail","hentry","category-maritimo","category-puertos-y-logistica"],"yoast_head":"<!-- This site is optimized with the Yoast SEO plugin v26.9 - https:\/\/yoast.com\/product\/yoast-seo-wordpress\/ -->\n<title>Seminario web eFTI4ALL para ALC: C\u00f3mo las ineficiencias log\u00edsticas est\u00e1n condicionando la competitividad industrial en la regi\u00f3n - LATITUDE 15<\/title>\n<meta name=\"description\" content=\"C\u00f3mo las ineficiencias log\u00edsticas, las limitaciones de la cadena de suministro y la visibilidad reducida est\u00e1n condicionando la competitividad industrial en ALC.\" \/>\n<meta name=\"robots\" content=\"index, follow, max-snippet:-1, max-image-preview:large, max-video-preview:-1\" \/>\n<link rel=\"canonical\" href=\"https:\/\/www.latitude-15.com\/es\/seminario-web-efti4all-para-alc-como-las-ineficiencias-logisticas-estan-condicionando-la-competitividad-industrial-en-la-region\/\" \/>\n<meta property=\"og:locale\" content=\"es_ES\" \/>\n<meta property=\"og:type\" content=\"article\" \/>\n<meta property=\"og:title\" content=\"Seminario web eFTI4ALL para ALC: C\u00f3mo las ineficiencias log\u00edsticas est\u00e1n condicionando la competitividad industrial en la regi\u00f3n - LATITUDE 15\" \/>\n<meta property=\"og:description\" content=\"C\u00f3mo las ineficiencias log\u00edsticas, las limitaciones de la cadena de suministro y la visibilidad reducida est\u00e1n condicionando la competitividad industrial en ALC.\" \/>\n<meta property=\"og:url\" content=\"https:\/\/www.latitude-15.com\/es\/seminario-web-efti4all-para-alc-como-las-ineficiencias-logisticas-estan-condicionando-la-competitividad-industrial-en-la-region\/\" \/>\n<meta property=\"og:site_name\" content=\"LATITUDE 15\" \/>\n<meta property=\"article:published_time\" content=\"2026-04-27T15:16:29+00:00\" \/>\n<meta property=\"article:modified_time\" content=\"2026-04-27T19:01:22+00:00\" \/>\n<meta property=\"og:image\" content=\"https:\/\/www.latitude-15.com\/wp-content\/uploads\/2026\/04\/IMAGE-DECLINAISON-3-EFTI4ALL-1024x576.png\" \/>\n\t<meta property=\"og:image:width\" content=\"1024\" \/>\n\t<meta property=\"og:image:height\" content=\"576\" \/>\n\t<meta property=\"og:image:type\" content=\"image\/png\" \/>\n<meta name=\"author\" content=\"Joda J\" \/>\n<meta name=\"twitter:card\" content=\"summary_large_image\" \/>\n<meta name=\"twitter:label1\" content=\"Escrito por\" \/>\n\t<meta name=\"twitter:data1\" content=\"Joda J\" \/>\n\t<meta name=\"twitter:label2\" content=\"Tiempo de lectura\" \/>\n\t<meta name=\"twitter:data2\" content=\"6 minutos\" \/>\n<script type=\"application\/ld+json\" class=\"yoast-schema-graph\">{\"@context\":\"https:\/\/schema.org\",\"@graph\":[{\"@type\":\"Article\",\"@id\":\"https:\/\/www.latitude-15.com\/es\/seminario-web-efti4all-para-alc-como-las-ineficiencias-logisticas-estan-condicionando-la-competitividad-industrial-en-la-region\/#article\",\"isPartOf\":{\"@id\":\"https:\/\/www.latitude-15.com\/es\/seminario-web-efti4all-para-alc-como-las-ineficiencias-logisticas-estan-condicionando-la-competitividad-industrial-en-la-region\/\"},\"author\":{\"name\":\"Joda J\",\"@id\":\"https:\/\/www.latitude-15.com\/es\/#\/schema\/person\/dac52e7ff44c78317f337da112e37252\"},\"headline\":\"Seminario web eFTI4ALL para ALC: C\u00f3mo las ineficiencias log\u00edsticas est\u00e1n condicionando la competitividad industrial en la regi\u00f3n\",\"datePublished\":\"2026-04-27T15:16:29+00:00\",\"dateModified\":\"2026-04-27T19:01:22+00:00\",\"mainEntityOfPage\":{\"@id\":\"https:\/\/www.latitude-15.com\/es\/seminario-web-efti4all-para-alc-como-las-ineficiencias-logisticas-estan-condicionando-la-competitividad-industrial-en-la-region\/\"},\"wordCount\":1251,\"commentCount\":0,\"publisher\":{\"@id\":\"https:\/\/www.latitude-15.com\/es\/#organization\"},\"image\":{\"@id\":\"https:\/\/www.latitude-15.com\/es\/seminario-web-efti4all-para-alc-como-las-ineficiencias-logisticas-estan-condicionando-la-competitividad-industrial-en-la-region\/#primaryimage\"},\"thumbnailUrl\":\"https:\/\/www.latitude-15.com\/wp-content\/uploads\/2026\/04\/IMAGE-DECLINAISON-3-EFTI4ALL.png\",\"articleSection\":[\"MAR\u00cdTIMO\",\"Puertos y log\u00edstica\"],\"inLanguage\":\"es\",\"potentialAction\":[{\"@type\":\"CommentAction\",\"name\":\"Comment\",\"target\":[\"https:\/\/www.latitude-15.com\/es\/seminario-web-efti4all-para-alc-como-las-ineficiencias-logisticas-estan-condicionando-la-competitividad-industrial-en-la-region\/#respond\"]}]},{\"@type\":\"WebPage\",\"@id\":\"https:\/\/www.latitude-15.com\/es\/seminario-web-efti4all-para-alc-como-las-ineficiencias-logisticas-estan-condicionando-la-competitividad-industrial-en-la-region\/\",\"url\":\"https:\/\/www.latitude-15.com\/es\/seminario-web-efti4all-para-alc-como-las-ineficiencias-logisticas-estan-condicionando-la-competitividad-industrial-en-la-region\/\",\"name\":\"Seminario web eFTI4ALL para ALC: C\u00f3mo las ineficiencias log\u00edsticas est\u00e1n condicionando la competitividad industrial en la regi\u00f3n - LATITUDE 15\",\"isPartOf\":{\"@id\":\"https:\/\/www.latitude-15.com\/es\/#website\"},\"primaryImageOfPage\":{\"@id\":\"https:\/\/www.latitude-15.com\/es\/seminario-web-efti4all-para-alc-como-las-ineficiencias-logisticas-estan-condicionando-la-competitividad-industrial-en-la-region\/#primaryimage\"},\"image\":{\"@id\":\"https:\/\/www.latitude-15.com\/es\/seminario-web-efti4all-para-alc-como-las-ineficiencias-logisticas-estan-condicionando-la-competitividad-industrial-en-la-region\/#primaryimage\"},\"thumbnailUrl\":\"https:\/\/www.latitude-15.com\/wp-content\/uploads\/2026\/04\/IMAGE-DECLINAISON-3-EFTI4ALL.png\",\"datePublished\":\"2026-04-27T15:16:29+00:00\",\"dateModified\":\"2026-04-27T19:01:22+00:00\",\"description\":\"C\u00f3mo las ineficiencias log\u00edsticas, las limitaciones de la cadena de suministro y la visibilidad reducida est\u00e1n condicionando la competitividad industrial en ALC.\",\"breadcrumb\":{\"@id\":\"https:\/\/www.latitude-15.com\/es\/seminario-web-efti4all-para-alc-como-las-ineficiencias-logisticas-estan-condicionando-la-competitividad-industrial-en-la-region\/#breadcrumb\"},\"inLanguage\":\"es\",\"potentialAction\":[{\"@type\":\"ReadAction\",\"target\":[\"https:\/\/www.latitude-15.com\/es\/seminario-web-efti4all-para-alc-como-las-ineficiencias-logisticas-estan-condicionando-la-competitividad-industrial-en-la-region\/\"]}]},{\"@type\":\"ImageObject\",\"inLanguage\":\"es\",\"@id\":\"https:\/\/www.latitude-15.com\/es\/seminario-web-efti4all-para-alc-como-las-ineficiencias-logisticas-estan-condicionando-la-competitividad-industrial-en-la-region\/#primaryimage\",\"url\":\"https:\/\/www.latitude-15.com\/wp-content\/uploads\/2026\/04\/IMAGE-DECLINAISON-3-EFTI4ALL.png\",\"contentUrl\":\"https:\/\/www.latitude-15.com\/wp-content\/uploads\/2026\/04\/IMAGE-DECLINAISON-3-EFTI4ALL.png\",\"width\":1672,\"height\":941},{\"@type\":\"BreadcrumbList\",\"@id\":\"https:\/\/www.latitude-15.com\/es\/seminario-web-efti4all-para-alc-como-las-ineficiencias-logisticas-estan-condicionando-la-competitividad-industrial-en-la-region\/#breadcrumb\",\"itemListElement\":[{\"@type\":\"ListItem\",\"position\":1,\"name\":\"Home\",\"item\":\"https:\/\/www.latitude-15.com\/es\/inicio\/\"},{\"@type\":\"ListItem\",\"position\":2,\"name\":\"Seminario web eFTI4ALL para ALC: C\u00f3mo las ineficiencias log\u00edsticas est\u00e1n condicionando la competitividad industrial en la regi\u00f3n\"}]},{\"@type\":\"WebSite\",\"@id\":\"https:\/\/www.latitude-15.com\/es\/#website\",\"url\":\"https:\/\/www.latitude-15.com\/es\/\",\"name\":\"LATITUDE 15\",\"description\":\"Aviation and maritime Magazine - Caribbean &amp; Latin America\",\"publisher\":{\"@id\":\"https:\/\/www.latitude-15.com\/es\/#organization\"},\"potentialAction\":[{\"@type\":\"SearchAction\",\"target\":{\"@type\":\"EntryPoint\",\"urlTemplate\":\"https:\/\/www.latitude-15.com\/es\/?s={search_term_string}\"},\"query-input\":{\"@type\":\"PropertyValueSpecification\",\"valueRequired\":true,\"valueName\":\"search_term_string\"}}],\"inLanguage\":\"es\"},{\"@type\":\"Organization\",\"@id\":\"https:\/\/www.latitude-15.com\/es\/#organization\",\"name\":\"LATITUDE 15\",\"url\":\"https:\/\/www.latitude-15.com\/es\/\",\"logo\":{\"@type\":\"ImageObject\",\"inLanguage\":\"es\",\"@id\":\"https:\/\/www.latitude-15.com\/es\/#\/schema\/logo\/image\/\",\"url\":\"https:\/\/www.latitude-15.com\/wp-content\/uploads\/2026\/01\/cropped-logox500px.png\",\"contentUrl\":\"https:\/\/www.latitude-15.com\/wp-content\/uploads\/2026\/01\/cropped-logox500px.png\",\"width\":62,\"height\":75,\"caption\":\"LATITUDE 15\"},\"image\":{\"@id\":\"https:\/\/www.latitude-15.com\/es\/#\/schema\/logo\/image\/\"}},{\"@type\":\"Person\",\"@id\":\"https:\/\/www.latitude-15.com\/es\/#\/schema\/person\/dac52e7ff44c78317f337da112e37252\",\"name\":\"Joda J\",\"image\":{\"@type\":\"ImageObject\",\"inLanguage\":\"es\",\"@id\":\"https:\/\/www.latitude-15.com\/es\/#\/schema\/person\/image\/\",\"url\":\"https:\/\/secure.gravatar.com\/avatar\/6b1feae555e15404b76616f92d931d12b25ac58024f14ccb43d9d3c012e4c4cf?s=96&d=mm&r=g\",\"contentUrl\":\"https:\/\/secure.gravatar.com\/avatar\/6b1feae555e15404b76616f92d931d12b25ac58024f14ccb43d9d3c012e4c4cf?s=96&d=mm&r=g\",\"caption\":\"Joda J\"},\"url\":\"https:\/\/www.latitude-15.com\/es\/author\/joda\/\"}]}<\/script>\n<!-- \/ Yoast SEO plugin. -->","yoast_head_json":{"title":"Seminario web eFTI4ALL para ALC: C\u00f3mo las ineficiencias log\u00edsticas est\u00e1n condicionando la competitividad industrial en la regi\u00f3n - LATITUDE 15","description":"C\u00f3mo las ineficiencias log\u00edsticas, las limitaciones de la cadena de suministro y la visibilidad reducida est\u00e1n condicionando la competitividad industrial en ALC.","robots":{"index":"index","follow":"follow","max-snippet":"max-snippet:-1","max-image-preview":"max-image-preview:large","max-video-preview":"max-video-preview:-1"},"canonical":"https:\/\/www.latitude-15.com\/es\/seminario-web-efti4all-para-alc-como-las-ineficiencias-logisticas-estan-condicionando-la-competitividad-industrial-en-la-region\/","og_locale":"es_ES","og_type":"article","og_title":"Seminario web eFTI4ALL para ALC: C\u00f3mo las ineficiencias log\u00edsticas est\u00e1n condicionando la competitividad industrial en la regi\u00f3n - LATITUDE 15","og_description":"C\u00f3mo las ineficiencias log\u00edsticas, las limitaciones de la cadena de suministro y la visibilidad reducida est\u00e1n condicionando la competitividad industrial en ALC.","og_url":"https:\/\/www.latitude-15.com\/es\/seminario-web-efti4all-para-alc-como-las-ineficiencias-logisticas-estan-condicionando-la-competitividad-industrial-en-la-region\/","og_site_name":"LATITUDE 15","article_published_time":"2026-04-27T15:16:29+00:00","article_modified_time":"2026-04-27T19:01:22+00:00","og_image":[{"width":1024,"height":576,"url":"https:\/\/www.latitude-15.com\/wp-content\/uploads\/2026\/04\/IMAGE-DECLINAISON-3-EFTI4ALL-1024x576.png","type":"image\/png"}],"author":"Joda J","twitter_card":"summary_large_image","twitter_misc":{"Escrito por":"Joda J","Tiempo de lectura":"6 minutos"},"schema":{"@context":"https:\/\/schema.org","@graph":[{"@type":"Article","@id":"https:\/\/www.latitude-15.com\/es\/seminario-web-efti4all-para-alc-como-las-ineficiencias-logisticas-estan-condicionando-la-competitividad-industrial-en-la-region\/#article","isPartOf":{"@id":"https:\/\/www.latitude-15.com\/es\/seminario-web-efti4all-para-alc-como-las-ineficiencias-logisticas-estan-condicionando-la-competitividad-industrial-en-la-region\/"},"author":{"name":"Joda J","@id":"https:\/\/www.latitude-15.com\/es\/#\/schema\/person\/dac52e7ff44c78317f337da112e37252"},"headline":"Seminario web eFTI4ALL para ALC: C\u00f3mo las ineficiencias log\u00edsticas est\u00e1n condicionando la competitividad industrial en la regi\u00f3n","datePublished":"2026-04-27T15:16:29+00:00","dateModified":"2026-04-27T19:01:22+00:00","mainEntityOfPage":{"@id":"https:\/\/www.latitude-15.com\/es\/seminario-web-efti4all-para-alc-como-las-ineficiencias-logisticas-estan-condicionando-la-competitividad-industrial-en-la-region\/"},"wordCount":1251,"commentCount":0,"publisher":{"@id":"https:\/\/www.latitude-15.com\/es\/#organization"},"image":{"@id":"https:\/\/www.latitude-15.com\/es\/seminario-web-efti4all-para-alc-como-las-ineficiencias-logisticas-estan-condicionando-la-competitividad-industrial-en-la-region\/#primaryimage"},"thumbnailUrl":"https:\/\/www.latitude-15.com\/wp-content\/uploads\/2026\/04\/IMAGE-DECLINAISON-3-EFTI4ALL.png","articleSection":["MAR\u00cdTIMO","Puertos y log\u00edstica"],"inLanguage":"es","potentialAction":[{"@type":"CommentAction","name":"Comment","target":["https:\/\/www.latitude-15.com\/es\/seminario-web-efti4all-para-alc-como-las-ineficiencias-logisticas-estan-condicionando-la-competitividad-industrial-en-la-region\/#respond"]}]},{"@type":"WebPage","@id":"https:\/\/www.latitude-15.com\/es\/seminario-web-efti4all-para-alc-como-las-ineficiencias-logisticas-estan-condicionando-la-competitividad-industrial-en-la-region\/","url":"https:\/\/www.latitude-15.com\/es\/seminario-web-efti4all-para-alc-como-las-ineficiencias-logisticas-estan-condicionando-la-competitividad-industrial-en-la-region\/","name":"Seminario web eFTI4ALL para ALC: C\u00f3mo las ineficiencias log\u00edsticas est\u00e1n condicionando la competitividad industrial en la regi\u00f3n - LATITUDE 15","isPartOf":{"@id":"https:\/\/www.latitude-15.com\/es\/#website"},"primaryImageOfPage":{"@id":"https:\/\/www.latitude-15.com\/es\/seminario-web-efti4all-para-alc-como-las-ineficiencias-logisticas-estan-condicionando-la-competitividad-industrial-en-la-region\/#primaryimage"},"image":{"@id":"https:\/\/www.latitude-15.com\/es\/seminario-web-efti4all-para-alc-como-las-ineficiencias-logisticas-estan-condicionando-la-competitividad-industrial-en-la-region\/#primaryimage"},"thumbnailUrl":"https:\/\/www.latitude-15.com\/wp-content\/uploads\/2026\/04\/IMAGE-DECLINAISON-3-EFTI4ALL.png","datePublished":"2026-04-27T15:16:29+00:00","dateModified":"2026-04-27T19:01:22+00:00","description":"C\u00f3mo las ineficiencias log\u00edsticas, las limitaciones de la cadena de suministro y la visibilidad reducida est\u00e1n condicionando la competitividad industrial en ALC.","breadcrumb":{"@id":"https:\/\/www.latitude-15.com\/es\/seminario-web-efti4all-para-alc-como-las-ineficiencias-logisticas-estan-condicionando-la-competitividad-industrial-en-la-region\/#breadcrumb"},"inLanguage":"es","potentialAction":[{"@type":"ReadAction","target":["https:\/\/www.latitude-15.com\/es\/seminario-web-efti4all-para-alc-como-las-ineficiencias-logisticas-estan-condicionando-la-competitividad-industrial-en-la-region\/"]}]},{"@type":"ImageObject","inLanguage":"es","@id":"https:\/\/www.latitude-15.com\/es\/seminario-web-efti4all-para-alc-como-las-ineficiencias-logisticas-estan-condicionando-la-competitividad-industrial-en-la-region\/#primaryimage","url":"https:\/\/www.latitude-15.com\/wp-content\/uploads\/2026\/04\/IMAGE-DECLINAISON-3-EFTI4ALL.png","contentUrl":"https:\/\/www.latitude-15.com\/wp-content\/uploads\/2026\/04\/IMAGE-DECLINAISON-3-EFTI4ALL.png","width":1672,"height":941},{"@type":"BreadcrumbList","@id":"https:\/\/www.latitude-15.com\/es\/seminario-web-efti4all-para-alc-como-las-ineficiencias-logisticas-estan-condicionando-la-competitividad-industrial-en-la-region\/#breadcrumb","itemListElement":[{"@type":"ListItem","position":1,"name":"Home","item":"https:\/\/www.latitude-15.com\/es\/inicio\/"},{"@type":"ListItem","position":2,"name":"Seminario web eFTI4ALL para ALC: C\u00f3mo las ineficiencias log\u00edsticas est\u00e1n condicionando la competitividad industrial en la regi\u00f3n"}]},{"@type":"WebSite","@id":"https:\/\/www.latitude-15.com\/es\/#website","url":"https:\/\/www.latitude-15.com\/es\/","name":"LATITUDE 15","description":"Aviation and maritime Magazine - Caribbean &amp; Latin America","publisher":{"@id":"https:\/\/www.latitude-15.com\/es\/#organization"},"potentialAction":[{"@type":"SearchAction","target":{"@type":"EntryPoint","urlTemplate":"https:\/\/www.latitude-15.com\/es\/?s={search_term_string}"},"query-input":{"@type":"PropertyValueSpecification","valueRequired":true,"valueName":"search_term_string"}}],"inLanguage":"es"},{"@type":"Organization","@id":"https:\/\/www.latitude-15.com\/es\/#organization","name":"LATITUDE 15","url":"https:\/\/www.latitude-15.com\/es\/","logo":{"@type":"ImageObject","inLanguage":"es","@id":"https:\/\/www.latitude-15.com\/es\/#\/schema\/logo\/image\/","url":"https:\/\/www.latitude-15.com\/wp-content\/uploads\/2026\/01\/cropped-logox500px.png","contentUrl":"https:\/\/www.latitude-15.com\/wp-content\/uploads\/2026\/01\/cropped-logox500px.png","width":62,"height":75,"caption":"LATITUDE 15"},"image":{"@id":"https:\/\/www.latitude-15.com\/es\/#\/schema\/logo\/image\/"}},{"@type":"Person","@id":"https:\/\/www.latitude-15.com\/es\/#\/schema\/person\/dac52e7ff44c78317f337da112e37252","name":"Joda J","image":{"@type":"ImageObject","inLanguage":"es","@id":"https:\/\/www.latitude-15.com\/es\/#\/schema\/person\/image\/","url":"https:\/\/secure.gravatar.com\/avatar\/6b1feae555e15404b76616f92d931d12b25ac58024f14ccb43d9d3c012e4c4cf?s=96&d=mm&r=g","contentUrl":"https:\/\/secure.gravatar.com\/avatar\/6b1feae555e15404b76616f92d931d12b25ac58024f14ccb43d9d3c012e4c4cf?s=96&d=mm&r=g","caption":"Joda J"},"url":"https:\/\/www.latitude-15.com\/es\/author\/joda\/"}]}},"_links":{"self":[{"href":"https:\/\/www.latitude-15.com\/es\/wp-json\/wp\/v2\/posts\/23205","targetHints":{"allow":["GET"]}}],"collection":[{"href":"https:\/\/www.latitude-15.com\/es\/wp-json\/wp\/v2\/posts"}],"about":[{"href":"https:\/\/www.latitude-15.com\/es\/wp-json\/wp\/v2\/types\/post"}],"author":[{"embeddable":true,"href":"https:\/\/www.latitude-15.com\/es\/wp-json\/wp\/v2\/users\/5"}],"replies":[{"embeddable":true,"href":"https:\/\/www.latitude-15.com\/es\/wp-json\/wp\/v2\/comments?post=23205"}],"version-history":[{"count":1,"href":"https:\/\/www.latitude-15.com\/es\/wp-json\/wp\/v2\/posts\/23205\/revisions"}],"predecessor-version":[{"id":23206,"href":"https:\/\/www.latitude-15.com\/es\/wp-json\/wp\/v2\/posts\/23205\/revisions\/23206"}],"wp:featuredmedia":[{"embeddable":true,"href":"https:\/\/www.latitude-15.com\/es\/wp-json\/wp\/v2\/media\/23204"}],"wp:attachment":[{"href":"https:\/\/www.latitude-15.com\/es\/wp-json\/wp\/v2\/media?parent=23205"}],"wp:term":[{"taxonomy":"category","embeddable":true,"href":"https:\/\/www.latitude-15.com\/es\/wp-json\/wp\/v2\/categories?post=23205"},{"taxonomy":"post_tag","embeddable":true,"href":"https:\/\/www.latitude-15.com\/es\/wp-json\/wp\/v2\/tags?post=23205"}],"curies":[{"name":"wp","href":"https:\/\/api.w.org\/{rel}","templated":true}]}}