{"id":23136,"date":"2026-04-24T12:22:46","date_gmt":"2026-04-24T16:22:46","guid":{"rendered":"https:\/\/www.latitude-15.com\/del-papel-a-los-datos-que-podrian-cambiar-los-marcos-digitales-de-carga-en-las-operaciones-logisticas\/"},"modified":"2026-04-24T14:29:52","modified_gmt":"2026-04-24T18:29:52","slug":"del-papel-a-los-datos-que-podrian-cambiar-los-marcos-digitales-de-carga-en-las-operaciones-logisticas","status":"publish","type":"post","link":"https:\/\/www.latitude-15.com\/es\/del-papel-a-los-datos-que-podrian-cambiar-los-marcos-digitales-de-carga-en-las-operaciones-logisticas\/","title":{"rendered":"Del papel a los datos: qu\u00e9 podr\u00edan cambiar los marcos digitales de carga en las operaciones log\u00edsticas"},"content":{"rendered":"\n<p>En toda Am\u00e9rica Latina y el Caribe (ALC), las operaciones de carga siguen dependiendo en gran medida de procesos basados en papel, a pesar de los esfuerzos continuos por modernizar los sistemas log\u00edsticos. Desde los documentos de transporte hasta los controles administrativos, la informaci\u00f3n se gestiona a menudo mediante flujos de trabajo fragmentados que limitan la visibilidad y ralentizan las operaciones. <\/p>\n\n<p><a href=\"https:\/\/www.latitude-15.com\/es\/flete-digital-e-integracion-regional-lo-que-sugiere-el-webinar-lac-efti4all-para-el-panorama-logistico-regional\/\">Durante el seminario web LAC eFTI4ALL<\/a>, estas limitaciones se destacaron como parte de un debate m\u00e1s amplio sobre c\u00f3mo los datos podr\u00edan transformar las pr\u00e1cticas log\u00edsticas. En lugar de centrarse \u00fanicamente en la infraestructura, los intercambios se\u00f1alaron el papel de los flujos de informaci\u00f3n en la mejora de la coordinaci\u00f3n en toda la cadena de suministro. <\/p>\n\n<p>En este contexto, los marcos digitales de carga como eFTI plantean una cuesti\u00f3n pr\u00e1ctica: <em><strong>\u00bfc\u00f3mo transforma realmente las operaciones log\u00edsticas el paso del papel a los datos?<\/strong><\/em><\/p>\n\n<h2 class=\"wp-block-heading\">Un sistema todav\u00eda basado en gran medida en papel<\/h2>\n\n<p>Uno de los puntos de partida clave del debate reside en la estructura actual de los procesos log\u00edsticos, que siguen siendo en gran medida documentales.<\/p>\n\n<p><strong>Sandra Casanova<\/strong> se\u00f1al\u00f3 que <strong><em>\u00abla informaci\u00f3n no circula f\u00e1cilmente\u00bb<\/em><\/strong>, apuntando a las ineficiencias persistentes en la forma en que se intercambian los datos entre las partes interesadas. En muchos casos, la documentaci\u00f3n de transporte sigue dependiendo de formatos f\u00edsicos, lo que requiere un manejo manual en m\u00faltiples etapas de la cadena de suministro. <\/p>\n\n<p>Desde una perspectiva operativa, esto se traduce en controles administrativos repetidos y procesos duplicados. <strong><em>Victor Dolcemascolo<\/em><\/strong> describi\u00f3 c\u00f3mo las autoridades a menudo necesitan acceder a los documentos de transporte durante las inspecciones, un proceso que, en su forma actual, puede implicar m\u00faltiples pasos y retrasos.<\/p>\n\n<p>En conjunto, estos elementos sugieren que los sistemas log\u00edsticos siguen dependiendo de flujos de trabajo fragmentados y que consumen mucho tiempo, lo que limita tanto la eficiencia como la capacidad de respuesta.<\/p>\n\n<figure class=\"wp-block-image aligncenter size-full\"><img fetchpriority=\"high\" decoding=\"async\" width=\"632\" height=\"354\" src=\"https:\/\/www.latitude-15.com\/wp-content\/uploads\/2026\/04\/img21.jpg\" alt=\"\" class=\"wp-image-23075\" srcset=\"https:\/\/www.latitude-15.com\/wp-content\/uploads\/2026\/04\/img21.jpg 632w, https:\/\/www.latitude-15.com\/wp-content\/uploads\/2026\/04\/img21-300x168.jpg 300w\" sizes=\"(max-width: 632px) 100vw, 632px\" \/><\/figure>\n\n<h2 class=\"wp-block-heading\">Datos fragmentados, visibilidad limitada<\/h2>\n\n<p>M\u00e1s all\u00e1 de la dependencia del papel, otra limitaci\u00f3n estructural destacada durante el seminario web se refiere a la fragmentaci\u00f3n de los datos.<\/p>\n\n<p>Sandra Casanova se\u00f1al\u00f3 la ausencia de <strong><em>\u00abestad\u00edsticas y un observatorio con recopilaci\u00f3n y explotaci\u00f3n de datos\u00bb<\/em><\/strong>, subrayando la falta de informaci\u00f3n estructurada en todo el ecosistema log\u00edstico. Sin marcos de datos compartidos, los operadores a menudo trabajan con informaci\u00f3n parcial o retrasada, lo que dificulta la coordinaci\u00f3n eficaz de los flujos. <\/p>\n\n<p>Esta falta de visibilidad tambi\u00e9n afecta a las operaciones industriales. <strong>Charles Larcher<\/strong> enfatiz\u00f3 la importancia del seguimiento en tiempo real, se\u00f1alando que las empresas necesitan <strong><em>\u00abvisibilidad completa del flujo de mercanc\u00edas en tiempo real\u00bb<\/em><\/strong> para gestionar las cadenas de suministro de manera eficiente. En ausencia de tal visibilidad, las empresas a menudo deben mantener niveles de inventario m\u00e1s altos, lo que puede aumentar los costes y reducir la flexibilidad. <\/p>\n\n<p>Estas limitaciones indican que la fragmentaci\u00f3n de datos no solo afecta a los procesos administrativos, sino que impacta directamente en el rendimiento operativo.<\/p>\n\n<h2 class=\"wp-block-heading\">Qu\u00e9 es eFTI, en t\u00e9rminos pr\u00e1cticos<\/h2>\n\n<p>En este contexto, el marco eFTI se present\u00f3 como una forma de estructurar y estandarizar el intercambio de datos de carga.<\/p>\n\n<p>Casanova describi\u00f3 eFTI como <strong><em>\u00abun lenguaje com\u00fan de datos armonizados\u00bb<\/em><\/strong>, dise\u00f1ado para permitir <strong><em>\u00abintercambios seguros entre operadores y autoridades p\u00fablicas\u00bb<\/em><\/strong>. El objetivo es alejarse de los sistemas aislados hacia un marco compartido donde la informaci\u00f3n pueda circular de manera m\u00e1s fluida.<\/p>\n\n<p>Desde un punto de vista t\u00e9cnico, <strong>Heiti Mering<\/strong> explic\u00f3 que el sistema funciona como <strong><em>\u00abuna red distribuida de servicios\u00bb<\/em><\/strong>, conectando a actores p\u00fablicos y privados a trav\u00e9s de pasarelas estandarizadas. Esta arquitectura permite compartir datos entre diferentes plataformas manteniendo la interoperabilidad y la seguridad. <\/p>\n\n<p><strong>Victor Dolcemascolo<\/strong> proporcion\u00f3 m\u00e1s informaci\u00f3n sobre c\u00f3mo funciona esto en la pr\u00e1ctica, describiendo el papel de los puntos de acceso nacionales, o \u00ab<strong><em>puertas de enlace<\/em><\/strong>\u00ab. Cuando una operaci\u00f3n de transporte est\u00e1 sujeta a control, <strong><em>\u00abse env\u00eda una solicitud al punto de acceso nacional, que recupera los datos relevantes de la plataforma apropiada\u00bb<\/em><\/strong>, permitiendo a las autoridades acceder a los documentos en tiempo real. <\/p>\n\n<p>En conjunto, estos elementos sugieren que eFTI es menos una plataforma \u00fanica que una infraestructura interconectada para el intercambio de datos.<\/p>\n\n<h2 class=\"wp-block-heading\">Qu\u00e9 cambia para las operaciones<\/h2>\n\n<p>La transici\u00f3n de procesos basados en papel al intercambio digital de datos tiene varias implicaciones operativas potenciales.<\/p>\n\n<p>Para las autoridades p\u00fablicas, el acceso a la informaci\u00f3n de transporte podr\u00eda ser m\u00e1s r\u00e1pido y directo, particularmente durante las inspecciones en carretera o los controles aduaneros. Como explic\u00f3 Victor Dolcemascolo, <strong><em>\u00abcuando se controla un veh\u00edculo, se env\u00eda una solicitud al punto de acceso nacional, que recupera los datos relevantes\u00bb<\/em><\/strong>, permitiendo a las autoridades acceder a los documentos en tiempo real. Esto podr\u00eda reducir el tiempo necesario para los controles y limitar los cuellos de botella administrativos.  <\/p>\n\n<p>Para las empresas, la reducci\u00f3n de los procesos basados en papel podr\u00eda limitar la entrada manual de datos y los riesgos asociados de errores. Una mejor trazabilidad tambi\u00e9n puede respaldar una mejor planificaci\u00f3n y coordinaci\u00f3n en toda la cadena de suministro. En ese sentido, <em>Sandra Casanova<\/em> destac\u00f3 que eFTI permite <strong><em>\u00abdatos en tiempo real y trazabilidad de los flujos\u00bb<\/em><\/strong>, sugiriendo un cambio hacia una toma de decisiones m\u00e1s informada.  <\/p>\n\n<p>A un nivel m\u00e1s amplio, un intercambio de datos m\u00e1s coherente podr\u00eda contribuir a flujos log\u00edsticos m\u00e1s fluidos. Al permitir que las partes interesadas accedan a la misma informaci\u00f3n en tiempo real, los marcos digitales pueden ayudar a reducir los retrasos vinculados a la verificaci\u00f3n de documentos y los procedimientos administrativos. <\/p>\n\n<p>Estos cambios, sin embargo, se presentan como mejoras graduales m\u00e1s que como transformaciones inmediatas.<\/p>\n\n<figure class=\"wp-block-image size-large\"><img decoding=\"async\" width=\"1024\" height=\"580\" data-src=\"https:\/\/www.latitude-15.com\/wp-content\/uploads\/2026\/04\/img13-1024x580.jpg\" alt=\"\" class=\"wp-image-23061 lazyload\" data-srcset=\"https:\/\/www.latitude-15.com\/wp-content\/uploads\/2026\/04\/img13-1024x580.jpg 1024w, https:\/\/www.latitude-15.com\/wp-content\/uploads\/2026\/04\/img13-300x170.jpg 300w, https:\/\/www.latitude-15.com\/wp-content\/uploads\/2026\/04\/img13-768x435.jpg 768w, https:\/\/www.latitude-15.com\/wp-content\/uploads\/2026\/04\/img13.jpg 1203w\" data-sizes=\"(max-width: 1024px) 100vw, 1024px\" src=\"data:image\/svg+xml;base64,PHN2ZyB3aWR0aD0iMSIgaGVpZ2h0PSIxIiB4bWxucz0iaHR0cDovL3d3dy53My5vcmcvMjAwMC9zdmciPjwvc3ZnPg==\" style=\"--smush-placeholder-width: 1024px; --smush-placeholder-aspect-ratio: 1024\/580;\" \/><\/figure>\n\n<h2 class=\"wp-block-heading\">De la log\u00edstica a los sistemas basados en datos<\/h2>\n\n<p>M\u00e1s all\u00e1 de las ganancias operativas, los debates tambi\u00e9n apuntan a un cambio m\u00e1s estructural en la forma en que se organizan los sistemas log\u00edsticos.<\/p>\n\n<p>A medida que los datos se vuelven m\u00e1s centrales para las operaciones, la log\u00edstica depende cada vez m\u00e1s de la capacidad de recopilar, procesar y compartir informaci\u00f3n entre m\u00faltiples actores. En este contexto, los datos pueden verse como una capa subyacente que respalda la coordinaci\u00f3n, la toma de decisiones y el seguimiento del rendimiento. <\/p>\n\n<p>Esto podr\u00eda cambiar progresivamente la log\u00edstica de la gesti\u00f3n de documentos hacia la coordinaci\u00f3n de datos en tiempo real, donde la informaci\u00f3n fluye continuamente entre operadores, autoridades y proveedores de servicios. Como resultado, los procesos log\u00edsticos pueden volverse menos dependientes del manejo de documentos y m\u00e1s orientados hacia la toma de decisiones basada en datos. <\/p>\n\n<h2 class=\"wp-block-heading\">Condiciones para el impacto<\/h2>\n\n<p>Al mismo tiempo, el impacto potencial de los marcos digitales de carga sigue siendo condicional.<\/p>\n\n<p>Su eficacia depende de varios factores, incluido el nivel de adopci\u00f3n entre las partes interesadas, la capacidad de garantizar la interoperabilidad entre sistemas y el establecimiento de est\u00e1ndares compartidos. Sin alineaci\u00f3n en estas dimensiones, las herramientas digitales pueden coexistir con los procesos existentes en lugar de reemplazarlos por completo. <\/p>\n\n<p>Los debates tambi\u00e9n sugieren que la coordinaci\u00f3n entre actores p\u00fablicos y privados desempe\u00f1ar\u00e1 un papel fundamental a la hora de determinar c\u00f3mo evolucionan estos sistemas. Al igual que con otras iniciativas digitales a gran escala, es probable que la implementaci\u00f3n sea gradual y desigual entre regiones. <\/p>\n\n<h2 class=\"wp-block-heading\">Conclusi\u00f3n: un cambio gradual m\u00e1s que una disrupci\u00f3n<\/h2>\n\n<p>Los debates de LAC eFTI4ALL sugieren que los marcos digitales de carga podr\u00edan contribuir a mejorar las operaciones log\u00edsticas al mejorar el intercambio de datos, reducir la complejidad administrativa y respaldar una mejor coordinaci\u00f3n.<\/p>\n\n<p>Al mismo tiempo, la transici\u00f3n parece ser evolutiva m\u00e1s que disruptiva. Si bien el paso del papel a los datos introduce nuevas posibilidades, su impacto depende de la eficacia con la que se implementen y adopten los sistemas en todo el ecosistema log\u00edstico. <\/p>\n\n<p>En este contexto, los marcos digitales de carga apuntan hacia un cambio en la forma en que se gestiona la log\u00edstica, uno en el que los datos se convierten en un componente central de las operaciones, pero donde el progreso sigue estando estrechamente vinculado a las din\u00e1micas m\u00e1s amplias de coordinaci\u00f3n e implementaci\u00f3n.<\/p>\n","protected":false},"excerpt":{"rendered":"<p>En toda Am\u00e9rica Latina y el Caribe (ALC), las operaciones de carga siguen dependiendo en gran medida de procesos basados en papel, a pesar de los esfuerzos continuos por modernizar los sistemas log\u00edsticos. Desde los documentos de transporte hasta los controles administrativos, la informaci\u00f3n se gestiona a menudo mediante flujos de trabajo fragmentados que limitan [&hellip;]<\/p>\n","protected":false},"author":5,"featured_media":23133,"comment_status":"open","ping_status":"closed","sticky":false,"template":"","format":"standard","meta":{"footnotes":""},"categories":[120,141],"tags":[],"class_list":["post-23136","post","type-post","status-publish","format-standard","has-post-thumbnail","hentry","category-maritimo","category-tecnologia-y-puertos-inteligentes"],"yoast_head":"<!-- This site is optimized with the Yoast SEO plugin v26.9 - https:\/\/yoast.com\/product\/yoast-seo-wordpress\/ -->\n<title>Del papel a los datos: qu\u00e9 podr\u00edan cambiar los marcos digitales de carga en las operaciones log\u00edsticas - LATITUDE 15<\/title>\n<meta name=\"description\" content=\"\u00bfC\u00f3mo podr\u00edan mejorar las operaciones log\u00edsticas y la visibilidad de la cadena de suministro marcos digitales de carga como eFTI? Seminario web LAC eFTI4ALL\" \/>\n<meta name=\"robots\" content=\"index, follow, max-snippet:-1, max-image-preview:large, max-video-preview:-1\" \/>\n<link rel=\"canonical\" href=\"https:\/\/www.latitude-15.com\/es\/del-papel-a-los-datos-que-podrian-cambiar-los-marcos-digitales-de-carga-en-las-operaciones-logisticas\/\" \/>\n<meta property=\"og:locale\" content=\"es_ES\" \/>\n<meta property=\"og:type\" content=\"article\" \/>\n<meta property=\"og:title\" content=\"Del papel a los datos: qu\u00e9 podr\u00edan cambiar los marcos digitales de carga en las operaciones log\u00edsticas - LATITUDE 15\" \/>\n<meta property=\"og:description\" content=\"\u00bfC\u00f3mo podr\u00edan mejorar las operaciones log\u00edsticas y la visibilidad de la cadena de suministro marcos digitales de carga como eFTI? Seminario web LAC eFTI4ALL\" \/>\n<meta property=\"og:url\" content=\"https:\/\/www.latitude-15.com\/es\/del-papel-a-los-datos-que-podrian-cambiar-los-marcos-digitales-de-carga-en-las-operaciones-logisticas\/\" \/>\n<meta property=\"og:site_name\" content=\"LATITUDE 15\" \/>\n<meta property=\"article:published_time\" content=\"2026-04-24T16:22:46+00:00\" \/>\n<meta property=\"article:modified_time\" content=\"2026-04-24T18:29:52+00:00\" \/>\n<meta property=\"og:image\" content=\"https:\/\/www.latitude-15.com\/wp-content\/uploads\/2026\/04\/img716037-1024x683.png\" \/>\n\t<meta property=\"og:image:width\" content=\"1024\" \/>\n\t<meta property=\"og:image:height\" content=\"683\" \/>\n\t<meta property=\"og:image:type\" content=\"image\/png\" \/>\n<meta name=\"author\" content=\"Joda J\" \/>\n<meta name=\"twitter:card\" content=\"summary_large_image\" \/>\n<meta name=\"twitter:label1\" content=\"Escrito por\" \/>\n\t<meta name=\"twitter:data1\" content=\"Joda J\" \/>\n\t<meta name=\"twitter:label2\" content=\"Tiempo de lectura\" \/>\n\t<meta name=\"twitter:data2\" content=\"7 minutos\" \/>\n<script type=\"application\/ld+json\" class=\"yoast-schema-graph\">{\"@context\":\"https:\/\/schema.org\",\"@graph\":[{\"@type\":\"Article\",\"@id\":\"https:\/\/www.latitude-15.com\/es\/del-papel-a-los-datos-que-podrian-cambiar-los-marcos-digitales-de-carga-en-las-operaciones-logisticas\/#article\",\"isPartOf\":{\"@id\":\"https:\/\/www.latitude-15.com\/es\/del-papel-a-los-datos-que-podrian-cambiar-los-marcos-digitales-de-carga-en-las-operaciones-logisticas\/\"},\"author\":{\"name\":\"Joda J\",\"@id\":\"https:\/\/www.latitude-15.com\/es\/#\/schema\/person\/dac52e7ff44c78317f337da112e37252\"},\"headline\":\"Del papel a los datos: qu\u00e9 podr\u00edan cambiar los marcos digitales de carga en las operaciones log\u00edsticas\",\"datePublished\":\"2026-04-24T16:22:46+00:00\",\"dateModified\":\"2026-04-24T18:29:52+00:00\",\"mainEntityOfPage\":{\"@id\":\"https:\/\/www.latitude-15.com\/es\/del-papel-a-los-datos-que-podrian-cambiar-los-marcos-digitales-de-carga-en-las-operaciones-logisticas\/\"},\"wordCount\":1445,\"commentCount\":0,\"publisher\":{\"@id\":\"https:\/\/www.latitude-15.com\/es\/#organization\"},\"image\":{\"@id\":\"https:\/\/www.latitude-15.com\/es\/del-papel-a-los-datos-que-podrian-cambiar-los-marcos-digitales-de-carga-en-las-operaciones-logisticas\/#primaryimage\"},\"thumbnailUrl\":\"https:\/\/www.latitude-15.com\/wp-content\/uploads\/2026\/04\/img716037.png\",\"articleSection\":[\"MAR\u00cdTIMO\",\"Tecnolog\u00eda y puertos inteligentes\"],\"inLanguage\":\"es\",\"potentialAction\":[{\"@type\":\"CommentAction\",\"name\":\"Comment\",\"target\":[\"https:\/\/www.latitude-15.com\/es\/del-papel-a-los-datos-que-podrian-cambiar-los-marcos-digitales-de-carga-en-las-operaciones-logisticas\/#respond\"]}]},{\"@type\":\"WebPage\",\"@id\":\"https:\/\/www.latitude-15.com\/es\/del-papel-a-los-datos-que-podrian-cambiar-los-marcos-digitales-de-carga-en-las-operaciones-logisticas\/\",\"url\":\"https:\/\/www.latitude-15.com\/es\/del-papel-a-los-datos-que-podrian-cambiar-los-marcos-digitales-de-carga-en-las-operaciones-logisticas\/\",\"name\":\"Del papel a los datos: qu\u00e9 podr\u00edan cambiar los marcos digitales de carga en las operaciones log\u00edsticas - LATITUDE 15\",\"isPartOf\":{\"@id\":\"https:\/\/www.latitude-15.com\/es\/#website\"},\"primaryImageOfPage\":{\"@id\":\"https:\/\/www.latitude-15.com\/es\/del-papel-a-los-datos-que-podrian-cambiar-los-marcos-digitales-de-carga-en-las-operaciones-logisticas\/#primaryimage\"},\"image\":{\"@id\":\"https:\/\/www.latitude-15.com\/es\/del-papel-a-los-datos-que-podrian-cambiar-los-marcos-digitales-de-carga-en-las-operaciones-logisticas\/#primaryimage\"},\"thumbnailUrl\":\"https:\/\/www.latitude-15.com\/wp-content\/uploads\/2026\/04\/img716037.png\",\"datePublished\":\"2026-04-24T16:22:46+00:00\",\"dateModified\":\"2026-04-24T18:29:52+00:00\",\"description\":\"\u00bfC\u00f3mo podr\u00edan mejorar las operaciones log\u00edsticas y la visibilidad de la cadena de suministro marcos digitales de carga como eFTI? Seminario web LAC eFTI4ALL\",\"breadcrumb\":{\"@id\":\"https:\/\/www.latitude-15.com\/es\/del-papel-a-los-datos-que-podrian-cambiar-los-marcos-digitales-de-carga-en-las-operaciones-logisticas\/#breadcrumb\"},\"inLanguage\":\"es\",\"potentialAction\":[{\"@type\":\"ReadAction\",\"target\":[\"https:\/\/www.latitude-15.com\/es\/del-papel-a-los-datos-que-podrian-cambiar-los-marcos-digitales-de-carga-en-las-operaciones-logisticas\/\"]}]},{\"@type\":\"ImageObject\",\"inLanguage\":\"es\",\"@id\":\"https:\/\/www.latitude-15.com\/es\/del-papel-a-los-datos-que-podrian-cambiar-los-marcos-digitales-de-carga-en-las-operaciones-logisticas\/#primaryimage\",\"url\":\"https:\/\/www.latitude-15.com\/wp-content\/uploads\/2026\/04\/img716037.png\",\"contentUrl\":\"https:\/\/www.latitude-15.com\/wp-content\/uploads\/2026\/04\/img716037.png\",\"width\":1536,\"height\":1024},{\"@type\":\"BreadcrumbList\",\"@id\":\"https:\/\/www.latitude-15.com\/es\/del-papel-a-los-datos-que-podrian-cambiar-los-marcos-digitales-de-carga-en-las-operaciones-logisticas\/#breadcrumb\",\"itemListElement\":[{\"@type\":\"ListItem\",\"position\":1,\"name\":\"Home\",\"item\":\"https:\/\/www.latitude-15.com\/es\/inicio\/\"},{\"@type\":\"ListItem\",\"position\":2,\"name\":\"Del papel a los datos: qu\u00e9 podr\u00edan cambiar los marcos digitales de carga en las operaciones log\u00edsticas\"}]},{\"@type\":\"WebSite\",\"@id\":\"https:\/\/www.latitude-15.com\/es\/#website\",\"url\":\"https:\/\/www.latitude-15.com\/es\/\",\"name\":\"LATITUDE 15\",\"description\":\"Aviation and maritime Magazine - Caribbean &amp; Latin America\",\"publisher\":{\"@id\":\"https:\/\/www.latitude-15.com\/es\/#organization\"},\"potentialAction\":[{\"@type\":\"SearchAction\",\"target\":{\"@type\":\"EntryPoint\",\"urlTemplate\":\"https:\/\/www.latitude-15.com\/es\/?s={search_term_string}\"},\"query-input\":{\"@type\":\"PropertyValueSpecification\",\"valueRequired\":true,\"valueName\":\"search_term_string\"}}],\"inLanguage\":\"es\"},{\"@type\":\"Organization\",\"@id\":\"https:\/\/www.latitude-15.com\/es\/#organization\",\"name\":\"LATITUDE 15\",\"url\":\"https:\/\/www.latitude-15.com\/es\/\",\"logo\":{\"@type\":\"ImageObject\",\"inLanguage\":\"es\",\"@id\":\"https:\/\/www.latitude-15.com\/es\/#\/schema\/logo\/image\/\",\"url\":\"https:\/\/www.latitude-15.com\/wp-content\/uploads\/2026\/01\/cropped-logox500px.png\",\"contentUrl\":\"https:\/\/www.latitude-15.com\/wp-content\/uploads\/2026\/01\/cropped-logox500px.png\",\"width\":62,\"height\":75,\"caption\":\"LATITUDE 15\"},\"image\":{\"@id\":\"https:\/\/www.latitude-15.com\/es\/#\/schema\/logo\/image\/\"}},{\"@type\":\"Person\",\"@id\":\"https:\/\/www.latitude-15.com\/es\/#\/schema\/person\/dac52e7ff44c78317f337da112e37252\",\"name\":\"Joda J\",\"image\":{\"@type\":\"ImageObject\",\"inLanguage\":\"es\",\"@id\":\"https:\/\/www.latitude-15.com\/es\/#\/schema\/person\/image\/\",\"url\":\"https:\/\/secure.gravatar.com\/avatar\/6b1feae555e15404b76616f92d931d12b25ac58024f14ccb43d9d3c012e4c4cf?s=96&d=mm&r=g\",\"contentUrl\":\"https:\/\/secure.gravatar.com\/avatar\/6b1feae555e15404b76616f92d931d12b25ac58024f14ccb43d9d3c012e4c4cf?s=96&d=mm&r=g\",\"caption\":\"Joda J\"},\"url\":\"https:\/\/www.latitude-15.com\/es\/author\/joda\/\"}]}<\/script>\n<!-- \/ Yoast SEO plugin. -->","yoast_head_json":{"title":"Del papel a los datos: qu\u00e9 podr\u00edan cambiar los marcos digitales de carga en las operaciones log\u00edsticas - LATITUDE 15","description":"\u00bfC\u00f3mo podr\u00edan mejorar las operaciones log\u00edsticas y la visibilidad de la cadena de suministro marcos digitales de carga como eFTI? Seminario web LAC eFTI4ALL","robots":{"index":"index","follow":"follow","max-snippet":"max-snippet:-1","max-image-preview":"max-image-preview:large","max-video-preview":"max-video-preview:-1"},"canonical":"https:\/\/www.latitude-15.com\/es\/del-papel-a-los-datos-que-podrian-cambiar-los-marcos-digitales-de-carga-en-las-operaciones-logisticas\/","og_locale":"es_ES","og_type":"article","og_title":"Del papel a los datos: qu\u00e9 podr\u00edan cambiar los marcos digitales de carga en las operaciones log\u00edsticas - LATITUDE 15","og_description":"\u00bfC\u00f3mo podr\u00edan mejorar las operaciones log\u00edsticas y la visibilidad de la cadena de suministro marcos digitales de carga como eFTI? Seminario web LAC eFTI4ALL","og_url":"https:\/\/www.latitude-15.com\/es\/del-papel-a-los-datos-que-podrian-cambiar-los-marcos-digitales-de-carga-en-las-operaciones-logisticas\/","og_site_name":"LATITUDE 15","article_published_time":"2026-04-24T16:22:46+00:00","article_modified_time":"2026-04-24T18:29:52+00:00","og_image":[{"width":1024,"height":683,"url":"https:\/\/www.latitude-15.com\/wp-content\/uploads\/2026\/04\/img716037-1024x683.png","type":"image\/png"}],"author":"Joda J","twitter_card":"summary_large_image","twitter_misc":{"Escrito por":"Joda J","Tiempo de lectura":"7 minutos"},"schema":{"@context":"https:\/\/schema.org","@graph":[{"@type":"Article","@id":"https:\/\/www.latitude-15.com\/es\/del-papel-a-los-datos-que-podrian-cambiar-los-marcos-digitales-de-carga-en-las-operaciones-logisticas\/#article","isPartOf":{"@id":"https:\/\/www.latitude-15.com\/es\/del-papel-a-los-datos-que-podrian-cambiar-los-marcos-digitales-de-carga-en-las-operaciones-logisticas\/"},"author":{"name":"Joda J","@id":"https:\/\/www.latitude-15.com\/es\/#\/schema\/person\/dac52e7ff44c78317f337da112e37252"},"headline":"Del papel a los datos: qu\u00e9 podr\u00edan cambiar los marcos digitales de carga en las operaciones log\u00edsticas","datePublished":"2026-04-24T16:22:46+00:00","dateModified":"2026-04-24T18:29:52+00:00","mainEntityOfPage":{"@id":"https:\/\/www.latitude-15.com\/es\/del-papel-a-los-datos-que-podrian-cambiar-los-marcos-digitales-de-carga-en-las-operaciones-logisticas\/"},"wordCount":1445,"commentCount":0,"publisher":{"@id":"https:\/\/www.latitude-15.com\/es\/#organization"},"image":{"@id":"https:\/\/www.latitude-15.com\/es\/del-papel-a-los-datos-que-podrian-cambiar-los-marcos-digitales-de-carga-en-las-operaciones-logisticas\/#primaryimage"},"thumbnailUrl":"https:\/\/www.latitude-15.com\/wp-content\/uploads\/2026\/04\/img716037.png","articleSection":["MAR\u00cdTIMO","Tecnolog\u00eda y puertos inteligentes"],"inLanguage":"es","potentialAction":[{"@type":"CommentAction","name":"Comment","target":["https:\/\/www.latitude-15.com\/es\/del-papel-a-los-datos-que-podrian-cambiar-los-marcos-digitales-de-carga-en-las-operaciones-logisticas\/#respond"]}]},{"@type":"WebPage","@id":"https:\/\/www.latitude-15.com\/es\/del-papel-a-los-datos-que-podrian-cambiar-los-marcos-digitales-de-carga-en-las-operaciones-logisticas\/","url":"https:\/\/www.latitude-15.com\/es\/del-papel-a-los-datos-que-podrian-cambiar-los-marcos-digitales-de-carga-en-las-operaciones-logisticas\/","name":"Del papel a los datos: qu\u00e9 podr\u00edan cambiar los marcos digitales de carga en las operaciones log\u00edsticas - LATITUDE 15","isPartOf":{"@id":"https:\/\/www.latitude-15.com\/es\/#website"},"primaryImageOfPage":{"@id":"https:\/\/www.latitude-15.com\/es\/del-papel-a-los-datos-que-podrian-cambiar-los-marcos-digitales-de-carga-en-las-operaciones-logisticas\/#primaryimage"},"image":{"@id":"https:\/\/www.latitude-15.com\/es\/del-papel-a-los-datos-que-podrian-cambiar-los-marcos-digitales-de-carga-en-las-operaciones-logisticas\/#primaryimage"},"thumbnailUrl":"https:\/\/www.latitude-15.com\/wp-content\/uploads\/2026\/04\/img716037.png","datePublished":"2026-04-24T16:22:46+00:00","dateModified":"2026-04-24T18:29:52+00:00","description":"\u00bfC\u00f3mo podr\u00edan mejorar las operaciones log\u00edsticas y la visibilidad de la cadena de suministro marcos digitales de carga como eFTI? Seminario web LAC eFTI4ALL","breadcrumb":{"@id":"https:\/\/www.latitude-15.com\/es\/del-papel-a-los-datos-que-podrian-cambiar-los-marcos-digitales-de-carga-en-las-operaciones-logisticas\/#breadcrumb"},"inLanguage":"es","potentialAction":[{"@type":"ReadAction","target":["https:\/\/www.latitude-15.com\/es\/del-papel-a-los-datos-que-podrian-cambiar-los-marcos-digitales-de-carga-en-las-operaciones-logisticas\/"]}]},{"@type":"ImageObject","inLanguage":"es","@id":"https:\/\/www.latitude-15.com\/es\/del-papel-a-los-datos-que-podrian-cambiar-los-marcos-digitales-de-carga-en-las-operaciones-logisticas\/#primaryimage","url":"https:\/\/www.latitude-15.com\/wp-content\/uploads\/2026\/04\/img716037.png","contentUrl":"https:\/\/www.latitude-15.com\/wp-content\/uploads\/2026\/04\/img716037.png","width":1536,"height":1024},{"@type":"BreadcrumbList","@id":"https:\/\/www.latitude-15.com\/es\/del-papel-a-los-datos-que-podrian-cambiar-los-marcos-digitales-de-carga-en-las-operaciones-logisticas\/#breadcrumb","itemListElement":[{"@type":"ListItem","position":1,"name":"Home","item":"https:\/\/www.latitude-15.com\/es\/inicio\/"},{"@type":"ListItem","position":2,"name":"Del papel a los datos: qu\u00e9 podr\u00edan cambiar los marcos digitales de carga en las operaciones log\u00edsticas"}]},{"@type":"WebSite","@id":"https:\/\/www.latitude-15.com\/es\/#website","url":"https:\/\/www.latitude-15.com\/es\/","name":"LATITUDE 15","description":"Aviation and maritime Magazine - Caribbean &amp; Latin America","publisher":{"@id":"https:\/\/www.latitude-15.com\/es\/#organization"},"potentialAction":[{"@type":"SearchAction","target":{"@type":"EntryPoint","urlTemplate":"https:\/\/www.latitude-15.com\/es\/?s={search_term_string}"},"query-input":{"@type":"PropertyValueSpecification","valueRequired":true,"valueName":"search_term_string"}}],"inLanguage":"es"},{"@type":"Organization","@id":"https:\/\/www.latitude-15.com\/es\/#organization","name":"LATITUDE 15","url":"https:\/\/www.latitude-15.com\/es\/","logo":{"@type":"ImageObject","inLanguage":"es","@id":"https:\/\/www.latitude-15.com\/es\/#\/schema\/logo\/image\/","url":"https:\/\/www.latitude-15.com\/wp-content\/uploads\/2026\/01\/cropped-logox500px.png","contentUrl":"https:\/\/www.latitude-15.com\/wp-content\/uploads\/2026\/01\/cropped-logox500px.png","width":62,"height":75,"caption":"LATITUDE 15"},"image":{"@id":"https:\/\/www.latitude-15.com\/es\/#\/schema\/logo\/image\/"}},{"@type":"Person","@id":"https:\/\/www.latitude-15.com\/es\/#\/schema\/person\/dac52e7ff44c78317f337da112e37252","name":"Joda J","image":{"@type":"ImageObject","inLanguage":"es","@id":"https:\/\/www.latitude-15.com\/es\/#\/schema\/person\/image\/","url":"https:\/\/secure.gravatar.com\/avatar\/6b1feae555e15404b76616f92d931d12b25ac58024f14ccb43d9d3c012e4c4cf?s=96&d=mm&r=g","contentUrl":"https:\/\/secure.gravatar.com\/avatar\/6b1feae555e15404b76616f92d931d12b25ac58024f14ccb43d9d3c012e4c4cf?s=96&d=mm&r=g","caption":"Joda J"},"url":"https:\/\/www.latitude-15.com\/es\/author\/joda\/"}]}},"_links":{"self":[{"href":"https:\/\/www.latitude-15.com\/es\/wp-json\/wp\/v2\/posts\/23136","targetHints":{"allow":["GET"]}}],"collection":[{"href":"https:\/\/www.latitude-15.com\/es\/wp-json\/wp\/v2\/posts"}],"about":[{"href":"https:\/\/www.latitude-15.com\/es\/wp-json\/wp\/v2\/types\/post"}],"author":[{"embeddable":true,"href":"https:\/\/www.latitude-15.com\/es\/wp-json\/wp\/v2\/users\/5"}],"replies":[{"embeddable":true,"href":"https:\/\/www.latitude-15.com\/es\/wp-json\/wp\/v2\/comments?post=23136"}],"version-history":[{"count":1,"href":"https:\/\/www.latitude-15.com\/es\/wp-json\/wp\/v2\/posts\/23136\/revisions"}],"predecessor-version":[{"id":23138,"href":"https:\/\/www.latitude-15.com\/es\/wp-json\/wp\/v2\/posts\/23136\/revisions\/23138"}],"wp:featuredmedia":[{"embeddable":true,"href":"https:\/\/www.latitude-15.com\/es\/wp-json\/wp\/v2\/media\/23133"}],"wp:attachment":[{"href":"https:\/\/www.latitude-15.com\/es\/wp-json\/wp\/v2\/media?parent=23136"}],"wp:term":[{"taxonomy":"category","embeddable":true,"href":"https:\/\/www.latitude-15.com\/es\/wp-json\/wp\/v2\/categories?post=23136"},{"taxonomy":"post_tag","embeddable":true,"href":"https:\/\/www.latitude-15.com\/es\/wp-json\/wp\/v2\/tags?post=23136"}],"curies":[{"name":"wp","href":"https:\/\/api.w.org\/{rel}","templated":true}]}}