{"id":23122,"date":"2026-04-24T14:20:01","date_gmt":"2026-04-24T18:20:01","guid":{"rendered":"https:\/\/www.latitude-15.com\/carga-comercio-electronico-y-coordinacion-senales-desde-quito-para-los-ecosistemas-aeroportuarios-de-america-latina\/"},"modified":"2026-04-27T09:57:12","modified_gmt":"2026-04-27T13:57:12","slug":"carga-comercio-electronico-y-coordinacion-senales-desde-quito-para-los-ecosistemas-aeroportuarios-de-america-latina","status":"publish","type":"post","link":"https:\/\/www.latitude-15.com\/es\/carga-comercio-electronico-y-coordinacion-senales-desde-quito-para-los-ecosistemas-aeroportuarios-de-america-latina\/","title":{"rendered":"ACI LAC QUITO. Carga, comercio electr\u00f3nico y coordinaci\u00f3n: se\u00f1ales desde Quito para los ecosistemas aeroportuarios de Am\u00e9rica Latina"},"content":{"rendered":"\n<p>La carga a\u00e9rea sigue ocupando una cuota relativamente peque\u00f1a del comercio mundial por volumen; sin embargo, su importancia econ\u00f3mica sigue siendo sustancial. Al representar alrededor del <strong>1 % de los flujos comerciales mundiales, pero cerca del 30 % de su valor<\/strong>, desempe\u00f1a un papel desproporcionado en la conexi\u00f3n de bienes de alto valor en los mercados. Los debates mantenidos durante el <strong>ACI Airport Day Quito<\/strong> sugieren que este desequilibrio est\u00e1 configurando cada vez m\u00e1s la forma en que los ecosistemas aeroportuarios de Am\u00e9rica Latina y el Caribe se posicionan dentro de sistemas econ\u00f3micos m\u00e1s amplios.  <\/p>\n\n<p>En los paneles dedicados a las operaciones de carga y al desarrollo aeroportuario, surgieron varios temas recurrentes. En conjunto, apuntan a un cambio en la percepci\u00f3n de la carga: no solo como una funci\u00f3n operativa, sino como un componente estrat\u00e9gico de los ecosistemas aeroportuarios. <\/p>\n\n<h2 class=\"wp-block-heading\">El creciente peso de la carga en las estrategias aeroportuarias<\/h2>\n\n<p>Varios ponentes destacaron el impacto m\u00e1s amplio de la carga m\u00e1s all\u00e1 de su actividad comercial directa. Aunque el negocio de la carga involucra a un conjunto definido de actores \u2014<em>aerol\u00edneas, agentes de asistencia en tierra y proveedores log\u00edsticos<\/em>\u2014, su influencia se extiende m\u00e1s all\u00e1, hacia las econom\u00edas regionales. <\/p>\n\n<p>Los debates sugieren que la carga no debe evaluarse \u00fanicamente por los vol\u00famenes, sino por el valor que genera en las cadenas de suministro. Incluso en un contexto marcado por las tensiones geopol\u00edticas, la evoluci\u00f3n de los patrones comerciales y la incertidumbre regulatoria, la demanda mundial de carga mostr\u00f3 un <strong>aumento del 3,4 % en 2025<\/strong>, y los transportistas de Am\u00e9rica Latina y el Caribe registraron un <strong>crecimiento del 2,3 %<\/strong>, junto con un <strong>incremento del 4,5 % en la capacidad<\/strong>. <\/p>\n\n<p>Estas cifras indican un cierto nivel de resiliencia, pero tambi\u00e9n apuntan a un entorno m\u00e1s complejo en el que la eficiencia operativa y la adaptabilidad parecen estar ganando importancia.<\/p>\n\n<h2 class=\"wp-block-heading\">Quito como modelo de carga especializado<\/h2>\n\n<p>En este contexto, Quito constituye un ejemplo especialmente distintivo. El <strong>Aeropuerto Internacional Mariscal Sucre<\/strong> ha desarrollado un perfil de carga altamente especializado, estrechamente vinculado a la estructura exportadora de Ecuador. <\/p>\n\n<p>Desde 2013, el aeropuerto ha gestionado aproximadamente <strong>2,8 millones de toneladas de carga<\/strong>, alcanzando un <strong>r\u00e9cord de 406.754 toneladas en 2025<\/strong>. Una caracter\u00edstica definitoria de esta actividad es su concentraci\u00f3n: alrededor del <strong>92 % de las exportaciones son flores<\/strong>, lo que posiciona a Quito como una puerta de enlace clave para la industria flor\u00edcola del pa\u00eds. <\/p>\n\n<p>Esta configuraci\u00f3n sugiere un modelo en el que la actividad de carga aeroportuaria est\u00e1 profundamente integrada en una cadena de valor espec\u00edfica. En lugar de funcionar como un centro de conexiones diversificado, Quito parece operar como una plataforma de exportaci\u00f3n especializada, estrechamente alineada con los sistemas de producci\u00f3n locales. <\/p>\n\n<p>Este modelo pone de relieve tanto los puntos fuertes como las limitaciones, especialmente en lo que respecta al equilibrio de los flujos de importaci\u00f3n y exportaci\u00f3n.<\/p>\n\n<figure class=\"wp-block-image aligncenter size-large\"><img fetchpriority=\"high\" decoding=\"async\" width=\"1024\" height=\"684\" src=\"https:\/\/www.latitude-15.com\/wp-content\/uploads\/2026\/04\/dsc07219_55145738870_o-1-1024x684.jpg\" alt=\"\" class=\"wp-image-23168\" srcset=\"https:\/\/www.latitude-15.com\/wp-content\/uploads\/2026\/04\/dsc07219_55145738870_o-1-1024x684.jpg 1024w, https:\/\/www.latitude-15.com\/wp-content\/uploads\/2026\/04\/dsc07219_55145738870_o-1-300x200.jpg 300w, https:\/\/www.latitude-15.com\/wp-content\/uploads\/2026\/04\/dsc07219_55145738870_o-1-768x513.jpg 768w, https:\/\/www.latitude-15.com\/wp-content\/uploads\/2026\/04\/dsc07219_55145738870_o-1-1536x1026.jpg 1536w, https:\/\/www.latitude-15.com\/wp-content\/uploads\/2026\/04\/dsc07219_55145738870_o-1-2048x1368.jpg 2048w, https:\/\/www.latitude-15.com\/wp-content\/uploads\/2026\/04\/dsc07219_55145738870_o-1-1320x882.jpg 1320w\" sizes=\"(max-width: 1024px) 100vw, 1024px\" \/><\/figure>\n\n<h2 class=\"wp-block-heading\">El comercio electr\u00f3nico est\u00e1 remodelando los flujos de carga<\/h2>\n\n<p>Otra din\u00e1mica destacada repetidamente durante los debates se refiere a la r\u00e1pida expansi\u00f3n del comercio electr\u00f3nico.<\/p>\n\n<p>En Ecuador, se informa de que su cuota en los vol\u00famenes totales de carga ha aumentado de aproximadamente el <strong>15 % en 2023 al 35 % en 2025<\/strong>, lo que indica un cambio significativo en la estructura de la demanda de carga a\u00e9rea.<\/p>\n\n<p>Esta evoluci\u00f3n parece estar introduciendo nuevas presiones operativas. La log\u00edstica del comercio electr\u00f3nico suele asociarse a expectativas de rapidez, fiabilidad y flexibilidad, que pueden diferir de los flujos de carga tradicionales. <\/p>\n\n<p>Los ponentes se\u00f1alaron la necesidad de procesos m\u00e1s \u00e1giles, una mejor coordinaci\u00f3n y el posible desarrollo de servicios log\u00edsticos adicionales, como <strong>centros de desconsolidaci\u00f3n<\/strong> y la participaci\u00f3n de proveedores log\u00edsticos externos.<\/p>\n\n<p>Al mismo tiempo, los debates sugieren que este crecimiento no es lineal. Los cambios regulatorios \u2014<em>como los ajustes en los marcos de importaci\u00f3n<\/em>\u2014 pueden influir en los vol\u00famenes e introducir nuevas incertidumbres, lo que indica que la trayectoria del comercio electr\u00f3nico sigue estrechamente vinculada a los entornos normativos. <\/p>\n\n<figure class=\"wp-block-image aligncenter size-full\"><img decoding=\"async\" width=\"799\" height=\"534\" data-src=\"https:\/\/www.latitude-15.com\/wp-content\/uploads\/2026\/04\/55144464497_46248b308a_c.jpg\" alt=\"ecosistemas aeroportuarios\" class=\"wp-image-23097 lazyload\" data-srcset=\"https:\/\/www.latitude-15.com\/wp-content\/uploads\/2026\/04\/55144464497_46248b308a_c.jpg 799w, https:\/\/www.latitude-15.com\/wp-content\/uploads\/2026\/04\/55144464497_46248b308a_c-300x201.jpg 300w, https:\/\/www.latitude-15.com\/wp-content\/uploads\/2026\/04\/55144464497_46248b308a_c-768x513.jpg 768w\" data-sizes=\"(max-width: 799px) 100vw, 799px\" src=\"data:image\/svg+xml;base64,PHN2ZyB3aWR0aD0iMSIgaGVpZ2h0PSIxIiB4bWxucz0iaHR0cDovL3d3dy53My5vcmcvMjAwMC9zdmciPjwvc3ZnPg==\" style=\"--smush-placeholder-width: 799px; --smush-placeholder-aspect-ratio: 799\/534;\" \/><\/figure>\n\n<h2 class=\"wp-block-heading\">La coordinaci\u00f3n como el verdadero cuello de botella<\/h2>\n\n<p>Aunque se debati\u00f3 sobre la infraestructura y la capacidad, varias intervenciones se\u00f1alaron un tipo diferente de limitaci\u00f3n: la coordinaci\u00f3n en toda la cadena de valor de la carga.<\/p>\n\n<p>Los paneles destacaron los retos relacionados con la disponibilidad de recursos, los procesos regulatorios y la fragmentaci\u00f3n de los sistemas de informaci\u00f3n entre las partes interesadas. En algunos casos, los cuellos de botella operativos no se deb\u00edan a limitaciones f\u00edsicas, sino a la falta de alineaci\u00f3n entre los actores. <\/p>\n\n<p>Los debates sugieren que la mejora del rendimiento de la carga puede depender menos de la ampliaci\u00f3n de las infraestructuras que de la mejora del <strong>intercambio de datos, la integraci\u00f3n de procesos y la coordinaci\u00f3n institucional<\/strong>. Iniciativas como proyectos piloto para una mejor planificaci\u00f3n de la llegada de camiones o los esfuerzos para alinear los flujos de informaci\u00f3n entre los operadores indican que se est\u00e1n explorando soluciones, aunque todav\u00eda se encuentran en una fase inicial. <\/p>\n\n<p>Este \u00e9nfasis en la coordinaci\u00f3n apunta a un cambio de prioridades m\u00e1s amplio, en el que la eficiencia operativa est\u00e1 cada vez m\u00e1s vinculada a la capacidad de las partes interesadas para trabajar en sistemas integrados.<\/p>\n\n<h2 class=\"wp-block-heading\">Implicaciones para Am\u00e9rica Latina y el Caribe<\/h2>\n\n<p>En conjunto, estos debates sugieren varias implicaciones para la regi\u00f3n.<\/p>\n\n<p>En primer lugar, la carga parece estar consolidando su papel como <strong>palanca estrat\u00e9gica para el desarrollo aeroportuario<\/strong>, especialmente en econom\u00edas donde las exportaciones dependen de bienes de alto valor o con plazos de entrega cr\u00edticos.<\/p>\n\n<p>En segundo lugar, el crecimiento del comercio electr\u00f3nico indica una transformaci\u00f3n en los flujos de carga, lo que podr\u00eda crear nuevas oportunidades al tiempo que aumenta la complejidad operativa.<\/p>\n\n<p>Por \u00faltimo, el enfoque recurrente en la coordinaci\u00f3n pone de relieve retos estructurales que pueden afectar a la competitividad de los ecosistemas aeroportuarios. La fragmentaci\u00f3n entre instituciones y sistemas podr\u00eda limitar la capacidad de captar plenamente el valor generado por la actividad de carga. <\/p>\n\n<p>M\u00e1s que apuntar a un modelo \u00fanico, los intercambios sugieren que pueden surgir diferentes enfoques en toda la regi\u00f3n, dependiendo de las estructuras econ\u00f3micas locales, los entornos regulatorios y los niveles de alineaci\u00f3n institucional.<\/p>\n\n<figure class=\"wp-block-image aligncenter size-full\"><img decoding=\"async\" width=\"799\" height=\"534\" data-src=\"https:\/\/www.latitude-15.com\/wp-content\/uploads\/2026\/04\/55145736605_291eb0dd3f_c.jpg\" alt=\"\" class=\"wp-image-23099 lazyload\" data-srcset=\"https:\/\/www.latitude-15.com\/wp-content\/uploads\/2026\/04\/55145736605_291eb0dd3f_c.jpg 799w, https:\/\/www.latitude-15.com\/wp-content\/uploads\/2026\/04\/55145736605_291eb0dd3f_c-300x201.jpg 300w, https:\/\/www.latitude-15.com\/wp-content\/uploads\/2026\/04\/55145736605_291eb0dd3f_c-768x513.jpg 768w\" data-sizes=\"(max-width: 799px) 100vw, 799px\" src=\"data:image\/svg+xml;base64,PHN2ZyB3aWR0aD0iMSIgaGVpZ2h0PSIxIiB4bWxucz0iaHR0cDovL3d3dy53My5vcmcvMjAwMC9zdmciPjwvc3ZnPg==\" style=\"--smush-placeholder-width: 799px; --smush-placeholder-aspect-ratio: 799\/534;\" \/><\/figure>\n\n<h2 class=\"wp-block-heading\">Voces y perspectivas del sector<\/h2>\n\n<p>Las perspectivas compartidas por los participantes del sector reflejan estas din\u00e1micas desde diferentes \u00e1ngulos.<\/p>\n\n<p>Las aerol\u00edneas se\u00f1alaron el impacto de factores externos como los costes del combustible, que pueden representar una parte significativa de los gastos operativos, y la necesidad de ajustar continuamente la capacidad y la utilizaci\u00f3n de la flota en respuesta a la demanda.<\/p>\n\n<p>Desde la perspectiva de los operadores de carga, la capacidad de anticipar los vol\u00famenes y asignar los recursos de manera eficaz se identific\u00f3 como un reto operativo clave, especialmente en un entorno donde la demanda puede fluctuar.<\/p>\n\n<p>Los operadores aeroportuarios, por su parte, destacaron la importancia de la colaboraci\u00f3n entre las partes interesadas, incluidas las autoridades p\u00fablicas, para garantizar que las infraestructuras, los procesos y los marcos regulatorios evolucionen de forma coordinada.<\/p>\n\n<p>Estas perspectivas sugieren un sector en el que las realidades operativas y las consideraciones estrat\u00e9gicas est\u00e1n cada vez m\u00e1s interconectadas.<\/p>\n\n<h2 class=\"wp-block-heading\">Mirando hacia el futuro<\/h2>\n\n<p>Los debates en Quito no apuntan a una trayectoria \u00fanica para el futuro de la carga a\u00e9rea en la regi\u00f3n. Sin embargo, sugieren que los aeropuertos avanzan gradualmente hacia modelos de carga m\u00e1s integrados y econ\u00f3micamente arraigados. <\/p>\n\n<p>A medida que la carga siga evolucionando, es probable que su papel dentro de los ecosistemas aeroportuarios se ampl\u00ede, no solo como fuente de ingresos, sino como elemento estructurador de las cadenas de valor regionales.<\/p>\n\n<p>Al mismo tiempo, la medida en que se pueda materializar este potencial puede depender de la capacidad de las partes interesadas para abordar los retos de coordinaci\u00f3n y adaptarse a las cambiantes condiciones del mercado.<\/p>\n\n<p>En este contexto, la carga no se limita a reflejar transformaciones m\u00e1s amplias, sino que tambi\u00e9n puede ayudar a configurarlas.<\/p>\n","protected":false},"excerpt":{"rendered":"<p>La carga a\u00e9rea sigue ocupando una cuota relativamente peque\u00f1a del comercio mundial por volumen; sin embargo, su importancia econ\u00f3mica sigue siendo sustancial. Al representar alrededor del 1 % de los flujos comerciales mundiales, pero cerca del 30 % de su valor, desempe\u00f1a un papel desproporcionado en la conexi\u00f3n de bienes de alto valor en los [&hellip;]<\/p>\n","protected":false},"author":5,"featured_media":23119,"comment_status":"open","ping_status":"closed","sticky":false,"template":"","format":"standard","meta":{"footnotes":""},"categories":[105,99],"tags":[],"class_list":["post-23122","post","type-post","status-publish","format-standard","has-post-thumbnail","hentry","category-aeropuertos-e-infraestructura","category-aviacion"],"yoast_head":"<!-- This site is optimized with the Yoast SEO plugin v26.9 - https:\/\/yoast.com\/product\/yoast-seo-wordpress\/ -->\n<title>ACI LAC QUITO. Carga, comercio electr\u00f3nico y coordinaci\u00f3n: se\u00f1ales desde Quito para los ecosistemas aeroportuarios de Am\u00e9rica Latina - LATITUDE 15<\/title>\n<meta name=\"description\" content=\"ACI Airport Day Quito: los l\u00edderes del sector destacaron c\u00f3mo la carga, el comercio electr\u00f3nico y la coordinaci\u00f3n est\u00e1n remodelando los ecosistemas aeroportuarios en toda Am\u00e9rica Latina\" \/>\n<meta name=\"robots\" content=\"index, follow, max-snippet:-1, max-image-preview:large, max-video-preview:-1\" \/>\n<link rel=\"canonical\" href=\"https:\/\/www.latitude-15.com\/es\/carga-comercio-electronico-y-coordinacion-senales-desde-quito-para-los-ecosistemas-aeroportuarios-de-america-latina\/\" \/>\n<meta property=\"og:locale\" content=\"es_ES\" \/>\n<meta property=\"og:type\" content=\"article\" \/>\n<meta property=\"og:title\" content=\"ACI LAC QUITO. Carga, comercio electr\u00f3nico y coordinaci\u00f3n: se\u00f1ales desde Quito para los ecosistemas aeroportuarios de Am\u00e9rica Latina - LATITUDE 15\" \/>\n<meta property=\"og:description\" content=\"ACI Airport Day Quito: los l\u00edderes del sector destacaron c\u00f3mo la carga, el comercio electr\u00f3nico y la coordinaci\u00f3n est\u00e1n remodelando los ecosistemas aeroportuarios en toda Am\u00e9rica Latina\" \/>\n<meta property=\"og:url\" content=\"https:\/\/www.latitude-15.com\/es\/carga-comercio-electronico-y-coordinacion-senales-desde-quito-para-los-ecosistemas-aeroportuarios-de-america-latina\/\" \/>\n<meta property=\"og:site_name\" content=\"LATITUDE 15\" \/>\n<meta property=\"article:published_time\" content=\"2026-04-24T18:20:01+00:00\" \/>\n<meta property=\"article:modified_time\" content=\"2026-04-27T13:57:12+00:00\" \/>\n<meta property=\"og:image\" content=\"https:\/\/www.latitude-15.com\/wp-content\/uploads\/2026\/04\/55145518428_36bf22e892_c.jpg\" \/>\n\t<meta property=\"og:image:width\" content=\"799\" \/>\n\t<meta property=\"og:image:height\" content=\"534\" \/>\n\t<meta property=\"og:image:type\" content=\"image\/jpeg\" \/>\n<meta name=\"author\" content=\"Joda J\" \/>\n<meta name=\"twitter:card\" content=\"summary_large_image\" \/>\n<meta name=\"twitter:label1\" content=\"Escrito por\" \/>\n\t<meta name=\"twitter:data1\" content=\"Joda J\" \/>\n\t<meta name=\"twitter:label2\" content=\"Tiempo de lectura\" \/>\n\t<meta name=\"twitter:data2\" content=\"7 minutos\" \/>\n<script type=\"application\/ld+json\" class=\"yoast-schema-graph\">{\"@context\":\"https:\/\/schema.org\",\"@graph\":[{\"@type\":\"Article\",\"@id\":\"https:\/\/www.latitude-15.com\/es\/carga-comercio-electronico-y-coordinacion-senales-desde-quito-para-los-ecosistemas-aeroportuarios-de-america-latina\/#article\",\"isPartOf\":{\"@id\":\"https:\/\/www.latitude-15.com\/es\/carga-comercio-electronico-y-coordinacion-senales-desde-quito-para-los-ecosistemas-aeroportuarios-de-america-latina\/\"},\"author\":{\"name\":\"Joda J\",\"@id\":\"https:\/\/www.latitude-15.com\/es\/#\/schema\/person\/dac52e7ff44c78317f337da112e37252\"},\"headline\":\"ACI LAC QUITO. Carga, comercio electr\u00f3nico y coordinaci\u00f3n: se\u00f1ales desde Quito para los ecosistemas aeroportuarios de Am\u00e9rica Latina\",\"datePublished\":\"2026-04-24T18:20:01+00:00\",\"dateModified\":\"2026-04-27T13:57:12+00:00\",\"mainEntityOfPage\":{\"@id\":\"https:\/\/www.latitude-15.com\/es\/carga-comercio-electronico-y-coordinacion-senales-desde-quito-para-los-ecosistemas-aeroportuarios-de-america-latina\/\"},\"wordCount\":1398,\"commentCount\":0,\"publisher\":{\"@id\":\"https:\/\/www.latitude-15.com\/es\/#organization\"},\"image\":{\"@id\":\"https:\/\/www.latitude-15.com\/es\/carga-comercio-electronico-y-coordinacion-senales-desde-quito-para-los-ecosistemas-aeroportuarios-de-america-latina\/#primaryimage\"},\"thumbnailUrl\":\"https:\/\/www.latitude-15.com\/wp-content\/uploads\/2026\/04\/55145518428_36bf22e892_c.jpg\",\"articleSection\":[\"Aeropuertos e infraestructura\",\"AVIACI\u00d3N\"],\"inLanguage\":\"es\",\"potentialAction\":[{\"@type\":\"CommentAction\",\"name\":\"Comment\",\"target\":[\"https:\/\/www.latitude-15.com\/es\/carga-comercio-electronico-y-coordinacion-senales-desde-quito-para-los-ecosistemas-aeroportuarios-de-america-latina\/#respond\"]}]},{\"@type\":\"WebPage\",\"@id\":\"https:\/\/www.latitude-15.com\/es\/carga-comercio-electronico-y-coordinacion-senales-desde-quito-para-los-ecosistemas-aeroportuarios-de-america-latina\/\",\"url\":\"https:\/\/www.latitude-15.com\/es\/carga-comercio-electronico-y-coordinacion-senales-desde-quito-para-los-ecosistemas-aeroportuarios-de-america-latina\/\",\"name\":\"ACI LAC QUITO. Carga, comercio electr\u00f3nico y coordinaci\u00f3n: se\u00f1ales desde Quito para los ecosistemas aeroportuarios de Am\u00e9rica Latina - LATITUDE 15\",\"isPartOf\":{\"@id\":\"https:\/\/www.latitude-15.com\/es\/#website\"},\"primaryImageOfPage\":{\"@id\":\"https:\/\/www.latitude-15.com\/es\/carga-comercio-electronico-y-coordinacion-senales-desde-quito-para-los-ecosistemas-aeroportuarios-de-america-latina\/#primaryimage\"},\"image\":{\"@id\":\"https:\/\/www.latitude-15.com\/es\/carga-comercio-electronico-y-coordinacion-senales-desde-quito-para-los-ecosistemas-aeroportuarios-de-america-latina\/#primaryimage\"},\"thumbnailUrl\":\"https:\/\/www.latitude-15.com\/wp-content\/uploads\/2026\/04\/55145518428_36bf22e892_c.jpg\",\"datePublished\":\"2026-04-24T18:20:01+00:00\",\"dateModified\":\"2026-04-27T13:57:12+00:00\",\"description\":\"ACI Airport Day Quito: los l\u00edderes del sector destacaron c\u00f3mo la carga, el comercio electr\u00f3nico y la coordinaci\u00f3n est\u00e1n remodelando los ecosistemas aeroportuarios en toda Am\u00e9rica Latina\",\"breadcrumb\":{\"@id\":\"https:\/\/www.latitude-15.com\/es\/carga-comercio-electronico-y-coordinacion-senales-desde-quito-para-los-ecosistemas-aeroportuarios-de-america-latina\/#breadcrumb\"},\"inLanguage\":\"es\",\"potentialAction\":[{\"@type\":\"ReadAction\",\"target\":[\"https:\/\/www.latitude-15.com\/es\/carga-comercio-electronico-y-coordinacion-senales-desde-quito-para-los-ecosistemas-aeroportuarios-de-america-latina\/\"]}]},{\"@type\":\"ImageObject\",\"inLanguage\":\"es\",\"@id\":\"https:\/\/www.latitude-15.com\/es\/carga-comercio-electronico-y-coordinacion-senales-desde-quito-para-los-ecosistemas-aeroportuarios-de-america-latina\/#primaryimage\",\"url\":\"https:\/\/www.latitude-15.com\/wp-content\/uploads\/2026\/04\/55145518428_36bf22e892_c.jpg\",\"contentUrl\":\"https:\/\/www.latitude-15.com\/wp-content\/uploads\/2026\/04\/55145518428_36bf22e892_c.jpg\",\"width\":799,\"height\":534},{\"@type\":\"BreadcrumbList\",\"@id\":\"https:\/\/www.latitude-15.com\/es\/carga-comercio-electronico-y-coordinacion-senales-desde-quito-para-los-ecosistemas-aeroportuarios-de-america-latina\/#breadcrumb\",\"itemListElement\":[{\"@type\":\"ListItem\",\"position\":1,\"name\":\"Home\",\"item\":\"https:\/\/www.latitude-15.com\/es\/inicio\/\"},{\"@type\":\"ListItem\",\"position\":2,\"name\":\"ACI LAC QUITO. Carga, comercio electr\u00f3nico y coordinaci\u00f3n: se\u00f1ales desde Quito para los ecosistemas aeroportuarios de Am\u00e9rica Latina\"}]},{\"@type\":\"WebSite\",\"@id\":\"https:\/\/www.latitude-15.com\/es\/#website\",\"url\":\"https:\/\/www.latitude-15.com\/es\/\",\"name\":\"LATITUDE 15\",\"description\":\"Aviation and maritime Magazine - Caribbean &amp; Latin America\",\"publisher\":{\"@id\":\"https:\/\/www.latitude-15.com\/es\/#organization\"},\"potentialAction\":[{\"@type\":\"SearchAction\",\"target\":{\"@type\":\"EntryPoint\",\"urlTemplate\":\"https:\/\/www.latitude-15.com\/es\/?s={search_term_string}\"},\"query-input\":{\"@type\":\"PropertyValueSpecification\",\"valueRequired\":true,\"valueName\":\"search_term_string\"}}],\"inLanguage\":\"es\"},{\"@type\":\"Organization\",\"@id\":\"https:\/\/www.latitude-15.com\/es\/#organization\",\"name\":\"LATITUDE 15\",\"url\":\"https:\/\/www.latitude-15.com\/es\/\",\"logo\":{\"@type\":\"ImageObject\",\"inLanguage\":\"es\",\"@id\":\"https:\/\/www.latitude-15.com\/es\/#\/schema\/logo\/image\/\",\"url\":\"https:\/\/www.latitude-15.com\/wp-content\/uploads\/2026\/01\/cropped-logox500px.png\",\"contentUrl\":\"https:\/\/www.latitude-15.com\/wp-content\/uploads\/2026\/01\/cropped-logox500px.png\",\"width\":62,\"height\":75,\"caption\":\"LATITUDE 15\"},\"image\":{\"@id\":\"https:\/\/www.latitude-15.com\/es\/#\/schema\/logo\/image\/\"}},{\"@type\":\"Person\",\"@id\":\"https:\/\/www.latitude-15.com\/es\/#\/schema\/person\/dac52e7ff44c78317f337da112e37252\",\"name\":\"Joda J\",\"image\":{\"@type\":\"ImageObject\",\"inLanguage\":\"es\",\"@id\":\"https:\/\/www.latitude-15.com\/es\/#\/schema\/person\/image\/\",\"url\":\"https:\/\/secure.gravatar.com\/avatar\/6b1feae555e15404b76616f92d931d12b25ac58024f14ccb43d9d3c012e4c4cf?s=96&d=mm&r=g\",\"contentUrl\":\"https:\/\/secure.gravatar.com\/avatar\/6b1feae555e15404b76616f92d931d12b25ac58024f14ccb43d9d3c012e4c4cf?s=96&d=mm&r=g\",\"caption\":\"Joda J\"},\"url\":\"https:\/\/www.latitude-15.com\/es\/author\/joda\/\"}]}<\/script>\n<!-- \/ Yoast SEO plugin. -->","yoast_head_json":{"title":"ACI LAC QUITO. Carga, comercio electr\u00f3nico y coordinaci\u00f3n: se\u00f1ales desde Quito para los ecosistemas aeroportuarios de Am\u00e9rica Latina - LATITUDE 15","description":"ACI Airport Day Quito: los l\u00edderes del sector destacaron c\u00f3mo la carga, el comercio electr\u00f3nico y la coordinaci\u00f3n est\u00e1n remodelando los ecosistemas aeroportuarios en toda Am\u00e9rica Latina","robots":{"index":"index","follow":"follow","max-snippet":"max-snippet:-1","max-image-preview":"max-image-preview:large","max-video-preview":"max-video-preview:-1"},"canonical":"https:\/\/www.latitude-15.com\/es\/carga-comercio-electronico-y-coordinacion-senales-desde-quito-para-los-ecosistemas-aeroportuarios-de-america-latina\/","og_locale":"es_ES","og_type":"article","og_title":"ACI LAC QUITO. Carga, comercio electr\u00f3nico y coordinaci\u00f3n: se\u00f1ales desde Quito para los ecosistemas aeroportuarios de Am\u00e9rica Latina - LATITUDE 15","og_description":"ACI Airport Day Quito: los l\u00edderes del sector destacaron c\u00f3mo la carga, el comercio electr\u00f3nico y la coordinaci\u00f3n est\u00e1n remodelando los ecosistemas aeroportuarios en toda Am\u00e9rica Latina","og_url":"https:\/\/www.latitude-15.com\/es\/carga-comercio-electronico-y-coordinacion-senales-desde-quito-para-los-ecosistemas-aeroportuarios-de-america-latina\/","og_site_name":"LATITUDE 15","article_published_time":"2026-04-24T18:20:01+00:00","article_modified_time":"2026-04-27T13:57:12+00:00","og_image":[{"width":799,"height":534,"url":"https:\/\/www.latitude-15.com\/wp-content\/uploads\/2026\/04\/55145518428_36bf22e892_c.jpg","type":"image\/jpeg"}],"author":"Joda J","twitter_card":"summary_large_image","twitter_misc":{"Escrito por":"Joda J","Tiempo de lectura":"7 minutos"},"schema":{"@context":"https:\/\/schema.org","@graph":[{"@type":"Article","@id":"https:\/\/www.latitude-15.com\/es\/carga-comercio-electronico-y-coordinacion-senales-desde-quito-para-los-ecosistemas-aeroportuarios-de-america-latina\/#article","isPartOf":{"@id":"https:\/\/www.latitude-15.com\/es\/carga-comercio-electronico-y-coordinacion-senales-desde-quito-para-los-ecosistemas-aeroportuarios-de-america-latina\/"},"author":{"name":"Joda J","@id":"https:\/\/www.latitude-15.com\/es\/#\/schema\/person\/dac52e7ff44c78317f337da112e37252"},"headline":"ACI LAC QUITO. Carga, comercio electr\u00f3nico y coordinaci\u00f3n: se\u00f1ales desde Quito para los ecosistemas aeroportuarios de Am\u00e9rica Latina","datePublished":"2026-04-24T18:20:01+00:00","dateModified":"2026-04-27T13:57:12+00:00","mainEntityOfPage":{"@id":"https:\/\/www.latitude-15.com\/es\/carga-comercio-electronico-y-coordinacion-senales-desde-quito-para-los-ecosistemas-aeroportuarios-de-america-latina\/"},"wordCount":1398,"commentCount":0,"publisher":{"@id":"https:\/\/www.latitude-15.com\/es\/#organization"},"image":{"@id":"https:\/\/www.latitude-15.com\/es\/carga-comercio-electronico-y-coordinacion-senales-desde-quito-para-los-ecosistemas-aeroportuarios-de-america-latina\/#primaryimage"},"thumbnailUrl":"https:\/\/www.latitude-15.com\/wp-content\/uploads\/2026\/04\/55145518428_36bf22e892_c.jpg","articleSection":["Aeropuertos e infraestructura","AVIACI\u00d3N"],"inLanguage":"es","potentialAction":[{"@type":"CommentAction","name":"Comment","target":["https:\/\/www.latitude-15.com\/es\/carga-comercio-electronico-y-coordinacion-senales-desde-quito-para-los-ecosistemas-aeroportuarios-de-america-latina\/#respond"]}]},{"@type":"WebPage","@id":"https:\/\/www.latitude-15.com\/es\/carga-comercio-electronico-y-coordinacion-senales-desde-quito-para-los-ecosistemas-aeroportuarios-de-america-latina\/","url":"https:\/\/www.latitude-15.com\/es\/carga-comercio-electronico-y-coordinacion-senales-desde-quito-para-los-ecosistemas-aeroportuarios-de-america-latina\/","name":"ACI LAC QUITO. Carga, comercio electr\u00f3nico y coordinaci\u00f3n: se\u00f1ales desde Quito para los ecosistemas aeroportuarios de Am\u00e9rica Latina - LATITUDE 15","isPartOf":{"@id":"https:\/\/www.latitude-15.com\/es\/#website"},"primaryImageOfPage":{"@id":"https:\/\/www.latitude-15.com\/es\/carga-comercio-electronico-y-coordinacion-senales-desde-quito-para-los-ecosistemas-aeroportuarios-de-america-latina\/#primaryimage"},"image":{"@id":"https:\/\/www.latitude-15.com\/es\/carga-comercio-electronico-y-coordinacion-senales-desde-quito-para-los-ecosistemas-aeroportuarios-de-america-latina\/#primaryimage"},"thumbnailUrl":"https:\/\/www.latitude-15.com\/wp-content\/uploads\/2026\/04\/55145518428_36bf22e892_c.jpg","datePublished":"2026-04-24T18:20:01+00:00","dateModified":"2026-04-27T13:57:12+00:00","description":"ACI Airport Day Quito: los l\u00edderes del sector destacaron c\u00f3mo la carga, el comercio electr\u00f3nico y la coordinaci\u00f3n est\u00e1n remodelando los ecosistemas aeroportuarios en toda Am\u00e9rica Latina","breadcrumb":{"@id":"https:\/\/www.latitude-15.com\/es\/carga-comercio-electronico-y-coordinacion-senales-desde-quito-para-los-ecosistemas-aeroportuarios-de-america-latina\/#breadcrumb"},"inLanguage":"es","potentialAction":[{"@type":"ReadAction","target":["https:\/\/www.latitude-15.com\/es\/carga-comercio-electronico-y-coordinacion-senales-desde-quito-para-los-ecosistemas-aeroportuarios-de-america-latina\/"]}]},{"@type":"ImageObject","inLanguage":"es","@id":"https:\/\/www.latitude-15.com\/es\/carga-comercio-electronico-y-coordinacion-senales-desde-quito-para-los-ecosistemas-aeroportuarios-de-america-latina\/#primaryimage","url":"https:\/\/www.latitude-15.com\/wp-content\/uploads\/2026\/04\/55145518428_36bf22e892_c.jpg","contentUrl":"https:\/\/www.latitude-15.com\/wp-content\/uploads\/2026\/04\/55145518428_36bf22e892_c.jpg","width":799,"height":534},{"@type":"BreadcrumbList","@id":"https:\/\/www.latitude-15.com\/es\/carga-comercio-electronico-y-coordinacion-senales-desde-quito-para-los-ecosistemas-aeroportuarios-de-america-latina\/#breadcrumb","itemListElement":[{"@type":"ListItem","position":1,"name":"Home","item":"https:\/\/www.latitude-15.com\/es\/inicio\/"},{"@type":"ListItem","position":2,"name":"ACI LAC QUITO. Carga, comercio electr\u00f3nico y coordinaci\u00f3n: se\u00f1ales desde Quito para los ecosistemas aeroportuarios de Am\u00e9rica Latina"}]},{"@type":"WebSite","@id":"https:\/\/www.latitude-15.com\/es\/#website","url":"https:\/\/www.latitude-15.com\/es\/","name":"LATITUDE 15","description":"Aviation and maritime Magazine - Caribbean &amp; Latin America","publisher":{"@id":"https:\/\/www.latitude-15.com\/es\/#organization"},"potentialAction":[{"@type":"SearchAction","target":{"@type":"EntryPoint","urlTemplate":"https:\/\/www.latitude-15.com\/es\/?s={search_term_string}"},"query-input":{"@type":"PropertyValueSpecification","valueRequired":true,"valueName":"search_term_string"}}],"inLanguage":"es"},{"@type":"Organization","@id":"https:\/\/www.latitude-15.com\/es\/#organization","name":"LATITUDE 15","url":"https:\/\/www.latitude-15.com\/es\/","logo":{"@type":"ImageObject","inLanguage":"es","@id":"https:\/\/www.latitude-15.com\/es\/#\/schema\/logo\/image\/","url":"https:\/\/www.latitude-15.com\/wp-content\/uploads\/2026\/01\/cropped-logox500px.png","contentUrl":"https:\/\/www.latitude-15.com\/wp-content\/uploads\/2026\/01\/cropped-logox500px.png","width":62,"height":75,"caption":"LATITUDE 15"},"image":{"@id":"https:\/\/www.latitude-15.com\/es\/#\/schema\/logo\/image\/"}},{"@type":"Person","@id":"https:\/\/www.latitude-15.com\/es\/#\/schema\/person\/dac52e7ff44c78317f337da112e37252","name":"Joda J","image":{"@type":"ImageObject","inLanguage":"es","@id":"https:\/\/www.latitude-15.com\/es\/#\/schema\/person\/image\/","url":"https:\/\/secure.gravatar.com\/avatar\/6b1feae555e15404b76616f92d931d12b25ac58024f14ccb43d9d3c012e4c4cf?s=96&d=mm&r=g","contentUrl":"https:\/\/secure.gravatar.com\/avatar\/6b1feae555e15404b76616f92d931d12b25ac58024f14ccb43d9d3c012e4c4cf?s=96&d=mm&r=g","caption":"Joda J"},"url":"https:\/\/www.latitude-15.com\/es\/author\/joda\/"}]}},"_links":{"self":[{"href":"https:\/\/www.latitude-15.com\/es\/wp-json\/wp\/v2\/posts\/23122","targetHints":{"allow":["GET"]}}],"collection":[{"href":"https:\/\/www.latitude-15.com\/es\/wp-json\/wp\/v2\/posts"}],"about":[{"href":"https:\/\/www.latitude-15.com\/es\/wp-json\/wp\/v2\/types\/post"}],"author":[{"embeddable":true,"href":"https:\/\/www.latitude-15.com\/es\/wp-json\/wp\/v2\/users\/5"}],"replies":[{"embeddable":true,"href":"https:\/\/www.latitude-15.com\/es\/wp-json\/wp\/v2\/comments?post=23122"}],"version-history":[{"count":3,"href":"https:\/\/www.latitude-15.com\/es\/wp-json\/wp\/v2\/posts\/23122\/revisions"}],"predecessor-version":[{"id":23179,"href":"https:\/\/www.latitude-15.com\/es\/wp-json\/wp\/v2\/posts\/23122\/revisions\/23179"}],"wp:featuredmedia":[{"embeddable":true,"href":"https:\/\/www.latitude-15.com\/es\/wp-json\/wp\/v2\/media\/23119"}],"wp:attachment":[{"href":"https:\/\/www.latitude-15.com\/es\/wp-json\/wp\/v2\/media?parent=23122"}],"wp:term":[{"taxonomy":"category","embeddable":true,"href":"https:\/\/www.latitude-15.com\/es\/wp-json\/wp\/v2\/categories?post=23122"},{"taxonomy":"post_tag","embeddable":true,"href":"https:\/\/www.latitude-15.com\/es\/wp-json\/wp\/v2\/tags?post=23122"}],"curies":[{"name":"wp","href":"https:\/\/api.w.org\/{rel}","templated":true}]}}