{"id":23010,"date":"2026-04-23T11:21:29","date_gmt":"2026-04-23T15:21:29","guid":{"rendered":"https:\/\/www.latitude-15.com\/pueden-los-marcos-digitales-de-datos-impulsar-una-integracion-logistica-mas-profunda-en-la-region\/"},"modified":"2026-04-24T11:14:16","modified_gmt":"2026-04-24T15:14:16","slug":"pueden-los-marcos-digitales-de-datos-impulsar-una-integracion-logistica-mas-profunda-en-la-region","status":"publish","type":"post","link":"https:\/\/www.latitude-15.com\/es\/pueden-los-marcos-digitales-de-datos-impulsar-una-integracion-logistica-mas-profunda-en-la-region\/","title":{"rendered":"\u00bfPueden los marcos digitales de datos impulsar una integraci\u00f3n log\u00edstica m\u00e1s profunda en la regi\u00f3n?"},"content":{"rendered":"\n<p>Mientras las cadenas globales de suministro contin\u00faan expandi\u00e9ndose y digitaliz\u00e1ndose, los sistemas log\u00edsticos en Am\u00e9rica Latina y el Caribe (LAC) siguen estando conectados de manera desigual a nivel regional. <strong><em><a href=\"https:\/\/www.latitude-15.com\/es\/flete-digital-e-integracion-regional-lo-que-sugiere-el-webinar-lac-efti4all-para-el-panorama-logistico-regional\/\">Las discusiones durante el webinar LAC eFTI4ALL <\/a><\/em><\/strong>se\u00f1alaron un desaf\u00edo recurrente: a pesar de una fuerte conexi\u00f3n con los flujos internacionales, la integraci\u00f3n intra-regional sigue siendo limitada, tanto en t\u00e9rminos de flujos f\u00edsicos como de intercambio de datos.<\/p>\n\n<p>En este contexto, la aparici\u00f3n de marcos digitales de transporte de carga como el eFTI plantea una cuesti\u00f3n m\u00e1s amplia: \u00bfpueden los sistemas de datos estandarizados ayudar a cerrar estas brechas y favorecer una log\u00edstica m\u00e1s coordinada en toda la regi\u00f3n?<\/p>\n\n<h2 class=\"wp-block-heading\">Una regi\u00f3n conectada globalmente, pero fragmentada internamente<\/h2>\n\n<p>Una de las principales conclusiones de la sesi\u00f3n radica en esta contradicci\u00f3n estructural: la regi\u00f3n est\u00e1 profundamente conectada a los flujos comerciales globales, pero permanece solo d\u00e9bilmente integrada dentro de su propia geograf\u00eda.<\/p>\n\n<p>Serge Letchimy ilustr\u00f3 este desequilibrio de forma concreta, se\u00f1alando que \u201cimportamos mucho\u201d, mientras que \u201c9 de cada 10 contenedores salen vac\u00edos o medio vac\u00edos\u201d. M\u00e1s all\u00e1 de la ineficiencia, esto refleja un sistema log\u00edstico dise\u00f1ado principalmente en torno a cadenas de suministro externas, en lugar de la circulaci\u00f3n regional.<\/p>\n\n<p>Tambi\u00e9n sugiri\u00f3 que los modelos actuales \u201cno han sido dise\u00f1ados para organizar mercados regionales\u201d, reforzando una din\u00e1mica en la que la regi\u00f3n funciona m\u00e1s como un espacio de tr\u00e1nsito que como un generador de valor. En este contexto, la conectividad global no se traduce necesariamente en cohesi\u00f3n regional. <\/p>\n\n<h2 class=\"wp-block-heading\">M\u00e1s all\u00e1 de la infraestructura: el desaf\u00edo de la coordinaci\u00f3n<\/h2>\n\n<p>Si bien la infraestructura suele considerarse el principal cuello de botella, las discusiones apuntan a una realidad m\u00e1s compleja.<\/p>\n\n<p>Serge Letchimy abord\u00f3 la log\u00edstica como un sistema m\u00e1s amplio que va m\u00e1s all\u00e1 de los flujos f\u00edsicos, abarcando la informaci\u00f3n, la coordinaci\u00f3n y los procesos de toma de decisiones. Sin alineaci\u00f3n entre estos niveles, las mejoras en infraestructura por s\u00ed solas pueden tener un impacto limitado. <\/p>\n\n<p>Sandra Casanova aport\u00f3 una perspectiva m\u00e1s operativa, observando que \u201cla informaci\u00f3n no circula f\u00e1cilmente\u201d y que los sistemas siguen estando insuficientemente conectados. Se\u00f1al\u00f3 \u201ccontroles redundantes\u201d debido a la falta de interoperabilidad, incluso entre territorios estrechamente vinculados. <\/p>\n\n<p>En la pr\u00e1ctica, esto da lugar a sistemas paralelos que operan lado a lado, en lugar de formar parte de un marco regional unificado. Por tanto, el desaf\u00edo no consiste \u00fanicamente en mover mercanc\u00edas de forma m\u00e1s eficiente, sino en permitir que los actores operen dentro de un sistema compartido. <\/p>\n\n<figure class=\"wp-block-image size-large\"><img fetchpriority=\"high\" decoding=\"async\" width=\"1024\" height=\"582\" src=\"https:\/\/www.latitude-15.com\/wp-content\/uploads\/2026\/04\/img10-1024x582.jpg\" alt=\"\" class=\"wp-image-23059\" srcset=\"https:\/\/www.latitude-15.com\/wp-content\/uploads\/2026\/04\/img10-1024x582.jpg 1024w, https:\/\/www.latitude-15.com\/wp-content\/uploads\/2026\/04\/img10-300x170.jpg 300w, https:\/\/www.latitude-15.com\/wp-content\/uploads\/2026\/04\/img10-768x436.jpg 768w, https:\/\/www.latitude-15.com\/wp-content\/uploads\/2026\/04\/img10.jpg 1237w\" sizes=\"(max-width: 1024px) 100vw, 1024px\" \/><\/figure>\n\n<h2 class=\"wp-block-heading\">Los datos como capa ausente en la integraci\u00f3n regional<\/h2>\n\n<p>A lo largo de las intervenciones, un elemento aparece de forma recurrente como una carencia: los datos.<\/p>\n\n<p>Sandra Casanova destac\u00f3 la ausencia de informaci\u00f3n estructurada, se\u00f1alando la falta de \u201cestad\u00edsticas y de un observatorio con recopilaci\u00f3n y explotaci\u00f3n de datos\u201d. Esta limitaci\u00f3n reduce la visibilidad a lo largo de las cadenas de suministro y restringe tanto la planificaci\u00f3n como la coordinaci\u00f3n.<\/p>\n\n<p>Sin est\u00e1ndares compartidos ni datos en tiempo real, los operadores se enfrentan a entornos informativos fragmentados, lo que dificulta anticipar interrupciones u optimizar los flujos. En este sentido, los datos no solo apoyan la log\u00edstica, sino que constituyen la base de su eficacia. <\/p>\n\n<p>Esto sugiere que la integraci\u00f3n regional depende no solo de la infraestructura y del alineamiento de pol\u00edticas, sino tambi\u00e9n de la capacidad de construir una capa de datos compartida en todo el ecosistema.<\/p>\n\n<h2 class=\"wp-block-heading\">eFTI como facilitador potencial, no como soluci\u00f3n<\/h2>\n\n<p>En este contexto, el marco eFTI fue presentado como un posible paso hacia una mayor coordinaci\u00f3n.<\/p>\n\n<p>Sandra Casanova lo describi\u00f3 como \u201cun lenguaje com\u00fan de datos armonizados\u201d, que permite \u201cintercambios seguros entre operadores y autoridades p\u00fablicas\u201d y facilita \u201cdatos en tiempo real y la trazabilidad de los flujos\u201d. El objetivo no es \u00fanicamente digitalizar procesos, sino crear una estructura compartida para el intercambio de informaci\u00f3n.<\/p>\n\n<p>Desde el punto de vista t\u00e9cnico, Heiti Mering destac\u00f3 la transici\u00f3n hacia sistemas sin papel, afirmando que \u201cno necesitamos seguir procesos basados en papel\u201d. Las plataformas digitales podr\u00edan permitir intercambios m\u00e1s fluidos, siempre que se garantice la interoperabilidad y la seguridad.<\/p>\n\n<p>Al mismo tiempo, las discusiones sugieren que el impacto de estas herramientas sigue siendo condicionado. Su eficacia depende de una adopci\u00f3n generalizada, del alineamiento entre los distintos actores y de su integraci\u00f3n con los sistemas existentes. En este sentido, eFTI aparece menos como una soluci\u00f3n en s\u00ed misma que como un marco capaz de facilitar el cambio bajo determinadas condiciones.  <\/p>\n\n<h2 class=\"wp-block-heading\">Los marcos regionales ya existen<\/h2>\n\n<p>Es importante destacar que la regi\u00f3n no parte de cero.<\/p>\n\n<p>La Dra. Pauline Yearwood se\u00f1al\u00f3 la existencia de marcos de pol\u00edtica de transporte dentro de CARICOM, orientados a garantizar \u201cservicios de transporte adecuados, seguros y competitivos a nivel internacional\u201d para apoyar el desarrollo regional. Tambi\u00e9n subray\u00f3 que \u201cel transporte a\u00e9reo y mar\u00edtimo es fundamental\u201d en un contexto en el que la mayor\u00eda de los pa\u00edses est\u00e1n separados por mar. <\/p>\n\n<p>Estos elementos sugieren que las bases institucionales para la integraci\u00f3n ya est\u00e1n establecidas. Sin embargo, trasladar las pol\u00edticas a una coordinaci\u00f3n operativa sigue siendo un desaf\u00edo. <\/p>\n\n<p>En este contexto, los marcos digitales de transporte de carga pueden complementar las estructuras existentes proporcionando herramientas que faciliten su implementaci\u00f3n, sin sustituir la necesidad de alineamiento pol\u00edtico.<\/p>\n\n<h2 class=\"wp-block-heading\">De la ambici\u00f3n a la ejecuci\u00f3n<\/h2>\n\n<p>Una tensi\u00f3n recurrente a lo largo del webinar radica en la distancia entre ambici\u00f3n e implementaci\u00f3n.<\/p>\n\n<p>Por un lado, existe una clara voluntad de reforzar la integraci\u00f3n regional, respaldada por marcos institucionales y posicionamientos estrat\u00e9gicos. Por otro, las realidades operativas \u2014sistemas fragmentados, intercambio limitado de datos y d\u00e9ficits de coordinaci\u00f3n\u2014 contin\u00faan frenando el progreso. <\/p>\n\n<p>Las herramientas digitales pueden ayudar a reducir algunas de estas fricciones, pero su impacto depende de c\u00f3mo se implementen y adopten en el ecosistema. Como se destac\u00f3 en las discusiones, mejorar la integraci\u00f3n requiere no solo soluciones tecnol\u00f3gicas, sino tambi\u00e9n un alineamiento entre actores p\u00fablicos y privados. <\/p>\n\n<h2 class=\"wp-block-heading\">Conclusi\u00f3n \u2013 Una integraci\u00f3n a\u00fan condicionada<\/h2>\n\n<p>Las discusiones sugieren que los marcos digitales de datos pueden contribuir a una integraci\u00f3n log\u00edstica m\u00e1s profunda en la regi\u00f3n, al mejorar los flujos de informaci\u00f3n y la coordinaci\u00f3n.<\/p>\n\n<p>Al mismo tiempo, esta integraci\u00f3n sigue siendo condicionada. Depende no solo de la disponibilidad de herramientas, sino de la capacidad para alinear est\u00e1ndares, garantizar la interoperabilidad y coordinar a m\u00faltiples jurisdicciones y actores. <\/p>\n\n<p>A medida que la regi\u00f3n avanza en la exploraci\u00f3n de estos enfoques, la trayectoria apunta a una transformaci\u00f3n gradual m\u00e1s que a un cambio inmediato. El transporte digital de carga abre nuevas posibilidades, pero el grado en que estas se traduzcan en una integraci\u00f3n tangible depender\u00e1 de c\u00f3mo estos sistemas se implementen y adopten a lo largo del tiempo. <\/p>\n","protected":false},"excerpt":{"rendered":"<p>Mientras las cadenas globales de suministro contin\u00faan expandi\u00e9ndose y digitaliz\u00e1ndose, los sistemas log\u00edsticos en Am\u00e9rica Latina y el Caribe (LAC) siguen estando conectados de manera desigual a nivel regional. Las discusiones durante el webinar LAC eFTI4ALL se\u00f1alaron un desaf\u00edo recurrente: a pesar de una fuerte conexi\u00f3n con los flujos internacionales, la integraci\u00f3n intra-regional sigue siendo [&hellip;]<\/p>\n","protected":false},"author":5,"featured_media":23009,"comment_status":"open","ping_status":"closed","sticky":false,"template":"","format":"standard","meta":{"footnotes":""},"categories":[120,138],"tags":[],"class_list":["post-23010","post","type-post","status-publish","format-standard","has-post-thumbnail","hentry","category-maritimo","category-puertos-y-logistica"],"yoast_head":"<!-- This site is optimized with the Yoast SEO plugin v26.9 - https:\/\/yoast.com\/product\/yoast-seo-wordpress\/ -->\n<title>\u00bfPueden los marcos digitales de datos impulsar una integraci\u00f3n log\u00edstica m\u00e1s profunda en la regi\u00f3n? - LATITUDE 15<\/title>\n<meta name=\"description\" content=\"\u00bfPueden los marcos de datos digitales de transporte mejorar la integraci\u00f3n log\u00edstica en la regi\u00f3n de ALC? Conclusiones del seminario web de eFTI4ALL.\" \/>\n<meta name=\"robots\" content=\"index, follow, max-snippet:-1, max-image-preview:large, max-video-preview:-1\" \/>\n<link rel=\"canonical\" href=\"https:\/\/www.latitude-15.com\/es\/pueden-los-marcos-digitales-de-datos-impulsar-una-integracion-logistica-mas-profunda-en-la-region\/\" \/>\n<meta property=\"og:locale\" content=\"es_ES\" \/>\n<meta property=\"og:type\" content=\"article\" \/>\n<meta property=\"og:title\" content=\"\u00bfPueden los marcos digitales de datos impulsar una integraci\u00f3n log\u00edstica m\u00e1s profunda en la regi\u00f3n? - LATITUDE 15\" \/>\n<meta property=\"og:description\" content=\"\u00bfPueden los marcos de datos digitales de transporte mejorar la integraci\u00f3n log\u00edstica en la regi\u00f3n de ALC? Conclusiones del seminario web de eFTI4ALL.\" \/>\n<meta property=\"og:url\" content=\"https:\/\/www.latitude-15.com\/es\/pueden-los-marcos-digitales-de-datos-impulsar-una-integracion-logistica-mas-profunda-en-la-region\/\" \/>\n<meta property=\"og:site_name\" content=\"LATITUDE 15\" \/>\n<meta property=\"article:published_time\" content=\"2026-04-23T15:21:29+00:00\" \/>\n<meta property=\"article:modified_time\" content=\"2026-04-24T15:14:16+00:00\" \/>\n<meta property=\"og:image\" content=\"https:\/\/www.latitude-15.com\/wp-content\/uploads\/2026\/04\/img76392610-1024x683.png\" \/>\n\t<meta property=\"og:image:width\" content=\"1024\" \/>\n\t<meta property=\"og:image:height\" content=\"683\" \/>\n\t<meta property=\"og:image:type\" content=\"image\/png\" \/>\n<meta name=\"author\" content=\"Joda J\" \/>\n<meta name=\"twitter:card\" content=\"summary_large_image\" \/>\n<meta name=\"twitter:label1\" content=\"Escrito por\" \/>\n\t<meta name=\"twitter:data1\" content=\"Joda J\" \/>\n\t<meta name=\"twitter:label2\" content=\"Tiempo de lectura\" \/>\n\t<meta name=\"twitter:data2\" content=\"6 minutos\" \/>\n<script type=\"application\/ld+json\" class=\"yoast-schema-graph\">{\"@context\":\"https:\/\/schema.org\",\"@graph\":[{\"@type\":\"Article\",\"@id\":\"https:\/\/www.latitude-15.com\/es\/pueden-los-marcos-digitales-de-datos-impulsar-una-integracion-logistica-mas-profunda-en-la-region\/#article\",\"isPartOf\":{\"@id\":\"https:\/\/www.latitude-15.com\/es\/pueden-los-marcos-digitales-de-datos-impulsar-una-integracion-logistica-mas-profunda-en-la-region\/\"},\"author\":{\"name\":\"Joda J\",\"@id\":\"https:\/\/www.latitude-15.com\/es\/#\/schema\/person\/dac52e7ff44c78317f337da112e37252\"},\"headline\":\"\u00bfPueden los marcos digitales de datos impulsar una integraci\u00f3n log\u00edstica m\u00e1s profunda en la regi\u00f3n?\",\"datePublished\":\"2026-04-23T15:21:29+00:00\",\"dateModified\":\"2026-04-24T15:14:16+00:00\",\"mainEntityOfPage\":{\"@id\":\"https:\/\/www.latitude-15.com\/es\/pueden-los-marcos-digitales-de-datos-impulsar-una-integracion-logistica-mas-profunda-en-la-region\/\"},\"wordCount\":1236,\"commentCount\":0,\"publisher\":{\"@id\":\"https:\/\/www.latitude-15.com\/es\/#organization\"},\"image\":{\"@id\":\"https:\/\/www.latitude-15.com\/es\/pueden-los-marcos-digitales-de-datos-impulsar-una-integracion-logistica-mas-profunda-en-la-region\/#primaryimage\"},\"thumbnailUrl\":\"https:\/\/www.latitude-15.com\/wp-content\/uploads\/2026\/04\/img76392610.png\",\"articleSection\":[\"MAR\u00cdTIMO\",\"Puertos y log\u00edstica\"],\"inLanguage\":\"es\",\"potentialAction\":[{\"@type\":\"CommentAction\",\"name\":\"Comment\",\"target\":[\"https:\/\/www.latitude-15.com\/es\/pueden-los-marcos-digitales-de-datos-impulsar-una-integracion-logistica-mas-profunda-en-la-region\/#respond\"]}]},{\"@type\":\"WebPage\",\"@id\":\"https:\/\/www.latitude-15.com\/es\/pueden-los-marcos-digitales-de-datos-impulsar-una-integracion-logistica-mas-profunda-en-la-region\/\",\"url\":\"https:\/\/www.latitude-15.com\/es\/pueden-los-marcos-digitales-de-datos-impulsar-una-integracion-logistica-mas-profunda-en-la-region\/\",\"name\":\"\u00bfPueden los marcos digitales de datos impulsar una integraci\u00f3n log\u00edstica m\u00e1s profunda en la regi\u00f3n? - LATITUDE 15\",\"isPartOf\":{\"@id\":\"https:\/\/www.latitude-15.com\/es\/#website\"},\"primaryImageOfPage\":{\"@id\":\"https:\/\/www.latitude-15.com\/es\/pueden-los-marcos-digitales-de-datos-impulsar-una-integracion-logistica-mas-profunda-en-la-region\/#primaryimage\"},\"image\":{\"@id\":\"https:\/\/www.latitude-15.com\/es\/pueden-los-marcos-digitales-de-datos-impulsar-una-integracion-logistica-mas-profunda-en-la-region\/#primaryimage\"},\"thumbnailUrl\":\"https:\/\/www.latitude-15.com\/wp-content\/uploads\/2026\/04\/img76392610.png\",\"datePublished\":\"2026-04-23T15:21:29+00:00\",\"dateModified\":\"2026-04-24T15:14:16+00:00\",\"description\":\"\u00bfPueden los marcos de datos digitales de transporte mejorar la integraci\u00f3n log\u00edstica en la regi\u00f3n de ALC? Conclusiones del seminario web de eFTI4ALL.\",\"breadcrumb\":{\"@id\":\"https:\/\/www.latitude-15.com\/es\/pueden-los-marcos-digitales-de-datos-impulsar-una-integracion-logistica-mas-profunda-en-la-region\/#breadcrumb\"},\"inLanguage\":\"es\",\"potentialAction\":[{\"@type\":\"ReadAction\",\"target\":[\"https:\/\/www.latitude-15.com\/es\/pueden-los-marcos-digitales-de-datos-impulsar-una-integracion-logistica-mas-profunda-en-la-region\/\"]}]},{\"@type\":\"ImageObject\",\"inLanguage\":\"es\",\"@id\":\"https:\/\/www.latitude-15.com\/es\/pueden-los-marcos-digitales-de-datos-impulsar-una-integracion-logistica-mas-profunda-en-la-region\/#primaryimage\",\"url\":\"https:\/\/www.latitude-15.com\/wp-content\/uploads\/2026\/04\/img76392610.png\",\"contentUrl\":\"https:\/\/www.latitude-15.com\/wp-content\/uploads\/2026\/04\/img76392610.png\",\"width\":1536,\"height\":1024,\"caption\":\"marcos de datos digitales\"},{\"@type\":\"BreadcrumbList\",\"@id\":\"https:\/\/www.latitude-15.com\/es\/pueden-los-marcos-digitales-de-datos-impulsar-una-integracion-logistica-mas-profunda-en-la-region\/#breadcrumb\",\"itemListElement\":[{\"@type\":\"ListItem\",\"position\":1,\"name\":\"Home\",\"item\":\"https:\/\/www.latitude-15.com\/es\/inicio\/\"},{\"@type\":\"ListItem\",\"position\":2,\"name\":\"\u00bfPueden los marcos digitales de datos impulsar una integraci\u00f3n log\u00edstica m\u00e1s profunda en la regi\u00f3n?\"}]},{\"@type\":\"WebSite\",\"@id\":\"https:\/\/www.latitude-15.com\/es\/#website\",\"url\":\"https:\/\/www.latitude-15.com\/es\/\",\"name\":\"LATITUDE 15\",\"description\":\"Aviation and maritime Magazine - Caribbean &amp; Latin America\",\"publisher\":{\"@id\":\"https:\/\/www.latitude-15.com\/es\/#organization\"},\"potentialAction\":[{\"@type\":\"SearchAction\",\"target\":{\"@type\":\"EntryPoint\",\"urlTemplate\":\"https:\/\/www.latitude-15.com\/es\/?s={search_term_string}\"},\"query-input\":{\"@type\":\"PropertyValueSpecification\",\"valueRequired\":true,\"valueName\":\"search_term_string\"}}],\"inLanguage\":\"es\"},{\"@type\":\"Organization\",\"@id\":\"https:\/\/www.latitude-15.com\/es\/#organization\",\"name\":\"LATITUDE 15\",\"url\":\"https:\/\/www.latitude-15.com\/es\/\",\"logo\":{\"@type\":\"ImageObject\",\"inLanguage\":\"es\",\"@id\":\"https:\/\/www.latitude-15.com\/es\/#\/schema\/logo\/image\/\",\"url\":\"https:\/\/www.latitude-15.com\/wp-content\/uploads\/2026\/01\/cropped-logox500px.png\",\"contentUrl\":\"https:\/\/www.latitude-15.com\/wp-content\/uploads\/2026\/01\/cropped-logox500px.png\",\"width\":62,\"height\":75,\"caption\":\"LATITUDE 15\"},\"image\":{\"@id\":\"https:\/\/www.latitude-15.com\/es\/#\/schema\/logo\/image\/\"}},{\"@type\":\"Person\",\"@id\":\"https:\/\/www.latitude-15.com\/es\/#\/schema\/person\/dac52e7ff44c78317f337da112e37252\",\"name\":\"Joda J\",\"image\":{\"@type\":\"ImageObject\",\"inLanguage\":\"es\",\"@id\":\"https:\/\/www.latitude-15.com\/es\/#\/schema\/person\/image\/\",\"url\":\"https:\/\/secure.gravatar.com\/avatar\/6b1feae555e15404b76616f92d931d12b25ac58024f14ccb43d9d3c012e4c4cf?s=96&d=mm&r=g\",\"contentUrl\":\"https:\/\/secure.gravatar.com\/avatar\/6b1feae555e15404b76616f92d931d12b25ac58024f14ccb43d9d3c012e4c4cf?s=96&d=mm&r=g\",\"caption\":\"Joda J\"},\"url\":\"https:\/\/www.latitude-15.com\/es\/author\/joda\/\"}]}<\/script>\n<!-- \/ Yoast SEO plugin. -->","yoast_head_json":{"title":"\u00bfPueden los marcos digitales de datos impulsar una integraci\u00f3n log\u00edstica m\u00e1s profunda en la regi\u00f3n? - LATITUDE 15","description":"\u00bfPueden los marcos de datos digitales de transporte mejorar la integraci\u00f3n log\u00edstica en la regi\u00f3n de ALC? Conclusiones del seminario web de eFTI4ALL.","robots":{"index":"index","follow":"follow","max-snippet":"max-snippet:-1","max-image-preview":"max-image-preview:large","max-video-preview":"max-video-preview:-1"},"canonical":"https:\/\/www.latitude-15.com\/es\/pueden-los-marcos-digitales-de-datos-impulsar-una-integracion-logistica-mas-profunda-en-la-region\/","og_locale":"es_ES","og_type":"article","og_title":"\u00bfPueden los marcos digitales de datos impulsar una integraci\u00f3n log\u00edstica m\u00e1s profunda en la regi\u00f3n? - LATITUDE 15","og_description":"\u00bfPueden los marcos de datos digitales de transporte mejorar la integraci\u00f3n log\u00edstica en la regi\u00f3n de ALC? Conclusiones del seminario web de eFTI4ALL.","og_url":"https:\/\/www.latitude-15.com\/es\/pueden-los-marcos-digitales-de-datos-impulsar-una-integracion-logistica-mas-profunda-en-la-region\/","og_site_name":"LATITUDE 15","article_published_time":"2026-04-23T15:21:29+00:00","article_modified_time":"2026-04-24T15:14:16+00:00","og_image":[{"width":1024,"height":683,"url":"https:\/\/www.latitude-15.com\/wp-content\/uploads\/2026\/04\/img76392610-1024x683.png","type":"image\/png"}],"author":"Joda J","twitter_card":"summary_large_image","twitter_misc":{"Escrito por":"Joda J","Tiempo de lectura":"6 minutos"},"schema":{"@context":"https:\/\/schema.org","@graph":[{"@type":"Article","@id":"https:\/\/www.latitude-15.com\/es\/pueden-los-marcos-digitales-de-datos-impulsar-una-integracion-logistica-mas-profunda-en-la-region\/#article","isPartOf":{"@id":"https:\/\/www.latitude-15.com\/es\/pueden-los-marcos-digitales-de-datos-impulsar-una-integracion-logistica-mas-profunda-en-la-region\/"},"author":{"name":"Joda J","@id":"https:\/\/www.latitude-15.com\/es\/#\/schema\/person\/dac52e7ff44c78317f337da112e37252"},"headline":"\u00bfPueden los marcos digitales de datos impulsar una integraci\u00f3n log\u00edstica m\u00e1s profunda en la regi\u00f3n?","datePublished":"2026-04-23T15:21:29+00:00","dateModified":"2026-04-24T15:14:16+00:00","mainEntityOfPage":{"@id":"https:\/\/www.latitude-15.com\/es\/pueden-los-marcos-digitales-de-datos-impulsar-una-integracion-logistica-mas-profunda-en-la-region\/"},"wordCount":1236,"commentCount":0,"publisher":{"@id":"https:\/\/www.latitude-15.com\/es\/#organization"},"image":{"@id":"https:\/\/www.latitude-15.com\/es\/pueden-los-marcos-digitales-de-datos-impulsar-una-integracion-logistica-mas-profunda-en-la-region\/#primaryimage"},"thumbnailUrl":"https:\/\/www.latitude-15.com\/wp-content\/uploads\/2026\/04\/img76392610.png","articleSection":["MAR\u00cdTIMO","Puertos y log\u00edstica"],"inLanguage":"es","potentialAction":[{"@type":"CommentAction","name":"Comment","target":["https:\/\/www.latitude-15.com\/es\/pueden-los-marcos-digitales-de-datos-impulsar-una-integracion-logistica-mas-profunda-en-la-region\/#respond"]}]},{"@type":"WebPage","@id":"https:\/\/www.latitude-15.com\/es\/pueden-los-marcos-digitales-de-datos-impulsar-una-integracion-logistica-mas-profunda-en-la-region\/","url":"https:\/\/www.latitude-15.com\/es\/pueden-los-marcos-digitales-de-datos-impulsar-una-integracion-logistica-mas-profunda-en-la-region\/","name":"\u00bfPueden los marcos digitales de datos impulsar una integraci\u00f3n log\u00edstica m\u00e1s profunda en la regi\u00f3n? - LATITUDE 15","isPartOf":{"@id":"https:\/\/www.latitude-15.com\/es\/#website"},"primaryImageOfPage":{"@id":"https:\/\/www.latitude-15.com\/es\/pueden-los-marcos-digitales-de-datos-impulsar-una-integracion-logistica-mas-profunda-en-la-region\/#primaryimage"},"image":{"@id":"https:\/\/www.latitude-15.com\/es\/pueden-los-marcos-digitales-de-datos-impulsar-una-integracion-logistica-mas-profunda-en-la-region\/#primaryimage"},"thumbnailUrl":"https:\/\/www.latitude-15.com\/wp-content\/uploads\/2026\/04\/img76392610.png","datePublished":"2026-04-23T15:21:29+00:00","dateModified":"2026-04-24T15:14:16+00:00","description":"\u00bfPueden los marcos de datos digitales de transporte mejorar la integraci\u00f3n log\u00edstica en la regi\u00f3n de ALC? Conclusiones del seminario web de eFTI4ALL.","breadcrumb":{"@id":"https:\/\/www.latitude-15.com\/es\/pueden-los-marcos-digitales-de-datos-impulsar-una-integracion-logistica-mas-profunda-en-la-region\/#breadcrumb"},"inLanguage":"es","potentialAction":[{"@type":"ReadAction","target":["https:\/\/www.latitude-15.com\/es\/pueden-los-marcos-digitales-de-datos-impulsar-una-integracion-logistica-mas-profunda-en-la-region\/"]}]},{"@type":"ImageObject","inLanguage":"es","@id":"https:\/\/www.latitude-15.com\/es\/pueden-los-marcos-digitales-de-datos-impulsar-una-integracion-logistica-mas-profunda-en-la-region\/#primaryimage","url":"https:\/\/www.latitude-15.com\/wp-content\/uploads\/2026\/04\/img76392610.png","contentUrl":"https:\/\/www.latitude-15.com\/wp-content\/uploads\/2026\/04\/img76392610.png","width":1536,"height":1024,"caption":"marcos de datos digitales"},{"@type":"BreadcrumbList","@id":"https:\/\/www.latitude-15.com\/es\/pueden-los-marcos-digitales-de-datos-impulsar-una-integracion-logistica-mas-profunda-en-la-region\/#breadcrumb","itemListElement":[{"@type":"ListItem","position":1,"name":"Home","item":"https:\/\/www.latitude-15.com\/es\/inicio\/"},{"@type":"ListItem","position":2,"name":"\u00bfPueden los marcos digitales de datos impulsar una integraci\u00f3n log\u00edstica m\u00e1s profunda en la regi\u00f3n?"}]},{"@type":"WebSite","@id":"https:\/\/www.latitude-15.com\/es\/#website","url":"https:\/\/www.latitude-15.com\/es\/","name":"LATITUDE 15","description":"Aviation and maritime Magazine - Caribbean &amp; Latin America","publisher":{"@id":"https:\/\/www.latitude-15.com\/es\/#organization"},"potentialAction":[{"@type":"SearchAction","target":{"@type":"EntryPoint","urlTemplate":"https:\/\/www.latitude-15.com\/es\/?s={search_term_string}"},"query-input":{"@type":"PropertyValueSpecification","valueRequired":true,"valueName":"search_term_string"}}],"inLanguage":"es"},{"@type":"Organization","@id":"https:\/\/www.latitude-15.com\/es\/#organization","name":"LATITUDE 15","url":"https:\/\/www.latitude-15.com\/es\/","logo":{"@type":"ImageObject","inLanguage":"es","@id":"https:\/\/www.latitude-15.com\/es\/#\/schema\/logo\/image\/","url":"https:\/\/www.latitude-15.com\/wp-content\/uploads\/2026\/01\/cropped-logox500px.png","contentUrl":"https:\/\/www.latitude-15.com\/wp-content\/uploads\/2026\/01\/cropped-logox500px.png","width":62,"height":75,"caption":"LATITUDE 15"},"image":{"@id":"https:\/\/www.latitude-15.com\/es\/#\/schema\/logo\/image\/"}},{"@type":"Person","@id":"https:\/\/www.latitude-15.com\/es\/#\/schema\/person\/dac52e7ff44c78317f337da112e37252","name":"Joda J","image":{"@type":"ImageObject","inLanguage":"es","@id":"https:\/\/www.latitude-15.com\/es\/#\/schema\/person\/image\/","url":"https:\/\/secure.gravatar.com\/avatar\/6b1feae555e15404b76616f92d931d12b25ac58024f14ccb43d9d3c012e4c4cf?s=96&d=mm&r=g","contentUrl":"https:\/\/secure.gravatar.com\/avatar\/6b1feae555e15404b76616f92d931d12b25ac58024f14ccb43d9d3c012e4c4cf?s=96&d=mm&r=g","caption":"Joda J"},"url":"https:\/\/www.latitude-15.com\/es\/author\/joda\/"}]}},"_links":{"self":[{"href":"https:\/\/www.latitude-15.com\/es\/wp-json\/wp\/v2\/posts\/23010","targetHints":{"allow":["GET"]}}],"collection":[{"href":"https:\/\/www.latitude-15.com\/es\/wp-json\/wp\/v2\/posts"}],"about":[{"href":"https:\/\/www.latitude-15.com\/es\/wp-json\/wp\/v2\/types\/post"}],"author":[{"embeddable":true,"href":"https:\/\/www.latitude-15.com\/es\/wp-json\/wp\/v2\/users\/5"}],"replies":[{"embeddable":true,"href":"https:\/\/www.latitude-15.com\/es\/wp-json\/wp\/v2\/comments?post=23010"}],"version-history":[{"count":3,"href":"https:\/\/www.latitude-15.com\/es\/wp-json\/wp\/v2\/posts\/23010\/revisions"}],"predecessor-version":[{"id":23066,"href":"https:\/\/www.latitude-15.com\/es\/wp-json\/wp\/v2\/posts\/23010\/revisions\/23066"}],"wp:featuredmedia":[{"embeddable":true,"href":"https:\/\/www.latitude-15.com\/es\/wp-json\/wp\/v2\/media\/23009"}],"wp:attachment":[{"href":"https:\/\/www.latitude-15.com\/es\/wp-json\/wp\/v2\/media?parent=23010"}],"wp:term":[{"taxonomy":"category","embeddable":true,"href":"https:\/\/www.latitude-15.com\/es\/wp-json\/wp\/v2\/categories?post=23010"},{"taxonomy":"post_tag","embeddable":true,"href":"https:\/\/www.latitude-15.com\/es\/wp-json\/wp\/v2\/tags?post=23010"}],"curies":[{"name":"wp","href":"https:\/\/api.w.org\/{rel}","templated":true}]}}