{"id":22974,"date":"2026-04-22T14:45:33","date_gmt":"2026-04-22T18:45:33","guid":{"rendered":"https:\/\/www.latitude-15.com\/flete-digital-e-integracion-regional-lo-que-sugiere-el-webinar-lac-efti4all-para-el-panorama-logistico-regional\/"},"modified":"2026-04-23T13:01:01","modified_gmt":"2026-04-23T17:01:01","slug":"flete-digital-e-integracion-regional-lo-que-sugiere-el-webinar-lac-efti4all-para-el-panorama-logistico-regional","status":"publish","type":"post","link":"https:\/\/www.latitude-15.com\/es\/flete-digital-e-integracion-regional-lo-que-sugiere-el-webinar-lac-efti4all-para-el-panorama-logistico-regional\/","title":{"rendered":"Flete digital e integraci\u00f3n regional: lo que sugiere el webinar LAC eFTI4ALL para el panorama log\u00edstico regional"},"content":{"rendered":"\n<p>A medida que la transformaci\u00f3n digital contin\u00faa redefiniendo las cadenas de suministro globales, el webinar LAC eFTI4ALL, organizado por la Collectivit\u00e9 Territoriale de Martinique (CTM) el 21 de abril de 2026, reuni\u00f3 a actores regionales e internacionales para explorar c\u00f3mo el intercambio estandarizado de datos de carga puede contribuir a sistemas log\u00edsticos m\u00e1s conectados y eficientes.<\/p>\n\n<p>Ubicada en la intersecci\u00f3n entre los marcos regulatorios europeos y las ambiciones regionales, la iniciativa pone de relieve la creciente relevancia de una log\u00edstica basada en datos para Am\u00e9rica Latina y el Caribe (LAC). M\u00e1s all\u00e1 de los aspectos t\u00e9cnicos, los intercambios plantearon cuestiones m\u00e1s amplias relacionadas con la conectividad, la competitividad y la capacidad de la regi\u00f3n para integrarse mejor en los flujos comerciales globales e intra-regionales. <\/p>\n\n<p>La sesi\u00f3n cont\u00f3 con la participaci\u00f3n de:<\/p>\n\n<ul class=\"wp-block-list\">\n<li><em>Serge Letchimy, Presidente de la Collectivit\u00e9 Territoriale de Martinique<\/em><\/li>\n\n\n\n<li><em>Sandra Casanova, Consejera Territorial de Martinica y Presidenta de la Comisi\u00f3n Estrat\u00e9gica y Log\u00edstica<\/em><\/li>\n\n\n\n<li><em>Heiti Mering, experto en eFTI implicado en el marco europeo de implementaci\u00f3n<\/em><\/li>\n\n\n\n<li class=\"has-black-color has-text-color has-link-color wp-elements-3943e38937b3bc7ce3264e2cf2f062bd\"><em>Victor Dolcemascolo, Project Manager de carga y log\u00edstica en el Ministerio de Transici\u00f3n Ecol\u00f3gica de Francia (DGITM)<\/em><\/li>\n\n\n\n<li><em>Eve Lombard, representante implicada en la implementaci\u00f3n de la estrategia log\u00edstica de Martinica<\/em><\/li>\n\n\n\n<li><em>Petya Popova, Policy Officer en la Comisi\u00f3n Europea, Direcci\u00f3n General de Comercio (Access to Markets)<\/em><\/li>\n\n\n\n<li><em>Pauline Yearwood, Programme Manager de transporte a\u00e9reo y mar\u00edtimo en la Secretar\u00eda de CARICOM<\/em><\/li>\n\n\n\n<li><em>Charles Larcher, Presidente de la Association Martiniquaise pour la Promotion de l\u2019Industrie (AMPI)<\/em><\/li>\n<\/ul>\n\n<h2 class=\"wp-block-heading\">Reposicionar la regi\u00f3n dentro de su propia geograf\u00eda<\/h2>\n\n<p>Several interventions framed logistics as more than an operational issue, suggesting it plays a central role in how the region positions itself economically and strategically. These dynamics are closely linked to broader <a href=\"https:\/\/www.latitude-15.com\/can-digital-data-frameworks-support-deeper-logistics-integration-across-the-region\/\">regional logistics integration challenges<\/a>, particularly in a context marked by fragmented systems and limited intra-regional coordination.<\/p>\n\n<p>Al abrir la sesi\u00f3n, Serge Letchimy subray\u00f3 la importancia de reconectar con la propia geograf\u00eda regional, afirmando que los territorios del Caribe no deben seguir siendo \u201cextra\u00f1os a [su] propia geograf\u00eda\u201d. Se\u00f1al\u00f3 desequilibrios estructurales, destacando que \u201cimportamos mucho, y 9 de cada 10 contenedores salen vac\u00edos o medio vac\u00edos\u201d, una situaci\u00f3n que \u201cno tiene mucho sentido econ\u00f3mico\u201d. Sus comentarios reflejan desaf\u00edos persistentes, como el limitado comercio intra-regional y la fuerte dependencia de cadenas de suministro externas.<\/p>\n\n<p>Esta perspectiva tambi\u00e9n se extiende al posicionamiento global de la regi\u00f3n. Letchimy destac\u00f3 que el Caribe no debe ser visto \u00fanicamente como un espacio perif\u00e9rico, sino como \u201cuna gran zona geoestrat\u00e9gica\u201d, capaz de capturar valor de los flujos globales en lugar de permanecer como una zona de tr\u00e1nsito pasiva. <\/p>\n\n<p>Sandra Casanova profundiz\u00f3 en este an\u00e1lisis al vincular estos desaf\u00edos con ineficiencias estructurales en el intercambio de informaci\u00f3n. Se\u00f1al\u00f3 que \u201cla informaci\u00f3n no circula f\u00e1cilmente\u201d y que la regi\u00f3n carece de \u201cestad\u00edsticas y de un observatorio con recopilaci\u00f3n y explotaci\u00f3n de datos\u201d. Tambi\u00e9n mencion\u00f3 \u201ccontroles redundantes debido a la falta de interoperabilidad entre los sistemas de informaci\u00f3n\u201d, lo que sigue limitando una integraci\u00f3n regional m\u00e1s profunda. <\/p>\n\n<p>En este contexto, la implementaci\u00f3n de un marco digital compartido se present\u00f3 como una posible palanca para mejorar la coordinaci\u00f3n y facilitar intercambios m\u00e1s fluidos entre los territorios.<\/p>\n\n<h2 class=\"wp-block-heading\">Construir un lenguaje log\u00edstico digital com\u00fan<\/h2>\n\n<p>En el centro de las discusiones se encuentra el marco eFTI (electronic Freight Transport Information), presentado como una herramienta para estandarizar y digitalizar el intercambio de datos de carga entre autoridades p\u00fablicas y operadores privados.<\/p>\n\n<p>Los ponentes destacaron que los procesos log\u00edsticos actuales siguen siendo en gran medida dependientes del papel, lo que genera ineficiencias a lo largo de la cadena de suministro. Casanova explic\u00f3 que eFTI representa \u201cun lenguaje com\u00fan de datos armonizados, con intercambios seguros entre operadores y autoridades p\u00fablicas\u201d, que permite \u201cdatos en tiempo real, trazabilidad de los flujos y controles facilitados de extremo a extremo de la cadena log\u00edstica\u201d. <\/p>\n\n<p>Desde el punto de vista t\u00e9cnico, Heiti Mering describi\u00f3 el sistema como \u201cuna red distribuida de servicios\u201d que conecta a actores p\u00fablicos y privados mediante pasarelas estandarizadas. Se\u00f1al\u00f3 que el objetivo es abandonar los procesos basados en papel, indicando que \u201cno necesitamos seguir procesos basados en papel\u201d, al tiempo que destac\u00f3 que \u201cla seguridad es fundamental\u201d y que la interoperabilidad sigue siendo un elemento central. <\/p>\n\n<p>Victor Dolcemascolo aport\u00f3 m\u00e1s detalles sobre la implementaci\u00f3n, explicando que el sistema se basa en puntos de acceso nacionales interconectados, o \u201cgates\u201d, que permiten a las autoridades acceder a los datos de transporte en tiempo real. Describi\u00f3 c\u00f3mo \u201ccuando un veh\u00edculo es inspeccionado, se env\u00eda una solicitud al punto de acceso nacional, que recupera los datos relevantes desde la plataforma correspondiente\u201d, lo que permite a los inspectores acceder instant\u00e1neamente a la documentaci\u00f3n de transporte. Tambi\u00e9n subray\u00f3 la importancia de la certificaci\u00f3n, indicando que \u201clas plataformas deben estar certificadas para garantizar la confianza y la seguridad de los datos\u201d.  <\/p>\n\n<p>En conjunto, estos elementos apuntan a una transici\u00f3n progresiva desde sistemas fragmentados y basados en documentos hacia un ecosistema digital integrado, donde los datos se convierten en un componente central de la coordinaci\u00f3n log\u00edstica.<\/p>\n\n<h2 class=\"wp-block-heading\">De proyecto piloto a interfaz log\u00edstica regional<\/h2>\n\n<p>Dentro de este marco m\u00e1s amplio, Martinica se posiciona como territorio piloto.<br \/><\/p>\n\n<p>Eve Lombard explic\u00f3 que el despliegue de eFTI forma parte de una estrategia log\u00edstica m\u00e1s amplia adoptada en mayo de 2025, orientada a \u201creducir la dependencia de la log\u00edstica externa, mejorar la fluidez de los flujos de mercanc\u00edas y reforzar la atractividad econ\u00f3mica\u201d. El proyecto se encuentra actualmente en fase de prueba mediante casos piloto dise\u00f1ados para validar la interoperabilidad y el intercambio digital de datos.<\/p>\n\n<p>Destac\u00f3 que la iniciativa podr\u00eda generar \u201cahorros de tiempo, reducci\u00f3n de costes, mejora de la trazabilidad y aumento de la competitividad\u201d, al tiempo que contribuye a \u201cla securizaci\u00f3n de los intercambios de datos\u201d.<\/p>\n\n<p>M\u00e1s all\u00e1 de los beneficios operativos, Lombard subray\u00f3 la ambici\u00f3n estrat\u00e9gica del proyecto, describiendo a Martinica como una posible \u201cinterfaz entre Europa y el Gran Caribe\u201d. Dada su proximidad a las principales rutas mar\u00edtimas y hubs log\u00edsticos, el territorio podr\u00eda desempe\u00f1ar un papel m\u00e1s activo en las cadenas de suministro regionales.<\/p>\n\n<p>Este posicionamiento sigue siendo prospectivo y depende del despliegue efectivo de las herramientas digitales y de su extensi\u00f3n m\u00e1s all\u00e1 del marco europeo hacia el entorno regional.<\/p>\n\n<h2 class=\"wp-block-heading\">Implicaciones para las operaciones industriales y la competitividad<\/h2>\n\n<p>M\u00e1s all\u00e1 de los aspectos estrat\u00e9gicos, las discusiones tambi\u00e9n pusieron de relieve las implicaciones operativas para las industrias locales.<\/p>\n\n<p>En representaci\u00f3n del sector industrial, Charles Larcher se\u00f1al\u00f3 la complejidad de las cadenas de suministro actuales, indicando que \u201centre el almac\u00e9n de origen en Europa y el almac\u00e9n de destino en Martinica hay catorce intermediarios\u201d. Esta estructura genera retrasos, costes adicionales y una p\u00e9rdida de competitividad para la producci\u00f3n local. <\/p>\n\n<p>Tambi\u00e9n subray\u00f3 la falta de visibilidad en las operaciones log\u00edsticas, explicando que \u201cnecesitamos una visibilidad total de los flujos de mercanc\u00edas en tiempo real\u201d, especialmente en un contexto dominado por el transporte mar\u00edtimo. La ausencia de esta visibilidad obliga a las empresas a mantener mayores niveles de inventario, lo que incrementa los costes de almacenamiento. <\/p>\n\n<p>Larcher destac\u00f3 adem\u00e1s que \u201csin una cadena de suministro optimizada, no podemos ser competitivos\u201d, especialmente frente a los productos importados. En este contexto, la digitalizaci\u00f3n se present\u00f3 como una posible v\u00eda para \u201creducir costes administrativos, mejorar la planificaci\u00f3n y limitar las interrupciones del suministro\u201d, aunque estos resultados dependen de una implementaci\u00f3n efectiva. <\/p>\n\n<p>En conjunto, su intervenci\u00f3n sugiere que la digitalizaci\u00f3n log\u00edstica puede contribuir a mejorar el rendimiento industrial, al tiempo que apoya el desarrollo de exportaciones y la integraci\u00f3n regional.<\/p>\n\n<h2 class=\"wp-block-heading\">Alineaci\u00f3n con marcos internacionales y herramientas de acceso a mercados<\/h2>\n\n<p>El webinar tambi\u00e9n situ\u00f3 la iniciativa dentro de un contexto internacional m\u00e1s amplio, vinculando la log\u00edstica digital con la facilitaci\u00f3n del comercio y los marcos de pol\u00edticas regionales.<\/p>\n\n<p>Petya Popova present\u00f3 la plataforma \u201cAccess to Markets\u201d de la Comisi\u00f3n Europea, explicando que fue dise\u00f1ada para \u201ccentralizar toda la informaci\u00f3n sobre comercio en un solo lugar\u201d y ayudar a las empresas a \u201cacceder a los mercados globales\u201d. Destac\u00f3 que \u201cla informaci\u00f3n es el recurso m\u00e1s valioso en los negocios\u201d, subrayando la importancia de la transparencia en los procesos comerciales.<\/p>\n\n<p>A nivel regional, Pauline Yearwood destac\u00f3 el papel central del transporte en la integraci\u00f3n del Caribe, se\u00f1alando que \u201cel transporte a\u00e9reo y mar\u00edtimo es fundamental en el contexto del comercio, la movilidad de las personas y el desarrollo econ\u00f3mico\u201d. Tambi\u00e9n indic\u00f3 que el objetivo de la pol\u00edtica de transporte de CARICOM es garantizar \u201cservicios de transporte adecuados, seguros y competitivos a nivel internacional\u201d para apoyar el mercado \u00fanico y la econom\u00eda regional.<\/p>\n\n<p>Estas perspectivas sugieren que iniciativas como eFTI forman parte de un ecosistema m\u00e1s amplio que integra acuerdos comerciales, coordinaci\u00f3n de pol\u00edticas e infraestructuras.<\/p>\n\n<h2 class=\"wp-block-heading\">Mirando hacia el futuro<\/h2>\n\n<p>Aunque a\u00fan se encuentra en una fase inicial, la iniciativa LAC eFTI4ALL refleja una transici\u00f3n m\u00e1s amplia hacia una log\u00edstica basada en datos y una mayor integraci\u00f3n regional.<\/p>\n\n<p>Las discusiones sugieren que la adopci\u00f3n de marcos digitales estandarizados podr\u00eda ayudar a resolver algunas de las ineficiencias estructurales de las cadenas de suministro actuales, al tiempo que fortalecer los v\u00ednculos econ\u00f3micos dentro de la regi\u00f3n. Al mismo tiempo, varios participantes se\u00f1alaron la necesidad de coordinaci\u00f3n, adaptaci\u00f3n de normas y alineaci\u00f3n entre los distintos actores. <\/p>\n\n<p>Como se destac\u00f3 durante la sesi\u00f3n, el proceso sigue en curso, con plazos europeos de implementaci\u00f3n que se extienden hasta 2027. En este contexto, la iniciativa \u201cva m\u00e1s all\u00e1 de una soluci\u00f3n t\u00e9cnica\u201d, como se\u00f1al\u00f3 Casanova, planteando cuestiones m\u00e1s amplias sobre gobernanza, interoperabilidad y cooperaci\u00f3n regional. <\/p>\n\n<p>En definitiva, estos intercambios muestran que el flete digital se considera cada vez m\u00e1s no solo como una evoluci\u00f3n tecnol\u00f3gica, sino como una palanca estrat\u00e9gica para repensar c\u00f3mo la regi\u00f3n se conecta, comercia y se posiciona dentro de las redes log\u00edsticas globales.<\/p>\n","protected":false},"excerpt":{"rendered":"<p>A medida que la transformaci\u00f3n digital contin\u00faa redefiniendo las cadenas de suministro globales, el webinar LAC eFTI4ALL, organizado por la Collectivit\u00e9 Territoriale de Martinique (CTM) el 21 de abril de 2026, reuni\u00f3 a actores regionales e internacionales para explorar c\u00f3mo el intercambio estandarizado de datos de carga puede contribuir a sistemas log\u00edsticos m\u00e1s conectados y [&hellip;]<\/p>\n","protected":false},"author":5,"featured_media":22973,"comment_status":"open","ping_status":"closed","sticky":false,"template":"","format":"standard","meta":{"footnotes":""},"categories":[120,138,169],"tags":[],"class_list":["post-22974","post","type-post","status-publish","format-standard","has-post-thumbnail","hentry","category-maritimo","category-puertos-y-logistica","category-spotlight-maritime"],"yoast_head":"<!-- This site is optimized with the Yoast SEO plugin v26.9 - https:\/\/yoast.com\/product\/yoast-seo-wordpress\/ -->\n<title>Flete digital e integraci\u00f3n regional: lo que sugiere el webinar LAC eFTI4ALL para el panorama log\u00edstico regional - LATITUDE 15<\/title>\n<meta name=\"description\" content=\"C\u00f3mo el intercambio digital de datos de carga (eFTI) podr\u00eda transformar la log\u00edstica, la conectividad y la integraci\u00f3n regional en la regi\u00f3n de Am\u00e9rica Latina y el Caribe (LAC).\" \/>\n<meta name=\"robots\" content=\"index, follow, max-snippet:-1, max-image-preview:large, max-video-preview:-1\" \/>\n<link rel=\"canonical\" href=\"https:\/\/www.latitude-15.com\/es\/flete-digital-e-integracion-regional-lo-que-sugiere-el-webinar-lac-efti4all-para-el-panorama-logistico-regional\/\" \/>\n<meta property=\"og:locale\" content=\"es_ES\" \/>\n<meta property=\"og:type\" content=\"article\" \/>\n<meta property=\"og:title\" content=\"Flete digital e integraci\u00f3n regional: lo que sugiere el webinar LAC eFTI4ALL para el panorama log\u00edstico regional - LATITUDE 15\" \/>\n<meta property=\"og:description\" content=\"C\u00f3mo el intercambio digital de datos de carga (eFTI) podr\u00eda transformar la log\u00edstica, la conectividad y la integraci\u00f3n regional en la regi\u00f3n de Am\u00e9rica Latina y el Caribe (LAC).\" \/>\n<meta property=\"og:url\" content=\"https:\/\/www.latitude-15.com\/es\/flete-digital-e-integracion-regional-lo-que-sugiere-el-webinar-lac-efti4all-para-el-panorama-logistico-regional\/\" \/>\n<meta property=\"og:site_name\" content=\"LATITUDE 15\" \/>\n<meta property=\"article:published_time\" content=\"2026-04-22T18:45:33+00:00\" \/>\n<meta property=\"article:modified_time\" content=\"2026-04-23T17:01:01+00:00\" \/>\n<meta property=\"og:image\" content=\"https:\/\/www.latitude-15.com\/wp-content\/uploads\/2026\/04\/img72639070-1024x683.png\" \/>\n\t<meta property=\"og:image:width\" content=\"1024\" \/>\n\t<meta property=\"og:image:height\" content=\"683\" \/>\n\t<meta property=\"og:image:type\" content=\"image\/png\" \/>\n<meta name=\"author\" content=\"Joda J\" \/>\n<meta name=\"twitter:card\" content=\"summary_large_image\" \/>\n<meta name=\"twitter:label1\" content=\"Escrito por\" \/>\n\t<meta name=\"twitter:data1\" content=\"Joda J\" \/>\n\t<meta name=\"twitter:label2\" content=\"Tiempo de lectura\" \/>\n\t<meta name=\"twitter:data2\" content=\"9 minutos\" \/>\n<script type=\"application\/ld+json\" class=\"yoast-schema-graph\">{\"@context\":\"https:\/\/schema.org\",\"@graph\":[{\"@type\":\"Article\",\"@id\":\"https:\/\/www.latitude-15.com\/es\/flete-digital-e-integracion-regional-lo-que-sugiere-el-webinar-lac-efti4all-para-el-panorama-logistico-regional\/#article\",\"isPartOf\":{\"@id\":\"https:\/\/www.latitude-15.com\/es\/flete-digital-e-integracion-regional-lo-que-sugiere-el-webinar-lac-efti4all-para-el-panorama-logistico-regional\/\"},\"author\":{\"name\":\"Joda J\",\"@id\":\"https:\/\/www.latitude-15.com\/es\/#\/schema\/person\/dac52e7ff44c78317f337da112e37252\"},\"headline\":\"Flete digital e integraci\u00f3n regional: lo que sugiere el webinar LAC eFTI4ALL para el panorama log\u00edstico regional\",\"datePublished\":\"2026-04-22T18:45:33+00:00\",\"dateModified\":\"2026-04-23T17:01:01+00:00\",\"mainEntityOfPage\":{\"@id\":\"https:\/\/www.latitude-15.com\/es\/flete-digital-e-integracion-regional-lo-que-sugiere-el-webinar-lac-efti4all-para-el-panorama-logistico-regional\/\"},\"wordCount\":1790,\"commentCount\":0,\"publisher\":{\"@id\":\"https:\/\/www.latitude-15.com\/es\/#organization\"},\"image\":{\"@id\":\"https:\/\/www.latitude-15.com\/es\/flete-digital-e-integracion-regional-lo-que-sugiere-el-webinar-lac-efti4all-para-el-panorama-logistico-regional\/#primaryimage\"},\"thumbnailUrl\":\"https:\/\/www.latitude-15.com\/wp-content\/uploads\/2026\/04\/img72639070.png\",\"articleSection\":[\"MAR\u00cdTIMO\",\"Puertos y log\u00edstica\",\"Spotlight Maritime\"],\"inLanguage\":\"es\",\"potentialAction\":[{\"@type\":\"CommentAction\",\"name\":\"Comment\",\"target\":[\"https:\/\/www.latitude-15.com\/es\/flete-digital-e-integracion-regional-lo-que-sugiere-el-webinar-lac-efti4all-para-el-panorama-logistico-regional\/#respond\"]}]},{\"@type\":\"WebPage\",\"@id\":\"https:\/\/www.latitude-15.com\/es\/flete-digital-e-integracion-regional-lo-que-sugiere-el-webinar-lac-efti4all-para-el-panorama-logistico-regional\/\",\"url\":\"https:\/\/www.latitude-15.com\/es\/flete-digital-e-integracion-regional-lo-que-sugiere-el-webinar-lac-efti4all-para-el-panorama-logistico-regional\/\",\"name\":\"Flete digital e integraci\u00f3n regional: lo que sugiere el webinar LAC eFTI4ALL para el panorama log\u00edstico regional - LATITUDE 15\",\"isPartOf\":{\"@id\":\"https:\/\/www.latitude-15.com\/es\/#website\"},\"primaryImageOfPage\":{\"@id\":\"https:\/\/www.latitude-15.com\/es\/flete-digital-e-integracion-regional-lo-que-sugiere-el-webinar-lac-efti4all-para-el-panorama-logistico-regional\/#primaryimage\"},\"image\":{\"@id\":\"https:\/\/www.latitude-15.com\/es\/flete-digital-e-integracion-regional-lo-que-sugiere-el-webinar-lac-efti4all-para-el-panorama-logistico-regional\/#primaryimage\"},\"thumbnailUrl\":\"https:\/\/www.latitude-15.com\/wp-content\/uploads\/2026\/04\/img72639070.png\",\"datePublished\":\"2026-04-22T18:45:33+00:00\",\"dateModified\":\"2026-04-23T17:01:01+00:00\",\"description\":\"C\u00f3mo el intercambio digital de datos de carga (eFTI) podr\u00eda transformar la log\u00edstica, la conectividad y la integraci\u00f3n regional en la regi\u00f3n de Am\u00e9rica Latina y el Caribe (LAC).\",\"breadcrumb\":{\"@id\":\"https:\/\/www.latitude-15.com\/es\/flete-digital-e-integracion-regional-lo-que-sugiere-el-webinar-lac-efti4all-para-el-panorama-logistico-regional\/#breadcrumb\"},\"inLanguage\":\"es\",\"potentialAction\":[{\"@type\":\"ReadAction\",\"target\":[\"https:\/\/www.latitude-15.com\/es\/flete-digital-e-integracion-regional-lo-que-sugiere-el-webinar-lac-efti4all-para-el-panorama-logistico-regional\/\"]}]},{\"@type\":\"ImageObject\",\"inLanguage\":\"es\",\"@id\":\"https:\/\/www.latitude-15.com\/es\/flete-digital-e-integracion-regional-lo-que-sugiere-el-webinar-lac-efti4all-para-el-panorama-logistico-regional\/#primaryimage\",\"url\":\"https:\/\/www.latitude-15.com\/wp-content\/uploads\/2026\/04\/img72639070.png\",\"contentUrl\":\"https:\/\/www.latitude-15.com\/wp-content\/uploads\/2026\/04\/img72639070.png\",\"width\":1536,\"height\":1024,\"caption\":\"eFTI\"},{\"@type\":\"BreadcrumbList\",\"@id\":\"https:\/\/www.latitude-15.com\/es\/flete-digital-e-integracion-regional-lo-que-sugiere-el-webinar-lac-efti4all-para-el-panorama-logistico-regional\/#breadcrumb\",\"itemListElement\":[{\"@type\":\"ListItem\",\"position\":1,\"name\":\"Home\",\"item\":\"https:\/\/www.latitude-15.com\/es\/inicio\/\"},{\"@type\":\"ListItem\",\"position\":2,\"name\":\"Flete digital e integraci\u00f3n regional: lo que sugiere el webinar LAC eFTI4ALL para el panorama log\u00edstico regional\"}]},{\"@type\":\"WebSite\",\"@id\":\"https:\/\/www.latitude-15.com\/es\/#website\",\"url\":\"https:\/\/www.latitude-15.com\/es\/\",\"name\":\"LATITUDE 15\",\"description\":\"Aviation and maritime Magazine - Caribbean &amp; Latin America\",\"publisher\":{\"@id\":\"https:\/\/www.latitude-15.com\/es\/#organization\"},\"potentialAction\":[{\"@type\":\"SearchAction\",\"target\":{\"@type\":\"EntryPoint\",\"urlTemplate\":\"https:\/\/www.latitude-15.com\/es\/?s={search_term_string}\"},\"query-input\":{\"@type\":\"PropertyValueSpecification\",\"valueRequired\":true,\"valueName\":\"search_term_string\"}}],\"inLanguage\":\"es\"},{\"@type\":\"Organization\",\"@id\":\"https:\/\/www.latitude-15.com\/es\/#organization\",\"name\":\"LATITUDE 15\",\"url\":\"https:\/\/www.latitude-15.com\/es\/\",\"logo\":{\"@type\":\"ImageObject\",\"inLanguage\":\"es\",\"@id\":\"https:\/\/www.latitude-15.com\/es\/#\/schema\/logo\/image\/\",\"url\":\"https:\/\/www.latitude-15.com\/wp-content\/uploads\/2026\/01\/cropped-logox500px.png\",\"contentUrl\":\"https:\/\/www.latitude-15.com\/wp-content\/uploads\/2026\/01\/cropped-logox500px.png\",\"width\":62,\"height\":75,\"caption\":\"LATITUDE 15\"},\"image\":{\"@id\":\"https:\/\/www.latitude-15.com\/es\/#\/schema\/logo\/image\/\"}},{\"@type\":\"Person\",\"@id\":\"https:\/\/www.latitude-15.com\/es\/#\/schema\/person\/dac52e7ff44c78317f337da112e37252\",\"name\":\"Joda J\",\"image\":{\"@type\":\"ImageObject\",\"inLanguage\":\"es\",\"@id\":\"https:\/\/www.latitude-15.com\/es\/#\/schema\/person\/image\/\",\"url\":\"https:\/\/secure.gravatar.com\/avatar\/6b1feae555e15404b76616f92d931d12b25ac58024f14ccb43d9d3c012e4c4cf?s=96&d=mm&r=g\",\"contentUrl\":\"https:\/\/secure.gravatar.com\/avatar\/6b1feae555e15404b76616f92d931d12b25ac58024f14ccb43d9d3c012e4c4cf?s=96&d=mm&r=g\",\"caption\":\"Joda J\"},\"url\":\"https:\/\/www.latitude-15.com\/es\/author\/joda\/\"}]}<\/script>\n<!-- \/ Yoast SEO plugin. -->","yoast_head_json":{"title":"Flete digital e integraci\u00f3n regional: lo que sugiere el webinar LAC eFTI4ALL para el panorama log\u00edstico regional - LATITUDE 15","description":"C\u00f3mo el intercambio digital de datos de carga (eFTI) podr\u00eda transformar la log\u00edstica, la conectividad y la integraci\u00f3n regional en la regi\u00f3n de Am\u00e9rica Latina y el Caribe (LAC).","robots":{"index":"index","follow":"follow","max-snippet":"max-snippet:-1","max-image-preview":"max-image-preview:large","max-video-preview":"max-video-preview:-1"},"canonical":"https:\/\/www.latitude-15.com\/es\/flete-digital-e-integracion-regional-lo-que-sugiere-el-webinar-lac-efti4all-para-el-panorama-logistico-regional\/","og_locale":"es_ES","og_type":"article","og_title":"Flete digital e integraci\u00f3n regional: lo que sugiere el webinar LAC eFTI4ALL para el panorama log\u00edstico regional - LATITUDE 15","og_description":"C\u00f3mo el intercambio digital de datos de carga (eFTI) podr\u00eda transformar la log\u00edstica, la conectividad y la integraci\u00f3n regional en la regi\u00f3n de Am\u00e9rica Latina y el Caribe (LAC).","og_url":"https:\/\/www.latitude-15.com\/es\/flete-digital-e-integracion-regional-lo-que-sugiere-el-webinar-lac-efti4all-para-el-panorama-logistico-regional\/","og_site_name":"LATITUDE 15","article_published_time":"2026-04-22T18:45:33+00:00","article_modified_time":"2026-04-23T17:01:01+00:00","og_image":[{"width":1024,"height":683,"url":"https:\/\/www.latitude-15.com\/wp-content\/uploads\/2026\/04\/img72639070-1024x683.png","type":"image\/png"}],"author":"Joda J","twitter_card":"summary_large_image","twitter_misc":{"Escrito por":"Joda J","Tiempo de lectura":"9 minutos"},"schema":{"@context":"https:\/\/schema.org","@graph":[{"@type":"Article","@id":"https:\/\/www.latitude-15.com\/es\/flete-digital-e-integracion-regional-lo-que-sugiere-el-webinar-lac-efti4all-para-el-panorama-logistico-regional\/#article","isPartOf":{"@id":"https:\/\/www.latitude-15.com\/es\/flete-digital-e-integracion-regional-lo-que-sugiere-el-webinar-lac-efti4all-para-el-panorama-logistico-regional\/"},"author":{"name":"Joda J","@id":"https:\/\/www.latitude-15.com\/es\/#\/schema\/person\/dac52e7ff44c78317f337da112e37252"},"headline":"Flete digital e integraci\u00f3n regional: lo que sugiere el webinar LAC eFTI4ALL para el panorama log\u00edstico regional","datePublished":"2026-04-22T18:45:33+00:00","dateModified":"2026-04-23T17:01:01+00:00","mainEntityOfPage":{"@id":"https:\/\/www.latitude-15.com\/es\/flete-digital-e-integracion-regional-lo-que-sugiere-el-webinar-lac-efti4all-para-el-panorama-logistico-regional\/"},"wordCount":1790,"commentCount":0,"publisher":{"@id":"https:\/\/www.latitude-15.com\/es\/#organization"},"image":{"@id":"https:\/\/www.latitude-15.com\/es\/flete-digital-e-integracion-regional-lo-que-sugiere-el-webinar-lac-efti4all-para-el-panorama-logistico-regional\/#primaryimage"},"thumbnailUrl":"https:\/\/www.latitude-15.com\/wp-content\/uploads\/2026\/04\/img72639070.png","articleSection":["MAR\u00cdTIMO","Puertos y log\u00edstica","Spotlight Maritime"],"inLanguage":"es","potentialAction":[{"@type":"CommentAction","name":"Comment","target":["https:\/\/www.latitude-15.com\/es\/flete-digital-e-integracion-regional-lo-que-sugiere-el-webinar-lac-efti4all-para-el-panorama-logistico-regional\/#respond"]}]},{"@type":"WebPage","@id":"https:\/\/www.latitude-15.com\/es\/flete-digital-e-integracion-regional-lo-que-sugiere-el-webinar-lac-efti4all-para-el-panorama-logistico-regional\/","url":"https:\/\/www.latitude-15.com\/es\/flete-digital-e-integracion-regional-lo-que-sugiere-el-webinar-lac-efti4all-para-el-panorama-logistico-regional\/","name":"Flete digital e integraci\u00f3n regional: lo que sugiere el webinar LAC eFTI4ALL para el panorama log\u00edstico regional - LATITUDE 15","isPartOf":{"@id":"https:\/\/www.latitude-15.com\/es\/#website"},"primaryImageOfPage":{"@id":"https:\/\/www.latitude-15.com\/es\/flete-digital-e-integracion-regional-lo-que-sugiere-el-webinar-lac-efti4all-para-el-panorama-logistico-regional\/#primaryimage"},"image":{"@id":"https:\/\/www.latitude-15.com\/es\/flete-digital-e-integracion-regional-lo-que-sugiere-el-webinar-lac-efti4all-para-el-panorama-logistico-regional\/#primaryimage"},"thumbnailUrl":"https:\/\/www.latitude-15.com\/wp-content\/uploads\/2026\/04\/img72639070.png","datePublished":"2026-04-22T18:45:33+00:00","dateModified":"2026-04-23T17:01:01+00:00","description":"C\u00f3mo el intercambio digital de datos de carga (eFTI) podr\u00eda transformar la log\u00edstica, la conectividad y la integraci\u00f3n regional en la regi\u00f3n de Am\u00e9rica Latina y el Caribe (LAC).","breadcrumb":{"@id":"https:\/\/www.latitude-15.com\/es\/flete-digital-e-integracion-regional-lo-que-sugiere-el-webinar-lac-efti4all-para-el-panorama-logistico-regional\/#breadcrumb"},"inLanguage":"es","potentialAction":[{"@type":"ReadAction","target":["https:\/\/www.latitude-15.com\/es\/flete-digital-e-integracion-regional-lo-que-sugiere-el-webinar-lac-efti4all-para-el-panorama-logistico-regional\/"]}]},{"@type":"ImageObject","inLanguage":"es","@id":"https:\/\/www.latitude-15.com\/es\/flete-digital-e-integracion-regional-lo-que-sugiere-el-webinar-lac-efti4all-para-el-panorama-logistico-regional\/#primaryimage","url":"https:\/\/www.latitude-15.com\/wp-content\/uploads\/2026\/04\/img72639070.png","contentUrl":"https:\/\/www.latitude-15.com\/wp-content\/uploads\/2026\/04\/img72639070.png","width":1536,"height":1024,"caption":"eFTI"},{"@type":"BreadcrumbList","@id":"https:\/\/www.latitude-15.com\/es\/flete-digital-e-integracion-regional-lo-que-sugiere-el-webinar-lac-efti4all-para-el-panorama-logistico-regional\/#breadcrumb","itemListElement":[{"@type":"ListItem","position":1,"name":"Home","item":"https:\/\/www.latitude-15.com\/es\/inicio\/"},{"@type":"ListItem","position":2,"name":"Flete digital e integraci\u00f3n regional: lo que sugiere el webinar LAC eFTI4ALL para el panorama log\u00edstico regional"}]},{"@type":"WebSite","@id":"https:\/\/www.latitude-15.com\/es\/#website","url":"https:\/\/www.latitude-15.com\/es\/","name":"LATITUDE 15","description":"Aviation and maritime Magazine - Caribbean &amp; Latin America","publisher":{"@id":"https:\/\/www.latitude-15.com\/es\/#organization"},"potentialAction":[{"@type":"SearchAction","target":{"@type":"EntryPoint","urlTemplate":"https:\/\/www.latitude-15.com\/es\/?s={search_term_string}"},"query-input":{"@type":"PropertyValueSpecification","valueRequired":true,"valueName":"search_term_string"}}],"inLanguage":"es"},{"@type":"Organization","@id":"https:\/\/www.latitude-15.com\/es\/#organization","name":"LATITUDE 15","url":"https:\/\/www.latitude-15.com\/es\/","logo":{"@type":"ImageObject","inLanguage":"es","@id":"https:\/\/www.latitude-15.com\/es\/#\/schema\/logo\/image\/","url":"https:\/\/www.latitude-15.com\/wp-content\/uploads\/2026\/01\/cropped-logox500px.png","contentUrl":"https:\/\/www.latitude-15.com\/wp-content\/uploads\/2026\/01\/cropped-logox500px.png","width":62,"height":75,"caption":"LATITUDE 15"},"image":{"@id":"https:\/\/www.latitude-15.com\/es\/#\/schema\/logo\/image\/"}},{"@type":"Person","@id":"https:\/\/www.latitude-15.com\/es\/#\/schema\/person\/dac52e7ff44c78317f337da112e37252","name":"Joda J","image":{"@type":"ImageObject","inLanguage":"es","@id":"https:\/\/www.latitude-15.com\/es\/#\/schema\/person\/image\/","url":"https:\/\/secure.gravatar.com\/avatar\/6b1feae555e15404b76616f92d931d12b25ac58024f14ccb43d9d3c012e4c4cf?s=96&d=mm&r=g","contentUrl":"https:\/\/secure.gravatar.com\/avatar\/6b1feae555e15404b76616f92d931d12b25ac58024f14ccb43d9d3c012e4c4cf?s=96&d=mm&r=g","caption":"Joda J"},"url":"https:\/\/www.latitude-15.com\/es\/author\/joda\/"}]}},"_links":{"self":[{"href":"https:\/\/www.latitude-15.com\/es\/wp-json\/wp\/v2\/posts\/22974","targetHints":{"allow":["GET"]}}],"collection":[{"href":"https:\/\/www.latitude-15.com\/es\/wp-json\/wp\/v2\/posts"}],"about":[{"href":"https:\/\/www.latitude-15.com\/es\/wp-json\/wp\/v2\/types\/post"}],"author":[{"embeddable":true,"href":"https:\/\/www.latitude-15.com\/es\/wp-json\/wp\/v2\/users\/5"}],"replies":[{"embeddable":true,"href":"https:\/\/www.latitude-15.com\/es\/wp-json\/wp\/v2\/comments?post=22974"}],"version-history":[{"count":2,"href":"https:\/\/www.latitude-15.com\/es\/wp-json\/wp\/v2\/posts\/22974\/revisions"}],"predecessor-version":[{"id":23015,"href":"https:\/\/www.latitude-15.com\/es\/wp-json\/wp\/v2\/posts\/22974\/revisions\/23015"}],"wp:featuredmedia":[{"embeddable":true,"href":"https:\/\/www.latitude-15.com\/es\/wp-json\/wp\/v2\/media\/22973"}],"wp:attachment":[{"href":"https:\/\/www.latitude-15.com\/es\/wp-json\/wp\/v2\/media?parent=22974"}],"wp:term":[{"taxonomy":"category","embeddable":true,"href":"https:\/\/www.latitude-15.com\/es\/wp-json\/wp\/v2\/categories?post=22974"},{"taxonomy":"post_tag","embeddable":true,"href":"https:\/\/www.latitude-15.com\/es\/wp-json\/wp\/v2\/tags?post=22974"}],"curies":[{"name":"wp","href":"https:\/\/api.w.org\/{rel}","templated":true}]}}