{"id":22718,"date":"2026-04-15T13:23:01","date_gmt":"2026-04-15T17:23:01","guid":{"rendered":"https:\/\/www.latitude-15.com\/mas-alla-de-la-infraestructura-lo-que-quito-revela-sobre-el-aeropuerto-del-manana\/"},"modified":"2026-04-21T13:08:52","modified_gmt":"2026-04-21T17:08:52","slug":"mas-alla-de-la-infraestructura-lo-que-quito-revela-sobre-el-aeropuerto-del-manana","status":"publish","type":"post","link":"https:\/\/www.latitude-15.com\/es\/mas-alla-de-la-infraestructura-lo-que-quito-revela-sobre-el-aeropuerto-del-manana\/","title":{"rendered":"ACI LAC QUITO: M\u00e1s all\u00e1 de la infraestructura, lo que Quito revela sobre el aeropuerto del ma\u00f1ana"},"content":{"rendered":"\n<p>Los aeropuertos est\u00e1n redefiniendo cada vez m\u00e1s su papel en la econom\u00eda global. Ya no son vistos \u00fanicamente como infraestructura dise\u00f1ada para mover aeronaves, pasajeros y carga, sino que est\u00e1n evolucionando gradualmente hacia plataformas para la log\u00edstica, la industria y el desarrollo urbano. <\/p>\n\n<p>Esta transformaci\u00f3n fue el centro de los debates durante el <strong><em>ACI Airport Day Quito<\/em><\/strong>, celebrado el 11 de marzo de 2026 y organizado por el Consejo Internacional de Aeropuertos \u2013 <em>Am\u00e9rica Latina y el Caribe<\/em> (ACI-LAC) con el apoyo de <em>Corporaci\u00f3n Quiport<\/em>. El evento reuni\u00f3 a operadores aeroportuarios, ejecutivos de aerol\u00edneas y expertos de la industria para explorar temas que van desde las ciudades aeroportuarias y la log\u00edstica de carga hasta la transformaci\u00f3n digital en todo el ecosistema de la aviaci\u00f3n. <\/p>\n\n<p>A lo largo de m\u00faltiples paneles \u2014<em>desde ciudades aeroportuarias hasta carga a\u00e9rea y estrategia de liderazgo<\/em>\u2014, un mensaje surgi\u00f3 claramente: <em><strong>los aeropuertos est\u00e1n evolucionando mucho m\u00e1s all\u00e1 de su papel tradicional como infraestructura de transporte.<\/strong><\/em><\/p>\n\n<figure class=\"wp-block-image size-large\"><img fetchpriority=\"high\" decoding=\"async\" width=\"1024\" height=\"684\" src=\"https:\/\/www.latitude-15.com\/wp-content\/uploads\/2026\/04\/dsc07069_55145364271_o-1024x684.jpg\" alt=\"\" class=\"wp-image-22669\" srcset=\"https:\/\/www.latitude-15.com\/wp-content\/uploads\/2026\/04\/dsc07069_55145364271_o-1024x684.jpg 1024w, https:\/\/www.latitude-15.com\/wp-content\/uploads\/2026\/04\/dsc07069_55145364271_o-300x200.jpg 300w, https:\/\/www.latitude-15.com\/wp-content\/uploads\/2026\/04\/dsc07069_55145364271_o-768x513.jpg 768w, https:\/\/www.latitude-15.com\/wp-content\/uploads\/2026\/04\/dsc07069_55145364271_o-1536x1026.jpg 1536w, https:\/\/www.latitude-15.com\/wp-content\/uploads\/2026\/04\/dsc07069_55145364271_o-2048x1368.jpg 2048w, https:\/\/www.latitude-15.com\/wp-content\/uploads\/2026\/04\/dsc07069_55145364271_o-1320x882.jpg 1320w\" sizes=\"(max-width: 1024px) 100vw, 1024px\" \/><\/figure>\n\n<h2 class=\"wp-block-heading\">Los aeropuertos ya no son solo infraestructura<\/h2>\n\n<p>Uno de los temas recurrentes del evento fue la necesidad de repensar c\u00f3mo se perciben los aeropuertos. En lugar de verlos \u00fanicamente como instalaciones que mueven aeronaves, pasajeros y carga, varios ponentes enfatizaron que los aeropuertos act\u00faan cada vez m\u00e1s como <strong>motores de actividad econ\u00f3mica<\/strong>. <\/p>\n\n<p>En muchas partes del mundo, el concepto de \u201c<em>ciudad aeroportuaria<\/em>\u201d se ha estado desarrollando durante a\u00f1os, integrando actividades comerciales, inmobiliarias y log\u00edsticas en el entorno aeroportuario. En Am\u00e9rica Latina, sin embargo, este cambio es m\u00e1s reciente. Durante las \u00faltimas dos d\u00e9cadas, gran parte del enfoque de la regi\u00f3n se ha centrado en modernizar la infraestructura aeroportuaria, asegurando que las operaciones de aeronaves, el procesamiento de pasajeros y la manipulaci\u00f3n de carga funcionen de manera eficiente.  <\/p>\n\n<p>Ahora que muchos aeropuertos han alcanzado esa etapa de madurez, los operadores est\u00e1n empezando a considerar el siguiente paso: desarrollar ecosistemas econ\u00f3micos alrededor del propio aeropuerto.<\/p>\n\n<p>Los ejemplos presentados durante el panel ilustraron c\u00f3mo esta transformaci\u00f3n ya est\u00e1 en marcha. Los desarrollos inmobiliarios vinculados a los aeropuertos, las nuevas \u00e1reas comerciales y los proyectos hoteleros son cada vez m\u00e1s comunes. El mensaje fue claro: los aeropuertos se est\u00e1n posicionando gradualmente como <strong>plataformas de desarrollo para las regiones circundantes<\/strong>, no solo como nodos de transporte.  <\/p>\n\n<figure class=\"wp-block-image size-large\"><img decoding=\"async\" width=\"1024\" height=\"684\" data-src=\"https:\/\/www.latitude-15.com\/wp-content\/uploads\/2026\/04\/dsc07352_55145737480_o-1024x684.jpg\" alt=\"\" class=\"wp-image-22674 lazyload\" data-srcset=\"https:\/\/www.latitude-15.com\/wp-content\/uploads\/2026\/04\/dsc07352_55145737480_o-1024x684.jpg 1024w, https:\/\/www.latitude-15.com\/wp-content\/uploads\/2026\/04\/dsc07352_55145737480_o-300x200.jpg 300w, https:\/\/www.latitude-15.com\/wp-content\/uploads\/2026\/04\/dsc07352_55145737480_o-768x513.jpg 768w, https:\/\/www.latitude-15.com\/wp-content\/uploads\/2026\/04\/dsc07352_55145737480_o-1536x1026.jpg 1536w, https:\/\/www.latitude-15.com\/wp-content\/uploads\/2026\/04\/dsc07352_55145737480_o-2048x1368.jpg 2048w, https:\/\/www.latitude-15.com\/wp-content\/uploads\/2026\/04\/dsc07352_55145737480_o-1320x882.jpg 1320w\" data-sizes=\"(max-width: 1024px) 100vw, 1024px\" src=\"data:image\/svg+xml;base64,PHN2ZyB3aWR0aD0iMSIgaGVpZ2h0PSIxIiB4bWxucz0iaHR0cDovL3d3dy53My5vcmcvMjAwMC9zdmciPjwvc3ZnPg==\" style=\"--smush-placeholder-width: 1024px; --smush-placeholder-aspect-ratio: 1024\/684;\" \/><\/figure>\n\n<h2 class=\"wp-block-heading\">Est\u00e1n surgiendo ecosistemas industriales alrededor de los aeropuertos<\/h2>\n\n<p>M\u00e1s all\u00e1 de los desarrollos minoristas y comerciales, algunos aeropuertos se est\u00e1n convirtiendo en anclas para <strong>clusters industriales<\/strong>.<\/p>\n\n<p>Uno de los ejemplos m\u00e1s llamativos discutidos fue el cluster aeroespacial desarrollado alrededor del Aeropuerto Internacional de Quer\u00e9taro en M\u00e9xico. El aeropuerto se inaugur\u00f3 en 2004, y solo unos meses despu\u00e9s la llegada del fabricante aeroespacial Bombardier desencaden\u00f3 la creaci\u00f3n de un parque industrial de <strong>83 hect\u00e1reas<\/strong> dentro del \u00e1rea aeroportuaria. <\/p>\n\n<p>Con el tiempo, la regi\u00f3n evolucion\u00f3 hasta convertirse en un importante centro de fabricaci\u00f3n aeroespacial. Hoy en d\u00eda, las empresas de Quer\u00e9taro producen componentes estructurales de aeronaves, sistemas de tren de aterrizaje, avi\u00f3nica y otros equipos aeroespaciales avanzados. Seg\u00fan el debate del panel, la regi\u00f3n se ha convertido en <strong>uno de los destinos m\u00e1s atractivos a nivel mundial para la inversi\u00f3n extranjera directa aeroespacial<\/strong>.  <\/p>\n\n<p>El ecosistema se extiende m\u00e1s all\u00e1 de la fabricaci\u00f3n. Tambi\u00e9n se cre\u00f3 una universidad p\u00fablica especializada dedicada \u00edntegramente a la educaci\u00f3n aeroespacial dentro de la zona aeroportuaria para apoyar a la creciente industria. El resultado es una combinaci\u00f3n de <strong>industria, educaci\u00f3n e infraestructura aeroportuaria<\/strong> trabajando juntas en un \u00fanico ecosistema.  <\/p>\n\n<p>Para muchos operadores aeroportuarios de la regi\u00f3n, este ejemplo ilustra c\u00f3mo los aeropuertos pueden servir como catalizadores para un desarrollo econ\u00f3mico m\u00e1s amplio.<\/p>\n\n<figure class=\"wp-block-image size-large\"><img decoding=\"async\" width=\"1024\" height=\"684\" data-src=\"https:\/\/www.latitude-15.com\/wp-content\/uploads\/2026\/04\/dsc07134_55145363961_o-1024x684.jpg\" alt=\"\" class=\"wp-image-22672 lazyload\" data-srcset=\"https:\/\/www.latitude-15.com\/wp-content\/uploads\/2026\/04\/dsc07134_55145363961_o-1024x684.jpg 1024w, https:\/\/www.latitude-15.com\/wp-content\/uploads\/2026\/04\/dsc07134_55145363961_o-300x200.jpg 300w, https:\/\/www.latitude-15.com\/wp-content\/uploads\/2026\/04\/dsc07134_55145363961_o-768x513.jpg 768w, https:\/\/www.latitude-15.com\/wp-content\/uploads\/2026\/04\/dsc07134_55145363961_o-1536x1026.jpg 1536w, https:\/\/www.latitude-15.com\/wp-content\/uploads\/2026\/04\/dsc07134_55145363961_o-2048x1368.jpg 2048w, https:\/\/www.latitude-15.com\/wp-content\/uploads\/2026\/04\/dsc07134_55145363961_o-1320x882.jpg 1320w\" data-sizes=\"(max-width: 1024px) 100vw, 1024px\" src=\"data:image\/svg+xml;base64,PHN2ZyB3aWR0aD0iMSIgaGVpZ2h0PSIxIiB4bWxucz0iaHR0cDovL3d3dy53My5vcmcvMjAwMC9zdmciPjwvc3ZnPg==\" style=\"--smush-placeholder-width: 1024px; --smush-placeholder-aspect-ratio: 1024\/684;\" \/><\/figure>\n\n<h2 class=\"wp-block-heading\">La carga se est\u00e1 convirtiendo en un pilar estrat\u00e9gico<\/h2>\n\n<p>Otra idea clave de los debates fue la creciente importancia estrat\u00e9gica de la carga a\u00e9rea.<\/p>\n\n<h3 class=\"wp-block-heading\">Aunque el transporte a\u00e9reo de mercanc\u00edas representa solo alrededor del 1% del comercio mundial por volumen, representa aproximadamente el 30% del comercio mundial por valor.<\/h3>\n\n<p>Este desequilibrio destaca la naturaleza de alto valor de los bienes transportados por aire \u2014<em>desde productos farmac\u00e9uticos hasta electr\u00f3nicos y productos perecederos<\/em>\u2014 y explica por qu\u00e9 la carga se est\u00e1 volviendo cada vez m\u00e1s central en las estrategias aeroportuarias.<\/p>\n\n<p>Quito mismo ofrece una clara ilustraci\u00f3n de esta tendencia. Desde 2013, el Aeropuerto Internacional Mariscal Sucre de la ciudad ha manejado <strong>2,8 millones de toneladas de carga<\/strong>, alcanzando un <strong>r\u00e9cord de 406.754 toneladas en 2025<\/strong>. <\/p>\n\n<p>El perfil de la carga tambi\u00e9n es altamente especializado: aproximadamente el <strong>92% de las exportaciones corresponden a flores<\/strong>, lo que convierte al aeropuerto en una puerta de entrada crucial para la industria flor\u00edcola de Ecuador.<\/p>\n\n<p>Esta concentraci\u00f3n destaca c\u00f3mo los aeropuertos pueden integrarse profundamente en los sectores econ\u00f3micos regionales, vinculando la producci\u00f3n local con los mercados globales.<\/p>\n\n<figure class=\"wp-block-image size-large\"><img decoding=\"async\" width=\"1024\" height=\"684\" data-src=\"https:\/\/www.latitude-15.com\/wp-content\/uploads\/2026\/04\/dsc07255_55145518688_o-1024x684.jpg\" alt=\"\" class=\"wp-image-22676 lazyload\" data-srcset=\"https:\/\/www.latitude-15.com\/wp-content\/uploads\/2026\/04\/dsc07255_55145518688_o-1024x684.jpg 1024w, https:\/\/www.latitude-15.com\/wp-content\/uploads\/2026\/04\/dsc07255_55145518688_o-300x200.jpg 300w, https:\/\/www.latitude-15.com\/wp-content\/uploads\/2026\/04\/dsc07255_55145518688_o-768x513.jpg 768w, https:\/\/www.latitude-15.com\/wp-content\/uploads\/2026\/04\/dsc07255_55145518688_o-1536x1026.jpg 1536w, https:\/\/www.latitude-15.com\/wp-content\/uploads\/2026\/04\/dsc07255_55145518688_o-2048x1368.jpg 2048w, https:\/\/www.latitude-15.com\/wp-content\/uploads\/2026\/04\/dsc07255_55145518688_o-1320x882.jpg 1320w\" data-sizes=\"(max-width: 1024px) 100vw, 1024px\" src=\"data:image\/svg+xml;base64,PHN2ZyB3aWR0aD0iMSIgaGVpZ2h0PSIxIiB4bWxucz0iaHR0cDovL3d3dy53My5vcmcvMjAwMC9zdmciPjwvc3ZnPg==\" style=\"--smush-placeholder-width: 1024px; --smush-placeholder-aspect-ratio: 1024\/684;\" \/><\/figure>\n\n<h2 class=\"wp-block-heading\">El comercio electr\u00f3nico est\u00e1 reconfigurando la log\u00edstica aeroportuaria<\/h2>\n\n<p>El r\u00e1pido crecimiento del comercio electr\u00f3nico tambi\u00e9n est\u00e1 transformando las operaciones de carga a\u00e9rea.<\/p>\n\n<p>En Ecuador, los panelistas se\u00f1alaron que la carga de comercio electr\u00f3nico represent\u00f3 aproximadamente el <strong>15% del volumen total de carga en 2023<\/strong>, pero hab\u00eda aumentado al <strong>35% en 2025<\/strong>.<\/p>\n\n<p>Este cambio trae nuevos desaf\u00edos operativos. La log\u00edstica del comercio electr\u00f3nico requiere tiempos de procesamiento m\u00e1s r\u00e1pidos, cadenas de suministro m\u00e1s \u00e1giles y una mayor coordinaci\u00f3n entre los actores de todo el ecosistema log\u00edstico. <\/p>\n\n<p>Varios ponentes destacaron la importancia de la colaboraci\u00f3n entre aerol\u00edneas, terminales de carga, operadores log\u00edsticos y autoridades p\u00fablicas. La digitalizaci\u00f3n tambi\u00e9n se destac\u00f3 como un facilitador clave. La integraci\u00f3n de sistemas y el intercambio de datos en tiempo real a lo largo de la cadena de suministro podr\u00edan ayudar a mejorar la previsibilidad, optimizar los recursos y reducir los cuellos de botella en las operaciones de carga.  <\/p>\n\n<figure class=\"wp-block-image size-large\"><img decoding=\"async\" width=\"1024\" height=\"684\" data-src=\"https:\/\/www.latitude-15.com\/wp-content\/uploads\/2026\/04\/dsc07478_55145736335_o-1024x684.jpg\" alt=\"\" class=\"wp-image-22685 lazyload\" data-srcset=\"https:\/\/www.latitude-15.com\/wp-content\/uploads\/2026\/04\/dsc07478_55145736335_o-1024x684.jpg 1024w, https:\/\/www.latitude-15.com\/wp-content\/uploads\/2026\/04\/dsc07478_55145736335_o-300x200.jpg 300w, https:\/\/www.latitude-15.com\/wp-content\/uploads\/2026\/04\/dsc07478_55145736335_o-768x513.jpg 768w, https:\/\/www.latitude-15.com\/wp-content\/uploads\/2026\/04\/dsc07478_55145736335_o-1536x1026.jpg 1536w, https:\/\/www.latitude-15.com\/wp-content\/uploads\/2026\/04\/dsc07478_55145736335_o-2048x1368.jpg 2048w, https:\/\/www.latitude-15.com\/wp-content\/uploads\/2026\/04\/dsc07478_55145736335_o-1320x882.jpg 1320w\" data-sizes=\"(max-width: 1024px) 100vw, 1024px\" src=\"data:image\/svg+xml;base64,PHN2ZyB3aWR0aD0iMSIgaGVpZ2h0PSIxIiB4bWxucz0iaHR0cDovL3d3dy53My5vcmcvMjAwMC9zdmciPjwvc3ZnPg==\" style=\"--smush-placeholder-width: 1024px; --smush-placeholder-aspect-ratio: 1024\/684;\" \/><\/figure>\n\n<h2 class=\"wp-block-heading\">La colaboraci\u00f3n definir\u00e1 el aeropuerto del futuro<\/h2>\n\n<p>Quiz\u00e1s la lecci\u00f3n m\u00e1s importante de Quito fue que la infraestructura por s\u00ed sola ya no es suficiente.<\/p>\n\n<p>Los aeropuertos dependen cada vez m\u00e1s de la cooperaci\u00f3n con una amplia gama de partes interesadas, incluidos municipios, gobiernos nacionales, empresas de log\u00edstica y aerol\u00edneas. Sin esa coordinaci\u00f3n, incluso la infraestructura m\u00e1s avanzada no puede alcanzar su m\u00e1ximo potencial. <\/p>\n\n<p>El caso del aeropuerto El Dorado de Bogot\u00e1 ilustra esta din\u00e1mica. El aeropuerto maneja <strong>casi 46 millones de pasajeros anualmente y alrededor de 850.000 toneladas de carga<\/strong>, lo que sustenta <strong>33.000 empleos directos y m\u00e1s de 60.000 empleos en el sector de la aviaci\u00f3n en toda la ciudad<\/strong>. <\/p>\n\n<p>Tal escala requiere una planificaci\u00f3n integrada entre el aeropuerto y el entorno urbano circundante. Por lo tanto, las autoridades locales han comenzado a incorporar el concepto de <strong>\u201c<em>Bogot\u00e1 Ciudad-Aeropuerto<\/em>\u201d<\/strong> en planes de desarrollo urbano m\u00e1s amplios. <\/p>\n\n<p>Para los operadores aeroportuarios de Am\u00e9rica Latina, el mensaje es claro: la competitividad futura depender\u00e1 no solo de las inversiones en infraestructura, sino tambi\u00e9n de la gobernanza, la integraci\u00f3n de datos y la coordinaci\u00f3n a largo plazo con las instituciones p\u00fablicas.<\/p>\n\n<figure class=\"wp-block-image size-large\"><img decoding=\"async\" width=\"1024\" height=\"684\" data-src=\"https:\/\/www.latitude-15.com\/wp-content\/uploads\/2026\/04\/dsc07219_55145738870_o-1024x684.jpg\" alt=\"\" class=\"wp-image-22678 lazyload\" data-srcset=\"https:\/\/www.latitude-15.com\/wp-content\/uploads\/2026\/04\/dsc07219_55145738870_o-1024x684.jpg 1024w, https:\/\/www.latitude-15.com\/wp-content\/uploads\/2026\/04\/dsc07219_55145738870_o-300x200.jpg 300w, https:\/\/www.latitude-15.com\/wp-content\/uploads\/2026\/04\/dsc07219_55145738870_o-768x513.jpg 768w, https:\/\/www.latitude-15.com\/wp-content\/uploads\/2026\/04\/dsc07219_55145738870_o-1536x1026.jpg 1536w, https:\/\/www.latitude-15.com\/wp-content\/uploads\/2026\/04\/dsc07219_55145738870_o-2048x1368.jpg 2048w, https:\/\/www.latitude-15.com\/wp-content\/uploads\/2026\/04\/dsc07219_55145738870_o-1320x882.jpg 1320w\" data-sizes=\"(max-width: 1024px) 100vw, 1024px\" src=\"data:image\/svg+xml;base64,PHN2ZyB3aWR0aD0iMSIgaGVpZ2h0PSIxIiB4bWxucz0iaHR0cDovL3d3dy53My5vcmcvMjAwMC9zdmciPjwvc3ZnPg==\" style=\"--smush-placeholder-width: 1024px; --smush-placeholder-aspect-ratio: 1024\/684;\" \/><\/figure>\n\n<h2 class=\"wp-block-heading\">Un nuevo papel para los aeropuertos<\/h2>\n\n<p>En conjunto, los debates en Quito sugieren que el aeropuerto del ma\u00f1ana ser\u00e1 muy diferente al aeropuerto de ayer.<\/p>\n\n<h3 class=\"wp-block-heading\">En lugar de simplemente procesar movimientos de aeronaves, los aeropuertos se est\u00e1n convirtiendo en plataformas multifuncionales, combinando centros log\u00edsticos, clusters industriales, desarrollos inmobiliarios y ecosistemas de innovaci\u00f3n.<\/h3>\n\n<p>Para Am\u00e9rica Latina y el Caribe, la transformaci\u00f3n puede estar a\u00fan en sus primeras etapas. Pero como demostraron las conversaciones en Quito, el cambio ya est\u00e1 en marcha. <\/p>\n\n<figure class=\"wp-block-image size-large\"><img decoding=\"async\" width=\"1024\" height=\"684\" data-src=\"https:\/\/www.latitude-15.com\/wp-content\/uploads\/2026\/04\/dsc07504_55144460947_o-1-1024x684.jpg\" alt=\"\" class=\"wp-image-22681 lazyload\" data-srcset=\"https:\/\/www.latitude-15.com\/wp-content\/uploads\/2026\/04\/dsc07504_55144460947_o-1-1024x684.jpg 1024w, https:\/\/www.latitude-15.com\/wp-content\/uploads\/2026\/04\/dsc07504_55144460947_o-1-300x200.jpg 300w, https:\/\/www.latitude-15.com\/wp-content\/uploads\/2026\/04\/dsc07504_55144460947_o-1-768x513.jpg 768w, https:\/\/www.latitude-15.com\/wp-content\/uploads\/2026\/04\/dsc07504_55144460947_o-1-1536x1026.jpg 1536w, https:\/\/www.latitude-15.com\/wp-content\/uploads\/2026\/04\/dsc07504_55144460947_o-1-2048x1368.jpg 2048w, https:\/\/www.latitude-15.com\/wp-content\/uploads\/2026\/04\/dsc07504_55144460947_o-1-1320x882.jpg 1320w\" data-sizes=\"(max-width: 1024px) 100vw, 1024px\" src=\"data:image\/svg+xml;base64,PHN2ZyB3aWR0aD0iMSIgaGVpZ2h0PSIxIiB4bWxucz0iaHR0cDovL3d3dy53My5vcmcvMjAwMC9zdmciPjwvc3ZnPg==\" style=\"--smush-placeholder-width: 1024px; --smush-placeholder-aspect-ratio: 1024\/684;\" \/><\/figure>\n","protected":false},"excerpt":{"rendered":"<p>Los aeropuertos est\u00e1n redefiniendo cada vez m\u00e1s su papel en la econom\u00eda global. Ya no son vistos \u00fanicamente como infraestructura dise\u00f1ada para mover aeronaves, pasajeros y carga, sino que est\u00e1n evolucionando gradualmente hacia plataformas para la log\u00edstica, la industria y el desarrollo urbano. Esta transformaci\u00f3n fue el centro de los debates durante el ACI Airport [&hellip;]<\/p>\n","protected":false},"author":5,"featured_media":22717,"comment_status":"open","ping_status":"closed","sticky":false,"template":"","format":"standard","meta":{"footnotes":""},"categories":[99,108,166],"tags":[],"class_list":["post-22718","post","type-post","status-publish","format-standard","has-post-thumbnail","hentry","category-aviacion","category-ingresos-comerciales-y-no-aeronauticos","category-spotlight-aviation"],"yoast_head":"<!-- This site is optimized with the Yoast SEO plugin v26.9 - https:\/\/yoast.com\/product\/yoast-seo-wordpress\/ -->\n<title>ACI LAC QUITO: M\u00e1s all\u00e1 de la infraestructura, lo que Quito revela sobre el aeropuerto del ma\u00f1ana - LATITUDE 15<\/title>\n<meta name=\"description\" content=\"En el D\u00eda del Aeropuerto ACI en Quito, l\u00edderes de la aviaci\u00f3n debatieron sobre ciudades aeroportuarias, el crecimiento de la carga | c\u00f3mo los aeropuertos est\u00e1n evolucionando hacia ecosistemas econ\u00f3micos.\" \/>\n<meta name=\"robots\" content=\"index, follow, max-snippet:-1, max-image-preview:large, max-video-preview:-1\" \/>\n<link rel=\"canonical\" href=\"https:\/\/www.latitude-15.com\/es\/mas-alla-de-la-infraestructura-lo-que-quito-revela-sobre-el-aeropuerto-del-manana\/\" \/>\n<meta property=\"og:locale\" content=\"es_ES\" \/>\n<meta property=\"og:type\" content=\"article\" \/>\n<meta property=\"og:title\" content=\"ACI LAC QUITO: M\u00e1s all\u00e1 de la infraestructura, lo que Quito revela sobre el aeropuerto del ma\u00f1ana - LATITUDE 15\" \/>\n<meta property=\"og:description\" content=\"En el D\u00eda del Aeropuerto ACI en Quito, l\u00edderes de la aviaci\u00f3n debatieron sobre ciudades aeroportuarias, el crecimiento de la carga | c\u00f3mo los aeropuertos est\u00e1n evolucionando hacia ecosistemas econ\u00f3micos.\" \/>\n<meta property=\"og:url\" content=\"https:\/\/www.latitude-15.com\/es\/mas-alla-de-la-infraestructura-lo-que-quito-revela-sobre-el-aeropuerto-del-manana\/\" \/>\n<meta property=\"og:site_name\" content=\"LATITUDE 15\" \/>\n<meta property=\"article:published_time\" content=\"2026-04-15T17:23:01+00:00\" \/>\n<meta property=\"article:modified_time\" content=\"2026-04-21T17:08:52+00:00\" \/>\n<meta property=\"og:image\" content=\"https:\/\/www.latitude-15.com\/wp-content\/uploads\/2026\/04\/dsc07066_55145595919_o-scaled.jpg\" \/>\n\t<meta property=\"og:image:width\" content=\"2560\" \/>\n\t<meta property=\"og:image:height\" content=\"1710\" \/>\n\t<meta property=\"og:image:type\" content=\"image\/jpeg\" \/>\n<meta name=\"author\" content=\"Joda J\" \/>\n<meta name=\"twitter:card\" content=\"summary_large_image\" \/>\n<meta name=\"twitter:label1\" content=\"Escrito por\" \/>\n\t<meta name=\"twitter:data1\" content=\"Joda J\" \/>\n\t<meta name=\"twitter:label2\" content=\"Tiempo de lectura\" \/>\n\t<meta name=\"twitter:data2\" content=\"6 minutos\" \/>\n<script type=\"application\/ld+json\" class=\"yoast-schema-graph\">{\"@context\":\"https:\/\/schema.org\",\"@graph\":[{\"@type\":\"Article\",\"@id\":\"https:\/\/www.latitude-15.com\/es\/mas-alla-de-la-infraestructura-lo-que-quito-revela-sobre-el-aeropuerto-del-manana\/#article\",\"isPartOf\":{\"@id\":\"https:\/\/www.latitude-15.com\/es\/mas-alla-de-la-infraestructura-lo-que-quito-revela-sobre-el-aeropuerto-del-manana\/\"},\"author\":{\"name\":\"Joda J\",\"@id\":\"https:\/\/www.latitude-15.com\/es\/#\/schema\/person\/dac52e7ff44c78317f337da112e37252\"},\"headline\":\"ACI LAC QUITO: M\u00e1s all\u00e1 de la infraestructura, lo que Quito revela sobre el aeropuerto del ma\u00f1ana\",\"datePublished\":\"2026-04-15T17:23:01+00:00\",\"dateModified\":\"2026-04-21T17:08:52+00:00\",\"mainEntityOfPage\":{\"@id\":\"https:\/\/www.latitude-15.com\/es\/mas-alla-de-la-infraestructura-lo-que-quito-revela-sobre-el-aeropuerto-del-manana\/\"},\"wordCount\":1316,\"commentCount\":0,\"publisher\":{\"@id\":\"https:\/\/www.latitude-15.com\/es\/#organization\"},\"image\":{\"@id\":\"https:\/\/www.latitude-15.com\/es\/mas-alla-de-la-infraestructura-lo-que-quito-revela-sobre-el-aeropuerto-del-manana\/#primaryimage\"},\"thumbnailUrl\":\"https:\/\/www.latitude-15.com\/wp-content\/uploads\/2026\/04\/dsc07066_55145595919_o-scaled.jpg\",\"articleSection\":[\"AVIACI\u00d3N\",\"Ingresos comerciales y no aeron\u00e1uticos\",\"Spotlight Aviation\"],\"inLanguage\":\"es\",\"potentialAction\":[{\"@type\":\"CommentAction\",\"name\":\"Comment\",\"target\":[\"https:\/\/www.latitude-15.com\/es\/mas-alla-de-la-infraestructura-lo-que-quito-revela-sobre-el-aeropuerto-del-manana\/#respond\"]}]},{\"@type\":\"WebPage\",\"@id\":\"https:\/\/www.latitude-15.com\/es\/mas-alla-de-la-infraestructura-lo-que-quito-revela-sobre-el-aeropuerto-del-manana\/\",\"url\":\"https:\/\/www.latitude-15.com\/es\/mas-alla-de-la-infraestructura-lo-que-quito-revela-sobre-el-aeropuerto-del-manana\/\",\"name\":\"ACI LAC QUITO: M\u00e1s all\u00e1 de la infraestructura, lo que Quito revela sobre el aeropuerto del ma\u00f1ana - LATITUDE 15\",\"isPartOf\":{\"@id\":\"https:\/\/www.latitude-15.com\/es\/#website\"},\"primaryImageOfPage\":{\"@id\":\"https:\/\/www.latitude-15.com\/es\/mas-alla-de-la-infraestructura-lo-que-quito-revela-sobre-el-aeropuerto-del-manana\/#primaryimage\"},\"image\":{\"@id\":\"https:\/\/www.latitude-15.com\/es\/mas-alla-de-la-infraestructura-lo-que-quito-revela-sobre-el-aeropuerto-del-manana\/#primaryimage\"},\"thumbnailUrl\":\"https:\/\/www.latitude-15.com\/wp-content\/uploads\/2026\/04\/dsc07066_55145595919_o-scaled.jpg\",\"datePublished\":\"2026-04-15T17:23:01+00:00\",\"dateModified\":\"2026-04-21T17:08:52+00:00\",\"description\":\"En el D\u00eda del Aeropuerto ACI en Quito, l\u00edderes de la aviaci\u00f3n debatieron sobre ciudades aeroportuarias, el crecimiento de la carga | c\u00f3mo los aeropuertos est\u00e1n evolucionando hacia ecosistemas econ\u00f3micos.\",\"breadcrumb\":{\"@id\":\"https:\/\/www.latitude-15.com\/es\/mas-alla-de-la-infraestructura-lo-que-quito-revela-sobre-el-aeropuerto-del-manana\/#breadcrumb\"},\"inLanguage\":\"es\",\"potentialAction\":[{\"@type\":\"ReadAction\",\"target\":[\"https:\/\/www.latitude-15.com\/es\/mas-alla-de-la-infraestructura-lo-que-quito-revela-sobre-el-aeropuerto-del-manana\/\"]}]},{\"@type\":\"ImageObject\",\"inLanguage\":\"es\",\"@id\":\"https:\/\/www.latitude-15.com\/es\/mas-alla-de-la-infraestructura-lo-que-quito-revela-sobre-el-aeropuerto-del-manana\/#primaryimage\",\"url\":\"https:\/\/www.latitude-15.com\/wp-content\/uploads\/2026\/04\/dsc07066_55145595919_o-scaled.jpg\",\"contentUrl\":\"https:\/\/www.latitude-15.com\/wp-content\/uploads\/2026\/04\/dsc07066_55145595919_o-scaled.jpg\",\"width\":2560,\"height\":1710},{\"@type\":\"BreadcrumbList\",\"@id\":\"https:\/\/www.latitude-15.com\/es\/mas-alla-de-la-infraestructura-lo-que-quito-revela-sobre-el-aeropuerto-del-manana\/#breadcrumb\",\"itemListElement\":[{\"@type\":\"ListItem\",\"position\":1,\"name\":\"Home\",\"item\":\"https:\/\/www.latitude-15.com\/es\/inicio\/\"},{\"@type\":\"ListItem\",\"position\":2,\"name\":\"ACI LAC QUITO: M\u00e1s all\u00e1 de la infraestructura, lo que Quito revela sobre el aeropuerto del ma\u00f1ana\"}]},{\"@type\":\"WebSite\",\"@id\":\"https:\/\/www.latitude-15.com\/es\/#website\",\"url\":\"https:\/\/www.latitude-15.com\/es\/\",\"name\":\"LATITUDE 15\",\"description\":\"Aviation and maritime Magazine - Caribbean &amp; Latin America\",\"publisher\":{\"@id\":\"https:\/\/www.latitude-15.com\/es\/#organization\"},\"potentialAction\":[{\"@type\":\"SearchAction\",\"target\":{\"@type\":\"EntryPoint\",\"urlTemplate\":\"https:\/\/www.latitude-15.com\/es\/?s={search_term_string}\"},\"query-input\":{\"@type\":\"PropertyValueSpecification\",\"valueRequired\":true,\"valueName\":\"search_term_string\"}}],\"inLanguage\":\"es\"},{\"@type\":\"Organization\",\"@id\":\"https:\/\/www.latitude-15.com\/es\/#organization\",\"name\":\"LATITUDE 15\",\"url\":\"https:\/\/www.latitude-15.com\/es\/\",\"logo\":{\"@type\":\"ImageObject\",\"inLanguage\":\"es\",\"@id\":\"https:\/\/www.latitude-15.com\/es\/#\/schema\/logo\/image\/\",\"url\":\"https:\/\/www.latitude-15.com\/wp-content\/uploads\/2026\/01\/cropped-logox500px.png\",\"contentUrl\":\"https:\/\/www.latitude-15.com\/wp-content\/uploads\/2026\/01\/cropped-logox500px.png\",\"width\":62,\"height\":75,\"caption\":\"LATITUDE 15\"},\"image\":{\"@id\":\"https:\/\/www.latitude-15.com\/es\/#\/schema\/logo\/image\/\"}},{\"@type\":\"Person\",\"@id\":\"https:\/\/www.latitude-15.com\/es\/#\/schema\/person\/dac52e7ff44c78317f337da112e37252\",\"name\":\"Joda J\",\"image\":{\"@type\":\"ImageObject\",\"inLanguage\":\"es\",\"@id\":\"https:\/\/www.latitude-15.com\/es\/#\/schema\/person\/image\/\",\"url\":\"https:\/\/secure.gravatar.com\/avatar\/6b1feae555e15404b76616f92d931d12b25ac58024f14ccb43d9d3c012e4c4cf?s=96&d=mm&r=g\",\"contentUrl\":\"https:\/\/secure.gravatar.com\/avatar\/6b1feae555e15404b76616f92d931d12b25ac58024f14ccb43d9d3c012e4c4cf?s=96&d=mm&r=g\",\"caption\":\"Joda J\"},\"url\":\"https:\/\/www.latitude-15.com\/es\/author\/joda\/\"}]}<\/script>\n<!-- \/ Yoast SEO plugin. -->","yoast_head_json":{"title":"ACI LAC QUITO: M\u00e1s all\u00e1 de la infraestructura, lo que Quito revela sobre el aeropuerto del ma\u00f1ana - LATITUDE 15","description":"En el D\u00eda del Aeropuerto ACI en Quito, l\u00edderes de la aviaci\u00f3n debatieron sobre ciudades aeroportuarias, el crecimiento de la carga | c\u00f3mo los aeropuertos est\u00e1n evolucionando hacia ecosistemas econ\u00f3micos.","robots":{"index":"index","follow":"follow","max-snippet":"max-snippet:-1","max-image-preview":"max-image-preview:large","max-video-preview":"max-video-preview:-1"},"canonical":"https:\/\/www.latitude-15.com\/es\/mas-alla-de-la-infraestructura-lo-que-quito-revela-sobre-el-aeropuerto-del-manana\/","og_locale":"es_ES","og_type":"article","og_title":"ACI LAC QUITO: M\u00e1s all\u00e1 de la infraestructura, lo que Quito revela sobre el aeropuerto del ma\u00f1ana - LATITUDE 15","og_description":"En el D\u00eda del Aeropuerto ACI en Quito, l\u00edderes de la aviaci\u00f3n debatieron sobre ciudades aeroportuarias, el crecimiento de la carga | c\u00f3mo los aeropuertos est\u00e1n evolucionando hacia ecosistemas econ\u00f3micos.","og_url":"https:\/\/www.latitude-15.com\/es\/mas-alla-de-la-infraestructura-lo-que-quito-revela-sobre-el-aeropuerto-del-manana\/","og_site_name":"LATITUDE 15","article_published_time":"2026-04-15T17:23:01+00:00","article_modified_time":"2026-04-21T17:08:52+00:00","og_image":[{"width":2560,"height":1710,"url":"https:\/\/www.latitude-15.com\/wp-content\/uploads\/2026\/04\/dsc07066_55145595919_o-scaled.jpg","type":"image\/jpeg"}],"author":"Joda J","twitter_card":"summary_large_image","twitter_misc":{"Escrito por":"Joda J","Tiempo de lectura":"6 minutos"},"schema":{"@context":"https:\/\/schema.org","@graph":[{"@type":"Article","@id":"https:\/\/www.latitude-15.com\/es\/mas-alla-de-la-infraestructura-lo-que-quito-revela-sobre-el-aeropuerto-del-manana\/#article","isPartOf":{"@id":"https:\/\/www.latitude-15.com\/es\/mas-alla-de-la-infraestructura-lo-que-quito-revela-sobre-el-aeropuerto-del-manana\/"},"author":{"name":"Joda J","@id":"https:\/\/www.latitude-15.com\/es\/#\/schema\/person\/dac52e7ff44c78317f337da112e37252"},"headline":"ACI LAC QUITO: M\u00e1s all\u00e1 de la infraestructura, lo que Quito revela sobre el aeropuerto del ma\u00f1ana","datePublished":"2026-04-15T17:23:01+00:00","dateModified":"2026-04-21T17:08:52+00:00","mainEntityOfPage":{"@id":"https:\/\/www.latitude-15.com\/es\/mas-alla-de-la-infraestructura-lo-que-quito-revela-sobre-el-aeropuerto-del-manana\/"},"wordCount":1316,"commentCount":0,"publisher":{"@id":"https:\/\/www.latitude-15.com\/es\/#organization"},"image":{"@id":"https:\/\/www.latitude-15.com\/es\/mas-alla-de-la-infraestructura-lo-que-quito-revela-sobre-el-aeropuerto-del-manana\/#primaryimage"},"thumbnailUrl":"https:\/\/www.latitude-15.com\/wp-content\/uploads\/2026\/04\/dsc07066_55145595919_o-scaled.jpg","articleSection":["AVIACI\u00d3N","Ingresos comerciales y no aeron\u00e1uticos","Spotlight Aviation"],"inLanguage":"es","potentialAction":[{"@type":"CommentAction","name":"Comment","target":["https:\/\/www.latitude-15.com\/es\/mas-alla-de-la-infraestructura-lo-que-quito-revela-sobre-el-aeropuerto-del-manana\/#respond"]}]},{"@type":"WebPage","@id":"https:\/\/www.latitude-15.com\/es\/mas-alla-de-la-infraestructura-lo-que-quito-revela-sobre-el-aeropuerto-del-manana\/","url":"https:\/\/www.latitude-15.com\/es\/mas-alla-de-la-infraestructura-lo-que-quito-revela-sobre-el-aeropuerto-del-manana\/","name":"ACI LAC QUITO: M\u00e1s all\u00e1 de la infraestructura, lo que Quito revela sobre el aeropuerto del ma\u00f1ana - LATITUDE 15","isPartOf":{"@id":"https:\/\/www.latitude-15.com\/es\/#website"},"primaryImageOfPage":{"@id":"https:\/\/www.latitude-15.com\/es\/mas-alla-de-la-infraestructura-lo-que-quito-revela-sobre-el-aeropuerto-del-manana\/#primaryimage"},"image":{"@id":"https:\/\/www.latitude-15.com\/es\/mas-alla-de-la-infraestructura-lo-que-quito-revela-sobre-el-aeropuerto-del-manana\/#primaryimage"},"thumbnailUrl":"https:\/\/www.latitude-15.com\/wp-content\/uploads\/2026\/04\/dsc07066_55145595919_o-scaled.jpg","datePublished":"2026-04-15T17:23:01+00:00","dateModified":"2026-04-21T17:08:52+00:00","description":"En el D\u00eda del Aeropuerto ACI en Quito, l\u00edderes de la aviaci\u00f3n debatieron sobre ciudades aeroportuarias, el crecimiento de la carga | c\u00f3mo los aeropuertos est\u00e1n evolucionando hacia ecosistemas econ\u00f3micos.","breadcrumb":{"@id":"https:\/\/www.latitude-15.com\/es\/mas-alla-de-la-infraestructura-lo-que-quito-revela-sobre-el-aeropuerto-del-manana\/#breadcrumb"},"inLanguage":"es","potentialAction":[{"@type":"ReadAction","target":["https:\/\/www.latitude-15.com\/es\/mas-alla-de-la-infraestructura-lo-que-quito-revela-sobre-el-aeropuerto-del-manana\/"]}]},{"@type":"ImageObject","inLanguage":"es","@id":"https:\/\/www.latitude-15.com\/es\/mas-alla-de-la-infraestructura-lo-que-quito-revela-sobre-el-aeropuerto-del-manana\/#primaryimage","url":"https:\/\/www.latitude-15.com\/wp-content\/uploads\/2026\/04\/dsc07066_55145595919_o-scaled.jpg","contentUrl":"https:\/\/www.latitude-15.com\/wp-content\/uploads\/2026\/04\/dsc07066_55145595919_o-scaled.jpg","width":2560,"height":1710},{"@type":"BreadcrumbList","@id":"https:\/\/www.latitude-15.com\/es\/mas-alla-de-la-infraestructura-lo-que-quito-revela-sobre-el-aeropuerto-del-manana\/#breadcrumb","itemListElement":[{"@type":"ListItem","position":1,"name":"Home","item":"https:\/\/www.latitude-15.com\/es\/inicio\/"},{"@type":"ListItem","position":2,"name":"ACI LAC QUITO: M\u00e1s all\u00e1 de la infraestructura, lo que Quito revela sobre el aeropuerto del ma\u00f1ana"}]},{"@type":"WebSite","@id":"https:\/\/www.latitude-15.com\/es\/#website","url":"https:\/\/www.latitude-15.com\/es\/","name":"LATITUDE 15","description":"Aviation and maritime Magazine - Caribbean &amp; Latin America","publisher":{"@id":"https:\/\/www.latitude-15.com\/es\/#organization"},"potentialAction":[{"@type":"SearchAction","target":{"@type":"EntryPoint","urlTemplate":"https:\/\/www.latitude-15.com\/es\/?s={search_term_string}"},"query-input":{"@type":"PropertyValueSpecification","valueRequired":true,"valueName":"search_term_string"}}],"inLanguage":"es"},{"@type":"Organization","@id":"https:\/\/www.latitude-15.com\/es\/#organization","name":"LATITUDE 15","url":"https:\/\/www.latitude-15.com\/es\/","logo":{"@type":"ImageObject","inLanguage":"es","@id":"https:\/\/www.latitude-15.com\/es\/#\/schema\/logo\/image\/","url":"https:\/\/www.latitude-15.com\/wp-content\/uploads\/2026\/01\/cropped-logox500px.png","contentUrl":"https:\/\/www.latitude-15.com\/wp-content\/uploads\/2026\/01\/cropped-logox500px.png","width":62,"height":75,"caption":"LATITUDE 15"},"image":{"@id":"https:\/\/www.latitude-15.com\/es\/#\/schema\/logo\/image\/"}},{"@type":"Person","@id":"https:\/\/www.latitude-15.com\/es\/#\/schema\/person\/dac52e7ff44c78317f337da112e37252","name":"Joda J","image":{"@type":"ImageObject","inLanguage":"es","@id":"https:\/\/www.latitude-15.com\/es\/#\/schema\/person\/image\/","url":"https:\/\/secure.gravatar.com\/avatar\/6b1feae555e15404b76616f92d931d12b25ac58024f14ccb43d9d3c012e4c4cf?s=96&d=mm&r=g","contentUrl":"https:\/\/secure.gravatar.com\/avatar\/6b1feae555e15404b76616f92d931d12b25ac58024f14ccb43d9d3c012e4c4cf?s=96&d=mm&r=g","caption":"Joda J"},"url":"https:\/\/www.latitude-15.com\/es\/author\/joda\/"}]}},"_links":{"self":[{"href":"https:\/\/www.latitude-15.com\/es\/wp-json\/wp\/v2\/posts\/22718","targetHints":{"allow":["GET"]}}],"collection":[{"href":"https:\/\/www.latitude-15.com\/es\/wp-json\/wp\/v2\/posts"}],"about":[{"href":"https:\/\/www.latitude-15.com\/es\/wp-json\/wp\/v2\/types\/post"}],"author":[{"embeddable":true,"href":"https:\/\/www.latitude-15.com\/es\/wp-json\/wp\/v2\/users\/5"}],"replies":[{"embeddable":true,"href":"https:\/\/www.latitude-15.com\/es\/wp-json\/wp\/v2\/comments?post=22718"}],"version-history":[{"count":2,"href":"https:\/\/www.latitude-15.com\/es\/wp-json\/wp\/v2\/posts\/22718\/revisions"}],"predecessor-version":[{"id":22919,"href":"https:\/\/www.latitude-15.com\/es\/wp-json\/wp\/v2\/posts\/22718\/revisions\/22919"}],"wp:featuredmedia":[{"embeddable":true,"href":"https:\/\/www.latitude-15.com\/es\/wp-json\/wp\/v2\/media\/22717"}],"wp:attachment":[{"href":"https:\/\/www.latitude-15.com\/es\/wp-json\/wp\/v2\/media?parent=22718"}],"wp:term":[{"taxonomy":"category","embeddable":true,"href":"https:\/\/www.latitude-15.com\/es\/wp-json\/wp\/v2\/categories?post=22718"},{"taxonomy":"post_tag","embeddable":true,"href":"https:\/\/www.latitude-15.com\/es\/wp-json\/wp\/v2\/tags?post=22718"}],"curies":[{"name":"wp","href":"https:\/\/api.w.org\/{rel}","templated":true}]}}