{"id":22634,"date":"2026-04-10T14:25:29","date_gmt":"2026-04-10T18:25:29","guid":{"rendered":"https:\/\/www.latitude-15.com\/los-viajes-intra-regionales-impulsan-el-crecimiento-de-la-aviacion-en-america-latina\/"},"modified":"2026-04-13T07:07:49","modified_gmt":"2026-04-13T11:07:49","slug":"los-viajes-intra-regionales-impulsan-el-crecimiento-de-la-aviacion-en-america-latina","status":"publish","type":"post","link":"https:\/\/www.latitude-15.com\/es\/los-viajes-intra-regionales-impulsan-el-crecimiento-de-la-aviacion-en-america-latina\/","title":{"rendered":"<br>Los viajes intra-regionales impulsan el crecimiento de la aviaci\u00f3n en Am\u00e9rica Latina<br>"},"content":{"rendered":"\n<p><em>Las rutas dom\u00e9sticas y regionales est\u00e1n configurando cada vez m\u00e1s la expansi\u00f3n del transporte a\u00e9reo en Am\u00e9rica Latina y el Caribe.<\/em><\/p>\n\n<p>El sector de la aviaci\u00f3n en Am\u00e9rica Latina y el Caribe comenz\u00f3 2026 con una s\u00f3lida din\u00e1mica de recuperaci\u00f3n. Solo en enero, el tr\u00e1fico a\u00e9reo en la regi\u00f3n alcanz\u00f3 45,1 millones de pasajeros, lo que representa un aumento del 6,2 % respecto a enero de 2025, es decir, 2,63 millones de viajeros adicionales. Sin embargo, m\u00e1s all\u00e1 de esta cifra general, los datos revelan un cambio m\u00e1s estructural: el crecimiento del mercado a\u00e9reo regional est\u00e1 siendo impulsado principalmente por los viajes dom\u00e9sticos y los vuelos intra-regionales, m\u00e1s que por las rutas internacionales de larga distancia.  <\/p>\n\n<p>Seg\u00fan el<em><a href=\"https:\/\/alta.aero\/en\/news\/trafico-aereo-en-america-latina-y-el-caribe-crecio-62-interanual-en-enero\/\"> an\u00e1lisis m\u00e1s reciente de la Latin American and Caribbean Air Transport Association (ALTA)<\/a><\/em>, el mayor dinamismo proviene de los vuelos dentro de la propia regi\u00f3n, lo que apunta a una transformaci\u00f3n gradual del panorama de la aviaci\u00f3n en Am\u00e9rica Latina y el Caribe.<\/p>\n\n<h2 class=\"wp-block-heading\">Un mercado de aviaci\u00f3n regional cada vez m\u00e1s integrado<\/h2>\n\n<p>La distribuci\u00f3n del crecimiento del tr\u00e1fico ilustra claramente el cambio en la din\u00e1mica de la red a\u00e9rea regional. Los viajes dom\u00e9sticos alcanzaron 24,23 millones de pasajeros en enero, con un crecimiento interanual del 7,5 %, mientras que las rutas internacionales intra-regionales se expandieron a\u00fan m\u00e1s r\u00e1pido, aumentando un 9,2 % hasta los 5,54 millones de pasajeros. En comparaci\u00f3n, el tr\u00e1fico internacional extra-regional creci\u00f3 solo un 3,1 % durante el mismo per\u00edodo.  <\/p>\n\n<p>Estas cifras sugieren que el sistema de aviaci\u00f3n en Am\u00e9rica Latina y el Caribe se est\u00e1 volviendo m\u00e1s integrado internamente. El aumento de los intercambios econ\u00f3micos entre pa\u00edses vecinos, el crecimiento del turismo regional y la expansi\u00f3n de las redes a\u00e9reas dentro del continente est\u00e1n fortaleciendo las conexiones entre mercados que hist\u00f3ricamente depend\u00edan en gran medida de rutas de larga distancia hacia Norteam\u00e9rica o Europa. <\/p>\n\n<p>Los indicadores de demanda refuerzan esta tendencia. La demanda de pasajeros medida en Revenue Passenger Kilometers (RPK) creci\u00f3 un 6,4 %, mientras que la capacidad medida en Available Seat Kilometers (ASK) aument\u00f3 un 5,7 %. Este crecimiento m\u00e1s r\u00e1pido de la demanda elev\u00f3 el factor de ocupaci\u00f3n medio al 84,6 %, lo que indica que las aerol\u00edneas est\u00e1n operando con una utilizaci\u00f3n de capacidad cada vez m\u00e1s eficiente en toda la regi\u00f3n.  <\/p>\n\n<h2 class=\"wp-block-heading\">Brasil emerge como el principal motor de la aviaci\u00f3n regional<\/h2>\n\n<p>Dentro de este crecimiento regional m\u00e1s amplio, un pa\u00eds destaca como el principal impulsor: Brasil.<\/p>\n\n<p>El mercado brasile\u00f1o represent\u00f3 aproximadamente el 44 % del incremento neto de pasajeros en la regi\u00f3n en enero. Sumando el tr\u00e1fico dom\u00e9stico e internacional, Brasil concentr\u00f3 el 27,6 % del tr\u00e1fico a\u00e9reo total en Am\u00e9rica Latina y el Caribe, consolid\u00e1ndose como el mayor mercado de aviaci\u00f3n de la regi\u00f3n. <\/p>\n\n<p>La aviaci\u00f3n dom\u00e9stica contin\u00faa desempe\u00f1ando un papel especialmente central. El mercado a\u00e9reo interno de Brasil registr\u00f3 17 meses consecutivos de crecimiento, reflejando la magnitud de las necesidades de conectividad dentro de su vasto territorio. Al mismo tiempo, el tr\u00e1fico internacional tambi\u00e9n alcanz\u00f3 un nuevo hito, superando los tres millones de pasajeros en un solo mes por primera vez.  <\/p>\n\n<p>La fortaleza del mercado brasile\u00f1o no solo impulsa el volumen regional de pasajeros, sino que tambi\u00e9n refuerza el papel de sus principales aeropuertos y aerol\u00edneas en la estructuraci\u00f3n de la red a\u00e9rea latinoamericana.<\/p>\n\n<h2 class=\"wp-block-heading\">Los hubs regionales est\u00e1n redefiniendo la conectividad<\/h2>\n\n<p>Otra caracter\u00edstica clave del crecimiento de la aviaci\u00f3n en la regi\u00f3n es la creciente importancia de los aeropuertos hub, que funcionan como puertas de enlace entre pa\u00edses y subregiones.<\/p>\n\n<p>Ciudades como Panama City, S\u00e3o Paulo, Bogot\u00e1 y Mexico City se han convertido en nodos esenciales dentro de la red regional. Estos aeropuertos facilitan las conexiones entre Am\u00e9rica del Sur, Am\u00e9rica Central y el Caribe, permitiendo a las aerol\u00edneas ampliar sus redes de rutas sin depender exclusivamente de servicios directos punto a punto. <\/p>\n\n<p>Panam\u00e1 ofrece uno de los ejemplos m\u00e1s claros de este modelo basado en hubs. En enero de 2026, el 71 % de los pasajeros que viajaron a trav\u00e9s del pa\u00eds fueron pasajeros en conexi\u00f3n, lo que ilustra c\u00f3mo el aeropuerto de Panama City funciona como un importante centro de transferencia que conecta la regi\u00f3n. <\/p>\n\n<p>Estos hubs desempe\u00f1an un papel fundamental para mantener una conectividad eficiente entre mercados geogr\u00e1ficamente dispersos, permitiendo a las aerol\u00edneas consolidar flujos de tr\u00e1fico y respaldar el crecimiento de los viajes intra-regionales.<\/p>\n\n<h2 class=\"wp-block-heading\">Los principales corredores a\u00e9reos se expanden en la regi\u00f3n<\/h2>\n\n<p>Paralelamente a la expansi\u00f3n de los aeropuertos hub, varios corredores a\u00e9reos clave contin\u00faan estructurando los flujos de pasajeros dentro de la regi\u00f3n.<\/p>\n\n<p>Uno de los m\u00e1s din\u00e1micos a comienzos de 2026 fue el corredor Argentina\u2013Brasil, que registr\u00f3 un aumento del 37,8 % en el tr\u00e1fico de pasajeros interanual. Este incremento refleja el fuerte flujo tur\u00edstico desde Argentina hacia destinos brasile\u00f1os, as\u00ed como el crecimiento de los v\u00ednculos econ\u00f3micos entre ambos pa\u00edses. <\/p>\n\n<p>Otros corredores regionales relevantes incluyen las conexiones entre Colombia y Panam\u00e1, Colombia y M\u00e9xico, y Chile y Per\u00fa. Estas rutas ponen de manifiesto la creciente intensidad de la movilidad entre econom\u00edas vecinas y demuestran c\u00f3mo las redes de aviaci\u00f3n regional se est\u00e1n volviendo cada vez m\u00e1s interconectadas. <\/p>\n\n<p>M\u00e1s all\u00e1 de la regi\u00f3n, el corredor M\u00e9xico\u2013Estados Unidos sigue siendo el mayor mercado internacional, con 3,69 millones de pasajeros en enero. No obstante, las tasas de crecimiento m\u00e1s r\u00e1pidas dentro de Am\u00e9rica Latina sugieren que los viajes regionales est\u00e1n ganando progresivamente mayor peso dentro del panorama general de la aviaci\u00f3n. <\/p>\n\n<h2 class=\"wp-block-heading\">Nuevas rutas ampl\u00edan la red regional y transatl\u00e1ntica<\/h2>\n\n<p>Las aerol\u00edneas tambi\u00e9n contin\u00faan expandiendo sus redes mediante la apertura de nuevas rutas. Solo en enero de 2026 se lanzaron 19 nuevas rutas a\u00e9reas en la regi\u00f3n. <\/p>\n\n<p>De estas rutas, nueve conectan Am\u00e9rica Latina y el Caribe con Europa, seis enlazan destinos dentro de la regi\u00f3n, dos conectan con Estados Unidos y dos corresponden a servicios dom\u00e9sticos.<\/p>\n\n<p>Varias de las nuevas rutas europeas son conexiones estacionales que enlazan Zurich con destinos del Caribe y Am\u00e9rica Central, como Punta Cana, Canc\u00fan, Montego Bay y Cartagena. Otra incorporaci\u00f3n destacada es la ruta Fortaleza\u2013Madrid, que refuerza la conectividad transatl\u00e1ntica entre Brasil y Europa. <\/p>\n\n<p>Dentro de la propia regi\u00f3n, rutas como Panama\u2013Salvador, Aruba\u2013Buenos Aires, Aruba\u2013C\u00f3rdoba y Puerto Plata\u2013Panama ilustran la continua expansi\u00f3n de las redes a\u00e9reas regionales.<\/p>\n\n<h2 class=\"wp-block-heading\">El crecimiento de la carga a\u00e9rea sigue siendo positivo, aunque m\u00e1s moderado<\/h2>\n\n<p>Mientras que el tr\u00e1fico de pasajeros se expandi\u00f3 con fuerza al inicio del a\u00f1o, el sector de carga a\u00e9rea mostr\u00f3 un ritmo de crecimiento m\u00e1s moderado.<\/p>\n\n<p>En enero de 2026, el tr\u00e1fico internacional de carga a\u00e9rea en Am\u00e9rica Latina y el Caribe alcanz\u00f3 307.410 toneladas, lo que representa un aumento del 1,9 % interanual.<\/p>\n\n<p>Los tres principales mercados de carga de la regi\u00f3n siguieron siendo Colombia, Brasil y M\u00e9xico, que en conjunto representaron aproximadamente el 60 % del volumen total de carga. Entre ellos, M\u00e9xico fue el \u00fanico mercado que registr\u00f3 un crecimiento significativo, con un aumento del 7,5 % respecto al a\u00f1o anterior. <\/p>\n\n<p>El corredor Colombia\u2013Estados Unidos continu\u00f3 siendo la mayor ruta de carga de la regi\u00f3n, con 45.160 toneladas, aunque registr\u00f3 una ligera ca\u00edda del 2,9 % interanual.<\/p>\n\n<h2 class=\"wp-block-heading\">Una red en transformaci\u00f3n<\/h2>\n\n<p>En conjunto, los datos de tr\u00e1fico m\u00e1s recientes sugieren que la aviaci\u00f3n latinoamericana est\u00e1 entrando en una nueva fase de desarrollo. La expansi\u00f3n constante de los mercados dom\u00e9sticos, el fortalecimiento de los viajes intra-regionales y el papel creciente de los aeropuertos hub est\u00e1n redefiniendo gradualmente la geograf\u00eda del transporte a\u00e9reo en la regi\u00f3n. <\/p>\n\n<p>Si bien las conexiones de larga distancia con Norteam\u00e9rica y Europa siguen siendo esenciales, los datos indican que el crecimiento futuro del sector a\u00e9reo depender\u00e1 cada vez m\u00e1s de su conectividad interna.<\/p>\n\n<p>A medida que las aerol\u00edneas ampl\u00edan sus redes y las econom\u00edas regionales se vuelven m\u00e1s interconectadas, Am\u00e9rica Latina y el Caribe parecen avanzar hacia un sistema de aviaci\u00f3n m\u00e1s integrado, en el que la movilidad intra-regional desempe\u00f1ar\u00e1 un papel central para sostener el crecimiento a largo plazo.<\/p>\n","protected":false},"excerpt":{"rendered":"<p>Las rutas dom\u00e9sticas y regionales est\u00e1n configurando cada vez m\u00e1s la expansi\u00f3n del transporte a\u00e9reo en Am\u00e9rica Latina y el Caribe. El sector de la aviaci\u00f3n en Am\u00e9rica Latina y el Caribe comenz\u00f3 2026 con una s\u00f3lida din\u00e1mica de recuperaci\u00f3n. Solo en enero, el tr\u00e1fico a\u00e9reo en la regi\u00f3n alcanz\u00f3 45,1 millones de pasajeros, lo [&hellip;]<\/p>\n","protected":false},"author":5,"featured_media":22633,"comment_status":"open","ping_status":"closed","sticky":false,"template":"","format":"standard","meta":{"footnotes":""},"categories":[99,102],"tags":[],"class_list":["post-22634","post","type-post","status-publish","format-standard","has-post-thumbnail","hentry","category-aviacion","category-conectividad-aerea-y-desarrollo-de-rutas"],"yoast_head":"<!-- This site is optimized with the Yoast SEO plugin v26.9 - https:\/\/yoast.com\/product\/yoast-seo-wordpress\/ -->\n<title>Los viajes intra-regionales impulsan el crecimiento de la aviaci\u00f3n en Am\u00e9rica Latina - LATITUDE 15<\/title>\n<meta name=\"description\" content=\"El tr\u00e1fico a\u00e9reo en Am\u00e9rica Latina y el Caribe alcanz\u00f3 45,1 millones de pasajeros en enero de 2026, siendo los viajes intrarregionales el principal motor de crecimiento.\" \/>\n<meta name=\"robots\" content=\"index, follow, max-snippet:-1, max-image-preview:large, max-video-preview:-1\" \/>\n<link rel=\"canonical\" href=\"https:\/\/www.latitude-15.com\/es\/los-viajes-intra-regionales-impulsan-el-crecimiento-de-la-aviacion-en-america-latina\/\" \/>\n<meta property=\"og:locale\" content=\"es_ES\" \/>\n<meta property=\"og:type\" content=\"article\" \/>\n<meta property=\"og:title\" content=\"Los viajes intra-regionales impulsan el crecimiento de la aviaci\u00f3n en Am\u00e9rica Latina - LATITUDE 15\" \/>\n<meta property=\"og:description\" content=\"El tr\u00e1fico a\u00e9reo en Am\u00e9rica Latina y el Caribe alcanz\u00f3 45,1 millones de pasajeros en enero de 2026, siendo los viajes intrarregionales el principal motor de crecimiento.\" \/>\n<meta property=\"og:url\" content=\"https:\/\/www.latitude-15.com\/es\/los-viajes-intra-regionales-impulsan-el-crecimiento-de-la-aviacion-en-america-latina\/\" \/>\n<meta property=\"og:site_name\" content=\"LATITUDE 15\" \/>\n<meta property=\"article:published_time\" content=\"2026-04-10T18:25:29+00:00\" \/>\n<meta property=\"article:modified_time\" content=\"2026-04-13T11:07:49+00:00\" \/>\n<meta property=\"og:image\" content=\"https:\/\/www.latitude-15.com\/wp-content\/uploads\/2026\/04\/view-water-airliner-flying-sea-1-scaled.jpg\" \/>\n\t<meta property=\"og:image:width\" content=\"2560\" \/>\n\t<meta property=\"og:image:height\" content=\"1707\" \/>\n\t<meta property=\"og:image:type\" content=\"image\/jpeg\" \/>\n<meta name=\"author\" content=\"Joda J\" \/>\n<meta name=\"twitter:card\" content=\"summary_large_image\" \/>\n<meta name=\"twitter:label1\" content=\"Escrito por\" \/>\n\t<meta name=\"twitter:data1\" content=\"Joda J\" \/>\n\t<meta name=\"twitter:label2\" content=\"Tiempo de lectura\" \/>\n\t<meta name=\"twitter:data2\" content=\"7 minutos\" \/>\n<script type=\"application\/ld+json\" class=\"yoast-schema-graph\">{\"@context\":\"https:\/\/schema.org\",\"@graph\":[{\"@type\":\"Article\",\"@id\":\"https:\/\/www.latitude-15.com\/es\/los-viajes-intra-regionales-impulsan-el-crecimiento-de-la-aviacion-en-america-latina\/#article\",\"isPartOf\":{\"@id\":\"https:\/\/www.latitude-15.com\/es\/los-viajes-intra-regionales-impulsan-el-crecimiento-de-la-aviacion-en-america-latina\/\"},\"author\":{\"name\":\"Joda J\",\"@id\":\"https:\/\/www.latitude-15.com\/es\/#\/schema\/person\/dac52e7ff44c78317f337da112e37252\"},\"headline\":\"Los viajes intra-regionales impulsan el crecimiento de la aviaci\u00f3n en Am\u00e9rica Latina\",\"datePublished\":\"2026-04-10T18:25:29+00:00\",\"dateModified\":\"2026-04-13T11:07:49+00:00\",\"mainEntityOfPage\":{\"@id\":\"https:\/\/www.latitude-15.com\/es\/los-viajes-intra-regionales-impulsan-el-crecimiento-de-la-aviacion-en-america-latina\/\"},\"wordCount\":1465,\"commentCount\":0,\"publisher\":{\"@id\":\"https:\/\/www.latitude-15.com\/es\/#organization\"},\"image\":{\"@id\":\"https:\/\/www.latitude-15.com\/es\/los-viajes-intra-regionales-impulsan-el-crecimiento-de-la-aviacion-en-america-latina\/#primaryimage\"},\"thumbnailUrl\":\"https:\/\/www.latitude-15.com\/wp-content\/uploads\/2026\/04\/view-water-airliner-flying-sea-1-scaled.jpg\",\"articleSection\":[\"AVIACI\u00d3N\",\"Conectividad a\u00e9rea y Atractivo territorial\"],\"inLanguage\":\"es\",\"potentialAction\":[{\"@type\":\"CommentAction\",\"name\":\"Comment\",\"target\":[\"https:\/\/www.latitude-15.com\/es\/los-viajes-intra-regionales-impulsan-el-crecimiento-de-la-aviacion-en-america-latina\/#respond\"]}]},{\"@type\":\"WebPage\",\"@id\":\"https:\/\/www.latitude-15.com\/es\/los-viajes-intra-regionales-impulsan-el-crecimiento-de-la-aviacion-en-america-latina\/\",\"url\":\"https:\/\/www.latitude-15.com\/es\/los-viajes-intra-regionales-impulsan-el-crecimiento-de-la-aviacion-en-america-latina\/\",\"name\":\"Los viajes intra-regionales impulsan el crecimiento de la aviaci\u00f3n en Am\u00e9rica Latina - LATITUDE 15\",\"isPartOf\":{\"@id\":\"https:\/\/www.latitude-15.com\/es\/#website\"},\"primaryImageOfPage\":{\"@id\":\"https:\/\/www.latitude-15.com\/es\/los-viajes-intra-regionales-impulsan-el-crecimiento-de-la-aviacion-en-america-latina\/#primaryimage\"},\"image\":{\"@id\":\"https:\/\/www.latitude-15.com\/es\/los-viajes-intra-regionales-impulsan-el-crecimiento-de-la-aviacion-en-america-latina\/#primaryimage\"},\"thumbnailUrl\":\"https:\/\/www.latitude-15.com\/wp-content\/uploads\/2026\/04\/view-water-airliner-flying-sea-1-scaled.jpg\",\"datePublished\":\"2026-04-10T18:25:29+00:00\",\"dateModified\":\"2026-04-13T11:07:49+00:00\",\"description\":\"El tr\u00e1fico a\u00e9reo en Am\u00e9rica Latina y el Caribe alcanz\u00f3 45,1 millones de pasajeros en enero de 2026, siendo los viajes intrarregionales el principal motor de crecimiento.\",\"breadcrumb\":{\"@id\":\"https:\/\/www.latitude-15.com\/es\/los-viajes-intra-regionales-impulsan-el-crecimiento-de-la-aviacion-en-america-latina\/#breadcrumb\"},\"inLanguage\":\"es\",\"potentialAction\":[{\"@type\":\"ReadAction\",\"target\":[\"https:\/\/www.latitude-15.com\/es\/los-viajes-intra-regionales-impulsan-el-crecimiento-de-la-aviacion-en-america-latina\/\"]}]},{\"@type\":\"ImageObject\",\"inLanguage\":\"es\",\"@id\":\"https:\/\/www.latitude-15.com\/es\/los-viajes-intra-regionales-impulsan-el-crecimiento-de-la-aviacion-en-america-latina\/#primaryimage\",\"url\":\"https:\/\/www.latitude-15.com\/wp-content\/uploads\/2026\/04\/view-water-airliner-flying-sea-1-scaled.jpg\",\"contentUrl\":\"https:\/\/www.latitude-15.com\/wp-content\/uploads\/2026\/04\/view-water-airliner-flying-sea-1-scaled.jpg\",\"width\":2560,\"height\":1707,\"caption\":\"Tr\u00e1fico a\u00e9reo\"},{\"@type\":\"BreadcrumbList\",\"@id\":\"https:\/\/www.latitude-15.com\/es\/los-viajes-intra-regionales-impulsan-el-crecimiento-de-la-aviacion-en-america-latina\/#breadcrumb\",\"itemListElement\":[{\"@type\":\"ListItem\",\"position\":1,\"name\":\"Home\",\"item\":\"https:\/\/www.latitude-15.com\/es\/inicio\/\"},{\"@type\":\"ListItem\",\"position\":2,\"name\":\"Los viajes intra-regionales impulsan el crecimiento de la aviaci\u00f3n en Am\u00e9rica Latina\"}]},{\"@type\":\"WebSite\",\"@id\":\"https:\/\/www.latitude-15.com\/es\/#website\",\"url\":\"https:\/\/www.latitude-15.com\/es\/\",\"name\":\"LATITUDE 15\",\"description\":\"Aviation and maritime Magazine - Caribbean &amp; Latin America\",\"publisher\":{\"@id\":\"https:\/\/www.latitude-15.com\/es\/#organization\"},\"potentialAction\":[{\"@type\":\"SearchAction\",\"target\":{\"@type\":\"EntryPoint\",\"urlTemplate\":\"https:\/\/www.latitude-15.com\/es\/?s={search_term_string}\"},\"query-input\":{\"@type\":\"PropertyValueSpecification\",\"valueRequired\":true,\"valueName\":\"search_term_string\"}}],\"inLanguage\":\"es\"},{\"@type\":\"Organization\",\"@id\":\"https:\/\/www.latitude-15.com\/es\/#organization\",\"name\":\"LATITUDE 15\",\"url\":\"https:\/\/www.latitude-15.com\/es\/\",\"logo\":{\"@type\":\"ImageObject\",\"inLanguage\":\"es\",\"@id\":\"https:\/\/www.latitude-15.com\/es\/#\/schema\/logo\/image\/\",\"url\":\"https:\/\/www.latitude-15.com\/wp-content\/uploads\/2026\/01\/cropped-logox500px.png\",\"contentUrl\":\"https:\/\/www.latitude-15.com\/wp-content\/uploads\/2026\/01\/cropped-logox500px.png\",\"width\":62,\"height\":75,\"caption\":\"LATITUDE 15\"},\"image\":{\"@id\":\"https:\/\/www.latitude-15.com\/es\/#\/schema\/logo\/image\/\"}},{\"@type\":\"Person\",\"@id\":\"https:\/\/www.latitude-15.com\/es\/#\/schema\/person\/dac52e7ff44c78317f337da112e37252\",\"name\":\"Joda J\",\"image\":{\"@type\":\"ImageObject\",\"inLanguage\":\"es\",\"@id\":\"https:\/\/www.latitude-15.com\/es\/#\/schema\/person\/image\/\",\"url\":\"https:\/\/secure.gravatar.com\/avatar\/6b1feae555e15404b76616f92d931d12b25ac58024f14ccb43d9d3c012e4c4cf?s=96&d=mm&r=g\",\"contentUrl\":\"https:\/\/secure.gravatar.com\/avatar\/6b1feae555e15404b76616f92d931d12b25ac58024f14ccb43d9d3c012e4c4cf?s=96&d=mm&r=g\",\"caption\":\"Joda J\"},\"url\":\"https:\/\/www.latitude-15.com\/es\/author\/joda\/\"}]}<\/script>\n<!-- \/ Yoast SEO plugin. -->","yoast_head_json":{"title":"Los viajes intra-regionales impulsan el crecimiento de la aviaci\u00f3n en Am\u00e9rica Latina - LATITUDE 15","description":"El tr\u00e1fico a\u00e9reo en Am\u00e9rica Latina y el Caribe alcanz\u00f3 45,1 millones de pasajeros en enero de 2026, siendo los viajes intrarregionales el principal motor de crecimiento.","robots":{"index":"index","follow":"follow","max-snippet":"max-snippet:-1","max-image-preview":"max-image-preview:large","max-video-preview":"max-video-preview:-1"},"canonical":"https:\/\/www.latitude-15.com\/es\/los-viajes-intra-regionales-impulsan-el-crecimiento-de-la-aviacion-en-america-latina\/","og_locale":"es_ES","og_type":"article","og_title":"Los viajes intra-regionales impulsan el crecimiento de la aviaci\u00f3n en Am\u00e9rica Latina - LATITUDE 15","og_description":"El tr\u00e1fico a\u00e9reo en Am\u00e9rica Latina y el Caribe alcanz\u00f3 45,1 millones de pasajeros en enero de 2026, siendo los viajes intrarregionales el principal motor de crecimiento.","og_url":"https:\/\/www.latitude-15.com\/es\/los-viajes-intra-regionales-impulsan-el-crecimiento-de-la-aviacion-en-america-latina\/","og_site_name":"LATITUDE 15","article_published_time":"2026-04-10T18:25:29+00:00","article_modified_time":"2026-04-13T11:07:49+00:00","og_image":[{"width":2560,"height":1707,"url":"https:\/\/www.latitude-15.com\/wp-content\/uploads\/2026\/04\/view-water-airliner-flying-sea-1-scaled.jpg","type":"image\/jpeg"}],"author":"Joda J","twitter_card":"summary_large_image","twitter_misc":{"Escrito por":"Joda J","Tiempo de lectura":"7 minutos"},"schema":{"@context":"https:\/\/schema.org","@graph":[{"@type":"Article","@id":"https:\/\/www.latitude-15.com\/es\/los-viajes-intra-regionales-impulsan-el-crecimiento-de-la-aviacion-en-america-latina\/#article","isPartOf":{"@id":"https:\/\/www.latitude-15.com\/es\/los-viajes-intra-regionales-impulsan-el-crecimiento-de-la-aviacion-en-america-latina\/"},"author":{"name":"Joda J","@id":"https:\/\/www.latitude-15.com\/es\/#\/schema\/person\/dac52e7ff44c78317f337da112e37252"},"headline":"Los viajes intra-regionales impulsan el crecimiento de la aviaci\u00f3n en Am\u00e9rica Latina","datePublished":"2026-04-10T18:25:29+00:00","dateModified":"2026-04-13T11:07:49+00:00","mainEntityOfPage":{"@id":"https:\/\/www.latitude-15.com\/es\/los-viajes-intra-regionales-impulsan-el-crecimiento-de-la-aviacion-en-america-latina\/"},"wordCount":1465,"commentCount":0,"publisher":{"@id":"https:\/\/www.latitude-15.com\/es\/#organization"},"image":{"@id":"https:\/\/www.latitude-15.com\/es\/los-viajes-intra-regionales-impulsan-el-crecimiento-de-la-aviacion-en-america-latina\/#primaryimage"},"thumbnailUrl":"https:\/\/www.latitude-15.com\/wp-content\/uploads\/2026\/04\/view-water-airliner-flying-sea-1-scaled.jpg","articleSection":["AVIACI\u00d3N","Conectividad a\u00e9rea y Atractivo territorial"],"inLanguage":"es","potentialAction":[{"@type":"CommentAction","name":"Comment","target":["https:\/\/www.latitude-15.com\/es\/los-viajes-intra-regionales-impulsan-el-crecimiento-de-la-aviacion-en-america-latina\/#respond"]}]},{"@type":"WebPage","@id":"https:\/\/www.latitude-15.com\/es\/los-viajes-intra-regionales-impulsan-el-crecimiento-de-la-aviacion-en-america-latina\/","url":"https:\/\/www.latitude-15.com\/es\/los-viajes-intra-regionales-impulsan-el-crecimiento-de-la-aviacion-en-america-latina\/","name":"Los viajes intra-regionales impulsan el crecimiento de la aviaci\u00f3n en Am\u00e9rica Latina - LATITUDE 15","isPartOf":{"@id":"https:\/\/www.latitude-15.com\/es\/#website"},"primaryImageOfPage":{"@id":"https:\/\/www.latitude-15.com\/es\/los-viajes-intra-regionales-impulsan-el-crecimiento-de-la-aviacion-en-america-latina\/#primaryimage"},"image":{"@id":"https:\/\/www.latitude-15.com\/es\/los-viajes-intra-regionales-impulsan-el-crecimiento-de-la-aviacion-en-america-latina\/#primaryimage"},"thumbnailUrl":"https:\/\/www.latitude-15.com\/wp-content\/uploads\/2026\/04\/view-water-airliner-flying-sea-1-scaled.jpg","datePublished":"2026-04-10T18:25:29+00:00","dateModified":"2026-04-13T11:07:49+00:00","description":"El tr\u00e1fico a\u00e9reo en Am\u00e9rica Latina y el Caribe alcanz\u00f3 45,1 millones de pasajeros en enero de 2026, siendo los viajes intrarregionales el principal motor de crecimiento.","breadcrumb":{"@id":"https:\/\/www.latitude-15.com\/es\/los-viajes-intra-regionales-impulsan-el-crecimiento-de-la-aviacion-en-america-latina\/#breadcrumb"},"inLanguage":"es","potentialAction":[{"@type":"ReadAction","target":["https:\/\/www.latitude-15.com\/es\/los-viajes-intra-regionales-impulsan-el-crecimiento-de-la-aviacion-en-america-latina\/"]}]},{"@type":"ImageObject","inLanguage":"es","@id":"https:\/\/www.latitude-15.com\/es\/los-viajes-intra-regionales-impulsan-el-crecimiento-de-la-aviacion-en-america-latina\/#primaryimage","url":"https:\/\/www.latitude-15.com\/wp-content\/uploads\/2026\/04\/view-water-airliner-flying-sea-1-scaled.jpg","contentUrl":"https:\/\/www.latitude-15.com\/wp-content\/uploads\/2026\/04\/view-water-airliner-flying-sea-1-scaled.jpg","width":2560,"height":1707,"caption":"Tr\u00e1fico a\u00e9reo"},{"@type":"BreadcrumbList","@id":"https:\/\/www.latitude-15.com\/es\/los-viajes-intra-regionales-impulsan-el-crecimiento-de-la-aviacion-en-america-latina\/#breadcrumb","itemListElement":[{"@type":"ListItem","position":1,"name":"Home","item":"https:\/\/www.latitude-15.com\/es\/inicio\/"},{"@type":"ListItem","position":2,"name":"Los viajes intra-regionales impulsan el crecimiento de la aviaci\u00f3n en Am\u00e9rica Latina"}]},{"@type":"WebSite","@id":"https:\/\/www.latitude-15.com\/es\/#website","url":"https:\/\/www.latitude-15.com\/es\/","name":"LATITUDE 15","description":"Aviation and maritime Magazine - Caribbean &amp; Latin America","publisher":{"@id":"https:\/\/www.latitude-15.com\/es\/#organization"},"potentialAction":[{"@type":"SearchAction","target":{"@type":"EntryPoint","urlTemplate":"https:\/\/www.latitude-15.com\/es\/?s={search_term_string}"},"query-input":{"@type":"PropertyValueSpecification","valueRequired":true,"valueName":"search_term_string"}}],"inLanguage":"es"},{"@type":"Organization","@id":"https:\/\/www.latitude-15.com\/es\/#organization","name":"LATITUDE 15","url":"https:\/\/www.latitude-15.com\/es\/","logo":{"@type":"ImageObject","inLanguage":"es","@id":"https:\/\/www.latitude-15.com\/es\/#\/schema\/logo\/image\/","url":"https:\/\/www.latitude-15.com\/wp-content\/uploads\/2026\/01\/cropped-logox500px.png","contentUrl":"https:\/\/www.latitude-15.com\/wp-content\/uploads\/2026\/01\/cropped-logox500px.png","width":62,"height":75,"caption":"LATITUDE 15"},"image":{"@id":"https:\/\/www.latitude-15.com\/es\/#\/schema\/logo\/image\/"}},{"@type":"Person","@id":"https:\/\/www.latitude-15.com\/es\/#\/schema\/person\/dac52e7ff44c78317f337da112e37252","name":"Joda J","image":{"@type":"ImageObject","inLanguage":"es","@id":"https:\/\/www.latitude-15.com\/es\/#\/schema\/person\/image\/","url":"https:\/\/secure.gravatar.com\/avatar\/6b1feae555e15404b76616f92d931d12b25ac58024f14ccb43d9d3c012e4c4cf?s=96&d=mm&r=g","contentUrl":"https:\/\/secure.gravatar.com\/avatar\/6b1feae555e15404b76616f92d931d12b25ac58024f14ccb43d9d3c012e4c4cf?s=96&d=mm&r=g","caption":"Joda J"},"url":"https:\/\/www.latitude-15.com\/es\/author\/joda\/"}]}},"_links":{"self":[{"href":"https:\/\/www.latitude-15.com\/es\/wp-json\/wp\/v2\/posts\/22634","targetHints":{"allow":["GET"]}}],"collection":[{"href":"https:\/\/www.latitude-15.com\/es\/wp-json\/wp\/v2\/posts"}],"about":[{"href":"https:\/\/www.latitude-15.com\/es\/wp-json\/wp\/v2\/types\/post"}],"author":[{"embeddable":true,"href":"https:\/\/www.latitude-15.com\/es\/wp-json\/wp\/v2\/users\/5"}],"replies":[{"embeddable":true,"href":"https:\/\/www.latitude-15.com\/es\/wp-json\/wp\/v2\/comments?post=22634"}],"version-history":[{"count":1,"href":"https:\/\/www.latitude-15.com\/es\/wp-json\/wp\/v2\/posts\/22634\/revisions"}],"predecessor-version":[{"id":22635,"href":"https:\/\/www.latitude-15.com\/es\/wp-json\/wp\/v2\/posts\/22634\/revisions\/22635"}],"wp:featuredmedia":[{"embeddable":true,"href":"https:\/\/www.latitude-15.com\/es\/wp-json\/wp\/v2\/media\/22633"}],"wp:attachment":[{"href":"https:\/\/www.latitude-15.com\/es\/wp-json\/wp\/v2\/media?parent=22634"}],"wp:term":[{"taxonomy":"category","embeddable":true,"href":"https:\/\/www.latitude-15.com\/es\/wp-json\/wp\/v2\/categories?post=22634"},{"taxonomy":"post_tag","embeddable":true,"href":"https:\/\/www.latitude-15.com\/es\/wp-json\/wp\/v2\/tags?post=22634"}],"curies":[{"name":"wp","href":"https:\/\/api.w.org\/{rel}","templated":true}]}}