{"id":22392,"date":"2026-04-03T13:04:56","date_gmt":"2026-04-03T17:04:56","guid":{"rendered":"https:\/\/www.latitude-15.com\/lideres-portuarios-del-caribe-se-reuniran-en-surinam-para-la-asamblea-general-anual-de-la-pmac-2026-en-un-contexto-de-transicion-global-del-sector\/"},"modified":"2026-04-03T23:45:10","modified_gmt":"2026-04-04T03:45:10","slug":"lideres-portuarios-del-caribe-se-reuniran-en-surinam-para-la-asamblea-general-anual-de-la-pmac-2026-en-un-contexto-de-transicion-global-del-sector","status":"publish","type":"post","link":"https:\/\/www.latitude-15.com\/es\/lideres-portuarios-del-caribe-se-reuniran-en-surinam-para-la-asamblea-general-anual-de-la-pmac-2026-en-un-contexto-de-transicion-global-del-sector\/","title":{"rendered":"L\u00edderes portuarios del Caribe se reunir\u00e1n en Surinam para la Asamblea General Anual de la PMAC 2026 en un contexto de transici\u00f3n global del sector"},"content":{"rendered":"\n<p>Autoridades portuarias, operadores mar\u00edtimos y actores de la industria de toda la regi\u00f3n del Caribe se reunir\u00e1n en Paramaribo este mes de julio con motivo de la 29\u00aa Asamblea General Anual de la Port Management Association of the Caribbean (PMAC). El evento se celebrar\u00e1 del 8 al 10 de julio de 2026 en el Royal Torarica Hotel y ser\u00e1 organizado por la PMAC en colaboraci\u00f3n con N.V. Havenbeheer Suriname, la empresa encargada de la gesti\u00f3n portuaria del pa\u00eds. <\/p>\n\n<p>Se espera que la reuni\u00f3n anual re\u00fana a responsables clave de autoridades portuarias, miembros asociados, socios estrat\u00e9gicos y empresas que operan en los sectores mar\u00edtimo y log\u00edstico. Concebido como una plataforma de colaboraci\u00f3n y di\u00e1logo, el encuentro abordar\u00e1 los desaf\u00edos y oportunidades que enfrenta actualmente la industria portuaria de la regi\u00f3n. <\/p>\n\n<h2 class=\"wp-block-heading\">Un encuentro clave para la industria portuaria del Caribe<\/h2>\n\n<p>La Asamblea General Anual de la PMAC es considerada uno de los principales foros de coordinaci\u00f3n para la comunidad portuaria del Caribe. La asociaci\u00f3n re\u00fane a autoridades portuarias y socios de la industria de toda la regi\u00f3n con el objetivo de fomentar la cooperaci\u00f3n, compartir buenas pr\u00e1cticas y apoyar el desarrollo de la infraestructura portuaria y la log\u00edstica mar\u00edtima. <\/p>\n\n<p>Cada a\u00f1o, la reuni\u00f3n ofrece una oportunidad para que ejecutivos portuarios, empresas log\u00edsticas, proveedores de servicios mar\u00edtimos y socios institucionales intercambien perspectivas sobre el futuro del sector. Adem\u00e1s de las reuniones formales entre los miembros de la PMAC, el evento tambi\u00e9n ofrece un espacio de networking y de interacci\u00f3n entre autoridades p\u00fablicas y representantes del sector privado involucrados en las operaciones portuarias y el comercio mar\u00edtimo. <\/p>\n\n<h2 class=\"wp-block-heading\">Debates centrados en la transformaci\u00f3n global del sector portuario<\/h2>\n\n<p>La edici\u00f3n de 2026 se celebrar\u00e1 bajo el lema \u201cTransitioning in an era of global change\u201d. Este tema refleja las profundas transformaciones que est\u00e1n redefiniendo los sectores mar\u00edtimo y log\u00edstico a nivel mundial, incluyendo los cambios en los patrones del comercio internacional, la digitalizaci\u00f3n de las operaciones portuarias y la evoluci\u00f3n de las cadenas de suministro.<\/p>\n\n<p>Se espera que estos debates destaquen la necesidad de que los puertos del Caribe se adapten a un entorno global en r\u00e1pida transformaci\u00f3n, al mismo tiempo que refuerzan la cooperaci\u00f3n regional y la eficiencia operativa. Para muchos puertos de la regi\u00f3n, la modernizaci\u00f3n de infraestructuras, la mejora del rendimiento log\u00edstico y la integraci\u00f3n de nuevas tecnolog\u00edas se han convertido en prioridades clave para mantener su competitividad. <\/p>\n\n<h2 class=\"wp-block-heading\">Tres d\u00edas de reuniones, presentaciones y sesiones t\u00e9cnicas<\/h2>\n\n<p>El programa de tres d\u00edas incluir\u00e1 una serie de reuniones estrat\u00e9gicas, presentaciones y sesiones t\u00e9cnicas en las que participar\u00e1n miembros de la PMAC y socios del sector. El evento se inaugurar\u00e1 con una ceremonia oficial, seguida de sesiones tem\u00e1ticas y presentaciones realizadas por miembros portuarios sobre los desarrollos actuales del sector. <\/p>\n\n<p>Reuniones empresariales cerradas permitir\u00e1n a los miembros portuarios de la PMAC y a los miembros asociados revisar asuntos organizativos, incluyendo estados financieros, informes de grupos de trabajo e iniciativas futuras. Tambi\u00e9n se llevar\u00e1n a cabo presentaciones de socios estrat\u00e9gicos y sesiones t\u00e9cnicas que ofrecer\u00e1n una visi\u00f3n adicional sobre las tendencias emergentes y las soluciones para la industria portuaria. <\/p>\n\n<p>La agenda incluye adem\u00e1s eventos de networking y actividades culturales dise\u00f1adas para fomentar el di\u00e1logo entre los participantes, as\u00ed como una visita al puerto que permitir\u00e1 a los delegados conocer de primera mano la infraestructura mar\u00edtima de Surinam. El encuentro concluir\u00e1 con una gala de premios, en la que se reconocer\u00e1n contribuciones destacadas dentro de la comunidad portuaria del Caribe. <\/p>\n\n<h2 class=\"wp-block-heading\">Paramaribo en el centro de la cooperaci\u00f3n portuaria del Caribe<\/h2>\n\n<p>Al acoger la Asamblea General Anual de 2026, Surinam posiciona a Paramaribo como un punto central para la cooperaci\u00f3n mar\u00edtima regional. El evento representa una oportunidad para fortalecer las relaciones entre las autoridades portuarias del Caribe y los socios de la industria, al tiempo que destaca el papel del sector portuario del pa\u00eds dentro de las redes comerciales regionales. <\/p>\n\n<p>A medida que los sistemas globales de transporte mar\u00edtimo y log\u00edstica contin\u00faan evolucionando, encuentros como la PMAC AGM desempe\u00f1an un papel fundamental al permitir que los l\u00edderes portuarios del Caribe intercambien ideas, coordinen estrategias y se preparen para los desaf\u00edos y oportunidades que definir\u00e1n el futuro de la industria mar\u00edtima.<\/p>\n\n<p class=\"has-text-align-right\"><a href=\"https:\/\/www.pmac-ports.com\/event\/29th-pmac-annual-general-meeting-9\/register\"><strong>M\u00e1s informaci\u00f3n sobre el evento<\/strong><\/a><\/p>\n","protected":false},"excerpt":{"rendered":"<p>Autoridades portuarias, operadores mar\u00edtimos y actores de la industria de toda la regi\u00f3n del Caribe se reunir\u00e1n en Paramaribo este mes de julio con motivo de la 29\u00aa Asamblea General Anual de la Port Management Association of the Caribbean (PMAC). El evento se celebrar\u00e1 del 8 al 10 de julio de 2026 en el Royal [&hellip;]<\/p>\n","protected":false},"author":5,"featured_media":22391,"comment_status":"open","ping_status":"closed","sticky":false,"template":"","format":"standard","meta":{"footnotes":""},"categories":[120,138],"tags":[],"class_list":["post-22392","post","type-post","status-publish","format-standard","has-post-thumbnail","hentry","category-maritimo","category-puertos-y-logistica"],"yoast_head":"<!-- This site is optimized with the Yoast SEO plugin v26.9 - https:\/\/yoast.com\/product\/yoast-seo-wordpress\/ -->\n<title>L\u00edderes portuarios del Caribe se reunir\u00e1n en Surinam para la Asamblea General Anual de la PMAC 2026 en un contexto de transici\u00f3n global del sector - LATITUDE 15<\/title>\n<meta name=\"description\" content=\"La 29.\u00aa Asamblea General Anual de la PMAC debatir\u00e1 el futuro de los puertos y la log\u00edstica mar\u00edtima del Caribe en Surinam\" \/>\n<meta name=\"robots\" content=\"index, follow, max-snippet:-1, max-image-preview:large, max-video-preview:-1\" \/>\n<link rel=\"canonical\" href=\"https:\/\/www.latitude-15.com\/es\/lideres-portuarios-del-caribe-se-reuniran-en-surinam-para-la-asamblea-general-anual-de-la-pmac-2026-en-un-contexto-de-transicion-global-del-sector\/\" \/>\n<meta property=\"og:locale\" content=\"es_ES\" \/>\n<meta property=\"og:type\" content=\"article\" \/>\n<meta property=\"og:title\" content=\"L\u00edderes portuarios del Caribe se reunir\u00e1n en Surinam para la Asamblea General Anual de la PMAC 2026 en un contexto de transici\u00f3n global del sector - LATITUDE 15\" \/>\n<meta property=\"og:description\" content=\"La 29.\u00aa Asamblea General Anual de la PMAC debatir\u00e1 el futuro de los puertos y la log\u00edstica mar\u00edtima del Caribe en Surinam\" \/>\n<meta property=\"og:url\" content=\"https:\/\/www.latitude-15.com\/es\/lideres-portuarios-del-caribe-se-reuniran-en-surinam-para-la-asamblea-general-anual-de-la-pmac-2026-en-un-contexto-de-transicion-global-del-sector\/\" \/>\n<meta property=\"og:site_name\" content=\"LATITUDE 15\" \/>\n<meta property=\"article:published_time\" content=\"2026-04-03T17:04:56+00:00\" \/>\n<meta property=\"article:modified_time\" content=\"2026-04-04T03:45:10+00:00\" \/>\n<meta property=\"og:image\" content=\"https:\/\/www.latitude-15.com\/wp-content\/uploads\/2026\/04\/SRTHDRYJFTUKY.jpg\" \/>\n\t<meta property=\"og:image:width\" content=\"2000\" \/>\n\t<meta property=\"og:image:height\" content=\"1331\" \/>\n\t<meta property=\"og:image:type\" content=\"image\/jpeg\" \/>\n<meta name=\"author\" content=\"Joda J\" \/>\n<meta name=\"twitter:card\" content=\"summary_large_image\" \/>\n<meta name=\"twitter:label1\" content=\"Escrito por\" \/>\n\t<meta name=\"twitter:data1\" content=\"Joda J\" \/>\n\t<meta name=\"twitter:label2\" content=\"Tiempo de lectura\" \/>\n\t<meta name=\"twitter:data2\" content=\"4 minutos\" \/>\n<script type=\"application\/ld+json\" class=\"yoast-schema-graph\">{\"@context\":\"https:\/\/schema.org\",\"@graph\":[{\"@type\":\"Article\",\"@id\":\"https:\/\/www.latitude-15.com\/es\/lideres-portuarios-del-caribe-se-reuniran-en-surinam-para-la-asamblea-general-anual-de-la-pmac-2026-en-un-contexto-de-transicion-global-del-sector\/#article\",\"isPartOf\":{\"@id\":\"https:\/\/www.latitude-15.com\/es\/lideres-portuarios-del-caribe-se-reuniran-en-surinam-para-la-asamblea-general-anual-de-la-pmac-2026-en-un-contexto-de-transicion-global-del-sector\/\"},\"author\":{\"name\":\"Joda J\",\"@id\":\"https:\/\/www.latitude-15.com\/es\/#\/schema\/person\/dac52e7ff44c78317f337da112e37252\"},\"headline\":\"L\u00edderes portuarios del Caribe se reunir\u00e1n en Surinam para la Asamblea General Anual de la PMAC 2026 en un contexto de transici\u00f3n global del sector\",\"datePublished\":\"2026-04-03T17:04:56+00:00\",\"dateModified\":\"2026-04-04T03:45:10+00:00\",\"mainEntityOfPage\":{\"@id\":\"https:\/\/www.latitude-15.com\/es\/lideres-portuarios-del-caribe-se-reuniran-en-surinam-para-la-asamblea-general-anual-de-la-pmac-2026-en-un-contexto-de-transicion-global-del-sector\/\"},\"wordCount\":797,\"commentCount\":0,\"publisher\":{\"@id\":\"https:\/\/www.latitude-15.com\/es\/#organization\"},\"image\":{\"@id\":\"https:\/\/www.latitude-15.com\/es\/lideres-portuarios-del-caribe-se-reuniran-en-surinam-para-la-asamblea-general-anual-de-la-pmac-2026-en-un-contexto-de-transicion-global-del-sector\/#primaryimage\"},\"thumbnailUrl\":\"https:\/\/www.latitude-15.com\/wp-content\/uploads\/2026\/04\/SRTHDRYJFTUKY.jpg\",\"articleSection\":[\"MAR\u00cdTIMO\",\"Puertos y log\u00edstica\"],\"inLanguage\":\"es\",\"potentialAction\":[{\"@type\":\"CommentAction\",\"name\":\"Comment\",\"target\":[\"https:\/\/www.latitude-15.com\/es\/lideres-portuarios-del-caribe-se-reuniran-en-surinam-para-la-asamblea-general-anual-de-la-pmac-2026-en-un-contexto-de-transicion-global-del-sector\/#respond\"]}]},{\"@type\":\"WebPage\",\"@id\":\"https:\/\/www.latitude-15.com\/es\/lideres-portuarios-del-caribe-se-reuniran-en-surinam-para-la-asamblea-general-anual-de-la-pmac-2026-en-un-contexto-de-transicion-global-del-sector\/\",\"url\":\"https:\/\/www.latitude-15.com\/es\/lideres-portuarios-del-caribe-se-reuniran-en-surinam-para-la-asamblea-general-anual-de-la-pmac-2026-en-un-contexto-de-transicion-global-del-sector\/\",\"name\":\"L\u00edderes portuarios del Caribe se reunir\u00e1n en Surinam para la Asamblea General Anual de la PMAC 2026 en un contexto de transici\u00f3n global del sector - LATITUDE 15\",\"isPartOf\":{\"@id\":\"https:\/\/www.latitude-15.com\/es\/#website\"},\"primaryImageOfPage\":{\"@id\":\"https:\/\/www.latitude-15.com\/es\/lideres-portuarios-del-caribe-se-reuniran-en-surinam-para-la-asamblea-general-anual-de-la-pmac-2026-en-un-contexto-de-transicion-global-del-sector\/#primaryimage\"},\"image\":{\"@id\":\"https:\/\/www.latitude-15.com\/es\/lideres-portuarios-del-caribe-se-reuniran-en-surinam-para-la-asamblea-general-anual-de-la-pmac-2026-en-un-contexto-de-transicion-global-del-sector\/#primaryimage\"},\"thumbnailUrl\":\"https:\/\/www.latitude-15.com\/wp-content\/uploads\/2026\/04\/SRTHDRYJFTUKY.jpg\",\"datePublished\":\"2026-04-03T17:04:56+00:00\",\"dateModified\":\"2026-04-04T03:45:10+00:00\",\"description\":\"La 29.\u00aa Asamblea General Anual de la PMAC debatir\u00e1 el futuro de los puertos y la log\u00edstica mar\u00edtima del Caribe en Surinam\",\"breadcrumb\":{\"@id\":\"https:\/\/www.latitude-15.com\/es\/lideres-portuarios-del-caribe-se-reuniran-en-surinam-para-la-asamblea-general-anual-de-la-pmac-2026-en-un-contexto-de-transicion-global-del-sector\/#breadcrumb\"},\"inLanguage\":\"es\",\"potentialAction\":[{\"@type\":\"ReadAction\",\"target\":[\"https:\/\/www.latitude-15.com\/es\/lideres-portuarios-del-caribe-se-reuniran-en-surinam-para-la-asamblea-general-anual-de-la-pmac-2026-en-un-contexto-de-transicion-global-del-sector\/\"]}]},{\"@type\":\"ImageObject\",\"inLanguage\":\"es\",\"@id\":\"https:\/\/www.latitude-15.com\/es\/lideres-portuarios-del-caribe-se-reuniran-en-surinam-para-la-asamblea-general-anual-de-la-pmac-2026-en-un-contexto-de-transicion-global-del-sector\/#primaryimage\",\"url\":\"https:\/\/www.latitude-15.com\/wp-content\/uploads\/2026\/04\/SRTHDRYJFTUKY.jpg\",\"contentUrl\":\"https:\/\/www.latitude-15.com\/wp-content\/uploads\/2026\/04\/SRTHDRYJFTUKY.jpg\",\"width\":2000,\"height\":1331},{\"@type\":\"BreadcrumbList\",\"@id\":\"https:\/\/www.latitude-15.com\/es\/lideres-portuarios-del-caribe-se-reuniran-en-surinam-para-la-asamblea-general-anual-de-la-pmac-2026-en-un-contexto-de-transicion-global-del-sector\/#breadcrumb\",\"itemListElement\":[{\"@type\":\"ListItem\",\"position\":1,\"name\":\"Home\",\"item\":\"https:\/\/www.latitude-15.com\/es\/inicio\/\"},{\"@type\":\"ListItem\",\"position\":2,\"name\":\"L\u00edderes portuarios del Caribe se reunir\u00e1n en Surinam para la Asamblea General Anual de la PMAC 2026 en un contexto de transici\u00f3n global del sector\"}]},{\"@type\":\"WebSite\",\"@id\":\"https:\/\/www.latitude-15.com\/es\/#website\",\"url\":\"https:\/\/www.latitude-15.com\/es\/\",\"name\":\"LATITUDE 15\",\"description\":\"Aviation and maritime Magazine - Caribbean &amp; Latin America\",\"publisher\":{\"@id\":\"https:\/\/www.latitude-15.com\/es\/#organization\"},\"potentialAction\":[{\"@type\":\"SearchAction\",\"target\":{\"@type\":\"EntryPoint\",\"urlTemplate\":\"https:\/\/www.latitude-15.com\/es\/?s={search_term_string}\"},\"query-input\":{\"@type\":\"PropertyValueSpecification\",\"valueRequired\":true,\"valueName\":\"search_term_string\"}}],\"inLanguage\":\"es\"},{\"@type\":\"Organization\",\"@id\":\"https:\/\/www.latitude-15.com\/es\/#organization\",\"name\":\"LATITUDE 15\",\"url\":\"https:\/\/www.latitude-15.com\/es\/\",\"logo\":{\"@type\":\"ImageObject\",\"inLanguage\":\"es\",\"@id\":\"https:\/\/www.latitude-15.com\/es\/#\/schema\/logo\/image\/\",\"url\":\"https:\/\/www.latitude-15.com\/wp-content\/uploads\/2026\/01\/cropped-logox500px.png\",\"contentUrl\":\"https:\/\/www.latitude-15.com\/wp-content\/uploads\/2026\/01\/cropped-logox500px.png\",\"width\":62,\"height\":75,\"caption\":\"LATITUDE 15\"},\"image\":{\"@id\":\"https:\/\/www.latitude-15.com\/es\/#\/schema\/logo\/image\/\"}},{\"@type\":\"Person\",\"@id\":\"https:\/\/www.latitude-15.com\/es\/#\/schema\/person\/dac52e7ff44c78317f337da112e37252\",\"name\":\"Joda J\",\"image\":{\"@type\":\"ImageObject\",\"inLanguage\":\"es\",\"@id\":\"https:\/\/www.latitude-15.com\/es\/#\/schema\/person\/image\/\",\"url\":\"https:\/\/secure.gravatar.com\/avatar\/6b1feae555e15404b76616f92d931d12b25ac58024f14ccb43d9d3c012e4c4cf?s=96&d=mm&r=g\",\"contentUrl\":\"https:\/\/secure.gravatar.com\/avatar\/6b1feae555e15404b76616f92d931d12b25ac58024f14ccb43d9d3c012e4c4cf?s=96&d=mm&r=g\",\"caption\":\"Joda J\"},\"url\":\"https:\/\/www.latitude-15.com\/es\/author\/joda\/\"}]}<\/script>\n<!-- \/ Yoast SEO plugin. -->","yoast_head_json":{"title":"L\u00edderes portuarios del Caribe se reunir\u00e1n en Surinam para la Asamblea General Anual de la PMAC 2026 en un contexto de transici\u00f3n global del sector - LATITUDE 15","description":"La 29.\u00aa Asamblea General Anual de la PMAC debatir\u00e1 el futuro de los puertos y la log\u00edstica mar\u00edtima del Caribe en Surinam","robots":{"index":"index","follow":"follow","max-snippet":"max-snippet:-1","max-image-preview":"max-image-preview:large","max-video-preview":"max-video-preview:-1"},"canonical":"https:\/\/www.latitude-15.com\/es\/lideres-portuarios-del-caribe-se-reuniran-en-surinam-para-la-asamblea-general-anual-de-la-pmac-2026-en-un-contexto-de-transicion-global-del-sector\/","og_locale":"es_ES","og_type":"article","og_title":"L\u00edderes portuarios del Caribe se reunir\u00e1n en Surinam para la Asamblea General Anual de la PMAC 2026 en un contexto de transici\u00f3n global del sector - LATITUDE 15","og_description":"La 29.\u00aa Asamblea General Anual de la PMAC debatir\u00e1 el futuro de los puertos y la log\u00edstica mar\u00edtima del Caribe en Surinam","og_url":"https:\/\/www.latitude-15.com\/es\/lideres-portuarios-del-caribe-se-reuniran-en-surinam-para-la-asamblea-general-anual-de-la-pmac-2026-en-un-contexto-de-transicion-global-del-sector\/","og_site_name":"LATITUDE 15","article_published_time":"2026-04-03T17:04:56+00:00","article_modified_time":"2026-04-04T03:45:10+00:00","og_image":[{"width":2000,"height":1331,"url":"https:\/\/www.latitude-15.com\/wp-content\/uploads\/2026\/04\/SRTHDRYJFTUKY.jpg","type":"image\/jpeg"}],"author":"Joda J","twitter_card":"summary_large_image","twitter_misc":{"Escrito por":"Joda J","Tiempo de lectura":"4 minutos"},"schema":{"@context":"https:\/\/schema.org","@graph":[{"@type":"Article","@id":"https:\/\/www.latitude-15.com\/es\/lideres-portuarios-del-caribe-se-reuniran-en-surinam-para-la-asamblea-general-anual-de-la-pmac-2026-en-un-contexto-de-transicion-global-del-sector\/#article","isPartOf":{"@id":"https:\/\/www.latitude-15.com\/es\/lideres-portuarios-del-caribe-se-reuniran-en-surinam-para-la-asamblea-general-anual-de-la-pmac-2026-en-un-contexto-de-transicion-global-del-sector\/"},"author":{"name":"Joda J","@id":"https:\/\/www.latitude-15.com\/es\/#\/schema\/person\/dac52e7ff44c78317f337da112e37252"},"headline":"L\u00edderes portuarios del Caribe se reunir\u00e1n en Surinam para la Asamblea General Anual de la PMAC 2026 en un contexto de transici\u00f3n global del sector","datePublished":"2026-04-03T17:04:56+00:00","dateModified":"2026-04-04T03:45:10+00:00","mainEntityOfPage":{"@id":"https:\/\/www.latitude-15.com\/es\/lideres-portuarios-del-caribe-se-reuniran-en-surinam-para-la-asamblea-general-anual-de-la-pmac-2026-en-un-contexto-de-transicion-global-del-sector\/"},"wordCount":797,"commentCount":0,"publisher":{"@id":"https:\/\/www.latitude-15.com\/es\/#organization"},"image":{"@id":"https:\/\/www.latitude-15.com\/es\/lideres-portuarios-del-caribe-se-reuniran-en-surinam-para-la-asamblea-general-anual-de-la-pmac-2026-en-un-contexto-de-transicion-global-del-sector\/#primaryimage"},"thumbnailUrl":"https:\/\/www.latitude-15.com\/wp-content\/uploads\/2026\/04\/SRTHDRYJFTUKY.jpg","articleSection":["MAR\u00cdTIMO","Puertos y log\u00edstica"],"inLanguage":"es","potentialAction":[{"@type":"CommentAction","name":"Comment","target":["https:\/\/www.latitude-15.com\/es\/lideres-portuarios-del-caribe-se-reuniran-en-surinam-para-la-asamblea-general-anual-de-la-pmac-2026-en-un-contexto-de-transicion-global-del-sector\/#respond"]}]},{"@type":"WebPage","@id":"https:\/\/www.latitude-15.com\/es\/lideres-portuarios-del-caribe-se-reuniran-en-surinam-para-la-asamblea-general-anual-de-la-pmac-2026-en-un-contexto-de-transicion-global-del-sector\/","url":"https:\/\/www.latitude-15.com\/es\/lideres-portuarios-del-caribe-se-reuniran-en-surinam-para-la-asamblea-general-anual-de-la-pmac-2026-en-un-contexto-de-transicion-global-del-sector\/","name":"L\u00edderes portuarios del Caribe se reunir\u00e1n en Surinam para la Asamblea General Anual de la PMAC 2026 en un contexto de transici\u00f3n global del sector - LATITUDE 15","isPartOf":{"@id":"https:\/\/www.latitude-15.com\/es\/#website"},"primaryImageOfPage":{"@id":"https:\/\/www.latitude-15.com\/es\/lideres-portuarios-del-caribe-se-reuniran-en-surinam-para-la-asamblea-general-anual-de-la-pmac-2026-en-un-contexto-de-transicion-global-del-sector\/#primaryimage"},"image":{"@id":"https:\/\/www.latitude-15.com\/es\/lideres-portuarios-del-caribe-se-reuniran-en-surinam-para-la-asamblea-general-anual-de-la-pmac-2026-en-un-contexto-de-transicion-global-del-sector\/#primaryimage"},"thumbnailUrl":"https:\/\/www.latitude-15.com\/wp-content\/uploads\/2026\/04\/SRTHDRYJFTUKY.jpg","datePublished":"2026-04-03T17:04:56+00:00","dateModified":"2026-04-04T03:45:10+00:00","description":"La 29.\u00aa Asamblea General Anual de la PMAC debatir\u00e1 el futuro de los puertos y la log\u00edstica mar\u00edtima del Caribe en Surinam","breadcrumb":{"@id":"https:\/\/www.latitude-15.com\/es\/lideres-portuarios-del-caribe-se-reuniran-en-surinam-para-la-asamblea-general-anual-de-la-pmac-2026-en-un-contexto-de-transicion-global-del-sector\/#breadcrumb"},"inLanguage":"es","potentialAction":[{"@type":"ReadAction","target":["https:\/\/www.latitude-15.com\/es\/lideres-portuarios-del-caribe-se-reuniran-en-surinam-para-la-asamblea-general-anual-de-la-pmac-2026-en-un-contexto-de-transicion-global-del-sector\/"]}]},{"@type":"ImageObject","inLanguage":"es","@id":"https:\/\/www.latitude-15.com\/es\/lideres-portuarios-del-caribe-se-reuniran-en-surinam-para-la-asamblea-general-anual-de-la-pmac-2026-en-un-contexto-de-transicion-global-del-sector\/#primaryimage","url":"https:\/\/www.latitude-15.com\/wp-content\/uploads\/2026\/04\/SRTHDRYJFTUKY.jpg","contentUrl":"https:\/\/www.latitude-15.com\/wp-content\/uploads\/2026\/04\/SRTHDRYJFTUKY.jpg","width":2000,"height":1331},{"@type":"BreadcrumbList","@id":"https:\/\/www.latitude-15.com\/es\/lideres-portuarios-del-caribe-se-reuniran-en-surinam-para-la-asamblea-general-anual-de-la-pmac-2026-en-un-contexto-de-transicion-global-del-sector\/#breadcrumb","itemListElement":[{"@type":"ListItem","position":1,"name":"Home","item":"https:\/\/www.latitude-15.com\/es\/inicio\/"},{"@type":"ListItem","position":2,"name":"L\u00edderes portuarios del Caribe se reunir\u00e1n en Surinam para la Asamblea General Anual de la PMAC 2026 en un contexto de transici\u00f3n global del sector"}]},{"@type":"WebSite","@id":"https:\/\/www.latitude-15.com\/es\/#website","url":"https:\/\/www.latitude-15.com\/es\/","name":"LATITUDE 15","description":"Aviation and maritime Magazine - Caribbean &amp; Latin America","publisher":{"@id":"https:\/\/www.latitude-15.com\/es\/#organization"},"potentialAction":[{"@type":"SearchAction","target":{"@type":"EntryPoint","urlTemplate":"https:\/\/www.latitude-15.com\/es\/?s={search_term_string}"},"query-input":{"@type":"PropertyValueSpecification","valueRequired":true,"valueName":"search_term_string"}}],"inLanguage":"es"},{"@type":"Organization","@id":"https:\/\/www.latitude-15.com\/es\/#organization","name":"LATITUDE 15","url":"https:\/\/www.latitude-15.com\/es\/","logo":{"@type":"ImageObject","inLanguage":"es","@id":"https:\/\/www.latitude-15.com\/es\/#\/schema\/logo\/image\/","url":"https:\/\/www.latitude-15.com\/wp-content\/uploads\/2026\/01\/cropped-logox500px.png","contentUrl":"https:\/\/www.latitude-15.com\/wp-content\/uploads\/2026\/01\/cropped-logox500px.png","width":62,"height":75,"caption":"LATITUDE 15"},"image":{"@id":"https:\/\/www.latitude-15.com\/es\/#\/schema\/logo\/image\/"}},{"@type":"Person","@id":"https:\/\/www.latitude-15.com\/es\/#\/schema\/person\/dac52e7ff44c78317f337da112e37252","name":"Joda J","image":{"@type":"ImageObject","inLanguage":"es","@id":"https:\/\/www.latitude-15.com\/es\/#\/schema\/person\/image\/","url":"https:\/\/secure.gravatar.com\/avatar\/6b1feae555e15404b76616f92d931d12b25ac58024f14ccb43d9d3c012e4c4cf?s=96&d=mm&r=g","contentUrl":"https:\/\/secure.gravatar.com\/avatar\/6b1feae555e15404b76616f92d931d12b25ac58024f14ccb43d9d3c012e4c4cf?s=96&d=mm&r=g","caption":"Joda J"},"url":"https:\/\/www.latitude-15.com\/es\/author\/joda\/"}]}},"_links":{"self":[{"href":"https:\/\/www.latitude-15.com\/es\/wp-json\/wp\/v2\/posts\/22392","targetHints":{"allow":["GET"]}}],"collection":[{"href":"https:\/\/www.latitude-15.com\/es\/wp-json\/wp\/v2\/posts"}],"about":[{"href":"https:\/\/www.latitude-15.com\/es\/wp-json\/wp\/v2\/types\/post"}],"author":[{"embeddable":true,"href":"https:\/\/www.latitude-15.com\/es\/wp-json\/wp\/v2\/users\/5"}],"replies":[{"embeddable":true,"href":"https:\/\/www.latitude-15.com\/es\/wp-json\/wp\/v2\/comments?post=22392"}],"version-history":[{"count":1,"href":"https:\/\/www.latitude-15.com\/es\/wp-json\/wp\/v2\/posts\/22392\/revisions"}],"predecessor-version":[{"id":22393,"href":"https:\/\/www.latitude-15.com\/es\/wp-json\/wp\/v2\/posts\/22392\/revisions\/22393"}],"wp:featuredmedia":[{"embeddable":true,"href":"https:\/\/www.latitude-15.com\/es\/wp-json\/wp\/v2\/media\/22391"}],"wp:attachment":[{"href":"https:\/\/www.latitude-15.com\/es\/wp-json\/wp\/v2\/media?parent=22392"}],"wp:term":[{"taxonomy":"category","embeddable":true,"href":"https:\/\/www.latitude-15.com\/es\/wp-json\/wp\/v2\/categories?post=22392"},{"taxonomy":"post_tag","embeddable":true,"href":"https:\/\/www.latitude-15.com\/es\/wp-json\/wp\/v2\/tags?post=22392"}],"curies":[{"name":"wp","href":"https:\/\/api.w.org\/{rel}","templated":true}]}}