{"id":22327,"date":"2026-04-01T09:09:15","date_gmt":"2026-04-01T13:09:15","guid":{"rendered":"https:\/\/www.latitude-15.com\/el-trafico-aereo-de-pasajeros-en-america-latina-y-el-caribe-crece-un-5-en-2025-segun-aci-lac\/"},"modified":"2026-04-13T09:35:36","modified_gmt":"2026-04-13T13:35:36","slug":"el-trafico-aereo-de-pasajeros-en-america-latina-y-el-caribe-crece-un-5-en-2025-segun-aci-lac","status":"publish","type":"post","link":"https:\/\/www.latitude-15.com\/es\/el-trafico-aereo-de-pasajeros-en-america-latina-y-el-caribe-crece-un-5-en-2025-segun-aci-lac\/","title":{"rendered":"El tr\u00e1fico a\u00e9reo de pasajeros en Am\u00e9rica Latina y el Caribe crece un 5% en 2025, seg\u00fan ACI-LAC"},"content":{"rendered":"\n<p>El tr\u00e1fico a\u00e9reo de pasajeros en Am\u00e9rica Latina y el Caribe continu\u00f3 su tendencia de crecimiento en 2025, con un aumento del 5 % en comparaci\u00f3n con el a\u00f1o anterior, seg\u00fan datos preliminares recopilados por Airports Council International Latin America and the Caribbean (ACI-LAC). Las cifras, basadas en informaci\u00f3n procedente de diversas fuentes oficiales, reflejan una demanda sostenida de viajes a\u00e9reos en la regi\u00f3n, a pesar de un entorno global complejo. <\/p>\n\n<p>Argentina registr\u00f3 el crecimiento relativo m\u00e1s fuerte entre los mercados regionales, con un aumento del 12,7 % en el tr\u00e1fico de pasajeros. La expansi\u00f3n estuvo impulsada tanto por el tr\u00e1fico dom\u00e9stico como por el internacional, lo que pone de manifiesto una importante recuperaci\u00f3n de la conectividad a\u00e9rea en el pa\u00eds. <\/p>\n\n<p>Brasil, el mayor mercado de aviaci\u00f3n de Am\u00e9rica Latina, tambi\u00e9n registr\u00f3 resultados s\u00f3lidos. El pa\u00eds moviliz\u00f3 234,8 millones de pasajeros en 2025, lo que representa un crecimiento del 9,1 % en comparaci\u00f3n con el a\u00f1o anterior. El tr\u00e1fico internacional fue el principal motor de este crecimiento, con un aumento del 14 %, lo que supuso aproximadamente 3,5 millones de pasajeros adicionales. Estas cifras refuerzan el papel central de Brasil en la conectividad a\u00e9rea de la regi\u00f3n.   <\/p>\n\n<p>En el Caribe, el crecimiento del tr\u00e1fico fue m\u00e1s moderado, con un aumento general del 1 %. Rep\u00fablica Dominicana mantuvo su posici\u00f3n como el principal mercado de aviaci\u00f3n de la regi\u00f3n, con 19,4 millones de pasajeros, lo que representa un incremento del 4,6 % interanual. Cura\u00e7ao destac\u00f3 con un crecimiento particularmente fuerte del 17 %. En contraste, Jamaica registr\u00f3 una disminuci\u00f3n del 7,9 % en el tr\u00e1fico de pasajeros, reflejando las interrupciones operativas y tur\u00edsticas provocadas por el hurac\u00e1n Melissa.   <\/p>\n\n<p>M\u00e1s all\u00e1 de la propia regi\u00f3n, el Miami International Airport continu\u00f3 desempe\u00f1ando un papel clave en la conexi\u00f3n de Am\u00e9rica Latina y el Caribe con los mercados globales, cerrando el a\u00f1o con 55,3 millones de pasajeros.<\/p>\n\n<p>Al comentar los resultados, Rafael Echevarne, Director General de ACI-LAC, se\u00f1al\u00f3 que el crecimiento del 5 % registrado en 2025 confirma la resiliencia del sector de la aviaci\u00f3n en Am\u00e9rica Latina y el Caribe. Destac\u00f3 especialmente el desempe\u00f1o de Argentina, se\u00f1alando el impacto de la pol\u00edtica de open skies del pa\u00eds en la dinamizaci\u00f3n del tr\u00e1fico a\u00e9reo y en el aumento del 12,7 % registrado durante el a\u00f1o. Al mismo tiempo, subray\u00f3 que los resultados de Brasil, particularmente la fuerte expansi\u00f3n del tr\u00e1fico internacional, reafirman la posici\u00f3n del pa\u00eds como el mayor mercado de aviaci\u00f3n de la regi\u00f3n y un motor clave de la conectividad a\u00e9rea en Am\u00e9rica Latina.<br\/> <br\/> <br\/>  <\/p>\n","protected":false},"excerpt":{"rendered":"<p>El tr\u00e1fico a\u00e9reo de pasajeros en Am\u00e9rica Latina y el Caribe continu\u00f3 su tendencia de crecimiento en 2025, con un aumento del 5 % en comparaci\u00f3n con el a\u00f1o anterior, seg\u00fan datos preliminares recopilados por Airports Council International Latin America and the Caribbean (ACI-LAC). Las cifras, basadas en informaci\u00f3n procedente de diversas fuentes oficiales, reflejan [&hellip;]<\/p>\n","protected":false},"author":5,"featured_media":22600,"comment_status":"open","ping_status":"closed","sticky":false,"template":"","format":"standard","meta":{"footnotes":""},"categories":[99,102],"tags":[],"class_list":["post-22327","post","type-post","status-publish","format-standard","has-post-thumbnail","hentry","category-aviacion","category-conectividad-aerea-y-desarrollo-de-rutas"],"yoast_head":"<!-- This site is optimized with the Yoast SEO plugin v26.9 - https:\/\/yoast.com\/product\/yoast-seo-wordpress\/ -->\n<title>El tr\u00e1fico a\u00e9reo de pasajeros en Am\u00e9rica Latina y el Caribe crece un 5% en 2025, seg\u00fan ACI-LAC - LATITUDE 15<\/title>\n<meta name=\"description\" content=\"El tr\u00e1fico de pasajeros a\u00e9reos en Am\u00e9rica Latina y el Caribe creci\u00f3 un 5% en 2025, seg\u00fan ACI-LAC. Argentina registr\u00f3 el mayor crecimiento.\" \/>\n<meta name=\"robots\" content=\"index, follow, max-snippet:-1, max-image-preview:large, max-video-preview:-1\" \/>\n<link rel=\"canonical\" href=\"https:\/\/www.latitude-15.com\/es\/el-trafico-aereo-de-pasajeros-en-america-latina-y-el-caribe-crece-un-5-en-2025-segun-aci-lac\/\" \/>\n<meta property=\"og:locale\" content=\"es_ES\" \/>\n<meta property=\"og:type\" content=\"article\" \/>\n<meta property=\"og:title\" content=\"El tr\u00e1fico a\u00e9reo de pasajeros en Am\u00e9rica Latina y el Caribe crece un 5% en 2025, seg\u00fan ACI-LAC - LATITUDE 15\" \/>\n<meta property=\"og:description\" content=\"El tr\u00e1fico de pasajeros a\u00e9reos en Am\u00e9rica Latina y el Caribe creci\u00f3 un 5% en 2025, seg\u00fan ACI-LAC. Argentina registr\u00f3 el mayor crecimiento.\" \/>\n<meta property=\"og:url\" content=\"https:\/\/www.latitude-15.com\/es\/el-trafico-aereo-de-pasajeros-en-america-latina-y-el-caribe-crece-un-5-en-2025-segun-aci-lac\/\" \/>\n<meta property=\"og:site_name\" content=\"LATITUDE 15\" \/>\n<meta property=\"article:published_time\" content=\"2026-04-01T13:09:15+00:00\" \/>\n<meta property=\"article:modified_time\" content=\"2026-04-13T13:35:36+00:00\" \/>\n<meta property=\"og:image\" content=\"https:\/\/www.latitude-15.com\/wp-content\/uploads\/2026\/04\/ACI-LAC-TRAFFIC-ANALYSIS-1024x576.png\" \/>\n\t<meta property=\"og:image:width\" content=\"1024\" \/>\n\t<meta property=\"og:image:height\" content=\"576\" \/>\n\t<meta property=\"og:image:type\" content=\"image\/png\" \/>\n<meta name=\"author\" content=\"Joda J\" \/>\n<meta name=\"twitter:card\" content=\"summary_large_image\" \/>\n<meta name=\"twitter:label1\" content=\"Escrito por\" \/>\n\t<meta name=\"twitter:data1\" content=\"Joda J\" \/>\n\t<meta name=\"twitter:label2\" content=\"Tiempo de lectura\" \/>\n\t<meta name=\"twitter:data2\" content=\"2 minutos\" \/>\n<script type=\"application\/ld+json\" class=\"yoast-schema-graph\">{\"@context\":\"https:\/\/schema.org\",\"@graph\":[{\"@type\":\"Article\",\"@id\":\"https:\/\/www.latitude-15.com\/es\/el-trafico-aereo-de-pasajeros-en-america-latina-y-el-caribe-crece-un-5-en-2025-segun-aci-lac\/#article\",\"isPartOf\":{\"@id\":\"https:\/\/www.latitude-15.com\/es\/el-trafico-aereo-de-pasajeros-en-america-latina-y-el-caribe-crece-un-5-en-2025-segun-aci-lac\/\"},\"author\":{\"name\":\"Joda J\",\"@id\":\"https:\/\/www.latitude-15.com\/es\/#\/schema\/person\/dac52e7ff44c78317f337da112e37252\"},\"headline\":\"El tr\u00e1fico a\u00e9reo de pasajeros en Am\u00e9rica Latina y el Caribe crece un 5% en 2025, seg\u00fan ACI-LAC\",\"datePublished\":\"2026-04-01T13:09:15+00:00\",\"dateModified\":\"2026-04-13T13:35:36+00:00\",\"mainEntityOfPage\":{\"@id\":\"https:\/\/www.latitude-15.com\/es\/el-trafico-aereo-de-pasajeros-en-america-latina-y-el-caribe-crece-un-5-en-2025-segun-aci-lac\/\"},\"wordCount\":478,\"commentCount\":0,\"publisher\":{\"@id\":\"https:\/\/www.latitude-15.com\/es\/#organization\"},\"image\":{\"@id\":\"https:\/\/www.latitude-15.com\/es\/el-trafico-aereo-de-pasajeros-en-america-latina-y-el-caribe-crece-un-5-en-2025-segun-aci-lac\/#primaryimage\"},\"thumbnailUrl\":\"https:\/\/www.latitude-15.com\/wp-content\/uploads\/2026\/04\/ACI-LAC-TRAFFIC-ANALYSIS-scaled.png\",\"articleSection\":[\"AVIACI\u00d3N\",\"Conectividad a\u00e9rea y Atractivo territorial\"],\"inLanguage\":\"es\",\"potentialAction\":[{\"@type\":\"CommentAction\",\"name\":\"Comment\",\"target\":[\"https:\/\/www.latitude-15.com\/es\/el-trafico-aereo-de-pasajeros-en-america-latina-y-el-caribe-crece-un-5-en-2025-segun-aci-lac\/#respond\"]}]},{\"@type\":\"WebPage\",\"@id\":\"https:\/\/www.latitude-15.com\/es\/el-trafico-aereo-de-pasajeros-en-america-latina-y-el-caribe-crece-un-5-en-2025-segun-aci-lac\/\",\"url\":\"https:\/\/www.latitude-15.com\/es\/el-trafico-aereo-de-pasajeros-en-america-latina-y-el-caribe-crece-un-5-en-2025-segun-aci-lac\/\",\"name\":\"El tr\u00e1fico a\u00e9reo de pasajeros en Am\u00e9rica Latina y el Caribe crece un 5% en 2025, seg\u00fan ACI-LAC - LATITUDE 15\",\"isPartOf\":{\"@id\":\"https:\/\/www.latitude-15.com\/es\/#website\"},\"primaryImageOfPage\":{\"@id\":\"https:\/\/www.latitude-15.com\/es\/el-trafico-aereo-de-pasajeros-en-america-latina-y-el-caribe-crece-un-5-en-2025-segun-aci-lac\/#primaryimage\"},\"image\":{\"@id\":\"https:\/\/www.latitude-15.com\/es\/el-trafico-aereo-de-pasajeros-en-america-latina-y-el-caribe-crece-un-5-en-2025-segun-aci-lac\/#primaryimage\"},\"thumbnailUrl\":\"https:\/\/www.latitude-15.com\/wp-content\/uploads\/2026\/04\/ACI-LAC-TRAFFIC-ANALYSIS-scaled.png\",\"datePublished\":\"2026-04-01T13:09:15+00:00\",\"dateModified\":\"2026-04-13T13:35:36+00:00\",\"description\":\"El tr\u00e1fico de pasajeros a\u00e9reos en Am\u00e9rica Latina y el Caribe creci\u00f3 un 5% en 2025, seg\u00fan ACI-LAC. Argentina registr\u00f3 el mayor crecimiento.\",\"breadcrumb\":{\"@id\":\"https:\/\/www.latitude-15.com\/es\/el-trafico-aereo-de-pasajeros-en-america-latina-y-el-caribe-crece-un-5-en-2025-segun-aci-lac\/#breadcrumb\"},\"inLanguage\":\"es\",\"potentialAction\":[{\"@type\":\"ReadAction\",\"target\":[\"https:\/\/www.latitude-15.com\/es\/el-trafico-aereo-de-pasajeros-en-america-latina-y-el-caribe-crece-un-5-en-2025-segun-aci-lac\/\"]}]},{\"@type\":\"ImageObject\",\"inLanguage\":\"es\",\"@id\":\"https:\/\/www.latitude-15.com\/es\/el-trafico-aereo-de-pasajeros-en-america-latina-y-el-caribe-crece-un-5-en-2025-segun-aci-lac\/#primaryimage\",\"url\":\"https:\/\/www.latitude-15.com\/wp-content\/uploads\/2026\/04\/ACI-LAC-TRAFFIC-ANALYSIS-scaled.png\",\"contentUrl\":\"https:\/\/www.latitude-15.com\/wp-content\/uploads\/2026\/04\/ACI-LAC-TRAFFIC-ANALYSIS-scaled.png\",\"width\":2560,\"height\":1440},{\"@type\":\"BreadcrumbList\",\"@id\":\"https:\/\/www.latitude-15.com\/es\/el-trafico-aereo-de-pasajeros-en-america-latina-y-el-caribe-crece-un-5-en-2025-segun-aci-lac\/#breadcrumb\",\"itemListElement\":[{\"@type\":\"ListItem\",\"position\":1,\"name\":\"Home\",\"item\":\"https:\/\/www.latitude-15.com\/es\/inicio\/\"},{\"@type\":\"ListItem\",\"position\":2,\"name\":\"El tr\u00e1fico a\u00e9reo de pasajeros en Am\u00e9rica Latina y el Caribe crece un 5% en 2025, seg\u00fan ACI-LAC\"}]},{\"@type\":\"WebSite\",\"@id\":\"https:\/\/www.latitude-15.com\/es\/#website\",\"url\":\"https:\/\/www.latitude-15.com\/es\/\",\"name\":\"LATITUDE 15\",\"description\":\"Aviation and maritime Magazine - Caribbean &amp; Latin America\",\"publisher\":{\"@id\":\"https:\/\/www.latitude-15.com\/es\/#organization\"},\"potentialAction\":[{\"@type\":\"SearchAction\",\"target\":{\"@type\":\"EntryPoint\",\"urlTemplate\":\"https:\/\/www.latitude-15.com\/es\/?s={search_term_string}\"},\"query-input\":{\"@type\":\"PropertyValueSpecification\",\"valueRequired\":true,\"valueName\":\"search_term_string\"}}],\"inLanguage\":\"es\"},{\"@type\":\"Organization\",\"@id\":\"https:\/\/www.latitude-15.com\/es\/#organization\",\"name\":\"LATITUDE 15\",\"url\":\"https:\/\/www.latitude-15.com\/es\/\",\"logo\":{\"@type\":\"ImageObject\",\"inLanguage\":\"es\",\"@id\":\"https:\/\/www.latitude-15.com\/es\/#\/schema\/logo\/image\/\",\"url\":\"https:\/\/www.latitude-15.com\/wp-content\/uploads\/2026\/01\/cropped-logox500px.png\",\"contentUrl\":\"https:\/\/www.latitude-15.com\/wp-content\/uploads\/2026\/01\/cropped-logox500px.png\",\"width\":62,\"height\":75,\"caption\":\"LATITUDE 15\"},\"image\":{\"@id\":\"https:\/\/www.latitude-15.com\/es\/#\/schema\/logo\/image\/\"}},{\"@type\":\"Person\",\"@id\":\"https:\/\/www.latitude-15.com\/es\/#\/schema\/person\/dac52e7ff44c78317f337da112e37252\",\"name\":\"Joda J\",\"image\":{\"@type\":\"ImageObject\",\"inLanguage\":\"es\",\"@id\":\"https:\/\/www.latitude-15.com\/es\/#\/schema\/person\/image\/\",\"url\":\"https:\/\/secure.gravatar.com\/avatar\/6b1feae555e15404b76616f92d931d12b25ac58024f14ccb43d9d3c012e4c4cf?s=96&d=mm&r=g\",\"contentUrl\":\"https:\/\/secure.gravatar.com\/avatar\/6b1feae555e15404b76616f92d931d12b25ac58024f14ccb43d9d3c012e4c4cf?s=96&d=mm&r=g\",\"caption\":\"Joda J\"},\"url\":\"https:\/\/www.latitude-15.com\/es\/author\/joda\/\"}]}<\/script>\n<!-- \/ Yoast SEO plugin. -->","yoast_head_json":{"title":"El tr\u00e1fico a\u00e9reo de pasajeros en Am\u00e9rica Latina y el Caribe crece un 5% en 2025, seg\u00fan ACI-LAC - LATITUDE 15","description":"El tr\u00e1fico de pasajeros a\u00e9reos en Am\u00e9rica Latina y el Caribe creci\u00f3 un 5% en 2025, seg\u00fan ACI-LAC. Argentina registr\u00f3 el mayor crecimiento.","robots":{"index":"index","follow":"follow","max-snippet":"max-snippet:-1","max-image-preview":"max-image-preview:large","max-video-preview":"max-video-preview:-1"},"canonical":"https:\/\/www.latitude-15.com\/es\/el-trafico-aereo-de-pasajeros-en-america-latina-y-el-caribe-crece-un-5-en-2025-segun-aci-lac\/","og_locale":"es_ES","og_type":"article","og_title":"El tr\u00e1fico a\u00e9reo de pasajeros en Am\u00e9rica Latina y el Caribe crece un 5% en 2025, seg\u00fan ACI-LAC - LATITUDE 15","og_description":"El tr\u00e1fico de pasajeros a\u00e9reos en Am\u00e9rica Latina y el Caribe creci\u00f3 un 5% en 2025, seg\u00fan ACI-LAC. Argentina registr\u00f3 el mayor crecimiento.","og_url":"https:\/\/www.latitude-15.com\/es\/el-trafico-aereo-de-pasajeros-en-america-latina-y-el-caribe-crece-un-5-en-2025-segun-aci-lac\/","og_site_name":"LATITUDE 15","article_published_time":"2026-04-01T13:09:15+00:00","article_modified_time":"2026-04-13T13:35:36+00:00","og_image":[{"width":1024,"height":576,"url":"https:\/\/www.latitude-15.com\/wp-content\/uploads\/2026\/04\/ACI-LAC-TRAFFIC-ANALYSIS-1024x576.png","type":"image\/png"}],"author":"Joda J","twitter_card":"summary_large_image","twitter_misc":{"Escrito por":"Joda J","Tiempo de lectura":"2 minutos"},"schema":{"@context":"https:\/\/schema.org","@graph":[{"@type":"Article","@id":"https:\/\/www.latitude-15.com\/es\/el-trafico-aereo-de-pasajeros-en-america-latina-y-el-caribe-crece-un-5-en-2025-segun-aci-lac\/#article","isPartOf":{"@id":"https:\/\/www.latitude-15.com\/es\/el-trafico-aereo-de-pasajeros-en-america-latina-y-el-caribe-crece-un-5-en-2025-segun-aci-lac\/"},"author":{"name":"Joda J","@id":"https:\/\/www.latitude-15.com\/es\/#\/schema\/person\/dac52e7ff44c78317f337da112e37252"},"headline":"El tr\u00e1fico a\u00e9reo de pasajeros en Am\u00e9rica Latina y el Caribe crece un 5% en 2025, seg\u00fan ACI-LAC","datePublished":"2026-04-01T13:09:15+00:00","dateModified":"2026-04-13T13:35:36+00:00","mainEntityOfPage":{"@id":"https:\/\/www.latitude-15.com\/es\/el-trafico-aereo-de-pasajeros-en-america-latina-y-el-caribe-crece-un-5-en-2025-segun-aci-lac\/"},"wordCount":478,"commentCount":0,"publisher":{"@id":"https:\/\/www.latitude-15.com\/es\/#organization"},"image":{"@id":"https:\/\/www.latitude-15.com\/es\/el-trafico-aereo-de-pasajeros-en-america-latina-y-el-caribe-crece-un-5-en-2025-segun-aci-lac\/#primaryimage"},"thumbnailUrl":"https:\/\/www.latitude-15.com\/wp-content\/uploads\/2026\/04\/ACI-LAC-TRAFFIC-ANALYSIS-scaled.png","articleSection":["AVIACI\u00d3N","Conectividad a\u00e9rea y Atractivo territorial"],"inLanguage":"es","potentialAction":[{"@type":"CommentAction","name":"Comment","target":["https:\/\/www.latitude-15.com\/es\/el-trafico-aereo-de-pasajeros-en-america-latina-y-el-caribe-crece-un-5-en-2025-segun-aci-lac\/#respond"]}]},{"@type":"WebPage","@id":"https:\/\/www.latitude-15.com\/es\/el-trafico-aereo-de-pasajeros-en-america-latina-y-el-caribe-crece-un-5-en-2025-segun-aci-lac\/","url":"https:\/\/www.latitude-15.com\/es\/el-trafico-aereo-de-pasajeros-en-america-latina-y-el-caribe-crece-un-5-en-2025-segun-aci-lac\/","name":"El tr\u00e1fico a\u00e9reo de pasajeros en Am\u00e9rica Latina y el Caribe crece un 5% en 2025, seg\u00fan ACI-LAC - LATITUDE 15","isPartOf":{"@id":"https:\/\/www.latitude-15.com\/es\/#website"},"primaryImageOfPage":{"@id":"https:\/\/www.latitude-15.com\/es\/el-trafico-aereo-de-pasajeros-en-america-latina-y-el-caribe-crece-un-5-en-2025-segun-aci-lac\/#primaryimage"},"image":{"@id":"https:\/\/www.latitude-15.com\/es\/el-trafico-aereo-de-pasajeros-en-america-latina-y-el-caribe-crece-un-5-en-2025-segun-aci-lac\/#primaryimage"},"thumbnailUrl":"https:\/\/www.latitude-15.com\/wp-content\/uploads\/2026\/04\/ACI-LAC-TRAFFIC-ANALYSIS-scaled.png","datePublished":"2026-04-01T13:09:15+00:00","dateModified":"2026-04-13T13:35:36+00:00","description":"El tr\u00e1fico de pasajeros a\u00e9reos en Am\u00e9rica Latina y el Caribe creci\u00f3 un 5% en 2025, seg\u00fan ACI-LAC. Argentina registr\u00f3 el mayor crecimiento.","breadcrumb":{"@id":"https:\/\/www.latitude-15.com\/es\/el-trafico-aereo-de-pasajeros-en-america-latina-y-el-caribe-crece-un-5-en-2025-segun-aci-lac\/#breadcrumb"},"inLanguage":"es","potentialAction":[{"@type":"ReadAction","target":["https:\/\/www.latitude-15.com\/es\/el-trafico-aereo-de-pasajeros-en-america-latina-y-el-caribe-crece-un-5-en-2025-segun-aci-lac\/"]}]},{"@type":"ImageObject","inLanguage":"es","@id":"https:\/\/www.latitude-15.com\/es\/el-trafico-aereo-de-pasajeros-en-america-latina-y-el-caribe-crece-un-5-en-2025-segun-aci-lac\/#primaryimage","url":"https:\/\/www.latitude-15.com\/wp-content\/uploads\/2026\/04\/ACI-LAC-TRAFFIC-ANALYSIS-scaled.png","contentUrl":"https:\/\/www.latitude-15.com\/wp-content\/uploads\/2026\/04\/ACI-LAC-TRAFFIC-ANALYSIS-scaled.png","width":2560,"height":1440},{"@type":"BreadcrumbList","@id":"https:\/\/www.latitude-15.com\/es\/el-trafico-aereo-de-pasajeros-en-america-latina-y-el-caribe-crece-un-5-en-2025-segun-aci-lac\/#breadcrumb","itemListElement":[{"@type":"ListItem","position":1,"name":"Home","item":"https:\/\/www.latitude-15.com\/es\/inicio\/"},{"@type":"ListItem","position":2,"name":"El tr\u00e1fico a\u00e9reo de pasajeros en Am\u00e9rica Latina y el Caribe crece un 5% en 2025, seg\u00fan ACI-LAC"}]},{"@type":"WebSite","@id":"https:\/\/www.latitude-15.com\/es\/#website","url":"https:\/\/www.latitude-15.com\/es\/","name":"LATITUDE 15","description":"Aviation and maritime Magazine - Caribbean &amp; Latin America","publisher":{"@id":"https:\/\/www.latitude-15.com\/es\/#organization"},"potentialAction":[{"@type":"SearchAction","target":{"@type":"EntryPoint","urlTemplate":"https:\/\/www.latitude-15.com\/es\/?s={search_term_string}"},"query-input":{"@type":"PropertyValueSpecification","valueRequired":true,"valueName":"search_term_string"}}],"inLanguage":"es"},{"@type":"Organization","@id":"https:\/\/www.latitude-15.com\/es\/#organization","name":"LATITUDE 15","url":"https:\/\/www.latitude-15.com\/es\/","logo":{"@type":"ImageObject","inLanguage":"es","@id":"https:\/\/www.latitude-15.com\/es\/#\/schema\/logo\/image\/","url":"https:\/\/www.latitude-15.com\/wp-content\/uploads\/2026\/01\/cropped-logox500px.png","contentUrl":"https:\/\/www.latitude-15.com\/wp-content\/uploads\/2026\/01\/cropped-logox500px.png","width":62,"height":75,"caption":"LATITUDE 15"},"image":{"@id":"https:\/\/www.latitude-15.com\/es\/#\/schema\/logo\/image\/"}},{"@type":"Person","@id":"https:\/\/www.latitude-15.com\/es\/#\/schema\/person\/dac52e7ff44c78317f337da112e37252","name":"Joda J","image":{"@type":"ImageObject","inLanguage":"es","@id":"https:\/\/www.latitude-15.com\/es\/#\/schema\/person\/image\/","url":"https:\/\/secure.gravatar.com\/avatar\/6b1feae555e15404b76616f92d931d12b25ac58024f14ccb43d9d3c012e4c4cf?s=96&d=mm&r=g","contentUrl":"https:\/\/secure.gravatar.com\/avatar\/6b1feae555e15404b76616f92d931d12b25ac58024f14ccb43d9d3c012e4c4cf?s=96&d=mm&r=g","caption":"Joda J"},"url":"https:\/\/www.latitude-15.com\/es\/author\/joda\/"}]}},"_links":{"self":[{"href":"https:\/\/www.latitude-15.com\/es\/wp-json\/wp\/v2\/posts\/22327","targetHints":{"allow":["GET"]}}],"collection":[{"href":"https:\/\/www.latitude-15.com\/es\/wp-json\/wp\/v2\/posts"}],"about":[{"href":"https:\/\/www.latitude-15.com\/es\/wp-json\/wp\/v2\/types\/post"}],"author":[{"embeddable":true,"href":"https:\/\/www.latitude-15.com\/es\/wp-json\/wp\/v2\/users\/5"}],"replies":[{"embeddable":true,"href":"https:\/\/www.latitude-15.com\/es\/wp-json\/wp\/v2\/comments?post=22327"}],"version-history":[{"count":2,"href":"https:\/\/www.latitude-15.com\/es\/wp-json\/wp\/v2\/posts\/22327\/revisions"}],"predecessor-version":[{"id":22648,"href":"https:\/\/www.latitude-15.com\/es\/wp-json\/wp\/v2\/posts\/22327\/revisions\/22648"}],"wp:featuredmedia":[{"embeddable":true,"href":"https:\/\/www.latitude-15.com\/es\/wp-json\/wp\/v2\/media\/22600"}],"wp:attachment":[{"href":"https:\/\/www.latitude-15.com\/es\/wp-json\/wp\/v2\/media?parent=22327"}],"wp:term":[{"taxonomy":"category","embeddable":true,"href":"https:\/\/www.latitude-15.com\/es\/wp-json\/wp\/v2\/categories?post=22327"},{"taxonomy":"post_tag","embeddable":true,"href":"https:\/\/www.latitude-15.com\/es\/wp-json\/wp\/v2\/tags?post=22327"}],"curies":[{"name":"wp","href":"https:\/\/api.w.org\/{rel}","templated":true}]}}