{"id":22316,"date":"2026-04-01T15:16:54","date_gmt":"2026-04-01T19:16:54","guid":{"rendered":"https:\/\/www.latitude-15.com\/las-aerolineas-latinoamericanas-lideran-el-crecimiento-de-la-demanda-internacional-de-pasajeros-en-febrero-de-2026\/"},"modified":"2026-04-01T22:58:55","modified_gmt":"2026-04-02T02:58:55","slug":"las-aerolineas-latinoamericanas-lideran-el-crecimiento-de-la-demanda-internacional-de-pasajeros-en-febrero-de-2026","status":"publish","type":"post","link":"https:\/\/www.latitude-15.com\/es\/las-aerolineas-latinoamericanas-lideran-el-crecimiento-de-la-demanda-internacional-de-pasajeros-en-febrero-de-2026\/","title":{"rendered":"Las aerol\u00edneas latinoamericanas lideran el crecimiento de la demanda internacional de pasajeros en febrero de 2026"},"content":{"rendered":"\n<p><em>Nuevos datos de la IATA muestran que las aerol\u00edneas de Am\u00e9rica Latina registraron el mayor crecimiento de la demanda internacional de pasajeros entre los principales mercados de la aviaci\u00f3n, lo que pone de relieve la aceleraci\u00f3n de la recuperaci\u00f3n en la regi\u00f3n y la expansi\u00f3n de la conectividad a\u00e9rea.<\/em><\/p>\n\n<p>La demanda mundial de transporte a\u00e9reo continu\u00f3 su tendencia al alza a comienzos de 2026, con las aerol\u00edneas latinoamericanas situ\u00e1ndose entre los segmentos m\u00e1s din\u00e1micos del sector. Seg\u00fan los nuevos datos publicados por la International Air Transport Association (IATA), la demanda global de pasajeros medida en revenue passenger kilometers (RPK) aument\u00f3 un 6,1 % en febrero de 2026 en comparaci\u00f3n con febrero de 2025, lo que refleja la resiliencia sostenida de la industria de la aviaci\u00f3n a pesar de las incertidumbres geopol\u00edticas en curso. <\/p>\n\n<p>A escala global, la capacidad de las aerol\u00edneas \u2014medida en available seat kilometers (ASK)\u2014 creci\u00f3 un 5,6 % interanual, mientras que el factor de ocupaci\u00f3n del sector alcanz\u00f3 el 81,4 %, el nivel m\u00e1s alto registrado para un mes de febrero. El tr\u00e1fico internacional aument\u00f3 un 5,9 %, mientras que los mercados dom\u00e9sticos crecieron un 6,3 %, lo que confirma el impulso continuo de la demanda de viajes tanto a nivel global como regional. <\/p>\n\n<h2 class=\"wp-block-heading\">Las aerol\u00edneas latinoamericanas lideran el crecimiento de la demanda internacional<\/h2>\n\n<p>En este contexto global, las aerol\u00edneas de Am\u00e9rica Latina registraron el crecimiento m\u00e1s fuerte entre los principales mercados internacionales, reforzando la creciente importancia de la regi\u00f3n dentro del panorama global de la aviaci\u00f3n. La demanda internacional de pasajeros de las aerol\u00edneas de la regi\u00f3n aument\u00f3 un 13,5 % interanual, mientras que la capacidad se expandi\u00f3 un 9,3 %. El factor de ocupaci\u00f3n alcanz\u00f3 el 85,0 %, lo que representa un incremento de 3,1 puntos porcentuales en comparaci\u00f3n con febrero de 2025, reflejando una s\u00f3lida demanda y una mejor utilizaci\u00f3n de las aeronaves en toda la regi\u00f3n.  <\/p>\n\n<p>Estos resultados sit\u00faan a la aviaci\u00f3n latinoamericana entre los segmentos m\u00e1s din\u00e1micos de la industria global. En comparaci\u00f3n, la demanda internacional de las aerol\u00edneas europeas aument\u00f3 un 5,0 %, mientras que las aerol\u00edneas de Am\u00e9rica del Norte tambi\u00e9n registraron un crecimiento del 5,0 %. Las aerol\u00edneas de Oriente Medio experimentaron un aumento m\u00e1s moderado de 0,9 %, mientras que las aerol\u00edneas africanas registraron un crecimiento de 4,8 %. Por su parte, las aerol\u00edneas de la regi\u00f3n Asia-Pac\u00edfico registraron un crecimiento de 8,6 %, apoyado en parte por la fuerte demanda de viajes vinculada a las celebraciones del A\u00f1o Nuevo Lunar.   <\/p>\n\n<p>En conjunto, Am\u00e9rica Latina y el Caribe representaron aproximadamente el 5,4 % del tr\u00e1fico mundial de pasajeros en 2025, pero la regi\u00f3n contin\u00faa demostrando un fuerte potencial de crecimiento en relaci\u00f3n con su actual participaci\u00f3n en el mercado. <\/p>\n\n<p>La combinaci\u00f3n de flujos tur\u00edsticos en expansi\u00f3n, mejoras en la conectividad a\u00e9rea y el fortalecimiento progresivo de las redes regionales de aviaci\u00f3n est\u00e1 contribuyendo al aumento de la demanda de pasajeros en varios mercados clave.<\/p>\n\n<h2 class=\"wp-block-heading\">La demanda se mantiene s\u00f3lida pese a las incertidumbres del sector<\/h2>\n\n<p>Los mercados dom\u00e9sticos tambi\u00e9n continuaron respaldando la expansi\u00f3n global del transporte a\u00e9reo. A nivel mundial, los RPK dom\u00e9sticos crecieron un 6,3 % interanual, con una demanda particularmente fuerte registrada en Brasil y China, dos de los mayores mercados dom\u00e9sticos de aviaci\u00f3n fuera de Estados Unidos. El crecimiento de la capacidad en los mercados dom\u00e9sticos se mantuvo en l\u00ednea con el aumento de la demanda, lo que dio lugar a un factor de ocupaci\u00f3n dom\u00e9stico global relativamente estable del 82,8 %.  <\/p>\n\n<p>A pesar del s\u00f3lido desempe\u00f1o observado en febrero, las perspectivas del sector de la aviaci\u00f3n siguen condicionadas por varios factores externos. <\/p>\n\n<p>Seg\u00fan Willie Walsh, director general de la IATA, aunque los fundamentos para el crecimiento continuo de la demanda siguen siendo positivos, las tensiones geopol\u00edticas y el aumento de los precios del combustible podr\u00edan afectar la rentabilidad de las aerol\u00edneas y sus estrategias operativas en los pr\u00f3ximos meses. Los precios del combustible ya han registrado aumentos significativos y la asignaci\u00f3n de capacidad comienza a ajustarse en algunos mercados, especialmente en rutas vinculadas a Oriente Medio. <\/p>\n\n<p>Las previsiones de crecimiento de la capacidad para marzo, por ejemplo, ya han sido revisadas a la baja hasta 3,3 %, frente a expectativas anteriores superiores al 5 %, reflejando la cautela de la industria ante la evoluci\u00f3n de las condiciones globales. Aun as\u00ed, la fuerte demanda de pasajeros observada en varias regiones \u2014especialmente en Am\u00e9rica Latina\u2014 indica que el sector de la aviaci\u00f3n contin\u00faa avanzando en su proceso de recuperaci\u00f3n a medida que se fortalece la demanda de viajes internacionales. <\/p>\n","protected":false},"excerpt":{"rendered":"<p>Nuevos datos de la IATA muestran que las aerol\u00edneas de Am\u00e9rica Latina registraron el mayor crecimiento de la demanda internacional de pasajeros entre los principales mercados de la aviaci\u00f3n, lo que pone de relieve la aceleraci\u00f3n de la recuperaci\u00f3n en la regi\u00f3n y la expansi\u00f3n de la conectividad a\u00e9rea. La demanda mundial de transporte a\u00e9reo [&hellip;]<\/p>\n","protected":false},"author":5,"featured_media":22315,"comment_status":"open","ping_status":"closed","sticky":false,"template":"","format":"standard","meta":{"footnotes":""},"categories":[99,102],"tags":[],"class_list":["post-22316","post","type-post","status-publish","format-standard","has-post-thumbnail","hentry","category-aviacion","category-conectividad-aerea-y-desarrollo-de-rutas"],"yoast_head":"<!-- This site is optimized with the Yoast SEO plugin v26.9 - https:\/\/yoast.com\/product\/yoast-seo-wordpress\/ -->\n<title>Las aerol\u00edneas latinoamericanas lideran el crecimiento de la demanda internacional de pasajeros en febrero de 2026 - LATITUDE 15<\/title>\n<meta name=\"description\" content=\"Las aerol\u00edneas latinoamericanas registraron el mayor crecimiento de la demanda de pasajeros internacionales en febrero de 2026, seg\u00fan la IATA\" \/>\n<meta name=\"robots\" content=\"index, follow, max-snippet:-1, max-image-preview:large, max-video-preview:-1\" \/>\n<link rel=\"canonical\" href=\"https:\/\/www.latitude-15.com\/es\/las-aerolineas-latinoamericanas-lideran-el-crecimiento-de-la-demanda-internacional-de-pasajeros-en-febrero-de-2026\/\" \/>\n<meta property=\"og:locale\" content=\"es_ES\" \/>\n<meta property=\"og:type\" content=\"article\" \/>\n<meta property=\"og:title\" content=\"Las aerol\u00edneas latinoamericanas lideran el crecimiento de la demanda internacional de pasajeros en febrero de 2026 - LATITUDE 15\" \/>\n<meta property=\"og:description\" content=\"Las aerol\u00edneas latinoamericanas registraron el mayor crecimiento de la demanda de pasajeros internacionales en febrero de 2026, seg\u00fan la IATA\" \/>\n<meta property=\"og:url\" content=\"https:\/\/www.latitude-15.com\/es\/las-aerolineas-latinoamericanas-lideran-el-crecimiento-de-la-demanda-internacional-de-pasajeros-en-febrero-de-2026\/\" \/>\n<meta property=\"og:site_name\" content=\"LATITUDE 15\" \/>\n<meta property=\"article:published_time\" content=\"2026-04-01T19:16:54+00:00\" \/>\n<meta property=\"article:modified_time\" content=\"2026-04-02T02:58:55+00:00\" \/>\n<meta property=\"og:image\" content=\"https:\/\/www.latitude-15.com\/wp-content\/uploads\/2026\/04\/pexels-nguyendesigner-4637961.jpg\" \/>\n\t<meta property=\"og:image:width\" content=\"1920\" \/>\n\t<meta property=\"og:image:height\" content=\"1280\" \/>\n\t<meta property=\"og:image:type\" content=\"image\/jpeg\" \/>\n<meta name=\"author\" content=\"Joda J\" \/>\n<meta name=\"twitter:card\" content=\"summary_large_image\" \/>\n<meta name=\"twitter:label1\" content=\"Escrito por\" \/>\n\t<meta name=\"twitter:data1\" content=\"Joda J\" \/>\n\t<meta name=\"twitter:label2\" content=\"Tiempo de lectura\" \/>\n\t<meta name=\"twitter:data2\" content=\"4 minutos\" \/>\n<script type=\"application\/ld+json\" class=\"yoast-schema-graph\">{\"@context\":\"https:\/\/schema.org\",\"@graph\":[{\"@type\":\"Article\",\"@id\":\"https:\/\/www.latitude-15.com\/es\/las-aerolineas-latinoamericanas-lideran-el-crecimiento-de-la-demanda-internacional-de-pasajeros-en-febrero-de-2026\/#article\",\"isPartOf\":{\"@id\":\"https:\/\/www.latitude-15.com\/es\/las-aerolineas-latinoamericanas-lideran-el-crecimiento-de-la-demanda-internacional-de-pasajeros-en-febrero-de-2026\/\"},\"author\":{\"name\":\"Joda J\",\"@id\":\"https:\/\/www.latitude-15.com\/es\/#\/schema\/person\/dac52e7ff44c78317f337da112e37252\"},\"headline\":\"Las aerol\u00edneas latinoamericanas lideran el crecimiento de la demanda internacional de pasajeros en febrero de 2026\",\"datePublished\":\"2026-04-01T19:16:54+00:00\",\"dateModified\":\"2026-04-02T02:58:55+00:00\",\"mainEntityOfPage\":{\"@id\":\"https:\/\/www.latitude-15.com\/es\/las-aerolineas-latinoamericanas-lideran-el-crecimiento-de-la-demanda-internacional-de-pasajeros-en-febrero-de-2026\/\"},\"wordCount\":815,\"commentCount\":0,\"publisher\":{\"@id\":\"https:\/\/www.latitude-15.com\/es\/#organization\"},\"image\":{\"@id\":\"https:\/\/www.latitude-15.com\/es\/las-aerolineas-latinoamericanas-lideran-el-crecimiento-de-la-demanda-internacional-de-pasajeros-en-febrero-de-2026\/#primaryimage\"},\"thumbnailUrl\":\"https:\/\/www.latitude-15.com\/wp-content\/uploads\/2026\/04\/pexels-nguyendesigner-4637961.jpg\",\"articleSection\":[\"AVIACI\u00d3N\",\"Conectividad a\u00e9rea y Atractivo territorial\"],\"inLanguage\":\"es\",\"potentialAction\":[{\"@type\":\"CommentAction\",\"name\":\"Comment\",\"target\":[\"https:\/\/www.latitude-15.com\/es\/las-aerolineas-latinoamericanas-lideran-el-crecimiento-de-la-demanda-internacional-de-pasajeros-en-febrero-de-2026\/#respond\"]}]},{\"@type\":\"WebPage\",\"@id\":\"https:\/\/www.latitude-15.com\/es\/las-aerolineas-latinoamericanas-lideran-el-crecimiento-de-la-demanda-internacional-de-pasajeros-en-febrero-de-2026\/\",\"url\":\"https:\/\/www.latitude-15.com\/es\/las-aerolineas-latinoamericanas-lideran-el-crecimiento-de-la-demanda-internacional-de-pasajeros-en-febrero-de-2026\/\",\"name\":\"Las aerol\u00edneas latinoamericanas lideran el crecimiento de la demanda internacional de pasajeros en febrero de 2026 - LATITUDE 15\",\"isPartOf\":{\"@id\":\"https:\/\/www.latitude-15.com\/es\/#website\"},\"primaryImageOfPage\":{\"@id\":\"https:\/\/www.latitude-15.com\/es\/las-aerolineas-latinoamericanas-lideran-el-crecimiento-de-la-demanda-internacional-de-pasajeros-en-febrero-de-2026\/#primaryimage\"},\"image\":{\"@id\":\"https:\/\/www.latitude-15.com\/es\/las-aerolineas-latinoamericanas-lideran-el-crecimiento-de-la-demanda-internacional-de-pasajeros-en-febrero-de-2026\/#primaryimage\"},\"thumbnailUrl\":\"https:\/\/www.latitude-15.com\/wp-content\/uploads\/2026\/04\/pexels-nguyendesigner-4637961.jpg\",\"datePublished\":\"2026-04-01T19:16:54+00:00\",\"dateModified\":\"2026-04-02T02:58:55+00:00\",\"description\":\"Las aerol\u00edneas latinoamericanas registraron el mayor crecimiento de la demanda de pasajeros internacionales en febrero de 2026, seg\u00fan la IATA\",\"breadcrumb\":{\"@id\":\"https:\/\/www.latitude-15.com\/es\/las-aerolineas-latinoamericanas-lideran-el-crecimiento-de-la-demanda-internacional-de-pasajeros-en-febrero-de-2026\/#breadcrumb\"},\"inLanguage\":\"es\",\"potentialAction\":[{\"@type\":\"ReadAction\",\"target\":[\"https:\/\/www.latitude-15.com\/es\/las-aerolineas-latinoamericanas-lideran-el-crecimiento-de-la-demanda-internacional-de-pasajeros-en-febrero-de-2026\/\"]}]},{\"@type\":\"ImageObject\",\"inLanguage\":\"es\",\"@id\":\"https:\/\/www.latitude-15.com\/es\/las-aerolineas-latinoamericanas-lideran-el-crecimiento-de-la-demanda-internacional-de-pasajeros-en-febrero-de-2026\/#primaryimage\",\"url\":\"https:\/\/www.latitude-15.com\/wp-content\/uploads\/2026\/04\/pexels-nguyendesigner-4637961.jpg\",\"contentUrl\":\"https:\/\/www.latitude-15.com\/wp-content\/uploads\/2026\/04\/pexels-nguyendesigner-4637961.jpg\",\"width\":1920,\"height\":1280},{\"@type\":\"BreadcrumbList\",\"@id\":\"https:\/\/www.latitude-15.com\/es\/las-aerolineas-latinoamericanas-lideran-el-crecimiento-de-la-demanda-internacional-de-pasajeros-en-febrero-de-2026\/#breadcrumb\",\"itemListElement\":[{\"@type\":\"ListItem\",\"position\":1,\"name\":\"Home\",\"item\":\"https:\/\/www.latitude-15.com\/es\/inicio\/\"},{\"@type\":\"ListItem\",\"position\":2,\"name\":\"Las aerol\u00edneas latinoamericanas lideran el crecimiento de la demanda internacional de pasajeros en febrero de 2026\"}]},{\"@type\":\"WebSite\",\"@id\":\"https:\/\/www.latitude-15.com\/es\/#website\",\"url\":\"https:\/\/www.latitude-15.com\/es\/\",\"name\":\"LATITUDE 15\",\"description\":\"Aviation and maritime Magazine - Caribbean &amp; Latin America\",\"publisher\":{\"@id\":\"https:\/\/www.latitude-15.com\/es\/#organization\"},\"potentialAction\":[{\"@type\":\"SearchAction\",\"target\":{\"@type\":\"EntryPoint\",\"urlTemplate\":\"https:\/\/www.latitude-15.com\/es\/?s={search_term_string}\"},\"query-input\":{\"@type\":\"PropertyValueSpecification\",\"valueRequired\":true,\"valueName\":\"search_term_string\"}}],\"inLanguage\":\"es\"},{\"@type\":\"Organization\",\"@id\":\"https:\/\/www.latitude-15.com\/es\/#organization\",\"name\":\"LATITUDE 15\",\"url\":\"https:\/\/www.latitude-15.com\/es\/\",\"logo\":{\"@type\":\"ImageObject\",\"inLanguage\":\"es\",\"@id\":\"https:\/\/www.latitude-15.com\/es\/#\/schema\/logo\/image\/\",\"url\":\"https:\/\/www.latitude-15.com\/wp-content\/uploads\/2026\/01\/cropped-logox500px.png\",\"contentUrl\":\"https:\/\/www.latitude-15.com\/wp-content\/uploads\/2026\/01\/cropped-logox500px.png\",\"width\":62,\"height\":75,\"caption\":\"LATITUDE 15\"},\"image\":{\"@id\":\"https:\/\/www.latitude-15.com\/es\/#\/schema\/logo\/image\/\"}},{\"@type\":\"Person\",\"@id\":\"https:\/\/www.latitude-15.com\/es\/#\/schema\/person\/dac52e7ff44c78317f337da112e37252\",\"name\":\"Joda J\",\"image\":{\"@type\":\"ImageObject\",\"inLanguage\":\"es\",\"@id\":\"https:\/\/www.latitude-15.com\/es\/#\/schema\/person\/image\/\",\"url\":\"https:\/\/secure.gravatar.com\/avatar\/6b1feae555e15404b76616f92d931d12b25ac58024f14ccb43d9d3c012e4c4cf?s=96&d=mm&r=g\",\"contentUrl\":\"https:\/\/secure.gravatar.com\/avatar\/6b1feae555e15404b76616f92d931d12b25ac58024f14ccb43d9d3c012e4c4cf?s=96&d=mm&r=g\",\"caption\":\"Joda J\"},\"url\":\"https:\/\/www.latitude-15.com\/es\/author\/joda\/\"}]}<\/script>\n<!-- \/ Yoast SEO plugin. -->","yoast_head_json":{"title":"Las aerol\u00edneas latinoamericanas lideran el crecimiento de la demanda internacional de pasajeros en febrero de 2026 - LATITUDE 15","description":"Las aerol\u00edneas latinoamericanas registraron el mayor crecimiento de la demanda de pasajeros internacionales en febrero de 2026, seg\u00fan la IATA","robots":{"index":"index","follow":"follow","max-snippet":"max-snippet:-1","max-image-preview":"max-image-preview:large","max-video-preview":"max-video-preview:-1"},"canonical":"https:\/\/www.latitude-15.com\/es\/las-aerolineas-latinoamericanas-lideran-el-crecimiento-de-la-demanda-internacional-de-pasajeros-en-febrero-de-2026\/","og_locale":"es_ES","og_type":"article","og_title":"Las aerol\u00edneas latinoamericanas lideran el crecimiento de la demanda internacional de pasajeros en febrero de 2026 - LATITUDE 15","og_description":"Las aerol\u00edneas latinoamericanas registraron el mayor crecimiento de la demanda de pasajeros internacionales en febrero de 2026, seg\u00fan la IATA","og_url":"https:\/\/www.latitude-15.com\/es\/las-aerolineas-latinoamericanas-lideran-el-crecimiento-de-la-demanda-internacional-de-pasajeros-en-febrero-de-2026\/","og_site_name":"LATITUDE 15","article_published_time":"2026-04-01T19:16:54+00:00","article_modified_time":"2026-04-02T02:58:55+00:00","og_image":[{"width":1920,"height":1280,"url":"https:\/\/www.latitude-15.com\/wp-content\/uploads\/2026\/04\/pexels-nguyendesigner-4637961.jpg","type":"image\/jpeg"}],"author":"Joda J","twitter_card":"summary_large_image","twitter_misc":{"Escrito por":"Joda J","Tiempo de lectura":"4 minutos"},"schema":{"@context":"https:\/\/schema.org","@graph":[{"@type":"Article","@id":"https:\/\/www.latitude-15.com\/es\/las-aerolineas-latinoamericanas-lideran-el-crecimiento-de-la-demanda-internacional-de-pasajeros-en-febrero-de-2026\/#article","isPartOf":{"@id":"https:\/\/www.latitude-15.com\/es\/las-aerolineas-latinoamericanas-lideran-el-crecimiento-de-la-demanda-internacional-de-pasajeros-en-febrero-de-2026\/"},"author":{"name":"Joda J","@id":"https:\/\/www.latitude-15.com\/es\/#\/schema\/person\/dac52e7ff44c78317f337da112e37252"},"headline":"Las aerol\u00edneas latinoamericanas lideran el crecimiento de la demanda internacional de pasajeros en febrero de 2026","datePublished":"2026-04-01T19:16:54+00:00","dateModified":"2026-04-02T02:58:55+00:00","mainEntityOfPage":{"@id":"https:\/\/www.latitude-15.com\/es\/las-aerolineas-latinoamericanas-lideran-el-crecimiento-de-la-demanda-internacional-de-pasajeros-en-febrero-de-2026\/"},"wordCount":815,"commentCount":0,"publisher":{"@id":"https:\/\/www.latitude-15.com\/es\/#organization"},"image":{"@id":"https:\/\/www.latitude-15.com\/es\/las-aerolineas-latinoamericanas-lideran-el-crecimiento-de-la-demanda-internacional-de-pasajeros-en-febrero-de-2026\/#primaryimage"},"thumbnailUrl":"https:\/\/www.latitude-15.com\/wp-content\/uploads\/2026\/04\/pexels-nguyendesigner-4637961.jpg","articleSection":["AVIACI\u00d3N","Conectividad a\u00e9rea y Atractivo territorial"],"inLanguage":"es","potentialAction":[{"@type":"CommentAction","name":"Comment","target":["https:\/\/www.latitude-15.com\/es\/las-aerolineas-latinoamericanas-lideran-el-crecimiento-de-la-demanda-internacional-de-pasajeros-en-febrero-de-2026\/#respond"]}]},{"@type":"WebPage","@id":"https:\/\/www.latitude-15.com\/es\/las-aerolineas-latinoamericanas-lideran-el-crecimiento-de-la-demanda-internacional-de-pasajeros-en-febrero-de-2026\/","url":"https:\/\/www.latitude-15.com\/es\/las-aerolineas-latinoamericanas-lideran-el-crecimiento-de-la-demanda-internacional-de-pasajeros-en-febrero-de-2026\/","name":"Las aerol\u00edneas latinoamericanas lideran el crecimiento de la demanda internacional de pasajeros en febrero de 2026 - LATITUDE 15","isPartOf":{"@id":"https:\/\/www.latitude-15.com\/es\/#website"},"primaryImageOfPage":{"@id":"https:\/\/www.latitude-15.com\/es\/las-aerolineas-latinoamericanas-lideran-el-crecimiento-de-la-demanda-internacional-de-pasajeros-en-febrero-de-2026\/#primaryimage"},"image":{"@id":"https:\/\/www.latitude-15.com\/es\/las-aerolineas-latinoamericanas-lideran-el-crecimiento-de-la-demanda-internacional-de-pasajeros-en-febrero-de-2026\/#primaryimage"},"thumbnailUrl":"https:\/\/www.latitude-15.com\/wp-content\/uploads\/2026\/04\/pexels-nguyendesigner-4637961.jpg","datePublished":"2026-04-01T19:16:54+00:00","dateModified":"2026-04-02T02:58:55+00:00","description":"Las aerol\u00edneas latinoamericanas registraron el mayor crecimiento de la demanda de pasajeros internacionales en febrero de 2026, seg\u00fan la IATA","breadcrumb":{"@id":"https:\/\/www.latitude-15.com\/es\/las-aerolineas-latinoamericanas-lideran-el-crecimiento-de-la-demanda-internacional-de-pasajeros-en-febrero-de-2026\/#breadcrumb"},"inLanguage":"es","potentialAction":[{"@type":"ReadAction","target":["https:\/\/www.latitude-15.com\/es\/las-aerolineas-latinoamericanas-lideran-el-crecimiento-de-la-demanda-internacional-de-pasajeros-en-febrero-de-2026\/"]}]},{"@type":"ImageObject","inLanguage":"es","@id":"https:\/\/www.latitude-15.com\/es\/las-aerolineas-latinoamericanas-lideran-el-crecimiento-de-la-demanda-internacional-de-pasajeros-en-febrero-de-2026\/#primaryimage","url":"https:\/\/www.latitude-15.com\/wp-content\/uploads\/2026\/04\/pexels-nguyendesigner-4637961.jpg","contentUrl":"https:\/\/www.latitude-15.com\/wp-content\/uploads\/2026\/04\/pexels-nguyendesigner-4637961.jpg","width":1920,"height":1280},{"@type":"BreadcrumbList","@id":"https:\/\/www.latitude-15.com\/es\/las-aerolineas-latinoamericanas-lideran-el-crecimiento-de-la-demanda-internacional-de-pasajeros-en-febrero-de-2026\/#breadcrumb","itemListElement":[{"@type":"ListItem","position":1,"name":"Home","item":"https:\/\/www.latitude-15.com\/es\/inicio\/"},{"@type":"ListItem","position":2,"name":"Las aerol\u00edneas latinoamericanas lideran el crecimiento de la demanda internacional de pasajeros en febrero de 2026"}]},{"@type":"WebSite","@id":"https:\/\/www.latitude-15.com\/es\/#website","url":"https:\/\/www.latitude-15.com\/es\/","name":"LATITUDE 15","description":"Aviation and maritime Magazine - Caribbean &amp; Latin America","publisher":{"@id":"https:\/\/www.latitude-15.com\/es\/#organization"},"potentialAction":[{"@type":"SearchAction","target":{"@type":"EntryPoint","urlTemplate":"https:\/\/www.latitude-15.com\/es\/?s={search_term_string}"},"query-input":{"@type":"PropertyValueSpecification","valueRequired":true,"valueName":"search_term_string"}}],"inLanguage":"es"},{"@type":"Organization","@id":"https:\/\/www.latitude-15.com\/es\/#organization","name":"LATITUDE 15","url":"https:\/\/www.latitude-15.com\/es\/","logo":{"@type":"ImageObject","inLanguage":"es","@id":"https:\/\/www.latitude-15.com\/es\/#\/schema\/logo\/image\/","url":"https:\/\/www.latitude-15.com\/wp-content\/uploads\/2026\/01\/cropped-logox500px.png","contentUrl":"https:\/\/www.latitude-15.com\/wp-content\/uploads\/2026\/01\/cropped-logox500px.png","width":62,"height":75,"caption":"LATITUDE 15"},"image":{"@id":"https:\/\/www.latitude-15.com\/es\/#\/schema\/logo\/image\/"}},{"@type":"Person","@id":"https:\/\/www.latitude-15.com\/es\/#\/schema\/person\/dac52e7ff44c78317f337da112e37252","name":"Joda J","image":{"@type":"ImageObject","inLanguage":"es","@id":"https:\/\/www.latitude-15.com\/es\/#\/schema\/person\/image\/","url":"https:\/\/secure.gravatar.com\/avatar\/6b1feae555e15404b76616f92d931d12b25ac58024f14ccb43d9d3c012e4c4cf?s=96&d=mm&r=g","contentUrl":"https:\/\/secure.gravatar.com\/avatar\/6b1feae555e15404b76616f92d931d12b25ac58024f14ccb43d9d3c012e4c4cf?s=96&d=mm&r=g","caption":"Joda J"},"url":"https:\/\/www.latitude-15.com\/es\/author\/joda\/"}]}},"_links":{"self":[{"href":"https:\/\/www.latitude-15.com\/es\/wp-json\/wp\/v2\/posts\/22316","targetHints":{"allow":["GET"]}}],"collection":[{"href":"https:\/\/www.latitude-15.com\/es\/wp-json\/wp\/v2\/posts"}],"about":[{"href":"https:\/\/www.latitude-15.com\/es\/wp-json\/wp\/v2\/types\/post"}],"author":[{"embeddable":true,"href":"https:\/\/www.latitude-15.com\/es\/wp-json\/wp\/v2\/users\/5"}],"replies":[{"embeddable":true,"href":"https:\/\/www.latitude-15.com\/es\/wp-json\/wp\/v2\/comments?post=22316"}],"version-history":[{"count":1,"href":"https:\/\/www.latitude-15.com\/es\/wp-json\/wp\/v2\/posts\/22316\/revisions"}],"predecessor-version":[{"id":22317,"href":"https:\/\/www.latitude-15.com\/es\/wp-json\/wp\/v2\/posts\/22316\/revisions\/22317"}],"wp:featuredmedia":[{"embeddable":true,"href":"https:\/\/www.latitude-15.com\/es\/wp-json\/wp\/v2\/media\/22315"}],"wp:attachment":[{"href":"https:\/\/www.latitude-15.com\/es\/wp-json\/wp\/v2\/media?parent=22316"}],"wp:term":[{"taxonomy":"category","embeddable":true,"href":"https:\/\/www.latitude-15.com\/es\/wp-json\/wp\/v2\/categories?post=22316"},{"taxonomy":"post_tag","embeddable":true,"href":"https:\/\/www.latitude-15.com\/es\/wp-json\/wp\/v2\/tags?post=22316"}],"curies":[{"name":"wp","href":"https:\/\/api.w.org\/{rel}","templated":true}]}}