{"id":22266,"date":"2026-03-31T10:50:43","date_gmt":"2026-03-31T14:50:43","guid":{"rendered":"https:\/\/www.latitude-15.com\/la-red-aeroportuaria-del-pacifico-en-mexico-enfrenta-una-desaceleracion-a-comienzos-de-2026-tras-un-fuerte-crecimiento-en-2025\/"},"modified":"2026-03-31T12:55:10","modified_gmt":"2026-03-31T16:55:10","slug":"la-red-aeroportuaria-del-pacifico-en-mexico-enfrenta-una-desaceleracion-a-comienzos-de-2026-tras-un-fuerte-crecimiento-en-2025","status":"publish","type":"post","link":"https:\/\/www.latitude-15.com\/es\/la-red-aeroportuaria-del-pacifico-en-mexico-enfrenta-una-desaceleracion-a-comienzos-de-2026-tras-un-fuerte-crecimiento-en-2025\/","title":{"rendered":"La red aeroportuaria del Pac\u00edfico en M\u00e9xico enfrenta una desaceleraci\u00f3n a comienzos de 2026 tras un fuerte crecimiento en 2025"},"content":{"rendered":"\n<p>Tras un a\u00f1o marcado por un s\u00f3lido crecimiento del tr\u00e1fico de pasajeros y un fuerte desempe\u00f1o financiero, la red aeroportuaria operada por Grupo Aeroportuario del Pac\u00edfico (GAP) inicia 2026 con se\u00f1ales tempranas de volatilidad en el tr\u00e1fico. Aunque el grupo gestion\u00f3 casi 64 millones de pasajeros en 2025, los primeros meses de 2026 han mostrado descensos en el tr\u00e1fico en varios hubs importantes, reflejando interrupciones operativas, impactos meteorol\u00f3gicos en el Caribe y ajustes en la capacidad por parte de las aerol\u00edneas. <\/p>\n\n<p>Con 14 aeropuertos operados en M\u00e9xico y Jamaica, el grupo desempe\u00f1a un papel clave en la conectividad del corredor tur\u00edstico del Pac\u00edfico y en varias rutas estrat\u00e9gicas que enlazan Am\u00e9rica del Norte con destinos tur\u00edsticos mexicanos.<\/p>\n\n<h2 class=\"wp-block-heading\">Fuerte impulso financiero en 2025<\/h2>\n\n<p>El grupo cerr\u00f3 2025 con un s\u00f3lido desempe\u00f1o financiero, respaldado por una combinaci\u00f3n de crecimiento del tr\u00e1fico, ajustes tarifarios y expansi\u00f3n de las actividades comerciales en sus aeropuertos.<\/p>\n\n<p>Los ingresos totales aumentaron significativamente en comparaci\u00f3n con el a\u00f1o anterior, impulsados por un crecimiento de dos d\u00edgitos tanto en los ingresos aeron\u00e1uticos como no aeron\u00e1uticos. Estos \u00faltimos \u2014que incluyen concesiones comerciales, servicios de alimentos y bebidas, tiendas duty free y servicios de transporte\u2014 registraron una expansi\u00f3n especialmente fuerte a medida que los aeropuertos continuaron diversificando sus modelos de ingresos. <\/p>\n\n<p>La rentabilidad operativa tambi\u00e9n mejor\u00f3. El EBITDA alcanz\u00f3 aproximadamente 5.100 millones de pesos mexicanos (MXN) en el cuarto trimestre de 2025, reflejando mejoras en la eficiencia operativa y mayores rendimientos comerciales en toda la red. <\/p>\n\n<p>A pesar de esta fortaleza operativa, el beneficio neto disminuy\u00f3 en comparaci\u00f3n con el a\u00f1o anterior, principalmente debido a ajustes financieros y contables y no a una debilidad estructural de la actividad.<\/p>\n\n<h2 class=\"wp-block-heading\">El tr\u00e1fico de pasajeros alcanza casi los 64 millones<\/h2>\n\n<p>En toda la red, el tr\u00e1fico de pasajeros alcanz\u00f3 aproximadamente 63,7 millones de viajeros en 2025, lo que representa un crecimiento moderado pero estable respecto a 2024.<\/p>\n\n<p>Varios aeropuertos desempe\u00f1aron un papel clave en el mantenimiento de esta din\u00e1mica.<\/p>\n\n<p>El mayor hub del grupo, Guadalajara International Airport, gestion\u00f3 m\u00e1s de 18,7 millones de pasajeros, confirmando su posici\u00f3n como una de las principales puertas de entrada a\u00e9reas de M\u00e9xico.<\/p>\n\n<p>Por su parte, Tijuana International Airport continu\u00f3 benefici\u00e1ndose de la fuerte demanda de viajes transfronterizos entre M\u00e9xico y Estados Unidos, mientras que destinos tur\u00edsticos como Los Cabos International Airport y Puerto Vallarta International Airport mantuvieron vol\u00famenes de tr\u00e1fico s\u00f3lidos impulsados por el turismo procedente de Am\u00e9rica del Norte.<\/p>\n\n<p>En conjunto, estos aeropuertos orientados al turismo forman uno de los corredores de aviaci\u00f3n m\u00e1s din\u00e1micos de Am\u00e9rica Latina.<\/p>\n\n<h2 class=\"wp-block-heading\">Las interrupciones por huracanes afectan las operaciones en el Caribe<\/h2>\n\n<p>Mientras que los aeropuertos mexicanos registraron un crecimiento relativamente estable, las operaciones del grupo en el Caribe enfrentaron mayores desaf\u00edos.<\/p>\n\n<p>La red incluye dos aeropuertos en Jamaica: Sangster International Airport, en Montego Bay, y Norman Manley International Airport, en Kingston.<\/p>\n\n<p>Montego Bay, la principal puerta de entrada tur\u00edstica del pa\u00eds, experiment\u00f3 una ca\u00edda significativa del tr\u00e1fico tras el hurac\u00e1n Melissa, que oblig\u00f3 al cierre temporal del aeropuerto y afect\u00f3 las operaciones durante el \u00faltimo trimestre de 2025. Como consecuencia, el volumen de pasajeros descendi\u00f3 notablemente en comparaci\u00f3n con el a\u00f1o anterior. <\/p>\n\n<p>El aeropuerto de Kingston mostr\u00f3 mayor resiliencia, registrando un crecimiento moderado a pesar de las perturbaciones regionales.<\/p>\n\n<p>Estos acontecimientos ponen de relieve la vulnerabilidad de las infraestructuras aeroportuarias del Caribe frente a fen\u00f3menos meteorol\u00f3gicos extremos, especialmente en destinos altamente dependientes del turismo internacional.<\/p>\n\n<h2 class=\"wp-block-heading\">El tr\u00e1fico a comienzos de 2026 muestra se\u00f1ales de desaceleraci\u00f3n<\/h2>\n\n<p>Los datos de tr\u00e1fico de comienzos de 2026 apuntan a un panorama m\u00e1s cauteloso.<\/p>\n\n<p>En toda la red, el tr\u00e1fico de pasajeros disminuy\u00f3 2,2 % en enero de 2026, con alrededor de 5,5 millones de pasajeros registrados durante el mes. La desaceleraci\u00f3n se intensific\u00f3 en febrero, cuando el tr\u00e1fico cay\u00f3 5,5 % interanual. <\/p>\n\n<p>Varios aeropuertos clave registraron descensos durante este per\u00edodo, incluidos Tijuana y Puerto Vallarta, mientras que Guadalajara present\u00f3 una contracci\u00f3n m\u00e1s moderada.<\/p>\n\n<p>Aunque esta disminuci\u00f3n refleja en parte interrupciones temporales y no una debilidad estructural de la demanda, indica un per\u00edodo de ajuste tras la fuerte recuperaci\u00f3n registrada en los a\u00f1os anteriores.<\/p>\n\n<h2 class=\"wp-block-heading\">Interrupciones operativas afectan a hubs importantes<\/h2>\n\n<p>Eventos operativos tambi\u00e9n contribuyeron a la volatilidad del tr\u00e1fico observada a principios de 2026.<\/p>\n\n<p>Incidentes de seguridad en el oeste de M\u00e9xico provocaron una serie de cancelaciones de vuelos en varios aeropuertos de la red, especialmente en Guadalajara y Puerto Vallarta. En apenas dos d\u00edas, m\u00e1s de 200 vuelos fueron cancelados, lo que demuestra c\u00f3mo situaciones locales pueden afectar r\u00e1pidamente la programaci\u00f3n de las aerol\u00edneas y los vol\u00famenes de tr\u00e1fico aeroportuario. <\/p>\n\n<p>Este tipo de interrupciones no es inusual en redes aeroportuarias complejas y normalmente se absorben en los meses siguientes, a medida que las aerol\u00edneas ajustan sus operaciones.<\/p>\n\n<h2 class=\"wp-block-heading\">Las actividades comerciales impulsan la rentabilidad aeroportuaria<\/h2>\n\n<p>Una de las tendencias estructurales m\u00e1s destacadas en los resultados es la creciente importancia de los ingresos no aeron\u00e1uticos.<\/p>\n\n<p>Las concesiones comerciales, los servicios de alimentos y bebidas, el transporte terrestre y las actividades inmobiliarias comerciales est\u00e1n adquiriendo un papel central en los modelos de negocio aeroportuarios en todo el mundo, y la red aeroportuaria del Pac\u00edfico no es una excepci\u00f3n.<\/p>\n\n<p>La fuerte expansi\u00f3n de estos segmentos comerciales ha ayudado a compensar la volatilidad del tr\u00e1fico de pasajeros, al tiempo que mejora la rentabilidad global.<\/p>\n\n<p>Esta estrategia de diversificaci\u00f3n refleja una transformaci\u00f3n m\u00e1s amplia en la industria aeroportuaria, donde el gasto de los pasajeros y las alianzas comerciales complementan cada vez m\u00e1s los ingresos aeron\u00e1uticos tradicionales.<\/p>\n\n<h2 class=\"wp-block-heading\">Perspectivas: crecimiento moderado esperado en 2026<\/h2>\n\n<p>A pesar del inicio de a\u00f1o m\u00e1s d\u00e9bil, el grupo prev\u00e9 que el crecimiento moderado se reanude durante el resto de 2026.<\/p>\n\n<p>La direcci\u00f3n proyecta un aumento del tr\u00e1fico de pasajeros de entre 2 % y 5 %, respaldado por la demanda tur\u00edstica, la expansi\u00f3n de la conectividad a\u00e9rea y las inversiones en infraestructura en varios aeropuertos de la red.<\/p>\n\n<p>Se espera que el crecimiento de los ingresos contin\u00fae siendo s\u00f3lido, con contribuciones tanto de las actividades aeron\u00e1uticas como comerciales. El grupo tambi\u00e9n planea importantes inversiones de capital para ampliar la capacidad y modernizar las infraestructuras de su red aeroportuaria. <\/p>\n\n<h2 class=\"wp-block-heading\">Una red aeroportuaria resiliente ante una volatilidad a corto plazo<\/h2>\n\n<p>En conjunto, los resultados ponen de manifiesto la resiliencia del sistema aeroportuario, estrechamente vinculado a los flujos tur\u00edsticos y a la demanda de viajes transfronterizos.<\/p>\n\n<p>Aunque los primeros meses de 2026 reflejan cierta volatilidad \u2014provocada por fen\u00f3menos meteorol\u00f3gicos, interrupciones operativas y ajustes de las aerol\u00edneas\u2014, los fundamentos estructurales de la red siguen siendo s\u00f3lidos.<\/p>\n\n<p>Para la regi\u00f3n del Pac\u00edfico mexicano y varios destinos clave del Caribe, la recuperaci\u00f3n del tr\u00e1fico internacional y las inversiones estrat\u00e9gicas en infraestructura aeroportuaria probablemente seguir\u00e1n impulsando el crecimiento de la aviaci\u00f3n en los pr\u00f3ximos a\u00f1os.<\/p>\n","protected":false},"excerpt":{"rendered":"<p>Tras un a\u00f1o marcado por un s\u00f3lido crecimiento del tr\u00e1fico de pasajeros y un fuerte desempe\u00f1o financiero, la red aeroportuaria operada por Grupo Aeroportuario del Pac\u00edfico (GAP) inicia 2026 con se\u00f1ales tempranas de volatilidad en el tr\u00e1fico. Aunque el grupo gestion\u00f3 casi 64 millones de pasajeros en 2025, los primeros meses de 2026 han mostrado [&hellip;]<\/p>\n","protected":false},"author":5,"featured_media":22265,"comment_status":"open","ping_status":"closed","sticky":false,"template":"","format":"standard","meta":{"footnotes":""},"categories":[105,99],"tags":[],"class_list":["post-22266","post","type-post","status-publish","format-standard","has-post-thumbnail","hentry","category-aeropuertos-e-infraestructura","category-aviacion"],"yoast_head":"<!-- This site is optimized with the Yoast SEO plugin v26.9 - https:\/\/yoast.com\/product\/yoast-seo-wordpress\/ -->\n<title>Grupo Aeroportuario del Pac\u00edfico se enfrenta a principios de 2026<\/title>\n<meta name=\"description\" content=\"El tr\u00e1fico de pasajeros en la red de aeropuertos de Grupo Aeroportuario del Pac\u00edfico muestra los primeros signos de desaceleraci\u00f3n en 2026 tras un fuerte 2025\" \/>\n<meta name=\"robots\" content=\"index, follow, max-snippet:-1, max-image-preview:large, max-video-preview:-1\" \/>\n<link rel=\"canonical\" href=\"https:\/\/www.latitude-15.com\/es\/la-red-aeroportuaria-del-pacifico-en-mexico-enfrenta-una-desaceleracion-a-comienzos-de-2026-tras-un-fuerte-crecimiento-en-2025\/\" \/>\n<meta property=\"og:locale\" content=\"es_ES\" \/>\n<meta property=\"og:type\" content=\"article\" \/>\n<meta property=\"og:title\" content=\"Grupo Aeroportuario del Pac\u00edfico se enfrenta a principios de 2026\" \/>\n<meta property=\"og:description\" content=\"El tr\u00e1fico de pasajeros en la red de aeropuertos de Grupo Aeroportuario del Pac\u00edfico muestra los primeros signos de desaceleraci\u00f3n en 2026 tras un fuerte 2025\" \/>\n<meta property=\"og:url\" content=\"https:\/\/www.latitude-15.com\/es\/la-red-aeroportuaria-del-pacifico-en-mexico-enfrenta-una-desaceleracion-a-comienzos-de-2026-tras-un-fuerte-crecimiento-en-2025\/\" \/>\n<meta property=\"og:site_name\" content=\"LATITUDE 15\" \/>\n<meta property=\"article:published_time\" content=\"2026-03-31T14:50:43+00:00\" \/>\n<meta property=\"article:modified_time\" content=\"2026-03-31T16:55:10+00:00\" \/>\n<meta property=\"og:image\" content=\"https:\/\/www.latitude-15.com\/wp-content\/uploads\/2026\/03\/img7163920372610-1-1024x683.png\" \/>\n\t<meta property=\"og:image:width\" content=\"1024\" \/>\n\t<meta property=\"og:image:height\" content=\"683\" \/>\n\t<meta property=\"og:image:type\" content=\"image\/png\" \/>\n<meta name=\"author\" content=\"Joda J\" \/>\n<meta name=\"twitter:card\" content=\"summary_large_image\" \/>\n<meta name=\"twitter:label1\" content=\"Escrito por\" \/>\n\t<meta name=\"twitter:data1\" content=\"Joda J\" \/>\n\t<meta name=\"twitter:label2\" content=\"Tiempo de lectura\" \/>\n\t<meta name=\"twitter:data2\" content=\"6 minutos\" \/>\n<script type=\"application\/ld+json\" class=\"yoast-schema-graph\">{\"@context\":\"https:\/\/schema.org\",\"@graph\":[{\"@type\":\"Article\",\"@id\":\"https:\/\/www.latitude-15.com\/es\/la-red-aeroportuaria-del-pacifico-en-mexico-enfrenta-una-desaceleracion-a-comienzos-de-2026-tras-un-fuerte-crecimiento-en-2025\/#article\",\"isPartOf\":{\"@id\":\"https:\/\/www.latitude-15.com\/es\/la-red-aeroportuaria-del-pacifico-en-mexico-enfrenta-una-desaceleracion-a-comienzos-de-2026-tras-un-fuerte-crecimiento-en-2025\/\"},\"author\":{\"name\":\"Joda J\",\"@id\":\"https:\/\/www.latitude-15.com\/es\/#\/schema\/person\/dac52e7ff44c78317f337da112e37252\"},\"headline\":\"La red aeroportuaria del Pac\u00edfico en M\u00e9xico enfrenta una desaceleraci\u00f3n a comienzos de 2026 tras un fuerte crecimiento en 2025\",\"datePublished\":\"2026-03-31T14:50:43+00:00\",\"dateModified\":\"2026-03-31T16:55:10+00:00\",\"mainEntityOfPage\":{\"@id\":\"https:\/\/www.latitude-15.com\/es\/la-red-aeroportuaria-del-pacifico-en-mexico-enfrenta-una-desaceleracion-a-comienzos-de-2026-tras-un-fuerte-crecimiento-en-2025\/\"},\"wordCount\":1226,\"commentCount\":0,\"publisher\":{\"@id\":\"https:\/\/www.latitude-15.com\/es\/#organization\"},\"image\":{\"@id\":\"https:\/\/www.latitude-15.com\/es\/la-red-aeroportuaria-del-pacifico-en-mexico-enfrenta-una-desaceleracion-a-comienzos-de-2026-tras-un-fuerte-crecimiento-en-2025\/#primaryimage\"},\"thumbnailUrl\":\"https:\/\/www.latitude-15.com\/wp-content\/uploads\/2026\/03\/img7163920372610-1.png\",\"articleSection\":[\"Aeropuertos e infraestructura\",\"AVIACI\u00d3N\"],\"inLanguage\":\"es\",\"potentialAction\":[{\"@type\":\"CommentAction\",\"name\":\"Comment\",\"target\":[\"https:\/\/www.latitude-15.com\/es\/la-red-aeroportuaria-del-pacifico-en-mexico-enfrenta-una-desaceleracion-a-comienzos-de-2026-tras-un-fuerte-crecimiento-en-2025\/#respond\"]}]},{\"@type\":\"WebPage\",\"@id\":\"https:\/\/www.latitude-15.com\/es\/la-red-aeroportuaria-del-pacifico-en-mexico-enfrenta-una-desaceleracion-a-comienzos-de-2026-tras-un-fuerte-crecimiento-en-2025\/\",\"url\":\"https:\/\/www.latitude-15.com\/es\/la-red-aeroportuaria-del-pacifico-en-mexico-enfrenta-una-desaceleracion-a-comienzos-de-2026-tras-un-fuerte-crecimiento-en-2025\/\",\"name\":\"Grupo Aeroportuario del Pac\u00edfico se enfrenta a principios de 2026\",\"isPartOf\":{\"@id\":\"https:\/\/www.latitude-15.com\/es\/#website\"},\"primaryImageOfPage\":{\"@id\":\"https:\/\/www.latitude-15.com\/es\/la-red-aeroportuaria-del-pacifico-en-mexico-enfrenta-una-desaceleracion-a-comienzos-de-2026-tras-un-fuerte-crecimiento-en-2025\/#primaryimage\"},\"image\":{\"@id\":\"https:\/\/www.latitude-15.com\/es\/la-red-aeroportuaria-del-pacifico-en-mexico-enfrenta-una-desaceleracion-a-comienzos-de-2026-tras-un-fuerte-crecimiento-en-2025\/#primaryimage\"},\"thumbnailUrl\":\"https:\/\/www.latitude-15.com\/wp-content\/uploads\/2026\/03\/img7163920372610-1.png\",\"datePublished\":\"2026-03-31T14:50:43+00:00\",\"dateModified\":\"2026-03-31T16:55:10+00:00\",\"description\":\"El tr\u00e1fico de pasajeros en la red de aeropuertos de Grupo Aeroportuario del Pac\u00edfico muestra los primeros signos de desaceleraci\u00f3n en 2026 tras un fuerte 2025\",\"breadcrumb\":{\"@id\":\"https:\/\/www.latitude-15.com\/es\/la-red-aeroportuaria-del-pacifico-en-mexico-enfrenta-una-desaceleracion-a-comienzos-de-2026-tras-un-fuerte-crecimiento-en-2025\/#breadcrumb\"},\"inLanguage\":\"es\",\"potentialAction\":[{\"@type\":\"ReadAction\",\"target\":[\"https:\/\/www.latitude-15.com\/es\/la-red-aeroportuaria-del-pacifico-en-mexico-enfrenta-una-desaceleracion-a-comienzos-de-2026-tras-un-fuerte-crecimiento-en-2025\/\"]}]},{\"@type\":\"ImageObject\",\"inLanguage\":\"es\",\"@id\":\"https:\/\/www.latitude-15.com\/es\/la-red-aeroportuaria-del-pacifico-en-mexico-enfrenta-una-desaceleracion-a-comienzos-de-2026-tras-un-fuerte-crecimiento-en-2025\/#primaryimage\",\"url\":\"https:\/\/www.latitude-15.com\/wp-content\/uploads\/2026\/03\/img7163920372610-1.png\",\"contentUrl\":\"https:\/\/www.latitude-15.com\/wp-content\/uploads\/2026\/03\/img7163920372610-1.png\",\"width\":1536,\"height\":1024},{\"@type\":\"BreadcrumbList\",\"@id\":\"https:\/\/www.latitude-15.com\/es\/la-red-aeroportuaria-del-pacifico-en-mexico-enfrenta-una-desaceleracion-a-comienzos-de-2026-tras-un-fuerte-crecimiento-en-2025\/#breadcrumb\",\"itemListElement\":[{\"@type\":\"ListItem\",\"position\":1,\"name\":\"Home\",\"item\":\"https:\/\/www.latitude-15.com\/es\/inicio\/\"},{\"@type\":\"ListItem\",\"position\":2,\"name\":\"La red aeroportuaria del Pac\u00edfico en M\u00e9xico enfrenta una desaceleraci\u00f3n a comienzos de 2026 tras un fuerte crecimiento en 2025\"}]},{\"@type\":\"WebSite\",\"@id\":\"https:\/\/www.latitude-15.com\/es\/#website\",\"url\":\"https:\/\/www.latitude-15.com\/es\/\",\"name\":\"LATITUDE 15\",\"description\":\"Aviation and maritime Magazine - Caribbean &amp; Latin America\",\"publisher\":{\"@id\":\"https:\/\/www.latitude-15.com\/es\/#organization\"},\"potentialAction\":[{\"@type\":\"SearchAction\",\"target\":{\"@type\":\"EntryPoint\",\"urlTemplate\":\"https:\/\/www.latitude-15.com\/es\/?s={search_term_string}\"},\"query-input\":{\"@type\":\"PropertyValueSpecification\",\"valueRequired\":true,\"valueName\":\"search_term_string\"}}],\"inLanguage\":\"es\"},{\"@type\":\"Organization\",\"@id\":\"https:\/\/www.latitude-15.com\/es\/#organization\",\"name\":\"LATITUDE 15\",\"url\":\"https:\/\/www.latitude-15.com\/es\/\",\"logo\":{\"@type\":\"ImageObject\",\"inLanguage\":\"es\",\"@id\":\"https:\/\/www.latitude-15.com\/es\/#\/schema\/logo\/image\/\",\"url\":\"https:\/\/www.latitude-15.com\/wp-content\/uploads\/2026\/01\/cropped-logox500px.png\",\"contentUrl\":\"https:\/\/www.latitude-15.com\/wp-content\/uploads\/2026\/01\/cropped-logox500px.png\",\"width\":62,\"height\":75,\"caption\":\"LATITUDE 15\"},\"image\":{\"@id\":\"https:\/\/www.latitude-15.com\/es\/#\/schema\/logo\/image\/\"}},{\"@type\":\"Person\",\"@id\":\"https:\/\/www.latitude-15.com\/es\/#\/schema\/person\/dac52e7ff44c78317f337da112e37252\",\"name\":\"Joda J\",\"image\":{\"@type\":\"ImageObject\",\"inLanguage\":\"es\",\"@id\":\"https:\/\/www.latitude-15.com\/es\/#\/schema\/person\/image\/\",\"url\":\"https:\/\/secure.gravatar.com\/avatar\/6b1feae555e15404b76616f92d931d12b25ac58024f14ccb43d9d3c012e4c4cf?s=96&d=mm&r=g\",\"contentUrl\":\"https:\/\/secure.gravatar.com\/avatar\/6b1feae555e15404b76616f92d931d12b25ac58024f14ccb43d9d3c012e4c4cf?s=96&d=mm&r=g\",\"caption\":\"Joda J\"},\"url\":\"https:\/\/www.latitude-15.com\/es\/author\/joda\/\"}]}<\/script>\n<!-- \/ Yoast SEO plugin. -->","yoast_head_json":{"title":"Grupo Aeroportuario del Pac\u00edfico se enfrenta a principios de 2026","description":"El tr\u00e1fico de pasajeros en la red de aeropuertos de Grupo Aeroportuario del Pac\u00edfico muestra los primeros signos de desaceleraci\u00f3n en 2026 tras un fuerte 2025","robots":{"index":"index","follow":"follow","max-snippet":"max-snippet:-1","max-image-preview":"max-image-preview:large","max-video-preview":"max-video-preview:-1"},"canonical":"https:\/\/www.latitude-15.com\/es\/la-red-aeroportuaria-del-pacifico-en-mexico-enfrenta-una-desaceleracion-a-comienzos-de-2026-tras-un-fuerte-crecimiento-en-2025\/","og_locale":"es_ES","og_type":"article","og_title":"Grupo Aeroportuario del Pac\u00edfico se enfrenta a principios de 2026","og_description":"El tr\u00e1fico de pasajeros en la red de aeropuertos de Grupo Aeroportuario del Pac\u00edfico muestra los primeros signos de desaceleraci\u00f3n en 2026 tras un fuerte 2025","og_url":"https:\/\/www.latitude-15.com\/es\/la-red-aeroportuaria-del-pacifico-en-mexico-enfrenta-una-desaceleracion-a-comienzos-de-2026-tras-un-fuerte-crecimiento-en-2025\/","og_site_name":"LATITUDE 15","article_published_time":"2026-03-31T14:50:43+00:00","article_modified_time":"2026-03-31T16:55:10+00:00","og_image":[{"width":1024,"height":683,"url":"https:\/\/www.latitude-15.com\/wp-content\/uploads\/2026\/03\/img7163920372610-1-1024x683.png","type":"image\/png"}],"author":"Joda J","twitter_card":"summary_large_image","twitter_misc":{"Escrito por":"Joda J","Tiempo de lectura":"6 minutos"},"schema":{"@context":"https:\/\/schema.org","@graph":[{"@type":"Article","@id":"https:\/\/www.latitude-15.com\/es\/la-red-aeroportuaria-del-pacifico-en-mexico-enfrenta-una-desaceleracion-a-comienzos-de-2026-tras-un-fuerte-crecimiento-en-2025\/#article","isPartOf":{"@id":"https:\/\/www.latitude-15.com\/es\/la-red-aeroportuaria-del-pacifico-en-mexico-enfrenta-una-desaceleracion-a-comienzos-de-2026-tras-un-fuerte-crecimiento-en-2025\/"},"author":{"name":"Joda J","@id":"https:\/\/www.latitude-15.com\/es\/#\/schema\/person\/dac52e7ff44c78317f337da112e37252"},"headline":"La red aeroportuaria del Pac\u00edfico en M\u00e9xico enfrenta una desaceleraci\u00f3n a comienzos de 2026 tras un fuerte crecimiento en 2025","datePublished":"2026-03-31T14:50:43+00:00","dateModified":"2026-03-31T16:55:10+00:00","mainEntityOfPage":{"@id":"https:\/\/www.latitude-15.com\/es\/la-red-aeroportuaria-del-pacifico-en-mexico-enfrenta-una-desaceleracion-a-comienzos-de-2026-tras-un-fuerte-crecimiento-en-2025\/"},"wordCount":1226,"commentCount":0,"publisher":{"@id":"https:\/\/www.latitude-15.com\/es\/#organization"},"image":{"@id":"https:\/\/www.latitude-15.com\/es\/la-red-aeroportuaria-del-pacifico-en-mexico-enfrenta-una-desaceleracion-a-comienzos-de-2026-tras-un-fuerte-crecimiento-en-2025\/#primaryimage"},"thumbnailUrl":"https:\/\/www.latitude-15.com\/wp-content\/uploads\/2026\/03\/img7163920372610-1.png","articleSection":["Aeropuertos e infraestructura","AVIACI\u00d3N"],"inLanguage":"es","potentialAction":[{"@type":"CommentAction","name":"Comment","target":["https:\/\/www.latitude-15.com\/es\/la-red-aeroportuaria-del-pacifico-en-mexico-enfrenta-una-desaceleracion-a-comienzos-de-2026-tras-un-fuerte-crecimiento-en-2025\/#respond"]}]},{"@type":"WebPage","@id":"https:\/\/www.latitude-15.com\/es\/la-red-aeroportuaria-del-pacifico-en-mexico-enfrenta-una-desaceleracion-a-comienzos-de-2026-tras-un-fuerte-crecimiento-en-2025\/","url":"https:\/\/www.latitude-15.com\/es\/la-red-aeroportuaria-del-pacifico-en-mexico-enfrenta-una-desaceleracion-a-comienzos-de-2026-tras-un-fuerte-crecimiento-en-2025\/","name":"Grupo Aeroportuario del Pac\u00edfico se enfrenta a principios de 2026","isPartOf":{"@id":"https:\/\/www.latitude-15.com\/es\/#website"},"primaryImageOfPage":{"@id":"https:\/\/www.latitude-15.com\/es\/la-red-aeroportuaria-del-pacifico-en-mexico-enfrenta-una-desaceleracion-a-comienzos-de-2026-tras-un-fuerte-crecimiento-en-2025\/#primaryimage"},"image":{"@id":"https:\/\/www.latitude-15.com\/es\/la-red-aeroportuaria-del-pacifico-en-mexico-enfrenta-una-desaceleracion-a-comienzos-de-2026-tras-un-fuerte-crecimiento-en-2025\/#primaryimage"},"thumbnailUrl":"https:\/\/www.latitude-15.com\/wp-content\/uploads\/2026\/03\/img7163920372610-1.png","datePublished":"2026-03-31T14:50:43+00:00","dateModified":"2026-03-31T16:55:10+00:00","description":"El tr\u00e1fico de pasajeros en la red de aeropuertos de Grupo Aeroportuario del Pac\u00edfico muestra los primeros signos de desaceleraci\u00f3n en 2026 tras un fuerte 2025","breadcrumb":{"@id":"https:\/\/www.latitude-15.com\/es\/la-red-aeroportuaria-del-pacifico-en-mexico-enfrenta-una-desaceleracion-a-comienzos-de-2026-tras-un-fuerte-crecimiento-en-2025\/#breadcrumb"},"inLanguage":"es","potentialAction":[{"@type":"ReadAction","target":["https:\/\/www.latitude-15.com\/es\/la-red-aeroportuaria-del-pacifico-en-mexico-enfrenta-una-desaceleracion-a-comienzos-de-2026-tras-un-fuerte-crecimiento-en-2025\/"]}]},{"@type":"ImageObject","inLanguage":"es","@id":"https:\/\/www.latitude-15.com\/es\/la-red-aeroportuaria-del-pacifico-en-mexico-enfrenta-una-desaceleracion-a-comienzos-de-2026-tras-un-fuerte-crecimiento-en-2025\/#primaryimage","url":"https:\/\/www.latitude-15.com\/wp-content\/uploads\/2026\/03\/img7163920372610-1.png","contentUrl":"https:\/\/www.latitude-15.com\/wp-content\/uploads\/2026\/03\/img7163920372610-1.png","width":1536,"height":1024},{"@type":"BreadcrumbList","@id":"https:\/\/www.latitude-15.com\/es\/la-red-aeroportuaria-del-pacifico-en-mexico-enfrenta-una-desaceleracion-a-comienzos-de-2026-tras-un-fuerte-crecimiento-en-2025\/#breadcrumb","itemListElement":[{"@type":"ListItem","position":1,"name":"Home","item":"https:\/\/www.latitude-15.com\/es\/inicio\/"},{"@type":"ListItem","position":2,"name":"La red aeroportuaria del Pac\u00edfico en M\u00e9xico enfrenta una desaceleraci\u00f3n a comienzos de 2026 tras un fuerte crecimiento en 2025"}]},{"@type":"WebSite","@id":"https:\/\/www.latitude-15.com\/es\/#website","url":"https:\/\/www.latitude-15.com\/es\/","name":"LATITUDE 15","description":"Aviation and maritime Magazine - Caribbean &amp; Latin America","publisher":{"@id":"https:\/\/www.latitude-15.com\/es\/#organization"},"potentialAction":[{"@type":"SearchAction","target":{"@type":"EntryPoint","urlTemplate":"https:\/\/www.latitude-15.com\/es\/?s={search_term_string}"},"query-input":{"@type":"PropertyValueSpecification","valueRequired":true,"valueName":"search_term_string"}}],"inLanguage":"es"},{"@type":"Organization","@id":"https:\/\/www.latitude-15.com\/es\/#organization","name":"LATITUDE 15","url":"https:\/\/www.latitude-15.com\/es\/","logo":{"@type":"ImageObject","inLanguage":"es","@id":"https:\/\/www.latitude-15.com\/es\/#\/schema\/logo\/image\/","url":"https:\/\/www.latitude-15.com\/wp-content\/uploads\/2026\/01\/cropped-logox500px.png","contentUrl":"https:\/\/www.latitude-15.com\/wp-content\/uploads\/2026\/01\/cropped-logox500px.png","width":62,"height":75,"caption":"LATITUDE 15"},"image":{"@id":"https:\/\/www.latitude-15.com\/es\/#\/schema\/logo\/image\/"}},{"@type":"Person","@id":"https:\/\/www.latitude-15.com\/es\/#\/schema\/person\/dac52e7ff44c78317f337da112e37252","name":"Joda J","image":{"@type":"ImageObject","inLanguage":"es","@id":"https:\/\/www.latitude-15.com\/es\/#\/schema\/person\/image\/","url":"https:\/\/secure.gravatar.com\/avatar\/6b1feae555e15404b76616f92d931d12b25ac58024f14ccb43d9d3c012e4c4cf?s=96&d=mm&r=g","contentUrl":"https:\/\/secure.gravatar.com\/avatar\/6b1feae555e15404b76616f92d931d12b25ac58024f14ccb43d9d3c012e4c4cf?s=96&d=mm&r=g","caption":"Joda J"},"url":"https:\/\/www.latitude-15.com\/es\/author\/joda\/"}]}},"_links":{"self":[{"href":"https:\/\/www.latitude-15.com\/es\/wp-json\/wp\/v2\/posts\/22266","targetHints":{"allow":["GET"]}}],"collection":[{"href":"https:\/\/www.latitude-15.com\/es\/wp-json\/wp\/v2\/posts"}],"about":[{"href":"https:\/\/www.latitude-15.com\/es\/wp-json\/wp\/v2\/types\/post"}],"author":[{"embeddable":true,"href":"https:\/\/www.latitude-15.com\/es\/wp-json\/wp\/v2\/users\/5"}],"replies":[{"embeddable":true,"href":"https:\/\/www.latitude-15.com\/es\/wp-json\/wp\/v2\/comments?post=22266"}],"version-history":[{"count":1,"href":"https:\/\/www.latitude-15.com\/es\/wp-json\/wp\/v2\/posts\/22266\/revisions"}],"predecessor-version":[{"id":22268,"href":"https:\/\/www.latitude-15.com\/es\/wp-json\/wp\/v2\/posts\/22266\/revisions\/22268"}],"wp:featuredmedia":[{"embeddable":true,"href":"https:\/\/www.latitude-15.com\/es\/wp-json\/wp\/v2\/media\/22265"}],"wp:attachment":[{"href":"https:\/\/www.latitude-15.com\/es\/wp-json\/wp\/v2\/media?parent=22266"}],"wp:term":[{"taxonomy":"category","embeddable":true,"href":"https:\/\/www.latitude-15.com\/es\/wp-json\/wp\/v2\/categories?post=22266"},{"taxonomy":"post_tag","embeddable":true,"href":"https:\/\/www.latitude-15.com\/es\/wp-json\/wp\/v2\/tags?post=22266"}],"curies":[{"name":"wp","href":"https:\/\/api.w.org\/{rel}","templated":true}]}}