{"id":22171,"date":"2026-03-27T14:24:47","date_gmt":"2026-03-27T18:24:47","guid":{"rendered":"https:\/\/www.latitude-15.com\/latam-airlines-refuerza-la-conectividad-entre-sudamerica-y-el-caribe-con-servicio-diario-lima-aruba\/"},"modified":"2026-03-27T16:07:48","modified_gmt":"2026-03-27T20:07:48","slug":"latam-airlines-refuerza-la-conectividad-entre-sudamerica-y-el-caribe-con-servicio-diario-lima-aruba","status":"publish","type":"post","link":"https:\/\/www.latitude-15.com\/es\/latam-airlines-refuerza-la-conectividad-entre-sudamerica-y-el-caribe-con-servicio-diario-lima-aruba\/","title":{"rendered":"LATAM Airlines refuerza la conectividad entre Sudam\u00e9rica y el Caribe con servicio diario Lima\u2013Aruba"},"content":{"rendered":"\n<p>La conectividad a\u00e9rea entre Sudam\u00e9rica y el Caribe contin\u00faa profundiz\u00e1ndose mientras LATAM Airlines se prepara para ampliar su ruta Lima\u2013Aruba a un servicio diario a partir de abril de 2026. El aumento de frecuencias representa un paso importante en la estrategia de Aruba para fortalecer sus v\u00ednculos con los mercados sudamericanos, al tiempo que aprovecha la red regional de LATAM para ampliar la accesibilidad internacional de la isla. <\/p>\n\n<p>Hasta ahora operada cinco veces por semana, la ruta pasar\u00e1 a contar con siete vuelos semanales, incorporando dos frecuencias adicionales y consolidando a Lima como un importante punto de conexi\u00f3n que enlaza Aruba con el conjunto del mercado sudamericano.<\/p>\n\n<h2 class=\"wp-block-heading\">Un corredor Lima\u2013Aruba en expansi\u00f3n<\/h2>\n\n<p>La ampliaci\u00f3n supone un incremento tangible en la capacidad de asientos entre Per\u00fa y Aruba. Seg\u00fan el anuncio, los dos nuevos vuelos semanales a\u00f1adir\u00e1n 348 asientos adicionales por semana en la ruta. <\/p>\n\n<p>Una vez implementado el nuevo programa, la conexi\u00f3n Lima\u2013Aruba ofrecer\u00e1 m\u00e1s de 1.200 asientos semanales en cada direcci\u00f3n, lo que representa un incremento estimado del 40 % interanual en la capacidad de asientos para 2026.<\/p>\n\n<p>En t\u00e9rminos anuales, las frecuencias adicionales generar\u00e1n m\u00e1s de 18.000 asientos adicionales en el mercado Per\u00fa\u2013Aruba. Para los actores del sector a\u00e9reo y tur\u00edstico de Aruba, esta capacidad adicional est\u00e1 dise\u00f1ada para apoyar el crecimiento sostenido de las llegadas de visitantes desde Sudam\u00e9rica. <\/p>\n\n<h2 class=\"wp-block-heading\">Reforzando el acceso de Aruba a los mercados sudamericanos<\/h2>\n\n<p>Para el destino, esta ruta desempe\u00f1a un papel clave en la diversificaci\u00f3n de los flujos tur\u00edsticos entrantes. Los destinos del Caribe han buscado cada vez m\u00e1s expandirse m\u00e1s all\u00e1 de sus mercados tradicionales de Am\u00e9rica del Norte y Europa, y Sudam\u00e9rica ha surgido como una regi\u00f3n con gran potencial de crecimiento. <\/p>\n\n<p>Seg\u00fan Ronella Croes, CEO de la Aruba Tourism Authority, la alianza con LATAM tiene una importancia estrat\u00e9gica particular.<\/p>\n\n<p>\u201cComo aerol\u00ednea tradicional, transporta un segmento de viajeros de alto valor en toda la regi\u00f3n latinoamericana\u201d, se\u00f1al\u00f3, destacando que la conectividad reforzada fortalece los v\u00ednculos de Aruba con importantes mercados como Per\u00fa, Chile, Argentina y Brasil.<\/p>\n\n<p>La introducci\u00f3n del servicio diario facilitar\u00e1 la planificaci\u00f3n de los viajes y mejorar\u00e1 la visibilidad de Aruba dentro del panorama tur\u00edstico regional.<\/p>\n\n<h2 class=\"wp-block-heading\">El papel estrat\u00e9gico del hub de LATAM en Lima<\/h2>\n\n<p>La ruta Lima\u2013Aruba tambi\u00e9n se beneficia de la estructura de hubs de LATAM en Per\u00fa. Operada con aeronaves Airbus A320, la conexi\u00f3n enlaza Aruba directamente con el hub de LATAM en Lima, ofreciendo conexiones eficientes hacia una red m\u00e1s amplia de destinos sudamericanos. <\/p>\n\n<p>Desde Lima, los viajeros pueden acceder a importantes ciudades del continente, entre ellas Santiago, Buenos Aires, Montevideo y Quito, ampliando as\u00ed la conectividad de Aruba mucho m\u00e1s all\u00e1 del mercado peruano.<\/p>\n\n<p>Esta conectividad a trav\u00e9s del hub demuestra c\u00f3mo una sola ruta puede funcionar como puerta de entrada estrat\u00e9gica, conectando destinos del Caribe con m\u00faltiples mercados regionales y reforzando el papel de Lima como punto clave de redistribuci\u00f3n dentro de la red de LATAM.<\/p>\n\n<h2 class=\"wp-block-heading\">Las alianzas impulsan el desarrollo de rutas<\/h2>\n\n<p>La expansi\u00f3n tambi\u00e9n refleja la creciente cooperaci\u00f3n entre los sectores de aviaci\u00f3n y turismo. El anuncio se produjo tras reuniones celebradas durante Routes Americas 2026 en R\u00edo de Janeiro, uno de los principales foros regionales dedicados al desarrollo de rutas a\u00e9reas, donde aerol\u00edneas, aeropuertos y autoridades tur\u00edsticas se re\u00fanen para negociar y ampliar redes de conectividad. <\/p>\n\n<p>Durante el evento, LATAM Airlines Group recibi\u00f3 el Airline Partnership Award, en reconocimiento a su colaboraci\u00f3n con Aruba Airport Authority y los socios tur\u00edsticos en el desarrollo y fortalecimiento de la conectividad con la isla.<\/p>\n\n<p>Este tipo de alianzas se ha vuelto cada vez m\u00e1s central en las estrategias de desarrollo de rutas, ya que destinos y aerol\u00edneas trabajan conjuntamente para estimular la demanda de pasajeros y garantizar la sostenibilidad de las rutas a largo plazo.<\/p>\n\n<h2 class=\"wp-block-heading\">La fortaleza de la red regional de LATAM<\/h2>\n\n<p>La expansi\u00f3n tambi\u00e9n refleja la escala de la red de LATAM Airlines Group. Como el mayor grupo a\u00e9reo de Am\u00e9rica Latina, LATAM opera m\u00e1s de 160 destinos en cerca de 30 pa\u00edses. <\/p>\n\n<p>Su estructura multi-hub \u2014con importantes centros de conexi\u00f3n en Lima, Santiago, S\u00e3o Paulo y Bogot\u00e1\u2014 permite conectar viajeros a lo largo del continente, al tiempo que vincula Sudam\u00e9rica con destinos en Am\u00e9rica, Europa y otros mercados internacionales.<\/p>\n\n<p>En este contexto, la ruta Lima\u2013Aruba forma parte de una estrategia m\u00e1s amplia destinada a fortalecer la conectividad regional y ampliar los flujos de viaje entre Sudam\u00e9rica y los destinos del Caribe.<\/p>\n\n<h2 class=\"wp-block-heading\">Un gateway m\u00e1s s\u00f3lido para Aruba<\/h2>\n\n<p>La transici\u00f3n a un servicio diario refuerza adem\u00e1s el papel del Queen Beatrix International Airport como un importante gateway que conecta Aruba con los mercados internacionales. Al aumentar la frecuencia de vuelos y la capacidad de asientos, la ruta mejora la accesibilidad para los viajeros y respalda la estrategia de diversificaci\u00f3n tur\u00edstica de la isla a largo plazo. <\/p>\n\n<p>A medida que la demanda de viajes procedente de Sudam\u00e9rica contin\u00faa creciendo, el corredor Lima\u2013Aruba est\u00e1 llamado a desempe\u00f1ar un papel cada vez m\u00e1s relevante en la conexi\u00f3n entre este destino caribe\u00f1o y uno de los mercados emisores de turistas con mayor crecimiento en la regi\u00f3n.<\/p>\n","protected":false},"excerpt":{"rendered":"<p>La conectividad a\u00e9rea entre Sudam\u00e9rica y el Caribe contin\u00faa profundiz\u00e1ndose mientras LATAM Airlines se prepara para ampliar su ruta Lima\u2013Aruba a un servicio diario a partir de abril de 2026. El aumento de frecuencias representa un paso importante en la estrategia de Aruba para fortalecer sus v\u00ednculos con los mercados sudamericanos, al tiempo que aprovecha [&hellip;]<\/p>\n","protected":false},"author":5,"featured_media":22170,"comment_status":"open","ping_status":"closed","sticky":false,"template":"","format":"standard","meta":{"footnotes":""},"categories":[99,102],"tags":[],"class_list":["post-22171","post","type-post","status-publish","format-standard","has-post-thumbnail","hentry","category-aviacion","category-conectividad-aerea-y-desarrollo-de-rutas"],"yoast_head":"<!-- This site is optimized with the Yoast SEO plugin v26.9 - https:\/\/yoast.com\/product\/yoast-seo-wordpress\/ -->\n<title>LATAM Airlines refuerza la conectividad entre Sudam\u00e9rica y el Caribe con servicio diario Lima\u2013Aruba - LATITUDE 15<\/title>\n<meta name=\"description\" content=\"LATAM Airlines operar\u00e1 vuelos diarios entre Lima y Aruba a partir de abril de 2026, reforzando la conectividad Sudam\u00e9rica-Caribe\" \/>\n<meta name=\"robots\" content=\"index, follow, max-snippet:-1, max-image-preview:large, max-video-preview:-1\" \/>\n<link rel=\"canonical\" href=\"https:\/\/www.latitude-15.com\/es\/latam-airlines-refuerza-la-conectividad-entre-sudamerica-y-el-caribe-con-servicio-diario-lima-aruba\/\" \/>\n<meta property=\"og:locale\" content=\"es_ES\" \/>\n<meta property=\"og:type\" content=\"article\" \/>\n<meta property=\"og:title\" content=\"LATAM Airlines refuerza la conectividad entre Sudam\u00e9rica y el Caribe con servicio diario Lima\u2013Aruba - LATITUDE 15\" \/>\n<meta property=\"og:description\" content=\"LATAM Airlines operar\u00e1 vuelos diarios entre Lima y Aruba a partir de abril de 2026, reforzando la conectividad Sudam\u00e9rica-Caribe\" \/>\n<meta property=\"og:url\" content=\"https:\/\/www.latitude-15.com\/es\/latam-airlines-refuerza-la-conectividad-entre-sudamerica-y-el-caribe-con-servicio-diario-lima-aruba\/\" \/>\n<meta property=\"og:site_name\" content=\"LATITUDE 15\" \/>\n<meta property=\"article:published_time\" content=\"2026-03-27T18:24:47+00:00\" \/>\n<meta property=\"article:modified_time\" content=\"2026-03-27T20:07:48+00:00\" \/>\n<meta property=\"og:image\" content=\"https:\/\/www.latitude-15.com\/wp-content\/uploads\/2026\/03\/pexels-franco-monsalvo-252430633-29411154.jpg\" \/>\n\t<meta property=\"og:image:width\" content=\"1920\" \/>\n\t<meta property=\"og:image:height\" content=\"1280\" \/>\n\t<meta property=\"og:image:type\" content=\"image\/jpeg\" \/>\n<meta name=\"author\" content=\"Joda J\" \/>\n<meta name=\"twitter:card\" content=\"summary_large_image\" \/>\n<meta name=\"twitter:label1\" content=\"Escrito por\" \/>\n\t<meta name=\"twitter:data1\" content=\"Joda J\" \/>\n\t<meta name=\"twitter:label2\" content=\"Tiempo de lectura\" \/>\n\t<meta name=\"twitter:data2\" content=\"5 minutos\" \/>\n<script type=\"application\/ld+json\" class=\"yoast-schema-graph\">{\"@context\":\"https:\/\/schema.org\",\"@graph\":[{\"@type\":\"Article\",\"@id\":\"https:\/\/www.latitude-15.com\/es\/latam-airlines-refuerza-la-conectividad-entre-sudamerica-y-el-caribe-con-servicio-diario-lima-aruba\/#article\",\"isPartOf\":{\"@id\":\"https:\/\/www.latitude-15.com\/es\/latam-airlines-refuerza-la-conectividad-entre-sudamerica-y-el-caribe-con-servicio-diario-lima-aruba\/\"},\"author\":{\"name\":\"Joda J\",\"@id\":\"https:\/\/www.latitude-15.com\/es\/#\/schema\/person\/dac52e7ff44c78317f337da112e37252\"},\"headline\":\"LATAM Airlines refuerza la conectividad entre Sudam\u00e9rica y el Caribe con servicio diario Lima\u2013Aruba\",\"datePublished\":\"2026-03-27T18:24:47+00:00\",\"dateModified\":\"2026-03-27T20:07:48+00:00\",\"mainEntityOfPage\":{\"@id\":\"https:\/\/www.latitude-15.com\/es\/latam-airlines-refuerza-la-conectividad-entre-sudamerica-y-el-caribe-con-servicio-diario-lima-aruba\/\"},\"wordCount\":941,\"commentCount\":0,\"publisher\":{\"@id\":\"https:\/\/www.latitude-15.com\/es\/#organization\"},\"image\":{\"@id\":\"https:\/\/www.latitude-15.com\/es\/latam-airlines-refuerza-la-conectividad-entre-sudamerica-y-el-caribe-con-servicio-diario-lima-aruba\/#primaryimage\"},\"thumbnailUrl\":\"https:\/\/www.latitude-15.com\/wp-content\/uploads\/2026\/03\/pexels-franco-monsalvo-252430633-29411154.jpg\",\"articleSection\":[\"AVIACI\u00d3N\",\"Conectividad a\u00e9rea y Atractivo territorial\"],\"inLanguage\":\"es\",\"potentialAction\":[{\"@type\":\"CommentAction\",\"name\":\"Comment\",\"target\":[\"https:\/\/www.latitude-15.com\/es\/latam-airlines-refuerza-la-conectividad-entre-sudamerica-y-el-caribe-con-servicio-diario-lima-aruba\/#respond\"]}]},{\"@type\":\"WebPage\",\"@id\":\"https:\/\/www.latitude-15.com\/es\/latam-airlines-refuerza-la-conectividad-entre-sudamerica-y-el-caribe-con-servicio-diario-lima-aruba\/\",\"url\":\"https:\/\/www.latitude-15.com\/es\/latam-airlines-refuerza-la-conectividad-entre-sudamerica-y-el-caribe-con-servicio-diario-lima-aruba\/\",\"name\":\"LATAM Airlines refuerza la conectividad entre Sudam\u00e9rica y el Caribe con servicio diario Lima\u2013Aruba - LATITUDE 15\",\"isPartOf\":{\"@id\":\"https:\/\/www.latitude-15.com\/es\/#website\"},\"primaryImageOfPage\":{\"@id\":\"https:\/\/www.latitude-15.com\/es\/latam-airlines-refuerza-la-conectividad-entre-sudamerica-y-el-caribe-con-servicio-diario-lima-aruba\/#primaryimage\"},\"image\":{\"@id\":\"https:\/\/www.latitude-15.com\/es\/latam-airlines-refuerza-la-conectividad-entre-sudamerica-y-el-caribe-con-servicio-diario-lima-aruba\/#primaryimage\"},\"thumbnailUrl\":\"https:\/\/www.latitude-15.com\/wp-content\/uploads\/2026\/03\/pexels-franco-monsalvo-252430633-29411154.jpg\",\"datePublished\":\"2026-03-27T18:24:47+00:00\",\"dateModified\":\"2026-03-27T20:07:48+00:00\",\"description\":\"LATAM Airlines operar\u00e1 vuelos diarios entre Lima y Aruba a partir de abril de 2026, reforzando la conectividad Sudam\u00e9rica-Caribe\",\"breadcrumb\":{\"@id\":\"https:\/\/www.latitude-15.com\/es\/latam-airlines-refuerza-la-conectividad-entre-sudamerica-y-el-caribe-con-servicio-diario-lima-aruba\/#breadcrumb\"},\"inLanguage\":\"es\",\"potentialAction\":[{\"@type\":\"ReadAction\",\"target\":[\"https:\/\/www.latitude-15.com\/es\/latam-airlines-refuerza-la-conectividad-entre-sudamerica-y-el-caribe-con-servicio-diario-lima-aruba\/\"]}]},{\"@type\":\"ImageObject\",\"inLanguage\":\"es\",\"@id\":\"https:\/\/www.latitude-15.com\/es\/latam-airlines-refuerza-la-conectividad-entre-sudamerica-y-el-caribe-con-servicio-diario-lima-aruba\/#primaryimage\",\"url\":\"https:\/\/www.latitude-15.com\/wp-content\/uploads\/2026\/03\/pexels-franco-monsalvo-252430633-29411154.jpg\",\"contentUrl\":\"https:\/\/www.latitude-15.com\/wp-content\/uploads\/2026\/03\/pexels-franco-monsalvo-252430633-29411154.jpg\",\"width\":1920,\"height\":1280,\"caption\":\"LATAM Airlines\"},{\"@type\":\"BreadcrumbList\",\"@id\":\"https:\/\/www.latitude-15.com\/es\/latam-airlines-refuerza-la-conectividad-entre-sudamerica-y-el-caribe-con-servicio-diario-lima-aruba\/#breadcrumb\",\"itemListElement\":[{\"@type\":\"ListItem\",\"position\":1,\"name\":\"Home\",\"item\":\"https:\/\/www.latitude-15.com\/es\/inicio\/\"},{\"@type\":\"ListItem\",\"position\":2,\"name\":\"LATAM Airlines refuerza la conectividad entre Sudam\u00e9rica y el Caribe con servicio diario Lima\u2013Aruba\"}]},{\"@type\":\"WebSite\",\"@id\":\"https:\/\/www.latitude-15.com\/es\/#website\",\"url\":\"https:\/\/www.latitude-15.com\/es\/\",\"name\":\"LATITUDE 15\",\"description\":\"Aviation and maritime Magazine - Caribbean &amp; Latin America\",\"publisher\":{\"@id\":\"https:\/\/www.latitude-15.com\/es\/#organization\"},\"potentialAction\":[{\"@type\":\"SearchAction\",\"target\":{\"@type\":\"EntryPoint\",\"urlTemplate\":\"https:\/\/www.latitude-15.com\/es\/?s={search_term_string}\"},\"query-input\":{\"@type\":\"PropertyValueSpecification\",\"valueRequired\":true,\"valueName\":\"search_term_string\"}}],\"inLanguage\":\"es\"},{\"@type\":\"Organization\",\"@id\":\"https:\/\/www.latitude-15.com\/es\/#organization\",\"name\":\"LATITUDE 15\",\"url\":\"https:\/\/www.latitude-15.com\/es\/\",\"logo\":{\"@type\":\"ImageObject\",\"inLanguage\":\"es\",\"@id\":\"https:\/\/www.latitude-15.com\/es\/#\/schema\/logo\/image\/\",\"url\":\"https:\/\/www.latitude-15.com\/wp-content\/uploads\/2026\/01\/cropped-logox500px.png\",\"contentUrl\":\"https:\/\/www.latitude-15.com\/wp-content\/uploads\/2026\/01\/cropped-logox500px.png\",\"width\":62,\"height\":75,\"caption\":\"LATITUDE 15\"},\"image\":{\"@id\":\"https:\/\/www.latitude-15.com\/es\/#\/schema\/logo\/image\/\"}},{\"@type\":\"Person\",\"@id\":\"https:\/\/www.latitude-15.com\/es\/#\/schema\/person\/dac52e7ff44c78317f337da112e37252\",\"name\":\"Joda J\",\"image\":{\"@type\":\"ImageObject\",\"inLanguage\":\"es\",\"@id\":\"https:\/\/www.latitude-15.com\/es\/#\/schema\/person\/image\/\",\"url\":\"https:\/\/secure.gravatar.com\/avatar\/6b1feae555e15404b76616f92d931d12b25ac58024f14ccb43d9d3c012e4c4cf?s=96&d=mm&r=g\",\"contentUrl\":\"https:\/\/secure.gravatar.com\/avatar\/6b1feae555e15404b76616f92d931d12b25ac58024f14ccb43d9d3c012e4c4cf?s=96&d=mm&r=g\",\"caption\":\"Joda J\"},\"url\":\"https:\/\/www.latitude-15.com\/es\/author\/joda\/\"}]}<\/script>\n<!-- \/ Yoast SEO plugin. -->","yoast_head_json":{"title":"LATAM Airlines refuerza la conectividad entre Sudam\u00e9rica y el Caribe con servicio diario Lima\u2013Aruba - LATITUDE 15","description":"LATAM Airlines operar\u00e1 vuelos diarios entre Lima y Aruba a partir de abril de 2026, reforzando la conectividad Sudam\u00e9rica-Caribe","robots":{"index":"index","follow":"follow","max-snippet":"max-snippet:-1","max-image-preview":"max-image-preview:large","max-video-preview":"max-video-preview:-1"},"canonical":"https:\/\/www.latitude-15.com\/es\/latam-airlines-refuerza-la-conectividad-entre-sudamerica-y-el-caribe-con-servicio-diario-lima-aruba\/","og_locale":"es_ES","og_type":"article","og_title":"LATAM Airlines refuerza la conectividad entre Sudam\u00e9rica y el Caribe con servicio diario Lima\u2013Aruba - LATITUDE 15","og_description":"LATAM Airlines operar\u00e1 vuelos diarios entre Lima y Aruba a partir de abril de 2026, reforzando la conectividad Sudam\u00e9rica-Caribe","og_url":"https:\/\/www.latitude-15.com\/es\/latam-airlines-refuerza-la-conectividad-entre-sudamerica-y-el-caribe-con-servicio-diario-lima-aruba\/","og_site_name":"LATITUDE 15","article_published_time":"2026-03-27T18:24:47+00:00","article_modified_time":"2026-03-27T20:07:48+00:00","og_image":[{"width":1920,"height":1280,"url":"https:\/\/www.latitude-15.com\/wp-content\/uploads\/2026\/03\/pexels-franco-monsalvo-252430633-29411154.jpg","type":"image\/jpeg"}],"author":"Joda J","twitter_card":"summary_large_image","twitter_misc":{"Escrito por":"Joda J","Tiempo de lectura":"5 minutos"},"schema":{"@context":"https:\/\/schema.org","@graph":[{"@type":"Article","@id":"https:\/\/www.latitude-15.com\/es\/latam-airlines-refuerza-la-conectividad-entre-sudamerica-y-el-caribe-con-servicio-diario-lima-aruba\/#article","isPartOf":{"@id":"https:\/\/www.latitude-15.com\/es\/latam-airlines-refuerza-la-conectividad-entre-sudamerica-y-el-caribe-con-servicio-diario-lima-aruba\/"},"author":{"name":"Joda J","@id":"https:\/\/www.latitude-15.com\/es\/#\/schema\/person\/dac52e7ff44c78317f337da112e37252"},"headline":"LATAM Airlines refuerza la conectividad entre Sudam\u00e9rica y el Caribe con servicio diario Lima\u2013Aruba","datePublished":"2026-03-27T18:24:47+00:00","dateModified":"2026-03-27T20:07:48+00:00","mainEntityOfPage":{"@id":"https:\/\/www.latitude-15.com\/es\/latam-airlines-refuerza-la-conectividad-entre-sudamerica-y-el-caribe-con-servicio-diario-lima-aruba\/"},"wordCount":941,"commentCount":0,"publisher":{"@id":"https:\/\/www.latitude-15.com\/es\/#organization"},"image":{"@id":"https:\/\/www.latitude-15.com\/es\/latam-airlines-refuerza-la-conectividad-entre-sudamerica-y-el-caribe-con-servicio-diario-lima-aruba\/#primaryimage"},"thumbnailUrl":"https:\/\/www.latitude-15.com\/wp-content\/uploads\/2026\/03\/pexels-franco-monsalvo-252430633-29411154.jpg","articleSection":["AVIACI\u00d3N","Conectividad a\u00e9rea y Atractivo territorial"],"inLanguage":"es","potentialAction":[{"@type":"CommentAction","name":"Comment","target":["https:\/\/www.latitude-15.com\/es\/latam-airlines-refuerza-la-conectividad-entre-sudamerica-y-el-caribe-con-servicio-diario-lima-aruba\/#respond"]}]},{"@type":"WebPage","@id":"https:\/\/www.latitude-15.com\/es\/latam-airlines-refuerza-la-conectividad-entre-sudamerica-y-el-caribe-con-servicio-diario-lima-aruba\/","url":"https:\/\/www.latitude-15.com\/es\/latam-airlines-refuerza-la-conectividad-entre-sudamerica-y-el-caribe-con-servicio-diario-lima-aruba\/","name":"LATAM Airlines refuerza la conectividad entre Sudam\u00e9rica y el Caribe con servicio diario Lima\u2013Aruba - LATITUDE 15","isPartOf":{"@id":"https:\/\/www.latitude-15.com\/es\/#website"},"primaryImageOfPage":{"@id":"https:\/\/www.latitude-15.com\/es\/latam-airlines-refuerza-la-conectividad-entre-sudamerica-y-el-caribe-con-servicio-diario-lima-aruba\/#primaryimage"},"image":{"@id":"https:\/\/www.latitude-15.com\/es\/latam-airlines-refuerza-la-conectividad-entre-sudamerica-y-el-caribe-con-servicio-diario-lima-aruba\/#primaryimage"},"thumbnailUrl":"https:\/\/www.latitude-15.com\/wp-content\/uploads\/2026\/03\/pexels-franco-monsalvo-252430633-29411154.jpg","datePublished":"2026-03-27T18:24:47+00:00","dateModified":"2026-03-27T20:07:48+00:00","description":"LATAM Airlines operar\u00e1 vuelos diarios entre Lima y Aruba a partir de abril de 2026, reforzando la conectividad Sudam\u00e9rica-Caribe","breadcrumb":{"@id":"https:\/\/www.latitude-15.com\/es\/latam-airlines-refuerza-la-conectividad-entre-sudamerica-y-el-caribe-con-servicio-diario-lima-aruba\/#breadcrumb"},"inLanguage":"es","potentialAction":[{"@type":"ReadAction","target":["https:\/\/www.latitude-15.com\/es\/latam-airlines-refuerza-la-conectividad-entre-sudamerica-y-el-caribe-con-servicio-diario-lima-aruba\/"]}]},{"@type":"ImageObject","inLanguage":"es","@id":"https:\/\/www.latitude-15.com\/es\/latam-airlines-refuerza-la-conectividad-entre-sudamerica-y-el-caribe-con-servicio-diario-lima-aruba\/#primaryimage","url":"https:\/\/www.latitude-15.com\/wp-content\/uploads\/2026\/03\/pexels-franco-monsalvo-252430633-29411154.jpg","contentUrl":"https:\/\/www.latitude-15.com\/wp-content\/uploads\/2026\/03\/pexels-franco-monsalvo-252430633-29411154.jpg","width":1920,"height":1280,"caption":"LATAM Airlines"},{"@type":"BreadcrumbList","@id":"https:\/\/www.latitude-15.com\/es\/latam-airlines-refuerza-la-conectividad-entre-sudamerica-y-el-caribe-con-servicio-diario-lima-aruba\/#breadcrumb","itemListElement":[{"@type":"ListItem","position":1,"name":"Home","item":"https:\/\/www.latitude-15.com\/es\/inicio\/"},{"@type":"ListItem","position":2,"name":"LATAM Airlines refuerza la conectividad entre Sudam\u00e9rica y el Caribe con servicio diario Lima\u2013Aruba"}]},{"@type":"WebSite","@id":"https:\/\/www.latitude-15.com\/es\/#website","url":"https:\/\/www.latitude-15.com\/es\/","name":"LATITUDE 15","description":"Aviation and maritime Magazine - Caribbean &amp; Latin America","publisher":{"@id":"https:\/\/www.latitude-15.com\/es\/#organization"},"potentialAction":[{"@type":"SearchAction","target":{"@type":"EntryPoint","urlTemplate":"https:\/\/www.latitude-15.com\/es\/?s={search_term_string}"},"query-input":{"@type":"PropertyValueSpecification","valueRequired":true,"valueName":"search_term_string"}}],"inLanguage":"es"},{"@type":"Organization","@id":"https:\/\/www.latitude-15.com\/es\/#organization","name":"LATITUDE 15","url":"https:\/\/www.latitude-15.com\/es\/","logo":{"@type":"ImageObject","inLanguage":"es","@id":"https:\/\/www.latitude-15.com\/es\/#\/schema\/logo\/image\/","url":"https:\/\/www.latitude-15.com\/wp-content\/uploads\/2026\/01\/cropped-logox500px.png","contentUrl":"https:\/\/www.latitude-15.com\/wp-content\/uploads\/2026\/01\/cropped-logox500px.png","width":62,"height":75,"caption":"LATITUDE 15"},"image":{"@id":"https:\/\/www.latitude-15.com\/es\/#\/schema\/logo\/image\/"}},{"@type":"Person","@id":"https:\/\/www.latitude-15.com\/es\/#\/schema\/person\/dac52e7ff44c78317f337da112e37252","name":"Joda J","image":{"@type":"ImageObject","inLanguage":"es","@id":"https:\/\/www.latitude-15.com\/es\/#\/schema\/person\/image\/","url":"https:\/\/secure.gravatar.com\/avatar\/6b1feae555e15404b76616f92d931d12b25ac58024f14ccb43d9d3c012e4c4cf?s=96&d=mm&r=g","contentUrl":"https:\/\/secure.gravatar.com\/avatar\/6b1feae555e15404b76616f92d931d12b25ac58024f14ccb43d9d3c012e4c4cf?s=96&d=mm&r=g","caption":"Joda J"},"url":"https:\/\/www.latitude-15.com\/es\/author\/joda\/"}]}},"_links":{"self":[{"href":"https:\/\/www.latitude-15.com\/es\/wp-json\/wp\/v2\/posts\/22171","targetHints":{"allow":["GET"]}}],"collection":[{"href":"https:\/\/www.latitude-15.com\/es\/wp-json\/wp\/v2\/posts"}],"about":[{"href":"https:\/\/www.latitude-15.com\/es\/wp-json\/wp\/v2\/types\/post"}],"author":[{"embeddable":true,"href":"https:\/\/www.latitude-15.com\/es\/wp-json\/wp\/v2\/users\/5"}],"replies":[{"embeddable":true,"href":"https:\/\/www.latitude-15.com\/es\/wp-json\/wp\/v2\/comments?post=22171"}],"version-history":[{"count":1,"href":"https:\/\/www.latitude-15.com\/es\/wp-json\/wp\/v2\/posts\/22171\/revisions"}],"predecessor-version":[{"id":22172,"href":"https:\/\/www.latitude-15.com\/es\/wp-json\/wp\/v2\/posts\/22171\/revisions\/22172"}],"wp:featuredmedia":[{"embeddable":true,"href":"https:\/\/www.latitude-15.com\/es\/wp-json\/wp\/v2\/media\/22170"}],"wp:attachment":[{"href":"https:\/\/www.latitude-15.com\/es\/wp-json\/wp\/v2\/media?parent=22171"}],"wp:term":[{"taxonomy":"category","embeddable":true,"href":"https:\/\/www.latitude-15.com\/es\/wp-json\/wp\/v2\/categories?post=22171"},{"taxonomy":"post_tag","embeddable":true,"href":"https:\/\/www.latitude-15.com\/es\/wp-json\/wp\/v2\/tags?post=22171"}],"curies":[{"name":"wp","href":"https:\/\/api.w.org\/{rel}","templated":true}]}}