{"id":22076,"date":"2026-03-26T09:29:16","date_gmt":"2026-03-26T13:29:16","guid":{"rendered":"https:\/\/www.latitude-15.com\/los-mercados-de-tamano-medio-impulsan-el-crecimiento-del-transporte-aereo-de-carga-en-america-latina-en-2025\/"},"modified":"2026-03-26T11:02:55","modified_gmt":"2026-03-26T15:02:55","slug":"los-mercados-de-tamano-medio-impulsan-el-crecimiento-del-transporte-aereo-de-carga-en-america-latina-en-2025","status":"publish","type":"post","link":"https:\/\/www.latitude-15.com\/es\/los-mercados-de-tamano-medio-impulsan-el-crecimiento-del-transporte-aereo-de-carga-en-america-latina-en-2025\/","title":{"rendered":"Los mercados de tama\u00f1o medio impulsan el crecimiento del transporte a\u00e9reo de carga en Am\u00e9rica Latina en 2025"},"content":{"rendered":"\n<p><strong>Mientras que los principales mercados de carga de la regi\u00f3n se mantuvieron en gran medida estables, la fuerte expansi\u00f3n de varias econom\u00edas de tama\u00f1o medio impuls\u00f3 el crecimiento del transporte a\u00e9reo internacional de carga en Am\u00e9rica Latina y el Caribe, que aument\u00f3 un 3,2 % en 2025.<\/strong><\/p>\n\n<p>El tr\u00e1fico internacional de carga a\u00e9rea en la regi\u00f3n alcanz\u00f3 4,1 millones de toneladas m\u00e9tricas en 2025, lo que representa un crecimiento interanual del 3,2 %, seg\u00fan los datos m\u00e1s recientes de la Latin American and Caribbean Air Transport Association (ALTA).<\/p>\n\n<p>Sin embargo, la expansi\u00f3n regional no estuvo impulsada por los mayores mercados, que registraron variaciones limitadas en comparaci\u00f3n con el a\u00f1o anterior. En cambio, los mercados de tama\u00f1o medio presentaron las tasas de crecimiento m\u00e1s elevadas, desempe\u00f1ando un papel clave en el desempe\u00f1o general del sector de carga a\u00e9rea en la regi\u00f3n. <\/p>\n\n<h2 class=\"wp-block-heading\">Los principales mercados se mantuvieron relativamente estables<\/h2>\n\n<p>Los tres mayores mercados de carga a\u00e9rea de la regi\u00f3n \u2014Brasil, Colombia y M\u00e9xico\u2014 representaron conjuntamente casi el 60 % del volumen total de carga internacional en 2025. No obstante, su desempe\u00f1o se mantuvo en gran medida estable. <\/p>\n\n<p>Brasil gestion\u00f3 880.930 toneladas m\u00e9tricas, lo que supone una disminuci\u00f3n interanual del 1,2 %, mientras que M\u00e9xico registr\u00f3 una ligera contracci\u00f3n del 0,3 %, con 661.429 toneladas transportadas.<\/p>\n\n<p>Colombia, el segundo mayor mercado de carga a\u00e9rea de la regi\u00f3n, registr\u00f3 un crecimiento moderado del 1,6 %, alcanzando 818.415 toneladas.<\/p>\n\n<p>La limitada variaci\u00f3n observada en estos grandes mercados significa que el crecimiento regional del transporte a\u00e9reo de carga fue sostenido principalmente por econom\u00edas m\u00e1s peque\u00f1as que registraron tasas de expansi\u00f3n significativamente m\u00e1s elevadas.<\/p>\n\n<h2 class=\"wp-block-heading\">Los mercados de tama\u00f1o medio emergen como motores del crecimiento<\/h2>\n\n<p>Varios mercados de tama\u00f1o medio registraron crecimientos de dos d\u00edgitos en los vol\u00famenes internacionales de carga a\u00e9rea en 2025, lo que pone de manifiesto su creciente importancia dentro de la red log\u00edstica regional.<\/p>\n\n<p>Per\u00fa lider\u00f3 la expansi\u00f3n, con un incremento del 15,4 % en el tr\u00e1fico de carga. Otros mercados con un desempe\u00f1o destacado fueron Panam\u00e1 (+14,7 %), Argentina (+11,1 %), Costa Rica (+10,9 %) y El Salvador (+10,7 %). <\/p>\n\n<p>Aunque estos mercados representan una proporci\u00f3n menor del volumen total de carga en comparaci\u00f3n con las principales econom\u00edas de la regi\u00f3n, su crecimiento contribuy\u00f3 a sostener la expansi\u00f3n general del sector de carga a\u00e9rea en Am\u00e9rica Latina.<\/p>\n\n<p>Los datos sugieren que un n\u00famero cada vez mayor de pa\u00edses se est\u00e1 integrando en las cadenas log\u00edsticas regionales y globales, favoreciendo el desarrollo de nuevos flujos de carga en la regi\u00f3n.<\/p>\n\n<h2 class=\"wp-block-heading\">Estados Unidos sigue siendo el principal socio comercial<\/h2>\n\n<p>A pesar de la diversificaci\u00f3n del crecimiento en varios mercados, la estructura de los flujos internacionales de carga en Am\u00e9rica Latina contin\u00faa fuertemente concentrada en el comercio con Estados Unidos.<\/p>\n\n<p>En 2025, el 49,1 % de la carga internacional de la regi\u00f3n tuvo Am\u00e9rica del Norte como origen o destino, lo que confirma a Estados Unidos como el principal socio comercial externo del sector de carga a\u00e9rea latinoamericano.<\/p>\n\n<p>El corredor Colombia\u2013Estados Unidos se mantuvo como la principal ruta internacional de carga en Am\u00e9rica Latina, con 500.333 toneladas m\u00e9tricas transportadas entre ambos pa\u00edses durante el a\u00f1o.<\/p>\n\n<p>Otros flujos relevantes de carga en la regi\u00f3n tambi\u00e9n est\u00e1n estrechamente vinculados a los mercados estadounidenses, reflejando el fuerte nivel de integraci\u00f3n comercial entre Am\u00e9rica Latina y Am\u00e9rica del Norte.<\/p>\n\n<h2 class=\"wp-block-heading\">Los flujos de carga se concentran en un n\u00famero limitado de hubs<\/h2>\n\n<p>Las operaciones de carga a\u00e9rea en Am\u00e9rica Latina tambi\u00e9n siguen altamente concentradas en un n\u00famero reducido de grandes aeropuertos, que act\u00faan como principales puertas de entrada del comercio internacional de mercanc\u00edas.<\/p>\n\n<p>Entre los principales hubs de carga de la regi\u00f3n se encuentran S\u00e3o Paulo\u2013Guarulhos (GRU) en Brasil, Bogot\u00e1 (BOG) en Colombia, Santiago (SCL) en Chile, Lima (LIM) en Per\u00fa y Panama City\u2013Tocumen (PTY) en Panam\u00e1.<\/p>\n\n<p>Estos aeropuertos gestionan la mayor parte del tr\u00e1fico internacional de carga en sus respectivos pa\u00edses y contin\u00faan desempe\u00f1ando un papel central en la conectividad log\u00edstica regional.<\/p>\n\n<h2 class=\"wp-block-heading\">Se\u00f1ales de un panorama de carga m\u00e1s diversificado<\/h2>\n\n<p>Aunque las mayores econom\u00edas siguen siendo la base de la red regional de carga a\u00e9rea, el s\u00f3lido desempe\u00f1o de los mercados de tama\u00f1o medio en 2025 sugiere una diversificaci\u00f3n progresiva de la actividad de carga en Am\u00e9rica Latina.<\/p>\n\n<p>Esta expansi\u00f3n refleja tanto el desarrollo de infraestructuras log\u00edsticas como la creciente participaci\u00f3n de un mayor n\u00famero de econom\u00edas en las cadenas globales de suministro.<\/p>\n\n<p>\u00abEl crecimiento del transporte a\u00e9reo de carga en 2025 fue moderado pero constante. Los mercados de tama\u00f1o medio registraron incrementos de dos d\u00edgitos, mientras que los mayores mercados de la regi\u00f3n mostraron variaciones limitadas\u00bb, afirm\u00f3 Peter Cerd\u00e1, CEO de ALTA.<\/p>\n\n<p>\u00abEstos resultados ponen de relieve tanto el potencial log\u00edstico de Am\u00e9rica Latina y el Caribe como la importancia de seguir fortaleciendo la infraestructura y las condiciones operativas para mejorar la competitividad\u00bb.<\/p>\n","protected":false},"excerpt":{"rendered":"<p>Mientras que los principales mercados de carga de la regi\u00f3n se mantuvieron en gran medida estables, la fuerte expansi\u00f3n de varias econom\u00edas de tama\u00f1o medio impuls\u00f3 el crecimiento del transporte a\u00e9reo internacional de carga en Am\u00e9rica Latina y el Caribe, que aument\u00f3 un 3,2 % en 2025. El tr\u00e1fico internacional de carga a\u00e9rea en la [&hellip;]<\/p>\n","protected":false},"author":5,"featured_media":22075,"comment_status":"open","ping_status":"closed","sticky":false,"template":"","format":"standard","meta":{"footnotes":""},"categories":[105,99],"tags":[],"class_list":["post-22076","post","type-post","status-publish","format-standard","has-post-thumbnail","hentry","category-aeropuertos-e-infraestructura","category-aviacion"],"yoast_head":"<!-- This site is optimized with the Yoast SEO plugin v26.9 - https:\/\/yoast.com\/product\/yoast-seo-wordpress\/ -->\n<title>Los mercados de tama\u00f1o medio impulsan el crecimiento del transporte a\u00e9reo de carga en Am\u00e9rica Latina en 2025 - LATITUDE 15<\/title>\n<meta name=\"description\" content=\"Los vol\u00famenes de carga a\u00e9rea en Am\u00e9rica Latina y el Caribe alcanzaron 4,1 millones de toneladas en 2025, con los mercados de tama\u00f1o medio impulsando la mayor parte del crecimiento de la regi\u00f3n.\" \/>\n<meta name=\"robots\" content=\"index, follow, max-snippet:-1, max-image-preview:large, max-video-preview:-1\" \/>\n<link rel=\"canonical\" href=\"https:\/\/www.latitude-15.com\/es\/los-mercados-de-tamano-medio-impulsan-el-crecimiento-del-transporte-aereo-de-carga-en-america-latina-en-2025\/\" \/>\n<meta property=\"og:locale\" content=\"es_ES\" \/>\n<meta property=\"og:type\" content=\"article\" \/>\n<meta property=\"og:title\" content=\"Los mercados de tama\u00f1o medio impulsan el crecimiento del transporte a\u00e9reo de carga en Am\u00e9rica Latina en 2025 - LATITUDE 15\" \/>\n<meta property=\"og:description\" content=\"Los vol\u00famenes de carga a\u00e9rea en Am\u00e9rica Latina y el Caribe alcanzaron 4,1 millones de toneladas en 2025, con los mercados de tama\u00f1o medio impulsando la mayor parte del crecimiento de la regi\u00f3n.\" \/>\n<meta property=\"og:url\" content=\"https:\/\/www.latitude-15.com\/es\/los-mercados-de-tamano-medio-impulsan-el-crecimiento-del-transporte-aereo-de-carga-en-america-latina-en-2025\/\" \/>\n<meta property=\"og:site_name\" content=\"LATITUDE 15\" \/>\n<meta property=\"article:published_time\" content=\"2026-03-26T13:29:16+00:00\" \/>\n<meta property=\"article:modified_time\" content=\"2026-03-26T15:02:55+00:00\" \/>\n<meta property=\"og:image\" content=\"https:\/\/www.latitude-15.com\/wp-content\/uploads\/2026\/03\/2151541893.jpg\" \/>\n\t<meta property=\"og:image:width\" content=\"1500\" \/>\n\t<meta property=\"og:image:height\" content=\"1000\" \/>\n\t<meta property=\"og:image:type\" content=\"image\/jpeg\" \/>\n<meta name=\"author\" content=\"Joda J\" \/>\n<meta name=\"twitter:card\" content=\"summary_large_image\" \/>\n<meta name=\"twitter:label1\" content=\"Escrito por\" \/>\n\t<meta name=\"twitter:data1\" content=\"Joda J\" \/>\n\t<meta name=\"twitter:label2\" content=\"Tiempo de lectura\" \/>\n\t<meta name=\"twitter:data2\" content=\"4 minutos\" \/>\n<script type=\"application\/ld+json\" class=\"yoast-schema-graph\">{\"@context\":\"https:\/\/schema.org\",\"@graph\":[{\"@type\":\"Article\",\"@id\":\"https:\/\/www.latitude-15.com\/es\/los-mercados-de-tamano-medio-impulsan-el-crecimiento-del-transporte-aereo-de-carga-en-america-latina-en-2025\/#article\",\"isPartOf\":{\"@id\":\"https:\/\/www.latitude-15.com\/es\/los-mercados-de-tamano-medio-impulsan-el-crecimiento-del-transporte-aereo-de-carga-en-america-latina-en-2025\/\"},\"author\":{\"name\":\"Joda J\",\"@id\":\"https:\/\/www.latitude-15.com\/es\/#\/schema\/person\/dac52e7ff44c78317f337da112e37252\"},\"headline\":\"Los mercados de tama\u00f1o medio impulsan el crecimiento del transporte a\u00e9reo de carga en Am\u00e9rica Latina en 2025\",\"datePublished\":\"2026-03-26T13:29:16+00:00\",\"dateModified\":\"2026-03-26T15:02:55+00:00\",\"mainEntityOfPage\":{\"@id\":\"https:\/\/www.latitude-15.com\/es\/los-mercados-de-tamano-medio-impulsan-el-crecimiento-del-transporte-aereo-de-carga-en-america-latina-en-2025\/\"},\"wordCount\":889,\"commentCount\":0,\"publisher\":{\"@id\":\"https:\/\/www.latitude-15.com\/es\/#organization\"},\"image\":{\"@id\":\"https:\/\/www.latitude-15.com\/es\/los-mercados-de-tamano-medio-impulsan-el-crecimiento-del-transporte-aereo-de-carga-en-america-latina-en-2025\/#primaryimage\"},\"thumbnailUrl\":\"https:\/\/www.latitude-15.com\/wp-content\/uploads\/2026\/03\/2151541893.jpg\",\"articleSection\":[\"Aeropuertos e infraestructura\",\"AVIACI\u00d3N\"],\"inLanguage\":\"es\",\"potentialAction\":[{\"@type\":\"CommentAction\",\"name\":\"Comment\",\"target\":[\"https:\/\/www.latitude-15.com\/es\/los-mercados-de-tamano-medio-impulsan-el-crecimiento-del-transporte-aereo-de-carga-en-america-latina-en-2025\/#respond\"]}]},{\"@type\":\"WebPage\",\"@id\":\"https:\/\/www.latitude-15.com\/es\/los-mercados-de-tamano-medio-impulsan-el-crecimiento-del-transporte-aereo-de-carga-en-america-latina-en-2025\/\",\"url\":\"https:\/\/www.latitude-15.com\/es\/los-mercados-de-tamano-medio-impulsan-el-crecimiento-del-transporte-aereo-de-carga-en-america-latina-en-2025\/\",\"name\":\"Los mercados de tama\u00f1o medio impulsan el crecimiento del transporte a\u00e9reo de carga en Am\u00e9rica Latina en 2025 - LATITUDE 15\",\"isPartOf\":{\"@id\":\"https:\/\/www.latitude-15.com\/es\/#website\"},\"primaryImageOfPage\":{\"@id\":\"https:\/\/www.latitude-15.com\/es\/los-mercados-de-tamano-medio-impulsan-el-crecimiento-del-transporte-aereo-de-carga-en-america-latina-en-2025\/#primaryimage\"},\"image\":{\"@id\":\"https:\/\/www.latitude-15.com\/es\/los-mercados-de-tamano-medio-impulsan-el-crecimiento-del-transporte-aereo-de-carga-en-america-latina-en-2025\/#primaryimage\"},\"thumbnailUrl\":\"https:\/\/www.latitude-15.com\/wp-content\/uploads\/2026\/03\/2151541893.jpg\",\"datePublished\":\"2026-03-26T13:29:16+00:00\",\"dateModified\":\"2026-03-26T15:02:55+00:00\",\"description\":\"Los vol\u00famenes de carga a\u00e9rea en Am\u00e9rica Latina y el Caribe alcanzaron 4,1 millones de toneladas en 2025, con los mercados de tama\u00f1o medio impulsando la mayor parte del crecimiento de la regi\u00f3n.\",\"breadcrumb\":{\"@id\":\"https:\/\/www.latitude-15.com\/es\/los-mercados-de-tamano-medio-impulsan-el-crecimiento-del-transporte-aereo-de-carga-en-america-latina-en-2025\/#breadcrumb\"},\"inLanguage\":\"es\",\"potentialAction\":[{\"@type\":\"ReadAction\",\"target\":[\"https:\/\/www.latitude-15.com\/es\/los-mercados-de-tamano-medio-impulsan-el-crecimiento-del-transporte-aereo-de-carga-en-america-latina-en-2025\/\"]}]},{\"@type\":\"ImageObject\",\"inLanguage\":\"es\",\"@id\":\"https:\/\/www.latitude-15.com\/es\/los-mercados-de-tamano-medio-impulsan-el-crecimiento-del-transporte-aereo-de-carga-en-america-latina-en-2025\/#primaryimage\",\"url\":\"https:\/\/www.latitude-15.com\/wp-content\/uploads\/2026\/03\/2151541893.jpg\",\"contentUrl\":\"https:\/\/www.latitude-15.com\/wp-content\/uploads\/2026\/03\/2151541893.jpg\",\"width\":1500,\"height\":1000},{\"@type\":\"BreadcrumbList\",\"@id\":\"https:\/\/www.latitude-15.com\/es\/los-mercados-de-tamano-medio-impulsan-el-crecimiento-del-transporte-aereo-de-carga-en-america-latina-en-2025\/#breadcrumb\",\"itemListElement\":[{\"@type\":\"ListItem\",\"position\":1,\"name\":\"Home\",\"item\":\"https:\/\/www.latitude-15.com\/es\/inicio\/\"},{\"@type\":\"ListItem\",\"position\":2,\"name\":\"Los mercados de tama\u00f1o medio impulsan el crecimiento del transporte a\u00e9reo de carga en Am\u00e9rica Latina en 2025\"}]},{\"@type\":\"WebSite\",\"@id\":\"https:\/\/www.latitude-15.com\/es\/#website\",\"url\":\"https:\/\/www.latitude-15.com\/es\/\",\"name\":\"LATITUDE 15\",\"description\":\"Aviation and maritime Magazine - Caribbean &amp; Latin America\",\"publisher\":{\"@id\":\"https:\/\/www.latitude-15.com\/es\/#organization\"},\"potentialAction\":[{\"@type\":\"SearchAction\",\"target\":{\"@type\":\"EntryPoint\",\"urlTemplate\":\"https:\/\/www.latitude-15.com\/es\/?s={search_term_string}\"},\"query-input\":{\"@type\":\"PropertyValueSpecification\",\"valueRequired\":true,\"valueName\":\"search_term_string\"}}],\"inLanguage\":\"es\"},{\"@type\":\"Organization\",\"@id\":\"https:\/\/www.latitude-15.com\/es\/#organization\",\"name\":\"LATITUDE 15\",\"url\":\"https:\/\/www.latitude-15.com\/es\/\",\"logo\":{\"@type\":\"ImageObject\",\"inLanguage\":\"es\",\"@id\":\"https:\/\/www.latitude-15.com\/es\/#\/schema\/logo\/image\/\",\"url\":\"https:\/\/www.latitude-15.com\/wp-content\/uploads\/2026\/01\/cropped-logox500px.png\",\"contentUrl\":\"https:\/\/www.latitude-15.com\/wp-content\/uploads\/2026\/01\/cropped-logox500px.png\",\"width\":62,\"height\":75,\"caption\":\"LATITUDE 15\"},\"image\":{\"@id\":\"https:\/\/www.latitude-15.com\/es\/#\/schema\/logo\/image\/\"}},{\"@type\":\"Person\",\"@id\":\"https:\/\/www.latitude-15.com\/es\/#\/schema\/person\/dac52e7ff44c78317f337da112e37252\",\"name\":\"Joda J\",\"image\":{\"@type\":\"ImageObject\",\"inLanguage\":\"es\",\"@id\":\"https:\/\/www.latitude-15.com\/es\/#\/schema\/person\/image\/\",\"url\":\"https:\/\/secure.gravatar.com\/avatar\/6b1feae555e15404b76616f92d931d12b25ac58024f14ccb43d9d3c012e4c4cf?s=96&d=mm&r=g\",\"contentUrl\":\"https:\/\/secure.gravatar.com\/avatar\/6b1feae555e15404b76616f92d931d12b25ac58024f14ccb43d9d3c012e4c4cf?s=96&d=mm&r=g\",\"caption\":\"Joda J\"},\"url\":\"https:\/\/www.latitude-15.com\/es\/author\/joda\/\"}]}<\/script>\n<!-- \/ Yoast SEO plugin. -->","yoast_head_json":{"title":"Los mercados de tama\u00f1o medio impulsan el crecimiento del transporte a\u00e9reo de carga en Am\u00e9rica Latina en 2025 - LATITUDE 15","description":"Los vol\u00famenes de carga a\u00e9rea en Am\u00e9rica Latina y el Caribe alcanzaron 4,1 millones de toneladas en 2025, con los mercados de tama\u00f1o medio impulsando la mayor parte del crecimiento de la regi\u00f3n.","robots":{"index":"index","follow":"follow","max-snippet":"max-snippet:-1","max-image-preview":"max-image-preview:large","max-video-preview":"max-video-preview:-1"},"canonical":"https:\/\/www.latitude-15.com\/es\/los-mercados-de-tamano-medio-impulsan-el-crecimiento-del-transporte-aereo-de-carga-en-america-latina-en-2025\/","og_locale":"es_ES","og_type":"article","og_title":"Los mercados de tama\u00f1o medio impulsan el crecimiento del transporte a\u00e9reo de carga en Am\u00e9rica Latina en 2025 - LATITUDE 15","og_description":"Los vol\u00famenes de carga a\u00e9rea en Am\u00e9rica Latina y el Caribe alcanzaron 4,1 millones de toneladas en 2025, con los mercados de tama\u00f1o medio impulsando la mayor parte del crecimiento de la regi\u00f3n.","og_url":"https:\/\/www.latitude-15.com\/es\/los-mercados-de-tamano-medio-impulsan-el-crecimiento-del-transporte-aereo-de-carga-en-america-latina-en-2025\/","og_site_name":"LATITUDE 15","article_published_time":"2026-03-26T13:29:16+00:00","article_modified_time":"2026-03-26T15:02:55+00:00","og_image":[{"width":1500,"height":1000,"url":"https:\/\/www.latitude-15.com\/wp-content\/uploads\/2026\/03\/2151541893.jpg","type":"image\/jpeg"}],"author":"Joda J","twitter_card":"summary_large_image","twitter_misc":{"Escrito por":"Joda J","Tiempo de lectura":"4 minutos"},"schema":{"@context":"https:\/\/schema.org","@graph":[{"@type":"Article","@id":"https:\/\/www.latitude-15.com\/es\/los-mercados-de-tamano-medio-impulsan-el-crecimiento-del-transporte-aereo-de-carga-en-america-latina-en-2025\/#article","isPartOf":{"@id":"https:\/\/www.latitude-15.com\/es\/los-mercados-de-tamano-medio-impulsan-el-crecimiento-del-transporte-aereo-de-carga-en-america-latina-en-2025\/"},"author":{"name":"Joda J","@id":"https:\/\/www.latitude-15.com\/es\/#\/schema\/person\/dac52e7ff44c78317f337da112e37252"},"headline":"Los mercados de tama\u00f1o medio impulsan el crecimiento del transporte a\u00e9reo de carga en Am\u00e9rica Latina en 2025","datePublished":"2026-03-26T13:29:16+00:00","dateModified":"2026-03-26T15:02:55+00:00","mainEntityOfPage":{"@id":"https:\/\/www.latitude-15.com\/es\/los-mercados-de-tamano-medio-impulsan-el-crecimiento-del-transporte-aereo-de-carga-en-america-latina-en-2025\/"},"wordCount":889,"commentCount":0,"publisher":{"@id":"https:\/\/www.latitude-15.com\/es\/#organization"},"image":{"@id":"https:\/\/www.latitude-15.com\/es\/los-mercados-de-tamano-medio-impulsan-el-crecimiento-del-transporte-aereo-de-carga-en-america-latina-en-2025\/#primaryimage"},"thumbnailUrl":"https:\/\/www.latitude-15.com\/wp-content\/uploads\/2026\/03\/2151541893.jpg","articleSection":["Aeropuertos e infraestructura","AVIACI\u00d3N"],"inLanguage":"es","potentialAction":[{"@type":"CommentAction","name":"Comment","target":["https:\/\/www.latitude-15.com\/es\/los-mercados-de-tamano-medio-impulsan-el-crecimiento-del-transporte-aereo-de-carga-en-america-latina-en-2025\/#respond"]}]},{"@type":"WebPage","@id":"https:\/\/www.latitude-15.com\/es\/los-mercados-de-tamano-medio-impulsan-el-crecimiento-del-transporte-aereo-de-carga-en-america-latina-en-2025\/","url":"https:\/\/www.latitude-15.com\/es\/los-mercados-de-tamano-medio-impulsan-el-crecimiento-del-transporte-aereo-de-carga-en-america-latina-en-2025\/","name":"Los mercados de tama\u00f1o medio impulsan el crecimiento del transporte a\u00e9reo de carga en Am\u00e9rica Latina en 2025 - LATITUDE 15","isPartOf":{"@id":"https:\/\/www.latitude-15.com\/es\/#website"},"primaryImageOfPage":{"@id":"https:\/\/www.latitude-15.com\/es\/los-mercados-de-tamano-medio-impulsan-el-crecimiento-del-transporte-aereo-de-carga-en-america-latina-en-2025\/#primaryimage"},"image":{"@id":"https:\/\/www.latitude-15.com\/es\/los-mercados-de-tamano-medio-impulsan-el-crecimiento-del-transporte-aereo-de-carga-en-america-latina-en-2025\/#primaryimage"},"thumbnailUrl":"https:\/\/www.latitude-15.com\/wp-content\/uploads\/2026\/03\/2151541893.jpg","datePublished":"2026-03-26T13:29:16+00:00","dateModified":"2026-03-26T15:02:55+00:00","description":"Los vol\u00famenes de carga a\u00e9rea en Am\u00e9rica Latina y el Caribe alcanzaron 4,1 millones de toneladas en 2025, con los mercados de tama\u00f1o medio impulsando la mayor parte del crecimiento de la regi\u00f3n.","breadcrumb":{"@id":"https:\/\/www.latitude-15.com\/es\/los-mercados-de-tamano-medio-impulsan-el-crecimiento-del-transporte-aereo-de-carga-en-america-latina-en-2025\/#breadcrumb"},"inLanguage":"es","potentialAction":[{"@type":"ReadAction","target":["https:\/\/www.latitude-15.com\/es\/los-mercados-de-tamano-medio-impulsan-el-crecimiento-del-transporte-aereo-de-carga-en-america-latina-en-2025\/"]}]},{"@type":"ImageObject","inLanguage":"es","@id":"https:\/\/www.latitude-15.com\/es\/los-mercados-de-tamano-medio-impulsan-el-crecimiento-del-transporte-aereo-de-carga-en-america-latina-en-2025\/#primaryimage","url":"https:\/\/www.latitude-15.com\/wp-content\/uploads\/2026\/03\/2151541893.jpg","contentUrl":"https:\/\/www.latitude-15.com\/wp-content\/uploads\/2026\/03\/2151541893.jpg","width":1500,"height":1000},{"@type":"BreadcrumbList","@id":"https:\/\/www.latitude-15.com\/es\/los-mercados-de-tamano-medio-impulsan-el-crecimiento-del-transporte-aereo-de-carga-en-america-latina-en-2025\/#breadcrumb","itemListElement":[{"@type":"ListItem","position":1,"name":"Home","item":"https:\/\/www.latitude-15.com\/es\/inicio\/"},{"@type":"ListItem","position":2,"name":"Los mercados de tama\u00f1o medio impulsan el crecimiento del transporte a\u00e9reo de carga en Am\u00e9rica Latina en 2025"}]},{"@type":"WebSite","@id":"https:\/\/www.latitude-15.com\/es\/#website","url":"https:\/\/www.latitude-15.com\/es\/","name":"LATITUDE 15","description":"Aviation and maritime Magazine - Caribbean &amp; Latin America","publisher":{"@id":"https:\/\/www.latitude-15.com\/es\/#organization"},"potentialAction":[{"@type":"SearchAction","target":{"@type":"EntryPoint","urlTemplate":"https:\/\/www.latitude-15.com\/es\/?s={search_term_string}"},"query-input":{"@type":"PropertyValueSpecification","valueRequired":true,"valueName":"search_term_string"}}],"inLanguage":"es"},{"@type":"Organization","@id":"https:\/\/www.latitude-15.com\/es\/#organization","name":"LATITUDE 15","url":"https:\/\/www.latitude-15.com\/es\/","logo":{"@type":"ImageObject","inLanguage":"es","@id":"https:\/\/www.latitude-15.com\/es\/#\/schema\/logo\/image\/","url":"https:\/\/www.latitude-15.com\/wp-content\/uploads\/2026\/01\/cropped-logox500px.png","contentUrl":"https:\/\/www.latitude-15.com\/wp-content\/uploads\/2026\/01\/cropped-logox500px.png","width":62,"height":75,"caption":"LATITUDE 15"},"image":{"@id":"https:\/\/www.latitude-15.com\/es\/#\/schema\/logo\/image\/"}},{"@type":"Person","@id":"https:\/\/www.latitude-15.com\/es\/#\/schema\/person\/dac52e7ff44c78317f337da112e37252","name":"Joda J","image":{"@type":"ImageObject","inLanguage":"es","@id":"https:\/\/www.latitude-15.com\/es\/#\/schema\/person\/image\/","url":"https:\/\/secure.gravatar.com\/avatar\/6b1feae555e15404b76616f92d931d12b25ac58024f14ccb43d9d3c012e4c4cf?s=96&d=mm&r=g","contentUrl":"https:\/\/secure.gravatar.com\/avatar\/6b1feae555e15404b76616f92d931d12b25ac58024f14ccb43d9d3c012e4c4cf?s=96&d=mm&r=g","caption":"Joda J"},"url":"https:\/\/www.latitude-15.com\/es\/author\/joda\/"}]}},"_links":{"self":[{"href":"https:\/\/www.latitude-15.com\/es\/wp-json\/wp\/v2\/posts\/22076","targetHints":{"allow":["GET"]}}],"collection":[{"href":"https:\/\/www.latitude-15.com\/es\/wp-json\/wp\/v2\/posts"}],"about":[{"href":"https:\/\/www.latitude-15.com\/es\/wp-json\/wp\/v2\/types\/post"}],"author":[{"embeddable":true,"href":"https:\/\/www.latitude-15.com\/es\/wp-json\/wp\/v2\/users\/5"}],"replies":[{"embeddable":true,"href":"https:\/\/www.latitude-15.com\/es\/wp-json\/wp\/v2\/comments?post=22076"}],"version-history":[{"count":1,"href":"https:\/\/www.latitude-15.com\/es\/wp-json\/wp\/v2\/posts\/22076\/revisions"}],"predecessor-version":[{"id":22077,"href":"https:\/\/www.latitude-15.com\/es\/wp-json\/wp\/v2\/posts\/22076\/revisions\/22077"}],"wp:featuredmedia":[{"embeddable":true,"href":"https:\/\/www.latitude-15.com\/es\/wp-json\/wp\/v2\/media\/22075"}],"wp:attachment":[{"href":"https:\/\/www.latitude-15.com\/es\/wp-json\/wp\/v2\/media?parent=22076"}],"wp:term":[{"taxonomy":"category","embeddable":true,"href":"https:\/\/www.latitude-15.com\/es\/wp-json\/wp\/v2\/categories?post=22076"},{"taxonomy":"post_tag","embeddable":true,"href":"https:\/\/www.latitude-15.com\/es\/wp-json\/wp\/v2\/tags?post=22076"}],"curies":[{"name":"wp","href":"https:\/\/api.w.org\/{rel}","templated":true}]}}