{"id":21901,"date":"2026-03-20T10:19:25","date_gmt":"2026-03-20T14:19:25","guid":{"rendered":"https:\/\/www.latitude-15.com\/corporacion-america-airports-inicia-2026-con-bases-reforzadas-impulsada-por-el-crecimiento-del-trafico-internacional\/"},"modified":"2026-03-21T00:38:25","modified_gmt":"2026-03-21T04:38:25","slug":"corporacion-america-airports-inicia-2026-con-bases-reforzadas-impulsada-por-el-crecimiento-del-trafico-internacional","status":"publish","type":"post","link":"https:\/\/www.latitude-15.com\/es\/corporacion-america-airports-inicia-2026-con-bases-reforzadas-impulsada-por-el-crecimiento-del-trafico-internacional\/","title":{"rendered":"Corporaci\u00f3n Am\u00e9rica Airports inicia 2026 con bases reforzadas, impulsada por el crecimiento del tr\u00e1fico internacional"},"content":{"rendered":"\n<p>Corporaci\u00f3n Am\u00e9rica Airports inicia 2026 con un perfil operativo y financiero fortalecido, ya que los primeros datos de tr\u00e1fico confirman el impulso generado durante el \u00faltimo a\u00f1o, en parte respaldado por su portafolio en Am\u00e9rica Latina. Los resultados de febrero apuntan a la continuidad de las tendencias de fondo, con una aceleraci\u00f3n de la demanda internacional en varios de los principales mercados del grupo. <\/p>\n\n<p>El operador aeroportuario registr\u00f3 un aumento del 6,7 % interanual en el tr\u00e1fico de pasajeros en febrero de 2026, alcanzando 6,7 millones de pasajeros en toda su red. Este desempe\u00f1o estuvo impulsado principalmente por el tr\u00e1fico internacional, que creci\u00f3 un 14,1 %, mientras que el tr\u00e1fico dom\u00e9stico se mantuvo pr\u00e1cticamente estable, con un +0,2 %. <\/p>\n\n<figure class=\"wp-block-image aligncenter size-full\"><img fetchpriority=\"high\" decoding=\"async\" width=\"480\" height=\"270\" src=\"https:\/\/www.latitude-15.com\/wp-content\/uploads\/2026\/03\/Chart.jpg\" alt=\"\" class=\"wp-image-21872\" srcset=\"https:\/\/www.latitude-15.com\/wp-content\/uploads\/2026\/03\/Chart.jpg 480w, https:\/\/www.latitude-15.com\/wp-content\/uploads\/2026\/03\/Chart-300x169.jpg 300w\" sizes=\"(max-width: 480px) 100vw, 480px\" \/><\/figure>\n\n<p>Este inicio de a\u00f1o se produce tras un 2025 s\u00f3lido, en el que Corporaci\u00f3n Am\u00e9rica Airports transport\u00f3 86,7 millones de pasajeros, un aumento del 9,8 % en comparaci\u00f3n con el a\u00f1o anterior. M\u00e1s all\u00e1 de la recuperaci\u00f3n del tr\u00e1fico, el grupo logr\u00f3 una mejora significativa en su desempe\u00f1o financiero, con ingresos \u2014excluyendo servicios de construcci\u00f3n\u2014 que alcanzaron los 1.750 millones de d\u00f3lares y un EBITDA ajustado de 715,5 millones de d\u00f3lares.Los m\u00e1rgenes se expandieron hasta el 40,7 %, mientras que la empresa mantuvo una s\u00f3lida posici\u00f3n financiera, con 592,8 millones de d\u00f3lares en caja y una relaci\u00f3n deuda neta\/EBITDA de 0,7x.  <\/p>\n\n<p>En conjunto, estos elementos indican que el grupo est\u00e1 consolidando un modelo operativo m\u00e1s resiliente y escalable, combinando crecimiento del tr\u00e1fico con mayor rentabilidad y disciplina financiera.<\/p>\n\n<h2 class=\"wp-block-heading\">El tr\u00e1fico internacional se convierte en el principal motor de crecimiento<\/h2>\n\n<p>Los datos de febrero confirman que el tr\u00e1fico internacional se est\u00e1 consolidando como el principal motor de crecimiento de la red. Mientras la demanda dom\u00e9stica permanece estable \u2014o limitada en algunos mercados\u2014, los flujos internacionales crecen a un ritmo significativamente mayor. <\/p>\n\n<p>En febrero, el tr\u00e1fico internacional aument\u00f3 un 14,1 % interanual, con crecimientos de dos d\u00edgitos en varios pa\u00edses, incluidos Argentina, Italia, Brasil, Ecuador y Armenia. En contraste, el segmento dom\u00e9stico muestra un crecimiento limitado, lo que evidencia un cambio hacia patrones de tr\u00e1fico m\u00e1s orientados al \u00e1mbito internacional. <\/p>\n\n<p>Esta tendencia refleja transformaciones m\u00e1s amplias en la demanda de transporte a\u00e9reo, donde la conectividad, los flujos tur\u00edsticos y las rutas de media y larga distancia adquieren un papel cada vez m\u00e1s relevante.<\/p>\n\n<h2 class=\"wp-block-heading\">Am\u00e9rica Latina en el centro de la din\u00e1mica actual<\/h2>\n\n<p>En este contexto, los mercados latinoamericanos desempe\u00f1an un papel central en la din\u00e1mica actual de crecimiento. Pa\u00edses como Argentina, Brasil, Uruguay y Ecuador contribuyeron positivamente al desempe\u00f1o de febrero, cada uno con sus propias condiciones de mercado. <\/p>\n\n<p>Aunque el crecimiento no se limita a la regi\u00f3n, una parte significativa de la expansi\u00f3n del tr\u00e1fico proviene de estos mercados, especialmente en rutas internacionales que conectan destinos regionales e intercontinentales.<\/p>\n\n<p>Al mismo tiempo, el tr\u00e1fico dom\u00e9stico se mantiene m\u00e1s moderado en algunos pa\u00edses, reforzando la idea de que el crecimiento futuro estar\u00e1 cada vez m\u00e1s vinculado a la conectividad internacional.<\/p>\n\n<h2 class=\"wp-block-heading\">Argentina destaca como principal motor de crecimiento<\/h2>\n\n<p>Argentina se posiciona como uno de los principales impulsores del desempe\u00f1o reciente. El pa\u00eds represent\u00f3 m\u00e1s de la mitad del crecimiento total del tr\u00e1fico en febrero y m\u00e1s de dos tercios del aumento del tr\u00e1fico internacional. <\/p>\n\n<p>El tr\u00e1fico de pasajeros en Argentina creci\u00f3 un 5,8 % interanual durante el mes, impulsado por un fuerte aumento del 17,8 % en el segmento internacional. Este desempe\u00f1o se logr\u00f3 a pesar de perturbaciones operativas, como una huelga nacional de 24 horas a mediados de febrero y restricciones temporales de flota en Aerol\u00edneas Argentinas. <\/p>\n\n<p>La demanda se mantuvo particularmente fuerte durante los per\u00edodos de alta actividad. El tr\u00e1fico durante el Carnaval aument\u00f3 un 27 % en comparaci\u00f3n con 2025, y el 20 de febrero se registr\u00f3 el mayor volumen diario de pasajeros internacionales en toda la red. <\/p>\n\n<p>Estos elementos reflejan un mercado que sigue expuesto a cierta volatilidad a corto plazo, especialmente en el segmento dom\u00e9stico, pero que contin\u00faa desempe\u00f1ando un papel estrat\u00e9gico en el crecimiento del tr\u00e1fico internacional.<\/p>\n\n<h2 class=\"wp-block-heading\">Una red marcada por din\u00e1micas regionales diversas<\/h2>\n\n<p>M\u00e1s all\u00e1 de Argentina, otros mercados del portafolio tambi\u00e9n contribuyeron al desempe\u00f1o global, cada uno con caracter\u00edsticas propias.<\/p>\n\n<p>Brasil registr\u00f3 un aumento del 8,2 % en el tr\u00e1fico de pasajeros, respaldado tanto por flujos dom\u00e9sticos como de conexi\u00f3n, a pesar de los desaf\u00edos persistentes en el entorno aeron\u00e1utico. Uruguay continu\u00f3 benefici\u00e1ndose de una fuerte demanda estacional, con incrementos en frecuencias y la reactivaci\u00f3n de rutas que conectan Montevideo y Punta del Este con hubs regionales clave. <\/p>\n\n<p>En Ecuador, el tr\u00e1fico aument\u00f3 un 8,6 %, impulsado en parte por las rutas internacionales, especialmente aquellas que conectan con Europa, incluso en un contexto local marcado por preocupaciones de seguridad y tarifas a\u00e9reas relativamente elevadas.<\/p>\n\n<p>En conjunto, estas din\u00e1micas reflejan la diversidad de entornos operativos dentro del portafolio del grupo, al tiempo que confirman la importancia de la conectividad regional e internacional.<\/p>\n\n<h2 class=\"wp-block-heading\">Mayor rentabilidad m\u00e1s all\u00e1 del crecimiento del tr\u00e1fico<\/h2>\n\n<p>Los resultados financieros de 2025 aportan una visi\u00f3n m\u00e1s profunda sobre la evoluci\u00f3n del modelo de negocio del grupo. El crecimiento de los ingresos super\u00f3 al del tr\u00e1fico de pasajeros, reflejando mejoras tanto en las actividades aeron\u00e1uticas como en las no aeron\u00e1uticas. <\/p>\n\n<p>En el cuarto trimestre, los ingresos \u2014excluyendo servicios de construcci\u00f3n\u2014 crecieron un 17,3 % interanual, mientras que el EBITDA ajustado aument\u00f3 cerca de un 40 %, con una expansi\u00f3n de m\u00e1s de siete puntos porcentuales en los m\u00e1rgenes. Esto indica una mejora en el apalancamiento operativo y una mayor capacidad para capturar valor adicional de los flujos de pasajeros. <\/p>\n\n<p>Esta din\u00e1mica sugiere que Corporaci\u00f3n Am\u00e9rica Airports est\u00e1 aumentando el ingreso por pasajero mediante una ejecuci\u00f3n comercial m\u00e1s eficiente, que incluye retail, servicios y actividades complementarias en su red aeroportuaria.<\/p>\n\n<h2 class=\"wp-block-heading\">Un posicionamiento a largo plazo respaldado por iniciativas estrat\u00e9gicas<\/h2>\n\n<p>Al mismo tiempo, el grupo contin\u00faa reforzando su posicionamiento a largo plazo mediante una serie de iniciativas estrat\u00e9gicas.<\/p>\n\n<p>Entre ellas destacan la extensi\u00f3n de su concesi\u00f3n aeroportuaria en Armenia hasta 2067, acompa\u00f1ada de un programa de inversi\u00f3n de 425 millones de d\u00f3lares, as\u00ed como el reequilibrio y la extensi\u00f3n de la concesi\u00f3n de Gal\u00e1pagos en Ecuador. Paralelamente, la empresa se expande hacia nuevos mercados, con proyectos en Angola e Irak. <\/p>\n\n<p>Estas iniciativas fortalecen la visibilidad a largo plazo y aseguran nuevas oportunidades de crecimiento, al tiempo que mantienen un portafolio diversificado.<\/p>\n\n<h2 class=\"wp-block-heading\">Una plataforma regional con alcance global<\/h2>\n\n<p>La combinaci\u00f3n de crecimiento sostenido del tr\u00e1fico, mejora de la rentabilidad y ampliaci\u00f3n de la visibilidad de las concesiones sugiere que Corporaci\u00f3n Am\u00e9rica Airports entra en una nueva fase de desarrollo.<\/p>\n\n<p>Los datos de febrero de 2026 confirman que las tendencias observadas en 2025 contin\u00faan vigentes: el tr\u00e1fico internacional sigue siendo el principal motor, varios mercados latinoamericanos contribuyen de forma significativa al desempe\u00f1o, y los indicadores financieros reflejan una estructura operativa m\u00e1s eficiente. <\/p>\n\n<p>En este contexto, el grupo se posiciona progresivamente como una plataforma regional con alcance global, aprovechando su presencia consolidada mientras se expande de manera selectiva hacia nuevos mercados con potencial a largo plazo.<\/p>\n","protected":false},"excerpt":{"rendered":"<p>Corporaci\u00f3n Am\u00e9rica Airports inicia 2026 con un perfil operativo y financiero fortalecido, ya que los primeros datos de tr\u00e1fico confirman el impulso generado durante el \u00faltimo a\u00f1o, en parte respaldado por su portafolio en Am\u00e9rica Latina. Los resultados de febrero apuntan a la continuidad de las tendencias de fondo, con una aceleraci\u00f3n de la demanda [&hellip;]<\/p>\n","protected":false},"author":5,"featured_media":21900,"comment_status":"open","ping_status":"closed","sticky":false,"template":"","format":"standard","meta":{"footnotes":""},"categories":[105,99],"tags":[],"class_list":["post-21901","post","type-post","status-publish","format-standard","has-post-thumbnail","hentry","category-aeropuertos-e-infraestructura","category-aviacion"],"yoast_head":"<!-- This site is optimized with the Yoast SEO plugin v26.9 - https:\/\/yoast.com\/product\/yoast-seo-wordpress\/ -->\n<title>Corporaci\u00f3n Am\u00e9rica Airports inicia 2026 con bases reforzadas, impulsada por el crecimiento del tr\u00e1fico internacional - LATITUDE 15<\/title>\n<meta name=\"description\" content=\"Corporaci\u00f3n Am\u00e9rica Airports comienza 2026 con un tr\u00e1fico de pasajeros en aumento y s\u00f3lidos resultados en 2025, impulsados por la demanda internacional y los mercados latinoamericanos.\" \/>\n<meta name=\"robots\" content=\"index, follow, max-snippet:-1, max-image-preview:large, max-video-preview:-1\" \/>\n<link rel=\"canonical\" href=\"https:\/\/www.latitude-15.com\/es\/corporacion-america-airports-inicia-2026-con-bases-reforzadas-impulsada-por-el-crecimiento-del-trafico-internacional\/\" \/>\n<meta property=\"og:locale\" content=\"es_ES\" \/>\n<meta property=\"og:type\" content=\"article\" \/>\n<meta property=\"og:title\" content=\"Corporaci\u00f3n Am\u00e9rica Airports inicia 2026 con bases reforzadas, impulsada por el crecimiento del tr\u00e1fico internacional - LATITUDE 15\" \/>\n<meta property=\"og:description\" content=\"Corporaci\u00f3n Am\u00e9rica Airports comienza 2026 con un tr\u00e1fico de pasajeros en aumento y s\u00f3lidos resultados en 2025, impulsados por la demanda internacional y los mercados latinoamericanos.\" \/>\n<meta property=\"og:url\" content=\"https:\/\/www.latitude-15.com\/es\/corporacion-america-airports-inicia-2026-con-bases-reforzadas-impulsada-por-el-crecimiento-del-trafico-internacional\/\" \/>\n<meta property=\"og:site_name\" content=\"LATITUDE 15\" \/>\n<meta property=\"article:published_time\" content=\"2026-03-20T14:19:25+00:00\" \/>\n<meta property=\"article:modified_time\" content=\"2026-03-21T04:38:25+00:00\" \/>\n<meta property=\"og:image\" content=\"https:\/\/www.latitude-15.com\/wp-content\/uploads\/2026\/03\/img6340293847-1024x694.png\" \/>\n\t<meta property=\"og:image:width\" content=\"1024\" \/>\n\t<meta property=\"og:image:height\" content=\"694\" \/>\n\t<meta property=\"og:image:type\" content=\"image\/png\" \/>\n<meta name=\"author\" content=\"Joda J\" \/>\n<meta name=\"twitter:card\" content=\"summary_large_image\" \/>\n<meta name=\"twitter:label1\" content=\"Escrito por\" \/>\n\t<meta name=\"twitter:data1\" content=\"Joda J\" \/>\n\t<meta name=\"twitter:label2\" content=\"Tiempo de lectura\" \/>\n\t<meta name=\"twitter:data2\" content=\"6 minutos\" \/>\n<script type=\"application\/ld+json\" class=\"yoast-schema-graph\">{\"@context\":\"https:\/\/schema.org\",\"@graph\":[{\"@type\":\"Article\",\"@id\":\"https:\/\/www.latitude-15.com\/es\/corporacion-america-airports-inicia-2026-con-bases-reforzadas-impulsada-por-el-crecimiento-del-trafico-internacional\/#article\",\"isPartOf\":{\"@id\":\"https:\/\/www.latitude-15.com\/es\/corporacion-america-airports-inicia-2026-con-bases-reforzadas-impulsada-por-el-crecimiento-del-trafico-internacional\/\"},\"author\":{\"name\":\"Joda J\",\"@id\":\"https:\/\/www.latitude-15.com\/es\/#\/schema\/person\/dac52e7ff44c78317f337da112e37252\"},\"headline\":\"Corporaci\u00f3n Am\u00e9rica Airports inicia 2026 con bases reforzadas, impulsada por el crecimiento del tr\u00e1fico internacional\",\"datePublished\":\"2026-03-20T14:19:25+00:00\",\"dateModified\":\"2026-03-21T04:38:25+00:00\",\"mainEntityOfPage\":{\"@id\":\"https:\/\/www.latitude-15.com\/es\/corporacion-america-airports-inicia-2026-con-bases-reforzadas-impulsada-por-el-crecimiento-del-trafico-internacional\/\"},\"wordCount\":1261,\"commentCount\":0,\"publisher\":{\"@id\":\"https:\/\/www.latitude-15.com\/es\/#organization\"},\"image\":{\"@id\":\"https:\/\/www.latitude-15.com\/es\/corporacion-america-airports-inicia-2026-con-bases-reforzadas-impulsada-por-el-crecimiento-del-trafico-internacional\/#primaryimage\"},\"thumbnailUrl\":\"https:\/\/www.latitude-15.com\/wp-content\/uploads\/2026\/03\/img6340293847.png\",\"articleSection\":[\"Aeropuertos e infraestructura\",\"AVIACI\u00d3N\"],\"inLanguage\":\"es\",\"potentialAction\":[{\"@type\":\"CommentAction\",\"name\":\"Comment\",\"target\":[\"https:\/\/www.latitude-15.com\/es\/corporacion-america-airports-inicia-2026-con-bases-reforzadas-impulsada-por-el-crecimiento-del-trafico-internacional\/#respond\"]}]},{\"@type\":\"WebPage\",\"@id\":\"https:\/\/www.latitude-15.com\/es\/corporacion-america-airports-inicia-2026-con-bases-reforzadas-impulsada-por-el-crecimiento-del-trafico-internacional\/\",\"url\":\"https:\/\/www.latitude-15.com\/es\/corporacion-america-airports-inicia-2026-con-bases-reforzadas-impulsada-por-el-crecimiento-del-trafico-internacional\/\",\"name\":\"Corporaci\u00f3n Am\u00e9rica Airports inicia 2026 con bases reforzadas, impulsada por el crecimiento del tr\u00e1fico internacional - LATITUDE 15\",\"isPartOf\":{\"@id\":\"https:\/\/www.latitude-15.com\/es\/#website\"},\"primaryImageOfPage\":{\"@id\":\"https:\/\/www.latitude-15.com\/es\/corporacion-america-airports-inicia-2026-con-bases-reforzadas-impulsada-por-el-crecimiento-del-trafico-internacional\/#primaryimage\"},\"image\":{\"@id\":\"https:\/\/www.latitude-15.com\/es\/corporacion-america-airports-inicia-2026-con-bases-reforzadas-impulsada-por-el-crecimiento-del-trafico-internacional\/#primaryimage\"},\"thumbnailUrl\":\"https:\/\/www.latitude-15.com\/wp-content\/uploads\/2026\/03\/img6340293847.png\",\"datePublished\":\"2026-03-20T14:19:25+00:00\",\"dateModified\":\"2026-03-21T04:38:25+00:00\",\"description\":\"Corporaci\u00f3n Am\u00e9rica Airports comienza 2026 con un tr\u00e1fico de pasajeros en aumento y s\u00f3lidos resultados en 2025, impulsados por la demanda internacional y los mercados latinoamericanos.\",\"breadcrumb\":{\"@id\":\"https:\/\/www.latitude-15.com\/es\/corporacion-america-airports-inicia-2026-con-bases-reforzadas-impulsada-por-el-crecimiento-del-trafico-internacional\/#breadcrumb\"},\"inLanguage\":\"es\",\"potentialAction\":[{\"@type\":\"ReadAction\",\"target\":[\"https:\/\/www.latitude-15.com\/es\/corporacion-america-airports-inicia-2026-con-bases-reforzadas-impulsada-por-el-crecimiento-del-trafico-internacional\/\"]}]},{\"@type\":\"ImageObject\",\"inLanguage\":\"es\",\"@id\":\"https:\/\/www.latitude-15.com\/es\/corporacion-america-airports-inicia-2026-con-bases-reforzadas-impulsada-por-el-crecimiento-del-trafico-internacional\/#primaryimage\",\"url\":\"https:\/\/www.latitude-15.com\/wp-content\/uploads\/2026\/03\/img6340293847.png\",\"contentUrl\":\"https:\/\/www.latitude-15.com\/wp-content\/uploads\/2026\/03\/img6340293847.png\",\"width\":1317,\"height\":892},{\"@type\":\"BreadcrumbList\",\"@id\":\"https:\/\/www.latitude-15.com\/es\/corporacion-america-airports-inicia-2026-con-bases-reforzadas-impulsada-por-el-crecimiento-del-trafico-internacional\/#breadcrumb\",\"itemListElement\":[{\"@type\":\"ListItem\",\"position\":1,\"name\":\"Home\",\"item\":\"https:\/\/www.latitude-15.com\/es\/inicio\/\"},{\"@type\":\"ListItem\",\"position\":2,\"name\":\"Corporaci\u00f3n Am\u00e9rica Airports inicia 2026 con bases reforzadas, impulsada por el crecimiento del tr\u00e1fico internacional\"}]},{\"@type\":\"WebSite\",\"@id\":\"https:\/\/www.latitude-15.com\/es\/#website\",\"url\":\"https:\/\/www.latitude-15.com\/es\/\",\"name\":\"LATITUDE 15\",\"description\":\"Aviation and maritime Magazine - Caribbean &amp; Latin America\",\"publisher\":{\"@id\":\"https:\/\/www.latitude-15.com\/es\/#organization\"},\"potentialAction\":[{\"@type\":\"SearchAction\",\"target\":{\"@type\":\"EntryPoint\",\"urlTemplate\":\"https:\/\/www.latitude-15.com\/es\/?s={search_term_string}\"},\"query-input\":{\"@type\":\"PropertyValueSpecification\",\"valueRequired\":true,\"valueName\":\"search_term_string\"}}],\"inLanguage\":\"es\"},{\"@type\":\"Organization\",\"@id\":\"https:\/\/www.latitude-15.com\/es\/#organization\",\"name\":\"LATITUDE 15\",\"url\":\"https:\/\/www.latitude-15.com\/es\/\",\"logo\":{\"@type\":\"ImageObject\",\"inLanguage\":\"es\",\"@id\":\"https:\/\/www.latitude-15.com\/es\/#\/schema\/logo\/image\/\",\"url\":\"https:\/\/www.latitude-15.com\/wp-content\/uploads\/2026\/01\/cropped-logox500px.png\",\"contentUrl\":\"https:\/\/www.latitude-15.com\/wp-content\/uploads\/2026\/01\/cropped-logox500px.png\",\"width\":62,\"height\":75,\"caption\":\"LATITUDE 15\"},\"image\":{\"@id\":\"https:\/\/www.latitude-15.com\/es\/#\/schema\/logo\/image\/\"}},{\"@type\":\"Person\",\"@id\":\"https:\/\/www.latitude-15.com\/es\/#\/schema\/person\/dac52e7ff44c78317f337da112e37252\",\"name\":\"Joda J\",\"image\":{\"@type\":\"ImageObject\",\"inLanguage\":\"es\",\"@id\":\"https:\/\/www.latitude-15.com\/es\/#\/schema\/person\/image\/\",\"url\":\"https:\/\/secure.gravatar.com\/avatar\/6b1feae555e15404b76616f92d931d12b25ac58024f14ccb43d9d3c012e4c4cf?s=96&d=mm&r=g\",\"contentUrl\":\"https:\/\/secure.gravatar.com\/avatar\/6b1feae555e15404b76616f92d931d12b25ac58024f14ccb43d9d3c012e4c4cf?s=96&d=mm&r=g\",\"caption\":\"Joda J\"},\"url\":\"https:\/\/www.latitude-15.com\/es\/author\/joda\/\"}]}<\/script>\n<!-- \/ Yoast SEO plugin. -->","yoast_head_json":{"title":"Corporaci\u00f3n Am\u00e9rica Airports inicia 2026 con bases reforzadas, impulsada por el crecimiento del tr\u00e1fico internacional - LATITUDE 15","description":"Corporaci\u00f3n Am\u00e9rica Airports comienza 2026 con un tr\u00e1fico de pasajeros en aumento y s\u00f3lidos resultados en 2025, impulsados por la demanda internacional y los mercados latinoamericanos.","robots":{"index":"index","follow":"follow","max-snippet":"max-snippet:-1","max-image-preview":"max-image-preview:large","max-video-preview":"max-video-preview:-1"},"canonical":"https:\/\/www.latitude-15.com\/es\/corporacion-america-airports-inicia-2026-con-bases-reforzadas-impulsada-por-el-crecimiento-del-trafico-internacional\/","og_locale":"es_ES","og_type":"article","og_title":"Corporaci\u00f3n Am\u00e9rica Airports inicia 2026 con bases reforzadas, impulsada por el crecimiento del tr\u00e1fico internacional - LATITUDE 15","og_description":"Corporaci\u00f3n Am\u00e9rica Airports comienza 2026 con un tr\u00e1fico de pasajeros en aumento y s\u00f3lidos resultados en 2025, impulsados por la demanda internacional y los mercados latinoamericanos.","og_url":"https:\/\/www.latitude-15.com\/es\/corporacion-america-airports-inicia-2026-con-bases-reforzadas-impulsada-por-el-crecimiento-del-trafico-internacional\/","og_site_name":"LATITUDE 15","article_published_time":"2026-03-20T14:19:25+00:00","article_modified_time":"2026-03-21T04:38:25+00:00","og_image":[{"width":1024,"height":694,"url":"https:\/\/www.latitude-15.com\/wp-content\/uploads\/2026\/03\/img6340293847-1024x694.png","type":"image\/png"}],"author":"Joda J","twitter_card":"summary_large_image","twitter_misc":{"Escrito por":"Joda J","Tiempo de lectura":"6 minutos"},"schema":{"@context":"https:\/\/schema.org","@graph":[{"@type":"Article","@id":"https:\/\/www.latitude-15.com\/es\/corporacion-america-airports-inicia-2026-con-bases-reforzadas-impulsada-por-el-crecimiento-del-trafico-internacional\/#article","isPartOf":{"@id":"https:\/\/www.latitude-15.com\/es\/corporacion-america-airports-inicia-2026-con-bases-reforzadas-impulsada-por-el-crecimiento-del-trafico-internacional\/"},"author":{"name":"Joda J","@id":"https:\/\/www.latitude-15.com\/es\/#\/schema\/person\/dac52e7ff44c78317f337da112e37252"},"headline":"Corporaci\u00f3n Am\u00e9rica Airports inicia 2026 con bases reforzadas, impulsada por el crecimiento del tr\u00e1fico internacional","datePublished":"2026-03-20T14:19:25+00:00","dateModified":"2026-03-21T04:38:25+00:00","mainEntityOfPage":{"@id":"https:\/\/www.latitude-15.com\/es\/corporacion-america-airports-inicia-2026-con-bases-reforzadas-impulsada-por-el-crecimiento-del-trafico-internacional\/"},"wordCount":1261,"commentCount":0,"publisher":{"@id":"https:\/\/www.latitude-15.com\/es\/#organization"},"image":{"@id":"https:\/\/www.latitude-15.com\/es\/corporacion-america-airports-inicia-2026-con-bases-reforzadas-impulsada-por-el-crecimiento-del-trafico-internacional\/#primaryimage"},"thumbnailUrl":"https:\/\/www.latitude-15.com\/wp-content\/uploads\/2026\/03\/img6340293847.png","articleSection":["Aeropuertos e infraestructura","AVIACI\u00d3N"],"inLanguage":"es","potentialAction":[{"@type":"CommentAction","name":"Comment","target":["https:\/\/www.latitude-15.com\/es\/corporacion-america-airports-inicia-2026-con-bases-reforzadas-impulsada-por-el-crecimiento-del-trafico-internacional\/#respond"]}]},{"@type":"WebPage","@id":"https:\/\/www.latitude-15.com\/es\/corporacion-america-airports-inicia-2026-con-bases-reforzadas-impulsada-por-el-crecimiento-del-trafico-internacional\/","url":"https:\/\/www.latitude-15.com\/es\/corporacion-america-airports-inicia-2026-con-bases-reforzadas-impulsada-por-el-crecimiento-del-trafico-internacional\/","name":"Corporaci\u00f3n Am\u00e9rica Airports inicia 2026 con bases reforzadas, impulsada por el crecimiento del tr\u00e1fico internacional - LATITUDE 15","isPartOf":{"@id":"https:\/\/www.latitude-15.com\/es\/#website"},"primaryImageOfPage":{"@id":"https:\/\/www.latitude-15.com\/es\/corporacion-america-airports-inicia-2026-con-bases-reforzadas-impulsada-por-el-crecimiento-del-trafico-internacional\/#primaryimage"},"image":{"@id":"https:\/\/www.latitude-15.com\/es\/corporacion-america-airports-inicia-2026-con-bases-reforzadas-impulsada-por-el-crecimiento-del-trafico-internacional\/#primaryimage"},"thumbnailUrl":"https:\/\/www.latitude-15.com\/wp-content\/uploads\/2026\/03\/img6340293847.png","datePublished":"2026-03-20T14:19:25+00:00","dateModified":"2026-03-21T04:38:25+00:00","description":"Corporaci\u00f3n Am\u00e9rica Airports comienza 2026 con un tr\u00e1fico de pasajeros en aumento y s\u00f3lidos resultados en 2025, impulsados por la demanda internacional y los mercados latinoamericanos.","breadcrumb":{"@id":"https:\/\/www.latitude-15.com\/es\/corporacion-america-airports-inicia-2026-con-bases-reforzadas-impulsada-por-el-crecimiento-del-trafico-internacional\/#breadcrumb"},"inLanguage":"es","potentialAction":[{"@type":"ReadAction","target":["https:\/\/www.latitude-15.com\/es\/corporacion-america-airports-inicia-2026-con-bases-reforzadas-impulsada-por-el-crecimiento-del-trafico-internacional\/"]}]},{"@type":"ImageObject","inLanguage":"es","@id":"https:\/\/www.latitude-15.com\/es\/corporacion-america-airports-inicia-2026-con-bases-reforzadas-impulsada-por-el-crecimiento-del-trafico-internacional\/#primaryimage","url":"https:\/\/www.latitude-15.com\/wp-content\/uploads\/2026\/03\/img6340293847.png","contentUrl":"https:\/\/www.latitude-15.com\/wp-content\/uploads\/2026\/03\/img6340293847.png","width":1317,"height":892},{"@type":"BreadcrumbList","@id":"https:\/\/www.latitude-15.com\/es\/corporacion-america-airports-inicia-2026-con-bases-reforzadas-impulsada-por-el-crecimiento-del-trafico-internacional\/#breadcrumb","itemListElement":[{"@type":"ListItem","position":1,"name":"Home","item":"https:\/\/www.latitude-15.com\/es\/inicio\/"},{"@type":"ListItem","position":2,"name":"Corporaci\u00f3n Am\u00e9rica Airports inicia 2026 con bases reforzadas, impulsada por el crecimiento del tr\u00e1fico internacional"}]},{"@type":"WebSite","@id":"https:\/\/www.latitude-15.com\/es\/#website","url":"https:\/\/www.latitude-15.com\/es\/","name":"LATITUDE 15","description":"Aviation and maritime Magazine - Caribbean &amp; Latin America","publisher":{"@id":"https:\/\/www.latitude-15.com\/es\/#organization"},"potentialAction":[{"@type":"SearchAction","target":{"@type":"EntryPoint","urlTemplate":"https:\/\/www.latitude-15.com\/es\/?s={search_term_string}"},"query-input":{"@type":"PropertyValueSpecification","valueRequired":true,"valueName":"search_term_string"}}],"inLanguage":"es"},{"@type":"Organization","@id":"https:\/\/www.latitude-15.com\/es\/#organization","name":"LATITUDE 15","url":"https:\/\/www.latitude-15.com\/es\/","logo":{"@type":"ImageObject","inLanguage":"es","@id":"https:\/\/www.latitude-15.com\/es\/#\/schema\/logo\/image\/","url":"https:\/\/www.latitude-15.com\/wp-content\/uploads\/2026\/01\/cropped-logox500px.png","contentUrl":"https:\/\/www.latitude-15.com\/wp-content\/uploads\/2026\/01\/cropped-logox500px.png","width":62,"height":75,"caption":"LATITUDE 15"},"image":{"@id":"https:\/\/www.latitude-15.com\/es\/#\/schema\/logo\/image\/"}},{"@type":"Person","@id":"https:\/\/www.latitude-15.com\/es\/#\/schema\/person\/dac52e7ff44c78317f337da112e37252","name":"Joda J","image":{"@type":"ImageObject","inLanguage":"es","@id":"https:\/\/www.latitude-15.com\/es\/#\/schema\/person\/image\/","url":"https:\/\/secure.gravatar.com\/avatar\/6b1feae555e15404b76616f92d931d12b25ac58024f14ccb43d9d3c012e4c4cf?s=96&d=mm&r=g","contentUrl":"https:\/\/secure.gravatar.com\/avatar\/6b1feae555e15404b76616f92d931d12b25ac58024f14ccb43d9d3c012e4c4cf?s=96&d=mm&r=g","caption":"Joda J"},"url":"https:\/\/www.latitude-15.com\/es\/author\/joda\/"}]}},"_links":{"self":[{"href":"https:\/\/www.latitude-15.com\/es\/wp-json\/wp\/v2\/posts\/21901","targetHints":{"allow":["GET"]}}],"collection":[{"href":"https:\/\/www.latitude-15.com\/es\/wp-json\/wp\/v2\/posts"}],"about":[{"href":"https:\/\/www.latitude-15.com\/es\/wp-json\/wp\/v2\/types\/post"}],"author":[{"embeddable":true,"href":"https:\/\/www.latitude-15.com\/es\/wp-json\/wp\/v2\/users\/5"}],"replies":[{"embeddable":true,"href":"https:\/\/www.latitude-15.com\/es\/wp-json\/wp\/v2\/comments?post=21901"}],"version-history":[{"count":1,"href":"https:\/\/www.latitude-15.com\/es\/wp-json\/wp\/v2\/posts\/21901\/revisions"}],"predecessor-version":[{"id":21902,"href":"https:\/\/www.latitude-15.com\/es\/wp-json\/wp\/v2\/posts\/21901\/revisions\/21902"}],"wp:featuredmedia":[{"embeddable":true,"href":"https:\/\/www.latitude-15.com\/es\/wp-json\/wp\/v2\/media\/21900"}],"wp:attachment":[{"href":"https:\/\/www.latitude-15.com\/es\/wp-json\/wp\/v2\/media?parent=21901"}],"wp:term":[{"taxonomy":"category","embeddable":true,"href":"https:\/\/www.latitude-15.com\/es\/wp-json\/wp\/v2\/categories?post=21901"},{"taxonomy":"post_tag","embeddable":true,"href":"https:\/\/www.latitude-15.com\/es\/wp-json\/wp\/v2\/tags?post=21901"}],"curies":[{"name":"wp","href":"https:\/\/api.w.org\/{rel}","templated":true}]}}